{"id":14670,"date":"2023-09-29T12:13:05","date_gmt":"2023-09-29T15:13:05","guid":{"rendered":"http:\/\/10.101.10.196\/www\/?p=14670"},"modified":"2023-11-09T13:50:51","modified_gmt":"2023-11-09T16:50:51","slug":"fica-y-utn-la-rioja-exploran-oportunidades-de-colaboracion-academica","status":"publish","type":"post","link":"https:\/\/www.fica.unsl.edu.ar\/index.php\/fica-y-utn-la-rioja-exploran-oportunidades-de-colaboracion-academica\/","title":{"rendered":"FICA y UTN La Rioja exploran oportunidades de colaboraci\u00f3n acad\u00e9mica"},"content":{"rendered":"<p>En la ma\u00f1ana del pasado mi\u00e9rcoles 27 de septiembre, el Decano, Mgtr. Sergio Ribotta junto a el Vicedecano, Dr. Federico Serra y la Secretaria de Investigaci\u00f3n y Posgrado, Mgtr. M\u00f3nica P\u00e1ez se reunieron con el Secretario de Ciencia y T\u00e9cnica de la UTN de La Rioja e investigador del CONICET, Dr. Carlos S\u00e1nchez Reynoso, en la que se dialogaron sobre diferentes oportunidades de colaboraci\u00f3n acad\u00e9mica entre ambas instituciones.<\/p>\n<p>El Vicedecano, Dr. Federico Serra coment\u00f3 durante la visita, se convers\u00f3 la posibilidad de que estudiantes y profesionales de UTN La Rioja se realicen maestr\u00edas y doctorados que dicta la FICA, relacionadas a la Ingenier\u00eda Electr\u00f3nica y al Control de Convertidores de Potencia. Adem\u00e1s, se consider\u00f3 la opci\u00f3n de establecer convenios acad\u00e9micos y colaboraciones conjuntas entre ambas instituciones. \u201cEsta iniciativa surge a ra\u00edz que la Facultad Regional La Rioja de la UTN comenzar\u00e1 a investigar sobre las todas aplicaciones que se realizan en Microredes, principal eje de investigaci\u00f3n que lleva adelante el LCA, por lo que brindaremos toda la colaboraci\u00f3n posible\u201d, puntualiz\u00f3 el Dr. Serra.<\/p>\n<p><img fetchpriority=\"high\" decoding=\"async\" class=\"aligncenter size-full wp-image-14671\" src=\"https:\/\/www.fica.unsl.edu.ar\/wp-content\/uploads\/2023\/09\/Carlos-Sanchez-Reynoso-02.jpg\" alt=\"\" width=\"1061\" height=\"585\" srcset=\"https:\/\/www.fica.unsl.edu.ar\/wp-content\/uploads\/2023\/09\/Carlos-Sanchez-Reynoso-02.jpg 1061w, https:\/\/www.fica.unsl.edu.ar\/wp-content\/uploads\/2023\/09\/Carlos-Sanchez-Reynoso-02-300x165.jpg 300w, https:\/\/www.fica.unsl.edu.ar\/wp-content\/uploads\/2023\/09\/Carlos-Sanchez-Reynoso-02-1024x565.jpg 1024w, https:\/\/www.fica.unsl.edu.ar\/wp-content\/uploads\/2023\/09\/Carlos-Sanchez-Reynoso-02-768x423.jpg 768w\" sizes=\"(max-width: 1061px) 100vw, 1061px\" \/><\/p>\n<p>La UTN La Rioja es una instituci\u00f3n educativa argentina, parte de la Universidad Tecnol\u00f3gica Nacional, que se enfoca en ofrecer programas acad\u00e9micos y proyectos relacionados con la tecnolog\u00eda y la ingenier\u00eda en la provincia de La Rioja. Su misi\u00f3n principal es formar profesionales altamente capacitados en estos campos y contribuir al desarrollo tecnol\u00f3gico y cient\u00edfico de la regi\u00f3n.<\/p>\n","protected":false},"excerpt":{"rendered":"<p>En la ma\u00f1ana del pasado mi\u00e9rcoles 27 de septiembre, el Decano, Mgtr. Sergio Ribotta junto a el Vicedecano, Dr. Federico Serra y la Secretaria de&hellip;<\/p>\n","protected":false},"author":9,"featured_media":14672,"comment_status":"closed","ping_status":"closed","sticky":false,"template":"","format":"standard","meta":{"_monsterinsights_skip_tracking":false,"_monsterinsights_sitenote_active":false,"_monsterinsights_sitenote_note":"","_monsterinsights_sitenote_category":0,"_joinchat":[],"footnotes":""},"categories":[19],"tags":[],"class_list":["post-14670","post","type-post","status-publish","format-standard","has-post-thumbnail","hentry","category-noticias"],"yoast_head":"<!-- This site is optimized with the Yoast SEO plugin v27.4 - https:\/\/yoast.com\/product\/yoast-seo-wordpress\/ -->\n<title>FICA y UTN La Rioja exploran oportunidades de colaboraci\u00f3n acad\u00e9mica - Facultad de Ingenier\u00eda y Ciencias Agropecuarias<\/title>\n<meta name=\"robots\" content=\"index, follow, max-snippet:-1, max-image-preview:large, max-video-preview:-1\" \/>\n<link rel=\"canonical\" href=\"https:\/\/www.fica.unsl.edu.ar\/index.php\/fica-y-utn-la-rioja-exploran-oportunidades-de-colaboracion-academica\/\" \/>\n<meta property=\"og:locale\" content=\"es_ES\" \/>\n<meta property=\"og:type\" content=\"article\" \/>\n<meta property=\"og:title\" content=\"FICA y UTN La Rioja exploran oportunidades de colaboraci\u00f3n acad\u00e9mica - Facultad de Ingenier\u00eda y Ciencias Agropecuarias\" \/>\n<meta property=\"og:description\" content=\"En la ma\u00f1ana del pasado mi\u00e9rcoles 27 de septiembre, el Decano, Mgtr. Sergio Ribotta junto a el Vicedecano, Dr. Federico Serra y la Secretaria de&hellip;\" \/>\n<meta property=\"og:url\" content=\"https:\/\/www.fica.unsl.edu.ar\/index.php\/fica-y-utn-la-rioja-exploran-oportunidades-de-colaboracion-academica\/\" \/>\n<meta property=\"og:site_name\" content=\"Facultad de Ingenier\u00eda y Ciencias Agropecuarias\" \/>\n<meta property=\"article:publisher\" content=\"https:\/\/www.facebook.com\/FICA.UNSL\/\" \/>\n<meta property=\"article:published_time\" content=\"2023-09-29T15:13:05+00:00\" \/>\n<meta property=\"article:modified_time\" content=\"2023-11-09T16:50:51+00:00\" \/>\n<meta property=\"og:image\" content=\"https:\/\/www.fica.unsl.edu.ar\/wp-content\/uploads\/2023\/09\/Carlos-Sanchez-Reynoso-front.jpg\" \/>\n\t<meta property=\"og:image:width\" content=\"1061\" \/>\n\t<meta property=\"og:image:height\" content=\"585\" \/>\n\t<meta property=\"og:image:type\" content=\"image\/jpeg\" \/>\n<meta name=\"author\" content=\"DATI\" \/>\n<meta name=\"twitter:card\" content=\"summary_large_image\" \/>\n<meta name=\"twitter:creator\" content=\"@FICAUNSL\" \/>\n<meta name=\"twitter:site\" content=\"@FICAUNSL\" \/>\n<meta name=\"twitter:label1\" content=\"Escrito por\" \/>\n\t<meta name=\"twitter:data1\" content=\"DATI\" \/>\n\t<meta name=\"twitter:label2\" content=\"Tiempo de lectura\" \/>\n\t<meta name=\"twitter:data2\" content=\"2 minutos\" \/>\n<script type=\"application\/ld+json\" class=\"yoast-schema-graph\">{\"@context\":\"https:\\\/\\\/schema.org\",\"@graph\":[{\"@type\":\"Article\",\"@id\":\"https:\\\/\\\/www.fica.unsl.edu.ar\\\/index.php\\\/fica-y-utn-la-rioja-exploran-oportunidades-de-colaboracion-academica\\\/#article\",\"isPartOf\":{\"@id\":\"https:\\\/\\\/www.fica.unsl.edu.ar\\\/index.php\\\/fica-y-utn-la-rioja-exploran-oportunidades-de-colaboracion-academica\\\/\"},\"author\":{\"name\":\"DATI\",\"@id\":\"https:\\\/\\\/www.fica.unsl.edu.ar\\\/#\\\/schema\\\/person\\\/6058f9c66301868d3a691b1f5d6c3544\"},\"headline\":\"FICA y UTN La Rioja exploran oportunidades de colaboraci\u00f3n acad\u00e9mica\",\"datePublished\":\"2023-09-29T15:13:05+00:00\",\"dateModified\":\"2023-11-09T16:50:51+00:00\",\"mainEntityOfPage\":{\"@id\":\"https:\\\/\\\/www.fica.unsl.edu.ar\\\/index.php\\\/fica-y-utn-la-rioja-exploran-oportunidades-de-colaboracion-academica\\\/\"},\"wordCount\":269,\"publisher\":{\"@id\":\"https:\\\/\\\/www.fica.unsl.edu.ar\\\/#organization\"},\"image\":{\"@id\":\"https:\\\/\\\/www.fica.unsl.edu.ar\\\/index.php\\\/fica-y-utn-la-rioja-exploran-oportunidades-de-colaboracion-academica\\\/#primaryimage\"},\"thumbnailUrl\":\"https:\\\/\\\/www.fica.unsl.edu.ar\\\/wp-content\\\/uploads\\\/2023\\\/09\\\/Carlos-Sanchez-Reynoso-front.jpg\",\"articleSection\":[\"Noticias\"],\"inLanguage\":\"es-AR\"},{\"@type\":\"WebPage\",\"@id\":\"https:\\\/\\\/www.fica.unsl.edu.ar\\\/index.php\\\/fica-y-utn-la-rioja-exploran-oportunidades-de-colaboracion-academica\\\/\",\"url\":\"https:\\\/\\\/www.fica.unsl.edu.ar\\\/index.php\\\/fica-y-utn-la-rioja-exploran-oportunidades-de-colaboracion-academica\\\/\",\"name\":\"FICA y UTN La Rioja exploran oportunidades de colaboraci\u00f3n acad\u00e9mica - Facultad de Ingenier\u00eda y Ciencias Agropecuarias\",\"isPartOf\":{\"@id\":\"https:\\\/\\\/www.fica.unsl.edu.ar\\\/#website\"},\"primaryImageOfPage\":{\"@id\":\"https:\\\/\\\/www.fica.unsl.edu.ar\\\/index.php\\\/fica-y-utn-la-rioja-exploran-oportunidades-de-colaboracion-academica\\\/#primaryimage\"},\"image\":{\"@id\":\"https:\\\/\\\/www.fica.unsl.edu.ar\\\/index.php\\\/fica-y-utn-la-rioja-exploran-oportunidades-de-colaboracion-academica\\\/#primaryimage\"},\"thumbnailUrl\":\"https:\\\/\\\/www.fica.unsl.edu.ar\\\/wp-content\\\/uploads\\\/2023\\\/09\\\/Carlos-Sanchez-Reynoso-front.jpg\",\"datePublished\":\"2023-09-29T15:13:05+00:00\",\"dateModified\":\"2023-11-09T16:50:51+00:00\",\"inLanguage\":\"es-AR\",\"potentialAction\":[{\"@type\":\"ReadAction\",\"target\":[\"https:\\\/\\\/www.fica.unsl.edu.ar\\\/index.php\\\/fica-y-utn-la-rioja-exploran-oportunidades-de-colaboracion-academica\\\/\"]}]},{\"@type\":\"ImageObject\",\"inLanguage\":\"es-AR\",\"@id\":\"https:\\\/\\\/www.fica.unsl.edu.ar\\\/index.php\\\/fica-y-utn-la-rioja-exploran-oportunidades-de-colaboracion-academica\\\/#primaryimage\",\"url\":\"https:\\\/\\\/www.fica.unsl.edu.ar\\\/wp-content\\\/uploads\\\/2023\\\/09\\\/Carlos-Sanchez-Reynoso-front.jpg\",\"contentUrl\":\"https:\\\/\\\/www.fica.unsl.edu.ar\\\/wp-content\\\/uploads\\\/2023\\\/09\\\/Carlos-Sanchez-Reynoso-front.jpg\",\"width\":1061,\"height\":585},{\"@type\":\"WebSite\",\"@id\":\"https:\\\/\\\/www.fica.unsl.edu.ar\\\/#website\",\"url\":\"https:\\\/\\\/www.fica.unsl.edu.ar\\\/\",\"name\":\"Facultad de Ingenier\u00eda y Ciencias Agropecuarias\",\"description\":\"\",\"publisher\":{\"@id\":\"https:\\\/\\\/www.fica.unsl.edu.ar\\\/#organization\"},\"potentialAction\":[{\"@type\":\"SearchAction\",\"target\":{\"@type\":\"EntryPoint\",\"urlTemplate\":\"https:\\\/\\\/www.fica.unsl.edu.ar\\\/?s={search_term_string}\"},\"query-input\":{\"@type\":\"PropertyValueSpecification\",\"valueRequired\":true,\"valueName\":\"search_term_string\"}}],\"inLanguage\":\"es-AR\"},{\"@type\":\"Organization\",\"@id\":\"https:\\\/\\\/www.fica.unsl.edu.ar\\\/#organization\",\"name\":\"Facultad de Ingenier\u00eda y Ciencias Agropecuarias\",\"url\":\"https:\\\/\\\/www.fica.unsl.edu.ar\\\/\",\"logo\":{\"@type\":\"ImageObject\",\"inLanguage\":\"es-AR\",\"@id\":\"https:\\\/\\\/www.fica.unsl.edu.ar\\\/#\\\/schema\\\/logo\\\/image\\\/\",\"url\":\"https:\\\/\\\/www.fica.unsl.edu.ar\\\/wp-content\\\/uploads\\\/2021\\\/03\\\/LOGO-1.jpg\",\"contentUrl\":\"https:\\\/\\\/www.fica.unsl.edu.ar\\\/wp-content\\\/uploads\\\/2021\\\/03\\\/LOGO-1.jpg\",\"width\":463,\"height\":145,\"caption\":\"Facultad de Ingenier\u00eda y Ciencias Agropecuarias\"},\"image\":{\"@id\":\"https:\\\/\\\/www.fica.unsl.edu.ar\\\/#\\\/schema\\\/logo\\\/image\\\/\"},\"sameAs\":[\"https:\\\/\\\/www.facebook.com\\\/FICA.UNSL\\\/\",\"https:\\\/\\\/x.com\\\/FICAUNSL\",\"https:\\\/\\\/www.instagram.com\\\/fica.unsl\\\/\",\"https:\\\/\\\/www.youtube.com\\\/channel\\\/UCs2MM53gb2PyBrMySdtWZDQ\"]},{\"@type\":\"Person\",\"@id\":\"https:\\\/\\\/www.fica.unsl.edu.ar\\\/#\\\/schema\\\/person\\\/6058f9c66301868d3a691b1f5d6c3544\",\"name\":\"DATI\"}]}<\/script>\n<!-- \/ Yoast SEO plugin. -->","yoast_head_json":{"title":"FICA y UTN La Rioja exploran oportunidades de colaboraci\u00f3n acad\u00e9mica - Facultad de Ingenier\u00eda y Ciencias Agropecuarias","robots":{"index":"index","follow":"follow","max-snippet":"max-snippet:-1","max-image-preview":"max-image-preview:large","max-video-preview":"max-video-preview:-1"},"canonical":"https:\/\/www.fica.unsl.edu.ar\/index.php\/fica-y-utn-la-rioja-exploran-oportunidades-de-colaboracion-academica\/","og_locale":"es_ES","og_type":"article","og_title":"FICA y UTN La Rioja exploran oportunidades de colaboraci\u00f3n acad\u00e9mica - Facultad de Ingenier\u00eda y Ciencias Agropecuarias","og_description":"En la ma\u00f1ana del pasado mi\u00e9rcoles 27 de septiembre, el Decano, Mgtr. Sergio Ribotta junto a el Vicedecano, Dr. Federico Serra y la Secretaria de&hellip;","og_url":"https:\/\/www.fica.unsl.edu.ar\/index.php\/fica-y-utn-la-rioja-exploran-oportunidades-de-colaboracion-academica\/","og_site_name":"Facultad de Ingenier\u00eda y Ciencias Agropecuarias","article_publisher":"https:\/\/www.facebook.com\/FICA.UNSL\/","article_published_time":"2023-09-29T15:13:05+00:00","article_modified_time":"2023-11-09T16:50:51+00:00","og_image":[{"width":1061,"height":585,"url":"https:\/\/www.fica.unsl.edu.ar\/wp-content\/uploads\/2023\/09\/Carlos-Sanchez-Reynoso-front.jpg","type":"image\/jpeg"}],"author":"DATI","twitter_card":"summary_large_image","twitter_creator":"@FICAUNSL","twitter_site":"@FICAUNSL","twitter_misc":{"Escrito por":"DATI","Tiempo de lectura":"2 minutos"},"schema":{"@context":"https:\/\/schema.org","@graph":[{"@type":"Article","@id":"https:\/\/www.fica.unsl.edu.ar\/index.php\/fica-y-utn-la-rioja-exploran-oportunidades-de-colaboracion-academica\/#article","isPartOf":{"@id":"https:\/\/www.fica.unsl.edu.ar\/index.php\/fica-y-utn-la-rioja-exploran-oportunidades-de-colaboracion-academica\/"},"author":{"name":"DATI","@id":"https:\/\/www.fica.unsl.edu.ar\/#\/schema\/person\/6058f9c66301868d3a691b1f5d6c3544"},"headline":"FICA y UTN La Rioja exploran oportunidades de colaboraci\u00f3n acad\u00e9mica","datePublished":"2023-09-29T15:13:05+00:00","dateModified":"2023-11-09T16:50:51+00:00","mainEntityOfPage":{"@id":"https:\/\/www.fica.unsl.edu.ar\/index.php\/fica-y-utn-la-rioja-exploran-oportunidades-de-colaboracion-academica\/"},"wordCount":269,"publisher":{"@id":"https:\/\/www.fica.unsl.edu.ar\/#organization"},"image":{"@id":"https:\/\/www.fica.unsl.edu.ar\/index.php\/fica-y-utn-la-rioja-exploran-oportunidades-de-colaboracion-academica\/#primaryimage"},"thumbnailUrl":"https:\/\/www.fica.unsl.edu.ar\/wp-content\/uploads\/2023\/09\/Carlos-Sanchez-Reynoso-front.jpg","articleSection":["Noticias"],"inLanguage":"es-AR"},{"@type":"WebPage","@id":"https:\/\/www.fica.unsl.edu.ar\/index.php\/fica-y-utn-la-rioja-exploran-oportunidades-de-colaboracion-academica\/","url":"https:\/\/www.fica.unsl.edu.ar\/index.php\/fica-y-utn-la-rioja-exploran-oportunidades-de-colaboracion-academica\/","name":"FICA y UTN La Rioja exploran oportunidades de colaboraci\u00f3n acad\u00e9mica - Facultad de Ingenier\u00eda y Ciencias Agropecuarias","isPartOf":{"@id":"https:\/\/www.fica.unsl.edu.ar\/#website"},"primaryImageOfPage":{"@id":"https:\/\/www.fica.unsl.edu.ar\/index.php\/fica-y-utn-la-rioja-exploran-oportunidades-de-colaboracion-academica\/#primaryimage"},"image":{"@id":"https:\/\/www.fica.unsl.edu.ar\/index.php\/fica-y-utn-la-rioja-exploran-oportunidades-de-colaboracion-academica\/#primaryimage"},"thumbnailUrl":"https:\/\/www.fica.unsl.edu.ar\/wp-content\/uploads\/2023\/09\/Carlos-Sanchez-Reynoso-front.jpg","datePublished":"2023-09-29T15:13:05+00:00","dateModified":"2023-11-09T16:50:51+00:00","inLanguage":"es-AR","potentialAction":[{"@type":"ReadAction","target":["https:\/\/www.fica.unsl.edu.ar\/index.php\/fica-y-utn-la-rioja-exploran-oportunidades-de-colaboracion-academica\/"]}]},{"@type":"ImageObject","inLanguage":"es-AR","@id":"https:\/\/www.fica.unsl.edu.ar\/index.php\/fica-y-utn-la-rioja-exploran-oportunidades-de-colaboracion-academica\/#primaryimage","url":"https:\/\/www.fica.unsl.edu.ar\/wp-content\/uploads\/2023\/09\/Carlos-Sanchez-Reynoso-front.jpg","contentUrl":"https:\/\/www.fica.unsl.edu.ar\/wp-content\/uploads\/2023\/09\/Carlos-Sanchez-Reynoso-front.jpg","width":1061,"height":585},{"@type":"WebSite","@id":"https:\/\/www.fica.unsl.edu.ar\/#website","url":"https:\/\/www.fica.unsl.edu.ar\/","name":"Facultad de Ingenier\u00eda y Ciencias Agropecuarias","description":"","publisher":{"@id":"https:\/\/www.fica.unsl.edu.ar\/#organization"},"potentialAction":[{"@type":"SearchAction","target":{"@type":"EntryPoint","urlTemplate":"https:\/\/www.fica.unsl.edu.ar\/?s={search_term_string}"},"query-input":{"@type":"PropertyValueSpecification","valueRequired":true,"valueName":"search_term_string"}}],"inLanguage":"es-AR"},{"@type":"Organization","@id":"https:\/\/www.fica.unsl.edu.ar\/#organization","name":"Facultad de Ingenier\u00eda y Ciencias Agropecuarias","url":"https:\/\/www.fica.unsl.edu.ar\/","logo":{"@type":"ImageObject","inLanguage":"es-AR","@id":"https:\/\/www.fica.unsl.edu.ar\/#\/schema\/logo\/image\/","url":"https:\/\/www.fica.unsl.edu.ar\/wp-content\/uploads\/2021\/03\/LOGO-1.jpg","contentUrl":"https:\/\/www.fica.unsl.edu.ar\/wp-content\/uploads\/2021\/03\/LOGO-1.jpg","width":463,"height":145,"caption":"Facultad de Ingenier\u00eda y Ciencias Agropecuarias"},"image":{"@id":"https:\/\/www.fica.unsl.edu.ar\/#\/schema\/logo\/image\/"},"sameAs":["https:\/\/www.facebook.com\/FICA.UNSL\/","https:\/\/x.com\/FICAUNSL","https:\/\/www.instagram.com\/fica.unsl\/","https:\/\/www.youtube.com\/channel\/UCs2MM53gb2PyBrMySdtWZDQ"]},{"@type":"Person","@id":"https:\/\/www.fica.unsl.edu.ar\/#\/schema\/person\/6058f9c66301868d3a691b1f5d6c3544","name":"DATI"}]}},"_links":{"self":[{"href":"https:\/\/www.fica.unsl.edu.ar\/index.php\/wp-json\/wp\/v2\/posts\/14670","targetHints":{"allow":["GET"]}}],"collection":[{"href":"https:\/\/www.fica.unsl.edu.ar\/index.php\/wp-json\/wp\/v2\/posts"}],"about":[{"href":"https:\/\/www.fica.unsl.edu.ar\/index.php\/wp-json\/wp\/v2\/types\/post"}],"author":[{"embeddable":true,"href":"https:\/\/www.fica.unsl.edu.ar\/index.php\/wp-json\/wp\/v2\/users\/9"}],"replies":[{"embeddable":true,"href":"https:\/\/www.fica.unsl.edu.ar\/index.php\/wp-json\/wp\/v2\/comments?post=14670"}],"version-history":[{"count":2,"href":"https:\/\/www.fica.unsl.edu.ar\/index.php\/wp-json\/wp\/v2\/posts\/14670\/revisions"}],"predecessor-version":[{"id":14674,"href":"https:\/\/www.fica.unsl.edu.ar\/index.php\/wp-json\/wp\/v2\/posts\/14670\/revisions\/14674"}],"wp:featuredmedia":[{"embeddable":true,"href":"https:\/\/www.fica.unsl.edu.ar\/index.php\/wp-json\/wp\/v2\/media\/14672"}],"wp:attachment":[{"href":"https:\/\/www.fica.unsl.edu.ar\/index.php\/wp-json\/wp\/v2\/media?parent=14670"}],"wp:term":[{"taxonomy":"category","embeddable":true,"href":"https:\/\/www.fica.unsl.edu.ar\/index.php\/wp-json\/wp\/v2\/categories?post=14670"},{"taxonomy":"post_tag","embeddable":true,"href":"https:\/\/www.fica.unsl.edu.ar\/index.php\/wp-json\/wp\/v2\/tags?post=14670"}],"curies":[{"name":"wp","href":"https:\/\/api.w.org\/{rel}","templated":true}]}}