{"id":14678,"date":"2023-10-05T09:53:41","date_gmt":"2023-10-05T12:53:41","guid":{"rendered":"http:\/\/10.101.10.196\/www\/?p=14678"},"modified":"2023-10-09T09:03:16","modified_gmt":"2023-10-09T12:03:16","slug":"picto-charla-secretario-de-ciencia-y-tecnologia","status":"publish","type":"post","link":"https:\/\/www.fica.unsl.edu.ar\/index.php\/picto-charla-secretario-de-ciencia-y-tecnologia\/","title":{"rendered":"Docentes investigadores se interiorizaron sobre la Convocatoria PiCTO Regi\u00f3n Cuyo en Villa Mercedes"},"content":{"rendered":"<p>La Secretar\u00eda de Investigaci\u00f3n y Posgrado, informa que el pasado lunes 2 de octubre, docentes investigadores de la FICA y la FCEJS, asistieron a la charla informativa que brind\u00f3 el Secretario de Ciencia y Tecnolog\u00eda de la UNSL, Dr. Fabricio Cid sobre la Convocatoria PiCTO Regi\u00f3n Cuyo.<\/p>\n<p>En sus primeras palabras, el Secretario de Ciencia y Tecnolog\u00eda destac\u00f3 que este extraordinario convenio regional de inversi\u00f3n de la Agencia I+D+i, (realizado a trav\u00e9s del Fondo para la Investigaci\u00f3n Cient\u00edfica y Tecnol\u00f3gica &#8211; FONCyT- ), ha sido promovido desde la Secretar\u00eda de CyT y el Rectorado de la UNSL y que promete un impacto significativo tanto para la universidad como para toda la regi\u00f3n.<\/p>\n<p>Destac\u00f3 que el objetivo principal de la convocatoria es otorgar subsidios a grupos de investigadores\/as consolidados\/as y activos\/as en \u00e1reas de investigaci\u00f3n espec\u00edficas, orientadas por intereses comunes entre las instituciones co-financiadoras. La misma cuenta con un presupuesto de <strong>SEISCIENTOS SESENTA Y OCHO MILLONES CUATROCIENTOS MIL PESOS<\/strong> ($ 668.400.000) durante dos (2) a\u00f1os.<\/p>\n<p><img fetchpriority=\"high\" decoding=\"async\" class=\"aligncenter size-full wp-image-14679\" src=\"https:\/\/www.fica.unsl.edu.ar\/wp-content\/uploads\/2023\/10\/picto-fica-02.jpg\" alt=\"\" width=\"1061\" height=\"585\" srcset=\"https:\/\/www.fica.unsl.edu.ar\/wp-content\/uploads\/2023\/10\/picto-fica-02.jpg 1061w, https:\/\/www.fica.unsl.edu.ar\/wp-content\/uploads\/2023\/10\/picto-fica-02-300x165.jpg 300w, https:\/\/www.fica.unsl.edu.ar\/wp-content\/uploads\/2023\/10\/picto-fica-02-1024x565.jpg 1024w, https:\/\/www.fica.unsl.edu.ar\/wp-content\/uploads\/2023\/10\/picto-fica-02-768x423.jpg 768w\" sizes=\"(max-width: 1061px) 100vw, 1061px\" \/><\/p>\n<h4>Categor\u00edas\u00a0 y Ejes<\/h4>\n<p>Los \u201cPICTO Regi\u00f3n de Cuyo\u201d representan una convocatoria abierta a docentes e investigadores\/as con financiamiento sustancial disponible en tres categor\u00edas clave:<\/p>\n<ul>\n<li>Proyectos para Investigador\/a Inicial.<\/li>\n<li>Grupos de Reciente Formaci\u00f3n.<\/li>\n<li>Equipos de Trabajo para Proyectos en Red.<\/li>\n<\/ul>\n<p><em><strong>Ejes de la convocatoria. <\/strong><\/em><\/p>\n<p>Se establecen los siguientes ejes tem\u00e1ticos en los cuales existe inter\u00e9s de las instituciones participantes y los cuales los proyectos deber\u00e1n ajustarse:<\/p>\n<ul>\n<li>Salud<\/li>\n<li>Ambiente \/ Energ\u00eda<\/li>\n<li>Econom\u00eda \/ Sociedad \/ Producci\u00f3n<\/li>\n<li>Educaci\u00f3n \/ pol\u00edtica \/ cultura \/ sociedad<\/li>\n<li>Tecnolog\u00edas aplicadas<\/li>\n<li>Econom\u00eda del conocimiento \/ Innovaci\u00f3n<\/li>\n<li>Alimentos \/ Desarrollo sostenible<\/li>\n<li>Ciencias de la tierra y el espacio<\/li>\n<\/ul>\n<p>&nbsp;<\/p>\n<p>Ejes transversales<\/p>\n<p>Adem\u00e1s, se establecen tres ejes transversales que deber\u00e1n ser trabajados en red:<\/p>\n<ul>\n<li>Eje transversal 1: Agua: An\u00e1lisis y gesti\u00f3n del recurso h\u00eddrico<\/li>\n<li>Eje transversal 2: Una Salud: salud humana, animal y del ambiente<\/li>\n<li>Eje transversal 3: Inclusi\u00f3n y empleo<\/li>\n<\/ul>\n<h3 style=\"text-align: center;\"><span style=\"color: #0000ff;\"><a style=\"color: #0000ff;\" href=\"https:\/\/www.argentina.gob.ar\/sites\/default\/files\/2023\/08\/bases_-_picto_2023_region_de_cuyo.pdf\" target=\"_blank\" rel=\"noopener\">BASES<\/a><\/span><\/h3>\n<h3 style=\"text-align: center;\"><span style=\"color: #0000ff;\"><a style=\"color: #0000ff;\" href=\"https:\/\/www.youtube.com\/watch?v=2k1UbB7e11E\" target=\"_blank\" rel=\"noopener\">INSTRUCTIVOS<\/a><\/span><\/h3>\n<p>Los avales establecidos en las bases de la presente convocatoria deben solicitarse \u00fanicamente a trav\u00e9s de la Secretar\u00eda de Ciencia y Tecnolog\u00eda de la UNSL foncyt.unsl@gmail.com<\/p>\n<p>&nbsp;<\/p>\n<p>&nbsp;<\/p>\n","protected":false},"excerpt":{"rendered":"<p>La Secretar\u00eda de Investigaci\u00f3n y Posgrado, informa que el pasado lunes 2 de octubre, docentes investigadores de la FICA y la FCEJS, asistieron a la&hellip;<\/p>\n","protected":false},"author":9,"featured_media":14680,"comment_status":"closed","ping_status":"closed","sticky":false,"template":"","format":"standard","meta":{"_monsterinsights_skip_tracking":false,"_monsterinsights_sitenote_active":false,"_monsterinsights_sitenote_note":"","_monsterinsights_sitenote_category":0,"_joinchat":[],"footnotes":""},"categories":[19],"tags":[],"class_list":["post-14678","post","type-post","status-publish","format-standard","has-post-thumbnail","hentry","category-noticias"],"yoast_head":"<!-- This site is optimized with the Yoast SEO plugin v27.4 - https:\/\/yoast.com\/product\/yoast-seo-wordpress\/ -->\n<title>Docentes investigadores se interiorizaron sobre la Convocatoria PiCTO Regi\u00f3n Cuyo en Villa Mercedes - Facultad de Ingenier\u00eda y Ciencias Agropecuarias<\/title>\n<meta name=\"robots\" content=\"index, follow, max-snippet:-1, max-image-preview:large, max-video-preview:-1\" \/>\n<link rel=\"canonical\" href=\"https:\/\/www.fica.unsl.edu.ar\/index.php\/picto-charla-secretario-de-ciencia-y-tecnologia\/\" \/>\n<meta property=\"og:locale\" content=\"es_ES\" \/>\n<meta property=\"og:type\" content=\"article\" \/>\n<meta property=\"og:title\" content=\"Docentes investigadores se interiorizaron sobre la Convocatoria PiCTO Regi\u00f3n Cuyo en Villa Mercedes - Facultad de Ingenier\u00eda y Ciencias Agropecuarias\" \/>\n<meta property=\"og:description\" content=\"La Secretar\u00eda de Investigaci\u00f3n y Posgrado, informa que el pasado lunes 2 de octubre, docentes investigadores de la FICA y la FCEJS, asistieron a la&hellip;\" \/>\n<meta property=\"og:url\" content=\"https:\/\/www.fica.unsl.edu.ar\/index.php\/picto-charla-secretario-de-ciencia-y-tecnologia\/\" \/>\n<meta property=\"og:site_name\" content=\"Facultad de Ingenier\u00eda y Ciencias Agropecuarias\" \/>\n<meta property=\"article:publisher\" content=\"https:\/\/www.facebook.com\/FICA.UNSL\/\" \/>\n<meta property=\"article:published_time\" content=\"2023-10-05T12:53:41+00:00\" \/>\n<meta property=\"article:modified_time\" content=\"2023-10-09T12:03:16+00:00\" \/>\n<meta property=\"og:image\" content=\"https:\/\/www.fica.unsl.edu.ar\/wp-content\/uploads\/2023\/10\/picto-fica-front.jpg\" \/>\n\t<meta property=\"og:image:width\" content=\"1061\" \/>\n\t<meta property=\"og:image:height\" content=\"585\" \/>\n\t<meta property=\"og:image:type\" content=\"image\/jpeg\" \/>\n<meta name=\"author\" content=\"DATI\" \/>\n<meta name=\"twitter:card\" content=\"summary_large_image\" \/>\n<meta name=\"twitter:creator\" content=\"@FICAUNSL\" \/>\n<meta name=\"twitter:site\" content=\"@FICAUNSL\" \/>\n<meta name=\"twitter:label1\" content=\"Escrito por\" \/>\n\t<meta name=\"twitter:data1\" content=\"DATI\" \/>\n\t<meta name=\"twitter:label2\" content=\"Tiempo de lectura\" \/>\n\t<meta name=\"twitter:data2\" content=\"2 minutos\" \/>\n<script type=\"application\/ld+json\" class=\"yoast-schema-graph\">{\"@context\":\"https:\\\/\\\/schema.org\",\"@graph\":[{\"@type\":\"Article\",\"@id\":\"https:\\\/\\\/www.fica.unsl.edu.ar\\\/index.php\\\/picto-charla-secretario-de-ciencia-y-tecnologia\\\/#article\",\"isPartOf\":{\"@id\":\"https:\\\/\\\/www.fica.unsl.edu.ar\\\/index.php\\\/picto-charla-secretario-de-ciencia-y-tecnologia\\\/\"},\"author\":{\"name\":\"DATI\",\"@id\":\"https:\\\/\\\/www.fica.unsl.edu.ar\\\/#\\\/schema\\\/person\\\/6058f9c66301868d3a691b1f5d6c3544\"},\"headline\":\"Docentes investigadores se interiorizaron sobre la Convocatoria PiCTO Regi\u00f3n Cuyo en Villa Mercedes\",\"datePublished\":\"2023-10-05T12:53:41+00:00\",\"dateModified\":\"2023-10-09T12:03:16+00:00\",\"mainEntityOfPage\":{\"@id\":\"https:\\\/\\\/www.fica.unsl.edu.ar\\\/index.php\\\/picto-charla-secretario-de-ciencia-y-tecnologia\\\/\"},\"wordCount\":382,\"publisher\":{\"@id\":\"https:\\\/\\\/www.fica.unsl.edu.ar\\\/#organization\"},\"image\":{\"@id\":\"https:\\\/\\\/www.fica.unsl.edu.ar\\\/index.php\\\/picto-charla-secretario-de-ciencia-y-tecnologia\\\/#primaryimage\"},\"thumbnailUrl\":\"https:\\\/\\\/www.fica.unsl.edu.ar\\\/wp-content\\\/uploads\\\/2023\\\/10\\\/picto-fica-front.jpg\",\"articleSection\":[\"Noticias\"],\"inLanguage\":\"es-AR\"},{\"@type\":\"WebPage\",\"@id\":\"https:\\\/\\\/www.fica.unsl.edu.ar\\\/index.php\\\/picto-charla-secretario-de-ciencia-y-tecnologia\\\/\",\"url\":\"https:\\\/\\\/www.fica.unsl.edu.ar\\\/index.php\\\/picto-charla-secretario-de-ciencia-y-tecnologia\\\/\",\"name\":\"Docentes investigadores se interiorizaron sobre la Convocatoria PiCTO Regi\u00f3n Cuyo en Villa Mercedes - Facultad de Ingenier\u00eda y Ciencias Agropecuarias\",\"isPartOf\":{\"@id\":\"https:\\\/\\\/www.fica.unsl.edu.ar\\\/#website\"},\"primaryImageOfPage\":{\"@id\":\"https:\\\/\\\/www.fica.unsl.edu.ar\\\/index.php\\\/picto-charla-secretario-de-ciencia-y-tecnologia\\\/#primaryimage\"},\"image\":{\"@id\":\"https:\\\/\\\/www.fica.unsl.edu.ar\\\/index.php\\\/picto-charla-secretario-de-ciencia-y-tecnologia\\\/#primaryimage\"},\"thumbnailUrl\":\"https:\\\/\\\/www.fica.unsl.edu.ar\\\/wp-content\\\/uploads\\\/2023\\\/10\\\/picto-fica-front.jpg\",\"datePublished\":\"2023-10-05T12:53:41+00:00\",\"dateModified\":\"2023-10-09T12:03:16+00:00\",\"inLanguage\":\"es-AR\",\"potentialAction\":[{\"@type\":\"ReadAction\",\"target\":[\"https:\\\/\\\/www.fica.unsl.edu.ar\\\/index.php\\\/picto-charla-secretario-de-ciencia-y-tecnologia\\\/\"]}]},{\"@type\":\"ImageObject\",\"inLanguage\":\"es-AR\",\"@id\":\"https:\\\/\\\/www.fica.unsl.edu.ar\\\/index.php\\\/picto-charla-secretario-de-ciencia-y-tecnologia\\\/#primaryimage\",\"url\":\"https:\\\/\\\/www.fica.unsl.edu.ar\\\/wp-content\\\/uploads\\\/2023\\\/10\\\/picto-fica-front.jpg\",\"contentUrl\":\"https:\\\/\\\/www.fica.unsl.edu.ar\\\/wp-content\\\/uploads\\\/2023\\\/10\\\/picto-fica-front.jpg\",\"width\":1061,\"height\":585},{\"@type\":\"WebSite\",\"@id\":\"https:\\\/\\\/www.fica.unsl.edu.ar\\\/#website\",\"url\":\"https:\\\/\\\/www.fica.unsl.edu.ar\\\/\",\"name\":\"Facultad de Ingenier\u00eda y Ciencias Agropecuarias\",\"description\":\"\",\"publisher\":{\"@id\":\"https:\\\/\\\/www.fica.unsl.edu.ar\\\/#organization\"},\"potentialAction\":[{\"@type\":\"SearchAction\",\"target\":{\"@type\":\"EntryPoint\",\"urlTemplate\":\"https:\\\/\\\/www.fica.unsl.edu.ar\\\/?s={search_term_string}\"},\"query-input\":{\"@type\":\"PropertyValueSpecification\",\"valueRequired\":true,\"valueName\":\"search_term_string\"}}],\"inLanguage\":\"es-AR\"},{\"@type\":\"Organization\",\"@id\":\"https:\\\/\\\/www.fica.unsl.edu.ar\\\/#organization\",\"name\":\"Facultad de Ingenier\u00eda y Ciencias Agropecuarias\",\"url\":\"https:\\\/\\\/www.fica.unsl.edu.ar\\\/\",\"logo\":{\"@type\":\"ImageObject\",\"inLanguage\":\"es-AR\",\"@id\":\"https:\\\/\\\/www.fica.unsl.edu.ar\\\/#\\\/schema\\\/logo\\\/image\\\/\",\"url\":\"https:\\\/\\\/www.fica.unsl.edu.ar\\\/wp-content\\\/uploads\\\/2021\\\/03\\\/LOGO-1.jpg\",\"contentUrl\":\"https:\\\/\\\/www.fica.unsl.edu.ar\\\/wp-content\\\/uploads\\\/2021\\\/03\\\/LOGO-1.jpg\",\"width\":463,\"height\":145,\"caption\":\"Facultad de Ingenier\u00eda y Ciencias Agropecuarias\"},\"image\":{\"@id\":\"https:\\\/\\\/www.fica.unsl.edu.ar\\\/#\\\/schema\\\/logo\\\/image\\\/\"},\"sameAs\":[\"https:\\\/\\\/www.facebook.com\\\/FICA.UNSL\\\/\",\"https:\\\/\\\/x.com\\\/FICAUNSL\",\"https:\\\/\\\/www.instagram.com\\\/fica.unsl\\\/\",\"https:\\\/\\\/www.youtube.com\\\/channel\\\/UCs2MM53gb2PyBrMySdtWZDQ\"]},{\"@type\":\"Person\",\"@id\":\"https:\\\/\\\/www.fica.unsl.edu.ar\\\/#\\\/schema\\\/person\\\/6058f9c66301868d3a691b1f5d6c3544\",\"name\":\"DATI\"}]}<\/script>\n<!-- \/ Yoast SEO plugin. -->","yoast_head_json":{"title":"Docentes investigadores se interiorizaron sobre la Convocatoria PiCTO Regi\u00f3n Cuyo en Villa Mercedes - Facultad de Ingenier\u00eda y Ciencias Agropecuarias","robots":{"index":"index","follow":"follow","max-snippet":"max-snippet:-1","max-image-preview":"max-image-preview:large","max-video-preview":"max-video-preview:-1"},"canonical":"https:\/\/www.fica.unsl.edu.ar\/index.php\/picto-charla-secretario-de-ciencia-y-tecnologia\/","og_locale":"es_ES","og_type":"article","og_title":"Docentes investigadores se interiorizaron sobre la Convocatoria PiCTO Regi\u00f3n Cuyo en Villa Mercedes - Facultad de Ingenier\u00eda y Ciencias Agropecuarias","og_description":"La Secretar\u00eda de Investigaci\u00f3n y Posgrado, informa que el pasado lunes 2 de octubre, docentes investigadores de la FICA y la FCEJS, asistieron a la&hellip;","og_url":"https:\/\/www.fica.unsl.edu.ar\/index.php\/picto-charla-secretario-de-ciencia-y-tecnologia\/","og_site_name":"Facultad de Ingenier\u00eda y Ciencias Agropecuarias","article_publisher":"https:\/\/www.facebook.com\/FICA.UNSL\/","article_published_time":"2023-10-05T12:53:41+00:00","article_modified_time":"2023-10-09T12:03:16+00:00","og_image":[{"width":1061,"height":585,"url":"https:\/\/www.fica.unsl.edu.ar\/wp-content\/uploads\/2023\/10\/picto-fica-front.jpg","type":"image\/jpeg"}],"author":"DATI","twitter_card":"summary_large_image","twitter_creator":"@FICAUNSL","twitter_site":"@FICAUNSL","twitter_misc":{"Escrito por":"DATI","Tiempo de lectura":"2 minutos"},"schema":{"@context":"https:\/\/schema.org","@graph":[{"@type":"Article","@id":"https:\/\/www.fica.unsl.edu.ar\/index.php\/picto-charla-secretario-de-ciencia-y-tecnologia\/#article","isPartOf":{"@id":"https:\/\/www.fica.unsl.edu.ar\/index.php\/picto-charla-secretario-de-ciencia-y-tecnologia\/"},"author":{"name":"DATI","@id":"https:\/\/www.fica.unsl.edu.ar\/#\/schema\/person\/6058f9c66301868d3a691b1f5d6c3544"},"headline":"Docentes investigadores se interiorizaron sobre la Convocatoria PiCTO Regi\u00f3n Cuyo en Villa Mercedes","datePublished":"2023-10-05T12:53:41+00:00","dateModified":"2023-10-09T12:03:16+00:00","mainEntityOfPage":{"@id":"https:\/\/www.fica.unsl.edu.ar\/index.php\/picto-charla-secretario-de-ciencia-y-tecnologia\/"},"wordCount":382,"publisher":{"@id":"https:\/\/www.fica.unsl.edu.ar\/#organization"},"image":{"@id":"https:\/\/www.fica.unsl.edu.ar\/index.php\/picto-charla-secretario-de-ciencia-y-tecnologia\/#primaryimage"},"thumbnailUrl":"https:\/\/www.fica.unsl.edu.ar\/wp-content\/uploads\/2023\/10\/picto-fica-front.jpg","articleSection":["Noticias"],"inLanguage":"es-AR"},{"@type":"WebPage","@id":"https:\/\/www.fica.unsl.edu.ar\/index.php\/picto-charla-secretario-de-ciencia-y-tecnologia\/","url":"https:\/\/www.fica.unsl.edu.ar\/index.php\/picto-charla-secretario-de-ciencia-y-tecnologia\/","name":"Docentes investigadores se interiorizaron sobre la Convocatoria PiCTO Regi\u00f3n Cuyo en Villa Mercedes - Facultad de Ingenier\u00eda y Ciencias Agropecuarias","isPartOf":{"@id":"https:\/\/www.fica.unsl.edu.ar\/#website"},"primaryImageOfPage":{"@id":"https:\/\/www.fica.unsl.edu.ar\/index.php\/picto-charla-secretario-de-ciencia-y-tecnologia\/#primaryimage"},"image":{"@id":"https:\/\/www.fica.unsl.edu.ar\/index.php\/picto-charla-secretario-de-ciencia-y-tecnologia\/#primaryimage"},"thumbnailUrl":"https:\/\/www.fica.unsl.edu.ar\/wp-content\/uploads\/2023\/10\/picto-fica-front.jpg","datePublished":"2023-10-05T12:53:41+00:00","dateModified":"2023-10-09T12:03:16+00:00","inLanguage":"es-AR","potentialAction":[{"@type":"ReadAction","target":["https:\/\/www.fica.unsl.edu.ar\/index.php\/picto-charla-secretario-de-ciencia-y-tecnologia\/"]}]},{"@type":"ImageObject","inLanguage":"es-AR","@id":"https:\/\/www.fica.unsl.edu.ar\/index.php\/picto-charla-secretario-de-ciencia-y-tecnologia\/#primaryimage","url":"https:\/\/www.fica.unsl.edu.ar\/wp-content\/uploads\/2023\/10\/picto-fica-front.jpg","contentUrl":"https:\/\/www.fica.unsl.edu.ar\/wp-content\/uploads\/2023\/10\/picto-fica-front.jpg","width":1061,"height":585},{"@type":"WebSite","@id":"https:\/\/www.fica.unsl.edu.ar\/#website","url":"https:\/\/www.fica.unsl.edu.ar\/","name":"Facultad de Ingenier\u00eda y Ciencias Agropecuarias","description":"","publisher":{"@id":"https:\/\/www.fica.unsl.edu.ar\/#organization"},"potentialAction":[{"@type":"SearchAction","target":{"@type":"EntryPoint","urlTemplate":"https:\/\/www.fica.unsl.edu.ar\/?s={search_term_string}"},"query-input":{"@type":"PropertyValueSpecification","valueRequired":true,"valueName":"search_term_string"}}],"inLanguage":"es-AR"},{"@type":"Organization","@id":"https:\/\/www.fica.unsl.edu.ar\/#organization","name":"Facultad de Ingenier\u00eda y Ciencias Agropecuarias","url":"https:\/\/www.fica.unsl.edu.ar\/","logo":{"@type":"ImageObject","inLanguage":"es-AR","@id":"https:\/\/www.fica.unsl.edu.ar\/#\/schema\/logo\/image\/","url":"https:\/\/www.fica.unsl.edu.ar\/wp-content\/uploads\/2021\/03\/LOGO-1.jpg","contentUrl":"https:\/\/www.fica.unsl.edu.ar\/wp-content\/uploads\/2021\/03\/LOGO-1.jpg","width":463,"height":145,"caption":"Facultad de Ingenier\u00eda y Ciencias Agropecuarias"},"image":{"@id":"https:\/\/www.fica.unsl.edu.ar\/#\/schema\/logo\/image\/"},"sameAs":["https:\/\/www.facebook.com\/FICA.UNSL\/","https:\/\/x.com\/FICAUNSL","https:\/\/www.instagram.com\/fica.unsl\/","https:\/\/www.youtube.com\/channel\/UCs2MM53gb2PyBrMySdtWZDQ"]},{"@type":"Person","@id":"https:\/\/www.fica.unsl.edu.ar\/#\/schema\/person\/6058f9c66301868d3a691b1f5d6c3544","name":"DATI"}]}},"_links":{"self":[{"href":"https:\/\/www.fica.unsl.edu.ar\/index.php\/wp-json\/wp\/v2\/posts\/14678","targetHints":{"allow":["GET"]}}],"collection":[{"href":"https:\/\/www.fica.unsl.edu.ar\/index.php\/wp-json\/wp\/v2\/posts"}],"about":[{"href":"https:\/\/www.fica.unsl.edu.ar\/index.php\/wp-json\/wp\/v2\/types\/post"}],"author":[{"embeddable":true,"href":"https:\/\/www.fica.unsl.edu.ar\/index.php\/wp-json\/wp\/v2\/users\/9"}],"replies":[{"embeddable":true,"href":"https:\/\/www.fica.unsl.edu.ar\/index.php\/wp-json\/wp\/v2\/comments?post=14678"}],"version-history":[{"count":4,"href":"https:\/\/www.fica.unsl.edu.ar\/index.php\/wp-json\/wp\/v2\/posts\/14678\/revisions"}],"predecessor-version":[{"id":14719,"href":"https:\/\/www.fica.unsl.edu.ar\/index.php\/wp-json\/wp\/v2\/posts\/14678\/revisions\/14719"}],"wp:featuredmedia":[{"embeddable":true,"href":"https:\/\/www.fica.unsl.edu.ar\/index.php\/wp-json\/wp\/v2\/media\/14680"}],"wp:attachment":[{"href":"https:\/\/www.fica.unsl.edu.ar\/index.php\/wp-json\/wp\/v2\/media?parent=14678"}],"wp:term":[{"taxonomy":"category","embeddable":true,"href":"https:\/\/www.fica.unsl.edu.ar\/index.php\/wp-json\/wp\/v2\/categories?post=14678"},{"taxonomy":"post_tag","embeddable":true,"href":"https:\/\/www.fica.unsl.edu.ar\/index.php\/wp-json\/wp\/v2\/tags?post=14678"}],"curies":[{"name":"wp","href":"https:\/\/api.w.org\/{rel}","templated":true}]}}