{"id":14710,"date":"2023-10-06T10:34:05","date_gmt":"2023-10-06T13:34:05","guid":{"rendered":"http:\/\/10.101.10.196\/www\/?p=14710"},"modified":"2023-11-09T13:51:05","modified_gmt":"2023-11-09T16:51:05","slug":"conicet-san-luis-realizo-el-1-encuentro-de-ciencia-vinculacion-y-medios","status":"publish","type":"post","link":"https:\/\/www.fica.unsl.edu.ar\/index.php\/conicet-san-luis-realizo-el-1-encuentro-de-ciencia-vinculacion-y-medios\/","title":{"rendered":"CONICET San Luis realiz\u00f3 el 1\u00b0 Encuentro de Ciencia, Vinculaci\u00f3n y Medios"},"content":{"rendered":"<p>En el marco de un primer Encuentro que articula la labor cient\u00edfica con la vinculaci\u00f3n tecnol\u00f3gica y rol fundamental de los medios de comunicaci\u00f3n para transmitir sus desarrollos a la sociedad, el Instituto de F\u00edsica Aplicada (INFAP) en conjunto la Oficina de Vinculaci\u00f3n Tecnol\u00f3gica, Unidad de Administraci\u00f3n Territorial y el \u00c1rea de Comunicaci\u00f3n del Centro Cient\u00edfico Tecnol\u00f3gico CONICET San Luis, llevaron adelante el primer encuentro de este tipo. Fue realizado en el Aula 1 del Instituto de Matem\u00e1tica Aplicada De San Luis.<\/p>\n<p>Cont\u00f3 con la participaci\u00f3n de la Vicepresidenta de Asuntos Cient\u00edficos de CONICET, Dra. Claudia Capurro; el miembro del Directorio de CONICET y secretario y secretario de Relaciones Interinstitucionales de la UNSL, Dr. F\u00e9lix Daniel Nieto Quintas; el director de INFAP CONICET-UNSL, Dr. Nelio Ariel Ochoa; directora del INQUISAL CONICET-UNSL, Dra. Soledad Cerutti; el Investigador del IMASL CONICET -UNSL, Dr. Esteban Jobb\u00e1gy; Investigador del IMASL CONICET -UNSL, Dr. Patricio Magliano; el Vicedecano de la FICA-UNSL e Investigador del INTEQUI CONICET-UNSL, Dr. Federico Serra; Responsable de la OVT CONICET San Luis, Esp. Santiago Calzetti; y la coordinadora de la UAT-CCT CONICET San Luis, CPN Liliana Barba.<\/p>\n<p>La participaci\u00f3n de los medios en el evento fue el eje fundamental bajo el cual se articul\u00f3, puesto que la esencia del mismo es lograr que las acciones de vinculaci\u00f3n cient\u00edfica sean conocidas por la sociedad.<\/p>\n<p><img fetchpriority=\"high\" decoding=\"async\" class=\"aligncenter size-full wp-image-14711\" src=\"https:\/\/www.fica.unsl.edu.ar\/wp-content\/uploads\/2023\/10\/CONICET-02.jpg\" alt=\"\" width=\"1061\" height=\"585\" srcset=\"https:\/\/www.fica.unsl.edu.ar\/wp-content\/uploads\/2023\/10\/CONICET-02.jpg 1061w, https:\/\/www.fica.unsl.edu.ar\/wp-content\/uploads\/2023\/10\/CONICET-02-300x165.jpg 300w, https:\/\/www.fica.unsl.edu.ar\/wp-content\/uploads\/2023\/10\/CONICET-02-1024x565.jpg 1024w, https:\/\/www.fica.unsl.edu.ar\/wp-content\/uploads\/2023\/10\/CONICET-02-768x423.jpg 768w\" sizes=\"(max-width: 1061px) 100vw, 1061px\" \/><\/p>\n<p><strong>El primer Encuentro, pero no el \u00faltimo<\/strong><\/p>\n<p>Con la participaci\u00f3n de autoridades, referentes medi\u00e1ticos y estudiantes de los \u00faltimos a\u00f1os de las carreras de Comunicaci\u00f3n y Periodismo de la UNSL, se llev\u00f3 adelante la primera experiencia que busca articular la Vinculaci\u00f3n entre la Ciencia y los Medios de Comunicaci\u00f3n.<\/p>\n<p>La misma cont\u00f3 con la presentaci\u00f3n de cinco casos de \u00e9xito en los que se expusieron sus proyectos, objetivos y la manera en que se expresan de manera pr\u00e1ctica en beneficios para el sector socio-productivo.<\/p>\n<p><img decoding=\"async\" class=\"aligncenter size-full wp-image-14712\" src=\"https:\/\/www.fica.unsl.edu.ar\/wp-content\/uploads\/2023\/10\/CONICET-03.jpg\" alt=\"\" width=\"1061\" height=\"585\" srcset=\"https:\/\/www.fica.unsl.edu.ar\/wp-content\/uploads\/2023\/10\/CONICET-03.jpg 1061w, https:\/\/www.fica.unsl.edu.ar\/wp-content\/uploads\/2023\/10\/CONICET-03-300x165.jpg 300w, https:\/\/www.fica.unsl.edu.ar\/wp-content\/uploads\/2023\/10\/CONICET-03-1024x565.jpg 1024w, https:\/\/www.fica.unsl.edu.ar\/wp-content\/uploads\/2023\/10\/CONICET-03-768x423.jpg 768w\" sizes=\"(max-width: 1061px) 100vw, 1061px\" \/><\/p>\n<p>Ariel Ochoa present\u00f3 los \u201cDesaf\u00edos en las acciones de vinculaci\u00f3n y transferencia de conocimientos\u201d. Por su parte, Soledad Cerutti mostr\u00f3 los resultados del Programa \u201cCiencia y Justicia\u201d y el desarrollo de la \u201cMesa Vitivin\u00edcola\u201d. Por su parte, Patricio Magliano mostr\u00f3 los resultados de su proyecto de \u201cCosechas de lluvias\u201d en el noroeste puntano. Esteban Jobb\u00e1gy expuso en su charla \u201cAgro y Ambiente: haciendo equilibrio sobre el alambrado\u201d donde present\u00f3 los desaf\u00edos de potenciar el sector productivo, cuidar el ambiente y mantener la sustentabilidad en los espacios donde se trabaja. Adem\u00e1s, Federico Serra expuso los avances de su proyecto de \u201cElectr\u00f3nica de potencia aplicada a las Microrredes y veh\u00edculos el\u00e9ctricos\u201d<\/p>\n<p>Sobre el cierre del primer encuentro, Ram\u00edrez Pastor, Nieto Quintas y Claudia Caparros brindaron informaci\u00f3n sobre el funcionamiento de la estructura de CONICET, sus virtudes, necesidades y beneficios para la sociedad. Por su parte, la Vicepresidenta de Asuntos Cient\u00edficos de CONICET, Claudia Capurro hizo una lectura cr\u00edtica de las capacidades comunicativas de la organizaci\u00f3n cient\u00edfica, present\u00f3 las empresas de Vinculaci\u00f3n Tecnol\u00f3gicas que la componen y destac\u00f3 la importancia del valor de la Educaci\u00f3n P\u00fablica. Punto que fue destacado por Nieto Quintas, adem\u00e1s de resaltar la importancia del contexto que habita el mundo y la necesidad de poner \u00e9nfasis en la ciencia y la tecnolog\u00eda como ejes centrales.<\/p>\n<p>&nbsp;<\/p>\n<p><strong>FUENTE: sanluis.conicet.gov.ar<\/strong><\/p>\n","protected":false},"excerpt":{"rendered":"<p>En el marco de un primer Encuentro que articula la labor cient\u00edfica con la vinculaci\u00f3n tecnol\u00f3gica y rol fundamental de los medios de comunicaci\u00f3n para&hellip;<\/p>\n","protected":false},"author":9,"featured_media":14713,"comment_status":"closed","ping_status":"closed","sticky":false,"template":"","format":"standard","meta":{"_monsterinsights_skip_tracking":false,"_monsterinsights_sitenote_active":false,"_monsterinsights_sitenote_note":"","_monsterinsights_sitenote_category":0,"_joinchat":[],"footnotes":""},"categories":[19],"tags":[],"class_list":["post-14710","post","type-post","status-publish","format-standard","has-post-thumbnail","hentry","category-noticias"],"yoast_head":"<!-- This site is optimized with the Yoast SEO plugin v27.4 - https:\/\/yoast.com\/product\/yoast-seo-wordpress\/ -->\n<title>CONICET San Luis realiz\u00f3 el 1\u00b0 Encuentro de Ciencia, Vinculaci\u00f3n y Medios - Facultad de Ingenier\u00eda y Ciencias Agropecuarias<\/title>\n<meta name=\"robots\" content=\"index, follow, max-snippet:-1, max-image-preview:large, max-video-preview:-1\" \/>\n<link rel=\"canonical\" href=\"https:\/\/www.fica.unsl.edu.ar\/index.php\/conicet-san-luis-realizo-el-1-encuentro-de-ciencia-vinculacion-y-medios\/\" \/>\n<meta property=\"og:locale\" content=\"es_ES\" \/>\n<meta property=\"og:type\" content=\"article\" \/>\n<meta property=\"og:title\" content=\"CONICET San Luis realiz\u00f3 el 1\u00b0 Encuentro de Ciencia, Vinculaci\u00f3n y Medios - Facultad de Ingenier\u00eda y Ciencias Agropecuarias\" \/>\n<meta property=\"og:description\" content=\"En el marco de un primer Encuentro que articula la labor cient\u00edfica con la vinculaci\u00f3n tecnol\u00f3gica y rol fundamental de los medios de comunicaci\u00f3n para&hellip;\" \/>\n<meta property=\"og:url\" content=\"https:\/\/www.fica.unsl.edu.ar\/index.php\/conicet-san-luis-realizo-el-1-encuentro-de-ciencia-vinculacion-y-medios\/\" \/>\n<meta property=\"og:site_name\" content=\"Facultad de Ingenier\u00eda y Ciencias Agropecuarias\" \/>\n<meta property=\"article:publisher\" content=\"https:\/\/www.facebook.com\/FICA.UNSL\/\" \/>\n<meta property=\"article:published_time\" content=\"2023-10-06T13:34:05+00:00\" \/>\n<meta property=\"article:modified_time\" content=\"2023-11-09T16:51:05+00:00\" \/>\n<meta property=\"og:image\" content=\"https:\/\/www.fica.unsl.edu.ar\/wp-content\/uploads\/2023\/10\/CONICET-FRONT-1.jpg\" \/>\n\t<meta property=\"og:image:width\" content=\"1061\" \/>\n\t<meta property=\"og:image:height\" content=\"585\" \/>\n\t<meta property=\"og:image:type\" content=\"image\/jpeg\" \/>\n<meta name=\"author\" content=\"DATI\" \/>\n<meta name=\"twitter:card\" content=\"summary_large_image\" \/>\n<meta name=\"twitter:creator\" content=\"@FICAUNSL\" \/>\n<meta name=\"twitter:site\" content=\"@FICAUNSL\" \/>\n<meta name=\"twitter:label1\" content=\"Escrito por\" \/>\n\t<meta name=\"twitter:data1\" content=\"DATI\" \/>\n\t<meta name=\"twitter:label2\" content=\"Tiempo de lectura\" \/>\n\t<meta name=\"twitter:data2\" content=\"3 minutos\" \/>\n<script type=\"application\/ld+json\" class=\"yoast-schema-graph\">{\"@context\":\"https:\\\/\\\/schema.org\",\"@graph\":[{\"@type\":\"Article\",\"@id\":\"https:\\\/\\\/www.fica.unsl.edu.ar\\\/index.php\\\/conicet-san-luis-realizo-el-1-encuentro-de-ciencia-vinculacion-y-medios\\\/#article\",\"isPartOf\":{\"@id\":\"https:\\\/\\\/www.fica.unsl.edu.ar\\\/index.php\\\/conicet-san-luis-realizo-el-1-encuentro-de-ciencia-vinculacion-y-medios\\\/\"},\"author\":{\"name\":\"DATI\",\"@id\":\"https:\\\/\\\/www.fica.unsl.edu.ar\\\/#\\\/schema\\\/person\\\/6058f9c66301868d3a691b1f5d6c3544\"},\"headline\":\"CONICET San Luis realiz\u00f3 el 1\u00b0 Encuentro de Ciencia, Vinculaci\u00f3n y Medios\",\"datePublished\":\"2023-10-06T13:34:05+00:00\",\"dateModified\":\"2023-11-09T16:51:05+00:00\",\"mainEntityOfPage\":{\"@id\":\"https:\\\/\\\/www.fica.unsl.edu.ar\\\/index.php\\\/conicet-san-luis-realizo-el-1-encuentro-de-ciencia-vinculacion-y-medios\\\/\"},\"wordCount\":587,\"publisher\":{\"@id\":\"https:\\\/\\\/www.fica.unsl.edu.ar\\\/#organization\"},\"image\":{\"@id\":\"https:\\\/\\\/www.fica.unsl.edu.ar\\\/index.php\\\/conicet-san-luis-realizo-el-1-encuentro-de-ciencia-vinculacion-y-medios\\\/#primaryimage\"},\"thumbnailUrl\":\"https:\\\/\\\/www.fica.unsl.edu.ar\\\/wp-content\\\/uploads\\\/2023\\\/10\\\/CONICET-FRONT-1.jpg\",\"articleSection\":[\"Noticias\"],\"inLanguage\":\"es-AR\"},{\"@type\":\"WebPage\",\"@id\":\"https:\\\/\\\/www.fica.unsl.edu.ar\\\/index.php\\\/conicet-san-luis-realizo-el-1-encuentro-de-ciencia-vinculacion-y-medios\\\/\",\"url\":\"https:\\\/\\\/www.fica.unsl.edu.ar\\\/index.php\\\/conicet-san-luis-realizo-el-1-encuentro-de-ciencia-vinculacion-y-medios\\\/\",\"name\":\"CONICET San Luis realiz\u00f3 el 1\u00b0 Encuentro de Ciencia, Vinculaci\u00f3n y Medios - Facultad de Ingenier\u00eda y Ciencias Agropecuarias\",\"isPartOf\":{\"@id\":\"https:\\\/\\\/www.fica.unsl.edu.ar\\\/#website\"},\"primaryImageOfPage\":{\"@id\":\"https:\\\/\\\/www.fica.unsl.edu.ar\\\/index.php\\\/conicet-san-luis-realizo-el-1-encuentro-de-ciencia-vinculacion-y-medios\\\/#primaryimage\"},\"image\":{\"@id\":\"https:\\\/\\\/www.fica.unsl.edu.ar\\\/index.php\\\/conicet-san-luis-realizo-el-1-encuentro-de-ciencia-vinculacion-y-medios\\\/#primaryimage\"},\"thumbnailUrl\":\"https:\\\/\\\/www.fica.unsl.edu.ar\\\/wp-content\\\/uploads\\\/2023\\\/10\\\/CONICET-FRONT-1.jpg\",\"datePublished\":\"2023-10-06T13:34:05+00:00\",\"dateModified\":\"2023-11-09T16:51:05+00:00\",\"inLanguage\":\"es-AR\",\"potentialAction\":[{\"@type\":\"ReadAction\",\"target\":[\"https:\\\/\\\/www.fica.unsl.edu.ar\\\/index.php\\\/conicet-san-luis-realizo-el-1-encuentro-de-ciencia-vinculacion-y-medios\\\/\"]}]},{\"@type\":\"ImageObject\",\"inLanguage\":\"es-AR\",\"@id\":\"https:\\\/\\\/www.fica.unsl.edu.ar\\\/index.php\\\/conicet-san-luis-realizo-el-1-encuentro-de-ciencia-vinculacion-y-medios\\\/#primaryimage\",\"url\":\"https:\\\/\\\/www.fica.unsl.edu.ar\\\/wp-content\\\/uploads\\\/2023\\\/10\\\/CONICET-FRONT-1.jpg\",\"contentUrl\":\"https:\\\/\\\/www.fica.unsl.edu.ar\\\/wp-content\\\/uploads\\\/2023\\\/10\\\/CONICET-FRONT-1.jpg\",\"width\":1061,\"height\":585},{\"@type\":\"WebSite\",\"@id\":\"https:\\\/\\\/www.fica.unsl.edu.ar\\\/#website\",\"url\":\"https:\\\/\\\/www.fica.unsl.edu.ar\\\/\",\"name\":\"Facultad de Ingenier\u00eda y Ciencias Agropecuarias\",\"description\":\"\",\"publisher\":{\"@id\":\"https:\\\/\\\/www.fica.unsl.edu.ar\\\/#organization\"},\"potentialAction\":[{\"@type\":\"SearchAction\",\"target\":{\"@type\":\"EntryPoint\",\"urlTemplate\":\"https:\\\/\\\/www.fica.unsl.edu.ar\\\/?s={search_term_string}\"},\"query-input\":{\"@type\":\"PropertyValueSpecification\",\"valueRequired\":true,\"valueName\":\"search_term_string\"}}],\"inLanguage\":\"es-AR\"},{\"@type\":\"Organization\",\"@id\":\"https:\\\/\\\/www.fica.unsl.edu.ar\\\/#organization\",\"name\":\"Facultad de Ingenier\u00eda y Ciencias Agropecuarias\",\"url\":\"https:\\\/\\\/www.fica.unsl.edu.ar\\\/\",\"logo\":{\"@type\":\"ImageObject\",\"inLanguage\":\"es-AR\",\"@id\":\"https:\\\/\\\/www.fica.unsl.edu.ar\\\/#\\\/schema\\\/logo\\\/image\\\/\",\"url\":\"https:\\\/\\\/www.fica.unsl.edu.ar\\\/wp-content\\\/uploads\\\/2021\\\/03\\\/LOGO-1.jpg\",\"contentUrl\":\"https:\\\/\\\/www.fica.unsl.edu.ar\\\/wp-content\\\/uploads\\\/2021\\\/03\\\/LOGO-1.jpg\",\"width\":463,\"height\":145,\"caption\":\"Facultad de Ingenier\u00eda y Ciencias Agropecuarias\"},\"image\":{\"@id\":\"https:\\\/\\\/www.fica.unsl.edu.ar\\\/#\\\/schema\\\/logo\\\/image\\\/\"},\"sameAs\":[\"https:\\\/\\\/www.facebook.com\\\/FICA.UNSL\\\/\",\"https:\\\/\\\/x.com\\\/FICAUNSL\",\"https:\\\/\\\/www.instagram.com\\\/fica.unsl\\\/\",\"https:\\\/\\\/www.youtube.com\\\/channel\\\/UCs2MM53gb2PyBrMySdtWZDQ\"]},{\"@type\":\"Person\",\"@id\":\"https:\\\/\\\/www.fica.unsl.edu.ar\\\/#\\\/schema\\\/person\\\/6058f9c66301868d3a691b1f5d6c3544\",\"name\":\"DATI\"}]}<\/script>\n<!-- \/ Yoast SEO plugin. -->","yoast_head_json":{"title":"CONICET San Luis realiz\u00f3 el 1\u00b0 Encuentro de Ciencia, Vinculaci\u00f3n y Medios - Facultad de Ingenier\u00eda y Ciencias Agropecuarias","robots":{"index":"index","follow":"follow","max-snippet":"max-snippet:-1","max-image-preview":"max-image-preview:large","max-video-preview":"max-video-preview:-1"},"canonical":"https:\/\/www.fica.unsl.edu.ar\/index.php\/conicet-san-luis-realizo-el-1-encuentro-de-ciencia-vinculacion-y-medios\/","og_locale":"es_ES","og_type":"article","og_title":"CONICET San Luis realiz\u00f3 el 1\u00b0 Encuentro de Ciencia, Vinculaci\u00f3n y Medios - Facultad de Ingenier\u00eda y Ciencias Agropecuarias","og_description":"En el marco de un primer Encuentro que articula la labor cient\u00edfica con la vinculaci\u00f3n tecnol\u00f3gica y rol fundamental de los medios de comunicaci\u00f3n para&hellip;","og_url":"https:\/\/www.fica.unsl.edu.ar\/index.php\/conicet-san-luis-realizo-el-1-encuentro-de-ciencia-vinculacion-y-medios\/","og_site_name":"Facultad de Ingenier\u00eda y Ciencias Agropecuarias","article_publisher":"https:\/\/www.facebook.com\/FICA.UNSL\/","article_published_time":"2023-10-06T13:34:05+00:00","article_modified_time":"2023-11-09T16:51:05+00:00","og_image":[{"width":1061,"height":585,"url":"https:\/\/www.fica.unsl.edu.ar\/wp-content\/uploads\/2023\/10\/CONICET-FRONT-1.jpg","type":"image\/jpeg"}],"author":"DATI","twitter_card":"summary_large_image","twitter_creator":"@FICAUNSL","twitter_site":"@FICAUNSL","twitter_misc":{"Escrito por":"DATI","Tiempo de lectura":"3 minutos"},"schema":{"@context":"https:\/\/schema.org","@graph":[{"@type":"Article","@id":"https:\/\/www.fica.unsl.edu.ar\/index.php\/conicet-san-luis-realizo-el-1-encuentro-de-ciencia-vinculacion-y-medios\/#article","isPartOf":{"@id":"https:\/\/www.fica.unsl.edu.ar\/index.php\/conicet-san-luis-realizo-el-1-encuentro-de-ciencia-vinculacion-y-medios\/"},"author":{"name":"DATI","@id":"https:\/\/www.fica.unsl.edu.ar\/#\/schema\/person\/6058f9c66301868d3a691b1f5d6c3544"},"headline":"CONICET San Luis realiz\u00f3 el 1\u00b0 Encuentro de Ciencia, Vinculaci\u00f3n y Medios","datePublished":"2023-10-06T13:34:05+00:00","dateModified":"2023-11-09T16:51:05+00:00","mainEntityOfPage":{"@id":"https:\/\/www.fica.unsl.edu.ar\/index.php\/conicet-san-luis-realizo-el-1-encuentro-de-ciencia-vinculacion-y-medios\/"},"wordCount":587,"publisher":{"@id":"https:\/\/www.fica.unsl.edu.ar\/#organization"},"image":{"@id":"https:\/\/www.fica.unsl.edu.ar\/index.php\/conicet-san-luis-realizo-el-1-encuentro-de-ciencia-vinculacion-y-medios\/#primaryimage"},"thumbnailUrl":"https:\/\/www.fica.unsl.edu.ar\/wp-content\/uploads\/2023\/10\/CONICET-FRONT-1.jpg","articleSection":["Noticias"],"inLanguage":"es-AR"},{"@type":"WebPage","@id":"https:\/\/www.fica.unsl.edu.ar\/index.php\/conicet-san-luis-realizo-el-1-encuentro-de-ciencia-vinculacion-y-medios\/","url":"https:\/\/www.fica.unsl.edu.ar\/index.php\/conicet-san-luis-realizo-el-1-encuentro-de-ciencia-vinculacion-y-medios\/","name":"CONICET San Luis realiz\u00f3 el 1\u00b0 Encuentro de Ciencia, Vinculaci\u00f3n y Medios - Facultad de Ingenier\u00eda y Ciencias Agropecuarias","isPartOf":{"@id":"https:\/\/www.fica.unsl.edu.ar\/#website"},"primaryImageOfPage":{"@id":"https:\/\/www.fica.unsl.edu.ar\/index.php\/conicet-san-luis-realizo-el-1-encuentro-de-ciencia-vinculacion-y-medios\/#primaryimage"},"image":{"@id":"https:\/\/www.fica.unsl.edu.ar\/index.php\/conicet-san-luis-realizo-el-1-encuentro-de-ciencia-vinculacion-y-medios\/#primaryimage"},"thumbnailUrl":"https:\/\/www.fica.unsl.edu.ar\/wp-content\/uploads\/2023\/10\/CONICET-FRONT-1.jpg","datePublished":"2023-10-06T13:34:05+00:00","dateModified":"2023-11-09T16:51:05+00:00","inLanguage":"es-AR","potentialAction":[{"@type":"ReadAction","target":["https:\/\/www.fica.unsl.edu.ar\/index.php\/conicet-san-luis-realizo-el-1-encuentro-de-ciencia-vinculacion-y-medios\/"]}]},{"@type":"ImageObject","inLanguage":"es-AR","@id":"https:\/\/www.fica.unsl.edu.ar\/index.php\/conicet-san-luis-realizo-el-1-encuentro-de-ciencia-vinculacion-y-medios\/#primaryimage","url":"https:\/\/www.fica.unsl.edu.ar\/wp-content\/uploads\/2023\/10\/CONICET-FRONT-1.jpg","contentUrl":"https:\/\/www.fica.unsl.edu.ar\/wp-content\/uploads\/2023\/10\/CONICET-FRONT-1.jpg","width":1061,"height":585},{"@type":"WebSite","@id":"https:\/\/www.fica.unsl.edu.ar\/#website","url":"https:\/\/www.fica.unsl.edu.ar\/","name":"Facultad de Ingenier\u00eda y Ciencias Agropecuarias","description":"","publisher":{"@id":"https:\/\/www.fica.unsl.edu.ar\/#organization"},"potentialAction":[{"@type":"SearchAction","target":{"@type":"EntryPoint","urlTemplate":"https:\/\/www.fica.unsl.edu.ar\/?s={search_term_string}"},"query-input":{"@type":"PropertyValueSpecification","valueRequired":true,"valueName":"search_term_string"}}],"inLanguage":"es-AR"},{"@type":"Organization","@id":"https:\/\/www.fica.unsl.edu.ar\/#organization","name":"Facultad de Ingenier\u00eda y Ciencias Agropecuarias","url":"https:\/\/www.fica.unsl.edu.ar\/","logo":{"@type":"ImageObject","inLanguage":"es-AR","@id":"https:\/\/www.fica.unsl.edu.ar\/#\/schema\/logo\/image\/","url":"https:\/\/www.fica.unsl.edu.ar\/wp-content\/uploads\/2021\/03\/LOGO-1.jpg","contentUrl":"https:\/\/www.fica.unsl.edu.ar\/wp-content\/uploads\/2021\/03\/LOGO-1.jpg","width":463,"height":145,"caption":"Facultad de Ingenier\u00eda y Ciencias Agropecuarias"},"image":{"@id":"https:\/\/www.fica.unsl.edu.ar\/#\/schema\/logo\/image\/"},"sameAs":["https:\/\/www.facebook.com\/FICA.UNSL\/","https:\/\/x.com\/FICAUNSL","https:\/\/www.instagram.com\/fica.unsl\/","https:\/\/www.youtube.com\/channel\/UCs2MM53gb2PyBrMySdtWZDQ"]},{"@type":"Person","@id":"https:\/\/www.fica.unsl.edu.ar\/#\/schema\/person\/6058f9c66301868d3a691b1f5d6c3544","name":"DATI"}]}},"_links":{"self":[{"href":"https:\/\/www.fica.unsl.edu.ar\/index.php\/wp-json\/wp\/v2\/posts\/14710","targetHints":{"allow":["GET"]}}],"collection":[{"href":"https:\/\/www.fica.unsl.edu.ar\/index.php\/wp-json\/wp\/v2\/posts"}],"about":[{"href":"https:\/\/www.fica.unsl.edu.ar\/index.php\/wp-json\/wp\/v2\/types\/post"}],"author":[{"embeddable":true,"href":"https:\/\/www.fica.unsl.edu.ar\/index.php\/wp-json\/wp\/v2\/users\/9"}],"replies":[{"embeddable":true,"href":"https:\/\/www.fica.unsl.edu.ar\/index.php\/wp-json\/wp\/v2\/comments?post=14710"}],"version-history":[{"count":1,"href":"https:\/\/www.fica.unsl.edu.ar\/index.php\/wp-json\/wp\/v2\/posts\/14710\/revisions"}],"predecessor-version":[{"id":14714,"href":"https:\/\/www.fica.unsl.edu.ar\/index.php\/wp-json\/wp\/v2\/posts\/14710\/revisions\/14714"}],"wp:featuredmedia":[{"embeddable":true,"href":"https:\/\/www.fica.unsl.edu.ar\/index.php\/wp-json\/wp\/v2\/media\/14713"}],"wp:attachment":[{"href":"https:\/\/www.fica.unsl.edu.ar\/index.php\/wp-json\/wp\/v2\/media?parent=14710"}],"wp:term":[{"taxonomy":"category","embeddable":true,"href":"https:\/\/www.fica.unsl.edu.ar\/index.php\/wp-json\/wp\/v2\/categories?post=14710"},{"taxonomy":"post_tag","embeddable":true,"href":"https:\/\/www.fica.unsl.edu.ar\/index.php\/wp-json\/wp\/v2\/tags?post=14710"}],"curies":[{"name":"wp","href":"https:\/\/api.w.org\/{rel}","templated":true}]}}