{"id":14817,"date":"2023-10-23T00:19:19","date_gmt":"2023-10-23T03:19:19","guid":{"rendered":"http:\/\/10.101.10.196\/www\/?p=14817"},"modified":"2023-10-26T09:36:45","modified_gmt":"2023-10-26T12:36:45","slug":"la-universidad-nacional-de-san-luis-celebra-sus-50-anos-en-villa-mercedes","status":"publish","type":"post","link":"https:\/\/www.fica.unsl.edu.ar\/index.php\/la-universidad-nacional-de-san-luis-celebra-sus-50-anos-en-villa-mercedes\/","title":{"rendered":"Festejo por los 50 A\u00d1OS de la UNSL: una jornada para que Villa Mercedes evoque una hist\u00f3rica gesta"},"content":{"rendered":"<p>El pr\u00f3ximo martes 24 de octubre, el Centro Universitario celebrar\u00e1, con una jornada completa de actividades y homenajes, los 50 a\u00f1os de creaci\u00f3n de la UNSL y evocar\u00e1 de manera especial la hist\u00f3rica gesta de la comunidad villamercedina que hace medio siglo luch\u00f3 para que la provincia tuviera su propia universidad.<\/p>\n<p>Los festejos comenzar\u00e1n a las 9hs en el edificio del Departamento de Ciencias Agropecuarias con la inauguraci\u00f3n un placa conmemorativa, exposici\u00f3n de fotos y el conversatorio \u201cRelatos sobre la historia. Una riqueza poco valorada\u201d; continuar\u00e1n a las 15 hs en el Edificio Central con el descubrimiento de una placa conmemorativa y la apertura de la Galer\u00eda de Decanos y Decanas.<\/p>\n<p>El acto central est\u00e1 previsto para las 15.30hs con la presentaci\u00f3n de dos libros: \u201cLa Universidad Nacional de San Luis (1910-1973). Una visi\u00f3n desde los sue\u00f1os y utop\u00edas de un pueblo\u201d a cargo del Sr. Rector de la UNSL, CPN. Victor Mori\u00f1igo y \u201c50 aniversario de la UNSL Villa Mercedes en libertad y conocimiento\u201d a cargo del Sr. Vicerector, Mgtr. H\u00e9ctor Flores. El Mgtr. Ricardo Ulises Miranda, ser\u00e1 el encargo de moderar la actividad.<\/p>\n<p>El cierre de las celebraciones ser\u00e1 a las 18.30, con la participaci\u00f3n de Algarroba.com (San Luis) y Blanco Amapola (Villa Mercedes).<\/p>\n<p>&nbsp;<\/p>\n<p><strong>Evocaci\u00f3n y homenajes<\/strong><\/p>\n<p>Esteban Arias, integrante de la comisi\u00f3n organizadora de los festejos por el 50\u00aa aniversario de la creaci\u00f3n de la UNSL, rescat\u00f3 de manera particular la posibilidad de evocar los 50 a\u00f1os de la hist\u00f3rica gesta de la comunidad villamercedina: \u201cPorque fue una verdadera gesta, ya que se activaron todos los sectores con un fin com\u00fan. Porque la creaci\u00f3n de la UNSL fue producto de una fuerte movilizaci\u00f3n de esos sectores de nuestra ciudad, ligados al comercio, la producci\u00f3n agropecuaria, de los obreros, de la docencia\u2026\u201d.<\/p>\n<p>Arias fue estudiante, docente, vicedecano y actualmente es director del departamento de Ciencias Sociales de la FCEJS. Mantiene vivos los recuerdos de quienes fueron los protagonistas de aquellas hist\u00f3ricas movilizaciones: \u201cMe acuerdo de algunos referentes, entre ellos, Romera (comercio), Carlos Viu (Caja de Cr\u00e9dito), Careaga (productor agropecuario), Oraldo Britos (gremios), Pedro Pablo Ossola (comunidad franciscana y docencia), Chenau de Vecino (directora de Escuela Normal)\u2026 Es decir, hubo integrantes de distintos sectores que se propusieron que nuestra ciudad tuviera estudios universitarios; que los hijos de la ciudad no se fueran a estudiar a los grandes centros universitarios como Buenos Aires, La Plata, C\u00f3rdoba, Santa Fe o Mendoza. A veces esos chicos volv\u00edan, pero en no pocos casos se radicaban en las ciudades donde hab\u00edan egresado como profesionales y eso significaba la p\u00e9rdida por parte de nuestra comunidad de sus integrantes, un proceso emigratorio por estudio y por trabajo\u201d.<\/p>\n<p>Por eso, destac\u00f3 que aquella gesta represent\u00f3 adem\u00e1s un \u201cdespegue\u201d de la ciudad en varios aspectos. \u201cA partir de la creaci\u00f3n de la UNSL y del Centro Universitario Villa Mercedes, se va a evitar que cientos de j\u00f3venes emigren; integrar a la ciudad en todas sus formas; incorporar profesionales locales y, por supuesto, con la radicaci\u00f3n industrial se producir\u00e1 otro gran impacto porque los estudios, justamente, apuntaban hacia los procesos productivos, tanto primarios como industriales. Entonces, empezamos a formar mano de obra calificada para la demanda que se fue dando\u201d.<\/p>\n<p>Esa gesta \u201cque llevaron adelante las personas sin inter\u00e9s econ\u00f3mico, sin inter\u00e9s pol\u00edtico, con el solo prop\u00f3sito de generarle un beneficio a la comunidad de Villa Mercedes, fue algo admirable. Porque sus protagonistas dedicaron tiempos, costos y esfuerzos para llevar adelante este hecho pol\u00edtico, cultural y educativo que fue la creaci\u00f3n de la UNSL\u201d.<\/p>\n<p>Remarc\u00f3 que toda esa historia est\u00e1 relatada y documentada minuciosamente en el libro de Ricardo Ulises Miranda \u201cLa Universidad Nacional de San Luis (1910-1973). Una visi\u00f3n desde los sue\u00f1os y utop\u00edas de un pueblo\u201d, donde se describe \u201cel proceso hist\u00f3rico de c\u00f3mo la comunidad de Villa Mercedes pele\u00f3 para la instalaci\u00f3n de una universidad en la provincia y en la ciudad en particular. Ser\u00eda interesante leerlo, porque ah\u00ed est\u00e1 muy bien documentado y probado fehacientemente que la creaci\u00f3n de la UNSL fue una gesta originada en Villa Mercedes\u201d.<\/p>\n<p>Por esas razones, Arias destac\u00f3 que durante las celebraciones habr\u00e1 reconocimientos especiales a las personas o familiares que participaron en esa lucha, adem\u00e1s de la participaci\u00f3n de representantes de instituciones de la provincia, docentes, nodocentes, estudiantes y p\u00fablico en general.<\/p>\n<p>&nbsp;<\/p>\n<p><strong>Programa<\/strong><\/p>\n<p>&nbsp;<\/p>\n<p><strong>Martes 24 de octubre<\/strong><\/p>\n<p>&nbsp;<\/p>\n<ul>\n<li>9 hs \u2013 Campus Universitario Edificio de Ciencias Agropecuarias<br \/>\n&#8211; Inauguraci\u00f3n placa conmemorativa<br \/>\n&#8211; Exposici\u00f3n de fotos<br \/>\n&#8211; Conversatorio \u201cRelatos sobre la historia. Una riqueza poco valorada\u201d<\/li>\n<li>15 hs Campus Universitario Edificio FCEJS y FICA<br \/>\n&#8211; Inauguraci\u00f3n placa conmemorativa<br \/>\n&#8211; Inauguraci\u00f3n Galer\u00eda de Decanos y Decanas<\/li>\n<li>15.30 hs \u2013 Acto central<br \/>\nPresentaci\u00f3n de libros: \u201cLa Universidad Nacional de San Luis (1910-1973). Una visi\u00f3n desde los sue\u00f1os y utop\u00edas de un pueblo\u201d y \u201c50 aniversario de la UNSL Villa Mercedes en libertad y conocimiento\u201d.<\/li>\n<li>18.30 hs \u2013 Cierre Musical<\/li>\n<\/ul>\n<p>&nbsp;<\/p>\n<div class=\"gmedia_gallery phantom_module is_bot\" id=\"GmediaGallery_173\" data-gmid=\"173\" data-module=\"phantom\"><style type='text\/css' class='gmedia_module_style_import'>@import url('https:\/\/www.fica.unsl.edu.ar\/wp-content\/plugins\/grand-media\/module\/phantom\/css\/style.css') all;<\/style>    <div class=\"gmPhantom_Container noLightbox\" >\r\n                <div class=\"gmPhantom_thumbsWrapper gmPhantom_ThumbScale gmPhantom_LabelHover\">\r\n                        <div class=\"gmPhantom_ThumbContainer gmPhantom_ThumbLoader\" data-id=\"2466\" data-post_id=\"14821\" data-ratio=\"1\" data-type=\"image\" data-ext=\"jpg\" data-views=\"20\" data-likes=\"0\" data-cc=\"0\" data-post_link=\"https:\/\/www.fica.unsl.edu.ar\/index.php\/gmedia\/flyer-programa-50-jpg\/\">\r\n                <a href=\"https:\/\/www.fica.unsl.edu.ar\/wp-content\/grand-media\/image\/FLYER--PROGRAMA-50.jpg\" class=\"gmPhantom_Thumb\"><img decoding=\"async\" src=\"https:\/\/www.fica.unsl.edu.ar\/wp-content\/grand-media\/image\/thumb\/FLYER--PROGRAMA-50.jpg\" data-src=\"https:\/\/www.fica.unsl.edu.ar\/wp-content\/grand-media\/image\/FLYER--PROGRAMA-50.jpg\" alt=\"FLYER--PROGRAMA-50\"\/><\/a>\r\n                                    <div class=\"gmPhantom_ThumbLabel\"><span class=\"gmPhantom_ThumbLabel_title\">FLYER--PROGRAMA-50<\/span><\/div>\r\n                                    <div style=\"display:none;\" class=\"gmPhantom_Details\">\r\n                                            <div class=\"gmPhantom_description\">\r\n                            <div class=\"gmPhantom_title\">FLYER--PROGRAMA-50<\/div>\r\n                            <div class=\"gmPhantom_text\"><\/div>\r\n                        <\/div>\r\n                                                            <div class=\"gmPhantom_terms\">\r\n                                                    <div class=\"gmPhantom_other_terms\">\r\n                                <table class=\"gmPhantom_other_terms_table\">\r\n                                                                            <tr class=\"gmPhantom_term_row_album\">\r\n                                            <td class=\"gmPhantom_term_key\">Album<\/td>\r\n                                            <td class=\"gmPhantom_term_value\"><a href=\"\/index.php\/wp-json\/wp\/v2\/posts\/14817?gm173[album__in]=173\" class=\"gmPhantom_alb\">programa-50-unsl-2023<\/a><\/td>\r\n                                        <\/tr>\r\n                                                                    <\/table>\r\n                            <\/div>\r\n                                                <\/div>\r\n                <\/div>\r\n                <\/div>            <div class=\"gmPhantom_ThumbContainer gmPhantom_ThumbLoader\" data-id=\"2465\" data-post_id=\"14820\" data-ratio=\"1\" data-type=\"image\" data-ext=\"jpg\" data-views=\"14\" data-likes=\"0\" data-cc=\"0\" data-post_link=\"https:\/\/www.fica.unsl.edu.ar\/index.php\/gmedia\/flyer-amapola-jpg\/\">\r\n                <a href=\"https:\/\/www.fica.unsl.edu.ar\/wp-content\/grand-media\/image\/FLYER-Amapola.jpg\" class=\"gmPhantom_Thumb\"><img decoding=\"async\" src=\"https:\/\/www.fica.unsl.edu.ar\/wp-content\/grand-media\/image\/thumb\/FLYER-Amapola.jpg\" data-src=\"https:\/\/www.fica.unsl.edu.ar\/wp-content\/grand-media\/image\/FLYER-Amapola.jpg\" alt=\"FLYER-Amapola\"\/><\/a>\r\n                                    <div class=\"gmPhantom_ThumbLabel\"><span class=\"gmPhantom_ThumbLabel_title\">FLYER-Amapola<\/span><\/div>\r\n                                    <div style=\"display:none;\" class=\"gmPhantom_Details\">\r\n                                            <div class=\"gmPhantom_description\">\r\n                            <div class=\"gmPhantom_title\">FLYER-Amapola<\/div>\r\n                            <div class=\"gmPhantom_text\"><\/div>\r\n                        <\/div>\r\n                                                            <div class=\"gmPhantom_terms\">\r\n                                                    <div class=\"gmPhantom_other_terms\">\r\n                                <table class=\"gmPhantom_other_terms_table\">\r\n                                                                            <tr class=\"gmPhantom_term_row_album\">\r\n                                            <td class=\"gmPhantom_term_key\">Album<\/td>\r\n                                            <td class=\"gmPhantom_term_value\"><a href=\"\/index.php\/wp-json\/wp\/v2\/posts\/14817?gm173[album__in]=173\" class=\"gmPhantom_alb\">programa-50-unsl-2023<\/a><\/td>\r\n                                        <\/tr>\r\n                                                                    <\/table>\r\n                            <\/div>\r\n                                                <\/div>\r\n                <\/div>\r\n                <\/div>            <div class=\"gmPhantom_ThumbContainer gmPhantom_ThumbLoader\" data-id=\"2464\" data-post_id=\"14819\" data-ratio=\"1\" data-type=\"image\" data-ext=\"jpg\" data-views=\"13\" data-likes=\"0\" data-cc=\"0\" data-post_link=\"https:\/\/www.fica.unsl.edu.ar\/index.php\/gmedia\/flyer-algarroba-jpg\/\">\r\n                <a href=\"https:\/\/www.fica.unsl.edu.ar\/wp-content\/grand-media\/image\/FLYER-ALGARROBA.jpg\" class=\"gmPhantom_Thumb\"><img decoding=\"async\" src=\"https:\/\/www.fica.unsl.edu.ar\/wp-content\/grand-media\/image\/thumb\/FLYER-ALGARROBA.jpg\" data-src=\"https:\/\/www.fica.unsl.edu.ar\/wp-content\/grand-media\/image\/FLYER-ALGARROBA.jpg\" alt=\"FLYER-ALGARROBA\"\/><\/a>\r\n                                    <div class=\"gmPhantom_ThumbLabel\"><span class=\"gmPhantom_ThumbLabel_title\">FLYER-ALGARROBA<\/span><\/div>\r\n                                    <div style=\"display:none;\" class=\"gmPhantom_Details\">\r\n                                            <div class=\"gmPhantom_description\">\r\n                            <div class=\"gmPhantom_title\">FLYER-ALGARROBA<\/div>\r\n                            <div class=\"gmPhantom_text\"><\/div>\r\n                        <\/div>\r\n                                                            <div class=\"gmPhantom_terms\">\r\n                                                    <div class=\"gmPhantom_other_terms\">\r\n                                <table class=\"gmPhantom_other_terms_table\">\r\n                                                                            <tr class=\"gmPhantom_term_row_album\">\r\n                                            <td class=\"gmPhantom_term_key\">Album<\/td>\r\n                                            <td class=\"gmPhantom_term_value\"><a href=\"\/index.php\/wp-json\/wp\/v2\/posts\/14817?gm173[album__in]=173\" class=\"gmPhantom_alb\">programa-50-unsl-2023<\/a><\/td>\r\n                                        <\/tr>\r\n                                                                    <\/table>\r\n                            <\/div>\r\n                                                <\/div>\r\n                <\/div>\r\n                <\/div>        <\/div>\r\n    <\/div>\r\n<\/div>\n<p>&nbsp;<\/p>\n<p><strong>Nota: Jos\u00e9 Luis Baigorria \u2013 Radio UNSL\u00a0Villa\u00a0Mercedes<\/strong><\/p>\n<p>&nbsp;<\/p>\n<p>&nbsp;<\/p>\n","protected":false},"excerpt":{"rendered":"<p>El pr\u00f3ximo martes 24 de octubre, el Centro Universitario celebrar\u00e1, con una jornada completa de actividades y homenajes, los 50 a\u00f1os de creaci\u00f3n de la&hellip;<\/p>\n","protected":false},"author":9,"featured_media":14839,"comment_status":"closed","ping_status":"closed","sticky":false,"template":"","format":"standard","meta":{"_monsterinsights_skip_tracking":false,"_monsterinsights_sitenote_active":false,"_monsterinsights_sitenote_note":"","_monsterinsights_sitenote_category":0,"_joinchat":[],"footnotes":""},"categories":[19],"tags":[],"class_list":["post-14817","post","type-post","status-publish","format-standard","has-post-thumbnail","hentry","category-noticias"],"yoast_head":"<!-- This site is optimized with the Yoast SEO plugin v27.4 - https:\/\/yoast.com\/product\/yoast-seo-wordpress\/ -->\n<title>Festejo por los 50 A\u00d1OS de la UNSL: una jornada para que Villa Mercedes evoque una hist\u00f3rica gesta - Facultad de Ingenier\u00eda y Ciencias Agropecuarias<\/title>\n<meta name=\"robots\" content=\"index, follow, max-snippet:-1, max-image-preview:large, max-video-preview:-1\" \/>\n<link rel=\"canonical\" href=\"https:\/\/www.fica.unsl.edu.ar\/index.php\/la-universidad-nacional-de-san-luis-celebra-sus-50-anos-en-villa-mercedes\/\" \/>\n<meta property=\"og:locale\" content=\"es_ES\" \/>\n<meta property=\"og:type\" content=\"article\" \/>\n<meta property=\"og:title\" content=\"Festejo por los 50 A\u00d1OS de la UNSL: una jornada para que Villa Mercedes evoque una hist\u00f3rica gesta - Facultad de Ingenier\u00eda y Ciencias Agropecuarias\" \/>\n<meta property=\"og:description\" content=\"El pr\u00f3ximo martes 24 de octubre, el Centro Universitario celebrar\u00e1, con una jornada completa de actividades y homenajes, los 50 a\u00f1os de creaci\u00f3n de la&hellip;\" \/>\n<meta property=\"og:url\" content=\"https:\/\/www.fica.unsl.edu.ar\/index.php\/la-universidad-nacional-de-san-luis-celebra-sus-50-anos-en-villa-mercedes\/\" \/>\n<meta property=\"og:site_name\" content=\"Facultad de Ingenier\u00eda y Ciencias Agropecuarias\" \/>\n<meta property=\"article:publisher\" content=\"https:\/\/www.facebook.com\/FICA.UNSL\/\" \/>\n<meta property=\"article:published_time\" content=\"2023-10-23T03:19:19+00:00\" \/>\n<meta property=\"article:modified_time\" content=\"2023-10-26T12:36:45+00:00\" \/>\n<meta property=\"og:image\" content=\"https:\/\/www.fica.unsl.edu.ar\/wp-content\/uploads\/2023\/10\/CELEBRACION-50-VM-.jpg\" \/>\n\t<meta property=\"og:image:width\" content=\"1061\" \/>\n\t<meta property=\"og:image:height\" content=\"585\" \/>\n\t<meta property=\"og:image:type\" content=\"image\/jpeg\" \/>\n<meta name=\"author\" content=\"DATI\" \/>\n<meta name=\"twitter:card\" content=\"summary_large_image\" \/>\n<meta name=\"twitter:creator\" content=\"@FICAUNSL\" \/>\n<meta name=\"twitter:site\" content=\"@FICAUNSL\" \/>\n<meta name=\"twitter:label1\" content=\"Escrito por\" \/>\n\t<meta name=\"twitter:data1\" content=\"DATI\" \/>\n\t<meta name=\"twitter:label2\" content=\"Tiempo de lectura\" \/>\n\t<meta name=\"twitter:data2\" content=\"4 minutos\" \/>\n<script type=\"application\/ld+json\" class=\"yoast-schema-graph\">{\"@context\":\"https:\\\/\\\/schema.org\",\"@graph\":[{\"@type\":\"Article\",\"@id\":\"https:\\\/\\\/www.fica.unsl.edu.ar\\\/index.php\\\/la-universidad-nacional-de-san-luis-celebra-sus-50-anos-en-villa-mercedes\\\/#article\",\"isPartOf\":{\"@id\":\"https:\\\/\\\/www.fica.unsl.edu.ar\\\/index.php\\\/la-universidad-nacional-de-san-luis-celebra-sus-50-anos-en-villa-mercedes\\\/\"},\"author\":{\"name\":\"DATI\",\"@id\":\"https:\\\/\\\/www.fica.unsl.edu.ar\\\/#\\\/schema\\\/person\\\/6058f9c66301868d3a691b1f5d6c3544\"},\"headline\":\"Festejo por los 50 A\u00d1OS de la UNSL: una jornada para que Villa Mercedes evoque una hist\u00f3rica gesta\",\"datePublished\":\"2023-10-23T03:19:19+00:00\",\"dateModified\":\"2023-10-26T12:36:45+00:00\",\"mainEntityOfPage\":{\"@id\":\"https:\\\/\\\/www.fica.unsl.edu.ar\\\/index.php\\\/la-universidad-nacional-de-san-luis-celebra-sus-50-anos-en-villa-mercedes\\\/\"},\"wordCount\":890,\"publisher\":{\"@id\":\"https:\\\/\\\/www.fica.unsl.edu.ar\\\/#organization\"},\"image\":{\"@id\":\"https:\\\/\\\/www.fica.unsl.edu.ar\\\/index.php\\\/la-universidad-nacional-de-san-luis-celebra-sus-50-anos-en-villa-mercedes\\\/#primaryimage\"},\"thumbnailUrl\":\"https:\\\/\\\/www.fica.unsl.edu.ar\\\/wp-content\\\/uploads\\\/2023\\\/10\\\/CELEBRACION-50-VM-.jpg\",\"articleSection\":[\"Noticias\"],\"inLanguage\":\"es-AR\"},{\"@type\":\"WebPage\",\"@id\":\"https:\\\/\\\/www.fica.unsl.edu.ar\\\/index.php\\\/la-universidad-nacional-de-san-luis-celebra-sus-50-anos-en-villa-mercedes\\\/\",\"url\":\"https:\\\/\\\/www.fica.unsl.edu.ar\\\/index.php\\\/la-universidad-nacional-de-san-luis-celebra-sus-50-anos-en-villa-mercedes\\\/\",\"name\":\"Festejo por los 50 A\u00d1OS de la UNSL: una jornada para que Villa Mercedes evoque una hist\u00f3rica gesta - Facultad de Ingenier\u00eda y Ciencias Agropecuarias\",\"isPartOf\":{\"@id\":\"https:\\\/\\\/www.fica.unsl.edu.ar\\\/#website\"},\"primaryImageOfPage\":{\"@id\":\"https:\\\/\\\/www.fica.unsl.edu.ar\\\/index.php\\\/la-universidad-nacional-de-san-luis-celebra-sus-50-anos-en-villa-mercedes\\\/#primaryimage\"},\"image\":{\"@id\":\"https:\\\/\\\/www.fica.unsl.edu.ar\\\/index.php\\\/la-universidad-nacional-de-san-luis-celebra-sus-50-anos-en-villa-mercedes\\\/#primaryimage\"},\"thumbnailUrl\":\"https:\\\/\\\/www.fica.unsl.edu.ar\\\/wp-content\\\/uploads\\\/2023\\\/10\\\/CELEBRACION-50-VM-.jpg\",\"datePublished\":\"2023-10-23T03:19:19+00:00\",\"dateModified\":\"2023-10-26T12:36:45+00:00\",\"inLanguage\":\"es-AR\",\"potentialAction\":[{\"@type\":\"ReadAction\",\"target\":[\"https:\\\/\\\/www.fica.unsl.edu.ar\\\/index.php\\\/la-universidad-nacional-de-san-luis-celebra-sus-50-anos-en-villa-mercedes\\\/\"]}]},{\"@type\":\"ImageObject\",\"inLanguage\":\"es-AR\",\"@id\":\"https:\\\/\\\/www.fica.unsl.edu.ar\\\/index.php\\\/la-universidad-nacional-de-san-luis-celebra-sus-50-anos-en-villa-mercedes\\\/#primaryimage\",\"url\":\"https:\\\/\\\/www.fica.unsl.edu.ar\\\/wp-content\\\/uploads\\\/2023\\\/10\\\/CELEBRACION-50-VM-.jpg\",\"contentUrl\":\"https:\\\/\\\/www.fica.unsl.edu.ar\\\/wp-content\\\/uploads\\\/2023\\\/10\\\/CELEBRACION-50-VM-.jpg\",\"width\":1061,\"height\":585},{\"@type\":\"WebSite\",\"@id\":\"https:\\\/\\\/www.fica.unsl.edu.ar\\\/#website\",\"url\":\"https:\\\/\\\/www.fica.unsl.edu.ar\\\/\",\"name\":\"Facultad de Ingenier\u00eda y Ciencias Agropecuarias\",\"description\":\"\",\"publisher\":{\"@id\":\"https:\\\/\\\/www.fica.unsl.edu.ar\\\/#organization\"},\"potentialAction\":[{\"@type\":\"SearchAction\",\"target\":{\"@type\":\"EntryPoint\",\"urlTemplate\":\"https:\\\/\\\/www.fica.unsl.edu.ar\\\/?s={search_term_string}\"},\"query-input\":{\"@type\":\"PropertyValueSpecification\",\"valueRequired\":true,\"valueName\":\"search_term_string\"}}],\"inLanguage\":\"es-AR\"},{\"@type\":\"Organization\",\"@id\":\"https:\\\/\\\/www.fica.unsl.edu.ar\\\/#organization\",\"name\":\"Facultad de Ingenier\u00eda y Ciencias Agropecuarias\",\"url\":\"https:\\\/\\\/www.fica.unsl.edu.ar\\\/\",\"logo\":{\"@type\":\"ImageObject\",\"inLanguage\":\"es-AR\",\"@id\":\"https:\\\/\\\/www.fica.unsl.edu.ar\\\/#\\\/schema\\\/logo\\\/image\\\/\",\"url\":\"https:\\\/\\\/www.fica.unsl.edu.ar\\\/wp-content\\\/uploads\\\/2021\\\/03\\\/LOGO-1.jpg\",\"contentUrl\":\"https:\\\/\\\/www.fica.unsl.edu.ar\\\/wp-content\\\/uploads\\\/2021\\\/03\\\/LOGO-1.jpg\",\"width\":463,\"height\":145,\"caption\":\"Facultad de Ingenier\u00eda y Ciencias Agropecuarias\"},\"image\":{\"@id\":\"https:\\\/\\\/www.fica.unsl.edu.ar\\\/#\\\/schema\\\/logo\\\/image\\\/\"},\"sameAs\":[\"https:\\\/\\\/www.facebook.com\\\/FICA.UNSL\\\/\",\"https:\\\/\\\/x.com\\\/FICAUNSL\",\"https:\\\/\\\/www.instagram.com\\\/fica.unsl\\\/\",\"https:\\\/\\\/www.youtube.com\\\/channel\\\/UCs2MM53gb2PyBrMySdtWZDQ\"]},{\"@type\":\"Person\",\"@id\":\"https:\\\/\\\/www.fica.unsl.edu.ar\\\/#\\\/schema\\\/person\\\/6058f9c66301868d3a691b1f5d6c3544\",\"name\":\"DATI\"}]}<\/script>\n<!-- \/ Yoast SEO plugin. -->","yoast_head_json":{"title":"Festejo por los 50 A\u00d1OS de la UNSL: una jornada para que Villa Mercedes evoque una hist\u00f3rica gesta - Facultad de Ingenier\u00eda y Ciencias Agropecuarias","robots":{"index":"index","follow":"follow","max-snippet":"max-snippet:-1","max-image-preview":"max-image-preview:large","max-video-preview":"max-video-preview:-1"},"canonical":"https:\/\/www.fica.unsl.edu.ar\/index.php\/la-universidad-nacional-de-san-luis-celebra-sus-50-anos-en-villa-mercedes\/","og_locale":"es_ES","og_type":"article","og_title":"Festejo por los 50 A\u00d1OS de la UNSL: una jornada para que Villa Mercedes evoque una hist\u00f3rica gesta - Facultad de Ingenier\u00eda y Ciencias Agropecuarias","og_description":"El pr\u00f3ximo martes 24 de octubre, el Centro Universitario celebrar\u00e1, con una jornada completa de actividades y homenajes, los 50 a\u00f1os de creaci\u00f3n de la&hellip;","og_url":"https:\/\/www.fica.unsl.edu.ar\/index.php\/la-universidad-nacional-de-san-luis-celebra-sus-50-anos-en-villa-mercedes\/","og_site_name":"Facultad de Ingenier\u00eda y Ciencias Agropecuarias","article_publisher":"https:\/\/www.facebook.com\/FICA.UNSL\/","article_published_time":"2023-10-23T03:19:19+00:00","article_modified_time":"2023-10-26T12:36:45+00:00","og_image":[{"width":1061,"height":585,"url":"https:\/\/www.fica.unsl.edu.ar\/wp-content\/uploads\/2023\/10\/CELEBRACION-50-VM-.jpg","type":"image\/jpeg"}],"author":"DATI","twitter_card":"summary_large_image","twitter_creator":"@FICAUNSL","twitter_site":"@FICAUNSL","twitter_misc":{"Escrito por":"DATI","Tiempo de lectura":"4 minutos"},"schema":{"@context":"https:\/\/schema.org","@graph":[{"@type":"Article","@id":"https:\/\/www.fica.unsl.edu.ar\/index.php\/la-universidad-nacional-de-san-luis-celebra-sus-50-anos-en-villa-mercedes\/#article","isPartOf":{"@id":"https:\/\/www.fica.unsl.edu.ar\/index.php\/la-universidad-nacional-de-san-luis-celebra-sus-50-anos-en-villa-mercedes\/"},"author":{"name":"DATI","@id":"https:\/\/www.fica.unsl.edu.ar\/#\/schema\/person\/6058f9c66301868d3a691b1f5d6c3544"},"headline":"Festejo por los 50 A\u00d1OS de la UNSL: una jornada para que Villa Mercedes evoque una hist\u00f3rica gesta","datePublished":"2023-10-23T03:19:19+00:00","dateModified":"2023-10-26T12:36:45+00:00","mainEntityOfPage":{"@id":"https:\/\/www.fica.unsl.edu.ar\/index.php\/la-universidad-nacional-de-san-luis-celebra-sus-50-anos-en-villa-mercedes\/"},"wordCount":890,"publisher":{"@id":"https:\/\/www.fica.unsl.edu.ar\/#organization"},"image":{"@id":"https:\/\/www.fica.unsl.edu.ar\/index.php\/la-universidad-nacional-de-san-luis-celebra-sus-50-anos-en-villa-mercedes\/#primaryimage"},"thumbnailUrl":"https:\/\/www.fica.unsl.edu.ar\/wp-content\/uploads\/2023\/10\/CELEBRACION-50-VM-.jpg","articleSection":["Noticias"],"inLanguage":"es-AR"},{"@type":"WebPage","@id":"https:\/\/www.fica.unsl.edu.ar\/index.php\/la-universidad-nacional-de-san-luis-celebra-sus-50-anos-en-villa-mercedes\/","url":"https:\/\/www.fica.unsl.edu.ar\/index.php\/la-universidad-nacional-de-san-luis-celebra-sus-50-anos-en-villa-mercedes\/","name":"Festejo por los 50 A\u00d1OS de la UNSL: una jornada para que Villa Mercedes evoque una hist\u00f3rica gesta - Facultad de Ingenier\u00eda y Ciencias Agropecuarias","isPartOf":{"@id":"https:\/\/www.fica.unsl.edu.ar\/#website"},"primaryImageOfPage":{"@id":"https:\/\/www.fica.unsl.edu.ar\/index.php\/la-universidad-nacional-de-san-luis-celebra-sus-50-anos-en-villa-mercedes\/#primaryimage"},"image":{"@id":"https:\/\/www.fica.unsl.edu.ar\/index.php\/la-universidad-nacional-de-san-luis-celebra-sus-50-anos-en-villa-mercedes\/#primaryimage"},"thumbnailUrl":"https:\/\/www.fica.unsl.edu.ar\/wp-content\/uploads\/2023\/10\/CELEBRACION-50-VM-.jpg","datePublished":"2023-10-23T03:19:19+00:00","dateModified":"2023-10-26T12:36:45+00:00","inLanguage":"es-AR","potentialAction":[{"@type":"ReadAction","target":["https:\/\/www.fica.unsl.edu.ar\/index.php\/la-universidad-nacional-de-san-luis-celebra-sus-50-anos-en-villa-mercedes\/"]}]},{"@type":"ImageObject","inLanguage":"es-AR","@id":"https:\/\/www.fica.unsl.edu.ar\/index.php\/la-universidad-nacional-de-san-luis-celebra-sus-50-anos-en-villa-mercedes\/#primaryimage","url":"https:\/\/www.fica.unsl.edu.ar\/wp-content\/uploads\/2023\/10\/CELEBRACION-50-VM-.jpg","contentUrl":"https:\/\/www.fica.unsl.edu.ar\/wp-content\/uploads\/2023\/10\/CELEBRACION-50-VM-.jpg","width":1061,"height":585},{"@type":"WebSite","@id":"https:\/\/www.fica.unsl.edu.ar\/#website","url":"https:\/\/www.fica.unsl.edu.ar\/","name":"Facultad de Ingenier\u00eda y Ciencias Agropecuarias","description":"","publisher":{"@id":"https:\/\/www.fica.unsl.edu.ar\/#organization"},"potentialAction":[{"@type":"SearchAction","target":{"@type":"EntryPoint","urlTemplate":"https:\/\/www.fica.unsl.edu.ar\/?s={search_term_string}"},"query-input":{"@type":"PropertyValueSpecification","valueRequired":true,"valueName":"search_term_string"}}],"inLanguage":"es-AR"},{"@type":"Organization","@id":"https:\/\/www.fica.unsl.edu.ar\/#organization","name":"Facultad de Ingenier\u00eda y Ciencias Agropecuarias","url":"https:\/\/www.fica.unsl.edu.ar\/","logo":{"@type":"ImageObject","inLanguage":"es-AR","@id":"https:\/\/www.fica.unsl.edu.ar\/#\/schema\/logo\/image\/","url":"https:\/\/www.fica.unsl.edu.ar\/wp-content\/uploads\/2021\/03\/LOGO-1.jpg","contentUrl":"https:\/\/www.fica.unsl.edu.ar\/wp-content\/uploads\/2021\/03\/LOGO-1.jpg","width":463,"height":145,"caption":"Facultad de Ingenier\u00eda y Ciencias Agropecuarias"},"image":{"@id":"https:\/\/www.fica.unsl.edu.ar\/#\/schema\/logo\/image\/"},"sameAs":["https:\/\/www.facebook.com\/FICA.UNSL\/","https:\/\/x.com\/FICAUNSL","https:\/\/www.instagram.com\/fica.unsl\/","https:\/\/www.youtube.com\/channel\/UCs2MM53gb2PyBrMySdtWZDQ"]},{"@type":"Person","@id":"https:\/\/www.fica.unsl.edu.ar\/#\/schema\/person\/6058f9c66301868d3a691b1f5d6c3544","name":"DATI"}]}},"_links":{"self":[{"href":"https:\/\/www.fica.unsl.edu.ar\/index.php\/wp-json\/wp\/v2\/posts\/14817","targetHints":{"allow":["GET"]}}],"collection":[{"href":"https:\/\/www.fica.unsl.edu.ar\/index.php\/wp-json\/wp\/v2\/posts"}],"about":[{"href":"https:\/\/www.fica.unsl.edu.ar\/index.php\/wp-json\/wp\/v2\/types\/post"}],"author":[{"embeddable":true,"href":"https:\/\/www.fica.unsl.edu.ar\/index.php\/wp-json\/wp\/v2\/users\/9"}],"replies":[{"embeddable":true,"href":"https:\/\/www.fica.unsl.edu.ar\/index.php\/wp-json\/wp\/v2\/comments?post=14817"}],"version-history":[{"count":4,"href":"https:\/\/www.fica.unsl.edu.ar\/index.php\/wp-json\/wp\/v2\/posts\/14817\/revisions"}],"predecessor-version":[{"id":14898,"href":"https:\/\/www.fica.unsl.edu.ar\/index.php\/wp-json\/wp\/v2\/posts\/14817\/revisions\/14898"}],"wp:featuredmedia":[{"embeddable":true,"href":"https:\/\/www.fica.unsl.edu.ar\/index.php\/wp-json\/wp\/v2\/media\/14839"}],"wp:attachment":[{"href":"https:\/\/www.fica.unsl.edu.ar\/index.php\/wp-json\/wp\/v2\/media?parent=14817"}],"wp:term":[{"taxonomy":"category","embeddable":true,"href":"https:\/\/www.fica.unsl.edu.ar\/index.php\/wp-json\/wp\/v2\/categories?post=14817"},{"taxonomy":"post_tag","embeddable":true,"href":"https:\/\/www.fica.unsl.edu.ar\/index.php\/wp-json\/wp\/v2\/tags?post=14817"}],"curies":[{"name":"wp","href":"https:\/\/api.w.org\/{rel}","templated":true}]}}