{"id":14899,"date":"2023-10-20T08:06:06","date_gmt":"2023-10-20T11:06:06","guid":{"rendered":"http:\/\/10.101.10.196\/www\/?p=14899"},"modified":"2023-10-20T14:06:52","modified_gmt":"2023-10-20T17:06:52","slug":"20-de-octubre-dia-mundial-de-la-estadistica","status":"publish","type":"post","link":"https:\/\/www.fica.unsl.edu.ar\/index.php\/20-de-octubre-dia-mundial-de-la-estadistica\/","title":{"rendered":"20 de octubre: D\u00eda Mundial de la Estad\u00edstica"},"content":{"rendered":"<p>En su 41\u00aa sesi\u00f3n, celebrada en febrero de 2010, la Comisi\u00f3n de Estad\u00edstica de las Naciones Unidas propuso celebrar el 20 de octubre, como el D\u00eda Mundial de la Estad\u00edstica en su decisi\u00f3n 41\/109, en el cual:<\/p>\n<p>Hizo suya la propuesta de que el 20 de octubre de 2010, se celebrara el primer D\u00eda Mundial de la Estad\u00edstica;<\/p>\n<p>Solicit\u00f3 a la Divisi\u00f3n de Estad\u00edstica de las Naciones Unidas que preparara un conjunto de fuentes y recursos sobre las celebraciones y actividades del D\u00eda Mundial de la Estad\u00edstica y lo pusiera a disposici\u00f3n del p\u00fablico en un sitio web espec\u00edfico;<\/p>\n<p>Inst\u00f3 a todos los Estados Miembros a conmemorar el D\u00eda Mundial de la Estad\u00edstica y organizar actividades conexas en cooperaci\u00f3n no solo con todos los institutos de los sistemas nacionales de estad\u00edstica, sino tambi\u00e9n con los investigadores, los acad\u00e9micos, los medios de comunicaci\u00f3n y dem\u00e1s usuarios de las estad\u00edsticas.<\/p>\n<p>Reconociendo que la importancia de la producci\u00f3n oportuna de estad\u00edsticas e indicadores confiables que midan el avance alcanzado por el pa\u00eds es un elemento indispensable en la toma de decisiones para pol\u00edticas y en el seguimiento de los Objetivos de Desarrollo del Milenio, la Asamblea General de la ONU adopt\u00f3 el 3 de junio de 2010 la resoluci\u00f3n A\/64\/267, proclamando oficialmente el 20 de octubre de 2010, como el primer D\u00eda Mundial de la Estad\u00edstica [3]. con el tema general \u201cCelebraci\u00f3n de los numerosos logros de las estad\u00edsticas oficiales\u201d y los valores b\u00e1sicos de servicio, integridad y profesionalidad\u201d.<\/p>\n<p>De igual forma la Asamblea tambi\u00e9n tom\u00f3 nota que en 2015, se conmemora el bicentenario del nacimiento de George Boole, cuya labor con respecto a la aplicaci\u00f3n de los principios de la l\u00f3gica como una forma de \u00e1lgebra sirve de fundamento a la inform\u00e1tica moderna.<\/p>\n<p>Debido a lo anterior, el Ex Secretario de las Naciones Unidas hace hincapi\u00e9 y menciona que \u201cLas estad\u00edsticas est\u00e1n presentes en todos los aspectos de la vida moderna. Forman la base de muchas decisiones gubernamentales, empresarias y comunitarias. Proporcionan informaci\u00f3n sobre las tendencias y las fuerzas que afectan nuestras vidas y nos permiten comprenderlas\u201d.<\/p>\n","protected":false},"excerpt":{"rendered":"<p>En su 41\u00aa sesi\u00f3n, celebrada en febrero de 2010, la Comisi\u00f3n de Estad\u00edstica de las Naciones Unidas propuso celebrar el 20 de octubre, como el&hellip;<\/p>\n","protected":false},"author":9,"featured_media":14900,"comment_status":"closed","ping_status":"closed","sticky":false,"template":"","format":"standard","meta":{"_monsterinsights_skip_tracking":false,"_monsterinsights_sitenote_active":false,"_monsterinsights_sitenote_note":"","_monsterinsights_sitenote_category":0,"_joinchat":[],"footnotes":""},"categories":[19],"tags":[],"class_list":["post-14899","post","type-post","status-publish","format-standard","has-post-thumbnail","hentry","category-noticias"],"yoast_head":"<!-- This site is optimized with the Yoast SEO plugin v27.4 - https:\/\/yoast.com\/product\/yoast-seo-wordpress\/ -->\n<title>20 de octubre: D\u00eda Mundial de la Estad\u00edstica - Facultad de Ingenier\u00eda y Ciencias Agropecuarias<\/title>\n<meta name=\"robots\" content=\"index, follow, max-snippet:-1, max-image-preview:large, max-video-preview:-1\" \/>\n<link rel=\"canonical\" href=\"https:\/\/www.fica.unsl.edu.ar\/index.php\/20-de-octubre-dia-mundial-de-la-estadistica\/\" \/>\n<meta property=\"og:locale\" content=\"es_ES\" \/>\n<meta property=\"og:type\" content=\"article\" \/>\n<meta property=\"og:title\" content=\"20 de octubre: D\u00eda Mundial de la Estad\u00edstica - Facultad de Ingenier\u00eda y Ciencias Agropecuarias\" \/>\n<meta property=\"og:description\" content=\"En su 41\u00aa sesi\u00f3n, celebrada en febrero de 2010, la Comisi\u00f3n de Estad\u00edstica de las Naciones Unidas propuso celebrar el 20 de octubre, como el&hellip;\" \/>\n<meta property=\"og:url\" content=\"https:\/\/www.fica.unsl.edu.ar\/index.php\/20-de-octubre-dia-mundial-de-la-estadistica\/\" \/>\n<meta property=\"og:site_name\" content=\"Facultad de Ingenier\u00eda y Ciencias Agropecuarias\" \/>\n<meta property=\"article:publisher\" content=\"https:\/\/www.facebook.com\/FICA.UNSL\/\" \/>\n<meta property=\"article:published_time\" content=\"2023-10-20T11:06:06+00:00\" \/>\n<meta property=\"article:modified_time\" content=\"2023-10-20T17:06:52+00:00\" \/>\n<meta property=\"og:image\" content=\"https:\/\/www.fica.unsl.edu.ar\/wp-content\/uploads\/2023\/10\/EFEMERIDES-ESTADISTICA-front.jpg\" \/>\n\t<meta property=\"og:image:width\" content=\"1061\" \/>\n\t<meta property=\"og:image:height\" content=\"585\" \/>\n\t<meta property=\"og:image:type\" content=\"image\/jpeg\" \/>\n<meta name=\"author\" content=\"DATI\" \/>\n<meta name=\"twitter:card\" content=\"summary_large_image\" \/>\n<meta name=\"twitter:creator\" content=\"@FICAUNSL\" \/>\n<meta name=\"twitter:site\" content=\"@FICAUNSL\" \/>\n<meta name=\"twitter:label1\" content=\"Escrito por\" \/>\n\t<meta name=\"twitter:data1\" content=\"DATI\" \/>\n\t<meta name=\"twitter:label2\" content=\"Tiempo de lectura\" \/>\n\t<meta name=\"twitter:data2\" content=\"2 minutos\" \/>\n<script type=\"application\/ld+json\" class=\"yoast-schema-graph\">{\"@context\":\"https:\\\/\\\/schema.org\",\"@graph\":[{\"@type\":\"Article\",\"@id\":\"https:\\\/\\\/www.fica.unsl.edu.ar\\\/index.php\\\/20-de-octubre-dia-mundial-de-la-estadistica\\\/#article\",\"isPartOf\":{\"@id\":\"https:\\\/\\\/www.fica.unsl.edu.ar\\\/index.php\\\/20-de-octubre-dia-mundial-de-la-estadistica\\\/\"},\"author\":{\"name\":\"DATI\",\"@id\":\"https:\\\/\\\/www.fica.unsl.edu.ar\\\/#\\\/schema\\\/person\\\/6058f9c66301868d3a691b1f5d6c3544\"},\"headline\":\"20 de octubre: D\u00eda Mundial de la Estad\u00edstica\",\"datePublished\":\"2023-10-20T11:06:06+00:00\",\"dateModified\":\"2023-10-20T17:06:52+00:00\",\"mainEntityOfPage\":{\"@id\":\"https:\\\/\\\/www.fica.unsl.edu.ar\\\/index.php\\\/20-de-octubre-dia-mundial-de-la-estadistica\\\/\"},\"wordCount\":383,\"publisher\":{\"@id\":\"https:\\\/\\\/www.fica.unsl.edu.ar\\\/#organization\"},\"image\":{\"@id\":\"https:\\\/\\\/www.fica.unsl.edu.ar\\\/index.php\\\/20-de-octubre-dia-mundial-de-la-estadistica\\\/#primaryimage\"},\"thumbnailUrl\":\"https:\\\/\\\/www.fica.unsl.edu.ar\\\/wp-content\\\/uploads\\\/2023\\\/10\\\/EFEMERIDES-ESTADISTICA-front.jpg\",\"articleSection\":[\"Noticias\"],\"inLanguage\":\"es-AR\"},{\"@type\":\"WebPage\",\"@id\":\"https:\\\/\\\/www.fica.unsl.edu.ar\\\/index.php\\\/20-de-octubre-dia-mundial-de-la-estadistica\\\/\",\"url\":\"https:\\\/\\\/www.fica.unsl.edu.ar\\\/index.php\\\/20-de-octubre-dia-mundial-de-la-estadistica\\\/\",\"name\":\"20 de octubre: D\u00eda Mundial de la Estad\u00edstica - Facultad de Ingenier\u00eda y Ciencias Agropecuarias\",\"isPartOf\":{\"@id\":\"https:\\\/\\\/www.fica.unsl.edu.ar\\\/#website\"},\"primaryImageOfPage\":{\"@id\":\"https:\\\/\\\/www.fica.unsl.edu.ar\\\/index.php\\\/20-de-octubre-dia-mundial-de-la-estadistica\\\/#primaryimage\"},\"image\":{\"@id\":\"https:\\\/\\\/www.fica.unsl.edu.ar\\\/index.php\\\/20-de-octubre-dia-mundial-de-la-estadistica\\\/#primaryimage\"},\"thumbnailUrl\":\"https:\\\/\\\/www.fica.unsl.edu.ar\\\/wp-content\\\/uploads\\\/2023\\\/10\\\/EFEMERIDES-ESTADISTICA-front.jpg\",\"datePublished\":\"2023-10-20T11:06:06+00:00\",\"dateModified\":\"2023-10-20T17:06:52+00:00\",\"inLanguage\":\"es-AR\",\"potentialAction\":[{\"@type\":\"ReadAction\",\"target\":[\"https:\\\/\\\/www.fica.unsl.edu.ar\\\/index.php\\\/20-de-octubre-dia-mundial-de-la-estadistica\\\/\"]}]},{\"@type\":\"ImageObject\",\"inLanguage\":\"es-AR\",\"@id\":\"https:\\\/\\\/www.fica.unsl.edu.ar\\\/index.php\\\/20-de-octubre-dia-mundial-de-la-estadistica\\\/#primaryimage\",\"url\":\"https:\\\/\\\/www.fica.unsl.edu.ar\\\/wp-content\\\/uploads\\\/2023\\\/10\\\/EFEMERIDES-ESTADISTICA-front.jpg\",\"contentUrl\":\"https:\\\/\\\/www.fica.unsl.edu.ar\\\/wp-content\\\/uploads\\\/2023\\\/10\\\/EFEMERIDES-ESTADISTICA-front.jpg\",\"width\":1061,\"height\":585},{\"@type\":\"WebSite\",\"@id\":\"https:\\\/\\\/www.fica.unsl.edu.ar\\\/#website\",\"url\":\"https:\\\/\\\/www.fica.unsl.edu.ar\\\/\",\"name\":\"Facultad de Ingenier\u00eda y Ciencias Agropecuarias\",\"description\":\"\",\"publisher\":{\"@id\":\"https:\\\/\\\/www.fica.unsl.edu.ar\\\/#organization\"},\"potentialAction\":[{\"@type\":\"SearchAction\",\"target\":{\"@type\":\"EntryPoint\",\"urlTemplate\":\"https:\\\/\\\/www.fica.unsl.edu.ar\\\/?s={search_term_string}\"},\"query-input\":{\"@type\":\"PropertyValueSpecification\",\"valueRequired\":true,\"valueName\":\"search_term_string\"}}],\"inLanguage\":\"es-AR\"},{\"@type\":\"Organization\",\"@id\":\"https:\\\/\\\/www.fica.unsl.edu.ar\\\/#organization\",\"name\":\"Facultad de Ingenier\u00eda y Ciencias Agropecuarias\",\"url\":\"https:\\\/\\\/www.fica.unsl.edu.ar\\\/\",\"logo\":{\"@type\":\"ImageObject\",\"inLanguage\":\"es-AR\",\"@id\":\"https:\\\/\\\/www.fica.unsl.edu.ar\\\/#\\\/schema\\\/logo\\\/image\\\/\",\"url\":\"https:\\\/\\\/www.fica.unsl.edu.ar\\\/wp-content\\\/uploads\\\/2021\\\/03\\\/LOGO-1.jpg\",\"contentUrl\":\"https:\\\/\\\/www.fica.unsl.edu.ar\\\/wp-content\\\/uploads\\\/2021\\\/03\\\/LOGO-1.jpg\",\"width\":463,\"height\":145,\"caption\":\"Facultad de Ingenier\u00eda y Ciencias Agropecuarias\"},\"image\":{\"@id\":\"https:\\\/\\\/www.fica.unsl.edu.ar\\\/#\\\/schema\\\/logo\\\/image\\\/\"},\"sameAs\":[\"https:\\\/\\\/www.facebook.com\\\/FICA.UNSL\\\/\",\"https:\\\/\\\/x.com\\\/FICAUNSL\",\"https:\\\/\\\/www.instagram.com\\\/fica.unsl\\\/\",\"https:\\\/\\\/www.youtube.com\\\/channel\\\/UCs2MM53gb2PyBrMySdtWZDQ\"]},{\"@type\":\"Person\",\"@id\":\"https:\\\/\\\/www.fica.unsl.edu.ar\\\/#\\\/schema\\\/person\\\/6058f9c66301868d3a691b1f5d6c3544\",\"name\":\"DATI\"}]}<\/script>\n<!-- \/ Yoast SEO plugin. -->","yoast_head_json":{"title":"20 de octubre: D\u00eda Mundial de la Estad\u00edstica - Facultad de Ingenier\u00eda y Ciencias Agropecuarias","robots":{"index":"index","follow":"follow","max-snippet":"max-snippet:-1","max-image-preview":"max-image-preview:large","max-video-preview":"max-video-preview:-1"},"canonical":"https:\/\/www.fica.unsl.edu.ar\/index.php\/20-de-octubre-dia-mundial-de-la-estadistica\/","og_locale":"es_ES","og_type":"article","og_title":"20 de octubre: D\u00eda Mundial de la Estad\u00edstica - Facultad de Ingenier\u00eda y Ciencias Agropecuarias","og_description":"En su 41\u00aa sesi\u00f3n, celebrada en febrero de 2010, la Comisi\u00f3n de Estad\u00edstica de las Naciones Unidas propuso celebrar el 20 de octubre, como el&hellip;","og_url":"https:\/\/www.fica.unsl.edu.ar\/index.php\/20-de-octubre-dia-mundial-de-la-estadistica\/","og_site_name":"Facultad de Ingenier\u00eda y Ciencias Agropecuarias","article_publisher":"https:\/\/www.facebook.com\/FICA.UNSL\/","article_published_time":"2023-10-20T11:06:06+00:00","article_modified_time":"2023-10-20T17:06:52+00:00","og_image":[{"width":1061,"height":585,"url":"https:\/\/www.fica.unsl.edu.ar\/wp-content\/uploads\/2023\/10\/EFEMERIDES-ESTADISTICA-front.jpg","type":"image\/jpeg"}],"author":"DATI","twitter_card":"summary_large_image","twitter_creator":"@FICAUNSL","twitter_site":"@FICAUNSL","twitter_misc":{"Escrito por":"DATI","Tiempo de lectura":"2 minutos"},"schema":{"@context":"https:\/\/schema.org","@graph":[{"@type":"Article","@id":"https:\/\/www.fica.unsl.edu.ar\/index.php\/20-de-octubre-dia-mundial-de-la-estadistica\/#article","isPartOf":{"@id":"https:\/\/www.fica.unsl.edu.ar\/index.php\/20-de-octubre-dia-mundial-de-la-estadistica\/"},"author":{"name":"DATI","@id":"https:\/\/www.fica.unsl.edu.ar\/#\/schema\/person\/6058f9c66301868d3a691b1f5d6c3544"},"headline":"20 de octubre: D\u00eda Mundial de la Estad\u00edstica","datePublished":"2023-10-20T11:06:06+00:00","dateModified":"2023-10-20T17:06:52+00:00","mainEntityOfPage":{"@id":"https:\/\/www.fica.unsl.edu.ar\/index.php\/20-de-octubre-dia-mundial-de-la-estadistica\/"},"wordCount":383,"publisher":{"@id":"https:\/\/www.fica.unsl.edu.ar\/#organization"},"image":{"@id":"https:\/\/www.fica.unsl.edu.ar\/index.php\/20-de-octubre-dia-mundial-de-la-estadistica\/#primaryimage"},"thumbnailUrl":"https:\/\/www.fica.unsl.edu.ar\/wp-content\/uploads\/2023\/10\/EFEMERIDES-ESTADISTICA-front.jpg","articleSection":["Noticias"],"inLanguage":"es-AR"},{"@type":"WebPage","@id":"https:\/\/www.fica.unsl.edu.ar\/index.php\/20-de-octubre-dia-mundial-de-la-estadistica\/","url":"https:\/\/www.fica.unsl.edu.ar\/index.php\/20-de-octubre-dia-mundial-de-la-estadistica\/","name":"20 de octubre: D\u00eda Mundial de la Estad\u00edstica - Facultad de Ingenier\u00eda y Ciencias Agropecuarias","isPartOf":{"@id":"https:\/\/www.fica.unsl.edu.ar\/#website"},"primaryImageOfPage":{"@id":"https:\/\/www.fica.unsl.edu.ar\/index.php\/20-de-octubre-dia-mundial-de-la-estadistica\/#primaryimage"},"image":{"@id":"https:\/\/www.fica.unsl.edu.ar\/index.php\/20-de-octubre-dia-mundial-de-la-estadistica\/#primaryimage"},"thumbnailUrl":"https:\/\/www.fica.unsl.edu.ar\/wp-content\/uploads\/2023\/10\/EFEMERIDES-ESTADISTICA-front.jpg","datePublished":"2023-10-20T11:06:06+00:00","dateModified":"2023-10-20T17:06:52+00:00","inLanguage":"es-AR","potentialAction":[{"@type":"ReadAction","target":["https:\/\/www.fica.unsl.edu.ar\/index.php\/20-de-octubre-dia-mundial-de-la-estadistica\/"]}]},{"@type":"ImageObject","inLanguage":"es-AR","@id":"https:\/\/www.fica.unsl.edu.ar\/index.php\/20-de-octubre-dia-mundial-de-la-estadistica\/#primaryimage","url":"https:\/\/www.fica.unsl.edu.ar\/wp-content\/uploads\/2023\/10\/EFEMERIDES-ESTADISTICA-front.jpg","contentUrl":"https:\/\/www.fica.unsl.edu.ar\/wp-content\/uploads\/2023\/10\/EFEMERIDES-ESTADISTICA-front.jpg","width":1061,"height":585},{"@type":"WebSite","@id":"https:\/\/www.fica.unsl.edu.ar\/#website","url":"https:\/\/www.fica.unsl.edu.ar\/","name":"Facultad de Ingenier\u00eda y Ciencias Agropecuarias","description":"","publisher":{"@id":"https:\/\/www.fica.unsl.edu.ar\/#organization"},"potentialAction":[{"@type":"SearchAction","target":{"@type":"EntryPoint","urlTemplate":"https:\/\/www.fica.unsl.edu.ar\/?s={search_term_string}"},"query-input":{"@type":"PropertyValueSpecification","valueRequired":true,"valueName":"search_term_string"}}],"inLanguage":"es-AR"},{"@type":"Organization","@id":"https:\/\/www.fica.unsl.edu.ar\/#organization","name":"Facultad de Ingenier\u00eda y Ciencias Agropecuarias","url":"https:\/\/www.fica.unsl.edu.ar\/","logo":{"@type":"ImageObject","inLanguage":"es-AR","@id":"https:\/\/www.fica.unsl.edu.ar\/#\/schema\/logo\/image\/","url":"https:\/\/www.fica.unsl.edu.ar\/wp-content\/uploads\/2021\/03\/LOGO-1.jpg","contentUrl":"https:\/\/www.fica.unsl.edu.ar\/wp-content\/uploads\/2021\/03\/LOGO-1.jpg","width":463,"height":145,"caption":"Facultad de Ingenier\u00eda y Ciencias Agropecuarias"},"image":{"@id":"https:\/\/www.fica.unsl.edu.ar\/#\/schema\/logo\/image\/"},"sameAs":["https:\/\/www.facebook.com\/FICA.UNSL\/","https:\/\/x.com\/FICAUNSL","https:\/\/www.instagram.com\/fica.unsl\/","https:\/\/www.youtube.com\/channel\/UCs2MM53gb2PyBrMySdtWZDQ"]},{"@type":"Person","@id":"https:\/\/www.fica.unsl.edu.ar\/#\/schema\/person\/6058f9c66301868d3a691b1f5d6c3544","name":"DATI"}]}},"_links":{"self":[{"href":"https:\/\/www.fica.unsl.edu.ar\/index.php\/wp-json\/wp\/v2\/posts\/14899","targetHints":{"allow":["GET"]}}],"collection":[{"href":"https:\/\/www.fica.unsl.edu.ar\/index.php\/wp-json\/wp\/v2\/posts"}],"about":[{"href":"https:\/\/www.fica.unsl.edu.ar\/index.php\/wp-json\/wp\/v2\/types\/post"}],"author":[{"embeddable":true,"href":"https:\/\/www.fica.unsl.edu.ar\/index.php\/wp-json\/wp\/v2\/users\/9"}],"replies":[{"embeddable":true,"href":"https:\/\/www.fica.unsl.edu.ar\/index.php\/wp-json\/wp\/v2\/comments?post=14899"}],"version-history":[{"count":1,"href":"https:\/\/www.fica.unsl.edu.ar\/index.php\/wp-json\/wp\/v2\/posts\/14899\/revisions"}],"predecessor-version":[{"id":14901,"href":"https:\/\/www.fica.unsl.edu.ar\/index.php\/wp-json\/wp\/v2\/posts\/14899\/revisions\/14901"}],"wp:featuredmedia":[{"embeddable":true,"href":"https:\/\/www.fica.unsl.edu.ar\/index.php\/wp-json\/wp\/v2\/media\/14900"}],"wp:attachment":[{"href":"https:\/\/www.fica.unsl.edu.ar\/index.php\/wp-json\/wp\/v2\/media?parent=14899"}],"wp:term":[{"taxonomy":"category","embeddable":true,"href":"https:\/\/www.fica.unsl.edu.ar\/index.php\/wp-json\/wp\/v2\/categories?post=14899"},{"taxonomy":"post_tag","embeddable":true,"href":"https:\/\/www.fica.unsl.edu.ar\/index.php\/wp-json\/wp\/v2\/tags?post=14899"}],"curies":[{"name":"wp","href":"https:\/\/api.w.org\/{rel}","templated":true}]}}