{"id":14939,"date":"2023-10-23T10:10:07","date_gmt":"2023-10-23T13:10:07","guid":{"rendered":"http:\/\/10.101.10.196\/www\/?p=14939"},"modified":"2023-11-09T13:49:46","modified_gmt":"2023-11-09T16:49:46","slug":"ciclo-ingenieria-emocional-2023","status":"publish","type":"post","link":"https:\/\/www.fica.unsl.edu.ar\/index.php\/ciclo-ingenieria-emocional-2023\/","title":{"rendered":"<b>Ciclo Ingenier\u00eda Emocional<\/b>: &#8220;\u00bfDe qu\u00e9 manera te gustar\u00eda llegar a tus resultados en el aprendizaje? &#8230;\u201d"},"content":{"rendered":"<p>La Secretar\u00eda Acad\u00e9mica de la FICA, informa que el pr\u00f3ximo mi\u00e9rcoles 25 de octubre a las 19 horas en el Aula 17, se llevar\u00e1 a cabo el primer encuentro del ciclo \u201cIngenier\u00eda Emocional\u201d, actividad realizada en el marco del Programa \u201cPotenciar Graduaci\u00f3n\u201d, destinada a estudiantes de la FICA.<\/p>\n<p>Bajo la premisa \u201c\u00bfDe qu\u00e9 manera te gustar\u00eda llegar a tus resultados en el aprendizaje? Te invitamos a parpadear para observar nuevas posibilidades\u201d, se iniciar\u00e1 entrenamiento de cuatro encuentros, destinado a todos los estudiantes de la FICA, todas las carreras y a\u00f1os.<\/p>\n<p>Aquellos estudiantes que deseen en participar, deben inscribirse ingresando al siguiente enlace:<\/p>\n<p>&nbsp;<\/p>\n<h3 style=\"text-align: center;\"><span style=\"color: #3366ff;\"><a style=\"color: #3366ff;\" href=\"https:\/\/docs.google.com\/forms\/d\/e\/1FAIpQLSdpqke_vZmZnLok3aghnbkVKAZ2wIOAI9jpZLXmSVE4WR-5rQ\/viewform\" target=\"_blank\" rel=\"noopener\">INSCRIPCIONES<\/a><\/span><\/h3>\n<p>Dicho encuentro estar\u00e1 a cargo de las Coaches Ontol\u00f3gicas Profesionales y especialistas en Coaching Educativo, Ing. Ver\u00f3nica Osimani y Claudia Escudero.<\/p>\n<p>&nbsp;<\/p>\n<p>En este espacio tiene la finalidad Nuestro acompa\u00f1ar en el \u00e9xito acad\u00e9mico y bienestar emocional de los estudiantes. Aborda situaciones emocionales que los estudiantes a\u00fan no est\u00e1n pudiendo gestionar. El prop\u00f3sito de este ciclo de talleres es generar consciencia en los universitarios de aquellos obst\u00e1culos emocionales por los que est\u00e1n pasando a lo largo de su trayecto acad\u00e9mico. Por ejemplo, a la hora de rendir un examen dise\u00f1ar estados emocionales m\u00e1s propicios. La propuesta es brindar herramientas y trabajar en la brecha entre la situaci\u00f3n actual y la situaci\u00f3n deseada para as\u00ed alcanzar los resultados y lograr el avance en su carrera.<\/p>\n","protected":false},"excerpt":{"rendered":"<p>La Secretar\u00eda Acad\u00e9mica de la FICA, informa que el pr\u00f3ximo mi\u00e9rcoles 25 de octubre a las 19 horas en el Aula 17, se llevar\u00e1 a&hellip;<\/p>\n","protected":false},"author":9,"featured_media":14942,"comment_status":"closed","ping_status":"closed","sticky":false,"template":"","format":"standard","meta":{"_monsterinsights_skip_tracking":false,"_monsterinsights_sitenote_active":false,"_monsterinsights_sitenote_note":"","_monsterinsights_sitenote_category":0,"_joinchat":[],"footnotes":""},"categories":[19],"tags":[],"class_list":["post-14939","post","type-post","status-publish","format-standard","has-post-thumbnail","hentry","category-noticias"],"yoast_head":"<!-- This site is optimized with the Yoast SEO plugin v27.4 - https:\/\/yoast.com\/product\/yoast-seo-wordpress\/ -->\n<title>Ciclo Ingenier\u00eda Emocional: &quot;\u00bfDe qu\u00e9 manera te gustar\u00eda llegar a tus resultados en el aprendizaje? ...\u201d - Facultad de Ingenier\u00eda y Ciencias Agropecuarias<\/title>\n<meta name=\"robots\" content=\"index, follow, max-snippet:-1, max-image-preview:large, max-video-preview:-1\" \/>\n<link rel=\"canonical\" href=\"https:\/\/www.fica.unsl.edu.ar\/index.php\/ciclo-ingenieria-emocional-2023\/\" \/>\n<meta property=\"og:locale\" content=\"es_ES\" \/>\n<meta property=\"og:type\" content=\"article\" \/>\n<meta property=\"og:title\" content=\"Ciclo Ingenier\u00eda Emocional: &quot;\u00bfDe qu\u00e9 manera te gustar\u00eda llegar a tus resultados en el aprendizaje? ...\u201d - Facultad de Ingenier\u00eda y Ciencias Agropecuarias\" \/>\n<meta property=\"og:description\" content=\"La Secretar\u00eda Acad\u00e9mica de la FICA, informa que el pr\u00f3ximo mi\u00e9rcoles 25 de octubre a las 19 horas en el Aula 17, se llevar\u00e1 a&hellip;\" \/>\n<meta property=\"og:url\" content=\"https:\/\/www.fica.unsl.edu.ar\/index.php\/ciclo-ingenieria-emocional-2023\/\" \/>\n<meta property=\"og:site_name\" content=\"Facultad de Ingenier\u00eda y Ciencias Agropecuarias\" \/>\n<meta property=\"article:publisher\" content=\"https:\/\/www.facebook.com\/FICA.UNSL\/\" \/>\n<meta property=\"article:published_time\" content=\"2023-10-23T13:10:07+00:00\" \/>\n<meta property=\"article:modified_time\" content=\"2023-11-09T16:49:46+00:00\" \/>\n<meta property=\"og:image\" content=\"https:\/\/www.fica.unsl.edu.ar\/wp-content\/uploads\/2023\/10\/INGENIERIA-EMOCIONAL-front-.jpg\" \/>\n\t<meta property=\"og:image:width\" content=\"1061\" \/>\n\t<meta property=\"og:image:height\" content=\"585\" \/>\n\t<meta property=\"og:image:type\" content=\"image\/jpeg\" \/>\n<meta name=\"author\" content=\"DATI\" \/>\n<meta name=\"twitter:card\" content=\"summary_large_image\" \/>\n<meta name=\"twitter:creator\" content=\"@FICAUNSL\" \/>\n<meta name=\"twitter:site\" content=\"@FICAUNSL\" \/>\n<meta name=\"twitter:label1\" content=\"Escrito por\" \/>\n\t<meta name=\"twitter:data1\" content=\"DATI\" \/>\n\t<meta name=\"twitter:label2\" content=\"Tiempo de lectura\" \/>\n\t<meta name=\"twitter:data2\" content=\"2 minutos\" \/>\n<script type=\"application\/ld+json\" class=\"yoast-schema-graph\">{\"@context\":\"https:\\\/\\\/schema.org\",\"@graph\":[{\"@type\":\"Article\",\"@id\":\"https:\\\/\\\/www.fica.unsl.edu.ar\\\/index.php\\\/ciclo-ingenieria-emocional-2023\\\/#article\",\"isPartOf\":{\"@id\":\"https:\\\/\\\/www.fica.unsl.edu.ar\\\/index.php\\\/ciclo-ingenieria-emocional-2023\\\/\"},\"author\":{\"name\":\"DATI\",\"@id\":\"https:\\\/\\\/www.fica.unsl.edu.ar\\\/#\\\/schema\\\/person\\\/6058f9c66301868d3a691b1f5d6c3544\"},\"headline\":\"Ciclo Ingenier\u00eda Emocional: &#8220;\u00bfDe qu\u00e9 manera te gustar\u00eda llegar a tus resultados en el aprendizaje? &#8230;\u201d\",\"datePublished\":\"2023-10-23T13:10:07+00:00\",\"dateModified\":\"2023-11-09T16:49:46+00:00\",\"mainEntityOfPage\":{\"@id\":\"https:\\\/\\\/www.fica.unsl.edu.ar\\\/index.php\\\/ciclo-ingenieria-emocional-2023\\\/\"},\"wordCount\":264,\"publisher\":{\"@id\":\"https:\\\/\\\/www.fica.unsl.edu.ar\\\/#organization\"},\"image\":{\"@id\":\"https:\\\/\\\/www.fica.unsl.edu.ar\\\/index.php\\\/ciclo-ingenieria-emocional-2023\\\/#primaryimage\"},\"thumbnailUrl\":\"https:\\\/\\\/www.fica.unsl.edu.ar\\\/wp-content\\\/uploads\\\/2023\\\/10\\\/INGENIERIA-EMOCIONAL-front-.jpg\",\"articleSection\":[\"Noticias\"],\"inLanguage\":\"es-AR\"},{\"@type\":\"WebPage\",\"@id\":\"https:\\\/\\\/www.fica.unsl.edu.ar\\\/index.php\\\/ciclo-ingenieria-emocional-2023\\\/\",\"url\":\"https:\\\/\\\/www.fica.unsl.edu.ar\\\/index.php\\\/ciclo-ingenieria-emocional-2023\\\/\",\"name\":\"Ciclo Ingenier\u00eda Emocional: \\\"\u00bfDe qu\u00e9 manera te gustar\u00eda llegar a tus resultados en el aprendizaje? ...\u201d - Facultad de Ingenier\u00eda y Ciencias Agropecuarias\",\"isPartOf\":{\"@id\":\"https:\\\/\\\/www.fica.unsl.edu.ar\\\/#website\"},\"primaryImageOfPage\":{\"@id\":\"https:\\\/\\\/www.fica.unsl.edu.ar\\\/index.php\\\/ciclo-ingenieria-emocional-2023\\\/#primaryimage\"},\"image\":{\"@id\":\"https:\\\/\\\/www.fica.unsl.edu.ar\\\/index.php\\\/ciclo-ingenieria-emocional-2023\\\/#primaryimage\"},\"thumbnailUrl\":\"https:\\\/\\\/www.fica.unsl.edu.ar\\\/wp-content\\\/uploads\\\/2023\\\/10\\\/INGENIERIA-EMOCIONAL-front-.jpg\",\"datePublished\":\"2023-10-23T13:10:07+00:00\",\"dateModified\":\"2023-11-09T16:49:46+00:00\",\"inLanguage\":\"es-AR\",\"potentialAction\":[{\"@type\":\"ReadAction\",\"target\":[\"https:\\\/\\\/www.fica.unsl.edu.ar\\\/index.php\\\/ciclo-ingenieria-emocional-2023\\\/\"]}]},{\"@type\":\"ImageObject\",\"inLanguage\":\"es-AR\",\"@id\":\"https:\\\/\\\/www.fica.unsl.edu.ar\\\/index.php\\\/ciclo-ingenieria-emocional-2023\\\/#primaryimage\",\"url\":\"https:\\\/\\\/www.fica.unsl.edu.ar\\\/wp-content\\\/uploads\\\/2023\\\/10\\\/INGENIERIA-EMOCIONAL-front-.jpg\",\"contentUrl\":\"https:\\\/\\\/www.fica.unsl.edu.ar\\\/wp-content\\\/uploads\\\/2023\\\/10\\\/INGENIERIA-EMOCIONAL-front-.jpg\",\"width\":1061,\"height\":585},{\"@type\":\"WebSite\",\"@id\":\"https:\\\/\\\/www.fica.unsl.edu.ar\\\/#website\",\"url\":\"https:\\\/\\\/www.fica.unsl.edu.ar\\\/\",\"name\":\"Facultad de Ingenier\u00eda y Ciencias Agropecuarias\",\"description\":\"\",\"publisher\":{\"@id\":\"https:\\\/\\\/www.fica.unsl.edu.ar\\\/#organization\"},\"potentialAction\":[{\"@type\":\"SearchAction\",\"target\":{\"@type\":\"EntryPoint\",\"urlTemplate\":\"https:\\\/\\\/www.fica.unsl.edu.ar\\\/?s={search_term_string}\"},\"query-input\":{\"@type\":\"PropertyValueSpecification\",\"valueRequired\":true,\"valueName\":\"search_term_string\"}}],\"inLanguage\":\"es-AR\"},{\"@type\":\"Organization\",\"@id\":\"https:\\\/\\\/www.fica.unsl.edu.ar\\\/#organization\",\"name\":\"Facultad de Ingenier\u00eda y Ciencias Agropecuarias\",\"url\":\"https:\\\/\\\/www.fica.unsl.edu.ar\\\/\",\"logo\":{\"@type\":\"ImageObject\",\"inLanguage\":\"es-AR\",\"@id\":\"https:\\\/\\\/www.fica.unsl.edu.ar\\\/#\\\/schema\\\/logo\\\/image\\\/\",\"url\":\"https:\\\/\\\/www.fica.unsl.edu.ar\\\/wp-content\\\/uploads\\\/2021\\\/03\\\/LOGO-1.jpg\",\"contentUrl\":\"https:\\\/\\\/www.fica.unsl.edu.ar\\\/wp-content\\\/uploads\\\/2021\\\/03\\\/LOGO-1.jpg\",\"width\":463,\"height\":145,\"caption\":\"Facultad de Ingenier\u00eda y Ciencias Agropecuarias\"},\"image\":{\"@id\":\"https:\\\/\\\/www.fica.unsl.edu.ar\\\/#\\\/schema\\\/logo\\\/image\\\/\"},\"sameAs\":[\"https:\\\/\\\/www.facebook.com\\\/FICA.UNSL\\\/\",\"https:\\\/\\\/x.com\\\/FICAUNSL\",\"https:\\\/\\\/www.instagram.com\\\/fica.unsl\\\/\",\"https:\\\/\\\/www.youtube.com\\\/channel\\\/UCs2MM53gb2PyBrMySdtWZDQ\"]},{\"@type\":\"Person\",\"@id\":\"https:\\\/\\\/www.fica.unsl.edu.ar\\\/#\\\/schema\\\/person\\\/6058f9c66301868d3a691b1f5d6c3544\",\"name\":\"DATI\"}]}<\/script>\n<!-- \/ Yoast SEO plugin. -->","yoast_head_json":{"title":"Ciclo Ingenier\u00eda Emocional: \"\u00bfDe qu\u00e9 manera te gustar\u00eda llegar a tus resultados en el aprendizaje? ...\u201d - Facultad de Ingenier\u00eda y Ciencias Agropecuarias","robots":{"index":"index","follow":"follow","max-snippet":"max-snippet:-1","max-image-preview":"max-image-preview:large","max-video-preview":"max-video-preview:-1"},"canonical":"https:\/\/www.fica.unsl.edu.ar\/index.php\/ciclo-ingenieria-emocional-2023\/","og_locale":"es_ES","og_type":"article","og_title":"Ciclo Ingenier\u00eda Emocional: \"\u00bfDe qu\u00e9 manera te gustar\u00eda llegar a tus resultados en el aprendizaje? ...\u201d - Facultad de Ingenier\u00eda y Ciencias Agropecuarias","og_description":"La Secretar\u00eda Acad\u00e9mica de la FICA, informa que el pr\u00f3ximo mi\u00e9rcoles 25 de octubre a las 19 horas en el Aula 17, se llevar\u00e1 a&hellip;","og_url":"https:\/\/www.fica.unsl.edu.ar\/index.php\/ciclo-ingenieria-emocional-2023\/","og_site_name":"Facultad de Ingenier\u00eda y Ciencias Agropecuarias","article_publisher":"https:\/\/www.facebook.com\/FICA.UNSL\/","article_published_time":"2023-10-23T13:10:07+00:00","article_modified_time":"2023-11-09T16:49:46+00:00","og_image":[{"width":1061,"height":585,"url":"https:\/\/www.fica.unsl.edu.ar\/wp-content\/uploads\/2023\/10\/INGENIERIA-EMOCIONAL-front-.jpg","type":"image\/jpeg"}],"author":"DATI","twitter_card":"summary_large_image","twitter_creator":"@FICAUNSL","twitter_site":"@FICAUNSL","twitter_misc":{"Escrito por":"DATI","Tiempo de lectura":"2 minutos"},"schema":{"@context":"https:\/\/schema.org","@graph":[{"@type":"Article","@id":"https:\/\/www.fica.unsl.edu.ar\/index.php\/ciclo-ingenieria-emocional-2023\/#article","isPartOf":{"@id":"https:\/\/www.fica.unsl.edu.ar\/index.php\/ciclo-ingenieria-emocional-2023\/"},"author":{"name":"DATI","@id":"https:\/\/www.fica.unsl.edu.ar\/#\/schema\/person\/6058f9c66301868d3a691b1f5d6c3544"},"headline":"Ciclo Ingenier\u00eda Emocional: &#8220;\u00bfDe qu\u00e9 manera te gustar\u00eda llegar a tus resultados en el aprendizaje? &#8230;\u201d","datePublished":"2023-10-23T13:10:07+00:00","dateModified":"2023-11-09T16:49:46+00:00","mainEntityOfPage":{"@id":"https:\/\/www.fica.unsl.edu.ar\/index.php\/ciclo-ingenieria-emocional-2023\/"},"wordCount":264,"publisher":{"@id":"https:\/\/www.fica.unsl.edu.ar\/#organization"},"image":{"@id":"https:\/\/www.fica.unsl.edu.ar\/index.php\/ciclo-ingenieria-emocional-2023\/#primaryimage"},"thumbnailUrl":"https:\/\/www.fica.unsl.edu.ar\/wp-content\/uploads\/2023\/10\/INGENIERIA-EMOCIONAL-front-.jpg","articleSection":["Noticias"],"inLanguage":"es-AR"},{"@type":"WebPage","@id":"https:\/\/www.fica.unsl.edu.ar\/index.php\/ciclo-ingenieria-emocional-2023\/","url":"https:\/\/www.fica.unsl.edu.ar\/index.php\/ciclo-ingenieria-emocional-2023\/","name":"Ciclo Ingenier\u00eda Emocional: \"\u00bfDe qu\u00e9 manera te gustar\u00eda llegar a tus resultados en el aprendizaje? ...\u201d - Facultad de Ingenier\u00eda y Ciencias Agropecuarias","isPartOf":{"@id":"https:\/\/www.fica.unsl.edu.ar\/#website"},"primaryImageOfPage":{"@id":"https:\/\/www.fica.unsl.edu.ar\/index.php\/ciclo-ingenieria-emocional-2023\/#primaryimage"},"image":{"@id":"https:\/\/www.fica.unsl.edu.ar\/index.php\/ciclo-ingenieria-emocional-2023\/#primaryimage"},"thumbnailUrl":"https:\/\/www.fica.unsl.edu.ar\/wp-content\/uploads\/2023\/10\/INGENIERIA-EMOCIONAL-front-.jpg","datePublished":"2023-10-23T13:10:07+00:00","dateModified":"2023-11-09T16:49:46+00:00","inLanguage":"es-AR","potentialAction":[{"@type":"ReadAction","target":["https:\/\/www.fica.unsl.edu.ar\/index.php\/ciclo-ingenieria-emocional-2023\/"]}]},{"@type":"ImageObject","inLanguage":"es-AR","@id":"https:\/\/www.fica.unsl.edu.ar\/index.php\/ciclo-ingenieria-emocional-2023\/#primaryimage","url":"https:\/\/www.fica.unsl.edu.ar\/wp-content\/uploads\/2023\/10\/INGENIERIA-EMOCIONAL-front-.jpg","contentUrl":"https:\/\/www.fica.unsl.edu.ar\/wp-content\/uploads\/2023\/10\/INGENIERIA-EMOCIONAL-front-.jpg","width":1061,"height":585},{"@type":"WebSite","@id":"https:\/\/www.fica.unsl.edu.ar\/#website","url":"https:\/\/www.fica.unsl.edu.ar\/","name":"Facultad de Ingenier\u00eda y Ciencias Agropecuarias","description":"","publisher":{"@id":"https:\/\/www.fica.unsl.edu.ar\/#organization"},"potentialAction":[{"@type":"SearchAction","target":{"@type":"EntryPoint","urlTemplate":"https:\/\/www.fica.unsl.edu.ar\/?s={search_term_string}"},"query-input":{"@type":"PropertyValueSpecification","valueRequired":true,"valueName":"search_term_string"}}],"inLanguage":"es-AR"},{"@type":"Organization","@id":"https:\/\/www.fica.unsl.edu.ar\/#organization","name":"Facultad de Ingenier\u00eda y Ciencias Agropecuarias","url":"https:\/\/www.fica.unsl.edu.ar\/","logo":{"@type":"ImageObject","inLanguage":"es-AR","@id":"https:\/\/www.fica.unsl.edu.ar\/#\/schema\/logo\/image\/","url":"https:\/\/www.fica.unsl.edu.ar\/wp-content\/uploads\/2021\/03\/LOGO-1.jpg","contentUrl":"https:\/\/www.fica.unsl.edu.ar\/wp-content\/uploads\/2021\/03\/LOGO-1.jpg","width":463,"height":145,"caption":"Facultad de Ingenier\u00eda y Ciencias Agropecuarias"},"image":{"@id":"https:\/\/www.fica.unsl.edu.ar\/#\/schema\/logo\/image\/"},"sameAs":["https:\/\/www.facebook.com\/FICA.UNSL\/","https:\/\/x.com\/FICAUNSL","https:\/\/www.instagram.com\/fica.unsl\/","https:\/\/www.youtube.com\/channel\/UCs2MM53gb2PyBrMySdtWZDQ"]},{"@type":"Person","@id":"https:\/\/www.fica.unsl.edu.ar\/#\/schema\/person\/6058f9c66301868d3a691b1f5d6c3544","name":"DATI"}]}},"_links":{"self":[{"href":"https:\/\/www.fica.unsl.edu.ar\/index.php\/wp-json\/wp\/v2\/posts\/14939","targetHints":{"allow":["GET"]}}],"collection":[{"href":"https:\/\/www.fica.unsl.edu.ar\/index.php\/wp-json\/wp\/v2\/posts"}],"about":[{"href":"https:\/\/www.fica.unsl.edu.ar\/index.php\/wp-json\/wp\/v2\/types\/post"}],"author":[{"embeddable":true,"href":"https:\/\/www.fica.unsl.edu.ar\/index.php\/wp-json\/wp\/v2\/users\/9"}],"replies":[{"embeddable":true,"href":"https:\/\/www.fica.unsl.edu.ar\/index.php\/wp-json\/wp\/v2\/comments?post=14939"}],"version-history":[{"count":2,"href":"https:\/\/www.fica.unsl.edu.ar\/index.php\/wp-json\/wp\/v2\/posts\/14939\/revisions"}],"predecessor-version":[{"id":14943,"href":"https:\/\/www.fica.unsl.edu.ar\/index.php\/wp-json\/wp\/v2\/posts\/14939\/revisions\/14943"}],"wp:featuredmedia":[{"embeddable":true,"href":"https:\/\/www.fica.unsl.edu.ar\/index.php\/wp-json\/wp\/v2\/media\/14942"}],"wp:attachment":[{"href":"https:\/\/www.fica.unsl.edu.ar\/index.php\/wp-json\/wp\/v2\/media?parent=14939"}],"wp:term":[{"taxonomy":"category","embeddable":true,"href":"https:\/\/www.fica.unsl.edu.ar\/index.php\/wp-json\/wp\/v2\/categories?post=14939"},{"taxonomy":"post_tag","embeddable":true,"href":"https:\/\/www.fica.unsl.edu.ar\/index.php\/wp-json\/wp\/v2\/tags?post=14939"}],"curies":[{"name":"wp","href":"https:\/\/api.w.org\/{rel}","templated":true}]}}