{"id":15020,"date":"2023-10-26T12:02:24","date_gmt":"2023-10-26T15:02:24","guid":{"rendered":"http:\/\/10.101.10.196\/www\/?p=15020"},"modified":"2023-10-30T08:54:35","modified_gmt":"2023-10-30T11:54:35","slug":"50-anos-un-emotivo-homenaje-al-pueblo-de-villa-mercedes","status":"publish","type":"post","link":"https:\/\/www.fica.unsl.edu.ar\/index.php\/50-anos-un-emotivo-homenaje-al-pueblo-de-villa-mercedes\/","title":{"rendered":"50 A\u00d1OS | Un emotivo homenaje al pueblo de Villa Mercedes por la creaci\u00f3n de la UNSL"},"content":{"rendered":"<p>Desde la tarde del martes 24 de octubre, una placa ubicada en el acceso principal al edificio del campus del Centro Universitario Villa Mercedes rinde homenaje a Oscar C\u00e9sar Romera, un recordado comerciante que luch\u00f3 por la creaci\u00f3n de estudios universitarios en la ciudad y que hace 50 a\u00f1os abri\u00f3 las puertas de sus galpones para el dictado de las primeras clases de la Facultad de Ingenier\u00eda y Administraci\u00f3n (FIA).<\/p>\n<p>El homenaje se instituy\u00f3 en una jornada dedicada a la celebraci\u00f3n en Villa Mercedes por el 50\u00b0 aniversario de la UNSL y minutos previos al acto central que se desarroll\u00f3 en el Aula 16, donde se entregaron distinciones a quienes lideraron la lucha, que muchos calificaron como \u201cgesta hist\u00f3rica\u201d, para que no solo la ciudad contara con estudios universitarios, sino que la provincia tuviera su propia universidad.<\/p>\n<p>Uno de los m\u00e1s recordados fue Oscar Romera, quien falleci\u00f3 el 5 de enero del a\u00f1o pasado, a los 91 a\u00f1os. Su hija, Nancy, recibi\u00f3 la distinci\u00f3n que le entreg\u00f3 la UNSL: \u201cHe vivido este momento con mucha emoci\u00f3n, junto con mis dos hijos y dos nietas. Creo que, si \u00e9l hubiera estado presente, hubiera sido el mayor reconocimiento de su vida. Es muy importante que le hayan hecho este homenaje\u201d.<\/p>\n<p>La mujer agradeci\u00f3 tambi\u00e9n el recorrido hist\u00f3rico que Ricardo Ulises Miranda hizo en cada distinci\u00f3n que la universidad entregaba: \u201cEs muy bueno que se d\u00e9 a conocer esa parte de la historia porque muchos j\u00f3venes no la conocen. Did\u00e1cticamente fue un golazo, porque, adem\u00e1s, se transmiti\u00f3 la informaci\u00f3n de manera clara y sencilla haciendo hincapi\u00e9 en lo que cada uno aport\u00f3, objetivamente, desde su lugar. Eso me encant\u00f3\u201d.<\/p>\n<p>Sobre lo que Oscar sent\u00eda en aquellos momentos y las razones que lo llevaron a apoyar el movimiento pro universidad, Nancy cont\u00f3 que su pap\u00e1 \u201cten\u00eda solamente 6\u00b0 grado\u201d, pero una gran conciencia de la necesidad de promover la capacitaci\u00f3n a trav\u00e9s de la educaci\u00f3n. \u201cSiempre hablaba de una Escuela de Administraci\u00f3n, ten\u00eda la visi\u00f3n de fomentar el desarrollo de la ciudad y de la provincia y, cuando se dio la oportunidad de participar y de aportar, ofreci\u00f3 los galpones para la universidad\u201d.<\/p>\n<p>Pero Oscar Romera ya ven\u00eda militando esa idea de desarrollo a trav\u00e9s de la educaci\u00f3n desde hac\u00eda muchos a\u00f1os antes. \u201cDesde 1957, con Britos (Oraldo Norbel Britos) ya participaba en ese tipo de movidas a favor de la creaci\u00f3n de escuelas de administraci\u00f3n y de esa visi\u00f3n\u201d.<\/p>\n<p>El recuerdo de Nancy es testimonial y puede replicarse en la memoria de cada uno de los familiares o de los mismos protagonistas de la \u201cgesta\u201d, que fueron homenajeados por la UNSL durante el acto central del aniversario.<\/p>\n<figure id=\"attachment_14203\" aria-describedby=\"caption-attachment-14203\" style=\"width: 2048px\" class=\"wp-caption aligncenter\"><img fetchpriority=\"high\" decoding=\"async\" class=\"wp-image-14203 size-full\" src=\"https:\/\/www.fcejs.unsl.edu.ar\/wp-content\/uploads\/2023\/10\/08.jpg\" alt=\"Nancy, hija de Oscar Romera\" width=\"2048\" height=\"1366\" \/><figcaption id=\"caption-attachment-14203\" class=\"wp-caption-text\">Nancy, hija de Oscar Romera<\/figcaption><\/figure>\n<p>H\u00e9ctor Pablo Ossola, docente jubilado, periodista y escritor fue uno de los integrantes de la comisi\u00f3n pro estudios universitarios que hace 50 a\u00f1os protagoniz\u00f3 aquella epopeya: \u201cConfieso que estoy muy emocionado\u201d, expres\u00f3. \u201cLa presencia de las autoridades, de ustedes, y el corolario que representan estos 50 a\u00f1os para lo que fue aquel empe\u00f1o, aquella vocaci\u00f3n de lucha en esto que fue mi ciudad, y que culminara en algo que es impetuosamente recordativa\u2026\u201d, agreg\u00f3. \u201cTodos lo que actuaron en el movimiento Pro Universidad Nacional de San Luis, todos, est\u00e1bamos profundamente convencidos, a pesar de tantas contrariedades, que \u00edbamos a lograr lo que nos hab\u00edamos propuesto\u201d, remarc\u00f3.<\/p>\n<p>Con una voz suave y profunda, asumiendo el cansancio de una jornada intensa, sintetiz\u00f3 su mensaje en un cordial agradecimiento a las autoridades de la UNSL \u201cpor habernos tenido en cuenta a quienes iniciamos el movimiento. Much\u00edsimas gracias por este sue\u00f1o hecho realidad, esencialmente por mostrar un ejemplo para un pa\u00eds que necesita con urgencia tener presente que el esfuerzo humano cuando est\u00e1 regido por una vocaci\u00f3n para alcanzar los mejores prop\u00f3sitos es verdadero. Much\u00edsimas gracias\u201d.<\/p>\n<p>Eduardo Gast\u00f3n Mones Ruiz era el intendente que hace 50 a\u00f1os le toc\u00f3 la funci\u00f3n de gestionar, junto con los legisladores representantes de San Luis, ante el Congreso Nacional, lo que el pueblo de Villa Mercedes estaba clamando. \u201cEstamos conmemorando una verdadera epopeya, una gran gesta que dio el pueblo de la ciudad de Villa Mercedes en su conjunto, liderado por personas ejemplares. Templadas, conscientes, valientes, voluntariosas, eficaces y eficientes en su misi\u00f3n. Verlo desde 50 a\u00f1os a aquello, nos causa una profundad emoci\u00f3n\u201d, relat\u00f3.<\/p>\n<p>El ex intendente mencion\u00f3 a los protagonistas de aquella lucha como los \u201cso\u00f1adores de una gran epopeya\u201d movidos por un \u201cesp\u00edritu colectivo\u201d, en tanto que record\u00f3 de manera particular la fecha de inicio de los estudios universitarios en la ciudad: \u201cEl 27 de enero de 1974 se inaugura el primer ciclo lectivo de la UNSL en Villa Mercedes, en el sal\u00f3n municipal de Cultura. Ah\u00ed tambi\u00e9n tuve el honor de ser orador junto con el rector Mauricio L\u00f3pez. Y la euforia de los j\u00f3venes protagonistas era contagiosa\u201d.<\/p>\n<p>En perspectiva, Mones Ruiz expres\u00f3 su admiraci\u00f3n por el crecimiento que ha tenido a lo largo de los a\u00f1os la UNSL con ocho facultades, sus centros de investigaciones y carreras de posgrado. \u201cHoy la UNSL es una de las mejores del pa\u00eds y est\u00e1 compitiendo en un ranking internacional\u201d, enfatiz\u00f3.<\/p>\n<p><img decoding=\"async\" class=\"aligncenter wp-image-14210 size-full\" src=\"https:\/\/www.fcejs.unsl.edu.ar\/wp-content\/uploads\/2023\/10\/Sin-titulo-8_0008_Capa-2.jpg\" alt=\"\" width=\"1280\" height=\"806\" \/><\/p>\n<p>Otro ex intendente, pero en su car\u00e1cter de iniciador de los estudios universitarios en la ciudad, aunque m\u00e1s precisamente dentro de la carrera de la Licenciatura de Asistente Social, Jorge Cangiano, hizo un recorrido hist\u00f3rico de la \u00e9poca y, a tono con los mensajes en general, remarc\u00f3 la importancia de aquella lucha del pueblo de Villa Mercedes para lograr estudios universitarios: \u201cLa UNSL naci\u00f3 ac\u00e1 en nuestra ciudad, de un movimiento popular, integrado por la CGT regional Villa Mercedes en cuyo frente me encontraba; de organizaciones gremiales, ONG, asociaciones vecinales, profesionales, alumnos, docentes\u2026 Un movimiento que se gest\u00f3 para dar respuestas a los requerimientos de las empresas y de las f\u00e1bricas que necesitaban profesionales, t\u00e9cnicos, gente capacitada para atender la marcha de sus establecimientos\u201d.<\/p>\n<p>Cangiano felicit\u00f3 a la conducci\u00f3n de la UNSL \u201cpor la apertura de todos estos a\u00f1os a la sociedad\u201d ya que consider\u00f3 que \u201ctiene una significaci\u00f3n enorme porque colaboran con los gobiernos provincial y comunal, permanentemente atentos para proyectos comunes\u201d.<\/p>\n<p>\u201cHago votos para que esta universidad siga siendo un potente rayo de luz que siga iluminando las mentes de todos los que ingresan para que tengan participaci\u00f3n activa, permanente, en defensa de la libertad, la dignidad humana y el estilo de vida democr\u00e1tico\u201d, concluy\u00f3.<\/p>\n<p>Las distinciones que sellaron el homenaje de la UNSL al pueblo de Villa Mercedes por su lucha a 50 a\u00f1os de la creaci\u00f3n de la UNSL, fue el corolario de las celebraciones que hab\u00edan comenzado durante la ma\u00f1ana en el edificio del Departamento de Ciencias Agropecuarias, y continu\u00f3 por la tarde en el Edificio Central.<\/p>\n<p><img decoding=\"async\" class=\"aligncenter size-full wp-image-15107\" src=\"https:\/\/www.fica.unsl.edu.ar\/wp-content\/uploads\/2023\/10\/27.png\" alt=\"\" width=\"1280\" height=\"806\" srcset=\"https:\/\/www.fica.unsl.edu.ar\/wp-content\/uploads\/2023\/10\/27.png 1280w, https:\/\/www.fica.unsl.edu.ar\/wp-content\/uploads\/2023\/10\/27-300x189.png 300w, https:\/\/www.fica.unsl.edu.ar\/wp-content\/uploads\/2023\/10\/27-1024x645.png 1024w, https:\/\/www.fica.unsl.edu.ar\/wp-content\/uploads\/2023\/10\/27-768x484.png 768w\" sizes=\"(max-width: 1280px) 100vw, 1280px\" \/><\/p>\n<p>Entre otras autoridades, asistieron a los festejos y homenajes el rector de la UNSL, CPN V\u00edctor Mori\u00f1igo; el Vicerector de la UNSL, Mgtr. H\u00e9ctor Flores; la decana de la FCEJS, Mgtr. Roxanna Camiletti; el decano de la FICA, Mgtr. Sergio Ribotta; la vicedecana de la FCEJS, Esp. Hilda Maggi; el decano de la FQByF, Dr. Sebasti\u00e1n Andujar; la decana de la FCFMyN, la Dra. Marcela Printista; la decana de la FaPSi, la Dra. Claudia Brusasca; la decana de la Facultad de Turismo y Urbanismo, Esp. Agustina Generoso; la vicedecana de la FCH, Mgtr. Ver\u00f3nica Longo; la vicedecana FaPSi, Dra. Gladys Esther Leoz; vicedecana de la FCS, Dra. Mar\u00eda Luj\u00e1n Correa; Directores de Departamento de FICA y FCEJS, miembros del Consejo Superior y Consejos Directivos; el intendente de Villa Mercedes, Abg. Maximiliano Frontera y otras autoridades municipales; la presidenta del Concejo Deliberante, Prof. Luc\u00eda Lacerda; la concejal Virginia Lucero; en representaci\u00f3n de la UNViMe, el Rector electo, Dr. Marcelo Sosa; la Secretaria Acad\u00e9mica de la UPRO, Lic. Cecilia Mart\u00ednez; la Subgerenta Operativa Regional Cuyo del INTI, Ing. Mirta Posetto; el Vicepresidente de DOSPU, Ing. Joaqu\u00edn Flores; de Instituto Escuela de Econom\u00eda, Negocios y Transferencia Tecnol\u00f3gica de la FCEJS, la subdirectora de Proyectos, Mgtr. Sonia N\u00fa\u00f1ez; ex decanos, Colegios de Profesionales, secretarios, subsecretarios, directores\/coordinadores de Carrera, gremios, docentes, Nodocentes, agrupaciones estudiantiles, egresados, jubilados y familiares.<\/p>\n<h3><strong>Distinciones<\/strong><\/h3>\n<p>Ricardo Ulises Miranda explic\u00f3, mediante breves rese\u00f1as, las razones por las cuales instituciones y personas de la comunidad recibieron distinciones por su participaci\u00f3n en las gestiones que hicieron posible la creaci\u00f3n estudios universitarios en Villa Mercedes y la creaci\u00f3n de la UNSL:<\/p>\n<p>* <strong>En representaci\u00f3n del pueblo de Villa Mercedes, el intendente Maximiliano Frontera<\/strong>: \u201cLa presente distinci\u00f3n es al intendente en representaci\u00f3n del pueblo, porque fue la ciudad la que impuls\u00f3 la creaci\u00f3n de estudios universitarios en la provincia y en nuestra ciudad\u201d.<\/p>\n<p>* <strong>H\u00e9ctor Pablo Ossola<\/strong>: Formador y constituyente de la \u00faltima comisi\u00f3n pro estudios universitarios en Villa Mercedes.<\/p>\n<p>* <strong>Juan Gregorio Vivas<\/strong> (recibi\u00f3 su bis nieta Martina Ferrari Vivas y su nieto). \u201cLa presencia de Gregorio Vivas es por las primeras gestiones para los estudios universitarios, que empezaron a gestarse los a\u00f1os \u201860. Fue uno de los primeros impulsores que desde el poder ejecutivo provincial apoy\u00f3 el movimiento\u201d.<\/p>\n<p>* <strong>Oscar Romera<\/strong> (recibi\u00f3 su hija Nancy Romera). \u201cOscar fue un empresario de fabricaci\u00f3n de muebles, que m\u00e1s all\u00e1 de haber facilitado lo que era el taller de la f\u00e1brica para que empezaran a funcionar all\u00ed las primeras aulas de la universidad, tiene otro m\u00e9rito: fue uno de los primeros que se reuni\u00f3 con el intendente Oscar Silvera, para que Villa Mercedes tuviera sus estudios superiores, para que se formen las comisiones populares \u2026\u201d.<\/p>\n<p>* <strong>Ricardo Domeniconi<\/strong>, (recibi\u00f3 la hija Marisel Domeniconi). \u201cCuando se est\u00e1n organizando los movimientos pro estudios superiores, tanto el gobernador Domeniconi como el intendente Domeniconi fueron otros de los que impulsaron ese movimiento a nivel nacional, ya que deb\u00eda impactar a nivel de la Naci\u00f3n\u201d.<\/p>\n<p>* <strong>Sotero Careaga Aceval<\/strong> (recibieron su esposa y su hija). \u201cFue uno de los integrantes de la \u00faltima comisi\u00f3n ejecutiva, que de alg\u00fan modo consigui\u00f3 la UNSL. No solo estudios para Villa Mercedes, sino de los fundadores de la UNSL\u201d.<\/p>\n<p>* <strong>Oraldo Norbel Britos<\/strong> (recibi\u00f3 su sobrina Mar\u00eda Mu\u00f1oz). \u201cBritos sigue presente en nosotros como el gran luchador dentro del Congreso. Hubo dos instancias, la mercedina, en las famosas reuniones en la Sociedad Espa\u00f1ola, en momentos dif\u00edciles con la UNSL ya constituida, y luego cuando se movilizan con Britos y Gast\u00f3n Mones Ruiz en el Congreso y logran impulsar el decreto de creaci\u00f3n\u201d.<\/p>\n<p>* <strong>INTA<\/strong> (recibi\u00f3 el director de la EEA, Hugo Bernasconi). \u201cLa presencia del INTA fue fundamental al momento de definir las carreras del nuevo centro. Se ven\u00eda peleando para la orientaci\u00f3n en ganader\u00eda y agricultura. Cuando se instala el INTA fue fundamental para ese pedido. Fue la base para nuestra facultad de Agronom\u00eda\u201d.<\/p>\n<p>* <strong>Carlos Alberto Funes<\/strong>, (recibi\u00f3 su hija Mar\u00eda Elizabeth Funes). \u201cA finales de los \u201950, j\u00f3venes profesionales de la Facultad de Medicina, de C\u00f3rdoba, organizan los centros m\u00e9dicos, como el Braulio Moyano. Son los que impulsan esa primera etapa y postulan una Facultad de Agronom\u00eda. Pero llegado el momento, el Consejo de Rectores se decide por R\u00edo IV\u201d.<\/p>\n<p>* <strong>Gast\u00f3n Mones Ruiz<\/strong>. \u201cSiendo intendente, es quien viaja con Oraldo Britos a Buenos Aires, al Congreso, trayendo desde all\u00ed el decreto de creaci\u00f3n. Lo leen primero en la Estaci\u00f3n de trenes. Hab\u00edan partido hacia Buenos Aires en un avi\u00f3n que facilit\u00f3 la V Brigada\u201d.<\/p>\n<p>* <strong>Nelly Chenau de Vecino<\/strong> (recibi\u00f3 Alejandro Vecino, sobrino). \u201cDestacada docente de Matem\u00e1ticas. Una de las impulsoras de generar movimientos estudiantiles en Villa Mercedes\u201d.<\/p>\n<p>* <strong>Oscar Silvera (h).<\/strong> \u201cFue intendente de Villa Mercedes de la primera etapa de la conformaci\u00f3n de comisiones, frente al pedido de ciertas entidades del medio para que se movilizara la ciudad, como lo estaba haciendo Mendoza y San Juan. Lo que quer\u00edan era formar es una comisi\u00f3n y as\u00ed surge la primera comisi\u00f3n pro estudios universitarios en Villa Mercedes, presidida por Lila de Quiroga\u201d.<\/p>\n<p>* <strong>Jos\u00e9 Mar\u00eda Vecino<\/strong>, (recibi\u00f3 su hija, Marcela Vecino): \u201cFue un vecinalista que trabaj\u00f3 para conformar la comisi\u00f3n y fue un miembro de la \u00faltima comisi\u00f3n pro estudios universitarios\u201d<\/p>\n<p>* <strong>Mabel Vila de Quiroga<\/strong>. \u201cFue la directora de Cultura y la primera organizadora de una comisi\u00f3n pro estudios universitarios en Villa Mercedes. Se reun\u00eda con empresarios, con escuelas, para organizar y de ah\u00ed sali\u00f3 la primera comisi\u00f3n\u201d.<\/p>\n<p>* <strong>Alberto Domeniconi<\/strong>, (recibi\u00f3 Marisel Domeniconi). \u201cLos hermanos Domeniconi fueron personas que trabajaron mucho por la cultura y el bienestar de la provincia\u201d.<\/p>\n<p>* <strong>Hugo Fourcade<\/strong> (recibi\u00f3 su hijo Ra\u00fal Alberto Fourcade). \u201cEl profesor Fourcade, querido historiador de la provincia, en un momento dado estaba como director de la Facultad de Pedagog\u00eda y en momentos en que San Luis retaceaba el apoyo y los fondos para generar estudios en Villa Mercedes, viaj\u00f3 desde San Luis a nuestra ciudad para reunirse con las fuerzas vivas de ac\u00e1, con las comisiones. Fue una de las personas que estimul\u00f3 mucho a Villa Mercedes para la creaci\u00f3n de la Universidad\u201d.<\/p>\n<p>* <strong>Hugo Argentino Mercado Ocampo<\/strong>, (Recibieron su hija Silvina Mercado Ocampo y su esposa Elena Rosa). \u201cHugo Mercado Ocampo ocupaba en esos momentos una secretar\u00eda de Agricultura. Adem\u00e1s, por su propio compromiso, viaj\u00f3 por toda la provincia estimulando las adhesiones de los Centros de Agricultura. Esas adhesiones formaron parte del estudio preliminar pro UNSL\u201d.<\/p>\n<p>* <strong>Delinda Britos<\/strong> (recibi\u00f3 su sobrina Estela Mu\u00f1oz). \u201cEra una profesional recientemente instalada en Villa Mercedes. Formaba parte en un momento dado de un Gabinete Psicopedag\u00f3gico y, junto con Pablo Ossola, buscaron generar adhesiones a trav\u00e9s de los primeros test vocacionales. Orientaciones que se tomaron como antecedentes para hacer la Facultad\u201d.<\/p>\n<p>* <strong>Carlos Luna<\/strong> (recibi\u00f3 su hijo Carlos Luna). \u201cEra el otro profesional del Braulio Moyano, de los primeros m\u00e9dicos de la Asociaci\u00f3n, que agrupaba a los m\u00e9dicos veterinarios. Impulsan ese primer debate para la creaci\u00f3n de la Facultad de Agronom\u00eda\u201d.<\/p>\n<p>* <strong>V Brigada A\u00e9rea<\/strong>. \u201cPor qu\u00e9 la V Brigada, porque apoy\u00f3 todo el movimiento estudiantil, m\u00e1s all\u00e1 de que se viv\u00edan momentos pol\u00edticos dif\u00edciles, pero tuvieron este gesto con Villa Mercedes y facilit\u00f3 la movilidad a Buenos Aires, al Congreso, sino tambi\u00e9n de otras comisiones para exigir. Eran momentos de gobiernos de facto y la opini\u00f3n favorable de la V brigada fue decisivo para la creaci\u00f3n de la UNSL\u201d.<\/p>\n<p>* <strong>Aldo Aiello<\/strong>, (recibieron su hija Guillermina y su hijo Ariel Aiello). \u201cFue el primer impulsor de las comisiones juveniles estudiantiles en Villa Mercedes. Trabaj\u00f3 con Carlos Rojas Tolomei y con Mabel Vila de Quiroga para conformar la comisi\u00f3n\u201d.<\/p>\n<p>* <strong>Biblioteca e Instituto de Cultura Popular Bernardino Rivadavia<\/strong>. (Recibieron la Vicepresidenta Evelyn Becerra y la Secretaria Hilda Monje). \u201cSus instalaciones fueron tambi\u00e9n aulas de los primeros estudios, pero m\u00e1s all\u00e1 de eso, fue la primera biblioteca que tuvo la FIA y de all\u00ed sali\u00f3 un primer bibliotecario para que fundara la biblioteca universitaria\u201d.<\/p>\n<p>* <strong>Adolfo Gieco<\/strong>, (recibieron sus hijos). \u201cTambi\u00e9n representante de las instituciones intermedias, conform\u00f3 la comisi\u00f3n ejecutiva para lograr la UNSL\u201d.<\/p>\n<p>* <strong>N\u00e9stor Gamerro<\/strong>. \u201cIgual que Adolfo Gieco, Vecino, Ossola, Sanchez Conti y otros, conformaron esa comisi\u00f3n ejecutiva pro Universidad de Villa Mercedes\u201d.<\/p>\n<p>* <strong>Manuel Ribeiro<\/strong>. \u201cPresidente de la comisi\u00f3n de estudiantes universitarios fuera de Villa Mercedes, cuando no hab\u00eda estudios superiores. Se reunieron y conformaron una comisi\u00f3n\u201d.<\/p>\n<p>* <strong>Carlos Rojas Tolomei<\/strong> (recibi\u00f3 Elia Rojas de Marcoletta, hermana). \u201cEs el primer presidente que tienen las comisiones y, juntamente con la se\u00f1ora Vila de Quiroga y el intendente Silvera hacen el pedido no solamente a la Universidad Nacional de Cuyo, sino tambi\u00e9n a presidencia de la Naci\u00f3n, para impulsar los estudios superiores\u201d<\/p>\n<p>* <strong>Jorge Cangiano<\/strong>. \u201cFue uno de los impulsores, de los fundadores con Zunilda Lucero de Feas para la Licenciatura en Trabajo Social\u201d.<\/p>\n<p>* <strong>Tom\u00e1s Ferrari<\/strong>. (Recibi\u00f3 la Vicepresidenta de la Biblioteca Bernardino Rivadavia Evelyn Becerra). \u201cFundador de la biblioteca Bernardino Rivadavia, conforma la comisi\u00f3n ejecutiva de los estudios universitarios. Son precisamente las palabras del profesor, en el \u00faltimo tir\u00f3n, porque ya se acababa el plan Taquini y no se aprobaban los estudios en Villa Mercedes, cuando nos dice: \u2018estamos pensando en chiquito, lo que tenemos que pedir no es una facultad ni estudios, tenemos que pedir una universidad\u201d.<\/p>\n<p>* <strong>Colegio Nacional Juan Esteban Pedernera<\/strong>. \u201cPorque ha sido sede de las primeras inscripciones de postulantes a la universidad, no eran totalmente ciertas, porque hab\u00eda que argumentar frente al ministerio la cantidad de postulantes. Fue la sede de la Secretar\u00eda de la futura facultad\u201d.<\/p>\n<p>* <strong>Edmundo Tello Cornejo<\/strong>, (recibi\u00f3 Nora Cooper, secretaria del Archivo Hist\u00f3rico Edmundo Tello Cornejo). \u201cMinistro de Educaci\u00f3n, uno de los lazos con el ministerio de la Naci\u00f3n y el intendente. Llevaba en el auto, en sus giras institucionales, en los pueblos, a delegados, algunos de ellos miembros de la comisi\u00f3n para que expusieran y lograra las adhesiones necesarias\u201d.<\/p>\n<p>* <strong>Rogelio S\u00e1nchez Conti<\/strong> (recibieron sus hijos Claudio, Rogelio y su hija Lilian S\u00e1nchez Clavero). \u201cFue un empresario gastron\u00f3mico que conform\u00f3 lo que eran los plenarios de la Sociedad Espa\u00f1ola y, de alguna manera, en los cortes de ruta, cuando se presentaron \u2018ciertos muchachos\u2019 con cadenas para romper el movimiento, la presencia de Rogelio fue fundamental para apoyar el movimiento, junto con Oscar Romera. \u00c9l dec\u00eda: \u2018Los j\u00f3venes tienen derecho a peticionar por un futuro\u201d.<\/p>\n<p>* <strong>Zunilda Lucero<\/strong>, (recibi\u00f3 Bianca Mariani, nieta): \u201cComo Cangiano, los primeros que estimulan la Asistencia Social que hab\u00eda surgido en el Hospital Ferroviario para la Licenciatura en Asistencia Social. Esta acci\u00f3n de Zunilda la hace no solamente a nivel Villa Mercedes sino tambi\u00e9n en San Luis\u201d.<\/p>\n<p><strong>Nota: Jos\u00e9 Luis Baigorria \u2013 Radio UNSL Villa Mercedes<\/strong><\/p>\n<p>&nbsp;<\/p>\n<div class=\"gmedia_gallery phantom_module is_bot\" id=\"GmediaGallery_181\" data-gmid=\"181\" data-module=\"phantom\"><style type='text\/css' class='gmedia_module_style_import'>@import url('https:\/\/www.fica.unsl.edu.ar\/wp-content\/plugins\/grand-media\/module\/phantom\/css\/style.css') all;<\/style>    <div class=\"gmPhantom_Container noLightbox\" >\r\n                <div class=\"gmPhantom_thumbsWrapper gmPhantom_ThumbScale gmPhantom_LabelHover\">\r\n                        <div class=\"gmPhantom_ThumbContainer gmPhantom_ThumbLoader\" data-id=\"2653\" data-post_id=\"15084\" data-ratio=\"1.6433333333333\" data-type=\"image\" data-ext=\"jpg\" data-views=\"35\" data-likes=\"0\" data-cc=\"0\" data-post_link=\"https:\/\/www.fica.unsl.edu.ar\/index.php\/gmedia\/aniversario-50-unsl-tarde-_58_-jpg\/\">\r\n                <a href=\"https:\/\/www.fica.unsl.edu.ar\/wp-content\/grand-media\/image\/aniversario-50-unsl-tarde-_58_.jpg\" class=\"gmPhantom_Thumb\"><img decoding=\"async\" src=\"https:\/\/www.fica.unsl.edu.ar\/wp-content\/grand-media\/image\/thumb\/aniversario-50-unsl-tarde-_58_.jpg\" data-src=\"https:\/\/www.fica.unsl.edu.ar\/wp-content\/grand-media\/image\/aniversario-50-unsl-tarde-_58_.jpg\" alt=\"Aniversario-50-unsl-tarde-(58)\"\/><\/a>\r\n                                    <div class=\"gmPhantom_ThumbLabel\"><span class=\"gmPhantom_ThumbLabel_title\">Aniversario-50-unsl-tarde-(58)<\/span><\/div>\r\n                                    <div style=\"display:none;\" class=\"gmPhantom_Details\">\r\n                                            <div class=\"gmPhantom_description\">\r\n                            <div class=\"gmPhantom_title\">Aniversario-50-unsl-tarde-(58)<\/div>\r\n                            <div class=\"gmPhantom_text\"><\/div>\r\n                        <\/div>\r\n                                                            <div class=\"gmPhantom_terms\">\r\n                                                    <div class=\"gmPhantom_other_terms\">\r\n                                <table class=\"gmPhantom_other_terms_table\">\r\n                                                                            <tr class=\"gmPhantom_term_row_album\">\r\n                                            <td class=\"gmPhantom_term_key\">Album<\/td>\r\n                                            <td class=\"gmPhantom_term_value\"><a href=\"\/index.php\/wp-json\/wp\/v2\/posts\/15020?gm181[album__in]=181\" class=\"gmPhantom_alb\">50-celebracion-unsl-TARDE-2023<\/a><\/td>\r\n                                        <\/tr>\r\n                                                                    <\/table>\r\n                            <\/div>\r\n                                                <\/div>\r\n                <\/div>\r\n                <\/div>            <div class=\"gmPhantom_ThumbContainer gmPhantom_ThumbLoader\" data-id=\"2652\" data-post_id=\"15083\" data-ratio=\"1.5866666666667\" data-type=\"image\" data-ext=\"jpg\" data-views=\"27\" data-likes=\"0\" data-cc=\"0\" data-post_link=\"https:\/\/www.fica.unsl.edu.ar\/index.php\/gmedia\/aniversario-50-unsl-tarde-_57_-jpg\/\">\r\n                <a href=\"https:\/\/www.fica.unsl.edu.ar\/wp-content\/grand-media\/image\/aniversario-50-unsl-tarde-_57_.jpg\" class=\"gmPhantom_Thumb\"><img decoding=\"async\" src=\"https:\/\/www.fica.unsl.edu.ar\/wp-content\/grand-media\/image\/thumb\/aniversario-50-unsl-tarde-_57_.jpg\" data-src=\"https:\/\/www.fica.unsl.edu.ar\/wp-content\/grand-media\/image\/aniversario-50-unsl-tarde-_57_.jpg\" alt=\"Aniversario-50-unsl-tarde-(57)\"\/><\/a>\r\n                                    <div class=\"gmPhantom_ThumbLabel\"><span class=\"gmPhantom_ThumbLabel_title\">Aniversario-50-unsl-tarde-(57)<\/span><\/div>\r\n                                    <div style=\"display:none;\" class=\"gmPhantom_Details\">\r\n                                            <div class=\"gmPhantom_description\">\r\n                            <div class=\"gmPhantom_title\">Aniversario-50-unsl-tarde-(57)<\/div>\r\n                            <div class=\"gmPhantom_text\"><\/div>\r\n                        <\/div>\r\n                                                            <div class=\"gmPhantom_terms\">\r\n                                                    <div class=\"gmPhantom_other_terms\">\r\n                                <table class=\"gmPhantom_other_terms_table\">\r\n                                                                            <tr class=\"gmPhantom_term_row_album\">\r\n                                            <td class=\"gmPhantom_term_key\">Album<\/td>\r\n                                            <td class=\"gmPhantom_term_value\"><a href=\"\/index.php\/wp-json\/wp\/v2\/posts\/15020?gm181[album__in]=181\" class=\"gmPhantom_alb\">50-celebracion-unsl-TARDE-2023<\/a><\/td>\r\n                                        <\/tr>\r\n                                                                    <\/table>\r\n                            <\/div>\r\n                                                <\/div>\r\n                <\/div>\r\n                <\/div>            <div class=\"gmPhantom_ThumbContainer gmPhantom_ThumbLoader\" data-id=\"2651\" data-post_id=\"15082\" data-ratio=\"1.5866666666667\" data-type=\"image\" data-ext=\"jpg\" data-views=\"27\" data-likes=\"0\" data-cc=\"0\" data-post_link=\"https:\/\/www.fica.unsl.edu.ar\/index.php\/gmedia\/aniversario-50-unsl-tarde-_56_-jpg\/\">\r\n                <a href=\"https:\/\/www.fica.unsl.edu.ar\/wp-content\/grand-media\/image\/aniversario-50-unsl-tarde-_56_.jpg\" class=\"gmPhantom_Thumb\"><img decoding=\"async\" src=\"https:\/\/www.fica.unsl.edu.ar\/wp-content\/grand-media\/image\/thumb\/aniversario-50-unsl-tarde-_56_.jpg\" data-src=\"https:\/\/www.fica.unsl.edu.ar\/wp-content\/grand-media\/image\/aniversario-50-unsl-tarde-_56_.jpg\" alt=\"Aniversario-50-unsl-tarde-(56)\"\/><\/a>\r\n                                    <div class=\"gmPhantom_ThumbLabel\"><span class=\"gmPhantom_ThumbLabel_title\">Aniversario-50-unsl-tarde-(56)<\/span><\/div>\r\n                                    <div style=\"display:none;\" class=\"gmPhantom_Details\">\r\n                                            <div class=\"gmPhantom_description\">\r\n                            <div class=\"gmPhantom_title\">Aniversario-50-unsl-tarde-(56)<\/div>\r\n                            <div class=\"gmPhantom_text\"><\/div>\r\n                        <\/div>\r\n                                                            <div class=\"gmPhantom_terms\">\r\n                                                    <div class=\"gmPhantom_other_terms\">\r\n                                <table class=\"gmPhantom_other_terms_table\">\r\n                                                                            <tr class=\"gmPhantom_term_row_album\">\r\n                                            <td class=\"gmPhantom_term_key\">Album<\/td>\r\n                                            <td class=\"gmPhantom_term_value\"><a href=\"\/index.php\/wp-json\/wp\/v2\/posts\/15020?gm181[album__in]=181\" class=\"gmPhantom_alb\">50-celebracion-unsl-TARDE-2023<\/a><\/td>\r\n                                        <\/tr>\r\n                                                                    <\/table>\r\n                            <\/div>\r\n                                                <\/div>\r\n                <\/div>\r\n                <\/div>            <div class=\"gmPhantom_ThumbContainer gmPhantom_ThumbLoader\" data-id=\"2650\" data-post_id=\"15081\" data-ratio=\"1.5866666666667\" data-type=\"image\" data-ext=\"jpg\" data-views=\"30\" data-likes=\"0\" data-cc=\"0\" data-post_link=\"https:\/\/www.fica.unsl.edu.ar\/index.php\/gmedia\/aniversario-50-unsl-tarde-_55_-jpg\/\">\r\n                <a href=\"https:\/\/www.fica.unsl.edu.ar\/wp-content\/grand-media\/image\/aniversario-50-unsl-tarde-_55_.jpg\" class=\"gmPhantom_Thumb\"><img decoding=\"async\" src=\"https:\/\/www.fica.unsl.edu.ar\/wp-content\/grand-media\/image\/thumb\/aniversario-50-unsl-tarde-_55_.jpg\" data-src=\"https:\/\/www.fica.unsl.edu.ar\/wp-content\/grand-media\/image\/aniversario-50-unsl-tarde-_55_.jpg\" alt=\"Aniversario-50-unsl-tarde-(55)\"\/><\/a>\r\n                                    <div class=\"gmPhantom_ThumbLabel\"><span class=\"gmPhantom_ThumbLabel_title\">Aniversario-50-unsl-tarde-(55)<\/span><\/div>\r\n                                    <div style=\"display:none;\" class=\"gmPhantom_Details\">\r\n                                            <div class=\"gmPhantom_description\">\r\n                            <div class=\"gmPhantom_title\">Aniversario-50-unsl-tarde-(55)<\/div>\r\n                            <div class=\"gmPhantom_text\"><\/div>\r\n                        <\/div>\r\n                                                            <div class=\"gmPhantom_terms\">\r\n                                                    <div class=\"gmPhantom_other_terms\">\r\n                                <table class=\"gmPhantom_other_terms_table\">\r\n                                                                            <tr class=\"gmPhantom_term_row_album\">\r\n                                            <td class=\"gmPhantom_term_key\">Album<\/td>\r\n                                            <td class=\"gmPhantom_term_value\"><a href=\"\/index.php\/wp-json\/wp\/v2\/posts\/15020?gm181[album__in]=181\" class=\"gmPhantom_alb\">50-celebracion-unsl-TARDE-2023<\/a><\/td>\r\n                                        <\/tr>\r\n                                                                    <\/table>\r\n                            <\/div>\r\n                                                <\/div>\r\n                <\/div>\r\n                <\/div>            <div class=\"gmPhantom_ThumbContainer gmPhantom_ThumbLoader\" data-id=\"2649\" data-post_id=\"15080\" data-ratio=\"1.6433333333333\" data-type=\"image\" data-ext=\"jpg\" data-views=\"34\" data-likes=\"0\" data-cc=\"0\" data-post_link=\"https:\/\/www.fica.unsl.edu.ar\/index.php\/gmedia\/aniversario-50-unsl-tarde-_54_-jpg\/\">\r\n                <a href=\"https:\/\/www.fica.unsl.edu.ar\/wp-content\/grand-media\/image\/aniversario-50-unsl-tarde-_54_.jpg\" class=\"gmPhantom_Thumb\"><img decoding=\"async\" src=\"https:\/\/www.fica.unsl.edu.ar\/wp-content\/grand-media\/image\/thumb\/aniversario-50-unsl-tarde-_54_.jpg\" data-src=\"https:\/\/www.fica.unsl.edu.ar\/wp-content\/grand-media\/image\/aniversario-50-unsl-tarde-_54_.jpg\" alt=\"Aniversario-50-unsl-tarde-(54)\"\/><\/a>\r\n                                    <div class=\"gmPhantom_ThumbLabel\"><span class=\"gmPhantom_ThumbLabel_title\">Aniversario-50-unsl-tarde-(54)<\/span><\/div>\r\n                                    <div style=\"display:none;\" class=\"gmPhantom_Details\">\r\n                                            <div class=\"gmPhantom_description\">\r\n                            <div class=\"gmPhantom_title\">Aniversario-50-unsl-tarde-(54)<\/div>\r\n                            <div class=\"gmPhantom_text\"><\/div>\r\n                        <\/div>\r\n                                                            <div class=\"gmPhantom_terms\">\r\n                                                    <div class=\"gmPhantom_other_terms\">\r\n                                <table class=\"gmPhantom_other_terms_table\">\r\n                                                                            <tr class=\"gmPhantom_term_row_album\">\r\n                                            <td class=\"gmPhantom_term_key\">Album<\/td>\r\n                                            <td class=\"gmPhantom_term_value\"><a href=\"\/index.php\/wp-json\/wp\/v2\/posts\/15020?gm181[album__in]=181\" class=\"gmPhantom_alb\">50-celebracion-unsl-TARDE-2023<\/a><\/td>\r\n                                        <\/tr>\r\n                                                                    <\/table>\r\n                            <\/div>\r\n                                                <\/div>\r\n                <\/div>\r\n                <\/div>            <div class=\"gmPhantom_ThumbContainer gmPhantom_ThumbLoader\" data-id=\"2648\" data-post_id=\"15079\" data-ratio=\"1.6433333333333\" data-type=\"image\" data-ext=\"jpg\" data-views=\"31\" data-likes=\"0\" data-cc=\"0\" data-post_link=\"https:\/\/www.fica.unsl.edu.ar\/index.php\/gmedia\/aniversario-50-unsl-tarde-_53_-jpg\/\">\r\n                <a href=\"https:\/\/www.fica.unsl.edu.ar\/wp-content\/grand-media\/image\/aniversario-50-unsl-tarde-_53_.jpg\" class=\"gmPhantom_Thumb\"><img decoding=\"async\" src=\"https:\/\/www.fica.unsl.edu.ar\/wp-content\/grand-media\/image\/thumb\/aniversario-50-unsl-tarde-_53_.jpg\" data-src=\"https:\/\/www.fica.unsl.edu.ar\/wp-content\/grand-media\/image\/aniversario-50-unsl-tarde-_53_.jpg\" alt=\"Aniversario-50-unsl-tarde-(53)\"\/><\/a>\r\n                                    <div class=\"gmPhantom_ThumbLabel\"><span class=\"gmPhantom_ThumbLabel_title\">Aniversario-50-unsl-tarde-(53)<\/span><\/div>\r\n                                    <div style=\"display:none;\" class=\"gmPhantom_Details\">\r\n                                            <div class=\"gmPhantom_description\">\r\n                            <div class=\"gmPhantom_title\">Aniversario-50-unsl-tarde-(53)<\/div>\r\n                            <div class=\"gmPhantom_text\"><\/div>\r\n                        <\/div>\r\n                                                            <div class=\"gmPhantom_terms\">\r\n                                                    <div class=\"gmPhantom_other_terms\">\r\n                                <table class=\"gmPhantom_other_terms_table\">\r\n                                                                            <tr class=\"gmPhantom_term_row_album\">\r\n                                            <td class=\"gmPhantom_term_key\">Album<\/td>\r\n                                            <td class=\"gmPhantom_term_value\"><a href=\"\/index.php\/wp-json\/wp\/v2\/posts\/15020?gm181[album__in]=181\" class=\"gmPhantom_alb\">50-celebracion-unsl-TARDE-2023<\/a><\/td>\r\n                                        <\/tr>\r\n                                                                    <\/table>\r\n                            <\/div>\r\n                                                <\/div>\r\n                <\/div>\r\n                <\/div>            <div class=\"gmPhantom_ThumbContainer gmPhantom_ThumbLoader\" data-id=\"2647\" data-post_id=\"15078\" data-ratio=\"1.5866666666667\" data-type=\"image\" data-ext=\"jpg\" data-views=\"25\" data-likes=\"0\" data-cc=\"0\" data-post_link=\"https:\/\/www.fica.unsl.edu.ar\/index.php\/gmedia\/aniversario-50-unsl-tarde_52_-jpg\/\">\r\n                <a href=\"https:\/\/www.fica.unsl.edu.ar\/wp-content\/grand-media\/image\/aniversario-50-unsl-tarde_52_.jpg\" class=\"gmPhantom_Thumb\"><img decoding=\"async\" src=\"https:\/\/www.fica.unsl.edu.ar\/wp-content\/grand-media\/image\/thumb\/aniversario-50-unsl-tarde_52_.jpg\" data-src=\"https:\/\/www.fica.unsl.edu.ar\/wp-content\/grand-media\/image\/aniversario-50-unsl-tarde_52_.jpg\" alt=\"Aniversario-50-unsl-tarde (52)\"\/><\/a>\r\n                                    <div class=\"gmPhantom_ThumbLabel\"><span class=\"gmPhantom_ThumbLabel_title\">Aniversario-50-unsl-tarde (52)<\/span><\/div>\r\n                                    <div style=\"display:none;\" class=\"gmPhantom_Details\">\r\n                                            <div class=\"gmPhantom_description\">\r\n                            <div class=\"gmPhantom_title\">Aniversario-50-unsl-tarde (52)<\/div>\r\n                            <div class=\"gmPhantom_text\"><\/div>\r\n                        <\/div>\r\n                                                            <div class=\"gmPhantom_terms\">\r\n                                                    <div class=\"gmPhantom_other_terms\">\r\n                                <table class=\"gmPhantom_other_terms_table\">\r\n                                                                            <tr class=\"gmPhantom_term_row_album\">\r\n                                            <td class=\"gmPhantom_term_key\">Album<\/td>\r\n                                            <td class=\"gmPhantom_term_value\"><a href=\"\/index.php\/wp-json\/wp\/v2\/posts\/15020?gm181[album__in]=181\" class=\"gmPhantom_alb\">50-celebracion-unsl-TARDE-2023<\/a><\/td>\r\n                                        <\/tr>\r\n                                                                    <\/table>\r\n                            <\/div>\r\n                                                <\/div>\r\n                <\/div>\r\n                <\/div>            <div class=\"gmPhantom_ThumbContainer gmPhantom_ThumbLoader\" data-id=\"2646\" data-post_id=\"15077\" data-ratio=\"1.5866666666667\" data-type=\"image\" data-ext=\"jpg\" data-views=\"26\" data-likes=\"0\" data-cc=\"0\" data-post_link=\"https:\/\/www.fica.unsl.edu.ar\/index.php\/gmedia\/aniversario-50-unsl-tarde_51_-jpg\/\">\r\n                <a href=\"https:\/\/www.fica.unsl.edu.ar\/wp-content\/grand-media\/image\/aniversario-50-unsl-tarde_51_.jpg\" class=\"gmPhantom_Thumb\"><img decoding=\"async\" src=\"https:\/\/www.fica.unsl.edu.ar\/wp-content\/grand-media\/image\/thumb\/aniversario-50-unsl-tarde_51_.jpg\" data-src=\"https:\/\/www.fica.unsl.edu.ar\/wp-content\/grand-media\/image\/aniversario-50-unsl-tarde_51_.jpg\" alt=\"Aniversario-50-unsl-tarde (51)\"\/><\/a>\r\n                                    <div class=\"gmPhantom_ThumbLabel\"><span class=\"gmPhantom_ThumbLabel_title\">Aniversario-50-unsl-tarde (51)<\/span><\/div>\r\n                                    <div style=\"display:none;\" class=\"gmPhantom_Details\">\r\n                                            <div class=\"gmPhantom_description\">\r\n                            <div class=\"gmPhantom_title\">Aniversario-50-unsl-tarde (51)<\/div>\r\n                            <div class=\"gmPhantom_text\"><\/div>\r\n                        <\/div>\r\n                                                            <div class=\"gmPhantom_terms\">\r\n                                                    <div class=\"gmPhantom_other_terms\">\r\n                                <table class=\"gmPhantom_other_terms_table\">\r\n                                                                            <tr class=\"gmPhantom_term_row_album\">\r\n                                            <td class=\"gmPhantom_term_key\">Album<\/td>\r\n                                            <td class=\"gmPhantom_term_value\"><a href=\"\/index.php\/wp-json\/wp\/v2\/posts\/15020?gm181[album__in]=181\" class=\"gmPhantom_alb\">50-celebracion-unsl-TARDE-2023<\/a><\/td>\r\n                                        <\/tr>\r\n                                                                    <\/table>\r\n                            <\/div>\r\n                                                <\/div>\r\n                <\/div>\r\n                <\/div>            <div class=\"gmPhantom_ThumbContainer gmPhantom_ThumbLoader\" data-id=\"2645\" data-post_id=\"15076\" data-ratio=\"1.5\" data-type=\"image\" data-ext=\"jpg\" data-views=\"25\" data-likes=\"0\" data-cc=\"0\" data-post_link=\"https:\/\/www.fica.unsl.edu.ar\/index.php\/gmedia\/aniversario-50-unsl-tarde_50_-jpg\/\">\r\n                <a href=\"https:\/\/www.fica.unsl.edu.ar\/wp-content\/grand-media\/image\/aniversario-50-unsl-tarde_50_.jpg\" class=\"gmPhantom_Thumb\"><img decoding=\"async\" src=\"https:\/\/www.fica.unsl.edu.ar\/wp-content\/grand-media\/image\/thumb\/aniversario-50-unsl-tarde_50_.jpg\" data-src=\"https:\/\/www.fica.unsl.edu.ar\/wp-content\/grand-media\/image\/aniversario-50-unsl-tarde_50_.jpg\" alt=\"Aniversario-50-unsl-tarde (50)\"\/><\/a>\r\n                                    <div class=\"gmPhantom_ThumbLabel\"><span class=\"gmPhantom_ThumbLabel_title\">Aniversario-50-unsl-tarde (50)<\/span><\/div>\r\n                                    <div style=\"display:none;\" class=\"gmPhantom_Details\">\r\n                                            <div class=\"gmPhantom_description\">\r\n                            <div class=\"gmPhantom_title\">Aniversario-50-unsl-tarde (50)<\/div>\r\n                            <div class=\"gmPhantom_text\"><\/div>\r\n                        <\/div>\r\n                                                            <div class=\"gmPhantom_terms\">\r\n                                                    <div class=\"gmPhantom_other_terms\">\r\n                                <table class=\"gmPhantom_other_terms_table\">\r\n                                                                            <tr class=\"gmPhantom_term_row_album\">\r\n                                            <td class=\"gmPhantom_term_key\">Album<\/td>\r\n                                            <td class=\"gmPhantom_term_value\"><a href=\"\/index.php\/wp-json\/wp\/v2\/posts\/15020?gm181[album__in]=181\" class=\"gmPhantom_alb\">50-celebracion-unsl-TARDE-2023<\/a><\/td>\r\n                                        <\/tr>\r\n                                                                    <\/table>\r\n                            <\/div>\r\n                                                <\/div>\r\n                <\/div>\r\n                <\/div>            <div class=\"gmPhantom_ThumbContainer gmPhantom_ThumbLoader\" data-id=\"2644\" data-post_id=\"15075\" data-ratio=\"1.5\" data-type=\"image\" data-ext=\"jpg\" data-views=\"27\" data-likes=\"0\" data-cc=\"0\" data-post_link=\"https:\/\/www.fica.unsl.edu.ar\/index.php\/gmedia\/aniversario-50-unsl-tarde_49_-jpg\/\">\r\n                <a href=\"https:\/\/www.fica.unsl.edu.ar\/wp-content\/grand-media\/image\/aniversario-50-unsl-tarde_49_.jpg\" class=\"gmPhantom_Thumb\"><img decoding=\"async\" src=\"https:\/\/www.fica.unsl.edu.ar\/wp-content\/grand-media\/image\/thumb\/aniversario-50-unsl-tarde_49_.jpg\" data-src=\"https:\/\/www.fica.unsl.edu.ar\/wp-content\/grand-media\/image\/aniversario-50-unsl-tarde_49_.jpg\" alt=\"Aniversario-50-unsl-tarde (49)\"\/><\/a>\r\n                                    <div class=\"gmPhantom_ThumbLabel\"><span class=\"gmPhantom_ThumbLabel_title\">Aniversario-50-unsl-tarde (49)<\/span><\/div>\r\n                                    <div style=\"display:none;\" class=\"gmPhantom_Details\">\r\n                                            <div class=\"gmPhantom_description\">\r\n                            <div class=\"gmPhantom_title\">Aniversario-50-unsl-tarde (49)<\/div>\r\n                            <div class=\"gmPhantom_text\"><\/div>\r\n                        <\/div>\r\n                                                            <div class=\"gmPhantom_terms\">\r\n                                                    <div class=\"gmPhantom_other_terms\">\r\n                                <table class=\"gmPhantom_other_terms_table\">\r\n                                                                            <tr class=\"gmPhantom_term_row_album\">\r\n                                            <td class=\"gmPhantom_term_key\">Album<\/td>\r\n                                            <td class=\"gmPhantom_term_value\"><a href=\"\/index.php\/wp-json\/wp\/v2\/posts\/15020?gm181[album__in]=181\" class=\"gmPhantom_alb\">50-celebracion-unsl-TARDE-2023<\/a><\/td>\r\n                                        <\/tr>\r\n                                                                    <\/table>\r\n                            <\/div>\r\n                                                <\/div>\r\n                <\/div>\r\n                <\/div>            <div class=\"gmPhantom_ThumbContainer gmPhantom_ThumbLoader\" data-id=\"2643\" data-post_id=\"15074\" data-ratio=\"1.5\" data-type=\"image\" data-ext=\"jpg\" data-views=\"30\" data-likes=\"0\" data-cc=\"0\" data-post_link=\"https:\/\/www.fica.unsl.edu.ar\/index.php\/gmedia\/aniversario-50-unsl-tarde_48_-jpg\/\">\r\n                <a href=\"https:\/\/www.fica.unsl.edu.ar\/wp-content\/grand-media\/image\/aniversario-50-unsl-tarde_48_.jpg\" class=\"gmPhantom_Thumb\"><img decoding=\"async\" src=\"https:\/\/www.fica.unsl.edu.ar\/wp-content\/grand-media\/image\/thumb\/aniversario-50-unsl-tarde_48_.jpg\" data-src=\"https:\/\/www.fica.unsl.edu.ar\/wp-content\/grand-media\/image\/aniversario-50-unsl-tarde_48_.jpg\" alt=\"Aniversario-50-unsl-tarde (48)\"\/><\/a>\r\n                                    <div class=\"gmPhantom_ThumbLabel\"><span class=\"gmPhantom_ThumbLabel_title\">Aniversario-50-unsl-tarde (48)<\/span><\/div>\r\n                                    <div style=\"display:none;\" class=\"gmPhantom_Details\">\r\n                                            <div class=\"gmPhantom_description\">\r\n                            <div class=\"gmPhantom_title\">Aniversario-50-unsl-tarde (48)<\/div>\r\n                            <div class=\"gmPhantom_text\"><\/div>\r\n                        <\/div>\r\n                                                            <div class=\"gmPhantom_terms\">\r\n                                                    <div class=\"gmPhantom_other_terms\">\r\n                                <table class=\"gmPhantom_other_terms_table\">\r\n                                                                            <tr class=\"gmPhantom_term_row_album\">\r\n                                            <td class=\"gmPhantom_term_key\">Album<\/td>\r\n                                            <td class=\"gmPhantom_term_value\"><a href=\"\/index.php\/wp-json\/wp\/v2\/posts\/15020?gm181[album__in]=181\" class=\"gmPhantom_alb\">50-celebracion-unsl-TARDE-2023<\/a><\/td>\r\n                                        <\/tr>\r\n                                                                    <\/table>\r\n                            <\/div>\r\n                                                <\/div>\r\n                <\/div>\r\n                <\/div>            <div class=\"gmPhantom_ThumbContainer gmPhantom_ThumbLoader\" data-id=\"2642\" data-post_id=\"15073\" data-ratio=\"1.5\" data-type=\"image\" data-ext=\"jpg\" data-views=\"29\" data-likes=\"0\" data-cc=\"0\" data-post_link=\"https:\/\/www.fica.unsl.edu.ar\/index.php\/gmedia\/aniversario-50-unsl-tarde_47_-jpg\/\">\r\n                <a href=\"https:\/\/www.fica.unsl.edu.ar\/wp-content\/grand-media\/image\/aniversario-50-unsl-tarde_47_.jpg\" class=\"gmPhantom_Thumb\"><img decoding=\"async\" src=\"https:\/\/www.fica.unsl.edu.ar\/wp-content\/grand-media\/image\/thumb\/aniversario-50-unsl-tarde_47_.jpg\" data-src=\"https:\/\/www.fica.unsl.edu.ar\/wp-content\/grand-media\/image\/aniversario-50-unsl-tarde_47_.jpg\" alt=\"Aniversario-50-unsl-tarde (47)\"\/><\/a>\r\n                                    <div class=\"gmPhantom_ThumbLabel\"><span class=\"gmPhantom_ThumbLabel_title\">Aniversario-50-unsl-tarde (47)<\/span><\/div>\r\n                                    <div style=\"display:none;\" class=\"gmPhantom_Details\">\r\n                                            <div class=\"gmPhantom_description\">\r\n                            <div class=\"gmPhantom_title\">Aniversario-50-unsl-tarde (47)<\/div>\r\n                            <div class=\"gmPhantom_text\"><\/div>\r\n                        <\/div>\r\n                                                            <div class=\"gmPhantom_terms\">\r\n                                                    <div class=\"gmPhantom_other_terms\">\r\n                                <table class=\"gmPhantom_other_terms_table\">\r\n                                                                            <tr class=\"gmPhantom_term_row_album\">\r\n                                            <td class=\"gmPhantom_term_key\">Album<\/td>\r\n                                            <td class=\"gmPhantom_term_value\"><a href=\"\/index.php\/wp-json\/wp\/v2\/posts\/15020?gm181[album__in]=181\" class=\"gmPhantom_alb\">50-celebracion-unsl-TARDE-2023<\/a><\/td>\r\n                                        <\/tr>\r\n                                                                    <\/table>\r\n                            <\/div>\r\n                                                <\/div>\r\n                <\/div>\r\n                <\/div>            <div class=\"gmPhantom_ThumbContainer gmPhantom_ThumbLoader\" data-id=\"2641\" data-post_id=\"15072\" data-ratio=\"1.5\" data-type=\"image\" data-ext=\"jpg\" data-views=\"31\" data-likes=\"0\" data-cc=\"0\" data-post_link=\"https:\/\/www.fica.unsl.edu.ar\/index.php\/gmedia\/aniversario-50-unsl-tarde_46_-jpg\/\">\r\n                <a href=\"https:\/\/www.fica.unsl.edu.ar\/wp-content\/grand-media\/image\/aniversario-50-unsl-tarde_46_.jpg\" class=\"gmPhantom_Thumb\"><img decoding=\"async\" src=\"https:\/\/www.fica.unsl.edu.ar\/wp-content\/grand-media\/image\/thumb\/aniversario-50-unsl-tarde_46_.jpg\" data-src=\"https:\/\/www.fica.unsl.edu.ar\/wp-content\/grand-media\/image\/aniversario-50-unsl-tarde_46_.jpg\" alt=\"Aniversario-50-unsl-tarde (46)\"\/><\/a>\r\n                                    <div class=\"gmPhantom_ThumbLabel\"><span class=\"gmPhantom_ThumbLabel_title\">Aniversario-50-unsl-tarde (46)<\/span><\/div>\r\n                                    <div style=\"display:none;\" class=\"gmPhantom_Details\">\r\n                                            <div class=\"gmPhantom_description\">\r\n                            <div class=\"gmPhantom_title\">Aniversario-50-unsl-tarde (46)<\/div>\r\n                            <div class=\"gmPhantom_text\"><\/div>\r\n                        <\/div>\r\n                                                            <div class=\"gmPhantom_terms\">\r\n                                                    <div class=\"gmPhantom_other_terms\">\r\n                                <table class=\"gmPhantom_other_terms_table\">\r\n                                                                            <tr class=\"gmPhantom_term_row_album\">\r\n                                            <td class=\"gmPhantom_term_key\">Album<\/td>\r\n                                            <td class=\"gmPhantom_term_value\"><a href=\"\/index.php\/wp-json\/wp\/v2\/posts\/15020?gm181[album__in]=181\" class=\"gmPhantom_alb\">50-celebracion-unsl-TARDE-2023<\/a><\/td>\r\n                                        <\/tr>\r\n                                                                    <\/table>\r\n                            <\/div>\r\n                                                <\/div>\r\n                <\/div>\r\n                <\/div>            <div class=\"gmPhantom_ThumbContainer gmPhantom_ThumbLoader\" data-id=\"2640\" data-post_id=\"15071\" data-ratio=\"1.5\" data-type=\"image\" data-ext=\"jpg\" data-views=\"29\" data-likes=\"0\" data-cc=\"0\" data-post_link=\"https:\/\/www.fica.unsl.edu.ar\/index.php\/gmedia\/aniversario-50-unsl-tarde_42_-jpg\/\">\r\n                <a href=\"https:\/\/www.fica.unsl.edu.ar\/wp-content\/grand-media\/image\/aniversario-50-unsl-tarde_42_.jpg\" class=\"gmPhantom_Thumb\"><img decoding=\"async\" src=\"https:\/\/www.fica.unsl.edu.ar\/wp-content\/grand-media\/image\/thumb\/aniversario-50-unsl-tarde_42_.jpg\" data-src=\"https:\/\/www.fica.unsl.edu.ar\/wp-content\/grand-media\/image\/aniversario-50-unsl-tarde_42_.jpg\" alt=\"Aniversario-50-unsl-tarde (42)\"\/><\/a>\r\n                                    <div class=\"gmPhantom_ThumbLabel\"><span class=\"gmPhantom_ThumbLabel_title\">Aniversario-50-unsl-tarde (42)<\/span><\/div>\r\n                                    <div style=\"display:none;\" class=\"gmPhantom_Details\">\r\n                                            <div class=\"gmPhantom_description\">\r\n                            <div class=\"gmPhantom_title\">Aniversario-50-unsl-tarde (42)<\/div>\r\n                            <div class=\"gmPhantom_text\"><\/div>\r\n                        <\/div>\r\n                                                            <div class=\"gmPhantom_terms\">\r\n                                                    <div class=\"gmPhantom_other_terms\">\r\n                                <table class=\"gmPhantom_other_terms_table\">\r\n                                                                            <tr class=\"gmPhantom_term_row_album\">\r\n                                            <td class=\"gmPhantom_term_key\">Album<\/td>\r\n                                            <td class=\"gmPhantom_term_value\"><a href=\"\/index.php\/wp-json\/wp\/v2\/posts\/15020?gm181[album__in]=181\" class=\"gmPhantom_alb\">50-celebracion-unsl-TARDE-2023<\/a><\/td>\r\n                                        <\/tr>\r\n                                                                    <\/table>\r\n                            <\/div>\r\n                                                <\/div>\r\n                <\/div>\r\n                <\/div>            <div class=\"gmPhantom_ThumbContainer gmPhantom_ThumbLoader\" data-id=\"2639\" data-post_id=\"15070\" data-ratio=\"1.5\" data-type=\"image\" data-ext=\"jpg\" data-views=\"38\" data-likes=\"0\" data-cc=\"0\" data-post_link=\"https:\/\/www.fica.unsl.edu.ar\/index.php\/gmedia\/aniversario-50-unsl-tarde_41_-jpg\/\">\r\n                <a href=\"https:\/\/www.fica.unsl.edu.ar\/wp-content\/grand-media\/image\/aniversario-50-unsl-tarde_41_.jpg\" class=\"gmPhantom_Thumb\"><img decoding=\"async\" src=\"https:\/\/www.fica.unsl.edu.ar\/wp-content\/grand-media\/image\/thumb\/aniversario-50-unsl-tarde_41_.jpg\" data-src=\"https:\/\/www.fica.unsl.edu.ar\/wp-content\/grand-media\/image\/aniversario-50-unsl-tarde_41_.jpg\" alt=\"Aniversario-50-unsl-tarde (41)\"\/><\/a>\r\n                                    <div class=\"gmPhantom_ThumbLabel\"><span class=\"gmPhantom_ThumbLabel_title\">Aniversario-50-unsl-tarde (41)<\/span><\/div>\r\n                                    <div style=\"display:none;\" class=\"gmPhantom_Details\">\r\n                                            <div class=\"gmPhantom_description\">\r\n                            <div class=\"gmPhantom_title\">Aniversario-50-unsl-tarde (41)<\/div>\r\n                            <div class=\"gmPhantom_text\"><\/div>\r\n                        <\/div>\r\n                                                            <div class=\"gmPhantom_terms\">\r\n                                                    <div class=\"gmPhantom_other_terms\">\r\n                                <table class=\"gmPhantom_other_terms_table\">\r\n                                                                            <tr class=\"gmPhantom_term_row_album\">\r\n                                            <td class=\"gmPhantom_term_key\">Album<\/td>\r\n                                            <td class=\"gmPhantom_term_value\"><a href=\"\/index.php\/wp-json\/wp\/v2\/posts\/15020?gm181[album__in]=181\" class=\"gmPhantom_alb\">50-celebracion-unsl-TARDE-2023<\/a><\/td>\r\n                                        <\/tr>\r\n                                                                    <\/table>\r\n                            <\/div>\r\n                                                <\/div>\r\n                <\/div>\r\n                <\/div>            <div class=\"gmPhantom_ThumbContainer gmPhantom_ThumbLoader\" data-id=\"2638\" data-post_id=\"15069\" data-ratio=\"1.5\" data-type=\"image\" data-ext=\"jpg\" data-views=\"28\" data-likes=\"0\" data-cc=\"0\" data-post_link=\"https:\/\/www.fica.unsl.edu.ar\/index.php\/gmedia\/aniversario-50-unsl-tarde_40_-jpg\/\">\r\n                <a href=\"https:\/\/www.fica.unsl.edu.ar\/wp-content\/grand-media\/image\/aniversario-50-unsl-tarde_40_.jpg\" class=\"gmPhantom_Thumb\"><img decoding=\"async\" src=\"https:\/\/www.fica.unsl.edu.ar\/wp-content\/grand-media\/image\/thumb\/aniversario-50-unsl-tarde_40_.jpg\" data-src=\"https:\/\/www.fica.unsl.edu.ar\/wp-content\/grand-media\/image\/aniversario-50-unsl-tarde_40_.jpg\" alt=\"Aniversario-50-unsl-tarde (40)\"\/><\/a>\r\n                                    <div class=\"gmPhantom_ThumbLabel\"><span class=\"gmPhantom_ThumbLabel_title\">Aniversario-50-unsl-tarde (40)<\/span><\/div>\r\n                                    <div style=\"display:none;\" class=\"gmPhantom_Details\">\r\n                                            <div class=\"gmPhantom_description\">\r\n                            <div class=\"gmPhantom_title\">Aniversario-50-unsl-tarde (40)<\/div>\r\n                            <div class=\"gmPhantom_text\"><\/div>\r\n                        <\/div>\r\n                                                            <div class=\"gmPhantom_terms\">\r\n                                                    <div class=\"gmPhantom_other_terms\">\r\n                                <table class=\"gmPhantom_other_terms_table\">\r\n                                                                            <tr class=\"gmPhantom_term_row_album\">\r\n                                            <td class=\"gmPhantom_term_key\">Album<\/td>\r\n                                            <td class=\"gmPhantom_term_value\"><a href=\"\/index.php\/wp-json\/wp\/v2\/posts\/15020?gm181[album__in]=181\" class=\"gmPhantom_alb\">50-celebracion-unsl-TARDE-2023<\/a><\/td>\r\n                                        <\/tr>\r\n                                                                    <\/table>\r\n                            <\/div>\r\n                                                <\/div>\r\n                <\/div>\r\n                <\/div>            <div class=\"gmPhantom_ThumbContainer gmPhantom_ThumbLoader\" data-id=\"2637\" data-post_id=\"15068\" data-ratio=\"1.5\" data-type=\"image\" data-ext=\"jpg\" data-views=\"33\" data-likes=\"0\" data-cc=\"0\" data-post_link=\"https:\/\/www.fica.unsl.edu.ar\/index.php\/gmedia\/aniversario-50-unsl-tarde_39_-jpg\/\">\r\n                <a href=\"https:\/\/www.fica.unsl.edu.ar\/wp-content\/grand-media\/image\/aniversario-50-unsl-tarde_39_.jpg\" class=\"gmPhantom_Thumb\"><img decoding=\"async\" src=\"https:\/\/www.fica.unsl.edu.ar\/wp-content\/grand-media\/image\/thumb\/aniversario-50-unsl-tarde_39_.jpg\" data-src=\"https:\/\/www.fica.unsl.edu.ar\/wp-content\/grand-media\/image\/aniversario-50-unsl-tarde_39_.jpg\" alt=\"Aniversario-50-unsl-tarde (39)\"\/><\/a>\r\n                                    <div class=\"gmPhantom_ThumbLabel\"><span class=\"gmPhantom_ThumbLabel_title\">Aniversario-50-unsl-tarde (39)<\/span><\/div>\r\n                                    <div style=\"display:none;\" class=\"gmPhantom_Details\">\r\n                                            <div class=\"gmPhantom_description\">\r\n                            <div class=\"gmPhantom_title\">Aniversario-50-unsl-tarde (39)<\/div>\r\n                            <div class=\"gmPhantom_text\"><\/div>\r\n                        <\/div>\r\n                                                            <div class=\"gmPhantom_terms\">\r\n                                                    <div class=\"gmPhantom_other_terms\">\r\n                                <table class=\"gmPhantom_other_terms_table\">\r\n                                                                            <tr class=\"gmPhantom_term_row_album\">\r\n                                            <td class=\"gmPhantom_term_key\">Album<\/td>\r\n                                            <td class=\"gmPhantom_term_value\"><a href=\"\/index.php\/wp-json\/wp\/v2\/posts\/15020?gm181[album__in]=181\" class=\"gmPhantom_alb\">50-celebracion-unsl-TARDE-2023<\/a><\/td>\r\n                                        <\/tr>\r\n                                                                    <\/table>\r\n                            <\/div>\r\n                                                <\/div>\r\n                <\/div>\r\n                <\/div>            <div class=\"gmPhantom_ThumbContainer gmPhantom_ThumbLoader\" data-id=\"2636\" data-post_id=\"15067\" data-ratio=\"1.5\" data-type=\"image\" data-ext=\"jpg\" data-views=\"32\" data-likes=\"0\" data-cc=\"0\" data-post_link=\"https:\/\/www.fica.unsl.edu.ar\/index.php\/gmedia\/aniversario-50-unsl-tarde_38_-jpg\/\">\r\n                <a href=\"https:\/\/www.fica.unsl.edu.ar\/wp-content\/grand-media\/image\/aniversario-50-unsl-tarde_38_.jpg\" class=\"gmPhantom_Thumb\"><img decoding=\"async\" src=\"https:\/\/www.fica.unsl.edu.ar\/wp-content\/grand-media\/image\/thumb\/aniversario-50-unsl-tarde_38_.jpg\" data-src=\"https:\/\/www.fica.unsl.edu.ar\/wp-content\/grand-media\/image\/aniversario-50-unsl-tarde_38_.jpg\" alt=\"Aniversario-50-unsl-tarde (38)\"\/><\/a>\r\n                                    <div class=\"gmPhantom_ThumbLabel\"><span class=\"gmPhantom_ThumbLabel_title\">Aniversario-50-unsl-tarde (38)<\/span><\/div>\r\n                                    <div style=\"display:none;\" class=\"gmPhantom_Details\">\r\n                                            <div class=\"gmPhantom_description\">\r\n                            <div class=\"gmPhantom_title\">Aniversario-50-unsl-tarde (38)<\/div>\r\n                            <div class=\"gmPhantom_text\"><\/div>\r\n                        <\/div>\r\n                                                            <div class=\"gmPhantom_terms\">\r\n                                                    <div class=\"gmPhantom_other_terms\">\r\n                                <table class=\"gmPhantom_other_terms_table\">\r\n                                                                            <tr class=\"gmPhantom_term_row_album\">\r\n                                            <td class=\"gmPhantom_term_key\">Album<\/td>\r\n                                            <td class=\"gmPhantom_term_value\"><a href=\"\/index.php\/wp-json\/wp\/v2\/posts\/15020?gm181[album__in]=181\" class=\"gmPhantom_alb\">50-celebracion-unsl-TARDE-2023<\/a><\/td>\r\n                                        <\/tr>\r\n                                                                    <\/table>\r\n                            <\/div>\r\n                                                <\/div>\r\n                <\/div>\r\n                <\/div>            <div class=\"gmPhantom_ThumbContainer gmPhantom_ThumbLoader\" data-id=\"2635\" data-post_id=\"15066\" data-ratio=\"1.5\" data-type=\"image\" data-ext=\"jpg\" data-views=\"37\" data-likes=\"0\" data-cc=\"0\" data-post_link=\"https:\/\/www.fica.unsl.edu.ar\/index.php\/gmedia\/aniversario-50-unsl-tarde_37_-jpg\/\">\r\n                <a href=\"https:\/\/www.fica.unsl.edu.ar\/wp-content\/grand-media\/image\/aniversario-50-unsl-tarde_37_.jpg\" class=\"gmPhantom_Thumb\"><img decoding=\"async\" src=\"https:\/\/www.fica.unsl.edu.ar\/wp-content\/grand-media\/image\/thumb\/aniversario-50-unsl-tarde_37_.jpg\" data-src=\"https:\/\/www.fica.unsl.edu.ar\/wp-content\/grand-media\/image\/aniversario-50-unsl-tarde_37_.jpg\" alt=\"Aniversario-50-unsl-tarde (37)\"\/><\/a>\r\n                                    <div class=\"gmPhantom_ThumbLabel\"><span class=\"gmPhantom_ThumbLabel_title\">Aniversario-50-unsl-tarde (37)<\/span><\/div>\r\n                                    <div style=\"display:none;\" class=\"gmPhantom_Details\">\r\n                                            <div class=\"gmPhantom_description\">\r\n                            <div class=\"gmPhantom_title\">Aniversario-50-unsl-tarde (37)<\/div>\r\n                            <div class=\"gmPhantom_text\"><\/div>\r\n                        <\/div>\r\n                                                            <div class=\"gmPhantom_terms\">\r\n                                                    <div class=\"gmPhantom_other_terms\">\r\n                                <table class=\"gmPhantom_other_terms_table\">\r\n                                                                            <tr class=\"gmPhantom_term_row_album\">\r\n                                            <td class=\"gmPhantom_term_key\">Album<\/td>\r\n                                            <td class=\"gmPhantom_term_value\"><a href=\"\/index.php\/wp-json\/wp\/v2\/posts\/15020?gm181[album__in]=181\" class=\"gmPhantom_alb\">50-celebracion-unsl-TARDE-2023<\/a><\/td>\r\n                                        <\/tr>\r\n                                                                    <\/table>\r\n                            <\/div>\r\n                                                <\/div>\r\n                <\/div>\r\n                <\/div>            <div class=\"gmPhantom_ThumbContainer gmPhantom_ThumbLoader\" data-id=\"2634\" data-post_id=\"15065\" data-ratio=\"1.5\" data-type=\"image\" data-ext=\"jpg\" data-views=\"33\" data-likes=\"0\" data-cc=\"0\" data-post_link=\"https:\/\/www.fica.unsl.edu.ar\/index.php\/gmedia\/aniversario-50-unsl-tarde_36_-jpg\/\">\r\n                <a href=\"https:\/\/www.fica.unsl.edu.ar\/wp-content\/grand-media\/image\/aniversario-50-unsl-tarde_36_.jpg\" class=\"gmPhantom_Thumb\"><img decoding=\"async\" src=\"https:\/\/www.fica.unsl.edu.ar\/wp-content\/grand-media\/image\/thumb\/aniversario-50-unsl-tarde_36_.jpg\" data-src=\"https:\/\/www.fica.unsl.edu.ar\/wp-content\/grand-media\/image\/aniversario-50-unsl-tarde_36_.jpg\" alt=\"Aniversario-50-unsl-tarde (36)\"\/><\/a>\r\n                                    <div class=\"gmPhantom_ThumbLabel\"><span class=\"gmPhantom_ThumbLabel_title\">Aniversario-50-unsl-tarde (36)<\/span><\/div>\r\n                                    <div style=\"display:none;\" class=\"gmPhantom_Details\">\r\n                                            <div class=\"gmPhantom_description\">\r\n                            <div class=\"gmPhantom_title\">Aniversario-50-unsl-tarde (36)<\/div>\r\n                            <div class=\"gmPhantom_text\"><\/div>\r\n                        <\/div>\r\n                                                            <div class=\"gmPhantom_terms\">\r\n                                                    <div class=\"gmPhantom_other_terms\">\r\n                                <table class=\"gmPhantom_other_terms_table\">\r\n                                                                            <tr class=\"gmPhantom_term_row_album\">\r\n                                            <td class=\"gmPhantom_term_key\">Album<\/td>\r\n                                            <td class=\"gmPhantom_term_value\"><a href=\"\/index.php\/wp-json\/wp\/v2\/posts\/15020?gm181[album__in]=181\" class=\"gmPhantom_alb\">50-celebracion-unsl-TARDE-2023<\/a><\/td>\r\n                                        <\/tr>\r\n                                                                    <\/table>\r\n                            <\/div>\r\n                                                <\/div>\r\n                <\/div>\r\n                <\/div>            <div class=\"gmPhantom_ThumbContainer gmPhantom_ThumbLoader\" data-id=\"2633\" data-post_id=\"15064\" data-ratio=\"1.5\" data-type=\"image\" data-ext=\"jpg\" data-views=\"39\" data-likes=\"0\" data-cc=\"0\" data-post_link=\"https:\/\/www.fica.unsl.edu.ar\/index.php\/gmedia\/aniversario-50-unsl-tarde_35_-jpg\/\">\r\n                <a href=\"https:\/\/www.fica.unsl.edu.ar\/wp-content\/grand-media\/image\/aniversario-50-unsl-tarde_35_.jpg\" class=\"gmPhantom_Thumb\"><img decoding=\"async\" src=\"https:\/\/www.fica.unsl.edu.ar\/wp-content\/grand-media\/image\/thumb\/aniversario-50-unsl-tarde_35_.jpg\" data-src=\"https:\/\/www.fica.unsl.edu.ar\/wp-content\/grand-media\/image\/aniversario-50-unsl-tarde_35_.jpg\" alt=\"Aniversario-50-unsl-tarde (35)\"\/><\/a>\r\n                                    <div class=\"gmPhantom_ThumbLabel\"><span class=\"gmPhantom_ThumbLabel_title\">Aniversario-50-unsl-tarde (35)<\/span><\/div>\r\n                                    <div style=\"display:none;\" class=\"gmPhantom_Details\">\r\n                                            <div class=\"gmPhantom_description\">\r\n                            <div class=\"gmPhantom_title\">Aniversario-50-unsl-tarde (35)<\/div>\r\n                            <div class=\"gmPhantom_text\"><\/div>\r\n                        <\/div>\r\n                                                            <div class=\"gmPhantom_terms\">\r\n                                                    <div class=\"gmPhantom_other_terms\">\r\n                                <table class=\"gmPhantom_other_terms_table\">\r\n                                                                            <tr class=\"gmPhantom_term_row_album\">\r\n                                            <td class=\"gmPhantom_term_key\">Album<\/td>\r\n                                            <td class=\"gmPhantom_term_value\"><a href=\"\/index.php\/wp-json\/wp\/v2\/posts\/15020?gm181[album__in]=181\" class=\"gmPhantom_alb\">50-celebracion-unsl-TARDE-2023<\/a><\/td>\r\n                                        <\/tr>\r\n                                                                    <\/table>\r\n                            <\/div>\r\n                                                <\/div>\r\n                <\/div>\r\n                <\/div>            <div class=\"gmPhantom_ThumbContainer gmPhantom_ThumbLoader\" data-id=\"2632\" data-post_id=\"15063\" data-ratio=\"1.5\" data-type=\"image\" data-ext=\"jpg\" data-views=\"33\" data-likes=\"0\" data-cc=\"0\" data-post_link=\"https:\/\/www.fica.unsl.edu.ar\/index.php\/gmedia\/aniversario-50-unsl-tarde_34_-jpg\/\">\r\n                <a href=\"https:\/\/www.fica.unsl.edu.ar\/wp-content\/grand-media\/image\/aniversario-50-unsl-tarde_34_.jpg\" class=\"gmPhantom_Thumb\"><img decoding=\"async\" src=\"https:\/\/www.fica.unsl.edu.ar\/wp-content\/grand-media\/image\/thumb\/aniversario-50-unsl-tarde_34_.jpg\" data-src=\"https:\/\/www.fica.unsl.edu.ar\/wp-content\/grand-media\/image\/aniversario-50-unsl-tarde_34_.jpg\" alt=\"Aniversario-50-unsl-tarde (34)\"\/><\/a>\r\n                                    <div class=\"gmPhantom_ThumbLabel\"><span class=\"gmPhantom_ThumbLabel_title\">Aniversario-50-unsl-tarde (34)<\/span><\/div>\r\n                                    <div style=\"display:none;\" class=\"gmPhantom_Details\">\r\n                                            <div class=\"gmPhantom_description\">\r\n                            <div class=\"gmPhantom_title\">Aniversario-50-unsl-tarde (34)<\/div>\r\n                            <div class=\"gmPhantom_text\"><\/div>\r\n                        <\/div>\r\n                                                            <div class=\"gmPhantom_terms\">\r\n                                                    <div class=\"gmPhantom_other_terms\">\r\n                                <table class=\"gmPhantom_other_terms_table\">\r\n                                                                            <tr class=\"gmPhantom_term_row_album\">\r\n                                            <td class=\"gmPhantom_term_key\">Album<\/td>\r\n                                            <td class=\"gmPhantom_term_value\"><a href=\"\/index.php\/wp-json\/wp\/v2\/posts\/15020?gm181[album__in]=181\" class=\"gmPhantom_alb\">50-celebracion-unsl-TARDE-2023<\/a><\/td>\r\n                                        <\/tr>\r\n                                                                    <\/table>\r\n                            <\/div>\r\n                                                <\/div>\r\n                <\/div>\r\n                <\/div>            <div class=\"gmPhantom_ThumbContainer gmPhantom_ThumbLoader\" data-id=\"2631\" data-post_id=\"15062\" data-ratio=\"1.5\" data-type=\"image\" data-ext=\"jpg\" data-views=\"37\" data-likes=\"0\" data-cc=\"0\" data-post_link=\"https:\/\/www.fica.unsl.edu.ar\/index.php\/gmedia\/aniversario-50-unsl-tarde_33_-jpg\/\">\r\n                <a href=\"https:\/\/www.fica.unsl.edu.ar\/wp-content\/grand-media\/image\/aniversario-50-unsl-tarde_33_.jpg\" class=\"gmPhantom_Thumb\"><img decoding=\"async\" src=\"https:\/\/www.fica.unsl.edu.ar\/wp-content\/grand-media\/image\/thumb\/aniversario-50-unsl-tarde_33_.jpg\" data-src=\"https:\/\/www.fica.unsl.edu.ar\/wp-content\/grand-media\/image\/aniversario-50-unsl-tarde_33_.jpg\" alt=\"Aniversario-50-unsl-tarde (33)\"\/><\/a>\r\n                                    <div class=\"gmPhantom_ThumbLabel\"><span class=\"gmPhantom_ThumbLabel_title\">Aniversario-50-unsl-tarde (33)<\/span><\/div>\r\n                                    <div style=\"display:none;\" class=\"gmPhantom_Details\">\r\n                                            <div class=\"gmPhantom_description\">\r\n                            <div class=\"gmPhantom_title\">Aniversario-50-unsl-tarde (33)<\/div>\r\n                            <div class=\"gmPhantom_text\"><\/div>\r\n                        <\/div>\r\n                                                            <div class=\"gmPhantom_terms\">\r\n                                                    <div class=\"gmPhantom_other_terms\">\r\n                                <table class=\"gmPhantom_other_terms_table\">\r\n                                                                            <tr class=\"gmPhantom_term_row_album\">\r\n                                            <td class=\"gmPhantom_term_key\">Album<\/td>\r\n                                            <td class=\"gmPhantom_term_value\"><a href=\"\/index.php\/wp-json\/wp\/v2\/posts\/15020?gm181[album__in]=181\" class=\"gmPhantom_alb\">50-celebracion-unsl-TARDE-2023<\/a><\/td>\r\n                                        <\/tr>\r\n                                                                    <\/table>\r\n                            <\/div>\r\n                                                <\/div>\r\n                <\/div>\r\n                <\/div>            <div class=\"gmPhantom_ThumbContainer gmPhantom_ThumbLoader\" data-id=\"2630\" data-post_id=\"15061\" data-ratio=\"1.5\" data-type=\"image\" data-ext=\"jpg\" data-views=\"34\" data-likes=\"0\" data-cc=\"0\" data-post_link=\"https:\/\/www.fica.unsl.edu.ar\/index.php\/gmedia\/aniversario-50-unsl-tarde_32_-jpg\/\">\r\n                <a href=\"https:\/\/www.fica.unsl.edu.ar\/wp-content\/grand-media\/image\/aniversario-50-unsl-tarde_32_.jpg\" class=\"gmPhantom_Thumb\"><img decoding=\"async\" src=\"https:\/\/www.fica.unsl.edu.ar\/wp-content\/grand-media\/image\/thumb\/aniversario-50-unsl-tarde_32_.jpg\" data-src=\"https:\/\/www.fica.unsl.edu.ar\/wp-content\/grand-media\/image\/aniversario-50-unsl-tarde_32_.jpg\" alt=\"Aniversario-50-unsl-tarde (32)\"\/><\/a>\r\n                                    <div class=\"gmPhantom_ThumbLabel\"><span class=\"gmPhantom_ThumbLabel_title\">Aniversario-50-unsl-tarde (32)<\/span><\/div>\r\n                                    <div style=\"display:none;\" class=\"gmPhantom_Details\">\r\n                                            <div class=\"gmPhantom_description\">\r\n                            <div class=\"gmPhantom_title\">Aniversario-50-unsl-tarde (32)<\/div>\r\n                            <div class=\"gmPhantom_text\"><\/div>\r\n                        <\/div>\r\n                                                            <div class=\"gmPhantom_terms\">\r\n                                                    <div class=\"gmPhantom_other_terms\">\r\n                                <table class=\"gmPhantom_other_terms_table\">\r\n                                                                            <tr class=\"gmPhantom_term_row_album\">\r\n                                            <td class=\"gmPhantom_term_key\">Album<\/td>\r\n                                            <td class=\"gmPhantom_term_value\"><a href=\"\/index.php\/wp-json\/wp\/v2\/posts\/15020?gm181[album__in]=181\" class=\"gmPhantom_alb\">50-celebracion-unsl-TARDE-2023<\/a><\/td>\r\n                                        <\/tr>\r\n                                                                    <\/table>\r\n                            <\/div>\r\n                                                <\/div>\r\n                <\/div>\r\n                <\/div>            <div class=\"gmPhantom_ThumbContainer gmPhantom_ThumbLoader\" data-id=\"2629\" data-post_id=\"15060\" data-ratio=\"1.5\" data-type=\"image\" data-ext=\"jpg\" data-views=\"36\" data-likes=\"0\" data-cc=\"0\" data-post_link=\"https:\/\/www.fica.unsl.edu.ar\/index.php\/gmedia\/aniversario-50-unsl-tarde_31_-jpg\/\">\r\n                <a href=\"https:\/\/www.fica.unsl.edu.ar\/wp-content\/grand-media\/image\/aniversario-50-unsl-tarde_31_.jpg\" class=\"gmPhantom_Thumb\"><img decoding=\"async\" src=\"https:\/\/www.fica.unsl.edu.ar\/wp-content\/grand-media\/image\/thumb\/aniversario-50-unsl-tarde_31_.jpg\" data-src=\"https:\/\/www.fica.unsl.edu.ar\/wp-content\/grand-media\/image\/aniversario-50-unsl-tarde_31_.jpg\" alt=\"Aniversario-50-unsl-tarde (31)\"\/><\/a>\r\n                                    <div class=\"gmPhantom_ThumbLabel\"><span class=\"gmPhantom_ThumbLabel_title\">Aniversario-50-unsl-tarde (31)<\/span><\/div>\r\n                                    <div style=\"display:none;\" class=\"gmPhantom_Details\">\r\n                                            <div class=\"gmPhantom_description\">\r\n                            <div class=\"gmPhantom_title\">Aniversario-50-unsl-tarde (31)<\/div>\r\n                            <div class=\"gmPhantom_text\"><\/div>\r\n                        <\/div>\r\n                                                            <div class=\"gmPhantom_terms\">\r\n                                                    <div class=\"gmPhantom_other_terms\">\r\n                                <table class=\"gmPhantom_other_terms_table\">\r\n                                                                            <tr class=\"gmPhantom_term_row_album\">\r\n                                            <td class=\"gmPhantom_term_key\">Album<\/td>\r\n                                            <td class=\"gmPhantom_term_value\"><a href=\"\/index.php\/wp-json\/wp\/v2\/posts\/15020?gm181[album__in]=181\" class=\"gmPhantom_alb\">50-celebracion-unsl-TARDE-2023<\/a><\/td>\r\n                                        <\/tr>\r\n                                                                    <\/table>\r\n                            <\/div>\r\n                                                <\/div>\r\n                <\/div>\r\n                <\/div>            <div class=\"gmPhantom_ThumbContainer gmPhantom_ThumbLoader\" data-id=\"2628\" data-post_id=\"15059\" data-ratio=\"1.5\" data-type=\"image\" data-ext=\"jpg\" data-views=\"36\" data-likes=\"0\" data-cc=\"0\" data-post_link=\"https:\/\/www.fica.unsl.edu.ar\/index.php\/gmedia\/aniversario-50-unsl-tarde_30_-jpg\/\">\r\n                <a href=\"https:\/\/www.fica.unsl.edu.ar\/wp-content\/grand-media\/image\/aniversario-50-unsl-tarde_30_.jpg\" class=\"gmPhantom_Thumb\"><img decoding=\"async\" src=\"https:\/\/www.fica.unsl.edu.ar\/wp-content\/grand-media\/image\/thumb\/aniversario-50-unsl-tarde_30_.jpg\" data-src=\"https:\/\/www.fica.unsl.edu.ar\/wp-content\/grand-media\/image\/aniversario-50-unsl-tarde_30_.jpg\" alt=\"Aniversario-50-unsl-tarde (30)\"\/><\/a>\r\n                                    <div class=\"gmPhantom_ThumbLabel\"><span class=\"gmPhantom_ThumbLabel_title\">Aniversario-50-unsl-tarde (30)<\/span><\/div>\r\n                                    <div style=\"display:none;\" class=\"gmPhantom_Details\">\r\n                                            <div class=\"gmPhantom_description\">\r\n                            <div class=\"gmPhantom_title\">Aniversario-50-unsl-tarde (30)<\/div>\r\n                            <div class=\"gmPhantom_text\"><\/div>\r\n                        <\/div>\r\n                                                            <div class=\"gmPhantom_terms\">\r\n                                                    <div class=\"gmPhantom_other_terms\">\r\n                                <table class=\"gmPhantom_other_terms_table\">\r\n                                                                            <tr class=\"gmPhantom_term_row_album\">\r\n                                            <td class=\"gmPhantom_term_key\">Album<\/td>\r\n                                            <td class=\"gmPhantom_term_value\"><a href=\"\/index.php\/wp-json\/wp\/v2\/posts\/15020?gm181[album__in]=181\" class=\"gmPhantom_alb\">50-celebracion-unsl-TARDE-2023<\/a><\/td>\r\n                                        <\/tr>\r\n                                                                    <\/table>\r\n                            <\/div>\r\n                                                <\/div>\r\n                <\/div>\r\n                <\/div>            <div class=\"gmPhantom_ThumbContainer gmPhantom_ThumbLoader\" data-id=\"2627\" data-post_id=\"15058\" data-ratio=\"1.5\" data-type=\"image\" data-ext=\"jpg\" data-views=\"27\" data-likes=\"0\" data-cc=\"0\" data-post_link=\"https:\/\/www.fica.unsl.edu.ar\/index.php\/gmedia\/aniversario-50-unsl-tarde_29_-jpg\/\">\r\n                <a href=\"https:\/\/www.fica.unsl.edu.ar\/wp-content\/grand-media\/image\/aniversario-50-unsl-tarde_29_.jpg\" class=\"gmPhantom_Thumb\"><img decoding=\"async\" src=\"https:\/\/www.fica.unsl.edu.ar\/wp-content\/grand-media\/image\/thumb\/aniversario-50-unsl-tarde_29_.jpg\" data-src=\"https:\/\/www.fica.unsl.edu.ar\/wp-content\/grand-media\/image\/aniversario-50-unsl-tarde_29_.jpg\" alt=\"Aniversario-50-unsl-tarde (29)\"\/><\/a>\r\n                                    <div class=\"gmPhantom_ThumbLabel\"><span class=\"gmPhantom_ThumbLabel_title\">Aniversario-50-unsl-tarde (29)<\/span><\/div>\r\n                                    <div style=\"display:none;\" class=\"gmPhantom_Details\">\r\n                                            <div class=\"gmPhantom_description\">\r\n                            <div class=\"gmPhantom_title\">Aniversario-50-unsl-tarde (29)<\/div>\r\n                            <div class=\"gmPhantom_text\"><\/div>\r\n                        <\/div>\r\n                                                            <div class=\"gmPhantom_terms\">\r\n                                                    <div class=\"gmPhantom_other_terms\">\r\n                                <table class=\"gmPhantom_other_terms_table\">\r\n                                                                            <tr class=\"gmPhantom_term_row_album\">\r\n                                            <td class=\"gmPhantom_term_key\">Album<\/td>\r\n                                            <td class=\"gmPhantom_term_value\"><a href=\"\/index.php\/wp-json\/wp\/v2\/posts\/15020?gm181[album__in]=181\" class=\"gmPhantom_alb\">50-celebracion-unsl-TARDE-2023<\/a><\/td>\r\n                                        <\/tr>\r\n                                                                    <\/table>\r\n                            <\/div>\r\n                                                <\/div>\r\n                <\/div>\r\n                <\/div>            <div class=\"gmPhantom_ThumbContainer gmPhantom_ThumbLoader\" data-id=\"2626\" data-post_id=\"15057\" data-ratio=\"1.5\" data-type=\"image\" data-ext=\"jpg\" data-views=\"27\" data-likes=\"0\" data-cc=\"0\" data-post_link=\"https:\/\/www.fica.unsl.edu.ar\/index.php\/gmedia\/aniversario-50-unsl-tarde_28_-jpg\/\">\r\n                <a href=\"https:\/\/www.fica.unsl.edu.ar\/wp-content\/grand-media\/image\/aniversario-50-unsl-tarde_28_.jpg\" class=\"gmPhantom_Thumb\"><img decoding=\"async\" src=\"https:\/\/www.fica.unsl.edu.ar\/wp-content\/grand-media\/image\/thumb\/aniversario-50-unsl-tarde_28_.jpg\" data-src=\"https:\/\/www.fica.unsl.edu.ar\/wp-content\/grand-media\/image\/aniversario-50-unsl-tarde_28_.jpg\" alt=\"Aniversario-50-unsl-tarde (28)\"\/><\/a>\r\n                                    <div class=\"gmPhantom_ThumbLabel\"><span class=\"gmPhantom_ThumbLabel_title\">Aniversario-50-unsl-tarde (28)<\/span><\/div>\r\n                                    <div style=\"display:none;\" class=\"gmPhantom_Details\">\r\n                                            <div class=\"gmPhantom_description\">\r\n                            <div class=\"gmPhantom_title\">Aniversario-50-unsl-tarde (28)<\/div>\r\n                            <div class=\"gmPhantom_text\"><\/div>\r\n                        <\/div>\r\n                                                            <div class=\"gmPhantom_terms\">\r\n                                                    <div class=\"gmPhantom_other_terms\">\r\n                                <table class=\"gmPhantom_other_terms_table\">\r\n                                                                            <tr class=\"gmPhantom_term_row_album\">\r\n                                            <td class=\"gmPhantom_term_key\">Album<\/td>\r\n                                            <td class=\"gmPhantom_term_value\"><a href=\"\/index.php\/wp-json\/wp\/v2\/posts\/15020?gm181[album__in]=181\" class=\"gmPhantom_alb\">50-celebracion-unsl-TARDE-2023<\/a><\/td>\r\n                                        <\/tr>\r\n                                                                    <\/table>\r\n                            <\/div>\r\n                                                <\/div>\r\n                <\/div>\r\n                <\/div>            <div class=\"gmPhantom_ThumbContainer gmPhantom_ThumbLoader\" data-id=\"2625\" data-post_id=\"15056\" data-ratio=\"1.5\" data-type=\"image\" data-ext=\"jpg\" data-views=\"30\" data-likes=\"0\" data-cc=\"0\" data-post_link=\"https:\/\/www.fica.unsl.edu.ar\/index.php\/gmedia\/aniversario-50-unsl-tarde_27_-jpg\/\">\r\n                <a href=\"https:\/\/www.fica.unsl.edu.ar\/wp-content\/grand-media\/image\/aniversario-50-unsl-tarde_27_.jpg\" class=\"gmPhantom_Thumb\"><img decoding=\"async\" src=\"https:\/\/www.fica.unsl.edu.ar\/wp-content\/grand-media\/image\/thumb\/aniversario-50-unsl-tarde_27_.jpg\" data-src=\"https:\/\/www.fica.unsl.edu.ar\/wp-content\/grand-media\/image\/aniversario-50-unsl-tarde_27_.jpg\" alt=\"Aniversario-50-unsl-tarde (27)\"\/><\/a>\r\n                                    <div class=\"gmPhantom_ThumbLabel\"><span class=\"gmPhantom_ThumbLabel_title\">Aniversario-50-unsl-tarde (27)<\/span><\/div>\r\n                                    <div style=\"display:none;\" class=\"gmPhantom_Details\">\r\n                                            <div class=\"gmPhantom_description\">\r\n                            <div class=\"gmPhantom_title\">Aniversario-50-unsl-tarde (27)<\/div>\r\n                            <div class=\"gmPhantom_text\"><\/div>\r\n                        <\/div>\r\n                                                            <div class=\"gmPhantom_terms\">\r\n                                                    <div class=\"gmPhantom_other_terms\">\r\n                                <table class=\"gmPhantom_other_terms_table\">\r\n                                                                            <tr class=\"gmPhantom_term_row_album\">\r\n                                            <td class=\"gmPhantom_term_key\">Album<\/td>\r\n                                            <td class=\"gmPhantom_term_value\"><a href=\"\/index.php\/wp-json\/wp\/v2\/posts\/15020?gm181[album__in]=181\" class=\"gmPhantom_alb\">50-celebracion-unsl-TARDE-2023<\/a><\/td>\r\n                                        <\/tr>\r\n                                                                    <\/table>\r\n                            <\/div>\r\n                                                <\/div>\r\n                <\/div>\r\n                <\/div>            <div class=\"gmPhantom_ThumbContainer gmPhantom_ThumbLoader\" data-id=\"2624\" data-post_id=\"15055\" data-ratio=\"1.5\" data-type=\"image\" data-ext=\"jpg\" data-views=\"37\" data-likes=\"0\" data-cc=\"0\" data-post_link=\"https:\/\/www.fica.unsl.edu.ar\/index.php\/gmedia\/aniversario-50-unsl-tarde_26_-jpg\/\">\r\n                <a href=\"https:\/\/www.fica.unsl.edu.ar\/wp-content\/grand-media\/image\/aniversario-50-unsl-tarde_26_.jpg\" class=\"gmPhantom_Thumb\"><img decoding=\"async\" src=\"https:\/\/www.fica.unsl.edu.ar\/wp-content\/grand-media\/image\/thumb\/aniversario-50-unsl-tarde_26_.jpg\" data-src=\"https:\/\/www.fica.unsl.edu.ar\/wp-content\/grand-media\/image\/aniversario-50-unsl-tarde_26_.jpg\" alt=\"Aniversario-50-unsl-tarde (26)\"\/><\/a>\r\n                                    <div class=\"gmPhantom_ThumbLabel\"><span class=\"gmPhantom_ThumbLabel_title\">Aniversario-50-unsl-tarde (26)<\/span><\/div>\r\n                                    <div style=\"display:none;\" class=\"gmPhantom_Details\">\r\n                                            <div class=\"gmPhantom_description\">\r\n                            <div class=\"gmPhantom_title\">Aniversario-50-unsl-tarde (26)<\/div>\r\n                            <div class=\"gmPhantom_text\"><\/div>\r\n                        <\/div>\r\n                                                            <div class=\"gmPhantom_terms\">\r\n                                                    <div class=\"gmPhantom_other_terms\">\r\n                                <table class=\"gmPhantom_other_terms_table\">\r\n                                                                            <tr class=\"gmPhantom_term_row_album\">\r\n                                            <td class=\"gmPhantom_term_key\">Album<\/td>\r\n                                            <td class=\"gmPhantom_term_value\"><a href=\"\/index.php\/wp-json\/wp\/v2\/posts\/15020?gm181[album__in]=181\" class=\"gmPhantom_alb\">50-celebracion-unsl-TARDE-2023<\/a><\/td>\r\n                                        <\/tr>\r\n                                                                    <\/table>\r\n                            <\/div>\r\n                                                <\/div>\r\n                <\/div>\r\n                <\/div>            <div class=\"gmPhantom_ThumbContainer gmPhantom_ThumbLoader\" data-id=\"2623\" data-post_id=\"15054\" data-ratio=\"1.5\" data-type=\"image\" data-ext=\"jpg\" data-views=\"40\" data-likes=\"0\" data-cc=\"0\" data-post_link=\"https:\/\/www.fica.unsl.edu.ar\/index.php\/gmedia\/aniversario-50-unsl-tarde_25_-jpg\/\">\r\n                <a href=\"https:\/\/www.fica.unsl.edu.ar\/wp-content\/grand-media\/image\/aniversario-50-unsl-tarde_25_.jpg\" class=\"gmPhantom_Thumb\"><img decoding=\"async\" src=\"https:\/\/www.fica.unsl.edu.ar\/wp-content\/grand-media\/image\/thumb\/aniversario-50-unsl-tarde_25_.jpg\" data-src=\"https:\/\/www.fica.unsl.edu.ar\/wp-content\/grand-media\/image\/aniversario-50-unsl-tarde_25_.jpg\" alt=\"Aniversario-50-unsl-tarde (25)\"\/><\/a>\r\n                                    <div class=\"gmPhantom_ThumbLabel\"><span class=\"gmPhantom_ThumbLabel_title\">Aniversario-50-unsl-tarde (25)<\/span><\/div>\r\n                                    <div style=\"display:none;\" class=\"gmPhantom_Details\">\r\n                                            <div class=\"gmPhantom_description\">\r\n                            <div class=\"gmPhantom_title\">Aniversario-50-unsl-tarde (25)<\/div>\r\n                            <div class=\"gmPhantom_text\"><\/div>\r\n                        <\/div>\r\n                                                            <div class=\"gmPhantom_terms\">\r\n                                                    <div class=\"gmPhantom_other_terms\">\r\n                                <table class=\"gmPhantom_other_terms_table\">\r\n                                                                            <tr class=\"gmPhantom_term_row_album\">\r\n                                            <td class=\"gmPhantom_term_key\">Album<\/td>\r\n                                            <td class=\"gmPhantom_term_value\"><a href=\"\/index.php\/wp-json\/wp\/v2\/posts\/15020?gm181[album__in]=181\" class=\"gmPhantom_alb\">50-celebracion-unsl-TARDE-2023<\/a><\/td>\r\n                                        <\/tr>\r\n                                                                    <\/table>\r\n                            <\/div>\r\n                                                <\/div>\r\n                <\/div>\r\n                <\/div>            <div class=\"gmPhantom_ThumbContainer gmPhantom_ThumbLoader\" data-id=\"2622\" data-post_id=\"15053\" data-ratio=\"1.5\" data-type=\"image\" data-ext=\"jpg\" data-views=\"34\" data-likes=\"0\" data-cc=\"0\" data-post_link=\"https:\/\/www.fica.unsl.edu.ar\/index.php\/gmedia\/aniversario-50-unsl-tarde_24_-jpg\/\">\r\n                <a href=\"https:\/\/www.fica.unsl.edu.ar\/wp-content\/grand-media\/image\/aniversario-50-unsl-tarde_24_.jpg\" class=\"gmPhantom_Thumb\"><img decoding=\"async\" src=\"https:\/\/www.fica.unsl.edu.ar\/wp-content\/grand-media\/image\/thumb\/aniversario-50-unsl-tarde_24_.jpg\" data-src=\"https:\/\/www.fica.unsl.edu.ar\/wp-content\/grand-media\/image\/aniversario-50-unsl-tarde_24_.jpg\" alt=\"Aniversario-50-unsl-tarde (24)\"\/><\/a>\r\n                                    <div class=\"gmPhantom_ThumbLabel\"><span class=\"gmPhantom_ThumbLabel_title\">Aniversario-50-unsl-tarde (24)<\/span><\/div>\r\n                                    <div style=\"display:none;\" class=\"gmPhantom_Details\">\r\n                                            <div class=\"gmPhantom_description\">\r\n                            <div class=\"gmPhantom_title\">Aniversario-50-unsl-tarde (24)<\/div>\r\n                            <div class=\"gmPhantom_text\"><\/div>\r\n                        <\/div>\r\n                                                            <div class=\"gmPhantom_terms\">\r\n                                                    <div class=\"gmPhantom_other_terms\">\r\n                                <table class=\"gmPhantom_other_terms_table\">\r\n                                                                            <tr class=\"gmPhantom_term_row_album\">\r\n                                            <td class=\"gmPhantom_term_key\">Album<\/td>\r\n                                            <td class=\"gmPhantom_term_value\"><a href=\"\/index.php\/wp-json\/wp\/v2\/posts\/15020?gm181[album__in]=181\" class=\"gmPhantom_alb\">50-celebracion-unsl-TARDE-2023<\/a><\/td>\r\n                                        <\/tr>\r\n                                                                    <\/table>\r\n                            <\/div>\r\n                                                <\/div>\r\n                <\/div>\r\n                <\/div>            <div class=\"gmPhantom_ThumbContainer gmPhantom_ThumbLoader\" data-id=\"2621\" data-post_id=\"15052\" data-ratio=\"1.5\" data-type=\"image\" data-ext=\"jpg\" data-views=\"33\" data-likes=\"0\" data-cc=\"0\" data-post_link=\"https:\/\/www.fica.unsl.edu.ar\/index.php\/gmedia\/aniversario-50-unsl-tarde_23_-jpg\/\">\r\n                <a href=\"https:\/\/www.fica.unsl.edu.ar\/wp-content\/grand-media\/image\/aniversario-50-unsl-tarde_23_.jpg\" class=\"gmPhantom_Thumb\"><img decoding=\"async\" src=\"https:\/\/www.fica.unsl.edu.ar\/wp-content\/grand-media\/image\/thumb\/aniversario-50-unsl-tarde_23_.jpg\" data-src=\"https:\/\/www.fica.unsl.edu.ar\/wp-content\/grand-media\/image\/aniversario-50-unsl-tarde_23_.jpg\" alt=\"Aniversario-50-unsl-tarde (23)\"\/><\/a>\r\n                                    <div class=\"gmPhantom_ThumbLabel\"><span class=\"gmPhantom_ThumbLabel_title\">Aniversario-50-unsl-tarde (23)<\/span><\/div>\r\n                                    <div style=\"display:none;\" class=\"gmPhantom_Details\">\r\n                                            <div class=\"gmPhantom_description\">\r\n                            <div class=\"gmPhantom_title\">Aniversario-50-unsl-tarde (23)<\/div>\r\n                            <div class=\"gmPhantom_text\"><\/div>\r\n                        <\/div>\r\n                                                            <div class=\"gmPhantom_terms\">\r\n                                                    <div class=\"gmPhantom_other_terms\">\r\n                                <table class=\"gmPhantom_other_terms_table\">\r\n                                                                            <tr class=\"gmPhantom_term_row_album\">\r\n                                            <td class=\"gmPhantom_term_key\">Album<\/td>\r\n                                            <td class=\"gmPhantom_term_value\"><a href=\"\/index.php\/wp-json\/wp\/v2\/posts\/15020?gm181[album__in]=181\" class=\"gmPhantom_alb\">50-celebracion-unsl-TARDE-2023<\/a><\/td>\r\n                                        <\/tr>\r\n                                                                    <\/table>\r\n                            <\/div>\r\n                                                <\/div>\r\n                <\/div>\r\n                <\/div>            <div class=\"gmPhantom_ThumbContainer gmPhantom_ThumbLoader\" data-id=\"2620\" data-post_id=\"15051\" data-ratio=\"1.5\" data-type=\"image\" data-ext=\"jpg\" data-views=\"32\" data-likes=\"0\" data-cc=\"0\" data-post_link=\"https:\/\/www.fica.unsl.edu.ar\/index.php\/gmedia\/aniversario-50-unsl-tarde_22_-jpg\/\">\r\n                <a href=\"https:\/\/www.fica.unsl.edu.ar\/wp-content\/grand-media\/image\/aniversario-50-unsl-tarde_22_.jpg\" class=\"gmPhantom_Thumb\"><img decoding=\"async\" src=\"https:\/\/www.fica.unsl.edu.ar\/wp-content\/grand-media\/image\/thumb\/aniversario-50-unsl-tarde_22_.jpg\" data-src=\"https:\/\/www.fica.unsl.edu.ar\/wp-content\/grand-media\/image\/aniversario-50-unsl-tarde_22_.jpg\" alt=\"Aniversario-50-unsl-tarde (22)\"\/><\/a>\r\n                                    <div class=\"gmPhantom_ThumbLabel\"><span class=\"gmPhantom_ThumbLabel_title\">Aniversario-50-unsl-tarde (22)<\/span><\/div>\r\n                                    <div style=\"display:none;\" class=\"gmPhantom_Details\">\r\n                                            <div class=\"gmPhantom_description\">\r\n                            <div class=\"gmPhantom_title\">Aniversario-50-unsl-tarde (22)<\/div>\r\n                            <div class=\"gmPhantom_text\"><\/div>\r\n                        <\/div>\r\n                                                            <div class=\"gmPhantom_terms\">\r\n                                                    <div class=\"gmPhantom_other_terms\">\r\n                                <table class=\"gmPhantom_other_terms_table\">\r\n                                                                            <tr class=\"gmPhantom_term_row_album\">\r\n                                            <td class=\"gmPhantom_term_key\">Album<\/td>\r\n                                            <td class=\"gmPhantom_term_value\"><a href=\"\/index.php\/wp-json\/wp\/v2\/posts\/15020?gm181[album__in]=181\" class=\"gmPhantom_alb\">50-celebracion-unsl-TARDE-2023<\/a><\/td>\r\n                                        <\/tr>\r\n                                                                    <\/table>\r\n                            <\/div>\r\n                                                <\/div>\r\n                <\/div>\r\n                <\/div>            <div class=\"gmPhantom_ThumbContainer gmPhantom_ThumbLoader\" data-id=\"2619\" data-post_id=\"15050\" data-ratio=\"1.5\" data-type=\"image\" data-ext=\"jpg\" data-views=\"39\" data-likes=\"0\" data-cc=\"0\" data-post_link=\"https:\/\/www.fica.unsl.edu.ar\/index.php\/gmedia\/aniversario-50-unsl-tarde_21_-jpg\/\">\r\n                <a href=\"https:\/\/www.fica.unsl.edu.ar\/wp-content\/grand-media\/image\/aniversario-50-unsl-tarde_21_.jpg\" class=\"gmPhantom_Thumb\"><img decoding=\"async\" src=\"https:\/\/www.fica.unsl.edu.ar\/wp-content\/grand-media\/image\/thumb\/aniversario-50-unsl-tarde_21_.jpg\" data-src=\"https:\/\/www.fica.unsl.edu.ar\/wp-content\/grand-media\/image\/aniversario-50-unsl-tarde_21_.jpg\" alt=\"Aniversario-50-unsl-tarde (21)\"\/><\/a>\r\n                                    <div class=\"gmPhantom_ThumbLabel\"><span class=\"gmPhantom_ThumbLabel_title\">Aniversario-50-unsl-tarde (21)<\/span><\/div>\r\n                                    <div style=\"display:none;\" class=\"gmPhantom_Details\">\r\n                                            <div class=\"gmPhantom_description\">\r\n                            <div class=\"gmPhantom_title\">Aniversario-50-unsl-tarde (21)<\/div>\r\n                            <div class=\"gmPhantom_text\"><\/div>\r\n                        <\/div>\r\n                                                            <div class=\"gmPhantom_terms\">\r\n                                                    <div class=\"gmPhantom_other_terms\">\r\n                                <table class=\"gmPhantom_other_terms_table\">\r\n                                                                            <tr class=\"gmPhantom_term_row_album\">\r\n                                            <td class=\"gmPhantom_term_key\">Album<\/td>\r\n                                            <td class=\"gmPhantom_term_value\"><a href=\"\/index.php\/wp-json\/wp\/v2\/posts\/15020?gm181[album__in]=181\" class=\"gmPhantom_alb\">50-celebracion-unsl-TARDE-2023<\/a><\/td>\r\n                                        <\/tr>\r\n                                                                    <\/table>\r\n                            <\/div>\r\n                                                <\/div>\r\n                <\/div>\r\n                <\/div>            <div class=\"gmPhantom_ThumbContainer gmPhantom_ThumbLoader\" data-id=\"2618\" data-post_id=\"15049\" data-ratio=\"1.5\" data-type=\"image\" data-ext=\"jpg\" data-views=\"30\" data-likes=\"0\" data-cc=\"0\" data-post_link=\"https:\/\/www.fica.unsl.edu.ar\/index.php\/gmedia\/aniversario-50-unsl-tarde_20_-jpg\/\">\r\n                <a href=\"https:\/\/www.fica.unsl.edu.ar\/wp-content\/grand-media\/image\/aniversario-50-unsl-tarde_20_.jpg\" class=\"gmPhantom_Thumb\"><img decoding=\"async\" src=\"https:\/\/www.fica.unsl.edu.ar\/wp-content\/grand-media\/image\/thumb\/aniversario-50-unsl-tarde_20_.jpg\" data-src=\"https:\/\/www.fica.unsl.edu.ar\/wp-content\/grand-media\/image\/aniversario-50-unsl-tarde_20_.jpg\" alt=\"Aniversario-50-unsl-tarde (20)\"\/><\/a>\r\n                                    <div class=\"gmPhantom_ThumbLabel\"><span class=\"gmPhantom_ThumbLabel_title\">Aniversario-50-unsl-tarde (20)<\/span><\/div>\r\n                                    <div style=\"display:none;\" class=\"gmPhantom_Details\">\r\n                                            <div class=\"gmPhantom_description\">\r\n                            <div class=\"gmPhantom_title\">Aniversario-50-unsl-tarde (20)<\/div>\r\n                            <div class=\"gmPhantom_text\"><\/div>\r\n                        <\/div>\r\n                                                            <div class=\"gmPhantom_terms\">\r\n                                                    <div class=\"gmPhantom_other_terms\">\r\n                                <table class=\"gmPhantom_other_terms_table\">\r\n                                                                            <tr class=\"gmPhantom_term_row_album\">\r\n                                            <td class=\"gmPhantom_term_key\">Album<\/td>\r\n                                            <td class=\"gmPhantom_term_value\"><a href=\"\/index.php\/wp-json\/wp\/v2\/posts\/15020?gm181[album__in]=181\" class=\"gmPhantom_alb\">50-celebracion-unsl-TARDE-2023<\/a><\/td>\r\n                                        <\/tr>\r\n                                                                    <\/table>\r\n                            <\/div>\r\n                                                <\/div>\r\n                <\/div>\r\n                <\/div>            <div class=\"gmPhantom_ThumbContainer gmPhantom_ThumbLoader\" data-id=\"2617\" data-post_id=\"15048\" data-ratio=\"1.5\" data-type=\"image\" data-ext=\"jpg\" data-views=\"32\" data-likes=\"0\" data-cc=\"0\" data-post_link=\"https:\/\/www.fica.unsl.edu.ar\/index.php\/gmedia\/aniversario-50-unsl-tarde_19_-jpg\/\">\r\n                <a href=\"https:\/\/www.fica.unsl.edu.ar\/wp-content\/grand-media\/image\/aniversario-50-unsl-tarde_19_.jpg\" class=\"gmPhantom_Thumb\"><img decoding=\"async\" src=\"https:\/\/www.fica.unsl.edu.ar\/wp-content\/grand-media\/image\/thumb\/aniversario-50-unsl-tarde_19_.jpg\" data-src=\"https:\/\/www.fica.unsl.edu.ar\/wp-content\/grand-media\/image\/aniversario-50-unsl-tarde_19_.jpg\" alt=\"Aniversario-50-unsl-tarde (19)\"\/><\/a>\r\n                                    <div class=\"gmPhantom_ThumbLabel\"><span class=\"gmPhantom_ThumbLabel_title\">Aniversario-50-unsl-tarde (19)<\/span><\/div>\r\n                                    <div style=\"display:none;\" class=\"gmPhantom_Details\">\r\n                                            <div class=\"gmPhantom_description\">\r\n                            <div class=\"gmPhantom_title\">Aniversario-50-unsl-tarde (19)<\/div>\r\n                            <div class=\"gmPhantom_text\"><\/div>\r\n                        <\/div>\r\n                                                            <div class=\"gmPhantom_terms\">\r\n                                                    <div class=\"gmPhantom_other_terms\">\r\n                                <table class=\"gmPhantom_other_terms_table\">\r\n                                                                            <tr class=\"gmPhantom_term_row_album\">\r\n                                            <td class=\"gmPhantom_term_key\">Album<\/td>\r\n                                            <td class=\"gmPhantom_term_value\"><a href=\"\/index.php\/wp-json\/wp\/v2\/posts\/15020?gm181[album__in]=181\" class=\"gmPhantom_alb\">50-celebracion-unsl-TARDE-2023<\/a><\/td>\r\n                                        <\/tr>\r\n                                                                    <\/table>\r\n                            <\/div>\r\n                                                <\/div>\r\n                <\/div>\r\n                <\/div>            <div class=\"gmPhantom_ThumbContainer gmPhantom_ThumbLoader\" data-id=\"2616\" data-post_id=\"15047\" data-ratio=\"1.5\" data-type=\"image\" data-ext=\"jpg\" data-views=\"42\" data-likes=\"0\" data-cc=\"0\" data-post_link=\"https:\/\/www.fica.unsl.edu.ar\/index.php\/gmedia\/aniversario-50-unsl-tarde_18_-jpg\/\">\r\n                <a href=\"https:\/\/www.fica.unsl.edu.ar\/wp-content\/grand-media\/image\/aniversario-50-unsl-tarde_18_.jpg\" class=\"gmPhantom_Thumb\"><img decoding=\"async\" src=\"https:\/\/www.fica.unsl.edu.ar\/wp-content\/grand-media\/image\/thumb\/aniversario-50-unsl-tarde_18_.jpg\" data-src=\"https:\/\/www.fica.unsl.edu.ar\/wp-content\/grand-media\/image\/aniversario-50-unsl-tarde_18_.jpg\" alt=\"Aniversario-50-unsl-tarde (18)\"\/><\/a>\r\n                                    <div class=\"gmPhantom_ThumbLabel\"><span class=\"gmPhantom_ThumbLabel_title\">Aniversario-50-unsl-tarde (18)<\/span><\/div>\r\n                                    <div style=\"display:none;\" class=\"gmPhantom_Details\">\r\n                                            <div class=\"gmPhantom_description\">\r\n                            <div class=\"gmPhantom_title\">Aniversario-50-unsl-tarde (18)<\/div>\r\n                            <div class=\"gmPhantom_text\"><\/div>\r\n                        <\/div>\r\n                                                            <div class=\"gmPhantom_terms\">\r\n                                                    <div class=\"gmPhantom_other_terms\">\r\n                                <table class=\"gmPhantom_other_terms_table\">\r\n                                                                            <tr class=\"gmPhantom_term_row_album\">\r\n                                            <td class=\"gmPhantom_term_key\">Album<\/td>\r\n                                            <td class=\"gmPhantom_term_value\"><a href=\"\/index.php\/wp-json\/wp\/v2\/posts\/15020?gm181[album__in]=181\" class=\"gmPhantom_alb\">50-celebracion-unsl-TARDE-2023<\/a><\/td>\r\n                                        <\/tr>\r\n                                                                    <\/table>\r\n                            <\/div>\r\n                                                <\/div>\r\n                <\/div>\r\n                <\/div>            <div class=\"gmPhantom_ThumbContainer gmPhantom_ThumbLoader\" data-id=\"2615\" data-post_id=\"15046\" data-ratio=\"1.5\" data-type=\"image\" data-ext=\"jpg\" data-views=\"33\" data-likes=\"0\" data-cc=\"0\" data-post_link=\"https:\/\/www.fica.unsl.edu.ar\/index.php\/gmedia\/aniversario-50-unsl-tarde_17_-jpg\/\">\r\n                <a href=\"https:\/\/www.fica.unsl.edu.ar\/wp-content\/grand-media\/image\/aniversario-50-unsl-tarde_17_.jpg\" class=\"gmPhantom_Thumb\"><img decoding=\"async\" src=\"https:\/\/www.fica.unsl.edu.ar\/wp-content\/grand-media\/image\/thumb\/aniversario-50-unsl-tarde_17_.jpg\" data-src=\"https:\/\/www.fica.unsl.edu.ar\/wp-content\/grand-media\/image\/aniversario-50-unsl-tarde_17_.jpg\" alt=\"Aniversario-50-unsl-tarde (17)\"\/><\/a>\r\n                                    <div class=\"gmPhantom_ThumbLabel\"><span class=\"gmPhantom_ThumbLabel_title\">Aniversario-50-unsl-tarde (17)<\/span><\/div>\r\n                                    <div style=\"display:none;\" class=\"gmPhantom_Details\">\r\n                                            <div class=\"gmPhantom_description\">\r\n                            <div class=\"gmPhantom_title\">Aniversario-50-unsl-tarde (17)<\/div>\r\n                            <div class=\"gmPhantom_text\"><\/div>\r\n                        <\/div>\r\n                                                            <div class=\"gmPhantom_terms\">\r\n                                                    <div class=\"gmPhantom_other_terms\">\r\n                                <table class=\"gmPhantom_other_terms_table\">\r\n                                                                            <tr class=\"gmPhantom_term_row_album\">\r\n                                            <td class=\"gmPhantom_term_key\">Album<\/td>\r\n                                            <td class=\"gmPhantom_term_value\"><a href=\"\/index.php\/wp-json\/wp\/v2\/posts\/15020?gm181[album__in]=181\" class=\"gmPhantom_alb\">50-celebracion-unsl-TARDE-2023<\/a><\/td>\r\n                                        <\/tr>\r\n                                                                    <\/table>\r\n                            <\/div>\r\n                                                <\/div>\r\n                <\/div>\r\n                <\/div>            <div class=\"gmPhantom_ThumbContainer gmPhantom_ThumbLoader\" data-id=\"2614\" data-post_id=\"15045\" data-ratio=\"1.5\" data-type=\"image\" data-ext=\"jpg\" data-views=\"24\" data-likes=\"0\" data-cc=\"0\" data-post_link=\"https:\/\/www.fica.unsl.edu.ar\/index.php\/gmedia\/aniversario-50-unsl-tarde_16_-jpg\/\">\r\n                <a href=\"https:\/\/www.fica.unsl.edu.ar\/wp-content\/grand-media\/image\/aniversario-50-unsl-tarde_16_.jpg\" class=\"gmPhantom_Thumb\"><img decoding=\"async\" src=\"https:\/\/www.fica.unsl.edu.ar\/wp-content\/grand-media\/image\/thumb\/aniversario-50-unsl-tarde_16_.jpg\" data-src=\"https:\/\/www.fica.unsl.edu.ar\/wp-content\/grand-media\/image\/aniversario-50-unsl-tarde_16_.jpg\" alt=\"Aniversario-50-unsl-tarde (16)\"\/><\/a>\r\n                                    <div class=\"gmPhantom_ThumbLabel\"><span class=\"gmPhantom_ThumbLabel_title\">Aniversario-50-unsl-tarde (16)<\/span><\/div>\r\n                                    <div style=\"display:none;\" class=\"gmPhantom_Details\">\r\n                                            <div class=\"gmPhantom_description\">\r\n                            <div class=\"gmPhantom_title\">Aniversario-50-unsl-tarde (16)<\/div>\r\n                            <div class=\"gmPhantom_text\"><\/div>\r\n                        <\/div>\r\n                                                            <div class=\"gmPhantom_terms\">\r\n                                                    <div class=\"gmPhantom_other_terms\">\r\n                                <table class=\"gmPhantom_other_terms_table\">\r\n                                                                            <tr class=\"gmPhantom_term_row_album\">\r\n                                            <td class=\"gmPhantom_term_key\">Album<\/td>\r\n                                            <td class=\"gmPhantom_term_value\"><a href=\"\/index.php\/wp-json\/wp\/v2\/posts\/15020?gm181[album__in]=181\" class=\"gmPhantom_alb\">50-celebracion-unsl-TARDE-2023<\/a><\/td>\r\n                                        <\/tr>\r\n                                                                    <\/table>\r\n                            <\/div>\r\n                                                <\/div>\r\n                <\/div>\r\n                <\/div>            <div class=\"gmPhantom_ThumbContainer gmPhantom_ThumbLoader\" data-id=\"2613\" data-post_id=\"15044\" data-ratio=\"1.5\" data-type=\"image\" data-ext=\"jpg\" data-views=\"33\" data-likes=\"0\" data-cc=\"0\" data-post_link=\"https:\/\/www.fica.unsl.edu.ar\/index.php\/gmedia\/aniversario-50-unsl-tarde_15_-jpg\/\">\r\n                <a href=\"https:\/\/www.fica.unsl.edu.ar\/wp-content\/grand-media\/image\/aniversario-50-unsl-tarde_15_.jpg\" class=\"gmPhantom_Thumb\"><img decoding=\"async\" src=\"https:\/\/www.fica.unsl.edu.ar\/wp-content\/grand-media\/image\/thumb\/aniversario-50-unsl-tarde_15_.jpg\" data-src=\"https:\/\/www.fica.unsl.edu.ar\/wp-content\/grand-media\/image\/aniversario-50-unsl-tarde_15_.jpg\" alt=\"Aniversario-50-unsl-tarde (15)\"\/><\/a>\r\n                                    <div class=\"gmPhantom_ThumbLabel\"><span class=\"gmPhantom_ThumbLabel_title\">Aniversario-50-unsl-tarde (15)<\/span><\/div>\r\n                                    <div style=\"display:none;\" class=\"gmPhantom_Details\">\r\n                                            <div class=\"gmPhantom_description\">\r\n                            <div class=\"gmPhantom_title\">Aniversario-50-unsl-tarde (15)<\/div>\r\n                            <div class=\"gmPhantom_text\"><\/div>\r\n                        <\/div>\r\n                                                            <div class=\"gmPhantom_terms\">\r\n                                                    <div class=\"gmPhantom_other_terms\">\r\n                                <table class=\"gmPhantom_other_terms_table\">\r\n                                                                            <tr class=\"gmPhantom_term_row_album\">\r\n                                            <td class=\"gmPhantom_term_key\">Album<\/td>\r\n                                            <td class=\"gmPhantom_term_value\"><a href=\"\/index.php\/wp-json\/wp\/v2\/posts\/15020?gm181[album__in]=181\" class=\"gmPhantom_alb\">50-celebracion-unsl-TARDE-2023<\/a><\/td>\r\n                                        <\/tr>\r\n                                                                    <\/table>\r\n                            <\/div>\r\n                                                <\/div>\r\n                <\/div>\r\n                <\/div>            <div class=\"gmPhantom_ThumbContainer gmPhantom_ThumbLoader\" data-id=\"2612\" data-post_id=\"15043\" data-ratio=\"1.5\" data-type=\"image\" data-ext=\"jpg\" data-views=\"28\" data-likes=\"0\" data-cc=\"0\" data-post_link=\"https:\/\/www.fica.unsl.edu.ar\/index.php\/gmedia\/aniversario-50-unsl-tarde_14_-jpg\/\">\r\n                <a href=\"https:\/\/www.fica.unsl.edu.ar\/wp-content\/grand-media\/image\/aniversario-50-unsl-tarde_14_.jpg\" class=\"gmPhantom_Thumb\"><img decoding=\"async\" src=\"https:\/\/www.fica.unsl.edu.ar\/wp-content\/grand-media\/image\/thumb\/aniversario-50-unsl-tarde_14_.jpg\" data-src=\"https:\/\/www.fica.unsl.edu.ar\/wp-content\/grand-media\/image\/aniversario-50-unsl-tarde_14_.jpg\" alt=\"Aniversario-50-unsl-tarde (14)\"\/><\/a>\r\n                                    <div class=\"gmPhantom_ThumbLabel\"><span class=\"gmPhantom_ThumbLabel_title\">Aniversario-50-unsl-tarde (14)<\/span><\/div>\r\n                                    <div style=\"display:none;\" class=\"gmPhantom_Details\">\r\n                                            <div class=\"gmPhantom_description\">\r\n                            <div class=\"gmPhantom_title\">Aniversario-50-unsl-tarde (14)<\/div>\r\n                            <div class=\"gmPhantom_text\"><\/div>\r\n                        <\/div>\r\n                                                            <div class=\"gmPhantom_terms\">\r\n                                                    <div class=\"gmPhantom_other_terms\">\r\n                                <table class=\"gmPhantom_other_terms_table\">\r\n                                                                            <tr class=\"gmPhantom_term_row_album\">\r\n                                            <td class=\"gmPhantom_term_key\">Album<\/td>\r\n                                            <td class=\"gmPhantom_term_value\"><a href=\"\/index.php\/wp-json\/wp\/v2\/posts\/15020?gm181[album__in]=181\" class=\"gmPhantom_alb\">50-celebracion-unsl-TARDE-2023<\/a><\/td>\r\n                                        <\/tr>\r\n                                                                    <\/table>\r\n                            <\/div>\r\n                                                <\/div>\r\n                <\/div>\r\n                <\/div>            <div class=\"gmPhantom_ThumbContainer gmPhantom_ThumbLoader\" data-id=\"2611\" data-post_id=\"15042\" data-ratio=\"1.5866666666667\" data-type=\"image\" data-ext=\"jpg\" data-views=\"28\" data-likes=\"0\" data-cc=\"0\" data-post_link=\"https:\/\/www.fica.unsl.edu.ar\/index.php\/gmedia\/aniversario-50-unsl-tarde_13_-jpg\/\">\r\n                <a href=\"https:\/\/www.fica.unsl.edu.ar\/wp-content\/grand-media\/image\/aniversario-50-unsl-tarde_13_.jpg\" class=\"gmPhantom_Thumb\"><img decoding=\"async\" src=\"https:\/\/www.fica.unsl.edu.ar\/wp-content\/grand-media\/image\/thumb\/aniversario-50-unsl-tarde_13_.jpg\" data-src=\"https:\/\/www.fica.unsl.edu.ar\/wp-content\/grand-media\/image\/aniversario-50-unsl-tarde_13_.jpg\" alt=\"Aniversario-50-unsl-tarde (13)\"\/><\/a>\r\n                                    <div class=\"gmPhantom_ThumbLabel\"><span class=\"gmPhantom_ThumbLabel_title\">Aniversario-50-unsl-tarde (13)<\/span><\/div>\r\n                                    <div style=\"display:none;\" class=\"gmPhantom_Details\">\r\n                                            <div class=\"gmPhantom_description\">\r\n                            <div class=\"gmPhantom_title\">Aniversario-50-unsl-tarde (13)<\/div>\r\n                            <div class=\"gmPhantom_text\"><\/div>\r\n                        <\/div>\r\n                                                            <div class=\"gmPhantom_terms\">\r\n                                                    <div class=\"gmPhantom_other_terms\">\r\n                                <table class=\"gmPhantom_other_terms_table\">\r\n                                                                            <tr class=\"gmPhantom_term_row_album\">\r\n                                            <td class=\"gmPhantom_term_key\">Album<\/td>\r\n                                            <td class=\"gmPhantom_term_value\"><a href=\"\/index.php\/wp-json\/wp\/v2\/posts\/15020?gm181[album__in]=181\" class=\"gmPhantom_alb\">50-celebracion-unsl-TARDE-2023<\/a><\/td>\r\n                                        <\/tr>\r\n                                                                    <\/table>\r\n                            <\/div>\r\n                                                <\/div>\r\n                <\/div>\r\n                <\/div>            <div class=\"gmPhantom_ThumbContainer gmPhantom_ThumbLoader\" data-id=\"2610\" data-post_id=\"15041\" data-ratio=\"1.5866666666667\" data-type=\"image\" data-ext=\"jpg\" data-views=\"22\" data-likes=\"0\" data-cc=\"0\" data-post_link=\"https:\/\/www.fica.unsl.edu.ar\/index.php\/gmedia\/aniversario-50-unsl-tarde_12_-jpg\/\">\r\n                <a href=\"https:\/\/www.fica.unsl.edu.ar\/wp-content\/grand-media\/image\/aniversario-50-unsl-tarde_12_.jpg\" class=\"gmPhantom_Thumb\"><img decoding=\"async\" src=\"https:\/\/www.fica.unsl.edu.ar\/wp-content\/grand-media\/image\/thumb\/aniversario-50-unsl-tarde_12_.jpg\" data-src=\"https:\/\/www.fica.unsl.edu.ar\/wp-content\/grand-media\/image\/aniversario-50-unsl-tarde_12_.jpg\" alt=\"Aniversario-50-unsl-tarde (12)\"\/><\/a>\r\n                                    <div class=\"gmPhantom_ThumbLabel\"><span class=\"gmPhantom_ThumbLabel_title\">Aniversario-50-unsl-tarde (12)<\/span><\/div>\r\n                                    <div style=\"display:none;\" class=\"gmPhantom_Details\">\r\n                                            <div class=\"gmPhantom_description\">\r\n                            <div class=\"gmPhantom_title\">Aniversario-50-unsl-tarde (12)<\/div>\r\n                            <div class=\"gmPhantom_text\"><\/div>\r\n                        <\/div>\r\n                                                            <div class=\"gmPhantom_terms\">\r\n                                                    <div class=\"gmPhantom_other_terms\">\r\n                                <table class=\"gmPhantom_other_terms_table\">\r\n                                                                            <tr class=\"gmPhantom_term_row_album\">\r\n                                            <td class=\"gmPhantom_term_key\">Album<\/td>\r\n                                            <td class=\"gmPhantom_term_value\"><a href=\"\/index.php\/wp-json\/wp\/v2\/posts\/15020?gm181[album__in]=181\" class=\"gmPhantom_alb\">50-celebracion-unsl-TARDE-2023<\/a><\/td>\r\n                                        <\/tr>\r\n                                                                    <\/table>\r\n                            <\/div>\r\n                                                <\/div>\r\n                <\/div>\r\n                <\/div>            <div class=\"gmPhantom_ThumbContainer gmPhantom_ThumbLoader\" data-id=\"2609\" data-post_id=\"15040\" data-ratio=\"1.5866666666667\" data-type=\"image\" data-ext=\"jpg\" data-views=\"36\" data-likes=\"0\" data-cc=\"0\" data-post_link=\"https:\/\/www.fica.unsl.edu.ar\/index.php\/gmedia\/aniversario-50-unsl-tarde_11_-jpg\/\">\r\n                <a href=\"https:\/\/www.fica.unsl.edu.ar\/wp-content\/grand-media\/image\/aniversario-50-unsl-tarde_11_.jpg\" class=\"gmPhantom_Thumb\"><img decoding=\"async\" src=\"https:\/\/www.fica.unsl.edu.ar\/wp-content\/grand-media\/image\/thumb\/aniversario-50-unsl-tarde_11_.jpg\" data-src=\"https:\/\/www.fica.unsl.edu.ar\/wp-content\/grand-media\/image\/aniversario-50-unsl-tarde_11_.jpg\" alt=\"Aniversario-50-unsl-tarde (11)\"\/><\/a>\r\n                                    <div class=\"gmPhantom_ThumbLabel\"><span class=\"gmPhantom_ThumbLabel_title\">Aniversario-50-unsl-tarde (11)<\/span><\/div>\r\n                                    <div style=\"display:none;\" class=\"gmPhantom_Details\">\r\n                                            <div class=\"gmPhantom_description\">\r\n                            <div class=\"gmPhantom_title\">Aniversario-50-unsl-tarde (11)<\/div>\r\n                            <div class=\"gmPhantom_text\"><\/div>\r\n                        <\/div>\r\n                                                            <div class=\"gmPhantom_terms\">\r\n                                                    <div class=\"gmPhantom_other_terms\">\r\n                                <table class=\"gmPhantom_other_terms_table\">\r\n                                                                            <tr class=\"gmPhantom_term_row_album\">\r\n                                            <td class=\"gmPhantom_term_key\">Album<\/td>\r\n                                            <td class=\"gmPhantom_term_value\"><a href=\"\/index.php\/wp-json\/wp\/v2\/posts\/15020?gm181[album__in]=181\" class=\"gmPhantom_alb\">50-celebracion-unsl-TARDE-2023<\/a><\/td>\r\n                                        <\/tr>\r\n                                                                    <\/table>\r\n                            <\/div>\r\n                                                <\/div>\r\n                <\/div>\r\n                <\/div>            <div class=\"gmPhantom_ThumbContainer gmPhantom_ThumbLoader\" data-id=\"2608\" data-post_id=\"15039\" data-ratio=\"1.5866666666667\" data-type=\"image\" data-ext=\"jpg\" data-views=\"26\" data-likes=\"0\" data-cc=\"0\" data-post_link=\"https:\/\/www.fica.unsl.edu.ar\/index.php\/gmedia\/aniversario-50-unsl-tarde_10_-jpg\/\">\r\n                <a href=\"https:\/\/www.fica.unsl.edu.ar\/wp-content\/grand-media\/image\/aniversario-50-unsl-tarde_10_.jpg\" class=\"gmPhantom_Thumb\"><img decoding=\"async\" src=\"https:\/\/www.fica.unsl.edu.ar\/wp-content\/grand-media\/image\/thumb\/aniversario-50-unsl-tarde_10_.jpg\" data-src=\"https:\/\/www.fica.unsl.edu.ar\/wp-content\/grand-media\/image\/aniversario-50-unsl-tarde_10_.jpg\" alt=\"Aniversario-50-unsl-tarde (10)\"\/><\/a>\r\n                                    <div class=\"gmPhantom_ThumbLabel\"><span class=\"gmPhantom_ThumbLabel_title\">Aniversario-50-unsl-tarde (10)<\/span><\/div>\r\n                                    <div style=\"display:none;\" class=\"gmPhantom_Details\">\r\n                                            <div class=\"gmPhantom_description\">\r\n                            <div class=\"gmPhantom_title\">Aniversario-50-unsl-tarde (10)<\/div>\r\n                            <div class=\"gmPhantom_text\"><\/div>\r\n                        <\/div>\r\n                                                            <div class=\"gmPhantom_terms\">\r\n                                                    <div class=\"gmPhantom_other_terms\">\r\n                                <table class=\"gmPhantom_other_terms_table\">\r\n                                                                            <tr class=\"gmPhantom_term_row_album\">\r\n                                            <td class=\"gmPhantom_term_key\">Album<\/td>\r\n                                            <td class=\"gmPhantom_term_value\"><a href=\"\/index.php\/wp-json\/wp\/v2\/posts\/15020?gm181[album__in]=181\" class=\"gmPhantom_alb\">50-celebracion-unsl-TARDE-2023<\/a><\/td>\r\n                                        <\/tr>\r\n                                                                    <\/table>\r\n                            <\/div>\r\n                                                <\/div>\r\n                <\/div>\r\n                <\/div>            <div class=\"gmPhantom_ThumbContainer gmPhantom_ThumbLoader\" data-id=\"2607\" data-post_id=\"15038\" data-ratio=\"1.5866666666667\" data-type=\"image\" data-ext=\"jpg\" data-views=\"34\" data-likes=\"0\" data-cc=\"0\" data-post_link=\"https:\/\/www.fica.unsl.edu.ar\/index.php\/gmedia\/aniversario-50-unsl-tarde_9_-jpg\/\">\r\n                <a href=\"https:\/\/www.fica.unsl.edu.ar\/wp-content\/grand-media\/image\/aniversario-50-unsl-tarde_9_.jpg\" class=\"gmPhantom_Thumb\"><img decoding=\"async\" src=\"https:\/\/www.fica.unsl.edu.ar\/wp-content\/grand-media\/image\/thumb\/aniversario-50-unsl-tarde_9_.jpg\" data-src=\"https:\/\/www.fica.unsl.edu.ar\/wp-content\/grand-media\/image\/aniversario-50-unsl-tarde_9_.jpg\" alt=\"Aniversario-50-unsl-tarde (9)\"\/><\/a>\r\n                                    <div class=\"gmPhantom_ThumbLabel\"><span class=\"gmPhantom_ThumbLabel_title\">Aniversario-50-unsl-tarde (9)<\/span><\/div>\r\n                                    <div style=\"display:none;\" class=\"gmPhantom_Details\">\r\n                                            <div class=\"gmPhantom_description\">\r\n                            <div class=\"gmPhantom_title\">Aniversario-50-unsl-tarde (9)<\/div>\r\n                            <div class=\"gmPhantom_text\"><\/div>\r\n                        <\/div>\r\n                                                            <div class=\"gmPhantom_terms\">\r\n                                                    <div class=\"gmPhantom_other_terms\">\r\n                                <table class=\"gmPhantom_other_terms_table\">\r\n                                                                            <tr class=\"gmPhantom_term_row_album\">\r\n                                            <td class=\"gmPhantom_term_key\">Album<\/td>\r\n                                            <td class=\"gmPhantom_term_value\"><a href=\"\/index.php\/wp-json\/wp\/v2\/posts\/15020?gm181[album__in]=181\" class=\"gmPhantom_alb\">50-celebracion-unsl-TARDE-2023<\/a><\/td>\r\n                                        <\/tr>\r\n                                                                    <\/table>\r\n                            <\/div>\r\n                                                <\/div>\r\n                <\/div>\r\n                <\/div>            <div class=\"gmPhantom_ThumbContainer gmPhantom_ThumbLoader\" data-id=\"2606\" data-post_id=\"15037\" data-ratio=\"1.5866666666667\" data-type=\"image\" data-ext=\"jpg\" data-views=\"32\" data-likes=\"0\" data-cc=\"0\" data-post_link=\"https:\/\/www.fica.unsl.edu.ar\/index.php\/gmedia\/aniversario-50-unsl-tarde_8_-jpg\/\">\r\n                <a href=\"https:\/\/www.fica.unsl.edu.ar\/wp-content\/grand-media\/image\/aniversario-50-unsl-tarde_8_.jpg\" class=\"gmPhantom_Thumb\"><img decoding=\"async\" src=\"https:\/\/www.fica.unsl.edu.ar\/wp-content\/grand-media\/image\/thumb\/aniversario-50-unsl-tarde_8_.jpg\" data-src=\"https:\/\/www.fica.unsl.edu.ar\/wp-content\/grand-media\/image\/aniversario-50-unsl-tarde_8_.jpg\" alt=\"Aniversario-50-unsl-tarde (8)\"\/><\/a>\r\n                                    <div class=\"gmPhantom_ThumbLabel\"><span class=\"gmPhantom_ThumbLabel_title\">Aniversario-50-unsl-tarde (8)<\/span><\/div>\r\n                                    <div style=\"display:none;\" class=\"gmPhantom_Details\">\r\n                                            <div class=\"gmPhantom_description\">\r\n                            <div class=\"gmPhantom_title\">Aniversario-50-unsl-tarde (8)<\/div>\r\n                            <div class=\"gmPhantom_text\"><\/div>\r\n                        <\/div>\r\n                                                            <div class=\"gmPhantom_terms\">\r\n                                                    <div class=\"gmPhantom_other_terms\">\r\n                                <table class=\"gmPhantom_other_terms_table\">\r\n                                                                            <tr class=\"gmPhantom_term_row_album\">\r\n                                            <td class=\"gmPhantom_term_key\">Album<\/td>\r\n                                            <td class=\"gmPhantom_term_value\"><a href=\"\/index.php\/wp-json\/wp\/v2\/posts\/15020?gm181[album__in]=181\" class=\"gmPhantom_alb\">50-celebracion-unsl-TARDE-2023<\/a><\/td>\r\n                                        <\/tr>\r\n                                                                    <\/table>\r\n                            <\/div>\r\n                                                <\/div>\r\n                <\/div>\r\n                <\/div>            <div class=\"gmPhantom_ThumbContainer gmPhantom_ThumbLoader\" data-id=\"2605\" data-post_id=\"15036\" data-ratio=\"1.5866666666667\" data-type=\"image\" data-ext=\"jpg\" data-views=\"36\" data-likes=\"0\" data-cc=\"0\" data-post_link=\"https:\/\/www.fica.unsl.edu.ar\/index.php\/gmedia\/aniversario-50-unsl-tarde_7_-jpg\/\">\r\n                <a href=\"https:\/\/www.fica.unsl.edu.ar\/wp-content\/grand-media\/image\/aniversario-50-unsl-tarde_7_.jpg\" class=\"gmPhantom_Thumb\"><img decoding=\"async\" src=\"https:\/\/www.fica.unsl.edu.ar\/wp-content\/grand-media\/image\/thumb\/aniversario-50-unsl-tarde_7_.jpg\" data-src=\"https:\/\/www.fica.unsl.edu.ar\/wp-content\/grand-media\/image\/aniversario-50-unsl-tarde_7_.jpg\" alt=\"Aniversario-50-unsl-tarde (7)\"\/><\/a>\r\n                                    <div class=\"gmPhantom_ThumbLabel\"><span class=\"gmPhantom_ThumbLabel_title\">Aniversario-50-unsl-tarde (7)<\/span><\/div>\r\n                                    <div style=\"display:none;\" class=\"gmPhantom_Details\">\r\n                                            <div class=\"gmPhantom_description\">\r\n                            <div class=\"gmPhantom_title\">Aniversario-50-unsl-tarde (7)<\/div>\r\n                            <div class=\"gmPhantom_text\"><\/div>\r\n                        <\/div>\r\n                                                            <div class=\"gmPhantom_terms\">\r\n                                                    <div class=\"gmPhantom_other_terms\">\r\n                                <table class=\"gmPhantom_other_terms_table\">\r\n                                                                            <tr class=\"gmPhantom_term_row_album\">\r\n                                            <td class=\"gmPhantom_term_key\">Album<\/td>\r\n                                            <td class=\"gmPhantom_term_value\"><a href=\"\/index.php\/wp-json\/wp\/v2\/posts\/15020?gm181[album__in]=181\" class=\"gmPhantom_alb\">50-celebracion-unsl-TARDE-2023<\/a><\/td>\r\n                                        <\/tr>\r\n                                                                    <\/table>\r\n                            <\/div>\r\n                                                <\/div>\r\n                <\/div>\r\n                <\/div>            <div class=\"gmPhantom_ThumbContainer gmPhantom_ThumbLoader\" data-id=\"2604\" data-post_id=\"15035\" data-ratio=\"1.5866666666667\" data-type=\"image\" data-ext=\"jpg\" data-views=\"33\" data-likes=\"0\" data-cc=\"0\" data-post_link=\"https:\/\/www.fica.unsl.edu.ar\/index.php\/gmedia\/aniversario-50-unsl-tarde_07_-jpg\/\">\r\n                <a href=\"https:\/\/www.fica.unsl.edu.ar\/wp-content\/grand-media\/image\/aniversario-50-unsl-tarde_07_.jpg\" class=\"gmPhantom_Thumb\"><img decoding=\"async\" src=\"https:\/\/www.fica.unsl.edu.ar\/wp-content\/grand-media\/image\/thumb\/aniversario-50-unsl-tarde_07_.jpg\" data-src=\"https:\/\/www.fica.unsl.edu.ar\/wp-content\/grand-media\/image\/aniversario-50-unsl-tarde_07_.jpg\" alt=\"Aniversario-50-unsl-tarde (07)\"\/><\/a>\r\n                                    <div class=\"gmPhantom_ThumbLabel\"><span class=\"gmPhantom_ThumbLabel_title\">Aniversario-50-unsl-tarde (07)<\/span><\/div>\r\n                                    <div style=\"display:none;\" class=\"gmPhantom_Details\">\r\n                                            <div class=\"gmPhantom_description\">\r\n                            <div class=\"gmPhantom_title\">Aniversario-50-unsl-tarde (07)<\/div>\r\n                            <div class=\"gmPhantom_text\"><\/div>\r\n                        <\/div>\r\n                                                            <div class=\"gmPhantom_terms\">\r\n                                                    <div class=\"gmPhantom_other_terms\">\r\n                                <table class=\"gmPhantom_other_terms_table\">\r\n                                                                            <tr class=\"gmPhantom_term_row_album\">\r\n                                            <td class=\"gmPhantom_term_key\">Album<\/td>\r\n                                            <td class=\"gmPhantom_term_value\"><a href=\"\/index.php\/wp-json\/wp\/v2\/posts\/15020?gm181[album__in]=181\" class=\"gmPhantom_alb\">50-celebracion-unsl-TARDE-2023<\/a><\/td>\r\n                                        <\/tr>\r\n                                                                    <\/table>\r\n                            <\/div>\r\n                                                <\/div>\r\n                <\/div>\r\n                <\/div>            <div class=\"gmPhantom_ThumbContainer gmPhantom_ThumbLoader\" data-id=\"2603\" data-post_id=\"15034\" data-ratio=\"1.5866666666667\" data-type=\"image\" data-ext=\"jpg\" data-views=\"32\" data-likes=\"0\" data-cc=\"0\" data-post_link=\"https:\/\/www.fica.unsl.edu.ar\/index.php\/gmedia\/aniversario-50-unsl-tarde_6_-jpg\/\">\r\n                <a href=\"https:\/\/www.fica.unsl.edu.ar\/wp-content\/grand-media\/image\/aniversario-50-unsl-tarde_6_.jpg\" class=\"gmPhantom_Thumb\"><img decoding=\"async\" src=\"https:\/\/www.fica.unsl.edu.ar\/wp-content\/grand-media\/image\/thumb\/aniversario-50-unsl-tarde_6_.jpg\" data-src=\"https:\/\/www.fica.unsl.edu.ar\/wp-content\/grand-media\/image\/aniversario-50-unsl-tarde_6_.jpg\" alt=\"Aniversario-50-unsl-tarde (6)\"\/><\/a>\r\n                                    <div class=\"gmPhantom_ThumbLabel\"><span class=\"gmPhantom_ThumbLabel_title\">Aniversario-50-unsl-tarde (6)<\/span><\/div>\r\n                                    <div style=\"display:none;\" class=\"gmPhantom_Details\">\r\n                                            <div class=\"gmPhantom_description\">\r\n                            <div class=\"gmPhantom_title\">Aniversario-50-unsl-tarde (6)<\/div>\r\n                            <div class=\"gmPhantom_text\"><\/div>\r\n                        <\/div>\r\n                                                            <div class=\"gmPhantom_terms\">\r\n                                                    <div class=\"gmPhantom_other_terms\">\r\n                                <table class=\"gmPhantom_other_terms_table\">\r\n                                                                            <tr class=\"gmPhantom_term_row_album\">\r\n                                            <td class=\"gmPhantom_term_key\">Album<\/td>\r\n                                            <td class=\"gmPhantom_term_value\"><a href=\"\/index.php\/wp-json\/wp\/v2\/posts\/15020?gm181[album__in]=181\" class=\"gmPhantom_alb\">50-celebracion-unsl-TARDE-2023<\/a><\/td>\r\n                                        <\/tr>\r\n                                                                    <\/table>\r\n                            <\/div>\r\n                                                <\/div>\r\n                <\/div>\r\n                <\/div>            <div class=\"gmPhantom_ThumbContainer gmPhantom_ThumbLoader\" data-id=\"2602\" data-post_id=\"15033\" data-ratio=\"1.5866666666667\" data-type=\"image\" data-ext=\"jpg\" data-views=\"30\" data-likes=\"0\" data-cc=\"0\" data-post_link=\"https:\/\/www.fica.unsl.edu.ar\/index.php\/gmedia\/aniversario-50-unsl-tarde_5_-jpg\/\">\r\n                <a href=\"https:\/\/www.fica.unsl.edu.ar\/wp-content\/grand-media\/image\/aniversario-50-unsl-tarde_5_.jpg\" class=\"gmPhantom_Thumb\"><img decoding=\"async\" src=\"https:\/\/www.fica.unsl.edu.ar\/wp-content\/grand-media\/image\/thumb\/aniversario-50-unsl-tarde_5_.jpg\" data-src=\"https:\/\/www.fica.unsl.edu.ar\/wp-content\/grand-media\/image\/aniversario-50-unsl-tarde_5_.jpg\" alt=\"Aniversario-50-unsl-tarde (5)\"\/><\/a>\r\n                                    <div class=\"gmPhantom_ThumbLabel\"><span class=\"gmPhantom_ThumbLabel_title\">Aniversario-50-unsl-tarde (5)<\/span><\/div>\r\n                                    <div style=\"display:none;\" class=\"gmPhantom_Details\">\r\n                                            <div class=\"gmPhantom_description\">\r\n                            <div class=\"gmPhantom_title\">Aniversario-50-unsl-tarde (5)<\/div>\r\n                            <div class=\"gmPhantom_text\"><\/div>\r\n                        <\/div>\r\n                                                            <div class=\"gmPhantom_terms\">\r\n                                                    <div class=\"gmPhantom_other_terms\">\r\n                                <table class=\"gmPhantom_other_terms_table\">\r\n                                                                            <tr class=\"gmPhantom_term_row_album\">\r\n                                            <td class=\"gmPhantom_term_key\">Album<\/td>\r\n                                            <td class=\"gmPhantom_term_value\"><a href=\"\/index.php\/wp-json\/wp\/v2\/posts\/15020?gm181[album__in]=181\" class=\"gmPhantom_alb\">50-celebracion-unsl-TARDE-2023<\/a><\/td>\r\n                                        <\/tr>\r\n                                                                    <\/table>\r\n                            <\/div>\r\n                                                <\/div>\r\n                <\/div>\r\n                <\/div>            <div class=\"gmPhantom_ThumbContainer gmPhantom_ThumbLoader\" data-id=\"2601\" data-post_id=\"15032\" data-ratio=\"1.5866666666667\" data-type=\"image\" data-ext=\"jpg\" data-views=\"30\" data-likes=\"0\" data-cc=\"0\" data-post_link=\"https:\/\/www.fica.unsl.edu.ar\/index.php\/gmedia\/aniversario-50-unsl-tarde_4_-jpg\/\">\r\n                <a href=\"https:\/\/www.fica.unsl.edu.ar\/wp-content\/grand-media\/image\/aniversario-50-unsl-tarde_4_.jpg\" class=\"gmPhantom_Thumb\"><img decoding=\"async\" src=\"https:\/\/www.fica.unsl.edu.ar\/wp-content\/grand-media\/image\/thumb\/aniversario-50-unsl-tarde_4_.jpg\" data-src=\"https:\/\/www.fica.unsl.edu.ar\/wp-content\/grand-media\/image\/aniversario-50-unsl-tarde_4_.jpg\" alt=\"Aniversario-50-unsl-tarde (4)\"\/><\/a>\r\n                                    <div class=\"gmPhantom_ThumbLabel\"><span class=\"gmPhantom_ThumbLabel_title\">Aniversario-50-unsl-tarde (4)<\/span><\/div>\r\n                                    <div style=\"display:none;\" class=\"gmPhantom_Details\">\r\n                                            <div class=\"gmPhantom_description\">\r\n                            <div class=\"gmPhantom_title\">Aniversario-50-unsl-tarde (4)<\/div>\r\n                            <div class=\"gmPhantom_text\"><\/div>\r\n                        <\/div>\r\n                                                            <div class=\"gmPhantom_terms\">\r\n                                                    <div class=\"gmPhantom_other_terms\">\r\n                                <table class=\"gmPhantom_other_terms_table\">\r\n                                                                            <tr class=\"gmPhantom_term_row_album\">\r\n                                            <td class=\"gmPhantom_term_key\">Album<\/td>\r\n                                            <td class=\"gmPhantom_term_value\"><a href=\"\/index.php\/wp-json\/wp\/v2\/posts\/15020?gm181[album__in]=181\" class=\"gmPhantom_alb\">50-celebracion-unsl-TARDE-2023<\/a><\/td>\r\n                                        <\/tr>\r\n                                                                    <\/table>\r\n                            <\/div>\r\n                                                <\/div>\r\n                <\/div>\r\n                <\/div>            <div class=\"gmPhantom_ThumbContainer gmPhantom_ThumbLoader\" data-id=\"2600\" data-post_id=\"15031\" data-ratio=\"1.5866666666667\" data-type=\"image\" data-ext=\"jpg\" data-views=\"25\" data-likes=\"0\" data-cc=\"0\" data-post_link=\"https:\/\/www.fica.unsl.edu.ar\/index.php\/gmedia\/aniversario-50-unsl-tarde_04-2_-jpg\/\">\r\n                <a href=\"https:\/\/www.fica.unsl.edu.ar\/wp-content\/grand-media\/image\/aniversario-50-unsl-tarde_04-2_.jpg\" class=\"gmPhantom_Thumb\"><img decoding=\"async\" src=\"https:\/\/www.fica.unsl.edu.ar\/wp-content\/grand-media\/image\/thumb\/aniversario-50-unsl-tarde_04-2_.jpg\" data-src=\"https:\/\/www.fica.unsl.edu.ar\/wp-content\/grand-media\/image\/aniversario-50-unsl-tarde_04-2_.jpg\" alt=\"Aniversario-50-unsl-tarde (04-2)\"\/><\/a>\r\n                                    <div class=\"gmPhantom_ThumbLabel\"><span class=\"gmPhantom_ThumbLabel_title\">Aniversario-50-unsl-tarde (04-2)<\/span><\/div>\r\n                                    <div style=\"display:none;\" class=\"gmPhantom_Details\">\r\n                                            <div class=\"gmPhantom_description\">\r\n                            <div class=\"gmPhantom_title\">Aniversario-50-unsl-tarde (04-2)<\/div>\r\n                            <div class=\"gmPhantom_text\"><\/div>\r\n                        <\/div>\r\n                                                            <div class=\"gmPhantom_terms\">\r\n                                                    <div class=\"gmPhantom_other_terms\">\r\n                                <table class=\"gmPhantom_other_terms_table\">\r\n                                                                            <tr class=\"gmPhantom_term_row_album\">\r\n                                            <td class=\"gmPhantom_term_key\">Album<\/td>\r\n                                            <td class=\"gmPhantom_term_value\"><a href=\"\/index.php\/wp-json\/wp\/v2\/posts\/15020?gm181[album__in]=181\" class=\"gmPhantom_alb\">50-celebracion-unsl-TARDE-2023<\/a><\/td>\r\n                                        <\/tr>\r\n                                                                    <\/table>\r\n                            <\/div>\r\n                                                <\/div>\r\n                <\/div>\r\n                <\/div>            <div class=\"gmPhantom_ThumbContainer gmPhantom_ThumbLoader\" data-id=\"2599\" data-post_id=\"15029\" data-ratio=\"1.5866666666667\" data-type=\"image\" data-ext=\"jpg\" data-views=\"26\" data-likes=\"0\" data-cc=\"0\" data-post_link=\"https:\/\/www.fica.unsl.edu.ar\/index.php\/gmedia\/aniversario-50-unsl-tarde_04_-jpg\/\">\r\n                <a href=\"https:\/\/www.fica.unsl.edu.ar\/wp-content\/grand-media\/image\/aniversario-50-unsl-tarde_04_.jpg\" class=\"gmPhantom_Thumb\"><img decoding=\"async\" src=\"https:\/\/www.fica.unsl.edu.ar\/wp-content\/grand-media\/image\/thumb\/aniversario-50-unsl-tarde_04_.jpg\" data-src=\"https:\/\/www.fica.unsl.edu.ar\/wp-content\/grand-media\/image\/aniversario-50-unsl-tarde_04_.jpg\" alt=\"Aniversario-50-unsl-tarde (04)\"\/><\/a>\r\n                                    <div class=\"gmPhantom_ThumbLabel\"><span class=\"gmPhantom_ThumbLabel_title\">Aniversario-50-unsl-tarde (04)<\/span><\/div>\r\n                                    <div style=\"display:none;\" class=\"gmPhantom_Details\">\r\n                                            <div class=\"gmPhantom_description\">\r\n                            <div class=\"gmPhantom_title\">Aniversario-50-unsl-tarde (04)<\/div>\r\n                            <div class=\"gmPhantom_text\"><\/div>\r\n                        <\/div>\r\n                                                            <div class=\"gmPhantom_terms\">\r\n                                                    <div class=\"gmPhantom_other_terms\">\r\n                                <table class=\"gmPhantom_other_terms_table\">\r\n                                                                            <tr class=\"gmPhantom_term_row_album\">\r\n                                            <td class=\"gmPhantom_term_key\">Album<\/td>\r\n                                            <td class=\"gmPhantom_term_value\"><a href=\"\/index.php\/wp-json\/wp\/v2\/posts\/15020?gm181[album__in]=181\" class=\"gmPhantom_alb\">50-celebracion-unsl-TARDE-2023<\/a><\/td>\r\n                                        <\/tr>\r\n                                                                    <\/table>\r\n                            <\/div>\r\n                                                <\/div>\r\n                <\/div>\r\n                <\/div>            <div class=\"gmPhantom_ThumbContainer gmPhantom_ThumbLoader\" data-id=\"2598\" data-post_id=\"15028\" data-ratio=\"1.5866666666667\" data-type=\"image\" data-ext=\"jpg\" data-views=\"25\" data-likes=\"0\" data-cc=\"0\" data-post_link=\"https:\/\/www.fica.unsl.edu.ar\/index.php\/gmedia\/aniversario-50-unsl-tarde_3_-jpg\/\">\r\n                <a href=\"https:\/\/www.fica.unsl.edu.ar\/wp-content\/grand-media\/image\/aniversario-50-unsl-tarde_3_.jpg\" class=\"gmPhantom_Thumb\"><img decoding=\"async\" src=\"https:\/\/www.fica.unsl.edu.ar\/wp-content\/grand-media\/image\/thumb\/aniversario-50-unsl-tarde_3_.jpg\" data-src=\"https:\/\/www.fica.unsl.edu.ar\/wp-content\/grand-media\/image\/aniversario-50-unsl-tarde_3_.jpg\" alt=\"Aniversario-50-unsl-tarde (3)\"\/><\/a>\r\n                                    <div class=\"gmPhantom_ThumbLabel\"><span class=\"gmPhantom_ThumbLabel_title\">Aniversario-50-unsl-tarde (3)<\/span><\/div>\r\n                                    <div style=\"display:none;\" class=\"gmPhantom_Details\">\r\n                                            <div class=\"gmPhantom_description\">\r\n                            <div class=\"gmPhantom_title\">Aniversario-50-unsl-tarde (3)<\/div>\r\n                            <div class=\"gmPhantom_text\"><\/div>\r\n                        <\/div>\r\n                                                            <div class=\"gmPhantom_terms\">\r\n                                                    <div class=\"gmPhantom_other_terms\">\r\n                                <table class=\"gmPhantom_other_terms_table\">\r\n                                                                            <tr class=\"gmPhantom_term_row_album\">\r\n                                            <td class=\"gmPhantom_term_key\">Album<\/td>\r\n                                            <td class=\"gmPhantom_term_value\"><a href=\"\/index.php\/wp-json\/wp\/v2\/posts\/15020?gm181[album__in]=181\" class=\"gmPhantom_alb\">50-celebracion-unsl-TARDE-2023<\/a><\/td>\r\n                                        <\/tr>\r\n                                                                    <\/table>\r\n                            <\/div>\r\n                                                <\/div>\r\n                <\/div>\r\n                <\/div>            <div class=\"gmPhantom_ThumbContainer gmPhantom_ThumbLoader\" data-id=\"2597\" data-post_id=\"15027\" data-ratio=\"1.5866666666667\" data-type=\"image\" data-ext=\"jpg\" data-views=\"28\" data-likes=\"0\" data-cc=\"0\" data-post_link=\"https:\/\/www.fica.unsl.edu.ar\/index.php\/gmedia\/aniversario-50-unsl-tarde_03_-jpg\/\">\r\n                <a href=\"https:\/\/www.fica.unsl.edu.ar\/wp-content\/grand-media\/image\/aniversario-50-unsl-tarde_03_.jpg\" class=\"gmPhantom_Thumb\"><img decoding=\"async\" src=\"https:\/\/www.fica.unsl.edu.ar\/wp-content\/grand-media\/image\/thumb\/aniversario-50-unsl-tarde_03_.jpg\" data-src=\"https:\/\/www.fica.unsl.edu.ar\/wp-content\/grand-media\/image\/aniversario-50-unsl-tarde_03_.jpg\" alt=\"Aniversario-50-unsl-tarde (03)\"\/><\/a>\r\n                                    <div class=\"gmPhantom_ThumbLabel\"><span class=\"gmPhantom_ThumbLabel_title\">Aniversario-50-unsl-tarde (03)<\/span><\/div>\r\n                                    <div style=\"display:none;\" class=\"gmPhantom_Details\">\r\n                                            <div class=\"gmPhantom_description\">\r\n                            <div class=\"gmPhantom_title\">Aniversario-50-unsl-tarde (03)<\/div>\r\n                            <div class=\"gmPhantom_text\"><\/div>\r\n                        <\/div>\r\n                                                            <div class=\"gmPhantom_terms\">\r\n                                                    <div class=\"gmPhantom_other_terms\">\r\n                                <table class=\"gmPhantom_other_terms_table\">\r\n                                                                            <tr class=\"gmPhantom_term_row_album\">\r\n                                            <td class=\"gmPhantom_term_key\">Album<\/td>\r\n                                            <td class=\"gmPhantom_term_value\"><a href=\"\/index.php\/wp-json\/wp\/v2\/posts\/15020?gm181[album__in]=181\" class=\"gmPhantom_alb\">50-celebracion-unsl-TARDE-2023<\/a><\/td>\r\n                                        <\/tr>\r\n                                                                    <\/table>\r\n                            <\/div>\r\n                                                <\/div>\r\n                <\/div>\r\n                <\/div>            <div class=\"gmPhantom_ThumbContainer gmPhantom_ThumbLoader\" data-id=\"2596\" data-post_id=\"15026\" data-ratio=\"1.5\" data-type=\"image\" data-ext=\"jpg\" data-views=\"27\" data-likes=\"0\" data-cc=\"0\" data-post_link=\"https:\/\/www.fica.unsl.edu.ar\/index.php\/gmedia\/aniversario-50-unsl-tarde_2_-jpg\/\">\r\n                <a href=\"https:\/\/www.fica.unsl.edu.ar\/wp-content\/grand-media\/image\/aniversario-50-unsl-tarde_2_.jpg\" class=\"gmPhantom_Thumb\"><img decoding=\"async\" src=\"https:\/\/www.fica.unsl.edu.ar\/wp-content\/grand-media\/image\/thumb\/aniversario-50-unsl-tarde_2_.jpg\" data-src=\"https:\/\/www.fica.unsl.edu.ar\/wp-content\/grand-media\/image\/aniversario-50-unsl-tarde_2_.jpg\" alt=\"Aniversario-50-unsl-tarde (2)\"\/><\/a>\r\n                                    <div class=\"gmPhantom_ThumbLabel\"><span class=\"gmPhantom_ThumbLabel_title\">Aniversario-50-unsl-tarde (2)<\/span><\/div>\r\n                                    <div style=\"display:none;\" class=\"gmPhantom_Details\">\r\n                                            <div class=\"gmPhantom_description\">\r\n                            <div class=\"gmPhantom_title\">Aniversario-50-unsl-tarde (2)<\/div>\r\n                            <div class=\"gmPhantom_text\"><\/div>\r\n                        <\/div>\r\n                                                            <div class=\"gmPhantom_terms\">\r\n                                                    <div class=\"gmPhantom_other_terms\">\r\n                                <table class=\"gmPhantom_other_terms_table\">\r\n                                                                            <tr class=\"gmPhantom_term_row_album\">\r\n                                            <td class=\"gmPhantom_term_key\">Album<\/td>\r\n                                            <td class=\"gmPhantom_term_value\"><a href=\"\/index.php\/wp-json\/wp\/v2\/posts\/15020?gm181[album__in]=181\" class=\"gmPhantom_alb\">50-celebracion-unsl-TARDE-2023<\/a><\/td>\r\n                                        <\/tr>\r\n                                                                    <\/table>\r\n                            <\/div>\r\n                                                <\/div>\r\n                <\/div>\r\n                <\/div>            <div class=\"gmPhantom_ThumbContainer gmPhantom_ThumbLoader\" data-id=\"2595\" data-post_id=\"15025\" data-ratio=\"1.5866666666667\" data-type=\"image\" data-ext=\"jpg\" data-views=\"29\" data-likes=\"0\" data-cc=\"0\" data-post_link=\"https:\/\/www.fica.unsl.edu.ar\/index.php\/gmedia\/aniversario-50-unsl-tarde_02_-jpg\/\">\r\n                <a href=\"https:\/\/www.fica.unsl.edu.ar\/wp-content\/grand-media\/image\/aniversario-50-unsl-tarde_02_.jpg\" class=\"gmPhantom_Thumb\"><img decoding=\"async\" src=\"https:\/\/www.fica.unsl.edu.ar\/wp-content\/grand-media\/image\/thumb\/aniversario-50-unsl-tarde_02_.jpg\" data-src=\"https:\/\/www.fica.unsl.edu.ar\/wp-content\/grand-media\/image\/aniversario-50-unsl-tarde_02_.jpg\" alt=\"Aniversario-50-unsl-tarde (02)\"\/><\/a>\r\n                                    <div class=\"gmPhantom_ThumbLabel\"><span class=\"gmPhantom_ThumbLabel_title\">Aniversario-50-unsl-tarde (02)<\/span><\/div>\r\n                                    <div style=\"display:none;\" class=\"gmPhantom_Details\">\r\n                                            <div class=\"gmPhantom_description\">\r\n                            <div class=\"gmPhantom_title\">Aniversario-50-unsl-tarde (02)<\/div>\r\n                            <div class=\"gmPhantom_text\"><\/div>\r\n                        <\/div>\r\n                                                            <div class=\"gmPhantom_terms\">\r\n                                                    <div class=\"gmPhantom_other_terms\">\r\n                                <table class=\"gmPhantom_other_terms_table\">\r\n                                                                            <tr class=\"gmPhantom_term_row_album\">\r\n                                            <td class=\"gmPhantom_term_key\">Album<\/td>\r\n                                            <td class=\"gmPhantom_term_value\"><a href=\"\/index.php\/wp-json\/wp\/v2\/posts\/15020?gm181[album__in]=181\" class=\"gmPhantom_alb\">50-celebracion-unsl-TARDE-2023<\/a><\/td>\r\n                                        <\/tr>\r\n                                                                    <\/table>\r\n                            <\/div>\r\n                                                <\/div>\r\n                <\/div>\r\n                <\/div>            <div class=\"gmPhantom_ThumbContainer gmPhantom_ThumbLoader\" data-id=\"2594\" data-post_id=\"15024\" data-ratio=\"1.5\" data-type=\"image\" data-ext=\"jpg\" data-views=\"29\" data-likes=\"0\" data-cc=\"0\" data-post_link=\"https:\/\/www.fica.unsl.edu.ar\/index.php\/gmedia\/aniversario-50-unsl-tarde_1_-jpg\/\">\r\n                <a href=\"https:\/\/www.fica.unsl.edu.ar\/wp-content\/grand-media\/image\/aniversario-50-unsl-tarde_1_.jpg\" class=\"gmPhantom_Thumb\"><img decoding=\"async\" src=\"https:\/\/www.fica.unsl.edu.ar\/wp-content\/grand-media\/image\/thumb\/aniversario-50-unsl-tarde_1_.jpg\" data-src=\"https:\/\/www.fica.unsl.edu.ar\/wp-content\/grand-media\/image\/aniversario-50-unsl-tarde_1_.jpg\" alt=\"Aniversario-50-unsl-tarde (1)\"\/><\/a>\r\n                                    <div class=\"gmPhantom_ThumbLabel\"><span class=\"gmPhantom_ThumbLabel_title\">Aniversario-50-unsl-tarde (1)<\/span><\/div>\r\n                                    <div style=\"display:none;\" class=\"gmPhantom_Details\">\r\n                                            <div class=\"gmPhantom_description\">\r\n                            <div class=\"gmPhantom_title\">Aniversario-50-unsl-tarde (1)<\/div>\r\n                            <div class=\"gmPhantom_text\"><\/div>\r\n                        <\/div>\r\n                                                            <div class=\"gmPhantom_terms\">\r\n                                                    <div class=\"gmPhantom_other_terms\">\r\n                                <table class=\"gmPhantom_other_terms_table\">\r\n                                                                            <tr class=\"gmPhantom_term_row_album\">\r\n                                            <td class=\"gmPhantom_term_key\">Album<\/td>\r\n                                            <td class=\"gmPhantom_term_value\"><a href=\"\/index.php\/wp-json\/wp\/v2\/posts\/15020?gm181[album__in]=181\" class=\"gmPhantom_alb\">50-celebracion-unsl-TARDE-2023<\/a><\/td>\r\n                                        <\/tr>\r\n                                                                    <\/table>\r\n                            <\/div>\r\n                                                <\/div>\r\n                <\/div>\r\n                <\/div>        <\/div>\r\n    <\/div>\r\n<\/div>\n","protected":false},"excerpt":{"rendered":"<p>Desde la tarde del martes 24 de octubre, una placa ubicada en el acceso principal al edificio del campus del Centro Universitario Villa Mercedes rinde&hellip;<\/p>\n","protected":false},"author":9,"featured_media":15021,"comment_status":"closed","ping_status":"closed","sticky":false,"template":"","format":"standard","meta":{"_monsterinsights_skip_tracking":false,"_monsterinsights_sitenote_active":false,"_monsterinsights_sitenote_note":"","_monsterinsights_sitenote_category":0,"_joinchat":[],"footnotes":""},"categories":[19],"tags":[],"class_list":["post-15020","post","type-post","status-publish","format-standard","has-post-thumbnail","hentry","category-noticias"],"yoast_head":"<!-- This site is optimized with the Yoast SEO plugin v27.4 - https:\/\/yoast.com\/product\/yoast-seo-wordpress\/ -->\n<title>50 A\u00d1OS | Un emotivo homenaje al pueblo de Villa Mercedes por la creaci\u00f3n de la UNSL - Facultad de Ingenier\u00eda y Ciencias Agropecuarias<\/title>\n<meta name=\"robots\" content=\"index, follow, max-snippet:-1, max-image-preview:large, max-video-preview:-1\" \/>\n<link rel=\"canonical\" href=\"https:\/\/www.fica.unsl.edu.ar\/index.php\/50-anos-un-emotivo-homenaje-al-pueblo-de-villa-mercedes\/\" \/>\n<meta property=\"og:locale\" content=\"es_ES\" \/>\n<meta property=\"og:type\" content=\"article\" \/>\n<meta property=\"og:title\" content=\"50 A\u00d1OS | Un emotivo homenaje al pueblo de Villa Mercedes por la creaci\u00f3n de la UNSL - Facultad de Ingenier\u00eda y Ciencias Agropecuarias\" \/>\n<meta property=\"og:description\" content=\"Desde la tarde del martes 24 de octubre, una placa ubicada en el acceso principal al edificio del campus del Centro Universitario Villa Mercedes rinde&hellip;\" \/>\n<meta property=\"og:url\" content=\"https:\/\/www.fica.unsl.edu.ar\/index.php\/50-anos-un-emotivo-homenaje-al-pueblo-de-villa-mercedes\/\" \/>\n<meta property=\"og:site_name\" content=\"Facultad de Ingenier\u00eda y Ciencias Agropecuarias\" \/>\n<meta property=\"article:publisher\" content=\"https:\/\/www.facebook.com\/FICA.UNSL\/\" \/>\n<meta property=\"article:published_time\" content=\"2023-10-26T15:02:24+00:00\" \/>\n<meta property=\"article:modified_time\" content=\"2023-10-30T11:54:35+00:00\" \/>\n<meta property=\"og:image\" content=\"https:\/\/www.fica.unsl.edu.ar\/wp-content\/uploads\/2023\/10\/unsl-50-celebracion-tarde-front-.jpg\" \/>\n\t<meta property=\"og:image:width\" content=\"1061\" \/>\n\t<meta property=\"og:image:height\" content=\"585\" \/>\n\t<meta property=\"og:image:type\" content=\"image\/jpeg\" \/>\n<meta name=\"author\" content=\"DATI\" \/>\n<meta name=\"twitter:card\" content=\"summary_large_image\" \/>\n<meta name=\"twitter:creator\" content=\"@FICAUNSL\" \/>\n<meta name=\"twitter:site\" content=\"@FICAUNSL\" \/>\n<meta name=\"twitter:label1\" content=\"Escrito por\" \/>\n\t<meta name=\"twitter:data1\" content=\"DATI\" \/>\n\t<meta name=\"twitter:label2\" content=\"Tiempo de lectura\" \/>\n\t<meta name=\"twitter:data2\" content=\"14 minutos\" \/>\n<script type=\"application\/ld+json\" class=\"yoast-schema-graph\">{\"@context\":\"https:\\\/\\\/schema.org\",\"@graph\":[{\"@type\":\"Article\",\"@id\":\"https:\\\/\\\/www.fica.unsl.edu.ar\\\/index.php\\\/50-anos-un-emotivo-homenaje-al-pueblo-de-villa-mercedes\\\/#article\",\"isPartOf\":{\"@id\":\"https:\\\/\\\/www.fica.unsl.edu.ar\\\/index.php\\\/50-anos-un-emotivo-homenaje-al-pueblo-de-villa-mercedes\\\/\"},\"author\":{\"name\":\"DATI\",\"@id\":\"https:\\\/\\\/www.fica.unsl.edu.ar\\\/#\\\/schema\\\/person\\\/6058f9c66301868d3a691b1f5d6c3544\"},\"headline\":\"50 A\u00d1OS | Un emotivo homenaje al pueblo de Villa Mercedes por la creaci\u00f3n de la UNSL\",\"datePublished\":\"2023-10-26T15:02:24+00:00\",\"dateModified\":\"2023-10-30T11:54:35+00:00\",\"mainEntityOfPage\":{\"@id\":\"https:\\\/\\\/www.fica.unsl.edu.ar\\\/index.php\\\/50-anos-un-emotivo-homenaje-al-pueblo-de-villa-mercedes\\\/\"},\"wordCount\":3059,\"publisher\":{\"@id\":\"https:\\\/\\\/www.fica.unsl.edu.ar\\\/#organization\"},\"image\":{\"@id\":\"https:\\\/\\\/www.fica.unsl.edu.ar\\\/index.php\\\/50-anos-un-emotivo-homenaje-al-pueblo-de-villa-mercedes\\\/#primaryimage\"},\"thumbnailUrl\":\"https:\\\/\\\/www.fica.unsl.edu.ar\\\/wp-content\\\/uploads\\\/2023\\\/10\\\/unsl-50-celebracion-tarde-front-.jpg\",\"articleSection\":[\"Noticias\"],\"inLanguage\":\"es-AR\"},{\"@type\":\"WebPage\",\"@id\":\"https:\\\/\\\/www.fica.unsl.edu.ar\\\/index.php\\\/50-anos-un-emotivo-homenaje-al-pueblo-de-villa-mercedes\\\/\",\"url\":\"https:\\\/\\\/www.fica.unsl.edu.ar\\\/index.php\\\/50-anos-un-emotivo-homenaje-al-pueblo-de-villa-mercedes\\\/\",\"name\":\"50 A\u00d1OS | Un emotivo homenaje al pueblo de Villa Mercedes por la creaci\u00f3n de la UNSL - Facultad de Ingenier\u00eda y Ciencias Agropecuarias\",\"isPartOf\":{\"@id\":\"https:\\\/\\\/www.fica.unsl.edu.ar\\\/#website\"},\"primaryImageOfPage\":{\"@id\":\"https:\\\/\\\/www.fica.unsl.edu.ar\\\/index.php\\\/50-anos-un-emotivo-homenaje-al-pueblo-de-villa-mercedes\\\/#primaryimage\"},\"image\":{\"@id\":\"https:\\\/\\\/www.fica.unsl.edu.ar\\\/index.php\\\/50-anos-un-emotivo-homenaje-al-pueblo-de-villa-mercedes\\\/#primaryimage\"},\"thumbnailUrl\":\"https:\\\/\\\/www.fica.unsl.edu.ar\\\/wp-content\\\/uploads\\\/2023\\\/10\\\/unsl-50-celebracion-tarde-front-.jpg\",\"datePublished\":\"2023-10-26T15:02:24+00:00\",\"dateModified\":\"2023-10-30T11:54:35+00:00\",\"inLanguage\":\"es-AR\",\"potentialAction\":[{\"@type\":\"ReadAction\",\"target\":[\"https:\\\/\\\/www.fica.unsl.edu.ar\\\/index.php\\\/50-anos-un-emotivo-homenaje-al-pueblo-de-villa-mercedes\\\/\"]}]},{\"@type\":\"ImageObject\",\"inLanguage\":\"es-AR\",\"@id\":\"https:\\\/\\\/www.fica.unsl.edu.ar\\\/index.php\\\/50-anos-un-emotivo-homenaje-al-pueblo-de-villa-mercedes\\\/#primaryimage\",\"url\":\"https:\\\/\\\/www.fica.unsl.edu.ar\\\/wp-content\\\/uploads\\\/2023\\\/10\\\/unsl-50-celebracion-tarde-front-.jpg\",\"contentUrl\":\"https:\\\/\\\/www.fica.unsl.edu.ar\\\/wp-content\\\/uploads\\\/2023\\\/10\\\/unsl-50-celebracion-tarde-front-.jpg\",\"width\":1061,\"height\":585},{\"@type\":\"WebSite\",\"@id\":\"https:\\\/\\\/www.fica.unsl.edu.ar\\\/#website\",\"url\":\"https:\\\/\\\/www.fica.unsl.edu.ar\\\/\",\"name\":\"Facultad de Ingenier\u00eda y Ciencias Agropecuarias\",\"description\":\"\",\"publisher\":{\"@id\":\"https:\\\/\\\/www.fica.unsl.edu.ar\\\/#organization\"},\"potentialAction\":[{\"@type\":\"SearchAction\",\"target\":{\"@type\":\"EntryPoint\",\"urlTemplate\":\"https:\\\/\\\/www.fica.unsl.edu.ar\\\/?s={search_term_string}\"},\"query-input\":{\"@type\":\"PropertyValueSpecification\",\"valueRequired\":true,\"valueName\":\"search_term_string\"}}],\"inLanguage\":\"es-AR\"},{\"@type\":\"Organization\",\"@id\":\"https:\\\/\\\/www.fica.unsl.edu.ar\\\/#organization\",\"name\":\"Facultad de Ingenier\u00eda y Ciencias Agropecuarias\",\"url\":\"https:\\\/\\\/www.fica.unsl.edu.ar\\\/\",\"logo\":{\"@type\":\"ImageObject\",\"inLanguage\":\"es-AR\",\"@id\":\"https:\\\/\\\/www.fica.unsl.edu.ar\\\/#\\\/schema\\\/logo\\\/image\\\/\",\"url\":\"https:\\\/\\\/www.fica.unsl.edu.ar\\\/wp-content\\\/uploads\\\/2021\\\/03\\\/LOGO-1.jpg\",\"contentUrl\":\"https:\\\/\\\/www.fica.unsl.edu.ar\\\/wp-content\\\/uploads\\\/2021\\\/03\\\/LOGO-1.jpg\",\"width\":463,\"height\":145,\"caption\":\"Facultad de Ingenier\u00eda y Ciencias Agropecuarias\"},\"image\":{\"@id\":\"https:\\\/\\\/www.fica.unsl.edu.ar\\\/#\\\/schema\\\/logo\\\/image\\\/\"},\"sameAs\":[\"https:\\\/\\\/www.facebook.com\\\/FICA.UNSL\\\/\",\"https:\\\/\\\/x.com\\\/FICAUNSL\",\"https:\\\/\\\/www.instagram.com\\\/fica.unsl\\\/\",\"https:\\\/\\\/www.youtube.com\\\/channel\\\/UCs2MM53gb2PyBrMySdtWZDQ\"]},{\"@type\":\"Person\",\"@id\":\"https:\\\/\\\/www.fica.unsl.edu.ar\\\/#\\\/schema\\\/person\\\/6058f9c66301868d3a691b1f5d6c3544\",\"name\":\"DATI\"}]}<\/script>\n<!-- \/ Yoast SEO plugin. -->","yoast_head_json":{"title":"50 A\u00d1OS | Un emotivo homenaje al pueblo de Villa Mercedes por la creaci\u00f3n de la UNSL - Facultad de Ingenier\u00eda y Ciencias Agropecuarias","robots":{"index":"index","follow":"follow","max-snippet":"max-snippet:-1","max-image-preview":"max-image-preview:large","max-video-preview":"max-video-preview:-1"},"canonical":"https:\/\/www.fica.unsl.edu.ar\/index.php\/50-anos-un-emotivo-homenaje-al-pueblo-de-villa-mercedes\/","og_locale":"es_ES","og_type":"article","og_title":"50 A\u00d1OS | Un emotivo homenaje al pueblo de Villa Mercedes por la creaci\u00f3n de la UNSL - Facultad de Ingenier\u00eda y Ciencias Agropecuarias","og_description":"Desde la tarde del martes 24 de octubre, una placa ubicada en el acceso principal al edificio del campus del Centro Universitario Villa Mercedes rinde&hellip;","og_url":"https:\/\/www.fica.unsl.edu.ar\/index.php\/50-anos-un-emotivo-homenaje-al-pueblo-de-villa-mercedes\/","og_site_name":"Facultad de Ingenier\u00eda y Ciencias Agropecuarias","article_publisher":"https:\/\/www.facebook.com\/FICA.UNSL\/","article_published_time":"2023-10-26T15:02:24+00:00","article_modified_time":"2023-10-30T11:54:35+00:00","og_image":[{"width":1061,"height":585,"url":"https:\/\/www.fica.unsl.edu.ar\/wp-content\/uploads\/2023\/10\/unsl-50-celebracion-tarde-front-.jpg","type":"image\/jpeg"}],"author":"DATI","twitter_card":"summary_large_image","twitter_creator":"@FICAUNSL","twitter_site":"@FICAUNSL","twitter_misc":{"Escrito por":"DATI","Tiempo de lectura":"14 minutos"},"schema":{"@context":"https:\/\/schema.org","@graph":[{"@type":"Article","@id":"https:\/\/www.fica.unsl.edu.ar\/index.php\/50-anos-un-emotivo-homenaje-al-pueblo-de-villa-mercedes\/#article","isPartOf":{"@id":"https:\/\/www.fica.unsl.edu.ar\/index.php\/50-anos-un-emotivo-homenaje-al-pueblo-de-villa-mercedes\/"},"author":{"name":"DATI","@id":"https:\/\/www.fica.unsl.edu.ar\/#\/schema\/person\/6058f9c66301868d3a691b1f5d6c3544"},"headline":"50 A\u00d1OS | Un emotivo homenaje al pueblo de Villa Mercedes por la creaci\u00f3n de la UNSL","datePublished":"2023-10-26T15:02:24+00:00","dateModified":"2023-10-30T11:54:35+00:00","mainEntityOfPage":{"@id":"https:\/\/www.fica.unsl.edu.ar\/index.php\/50-anos-un-emotivo-homenaje-al-pueblo-de-villa-mercedes\/"},"wordCount":3059,"publisher":{"@id":"https:\/\/www.fica.unsl.edu.ar\/#organization"},"image":{"@id":"https:\/\/www.fica.unsl.edu.ar\/index.php\/50-anos-un-emotivo-homenaje-al-pueblo-de-villa-mercedes\/#primaryimage"},"thumbnailUrl":"https:\/\/www.fica.unsl.edu.ar\/wp-content\/uploads\/2023\/10\/unsl-50-celebracion-tarde-front-.jpg","articleSection":["Noticias"],"inLanguage":"es-AR"},{"@type":"WebPage","@id":"https:\/\/www.fica.unsl.edu.ar\/index.php\/50-anos-un-emotivo-homenaje-al-pueblo-de-villa-mercedes\/","url":"https:\/\/www.fica.unsl.edu.ar\/index.php\/50-anos-un-emotivo-homenaje-al-pueblo-de-villa-mercedes\/","name":"50 A\u00d1OS | Un emotivo homenaje al pueblo de Villa Mercedes por la creaci\u00f3n de la UNSL - Facultad de Ingenier\u00eda y Ciencias Agropecuarias","isPartOf":{"@id":"https:\/\/www.fica.unsl.edu.ar\/#website"},"primaryImageOfPage":{"@id":"https:\/\/www.fica.unsl.edu.ar\/index.php\/50-anos-un-emotivo-homenaje-al-pueblo-de-villa-mercedes\/#primaryimage"},"image":{"@id":"https:\/\/www.fica.unsl.edu.ar\/index.php\/50-anos-un-emotivo-homenaje-al-pueblo-de-villa-mercedes\/#primaryimage"},"thumbnailUrl":"https:\/\/www.fica.unsl.edu.ar\/wp-content\/uploads\/2023\/10\/unsl-50-celebracion-tarde-front-.jpg","datePublished":"2023-10-26T15:02:24+00:00","dateModified":"2023-10-30T11:54:35+00:00","inLanguage":"es-AR","potentialAction":[{"@type":"ReadAction","target":["https:\/\/www.fica.unsl.edu.ar\/index.php\/50-anos-un-emotivo-homenaje-al-pueblo-de-villa-mercedes\/"]}]},{"@type":"ImageObject","inLanguage":"es-AR","@id":"https:\/\/www.fica.unsl.edu.ar\/index.php\/50-anos-un-emotivo-homenaje-al-pueblo-de-villa-mercedes\/#primaryimage","url":"https:\/\/www.fica.unsl.edu.ar\/wp-content\/uploads\/2023\/10\/unsl-50-celebracion-tarde-front-.jpg","contentUrl":"https:\/\/www.fica.unsl.edu.ar\/wp-content\/uploads\/2023\/10\/unsl-50-celebracion-tarde-front-.jpg","width":1061,"height":585},{"@type":"WebSite","@id":"https:\/\/www.fica.unsl.edu.ar\/#website","url":"https:\/\/www.fica.unsl.edu.ar\/","name":"Facultad de Ingenier\u00eda y Ciencias Agropecuarias","description":"","publisher":{"@id":"https:\/\/www.fica.unsl.edu.ar\/#organization"},"potentialAction":[{"@type":"SearchAction","target":{"@type":"EntryPoint","urlTemplate":"https:\/\/www.fica.unsl.edu.ar\/?s={search_term_string}"},"query-input":{"@type":"PropertyValueSpecification","valueRequired":true,"valueName":"search_term_string"}}],"inLanguage":"es-AR"},{"@type":"Organization","@id":"https:\/\/www.fica.unsl.edu.ar\/#organization","name":"Facultad de Ingenier\u00eda y Ciencias Agropecuarias","url":"https:\/\/www.fica.unsl.edu.ar\/","logo":{"@type":"ImageObject","inLanguage":"es-AR","@id":"https:\/\/www.fica.unsl.edu.ar\/#\/schema\/logo\/image\/","url":"https:\/\/www.fica.unsl.edu.ar\/wp-content\/uploads\/2021\/03\/LOGO-1.jpg","contentUrl":"https:\/\/www.fica.unsl.edu.ar\/wp-content\/uploads\/2021\/03\/LOGO-1.jpg","width":463,"height":145,"caption":"Facultad de Ingenier\u00eda y Ciencias Agropecuarias"},"image":{"@id":"https:\/\/www.fica.unsl.edu.ar\/#\/schema\/logo\/image\/"},"sameAs":["https:\/\/www.facebook.com\/FICA.UNSL\/","https:\/\/x.com\/FICAUNSL","https:\/\/www.instagram.com\/fica.unsl\/","https:\/\/www.youtube.com\/channel\/UCs2MM53gb2PyBrMySdtWZDQ"]},{"@type":"Person","@id":"https:\/\/www.fica.unsl.edu.ar\/#\/schema\/person\/6058f9c66301868d3a691b1f5d6c3544","name":"DATI"}]}},"_links":{"self":[{"href":"https:\/\/www.fica.unsl.edu.ar\/index.php\/wp-json\/wp\/v2\/posts\/15020","targetHints":{"allow":["GET"]}}],"collection":[{"href":"https:\/\/www.fica.unsl.edu.ar\/index.php\/wp-json\/wp\/v2\/posts"}],"about":[{"href":"https:\/\/www.fica.unsl.edu.ar\/index.php\/wp-json\/wp\/v2\/types\/post"}],"author":[{"embeddable":true,"href":"https:\/\/www.fica.unsl.edu.ar\/index.php\/wp-json\/wp\/v2\/users\/9"}],"replies":[{"embeddable":true,"href":"https:\/\/www.fica.unsl.edu.ar\/index.php\/wp-json\/wp\/v2\/comments?post=15020"}],"version-history":[{"count":3,"href":"https:\/\/www.fica.unsl.edu.ar\/index.php\/wp-json\/wp\/v2\/posts\/15020\/revisions"}],"predecessor-version":[{"id":15108,"href":"https:\/\/www.fica.unsl.edu.ar\/index.php\/wp-json\/wp\/v2\/posts\/15020\/revisions\/15108"}],"wp:featuredmedia":[{"embeddable":true,"href":"https:\/\/www.fica.unsl.edu.ar\/index.php\/wp-json\/wp\/v2\/media\/15021"}],"wp:attachment":[{"href":"https:\/\/www.fica.unsl.edu.ar\/index.php\/wp-json\/wp\/v2\/media?parent=15020"}],"wp:term":[{"taxonomy":"category","embeddable":true,"href":"https:\/\/www.fica.unsl.edu.ar\/index.php\/wp-json\/wp\/v2\/categories?post=15020"},{"taxonomy":"post_tag","embeddable":true,"href":"https:\/\/www.fica.unsl.edu.ar\/index.php\/wp-json\/wp\/v2\/tags?post=15020"}],"curies":[{"name":"wp","href":"https:\/\/api.w.org\/{rel}","templated":true}]}}