{"id":15170,"date":"2023-11-09T13:00:53","date_gmt":"2023-11-09T16:00:53","guid":{"rendered":"http:\/\/10.101.10.196\/www\/?p=15170"},"modified":"2023-11-13T08:44:06","modified_gmt":"2023-11-13T11:44:06","slug":"2da-jornada-divulgacion-vinculacion-academico-cultural-ciencias-agropecuarias","status":"publish","type":"post","link":"https:\/\/www.fica.unsl.edu.ar\/index.php\/2da-jornada-divulgacion-vinculacion-academico-cultural-ciencias-agropecuarias\/","title":{"rendered":"La FICA invita a la 2da Jornada de Divulgaci\u00f3n y Vinculaci\u00f3n Acad\u00e9mico\/Cultural de Ciencias Agropecuarias"},"content":{"rendered":"<p>El Departamento de Ciencias Agropecuarias informa que el d\u00eda 10 de noviembre se realizar\u00e1 la 2da Jornada de Divulgaci\u00f3n y Vinculaci\u00f3n Acad\u00e9mico\/Cultural: Ingenier\u00eda Agron\u00f3mica (FICA-UNSL) y Colegios Agrot\u00e9cnicos de la Provincia de San Luis. Esta jornada se llevar\u00e1 a cabo el pr\u00f3ximo viernes<strong> 10 de noviembre de 9 a 16 horas<\/strong>, en el \u00e1mbito del\u00a0<strong>Departamento de Ciencias Agropecuarias de la FICA<\/strong>, ubicado en Ruta Provincial N\u00b0 55 extremo Norte, Villa Mercedes, San Luis.<\/p>\n<p>La actividad est\u00e1 destinada a estudiantes de los \u00faltimos a\u00f1os de las Escuelas Secundarias de Colegios Agrot\u00e9cnicos y afines de la provincia de San Luis y sus objetivos son que adquieran informaci\u00f3n acerca de la vida universitaria en el \u00e1mbito de las Ciencias Agropecuarias; favorecer el contacto de los futuros ingresantes con el sistema educativo en el \u00e1mbito del grado e incentivar a los estudiantes a comenzar estudios universitario.<\/p>\n<p>Esta actividad es organizada por el equipo docente del Departamento de Ciencias Agropecuarias.<\/p>\n<p>&nbsp;<\/p>\n<p>&nbsp;<\/p>\n","protected":false},"excerpt":{"rendered":"<p>El Departamento de Ciencias Agropecuarias informa que el d\u00eda 10 de noviembre se realizar\u00e1 la 2da Jornada de Divulgaci\u00f3n y Vinculaci\u00f3n Acad\u00e9mico\/Cultural: Ingenier\u00eda Agron\u00f3mica (FICA-UNSL)&hellip;<\/p>\n","protected":false},"author":9,"featured_media":15286,"comment_status":"closed","ping_status":"closed","sticky":false,"template":"","format":"standard","meta":{"_monsterinsights_skip_tracking":false,"_monsterinsights_sitenote_active":false,"_monsterinsights_sitenote_note":"","_monsterinsights_sitenote_category":0,"_joinchat":[],"footnotes":""},"categories":[19],"tags":[],"class_list":["post-15170","post","type-post","status-publish","format-standard","has-post-thumbnail","hentry","category-noticias"],"yoast_head":"<!-- This site is optimized with the Yoast SEO plugin v27.4 - https:\/\/yoast.com\/product\/yoast-seo-wordpress\/ -->\n<title>La FICA invita a la 2da Jornada de Divulgaci\u00f3n y Vinculaci\u00f3n Acad\u00e9mico\/Cultural de Ciencias Agropecuarias - Facultad de Ingenier\u00eda y Ciencias Agropecuarias<\/title>\n<meta name=\"robots\" content=\"index, follow, max-snippet:-1, max-image-preview:large, max-video-preview:-1\" \/>\n<link rel=\"canonical\" href=\"https:\/\/www.fica.unsl.edu.ar\/index.php\/2da-jornada-divulgacion-vinculacion-academico-cultural-ciencias-agropecuarias\/\" \/>\n<meta property=\"og:locale\" content=\"es_ES\" \/>\n<meta property=\"og:type\" content=\"article\" \/>\n<meta property=\"og:title\" content=\"La FICA invita a la 2da Jornada de Divulgaci\u00f3n y Vinculaci\u00f3n Acad\u00e9mico\/Cultural de Ciencias Agropecuarias - Facultad de Ingenier\u00eda y Ciencias Agropecuarias\" \/>\n<meta property=\"og:description\" content=\"El Departamento de Ciencias Agropecuarias informa que el d\u00eda 10 de noviembre se realizar\u00e1 la 2da Jornada de Divulgaci\u00f3n y Vinculaci\u00f3n Acad\u00e9mico\/Cultural: Ingenier\u00eda Agron\u00f3mica (FICA-UNSL)&hellip;\" \/>\n<meta property=\"og:url\" content=\"https:\/\/www.fica.unsl.edu.ar\/index.php\/2da-jornada-divulgacion-vinculacion-academico-cultural-ciencias-agropecuarias\/\" \/>\n<meta property=\"og:site_name\" content=\"Facultad de Ingenier\u00eda y Ciencias Agropecuarias\" \/>\n<meta property=\"article:publisher\" content=\"https:\/\/www.facebook.com\/FICA.UNSL\/\" \/>\n<meta property=\"article:published_time\" content=\"2023-11-09T16:00:53+00:00\" \/>\n<meta property=\"article:modified_time\" content=\"2023-11-13T11:44:06+00:00\" \/>\n<meta property=\"og:image\" content=\"https:\/\/www.fica.unsl.edu.ar\/wp-content\/uploads\/2023\/11\/flyer-divulgacion-cs-agropecuarias-2023-02-front.jpg\" \/>\n\t<meta property=\"og:image:width\" content=\"1061\" \/>\n\t<meta property=\"og:image:height\" content=\"585\" \/>\n\t<meta property=\"og:image:type\" content=\"image\/jpeg\" \/>\n<meta name=\"author\" content=\"DATI\" \/>\n<meta name=\"twitter:card\" content=\"summary_large_image\" \/>\n<meta name=\"twitter:creator\" content=\"@FICAUNSL\" \/>\n<meta name=\"twitter:site\" content=\"@FICAUNSL\" \/>\n<meta name=\"twitter:label1\" content=\"Escrito por\" \/>\n\t<meta name=\"twitter:data1\" content=\"DATI\" \/>\n\t<meta name=\"twitter:label2\" content=\"Tiempo de lectura\" \/>\n\t<meta name=\"twitter:data2\" content=\"1 minuto\" \/>\n<script type=\"application\/ld+json\" class=\"yoast-schema-graph\">{\"@context\":\"https:\\\/\\\/schema.org\",\"@graph\":[{\"@type\":\"Article\",\"@id\":\"https:\\\/\\\/www.fica.unsl.edu.ar\\\/index.php\\\/2da-jornada-divulgacion-vinculacion-academico-cultural-ciencias-agropecuarias\\\/#article\",\"isPartOf\":{\"@id\":\"https:\\\/\\\/www.fica.unsl.edu.ar\\\/index.php\\\/2da-jornada-divulgacion-vinculacion-academico-cultural-ciencias-agropecuarias\\\/\"},\"author\":{\"name\":\"DATI\",\"@id\":\"https:\\\/\\\/www.fica.unsl.edu.ar\\\/#\\\/schema\\\/person\\\/6058f9c66301868d3a691b1f5d6c3544\"},\"headline\":\"La FICA invita a la 2da Jornada de Divulgaci\u00f3n y Vinculaci\u00f3n Acad\u00e9mico\\\/Cultural de Ciencias Agropecuarias\",\"datePublished\":\"2023-11-09T16:00:53+00:00\",\"dateModified\":\"2023-11-13T11:44:06+00:00\",\"mainEntityOfPage\":{\"@id\":\"https:\\\/\\\/www.fica.unsl.edu.ar\\\/index.php\\\/2da-jornada-divulgacion-vinculacion-academico-cultural-ciencias-agropecuarias\\\/\"},\"wordCount\":184,\"publisher\":{\"@id\":\"https:\\\/\\\/www.fica.unsl.edu.ar\\\/#organization\"},\"image\":{\"@id\":\"https:\\\/\\\/www.fica.unsl.edu.ar\\\/index.php\\\/2da-jornada-divulgacion-vinculacion-academico-cultural-ciencias-agropecuarias\\\/#primaryimage\"},\"thumbnailUrl\":\"https:\\\/\\\/www.fica.unsl.edu.ar\\\/wp-content\\\/uploads\\\/2023\\\/11\\\/flyer-divulgacion-cs-agropecuarias-2023-02-front.jpg\",\"articleSection\":[\"Noticias\"],\"inLanguage\":\"es-AR\"},{\"@type\":\"WebPage\",\"@id\":\"https:\\\/\\\/www.fica.unsl.edu.ar\\\/index.php\\\/2da-jornada-divulgacion-vinculacion-academico-cultural-ciencias-agropecuarias\\\/\",\"url\":\"https:\\\/\\\/www.fica.unsl.edu.ar\\\/index.php\\\/2da-jornada-divulgacion-vinculacion-academico-cultural-ciencias-agropecuarias\\\/\",\"name\":\"La FICA invita a la 2da Jornada de Divulgaci\u00f3n y Vinculaci\u00f3n Acad\u00e9mico\\\/Cultural de Ciencias Agropecuarias - Facultad de Ingenier\u00eda y Ciencias Agropecuarias\",\"isPartOf\":{\"@id\":\"https:\\\/\\\/www.fica.unsl.edu.ar\\\/#website\"},\"primaryImageOfPage\":{\"@id\":\"https:\\\/\\\/www.fica.unsl.edu.ar\\\/index.php\\\/2da-jornada-divulgacion-vinculacion-academico-cultural-ciencias-agropecuarias\\\/#primaryimage\"},\"image\":{\"@id\":\"https:\\\/\\\/www.fica.unsl.edu.ar\\\/index.php\\\/2da-jornada-divulgacion-vinculacion-academico-cultural-ciencias-agropecuarias\\\/#primaryimage\"},\"thumbnailUrl\":\"https:\\\/\\\/www.fica.unsl.edu.ar\\\/wp-content\\\/uploads\\\/2023\\\/11\\\/flyer-divulgacion-cs-agropecuarias-2023-02-front.jpg\",\"datePublished\":\"2023-11-09T16:00:53+00:00\",\"dateModified\":\"2023-11-13T11:44:06+00:00\",\"inLanguage\":\"es-AR\",\"potentialAction\":[{\"@type\":\"ReadAction\",\"target\":[\"https:\\\/\\\/www.fica.unsl.edu.ar\\\/index.php\\\/2da-jornada-divulgacion-vinculacion-academico-cultural-ciencias-agropecuarias\\\/\"]}]},{\"@type\":\"ImageObject\",\"inLanguage\":\"es-AR\",\"@id\":\"https:\\\/\\\/www.fica.unsl.edu.ar\\\/index.php\\\/2da-jornada-divulgacion-vinculacion-academico-cultural-ciencias-agropecuarias\\\/#primaryimage\",\"url\":\"https:\\\/\\\/www.fica.unsl.edu.ar\\\/wp-content\\\/uploads\\\/2023\\\/11\\\/flyer-divulgacion-cs-agropecuarias-2023-02-front.jpg\",\"contentUrl\":\"https:\\\/\\\/www.fica.unsl.edu.ar\\\/wp-content\\\/uploads\\\/2023\\\/11\\\/flyer-divulgacion-cs-agropecuarias-2023-02-front.jpg\",\"width\":1061,\"height\":585},{\"@type\":\"WebSite\",\"@id\":\"https:\\\/\\\/www.fica.unsl.edu.ar\\\/#website\",\"url\":\"https:\\\/\\\/www.fica.unsl.edu.ar\\\/\",\"name\":\"Facultad de Ingenier\u00eda y Ciencias Agropecuarias\",\"description\":\"\",\"publisher\":{\"@id\":\"https:\\\/\\\/www.fica.unsl.edu.ar\\\/#organization\"},\"potentialAction\":[{\"@type\":\"SearchAction\",\"target\":{\"@type\":\"EntryPoint\",\"urlTemplate\":\"https:\\\/\\\/www.fica.unsl.edu.ar\\\/?s={search_term_string}\"},\"query-input\":{\"@type\":\"PropertyValueSpecification\",\"valueRequired\":true,\"valueName\":\"search_term_string\"}}],\"inLanguage\":\"es-AR\"},{\"@type\":\"Organization\",\"@id\":\"https:\\\/\\\/www.fica.unsl.edu.ar\\\/#organization\",\"name\":\"Facultad de Ingenier\u00eda y Ciencias Agropecuarias\",\"url\":\"https:\\\/\\\/www.fica.unsl.edu.ar\\\/\",\"logo\":{\"@type\":\"ImageObject\",\"inLanguage\":\"es-AR\",\"@id\":\"https:\\\/\\\/www.fica.unsl.edu.ar\\\/#\\\/schema\\\/logo\\\/image\\\/\",\"url\":\"https:\\\/\\\/www.fica.unsl.edu.ar\\\/wp-content\\\/uploads\\\/2021\\\/03\\\/LOGO-1.jpg\",\"contentUrl\":\"https:\\\/\\\/www.fica.unsl.edu.ar\\\/wp-content\\\/uploads\\\/2021\\\/03\\\/LOGO-1.jpg\",\"width\":463,\"height\":145,\"caption\":\"Facultad de Ingenier\u00eda y Ciencias Agropecuarias\"},\"image\":{\"@id\":\"https:\\\/\\\/www.fica.unsl.edu.ar\\\/#\\\/schema\\\/logo\\\/image\\\/\"},\"sameAs\":[\"https:\\\/\\\/www.facebook.com\\\/FICA.UNSL\\\/\",\"https:\\\/\\\/x.com\\\/FICAUNSL\",\"https:\\\/\\\/www.instagram.com\\\/fica.unsl\\\/\",\"https:\\\/\\\/www.youtube.com\\\/channel\\\/UCs2MM53gb2PyBrMySdtWZDQ\"]},{\"@type\":\"Person\",\"@id\":\"https:\\\/\\\/www.fica.unsl.edu.ar\\\/#\\\/schema\\\/person\\\/6058f9c66301868d3a691b1f5d6c3544\",\"name\":\"DATI\"}]}<\/script>\n<!-- \/ Yoast SEO plugin. -->","yoast_head_json":{"title":"La FICA invita a la 2da Jornada de Divulgaci\u00f3n y Vinculaci\u00f3n Acad\u00e9mico\/Cultural de Ciencias Agropecuarias - Facultad de Ingenier\u00eda y Ciencias Agropecuarias","robots":{"index":"index","follow":"follow","max-snippet":"max-snippet:-1","max-image-preview":"max-image-preview:large","max-video-preview":"max-video-preview:-1"},"canonical":"https:\/\/www.fica.unsl.edu.ar\/index.php\/2da-jornada-divulgacion-vinculacion-academico-cultural-ciencias-agropecuarias\/","og_locale":"es_ES","og_type":"article","og_title":"La FICA invita a la 2da Jornada de Divulgaci\u00f3n y Vinculaci\u00f3n Acad\u00e9mico\/Cultural de Ciencias Agropecuarias - Facultad de Ingenier\u00eda y Ciencias Agropecuarias","og_description":"El Departamento de Ciencias Agropecuarias informa que el d\u00eda 10 de noviembre se realizar\u00e1 la 2da Jornada de Divulgaci\u00f3n y Vinculaci\u00f3n Acad\u00e9mico\/Cultural: Ingenier\u00eda Agron\u00f3mica (FICA-UNSL)&hellip;","og_url":"https:\/\/www.fica.unsl.edu.ar\/index.php\/2da-jornada-divulgacion-vinculacion-academico-cultural-ciencias-agropecuarias\/","og_site_name":"Facultad de Ingenier\u00eda y Ciencias Agropecuarias","article_publisher":"https:\/\/www.facebook.com\/FICA.UNSL\/","article_published_time":"2023-11-09T16:00:53+00:00","article_modified_time":"2023-11-13T11:44:06+00:00","og_image":[{"width":1061,"height":585,"url":"https:\/\/www.fica.unsl.edu.ar\/wp-content\/uploads\/2023\/11\/flyer-divulgacion-cs-agropecuarias-2023-02-front.jpg","type":"image\/jpeg"}],"author":"DATI","twitter_card":"summary_large_image","twitter_creator":"@FICAUNSL","twitter_site":"@FICAUNSL","twitter_misc":{"Escrito por":"DATI","Tiempo de lectura":"1 minuto"},"schema":{"@context":"https:\/\/schema.org","@graph":[{"@type":"Article","@id":"https:\/\/www.fica.unsl.edu.ar\/index.php\/2da-jornada-divulgacion-vinculacion-academico-cultural-ciencias-agropecuarias\/#article","isPartOf":{"@id":"https:\/\/www.fica.unsl.edu.ar\/index.php\/2da-jornada-divulgacion-vinculacion-academico-cultural-ciencias-agropecuarias\/"},"author":{"name":"DATI","@id":"https:\/\/www.fica.unsl.edu.ar\/#\/schema\/person\/6058f9c66301868d3a691b1f5d6c3544"},"headline":"La FICA invita a la 2da Jornada de Divulgaci\u00f3n y Vinculaci\u00f3n Acad\u00e9mico\/Cultural de Ciencias Agropecuarias","datePublished":"2023-11-09T16:00:53+00:00","dateModified":"2023-11-13T11:44:06+00:00","mainEntityOfPage":{"@id":"https:\/\/www.fica.unsl.edu.ar\/index.php\/2da-jornada-divulgacion-vinculacion-academico-cultural-ciencias-agropecuarias\/"},"wordCount":184,"publisher":{"@id":"https:\/\/www.fica.unsl.edu.ar\/#organization"},"image":{"@id":"https:\/\/www.fica.unsl.edu.ar\/index.php\/2da-jornada-divulgacion-vinculacion-academico-cultural-ciencias-agropecuarias\/#primaryimage"},"thumbnailUrl":"https:\/\/www.fica.unsl.edu.ar\/wp-content\/uploads\/2023\/11\/flyer-divulgacion-cs-agropecuarias-2023-02-front.jpg","articleSection":["Noticias"],"inLanguage":"es-AR"},{"@type":"WebPage","@id":"https:\/\/www.fica.unsl.edu.ar\/index.php\/2da-jornada-divulgacion-vinculacion-academico-cultural-ciencias-agropecuarias\/","url":"https:\/\/www.fica.unsl.edu.ar\/index.php\/2da-jornada-divulgacion-vinculacion-academico-cultural-ciencias-agropecuarias\/","name":"La FICA invita a la 2da Jornada de Divulgaci\u00f3n y Vinculaci\u00f3n Acad\u00e9mico\/Cultural de Ciencias Agropecuarias - Facultad de Ingenier\u00eda y Ciencias Agropecuarias","isPartOf":{"@id":"https:\/\/www.fica.unsl.edu.ar\/#website"},"primaryImageOfPage":{"@id":"https:\/\/www.fica.unsl.edu.ar\/index.php\/2da-jornada-divulgacion-vinculacion-academico-cultural-ciencias-agropecuarias\/#primaryimage"},"image":{"@id":"https:\/\/www.fica.unsl.edu.ar\/index.php\/2da-jornada-divulgacion-vinculacion-academico-cultural-ciencias-agropecuarias\/#primaryimage"},"thumbnailUrl":"https:\/\/www.fica.unsl.edu.ar\/wp-content\/uploads\/2023\/11\/flyer-divulgacion-cs-agropecuarias-2023-02-front.jpg","datePublished":"2023-11-09T16:00:53+00:00","dateModified":"2023-11-13T11:44:06+00:00","inLanguage":"es-AR","potentialAction":[{"@type":"ReadAction","target":["https:\/\/www.fica.unsl.edu.ar\/index.php\/2da-jornada-divulgacion-vinculacion-academico-cultural-ciencias-agropecuarias\/"]}]},{"@type":"ImageObject","inLanguage":"es-AR","@id":"https:\/\/www.fica.unsl.edu.ar\/index.php\/2da-jornada-divulgacion-vinculacion-academico-cultural-ciencias-agropecuarias\/#primaryimage","url":"https:\/\/www.fica.unsl.edu.ar\/wp-content\/uploads\/2023\/11\/flyer-divulgacion-cs-agropecuarias-2023-02-front.jpg","contentUrl":"https:\/\/www.fica.unsl.edu.ar\/wp-content\/uploads\/2023\/11\/flyer-divulgacion-cs-agropecuarias-2023-02-front.jpg","width":1061,"height":585},{"@type":"WebSite","@id":"https:\/\/www.fica.unsl.edu.ar\/#website","url":"https:\/\/www.fica.unsl.edu.ar\/","name":"Facultad de Ingenier\u00eda y Ciencias Agropecuarias","description":"","publisher":{"@id":"https:\/\/www.fica.unsl.edu.ar\/#organization"},"potentialAction":[{"@type":"SearchAction","target":{"@type":"EntryPoint","urlTemplate":"https:\/\/www.fica.unsl.edu.ar\/?s={search_term_string}"},"query-input":{"@type":"PropertyValueSpecification","valueRequired":true,"valueName":"search_term_string"}}],"inLanguage":"es-AR"},{"@type":"Organization","@id":"https:\/\/www.fica.unsl.edu.ar\/#organization","name":"Facultad de Ingenier\u00eda y Ciencias Agropecuarias","url":"https:\/\/www.fica.unsl.edu.ar\/","logo":{"@type":"ImageObject","inLanguage":"es-AR","@id":"https:\/\/www.fica.unsl.edu.ar\/#\/schema\/logo\/image\/","url":"https:\/\/www.fica.unsl.edu.ar\/wp-content\/uploads\/2021\/03\/LOGO-1.jpg","contentUrl":"https:\/\/www.fica.unsl.edu.ar\/wp-content\/uploads\/2021\/03\/LOGO-1.jpg","width":463,"height":145,"caption":"Facultad de Ingenier\u00eda y Ciencias Agropecuarias"},"image":{"@id":"https:\/\/www.fica.unsl.edu.ar\/#\/schema\/logo\/image\/"},"sameAs":["https:\/\/www.facebook.com\/FICA.UNSL\/","https:\/\/x.com\/FICAUNSL","https:\/\/www.instagram.com\/fica.unsl\/","https:\/\/www.youtube.com\/channel\/UCs2MM53gb2PyBrMySdtWZDQ"]},{"@type":"Person","@id":"https:\/\/www.fica.unsl.edu.ar\/#\/schema\/person\/6058f9c66301868d3a691b1f5d6c3544","name":"DATI"}]}},"_links":{"self":[{"href":"https:\/\/www.fica.unsl.edu.ar\/index.php\/wp-json\/wp\/v2\/posts\/15170","targetHints":{"allow":["GET"]}}],"collection":[{"href":"https:\/\/www.fica.unsl.edu.ar\/index.php\/wp-json\/wp\/v2\/posts"}],"about":[{"href":"https:\/\/www.fica.unsl.edu.ar\/index.php\/wp-json\/wp\/v2\/types\/post"}],"author":[{"embeddable":true,"href":"https:\/\/www.fica.unsl.edu.ar\/index.php\/wp-json\/wp\/v2\/users\/9"}],"replies":[{"embeddable":true,"href":"https:\/\/www.fica.unsl.edu.ar\/index.php\/wp-json\/wp\/v2\/comments?post=15170"}],"version-history":[{"count":4,"href":"https:\/\/www.fica.unsl.edu.ar\/index.php\/wp-json\/wp\/v2\/posts\/15170\/revisions"}],"predecessor-version":[{"id":15287,"href":"https:\/\/www.fica.unsl.edu.ar\/index.php\/wp-json\/wp\/v2\/posts\/15170\/revisions\/15287"}],"wp:featuredmedia":[{"embeddable":true,"href":"https:\/\/www.fica.unsl.edu.ar\/index.php\/wp-json\/wp\/v2\/media\/15286"}],"wp:attachment":[{"href":"https:\/\/www.fica.unsl.edu.ar\/index.php\/wp-json\/wp\/v2\/media?parent=15170"}],"wp:term":[{"taxonomy":"category","embeddable":true,"href":"https:\/\/www.fica.unsl.edu.ar\/index.php\/wp-json\/wp\/v2\/categories?post=15170"},{"taxonomy":"post_tag","embeddable":true,"href":"https:\/\/www.fica.unsl.edu.ar\/index.php\/wp-json\/wp\/v2\/tags?post=15170"}],"curies":[{"name":"wp","href":"https:\/\/api.w.org\/{rel}","templated":true}]}}