{"id":15189,"date":"2023-10-31T10:35:59","date_gmt":"2023-10-31T13:35:59","guid":{"rendered":"http:\/\/10.101.10.196\/www\/?p=15189"},"modified":"2023-11-02T12:46:41","modified_gmt":"2023-11-02T15:46:41","slug":"ciclo-charlas-logisticas-esteban-mirofsky-conversara-sobre-innovacion-y-tecnologia-en-eventos-masivos","status":"publish","type":"post","link":"https:\/\/www.fica.unsl.edu.ar\/index.php\/ciclo-charlas-logisticas-esteban-mirofsky-conversara-sobre-innovacion-y-tecnologia-en-eventos-masivos\/","title":{"rendered":"Ciclo Charlas Log\u00edsticas: Esteban Mirofsky conversar\u00e1 sobre Innovaci\u00f3n y Tecnolog\u00eda en Eventos Masivos"},"content":{"rendered":"<p>La c\u00e1tedra de Log\u00edstica de la FICA-UNSL invita a la comunidad en general y a los estudiantes en particular, a participar de 39\u00b0 encuentro de la 4\u00b0 Temporada del Ciclo Charlas Log\u00edsticas, que se llevar\u00e1 este mi\u00e9rcoles 1 de noviembre de manera virtual a partir de las 18 horas.<\/p>\n<p>En este encuentro conversar\u00e1 Esteban Mirofsky sobre Innovaci\u00f3n y Tecnolog\u00eda en Eventos Masivos, y sobre la transformaci\u00f3n que hicieron en Lollapalooza Argentina desde su 1er edici\u00f3n hasta\u00a0la\u00a0actual.<\/p>\n<p>Esteban Mirofsky es IT Manager de Lollapalooza Argentina y Gerente de All Access en DF Entertainment, la productora de espect\u00e1culos m\u00e1s importante de Argentina. Es Especialista en Tecnolog\u00eda UX para eventos masivos y Fundador de Live IT, portal digital sobre m\u00fasica, innovaci\u00f3n, espect\u00e1culos y tecnolog\u00eda.<\/p>\n<p>En 2022 trabaj\u00f3 en los shows de Coldplay, Harry Styles, Dua Lipa, Rosal\u00eda, Maroon 5,\u00a0 C. Tangana, Guns N&#8217; Roses, Kiss, Metallica, Maneskin, Demi Lovato, entre muchos otros.<\/p>\n<p>&nbsp;<\/p>\n<p>El encuentro ser\u00e1 coordinado por el Ing. Facundo Monti. Aquellos interesados a participar de este encuentro, deber\u00e1 ingresar al siguiente enlace:<\/p>\n<p>&nbsp;<\/p>\n<h3 style=\"text-align: center;\"><span style=\"color: #0000ff;\"><a style=\"color: #0000ff;\" href=\"https:\/\/us02web.zoom.us\/meeting\/register\/tZUpce6ppz0iHNFZwq08RxMPKpyBHQtOK87f#\/registration\" target=\"_blank\" rel=\"noopener\">ZOOM\u00a0<\/a><\/span><\/h3>\n","protected":false},"excerpt":{"rendered":"<p>La c\u00e1tedra de Log\u00edstica de la FICA-UNSL invita a la comunidad en general y a los estudiantes en particular, a participar de 39\u00b0 encuentro de&hellip;<\/p>\n","protected":false},"author":9,"featured_media":15191,"comment_status":"closed","ping_status":"closed","sticky":false,"template":"","format":"standard","meta":{"_monsterinsights_skip_tracking":false,"_monsterinsights_sitenote_active":false,"_monsterinsights_sitenote_note":"","_monsterinsights_sitenote_category":0,"_joinchat":[],"footnotes":""},"categories":[19],"tags":[],"class_list":["post-15189","post","type-post","status-publish","format-standard","has-post-thumbnail","hentry","category-noticias"],"yoast_head":"<!-- This site is optimized with the Yoast SEO plugin v27.4 - https:\/\/yoast.com\/product\/yoast-seo-wordpress\/ -->\n<title>Ciclo Charlas Log\u00edsticas: Esteban Mirofsky conversar\u00e1 sobre Innovaci\u00f3n y Tecnolog\u00eda en Eventos Masivos - Facultad de Ingenier\u00eda y Ciencias Agropecuarias<\/title>\n<meta name=\"robots\" content=\"index, follow, max-snippet:-1, max-image-preview:large, max-video-preview:-1\" \/>\n<link rel=\"canonical\" href=\"https:\/\/www.fica.unsl.edu.ar\/index.php\/ciclo-charlas-logisticas-esteban-mirofsky-conversara-sobre-innovacion-y-tecnologia-en-eventos-masivos\/\" \/>\n<meta property=\"og:locale\" content=\"es_ES\" \/>\n<meta property=\"og:type\" content=\"article\" \/>\n<meta property=\"og:title\" content=\"Ciclo Charlas Log\u00edsticas: Esteban Mirofsky conversar\u00e1 sobre Innovaci\u00f3n y Tecnolog\u00eda en Eventos Masivos - Facultad de Ingenier\u00eda y Ciencias Agropecuarias\" \/>\n<meta property=\"og:description\" content=\"La c\u00e1tedra de Log\u00edstica de la FICA-UNSL invita a la comunidad en general y a los estudiantes en particular, a participar de 39\u00b0 encuentro de&hellip;\" \/>\n<meta property=\"og:url\" content=\"https:\/\/www.fica.unsl.edu.ar\/index.php\/ciclo-charlas-logisticas-esteban-mirofsky-conversara-sobre-innovacion-y-tecnologia-en-eventos-masivos\/\" \/>\n<meta property=\"og:site_name\" content=\"Facultad de Ingenier\u00eda y Ciencias Agropecuarias\" \/>\n<meta property=\"article:publisher\" content=\"https:\/\/www.facebook.com\/FICA.UNSL\/\" \/>\n<meta property=\"article:published_time\" content=\"2023-10-31T13:35:59+00:00\" \/>\n<meta property=\"article:modified_time\" content=\"2023-11-02T15:46:41+00:00\" \/>\n<meta property=\"og:image\" content=\"https:\/\/www.fica.unsl.edu.ar\/wp-content\/uploads\/2023\/10\/Charla-Logistica-39-front.jpg\" \/>\n\t<meta property=\"og:image:width\" content=\"1061\" \/>\n\t<meta property=\"og:image:height\" content=\"585\" \/>\n\t<meta property=\"og:image:type\" content=\"image\/jpeg\" \/>\n<meta name=\"author\" content=\"DATI\" \/>\n<meta name=\"twitter:card\" content=\"summary_large_image\" \/>\n<meta name=\"twitter:creator\" content=\"@FICAUNSL\" \/>\n<meta name=\"twitter:site\" content=\"@FICAUNSL\" \/>\n<meta name=\"twitter:label1\" content=\"Escrito por\" \/>\n\t<meta name=\"twitter:data1\" content=\"DATI\" \/>\n\t<meta name=\"twitter:label2\" content=\"Tiempo de lectura\" \/>\n\t<meta name=\"twitter:data2\" content=\"1 minuto\" \/>\n<script type=\"application\/ld+json\" class=\"yoast-schema-graph\">{\"@context\":\"https:\\\/\\\/schema.org\",\"@graph\":[{\"@type\":\"Article\",\"@id\":\"https:\\\/\\\/www.fica.unsl.edu.ar\\\/index.php\\\/ciclo-charlas-logisticas-esteban-mirofsky-conversara-sobre-innovacion-y-tecnologia-en-eventos-masivos\\\/#article\",\"isPartOf\":{\"@id\":\"https:\\\/\\\/www.fica.unsl.edu.ar\\\/index.php\\\/ciclo-charlas-logisticas-esteban-mirofsky-conversara-sobre-innovacion-y-tecnologia-en-eventos-masivos\\\/\"},\"author\":{\"name\":\"DATI\",\"@id\":\"https:\\\/\\\/www.fica.unsl.edu.ar\\\/#\\\/schema\\\/person\\\/6058f9c66301868d3a691b1f5d6c3544\"},\"headline\":\"Ciclo Charlas Log\u00edsticas: Esteban Mirofsky conversar\u00e1 sobre Innovaci\u00f3n y Tecnolog\u00eda en Eventos Masivos\",\"datePublished\":\"2023-10-31T13:35:59+00:00\",\"dateModified\":\"2023-11-02T15:46:41+00:00\",\"mainEntityOfPage\":{\"@id\":\"https:\\\/\\\/www.fica.unsl.edu.ar\\\/index.php\\\/ciclo-charlas-logisticas-esteban-mirofsky-conversara-sobre-innovacion-y-tecnologia-en-eventos-masivos\\\/\"},\"wordCount\":201,\"publisher\":{\"@id\":\"https:\\\/\\\/www.fica.unsl.edu.ar\\\/#organization\"},\"image\":{\"@id\":\"https:\\\/\\\/www.fica.unsl.edu.ar\\\/index.php\\\/ciclo-charlas-logisticas-esteban-mirofsky-conversara-sobre-innovacion-y-tecnologia-en-eventos-masivos\\\/#primaryimage\"},\"thumbnailUrl\":\"https:\\\/\\\/www.fica.unsl.edu.ar\\\/wp-content\\\/uploads\\\/2023\\\/10\\\/Charla-Logistica-39-front.jpg\",\"articleSection\":[\"Noticias\"],\"inLanguage\":\"es-AR\"},{\"@type\":\"WebPage\",\"@id\":\"https:\\\/\\\/www.fica.unsl.edu.ar\\\/index.php\\\/ciclo-charlas-logisticas-esteban-mirofsky-conversara-sobre-innovacion-y-tecnologia-en-eventos-masivos\\\/\",\"url\":\"https:\\\/\\\/www.fica.unsl.edu.ar\\\/index.php\\\/ciclo-charlas-logisticas-esteban-mirofsky-conversara-sobre-innovacion-y-tecnologia-en-eventos-masivos\\\/\",\"name\":\"Ciclo Charlas Log\u00edsticas: Esteban Mirofsky conversar\u00e1 sobre Innovaci\u00f3n y Tecnolog\u00eda en Eventos Masivos - Facultad de Ingenier\u00eda y Ciencias Agropecuarias\",\"isPartOf\":{\"@id\":\"https:\\\/\\\/www.fica.unsl.edu.ar\\\/#website\"},\"primaryImageOfPage\":{\"@id\":\"https:\\\/\\\/www.fica.unsl.edu.ar\\\/index.php\\\/ciclo-charlas-logisticas-esteban-mirofsky-conversara-sobre-innovacion-y-tecnologia-en-eventos-masivos\\\/#primaryimage\"},\"image\":{\"@id\":\"https:\\\/\\\/www.fica.unsl.edu.ar\\\/index.php\\\/ciclo-charlas-logisticas-esteban-mirofsky-conversara-sobre-innovacion-y-tecnologia-en-eventos-masivos\\\/#primaryimage\"},\"thumbnailUrl\":\"https:\\\/\\\/www.fica.unsl.edu.ar\\\/wp-content\\\/uploads\\\/2023\\\/10\\\/Charla-Logistica-39-front.jpg\",\"datePublished\":\"2023-10-31T13:35:59+00:00\",\"dateModified\":\"2023-11-02T15:46:41+00:00\",\"inLanguage\":\"es-AR\",\"potentialAction\":[{\"@type\":\"ReadAction\",\"target\":[\"https:\\\/\\\/www.fica.unsl.edu.ar\\\/index.php\\\/ciclo-charlas-logisticas-esteban-mirofsky-conversara-sobre-innovacion-y-tecnologia-en-eventos-masivos\\\/\"]}]},{\"@type\":\"ImageObject\",\"inLanguage\":\"es-AR\",\"@id\":\"https:\\\/\\\/www.fica.unsl.edu.ar\\\/index.php\\\/ciclo-charlas-logisticas-esteban-mirofsky-conversara-sobre-innovacion-y-tecnologia-en-eventos-masivos\\\/#primaryimage\",\"url\":\"https:\\\/\\\/www.fica.unsl.edu.ar\\\/wp-content\\\/uploads\\\/2023\\\/10\\\/Charla-Logistica-39-front.jpg\",\"contentUrl\":\"https:\\\/\\\/www.fica.unsl.edu.ar\\\/wp-content\\\/uploads\\\/2023\\\/10\\\/Charla-Logistica-39-front.jpg\",\"width\":1061,\"height\":585},{\"@type\":\"WebSite\",\"@id\":\"https:\\\/\\\/www.fica.unsl.edu.ar\\\/#website\",\"url\":\"https:\\\/\\\/www.fica.unsl.edu.ar\\\/\",\"name\":\"Facultad de Ingenier\u00eda y Ciencias Agropecuarias\",\"description\":\"\",\"publisher\":{\"@id\":\"https:\\\/\\\/www.fica.unsl.edu.ar\\\/#organization\"},\"potentialAction\":[{\"@type\":\"SearchAction\",\"target\":{\"@type\":\"EntryPoint\",\"urlTemplate\":\"https:\\\/\\\/www.fica.unsl.edu.ar\\\/?s={search_term_string}\"},\"query-input\":{\"@type\":\"PropertyValueSpecification\",\"valueRequired\":true,\"valueName\":\"search_term_string\"}}],\"inLanguage\":\"es-AR\"},{\"@type\":\"Organization\",\"@id\":\"https:\\\/\\\/www.fica.unsl.edu.ar\\\/#organization\",\"name\":\"Facultad de Ingenier\u00eda y Ciencias Agropecuarias\",\"url\":\"https:\\\/\\\/www.fica.unsl.edu.ar\\\/\",\"logo\":{\"@type\":\"ImageObject\",\"inLanguage\":\"es-AR\",\"@id\":\"https:\\\/\\\/www.fica.unsl.edu.ar\\\/#\\\/schema\\\/logo\\\/image\\\/\",\"url\":\"https:\\\/\\\/www.fica.unsl.edu.ar\\\/wp-content\\\/uploads\\\/2021\\\/03\\\/LOGO-1.jpg\",\"contentUrl\":\"https:\\\/\\\/www.fica.unsl.edu.ar\\\/wp-content\\\/uploads\\\/2021\\\/03\\\/LOGO-1.jpg\",\"width\":463,\"height\":145,\"caption\":\"Facultad de Ingenier\u00eda y Ciencias Agropecuarias\"},\"image\":{\"@id\":\"https:\\\/\\\/www.fica.unsl.edu.ar\\\/#\\\/schema\\\/logo\\\/image\\\/\"},\"sameAs\":[\"https:\\\/\\\/www.facebook.com\\\/FICA.UNSL\\\/\",\"https:\\\/\\\/x.com\\\/FICAUNSL\",\"https:\\\/\\\/www.instagram.com\\\/fica.unsl\\\/\",\"https:\\\/\\\/www.youtube.com\\\/channel\\\/UCs2MM53gb2PyBrMySdtWZDQ\"]},{\"@type\":\"Person\",\"@id\":\"https:\\\/\\\/www.fica.unsl.edu.ar\\\/#\\\/schema\\\/person\\\/6058f9c66301868d3a691b1f5d6c3544\",\"name\":\"DATI\"}]}<\/script>\n<!-- \/ Yoast SEO plugin. -->","yoast_head_json":{"title":"Ciclo Charlas Log\u00edsticas: Esteban Mirofsky conversar\u00e1 sobre Innovaci\u00f3n y Tecnolog\u00eda en Eventos Masivos - Facultad de Ingenier\u00eda y Ciencias Agropecuarias","robots":{"index":"index","follow":"follow","max-snippet":"max-snippet:-1","max-image-preview":"max-image-preview:large","max-video-preview":"max-video-preview:-1"},"canonical":"https:\/\/www.fica.unsl.edu.ar\/index.php\/ciclo-charlas-logisticas-esteban-mirofsky-conversara-sobre-innovacion-y-tecnologia-en-eventos-masivos\/","og_locale":"es_ES","og_type":"article","og_title":"Ciclo Charlas Log\u00edsticas: Esteban Mirofsky conversar\u00e1 sobre Innovaci\u00f3n y Tecnolog\u00eda en Eventos Masivos - Facultad de Ingenier\u00eda y Ciencias Agropecuarias","og_description":"La c\u00e1tedra de Log\u00edstica de la FICA-UNSL invita a la comunidad en general y a los estudiantes en particular, a participar de 39\u00b0 encuentro de&hellip;","og_url":"https:\/\/www.fica.unsl.edu.ar\/index.php\/ciclo-charlas-logisticas-esteban-mirofsky-conversara-sobre-innovacion-y-tecnologia-en-eventos-masivos\/","og_site_name":"Facultad de Ingenier\u00eda y Ciencias Agropecuarias","article_publisher":"https:\/\/www.facebook.com\/FICA.UNSL\/","article_published_time":"2023-10-31T13:35:59+00:00","article_modified_time":"2023-11-02T15:46:41+00:00","og_image":[{"width":1061,"height":585,"url":"https:\/\/www.fica.unsl.edu.ar\/wp-content\/uploads\/2023\/10\/Charla-Logistica-39-front.jpg","type":"image\/jpeg"}],"author":"DATI","twitter_card":"summary_large_image","twitter_creator":"@FICAUNSL","twitter_site":"@FICAUNSL","twitter_misc":{"Escrito por":"DATI","Tiempo de lectura":"1 minuto"},"schema":{"@context":"https:\/\/schema.org","@graph":[{"@type":"Article","@id":"https:\/\/www.fica.unsl.edu.ar\/index.php\/ciclo-charlas-logisticas-esteban-mirofsky-conversara-sobre-innovacion-y-tecnologia-en-eventos-masivos\/#article","isPartOf":{"@id":"https:\/\/www.fica.unsl.edu.ar\/index.php\/ciclo-charlas-logisticas-esteban-mirofsky-conversara-sobre-innovacion-y-tecnologia-en-eventos-masivos\/"},"author":{"name":"DATI","@id":"https:\/\/www.fica.unsl.edu.ar\/#\/schema\/person\/6058f9c66301868d3a691b1f5d6c3544"},"headline":"Ciclo Charlas Log\u00edsticas: Esteban Mirofsky conversar\u00e1 sobre Innovaci\u00f3n y Tecnolog\u00eda en Eventos Masivos","datePublished":"2023-10-31T13:35:59+00:00","dateModified":"2023-11-02T15:46:41+00:00","mainEntityOfPage":{"@id":"https:\/\/www.fica.unsl.edu.ar\/index.php\/ciclo-charlas-logisticas-esteban-mirofsky-conversara-sobre-innovacion-y-tecnologia-en-eventos-masivos\/"},"wordCount":201,"publisher":{"@id":"https:\/\/www.fica.unsl.edu.ar\/#organization"},"image":{"@id":"https:\/\/www.fica.unsl.edu.ar\/index.php\/ciclo-charlas-logisticas-esteban-mirofsky-conversara-sobre-innovacion-y-tecnologia-en-eventos-masivos\/#primaryimage"},"thumbnailUrl":"https:\/\/www.fica.unsl.edu.ar\/wp-content\/uploads\/2023\/10\/Charla-Logistica-39-front.jpg","articleSection":["Noticias"],"inLanguage":"es-AR"},{"@type":"WebPage","@id":"https:\/\/www.fica.unsl.edu.ar\/index.php\/ciclo-charlas-logisticas-esteban-mirofsky-conversara-sobre-innovacion-y-tecnologia-en-eventos-masivos\/","url":"https:\/\/www.fica.unsl.edu.ar\/index.php\/ciclo-charlas-logisticas-esteban-mirofsky-conversara-sobre-innovacion-y-tecnologia-en-eventos-masivos\/","name":"Ciclo Charlas Log\u00edsticas: Esteban Mirofsky conversar\u00e1 sobre Innovaci\u00f3n y Tecnolog\u00eda en Eventos Masivos - Facultad de Ingenier\u00eda y Ciencias Agropecuarias","isPartOf":{"@id":"https:\/\/www.fica.unsl.edu.ar\/#website"},"primaryImageOfPage":{"@id":"https:\/\/www.fica.unsl.edu.ar\/index.php\/ciclo-charlas-logisticas-esteban-mirofsky-conversara-sobre-innovacion-y-tecnologia-en-eventos-masivos\/#primaryimage"},"image":{"@id":"https:\/\/www.fica.unsl.edu.ar\/index.php\/ciclo-charlas-logisticas-esteban-mirofsky-conversara-sobre-innovacion-y-tecnologia-en-eventos-masivos\/#primaryimage"},"thumbnailUrl":"https:\/\/www.fica.unsl.edu.ar\/wp-content\/uploads\/2023\/10\/Charla-Logistica-39-front.jpg","datePublished":"2023-10-31T13:35:59+00:00","dateModified":"2023-11-02T15:46:41+00:00","inLanguage":"es-AR","potentialAction":[{"@type":"ReadAction","target":["https:\/\/www.fica.unsl.edu.ar\/index.php\/ciclo-charlas-logisticas-esteban-mirofsky-conversara-sobre-innovacion-y-tecnologia-en-eventos-masivos\/"]}]},{"@type":"ImageObject","inLanguage":"es-AR","@id":"https:\/\/www.fica.unsl.edu.ar\/index.php\/ciclo-charlas-logisticas-esteban-mirofsky-conversara-sobre-innovacion-y-tecnologia-en-eventos-masivos\/#primaryimage","url":"https:\/\/www.fica.unsl.edu.ar\/wp-content\/uploads\/2023\/10\/Charla-Logistica-39-front.jpg","contentUrl":"https:\/\/www.fica.unsl.edu.ar\/wp-content\/uploads\/2023\/10\/Charla-Logistica-39-front.jpg","width":1061,"height":585},{"@type":"WebSite","@id":"https:\/\/www.fica.unsl.edu.ar\/#website","url":"https:\/\/www.fica.unsl.edu.ar\/","name":"Facultad de Ingenier\u00eda y Ciencias Agropecuarias","description":"","publisher":{"@id":"https:\/\/www.fica.unsl.edu.ar\/#organization"},"potentialAction":[{"@type":"SearchAction","target":{"@type":"EntryPoint","urlTemplate":"https:\/\/www.fica.unsl.edu.ar\/?s={search_term_string}"},"query-input":{"@type":"PropertyValueSpecification","valueRequired":true,"valueName":"search_term_string"}}],"inLanguage":"es-AR"},{"@type":"Organization","@id":"https:\/\/www.fica.unsl.edu.ar\/#organization","name":"Facultad de Ingenier\u00eda y Ciencias Agropecuarias","url":"https:\/\/www.fica.unsl.edu.ar\/","logo":{"@type":"ImageObject","inLanguage":"es-AR","@id":"https:\/\/www.fica.unsl.edu.ar\/#\/schema\/logo\/image\/","url":"https:\/\/www.fica.unsl.edu.ar\/wp-content\/uploads\/2021\/03\/LOGO-1.jpg","contentUrl":"https:\/\/www.fica.unsl.edu.ar\/wp-content\/uploads\/2021\/03\/LOGO-1.jpg","width":463,"height":145,"caption":"Facultad de Ingenier\u00eda y Ciencias Agropecuarias"},"image":{"@id":"https:\/\/www.fica.unsl.edu.ar\/#\/schema\/logo\/image\/"},"sameAs":["https:\/\/www.facebook.com\/FICA.UNSL\/","https:\/\/x.com\/FICAUNSL","https:\/\/www.instagram.com\/fica.unsl\/","https:\/\/www.youtube.com\/channel\/UCs2MM53gb2PyBrMySdtWZDQ"]},{"@type":"Person","@id":"https:\/\/www.fica.unsl.edu.ar\/#\/schema\/person\/6058f9c66301868d3a691b1f5d6c3544","name":"DATI"}]}},"_links":{"self":[{"href":"https:\/\/www.fica.unsl.edu.ar\/index.php\/wp-json\/wp\/v2\/posts\/15189","targetHints":{"allow":["GET"]}}],"collection":[{"href":"https:\/\/www.fica.unsl.edu.ar\/index.php\/wp-json\/wp\/v2\/posts"}],"about":[{"href":"https:\/\/www.fica.unsl.edu.ar\/index.php\/wp-json\/wp\/v2\/types\/post"}],"author":[{"embeddable":true,"href":"https:\/\/www.fica.unsl.edu.ar\/index.php\/wp-json\/wp\/v2\/users\/9"}],"replies":[{"embeddable":true,"href":"https:\/\/www.fica.unsl.edu.ar\/index.php\/wp-json\/wp\/v2\/comments?post=15189"}],"version-history":[{"count":2,"href":"https:\/\/www.fica.unsl.edu.ar\/index.php\/wp-json\/wp\/v2\/posts\/15189\/revisions"}],"predecessor-version":[{"id":15192,"href":"https:\/\/www.fica.unsl.edu.ar\/index.php\/wp-json\/wp\/v2\/posts\/15189\/revisions\/15192"}],"wp:featuredmedia":[{"embeddable":true,"href":"https:\/\/www.fica.unsl.edu.ar\/index.php\/wp-json\/wp\/v2\/media\/15191"}],"wp:attachment":[{"href":"https:\/\/www.fica.unsl.edu.ar\/index.php\/wp-json\/wp\/v2\/media?parent=15189"}],"wp:term":[{"taxonomy":"category","embeddable":true,"href":"https:\/\/www.fica.unsl.edu.ar\/index.php\/wp-json\/wp\/v2\/categories?post=15189"},{"taxonomy":"post_tag","embeddable":true,"href":"https:\/\/www.fica.unsl.edu.ar\/index.php\/wp-json\/wp\/v2\/tags?post=15189"}],"curies":[{"name":"wp","href":"https:\/\/api.w.org\/{rel}","templated":true}]}}