{"id":15220,"date":"2023-11-03T10:28:37","date_gmt":"2023-11-03T13:28:37","guid":{"rendered":"http:\/\/10.101.10.196\/www\/?p=15220"},"modified":"2023-11-22T11:23:33","modified_gmt":"2023-11-22T14:23:33","slug":"docente-de-la-fica-es-la-presidenta-de-la-red-argentina-de-jardines-botanicos","status":"publish","type":"post","link":"https:\/\/www.fica.unsl.edu.ar\/index.php\/docente-de-la-fica-es-la-presidenta-de-la-red-argentina-de-jardines-botanicos\/","title":{"rendered":"Docente de la FICA es la presidenta de la Red Argentina de Jardines Bot\u00e1nicos"},"content":{"rendered":"<p>La Esp. Silvina Mercado fue elegida presidenta de la Red Argentina de Jardines Bot\u00e1nicos para el per\u00edodo 2023 \u2013 2025, funci\u00f3n que asumi\u00f3 como un \u201cdesaf\u00edo\u201d ante la responsabilidad de representar a la UNSL en la entidad que re\u00fane a m\u00e1s de 50 jardines bot\u00e1nicos del pa\u00eds, pero tambi\u00e9n con el \u00e1nimo de avanzar en propuestas ligadas con el fortalecimiento de los v\u00ednculos de la Red a nivel nacional e internacional y estrechar las relaciones con los municipios, entre otros proyectos.<\/p>\n<p>La elecci\u00f3n de la nueva comisi\u00f3n directiva de la Red se defini\u00f3 en la reuni\u00f3n sat\u00e9lite de la Red Argentina de Jardines Bot\u00e1nicos (RAJB), en el marco de las Jornadas Argentinas de Bot\u00e1nica, realizada el 22 de septiembre de pasado en San Fernando del Valle de Catamarca.<\/p>\n<p>La docente Facultad de Ingenier\u00eda y Ciencias Agropecuarias del Centro Universitario Villa Mercedes ya hab\u00eda cumplido en los \u00faltimos a\u00f1os distintas funciones en la comisi\u00f3n de la RAJB, desde vocal hasta vicepresidenta, cargo que desempe\u00f1\u00f3 hasta su designaci\u00f3n como presidenta de la Red.<\/p>\n<p>\u201cRepresentando al Jard\u00edn Bot\u00e1nico particip\u00e9, a nivel nacional e internacional, en conferencias y encuentros de educaci\u00f3n ambiental. En la comisi\u00f3n de la Red que acaba de culminar sus funciones fue vicepresidenta, en anteriores gestiones estuve participando como vocal\u201d, record\u00f3 Silvina Mercado.<\/p>\n<p>Explic\u00f3 que la Red se re\u00fane cada dos a\u00f1os en el marco de la Jornada de la Sociedad Argentina de Bot\u00e1nica. Encuentros que, generalmente, son presenciales. \u201cEn este \u00faltimo caso, hac\u00eda cuatro a\u00f1os que la Red no se reun\u00eda en forma presencial. Se hizo San Fernando del Valle de Catamarca donde adem\u00e1s participaron entidades que no forman parte de la Red, pero est\u00e1n relacionadas con la Bot\u00e1nica. Hubo Universidades e Institutos de investigaci\u00f3n, adem\u00e1s de miembros de los Jardines Bot\u00e1nicos\u201d, destac\u00f3.<\/p>\n<p>Mercado explic\u00f3 que un jard\u00edn bot\u00e1nico es una colecci\u00f3n ordenada e identificada de plantas, con distintos enfoques, \u201cya sea plantas medicinales, nativas, ornamentales o arboretum; o pueden ser jardines con diferentes colecciones, plantas utilitarias, nativas\u2026 Esos jardines pueden depender de instituciones p\u00fablicas, universidades e institutos de investigaci\u00f3n\u201d.<\/p>\n<p>La RAJB naci\u00f3 a mediados de la d\u00e9cada de 1990. \u201cDesde que se form\u00f3, la Red pas\u00f3 de tener 12 a 50 jardines bot\u00e1nicos y algunos actualmente se encuentran en estado de proyecto\u201d, remarc\u00f3.<\/p>\n<p>Coment\u00f3 que la elecci\u00f3n en el cargo significa una responsabilidad y un desaf\u00edo. \u201cEs una responsabilidad representar a la UNSL como presidenta de la Red, desde uno de los jardines que tiene la UNSL\u201d, ya que cuenta con Jard\u00edn en la Facultad de Turismo y Urbanismo, \u201cEl Pantanillo\u201d, a cargo de Alejandro Suyama; otro en la sede San Luis, el Herbario y Jard\u00edn Bot\u00e1nico de la Facultad de Qu\u00edmica, Bioqu\u00edmica y Farmacia, a cargo de Luis Del Vitto, y el de la FICA, cuya responsable es Silvina Mercado. \u201cEs un desaf\u00edo representar a la UNSL ante la Red. De todos modos, la comisi\u00f3n tiene una estructura en la que participan otros jardines de las distintas regiones y eco regiones del pa\u00eds\u201d, a\u00f1adi\u00f3.<\/p>\n<p>Explic\u00f3 que hay algunos Jardines Bot\u00e1nicos que est\u00e1n incluidos dentro de los circuitos tur\u00edsticos, otros ubicados en las universidades pero que han logrado incorporarse en esos circuitos. Incluso, algunos est\u00e1n relacionados con parques nacionales. \u201cRecientemente se incorpor\u00f3 como proyecto el Jard\u00edn Bot\u00e1nico del Tierra del Fuego, que estar\u00e1 en un circuito tur\u00edstico internacional, y un jard\u00edn que se est\u00e1 constituyendo en Catamarca\u201d.<\/p>\n<p>Los Jardines situados en los predios universitarios \u201ccumplen un importante rol en la educaci\u00f3n de los estudiantes y en la investigaci\u00f3n de cient\u00edficos. Pero tambi\u00e9n en el \u00e1rea de Extensi\u00f3n, ya que est\u00e1n abiertos a las visitas de la comunidad. Todo depende de la planificaci\u00f3n de cada Jard\u00edn\u201d.<\/p>\n<h3><strong>Proyectos<\/strong><\/h3>\n<p>La flamante presidenta de la RAJB cont\u00f3 cu\u00e1les son las principales propuestas de la gesti\u00f3n: consolidar la Red, vincularse estrechamente con la Red Sudamericana de Jardines Bot\u00e1nicos y la BCGI (Botanic Gardens Conservation International), que es la organizaci\u00f3n internacional que re\u00fane a los jardines bot\u00e1nicos de Sudam\u00e9rica. Nosotros tenemos una historia con esa relaci\u00f3n, ya que desde el a\u00f1o 2000 tratamos de estar vinculados con esa asociaci\u00f3n internacional\u201d.<\/p>\n<p>\u201cLa intenci\u00f3n es no solo mantener sino fortalecer la relaci\u00f3n con la Red Sudamericana, como tambi\u00e9n con instituciones bot\u00e1nicas como los herbarios y la Sociedad Argentina de Bot\u00e1nica\u201d, se\u00f1al\u00f3 y remarc\u00f3 que tiene especial inter\u00e9s en establecer relaciones estrechas con los municipios \u201cpara avanzar en temas relacionados con la consolidaci\u00f3n de la red, pol\u00edticas comunes de conservaci\u00f3n, de educaci\u00f3n ambiental e investigaci\u00f3n, entre otros\u201d.<\/p>\n<p>Otro de los proyectos es \u201celaborar nuestro propio bolet\u00edn cient\u00edfico, al que tenga acceso no solo la comunidad acad\u00e9mica, sino la comunidad en general\u201d.<\/p>\n<p><strong>Nota: Jos\u00e9 Luis Baigorria \u2013 Radio UNSL Villa Mercedes<\/strong><\/p>\n","protected":false},"excerpt":{"rendered":"<p>La Esp. Silvina Mercado fue elegida presidenta de la Red Argentina de Jardines Bot\u00e1nicos para el per\u00edodo 2023 \u2013 2025, funci\u00f3n que asumi\u00f3 como un&hellip;<\/p>\n","protected":false},"author":9,"featured_media":15221,"comment_status":"closed","ping_status":"closed","sticky":false,"template":"","format":"standard","meta":{"_monsterinsights_skip_tracking":false,"_monsterinsights_sitenote_active":false,"_monsterinsights_sitenote_note":"","_monsterinsights_sitenote_category":0,"_joinchat":[],"footnotes":""},"categories":[19],"tags":[],"class_list":["post-15220","post","type-post","status-publish","format-standard","has-post-thumbnail","hentry","category-noticias"],"yoast_head":"<!-- This site is optimized with the Yoast SEO plugin v27.4 - https:\/\/yoast.com\/product\/yoast-seo-wordpress\/ -->\n<title>Docente de la FICA es la presidenta de la Red Argentina de Jardines Bot\u00e1nicos - Facultad de Ingenier\u00eda y Ciencias Agropecuarias<\/title>\n<meta name=\"robots\" content=\"index, follow, max-snippet:-1, max-image-preview:large, max-video-preview:-1\" \/>\n<link rel=\"canonical\" href=\"https:\/\/www.fica.unsl.edu.ar\/index.php\/docente-de-la-fica-es-la-presidenta-de-la-red-argentina-de-jardines-botanicos\/\" \/>\n<meta property=\"og:locale\" content=\"es_ES\" \/>\n<meta property=\"og:type\" content=\"article\" \/>\n<meta property=\"og:title\" content=\"Docente de la FICA es la presidenta de la Red Argentina de Jardines Bot\u00e1nicos - Facultad de Ingenier\u00eda y Ciencias Agropecuarias\" \/>\n<meta property=\"og:description\" content=\"La Esp. Silvina Mercado fue elegida presidenta de la Red Argentina de Jardines Bot\u00e1nicos para el per\u00edodo 2023 \u2013 2025, funci\u00f3n que asumi\u00f3 como un&hellip;\" \/>\n<meta property=\"og:url\" content=\"https:\/\/www.fica.unsl.edu.ar\/index.php\/docente-de-la-fica-es-la-presidenta-de-la-red-argentina-de-jardines-botanicos\/\" \/>\n<meta property=\"og:site_name\" content=\"Facultad de Ingenier\u00eda y Ciencias Agropecuarias\" \/>\n<meta property=\"article:publisher\" content=\"https:\/\/www.facebook.com\/FICA.UNSL\/\" \/>\n<meta property=\"article:published_time\" content=\"2023-11-03T13:28:37+00:00\" \/>\n<meta property=\"article:modified_time\" content=\"2023-11-22T14:23:33+00:00\" \/>\n<meta property=\"og:image\" content=\"https:\/\/www.fica.unsl.edu.ar\/wp-content\/uploads\/2023\/11\/botanico-front.jpg\" \/>\n\t<meta property=\"og:image:width\" content=\"1061\" \/>\n\t<meta property=\"og:image:height\" content=\"585\" \/>\n\t<meta property=\"og:image:type\" content=\"image\/jpeg\" \/>\n<meta name=\"author\" content=\"DATI\" \/>\n<meta name=\"twitter:card\" content=\"summary_large_image\" \/>\n<meta name=\"twitter:creator\" content=\"@FICAUNSL\" \/>\n<meta name=\"twitter:site\" content=\"@FICAUNSL\" \/>\n<meta name=\"twitter:label1\" content=\"Escrito por\" \/>\n\t<meta name=\"twitter:data1\" content=\"DATI\" \/>\n\t<meta name=\"twitter:label2\" content=\"Tiempo de lectura\" \/>\n\t<meta name=\"twitter:data2\" content=\"4 minutos\" \/>\n<script type=\"application\/ld+json\" class=\"yoast-schema-graph\">{\"@context\":\"https:\\\/\\\/schema.org\",\"@graph\":[{\"@type\":\"Article\",\"@id\":\"https:\\\/\\\/www.fica.unsl.edu.ar\\\/index.php\\\/docente-de-la-fica-es-la-presidenta-de-la-red-argentina-de-jardines-botanicos\\\/#article\",\"isPartOf\":{\"@id\":\"https:\\\/\\\/www.fica.unsl.edu.ar\\\/index.php\\\/docente-de-la-fica-es-la-presidenta-de-la-red-argentina-de-jardines-botanicos\\\/\"},\"author\":{\"name\":\"DATI\",\"@id\":\"https:\\\/\\\/www.fica.unsl.edu.ar\\\/#\\\/schema\\\/person\\\/6058f9c66301868d3a691b1f5d6c3544\"},\"headline\":\"Docente de la FICA es la presidenta de la Red Argentina de Jardines Bot\u00e1nicos\",\"datePublished\":\"2023-11-03T13:28:37+00:00\",\"dateModified\":\"2023-11-22T14:23:33+00:00\",\"mainEntityOfPage\":{\"@id\":\"https:\\\/\\\/www.fica.unsl.edu.ar\\\/index.php\\\/docente-de-la-fica-es-la-presidenta-de-la-red-argentina-de-jardines-botanicos\\\/\"},\"wordCount\":873,\"publisher\":{\"@id\":\"https:\\\/\\\/www.fica.unsl.edu.ar\\\/#organization\"},\"image\":{\"@id\":\"https:\\\/\\\/www.fica.unsl.edu.ar\\\/index.php\\\/docente-de-la-fica-es-la-presidenta-de-la-red-argentina-de-jardines-botanicos\\\/#primaryimage\"},\"thumbnailUrl\":\"https:\\\/\\\/www.fica.unsl.edu.ar\\\/wp-content\\\/uploads\\\/2023\\\/11\\\/botanico-front.jpg\",\"articleSection\":[\"Noticias\"],\"inLanguage\":\"es-AR\"},{\"@type\":\"WebPage\",\"@id\":\"https:\\\/\\\/www.fica.unsl.edu.ar\\\/index.php\\\/docente-de-la-fica-es-la-presidenta-de-la-red-argentina-de-jardines-botanicos\\\/\",\"url\":\"https:\\\/\\\/www.fica.unsl.edu.ar\\\/index.php\\\/docente-de-la-fica-es-la-presidenta-de-la-red-argentina-de-jardines-botanicos\\\/\",\"name\":\"Docente de la FICA es la presidenta de la Red Argentina de Jardines Bot\u00e1nicos - Facultad de Ingenier\u00eda y Ciencias Agropecuarias\",\"isPartOf\":{\"@id\":\"https:\\\/\\\/www.fica.unsl.edu.ar\\\/#website\"},\"primaryImageOfPage\":{\"@id\":\"https:\\\/\\\/www.fica.unsl.edu.ar\\\/index.php\\\/docente-de-la-fica-es-la-presidenta-de-la-red-argentina-de-jardines-botanicos\\\/#primaryimage\"},\"image\":{\"@id\":\"https:\\\/\\\/www.fica.unsl.edu.ar\\\/index.php\\\/docente-de-la-fica-es-la-presidenta-de-la-red-argentina-de-jardines-botanicos\\\/#primaryimage\"},\"thumbnailUrl\":\"https:\\\/\\\/www.fica.unsl.edu.ar\\\/wp-content\\\/uploads\\\/2023\\\/11\\\/botanico-front.jpg\",\"datePublished\":\"2023-11-03T13:28:37+00:00\",\"dateModified\":\"2023-11-22T14:23:33+00:00\",\"inLanguage\":\"es-AR\",\"potentialAction\":[{\"@type\":\"ReadAction\",\"target\":[\"https:\\\/\\\/www.fica.unsl.edu.ar\\\/index.php\\\/docente-de-la-fica-es-la-presidenta-de-la-red-argentina-de-jardines-botanicos\\\/\"]}]},{\"@type\":\"ImageObject\",\"inLanguage\":\"es-AR\",\"@id\":\"https:\\\/\\\/www.fica.unsl.edu.ar\\\/index.php\\\/docente-de-la-fica-es-la-presidenta-de-la-red-argentina-de-jardines-botanicos\\\/#primaryimage\",\"url\":\"https:\\\/\\\/www.fica.unsl.edu.ar\\\/wp-content\\\/uploads\\\/2023\\\/11\\\/botanico-front.jpg\",\"contentUrl\":\"https:\\\/\\\/www.fica.unsl.edu.ar\\\/wp-content\\\/uploads\\\/2023\\\/11\\\/botanico-front.jpg\",\"width\":1061,\"height\":585},{\"@type\":\"WebSite\",\"@id\":\"https:\\\/\\\/www.fica.unsl.edu.ar\\\/#website\",\"url\":\"https:\\\/\\\/www.fica.unsl.edu.ar\\\/\",\"name\":\"Facultad de Ingenier\u00eda y Ciencias Agropecuarias\",\"description\":\"\",\"publisher\":{\"@id\":\"https:\\\/\\\/www.fica.unsl.edu.ar\\\/#organization\"},\"potentialAction\":[{\"@type\":\"SearchAction\",\"target\":{\"@type\":\"EntryPoint\",\"urlTemplate\":\"https:\\\/\\\/www.fica.unsl.edu.ar\\\/?s={search_term_string}\"},\"query-input\":{\"@type\":\"PropertyValueSpecification\",\"valueRequired\":true,\"valueName\":\"search_term_string\"}}],\"inLanguage\":\"es-AR\"},{\"@type\":\"Organization\",\"@id\":\"https:\\\/\\\/www.fica.unsl.edu.ar\\\/#organization\",\"name\":\"Facultad de Ingenier\u00eda y Ciencias Agropecuarias\",\"url\":\"https:\\\/\\\/www.fica.unsl.edu.ar\\\/\",\"logo\":{\"@type\":\"ImageObject\",\"inLanguage\":\"es-AR\",\"@id\":\"https:\\\/\\\/www.fica.unsl.edu.ar\\\/#\\\/schema\\\/logo\\\/image\\\/\",\"url\":\"https:\\\/\\\/www.fica.unsl.edu.ar\\\/wp-content\\\/uploads\\\/2021\\\/03\\\/LOGO-1.jpg\",\"contentUrl\":\"https:\\\/\\\/www.fica.unsl.edu.ar\\\/wp-content\\\/uploads\\\/2021\\\/03\\\/LOGO-1.jpg\",\"width\":463,\"height\":145,\"caption\":\"Facultad de Ingenier\u00eda y Ciencias Agropecuarias\"},\"image\":{\"@id\":\"https:\\\/\\\/www.fica.unsl.edu.ar\\\/#\\\/schema\\\/logo\\\/image\\\/\"},\"sameAs\":[\"https:\\\/\\\/www.facebook.com\\\/FICA.UNSL\\\/\",\"https:\\\/\\\/x.com\\\/FICAUNSL\",\"https:\\\/\\\/www.instagram.com\\\/fica.unsl\\\/\",\"https:\\\/\\\/www.youtube.com\\\/channel\\\/UCs2MM53gb2PyBrMySdtWZDQ\"]},{\"@type\":\"Person\",\"@id\":\"https:\\\/\\\/www.fica.unsl.edu.ar\\\/#\\\/schema\\\/person\\\/6058f9c66301868d3a691b1f5d6c3544\",\"name\":\"DATI\"}]}<\/script>\n<!-- \/ Yoast SEO plugin. -->","yoast_head_json":{"title":"Docente de la FICA es la presidenta de la Red Argentina de Jardines Bot\u00e1nicos - Facultad de Ingenier\u00eda y Ciencias Agropecuarias","robots":{"index":"index","follow":"follow","max-snippet":"max-snippet:-1","max-image-preview":"max-image-preview:large","max-video-preview":"max-video-preview:-1"},"canonical":"https:\/\/www.fica.unsl.edu.ar\/index.php\/docente-de-la-fica-es-la-presidenta-de-la-red-argentina-de-jardines-botanicos\/","og_locale":"es_ES","og_type":"article","og_title":"Docente de la FICA es la presidenta de la Red Argentina de Jardines Bot\u00e1nicos - Facultad de Ingenier\u00eda y Ciencias Agropecuarias","og_description":"La Esp. Silvina Mercado fue elegida presidenta de la Red Argentina de Jardines Bot\u00e1nicos para el per\u00edodo 2023 \u2013 2025, funci\u00f3n que asumi\u00f3 como un&hellip;","og_url":"https:\/\/www.fica.unsl.edu.ar\/index.php\/docente-de-la-fica-es-la-presidenta-de-la-red-argentina-de-jardines-botanicos\/","og_site_name":"Facultad de Ingenier\u00eda y Ciencias Agropecuarias","article_publisher":"https:\/\/www.facebook.com\/FICA.UNSL\/","article_published_time":"2023-11-03T13:28:37+00:00","article_modified_time":"2023-11-22T14:23:33+00:00","og_image":[{"width":1061,"height":585,"url":"https:\/\/www.fica.unsl.edu.ar\/wp-content\/uploads\/2023\/11\/botanico-front.jpg","type":"image\/jpeg"}],"author":"DATI","twitter_card":"summary_large_image","twitter_creator":"@FICAUNSL","twitter_site":"@FICAUNSL","twitter_misc":{"Escrito por":"DATI","Tiempo de lectura":"4 minutos"},"schema":{"@context":"https:\/\/schema.org","@graph":[{"@type":"Article","@id":"https:\/\/www.fica.unsl.edu.ar\/index.php\/docente-de-la-fica-es-la-presidenta-de-la-red-argentina-de-jardines-botanicos\/#article","isPartOf":{"@id":"https:\/\/www.fica.unsl.edu.ar\/index.php\/docente-de-la-fica-es-la-presidenta-de-la-red-argentina-de-jardines-botanicos\/"},"author":{"name":"DATI","@id":"https:\/\/www.fica.unsl.edu.ar\/#\/schema\/person\/6058f9c66301868d3a691b1f5d6c3544"},"headline":"Docente de la FICA es la presidenta de la Red Argentina de Jardines Bot\u00e1nicos","datePublished":"2023-11-03T13:28:37+00:00","dateModified":"2023-11-22T14:23:33+00:00","mainEntityOfPage":{"@id":"https:\/\/www.fica.unsl.edu.ar\/index.php\/docente-de-la-fica-es-la-presidenta-de-la-red-argentina-de-jardines-botanicos\/"},"wordCount":873,"publisher":{"@id":"https:\/\/www.fica.unsl.edu.ar\/#organization"},"image":{"@id":"https:\/\/www.fica.unsl.edu.ar\/index.php\/docente-de-la-fica-es-la-presidenta-de-la-red-argentina-de-jardines-botanicos\/#primaryimage"},"thumbnailUrl":"https:\/\/www.fica.unsl.edu.ar\/wp-content\/uploads\/2023\/11\/botanico-front.jpg","articleSection":["Noticias"],"inLanguage":"es-AR"},{"@type":"WebPage","@id":"https:\/\/www.fica.unsl.edu.ar\/index.php\/docente-de-la-fica-es-la-presidenta-de-la-red-argentina-de-jardines-botanicos\/","url":"https:\/\/www.fica.unsl.edu.ar\/index.php\/docente-de-la-fica-es-la-presidenta-de-la-red-argentina-de-jardines-botanicos\/","name":"Docente de la FICA es la presidenta de la Red Argentina de Jardines Bot\u00e1nicos - Facultad de Ingenier\u00eda y Ciencias Agropecuarias","isPartOf":{"@id":"https:\/\/www.fica.unsl.edu.ar\/#website"},"primaryImageOfPage":{"@id":"https:\/\/www.fica.unsl.edu.ar\/index.php\/docente-de-la-fica-es-la-presidenta-de-la-red-argentina-de-jardines-botanicos\/#primaryimage"},"image":{"@id":"https:\/\/www.fica.unsl.edu.ar\/index.php\/docente-de-la-fica-es-la-presidenta-de-la-red-argentina-de-jardines-botanicos\/#primaryimage"},"thumbnailUrl":"https:\/\/www.fica.unsl.edu.ar\/wp-content\/uploads\/2023\/11\/botanico-front.jpg","datePublished":"2023-11-03T13:28:37+00:00","dateModified":"2023-11-22T14:23:33+00:00","inLanguage":"es-AR","potentialAction":[{"@type":"ReadAction","target":["https:\/\/www.fica.unsl.edu.ar\/index.php\/docente-de-la-fica-es-la-presidenta-de-la-red-argentina-de-jardines-botanicos\/"]}]},{"@type":"ImageObject","inLanguage":"es-AR","@id":"https:\/\/www.fica.unsl.edu.ar\/index.php\/docente-de-la-fica-es-la-presidenta-de-la-red-argentina-de-jardines-botanicos\/#primaryimage","url":"https:\/\/www.fica.unsl.edu.ar\/wp-content\/uploads\/2023\/11\/botanico-front.jpg","contentUrl":"https:\/\/www.fica.unsl.edu.ar\/wp-content\/uploads\/2023\/11\/botanico-front.jpg","width":1061,"height":585},{"@type":"WebSite","@id":"https:\/\/www.fica.unsl.edu.ar\/#website","url":"https:\/\/www.fica.unsl.edu.ar\/","name":"Facultad de Ingenier\u00eda y Ciencias Agropecuarias","description":"","publisher":{"@id":"https:\/\/www.fica.unsl.edu.ar\/#organization"},"potentialAction":[{"@type":"SearchAction","target":{"@type":"EntryPoint","urlTemplate":"https:\/\/www.fica.unsl.edu.ar\/?s={search_term_string}"},"query-input":{"@type":"PropertyValueSpecification","valueRequired":true,"valueName":"search_term_string"}}],"inLanguage":"es-AR"},{"@type":"Organization","@id":"https:\/\/www.fica.unsl.edu.ar\/#organization","name":"Facultad de Ingenier\u00eda y Ciencias Agropecuarias","url":"https:\/\/www.fica.unsl.edu.ar\/","logo":{"@type":"ImageObject","inLanguage":"es-AR","@id":"https:\/\/www.fica.unsl.edu.ar\/#\/schema\/logo\/image\/","url":"https:\/\/www.fica.unsl.edu.ar\/wp-content\/uploads\/2021\/03\/LOGO-1.jpg","contentUrl":"https:\/\/www.fica.unsl.edu.ar\/wp-content\/uploads\/2021\/03\/LOGO-1.jpg","width":463,"height":145,"caption":"Facultad de Ingenier\u00eda y Ciencias Agropecuarias"},"image":{"@id":"https:\/\/www.fica.unsl.edu.ar\/#\/schema\/logo\/image\/"},"sameAs":["https:\/\/www.facebook.com\/FICA.UNSL\/","https:\/\/x.com\/FICAUNSL","https:\/\/www.instagram.com\/fica.unsl\/","https:\/\/www.youtube.com\/channel\/UCs2MM53gb2PyBrMySdtWZDQ"]},{"@type":"Person","@id":"https:\/\/www.fica.unsl.edu.ar\/#\/schema\/person\/6058f9c66301868d3a691b1f5d6c3544","name":"DATI"}]}},"_links":{"self":[{"href":"https:\/\/www.fica.unsl.edu.ar\/index.php\/wp-json\/wp\/v2\/posts\/15220","targetHints":{"allow":["GET"]}}],"collection":[{"href":"https:\/\/www.fica.unsl.edu.ar\/index.php\/wp-json\/wp\/v2\/posts"}],"about":[{"href":"https:\/\/www.fica.unsl.edu.ar\/index.php\/wp-json\/wp\/v2\/types\/post"}],"author":[{"embeddable":true,"href":"https:\/\/www.fica.unsl.edu.ar\/index.php\/wp-json\/wp\/v2\/users\/9"}],"replies":[{"embeddable":true,"href":"https:\/\/www.fica.unsl.edu.ar\/index.php\/wp-json\/wp\/v2\/comments?post=15220"}],"version-history":[{"count":4,"href":"https:\/\/www.fica.unsl.edu.ar\/index.php\/wp-json\/wp\/v2\/posts\/15220\/revisions"}],"predecessor-version":[{"id":15225,"href":"https:\/\/www.fica.unsl.edu.ar\/index.php\/wp-json\/wp\/v2\/posts\/15220\/revisions\/15225"}],"wp:featuredmedia":[{"embeddable":true,"href":"https:\/\/www.fica.unsl.edu.ar\/index.php\/wp-json\/wp\/v2\/media\/15221"}],"wp:attachment":[{"href":"https:\/\/www.fica.unsl.edu.ar\/index.php\/wp-json\/wp\/v2\/media?parent=15220"}],"wp:term":[{"taxonomy":"category","embeddable":true,"href":"https:\/\/www.fica.unsl.edu.ar\/index.php\/wp-json\/wp\/v2\/categories?post=15220"},{"taxonomy":"post_tag","embeddable":true,"href":"https:\/\/www.fica.unsl.edu.ar\/index.php\/wp-json\/wp\/v2\/tags?post=15220"}],"curies":[{"name":"wp","href":"https:\/\/api.w.org\/{rel}","templated":true}]}}