{"id":15226,"date":"2023-11-03T11:08:42","date_gmt":"2023-11-03T14:08:42","guid":{"rendered":"http:\/\/10.101.10.196\/www\/?p=15226"},"modified":"2023-11-09T13:46:04","modified_gmt":"2023-11-09T16:46:04","slug":"ciem-jornada-transformacion-digital-de-la-metrologia","status":"publish","type":"post","link":"https:\/\/www.fica.unsl.edu.ar\/index.php\/ciem-jornada-transformacion-digital-de-la-metrologia\/","title":{"rendered":"CIEM: Jornada \u201cTransformaci\u00f3n digital de la metrolog\u00eda\u2026\u201d"},"content":{"rendered":"<p>El Laboratorio Centro de Investigaci\u00f3n y Ensayo de Materiales (CIEM) de la FICA invita a participar de la Jornada \u201cTransformaci\u00f3n digital de la metrolog\u00eda. Caso Pr\u00e1ctico: Gesti\u00f3n de Instrumentos de seguimiento, medici\u00f3n y ensayo\u201d, que se desarrollar\u00e1 de forma presencial y virtual a partir de lass 18 horas del pr\u00f3ximo mi\u00e9rcoles 8 de noviembre, en el Aula 3 del Campus y a trav\u00e9s de la plataforma ZOOM.<\/p>\n<p>Esta jornada gratuita con cupo limitado, contar\u00e1 con la disertaci\u00f3n de Fernando Toyos, fundador de empresa DINATOR SRL. La misma pretende mostrar y ejemplificar a trav\u00e9s de casos pr\u00e1cticos de aplicaci\u00f3n las nuevas herramientas disponibles para la gesti\u00f3n de Laboratorios. Lograr comprender los nuevos enfoques en la metrolog\u00eda, relacionados con la transformaci\u00f3n digital para la gesti\u00f3n de instrumentos de seguimientos, medici\u00f3n y ensayo. Conseguir entender la transformaci\u00f3n digital en la era de digitalizaci\u00f3n y poder dar soporte desde ese enfoque a la gesti\u00f3n de los laboratorios de cualquier escala e \u00edndole. Tambi\u00e9n procurar\u00e1 exponer una aplicaci\u00f3n para la gesti\u00f3n de laboratorios adaptada a cada usuario que contempla las normativas y disposiciones nacionales e internacionales de certificaci\u00f3n.<\/p>\n<p>Esta actividad es destinada al P\u00fablico en general; espec\u00edfico para Laboratoristas y empresas &amp; Laboratorios que deseen capacitar a su personal.<\/p>\n<p>Aquellos interesados en participar de esta jornada no arancelada, debe inscribirse ingresando al siguiente enlace:<\/p>\n<h3 style=\"text-align: center;\"><strong><span style=\"color: #0000ff;\"><a style=\"color: #0000ff;\" href=\"https:\/\/forms.gle\/DTMmTvjA3kQmrgJC9\" target=\"_blank\" rel=\"noopener\">INSCRIPCIONES<\/a><\/span><\/strong><\/h3>\n","protected":false},"excerpt":{"rendered":"<p>El Laboratorio Centro de Investigaci\u00f3n y Ensayo de Materiales (CIEM) de la FICA invita a participar de la Jornada \u201cTransformaci\u00f3n digital de la metrolog\u00eda. Caso&hellip;<\/p>\n","protected":false},"author":9,"featured_media":15227,"comment_status":"closed","ping_status":"closed","sticky":false,"template":"","format":"standard","meta":{"_monsterinsights_skip_tracking":false,"_monsterinsights_sitenote_active":false,"_monsterinsights_sitenote_note":"","_monsterinsights_sitenote_category":0,"_joinchat":[],"footnotes":""},"categories":[19],"tags":[],"class_list":["post-15226","post","type-post","status-publish","format-standard","has-post-thumbnail","hentry","category-noticias"],"yoast_head":"<!-- This site is optimized with the Yoast SEO plugin v27.4 - https:\/\/yoast.com\/product\/yoast-seo-wordpress\/ -->\n<title>CIEM: Jornada \u201cTransformaci\u00f3n digital de la metrolog\u00eda\u2026\u201d - Facultad de Ingenier\u00eda y Ciencias Agropecuarias<\/title>\n<meta name=\"robots\" content=\"index, follow, max-snippet:-1, max-image-preview:large, max-video-preview:-1\" \/>\n<link rel=\"canonical\" href=\"https:\/\/www.fica.unsl.edu.ar\/index.php\/ciem-jornada-transformacion-digital-de-la-metrologia\/\" \/>\n<meta property=\"og:locale\" content=\"es_ES\" \/>\n<meta property=\"og:type\" content=\"article\" \/>\n<meta property=\"og:title\" content=\"CIEM: Jornada \u201cTransformaci\u00f3n digital de la metrolog\u00eda\u2026\u201d - Facultad de Ingenier\u00eda y Ciencias Agropecuarias\" \/>\n<meta property=\"og:description\" content=\"El Laboratorio Centro de Investigaci\u00f3n y Ensayo de Materiales (CIEM) de la FICA invita a participar de la Jornada \u201cTransformaci\u00f3n digital de la metrolog\u00eda. Caso&hellip;\" \/>\n<meta property=\"og:url\" content=\"https:\/\/www.fica.unsl.edu.ar\/index.php\/ciem-jornada-transformacion-digital-de-la-metrologia\/\" \/>\n<meta property=\"og:site_name\" content=\"Facultad de Ingenier\u00eda y Ciencias Agropecuarias\" \/>\n<meta property=\"article:publisher\" content=\"https:\/\/www.facebook.com\/FICA.UNSL\/\" \/>\n<meta property=\"article:published_time\" content=\"2023-11-03T14:08:42+00:00\" \/>\n<meta property=\"article:modified_time\" content=\"2023-11-09T16:46:04+00:00\" \/>\n<meta property=\"og:image\" content=\"https:\/\/www.fica.unsl.edu.ar\/wp-content\/uploads\/2023\/11\/metrologia-front-.jpg\" \/>\n\t<meta property=\"og:image:width\" content=\"1061\" \/>\n\t<meta property=\"og:image:height\" content=\"585\" \/>\n\t<meta property=\"og:image:type\" content=\"image\/jpeg\" \/>\n<meta name=\"author\" content=\"DATI\" \/>\n<meta name=\"twitter:card\" content=\"summary_large_image\" \/>\n<meta name=\"twitter:creator\" content=\"@FICAUNSL\" \/>\n<meta name=\"twitter:site\" content=\"@FICAUNSL\" \/>\n<meta name=\"twitter:label1\" content=\"Escrito por\" \/>\n\t<meta name=\"twitter:data1\" content=\"DATI\" \/>\n\t<meta name=\"twitter:label2\" content=\"Tiempo de lectura\" \/>\n\t<meta name=\"twitter:data2\" content=\"2 minutos\" \/>\n<script type=\"application\/ld+json\" class=\"yoast-schema-graph\">{\"@context\":\"https:\\\/\\\/schema.org\",\"@graph\":[{\"@type\":\"Article\",\"@id\":\"https:\\\/\\\/www.fica.unsl.edu.ar\\\/index.php\\\/ciem-jornada-transformacion-digital-de-la-metrologia\\\/#article\",\"isPartOf\":{\"@id\":\"https:\\\/\\\/www.fica.unsl.edu.ar\\\/index.php\\\/ciem-jornada-transformacion-digital-de-la-metrologia\\\/\"},\"author\":{\"name\":\"DATI\",\"@id\":\"https:\\\/\\\/www.fica.unsl.edu.ar\\\/#\\\/schema\\\/person\\\/6058f9c66301868d3a691b1f5d6c3544\"},\"headline\":\"CIEM: Jornada \u201cTransformaci\u00f3n digital de la metrolog\u00eda\u2026\u201d\",\"datePublished\":\"2023-11-03T14:08:42+00:00\",\"dateModified\":\"2023-11-09T16:46:04+00:00\",\"mainEntityOfPage\":{\"@id\":\"https:\\\/\\\/www.fica.unsl.edu.ar\\\/index.php\\\/ciem-jornada-transformacion-digital-de-la-metrologia\\\/\"},\"wordCount\":253,\"publisher\":{\"@id\":\"https:\\\/\\\/www.fica.unsl.edu.ar\\\/#organization\"},\"image\":{\"@id\":\"https:\\\/\\\/www.fica.unsl.edu.ar\\\/index.php\\\/ciem-jornada-transformacion-digital-de-la-metrologia\\\/#primaryimage\"},\"thumbnailUrl\":\"https:\\\/\\\/www.fica.unsl.edu.ar\\\/wp-content\\\/uploads\\\/2023\\\/11\\\/metrologia-front-.jpg\",\"articleSection\":[\"Noticias\"],\"inLanguage\":\"es-AR\"},{\"@type\":\"WebPage\",\"@id\":\"https:\\\/\\\/www.fica.unsl.edu.ar\\\/index.php\\\/ciem-jornada-transformacion-digital-de-la-metrologia\\\/\",\"url\":\"https:\\\/\\\/www.fica.unsl.edu.ar\\\/index.php\\\/ciem-jornada-transformacion-digital-de-la-metrologia\\\/\",\"name\":\"CIEM: Jornada \u201cTransformaci\u00f3n digital de la metrolog\u00eda\u2026\u201d - Facultad de Ingenier\u00eda y Ciencias Agropecuarias\",\"isPartOf\":{\"@id\":\"https:\\\/\\\/www.fica.unsl.edu.ar\\\/#website\"},\"primaryImageOfPage\":{\"@id\":\"https:\\\/\\\/www.fica.unsl.edu.ar\\\/index.php\\\/ciem-jornada-transformacion-digital-de-la-metrologia\\\/#primaryimage\"},\"image\":{\"@id\":\"https:\\\/\\\/www.fica.unsl.edu.ar\\\/index.php\\\/ciem-jornada-transformacion-digital-de-la-metrologia\\\/#primaryimage\"},\"thumbnailUrl\":\"https:\\\/\\\/www.fica.unsl.edu.ar\\\/wp-content\\\/uploads\\\/2023\\\/11\\\/metrologia-front-.jpg\",\"datePublished\":\"2023-11-03T14:08:42+00:00\",\"dateModified\":\"2023-11-09T16:46:04+00:00\",\"inLanguage\":\"es-AR\",\"potentialAction\":[{\"@type\":\"ReadAction\",\"target\":[\"https:\\\/\\\/www.fica.unsl.edu.ar\\\/index.php\\\/ciem-jornada-transformacion-digital-de-la-metrologia\\\/\"]}]},{\"@type\":\"ImageObject\",\"inLanguage\":\"es-AR\",\"@id\":\"https:\\\/\\\/www.fica.unsl.edu.ar\\\/index.php\\\/ciem-jornada-transformacion-digital-de-la-metrologia\\\/#primaryimage\",\"url\":\"https:\\\/\\\/www.fica.unsl.edu.ar\\\/wp-content\\\/uploads\\\/2023\\\/11\\\/metrologia-front-.jpg\",\"contentUrl\":\"https:\\\/\\\/www.fica.unsl.edu.ar\\\/wp-content\\\/uploads\\\/2023\\\/11\\\/metrologia-front-.jpg\",\"width\":1061,\"height\":585},{\"@type\":\"WebSite\",\"@id\":\"https:\\\/\\\/www.fica.unsl.edu.ar\\\/#website\",\"url\":\"https:\\\/\\\/www.fica.unsl.edu.ar\\\/\",\"name\":\"Facultad de Ingenier\u00eda y Ciencias Agropecuarias\",\"description\":\"\",\"publisher\":{\"@id\":\"https:\\\/\\\/www.fica.unsl.edu.ar\\\/#organization\"},\"potentialAction\":[{\"@type\":\"SearchAction\",\"target\":{\"@type\":\"EntryPoint\",\"urlTemplate\":\"https:\\\/\\\/www.fica.unsl.edu.ar\\\/?s={search_term_string}\"},\"query-input\":{\"@type\":\"PropertyValueSpecification\",\"valueRequired\":true,\"valueName\":\"search_term_string\"}}],\"inLanguage\":\"es-AR\"},{\"@type\":\"Organization\",\"@id\":\"https:\\\/\\\/www.fica.unsl.edu.ar\\\/#organization\",\"name\":\"Facultad de Ingenier\u00eda y Ciencias Agropecuarias\",\"url\":\"https:\\\/\\\/www.fica.unsl.edu.ar\\\/\",\"logo\":{\"@type\":\"ImageObject\",\"inLanguage\":\"es-AR\",\"@id\":\"https:\\\/\\\/www.fica.unsl.edu.ar\\\/#\\\/schema\\\/logo\\\/image\\\/\",\"url\":\"https:\\\/\\\/www.fica.unsl.edu.ar\\\/wp-content\\\/uploads\\\/2021\\\/03\\\/LOGO-1.jpg\",\"contentUrl\":\"https:\\\/\\\/www.fica.unsl.edu.ar\\\/wp-content\\\/uploads\\\/2021\\\/03\\\/LOGO-1.jpg\",\"width\":463,\"height\":145,\"caption\":\"Facultad de Ingenier\u00eda y Ciencias Agropecuarias\"},\"image\":{\"@id\":\"https:\\\/\\\/www.fica.unsl.edu.ar\\\/#\\\/schema\\\/logo\\\/image\\\/\"},\"sameAs\":[\"https:\\\/\\\/www.facebook.com\\\/FICA.UNSL\\\/\",\"https:\\\/\\\/x.com\\\/FICAUNSL\",\"https:\\\/\\\/www.instagram.com\\\/fica.unsl\\\/\",\"https:\\\/\\\/www.youtube.com\\\/channel\\\/UCs2MM53gb2PyBrMySdtWZDQ\"]},{\"@type\":\"Person\",\"@id\":\"https:\\\/\\\/www.fica.unsl.edu.ar\\\/#\\\/schema\\\/person\\\/6058f9c66301868d3a691b1f5d6c3544\",\"name\":\"DATI\"}]}<\/script>\n<!-- \/ Yoast SEO plugin. -->","yoast_head_json":{"title":"CIEM: Jornada \u201cTransformaci\u00f3n digital de la metrolog\u00eda\u2026\u201d - Facultad de Ingenier\u00eda y Ciencias Agropecuarias","robots":{"index":"index","follow":"follow","max-snippet":"max-snippet:-1","max-image-preview":"max-image-preview:large","max-video-preview":"max-video-preview:-1"},"canonical":"https:\/\/www.fica.unsl.edu.ar\/index.php\/ciem-jornada-transformacion-digital-de-la-metrologia\/","og_locale":"es_ES","og_type":"article","og_title":"CIEM: Jornada \u201cTransformaci\u00f3n digital de la metrolog\u00eda\u2026\u201d - Facultad de Ingenier\u00eda y Ciencias Agropecuarias","og_description":"El Laboratorio Centro de Investigaci\u00f3n y Ensayo de Materiales (CIEM) de la FICA invita a participar de la Jornada \u201cTransformaci\u00f3n digital de la metrolog\u00eda. Caso&hellip;","og_url":"https:\/\/www.fica.unsl.edu.ar\/index.php\/ciem-jornada-transformacion-digital-de-la-metrologia\/","og_site_name":"Facultad de Ingenier\u00eda y Ciencias Agropecuarias","article_publisher":"https:\/\/www.facebook.com\/FICA.UNSL\/","article_published_time":"2023-11-03T14:08:42+00:00","article_modified_time":"2023-11-09T16:46:04+00:00","og_image":[{"width":1061,"height":585,"url":"https:\/\/www.fica.unsl.edu.ar\/wp-content\/uploads\/2023\/11\/metrologia-front-.jpg","type":"image\/jpeg"}],"author":"DATI","twitter_card":"summary_large_image","twitter_creator":"@FICAUNSL","twitter_site":"@FICAUNSL","twitter_misc":{"Escrito por":"DATI","Tiempo de lectura":"2 minutos"},"schema":{"@context":"https:\/\/schema.org","@graph":[{"@type":"Article","@id":"https:\/\/www.fica.unsl.edu.ar\/index.php\/ciem-jornada-transformacion-digital-de-la-metrologia\/#article","isPartOf":{"@id":"https:\/\/www.fica.unsl.edu.ar\/index.php\/ciem-jornada-transformacion-digital-de-la-metrologia\/"},"author":{"name":"DATI","@id":"https:\/\/www.fica.unsl.edu.ar\/#\/schema\/person\/6058f9c66301868d3a691b1f5d6c3544"},"headline":"CIEM: Jornada \u201cTransformaci\u00f3n digital de la metrolog\u00eda\u2026\u201d","datePublished":"2023-11-03T14:08:42+00:00","dateModified":"2023-11-09T16:46:04+00:00","mainEntityOfPage":{"@id":"https:\/\/www.fica.unsl.edu.ar\/index.php\/ciem-jornada-transformacion-digital-de-la-metrologia\/"},"wordCount":253,"publisher":{"@id":"https:\/\/www.fica.unsl.edu.ar\/#organization"},"image":{"@id":"https:\/\/www.fica.unsl.edu.ar\/index.php\/ciem-jornada-transformacion-digital-de-la-metrologia\/#primaryimage"},"thumbnailUrl":"https:\/\/www.fica.unsl.edu.ar\/wp-content\/uploads\/2023\/11\/metrologia-front-.jpg","articleSection":["Noticias"],"inLanguage":"es-AR"},{"@type":"WebPage","@id":"https:\/\/www.fica.unsl.edu.ar\/index.php\/ciem-jornada-transformacion-digital-de-la-metrologia\/","url":"https:\/\/www.fica.unsl.edu.ar\/index.php\/ciem-jornada-transformacion-digital-de-la-metrologia\/","name":"CIEM: Jornada \u201cTransformaci\u00f3n digital de la metrolog\u00eda\u2026\u201d - Facultad de Ingenier\u00eda y Ciencias Agropecuarias","isPartOf":{"@id":"https:\/\/www.fica.unsl.edu.ar\/#website"},"primaryImageOfPage":{"@id":"https:\/\/www.fica.unsl.edu.ar\/index.php\/ciem-jornada-transformacion-digital-de-la-metrologia\/#primaryimage"},"image":{"@id":"https:\/\/www.fica.unsl.edu.ar\/index.php\/ciem-jornada-transformacion-digital-de-la-metrologia\/#primaryimage"},"thumbnailUrl":"https:\/\/www.fica.unsl.edu.ar\/wp-content\/uploads\/2023\/11\/metrologia-front-.jpg","datePublished":"2023-11-03T14:08:42+00:00","dateModified":"2023-11-09T16:46:04+00:00","inLanguage":"es-AR","potentialAction":[{"@type":"ReadAction","target":["https:\/\/www.fica.unsl.edu.ar\/index.php\/ciem-jornada-transformacion-digital-de-la-metrologia\/"]}]},{"@type":"ImageObject","inLanguage":"es-AR","@id":"https:\/\/www.fica.unsl.edu.ar\/index.php\/ciem-jornada-transformacion-digital-de-la-metrologia\/#primaryimage","url":"https:\/\/www.fica.unsl.edu.ar\/wp-content\/uploads\/2023\/11\/metrologia-front-.jpg","contentUrl":"https:\/\/www.fica.unsl.edu.ar\/wp-content\/uploads\/2023\/11\/metrologia-front-.jpg","width":1061,"height":585},{"@type":"WebSite","@id":"https:\/\/www.fica.unsl.edu.ar\/#website","url":"https:\/\/www.fica.unsl.edu.ar\/","name":"Facultad de Ingenier\u00eda y Ciencias Agropecuarias","description":"","publisher":{"@id":"https:\/\/www.fica.unsl.edu.ar\/#organization"},"potentialAction":[{"@type":"SearchAction","target":{"@type":"EntryPoint","urlTemplate":"https:\/\/www.fica.unsl.edu.ar\/?s={search_term_string}"},"query-input":{"@type":"PropertyValueSpecification","valueRequired":true,"valueName":"search_term_string"}}],"inLanguage":"es-AR"},{"@type":"Organization","@id":"https:\/\/www.fica.unsl.edu.ar\/#organization","name":"Facultad de Ingenier\u00eda y Ciencias Agropecuarias","url":"https:\/\/www.fica.unsl.edu.ar\/","logo":{"@type":"ImageObject","inLanguage":"es-AR","@id":"https:\/\/www.fica.unsl.edu.ar\/#\/schema\/logo\/image\/","url":"https:\/\/www.fica.unsl.edu.ar\/wp-content\/uploads\/2021\/03\/LOGO-1.jpg","contentUrl":"https:\/\/www.fica.unsl.edu.ar\/wp-content\/uploads\/2021\/03\/LOGO-1.jpg","width":463,"height":145,"caption":"Facultad de Ingenier\u00eda y Ciencias Agropecuarias"},"image":{"@id":"https:\/\/www.fica.unsl.edu.ar\/#\/schema\/logo\/image\/"},"sameAs":["https:\/\/www.facebook.com\/FICA.UNSL\/","https:\/\/x.com\/FICAUNSL","https:\/\/www.instagram.com\/fica.unsl\/","https:\/\/www.youtube.com\/channel\/UCs2MM53gb2PyBrMySdtWZDQ"]},{"@type":"Person","@id":"https:\/\/www.fica.unsl.edu.ar\/#\/schema\/person\/6058f9c66301868d3a691b1f5d6c3544","name":"DATI"}]}},"_links":{"self":[{"href":"https:\/\/www.fica.unsl.edu.ar\/index.php\/wp-json\/wp\/v2\/posts\/15226","targetHints":{"allow":["GET"]}}],"collection":[{"href":"https:\/\/www.fica.unsl.edu.ar\/index.php\/wp-json\/wp\/v2\/posts"}],"about":[{"href":"https:\/\/www.fica.unsl.edu.ar\/index.php\/wp-json\/wp\/v2\/types\/post"}],"author":[{"embeddable":true,"href":"https:\/\/www.fica.unsl.edu.ar\/index.php\/wp-json\/wp\/v2\/users\/9"}],"replies":[{"embeddable":true,"href":"https:\/\/www.fica.unsl.edu.ar\/index.php\/wp-json\/wp\/v2\/comments?post=15226"}],"version-history":[{"count":1,"href":"https:\/\/www.fica.unsl.edu.ar\/index.php\/wp-json\/wp\/v2\/posts\/15226\/revisions"}],"predecessor-version":[{"id":15228,"href":"https:\/\/www.fica.unsl.edu.ar\/index.php\/wp-json\/wp\/v2\/posts\/15226\/revisions\/15228"}],"wp:featuredmedia":[{"embeddable":true,"href":"https:\/\/www.fica.unsl.edu.ar\/index.php\/wp-json\/wp\/v2\/media\/15227"}],"wp:attachment":[{"href":"https:\/\/www.fica.unsl.edu.ar\/index.php\/wp-json\/wp\/v2\/media?parent=15226"}],"wp:term":[{"taxonomy":"category","embeddable":true,"href":"https:\/\/www.fica.unsl.edu.ar\/index.php\/wp-json\/wp\/v2\/categories?post=15226"},{"taxonomy":"post_tag","embeddable":true,"href":"https:\/\/www.fica.unsl.edu.ar\/index.php\/wp-json\/wp\/v2\/tags?post=15226"}],"curies":[{"name":"wp","href":"https:\/\/api.w.org\/{rel}","templated":true}]}}