{"id":15252,"date":"2023-11-06T14:04:58","date_gmt":"2023-11-06T17:04:58","guid":{"rendered":"http:\/\/10.101.10.196\/www\/?p=15252"},"modified":"2023-11-13T10:39:45","modified_gmt":"2023-11-13T13:39:45","slug":"10-de-noviembre-siav-fica-2023","status":"publish","type":"post","link":"https:\/\/www.fica.unsl.edu.ar\/index.php\/10-de-noviembre-siav-fica-2023\/","title":{"rendered":"Este 10 de noviembre se realiza un nuevo encuentro del SIAV FICA 2023"},"content":{"rendered":"<p>La Secretar\u00eda de Investigaci\u00f3n y Posgrado invita a la comunidad universitaria al nuevo encuentro del ciclo \u201cSeminario de Investigaci\u00f3n Actualizaci\u00f3n y Vinculaci\u00f3n 2023 (SIAV FICA 2023)\u201d, que se llevar\u00e1 a cabo este viernes 10 de noviembre a partir de las 11 horas.<\/p>\n<p>En esta oportunidad disertar\u00e1n el Ing. Mat\u00edas Nicol\u00e1s Tello y la Especialista en Docencia Universitaria, Ang\u00e9lica Sandra Escudero.<\/p>\n<p>El Ing. Tello tratar\u00e1 sobre \u201cControl Digital de Convertidor CC-CC Interleaved tipo Buck para Aplicaci\u00f3n en Sistemas de Carga de Veh\u00edculos El\u00e9ctricos\u201d, mientras que la Esp. Escudero lo har\u00e1 sobre \u201cLas representaciones sociales de los estudiantes sobre la dilaci\u00f3n en sus trayectorias educativas: El caso de la carrera Ingenier\u00eda Agron\u00f3mica de la Facultad de Ingenier\u00eda y Ciencias Agropecuarias. UNSL\u201d.<\/p>\n<p>Los Docentes responsables del \u201cSeminario de Investigaci\u00f3n Actualizaci\u00f3n y Vinculaci\u00f3n 2023 (SIAV FICA 2023)\u201d son: Dr. Ing. Federico Serra, Dra. Ing. Mar\u00eda Laura Rodr\u00edguez, Dra. Ing. Nora Merino, Mg. Ing. Guillermo Magaldi. Docentes Coordinadores: Ing. Magdalena Costanzo; Dr. Ing. Pablo Belzunce; Dr. Ing. Francisco Esteban; Dra. Ing. Agr. Marisa Garbero.<\/p>\n<p><strong>Resumenes<\/strong><\/p>\n<p><img fetchpriority=\"high\" decoding=\"async\" class=\"aligncenter size-full wp-image-15253\" src=\"https:\/\/www.fica.unsl.edu.ar\/wp-content\/uploads\/2023\/11\/SIAV-Tello-REDES.jpg\" alt=\"\" width=\"1056\" height=\"594\" srcset=\"https:\/\/www.fica.unsl.edu.ar\/wp-content\/uploads\/2023\/11\/SIAV-Tello-REDES.jpg 1056w, https:\/\/www.fica.unsl.edu.ar\/wp-content\/uploads\/2023\/11\/SIAV-Tello-REDES-300x169.jpg 300w, https:\/\/www.fica.unsl.edu.ar\/wp-content\/uploads\/2023\/11\/SIAV-Tello-REDES-1024x576.jpg 1024w, https:\/\/www.fica.unsl.edu.ar\/wp-content\/uploads\/2023\/11\/SIAV-Tello-REDES-768x432.jpg 768w\" sizes=\"(max-width: 1056px) 100vw, 1056px\" \/><\/p>\n<p>Este estudio se enfoca a la implementaci\u00f3n de los convertidores CC\/CC de tipo Interleaved en los sistemas de carga de bater\u00edas para veh\u00edculos el\u00e9ctricos. El objetivo principal es el desarrollo de un control digital espec\u00edficamente adaptado para esta topolog\u00eda. Dicho control ser\u00e1 aplicado en un algoritmo de carga que opera en modo corriente constante\/tensi\u00f3n constante (CC\/CV) para abastecer los bancos de bater\u00edas de los veh\u00edculos el\u00e9ctricos. Esta estrategia no solo maximizar\u00e1 la eficiencia de carga, sino que tambi\u00e9n proporcionar\u00e1 una mayor estabilidad en las condiciones de funcionamiento variable que se encuentran en la pr\u00e1ctica de carga de Veh\u00edculos el\u00e9ctricos. En resumen, este trabajo se centra en la implementaci\u00f3n de la etapa de CC\/CC de los convertidores tipo Interleaved en un contexto esencial para la movilidad el\u00e9ctrica: la carga eficiente y fiable de bater\u00edas de veh\u00edculos el\u00e9ctricos.<\/p>\n<p><img decoding=\"async\" class=\"aligncenter size-full wp-image-15254\" src=\"https:\/\/www.fica.unsl.edu.ar\/wp-content\/uploads\/2023\/11\/SIAV-ESCUDERO-REDES.jpg\" alt=\"\" width=\"1056\" height=\"594\" srcset=\"https:\/\/www.fica.unsl.edu.ar\/wp-content\/uploads\/2023\/11\/SIAV-ESCUDERO-REDES.jpg 1056w, https:\/\/www.fica.unsl.edu.ar\/wp-content\/uploads\/2023\/11\/SIAV-ESCUDERO-REDES-300x169.jpg 300w, https:\/\/www.fica.unsl.edu.ar\/wp-content\/uploads\/2023\/11\/SIAV-ESCUDERO-REDES-1024x576.jpg 1024w, https:\/\/www.fica.unsl.edu.ar\/wp-content\/uploads\/2023\/11\/SIAV-ESCUDERO-REDES-768x432.jpg 768w\" sizes=\"(max-width: 1056px) 100vw, 1056px\" \/><\/p>\n<p>En el presente trabajo se propone analizar y rescatar significados de experiencias vivenciales, en un grupo de estudiantes durante los primeros a\u00f1os de su vida universitaria en la etapa de formaci\u00f3n b\u00e1sica y, desde la perspectiva del pensamiento complejo, en una dimensi\u00f3n personal y subjetiva de la identidad encarnada en las representaciones, en sus voces y relatos autobiogr\u00e1ficos. Ellos reflejan sus percepciones m\u00e1s destacadas acerca de las relaciones que los vinculan en particular, con la dilaci\u00f3n o demora en dicho trayecto, dentro de un contexto cultural y con permanentes transformaciones. La metodolog\u00eda empleada es cualitativa, una indagaci\u00f3n retrospectiva para observar y registrar; no es un estudio longitudinal, porque no se va tras el seguimiento a una cohorte en el tiempo. Se parte de un presente determinado y desde all\u00ed se gu\u00eda a una recuperaci\u00f3n de experiencias vividas, desde entrevistas a sujetos que estudian y portan diferentes trayectorias acad\u00e9micas; es un enfoque comprensivo, hondo de los caminos que transitan y sus recorridos acad\u00e9micos y el ensamble con otras rutas, que forman parte de su itinerario biogr\u00e1fico. El estudio se abord\u00f3 desde una poblaci\u00f3n de estudiantes en donde muchos de ellos se enfrentaban a serios inconvenientes en su transitar la trayectoria educativa en concordancia con el tiempo te\u00f3rico previsto por el plan de estudio vigente, dando clara evidencia de retraso o retardo en su andar. Los principales resultados obtenidos se organizan en distintas categor\u00edas de an\u00e1lisis.<\/p>\n","protected":false},"excerpt":{"rendered":"<p>La Secretar\u00eda de Investigaci\u00f3n y Posgrado invita a la comunidad universitaria al nuevo encuentro del ciclo \u201cSeminario de Investigaci\u00f3n Actualizaci\u00f3n y Vinculaci\u00f3n 2023 (SIAV FICA&hellip;<\/p>\n","protected":false},"author":9,"featured_media":15255,"comment_status":"closed","ping_status":"closed","sticky":false,"template":"","format":"standard","meta":{"_monsterinsights_skip_tracking":false,"_monsterinsights_sitenote_active":false,"_monsterinsights_sitenote_note":"","_monsterinsights_sitenote_category":0,"_joinchat":[],"footnotes":""},"categories":[19],"tags":[],"class_list":["post-15252","post","type-post","status-publish","format-standard","has-post-thumbnail","hentry","category-noticias"],"yoast_head":"<!-- This site is optimized with the Yoast SEO plugin v27.4 - https:\/\/yoast.com\/product\/yoast-seo-wordpress\/ -->\n<title>Este 10 de noviembre se realiza un nuevo encuentro del SIAV FICA 2023 - Facultad de Ingenier\u00eda y Ciencias Agropecuarias<\/title>\n<meta name=\"robots\" content=\"index, follow, max-snippet:-1, max-image-preview:large, max-video-preview:-1\" \/>\n<link rel=\"canonical\" href=\"https:\/\/www.fica.unsl.edu.ar\/index.php\/10-de-noviembre-siav-fica-2023\/\" \/>\n<meta property=\"og:locale\" content=\"es_ES\" \/>\n<meta property=\"og:type\" content=\"article\" \/>\n<meta property=\"og:title\" content=\"Este 10 de noviembre se realiza un nuevo encuentro del SIAV FICA 2023 - Facultad de Ingenier\u00eda y Ciencias Agropecuarias\" \/>\n<meta property=\"og:description\" content=\"La Secretar\u00eda de Investigaci\u00f3n y Posgrado invita a la comunidad universitaria al nuevo encuentro del ciclo \u201cSeminario de Investigaci\u00f3n Actualizaci\u00f3n y Vinculaci\u00f3n 2023 (SIAV FICA&hellip;\" \/>\n<meta property=\"og:url\" content=\"https:\/\/www.fica.unsl.edu.ar\/index.php\/10-de-noviembre-siav-fica-2023\/\" \/>\n<meta property=\"og:site_name\" content=\"Facultad de Ingenier\u00eda y Ciencias Agropecuarias\" \/>\n<meta property=\"article:publisher\" content=\"https:\/\/www.facebook.com\/FICA.UNSL\/\" \/>\n<meta property=\"article:published_time\" content=\"2023-11-06T17:04:58+00:00\" \/>\n<meta property=\"article:modified_time\" content=\"2023-11-13T13:39:45+00:00\" \/>\n<meta property=\"og:image\" content=\"https:\/\/www.fica.unsl.edu.ar\/wp-content\/uploads\/2023\/11\/portada-web-FICA-10NOV.jpg\" \/>\n\t<meta property=\"og:image:width\" content=\"1080\" \/>\n\t<meta property=\"og:image:height\" content=\"550\" \/>\n\t<meta property=\"og:image:type\" content=\"image\/jpeg\" \/>\n<meta name=\"author\" content=\"DATI\" \/>\n<meta name=\"twitter:card\" content=\"summary_large_image\" \/>\n<meta name=\"twitter:creator\" content=\"@FICAUNSL\" \/>\n<meta name=\"twitter:site\" content=\"@FICAUNSL\" \/>\n<meta name=\"twitter:label1\" content=\"Escrito por\" \/>\n\t<meta name=\"twitter:data1\" content=\"DATI\" \/>\n\t<meta name=\"twitter:label2\" content=\"Tiempo de lectura\" \/>\n\t<meta name=\"twitter:data2\" content=\"3 minutos\" \/>\n<script type=\"application\/ld+json\" class=\"yoast-schema-graph\">{\"@context\":\"https:\\\/\\\/schema.org\",\"@graph\":[{\"@type\":\"Article\",\"@id\":\"https:\\\/\\\/www.fica.unsl.edu.ar\\\/index.php\\\/10-de-noviembre-siav-fica-2023\\\/#article\",\"isPartOf\":{\"@id\":\"https:\\\/\\\/www.fica.unsl.edu.ar\\\/index.php\\\/10-de-noviembre-siav-fica-2023\\\/\"},\"author\":{\"name\":\"DATI\",\"@id\":\"https:\\\/\\\/www.fica.unsl.edu.ar\\\/#\\\/schema\\\/person\\\/6058f9c66301868d3a691b1f5d6c3544\"},\"headline\":\"Este 10 de noviembre se realiza un nuevo encuentro del SIAV FICA 2023\",\"datePublished\":\"2023-11-06T17:04:58+00:00\",\"dateModified\":\"2023-11-13T13:39:45+00:00\",\"mainEntityOfPage\":{\"@id\":\"https:\\\/\\\/www.fica.unsl.edu.ar\\\/index.php\\\/10-de-noviembre-siav-fica-2023\\\/\"},\"wordCount\":607,\"publisher\":{\"@id\":\"https:\\\/\\\/www.fica.unsl.edu.ar\\\/#organization\"},\"image\":{\"@id\":\"https:\\\/\\\/www.fica.unsl.edu.ar\\\/index.php\\\/10-de-noviembre-siav-fica-2023\\\/#primaryimage\"},\"thumbnailUrl\":\"https:\\\/\\\/www.fica.unsl.edu.ar\\\/wp-content\\\/uploads\\\/2023\\\/11\\\/portada-web-FICA-10NOV.jpg\",\"articleSection\":[\"Noticias\"],\"inLanguage\":\"es-AR\"},{\"@type\":\"WebPage\",\"@id\":\"https:\\\/\\\/www.fica.unsl.edu.ar\\\/index.php\\\/10-de-noviembre-siav-fica-2023\\\/\",\"url\":\"https:\\\/\\\/www.fica.unsl.edu.ar\\\/index.php\\\/10-de-noviembre-siav-fica-2023\\\/\",\"name\":\"Este 10 de noviembre se realiza un nuevo encuentro del SIAV FICA 2023 - Facultad de Ingenier\u00eda y Ciencias Agropecuarias\",\"isPartOf\":{\"@id\":\"https:\\\/\\\/www.fica.unsl.edu.ar\\\/#website\"},\"primaryImageOfPage\":{\"@id\":\"https:\\\/\\\/www.fica.unsl.edu.ar\\\/index.php\\\/10-de-noviembre-siav-fica-2023\\\/#primaryimage\"},\"image\":{\"@id\":\"https:\\\/\\\/www.fica.unsl.edu.ar\\\/index.php\\\/10-de-noviembre-siav-fica-2023\\\/#primaryimage\"},\"thumbnailUrl\":\"https:\\\/\\\/www.fica.unsl.edu.ar\\\/wp-content\\\/uploads\\\/2023\\\/11\\\/portada-web-FICA-10NOV.jpg\",\"datePublished\":\"2023-11-06T17:04:58+00:00\",\"dateModified\":\"2023-11-13T13:39:45+00:00\",\"inLanguage\":\"es-AR\",\"potentialAction\":[{\"@type\":\"ReadAction\",\"target\":[\"https:\\\/\\\/www.fica.unsl.edu.ar\\\/index.php\\\/10-de-noviembre-siav-fica-2023\\\/\"]}]},{\"@type\":\"ImageObject\",\"inLanguage\":\"es-AR\",\"@id\":\"https:\\\/\\\/www.fica.unsl.edu.ar\\\/index.php\\\/10-de-noviembre-siav-fica-2023\\\/#primaryimage\",\"url\":\"https:\\\/\\\/www.fica.unsl.edu.ar\\\/wp-content\\\/uploads\\\/2023\\\/11\\\/portada-web-FICA-10NOV.jpg\",\"contentUrl\":\"https:\\\/\\\/www.fica.unsl.edu.ar\\\/wp-content\\\/uploads\\\/2023\\\/11\\\/portada-web-FICA-10NOV.jpg\",\"width\":1080,\"height\":550},{\"@type\":\"WebSite\",\"@id\":\"https:\\\/\\\/www.fica.unsl.edu.ar\\\/#website\",\"url\":\"https:\\\/\\\/www.fica.unsl.edu.ar\\\/\",\"name\":\"Facultad de Ingenier\u00eda y Ciencias Agropecuarias\",\"description\":\"\",\"publisher\":{\"@id\":\"https:\\\/\\\/www.fica.unsl.edu.ar\\\/#organization\"},\"potentialAction\":[{\"@type\":\"SearchAction\",\"target\":{\"@type\":\"EntryPoint\",\"urlTemplate\":\"https:\\\/\\\/www.fica.unsl.edu.ar\\\/?s={search_term_string}\"},\"query-input\":{\"@type\":\"PropertyValueSpecification\",\"valueRequired\":true,\"valueName\":\"search_term_string\"}}],\"inLanguage\":\"es-AR\"},{\"@type\":\"Organization\",\"@id\":\"https:\\\/\\\/www.fica.unsl.edu.ar\\\/#organization\",\"name\":\"Facultad de Ingenier\u00eda y Ciencias Agropecuarias\",\"url\":\"https:\\\/\\\/www.fica.unsl.edu.ar\\\/\",\"logo\":{\"@type\":\"ImageObject\",\"inLanguage\":\"es-AR\",\"@id\":\"https:\\\/\\\/www.fica.unsl.edu.ar\\\/#\\\/schema\\\/logo\\\/image\\\/\",\"url\":\"https:\\\/\\\/www.fica.unsl.edu.ar\\\/wp-content\\\/uploads\\\/2021\\\/03\\\/LOGO-1.jpg\",\"contentUrl\":\"https:\\\/\\\/www.fica.unsl.edu.ar\\\/wp-content\\\/uploads\\\/2021\\\/03\\\/LOGO-1.jpg\",\"width\":463,\"height\":145,\"caption\":\"Facultad de Ingenier\u00eda y Ciencias Agropecuarias\"},\"image\":{\"@id\":\"https:\\\/\\\/www.fica.unsl.edu.ar\\\/#\\\/schema\\\/logo\\\/image\\\/\"},\"sameAs\":[\"https:\\\/\\\/www.facebook.com\\\/FICA.UNSL\\\/\",\"https:\\\/\\\/x.com\\\/FICAUNSL\",\"https:\\\/\\\/www.instagram.com\\\/fica.unsl\\\/\",\"https:\\\/\\\/www.youtube.com\\\/channel\\\/UCs2MM53gb2PyBrMySdtWZDQ\"]},{\"@type\":\"Person\",\"@id\":\"https:\\\/\\\/www.fica.unsl.edu.ar\\\/#\\\/schema\\\/person\\\/6058f9c66301868d3a691b1f5d6c3544\",\"name\":\"DATI\"}]}<\/script>\n<!-- \/ Yoast SEO plugin. -->","yoast_head_json":{"title":"Este 10 de noviembre se realiza un nuevo encuentro del SIAV FICA 2023 - Facultad de Ingenier\u00eda y Ciencias Agropecuarias","robots":{"index":"index","follow":"follow","max-snippet":"max-snippet:-1","max-image-preview":"max-image-preview:large","max-video-preview":"max-video-preview:-1"},"canonical":"https:\/\/www.fica.unsl.edu.ar\/index.php\/10-de-noviembre-siav-fica-2023\/","og_locale":"es_ES","og_type":"article","og_title":"Este 10 de noviembre se realiza un nuevo encuentro del SIAV FICA 2023 - Facultad de Ingenier\u00eda y Ciencias Agropecuarias","og_description":"La Secretar\u00eda de Investigaci\u00f3n y Posgrado invita a la comunidad universitaria al nuevo encuentro del ciclo \u201cSeminario de Investigaci\u00f3n Actualizaci\u00f3n y Vinculaci\u00f3n 2023 (SIAV FICA&hellip;","og_url":"https:\/\/www.fica.unsl.edu.ar\/index.php\/10-de-noviembre-siav-fica-2023\/","og_site_name":"Facultad de Ingenier\u00eda y Ciencias Agropecuarias","article_publisher":"https:\/\/www.facebook.com\/FICA.UNSL\/","article_published_time":"2023-11-06T17:04:58+00:00","article_modified_time":"2023-11-13T13:39:45+00:00","og_image":[{"width":1080,"height":550,"url":"https:\/\/www.fica.unsl.edu.ar\/wp-content\/uploads\/2023\/11\/portada-web-FICA-10NOV.jpg","type":"image\/jpeg"}],"author":"DATI","twitter_card":"summary_large_image","twitter_creator":"@FICAUNSL","twitter_site":"@FICAUNSL","twitter_misc":{"Escrito por":"DATI","Tiempo de lectura":"3 minutos"},"schema":{"@context":"https:\/\/schema.org","@graph":[{"@type":"Article","@id":"https:\/\/www.fica.unsl.edu.ar\/index.php\/10-de-noviembre-siav-fica-2023\/#article","isPartOf":{"@id":"https:\/\/www.fica.unsl.edu.ar\/index.php\/10-de-noviembre-siav-fica-2023\/"},"author":{"name":"DATI","@id":"https:\/\/www.fica.unsl.edu.ar\/#\/schema\/person\/6058f9c66301868d3a691b1f5d6c3544"},"headline":"Este 10 de noviembre se realiza un nuevo encuentro del SIAV FICA 2023","datePublished":"2023-11-06T17:04:58+00:00","dateModified":"2023-11-13T13:39:45+00:00","mainEntityOfPage":{"@id":"https:\/\/www.fica.unsl.edu.ar\/index.php\/10-de-noviembre-siav-fica-2023\/"},"wordCount":607,"publisher":{"@id":"https:\/\/www.fica.unsl.edu.ar\/#organization"},"image":{"@id":"https:\/\/www.fica.unsl.edu.ar\/index.php\/10-de-noviembre-siav-fica-2023\/#primaryimage"},"thumbnailUrl":"https:\/\/www.fica.unsl.edu.ar\/wp-content\/uploads\/2023\/11\/portada-web-FICA-10NOV.jpg","articleSection":["Noticias"],"inLanguage":"es-AR"},{"@type":"WebPage","@id":"https:\/\/www.fica.unsl.edu.ar\/index.php\/10-de-noviembre-siav-fica-2023\/","url":"https:\/\/www.fica.unsl.edu.ar\/index.php\/10-de-noviembre-siav-fica-2023\/","name":"Este 10 de noviembre se realiza un nuevo encuentro del SIAV FICA 2023 - Facultad de Ingenier\u00eda y Ciencias Agropecuarias","isPartOf":{"@id":"https:\/\/www.fica.unsl.edu.ar\/#website"},"primaryImageOfPage":{"@id":"https:\/\/www.fica.unsl.edu.ar\/index.php\/10-de-noviembre-siav-fica-2023\/#primaryimage"},"image":{"@id":"https:\/\/www.fica.unsl.edu.ar\/index.php\/10-de-noviembre-siav-fica-2023\/#primaryimage"},"thumbnailUrl":"https:\/\/www.fica.unsl.edu.ar\/wp-content\/uploads\/2023\/11\/portada-web-FICA-10NOV.jpg","datePublished":"2023-11-06T17:04:58+00:00","dateModified":"2023-11-13T13:39:45+00:00","inLanguage":"es-AR","potentialAction":[{"@type":"ReadAction","target":["https:\/\/www.fica.unsl.edu.ar\/index.php\/10-de-noviembre-siav-fica-2023\/"]}]},{"@type":"ImageObject","inLanguage":"es-AR","@id":"https:\/\/www.fica.unsl.edu.ar\/index.php\/10-de-noviembre-siav-fica-2023\/#primaryimage","url":"https:\/\/www.fica.unsl.edu.ar\/wp-content\/uploads\/2023\/11\/portada-web-FICA-10NOV.jpg","contentUrl":"https:\/\/www.fica.unsl.edu.ar\/wp-content\/uploads\/2023\/11\/portada-web-FICA-10NOV.jpg","width":1080,"height":550},{"@type":"WebSite","@id":"https:\/\/www.fica.unsl.edu.ar\/#website","url":"https:\/\/www.fica.unsl.edu.ar\/","name":"Facultad de Ingenier\u00eda y Ciencias Agropecuarias","description":"","publisher":{"@id":"https:\/\/www.fica.unsl.edu.ar\/#organization"},"potentialAction":[{"@type":"SearchAction","target":{"@type":"EntryPoint","urlTemplate":"https:\/\/www.fica.unsl.edu.ar\/?s={search_term_string}"},"query-input":{"@type":"PropertyValueSpecification","valueRequired":true,"valueName":"search_term_string"}}],"inLanguage":"es-AR"},{"@type":"Organization","@id":"https:\/\/www.fica.unsl.edu.ar\/#organization","name":"Facultad de Ingenier\u00eda y Ciencias Agropecuarias","url":"https:\/\/www.fica.unsl.edu.ar\/","logo":{"@type":"ImageObject","inLanguage":"es-AR","@id":"https:\/\/www.fica.unsl.edu.ar\/#\/schema\/logo\/image\/","url":"https:\/\/www.fica.unsl.edu.ar\/wp-content\/uploads\/2021\/03\/LOGO-1.jpg","contentUrl":"https:\/\/www.fica.unsl.edu.ar\/wp-content\/uploads\/2021\/03\/LOGO-1.jpg","width":463,"height":145,"caption":"Facultad de Ingenier\u00eda y Ciencias Agropecuarias"},"image":{"@id":"https:\/\/www.fica.unsl.edu.ar\/#\/schema\/logo\/image\/"},"sameAs":["https:\/\/www.facebook.com\/FICA.UNSL\/","https:\/\/x.com\/FICAUNSL","https:\/\/www.instagram.com\/fica.unsl\/","https:\/\/www.youtube.com\/channel\/UCs2MM53gb2PyBrMySdtWZDQ"]},{"@type":"Person","@id":"https:\/\/www.fica.unsl.edu.ar\/#\/schema\/person\/6058f9c66301868d3a691b1f5d6c3544","name":"DATI"}]}},"_links":{"self":[{"href":"https:\/\/www.fica.unsl.edu.ar\/index.php\/wp-json\/wp\/v2\/posts\/15252","targetHints":{"allow":["GET"]}}],"collection":[{"href":"https:\/\/www.fica.unsl.edu.ar\/index.php\/wp-json\/wp\/v2\/posts"}],"about":[{"href":"https:\/\/www.fica.unsl.edu.ar\/index.php\/wp-json\/wp\/v2\/types\/post"}],"author":[{"embeddable":true,"href":"https:\/\/www.fica.unsl.edu.ar\/index.php\/wp-json\/wp\/v2\/users\/9"}],"replies":[{"embeddable":true,"href":"https:\/\/www.fica.unsl.edu.ar\/index.php\/wp-json\/wp\/v2\/comments?post=15252"}],"version-history":[{"count":1,"href":"https:\/\/www.fica.unsl.edu.ar\/index.php\/wp-json\/wp\/v2\/posts\/15252\/revisions"}],"predecessor-version":[{"id":15256,"href":"https:\/\/www.fica.unsl.edu.ar\/index.php\/wp-json\/wp\/v2\/posts\/15252\/revisions\/15256"}],"wp:featuredmedia":[{"embeddable":true,"href":"https:\/\/www.fica.unsl.edu.ar\/index.php\/wp-json\/wp\/v2\/media\/15255"}],"wp:attachment":[{"href":"https:\/\/www.fica.unsl.edu.ar\/index.php\/wp-json\/wp\/v2\/media?parent=15252"}],"wp:term":[{"taxonomy":"category","embeddable":true,"href":"https:\/\/www.fica.unsl.edu.ar\/index.php\/wp-json\/wp\/v2\/categories?post=15252"},{"taxonomy":"post_tag","embeddable":true,"href":"https:\/\/www.fica.unsl.edu.ar\/index.php\/wp-json\/wp\/v2\/tags?post=15252"}],"curies":[{"name":"wp","href":"https:\/\/api.w.org\/{rel}","templated":true}]}}