{"id":15273,"date":"2023-11-07T09:30:52","date_gmt":"2023-11-07T12:30:52","guid":{"rendered":"http:\/\/10.101.10.196\/www\/?p=15273"},"modified":"2023-11-08T09:34:57","modified_gmt":"2023-11-08T12:34:57","slug":"prorroga-convocatoria-adu","status":"publish","type":"post","link":"https:\/\/www.fica.unsl.edu.ar\/index.php\/prorroga-convocatoria-adu\/","title":{"rendered":"Pr\u00f3rroga de la Convocatoria para presentaci\u00f3n de propuestas de cursos de capacitaci\u00f3n y formaci\u00f3n con financiamiento de ADU"},"content":{"rendered":"<p>Ante numerosos pedidos, la Asociaci\u00f3n de Docentes Universitarios San Luis prorroga la convocatoria a la docencia de la UNSL interesada en presentar propuestas de cursos de posgrado para 2023 y 2024, que ser\u00e1n financiados con fondos acordados en la paritaria nacional para dos programas:<\/p>\n<blockquote><p><strong><em>* &#8220;Programa de Capacitaci\u00f3n Docente Gratuito\u201d en todos los campos disciplinares para la docencia de las 8 facultades, la ENJPP y el Jard\u00edn Maternal<\/em><\/strong><\/p>\n<p><strong><em>* \u201cPrograma de Capacitaci\u00f3n Gratuita en Condiciones y Ambiente de Trabajo\u201d.<\/em><\/strong><\/p><\/blockquote>\n<p>En funci\u00f3n de lo acordado en la paritaria, se dispone el 77% de los fondos para los cursos del primer programa y el 33% para el segundo.<\/p>\n<p><strong>PRESENTACI\u00d3N PRELIMINAR (hasta el 17\/11\/2023)<\/strong><\/p>\n<p>En esta primera instancia, deber\u00e1n presentarse los datos b\u00e1sicos:<\/p>\n<ul>\n<li>Propuesta de tema o t\u00edtulo del curso.<\/li>\n<li>Apellido y nombre de docentes que participar\u00edan del dictado.<\/li>\n<li>Cr\u00e9dito horario tentativo.<\/li>\n<li>Fecha posible de inicio.<\/li>\n<li>Breve fundamentaci\u00f3n de la propuesta de curso.<\/li>\n<li>Nombre y tel\u00e9fono de quien realiza la propuesta de curso.<\/li>\n<\/ul>\n<p>Los datos deben cargarse en el formulario siguiente:<\/p>\n<h3 style=\"text-align: center;\"><span style=\"color: #0000ff;\"><a style=\"color: #0000ff;\" href=\"https:\/\/forms.gle\/SKjCPxtZhUL6Fabp7\" target=\"_blank\" rel=\"noopener\">FORMULARIO<\/a><\/span><\/h3>\n<p>Esta etapa tiene por objeto evaluar las propuestas a fin de reservar los fondos para el financiamiento, por lo que estos datos podr\u00e1n modificarse en la posterior presentaci\u00f3n definitiva en la Secretar\u00eda de Posgrado. El financiamiento de ADU est\u00e1 destinado a cubrir el gasto de honorario docente y pasaje, en forma total o parcial, dependiendo de la cantidad de cursos que se presenten y los fondos disponibles.<\/p>\n<p><strong>PRESENTACI\u00d3N DEFINITIVA<\/strong><\/p>\n<p>En una segunda instancia, con posterioridad a esta presentaci\u00f3n, las propuestas definitivas deber\u00e1n presentarse a la Secretar\u00eda de Posgrado de cada unidad acad\u00e9mica o de Rectorado de la UNSL, mediante el formulario correspondiente. Dichas propuestas definitivas, deber\u00e1n cumplir con los requisitos formales previstos en la normativa vigente que pueden consultarse en https:\/\/posgrado.unsl.edu.ar\/?page_id=135. Se debe tener en cuenta que se requiere un m\u00ednimo de 60 d\u00edas desde la presentaci\u00f3n en posgrado de la UNSL hasta el inicio del curso para dar tiempo al tratamiento en la comisi\u00f3n correspondiente, realizar la difusi\u00f3n, etc.<\/p>\n<p>Para realizar consultas, contactarse por Whatsapp al 2664727171.<\/p>\n","protected":false},"excerpt":{"rendered":"<p>Ante numerosos pedidos, la Asociaci\u00f3n de Docentes Universitarios San Luis prorroga la convocatoria a la docencia de la UNSL interesada en presentar propuestas de cursos&hellip;<\/p>\n","protected":false},"author":9,"featured_media":15274,"comment_status":"closed","ping_status":"closed","sticky":false,"template":"","format":"standard","meta":{"_monsterinsights_skip_tracking":false,"_monsterinsights_sitenote_active":false,"_monsterinsights_sitenote_note":"","_monsterinsights_sitenote_category":0,"_joinchat":[],"footnotes":""},"categories":[19],"tags":[],"class_list":["post-15273","post","type-post","status-publish","format-standard","has-post-thumbnail","hentry","category-noticias"],"yoast_head":"<!-- This site is optimized with the Yoast SEO plugin v27.4 - https:\/\/yoast.com\/product\/yoast-seo-wordpress\/ -->\n<title>Pr\u00f3rroga de la Convocatoria para presentaci\u00f3n de propuestas de cursos de capacitaci\u00f3n y formaci\u00f3n con financiamiento de ADU - Facultad de Ingenier\u00eda y Ciencias Agropecuarias<\/title>\n<meta name=\"robots\" content=\"index, follow, max-snippet:-1, max-image-preview:large, max-video-preview:-1\" \/>\n<link rel=\"canonical\" href=\"https:\/\/www.fica.unsl.edu.ar\/index.php\/prorroga-convocatoria-adu\/\" \/>\n<meta property=\"og:locale\" content=\"es_ES\" \/>\n<meta property=\"og:type\" content=\"article\" \/>\n<meta property=\"og:title\" content=\"Pr\u00f3rroga de la Convocatoria para presentaci\u00f3n de propuestas de cursos de capacitaci\u00f3n y formaci\u00f3n con financiamiento de ADU - Facultad de Ingenier\u00eda y Ciencias Agropecuarias\" \/>\n<meta property=\"og:description\" content=\"Ante numerosos pedidos, la Asociaci\u00f3n de Docentes Universitarios San Luis prorroga la convocatoria a la docencia de la UNSL interesada en presentar propuestas de cursos&hellip;\" \/>\n<meta property=\"og:url\" content=\"https:\/\/www.fica.unsl.edu.ar\/index.php\/prorroga-convocatoria-adu\/\" \/>\n<meta property=\"og:site_name\" content=\"Facultad de Ingenier\u00eda y Ciencias Agropecuarias\" \/>\n<meta property=\"article:publisher\" content=\"https:\/\/www.facebook.com\/FICA.UNSL\/\" \/>\n<meta property=\"article:published_time\" content=\"2023-11-07T12:30:52+00:00\" \/>\n<meta property=\"article:modified_time\" content=\"2023-11-08T12:34:57+00:00\" \/>\n<meta property=\"og:image\" content=\"https:\/\/www.fica.unsl.edu.ar\/wp-content\/uploads\/2023\/11\/ADU-PRORROGA.jpg\" \/>\n\t<meta property=\"og:image:width\" content=\"1061\" \/>\n\t<meta property=\"og:image:height\" content=\"585\" \/>\n\t<meta property=\"og:image:type\" content=\"image\/jpeg\" \/>\n<meta name=\"author\" content=\"DATI\" \/>\n<meta name=\"twitter:card\" content=\"summary_large_image\" \/>\n<meta name=\"twitter:creator\" content=\"@FICAUNSL\" \/>\n<meta name=\"twitter:site\" content=\"@FICAUNSL\" \/>\n<meta name=\"twitter:label1\" content=\"Escrito por\" \/>\n\t<meta name=\"twitter:data1\" content=\"DATI\" \/>\n\t<meta name=\"twitter:label2\" content=\"Tiempo de lectura\" \/>\n\t<meta name=\"twitter:data2\" content=\"2 minutos\" \/>\n<script type=\"application\/ld+json\" class=\"yoast-schema-graph\">{\"@context\":\"https:\\\/\\\/schema.org\",\"@graph\":[{\"@type\":\"Article\",\"@id\":\"https:\\\/\\\/www.fica.unsl.edu.ar\\\/index.php\\\/prorroga-convocatoria-adu\\\/#article\",\"isPartOf\":{\"@id\":\"https:\\\/\\\/www.fica.unsl.edu.ar\\\/index.php\\\/prorroga-convocatoria-adu\\\/\"},\"author\":{\"name\":\"DATI\",\"@id\":\"https:\\\/\\\/www.fica.unsl.edu.ar\\\/#\\\/schema\\\/person\\\/6058f9c66301868d3a691b1f5d6c3544\"},\"headline\":\"Pr\u00f3rroga de la Convocatoria para presentaci\u00f3n de propuestas de cursos de capacitaci\u00f3n y formaci\u00f3n con financiamiento de ADU\",\"datePublished\":\"2023-11-07T12:30:52+00:00\",\"dateModified\":\"2023-11-08T12:34:57+00:00\",\"mainEntityOfPage\":{\"@id\":\"https:\\\/\\\/www.fica.unsl.edu.ar\\\/index.php\\\/prorroga-convocatoria-adu\\\/\"},\"wordCount\":383,\"publisher\":{\"@id\":\"https:\\\/\\\/www.fica.unsl.edu.ar\\\/#organization\"},\"image\":{\"@id\":\"https:\\\/\\\/www.fica.unsl.edu.ar\\\/index.php\\\/prorroga-convocatoria-adu\\\/#primaryimage\"},\"thumbnailUrl\":\"https:\\\/\\\/www.fica.unsl.edu.ar\\\/wp-content\\\/uploads\\\/2023\\\/11\\\/ADU-PRORROGA.jpg\",\"articleSection\":[\"Noticias\"],\"inLanguage\":\"es-AR\"},{\"@type\":\"WebPage\",\"@id\":\"https:\\\/\\\/www.fica.unsl.edu.ar\\\/index.php\\\/prorroga-convocatoria-adu\\\/\",\"url\":\"https:\\\/\\\/www.fica.unsl.edu.ar\\\/index.php\\\/prorroga-convocatoria-adu\\\/\",\"name\":\"Pr\u00f3rroga de la Convocatoria para presentaci\u00f3n de propuestas de cursos de capacitaci\u00f3n y formaci\u00f3n con financiamiento de ADU - Facultad de Ingenier\u00eda y Ciencias Agropecuarias\",\"isPartOf\":{\"@id\":\"https:\\\/\\\/www.fica.unsl.edu.ar\\\/#website\"},\"primaryImageOfPage\":{\"@id\":\"https:\\\/\\\/www.fica.unsl.edu.ar\\\/index.php\\\/prorroga-convocatoria-adu\\\/#primaryimage\"},\"image\":{\"@id\":\"https:\\\/\\\/www.fica.unsl.edu.ar\\\/index.php\\\/prorroga-convocatoria-adu\\\/#primaryimage\"},\"thumbnailUrl\":\"https:\\\/\\\/www.fica.unsl.edu.ar\\\/wp-content\\\/uploads\\\/2023\\\/11\\\/ADU-PRORROGA.jpg\",\"datePublished\":\"2023-11-07T12:30:52+00:00\",\"dateModified\":\"2023-11-08T12:34:57+00:00\",\"inLanguage\":\"es-AR\",\"potentialAction\":[{\"@type\":\"ReadAction\",\"target\":[\"https:\\\/\\\/www.fica.unsl.edu.ar\\\/index.php\\\/prorroga-convocatoria-adu\\\/\"]}]},{\"@type\":\"ImageObject\",\"inLanguage\":\"es-AR\",\"@id\":\"https:\\\/\\\/www.fica.unsl.edu.ar\\\/index.php\\\/prorroga-convocatoria-adu\\\/#primaryimage\",\"url\":\"https:\\\/\\\/www.fica.unsl.edu.ar\\\/wp-content\\\/uploads\\\/2023\\\/11\\\/ADU-PRORROGA.jpg\",\"contentUrl\":\"https:\\\/\\\/www.fica.unsl.edu.ar\\\/wp-content\\\/uploads\\\/2023\\\/11\\\/ADU-PRORROGA.jpg\",\"width\":1061,\"height\":585},{\"@type\":\"WebSite\",\"@id\":\"https:\\\/\\\/www.fica.unsl.edu.ar\\\/#website\",\"url\":\"https:\\\/\\\/www.fica.unsl.edu.ar\\\/\",\"name\":\"Facultad de Ingenier\u00eda y Ciencias Agropecuarias\",\"description\":\"\",\"publisher\":{\"@id\":\"https:\\\/\\\/www.fica.unsl.edu.ar\\\/#organization\"},\"potentialAction\":[{\"@type\":\"SearchAction\",\"target\":{\"@type\":\"EntryPoint\",\"urlTemplate\":\"https:\\\/\\\/www.fica.unsl.edu.ar\\\/?s={search_term_string}\"},\"query-input\":{\"@type\":\"PropertyValueSpecification\",\"valueRequired\":true,\"valueName\":\"search_term_string\"}}],\"inLanguage\":\"es-AR\"},{\"@type\":\"Organization\",\"@id\":\"https:\\\/\\\/www.fica.unsl.edu.ar\\\/#organization\",\"name\":\"Facultad de Ingenier\u00eda y Ciencias Agropecuarias\",\"url\":\"https:\\\/\\\/www.fica.unsl.edu.ar\\\/\",\"logo\":{\"@type\":\"ImageObject\",\"inLanguage\":\"es-AR\",\"@id\":\"https:\\\/\\\/www.fica.unsl.edu.ar\\\/#\\\/schema\\\/logo\\\/image\\\/\",\"url\":\"https:\\\/\\\/www.fica.unsl.edu.ar\\\/wp-content\\\/uploads\\\/2021\\\/03\\\/LOGO-1.jpg\",\"contentUrl\":\"https:\\\/\\\/www.fica.unsl.edu.ar\\\/wp-content\\\/uploads\\\/2021\\\/03\\\/LOGO-1.jpg\",\"width\":463,\"height\":145,\"caption\":\"Facultad de Ingenier\u00eda y Ciencias Agropecuarias\"},\"image\":{\"@id\":\"https:\\\/\\\/www.fica.unsl.edu.ar\\\/#\\\/schema\\\/logo\\\/image\\\/\"},\"sameAs\":[\"https:\\\/\\\/www.facebook.com\\\/FICA.UNSL\\\/\",\"https:\\\/\\\/x.com\\\/FICAUNSL\",\"https:\\\/\\\/www.instagram.com\\\/fica.unsl\\\/\",\"https:\\\/\\\/www.youtube.com\\\/channel\\\/UCs2MM53gb2PyBrMySdtWZDQ\"]},{\"@type\":\"Person\",\"@id\":\"https:\\\/\\\/www.fica.unsl.edu.ar\\\/#\\\/schema\\\/person\\\/6058f9c66301868d3a691b1f5d6c3544\",\"name\":\"DATI\"}]}<\/script>\n<!-- \/ Yoast SEO plugin. -->","yoast_head_json":{"title":"Pr\u00f3rroga de la Convocatoria para presentaci\u00f3n de propuestas de cursos de capacitaci\u00f3n y formaci\u00f3n con financiamiento de ADU - Facultad de Ingenier\u00eda y Ciencias Agropecuarias","robots":{"index":"index","follow":"follow","max-snippet":"max-snippet:-1","max-image-preview":"max-image-preview:large","max-video-preview":"max-video-preview:-1"},"canonical":"https:\/\/www.fica.unsl.edu.ar\/index.php\/prorroga-convocatoria-adu\/","og_locale":"es_ES","og_type":"article","og_title":"Pr\u00f3rroga de la Convocatoria para presentaci\u00f3n de propuestas de cursos de capacitaci\u00f3n y formaci\u00f3n con financiamiento de ADU - Facultad de Ingenier\u00eda y Ciencias Agropecuarias","og_description":"Ante numerosos pedidos, la Asociaci\u00f3n de Docentes Universitarios San Luis prorroga la convocatoria a la docencia de la UNSL interesada en presentar propuestas de cursos&hellip;","og_url":"https:\/\/www.fica.unsl.edu.ar\/index.php\/prorroga-convocatoria-adu\/","og_site_name":"Facultad de Ingenier\u00eda y Ciencias Agropecuarias","article_publisher":"https:\/\/www.facebook.com\/FICA.UNSL\/","article_published_time":"2023-11-07T12:30:52+00:00","article_modified_time":"2023-11-08T12:34:57+00:00","og_image":[{"width":1061,"height":585,"url":"https:\/\/www.fica.unsl.edu.ar\/wp-content\/uploads\/2023\/11\/ADU-PRORROGA.jpg","type":"image\/jpeg"}],"author":"DATI","twitter_card":"summary_large_image","twitter_creator":"@FICAUNSL","twitter_site":"@FICAUNSL","twitter_misc":{"Escrito por":"DATI","Tiempo de lectura":"2 minutos"},"schema":{"@context":"https:\/\/schema.org","@graph":[{"@type":"Article","@id":"https:\/\/www.fica.unsl.edu.ar\/index.php\/prorroga-convocatoria-adu\/#article","isPartOf":{"@id":"https:\/\/www.fica.unsl.edu.ar\/index.php\/prorroga-convocatoria-adu\/"},"author":{"name":"DATI","@id":"https:\/\/www.fica.unsl.edu.ar\/#\/schema\/person\/6058f9c66301868d3a691b1f5d6c3544"},"headline":"Pr\u00f3rroga de la Convocatoria para presentaci\u00f3n de propuestas de cursos de capacitaci\u00f3n y formaci\u00f3n con financiamiento de ADU","datePublished":"2023-11-07T12:30:52+00:00","dateModified":"2023-11-08T12:34:57+00:00","mainEntityOfPage":{"@id":"https:\/\/www.fica.unsl.edu.ar\/index.php\/prorroga-convocatoria-adu\/"},"wordCount":383,"publisher":{"@id":"https:\/\/www.fica.unsl.edu.ar\/#organization"},"image":{"@id":"https:\/\/www.fica.unsl.edu.ar\/index.php\/prorroga-convocatoria-adu\/#primaryimage"},"thumbnailUrl":"https:\/\/www.fica.unsl.edu.ar\/wp-content\/uploads\/2023\/11\/ADU-PRORROGA.jpg","articleSection":["Noticias"],"inLanguage":"es-AR"},{"@type":"WebPage","@id":"https:\/\/www.fica.unsl.edu.ar\/index.php\/prorroga-convocatoria-adu\/","url":"https:\/\/www.fica.unsl.edu.ar\/index.php\/prorroga-convocatoria-adu\/","name":"Pr\u00f3rroga de la Convocatoria para presentaci\u00f3n de propuestas de cursos de capacitaci\u00f3n y formaci\u00f3n con financiamiento de ADU - Facultad de Ingenier\u00eda y Ciencias Agropecuarias","isPartOf":{"@id":"https:\/\/www.fica.unsl.edu.ar\/#website"},"primaryImageOfPage":{"@id":"https:\/\/www.fica.unsl.edu.ar\/index.php\/prorroga-convocatoria-adu\/#primaryimage"},"image":{"@id":"https:\/\/www.fica.unsl.edu.ar\/index.php\/prorroga-convocatoria-adu\/#primaryimage"},"thumbnailUrl":"https:\/\/www.fica.unsl.edu.ar\/wp-content\/uploads\/2023\/11\/ADU-PRORROGA.jpg","datePublished":"2023-11-07T12:30:52+00:00","dateModified":"2023-11-08T12:34:57+00:00","inLanguage":"es-AR","potentialAction":[{"@type":"ReadAction","target":["https:\/\/www.fica.unsl.edu.ar\/index.php\/prorroga-convocatoria-adu\/"]}]},{"@type":"ImageObject","inLanguage":"es-AR","@id":"https:\/\/www.fica.unsl.edu.ar\/index.php\/prorroga-convocatoria-adu\/#primaryimage","url":"https:\/\/www.fica.unsl.edu.ar\/wp-content\/uploads\/2023\/11\/ADU-PRORROGA.jpg","contentUrl":"https:\/\/www.fica.unsl.edu.ar\/wp-content\/uploads\/2023\/11\/ADU-PRORROGA.jpg","width":1061,"height":585},{"@type":"WebSite","@id":"https:\/\/www.fica.unsl.edu.ar\/#website","url":"https:\/\/www.fica.unsl.edu.ar\/","name":"Facultad de Ingenier\u00eda y Ciencias Agropecuarias","description":"","publisher":{"@id":"https:\/\/www.fica.unsl.edu.ar\/#organization"},"potentialAction":[{"@type":"SearchAction","target":{"@type":"EntryPoint","urlTemplate":"https:\/\/www.fica.unsl.edu.ar\/?s={search_term_string}"},"query-input":{"@type":"PropertyValueSpecification","valueRequired":true,"valueName":"search_term_string"}}],"inLanguage":"es-AR"},{"@type":"Organization","@id":"https:\/\/www.fica.unsl.edu.ar\/#organization","name":"Facultad de Ingenier\u00eda y Ciencias Agropecuarias","url":"https:\/\/www.fica.unsl.edu.ar\/","logo":{"@type":"ImageObject","inLanguage":"es-AR","@id":"https:\/\/www.fica.unsl.edu.ar\/#\/schema\/logo\/image\/","url":"https:\/\/www.fica.unsl.edu.ar\/wp-content\/uploads\/2021\/03\/LOGO-1.jpg","contentUrl":"https:\/\/www.fica.unsl.edu.ar\/wp-content\/uploads\/2021\/03\/LOGO-1.jpg","width":463,"height":145,"caption":"Facultad de Ingenier\u00eda y Ciencias Agropecuarias"},"image":{"@id":"https:\/\/www.fica.unsl.edu.ar\/#\/schema\/logo\/image\/"},"sameAs":["https:\/\/www.facebook.com\/FICA.UNSL\/","https:\/\/x.com\/FICAUNSL","https:\/\/www.instagram.com\/fica.unsl\/","https:\/\/www.youtube.com\/channel\/UCs2MM53gb2PyBrMySdtWZDQ"]},{"@type":"Person","@id":"https:\/\/www.fica.unsl.edu.ar\/#\/schema\/person\/6058f9c66301868d3a691b1f5d6c3544","name":"DATI"}]}},"_links":{"self":[{"href":"https:\/\/www.fica.unsl.edu.ar\/index.php\/wp-json\/wp\/v2\/posts\/15273","targetHints":{"allow":["GET"]}}],"collection":[{"href":"https:\/\/www.fica.unsl.edu.ar\/index.php\/wp-json\/wp\/v2\/posts"}],"about":[{"href":"https:\/\/www.fica.unsl.edu.ar\/index.php\/wp-json\/wp\/v2\/types\/post"}],"author":[{"embeddable":true,"href":"https:\/\/www.fica.unsl.edu.ar\/index.php\/wp-json\/wp\/v2\/users\/9"}],"replies":[{"embeddable":true,"href":"https:\/\/www.fica.unsl.edu.ar\/index.php\/wp-json\/wp\/v2\/comments?post=15273"}],"version-history":[{"count":1,"href":"https:\/\/www.fica.unsl.edu.ar\/index.php\/wp-json\/wp\/v2\/posts\/15273\/revisions"}],"predecessor-version":[{"id":15275,"href":"https:\/\/www.fica.unsl.edu.ar\/index.php\/wp-json\/wp\/v2\/posts\/15273\/revisions\/15275"}],"wp:featuredmedia":[{"embeddable":true,"href":"https:\/\/www.fica.unsl.edu.ar\/index.php\/wp-json\/wp\/v2\/media\/15274"}],"wp:attachment":[{"href":"https:\/\/www.fica.unsl.edu.ar\/index.php\/wp-json\/wp\/v2\/media?parent=15273"}],"wp:term":[{"taxonomy":"category","embeddable":true,"href":"https:\/\/www.fica.unsl.edu.ar\/index.php\/wp-json\/wp\/v2\/categories?post=15273"},{"taxonomy":"post_tag","embeddable":true,"href":"https:\/\/www.fica.unsl.edu.ar\/index.php\/wp-json\/wp\/v2\/tags?post=15273"}],"curies":[{"name":"wp","href":"https:\/\/api.w.org\/{rel}","templated":true}]}}