{"id":15313,"date":"2023-11-13T12:29:05","date_gmt":"2023-11-13T15:29:05","guid":{"rendered":"http:\/\/10.101.10.196\/www\/?p=15313"},"modified":"2023-11-22T11:23:02","modified_gmt":"2023-11-22T14:23:02","slug":"se-desarrollo-2-jornada-de-divulgacion-y-vinculacion-academico-cultural-ingenieria-agronomica","status":"publish","type":"post","link":"https:\/\/www.fica.unsl.edu.ar\/index.php\/se-desarrollo-2-jornada-de-divulgacion-y-vinculacion-academico-cultural-ingenieria-agronomica\/","title":{"rendered":"Se desarroll\u00f3 con \u00e9xito la 2\u00b0 Jornada de Divulgaci\u00f3n y Vinculaci\u00f3n Acad\u00e9mico\/Cultural: Ingenier\u00eda Agron\u00f3mica (\u2026)"},"content":{"rendered":"<p>Con la participaci\u00f3n de m\u00e1s de 60 estudiantes de escuelas secundarias agrot\u00e9cnicas, Docentes del Departamento de Ciencias Agropecuarias llevaron a cabo la 2\u00b0 Jornada de Divulgaci\u00f3n y Vinculaci\u00f3n Acad\u00e9mico\/Cultural: Ingenier\u00eda Agron\u00f3mica (FICA-UNSL) y Colegios Agrot\u00e9cnicos de la Provincia de San Luis.<\/p>\n<p>Participaron escuelas de toda la provincia, entre ellas, Escuela T\u00e9cnica N\u00b0 14: \u201cMinistro del Superior Tribunal de Justicia Dr. Luis A. Luco\u201d (Villa Mercedes); Colegio N\u00b0 21: \u201cMar\u00eda Auxiliadora\u201d (Justo Daract) y Escuela T\u00e9cnica Generativa Leonor M. Hirsch de Caraballo (Buena Esperanza).<\/p>\n<p>Esta nueva edici\u00f3n de la jornada se desarroll\u00f3 en el \u00e1mbito del Edificio del Departamento de Ciencias Agropecuarias, el pasado viernes 10 de noviembre, siendo la responsable de la misma la Ing. Agr. Marcia Micca y sus Coordinadoras las Ings. Bel\u00e9n Funes y Cecilia Sosa.<\/p>\n<p>El acto de apertura cont\u00f3 con la presencia del Decano, Mgtr. Sergio Ribotta, el Vicedecano, Dr. Federico Serra, la Secretaria General, Dra. Claudia Grzona, la Coordinadora de Extensi\u00f3n, Vinculaci\u00f3n y Transferencia, Ing. Mariana Saber, el Subsecretario de la SAEBU, Ing. Mat\u00edas Funes, autoridades de la FICA, docentes y estudiantes.<\/p>\n<p>En sus palabras de bienvenida, la Subdirectora del Departamento de Ciencias Agropecuarias, Ing. Cecilia Lartigue destac\u00f3 que la segunda edici\u00f3n de las jornadas \u201ces muy importante para el Departamento, sobre todo para que el medio conozca qu\u00e9 es lo que estamos haciendo por nuestra comunidad, que tanto nos da para que nosotros lo devolvamos en la formaci\u00f3n de nuestros futuros profesionales\u201d.<\/p>\n<p>Con la colaboraci\u00f3n y participaci\u00f3n de docentes y estudiantes de Ingenier\u00eda Agron\u00f3mica, las actividades se desarrollaron en el \u00e1mbito del Departamento de Ciencias Agropecuarias en el horario de 9 a 16 h. Al inicio de la jornada, los estudiantes pudieron disfrutar de diferentes stands y muestras, que les permit\u00eda conocer sobre las actividades de investigaci\u00f3n y extensi\u00f3n que llevan adelante docentes de la FICA. De dicha actividad participaron 14 (catorce) Proyectos de Investigaci\u00f3n, 1 (uno) Proyecto de Extensi\u00f3n y 2 (dos) Laboratorios de Servicios.<\/p>\n<p>El programa contin\u00fao con las disertaciones de la Directora de Carrera Ing. Silvia Bonivardo \u201cCompetencias de la carrera Ingenier\u00eda Agron\u00f3mica\u201d; estudiantes de 1\u00b0, 2\u00b0, 3\u00b0, 4\u00b0 y 5\u00b0 a\u00f1o de la carrera y el graduado Ing. Gabiel Naffisi \u201cvivencias a lo largo la carrera universitaria y post graduaci\u00f3n\u201d; el Ing. Matias Funes y la Lic. Mercedes Orom\u00ed \u201cbeneficios estudiantiles que brinda la UNSL a trav\u00e9s de la SsAEBU\u201d y por \u00faltimo la Mag. Lic. Sonia N. Pereyra y su equipo de trabajo realiz\u00f3 un taller denominado \u201cEl proyecto de ser estudiante en la universidad: Estudiar Ingenier\u00eda realiz\u00f3 Agron\u00f3mica\u201d<\/p>\n<p>Finalmente la actividad culmin\u00f3 con un almuerzo libre y una pe\u00f1a folkl\u00f3rica.<\/p>\n<div class=\"gmedia_gallery phantom_module is_bot\" id=\"GmediaGallery_191\" data-gmid=\"191\" data-module=\"phantom\"><style type='text\/css' class='gmedia_module_style_import'>@import url('https:\/\/www.fica.unsl.edu.ar\/wp-content\/plugins\/grand-media\/module\/phantom\/css\/style.css') all;<\/style>    <div class=\"gmPhantom_Container noLightbox\" >\r\n                <div class=\"gmPhantom_thumbsWrapper gmPhantom_ThumbScale gmPhantom_LabelHover\">\r\n                        <div class=\"gmPhantom_ThumbContainer gmPhantom_ThumbLoader\" data-id=\"2876\" data-post_id=\"15468\" data-ratio=\"1.5\" data-type=\"image\" data-ext=\"jpg\" data-views=\"0\" data-likes=\"0\" data-cc=\"0\" data-post_link=\"https:\/\/www.fica.unsl.edu.ar\/index.php\/gmedia\/2_jornada_de_divulgaci_n_y_vinculaci_n_acad_micocultural_ingenier_a_agron_mica_125_-jpg\/\">\r\n                <a href=\"https:\/\/www.fica.unsl.edu.ar\/wp-content\/grand-media\/image\/2_Jornada_de_Divulgaci_n_y_Vinculaci_n_Acad_micoCultural_Ingenier_a_Agron_mica_125_.jpg\" class=\"gmPhantom_Thumb\"><img decoding=\"async\" src=\"https:\/\/www.fica.unsl.edu.ar\/wp-content\/grand-media\/image\/thumb\/2_Jornada_de_Divulgaci_n_y_Vinculaci_n_Acad_micoCultural_Ingenier_a_Agron_mica_125_.jpg\" data-src=\"https:\/\/www.fica.unsl.edu.ar\/wp-content\/grand-media\/image\/2_Jornada_de_Divulgaci_n_y_Vinculaci_n_Acad_micoCultural_Ingenier_a_Agron_mica_125_.jpg\" alt=\"2\u00b0 Jornada De Divulgaci\u00f3n Y Vinculaci\u00f3n Acad\u00e9micoCultural Ingenier\u00eda Agron\u00f3mica (125)\"\/><\/a>\r\n                                    <div class=\"gmPhantom_ThumbLabel\"><span class=\"gmPhantom_ThumbLabel_title\">2\u00b0 Jornada De Divulgaci\u00f3n Y Vinculaci\u00f3n Acad\u00e9micoCultural Ingenier\u00eda Agron\u00f3mica (125)<\/span><\/div>\r\n                                    <div style=\"display:none;\" class=\"gmPhantom_Details\">\r\n                                            <div class=\"gmPhantom_description\">\r\n                            <div class=\"gmPhantom_title\">2\u00b0 Jornada De Divulgaci\u00f3n Y Vinculaci\u00f3n Acad\u00e9micoCultural Ingenier\u00eda Agron\u00f3mica (125)<\/div>\r\n                            <div class=\"gmPhantom_text\"><\/div>\r\n                        <\/div>\r\n                                                            <div class=\"gmPhantom_terms\">\r\n                                                    <div class=\"gmPhantom_other_terms\">\r\n                                <table class=\"gmPhantom_other_terms_table\">\r\n                                                                            <tr class=\"gmPhantom_term_row_album\">\r\n                                            <td class=\"gmPhantom_term_key\">Album<\/td>\r\n                                            <td class=\"gmPhantom_term_value\"><a href=\"\/index.php\/wp-json\/wp\/v2\/posts\/15313?gm191[album__in]=191\" class=\"gmPhantom_alb\">2-Jornada-Divulgacion-Vinculacion-Acad\u00e9mico-Cultural-2023<\/a><\/td>\r\n                                        <\/tr>\r\n                                                                    <\/table>\r\n                            <\/div>\r\n                                                <\/div>\r\n                <\/div>\r\n                <\/div>            <div class=\"gmPhantom_ThumbContainer gmPhantom_ThumbLoader\" data-id=\"2875\" data-post_id=\"15467\" data-ratio=\"1.5\" data-type=\"image\" data-ext=\"jpg\" data-views=\"0\" data-likes=\"0\" data-cc=\"0\" data-post_link=\"https:\/\/www.fica.unsl.edu.ar\/index.php\/gmedia\/2_jornada_de_divulgaci_n_y_vinculaci_n_acad_micocultural_ingenier_a_agron_mica_124_-jpg\/\">\r\n                <a href=\"https:\/\/www.fica.unsl.edu.ar\/wp-content\/grand-media\/image\/2_Jornada_de_Divulgaci_n_y_Vinculaci_n_Acad_micoCultural_Ingenier_a_Agron_mica_124_.jpg\" class=\"gmPhantom_Thumb\"><img decoding=\"async\" src=\"https:\/\/www.fica.unsl.edu.ar\/wp-content\/grand-media\/image\/thumb\/2_Jornada_de_Divulgaci_n_y_Vinculaci_n_Acad_micoCultural_Ingenier_a_Agron_mica_124_.jpg\" data-src=\"https:\/\/www.fica.unsl.edu.ar\/wp-content\/grand-media\/image\/2_Jornada_de_Divulgaci_n_y_Vinculaci_n_Acad_micoCultural_Ingenier_a_Agron_mica_124_.jpg\" alt=\"2\u00b0 Jornada De Divulgaci\u00f3n Y Vinculaci\u00f3n Acad\u00e9micoCultural Ingenier\u00eda Agron\u00f3mica (124)\"\/><\/a>\r\n                                    <div class=\"gmPhantom_ThumbLabel\"><span class=\"gmPhantom_ThumbLabel_title\">2\u00b0 Jornada De Divulgaci\u00f3n Y Vinculaci\u00f3n Acad\u00e9micoCultural Ingenier\u00eda Agron\u00f3mica (124)<\/span><\/div>\r\n                                    <div style=\"display:none;\" class=\"gmPhantom_Details\">\r\n                                            <div class=\"gmPhantom_description\">\r\n                            <div class=\"gmPhantom_title\">2\u00b0 Jornada De Divulgaci\u00f3n Y Vinculaci\u00f3n Acad\u00e9micoCultural Ingenier\u00eda Agron\u00f3mica (124)<\/div>\r\n                            <div class=\"gmPhantom_text\"><\/div>\r\n                        <\/div>\r\n                                                            <div class=\"gmPhantom_terms\">\r\n                                                    <div class=\"gmPhantom_other_terms\">\r\n                                <table class=\"gmPhantom_other_terms_table\">\r\n                                                                            <tr class=\"gmPhantom_term_row_album\">\r\n                                            <td class=\"gmPhantom_term_key\">Album<\/td>\r\n                                            <td class=\"gmPhantom_term_value\"><a href=\"\/index.php\/wp-json\/wp\/v2\/posts\/15313?gm191[album__in]=191\" class=\"gmPhantom_alb\">2-Jornada-Divulgacion-Vinculacion-Acad\u00e9mico-Cultural-2023<\/a><\/td>\r\n                                        <\/tr>\r\n                                                                    <\/table>\r\n                            <\/div>\r\n                                                <\/div>\r\n                <\/div>\r\n                <\/div>            <div class=\"gmPhantom_ThumbContainer gmPhantom_ThumbLoader\" data-id=\"2874\" data-post_id=\"15466\" data-ratio=\"1.5\" data-type=\"image\" data-ext=\"jpg\" data-views=\"0\" data-likes=\"0\" data-cc=\"0\" data-post_link=\"https:\/\/www.fica.unsl.edu.ar\/index.php\/gmedia\/2_jornada_de_divulgaci_n_y_vinculaci_n_acad_micocultural_ingenier_a_agron_mica_123_-jpg\/\">\r\n                <a href=\"https:\/\/www.fica.unsl.edu.ar\/wp-content\/grand-media\/image\/2_Jornada_de_Divulgaci_n_y_Vinculaci_n_Acad_micoCultural_Ingenier_a_Agron_mica_123_.jpg\" class=\"gmPhantom_Thumb\"><img decoding=\"async\" src=\"https:\/\/www.fica.unsl.edu.ar\/wp-content\/grand-media\/image\/thumb\/2_Jornada_de_Divulgaci_n_y_Vinculaci_n_Acad_micoCultural_Ingenier_a_Agron_mica_123_.jpg\" data-src=\"https:\/\/www.fica.unsl.edu.ar\/wp-content\/grand-media\/image\/2_Jornada_de_Divulgaci_n_y_Vinculaci_n_Acad_micoCultural_Ingenier_a_Agron_mica_123_.jpg\" alt=\"2\u00b0 Jornada De Divulgaci\u00f3n Y Vinculaci\u00f3n Acad\u00e9micoCultural Ingenier\u00eda Agron\u00f3mica (123)\"\/><\/a>\r\n                                    <div class=\"gmPhantom_ThumbLabel\"><span class=\"gmPhantom_ThumbLabel_title\">2\u00b0 Jornada De Divulgaci\u00f3n Y Vinculaci\u00f3n Acad\u00e9micoCultural Ingenier\u00eda Agron\u00f3mica (123)<\/span><\/div>\r\n                                    <div style=\"display:none;\" class=\"gmPhantom_Details\">\r\n                                            <div class=\"gmPhantom_description\">\r\n                            <div class=\"gmPhantom_title\">2\u00b0 Jornada De Divulgaci\u00f3n Y Vinculaci\u00f3n Acad\u00e9micoCultural Ingenier\u00eda Agron\u00f3mica (123)<\/div>\r\n                            <div class=\"gmPhantom_text\"><\/div>\r\n                        <\/div>\r\n                                                            <div class=\"gmPhantom_terms\">\r\n                                                    <div class=\"gmPhantom_other_terms\">\r\n                                <table class=\"gmPhantom_other_terms_table\">\r\n                                                                            <tr class=\"gmPhantom_term_row_album\">\r\n                                            <td class=\"gmPhantom_term_key\">Album<\/td>\r\n                                            <td class=\"gmPhantom_term_value\"><a href=\"\/index.php\/wp-json\/wp\/v2\/posts\/15313?gm191[album__in]=191\" class=\"gmPhantom_alb\">2-Jornada-Divulgacion-Vinculacion-Acad\u00e9mico-Cultural-2023<\/a><\/td>\r\n                                        <\/tr>\r\n                                                                    <\/table>\r\n                            <\/div>\r\n                                                <\/div>\r\n                <\/div>\r\n                <\/div>            <div class=\"gmPhantom_ThumbContainer gmPhantom_ThumbLoader\" data-id=\"2873\" data-post_id=\"15465\" data-ratio=\"1.5\" data-type=\"image\" data-ext=\"jpg\" data-views=\"1\" data-likes=\"0\" data-cc=\"0\" data-post_link=\"https:\/\/www.fica.unsl.edu.ar\/index.php\/gmedia\/2_jornada_de_divulgaci_n_y_vinculaci_n_acad_micocultural_ingenier_a_agron_mica_122_-jpg\/\">\r\n                <a href=\"https:\/\/www.fica.unsl.edu.ar\/wp-content\/grand-media\/image\/2_Jornada_de_Divulgaci_n_y_Vinculaci_n_Acad_micoCultural_Ingenier_a_Agron_mica_122_.jpg\" class=\"gmPhantom_Thumb\"><img decoding=\"async\" src=\"https:\/\/www.fica.unsl.edu.ar\/wp-content\/grand-media\/image\/thumb\/2_Jornada_de_Divulgaci_n_y_Vinculaci_n_Acad_micoCultural_Ingenier_a_Agron_mica_122_.jpg\" data-src=\"https:\/\/www.fica.unsl.edu.ar\/wp-content\/grand-media\/image\/2_Jornada_de_Divulgaci_n_y_Vinculaci_n_Acad_micoCultural_Ingenier_a_Agron_mica_122_.jpg\" alt=\"2\u00b0 Jornada De Divulgaci\u00f3n Y Vinculaci\u00f3n Acad\u00e9micoCultural Ingenier\u00eda Agron\u00f3mica (122)\"\/><\/a>\r\n                                    <div class=\"gmPhantom_ThumbLabel\"><span class=\"gmPhantom_ThumbLabel_title\">2\u00b0 Jornada De Divulgaci\u00f3n Y Vinculaci\u00f3n Acad\u00e9micoCultural Ingenier\u00eda Agron\u00f3mica (122)<\/span><\/div>\r\n                                    <div style=\"display:none;\" class=\"gmPhantom_Details\">\r\n                                            <div class=\"gmPhantom_description\">\r\n                            <div class=\"gmPhantom_title\">2\u00b0 Jornada De Divulgaci\u00f3n Y Vinculaci\u00f3n Acad\u00e9micoCultural Ingenier\u00eda Agron\u00f3mica (122)<\/div>\r\n                            <div class=\"gmPhantom_text\"><\/div>\r\n                        <\/div>\r\n                                                            <div class=\"gmPhantom_terms\">\r\n                                                    <div class=\"gmPhantom_other_terms\">\r\n                                <table class=\"gmPhantom_other_terms_table\">\r\n                                                                            <tr class=\"gmPhantom_term_row_album\">\r\n                                            <td class=\"gmPhantom_term_key\">Album<\/td>\r\n                                            <td class=\"gmPhantom_term_value\"><a href=\"\/index.php\/wp-json\/wp\/v2\/posts\/15313?gm191[album__in]=191\" class=\"gmPhantom_alb\">2-Jornada-Divulgacion-Vinculacion-Acad\u00e9mico-Cultural-2023<\/a><\/td>\r\n                                        <\/tr>\r\n                                                                    <\/table>\r\n                            <\/div>\r\n                                                <\/div>\r\n                <\/div>\r\n                <\/div>            <div class=\"gmPhantom_ThumbContainer gmPhantom_ThumbLoader\" data-id=\"2872\" data-post_id=\"15464\" data-ratio=\"1.5\" data-type=\"image\" data-ext=\"jpg\" data-views=\"0\" data-likes=\"0\" data-cc=\"0\" data-post_link=\"https:\/\/www.fica.unsl.edu.ar\/index.php\/gmedia\/2_jornada_de_divulgaci_n_y_vinculaci_n_acad_micocultural_ingenier_a_agron_mica_121_-jpg\/\">\r\n                <a href=\"https:\/\/www.fica.unsl.edu.ar\/wp-content\/grand-media\/image\/2_Jornada_de_Divulgaci_n_y_Vinculaci_n_Acad_micoCultural_Ingenier_a_Agron_mica_121_.jpg\" class=\"gmPhantom_Thumb\"><img decoding=\"async\" src=\"https:\/\/www.fica.unsl.edu.ar\/wp-content\/grand-media\/image\/thumb\/2_Jornada_de_Divulgaci_n_y_Vinculaci_n_Acad_micoCultural_Ingenier_a_Agron_mica_121_.jpg\" data-src=\"https:\/\/www.fica.unsl.edu.ar\/wp-content\/grand-media\/image\/2_Jornada_de_Divulgaci_n_y_Vinculaci_n_Acad_micoCultural_Ingenier_a_Agron_mica_121_.jpg\" alt=\"2\u00b0 Jornada De Divulgaci\u00f3n Y Vinculaci\u00f3n Acad\u00e9micoCultural Ingenier\u00eda Agron\u00f3mica (121)\"\/><\/a>\r\n                                    <div class=\"gmPhantom_ThumbLabel\"><span class=\"gmPhantom_ThumbLabel_title\">2\u00b0 Jornada De Divulgaci\u00f3n Y Vinculaci\u00f3n Acad\u00e9micoCultural Ingenier\u00eda Agron\u00f3mica (121)<\/span><\/div>\r\n                                    <div style=\"display:none;\" class=\"gmPhantom_Details\">\r\n                                            <div class=\"gmPhantom_description\">\r\n                            <div class=\"gmPhantom_title\">2\u00b0 Jornada De Divulgaci\u00f3n Y Vinculaci\u00f3n Acad\u00e9micoCultural Ingenier\u00eda Agron\u00f3mica (121)<\/div>\r\n                            <div class=\"gmPhantom_text\"><\/div>\r\n                        <\/div>\r\n                                                            <div class=\"gmPhantom_terms\">\r\n                                                    <div class=\"gmPhantom_other_terms\">\r\n                                <table class=\"gmPhantom_other_terms_table\">\r\n                                                                            <tr class=\"gmPhantom_term_row_album\">\r\n                                            <td class=\"gmPhantom_term_key\">Album<\/td>\r\n                                            <td class=\"gmPhantom_term_value\"><a href=\"\/index.php\/wp-json\/wp\/v2\/posts\/15313?gm191[album__in]=191\" class=\"gmPhantom_alb\">2-Jornada-Divulgacion-Vinculacion-Acad\u00e9mico-Cultural-2023<\/a><\/td>\r\n                                        <\/tr>\r\n                                                                    <\/table>\r\n                            <\/div>\r\n                                                <\/div>\r\n                <\/div>\r\n                <\/div>            <div class=\"gmPhantom_ThumbContainer gmPhantom_ThumbLoader\" data-id=\"2871\" data-post_id=\"15463\" data-ratio=\"1.5\" data-type=\"image\" data-ext=\"jpg\" data-views=\"1\" data-likes=\"0\" data-cc=\"0\" data-post_link=\"https:\/\/www.fica.unsl.edu.ar\/index.php\/gmedia\/2_jornada_de_divulgaci_n_y_vinculaci_n_acad_micocultural_ingenier_a_agron_mica_120_-jpg\/\">\r\n                <a href=\"https:\/\/www.fica.unsl.edu.ar\/wp-content\/grand-media\/image\/2_Jornada_de_Divulgaci_n_y_Vinculaci_n_Acad_micoCultural_Ingenier_a_Agron_mica_120_.jpg\" class=\"gmPhantom_Thumb\"><img decoding=\"async\" src=\"https:\/\/www.fica.unsl.edu.ar\/wp-content\/grand-media\/image\/thumb\/2_Jornada_de_Divulgaci_n_y_Vinculaci_n_Acad_micoCultural_Ingenier_a_Agron_mica_120_.jpg\" data-src=\"https:\/\/www.fica.unsl.edu.ar\/wp-content\/grand-media\/image\/2_Jornada_de_Divulgaci_n_y_Vinculaci_n_Acad_micoCultural_Ingenier_a_Agron_mica_120_.jpg\" alt=\"2\u00b0 Jornada De Divulgaci\u00f3n Y Vinculaci\u00f3n Acad\u00e9micoCultural Ingenier\u00eda Agron\u00f3mica (120)\"\/><\/a>\r\n                                    <div class=\"gmPhantom_ThumbLabel\"><span class=\"gmPhantom_ThumbLabel_title\">2\u00b0 Jornada De Divulgaci\u00f3n Y Vinculaci\u00f3n Acad\u00e9micoCultural Ingenier\u00eda Agron\u00f3mica (120)<\/span><\/div>\r\n                                    <div style=\"display:none;\" class=\"gmPhantom_Details\">\r\n                                            <div class=\"gmPhantom_description\">\r\n                            <div class=\"gmPhantom_title\">2\u00b0 Jornada De Divulgaci\u00f3n Y Vinculaci\u00f3n Acad\u00e9micoCultural Ingenier\u00eda Agron\u00f3mica (120)<\/div>\r\n                            <div class=\"gmPhantom_text\"><\/div>\r\n                        <\/div>\r\n                                                            <div class=\"gmPhantom_terms\">\r\n                                                    <div class=\"gmPhantom_other_terms\">\r\n                                <table class=\"gmPhantom_other_terms_table\">\r\n                                                                            <tr class=\"gmPhantom_term_row_album\">\r\n                                            <td class=\"gmPhantom_term_key\">Album<\/td>\r\n                                            <td class=\"gmPhantom_term_value\"><a href=\"\/index.php\/wp-json\/wp\/v2\/posts\/15313?gm191[album__in]=191\" class=\"gmPhantom_alb\">2-Jornada-Divulgacion-Vinculacion-Acad\u00e9mico-Cultural-2023<\/a><\/td>\r\n                                        <\/tr>\r\n                                                                    <\/table>\r\n                            <\/div>\r\n                                                <\/div>\r\n                <\/div>\r\n                <\/div>            <div class=\"gmPhantom_ThumbContainer gmPhantom_ThumbLoader\" data-id=\"2870\" data-post_id=\"15462\" data-ratio=\"1.5\" data-type=\"image\" data-ext=\"jpg\" data-views=\"1\" data-likes=\"0\" data-cc=\"0\" data-post_link=\"https:\/\/www.fica.unsl.edu.ar\/index.php\/gmedia\/2_jornada_de_divulgaci_n_y_vinculaci_n_acad_micocultural_ingenier_a_agron_mica_119_-jpg\/\">\r\n                <a href=\"https:\/\/www.fica.unsl.edu.ar\/wp-content\/grand-media\/image\/2_Jornada_de_Divulgaci_n_y_Vinculaci_n_Acad_micoCultural_Ingenier_a_Agron_mica_119_.jpg\" class=\"gmPhantom_Thumb\"><img decoding=\"async\" src=\"https:\/\/www.fica.unsl.edu.ar\/wp-content\/grand-media\/image\/thumb\/2_Jornada_de_Divulgaci_n_y_Vinculaci_n_Acad_micoCultural_Ingenier_a_Agron_mica_119_.jpg\" data-src=\"https:\/\/www.fica.unsl.edu.ar\/wp-content\/grand-media\/image\/2_Jornada_de_Divulgaci_n_y_Vinculaci_n_Acad_micoCultural_Ingenier_a_Agron_mica_119_.jpg\" alt=\"2\u00b0 Jornada De Divulgaci\u00f3n Y Vinculaci\u00f3n Acad\u00e9micoCultural Ingenier\u00eda Agron\u00f3mica (119)\"\/><\/a>\r\n                                    <div class=\"gmPhantom_ThumbLabel\"><span class=\"gmPhantom_ThumbLabel_title\">2\u00b0 Jornada De Divulgaci\u00f3n Y Vinculaci\u00f3n Acad\u00e9micoCultural Ingenier\u00eda Agron\u00f3mica (119)<\/span><\/div>\r\n                                    <div style=\"display:none;\" class=\"gmPhantom_Details\">\r\n                                            <div class=\"gmPhantom_description\">\r\n                            <div class=\"gmPhantom_title\">2\u00b0 Jornada De Divulgaci\u00f3n Y Vinculaci\u00f3n Acad\u00e9micoCultural Ingenier\u00eda Agron\u00f3mica (119)<\/div>\r\n                            <div class=\"gmPhantom_text\"><\/div>\r\n                        <\/div>\r\n                                                            <div class=\"gmPhantom_terms\">\r\n                                                    <div class=\"gmPhantom_other_terms\">\r\n                                <table class=\"gmPhantom_other_terms_table\">\r\n                                                                            <tr class=\"gmPhantom_term_row_album\">\r\n                                            <td class=\"gmPhantom_term_key\">Album<\/td>\r\n                                            <td class=\"gmPhantom_term_value\"><a href=\"\/index.php\/wp-json\/wp\/v2\/posts\/15313?gm191[album__in]=191\" class=\"gmPhantom_alb\">2-Jornada-Divulgacion-Vinculacion-Acad\u00e9mico-Cultural-2023<\/a><\/td>\r\n                                        <\/tr>\r\n                                                                    <\/table>\r\n                            <\/div>\r\n                                                <\/div>\r\n                <\/div>\r\n                <\/div>            <div class=\"gmPhantom_ThumbContainer gmPhantom_ThumbLoader\" data-id=\"2869\" data-post_id=\"15461\" data-ratio=\"1.5\" data-type=\"image\" data-ext=\"jpg\" data-views=\"0\" data-likes=\"0\" data-cc=\"0\" data-post_link=\"https:\/\/www.fica.unsl.edu.ar\/index.php\/gmedia\/2_jornada_de_divulgaci_n_y_vinculaci_n_acad_micocultural_ingenier_a_agron_mica_118_-jpg\/\">\r\n                <a href=\"https:\/\/www.fica.unsl.edu.ar\/wp-content\/grand-media\/image\/2_Jornada_de_Divulgaci_n_y_Vinculaci_n_Acad_micoCultural_Ingenier_a_Agron_mica_118_.jpg\" class=\"gmPhantom_Thumb\"><img decoding=\"async\" src=\"https:\/\/www.fica.unsl.edu.ar\/wp-content\/grand-media\/image\/thumb\/2_Jornada_de_Divulgaci_n_y_Vinculaci_n_Acad_micoCultural_Ingenier_a_Agron_mica_118_.jpg\" data-src=\"https:\/\/www.fica.unsl.edu.ar\/wp-content\/grand-media\/image\/2_Jornada_de_Divulgaci_n_y_Vinculaci_n_Acad_micoCultural_Ingenier_a_Agron_mica_118_.jpg\" alt=\"2\u00b0 Jornada De Divulgaci\u00f3n Y Vinculaci\u00f3n Acad\u00e9micoCultural Ingenier\u00eda Agron\u00f3mica (118)\"\/><\/a>\r\n                                    <div class=\"gmPhantom_ThumbLabel\"><span class=\"gmPhantom_ThumbLabel_title\">2\u00b0 Jornada De Divulgaci\u00f3n Y Vinculaci\u00f3n Acad\u00e9micoCultural Ingenier\u00eda Agron\u00f3mica (118)<\/span><\/div>\r\n                                    <div style=\"display:none;\" class=\"gmPhantom_Details\">\r\n                                            <div class=\"gmPhantom_description\">\r\n                            <div class=\"gmPhantom_title\">2\u00b0 Jornada De Divulgaci\u00f3n Y Vinculaci\u00f3n Acad\u00e9micoCultural Ingenier\u00eda Agron\u00f3mica (118)<\/div>\r\n                            <div class=\"gmPhantom_text\"><\/div>\r\n                        <\/div>\r\n                                                            <div class=\"gmPhantom_terms\">\r\n                                                    <div class=\"gmPhantom_other_terms\">\r\n                                <table class=\"gmPhantom_other_terms_table\">\r\n                                                                            <tr class=\"gmPhantom_term_row_album\">\r\n                                            <td class=\"gmPhantom_term_key\">Album<\/td>\r\n                                            <td class=\"gmPhantom_term_value\"><a href=\"\/index.php\/wp-json\/wp\/v2\/posts\/15313?gm191[album__in]=191\" class=\"gmPhantom_alb\">2-Jornada-Divulgacion-Vinculacion-Acad\u00e9mico-Cultural-2023<\/a><\/td>\r\n                                        <\/tr>\r\n                                                                    <\/table>\r\n                            <\/div>\r\n                                                <\/div>\r\n                <\/div>\r\n                <\/div>            <div class=\"gmPhantom_ThumbContainer gmPhantom_ThumbLoader\" data-id=\"2868\" data-post_id=\"15460\" data-ratio=\"1.5\" data-type=\"image\" data-ext=\"jpg\" data-views=\"0\" data-likes=\"0\" data-cc=\"0\" data-post_link=\"https:\/\/www.fica.unsl.edu.ar\/index.php\/gmedia\/2_jornada_de_divulgaci_n_y_vinculaci_n_acad_micocultural_ingenier_a_agron_mica_117_-jpg\/\">\r\n                <a href=\"https:\/\/www.fica.unsl.edu.ar\/wp-content\/grand-media\/image\/2_Jornada_de_Divulgaci_n_y_Vinculaci_n_Acad_micoCultural_Ingenier_a_Agron_mica_117_.jpg\" class=\"gmPhantom_Thumb\"><img decoding=\"async\" src=\"https:\/\/www.fica.unsl.edu.ar\/wp-content\/grand-media\/image\/thumb\/2_Jornada_de_Divulgaci_n_y_Vinculaci_n_Acad_micoCultural_Ingenier_a_Agron_mica_117_.jpg\" data-src=\"https:\/\/www.fica.unsl.edu.ar\/wp-content\/grand-media\/image\/2_Jornada_de_Divulgaci_n_y_Vinculaci_n_Acad_micoCultural_Ingenier_a_Agron_mica_117_.jpg\" alt=\"2\u00b0 Jornada De Divulgaci\u00f3n Y Vinculaci\u00f3n Acad\u00e9micoCultural Ingenier\u00eda Agron\u00f3mica (117)\"\/><\/a>\r\n                                    <div class=\"gmPhantom_ThumbLabel\"><span class=\"gmPhantom_ThumbLabel_title\">2\u00b0 Jornada De Divulgaci\u00f3n Y Vinculaci\u00f3n Acad\u00e9micoCultural Ingenier\u00eda Agron\u00f3mica (117)<\/span><\/div>\r\n                                    <div style=\"display:none;\" class=\"gmPhantom_Details\">\r\n                                            <div class=\"gmPhantom_description\">\r\n                            <div class=\"gmPhantom_title\">2\u00b0 Jornada De Divulgaci\u00f3n Y Vinculaci\u00f3n Acad\u00e9micoCultural Ingenier\u00eda Agron\u00f3mica (117)<\/div>\r\n                            <div class=\"gmPhantom_text\"><\/div>\r\n                        <\/div>\r\n                                                            <div class=\"gmPhantom_terms\">\r\n                                                    <div class=\"gmPhantom_other_terms\">\r\n                                <table class=\"gmPhantom_other_terms_table\">\r\n                                                                            <tr class=\"gmPhantom_term_row_album\">\r\n                                            <td class=\"gmPhantom_term_key\">Album<\/td>\r\n                                            <td class=\"gmPhantom_term_value\"><a href=\"\/index.php\/wp-json\/wp\/v2\/posts\/15313?gm191[album__in]=191\" class=\"gmPhantom_alb\">2-Jornada-Divulgacion-Vinculacion-Acad\u00e9mico-Cultural-2023<\/a><\/td>\r\n                                        <\/tr>\r\n                                                                    <\/table>\r\n                            <\/div>\r\n                                                <\/div>\r\n                <\/div>\r\n                <\/div>            <div class=\"gmPhantom_ThumbContainer gmPhantom_ThumbLoader\" data-id=\"2867\" data-post_id=\"15459\" data-ratio=\"1.5\" data-type=\"image\" data-ext=\"jpg\" data-views=\"0\" data-likes=\"0\" data-cc=\"0\" data-post_link=\"https:\/\/www.fica.unsl.edu.ar\/index.php\/gmedia\/2_jornada_de_divulgaci_n_y_vinculaci_n_acad_micocultural_ingenier_a_agron_mica_116_-jpg\/\">\r\n                <a href=\"https:\/\/www.fica.unsl.edu.ar\/wp-content\/grand-media\/image\/2_Jornada_de_Divulgaci_n_y_Vinculaci_n_Acad_micoCultural_Ingenier_a_Agron_mica_116_.jpg\" class=\"gmPhantom_Thumb\"><img decoding=\"async\" src=\"https:\/\/www.fica.unsl.edu.ar\/wp-content\/grand-media\/image\/thumb\/2_Jornada_de_Divulgaci_n_y_Vinculaci_n_Acad_micoCultural_Ingenier_a_Agron_mica_116_.jpg\" data-src=\"https:\/\/www.fica.unsl.edu.ar\/wp-content\/grand-media\/image\/2_Jornada_de_Divulgaci_n_y_Vinculaci_n_Acad_micoCultural_Ingenier_a_Agron_mica_116_.jpg\" alt=\"2\u00b0 Jornada De Divulgaci\u00f3n Y Vinculaci\u00f3n Acad\u00e9micoCultural Ingenier\u00eda Agron\u00f3mica (116)\"\/><\/a>\r\n                                    <div class=\"gmPhantom_ThumbLabel\"><span class=\"gmPhantom_ThumbLabel_title\">2\u00b0 Jornada De Divulgaci\u00f3n Y Vinculaci\u00f3n Acad\u00e9micoCultural Ingenier\u00eda Agron\u00f3mica (116)<\/span><\/div>\r\n                                    <div style=\"display:none;\" class=\"gmPhantom_Details\">\r\n                                            <div class=\"gmPhantom_description\">\r\n                            <div class=\"gmPhantom_title\">2\u00b0 Jornada De Divulgaci\u00f3n Y Vinculaci\u00f3n Acad\u00e9micoCultural Ingenier\u00eda Agron\u00f3mica (116)<\/div>\r\n                            <div class=\"gmPhantom_text\"><\/div>\r\n                        <\/div>\r\n                                                            <div class=\"gmPhantom_terms\">\r\n                                                    <div class=\"gmPhantom_other_terms\">\r\n                                <table class=\"gmPhantom_other_terms_table\">\r\n                                                                            <tr class=\"gmPhantom_term_row_album\">\r\n                                            <td class=\"gmPhantom_term_key\">Album<\/td>\r\n                                            <td class=\"gmPhantom_term_value\"><a href=\"\/index.php\/wp-json\/wp\/v2\/posts\/15313?gm191[album__in]=191\" class=\"gmPhantom_alb\">2-Jornada-Divulgacion-Vinculacion-Acad\u00e9mico-Cultural-2023<\/a><\/td>\r\n                                        <\/tr>\r\n                                                                    <\/table>\r\n                            <\/div>\r\n                                                <\/div>\r\n                <\/div>\r\n                <\/div>            <div class=\"gmPhantom_ThumbContainer gmPhantom_ThumbLoader\" data-id=\"2866\" data-post_id=\"15458\" data-ratio=\"1.5\" data-type=\"image\" data-ext=\"jpg\" data-views=\"0\" data-likes=\"0\" data-cc=\"0\" data-post_link=\"https:\/\/www.fica.unsl.edu.ar\/index.php\/gmedia\/2_jornada_de_divulgaci_n_y_vinculaci_n_acad_micocultural_ingenier_a_agron_mica_115_-jpg\/\">\r\n                <a href=\"https:\/\/www.fica.unsl.edu.ar\/wp-content\/grand-media\/image\/2_Jornada_de_Divulgaci_n_y_Vinculaci_n_Acad_micoCultural_Ingenier_a_Agron_mica_115_.jpg\" class=\"gmPhantom_Thumb\"><img decoding=\"async\" src=\"https:\/\/www.fica.unsl.edu.ar\/wp-content\/grand-media\/image\/thumb\/2_Jornada_de_Divulgaci_n_y_Vinculaci_n_Acad_micoCultural_Ingenier_a_Agron_mica_115_.jpg\" data-src=\"https:\/\/www.fica.unsl.edu.ar\/wp-content\/grand-media\/image\/2_Jornada_de_Divulgaci_n_y_Vinculaci_n_Acad_micoCultural_Ingenier_a_Agron_mica_115_.jpg\" alt=\"2\u00b0 Jornada De Divulgaci\u00f3n Y Vinculaci\u00f3n Acad\u00e9micoCultural Ingenier\u00eda Agron\u00f3mica (115)\"\/><\/a>\r\n                                    <div class=\"gmPhantom_ThumbLabel\"><span class=\"gmPhantom_ThumbLabel_title\">2\u00b0 Jornada De Divulgaci\u00f3n Y Vinculaci\u00f3n Acad\u00e9micoCultural Ingenier\u00eda Agron\u00f3mica (115)<\/span><\/div>\r\n                                    <div style=\"display:none;\" class=\"gmPhantom_Details\">\r\n                                            <div class=\"gmPhantom_description\">\r\n                            <div class=\"gmPhantom_title\">2\u00b0 Jornada De Divulgaci\u00f3n Y Vinculaci\u00f3n Acad\u00e9micoCultural Ingenier\u00eda Agron\u00f3mica (115)<\/div>\r\n                            <div class=\"gmPhantom_text\"><\/div>\r\n                        <\/div>\r\n                                                            <div class=\"gmPhantom_terms\">\r\n                                                    <div class=\"gmPhantom_other_terms\">\r\n                                <table class=\"gmPhantom_other_terms_table\">\r\n                                                                            <tr class=\"gmPhantom_term_row_album\">\r\n                                            <td class=\"gmPhantom_term_key\">Album<\/td>\r\n                                            <td class=\"gmPhantom_term_value\"><a href=\"\/index.php\/wp-json\/wp\/v2\/posts\/15313?gm191[album__in]=191\" class=\"gmPhantom_alb\">2-Jornada-Divulgacion-Vinculacion-Acad\u00e9mico-Cultural-2023<\/a><\/td>\r\n                                        <\/tr>\r\n                                                                    <\/table>\r\n                            <\/div>\r\n                                                <\/div>\r\n                <\/div>\r\n                <\/div>            <div class=\"gmPhantom_ThumbContainer gmPhantom_ThumbLoader\" data-id=\"2865\" data-post_id=\"15457\" data-ratio=\"1.5\" data-type=\"image\" data-ext=\"jpg\" data-views=\"0\" data-likes=\"0\" data-cc=\"0\" data-post_link=\"https:\/\/www.fica.unsl.edu.ar\/index.php\/gmedia\/2_jornada_de_divulgaci_n_y_vinculaci_n_acad_micocultural_ingenier_a_agron_mica_114_-jpg\/\">\r\n                <a href=\"https:\/\/www.fica.unsl.edu.ar\/wp-content\/grand-media\/image\/2_Jornada_de_Divulgaci_n_y_Vinculaci_n_Acad_micoCultural_Ingenier_a_Agron_mica_114_.jpg\" class=\"gmPhantom_Thumb\"><img decoding=\"async\" src=\"https:\/\/www.fica.unsl.edu.ar\/wp-content\/grand-media\/image\/thumb\/2_Jornada_de_Divulgaci_n_y_Vinculaci_n_Acad_micoCultural_Ingenier_a_Agron_mica_114_.jpg\" data-src=\"https:\/\/www.fica.unsl.edu.ar\/wp-content\/grand-media\/image\/2_Jornada_de_Divulgaci_n_y_Vinculaci_n_Acad_micoCultural_Ingenier_a_Agron_mica_114_.jpg\" alt=\"2\u00b0 Jornada De Divulgaci\u00f3n Y Vinculaci\u00f3n Acad\u00e9micoCultural Ingenier\u00eda Agron\u00f3mica (114)\"\/><\/a>\r\n                                    <div class=\"gmPhantom_ThumbLabel\"><span class=\"gmPhantom_ThumbLabel_title\">2\u00b0 Jornada De Divulgaci\u00f3n Y Vinculaci\u00f3n Acad\u00e9micoCultural Ingenier\u00eda Agron\u00f3mica (114)<\/span><\/div>\r\n                                    <div style=\"display:none;\" class=\"gmPhantom_Details\">\r\n                                            <div class=\"gmPhantom_description\">\r\n                            <div class=\"gmPhantom_title\">2\u00b0 Jornada De Divulgaci\u00f3n Y Vinculaci\u00f3n Acad\u00e9micoCultural Ingenier\u00eda Agron\u00f3mica (114)<\/div>\r\n                            <div class=\"gmPhantom_text\"><\/div>\r\n                        <\/div>\r\n                                                            <div class=\"gmPhantom_terms\">\r\n                                                    <div class=\"gmPhantom_other_terms\">\r\n                                <table class=\"gmPhantom_other_terms_table\">\r\n                                                                            <tr class=\"gmPhantom_term_row_album\">\r\n                                            <td class=\"gmPhantom_term_key\">Album<\/td>\r\n                                            <td class=\"gmPhantom_term_value\"><a href=\"\/index.php\/wp-json\/wp\/v2\/posts\/15313?gm191[album__in]=191\" class=\"gmPhantom_alb\">2-Jornada-Divulgacion-Vinculacion-Acad\u00e9mico-Cultural-2023<\/a><\/td>\r\n                                        <\/tr>\r\n                                                                    <\/table>\r\n                            <\/div>\r\n                                                <\/div>\r\n                <\/div>\r\n                <\/div>            <div class=\"gmPhantom_ThumbContainer gmPhantom_ThumbLoader\" data-id=\"2864\" data-post_id=\"15456\" data-ratio=\"1.5\" data-type=\"image\" data-ext=\"jpg\" data-views=\"0\" data-likes=\"0\" data-cc=\"0\" data-post_link=\"https:\/\/www.fica.unsl.edu.ar\/index.php\/gmedia\/2_jornada_de_divulgaci_n_y_vinculaci_n_acad_micocultural_ingenier_a_agron_mica_113_-jpg\/\">\r\n                <a href=\"https:\/\/www.fica.unsl.edu.ar\/wp-content\/grand-media\/image\/2_Jornada_de_Divulgaci_n_y_Vinculaci_n_Acad_micoCultural_Ingenier_a_Agron_mica_113_.jpg\" class=\"gmPhantom_Thumb\"><img decoding=\"async\" src=\"https:\/\/www.fica.unsl.edu.ar\/wp-content\/grand-media\/image\/thumb\/2_Jornada_de_Divulgaci_n_y_Vinculaci_n_Acad_micoCultural_Ingenier_a_Agron_mica_113_.jpg\" data-src=\"https:\/\/www.fica.unsl.edu.ar\/wp-content\/grand-media\/image\/2_Jornada_de_Divulgaci_n_y_Vinculaci_n_Acad_micoCultural_Ingenier_a_Agron_mica_113_.jpg\" alt=\"2\u00b0 Jornada De Divulgaci\u00f3n Y Vinculaci\u00f3n Acad\u00e9micoCultural Ingenier\u00eda Agron\u00f3mica (113)\"\/><\/a>\r\n                                    <div class=\"gmPhantom_ThumbLabel\"><span class=\"gmPhantom_ThumbLabel_title\">2\u00b0 Jornada De Divulgaci\u00f3n Y Vinculaci\u00f3n Acad\u00e9micoCultural Ingenier\u00eda Agron\u00f3mica (113)<\/span><\/div>\r\n                                    <div style=\"display:none;\" class=\"gmPhantom_Details\">\r\n                                            <div class=\"gmPhantom_description\">\r\n                            <div class=\"gmPhantom_title\">2\u00b0 Jornada De Divulgaci\u00f3n Y Vinculaci\u00f3n Acad\u00e9micoCultural Ingenier\u00eda Agron\u00f3mica (113)<\/div>\r\n                            <div class=\"gmPhantom_text\"><\/div>\r\n                        <\/div>\r\n                                                            <div class=\"gmPhantom_terms\">\r\n                                                    <div class=\"gmPhantom_other_terms\">\r\n                                <table class=\"gmPhantom_other_terms_table\">\r\n                                                                            <tr class=\"gmPhantom_term_row_album\">\r\n                                            <td class=\"gmPhantom_term_key\">Album<\/td>\r\n                                            <td class=\"gmPhantom_term_value\"><a href=\"\/index.php\/wp-json\/wp\/v2\/posts\/15313?gm191[album__in]=191\" class=\"gmPhantom_alb\">2-Jornada-Divulgacion-Vinculacion-Acad\u00e9mico-Cultural-2023<\/a><\/td>\r\n                                        <\/tr>\r\n                                                                    <\/table>\r\n                            <\/div>\r\n                                                <\/div>\r\n                <\/div>\r\n                <\/div>            <div class=\"gmPhantom_ThumbContainer gmPhantom_ThumbLoader\" data-id=\"2863\" data-post_id=\"15455\" data-ratio=\"1.5\" data-type=\"image\" data-ext=\"jpg\" data-views=\"0\" data-likes=\"0\" data-cc=\"0\" data-post_link=\"https:\/\/www.fica.unsl.edu.ar\/index.php\/gmedia\/2_jornada_de_divulgaci_n_y_vinculaci_n_acad_micocultural_ingenier_a_agron_mica_112_-jpg\/\">\r\n                <a href=\"https:\/\/www.fica.unsl.edu.ar\/wp-content\/grand-media\/image\/2_Jornada_de_Divulgaci_n_y_Vinculaci_n_Acad_micoCultural_Ingenier_a_Agron_mica_112_.jpg\" class=\"gmPhantom_Thumb\"><img decoding=\"async\" src=\"https:\/\/www.fica.unsl.edu.ar\/wp-content\/grand-media\/image\/thumb\/2_Jornada_de_Divulgaci_n_y_Vinculaci_n_Acad_micoCultural_Ingenier_a_Agron_mica_112_.jpg\" data-src=\"https:\/\/www.fica.unsl.edu.ar\/wp-content\/grand-media\/image\/2_Jornada_de_Divulgaci_n_y_Vinculaci_n_Acad_micoCultural_Ingenier_a_Agron_mica_112_.jpg\" alt=\"2\u00b0 Jornada De Divulgaci\u00f3n Y Vinculaci\u00f3n Acad\u00e9micoCultural Ingenier\u00eda Agron\u00f3mica (112)\"\/><\/a>\r\n                                    <div class=\"gmPhantom_ThumbLabel\"><span class=\"gmPhantom_ThumbLabel_title\">2\u00b0 Jornada De Divulgaci\u00f3n Y Vinculaci\u00f3n Acad\u00e9micoCultural Ingenier\u00eda Agron\u00f3mica (112)<\/span><\/div>\r\n                                    <div style=\"display:none;\" class=\"gmPhantom_Details\">\r\n                                            <div class=\"gmPhantom_description\">\r\n                            <div class=\"gmPhantom_title\">2\u00b0 Jornada De Divulgaci\u00f3n Y Vinculaci\u00f3n Acad\u00e9micoCultural Ingenier\u00eda Agron\u00f3mica (112)<\/div>\r\n                            <div class=\"gmPhantom_text\"><\/div>\r\n                        <\/div>\r\n                                                            <div class=\"gmPhantom_terms\">\r\n                                                    <div class=\"gmPhantom_other_terms\">\r\n                                <table class=\"gmPhantom_other_terms_table\">\r\n                                                                            <tr class=\"gmPhantom_term_row_album\">\r\n                                            <td class=\"gmPhantom_term_key\">Album<\/td>\r\n                                            <td class=\"gmPhantom_term_value\"><a href=\"\/index.php\/wp-json\/wp\/v2\/posts\/15313?gm191[album__in]=191\" class=\"gmPhantom_alb\">2-Jornada-Divulgacion-Vinculacion-Acad\u00e9mico-Cultural-2023<\/a><\/td>\r\n                                        <\/tr>\r\n                                                                    <\/table>\r\n                            <\/div>\r\n                                                <\/div>\r\n                <\/div>\r\n                <\/div>            <div class=\"gmPhantom_ThumbContainer gmPhantom_ThumbLoader\" data-id=\"2862\" data-post_id=\"15454\" data-ratio=\"1.5\" data-type=\"image\" data-ext=\"jpg\" data-views=\"0\" data-likes=\"0\" data-cc=\"0\" data-post_link=\"https:\/\/www.fica.unsl.edu.ar\/index.php\/gmedia\/2_jornada_de_divulgaci_n_y_vinculaci_n_acad_micocultural_ingenier_a_agron_mica_111_-jpg\/\">\r\n                <a href=\"https:\/\/www.fica.unsl.edu.ar\/wp-content\/grand-media\/image\/2_Jornada_de_Divulgaci_n_y_Vinculaci_n_Acad_micoCultural_Ingenier_a_Agron_mica_111_.jpg\" class=\"gmPhantom_Thumb\"><img decoding=\"async\" src=\"https:\/\/www.fica.unsl.edu.ar\/wp-content\/grand-media\/image\/thumb\/2_Jornada_de_Divulgaci_n_y_Vinculaci_n_Acad_micoCultural_Ingenier_a_Agron_mica_111_.jpg\" data-src=\"https:\/\/www.fica.unsl.edu.ar\/wp-content\/grand-media\/image\/2_Jornada_de_Divulgaci_n_y_Vinculaci_n_Acad_micoCultural_Ingenier_a_Agron_mica_111_.jpg\" alt=\"2\u00b0 Jornada De Divulgaci\u00f3n Y Vinculaci\u00f3n Acad\u00e9micoCultural Ingenier\u00eda Agron\u00f3mica (111)\"\/><\/a>\r\n                                    <div class=\"gmPhantom_ThumbLabel\"><span class=\"gmPhantom_ThumbLabel_title\">2\u00b0 Jornada De Divulgaci\u00f3n Y Vinculaci\u00f3n Acad\u00e9micoCultural Ingenier\u00eda Agron\u00f3mica (111)<\/span><\/div>\r\n                                    <div style=\"display:none;\" class=\"gmPhantom_Details\">\r\n                                            <div class=\"gmPhantom_description\">\r\n                            <div class=\"gmPhantom_title\">2\u00b0 Jornada De Divulgaci\u00f3n Y Vinculaci\u00f3n Acad\u00e9micoCultural Ingenier\u00eda Agron\u00f3mica (111)<\/div>\r\n                            <div class=\"gmPhantom_text\"><\/div>\r\n                        <\/div>\r\n                                                            <div class=\"gmPhantom_terms\">\r\n                                                    <div class=\"gmPhantom_other_terms\">\r\n                                <table class=\"gmPhantom_other_terms_table\">\r\n                                                                            <tr class=\"gmPhantom_term_row_album\">\r\n                                            <td class=\"gmPhantom_term_key\">Album<\/td>\r\n                                            <td class=\"gmPhantom_term_value\"><a href=\"\/index.php\/wp-json\/wp\/v2\/posts\/15313?gm191[album__in]=191\" class=\"gmPhantom_alb\">2-Jornada-Divulgacion-Vinculacion-Acad\u00e9mico-Cultural-2023<\/a><\/td>\r\n                                        <\/tr>\r\n                                                                    <\/table>\r\n                            <\/div>\r\n                                                <\/div>\r\n                <\/div>\r\n                <\/div>            <div class=\"gmPhantom_ThumbContainer gmPhantom_ThumbLoader\" data-id=\"2861\" data-post_id=\"15453\" data-ratio=\"1.5\" data-type=\"image\" data-ext=\"jpg\" data-views=\"0\" data-likes=\"0\" data-cc=\"0\" data-post_link=\"https:\/\/www.fica.unsl.edu.ar\/index.php\/gmedia\/2_jornada_de_divulgaci_n_y_vinculaci_n_acad_micocultural_ingenier_a_agron_mica_110_-jpg\/\">\r\n                <a href=\"https:\/\/www.fica.unsl.edu.ar\/wp-content\/grand-media\/image\/2_Jornada_de_Divulgaci_n_y_Vinculaci_n_Acad_micoCultural_Ingenier_a_Agron_mica_110_.jpg\" class=\"gmPhantom_Thumb\"><img decoding=\"async\" src=\"https:\/\/www.fica.unsl.edu.ar\/wp-content\/grand-media\/image\/thumb\/2_Jornada_de_Divulgaci_n_y_Vinculaci_n_Acad_micoCultural_Ingenier_a_Agron_mica_110_.jpg\" data-src=\"https:\/\/www.fica.unsl.edu.ar\/wp-content\/grand-media\/image\/2_Jornada_de_Divulgaci_n_y_Vinculaci_n_Acad_micoCultural_Ingenier_a_Agron_mica_110_.jpg\" alt=\"2\u00b0 Jornada De Divulgaci\u00f3n Y Vinculaci\u00f3n Acad\u00e9micoCultural Ingenier\u00eda Agron\u00f3mica (110)\"\/><\/a>\r\n                                    <div class=\"gmPhantom_ThumbLabel\"><span class=\"gmPhantom_ThumbLabel_title\">2\u00b0 Jornada De Divulgaci\u00f3n Y Vinculaci\u00f3n Acad\u00e9micoCultural Ingenier\u00eda Agron\u00f3mica (110)<\/span><\/div>\r\n                                    <div style=\"display:none;\" class=\"gmPhantom_Details\">\r\n                                            <div class=\"gmPhantom_description\">\r\n                            <div class=\"gmPhantom_title\">2\u00b0 Jornada De Divulgaci\u00f3n Y Vinculaci\u00f3n Acad\u00e9micoCultural Ingenier\u00eda Agron\u00f3mica (110)<\/div>\r\n                            <div class=\"gmPhantom_text\"><\/div>\r\n                        <\/div>\r\n                                                            <div class=\"gmPhantom_terms\">\r\n                                                    <div class=\"gmPhantom_other_terms\">\r\n                                <table class=\"gmPhantom_other_terms_table\">\r\n                                                                            <tr class=\"gmPhantom_term_row_album\">\r\n                                            <td class=\"gmPhantom_term_key\">Album<\/td>\r\n                                            <td class=\"gmPhantom_term_value\"><a href=\"\/index.php\/wp-json\/wp\/v2\/posts\/15313?gm191[album__in]=191\" class=\"gmPhantom_alb\">2-Jornada-Divulgacion-Vinculacion-Acad\u00e9mico-Cultural-2023<\/a><\/td>\r\n                                        <\/tr>\r\n                                                                    <\/table>\r\n                            <\/div>\r\n                                                <\/div>\r\n                <\/div>\r\n                <\/div>            <div class=\"gmPhantom_ThumbContainer gmPhantom_ThumbLoader\" data-id=\"2860\" data-post_id=\"15452\" data-ratio=\"1.5\" data-type=\"image\" data-ext=\"jpg\" data-views=\"0\" data-likes=\"0\" data-cc=\"0\" data-post_link=\"https:\/\/www.fica.unsl.edu.ar\/index.php\/gmedia\/2_jornada_de_divulgaci_n_y_vinculaci_n_acad_micocultural_ingenier_a_agron_mica_109_-jpg\/\">\r\n                <a href=\"https:\/\/www.fica.unsl.edu.ar\/wp-content\/grand-media\/image\/2_Jornada_de_Divulgaci_n_y_Vinculaci_n_Acad_micoCultural_Ingenier_a_Agron_mica_109_.jpg\" class=\"gmPhantom_Thumb\"><img decoding=\"async\" src=\"https:\/\/www.fica.unsl.edu.ar\/wp-content\/grand-media\/image\/thumb\/2_Jornada_de_Divulgaci_n_y_Vinculaci_n_Acad_micoCultural_Ingenier_a_Agron_mica_109_.jpg\" data-src=\"https:\/\/www.fica.unsl.edu.ar\/wp-content\/grand-media\/image\/2_Jornada_de_Divulgaci_n_y_Vinculaci_n_Acad_micoCultural_Ingenier_a_Agron_mica_109_.jpg\" alt=\"2\u00b0 Jornada De Divulgaci\u00f3n Y Vinculaci\u00f3n Acad\u00e9micoCultural Ingenier\u00eda Agron\u00f3mica (109)\"\/><\/a>\r\n                                    <div class=\"gmPhantom_ThumbLabel\"><span class=\"gmPhantom_ThumbLabel_title\">2\u00b0 Jornada De Divulgaci\u00f3n Y Vinculaci\u00f3n Acad\u00e9micoCultural Ingenier\u00eda Agron\u00f3mica (109)<\/span><\/div>\r\n                                    <div style=\"display:none;\" class=\"gmPhantom_Details\">\r\n                                            <div class=\"gmPhantom_description\">\r\n                            <div class=\"gmPhantom_title\">2\u00b0 Jornada De Divulgaci\u00f3n Y Vinculaci\u00f3n Acad\u00e9micoCultural Ingenier\u00eda Agron\u00f3mica (109)<\/div>\r\n                            <div class=\"gmPhantom_text\"><\/div>\r\n                        <\/div>\r\n                                                            <div class=\"gmPhantom_terms\">\r\n                                                    <div class=\"gmPhantom_other_terms\">\r\n                                <table class=\"gmPhantom_other_terms_table\">\r\n                                                                            <tr class=\"gmPhantom_term_row_album\">\r\n                                            <td class=\"gmPhantom_term_key\">Album<\/td>\r\n                                            <td class=\"gmPhantom_term_value\"><a href=\"\/index.php\/wp-json\/wp\/v2\/posts\/15313?gm191[album__in]=191\" class=\"gmPhantom_alb\">2-Jornada-Divulgacion-Vinculacion-Acad\u00e9mico-Cultural-2023<\/a><\/td>\r\n                                        <\/tr>\r\n                                                                    <\/table>\r\n                            <\/div>\r\n                                                <\/div>\r\n                <\/div>\r\n                <\/div>            <div class=\"gmPhantom_ThumbContainer gmPhantom_ThumbLoader\" data-id=\"2859\" data-post_id=\"15451\" data-ratio=\"1.5\" data-type=\"image\" data-ext=\"jpg\" data-views=\"0\" data-likes=\"0\" data-cc=\"0\" data-post_link=\"https:\/\/www.fica.unsl.edu.ar\/index.php\/gmedia\/2_jornada_de_divulgaci_n_y_vinculaci_n_acad_micocultural_ingenier_a_agron_mica_108_-jpg\/\">\r\n                <a href=\"https:\/\/www.fica.unsl.edu.ar\/wp-content\/grand-media\/image\/2_Jornada_de_Divulgaci_n_y_Vinculaci_n_Acad_micoCultural_Ingenier_a_Agron_mica_108_.jpg\" class=\"gmPhantom_Thumb\"><img decoding=\"async\" src=\"https:\/\/www.fica.unsl.edu.ar\/wp-content\/grand-media\/image\/thumb\/2_Jornada_de_Divulgaci_n_y_Vinculaci_n_Acad_micoCultural_Ingenier_a_Agron_mica_108_.jpg\" data-src=\"https:\/\/www.fica.unsl.edu.ar\/wp-content\/grand-media\/image\/2_Jornada_de_Divulgaci_n_y_Vinculaci_n_Acad_micoCultural_Ingenier_a_Agron_mica_108_.jpg\" alt=\"2\u00b0 Jornada De Divulgaci\u00f3n Y Vinculaci\u00f3n Acad\u00e9micoCultural Ingenier\u00eda Agron\u00f3mica (108)\"\/><\/a>\r\n                                    <div class=\"gmPhantom_ThumbLabel\"><span class=\"gmPhantom_ThumbLabel_title\">2\u00b0 Jornada De Divulgaci\u00f3n Y Vinculaci\u00f3n Acad\u00e9micoCultural Ingenier\u00eda Agron\u00f3mica (108)<\/span><\/div>\r\n                                    <div style=\"display:none;\" class=\"gmPhantom_Details\">\r\n                                            <div class=\"gmPhantom_description\">\r\n                            <div class=\"gmPhantom_title\">2\u00b0 Jornada De Divulgaci\u00f3n Y Vinculaci\u00f3n Acad\u00e9micoCultural Ingenier\u00eda Agron\u00f3mica (108)<\/div>\r\n                            <div class=\"gmPhantom_text\"><\/div>\r\n                        <\/div>\r\n                                                            <div class=\"gmPhantom_terms\">\r\n                                                    <div class=\"gmPhantom_other_terms\">\r\n                                <table class=\"gmPhantom_other_terms_table\">\r\n                                                                            <tr class=\"gmPhantom_term_row_album\">\r\n                                            <td class=\"gmPhantom_term_key\">Album<\/td>\r\n                                            <td class=\"gmPhantom_term_value\"><a href=\"\/index.php\/wp-json\/wp\/v2\/posts\/15313?gm191[album__in]=191\" class=\"gmPhantom_alb\">2-Jornada-Divulgacion-Vinculacion-Acad\u00e9mico-Cultural-2023<\/a><\/td>\r\n                                        <\/tr>\r\n                                                                    <\/table>\r\n                            <\/div>\r\n                                                <\/div>\r\n                <\/div>\r\n                <\/div>            <div class=\"gmPhantom_ThumbContainer gmPhantom_ThumbLoader\" data-id=\"2858\" data-post_id=\"15450\" data-ratio=\"1.5\" data-type=\"image\" data-ext=\"jpg\" data-views=\"0\" data-likes=\"0\" data-cc=\"0\" data-post_link=\"https:\/\/www.fica.unsl.edu.ar\/index.php\/gmedia\/2_jornada_de_divulgaci_n_y_vinculaci_n_acad_micocultural_ingenier_a_agron_mica_107_-jpg\/\">\r\n                <a href=\"https:\/\/www.fica.unsl.edu.ar\/wp-content\/grand-media\/image\/2_Jornada_de_Divulgaci_n_y_Vinculaci_n_Acad_micoCultural_Ingenier_a_Agron_mica_107_.jpg\" class=\"gmPhantom_Thumb\"><img decoding=\"async\" src=\"https:\/\/www.fica.unsl.edu.ar\/wp-content\/grand-media\/image\/thumb\/2_Jornada_de_Divulgaci_n_y_Vinculaci_n_Acad_micoCultural_Ingenier_a_Agron_mica_107_.jpg\" data-src=\"https:\/\/www.fica.unsl.edu.ar\/wp-content\/grand-media\/image\/2_Jornada_de_Divulgaci_n_y_Vinculaci_n_Acad_micoCultural_Ingenier_a_Agron_mica_107_.jpg\" alt=\"2\u00b0 Jornada De Divulgaci\u00f3n Y Vinculaci\u00f3n Acad\u00e9micoCultural Ingenier\u00eda Agron\u00f3mica (107)\"\/><\/a>\r\n                                    <div class=\"gmPhantom_ThumbLabel\"><span class=\"gmPhantom_ThumbLabel_title\">2\u00b0 Jornada De Divulgaci\u00f3n Y Vinculaci\u00f3n Acad\u00e9micoCultural Ingenier\u00eda Agron\u00f3mica (107)<\/span><\/div>\r\n                                    <div style=\"display:none;\" class=\"gmPhantom_Details\">\r\n                                            <div class=\"gmPhantom_description\">\r\n                            <div class=\"gmPhantom_title\">2\u00b0 Jornada De Divulgaci\u00f3n Y Vinculaci\u00f3n Acad\u00e9micoCultural Ingenier\u00eda Agron\u00f3mica (107)<\/div>\r\n                            <div class=\"gmPhantom_text\"><\/div>\r\n                        <\/div>\r\n                                                            <div class=\"gmPhantom_terms\">\r\n                                                    <div class=\"gmPhantom_other_terms\">\r\n                                <table class=\"gmPhantom_other_terms_table\">\r\n                                                                            <tr class=\"gmPhantom_term_row_album\">\r\n                                            <td class=\"gmPhantom_term_key\">Album<\/td>\r\n                                            <td class=\"gmPhantom_term_value\"><a href=\"\/index.php\/wp-json\/wp\/v2\/posts\/15313?gm191[album__in]=191\" class=\"gmPhantom_alb\">2-Jornada-Divulgacion-Vinculacion-Acad\u00e9mico-Cultural-2023<\/a><\/td>\r\n                                        <\/tr>\r\n                                                                    <\/table>\r\n                            <\/div>\r\n                                                <\/div>\r\n                <\/div>\r\n                <\/div>            <div class=\"gmPhantom_ThumbContainer gmPhantom_ThumbLoader\" data-id=\"2857\" data-post_id=\"15449\" data-ratio=\"1.5\" data-type=\"image\" data-ext=\"jpg\" data-views=\"0\" data-likes=\"0\" data-cc=\"0\" data-post_link=\"https:\/\/www.fica.unsl.edu.ar\/index.php\/gmedia\/2_jornada_de_divulgaci_n_y_vinculaci_n_acad_micocultural_ingenier_a_agron_mica_106_-jpg\/\">\r\n                <a href=\"https:\/\/www.fica.unsl.edu.ar\/wp-content\/grand-media\/image\/2_Jornada_de_Divulgaci_n_y_Vinculaci_n_Acad_micoCultural_Ingenier_a_Agron_mica_106_.jpg\" class=\"gmPhantom_Thumb\"><img decoding=\"async\" src=\"https:\/\/www.fica.unsl.edu.ar\/wp-content\/grand-media\/image\/thumb\/2_Jornada_de_Divulgaci_n_y_Vinculaci_n_Acad_micoCultural_Ingenier_a_Agron_mica_106_.jpg\" data-src=\"https:\/\/www.fica.unsl.edu.ar\/wp-content\/grand-media\/image\/2_Jornada_de_Divulgaci_n_y_Vinculaci_n_Acad_micoCultural_Ingenier_a_Agron_mica_106_.jpg\" alt=\"2\u00b0 Jornada De Divulgaci\u00f3n Y Vinculaci\u00f3n Acad\u00e9micoCultural Ingenier\u00eda Agron\u00f3mica (106)\"\/><\/a>\r\n                                    <div class=\"gmPhantom_ThumbLabel\"><span class=\"gmPhantom_ThumbLabel_title\">2\u00b0 Jornada De Divulgaci\u00f3n Y Vinculaci\u00f3n Acad\u00e9micoCultural Ingenier\u00eda Agron\u00f3mica (106)<\/span><\/div>\r\n                                    <div style=\"display:none;\" class=\"gmPhantom_Details\">\r\n                                            <div class=\"gmPhantom_description\">\r\n                            <div class=\"gmPhantom_title\">2\u00b0 Jornada De Divulgaci\u00f3n Y Vinculaci\u00f3n Acad\u00e9micoCultural Ingenier\u00eda Agron\u00f3mica (106)<\/div>\r\n                            <div class=\"gmPhantom_text\"><\/div>\r\n                        <\/div>\r\n                                                            <div class=\"gmPhantom_terms\">\r\n                                                    <div class=\"gmPhantom_other_terms\">\r\n                                <table class=\"gmPhantom_other_terms_table\">\r\n                                                                            <tr class=\"gmPhantom_term_row_album\">\r\n                                            <td class=\"gmPhantom_term_key\">Album<\/td>\r\n                                            <td class=\"gmPhantom_term_value\"><a href=\"\/index.php\/wp-json\/wp\/v2\/posts\/15313?gm191[album__in]=191\" class=\"gmPhantom_alb\">2-Jornada-Divulgacion-Vinculacion-Acad\u00e9mico-Cultural-2023<\/a><\/td>\r\n                                        <\/tr>\r\n                                                                    <\/table>\r\n                            <\/div>\r\n                                                <\/div>\r\n                <\/div>\r\n                <\/div>            <div class=\"gmPhantom_ThumbContainer gmPhantom_ThumbLoader\" data-id=\"2856\" data-post_id=\"15448\" data-ratio=\"1.5\" data-type=\"image\" data-ext=\"jpg\" data-views=\"0\" data-likes=\"0\" data-cc=\"0\" data-post_link=\"https:\/\/www.fica.unsl.edu.ar\/index.php\/gmedia\/2_jornada_de_divulgaci_n_y_vinculaci_n_acad_micocultural_ingenier_a_agron_mica_105_-jpg\/\">\r\n                <a href=\"https:\/\/www.fica.unsl.edu.ar\/wp-content\/grand-media\/image\/2_Jornada_de_Divulgaci_n_y_Vinculaci_n_Acad_micoCultural_Ingenier_a_Agron_mica_105_.jpg\" class=\"gmPhantom_Thumb\"><img decoding=\"async\" src=\"https:\/\/www.fica.unsl.edu.ar\/wp-content\/grand-media\/image\/thumb\/2_Jornada_de_Divulgaci_n_y_Vinculaci_n_Acad_micoCultural_Ingenier_a_Agron_mica_105_.jpg\" data-src=\"https:\/\/www.fica.unsl.edu.ar\/wp-content\/grand-media\/image\/2_Jornada_de_Divulgaci_n_y_Vinculaci_n_Acad_micoCultural_Ingenier_a_Agron_mica_105_.jpg\" alt=\"2\u00b0 Jornada De Divulgaci\u00f3n Y Vinculaci\u00f3n Acad\u00e9micoCultural Ingenier\u00eda Agron\u00f3mica (105)\"\/><\/a>\r\n                                    <div class=\"gmPhantom_ThumbLabel\"><span class=\"gmPhantom_ThumbLabel_title\">2\u00b0 Jornada De Divulgaci\u00f3n Y Vinculaci\u00f3n Acad\u00e9micoCultural Ingenier\u00eda Agron\u00f3mica (105)<\/span><\/div>\r\n                                    <div style=\"display:none;\" class=\"gmPhantom_Details\">\r\n                                            <div class=\"gmPhantom_description\">\r\n                            <div class=\"gmPhantom_title\">2\u00b0 Jornada De Divulgaci\u00f3n Y Vinculaci\u00f3n Acad\u00e9micoCultural Ingenier\u00eda Agron\u00f3mica (105)<\/div>\r\n                            <div class=\"gmPhantom_text\"><\/div>\r\n                        <\/div>\r\n                                                            <div class=\"gmPhantom_terms\">\r\n                                                    <div class=\"gmPhantom_other_terms\">\r\n                                <table class=\"gmPhantom_other_terms_table\">\r\n                                                                            <tr class=\"gmPhantom_term_row_album\">\r\n                                            <td class=\"gmPhantom_term_key\">Album<\/td>\r\n                                            <td class=\"gmPhantom_term_value\"><a href=\"\/index.php\/wp-json\/wp\/v2\/posts\/15313?gm191[album__in]=191\" class=\"gmPhantom_alb\">2-Jornada-Divulgacion-Vinculacion-Acad\u00e9mico-Cultural-2023<\/a><\/td>\r\n                                        <\/tr>\r\n                                                                    <\/table>\r\n                            <\/div>\r\n                                                <\/div>\r\n                <\/div>\r\n                <\/div>            <div class=\"gmPhantom_ThumbContainer gmPhantom_ThumbLoader\" data-id=\"2855\" data-post_id=\"15447\" data-ratio=\"1.5\" data-type=\"image\" data-ext=\"jpg\" data-views=\"0\" data-likes=\"0\" data-cc=\"0\" data-post_link=\"https:\/\/www.fica.unsl.edu.ar\/index.php\/gmedia\/2_jornada_de_divulgaci_n_y_vinculaci_n_acad_micocultural_ingenier_a_agron_mica_104_-jpg\/\">\r\n                <a href=\"https:\/\/www.fica.unsl.edu.ar\/wp-content\/grand-media\/image\/2_Jornada_de_Divulgaci_n_y_Vinculaci_n_Acad_micoCultural_Ingenier_a_Agron_mica_104_.jpg\" class=\"gmPhantom_Thumb\"><img decoding=\"async\" src=\"https:\/\/www.fica.unsl.edu.ar\/wp-content\/grand-media\/image\/thumb\/2_Jornada_de_Divulgaci_n_y_Vinculaci_n_Acad_micoCultural_Ingenier_a_Agron_mica_104_.jpg\" data-src=\"https:\/\/www.fica.unsl.edu.ar\/wp-content\/grand-media\/image\/2_Jornada_de_Divulgaci_n_y_Vinculaci_n_Acad_micoCultural_Ingenier_a_Agron_mica_104_.jpg\" alt=\"2\u00b0 Jornada De Divulgaci\u00f3n Y Vinculaci\u00f3n Acad\u00e9micoCultural Ingenier\u00eda Agron\u00f3mica (104)\"\/><\/a>\r\n                                    <div class=\"gmPhantom_ThumbLabel\"><span class=\"gmPhantom_ThumbLabel_title\">2\u00b0 Jornada De Divulgaci\u00f3n Y Vinculaci\u00f3n Acad\u00e9micoCultural Ingenier\u00eda Agron\u00f3mica (104)<\/span><\/div>\r\n                                    <div style=\"display:none;\" class=\"gmPhantom_Details\">\r\n                                            <div class=\"gmPhantom_description\">\r\n                            <div class=\"gmPhantom_title\">2\u00b0 Jornada De Divulgaci\u00f3n Y Vinculaci\u00f3n Acad\u00e9micoCultural Ingenier\u00eda Agron\u00f3mica (104)<\/div>\r\n                            <div class=\"gmPhantom_text\"><\/div>\r\n                        <\/div>\r\n                                                            <div class=\"gmPhantom_terms\">\r\n                                                    <div class=\"gmPhantom_other_terms\">\r\n                                <table class=\"gmPhantom_other_terms_table\">\r\n                                                                            <tr class=\"gmPhantom_term_row_album\">\r\n                                            <td class=\"gmPhantom_term_key\">Album<\/td>\r\n                                            <td class=\"gmPhantom_term_value\"><a href=\"\/index.php\/wp-json\/wp\/v2\/posts\/15313?gm191[album__in]=191\" class=\"gmPhantom_alb\">2-Jornada-Divulgacion-Vinculacion-Acad\u00e9mico-Cultural-2023<\/a><\/td>\r\n                                        <\/tr>\r\n                                                                    <\/table>\r\n                            <\/div>\r\n                                                <\/div>\r\n                <\/div>\r\n                <\/div>            <div class=\"gmPhantom_ThumbContainer gmPhantom_ThumbLoader\" data-id=\"2854\" data-post_id=\"15446\" data-ratio=\"1.5\" data-type=\"image\" data-ext=\"jpg\" data-views=\"0\" data-likes=\"0\" data-cc=\"0\" data-post_link=\"https:\/\/www.fica.unsl.edu.ar\/index.php\/gmedia\/2_jornada_de_divulgaci_n_y_vinculaci_n_acad_micocultural_ingenier_a_agron_mica_103_-jpg\/\">\r\n                <a href=\"https:\/\/www.fica.unsl.edu.ar\/wp-content\/grand-media\/image\/2_Jornada_de_Divulgaci_n_y_Vinculaci_n_Acad_micoCultural_Ingenier_a_Agron_mica_103_.jpg\" class=\"gmPhantom_Thumb\"><img decoding=\"async\" src=\"https:\/\/www.fica.unsl.edu.ar\/wp-content\/grand-media\/image\/thumb\/2_Jornada_de_Divulgaci_n_y_Vinculaci_n_Acad_micoCultural_Ingenier_a_Agron_mica_103_.jpg\" data-src=\"https:\/\/www.fica.unsl.edu.ar\/wp-content\/grand-media\/image\/2_Jornada_de_Divulgaci_n_y_Vinculaci_n_Acad_micoCultural_Ingenier_a_Agron_mica_103_.jpg\" alt=\"2\u00b0 Jornada De Divulgaci\u00f3n Y Vinculaci\u00f3n Acad\u00e9micoCultural Ingenier\u00eda Agron\u00f3mica (103)\"\/><\/a>\r\n                                    <div class=\"gmPhantom_ThumbLabel\"><span class=\"gmPhantom_ThumbLabel_title\">2\u00b0 Jornada De Divulgaci\u00f3n Y Vinculaci\u00f3n Acad\u00e9micoCultural Ingenier\u00eda Agron\u00f3mica (103)<\/span><\/div>\r\n                                    <div style=\"display:none;\" class=\"gmPhantom_Details\">\r\n                                            <div class=\"gmPhantom_description\">\r\n                            <div class=\"gmPhantom_title\">2\u00b0 Jornada De Divulgaci\u00f3n Y Vinculaci\u00f3n Acad\u00e9micoCultural Ingenier\u00eda Agron\u00f3mica (103)<\/div>\r\n                            <div class=\"gmPhantom_text\"><\/div>\r\n                        <\/div>\r\n                                                            <div class=\"gmPhantom_terms\">\r\n                                                    <div class=\"gmPhantom_other_terms\">\r\n                                <table class=\"gmPhantom_other_terms_table\">\r\n                                                                            <tr class=\"gmPhantom_term_row_album\">\r\n                                            <td class=\"gmPhantom_term_key\">Album<\/td>\r\n                                            <td class=\"gmPhantom_term_value\"><a href=\"\/index.php\/wp-json\/wp\/v2\/posts\/15313?gm191[album__in]=191\" class=\"gmPhantom_alb\">2-Jornada-Divulgacion-Vinculacion-Acad\u00e9mico-Cultural-2023<\/a><\/td>\r\n                                        <\/tr>\r\n                                                                    <\/table>\r\n                            <\/div>\r\n                                                <\/div>\r\n                <\/div>\r\n                <\/div>            <div class=\"gmPhantom_ThumbContainer gmPhantom_ThumbLoader\" data-id=\"2853\" data-post_id=\"15445\" data-ratio=\"1.5\" data-type=\"image\" data-ext=\"jpg\" data-views=\"0\" data-likes=\"0\" data-cc=\"0\" data-post_link=\"https:\/\/www.fica.unsl.edu.ar\/index.php\/gmedia\/2_jornada_de_divulgaci_n_y_vinculaci_n_acad_micocultural_ingenier_a_agron_mica_102_-jpg\/\">\r\n                <a href=\"https:\/\/www.fica.unsl.edu.ar\/wp-content\/grand-media\/image\/2_Jornada_de_Divulgaci_n_y_Vinculaci_n_Acad_micoCultural_Ingenier_a_Agron_mica_102_.jpg\" class=\"gmPhantom_Thumb\"><img decoding=\"async\" src=\"https:\/\/www.fica.unsl.edu.ar\/wp-content\/grand-media\/image\/thumb\/2_Jornada_de_Divulgaci_n_y_Vinculaci_n_Acad_micoCultural_Ingenier_a_Agron_mica_102_.jpg\" data-src=\"https:\/\/www.fica.unsl.edu.ar\/wp-content\/grand-media\/image\/2_Jornada_de_Divulgaci_n_y_Vinculaci_n_Acad_micoCultural_Ingenier_a_Agron_mica_102_.jpg\" alt=\"2\u00b0 Jornada De Divulgaci\u00f3n Y Vinculaci\u00f3n Acad\u00e9micoCultural Ingenier\u00eda Agron\u00f3mica (102)\"\/><\/a>\r\n                                    <div class=\"gmPhantom_ThumbLabel\"><span class=\"gmPhantom_ThumbLabel_title\">2\u00b0 Jornada De Divulgaci\u00f3n Y Vinculaci\u00f3n Acad\u00e9micoCultural Ingenier\u00eda Agron\u00f3mica (102)<\/span><\/div>\r\n                                    <div style=\"display:none;\" class=\"gmPhantom_Details\">\r\n                                            <div class=\"gmPhantom_description\">\r\n                            <div class=\"gmPhantom_title\">2\u00b0 Jornada De Divulgaci\u00f3n Y Vinculaci\u00f3n Acad\u00e9micoCultural Ingenier\u00eda Agron\u00f3mica (102)<\/div>\r\n                            <div class=\"gmPhantom_text\"><\/div>\r\n                        <\/div>\r\n                                                            <div class=\"gmPhantom_terms\">\r\n                                                    <div class=\"gmPhantom_other_terms\">\r\n                                <table class=\"gmPhantom_other_terms_table\">\r\n                                                                            <tr class=\"gmPhantom_term_row_album\">\r\n                                            <td class=\"gmPhantom_term_key\">Album<\/td>\r\n                                            <td class=\"gmPhantom_term_value\"><a href=\"\/index.php\/wp-json\/wp\/v2\/posts\/15313?gm191[album__in]=191\" class=\"gmPhantom_alb\">2-Jornada-Divulgacion-Vinculacion-Acad\u00e9mico-Cultural-2023<\/a><\/td>\r\n                                        <\/tr>\r\n                                                                    <\/table>\r\n                            <\/div>\r\n                                                <\/div>\r\n                <\/div>\r\n                <\/div>            <div class=\"gmPhantom_ThumbContainer gmPhantom_ThumbLoader\" data-id=\"2852\" data-post_id=\"15444\" data-ratio=\"1.5\" data-type=\"image\" data-ext=\"jpg\" data-views=\"0\" data-likes=\"0\" data-cc=\"0\" data-post_link=\"https:\/\/www.fica.unsl.edu.ar\/index.php\/gmedia\/2_jornada_de_divulgaci_n_y_vinculaci_n_acad_micocultural_ingenier_a_agron_mica_101_-jpg\/\">\r\n                <a href=\"https:\/\/www.fica.unsl.edu.ar\/wp-content\/grand-media\/image\/2_Jornada_de_Divulgaci_n_y_Vinculaci_n_Acad_micoCultural_Ingenier_a_Agron_mica_101_.jpg\" class=\"gmPhantom_Thumb\"><img decoding=\"async\" src=\"https:\/\/www.fica.unsl.edu.ar\/wp-content\/grand-media\/image\/thumb\/2_Jornada_de_Divulgaci_n_y_Vinculaci_n_Acad_micoCultural_Ingenier_a_Agron_mica_101_.jpg\" data-src=\"https:\/\/www.fica.unsl.edu.ar\/wp-content\/grand-media\/image\/2_Jornada_de_Divulgaci_n_y_Vinculaci_n_Acad_micoCultural_Ingenier_a_Agron_mica_101_.jpg\" alt=\"2\u00b0 Jornada De Divulgaci\u00f3n Y Vinculaci\u00f3n Acad\u00e9micoCultural Ingenier\u00eda Agron\u00f3mica (101)\"\/><\/a>\r\n                                    <div class=\"gmPhantom_ThumbLabel\"><span class=\"gmPhantom_ThumbLabel_title\">2\u00b0 Jornada De Divulgaci\u00f3n Y Vinculaci\u00f3n Acad\u00e9micoCultural Ingenier\u00eda Agron\u00f3mica (101)<\/span><\/div>\r\n                                    <div style=\"display:none;\" class=\"gmPhantom_Details\">\r\n                                            <div class=\"gmPhantom_description\">\r\n                            <div class=\"gmPhantom_title\">2\u00b0 Jornada De Divulgaci\u00f3n Y Vinculaci\u00f3n Acad\u00e9micoCultural Ingenier\u00eda Agron\u00f3mica (101)<\/div>\r\n                            <div class=\"gmPhantom_text\"><\/div>\r\n                        <\/div>\r\n                                                            <div class=\"gmPhantom_terms\">\r\n                                                    <div class=\"gmPhantom_other_terms\">\r\n                                <table class=\"gmPhantom_other_terms_table\">\r\n                                                                            <tr class=\"gmPhantom_term_row_album\">\r\n                                            <td class=\"gmPhantom_term_key\">Album<\/td>\r\n                                            <td class=\"gmPhantom_term_value\"><a href=\"\/index.php\/wp-json\/wp\/v2\/posts\/15313?gm191[album__in]=191\" class=\"gmPhantom_alb\">2-Jornada-Divulgacion-Vinculacion-Acad\u00e9mico-Cultural-2023<\/a><\/td>\r\n                                        <\/tr>\r\n                                                                    <\/table>\r\n                            <\/div>\r\n                                                <\/div>\r\n                <\/div>\r\n                <\/div>            <div class=\"gmPhantom_ThumbContainer gmPhantom_ThumbLoader\" data-id=\"2851\" data-post_id=\"15443\" data-ratio=\"1.5\" data-type=\"image\" data-ext=\"jpg\" data-views=\"0\" data-likes=\"0\" data-cc=\"0\" data-post_link=\"https:\/\/www.fica.unsl.edu.ar\/index.php\/gmedia\/2_jornada_de_divulgaci_n_y_vinculaci_n_acad_micocultural_ingenier_a_agron_mica_100_-jpg\/\">\r\n                <a href=\"https:\/\/www.fica.unsl.edu.ar\/wp-content\/grand-media\/image\/2_Jornada_de_Divulgaci_n_y_Vinculaci_n_Acad_micoCultural_Ingenier_a_Agron_mica_100_.jpg\" class=\"gmPhantom_Thumb\"><img decoding=\"async\" src=\"https:\/\/www.fica.unsl.edu.ar\/wp-content\/grand-media\/image\/thumb\/2_Jornada_de_Divulgaci_n_y_Vinculaci_n_Acad_micoCultural_Ingenier_a_Agron_mica_100_.jpg\" data-src=\"https:\/\/www.fica.unsl.edu.ar\/wp-content\/grand-media\/image\/2_Jornada_de_Divulgaci_n_y_Vinculaci_n_Acad_micoCultural_Ingenier_a_Agron_mica_100_.jpg\" alt=\"2\u00b0 Jornada De Divulgaci\u00f3n Y Vinculaci\u00f3n Acad\u00e9micoCultural Ingenier\u00eda Agron\u00f3mica (100)\"\/><\/a>\r\n                                    <div class=\"gmPhantom_ThumbLabel\"><span class=\"gmPhantom_ThumbLabel_title\">2\u00b0 Jornada De Divulgaci\u00f3n Y Vinculaci\u00f3n Acad\u00e9micoCultural Ingenier\u00eda Agron\u00f3mica (100)<\/span><\/div>\r\n                                    <div style=\"display:none;\" class=\"gmPhantom_Details\">\r\n                                            <div class=\"gmPhantom_description\">\r\n                            <div class=\"gmPhantom_title\">2\u00b0 Jornada De Divulgaci\u00f3n Y Vinculaci\u00f3n Acad\u00e9micoCultural Ingenier\u00eda Agron\u00f3mica (100)<\/div>\r\n                            <div class=\"gmPhantom_text\"><\/div>\r\n                        <\/div>\r\n                                                            <div class=\"gmPhantom_terms\">\r\n                                                    <div class=\"gmPhantom_other_terms\">\r\n                                <table class=\"gmPhantom_other_terms_table\">\r\n                                                                            <tr class=\"gmPhantom_term_row_album\">\r\n                                            <td class=\"gmPhantom_term_key\">Album<\/td>\r\n                                            <td class=\"gmPhantom_term_value\"><a href=\"\/index.php\/wp-json\/wp\/v2\/posts\/15313?gm191[album__in]=191\" class=\"gmPhantom_alb\">2-Jornada-Divulgacion-Vinculacion-Acad\u00e9mico-Cultural-2023<\/a><\/td>\r\n                                        <\/tr>\r\n                                                                    <\/table>\r\n                            <\/div>\r\n                                                <\/div>\r\n                <\/div>\r\n                <\/div>            <div class=\"gmPhantom_ThumbContainer gmPhantom_ThumbLoader\" data-id=\"2850\" data-post_id=\"15442\" data-ratio=\"1.5\" data-type=\"image\" data-ext=\"jpg\" data-views=\"0\" data-likes=\"0\" data-cc=\"0\" data-post_link=\"https:\/\/www.fica.unsl.edu.ar\/index.php\/gmedia\/2_jornada_de_divulgaci_n_y_vinculaci_n_acad_micocultural_ingenier_a_agron_mica_99_-jpg\/\">\r\n                <a href=\"https:\/\/www.fica.unsl.edu.ar\/wp-content\/grand-media\/image\/2_Jornada_de_Divulgaci_n_y_Vinculaci_n_Acad_micoCultural_Ingenier_a_Agron_mica_99_.jpg\" class=\"gmPhantom_Thumb\"><img decoding=\"async\" src=\"https:\/\/www.fica.unsl.edu.ar\/wp-content\/grand-media\/image\/thumb\/2_Jornada_de_Divulgaci_n_y_Vinculaci_n_Acad_micoCultural_Ingenier_a_Agron_mica_99_.jpg\" data-src=\"https:\/\/www.fica.unsl.edu.ar\/wp-content\/grand-media\/image\/2_Jornada_de_Divulgaci_n_y_Vinculaci_n_Acad_micoCultural_Ingenier_a_Agron_mica_99_.jpg\" alt=\"2\u00b0 Jornada De Divulgaci\u00f3n Y Vinculaci\u00f3n Acad\u00e9micoCultural Ingenier\u00eda Agron\u00f3mica (99)\"\/><\/a>\r\n                                    <div class=\"gmPhantom_ThumbLabel\"><span class=\"gmPhantom_ThumbLabel_title\">2\u00b0 Jornada De Divulgaci\u00f3n Y Vinculaci\u00f3n Acad\u00e9micoCultural Ingenier\u00eda Agron\u00f3mica (99)<\/span><\/div>\r\n                                    <div style=\"display:none;\" class=\"gmPhantom_Details\">\r\n                                            <div class=\"gmPhantom_description\">\r\n                            <div class=\"gmPhantom_title\">2\u00b0 Jornada De Divulgaci\u00f3n Y Vinculaci\u00f3n Acad\u00e9micoCultural Ingenier\u00eda Agron\u00f3mica (99)<\/div>\r\n                            <div class=\"gmPhantom_text\"><\/div>\r\n                        <\/div>\r\n                                                            <div class=\"gmPhantom_terms\">\r\n                                                    <div class=\"gmPhantom_other_terms\">\r\n                                <table class=\"gmPhantom_other_terms_table\">\r\n                                                                            <tr class=\"gmPhantom_term_row_album\">\r\n                                            <td class=\"gmPhantom_term_key\">Album<\/td>\r\n                                            <td class=\"gmPhantom_term_value\"><a href=\"\/index.php\/wp-json\/wp\/v2\/posts\/15313?gm191[album__in]=191\" class=\"gmPhantom_alb\">2-Jornada-Divulgacion-Vinculacion-Acad\u00e9mico-Cultural-2023<\/a><\/td>\r\n                                        <\/tr>\r\n                                                                    <\/table>\r\n                            <\/div>\r\n                                                <\/div>\r\n                <\/div>\r\n                <\/div>            <div class=\"gmPhantom_ThumbContainer gmPhantom_ThumbLoader\" data-id=\"2849\" data-post_id=\"15441\" data-ratio=\"1.5\" data-type=\"image\" data-ext=\"jpg\" data-views=\"0\" data-likes=\"0\" data-cc=\"0\" data-post_link=\"https:\/\/www.fica.unsl.edu.ar\/index.php\/gmedia\/2_jornada_de_divulgaci_n_y_vinculaci_n_acad_micocultural_ingenier_a_agron_mica_98_-jpg\/\">\r\n                <a href=\"https:\/\/www.fica.unsl.edu.ar\/wp-content\/grand-media\/image\/2_Jornada_de_Divulgaci_n_y_Vinculaci_n_Acad_micoCultural_Ingenier_a_Agron_mica_98_.jpg\" class=\"gmPhantom_Thumb\"><img decoding=\"async\" src=\"https:\/\/www.fica.unsl.edu.ar\/wp-content\/grand-media\/image\/thumb\/2_Jornada_de_Divulgaci_n_y_Vinculaci_n_Acad_micoCultural_Ingenier_a_Agron_mica_98_.jpg\" data-src=\"https:\/\/www.fica.unsl.edu.ar\/wp-content\/grand-media\/image\/2_Jornada_de_Divulgaci_n_y_Vinculaci_n_Acad_micoCultural_Ingenier_a_Agron_mica_98_.jpg\" alt=\"2\u00b0 Jornada De Divulgaci\u00f3n Y Vinculaci\u00f3n Acad\u00e9micoCultural Ingenier\u00eda Agron\u00f3mica (98)\"\/><\/a>\r\n                                    <div class=\"gmPhantom_ThumbLabel\"><span class=\"gmPhantom_ThumbLabel_title\">2\u00b0 Jornada De Divulgaci\u00f3n Y Vinculaci\u00f3n Acad\u00e9micoCultural Ingenier\u00eda Agron\u00f3mica (98)<\/span><\/div>\r\n                                    <div style=\"display:none;\" class=\"gmPhantom_Details\">\r\n                                            <div class=\"gmPhantom_description\">\r\n                            <div class=\"gmPhantom_title\">2\u00b0 Jornada De Divulgaci\u00f3n Y Vinculaci\u00f3n Acad\u00e9micoCultural Ingenier\u00eda Agron\u00f3mica (98)<\/div>\r\n                            <div class=\"gmPhantom_text\"><\/div>\r\n                        <\/div>\r\n                                                            <div class=\"gmPhantom_terms\">\r\n                                                    <div class=\"gmPhantom_other_terms\">\r\n                                <table class=\"gmPhantom_other_terms_table\">\r\n                                                                            <tr class=\"gmPhantom_term_row_album\">\r\n                                            <td class=\"gmPhantom_term_key\">Album<\/td>\r\n                                            <td class=\"gmPhantom_term_value\"><a href=\"\/index.php\/wp-json\/wp\/v2\/posts\/15313?gm191[album__in]=191\" class=\"gmPhantom_alb\">2-Jornada-Divulgacion-Vinculacion-Acad\u00e9mico-Cultural-2023<\/a><\/td>\r\n                                        <\/tr>\r\n                                                                    <\/table>\r\n                            <\/div>\r\n                                                <\/div>\r\n                <\/div>\r\n                <\/div>            <div class=\"gmPhantom_ThumbContainer gmPhantom_ThumbLoader\" data-id=\"2848\" data-post_id=\"15440\" data-ratio=\"1.5\" data-type=\"image\" data-ext=\"jpg\" data-views=\"0\" data-likes=\"0\" data-cc=\"0\" data-post_link=\"https:\/\/www.fica.unsl.edu.ar\/index.php\/gmedia\/2_jornada_de_divulgaci_n_y_vinculaci_n_acad_micocultural_ingenier_a_agron_mica_97_-jpg\/\">\r\n                <a href=\"https:\/\/www.fica.unsl.edu.ar\/wp-content\/grand-media\/image\/2_Jornada_de_Divulgaci_n_y_Vinculaci_n_Acad_micoCultural_Ingenier_a_Agron_mica_97_.jpg\" class=\"gmPhantom_Thumb\"><img decoding=\"async\" src=\"https:\/\/www.fica.unsl.edu.ar\/wp-content\/grand-media\/image\/thumb\/2_Jornada_de_Divulgaci_n_y_Vinculaci_n_Acad_micoCultural_Ingenier_a_Agron_mica_97_.jpg\" data-src=\"https:\/\/www.fica.unsl.edu.ar\/wp-content\/grand-media\/image\/2_Jornada_de_Divulgaci_n_y_Vinculaci_n_Acad_micoCultural_Ingenier_a_Agron_mica_97_.jpg\" alt=\"2\u00b0 Jornada De Divulgaci\u00f3n Y Vinculaci\u00f3n Acad\u00e9micoCultural Ingenier\u00eda Agron\u00f3mica (97)\"\/><\/a>\r\n                                    <div class=\"gmPhantom_ThumbLabel\"><span class=\"gmPhantom_ThumbLabel_title\">2\u00b0 Jornada De Divulgaci\u00f3n Y Vinculaci\u00f3n Acad\u00e9micoCultural Ingenier\u00eda Agron\u00f3mica (97)<\/span><\/div>\r\n                                    <div style=\"display:none;\" class=\"gmPhantom_Details\">\r\n                                            <div class=\"gmPhantom_description\">\r\n                            <div class=\"gmPhantom_title\">2\u00b0 Jornada De Divulgaci\u00f3n Y Vinculaci\u00f3n Acad\u00e9micoCultural Ingenier\u00eda Agron\u00f3mica (97)<\/div>\r\n                            <div class=\"gmPhantom_text\"><\/div>\r\n                        <\/div>\r\n                                                            <div class=\"gmPhantom_terms\">\r\n                                                    <div class=\"gmPhantom_other_terms\">\r\n                                <table class=\"gmPhantom_other_terms_table\">\r\n                                                                            <tr class=\"gmPhantom_term_row_album\">\r\n                                            <td class=\"gmPhantom_term_key\">Album<\/td>\r\n                                            <td class=\"gmPhantom_term_value\"><a href=\"\/index.php\/wp-json\/wp\/v2\/posts\/15313?gm191[album__in]=191\" class=\"gmPhantom_alb\">2-Jornada-Divulgacion-Vinculacion-Acad\u00e9mico-Cultural-2023<\/a><\/td>\r\n                                        <\/tr>\r\n                                                                    <\/table>\r\n                            <\/div>\r\n                                                <\/div>\r\n                <\/div>\r\n                <\/div>            <div class=\"gmPhantom_ThumbContainer gmPhantom_ThumbLoader\" data-id=\"2847\" data-post_id=\"15439\" data-ratio=\"1.5\" data-type=\"image\" data-ext=\"jpg\" data-views=\"0\" data-likes=\"0\" data-cc=\"0\" data-post_link=\"https:\/\/www.fica.unsl.edu.ar\/index.php\/gmedia\/2_jornada_de_divulgaci_n_y_vinculaci_n_acad_micocultural_ingenier_a_agron_mica_96_-jpg\/\">\r\n                <a href=\"https:\/\/www.fica.unsl.edu.ar\/wp-content\/grand-media\/image\/2_Jornada_de_Divulgaci_n_y_Vinculaci_n_Acad_micoCultural_Ingenier_a_Agron_mica_96_.jpg\" class=\"gmPhantom_Thumb\"><img decoding=\"async\" src=\"https:\/\/www.fica.unsl.edu.ar\/wp-content\/grand-media\/image\/thumb\/2_Jornada_de_Divulgaci_n_y_Vinculaci_n_Acad_micoCultural_Ingenier_a_Agron_mica_96_.jpg\" data-src=\"https:\/\/www.fica.unsl.edu.ar\/wp-content\/grand-media\/image\/2_Jornada_de_Divulgaci_n_y_Vinculaci_n_Acad_micoCultural_Ingenier_a_Agron_mica_96_.jpg\" alt=\"2\u00b0 Jornada De Divulgaci\u00f3n Y Vinculaci\u00f3n Acad\u00e9micoCultural Ingenier\u00eda Agron\u00f3mica (96)\"\/><\/a>\r\n                                    <div class=\"gmPhantom_ThumbLabel\"><span class=\"gmPhantom_ThumbLabel_title\">2\u00b0 Jornada De Divulgaci\u00f3n Y Vinculaci\u00f3n Acad\u00e9micoCultural Ingenier\u00eda Agron\u00f3mica (96)<\/span><\/div>\r\n                                    <div style=\"display:none;\" class=\"gmPhantom_Details\">\r\n                                            <div class=\"gmPhantom_description\">\r\n                            <div class=\"gmPhantom_title\">2\u00b0 Jornada De Divulgaci\u00f3n Y Vinculaci\u00f3n Acad\u00e9micoCultural Ingenier\u00eda Agron\u00f3mica (96)<\/div>\r\n                            <div class=\"gmPhantom_text\"><\/div>\r\n                        <\/div>\r\n                                                            <div class=\"gmPhantom_terms\">\r\n                                                    <div class=\"gmPhantom_other_terms\">\r\n                                <table class=\"gmPhantom_other_terms_table\">\r\n                                                                            <tr class=\"gmPhantom_term_row_album\">\r\n                                            <td class=\"gmPhantom_term_key\">Album<\/td>\r\n                                            <td class=\"gmPhantom_term_value\"><a href=\"\/index.php\/wp-json\/wp\/v2\/posts\/15313?gm191[album__in]=191\" class=\"gmPhantom_alb\">2-Jornada-Divulgacion-Vinculacion-Acad\u00e9mico-Cultural-2023<\/a><\/td>\r\n                                        <\/tr>\r\n                                                                    <\/table>\r\n                            <\/div>\r\n                                                <\/div>\r\n                <\/div>\r\n                <\/div>            <div class=\"gmPhantom_ThumbContainer gmPhantom_ThumbLoader\" data-id=\"2846\" data-post_id=\"15438\" data-ratio=\"1.5\" data-type=\"image\" data-ext=\"jpg\" data-views=\"0\" data-likes=\"0\" data-cc=\"0\" data-post_link=\"https:\/\/www.fica.unsl.edu.ar\/index.php\/gmedia\/2_jornada_de_divulgaci_n_y_vinculaci_n_acad_micocultural_ingenier_a_agron_mica_95_-jpg\/\">\r\n                <a href=\"https:\/\/www.fica.unsl.edu.ar\/wp-content\/grand-media\/image\/2_Jornada_de_Divulgaci_n_y_Vinculaci_n_Acad_micoCultural_Ingenier_a_Agron_mica_95_.jpg\" class=\"gmPhantom_Thumb\"><img decoding=\"async\" src=\"https:\/\/www.fica.unsl.edu.ar\/wp-content\/grand-media\/image\/thumb\/2_Jornada_de_Divulgaci_n_y_Vinculaci_n_Acad_micoCultural_Ingenier_a_Agron_mica_95_.jpg\" data-src=\"https:\/\/www.fica.unsl.edu.ar\/wp-content\/grand-media\/image\/2_Jornada_de_Divulgaci_n_y_Vinculaci_n_Acad_micoCultural_Ingenier_a_Agron_mica_95_.jpg\" alt=\"2\u00b0 Jornada De Divulgaci\u00f3n Y Vinculaci\u00f3n Acad\u00e9micoCultural Ingenier\u00eda Agron\u00f3mica (95)\"\/><\/a>\r\n                                    <div class=\"gmPhantom_ThumbLabel\"><span class=\"gmPhantom_ThumbLabel_title\">2\u00b0 Jornada De Divulgaci\u00f3n Y Vinculaci\u00f3n Acad\u00e9micoCultural Ingenier\u00eda Agron\u00f3mica (95)<\/span><\/div>\r\n                                    <div style=\"display:none;\" class=\"gmPhantom_Details\">\r\n                                            <div class=\"gmPhantom_description\">\r\n                            <div class=\"gmPhantom_title\">2\u00b0 Jornada De Divulgaci\u00f3n Y Vinculaci\u00f3n Acad\u00e9micoCultural Ingenier\u00eda Agron\u00f3mica (95)<\/div>\r\n                            <div class=\"gmPhantom_text\"><\/div>\r\n                        <\/div>\r\n                                                            <div class=\"gmPhantom_terms\">\r\n                                                    <div class=\"gmPhantom_other_terms\">\r\n                                <table class=\"gmPhantom_other_terms_table\">\r\n                                                                            <tr class=\"gmPhantom_term_row_album\">\r\n                                            <td class=\"gmPhantom_term_key\">Album<\/td>\r\n                                            <td class=\"gmPhantom_term_value\"><a href=\"\/index.php\/wp-json\/wp\/v2\/posts\/15313?gm191[album__in]=191\" class=\"gmPhantom_alb\">2-Jornada-Divulgacion-Vinculacion-Acad\u00e9mico-Cultural-2023<\/a><\/td>\r\n                                        <\/tr>\r\n                                                                    <\/table>\r\n                            <\/div>\r\n                                                <\/div>\r\n                <\/div>\r\n                <\/div>            <div class=\"gmPhantom_ThumbContainer gmPhantom_ThumbLoader\" data-id=\"2845\" data-post_id=\"15437\" data-ratio=\"1.5\" data-type=\"image\" data-ext=\"jpg\" data-views=\"0\" data-likes=\"0\" data-cc=\"0\" data-post_link=\"https:\/\/www.fica.unsl.edu.ar\/index.php\/gmedia\/2_jornada_de_divulgaci_n_y_vinculaci_n_acad_micocultural_ingenier_a_agron_mica_94_-jpg\/\">\r\n                <a href=\"https:\/\/www.fica.unsl.edu.ar\/wp-content\/grand-media\/image\/2_Jornada_de_Divulgaci_n_y_Vinculaci_n_Acad_micoCultural_Ingenier_a_Agron_mica_94_.jpg\" class=\"gmPhantom_Thumb\"><img decoding=\"async\" src=\"https:\/\/www.fica.unsl.edu.ar\/wp-content\/grand-media\/image\/thumb\/2_Jornada_de_Divulgaci_n_y_Vinculaci_n_Acad_micoCultural_Ingenier_a_Agron_mica_94_.jpg\" data-src=\"https:\/\/www.fica.unsl.edu.ar\/wp-content\/grand-media\/image\/2_Jornada_de_Divulgaci_n_y_Vinculaci_n_Acad_micoCultural_Ingenier_a_Agron_mica_94_.jpg\" alt=\"2\u00b0 Jornada De Divulgaci\u00f3n Y Vinculaci\u00f3n Acad\u00e9micoCultural Ingenier\u00eda Agron\u00f3mica (94)\"\/><\/a>\r\n                                    <div class=\"gmPhantom_ThumbLabel\"><span class=\"gmPhantom_ThumbLabel_title\">2\u00b0 Jornada De Divulgaci\u00f3n Y Vinculaci\u00f3n Acad\u00e9micoCultural Ingenier\u00eda Agron\u00f3mica (94)<\/span><\/div>\r\n                                    <div style=\"display:none;\" class=\"gmPhantom_Details\">\r\n                                            <div class=\"gmPhantom_description\">\r\n                            <div class=\"gmPhantom_title\">2\u00b0 Jornada De Divulgaci\u00f3n Y Vinculaci\u00f3n Acad\u00e9micoCultural Ingenier\u00eda Agron\u00f3mica (94)<\/div>\r\n                            <div class=\"gmPhantom_text\"><\/div>\r\n                        <\/div>\r\n                                                            <div class=\"gmPhantom_terms\">\r\n                                                    <div class=\"gmPhantom_other_terms\">\r\n                                <table class=\"gmPhantom_other_terms_table\">\r\n                                                                            <tr class=\"gmPhantom_term_row_album\">\r\n                                            <td class=\"gmPhantom_term_key\">Album<\/td>\r\n                                            <td class=\"gmPhantom_term_value\"><a href=\"\/index.php\/wp-json\/wp\/v2\/posts\/15313?gm191[album__in]=191\" class=\"gmPhantom_alb\">2-Jornada-Divulgacion-Vinculacion-Acad\u00e9mico-Cultural-2023<\/a><\/td>\r\n                                        <\/tr>\r\n                                                                    <\/table>\r\n                            <\/div>\r\n                                                <\/div>\r\n                <\/div>\r\n                <\/div>            <div class=\"gmPhantom_ThumbContainer gmPhantom_ThumbLoader\" data-id=\"2844\" data-post_id=\"15436\" data-ratio=\"1.5\" data-type=\"image\" data-ext=\"jpg\" data-views=\"0\" data-likes=\"0\" data-cc=\"0\" data-post_link=\"https:\/\/www.fica.unsl.edu.ar\/index.php\/gmedia\/2_jornada_de_divulgaci_n_y_vinculaci_n_acad_micocultural_ingenier_a_agron_mica_93_-jpg\/\">\r\n                <a href=\"https:\/\/www.fica.unsl.edu.ar\/wp-content\/grand-media\/image\/2_Jornada_de_Divulgaci_n_y_Vinculaci_n_Acad_micoCultural_Ingenier_a_Agron_mica_93_.jpg\" class=\"gmPhantom_Thumb\"><img decoding=\"async\" src=\"https:\/\/www.fica.unsl.edu.ar\/wp-content\/grand-media\/image\/thumb\/2_Jornada_de_Divulgaci_n_y_Vinculaci_n_Acad_micoCultural_Ingenier_a_Agron_mica_93_.jpg\" data-src=\"https:\/\/www.fica.unsl.edu.ar\/wp-content\/grand-media\/image\/2_Jornada_de_Divulgaci_n_y_Vinculaci_n_Acad_micoCultural_Ingenier_a_Agron_mica_93_.jpg\" alt=\"2\u00b0 Jornada De Divulgaci\u00f3n Y Vinculaci\u00f3n Acad\u00e9micoCultural Ingenier\u00eda Agron\u00f3mica (93)\"\/><\/a>\r\n                                    <div class=\"gmPhantom_ThumbLabel\"><span class=\"gmPhantom_ThumbLabel_title\">2\u00b0 Jornada De Divulgaci\u00f3n Y Vinculaci\u00f3n Acad\u00e9micoCultural Ingenier\u00eda Agron\u00f3mica (93)<\/span><\/div>\r\n                                    <div style=\"display:none;\" class=\"gmPhantom_Details\">\r\n                                            <div class=\"gmPhantom_description\">\r\n                            <div class=\"gmPhantom_title\">2\u00b0 Jornada De Divulgaci\u00f3n Y Vinculaci\u00f3n Acad\u00e9micoCultural Ingenier\u00eda Agron\u00f3mica (93)<\/div>\r\n                            <div class=\"gmPhantom_text\"><\/div>\r\n                        <\/div>\r\n                                                            <div class=\"gmPhantom_terms\">\r\n                                                    <div class=\"gmPhantom_other_terms\">\r\n                                <table class=\"gmPhantom_other_terms_table\">\r\n                                                                            <tr class=\"gmPhantom_term_row_album\">\r\n                                            <td class=\"gmPhantom_term_key\">Album<\/td>\r\n                                            <td class=\"gmPhantom_term_value\"><a href=\"\/index.php\/wp-json\/wp\/v2\/posts\/15313?gm191[album__in]=191\" class=\"gmPhantom_alb\">2-Jornada-Divulgacion-Vinculacion-Acad\u00e9mico-Cultural-2023<\/a><\/td>\r\n                                        <\/tr>\r\n                                                                    <\/table>\r\n                            <\/div>\r\n                                                <\/div>\r\n                <\/div>\r\n                <\/div>            <div class=\"gmPhantom_ThumbContainer gmPhantom_ThumbLoader\" data-id=\"2843\" data-post_id=\"15435\" data-ratio=\"1.5\" data-type=\"image\" data-ext=\"jpg\" data-views=\"0\" data-likes=\"0\" data-cc=\"0\" data-post_link=\"https:\/\/www.fica.unsl.edu.ar\/index.php\/gmedia\/2_jornada_de_divulgaci_n_y_vinculaci_n_acad_micocultural_ingenier_a_agron_mica_92_-jpg\/\">\r\n                <a href=\"https:\/\/www.fica.unsl.edu.ar\/wp-content\/grand-media\/image\/2_Jornada_de_Divulgaci_n_y_Vinculaci_n_Acad_micoCultural_Ingenier_a_Agron_mica_92_.jpg\" class=\"gmPhantom_Thumb\"><img decoding=\"async\" src=\"https:\/\/www.fica.unsl.edu.ar\/wp-content\/grand-media\/image\/thumb\/2_Jornada_de_Divulgaci_n_y_Vinculaci_n_Acad_micoCultural_Ingenier_a_Agron_mica_92_.jpg\" data-src=\"https:\/\/www.fica.unsl.edu.ar\/wp-content\/grand-media\/image\/2_Jornada_de_Divulgaci_n_y_Vinculaci_n_Acad_micoCultural_Ingenier_a_Agron_mica_92_.jpg\" alt=\"2\u00b0 Jornada De Divulgaci\u00f3n Y Vinculaci\u00f3n Acad\u00e9micoCultural Ingenier\u00eda Agron\u00f3mica (92)\"\/><\/a>\r\n                                    <div class=\"gmPhantom_ThumbLabel\"><span class=\"gmPhantom_ThumbLabel_title\">2\u00b0 Jornada De Divulgaci\u00f3n Y Vinculaci\u00f3n Acad\u00e9micoCultural Ingenier\u00eda Agron\u00f3mica (92)<\/span><\/div>\r\n                                    <div style=\"display:none;\" class=\"gmPhantom_Details\">\r\n                                            <div class=\"gmPhantom_description\">\r\n                            <div class=\"gmPhantom_title\">2\u00b0 Jornada De Divulgaci\u00f3n Y Vinculaci\u00f3n Acad\u00e9micoCultural Ingenier\u00eda Agron\u00f3mica (92)<\/div>\r\n                            <div class=\"gmPhantom_text\"><\/div>\r\n                        <\/div>\r\n                                                            <div class=\"gmPhantom_terms\">\r\n                                                    <div class=\"gmPhantom_other_terms\">\r\n                                <table class=\"gmPhantom_other_terms_table\">\r\n                                                                            <tr class=\"gmPhantom_term_row_album\">\r\n                                            <td class=\"gmPhantom_term_key\">Album<\/td>\r\n                                            <td class=\"gmPhantom_term_value\"><a href=\"\/index.php\/wp-json\/wp\/v2\/posts\/15313?gm191[album__in]=191\" class=\"gmPhantom_alb\">2-Jornada-Divulgacion-Vinculacion-Acad\u00e9mico-Cultural-2023<\/a><\/td>\r\n                                        <\/tr>\r\n                                                                    <\/table>\r\n                            <\/div>\r\n                                                <\/div>\r\n                <\/div>\r\n                <\/div>            <div class=\"gmPhantom_ThumbContainer gmPhantom_ThumbLoader\" data-id=\"2842\" data-post_id=\"15434\" data-ratio=\"1.5\" data-type=\"image\" data-ext=\"jpg\" data-views=\"0\" data-likes=\"0\" data-cc=\"0\" data-post_link=\"https:\/\/www.fica.unsl.edu.ar\/index.php\/gmedia\/2_jornada_de_divulgaci_n_y_vinculaci_n_acad_micocultural_ingenier_a_agron_mica_91_-jpg\/\">\r\n                <a href=\"https:\/\/www.fica.unsl.edu.ar\/wp-content\/grand-media\/image\/2_Jornada_de_Divulgaci_n_y_Vinculaci_n_Acad_micoCultural_Ingenier_a_Agron_mica_91_.jpg\" class=\"gmPhantom_Thumb\"><img decoding=\"async\" src=\"https:\/\/www.fica.unsl.edu.ar\/wp-content\/grand-media\/image\/thumb\/2_Jornada_de_Divulgaci_n_y_Vinculaci_n_Acad_micoCultural_Ingenier_a_Agron_mica_91_.jpg\" data-src=\"https:\/\/www.fica.unsl.edu.ar\/wp-content\/grand-media\/image\/2_Jornada_de_Divulgaci_n_y_Vinculaci_n_Acad_micoCultural_Ingenier_a_Agron_mica_91_.jpg\" alt=\"2\u00b0 Jornada De Divulgaci\u00f3n Y Vinculaci\u00f3n Acad\u00e9micoCultural Ingenier\u00eda Agron\u00f3mica (91)\"\/><\/a>\r\n                                    <div class=\"gmPhantom_ThumbLabel\"><span class=\"gmPhantom_ThumbLabel_title\">2\u00b0 Jornada De Divulgaci\u00f3n Y Vinculaci\u00f3n Acad\u00e9micoCultural Ingenier\u00eda Agron\u00f3mica (91)<\/span><\/div>\r\n                                    <div style=\"display:none;\" class=\"gmPhantom_Details\">\r\n                                            <div class=\"gmPhantom_description\">\r\n                            <div class=\"gmPhantom_title\">2\u00b0 Jornada De Divulgaci\u00f3n Y Vinculaci\u00f3n Acad\u00e9micoCultural Ingenier\u00eda Agron\u00f3mica (91)<\/div>\r\n                            <div class=\"gmPhantom_text\"><\/div>\r\n                        <\/div>\r\n                                                            <div class=\"gmPhantom_terms\">\r\n                                                    <div class=\"gmPhantom_other_terms\">\r\n                                <table class=\"gmPhantom_other_terms_table\">\r\n                                                                            <tr class=\"gmPhantom_term_row_album\">\r\n                                            <td class=\"gmPhantom_term_key\">Album<\/td>\r\n                                            <td class=\"gmPhantom_term_value\"><a href=\"\/index.php\/wp-json\/wp\/v2\/posts\/15313?gm191[album__in]=191\" class=\"gmPhantom_alb\">2-Jornada-Divulgacion-Vinculacion-Acad\u00e9mico-Cultural-2023<\/a><\/td>\r\n                                        <\/tr>\r\n                                                                    <\/table>\r\n                            <\/div>\r\n                                                <\/div>\r\n                <\/div>\r\n                <\/div>            <div class=\"gmPhantom_ThumbContainer gmPhantom_ThumbLoader\" data-id=\"2841\" data-post_id=\"15433\" data-ratio=\"1.5\" data-type=\"image\" data-ext=\"jpg\" data-views=\"0\" data-likes=\"0\" data-cc=\"0\" data-post_link=\"https:\/\/www.fica.unsl.edu.ar\/index.php\/gmedia\/2_jornada_de_divulgaci_n_y_vinculaci_n_acad_micocultural_ingenier_a_agron_mica_90_-jpg\/\">\r\n                <a href=\"https:\/\/www.fica.unsl.edu.ar\/wp-content\/grand-media\/image\/2_Jornada_de_Divulgaci_n_y_Vinculaci_n_Acad_micoCultural_Ingenier_a_Agron_mica_90_.jpg\" class=\"gmPhantom_Thumb\"><img decoding=\"async\" src=\"https:\/\/www.fica.unsl.edu.ar\/wp-content\/grand-media\/image\/thumb\/2_Jornada_de_Divulgaci_n_y_Vinculaci_n_Acad_micoCultural_Ingenier_a_Agron_mica_90_.jpg\" data-src=\"https:\/\/www.fica.unsl.edu.ar\/wp-content\/grand-media\/image\/2_Jornada_de_Divulgaci_n_y_Vinculaci_n_Acad_micoCultural_Ingenier_a_Agron_mica_90_.jpg\" alt=\"2\u00b0 Jornada De Divulgaci\u00f3n Y Vinculaci\u00f3n Acad\u00e9micoCultural Ingenier\u00eda Agron\u00f3mica (90)\"\/><\/a>\r\n                                    <div class=\"gmPhantom_ThumbLabel\"><span class=\"gmPhantom_ThumbLabel_title\">2\u00b0 Jornada De Divulgaci\u00f3n Y Vinculaci\u00f3n Acad\u00e9micoCultural Ingenier\u00eda Agron\u00f3mica (90)<\/span><\/div>\r\n                                    <div style=\"display:none;\" class=\"gmPhantom_Details\">\r\n                                            <div class=\"gmPhantom_description\">\r\n                            <div class=\"gmPhantom_title\">2\u00b0 Jornada De Divulgaci\u00f3n Y Vinculaci\u00f3n Acad\u00e9micoCultural Ingenier\u00eda Agron\u00f3mica (90)<\/div>\r\n                            <div class=\"gmPhantom_text\"><\/div>\r\n                        <\/div>\r\n                                                            <div class=\"gmPhantom_terms\">\r\n                                                    <div class=\"gmPhantom_other_terms\">\r\n                                <table class=\"gmPhantom_other_terms_table\">\r\n                                                                            <tr class=\"gmPhantom_term_row_album\">\r\n                                            <td class=\"gmPhantom_term_key\">Album<\/td>\r\n                                            <td class=\"gmPhantom_term_value\"><a href=\"\/index.php\/wp-json\/wp\/v2\/posts\/15313?gm191[album__in]=191\" class=\"gmPhantom_alb\">2-Jornada-Divulgacion-Vinculacion-Acad\u00e9mico-Cultural-2023<\/a><\/td>\r\n                                        <\/tr>\r\n                                                                    <\/table>\r\n                            <\/div>\r\n                                                <\/div>\r\n                <\/div>\r\n                <\/div>            <div class=\"gmPhantom_ThumbContainer gmPhantom_ThumbLoader\" data-id=\"2840\" data-post_id=\"15432\" data-ratio=\"1.5\" data-type=\"image\" data-ext=\"jpg\" data-views=\"0\" data-likes=\"0\" data-cc=\"0\" data-post_link=\"https:\/\/www.fica.unsl.edu.ar\/index.php\/gmedia\/2_jornada_de_divulgaci_n_y_vinculaci_n_acad_micocultural_ingenier_a_agron_mica_89_-jpg\/\">\r\n                <a href=\"https:\/\/www.fica.unsl.edu.ar\/wp-content\/grand-media\/image\/2_Jornada_de_Divulgaci_n_y_Vinculaci_n_Acad_micoCultural_Ingenier_a_Agron_mica_89_.jpg\" class=\"gmPhantom_Thumb\"><img decoding=\"async\" src=\"https:\/\/www.fica.unsl.edu.ar\/wp-content\/grand-media\/image\/thumb\/2_Jornada_de_Divulgaci_n_y_Vinculaci_n_Acad_micoCultural_Ingenier_a_Agron_mica_89_.jpg\" data-src=\"https:\/\/www.fica.unsl.edu.ar\/wp-content\/grand-media\/image\/2_Jornada_de_Divulgaci_n_y_Vinculaci_n_Acad_micoCultural_Ingenier_a_Agron_mica_89_.jpg\" alt=\"2\u00b0 Jornada De Divulgaci\u00f3n Y Vinculaci\u00f3n Acad\u00e9micoCultural Ingenier\u00eda Agron\u00f3mica (89)\"\/><\/a>\r\n                                    <div class=\"gmPhantom_ThumbLabel\"><span class=\"gmPhantom_ThumbLabel_title\">2\u00b0 Jornada De Divulgaci\u00f3n Y Vinculaci\u00f3n Acad\u00e9micoCultural Ingenier\u00eda Agron\u00f3mica (89)<\/span><\/div>\r\n                                    <div style=\"display:none;\" class=\"gmPhantom_Details\">\r\n                                            <div class=\"gmPhantom_description\">\r\n                            <div class=\"gmPhantom_title\">2\u00b0 Jornada De Divulgaci\u00f3n Y Vinculaci\u00f3n Acad\u00e9micoCultural Ingenier\u00eda Agron\u00f3mica (89)<\/div>\r\n                            <div class=\"gmPhantom_text\"><\/div>\r\n                        <\/div>\r\n                                                            <div class=\"gmPhantom_terms\">\r\n                                                    <div class=\"gmPhantom_other_terms\">\r\n                                <table class=\"gmPhantom_other_terms_table\">\r\n                                                                            <tr class=\"gmPhantom_term_row_album\">\r\n                                            <td class=\"gmPhantom_term_key\">Album<\/td>\r\n                                            <td class=\"gmPhantom_term_value\"><a href=\"\/index.php\/wp-json\/wp\/v2\/posts\/15313?gm191[album__in]=191\" class=\"gmPhantom_alb\">2-Jornada-Divulgacion-Vinculacion-Acad\u00e9mico-Cultural-2023<\/a><\/td>\r\n                                        <\/tr>\r\n                                                                    <\/table>\r\n                            <\/div>\r\n                                                <\/div>\r\n                <\/div>\r\n                <\/div>            <div class=\"gmPhantom_ThumbContainer gmPhantom_ThumbLoader\" data-id=\"2839\" data-post_id=\"15431\" data-ratio=\"1.5\" data-type=\"image\" data-ext=\"jpg\" data-views=\"0\" data-likes=\"0\" data-cc=\"0\" data-post_link=\"https:\/\/www.fica.unsl.edu.ar\/index.php\/gmedia\/2_jornada_de_divulgaci_n_y_vinculaci_n_acad_micocultural_ingenier_a_agron_mica_88_-jpg\/\">\r\n                <a href=\"https:\/\/www.fica.unsl.edu.ar\/wp-content\/grand-media\/image\/2_Jornada_de_Divulgaci_n_y_Vinculaci_n_Acad_micoCultural_Ingenier_a_Agron_mica_88_.jpg\" class=\"gmPhantom_Thumb\"><img decoding=\"async\" src=\"https:\/\/www.fica.unsl.edu.ar\/wp-content\/grand-media\/image\/thumb\/2_Jornada_de_Divulgaci_n_y_Vinculaci_n_Acad_micoCultural_Ingenier_a_Agron_mica_88_.jpg\" data-src=\"https:\/\/www.fica.unsl.edu.ar\/wp-content\/grand-media\/image\/2_Jornada_de_Divulgaci_n_y_Vinculaci_n_Acad_micoCultural_Ingenier_a_Agron_mica_88_.jpg\" alt=\"2\u00b0 Jornada De Divulgaci\u00f3n Y Vinculaci\u00f3n Acad\u00e9micoCultural Ingenier\u00eda Agron\u00f3mica (88)\"\/><\/a>\r\n                                    <div class=\"gmPhantom_ThumbLabel\"><span class=\"gmPhantom_ThumbLabel_title\">2\u00b0 Jornada De Divulgaci\u00f3n Y Vinculaci\u00f3n Acad\u00e9micoCultural Ingenier\u00eda Agron\u00f3mica (88)<\/span><\/div>\r\n                                    <div style=\"display:none;\" class=\"gmPhantom_Details\">\r\n                                            <div class=\"gmPhantom_description\">\r\n                            <div class=\"gmPhantom_title\">2\u00b0 Jornada De Divulgaci\u00f3n Y Vinculaci\u00f3n Acad\u00e9micoCultural Ingenier\u00eda Agron\u00f3mica (88)<\/div>\r\n                            <div class=\"gmPhantom_text\"><\/div>\r\n                        <\/div>\r\n                                                            <div class=\"gmPhantom_terms\">\r\n                                                    <div class=\"gmPhantom_other_terms\">\r\n                                <table class=\"gmPhantom_other_terms_table\">\r\n                                                                            <tr class=\"gmPhantom_term_row_album\">\r\n                                            <td class=\"gmPhantom_term_key\">Album<\/td>\r\n                                            <td class=\"gmPhantom_term_value\"><a href=\"\/index.php\/wp-json\/wp\/v2\/posts\/15313?gm191[album__in]=191\" class=\"gmPhantom_alb\">2-Jornada-Divulgacion-Vinculacion-Acad\u00e9mico-Cultural-2023<\/a><\/td>\r\n                                        <\/tr>\r\n                                                                    <\/table>\r\n                            <\/div>\r\n                                                <\/div>\r\n                <\/div>\r\n                <\/div>            <div class=\"gmPhantom_ThumbContainer gmPhantom_ThumbLoader\" data-id=\"2838\" data-post_id=\"15430\" data-ratio=\"1.5\" data-type=\"image\" data-ext=\"jpg\" data-views=\"0\" data-likes=\"0\" data-cc=\"0\" data-post_link=\"https:\/\/www.fica.unsl.edu.ar\/index.php\/gmedia\/2_jornada_de_divulgaci_n_y_vinculaci_n_acad_micocultural_ingenier_a_agron_mica_87_-jpg\/\">\r\n                <a href=\"https:\/\/www.fica.unsl.edu.ar\/wp-content\/grand-media\/image\/2_Jornada_de_Divulgaci_n_y_Vinculaci_n_Acad_micoCultural_Ingenier_a_Agron_mica_87_.jpg\" class=\"gmPhantom_Thumb\"><img decoding=\"async\" src=\"https:\/\/www.fica.unsl.edu.ar\/wp-content\/grand-media\/image\/thumb\/2_Jornada_de_Divulgaci_n_y_Vinculaci_n_Acad_micoCultural_Ingenier_a_Agron_mica_87_.jpg\" data-src=\"https:\/\/www.fica.unsl.edu.ar\/wp-content\/grand-media\/image\/2_Jornada_de_Divulgaci_n_y_Vinculaci_n_Acad_micoCultural_Ingenier_a_Agron_mica_87_.jpg\" alt=\"2\u00b0 Jornada De Divulgaci\u00f3n Y Vinculaci\u00f3n Acad\u00e9micoCultural Ingenier\u00eda Agron\u00f3mica (87)\"\/><\/a>\r\n                                    <div class=\"gmPhantom_ThumbLabel\"><span class=\"gmPhantom_ThumbLabel_title\">2\u00b0 Jornada De Divulgaci\u00f3n Y Vinculaci\u00f3n Acad\u00e9micoCultural Ingenier\u00eda Agron\u00f3mica (87)<\/span><\/div>\r\n                                    <div style=\"display:none;\" class=\"gmPhantom_Details\">\r\n                                            <div class=\"gmPhantom_description\">\r\n                            <div class=\"gmPhantom_title\">2\u00b0 Jornada De Divulgaci\u00f3n Y Vinculaci\u00f3n Acad\u00e9micoCultural Ingenier\u00eda Agron\u00f3mica (87)<\/div>\r\n                            <div class=\"gmPhantom_text\"><\/div>\r\n                        <\/div>\r\n                                                            <div class=\"gmPhantom_terms\">\r\n                                                    <div class=\"gmPhantom_other_terms\">\r\n                                <table class=\"gmPhantom_other_terms_table\">\r\n                                                                            <tr class=\"gmPhantom_term_row_album\">\r\n                                            <td class=\"gmPhantom_term_key\">Album<\/td>\r\n                                            <td class=\"gmPhantom_term_value\"><a href=\"\/index.php\/wp-json\/wp\/v2\/posts\/15313?gm191[album__in]=191\" class=\"gmPhantom_alb\">2-Jornada-Divulgacion-Vinculacion-Acad\u00e9mico-Cultural-2023<\/a><\/td>\r\n                                        <\/tr>\r\n                                                                    <\/table>\r\n                            <\/div>\r\n                                                <\/div>\r\n                <\/div>\r\n                <\/div>            <div class=\"gmPhantom_ThumbContainer gmPhantom_ThumbLoader\" data-id=\"2837\" data-post_id=\"15429\" data-ratio=\"1.5\" data-type=\"image\" data-ext=\"jpg\" data-views=\"3\" data-likes=\"0\" data-cc=\"0\" data-post_link=\"https:\/\/www.fica.unsl.edu.ar\/index.php\/gmedia\/2_jornada_de_divulgaci_n_y_vinculaci_n_acad_micocultural_ingenier_a_agron_mica_86_-jpg\/\">\r\n                <a href=\"https:\/\/www.fica.unsl.edu.ar\/wp-content\/grand-media\/image\/2_Jornada_de_Divulgaci_n_y_Vinculaci_n_Acad_micoCultural_Ingenier_a_Agron_mica_86_.jpg\" class=\"gmPhantom_Thumb\"><img decoding=\"async\" src=\"https:\/\/www.fica.unsl.edu.ar\/wp-content\/grand-media\/image\/thumb\/2_Jornada_de_Divulgaci_n_y_Vinculaci_n_Acad_micoCultural_Ingenier_a_Agron_mica_86_.jpg\" data-src=\"https:\/\/www.fica.unsl.edu.ar\/wp-content\/grand-media\/image\/2_Jornada_de_Divulgaci_n_y_Vinculaci_n_Acad_micoCultural_Ingenier_a_Agron_mica_86_.jpg\" alt=\"2\u00b0 Jornada De Divulgaci\u00f3n Y Vinculaci\u00f3n Acad\u00e9micoCultural Ingenier\u00eda Agron\u00f3mica (86)\"\/><\/a>\r\n                                    <div class=\"gmPhantom_ThumbLabel\"><span class=\"gmPhantom_ThumbLabel_title\">2\u00b0 Jornada De Divulgaci\u00f3n Y Vinculaci\u00f3n Acad\u00e9micoCultural Ingenier\u00eda Agron\u00f3mica (86)<\/span><\/div>\r\n                                    <div style=\"display:none;\" class=\"gmPhantom_Details\">\r\n                                            <div class=\"gmPhantom_description\">\r\n                            <div class=\"gmPhantom_title\">2\u00b0 Jornada De Divulgaci\u00f3n Y Vinculaci\u00f3n Acad\u00e9micoCultural Ingenier\u00eda Agron\u00f3mica (86)<\/div>\r\n                            <div class=\"gmPhantom_text\"><\/div>\r\n                        <\/div>\r\n                                                            <div class=\"gmPhantom_terms\">\r\n                                                    <div class=\"gmPhantom_other_terms\">\r\n                                <table class=\"gmPhantom_other_terms_table\">\r\n                                                                            <tr class=\"gmPhantom_term_row_album\">\r\n                                            <td class=\"gmPhantom_term_key\">Album<\/td>\r\n                                            <td class=\"gmPhantom_term_value\"><a href=\"\/index.php\/wp-json\/wp\/v2\/posts\/15313?gm191[album__in]=191\" class=\"gmPhantom_alb\">2-Jornada-Divulgacion-Vinculacion-Acad\u00e9mico-Cultural-2023<\/a><\/td>\r\n                                        <\/tr>\r\n                                                                    <\/table>\r\n                            <\/div>\r\n                                                <\/div>\r\n                <\/div>\r\n                <\/div>            <div class=\"gmPhantom_ThumbContainer gmPhantom_ThumbLoader\" data-id=\"2836\" data-post_id=\"15428\" data-ratio=\"1.5\" data-type=\"image\" data-ext=\"jpg\" data-views=\"2\" data-likes=\"0\" data-cc=\"0\" data-post_link=\"https:\/\/www.fica.unsl.edu.ar\/index.php\/gmedia\/2_jornada_de_divulgaci_n_y_vinculaci_n_acad_micocultural_ingenier_a_agron_mica_85_-jpg\/\">\r\n                <a href=\"https:\/\/www.fica.unsl.edu.ar\/wp-content\/grand-media\/image\/2_Jornada_de_Divulgaci_n_y_Vinculaci_n_Acad_micoCultural_Ingenier_a_Agron_mica_85_.jpg\" class=\"gmPhantom_Thumb\"><img decoding=\"async\" src=\"https:\/\/www.fica.unsl.edu.ar\/wp-content\/grand-media\/image\/thumb\/2_Jornada_de_Divulgaci_n_y_Vinculaci_n_Acad_micoCultural_Ingenier_a_Agron_mica_85_.jpg\" data-src=\"https:\/\/www.fica.unsl.edu.ar\/wp-content\/grand-media\/image\/2_Jornada_de_Divulgaci_n_y_Vinculaci_n_Acad_micoCultural_Ingenier_a_Agron_mica_85_.jpg\" alt=\"2\u00b0 Jornada De Divulgaci\u00f3n Y Vinculaci\u00f3n Acad\u00e9micoCultural Ingenier\u00eda Agron\u00f3mica (85)\"\/><\/a>\r\n                                    <div class=\"gmPhantom_ThumbLabel\"><span class=\"gmPhantom_ThumbLabel_title\">2\u00b0 Jornada De Divulgaci\u00f3n Y Vinculaci\u00f3n Acad\u00e9micoCultural Ingenier\u00eda Agron\u00f3mica (85)<\/span><\/div>\r\n                                    <div style=\"display:none;\" class=\"gmPhantom_Details\">\r\n                                            <div class=\"gmPhantom_description\">\r\n                            <div class=\"gmPhantom_title\">2\u00b0 Jornada De Divulgaci\u00f3n Y Vinculaci\u00f3n Acad\u00e9micoCultural Ingenier\u00eda Agron\u00f3mica (85)<\/div>\r\n                            <div class=\"gmPhantom_text\"><\/div>\r\n                        <\/div>\r\n                                                            <div class=\"gmPhantom_terms\">\r\n                                                    <div class=\"gmPhantom_other_terms\">\r\n                                <table class=\"gmPhantom_other_terms_table\">\r\n                                                                            <tr class=\"gmPhantom_term_row_album\">\r\n                                            <td class=\"gmPhantom_term_key\">Album<\/td>\r\n                                            <td class=\"gmPhantom_term_value\"><a href=\"\/index.php\/wp-json\/wp\/v2\/posts\/15313?gm191[album__in]=191\" class=\"gmPhantom_alb\">2-Jornada-Divulgacion-Vinculacion-Acad\u00e9mico-Cultural-2023<\/a><\/td>\r\n                                        <\/tr>\r\n                                                                    <\/table>\r\n                            <\/div>\r\n                                                <\/div>\r\n                <\/div>\r\n                <\/div>            <div class=\"gmPhantom_ThumbContainer gmPhantom_ThumbLoader\" data-id=\"2835\" data-post_id=\"15427\" data-ratio=\"1.5\" data-type=\"image\" data-ext=\"jpg\" data-views=\"2\" data-likes=\"0\" data-cc=\"0\" data-post_link=\"https:\/\/www.fica.unsl.edu.ar\/index.php\/gmedia\/2_jornada_de_divulgaci_n_y_vinculaci_n_acad_micocultural_ingenier_a_agron_mica_84_-jpg\/\">\r\n                <a href=\"https:\/\/www.fica.unsl.edu.ar\/wp-content\/grand-media\/image\/2_Jornada_de_Divulgaci_n_y_Vinculaci_n_Acad_micoCultural_Ingenier_a_Agron_mica_84_.jpg\" class=\"gmPhantom_Thumb\"><img decoding=\"async\" src=\"https:\/\/www.fica.unsl.edu.ar\/wp-content\/grand-media\/image\/thumb\/2_Jornada_de_Divulgaci_n_y_Vinculaci_n_Acad_micoCultural_Ingenier_a_Agron_mica_84_.jpg\" data-src=\"https:\/\/www.fica.unsl.edu.ar\/wp-content\/grand-media\/image\/2_Jornada_de_Divulgaci_n_y_Vinculaci_n_Acad_micoCultural_Ingenier_a_Agron_mica_84_.jpg\" alt=\"2\u00b0 Jornada De Divulgaci\u00f3n Y Vinculaci\u00f3n Acad\u00e9micoCultural Ingenier\u00eda Agron\u00f3mica (84)\"\/><\/a>\r\n                                    <div class=\"gmPhantom_ThumbLabel\"><span class=\"gmPhantom_ThumbLabel_title\">2\u00b0 Jornada De Divulgaci\u00f3n Y Vinculaci\u00f3n Acad\u00e9micoCultural Ingenier\u00eda Agron\u00f3mica (84)<\/span><\/div>\r\n                                    <div style=\"display:none;\" class=\"gmPhantom_Details\">\r\n                                            <div class=\"gmPhantom_description\">\r\n                            <div class=\"gmPhantom_title\">2\u00b0 Jornada De Divulgaci\u00f3n Y Vinculaci\u00f3n Acad\u00e9micoCultural Ingenier\u00eda Agron\u00f3mica (84)<\/div>\r\n                            <div class=\"gmPhantom_text\"><\/div>\r\n                        <\/div>\r\n                                                            <div class=\"gmPhantom_terms\">\r\n                                                    <div class=\"gmPhantom_other_terms\">\r\n                                <table class=\"gmPhantom_other_terms_table\">\r\n                                                                            <tr class=\"gmPhantom_term_row_album\">\r\n                                            <td class=\"gmPhantom_term_key\">Album<\/td>\r\n                                            <td class=\"gmPhantom_term_value\"><a href=\"\/index.php\/wp-json\/wp\/v2\/posts\/15313?gm191[album__in]=191\" class=\"gmPhantom_alb\">2-Jornada-Divulgacion-Vinculacion-Acad\u00e9mico-Cultural-2023<\/a><\/td>\r\n                                        <\/tr>\r\n                                                                    <\/table>\r\n                            <\/div>\r\n                                                <\/div>\r\n                <\/div>\r\n                <\/div>            <div class=\"gmPhantom_ThumbContainer gmPhantom_ThumbLoader\" data-id=\"2834\" data-post_id=\"15426\" data-ratio=\"1.5\" data-type=\"image\" data-ext=\"jpg\" data-views=\"4\" data-likes=\"0\" data-cc=\"0\" data-post_link=\"https:\/\/www.fica.unsl.edu.ar\/index.php\/gmedia\/2_jornada_de_divulgaci_n_y_vinculaci_n_acad_micocultural_ingenier_a_agron_mica_83_-jpg\/\">\r\n                <a href=\"https:\/\/www.fica.unsl.edu.ar\/wp-content\/grand-media\/image\/2_Jornada_de_Divulgaci_n_y_Vinculaci_n_Acad_micoCultural_Ingenier_a_Agron_mica_83_.jpg\" class=\"gmPhantom_Thumb\"><img decoding=\"async\" src=\"https:\/\/www.fica.unsl.edu.ar\/wp-content\/grand-media\/image\/thumb\/2_Jornada_de_Divulgaci_n_y_Vinculaci_n_Acad_micoCultural_Ingenier_a_Agron_mica_83_.jpg\" data-src=\"https:\/\/www.fica.unsl.edu.ar\/wp-content\/grand-media\/image\/2_Jornada_de_Divulgaci_n_y_Vinculaci_n_Acad_micoCultural_Ingenier_a_Agron_mica_83_.jpg\" alt=\"2\u00b0 Jornada De Divulgaci\u00f3n Y Vinculaci\u00f3n Acad\u00e9micoCultural Ingenier\u00eda Agron\u00f3mica (83)\"\/><\/a>\r\n                                    <div class=\"gmPhantom_ThumbLabel\"><span class=\"gmPhantom_ThumbLabel_title\">2\u00b0 Jornada De Divulgaci\u00f3n Y Vinculaci\u00f3n Acad\u00e9micoCultural Ingenier\u00eda Agron\u00f3mica (83)<\/span><\/div>\r\n                                    <div style=\"display:none;\" class=\"gmPhantom_Details\">\r\n                                            <div class=\"gmPhantom_description\">\r\n                            <div class=\"gmPhantom_title\">2\u00b0 Jornada De Divulgaci\u00f3n Y Vinculaci\u00f3n Acad\u00e9micoCultural Ingenier\u00eda Agron\u00f3mica (83)<\/div>\r\n                            <div class=\"gmPhantom_text\"><\/div>\r\n                        <\/div>\r\n                                                            <div class=\"gmPhantom_terms\">\r\n                                                    <div class=\"gmPhantom_other_terms\">\r\n                                <table class=\"gmPhantom_other_terms_table\">\r\n                                                                            <tr class=\"gmPhantom_term_row_album\">\r\n                                            <td class=\"gmPhantom_term_key\">Album<\/td>\r\n                                            <td class=\"gmPhantom_term_value\"><a href=\"\/index.php\/wp-json\/wp\/v2\/posts\/15313?gm191[album__in]=191\" class=\"gmPhantom_alb\">2-Jornada-Divulgacion-Vinculacion-Acad\u00e9mico-Cultural-2023<\/a><\/td>\r\n                                        <\/tr>\r\n                                                                    <\/table>\r\n                            <\/div>\r\n                                                <\/div>\r\n                <\/div>\r\n                <\/div>            <div class=\"gmPhantom_ThumbContainer gmPhantom_ThumbLoader\" data-id=\"2833\" data-post_id=\"15425\" data-ratio=\"1.5\" data-type=\"image\" data-ext=\"jpg\" data-views=\"4\" data-likes=\"0\" data-cc=\"0\" data-post_link=\"https:\/\/www.fica.unsl.edu.ar\/index.php\/gmedia\/2_jornada_de_divulgaci_n_y_vinculaci_n_acad_micocultural_ingenier_a_agron_mica_82_-jpg\/\">\r\n                <a href=\"https:\/\/www.fica.unsl.edu.ar\/wp-content\/grand-media\/image\/2_Jornada_de_Divulgaci_n_y_Vinculaci_n_Acad_micoCultural_Ingenier_a_Agron_mica_82_.jpg\" class=\"gmPhantom_Thumb\"><img decoding=\"async\" src=\"https:\/\/www.fica.unsl.edu.ar\/wp-content\/grand-media\/image\/thumb\/2_Jornada_de_Divulgaci_n_y_Vinculaci_n_Acad_micoCultural_Ingenier_a_Agron_mica_82_.jpg\" data-src=\"https:\/\/www.fica.unsl.edu.ar\/wp-content\/grand-media\/image\/2_Jornada_de_Divulgaci_n_y_Vinculaci_n_Acad_micoCultural_Ingenier_a_Agron_mica_82_.jpg\" alt=\"2\u00b0 Jornada De Divulgaci\u00f3n Y Vinculaci\u00f3n Acad\u00e9micoCultural Ingenier\u00eda Agron\u00f3mica (82)\"\/><\/a>\r\n                                    <div class=\"gmPhantom_ThumbLabel\"><span class=\"gmPhantom_ThumbLabel_title\">2\u00b0 Jornada De Divulgaci\u00f3n Y Vinculaci\u00f3n Acad\u00e9micoCultural Ingenier\u00eda Agron\u00f3mica (82)<\/span><\/div>\r\n                                    <div style=\"display:none;\" class=\"gmPhantom_Details\">\r\n                                            <div class=\"gmPhantom_description\">\r\n                            <div class=\"gmPhantom_title\">2\u00b0 Jornada De Divulgaci\u00f3n Y Vinculaci\u00f3n Acad\u00e9micoCultural Ingenier\u00eda Agron\u00f3mica (82)<\/div>\r\n                            <div class=\"gmPhantom_text\"><\/div>\r\n                        <\/div>\r\n                                                            <div class=\"gmPhantom_terms\">\r\n                                                    <div class=\"gmPhantom_other_terms\">\r\n                                <table class=\"gmPhantom_other_terms_table\">\r\n                                                                            <tr class=\"gmPhantom_term_row_album\">\r\n                                            <td class=\"gmPhantom_term_key\">Album<\/td>\r\n                                            <td class=\"gmPhantom_term_value\"><a href=\"\/index.php\/wp-json\/wp\/v2\/posts\/15313?gm191[album__in]=191\" class=\"gmPhantom_alb\">2-Jornada-Divulgacion-Vinculacion-Acad\u00e9mico-Cultural-2023<\/a><\/td>\r\n                                        <\/tr>\r\n                                                                    <\/table>\r\n                            <\/div>\r\n                                                <\/div>\r\n                <\/div>\r\n                <\/div>            <div class=\"gmPhantom_ThumbContainer gmPhantom_ThumbLoader\" data-id=\"2832\" data-post_id=\"15424\" data-ratio=\"1.5\" data-type=\"image\" data-ext=\"jpg\" data-views=\"2\" data-likes=\"0\" data-cc=\"0\" data-post_link=\"https:\/\/www.fica.unsl.edu.ar\/index.php\/gmedia\/2_jornada_de_divulgaci_n_y_vinculaci_n_acad_micocultural_ingenier_a_agron_mica_81_-jpg\/\">\r\n                <a href=\"https:\/\/www.fica.unsl.edu.ar\/wp-content\/grand-media\/image\/2_Jornada_de_Divulgaci_n_y_Vinculaci_n_Acad_micoCultural_Ingenier_a_Agron_mica_81_.jpg\" class=\"gmPhantom_Thumb\"><img decoding=\"async\" src=\"https:\/\/www.fica.unsl.edu.ar\/wp-content\/grand-media\/image\/thumb\/2_Jornada_de_Divulgaci_n_y_Vinculaci_n_Acad_micoCultural_Ingenier_a_Agron_mica_81_.jpg\" data-src=\"https:\/\/www.fica.unsl.edu.ar\/wp-content\/grand-media\/image\/2_Jornada_de_Divulgaci_n_y_Vinculaci_n_Acad_micoCultural_Ingenier_a_Agron_mica_81_.jpg\" alt=\"2\u00b0 Jornada De Divulgaci\u00f3n Y Vinculaci\u00f3n Acad\u00e9micoCultural Ingenier\u00eda Agron\u00f3mica (81)\"\/><\/a>\r\n                                    <div class=\"gmPhantom_ThumbLabel\"><span class=\"gmPhantom_ThumbLabel_title\">2\u00b0 Jornada De Divulgaci\u00f3n Y Vinculaci\u00f3n Acad\u00e9micoCultural Ingenier\u00eda Agron\u00f3mica (81)<\/span><\/div>\r\n                                    <div style=\"display:none;\" class=\"gmPhantom_Details\">\r\n                                            <div class=\"gmPhantom_description\">\r\n                            <div class=\"gmPhantom_title\">2\u00b0 Jornada De Divulgaci\u00f3n Y Vinculaci\u00f3n Acad\u00e9micoCultural Ingenier\u00eda Agron\u00f3mica (81)<\/div>\r\n                            <div class=\"gmPhantom_text\"><\/div>\r\n                        <\/div>\r\n                                                            <div class=\"gmPhantom_terms\">\r\n                                                    <div class=\"gmPhantom_other_terms\">\r\n                                <table class=\"gmPhantom_other_terms_table\">\r\n                                                                            <tr class=\"gmPhantom_term_row_album\">\r\n                                            <td class=\"gmPhantom_term_key\">Album<\/td>\r\n                                            <td class=\"gmPhantom_term_value\"><a href=\"\/index.php\/wp-json\/wp\/v2\/posts\/15313?gm191[album__in]=191\" class=\"gmPhantom_alb\">2-Jornada-Divulgacion-Vinculacion-Acad\u00e9mico-Cultural-2023<\/a><\/td>\r\n                                        <\/tr>\r\n                                                                    <\/table>\r\n                            <\/div>\r\n                                                <\/div>\r\n                <\/div>\r\n                <\/div>            <div class=\"gmPhantom_ThumbContainer gmPhantom_ThumbLoader\" data-id=\"2831\" data-post_id=\"15423\" data-ratio=\"1.5\" data-type=\"image\" data-ext=\"jpg\" data-views=\"2\" data-likes=\"0\" data-cc=\"0\" data-post_link=\"https:\/\/www.fica.unsl.edu.ar\/index.php\/gmedia\/2_jornada_de_divulgaci_n_y_vinculaci_n_acad_micocultural_ingenier_a_agron_mica_80_-jpg\/\">\r\n                <a href=\"https:\/\/www.fica.unsl.edu.ar\/wp-content\/grand-media\/image\/2_Jornada_de_Divulgaci_n_y_Vinculaci_n_Acad_micoCultural_Ingenier_a_Agron_mica_80_.jpg\" class=\"gmPhantom_Thumb\"><img decoding=\"async\" src=\"https:\/\/www.fica.unsl.edu.ar\/wp-content\/grand-media\/image\/thumb\/2_Jornada_de_Divulgaci_n_y_Vinculaci_n_Acad_micoCultural_Ingenier_a_Agron_mica_80_.jpg\" data-src=\"https:\/\/www.fica.unsl.edu.ar\/wp-content\/grand-media\/image\/2_Jornada_de_Divulgaci_n_y_Vinculaci_n_Acad_micoCultural_Ingenier_a_Agron_mica_80_.jpg\" alt=\"2\u00b0 Jornada De Divulgaci\u00f3n Y Vinculaci\u00f3n Acad\u00e9micoCultural Ingenier\u00eda Agron\u00f3mica (80)\"\/><\/a>\r\n                                    <div class=\"gmPhantom_ThumbLabel\"><span class=\"gmPhantom_ThumbLabel_title\">2\u00b0 Jornada De Divulgaci\u00f3n Y Vinculaci\u00f3n Acad\u00e9micoCultural Ingenier\u00eda Agron\u00f3mica (80)<\/span><\/div>\r\n                                    <div style=\"display:none;\" class=\"gmPhantom_Details\">\r\n                                            <div class=\"gmPhantom_description\">\r\n                            <div class=\"gmPhantom_title\">2\u00b0 Jornada De Divulgaci\u00f3n Y Vinculaci\u00f3n Acad\u00e9micoCultural Ingenier\u00eda Agron\u00f3mica (80)<\/div>\r\n                            <div class=\"gmPhantom_text\"><\/div>\r\n                        <\/div>\r\n                                                            <div class=\"gmPhantom_terms\">\r\n                                                    <div class=\"gmPhantom_other_terms\">\r\n                                <table class=\"gmPhantom_other_terms_table\">\r\n                                                                            <tr class=\"gmPhantom_term_row_album\">\r\n                                            <td class=\"gmPhantom_term_key\">Album<\/td>\r\n                                            <td class=\"gmPhantom_term_value\"><a href=\"\/index.php\/wp-json\/wp\/v2\/posts\/15313?gm191[album__in]=191\" class=\"gmPhantom_alb\">2-Jornada-Divulgacion-Vinculacion-Acad\u00e9mico-Cultural-2023<\/a><\/td>\r\n                                        <\/tr>\r\n                                                                    <\/table>\r\n                            <\/div>\r\n                                                <\/div>\r\n                <\/div>\r\n                <\/div>            <div class=\"gmPhantom_ThumbContainer gmPhantom_ThumbLoader\" data-id=\"2830\" data-post_id=\"15422\" data-ratio=\"1.5\" data-type=\"image\" data-ext=\"jpg\" data-views=\"2\" data-likes=\"0\" data-cc=\"0\" data-post_link=\"https:\/\/www.fica.unsl.edu.ar\/index.php\/gmedia\/2_jornada_de_divulgaci_n_y_vinculaci_n_acad_micocultural_ingenier_a_agron_mica_79_-jpg\/\">\r\n                <a href=\"https:\/\/www.fica.unsl.edu.ar\/wp-content\/grand-media\/image\/2_Jornada_de_Divulgaci_n_y_Vinculaci_n_Acad_micoCultural_Ingenier_a_Agron_mica_79_.jpg\" class=\"gmPhantom_Thumb\"><img decoding=\"async\" src=\"https:\/\/www.fica.unsl.edu.ar\/wp-content\/grand-media\/image\/thumb\/2_Jornada_de_Divulgaci_n_y_Vinculaci_n_Acad_micoCultural_Ingenier_a_Agron_mica_79_.jpg\" data-src=\"https:\/\/www.fica.unsl.edu.ar\/wp-content\/grand-media\/image\/2_Jornada_de_Divulgaci_n_y_Vinculaci_n_Acad_micoCultural_Ingenier_a_Agron_mica_79_.jpg\" alt=\"2\u00b0 Jornada De Divulgaci\u00f3n Y Vinculaci\u00f3n Acad\u00e9micoCultural Ingenier\u00eda Agron\u00f3mica (79)\"\/><\/a>\r\n                                    <div class=\"gmPhantom_ThumbLabel\"><span class=\"gmPhantom_ThumbLabel_title\">2\u00b0 Jornada De Divulgaci\u00f3n Y Vinculaci\u00f3n Acad\u00e9micoCultural Ingenier\u00eda Agron\u00f3mica (79)<\/span><\/div>\r\n                                    <div style=\"display:none;\" class=\"gmPhantom_Details\">\r\n                                            <div class=\"gmPhantom_description\">\r\n                            <div class=\"gmPhantom_title\">2\u00b0 Jornada De Divulgaci\u00f3n Y Vinculaci\u00f3n Acad\u00e9micoCultural Ingenier\u00eda Agron\u00f3mica (79)<\/div>\r\n                            <div class=\"gmPhantom_text\"><\/div>\r\n                        <\/div>\r\n                                                            <div class=\"gmPhantom_terms\">\r\n                                                    <div class=\"gmPhantom_other_terms\">\r\n                                <table class=\"gmPhantom_other_terms_table\">\r\n                                                                            <tr class=\"gmPhantom_term_row_album\">\r\n                                            <td class=\"gmPhantom_term_key\">Album<\/td>\r\n                                            <td class=\"gmPhantom_term_value\"><a href=\"\/index.php\/wp-json\/wp\/v2\/posts\/15313?gm191[album__in]=191\" class=\"gmPhantom_alb\">2-Jornada-Divulgacion-Vinculacion-Acad\u00e9mico-Cultural-2023<\/a><\/td>\r\n                                        <\/tr>\r\n                                                                    <\/table>\r\n                            <\/div>\r\n                                                <\/div>\r\n                <\/div>\r\n                <\/div>            <div class=\"gmPhantom_ThumbContainer gmPhantom_ThumbLoader\" data-id=\"2829\" data-post_id=\"15421\" data-ratio=\"1.5\" data-type=\"image\" data-ext=\"jpg\" data-views=\"2\" data-likes=\"0\" data-cc=\"0\" data-post_link=\"https:\/\/www.fica.unsl.edu.ar\/index.php\/gmedia\/2_jornada_de_divulgaci_n_y_vinculaci_n_acad_micocultural_ingenier_a_agron_mica_78_-jpg\/\">\r\n                <a href=\"https:\/\/www.fica.unsl.edu.ar\/wp-content\/grand-media\/image\/2_Jornada_de_Divulgaci_n_y_Vinculaci_n_Acad_micoCultural_Ingenier_a_Agron_mica_78_.jpg\" class=\"gmPhantom_Thumb\"><img decoding=\"async\" src=\"https:\/\/www.fica.unsl.edu.ar\/wp-content\/grand-media\/image\/thumb\/2_Jornada_de_Divulgaci_n_y_Vinculaci_n_Acad_micoCultural_Ingenier_a_Agron_mica_78_.jpg\" data-src=\"https:\/\/www.fica.unsl.edu.ar\/wp-content\/grand-media\/image\/2_Jornada_de_Divulgaci_n_y_Vinculaci_n_Acad_micoCultural_Ingenier_a_Agron_mica_78_.jpg\" alt=\"2\u00b0 Jornada De Divulgaci\u00f3n Y Vinculaci\u00f3n Acad\u00e9micoCultural Ingenier\u00eda Agron\u00f3mica (78)\"\/><\/a>\r\n                                    <div class=\"gmPhantom_ThumbLabel\"><span class=\"gmPhantom_ThumbLabel_title\">2\u00b0 Jornada De Divulgaci\u00f3n Y Vinculaci\u00f3n Acad\u00e9micoCultural Ingenier\u00eda Agron\u00f3mica (78)<\/span><\/div>\r\n                                    <div style=\"display:none;\" class=\"gmPhantom_Details\">\r\n                                            <div class=\"gmPhantom_description\">\r\n                            <div class=\"gmPhantom_title\">2\u00b0 Jornada De Divulgaci\u00f3n Y Vinculaci\u00f3n Acad\u00e9micoCultural Ingenier\u00eda Agron\u00f3mica (78)<\/div>\r\n                            <div class=\"gmPhantom_text\"><\/div>\r\n                        <\/div>\r\n                                                            <div class=\"gmPhantom_terms\">\r\n                                                    <div class=\"gmPhantom_other_terms\">\r\n                                <table class=\"gmPhantom_other_terms_table\">\r\n                                                                            <tr class=\"gmPhantom_term_row_album\">\r\n                                            <td class=\"gmPhantom_term_key\">Album<\/td>\r\n                                            <td class=\"gmPhantom_term_value\"><a href=\"\/index.php\/wp-json\/wp\/v2\/posts\/15313?gm191[album__in]=191\" class=\"gmPhantom_alb\">2-Jornada-Divulgacion-Vinculacion-Acad\u00e9mico-Cultural-2023<\/a><\/td>\r\n                                        <\/tr>\r\n                                                                    <\/table>\r\n                            <\/div>\r\n                                                <\/div>\r\n                <\/div>\r\n                <\/div>            <div class=\"gmPhantom_ThumbContainer gmPhantom_ThumbLoader\" data-id=\"2828\" data-post_id=\"15420\" data-ratio=\"1.5\" data-type=\"image\" data-ext=\"jpg\" data-views=\"4\" data-likes=\"0\" data-cc=\"0\" data-post_link=\"https:\/\/www.fica.unsl.edu.ar\/index.php\/gmedia\/2_jornada_de_divulgaci_n_y_vinculaci_n_acad_micocultural_ingenier_a_agron_mica_77_-jpg\/\">\r\n                <a href=\"https:\/\/www.fica.unsl.edu.ar\/wp-content\/grand-media\/image\/2_Jornada_de_Divulgaci_n_y_Vinculaci_n_Acad_micoCultural_Ingenier_a_Agron_mica_77_.jpg\" class=\"gmPhantom_Thumb\"><img decoding=\"async\" src=\"https:\/\/www.fica.unsl.edu.ar\/wp-content\/grand-media\/image\/thumb\/2_Jornada_de_Divulgaci_n_y_Vinculaci_n_Acad_micoCultural_Ingenier_a_Agron_mica_77_.jpg\" data-src=\"https:\/\/www.fica.unsl.edu.ar\/wp-content\/grand-media\/image\/2_Jornada_de_Divulgaci_n_y_Vinculaci_n_Acad_micoCultural_Ingenier_a_Agron_mica_77_.jpg\" alt=\"2\u00b0 Jornada De Divulgaci\u00f3n Y Vinculaci\u00f3n Acad\u00e9micoCultural Ingenier\u00eda Agron\u00f3mica (77)\"\/><\/a>\r\n                                    <div class=\"gmPhantom_ThumbLabel\"><span class=\"gmPhantom_ThumbLabel_title\">2\u00b0 Jornada De Divulgaci\u00f3n Y Vinculaci\u00f3n Acad\u00e9micoCultural Ingenier\u00eda Agron\u00f3mica (77)<\/span><\/div>\r\n                                    <div style=\"display:none;\" class=\"gmPhantom_Details\">\r\n                                            <div class=\"gmPhantom_description\">\r\n                            <div class=\"gmPhantom_title\">2\u00b0 Jornada De Divulgaci\u00f3n Y Vinculaci\u00f3n Acad\u00e9micoCultural Ingenier\u00eda Agron\u00f3mica (77)<\/div>\r\n                            <div class=\"gmPhantom_text\"><\/div>\r\n                        <\/div>\r\n                                                            <div class=\"gmPhantom_terms\">\r\n                                                    <div class=\"gmPhantom_other_terms\">\r\n                                <table class=\"gmPhantom_other_terms_table\">\r\n                                                                            <tr class=\"gmPhantom_term_row_album\">\r\n                                            <td class=\"gmPhantom_term_key\">Album<\/td>\r\n                                            <td class=\"gmPhantom_term_value\"><a href=\"\/index.php\/wp-json\/wp\/v2\/posts\/15313?gm191[album__in]=191\" class=\"gmPhantom_alb\">2-Jornada-Divulgacion-Vinculacion-Acad\u00e9mico-Cultural-2023<\/a><\/td>\r\n                                        <\/tr>\r\n                                                                    <\/table>\r\n                            <\/div>\r\n                                                <\/div>\r\n                <\/div>\r\n                <\/div>            <div class=\"gmPhantom_ThumbContainer gmPhantom_ThumbLoader\" data-id=\"2827\" data-post_id=\"15419\" data-ratio=\"1.5\" data-type=\"image\" data-ext=\"jpg\" data-views=\"4\" data-likes=\"0\" data-cc=\"0\" data-post_link=\"https:\/\/www.fica.unsl.edu.ar\/index.php\/gmedia\/2_jornada_de_divulgaci_n_y_vinculaci_n_acad_micocultural_ingenier_a_agron_mica_76_-jpg\/\">\r\n                <a href=\"https:\/\/www.fica.unsl.edu.ar\/wp-content\/grand-media\/image\/2_Jornada_de_Divulgaci_n_y_Vinculaci_n_Acad_micoCultural_Ingenier_a_Agron_mica_76_.jpg\" class=\"gmPhantom_Thumb\"><img decoding=\"async\" src=\"https:\/\/www.fica.unsl.edu.ar\/wp-content\/grand-media\/image\/thumb\/2_Jornada_de_Divulgaci_n_y_Vinculaci_n_Acad_micoCultural_Ingenier_a_Agron_mica_76_.jpg\" data-src=\"https:\/\/www.fica.unsl.edu.ar\/wp-content\/grand-media\/image\/2_Jornada_de_Divulgaci_n_y_Vinculaci_n_Acad_micoCultural_Ingenier_a_Agron_mica_76_.jpg\" alt=\"2\u00b0 Jornada De Divulgaci\u00f3n Y Vinculaci\u00f3n Acad\u00e9micoCultural Ingenier\u00eda Agron\u00f3mica (76)\"\/><\/a>\r\n                                    <div class=\"gmPhantom_ThumbLabel\"><span class=\"gmPhantom_ThumbLabel_title\">2\u00b0 Jornada De Divulgaci\u00f3n Y Vinculaci\u00f3n Acad\u00e9micoCultural Ingenier\u00eda Agron\u00f3mica (76)<\/span><\/div>\r\n                                    <div style=\"display:none;\" class=\"gmPhantom_Details\">\r\n                                            <div class=\"gmPhantom_description\">\r\n                            <div class=\"gmPhantom_title\">2\u00b0 Jornada De Divulgaci\u00f3n Y Vinculaci\u00f3n Acad\u00e9micoCultural Ingenier\u00eda Agron\u00f3mica (76)<\/div>\r\n                            <div class=\"gmPhantom_text\"><\/div>\r\n                        <\/div>\r\n                                                            <div class=\"gmPhantom_terms\">\r\n                                                    <div class=\"gmPhantom_other_terms\">\r\n                                <table class=\"gmPhantom_other_terms_table\">\r\n                                                                            <tr class=\"gmPhantom_term_row_album\">\r\n                                            <td class=\"gmPhantom_term_key\">Album<\/td>\r\n                                            <td class=\"gmPhantom_term_value\"><a href=\"\/index.php\/wp-json\/wp\/v2\/posts\/15313?gm191[album__in]=191\" class=\"gmPhantom_alb\">2-Jornada-Divulgacion-Vinculacion-Acad\u00e9mico-Cultural-2023<\/a><\/td>\r\n                                        <\/tr>\r\n                                                                    <\/table>\r\n                            <\/div>\r\n                                                <\/div>\r\n                <\/div>\r\n                <\/div>            <div class=\"gmPhantom_ThumbContainer gmPhantom_ThumbLoader\" data-id=\"2826\" data-post_id=\"15418\" data-ratio=\"1.5\" data-type=\"image\" data-ext=\"jpg\" data-views=\"3\" data-likes=\"0\" data-cc=\"0\" data-post_link=\"https:\/\/www.fica.unsl.edu.ar\/index.php\/gmedia\/2_jornada_de_divulgaci_n_y_vinculaci_n_acad_micocultural_ingenier_a_agron_mica_75_-jpg\/\">\r\n                <a href=\"https:\/\/www.fica.unsl.edu.ar\/wp-content\/grand-media\/image\/2_Jornada_de_Divulgaci_n_y_Vinculaci_n_Acad_micoCultural_Ingenier_a_Agron_mica_75_.jpg\" class=\"gmPhantom_Thumb\"><img decoding=\"async\" src=\"https:\/\/www.fica.unsl.edu.ar\/wp-content\/grand-media\/image\/thumb\/2_Jornada_de_Divulgaci_n_y_Vinculaci_n_Acad_micoCultural_Ingenier_a_Agron_mica_75_.jpg\" data-src=\"https:\/\/www.fica.unsl.edu.ar\/wp-content\/grand-media\/image\/2_Jornada_de_Divulgaci_n_y_Vinculaci_n_Acad_micoCultural_Ingenier_a_Agron_mica_75_.jpg\" alt=\"2\u00b0 Jornada De Divulgaci\u00f3n Y Vinculaci\u00f3n Acad\u00e9micoCultural Ingenier\u00eda Agron\u00f3mica (75)\"\/><\/a>\r\n                                    <div class=\"gmPhantom_ThumbLabel\"><span class=\"gmPhantom_ThumbLabel_title\">2\u00b0 Jornada De Divulgaci\u00f3n Y Vinculaci\u00f3n Acad\u00e9micoCultural Ingenier\u00eda Agron\u00f3mica (75)<\/span><\/div>\r\n                                    <div style=\"display:none;\" class=\"gmPhantom_Details\">\r\n                                            <div class=\"gmPhantom_description\">\r\n                            <div class=\"gmPhantom_title\">2\u00b0 Jornada De Divulgaci\u00f3n Y Vinculaci\u00f3n Acad\u00e9micoCultural Ingenier\u00eda Agron\u00f3mica (75)<\/div>\r\n                            <div class=\"gmPhantom_text\"><\/div>\r\n                        <\/div>\r\n                                                            <div class=\"gmPhantom_terms\">\r\n                                                    <div class=\"gmPhantom_other_terms\">\r\n                                <table class=\"gmPhantom_other_terms_table\">\r\n                                                                            <tr class=\"gmPhantom_term_row_album\">\r\n                                            <td class=\"gmPhantom_term_key\">Album<\/td>\r\n                                            <td class=\"gmPhantom_term_value\"><a href=\"\/index.php\/wp-json\/wp\/v2\/posts\/15313?gm191[album__in]=191\" class=\"gmPhantom_alb\">2-Jornada-Divulgacion-Vinculacion-Acad\u00e9mico-Cultural-2023<\/a><\/td>\r\n                                        <\/tr>\r\n                                                                    <\/table>\r\n                            <\/div>\r\n                                                <\/div>\r\n                <\/div>\r\n                <\/div>            <div class=\"gmPhantom_ThumbContainer gmPhantom_ThumbLoader\" data-id=\"2825\" data-post_id=\"15417\" data-ratio=\"1.5\" data-type=\"image\" data-ext=\"jpg\" data-views=\"1\" data-likes=\"0\" data-cc=\"0\" data-post_link=\"https:\/\/www.fica.unsl.edu.ar\/index.php\/gmedia\/2_jornada_de_divulgaci_n_y_vinculaci_n_acad_micocultural_ingenier_a_agron_mica_74_-jpg\/\">\r\n                <a href=\"https:\/\/www.fica.unsl.edu.ar\/wp-content\/grand-media\/image\/2_Jornada_de_Divulgaci_n_y_Vinculaci_n_Acad_micoCultural_Ingenier_a_Agron_mica_74_.jpg\" class=\"gmPhantom_Thumb\"><img decoding=\"async\" src=\"https:\/\/www.fica.unsl.edu.ar\/wp-content\/grand-media\/image\/thumb\/2_Jornada_de_Divulgaci_n_y_Vinculaci_n_Acad_micoCultural_Ingenier_a_Agron_mica_74_.jpg\" data-src=\"https:\/\/www.fica.unsl.edu.ar\/wp-content\/grand-media\/image\/2_Jornada_de_Divulgaci_n_y_Vinculaci_n_Acad_micoCultural_Ingenier_a_Agron_mica_74_.jpg\" alt=\"2\u00b0 Jornada De Divulgaci\u00f3n Y Vinculaci\u00f3n Acad\u00e9micoCultural Ingenier\u00eda Agron\u00f3mica (74)\"\/><\/a>\r\n                                    <div class=\"gmPhantom_ThumbLabel\"><span class=\"gmPhantom_ThumbLabel_title\">2\u00b0 Jornada De Divulgaci\u00f3n Y Vinculaci\u00f3n Acad\u00e9micoCultural Ingenier\u00eda Agron\u00f3mica (74)<\/span><\/div>\r\n                                    <div style=\"display:none;\" class=\"gmPhantom_Details\">\r\n                                            <div class=\"gmPhantom_description\">\r\n                            <div class=\"gmPhantom_title\">2\u00b0 Jornada De Divulgaci\u00f3n Y Vinculaci\u00f3n Acad\u00e9micoCultural Ingenier\u00eda Agron\u00f3mica (74)<\/div>\r\n                            <div class=\"gmPhantom_text\"><\/div>\r\n                        <\/div>\r\n                                                            <div class=\"gmPhantom_terms\">\r\n                                                    <div class=\"gmPhantom_other_terms\">\r\n                                <table class=\"gmPhantom_other_terms_table\">\r\n                                                                            <tr class=\"gmPhantom_term_row_album\">\r\n                                            <td class=\"gmPhantom_term_key\">Album<\/td>\r\n                                            <td class=\"gmPhantom_term_value\"><a href=\"\/index.php\/wp-json\/wp\/v2\/posts\/15313?gm191[album__in]=191\" class=\"gmPhantom_alb\">2-Jornada-Divulgacion-Vinculacion-Acad\u00e9mico-Cultural-2023<\/a><\/td>\r\n                                        <\/tr>\r\n                                                                    <\/table>\r\n                            <\/div>\r\n                                                <\/div>\r\n                <\/div>\r\n                <\/div>            <div class=\"gmPhantom_ThumbContainer gmPhantom_ThumbLoader\" data-id=\"2824\" data-post_id=\"15416\" data-ratio=\"1.5\" data-type=\"image\" data-ext=\"jpg\" data-views=\"2\" data-likes=\"0\" data-cc=\"0\" data-post_link=\"https:\/\/www.fica.unsl.edu.ar\/index.php\/gmedia\/2_jornada_de_divulgaci_n_y_vinculaci_n_acad_micocultural_ingenier_a_agron_mica_73_-jpg\/\">\r\n                <a href=\"https:\/\/www.fica.unsl.edu.ar\/wp-content\/grand-media\/image\/2_Jornada_de_Divulgaci_n_y_Vinculaci_n_Acad_micoCultural_Ingenier_a_Agron_mica_73_.jpg\" class=\"gmPhantom_Thumb\"><img decoding=\"async\" src=\"https:\/\/www.fica.unsl.edu.ar\/wp-content\/grand-media\/image\/thumb\/2_Jornada_de_Divulgaci_n_y_Vinculaci_n_Acad_micoCultural_Ingenier_a_Agron_mica_73_.jpg\" data-src=\"https:\/\/www.fica.unsl.edu.ar\/wp-content\/grand-media\/image\/2_Jornada_de_Divulgaci_n_y_Vinculaci_n_Acad_micoCultural_Ingenier_a_Agron_mica_73_.jpg\" alt=\"2\u00b0 Jornada De Divulgaci\u00f3n Y Vinculaci\u00f3n Acad\u00e9micoCultural Ingenier\u00eda Agron\u00f3mica (73)\"\/><\/a>\r\n                                    <div class=\"gmPhantom_ThumbLabel\"><span class=\"gmPhantom_ThumbLabel_title\">2\u00b0 Jornada De Divulgaci\u00f3n Y Vinculaci\u00f3n Acad\u00e9micoCultural Ingenier\u00eda Agron\u00f3mica (73)<\/span><\/div>\r\n                                    <div style=\"display:none;\" class=\"gmPhantom_Details\">\r\n                                            <div class=\"gmPhantom_description\">\r\n                            <div class=\"gmPhantom_title\">2\u00b0 Jornada De Divulgaci\u00f3n Y Vinculaci\u00f3n Acad\u00e9micoCultural Ingenier\u00eda Agron\u00f3mica (73)<\/div>\r\n                            <div class=\"gmPhantom_text\"><\/div>\r\n                        <\/div>\r\n                                                            <div class=\"gmPhantom_terms\">\r\n                                                    <div class=\"gmPhantom_other_terms\">\r\n                                <table class=\"gmPhantom_other_terms_table\">\r\n                                                                            <tr class=\"gmPhantom_term_row_album\">\r\n                                            <td class=\"gmPhantom_term_key\">Album<\/td>\r\n                                            <td class=\"gmPhantom_term_value\"><a href=\"\/index.php\/wp-json\/wp\/v2\/posts\/15313?gm191[album__in]=191\" class=\"gmPhantom_alb\">2-Jornada-Divulgacion-Vinculacion-Acad\u00e9mico-Cultural-2023<\/a><\/td>\r\n                                        <\/tr>\r\n                                                                    <\/table>\r\n                            <\/div>\r\n                                                <\/div>\r\n                <\/div>\r\n                <\/div>            <div class=\"gmPhantom_ThumbContainer gmPhantom_ThumbLoader\" data-id=\"2823\" data-post_id=\"15415\" data-ratio=\"1.5\" data-type=\"image\" data-ext=\"jpg\" data-views=\"2\" data-likes=\"0\" data-cc=\"0\" data-post_link=\"https:\/\/www.fica.unsl.edu.ar\/index.php\/gmedia\/2_jornada_de_divulgaci_n_y_vinculaci_n_acad_micocultural_ingenier_a_agron_mica_72_-jpg\/\">\r\n                <a href=\"https:\/\/www.fica.unsl.edu.ar\/wp-content\/grand-media\/image\/2_Jornada_de_Divulgaci_n_y_Vinculaci_n_Acad_micoCultural_Ingenier_a_Agron_mica_72_.jpg\" class=\"gmPhantom_Thumb\"><img decoding=\"async\" src=\"https:\/\/www.fica.unsl.edu.ar\/wp-content\/grand-media\/image\/thumb\/2_Jornada_de_Divulgaci_n_y_Vinculaci_n_Acad_micoCultural_Ingenier_a_Agron_mica_72_.jpg\" data-src=\"https:\/\/www.fica.unsl.edu.ar\/wp-content\/grand-media\/image\/2_Jornada_de_Divulgaci_n_y_Vinculaci_n_Acad_micoCultural_Ingenier_a_Agron_mica_72_.jpg\" alt=\"2\u00b0 Jornada De Divulgaci\u00f3n Y Vinculaci\u00f3n Acad\u00e9micoCultural Ingenier\u00eda Agron\u00f3mica (72)\"\/><\/a>\r\n                                    <div class=\"gmPhantom_ThumbLabel\"><span class=\"gmPhantom_ThumbLabel_title\">2\u00b0 Jornada De Divulgaci\u00f3n Y Vinculaci\u00f3n Acad\u00e9micoCultural Ingenier\u00eda Agron\u00f3mica (72)<\/span><\/div>\r\n                                    <div style=\"display:none;\" class=\"gmPhantom_Details\">\r\n                                            <div class=\"gmPhantom_description\">\r\n                            <div class=\"gmPhantom_title\">2\u00b0 Jornada De Divulgaci\u00f3n Y Vinculaci\u00f3n Acad\u00e9micoCultural Ingenier\u00eda Agron\u00f3mica (72)<\/div>\r\n                            <div class=\"gmPhantom_text\"><\/div>\r\n                        <\/div>\r\n                                                            <div class=\"gmPhantom_terms\">\r\n                                                    <div class=\"gmPhantom_other_terms\">\r\n                                <table class=\"gmPhantom_other_terms_table\">\r\n                                                                            <tr class=\"gmPhantom_term_row_album\">\r\n                                            <td class=\"gmPhantom_term_key\">Album<\/td>\r\n                                            <td class=\"gmPhantom_term_value\"><a href=\"\/index.php\/wp-json\/wp\/v2\/posts\/15313?gm191[album__in]=191\" class=\"gmPhantom_alb\">2-Jornada-Divulgacion-Vinculacion-Acad\u00e9mico-Cultural-2023<\/a><\/td>\r\n                                        <\/tr>\r\n                                                                    <\/table>\r\n                            <\/div>\r\n                                                <\/div>\r\n                <\/div>\r\n                <\/div>            <div class=\"gmPhantom_ThumbContainer gmPhantom_ThumbLoader\" data-id=\"2822\" data-post_id=\"15414\" data-ratio=\"1.5\" data-type=\"image\" data-ext=\"jpg\" data-views=\"1\" data-likes=\"0\" data-cc=\"0\" data-post_link=\"https:\/\/www.fica.unsl.edu.ar\/index.php\/gmedia\/2_jornada_de_divulgaci_n_y_vinculaci_n_acad_micocultural_ingenier_a_agron_mica_71_-jpg\/\">\r\n                <a href=\"https:\/\/www.fica.unsl.edu.ar\/wp-content\/grand-media\/image\/2_Jornada_de_Divulgaci_n_y_Vinculaci_n_Acad_micoCultural_Ingenier_a_Agron_mica_71_.jpg\" class=\"gmPhantom_Thumb\"><img decoding=\"async\" src=\"https:\/\/www.fica.unsl.edu.ar\/wp-content\/grand-media\/image\/thumb\/2_Jornada_de_Divulgaci_n_y_Vinculaci_n_Acad_micoCultural_Ingenier_a_Agron_mica_71_.jpg\" data-src=\"https:\/\/www.fica.unsl.edu.ar\/wp-content\/grand-media\/image\/2_Jornada_de_Divulgaci_n_y_Vinculaci_n_Acad_micoCultural_Ingenier_a_Agron_mica_71_.jpg\" alt=\"2\u00b0 Jornada De Divulgaci\u00f3n Y Vinculaci\u00f3n Acad\u00e9micoCultural Ingenier\u00eda Agron\u00f3mica (71)\"\/><\/a>\r\n                                    <div class=\"gmPhantom_ThumbLabel\"><span class=\"gmPhantom_ThumbLabel_title\">2\u00b0 Jornada De Divulgaci\u00f3n Y Vinculaci\u00f3n Acad\u00e9micoCultural Ingenier\u00eda Agron\u00f3mica (71)<\/span><\/div>\r\n                                    <div style=\"display:none;\" class=\"gmPhantom_Details\">\r\n                                            <div class=\"gmPhantom_description\">\r\n                            <div class=\"gmPhantom_title\">2\u00b0 Jornada De Divulgaci\u00f3n Y Vinculaci\u00f3n Acad\u00e9micoCultural Ingenier\u00eda Agron\u00f3mica (71)<\/div>\r\n                            <div class=\"gmPhantom_text\"><\/div>\r\n                        <\/div>\r\n                                                            <div class=\"gmPhantom_terms\">\r\n                                                    <div class=\"gmPhantom_other_terms\">\r\n                                <table class=\"gmPhantom_other_terms_table\">\r\n                                                                            <tr class=\"gmPhantom_term_row_album\">\r\n                                            <td class=\"gmPhantom_term_key\">Album<\/td>\r\n                                            <td class=\"gmPhantom_term_value\"><a href=\"\/index.php\/wp-json\/wp\/v2\/posts\/15313?gm191[album__in]=191\" class=\"gmPhantom_alb\">2-Jornada-Divulgacion-Vinculacion-Acad\u00e9mico-Cultural-2023<\/a><\/td>\r\n                                        <\/tr>\r\n                                                                    <\/table>\r\n                            <\/div>\r\n                                                <\/div>\r\n                <\/div>\r\n                <\/div>            <div class=\"gmPhantom_ThumbContainer gmPhantom_ThumbLoader\" data-id=\"2821\" data-post_id=\"15413\" data-ratio=\"1.5\" data-type=\"image\" data-ext=\"jpg\" data-views=\"2\" data-likes=\"0\" data-cc=\"0\" data-post_link=\"https:\/\/www.fica.unsl.edu.ar\/index.php\/gmedia\/2_jornada_de_divulgaci_n_y_vinculaci_n_acad_micocultural_ingenier_a_agron_mica_70_-jpg\/\">\r\n                <a href=\"https:\/\/www.fica.unsl.edu.ar\/wp-content\/grand-media\/image\/2_Jornada_de_Divulgaci_n_y_Vinculaci_n_Acad_micoCultural_Ingenier_a_Agron_mica_70_.jpg\" class=\"gmPhantom_Thumb\"><img decoding=\"async\" src=\"https:\/\/www.fica.unsl.edu.ar\/wp-content\/grand-media\/image\/thumb\/2_Jornada_de_Divulgaci_n_y_Vinculaci_n_Acad_micoCultural_Ingenier_a_Agron_mica_70_.jpg\" data-src=\"https:\/\/www.fica.unsl.edu.ar\/wp-content\/grand-media\/image\/2_Jornada_de_Divulgaci_n_y_Vinculaci_n_Acad_micoCultural_Ingenier_a_Agron_mica_70_.jpg\" alt=\"2\u00b0 Jornada De Divulgaci\u00f3n Y Vinculaci\u00f3n Acad\u00e9micoCultural Ingenier\u00eda Agron\u00f3mica (70)\"\/><\/a>\r\n                                    <div class=\"gmPhantom_ThumbLabel\"><span class=\"gmPhantom_ThumbLabel_title\">2\u00b0 Jornada De Divulgaci\u00f3n Y Vinculaci\u00f3n Acad\u00e9micoCultural Ingenier\u00eda Agron\u00f3mica (70)<\/span><\/div>\r\n                                    <div style=\"display:none;\" class=\"gmPhantom_Details\">\r\n                                            <div class=\"gmPhantom_description\">\r\n                            <div class=\"gmPhantom_title\">2\u00b0 Jornada De Divulgaci\u00f3n Y Vinculaci\u00f3n Acad\u00e9micoCultural Ingenier\u00eda Agron\u00f3mica (70)<\/div>\r\n                            <div class=\"gmPhantom_text\"><\/div>\r\n                        <\/div>\r\n                                                            <div class=\"gmPhantom_terms\">\r\n                                                    <div class=\"gmPhantom_other_terms\">\r\n                                <table class=\"gmPhantom_other_terms_table\">\r\n                                                                            <tr class=\"gmPhantom_term_row_album\">\r\n                                            <td class=\"gmPhantom_term_key\">Album<\/td>\r\n                                            <td class=\"gmPhantom_term_value\"><a href=\"\/index.php\/wp-json\/wp\/v2\/posts\/15313?gm191[album__in]=191\" class=\"gmPhantom_alb\">2-Jornada-Divulgacion-Vinculacion-Acad\u00e9mico-Cultural-2023<\/a><\/td>\r\n                                        <\/tr>\r\n                                                                    <\/table>\r\n                            <\/div>\r\n                                                <\/div>\r\n                <\/div>\r\n                <\/div>            <div class=\"gmPhantom_ThumbContainer gmPhantom_ThumbLoader\" data-id=\"2820\" data-post_id=\"15412\" data-ratio=\"1.5\" data-type=\"image\" data-ext=\"jpg\" data-views=\"3\" data-likes=\"0\" data-cc=\"0\" data-post_link=\"https:\/\/www.fica.unsl.edu.ar\/index.php\/gmedia\/2_jornada_de_divulgaci_n_y_vinculaci_n_acad_micocultural_ingenier_a_agron_mica_69_-jpg\/\">\r\n                <a href=\"https:\/\/www.fica.unsl.edu.ar\/wp-content\/grand-media\/image\/2_Jornada_de_Divulgaci_n_y_Vinculaci_n_Acad_micoCultural_Ingenier_a_Agron_mica_69_.jpg\" class=\"gmPhantom_Thumb\"><img decoding=\"async\" src=\"https:\/\/www.fica.unsl.edu.ar\/wp-content\/grand-media\/image\/thumb\/2_Jornada_de_Divulgaci_n_y_Vinculaci_n_Acad_micoCultural_Ingenier_a_Agron_mica_69_.jpg\" data-src=\"https:\/\/www.fica.unsl.edu.ar\/wp-content\/grand-media\/image\/2_Jornada_de_Divulgaci_n_y_Vinculaci_n_Acad_micoCultural_Ingenier_a_Agron_mica_69_.jpg\" alt=\"2\u00b0 Jornada De Divulgaci\u00f3n Y Vinculaci\u00f3n Acad\u00e9micoCultural Ingenier\u00eda Agron\u00f3mica (69)\"\/><\/a>\r\n                                    <div class=\"gmPhantom_ThumbLabel\"><span class=\"gmPhantom_ThumbLabel_title\">2\u00b0 Jornada De Divulgaci\u00f3n Y Vinculaci\u00f3n Acad\u00e9micoCultural Ingenier\u00eda Agron\u00f3mica (69)<\/span><\/div>\r\n                                    <div style=\"display:none;\" class=\"gmPhantom_Details\">\r\n                                            <div class=\"gmPhantom_description\">\r\n                            <div class=\"gmPhantom_title\">2\u00b0 Jornada De Divulgaci\u00f3n Y Vinculaci\u00f3n Acad\u00e9micoCultural Ingenier\u00eda Agron\u00f3mica (69)<\/div>\r\n                            <div class=\"gmPhantom_text\"><\/div>\r\n                        <\/div>\r\n                                                            <div class=\"gmPhantom_terms\">\r\n                                                    <div class=\"gmPhantom_other_terms\">\r\n                                <table class=\"gmPhantom_other_terms_table\">\r\n                                                                            <tr class=\"gmPhantom_term_row_album\">\r\n                                            <td class=\"gmPhantom_term_key\">Album<\/td>\r\n                                            <td class=\"gmPhantom_term_value\"><a href=\"\/index.php\/wp-json\/wp\/v2\/posts\/15313?gm191[album__in]=191\" class=\"gmPhantom_alb\">2-Jornada-Divulgacion-Vinculacion-Acad\u00e9mico-Cultural-2023<\/a><\/td>\r\n                                        <\/tr>\r\n                                                                    <\/table>\r\n                            <\/div>\r\n                                                <\/div>\r\n                <\/div>\r\n                <\/div>            <div class=\"gmPhantom_ThumbContainer gmPhantom_ThumbLoader\" data-id=\"2819\" data-post_id=\"15411\" data-ratio=\"1.5\" data-type=\"image\" data-ext=\"jpg\" data-views=\"2\" data-likes=\"0\" data-cc=\"0\" data-post_link=\"https:\/\/www.fica.unsl.edu.ar\/index.php\/gmedia\/2_jornada_de_divulgaci_n_y_vinculaci_n_acad_micocultural_ingenier_a_agron_mica_68_-jpg\/\">\r\n                <a href=\"https:\/\/www.fica.unsl.edu.ar\/wp-content\/grand-media\/image\/2_Jornada_de_Divulgaci_n_y_Vinculaci_n_Acad_micoCultural_Ingenier_a_Agron_mica_68_.jpg\" class=\"gmPhantom_Thumb\"><img decoding=\"async\" src=\"https:\/\/www.fica.unsl.edu.ar\/wp-content\/grand-media\/image\/thumb\/2_Jornada_de_Divulgaci_n_y_Vinculaci_n_Acad_micoCultural_Ingenier_a_Agron_mica_68_.jpg\" data-src=\"https:\/\/www.fica.unsl.edu.ar\/wp-content\/grand-media\/image\/2_Jornada_de_Divulgaci_n_y_Vinculaci_n_Acad_micoCultural_Ingenier_a_Agron_mica_68_.jpg\" alt=\"2\u00b0 Jornada De Divulgaci\u00f3n Y Vinculaci\u00f3n Acad\u00e9micoCultural Ingenier\u00eda Agron\u00f3mica (68)\"\/><\/a>\r\n                                    <div class=\"gmPhantom_ThumbLabel\"><span class=\"gmPhantom_ThumbLabel_title\">2\u00b0 Jornada De Divulgaci\u00f3n Y Vinculaci\u00f3n Acad\u00e9micoCultural Ingenier\u00eda Agron\u00f3mica (68)<\/span><\/div>\r\n                                    <div style=\"display:none;\" class=\"gmPhantom_Details\">\r\n                                            <div class=\"gmPhantom_description\">\r\n                            <div class=\"gmPhantom_title\">2\u00b0 Jornada De Divulgaci\u00f3n Y Vinculaci\u00f3n Acad\u00e9micoCultural Ingenier\u00eda Agron\u00f3mica (68)<\/div>\r\n                            <div class=\"gmPhantom_text\"><\/div>\r\n                        <\/div>\r\n                                                            <div class=\"gmPhantom_terms\">\r\n                                                    <div class=\"gmPhantom_other_terms\">\r\n                                <table class=\"gmPhantom_other_terms_table\">\r\n                                                                            <tr class=\"gmPhantom_term_row_album\">\r\n                                            <td class=\"gmPhantom_term_key\">Album<\/td>\r\n                                            <td class=\"gmPhantom_term_value\"><a href=\"\/index.php\/wp-json\/wp\/v2\/posts\/15313?gm191[album__in]=191\" class=\"gmPhantom_alb\">2-Jornada-Divulgacion-Vinculacion-Acad\u00e9mico-Cultural-2023<\/a><\/td>\r\n                                        <\/tr>\r\n                                                                    <\/table>\r\n                            <\/div>\r\n                                                <\/div>\r\n                <\/div>\r\n                <\/div>            <div class=\"gmPhantom_ThumbContainer gmPhantom_ThumbLoader\" data-id=\"2818\" data-post_id=\"15410\" data-ratio=\"1.5\" data-type=\"image\" data-ext=\"jpg\" data-views=\"1\" data-likes=\"0\" data-cc=\"0\" data-post_link=\"https:\/\/www.fica.unsl.edu.ar\/index.php\/gmedia\/2_jornada_de_divulgaci_n_y_vinculaci_n_acad_micocultural_ingenier_a_agron_mica_67_-jpg\/\">\r\n                <a href=\"https:\/\/www.fica.unsl.edu.ar\/wp-content\/grand-media\/image\/2_Jornada_de_Divulgaci_n_y_Vinculaci_n_Acad_micoCultural_Ingenier_a_Agron_mica_67_.jpg\" class=\"gmPhantom_Thumb\"><img decoding=\"async\" src=\"https:\/\/www.fica.unsl.edu.ar\/wp-content\/grand-media\/image\/thumb\/2_Jornada_de_Divulgaci_n_y_Vinculaci_n_Acad_micoCultural_Ingenier_a_Agron_mica_67_.jpg\" data-src=\"https:\/\/www.fica.unsl.edu.ar\/wp-content\/grand-media\/image\/2_Jornada_de_Divulgaci_n_y_Vinculaci_n_Acad_micoCultural_Ingenier_a_Agron_mica_67_.jpg\" alt=\"2\u00b0 Jornada De Divulgaci\u00f3n Y Vinculaci\u00f3n Acad\u00e9micoCultural Ingenier\u00eda Agron\u00f3mica (67)\"\/><\/a>\r\n                                    <div class=\"gmPhantom_ThumbLabel\"><span class=\"gmPhantom_ThumbLabel_title\">2\u00b0 Jornada De Divulgaci\u00f3n Y Vinculaci\u00f3n Acad\u00e9micoCultural Ingenier\u00eda Agron\u00f3mica (67)<\/span><\/div>\r\n                                    <div style=\"display:none;\" class=\"gmPhantom_Details\">\r\n                                            <div class=\"gmPhantom_description\">\r\n                            <div class=\"gmPhantom_title\">2\u00b0 Jornada De Divulgaci\u00f3n Y Vinculaci\u00f3n Acad\u00e9micoCultural Ingenier\u00eda Agron\u00f3mica (67)<\/div>\r\n                            <div class=\"gmPhantom_text\"><\/div>\r\n                        <\/div>\r\n                                                            <div class=\"gmPhantom_terms\">\r\n                                                    <div class=\"gmPhantom_other_terms\">\r\n                                <table class=\"gmPhantom_other_terms_table\">\r\n                                                                            <tr class=\"gmPhantom_term_row_album\">\r\n                                            <td class=\"gmPhantom_term_key\">Album<\/td>\r\n                                            <td class=\"gmPhantom_term_value\"><a href=\"\/index.php\/wp-json\/wp\/v2\/posts\/15313?gm191[album__in]=191\" class=\"gmPhantom_alb\">2-Jornada-Divulgacion-Vinculacion-Acad\u00e9mico-Cultural-2023<\/a><\/td>\r\n                                        <\/tr>\r\n                                                                    <\/table>\r\n                            <\/div>\r\n                                                <\/div>\r\n                <\/div>\r\n                <\/div>            <div class=\"gmPhantom_ThumbContainer gmPhantom_ThumbLoader\" data-id=\"2817\" data-post_id=\"15409\" data-ratio=\"1.5\" data-type=\"image\" data-ext=\"jpg\" data-views=\"3\" data-likes=\"0\" data-cc=\"0\" data-post_link=\"https:\/\/www.fica.unsl.edu.ar\/index.php\/gmedia\/2_jornada_de_divulgaci_n_y_vinculaci_n_acad_micocultural_ingenier_a_agron_mica_66_-jpg\/\">\r\n                <a href=\"https:\/\/www.fica.unsl.edu.ar\/wp-content\/grand-media\/image\/2_Jornada_de_Divulgaci_n_y_Vinculaci_n_Acad_micoCultural_Ingenier_a_Agron_mica_66_.jpg\" class=\"gmPhantom_Thumb\"><img decoding=\"async\" src=\"https:\/\/www.fica.unsl.edu.ar\/wp-content\/grand-media\/image\/thumb\/2_Jornada_de_Divulgaci_n_y_Vinculaci_n_Acad_micoCultural_Ingenier_a_Agron_mica_66_.jpg\" data-src=\"https:\/\/www.fica.unsl.edu.ar\/wp-content\/grand-media\/image\/2_Jornada_de_Divulgaci_n_y_Vinculaci_n_Acad_micoCultural_Ingenier_a_Agron_mica_66_.jpg\" alt=\"2\u00b0 Jornada De Divulgaci\u00f3n Y Vinculaci\u00f3n Acad\u00e9micoCultural Ingenier\u00eda Agron\u00f3mica (66)\"\/><\/a>\r\n                                    <div class=\"gmPhantom_ThumbLabel\"><span class=\"gmPhantom_ThumbLabel_title\">2\u00b0 Jornada De Divulgaci\u00f3n Y Vinculaci\u00f3n Acad\u00e9micoCultural Ingenier\u00eda Agron\u00f3mica (66)<\/span><\/div>\r\n                                    <div style=\"display:none;\" class=\"gmPhantom_Details\">\r\n                                            <div class=\"gmPhantom_description\">\r\n                            <div class=\"gmPhantom_title\">2\u00b0 Jornada De Divulgaci\u00f3n Y Vinculaci\u00f3n Acad\u00e9micoCultural Ingenier\u00eda Agron\u00f3mica (66)<\/div>\r\n                            <div class=\"gmPhantom_text\"><\/div>\r\n                        <\/div>\r\n                                                            <div class=\"gmPhantom_terms\">\r\n                                                    <div class=\"gmPhantom_other_terms\">\r\n                                <table class=\"gmPhantom_other_terms_table\">\r\n                                                                            <tr class=\"gmPhantom_term_row_album\">\r\n                                            <td class=\"gmPhantom_term_key\">Album<\/td>\r\n                                            <td class=\"gmPhantom_term_value\"><a href=\"\/index.php\/wp-json\/wp\/v2\/posts\/15313?gm191[album__in]=191\" class=\"gmPhantom_alb\">2-Jornada-Divulgacion-Vinculacion-Acad\u00e9mico-Cultural-2023<\/a><\/td>\r\n                                        <\/tr>\r\n                                                                    <\/table>\r\n                            <\/div>\r\n                                                <\/div>\r\n                <\/div>\r\n                <\/div>            <div class=\"gmPhantom_ThumbContainer gmPhantom_ThumbLoader\" data-id=\"2816\" data-post_id=\"15408\" data-ratio=\"1.5\" data-type=\"image\" data-ext=\"jpg\" data-views=\"1\" data-likes=\"0\" data-cc=\"0\" data-post_link=\"https:\/\/www.fica.unsl.edu.ar\/index.php\/gmedia\/2_jornada_de_divulgaci_n_y_vinculaci_n_acad_micocultural_ingenier_a_agron_mica_65_-jpg\/\">\r\n                <a href=\"https:\/\/www.fica.unsl.edu.ar\/wp-content\/grand-media\/image\/2_Jornada_de_Divulgaci_n_y_Vinculaci_n_Acad_micoCultural_Ingenier_a_Agron_mica_65_.jpg\" class=\"gmPhantom_Thumb\"><img decoding=\"async\" src=\"https:\/\/www.fica.unsl.edu.ar\/wp-content\/grand-media\/image\/thumb\/2_Jornada_de_Divulgaci_n_y_Vinculaci_n_Acad_micoCultural_Ingenier_a_Agron_mica_65_.jpg\" data-src=\"https:\/\/www.fica.unsl.edu.ar\/wp-content\/grand-media\/image\/2_Jornada_de_Divulgaci_n_y_Vinculaci_n_Acad_micoCultural_Ingenier_a_Agron_mica_65_.jpg\" alt=\"2\u00b0 Jornada De Divulgaci\u00f3n Y Vinculaci\u00f3n Acad\u00e9micoCultural Ingenier\u00eda Agron\u00f3mica (65)\"\/><\/a>\r\n                                    <div class=\"gmPhantom_ThumbLabel\"><span class=\"gmPhantom_ThumbLabel_title\">2\u00b0 Jornada De Divulgaci\u00f3n Y Vinculaci\u00f3n Acad\u00e9micoCultural Ingenier\u00eda Agron\u00f3mica (65)<\/span><\/div>\r\n                                    <div style=\"display:none;\" class=\"gmPhantom_Details\">\r\n                                            <div class=\"gmPhantom_description\">\r\n                            <div class=\"gmPhantom_title\">2\u00b0 Jornada De Divulgaci\u00f3n Y Vinculaci\u00f3n Acad\u00e9micoCultural Ingenier\u00eda Agron\u00f3mica (65)<\/div>\r\n                            <div class=\"gmPhantom_text\"><\/div>\r\n                        <\/div>\r\n                                                            <div class=\"gmPhantom_terms\">\r\n                                                    <div class=\"gmPhantom_other_terms\">\r\n                                <table class=\"gmPhantom_other_terms_table\">\r\n                                                                            <tr class=\"gmPhantom_term_row_album\">\r\n                                            <td class=\"gmPhantom_term_key\">Album<\/td>\r\n                                            <td class=\"gmPhantom_term_value\"><a href=\"\/index.php\/wp-json\/wp\/v2\/posts\/15313?gm191[album__in]=191\" class=\"gmPhantom_alb\">2-Jornada-Divulgacion-Vinculacion-Acad\u00e9mico-Cultural-2023<\/a><\/td>\r\n                                        <\/tr>\r\n                                                                    <\/table>\r\n                            <\/div>\r\n                                                <\/div>\r\n                <\/div>\r\n                <\/div>            <div class=\"gmPhantom_ThumbContainer gmPhantom_ThumbLoader\" data-id=\"2815\" data-post_id=\"15407\" data-ratio=\"1.5\" data-type=\"image\" data-ext=\"jpg\" data-views=\"2\" data-likes=\"0\" data-cc=\"0\" data-post_link=\"https:\/\/www.fica.unsl.edu.ar\/index.php\/gmedia\/2_jornada_de_divulgaci_n_y_vinculaci_n_acad_micocultural_ingenier_a_agron_mica_64_-jpg\/\">\r\n                <a href=\"https:\/\/www.fica.unsl.edu.ar\/wp-content\/grand-media\/image\/2_Jornada_de_Divulgaci_n_y_Vinculaci_n_Acad_micoCultural_Ingenier_a_Agron_mica_64_.jpg\" class=\"gmPhantom_Thumb\"><img decoding=\"async\" src=\"https:\/\/www.fica.unsl.edu.ar\/wp-content\/grand-media\/image\/thumb\/2_Jornada_de_Divulgaci_n_y_Vinculaci_n_Acad_micoCultural_Ingenier_a_Agron_mica_64_.jpg\" data-src=\"https:\/\/www.fica.unsl.edu.ar\/wp-content\/grand-media\/image\/2_Jornada_de_Divulgaci_n_y_Vinculaci_n_Acad_micoCultural_Ingenier_a_Agron_mica_64_.jpg\" alt=\"2\u00b0 Jornada De Divulgaci\u00f3n Y Vinculaci\u00f3n Acad\u00e9micoCultural Ingenier\u00eda Agron\u00f3mica (64)\"\/><\/a>\r\n                                    <div class=\"gmPhantom_ThumbLabel\"><span class=\"gmPhantom_ThumbLabel_title\">2\u00b0 Jornada De Divulgaci\u00f3n Y Vinculaci\u00f3n Acad\u00e9micoCultural Ingenier\u00eda Agron\u00f3mica (64)<\/span><\/div>\r\n                                    <div style=\"display:none;\" class=\"gmPhantom_Details\">\r\n                                            <div class=\"gmPhantom_description\">\r\n                            <div class=\"gmPhantom_title\">2\u00b0 Jornada De Divulgaci\u00f3n Y Vinculaci\u00f3n Acad\u00e9micoCultural Ingenier\u00eda Agron\u00f3mica (64)<\/div>\r\n                            <div class=\"gmPhantom_text\"><\/div>\r\n                        <\/div>\r\n                                                            <div class=\"gmPhantom_terms\">\r\n                                                    <div class=\"gmPhantom_other_terms\">\r\n                                <table class=\"gmPhantom_other_terms_table\">\r\n                                                                            <tr class=\"gmPhantom_term_row_album\">\r\n                                            <td class=\"gmPhantom_term_key\">Album<\/td>\r\n                                            <td class=\"gmPhantom_term_value\"><a href=\"\/index.php\/wp-json\/wp\/v2\/posts\/15313?gm191[album__in]=191\" class=\"gmPhantom_alb\">2-Jornada-Divulgacion-Vinculacion-Acad\u00e9mico-Cultural-2023<\/a><\/td>\r\n                                        <\/tr>\r\n                                                                    <\/table>\r\n                            <\/div>\r\n                                                <\/div>\r\n                <\/div>\r\n                <\/div>            <div class=\"gmPhantom_ThumbContainer gmPhantom_ThumbLoader\" data-id=\"2814\" data-post_id=\"15406\" data-ratio=\"1.5\" data-type=\"image\" data-ext=\"jpg\" data-views=\"4\" data-likes=\"0\" data-cc=\"0\" data-post_link=\"https:\/\/www.fica.unsl.edu.ar\/index.php\/gmedia\/2_jornada_de_divulgaci_n_y_vinculaci_n_acad_micocultural_ingenier_a_agron_mica_63_-jpg\/\">\r\n                <a href=\"https:\/\/www.fica.unsl.edu.ar\/wp-content\/grand-media\/image\/2_Jornada_de_Divulgaci_n_y_Vinculaci_n_Acad_micoCultural_Ingenier_a_Agron_mica_63_.jpg\" class=\"gmPhantom_Thumb\"><img decoding=\"async\" src=\"https:\/\/www.fica.unsl.edu.ar\/wp-content\/grand-media\/image\/thumb\/2_Jornada_de_Divulgaci_n_y_Vinculaci_n_Acad_micoCultural_Ingenier_a_Agron_mica_63_.jpg\" data-src=\"https:\/\/www.fica.unsl.edu.ar\/wp-content\/grand-media\/image\/2_Jornada_de_Divulgaci_n_y_Vinculaci_n_Acad_micoCultural_Ingenier_a_Agron_mica_63_.jpg\" alt=\"2\u00b0 Jornada De Divulgaci\u00f3n Y Vinculaci\u00f3n Acad\u00e9micoCultural Ingenier\u00eda Agron\u00f3mica (63)\"\/><\/a>\r\n                                    <div class=\"gmPhantom_ThumbLabel\"><span class=\"gmPhantom_ThumbLabel_title\">2\u00b0 Jornada De Divulgaci\u00f3n Y Vinculaci\u00f3n Acad\u00e9micoCultural Ingenier\u00eda Agron\u00f3mica (63)<\/span><\/div>\r\n                                    <div style=\"display:none;\" class=\"gmPhantom_Details\">\r\n                                            <div class=\"gmPhantom_description\">\r\n                            <div class=\"gmPhantom_title\">2\u00b0 Jornada De Divulgaci\u00f3n Y Vinculaci\u00f3n Acad\u00e9micoCultural Ingenier\u00eda Agron\u00f3mica (63)<\/div>\r\n                            <div class=\"gmPhantom_text\"><\/div>\r\n                        <\/div>\r\n                                                            <div class=\"gmPhantom_terms\">\r\n                                                    <div class=\"gmPhantom_other_terms\">\r\n                                <table class=\"gmPhantom_other_terms_table\">\r\n                                                                            <tr class=\"gmPhantom_term_row_album\">\r\n                                            <td class=\"gmPhantom_term_key\">Album<\/td>\r\n                                            <td class=\"gmPhantom_term_value\"><a href=\"\/index.php\/wp-json\/wp\/v2\/posts\/15313?gm191[album__in]=191\" class=\"gmPhantom_alb\">2-Jornada-Divulgacion-Vinculacion-Acad\u00e9mico-Cultural-2023<\/a><\/td>\r\n                                        <\/tr>\r\n                                                                    <\/table>\r\n                            <\/div>\r\n                                                <\/div>\r\n                <\/div>\r\n                <\/div>            <div class=\"gmPhantom_ThumbContainer gmPhantom_ThumbLoader\" data-id=\"2813\" data-post_id=\"15405\" data-ratio=\"0.66666666666667\" data-type=\"image\" data-ext=\"jpg\" data-views=\"3\" data-likes=\"0\" data-cc=\"0\" data-post_link=\"https:\/\/www.fica.unsl.edu.ar\/index.php\/gmedia\/2_jornada_de_divulgaci_n_y_vinculaci_n_acad_micocultural_ingenier_a_agron_mica_62_-jpg\/\">\r\n                <a href=\"https:\/\/www.fica.unsl.edu.ar\/wp-content\/grand-media\/image\/2_Jornada_de_Divulgaci_n_y_Vinculaci_n_Acad_micoCultural_Ingenier_a_Agron_mica_62_.jpg\" class=\"gmPhantom_Thumb\"><img decoding=\"async\" src=\"https:\/\/www.fica.unsl.edu.ar\/wp-content\/grand-media\/image\/thumb\/2_Jornada_de_Divulgaci_n_y_Vinculaci_n_Acad_micoCultural_Ingenier_a_Agron_mica_62_.jpg\" data-src=\"https:\/\/www.fica.unsl.edu.ar\/wp-content\/grand-media\/image\/2_Jornada_de_Divulgaci_n_y_Vinculaci_n_Acad_micoCultural_Ingenier_a_Agron_mica_62_.jpg\" alt=\"2\u00b0 Jornada De Divulgaci\u00f3n Y Vinculaci\u00f3n Acad\u00e9micoCultural Ingenier\u00eda Agron\u00f3mica (62)\"\/><\/a>\r\n                                    <div class=\"gmPhantom_ThumbLabel\"><span class=\"gmPhantom_ThumbLabel_title\">2\u00b0 Jornada De Divulgaci\u00f3n Y Vinculaci\u00f3n Acad\u00e9micoCultural Ingenier\u00eda Agron\u00f3mica (62)<\/span><\/div>\r\n                                    <div style=\"display:none;\" class=\"gmPhantom_Details\">\r\n                                            <div class=\"gmPhantom_description\">\r\n                            <div class=\"gmPhantom_title\">2\u00b0 Jornada De Divulgaci\u00f3n Y Vinculaci\u00f3n Acad\u00e9micoCultural Ingenier\u00eda Agron\u00f3mica (62)<\/div>\r\n                            <div class=\"gmPhantom_text\"><\/div>\r\n                        <\/div>\r\n                                                            <div class=\"gmPhantom_terms\">\r\n                                                    <div class=\"gmPhantom_other_terms\">\r\n                                <table class=\"gmPhantom_other_terms_table\">\r\n                                                                            <tr class=\"gmPhantom_term_row_album\">\r\n                                            <td class=\"gmPhantom_term_key\">Album<\/td>\r\n                                            <td class=\"gmPhantom_term_value\"><a href=\"\/index.php\/wp-json\/wp\/v2\/posts\/15313?gm191[album__in]=191\" class=\"gmPhantom_alb\">2-Jornada-Divulgacion-Vinculacion-Acad\u00e9mico-Cultural-2023<\/a><\/td>\r\n                                        <\/tr>\r\n                                                                    <\/table>\r\n                            <\/div>\r\n                                                <\/div>\r\n                <\/div>\r\n                <\/div>            <div class=\"gmPhantom_ThumbContainer gmPhantom_ThumbLoader\" data-id=\"2812\" data-post_id=\"15404\" data-ratio=\"0.66666666666667\" data-type=\"image\" data-ext=\"jpg\" data-views=\"2\" data-likes=\"0\" data-cc=\"0\" data-post_link=\"https:\/\/www.fica.unsl.edu.ar\/index.php\/gmedia\/2_jornada_de_divulgaci_n_y_vinculaci_n_acad_micocultural_ingenier_a_agron_mica_61_-jpg\/\">\r\n                <a href=\"https:\/\/www.fica.unsl.edu.ar\/wp-content\/grand-media\/image\/2_Jornada_de_Divulgaci_n_y_Vinculaci_n_Acad_micoCultural_Ingenier_a_Agron_mica_61_.jpg\" class=\"gmPhantom_Thumb\"><img decoding=\"async\" src=\"https:\/\/www.fica.unsl.edu.ar\/wp-content\/grand-media\/image\/thumb\/2_Jornada_de_Divulgaci_n_y_Vinculaci_n_Acad_micoCultural_Ingenier_a_Agron_mica_61_.jpg\" data-src=\"https:\/\/www.fica.unsl.edu.ar\/wp-content\/grand-media\/image\/2_Jornada_de_Divulgaci_n_y_Vinculaci_n_Acad_micoCultural_Ingenier_a_Agron_mica_61_.jpg\" alt=\"2\u00b0 Jornada De Divulgaci\u00f3n Y Vinculaci\u00f3n Acad\u00e9micoCultural Ingenier\u00eda Agron\u00f3mica (61)\"\/><\/a>\r\n                                    <div class=\"gmPhantom_ThumbLabel\"><span class=\"gmPhantom_ThumbLabel_title\">2\u00b0 Jornada De Divulgaci\u00f3n Y Vinculaci\u00f3n Acad\u00e9micoCultural Ingenier\u00eda Agron\u00f3mica (61)<\/span><\/div>\r\n                                    <div style=\"display:none;\" class=\"gmPhantom_Details\">\r\n                                            <div class=\"gmPhantom_description\">\r\n                            <div class=\"gmPhantom_title\">2\u00b0 Jornada De Divulgaci\u00f3n Y Vinculaci\u00f3n Acad\u00e9micoCultural Ingenier\u00eda Agron\u00f3mica (61)<\/div>\r\n                            <div class=\"gmPhantom_text\"><\/div>\r\n                        <\/div>\r\n                                                            <div class=\"gmPhantom_terms\">\r\n                                                    <div class=\"gmPhantom_other_terms\">\r\n                                <table class=\"gmPhantom_other_terms_table\">\r\n                                                                            <tr class=\"gmPhantom_term_row_album\">\r\n                                            <td class=\"gmPhantom_term_key\">Album<\/td>\r\n                                            <td class=\"gmPhantom_term_value\"><a href=\"\/index.php\/wp-json\/wp\/v2\/posts\/15313?gm191[album__in]=191\" class=\"gmPhantom_alb\">2-Jornada-Divulgacion-Vinculacion-Acad\u00e9mico-Cultural-2023<\/a><\/td>\r\n                                        <\/tr>\r\n                                                                    <\/table>\r\n                            <\/div>\r\n                                                <\/div>\r\n                <\/div>\r\n                <\/div>            <div class=\"gmPhantom_ThumbContainer gmPhantom_ThumbLoader\" data-id=\"2811\" data-post_id=\"15403\" data-ratio=\"0.66666666666667\" data-type=\"image\" data-ext=\"jpg\" data-views=\"1\" data-likes=\"0\" data-cc=\"0\" data-post_link=\"https:\/\/www.fica.unsl.edu.ar\/index.php\/gmedia\/2_jornada_de_divulgaci_n_y_vinculaci_n_acad_micocultural_ingenier_a_agron_mica_60_-jpg\/\">\r\n                <a href=\"https:\/\/www.fica.unsl.edu.ar\/wp-content\/grand-media\/image\/2_Jornada_de_Divulgaci_n_y_Vinculaci_n_Acad_micoCultural_Ingenier_a_Agron_mica_60_.jpg\" class=\"gmPhantom_Thumb\"><img decoding=\"async\" src=\"https:\/\/www.fica.unsl.edu.ar\/wp-content\/grand-media\/image\/thumb\/2_Jornada_de_Divulgaci_n_y_Vinculaci_n_Acad_micoCultural_Ingenier_a_Agron_mica_60_.jpg\" data-src=\"https:\/\/www.fica.unsl.edu.ar\/wp-content\/grand-media\/image\/2_Jornada_de_Divulgaci_n_y_Vinculaci_n_Acad_micoCultural_Ingenier_a_Agron_mica_60_.jpg\" alt=\"2\u00b0 Jornada De Divulgaci\u00f3n Y Vinculaci\u00f3n Acad\u00e9micoCultural Ingenier\u00eda Agron\u00f3mica (60)\"\/><\/a>\r\n                                    <div class=\"gmPhantom_ThumbLabel\"><span class=\"gmPhantom_ThumbLabel_title\">2\u00b0 Jornada De Divulgaci\u00f3n Y Vinculaci\u00f3n Acad\u00e9micoCultural Ingenier\u00eda Agron\u00f3mica (60)<\/span><\/div>\r\n                                    <div style=\"display:none;\" class=\"gmPhantom_Details\">\r\n                                            <div class=\"gmPhantom_description\">\r\n                            <div class=\"gmPhantom_title\">2\u00b0 Jornada De Divulgaci\u00f3n Y Vinculaci\u00f3n Acad\u00e9micoCultural Ingenier\u00eda Agron\u00f3mica (60)<\/div>\r\n                            <div class=\"gmPhantom_text\"><\/div>\r\n                        <\/div>\r\n                                                            <div class=\"gmPhantom_terms\">\r\n                                                    <div class=\"gmPhantom_other_terms\">\r\n                                <table class=\"gmPhantom_other_terms_table\">\r\n                                                                            <tr class=\"gmPhantom_term_row_album\">\r\n                                            <td class=\"gmPhantom_term_key\">Album<\/td>\r\n                                            <td class=\"gmPhantom_term_value\"><a href=\"\/index.php\/wp-json\/wp\/v2\/posts\/15313?gm191[album__in]=191\" class=\"gmPhantom_alb\">2-Jornada-Divulgacion-Vinculacion-Acad\u00e9mico-Cultural-2023<\/a><\/td>\r\n                                        <\/tr>\r\n                                                                    <\/table>\r\n                            <\/div>\r\n                                                <\/div>\r\n                <\/div>\r\n                <\/div>            <div class=\"gmPhantom_ThumbContainer gmPhantom_ThumbLoader\" data-id=\"2810\" data-post_id=\"15402\" data-ratio=\"1.5\" data-type=\"image\" data-ext=\"jpg\" data-views=\"2\" data-likes=\"0\" data-cc=\"0\" data-post_link=\"https:\/\/www.fica.unsl.edu.ar\/index.php\/gmedia\/2_jornada_de_divulgaci_n_y_vinculaci_n_acad_micocultural_ingenier_a_agron_mica_59_-jpg\/\">\r\n                <a href=\"https:\/\/www.fica.unsl.edu.ar\/wp-content\/grand-media\/image\/2_Jornada_de_Divulgaci_n_y_Vinculaci_n_Acad_micoCultural_Ingenier_a_Agron_mica_59_.jpg\" class=\"gmPhantom_Thumb\"><img decoding=\"async\" src=\"https:\/\/www.fica.unsl.edu.ar\/wp-content\/grand-media\/image\/thumb\/2_Jornada_de_Divulgaci_n_y_Vinculaci_n_Acad_micoCultural_Ingenier_a_Agron_mica_59_.jpg\" data-src=\"https:\/\/www.fica.unsl.edu.ar\/wp-content\/grand-media\/image\/2_Jornada_de_Divulgaci_n_y_Vinculaci_n_Acad_micoCultural_Ingenier_a_Agron_mica_59_.jpg\" alt=\"2\u00b0 Jornada De Divulgaci\u00f3n Y Vinculaci\u00f3n Acad\u00e9micoCultural Ingenier\u00eda Agron\u00f3mica (59)\"\/><\/a>\r\n                                    <div class=\"gmPhantom_ThumbLabel\"><span class=\"gmPhantom_ThumbLabel_title\">2\u00b0 Jornada De Divulgaci\u00f3n Y Vinculaci\u00f3n Acad\u00e9micoCultural Ingenier\u00eda Agron\u00f3mica (59)<\/span><\/div>\r\n                                    <div style=\"display:none;\" class=\"gmPhantom_Details\">\r\n                                            <div class=\"gmPhantom_description\">\r\n                            <div class=\"gmPhantom_title\">2\u00b0 Jornada De Divulgaci\u00f3n Y Vinculaci\u00f3n Acad\u00e9micoCultural Ingenier\u00eda Agron\u00f3mica (59)<\/div>\r\n                            <div class=\"gmPhantom_text\"><\/div>\r\n                        <\/div>\r\n                                                            <div class=\"gmPhantom_terms\">\r\n                                                    <div class=\"gmPhantom_other_terms\">\r\n                                <table class=\"gmPhantom_other_terms_table\">\r\n                                                                            <tr class=\"gmPhantom_term_row_album\">\r\n                                            <td class=\"gmPhantom_term_key\">Album<\/td>\r\n                                            <td class=\"gmPhantom_term_value\"><a href=\"\/index.php\/wp-json\/wp\/v2\/posts\/15313?gm191[album__in]=191\" class=\"gmPhantom_alb\">2-Jornada-Divulgacion-Vinculacion-Acad\u00e9mico-Cultural-2023<\/a><\/td>\r\n                                        <\/tr>\r\n                                                                    <\/table>\r\n                            <\/div>\r\n                                                <\/div>\r\n                <\/div>\r\n                <\/div>            <div class=\"gmPhantom_ThumbContainer gmPhantom_ThumbLoader\" data-id=\"2809\" data-post_id=\"15401\" data-ratio=\"1.5\" data-type=\"image\" data-ext=\"jpg\" data-views=\"1\" data-likes=\"0\" data-cc=\"0\" data-post_link=\"https:\/\/www.fica.unsl.edu.ar\/index.php\/gmedia\/2_jornada_de_divulgaci_n_y_vinculaci_n_acad_micocultural_ingenier_a_agron_mica_58_-jpg\/\">\r\n                <a href=\"https:\/\/www.fica.unsl.edu.ar\/wp-content\/grand-media\/image\/2_Jornada_de_Divulgaci_n_y_Vinculaci_n_Acad_micoCultural_Ingenier_a_Agron_mica_58_.jpg\" class=\"gmPhantom_Thumb\"><img decoding=\"async\" src=\"https:\/\/www.fica.unsl.edu.ar\/wp-content\/grand-media\/image\/thumb\/2_Jornada_de_Divulgaci_n_y_Vinculaci_n_Acad_micoCultural_Ingenier_a_Agron_mica_58_.jpg\" data-src=\"https:\/\/www.fica.unsl.edu.ar\/wp-content\/grand-media\/image\/2_Jornada_de_Divulgaci_n_y_Vinculaci_n_Acad_micoCultural_Ingenier_a_Agron_mica_58_.jpg\" alt=\"2\u00b0 Jornada De Divulgaci\u00f3n Y Vinculaci\u00f3n Acad\u00e9micoCultural Ingenier\u00eda Agron\u00f3mica (58)\"\/><\/a>\r\n                                    <div class=\"gmPhantom_ThumbLabel\"><span class=\"gmPhantom_ThumbLabel_title\">2\u00b0 Jornada De Divulgaci\u00f3n Y Vinculaci\u00f3n Acad\u00e9micoCultural Ingenier\u00eda Agron\u00f3mica (58)<\/span><\/div>\r\n                                    <div style=\"display:none;\" class=\"gmPhantom_Details\">\r\n                                            <div class=\"gmPhantom_description\">\r\n                            <div class=\"gmPhantom_title\">2\u00b0 Jornada De Divulgaci\u00f3n Y Vinculaci\u00f3n Acad\u00e9micoCultural Ingenier\u00eda Agron\u00f3mica (58)<\/div>\r\n                            <div class=\"gmPhantom_text\"><\/div>\r\n                        <\/div>\r\n                                                            <div class=\"gmPhantom_terms\">\r\n                                                    <div class=\"gmPhantom_other_terms\">\r\n                                <table class=\"gmPhantom_other_terms_table\">\r\n                                                                            <tr class=\"gmPhantom_term_row_album\">\r\n                                            <td class=\"gmPhantom_term_key\">Album<\/td>\r\n                                            <td class=\"gmPhantom_term_value\"><a href=\"\/index.php\/wp-json\/wp\/v2\/posts\/15313?gm191[album__in]=191\" class=\"gmPhantom_alb\">2-Jornada-Divulgacion-Vinculacion-Acad\u00e9mico-Cultural-2023<\/a><\/td>\r\n                                        <\/tr>\r\n                                                                    <\/table>\r\n                            <\/div>\r\n                                                <\/div>\r\n                <\/div>\r\n                <\/div>            <div class=\"gmPhantom_ThumbContainer gmPhantom_ThumbLoader\" data-id=\"2808\" data-post_id=\"15400\" data-ratio=\"1.5\" data-type=\"image\" data-ext=\"jpg\" data-views=\"1\" data-likes=\"0\" data-cc=\"0\" data-post_link=\"https:\/\/www.fica.unsl.edu.ar\/index.php\/gmedia\/2_jornada_de_divulgaci_n_y_vinculaci_n_acad_micocultural_ingenier_a_agron_mica_57_-jpg\/\">\r\n                <a href=\"https:\/\/www.fica.unsl.edu.ar\/wp-content\/grand-media\/image\/2_Jornada_de_Divulgaci_n_y_Vinculaci_n_Acad_micoCultural_Ingenier_a_Agron_mica_57_.jpg\" class=\"gmPhantom_Thumb\"><img decoding=\"async\" src=\"https:\/\/www.fica.unsl.edu.ar\/wp-content\/grand-media\/image\/thumb\/2_Jornada_de_Divulgaci_n_y_Vinculaci_n_Acad_micoCultural_Ingenier_a_Agron_mica_57_.jpg\" data-src=\"https:\/\/www.fica.unsl.edu.ar\/wp-content\/grand-media\/image\/2_Jornada_de_Divulgaci_n_y_Vinculaci_n_Acad_micoCultural_Ingenier_a_Agron_mica_57_.jpg\" alt=\"2\u00b0 Jornada De Divulgaci\u00f3n Y Vinculaci\u00f3n Acad\u00e9micoCultural Ingenier\u00eda Agron\u00f3mica (57)\"\/><\/a>\r\n                                    <div class=\"gmPhantom_ThumbLabel\"><span class=\"gmPhantom_ThumbLabel_title\">2\u00b0 Jornada De Divulgaci\u00f3n Y Vinculaci\u00f3n Acad\u00e9micoCultural Ingenier\u00eda Agron\u00f3mica (57)<\/span><\/div>\r\n                                    <div style=\"display:none;\" class=\"gmPhantom_Details\">\r\n                                            <div class=\"gmPhantom_description\">\r\n                            <div class=\"gmPhantom_title\">2\u00b0 Jornada De Divulgaci\u00f3n Y Vinculaci\u00f3n Acad\u00e9micoCultural Ingenier\u00eda Agron\u00f3mica (57)<\/div>\r\n                            <div class=\"gmPhantom_text\"><\/div>\r\n                        <\/div>\r\n                                                            <div class=\"gmPhantom_terms\">\r\n                                                    <div class=\"gmPhantom_other_terms\">\r\n                                <table class=\"gmPhantom_other_terms_table\">\r\n                                                                            <tr class=\"gmPhantom_term_row_album\">\r\n                                            <td class=\"gmPhantom_term_key\">Album<\/td>\r\n                                            <td class=\"gmPhantom_term_value\"><a href=\"\/index.php\/wp-json\/wp\/v2\/posts\/15313?gm191[album__in]=191\" class=\"gmPhantom_alb\">2-Jornada-Divulgacion-Vinculacion-Acad\u00e9mico-Cultural-2023<\/a><\/td>\r\n                                        <\/tr>\r\n                                                                    <\/table>\r\n                            <\/div>\r\n                                                <\/div>\r\n                <\/div>\r\n                <\/div>            <div class=\"gmPhantom_ThumbContainer gmPhantom_ThumbLoader\" data-id=\"2807\" data-post_id=\"15399\" data-ratio=\"1.5\" data-type=\"image\" data-ext=\"jpg\" data-views=\"4\" data-likes=\"0\" data-cc=\"0\" data-post_link=\"https:\/\/www.fica.unsl.edu.ar\/index.php\/gmedia\/2_jornada_de_divulgaci_n_y_vinculaci_n_acad_micocultural_ingenier_a_agron_mica_56_-jpg\/\">\r\n                <a href=\"https:\/\/www.fica.unsl.edu.ar\/wp-content\/grand-media\/image\/2_Jornada_de_Divulgaci_n_y_Vinculaci_n_Acad_micoCultural_Ingenier_a_Agron_mica_56_.jpg\" class=\"gmPhantom_Thumb\"><img decoding=\"async\" src=\"https:\/\/www.fica.unsl.edu.ar\/wp-content\/grand-media\/image\/thumb\/2_Jornada_de_Divulgaci_n_y_Vinculaci_n_Acad_micoCultural_Ingenier_a_Agron_mica_56_.jpg\" data-src=\"https:\/\/www.fica.unsl.edu.ar\/wp-content\/grand-media\/image\/2_Jornada_de_Divulgaci_n_y_Vinculaci_n_Acad_micoCultural_Ingenier_a_Agron_mica_56_.jpg\" alt=\"2\u00b0 Jornada De Divulgaci\u00f3n Y Vinculaci\u00f3n Acad\u00e9micoCultural Ingenier\u00eda Agron\u00f3mica (56)\"\/><\/a>\r\n                                    <div class=\"gmPhantom_ThumbLabel\"><span class=\"gmPhantom_ThumbLabel_title\">2\u00b0 Jornada De Divulgaci\u00f3n Y Vinculaci\u00f3n Acad\u00e9micoCultural Ingenier\u00eda Agron\u00f3mica (56)<\/span><\/div>\r\n                                    <div style=\"display:none;\" class=\"gmPhantom_Details\">\r\n                                            <div class=\"gmPhantom_description\">\r\n                            <div class=\"gmPhantom_title\">2\u00b0 Jornada De Divulgaci\u00f3n Y Vinculaci\u00f3n Acad\u00e9micoCultural Ingenier\u00eda Agron\u00f3mica (56)<\/div>\r\n                            <div class=\"gmPhantom_text\"><\/div>\r\n                        <\/div>\r\n                                                            <div class=\"gmPhantom_terms\">\r\n                                                    <div class=\"gmPhantom_other_terms\">\r\n                                <table class=\"gmPhantom_other_terms_table\">\r\n                                                                            <tr class=\"gmPhantom_term_row_album\">\r\n                                            <td class=\"gmPhantom_term_key\">Album<\/td>\r\n                                            <td class=\"gmPhantom_term_value\"><a href=\"\/index.php\/wp-json\/wp\/v2\/posts\/15313?gm191[album__in]=191\" class=\"gmPhantom_alb\">2-Jornada-Divulgacion-Vinculacion-Acad\u00e9mico-Cultural-2023<\/a><\/td>\r\n                                        <\/tr>\r\n                                                                    <\/table>\r\n                            <\/div>\r\n                                                <\/div>\r\n                <\/div>\r\n                <\/div>            <div class=\"gmPhantom_ThumbContainer gmPhantom_ThumbLoader\" data-id=\"2806\" data-post_id=\"15398\" data-ratio=\"1.5\" data-type=\"image\" data-ext=\"jpg\" data-views=\"3\" data-likes=\"0\" data-cc=\"0\" data-post_link=\"https:\/\/www.fica.unsl.edu.ar\/index.php\/gmedia\/2_jornada_de_divulgaci_n_y_vinculaci_n_acad_micocultural_ingenier_a_agron_mica_55_-jpg\/\">\r\n                <a href=\"https:\/\/www.fica.unsl.edu.ar\/wp-content\/grand-media\/image\/2_Jornada_de_Divulgaci_n_y_Vinculaci_n_Acad_micoCultural_Ingenier_a_Agron_mica_55_.jpg\" class=\"gmPhantom_Thumb\"><img decoding=\"async\" src=\"https:\/\/www.fica.unsl.edu.ar\/wp-content\/grand-media\/image\/thumb\/2_Jornada_de_Divulgaci_n_y_Vinculaci_n_Acad_micoCultural_Ingenier_a_Agron_mica_55_.jpg\" data-src=\"https:\/\/www.fica.unsl.edu.ar\/wp-content\/grand-media\/image\/2_Jornada_de_Divulgaci_n_y_Vinculaci_n_Acad_micoCultural_Ingenier_a_Agron_mica_55_.jpg\" alt=\"2\u00b0 Jornada De Divulgaci\u00f3n Y Vinculaci\u00f3n Acad\u00e9micoCultural Ingenier\u00eda Agron\u00f3mica (55)\"\/><\/a>\r\n                                    <div class=\"gmPhantom_ThumbLabel\"><span class=\"gmPhantom_ThumbLabel_title\">2\u00b0 Jornada De Divulgaci\u00f3n Y Vinculaci\u00f3n Acad\u00e9micoCultural Ingenier\u00eda Agron\u00f3mica (55)<\/span><\/div>\r\n                                    <div style=\"display:none;\" class=\"gmPhantom_Details\">\r\n                                            <div class=\"gmPhantom_description\">\r\n                            <div class=\"gmPhantom_title\">2\u00b0 Jornada De Divulgaci\u00f3n Y Vinculaci\u00f3n Acad\u00e9micoCultural Ingenier\u00eda Agron\u00f3mica (55)<\/div>\r\n                            <div class=\"gmPhantom_text\"><\/div>\r\n                        <\/div>\r\n                                                            <div class=\"gmPhantom_terms\">\r\n                                                    <div class=\"gmPhantom_other_terms\">\r\n                                <table class=\"gmPhantom_other_terms_table\">\r\n                                                                            <tr class=\"gmPhantom_term_row_album\">\r\n                                            <td class=\"gmPhantom_term_key\">Album<\/td>\r\n                                            <td class=\"gmPhantom_term_value\"><a href=\"\/index.php\/wp-json\/wp\/v2\/posts\/15313?gm191[album__in]=191\" class=\"gmPhantom_alb\">2-Jornada-Divulgacion-Vinculacion-Acad\u00e9mico-Cultural-2023<\/a><\/td>\r\n                                        <\/tr>\r\n                                                                    <\/table>\r\n                            <\/div>\r\n                                                <\/div>\r\n                <\/div>\r\n                <\/div>            <div class=\"gmPhantom_ThumbContainer gmPhantom_ThumbLoader\" data-id=\"2805\" data-post_id=\"15397\" data-ratio=\"1.5\" data-type=\"image\" data-ext=\"jpg\" data-views=\"3\" data-likes=\"0\" data-cc=\"0\" data-post_link=\"https:\/\/www.fica.unsl.edu.ar\/index.php\/gmedia\/2_jornada_de_divulgaci_n_y_vinculaci_n_acad_micocultural_ingenier_a_agron_mica_54_-jpg\/\">\r\n                <a href=\"https:\/\/www.fica.unsl.edu.ar\/wp-content\/grand-media\/image\/2_Jornada_de_Divulgaci_n_y_Vinculaci_n_Acad_micoCultural_Ingenier_a_Agron_mica_54_.jpg\" class=\"gmPhantom_Thumb\"><img decoding=\"async\" src=\"https:\/\/www.fica.unsl.edu.ar\/wp-content\/grand-media\/image\/thumb\/2_Jornada_de_Divulgaci_n_y_Vinculaci_n_Acad_micoCultural_Ingenier_a_Agron_mica_54_.jpg\" data-src=\"https:\/\/www.fica.unsl.edu.ar\/wp-content\/grand-media\/image\/2_Jornada_de_Divulgaci_n_y_Vinculaci_n_Acad_micoCultural_Ingenier_a_Agron_mica_54_.jpg\" alt=\"2\u00b0 Jornada De Divulgaci\u00f3n Y Vinculaci\u00f3n Acad\u00e9micoCultural Ingenier\u00eda Agron\u00f3mica (54)\"\/><\/a>\r\n                                    <div class=\"gmPhantom_ThumbLabel\"><span class=\"gmPhantom_ThumbLabel_title\">2\u00b0 Jornada De Divulgaci\u00f3n Y Vinculaci\u00f3n Acad\u00e9micoCultural Ingenier\u00eda Agron\u00f3mica (54)<\/span><\/div>\r\n                                    <div style=\"display:none;\" class=\"gmPhantom_Details\">\r\n                                            <div class=\"gmPhantom_description\">\r\n                            <div class=\"gmPhantom_title\">2\u00b0 Jornada De Divulgaci\u00f3n Y Vinculaci\u00f3n Acad\u00e9micoCultural Ingenier\u00eda Agron\u00f3mica (54)<\/div>\r\n                            <div class=\"gmPhantom_text\"><\/div>\r\n                        <\/div>\r\n                                                            <div class=\"gmPhantom_terms\">\r\n                                                    <div class=\"gmPhantom_other_terms\">\r\n                                <table class=\"gmPhantom_other_terms_table\">\r\n                                                                            <tr class=\"gmPhantom_term_row_album\">\r\n                                            <td class=\"gmPhantom_term_key\">Album<\/td>\r\n                                            <td class=\"gmPhantom_term_value\"><a href=\"\/index.php\/wp-json\/wp\/v2\/posts\/15313?gm191[album__in]=191\" class=\"gmPhantom_alb\">2-Jornada-Divulgacion-Vinculacion-Acad\u00e9mico-Cultural-2023<\/a><\/td>\r\n                                        <\/tr>\r\n                                                                    <\/table>\r\n                            <\/div>\r\n                                                <\/div>\r\n                <\/div>\r\n                <\/div>            <div class=\"gmPhantom_ThumbContainer gmPhantom_ThumbLoader\" data-id=\"2804\" data-post_id=\"15396\" data-ratio=\"1.5\" data-type=\"image\" data-ext=\"jpg\" data-views=\"2\" data-likes=\"0\" data-cc=\"0\" data-post_link=\"https:\/\/www.fica.unsl.edu.ar\/index.php\/gmedia\/2_jornada_de_divulgaci_n_y_vinculaci_n_acad_micocultural_ingenier_a_agron_mica_53_-jpg\/\">\r\n                <a href=\"https:\/\/www.fica.unsl.edu.ar\/wp-content\/grand-media\/image\/2_Jornada_de_Divulgaci_n_y_Vinculaci_n_Acad_micoCultural_Ingenier_a_Agron_mica_53_.jpg\" class=\"gmPhantom_Thumb\"><img decoding=\"async\" src=\"https:\/\/www.fica.unsl.edu.ar\/wp-content\/grand-media\/image\/thumb\/2_Jornada_de_Divulgaci_n_y_Vinculaci_n_Acad_micoCultural_Ingenier_a_Agron_mica_53_.jpg\" data-src=\"https:\/\/www.fica.unsl.edu.ar\/wp-content\/grand-media\/image\/2_Jornada_de_Divulgaci_n_y_Vinculaci_n_Acad_micoCultural_Ingenier_a_Agron_mica_53_.jpg\" alt=\"2\u00b0 Jornada De Divulgaci\u00f3n Y Vinculaci\u00f3n Acad\u00e9micoCultural Ingenier\u00eda Agron\u00f3mica (53)\"\/><\/a>\r\n                                    <div class=\"gmPhantom_ThumbLabel\"><span class=\"gmPhantom_ThumbLabel_title\">2\u00b0 Jornada De Divulgaci\u00f3n Y Vinculaci\u00f3n Acad\u00e9micoCultural Ingenier\u00eda Agron\u00f3mica (53)<\/span><\/div>\r\n                                    <div style=\"display:none;\" class=\"gmPhantom_Details\">\r\n                                            <div class=\"gmPhantom_description\">\r\n                            <div class=\"gmPhantom_title\">2\u00b0 Jornada De Divulgaci\u00f3n Y Vinculaci\u00f3n Acad\u00e9micoCultural Ingenier\u00eda Agron\u00f3mica (53)<\/div>\r\n                            <div class=\"gmPhantom_text\"><\/div>\r\n                        <\/div>\r\n                                                            <div class=\"gmPhantom_terms\">\r\n                                                    <div class=\"gmPhantom_other_terms\">\r\n                                <table class=\"gmPhantom_other_terms_table\">\r\n                                                                            <tr class=\"gmPhantom_term_row_album\">\r\n                                            <td class=\"gmPhantom_term_key\">Album<\/td>\r\n                                            <td class=\"gmPhantom_term_value\"><a href=\"\/index.php\/wp-json\/wp\/v2\/posts\/15313?gm191[album__in]=191\" class=\"gmPhantom_alb\">2-Jornada-Divulgacion-Vinculacion-Acad\u00e9mico-Cultural-2023<\/a><\/td>\r\n                                        <\/tr>\r\n                                                                    <\/table>\r\n                            <\/div>\r\n                                                <\/div>\r\n                <\/div>\r\n                <\/div>            <div class=\"gmPhantom_ThumbContainer gmPhantom_ThumbLoader\" data-id=\"2803\" data-post_id=\"15395\" data-ratio=\"1.5\" data-type=\"image\" data-ext=\"jpg\" data-views=\"1\" data-likes=\"0\" data-cc=\"0\" data-post_link=\"https:\/\/www.fica.unsl.edu.ar\/index.php\/gmedia\/2_jornada_de_divulgaci_n_y_vinculaci_n_acad_micocultural_ingenier_a_agron_mica_52_-jpg\/\">\r\n                <a href=\"https:\/\/www.fica.unsl.edu.ar\/wp-content\/grand-media\/image\/2_Jornada_de_Divulgaci_n_y_Vinculaci_n_Acad_micoCultural_Ingenier_a_Agron_mica_52_.jpg\" class=\"gmPhantom_Thumb\"><img decoding=\"async\" src=\"https:\/\/www.fica.unsl.edu.ar\/wp-content\/grand-media\/image\/thumb\/2_Jornada_de_Divulgaci_n_y_Vinculaci_n_Acad_micoCultural_Ingenier_a_Agron_mica_52_.jpg\" data-src=\"https:\/\/www.fica.unsl.edu.ar\/wp-content\/grand-media\/image\/2_Jornada_de_Divulgaci_n_y_Vinculaci_n_Acad_micoCultural_Ingenier_a_Agron_mica_52_.jpg\" alt=\"2\u00b0 Jornada De Divulgaci\u00f3n Y Vinculaci\u00f3n Acad\u00e9micoCultural Ingenier\u00eda Agron\u00f3mica (52)\"\/><\/a>\r\n                                    <div class=\"gmPhantom_ThumbLabel\"><span class=\"gmPhantom_ThumbLabel_title\">2\u00b0 Jornada De Divulgaci\u00f3n Y Vinculaci\u00f3n Acad\u00e9micoCultural Ingenier\u00eda Agron\u00f3mica (52)<\/span><\/div>\r\n                                    <div style=\"display:none;\" class=\"gmPhantom_Details\">\r\n                                            <div class=\"gmPhantom_description\">\r\n                            <div class=\"gmPhantom_title\">2\u00b0 Jornada De Divulgaci\u00f3n Y Vinculaci\u00f3n Acad\u00e9micoCultural Ingenier\u00eda Agron\u00f3mica (52)<\/div>\r\n                            <div class=\"gmPhantom_text\"><\/div>\r\n                        <\/div>\r\n                                                            <div class=\"gmPhantom_terms\">\r\n                                                    <div class=\"gmPhantom_other_terms\">\r\n                                <table class=\"gmPhantom_other_terms_table\">\r\n                                                                            <tr class=\"gmPhantom_term_row_album\">\r\n                                            <td class=\"gmPhantom_term_key\">Album<\/td>\r\n                                            <td class=\"gmPhantom_term_value\"><a href=\"\/index.php\/wp-json\/wp\/v2\/posts\/15313?gm191[album__in]=191\" class=\"gmPhantom_alb\">2-Jornada-Divulgacion-Vinculacion-Acad\u00e9mico-Cultural-2023<\/a><\/td>\r\n                                        <\/tr>\r\n                                                                    <\/table>\r\n                            <\/div>\r\n                                                <\/div>\r\n                <\/div>\r\n                <\/div>            <div class=\"gmPhantom_ThumbContainer gmPhantom_ThumbLoader\" data-id=\"2802\" data-post_id=\"15394\" data-ratio=\"1.5\" data-type=\"image\" data-ext=\"jpg\" data-views=\"4\" data-likes=\"0\" data-cc=\"0\" data-post_link=\"https:\/\/www.fica.unsl.edu.ar\/index.php\/gmedia\/2_jornada_de_divulgaci_n_y_vinculaci_n_acad_micocultural_ingenier_a_agron_mica_51_-jpg\/\">\r\n                <a href=\"https:\/\/www.fica.unsl.edu.ar\/wp-content\/grand-media\/image\/2_Jornada_de_Divulgaci_n_y_Vinculaci_n_Acad_micoCultural_Ingenier_a_Agron_mica_51_.jpg\" class=\"gmPhantom_Thumb\"><img decoding=\"async\" src=\"https:\/\/www.fica.unsl.edu.ar\/wp-content\/grand-media\/image\/thumb\/2_Jornada_de_Divulgaci_n_y_Vinculaci_n_Acad_micoCultural_Ingenier_a_Agron_mica_51_.jpg\" data-src=\"https:\/\/www.fica.unsl.edu.ar\/wp-content\/grand-media\/image\/2_Jornada_de_Divulgaci_n_y_Vinculaci_n_Acad_micoCultural_Ingenier_a_Agron_mica_51_.jpg\" alt=\"2\u00b0 Jornada De Divulgaci\u00f3n Y Vinculaci\u00f3n Acad\u00e9micoCultural Ingenier\u00eda Agron\u00f3mica (51)\"\/><\/a>\r\n                                    <div class=\"gmPhantom_ThumbLabel\"><span class=\"gmPhantom_ThumbLabel_title\">2\u00b0 Jornada De Divulgaci\u00f3n Y Vinculaci\u00f3n Acad\u00e9micoCultural Ingenier\u00eda Agron\u00f3mica (51)<\/span><\/div>\r\n                                    <div style=\"display:none;\" class=\"gmPhantom_Details\">\r\n                                            <div class=\"gmPhantom_description\">\r\n                            <div class=\"gmPhantom_title\">2\u00b0 Jornada De Divulgaci\u00f3n Y Vinculaci\u00f3n Acad\u00e9micoCultural Ingenier\u00eda Agron\u00f3mica (51)<\/div>\r\n                            <div class=\"gmPhantom_text\"><\/div>\r\n                        <\/div>\r\n                                                            <div class=\"gmPhantom_terms\">\r\n                                                    <div class=\"gmPhantom_other_terms\">\r\n                                <table class=\"gmPhantom_other_terms_table\">\r\n                                                                            <tr class=\"gmPhantom_term_row_album\">\r\n                                            <td class=\"gmPhantom_term_key\">Album<\/td>\r\n                                            <td class=\"gmPhantom_term_value\"><a href=\"\/index.php\/wp-json\/wp\/v2\/posts\/15313?gm191[album__in]=191\" class=\"gmPhantom_alb\">2-Jornada-Divulgacion-Vinculacion-Acad\u00e9mico-Cultural-2023<\/a><\/td>\r\n                                        <\/tr>\r\n                                                                    <\/table>\r\n                            <\/div>\r\n                                                <\/div>\r\n                <\/div>\r\n                <\/div>            <div class=\"gmPhantom_ThumbContainer gmPhantom_ThumbLoader\" data-id=\"2801\" data-post_id=\"15393\" data-ratio=\"1.5\" data-type=\"image\" data-ext=\"jpg\" data-views=\"2\" data-likes=\"0\" data-cc=\"0\" data-post_link=\"https:\/\/www.fica.unsl.edu.ar\/index.php\/gmedia\/2_jornada_de_divulgaci_n_y_vinculaci_n_acad_micocultural_ingenier_a_agron_mica_50_-jpg\/\">\r\n                <a href=\"https:\/\/www.fica.unsl.edu.ar\/wp-content\/grand-media\/image\/2_Jornada_de_Divulgaci_n_y_Vinculaci_n_Acad_micoCultural_Ingenier_a_Agron_mica_50_.jpg\" class=\"gmPhantom_Thumb\"><img decoding=\"async\" src=\"https:\/\/www.fica.unsl.edu.ar\/wp-content\/grand-media\/image\/thumb\/2_Jornada_de_Divulgaci_n_y_Vinculaci_n_Acad_micoCultural_Ingenier_a_Agron_mica_50_.jpg\" data-src=\"https:\/\/www.fica.unsl.edu.ar\/wp-content\/grand-media\/image\/2_Jornada_de_Divulgaci_n_y_Vinculaci_n_Acad_micoCultural_Ingenier_a_Agron_mica_50_.jpg\" alt=\"2\u00b0 Jornada De Divulgaci\u00f3n Y Vinculaci\u00f3n Acad\u00e9micoCultural Ingenier\u00eda Agron\u00f3mica (50)\"\/><\/a>\r\n                                    <div class=\"gmPhantom_ThumbLabel\"><span class=\"gmPhantom_ThumbLabel_title\">2\u00b0 Jornada De Divulgaci\u00f3n Y Vinculaci\u00f3n Acad\u00e9micoCultural Ingenier\u00eda Agron\u00f3mica (50)<\/span><\/div>\r\n                                    <div style=\"display:none;\" class=\"gmPhantom_Details\">\r\n                                            <div class=\"gmPhantom_description\">\r\n                            <div class=\"gmPhantom_title\">2\u00b0 Jornada De Divulgaci\u00f3n Y Vinculaci\u00f3n Acad\u00e9micoCultural Ingenier\u00eda Agron\u00f3mica (50)<\/div>\r\n                            <div class=\"gmPhantom_text\"><\/div>\r\n                        <\/div>\r\n                                                            <div class=\"gmPhantom_terms\">\r\n                                                    <div class=\"gmPhantom_other_terms\">\r\n                                <table class=\"gmPhantom_other_terms_table\">\r\n                                                                            <tr class=\"gmPhantom_term_row_album\">\r\n                                            <td class=\"gmPhantom_term_key\">Album<\/td>\r\n                                            <td class=\"gmPhantom_term_value\"><a href=\"\/index.php\/wp-json\/wp\/v2\/posts\/15313?gm191[album__in]=191\" class=\"gmPhantom_alb\">2-Jornada-Divulgacion-Vinculacion-Acad\u00e9mico-Cultural-2023<\/a><\/td>\r\n                                        <\/tr>\r\n                                                                    <\/table>\r\n                            <\/div>\r\n                                                <\/div>\r\n                <\/div>\r\n                <\/div>            <div class=\"gmPhantom_ThumbContainer gmPhantom_ThumbLoader\" data-id=\"2800\" data-post_id=\"15392\" data-ratio=\"1.5\" data-type=\"image\" data-ext=\"jpg\" data-views=\"3\" data-likes=\"0\" data-cc=\"0\" data-post_link=\"https:\/\/www.fica.unsl.edu.ar\/index.php\/gmedia\/2_jornada_de_divulgaci_n_y_vinculaci_n_acad_micocultural_ingenier_a_agron_mica_49_-jpg\/\">\r\n                <a href=\"https:\/\/www.fica.unsl.edu.ar\/wp-content\/grand-media\/image\/2_Jornada_de_Divulgaci_n_y_Vinculaci_n_Acad_micoCultural_Ingenier_a_Agron_mica_49_.jpg\" class=\"gmPhantom_Thumb\"><img decoding=\"async\" src=\"https:\/\/www.fica.unsl.edu.ar\/wp-content\/grand-media\/image\/thumb\/2_Jornada_de_Divulgaci_n_y_Vinculaci_n_Acad_micoCultural_Ingenier_a_Agron_mica_49_.jpg\" data-src=\"https:\/\/www.fica.unsl.edu.ar\/wp-content\/grand-media\/image\/2_Jornada_de_Divulgaci_n_y_Vinculaci_n_Acad_micoCultural_Ingenier_a_Agron_mica_49_.jpg\" alt=\"2\u00b0 Jornada De Divulgaci\u00f3n Y Vinculaci\u00f3n Acad\u00e9micoCultural Ingenier\u00eda Agron\u00f3mica (49)\"\/><\/a>\r\n                                    <div class=\"gmPhantom_ThumbLabel\"><span class=\"gmPhantom_ThumbLabel_title\">2\u00b0 Jornada De Divulgaci\u00f3n Y Vinculaci\u00f3n Acad\u00e9micoCultural Ingenier\u00eda Agron\u00f3mica (49)<\/span><\/div>\r\n                                    <div style=\"display:none;\" class=\"gmPhantom_Details\">\r\n                                            <div class=\"gmPhantom_description\">\r\n                            <div class=\"gmPhantom_title\">2\u00b0 Jornada De Divulgaci\u00f3n Y Vinculaci\u00f3n Acad\u00e9micoCultural Ingenier\u00eda Agron\u00f3mica (49)<\/div>\r\n                            <div class=\"gmPhantom_text\"><\/div>\r\n                        <\/div>\r\n                                                            <div class=\"gmPhantom_terms\">\r\n                                                    <div class=\"gmPhantom_other_terms\">\r\n                                <table class=\"gmPhantom_other_terms_table\">\r\n                                                                            <tr class=\"gmPhantom_term_row_album\">\r\n                                            <td class=\"gmPhantom_term_key\">Album<\/td>\r\n                                            <td class=\"gmPhantom_term_value\"><a href=\"\/index.php\/wp-json\/wp\/v2\/posts\/15313?gm191[album__in]=191\" class=\"gmPhantom_alb\">2-Jornada-Divulgacion-Vinculacion-Acad\u00e9mico-Cultural-2023<\/a><\/td>\r\n                                        <\/tr>\r\n                                                                    <\/table>\r\n                            <\/div>\r\n                                                <\/div>\r\n                <\/div>\r\n                <\/div>            <div class=\"gmPhantom_ThumbContainer gmPhantom_ThumbLoader\" data-id=\"2799\" data-post_id=\"15391\" data-ratio=\"1.5\" data-type=\"image\" data-ext=\"jpg\" data-views=\"5\" data-likes=\"0\" data-cc=\"0\" data-post_link=\"https:\/\/www.fica.unsl.edu.ar\/index.php\/gmedia\/2_jornada_de_divulgaci_n_y_vinculaci_n_acad_micocultural_ingenier_a_agron_mica_48_-jpg\/\">\r\n                <a href=\"https:\/\/www.fica.unsl.edu.ar\/wp-content\/grand-media\/image\/2_Jornada_de_Divulgaci_n_y_Vinculaci_n_Acad_micoCultural_Ingenier_a_Agron_mica_48_.jpg\" class=\"gmPhantom_Thumb\"><img decoding=\"async\" src=\"https:\/\/www.fica.unsl.edu.ar\/wp-content\/grand-media\/image\/thumb\/2_Jornada_de_Divulgaci_n_y_Vinculaci_n_Acad_micoCultural_Ingenier_a_Agron_mica_48_.jpg\" data-src=\"https:\/\/www.fica.unsl.edu.ar\/wp-content\/grand-media\/image\/2_Jornada_de_Divulgaci_n_y_Vinculaci_n_Acad_micoCultural_Ingenier_a_Agron_mica_48_.jpg\" alt=\"2\u00b0 Jornada De Divulgaci\u00f3n Y Vinculaci\u00f3n Acad\u00e9micoCultural Ingenier\u00eda Agron\u00f3mica (48)\"\/><\/a>\r\n                                    <div class=\"gmPhantom_ThumbLabel\"><span class=\"gmPhantom_ThumbLabel_title\">2\u00b0 Jornada De Divulgaci\u00f3n Y Vinculaci\u00f3n Acad\u00e9micoCultural Ingenier\u00eda Agron\u00f3mica (48)<\/span><\/div>\r\n                                    <div style=\"display:none;\" class=\"gmPhantom_Details\">\r\n                                            <div class=\"gmPhantom_description\">\r\n                            <div class=\"gmPhantom_title\">2\u00b0 Jornada De Divulgaci\u00f3n Y Vinculaci\u00f3n Acad\u00e9micoCultural Ingenier\u00eda Agron\u00f3mica (48)<\/div>\r\n                            <div class=\"gmPhantom_text\"><\/div>\r\n                        <\/div>\r\n                                                            <div class=\"gmPhantom_terms\">\r\n                                                    <div class=\"gmPhantom_other_terms\">\r\n                                <table class=\"gmPhantom_other_terms_table\">\r\n                                                                            <tr class=\"gmPhantom_term_row_album\">\r\n                                            <td class=\"gmPhantom_term_key\">Album<\/td>\r\n                                            <td class=\"gmPhantom_term_value\"><a href=\"\/index.php\/wp-json\/wp\/v2\/posts\/15313?gm191[album__in]=191\" class=\"gmPhantom_alb\">2-Jornada-Divulgacion-Vinculacion-Acad\u00e9mico-Cultural-2023<\/a><\/td>\r\n                                        <\/tr>\r\n                                                                    <\/table>\r\n                            <\/div>\r\n                                                <\/div>\r\n                <\/div>\r\n                <\/div>            <div class=\"gmPhantom_ThumbContainer gmPhantom_ThumbLoader\" data-id=\"2798\" data-post_id=\"15390\" data-ratio=\"1.5\" data-type=\"image\" data-ext=\"jpg\" data-views=\"2\" data-likes=\"0\" data-cc=\"0\" data-post_link=\"https:\/\/www.fica.unsl.edu.ar\/index.php\/gmedia\/2_jornada_de_divulgaci_n_y_vinculaci_n_acad_micocultural_ingenier_a_agron_mica_47_-jpg\/\">\r\n                <a href=\"https:\/\/www.fica.unsl.edu.ar\/wp-content\/grand-media\/image\/2_Jornada_de_Divulgaci_n_y_Vinculaci_n_Acad_micoCultural_Ingenier_a_Agron_mica_47_.jpg\" class=\"gmPhantom_Thumb\"><img decoding=\"async\" src=\"https:\/\/www.fica.unsl.edu.ar\/wp-content\/grand-media\/image\/thumb\/2_Jornada_de_Divulgaci_n_y_Vinculaci_n_Acad_micoCultural_Ingenier_a_Agron_mica_47_.jpg\" data-src=\"https:\/\/www.fica.unsl.edu.ar\/wp-content\/grand-media\/image\/2_Jornada_de_Divulgaci_n_y_Vinculaci_n_Acad_micoCultural_Ingenier_a_Agron_mica_47_.jpg\" alt=\"2\u00b0 Jornada De Divulgaci\u00f3n Y Vinculaci\u00f3n Acad\u00e9micoCultural Ingenier\u00eda Agron\u00f3mica (47)\"\/><\/a>\r\n                                    <div class=\"gmPhantom_ThumbLabel\"><span class=\"gmPhantom_ThumbLabel_title\">2\u00b0 Jornada De Divulgaci\u00f3n Y Vinculaci\u00f3n Acad\u00e9micoCultural Ingenier\u00eda Agron\u00f3mica (47)<\/span><\/div>\r\n                                    <div style=\"display:none;\" class=\"gmPhantom_Details\">\r\n                                            <div class=\"gmPhantom_description\">\r\n                            <div class=\"gmPhantom_title\">2\u00b0 Jornada De Divulgaci\u00f3n Y Vinculaci\u00f3n Acad\u00e9micoCultural Ingenier\u00eda Agron\u00f3mica (47)<\/div>\r\n                            <div class=\"gmPhantom_text\"><\/div>\r\n                        <\/div>\r\n                                                            <div class=\"gmPhantom_terms\">\r\n                                                    <div class=\"gmPhantom_other_terms\">\r\n                                <table class=\"gmPhantom_other_terms_table\">\r\n                                                                            <tr class=\"gmPhantom_term_row_album\">\r\n                                            <td class=\"gmPhantom_term_key\">Album<\/td>\r\n                                            <td class=\"gmPhantom_term_value\"><a href=\"\/index.php\/wp-json\/wp\/v2\/posts\/15313?gm191[album__in]=191\" class=\"gmPhantom_alb\">2-Jornada-Divulgacion-Vinculacion-Acad\u00e9mico-Cultural-2023<\/a><\/td>\r\n                                        <\/tr>\r\n                                                                    <\/table>\r\n                            <\/div>\r\n                                                <\/div>\r\n                <\/div>\r\n                <\/div>            <div class=\"gmPhantom_ThumbContainer gmPhantom_ThumbLoader\" data-id=\"2797\" data-post_id=\"15389\" data-ratio=\"1.5\" data-type=\"image\" data-ext=\"jpg\" data-views=\"4\" data-likes=\"0\" data-cc=\"0\" data-post_link=\"https:\/\/www.fica.unsl.edu.ar\/index.php\/gmedia\/2_jornada_de_divulgaci_n_y_vinculaci_n_acad_micocultural_ingenier_a_agron_mica_46_-jpg\/\">\r\n                <a href=\"https:\/\/www.fica.unsl.edu.ar\/wp-content\/grand-media\/image\/2_Jornada_de_Divulgaci_n_y_Vinculaci_n_Acad_micoCultural_Ingenier_a_Agron_mica_46_.jpg\" class=\"gmPhantom_Thumb\"><img decoding=\"async\" src=\"https:\/\/www.fica.unsl.edu.ar\/wp-content\/grand-media\/image\/thumb\/2_Jornada_de_Divulgaci_n_y_Vinculaci_n_Acad_micoCultural_Ingenier_a_Agron_mica_46_.jpg\" data-src=\"https:\/\/www.fica.unsl.edu.ar\/wp-content\/grand-media\/image\/2_Jornada_de_Divulgaci_n_y_Vinculaci_n_Acad_micoCultural_Ingenier_a_Agron_mica_46_.jpg\" alt=\"2\u00b0 Jornada De Divulgaci\u00f3n Y Vinculaci\u00f3n Acad\u00e9micoCultural Ingenier\u00eda Agron\u00f3mica (46)\"\/><\/a>\r\n                                    <div class=\"gmPhantom_ThumbLabel\"><span class=\"gmPhantom_ThumbLabel_title\">2\u00b0 Jornada De Divulgaci\u00f3n Y Vinculaci\u00f3n Acad\u00e9micoCultural Ingenier\u00eda Agron\u00f3mica (46)<\/span><\/div>\r\n                                    <div style=\"display:none;\" class=\"gmPhantom_Details\">\r\n                                            <div class=\"gmPhantom_description\">\r\n                            <div class=\"gmPhantom_title\">2\u00b0 Jornada De Divulgaci\u00f3n Y Vinculaci\u00f3n Acad\u00e9micoCultural Ingenier\u00eda Agron\u00f3mica (46)<\/div>\r\n                            <div class=\"gmPhantom_text\"><\/div>\r\n                        <\/div>\r\n                                                            <div class=\"gmPhantom_terms\">\r\n                                                    <div class=\"gmPhantom_other_terms\">\r\n                                <table class=\"gmPhantom_other_terms_table\">\r\n                                                                            <tr class=\"gmPhantom_term_row_album\">\r\n                                            <td class=\"gmPhantom_term_key\">Album<\/td>\r\n                                            <td class=\"gmPhantom_term_value\"><a href=\"\/index.php\/wp-json\/wp\/v2\/posts\/15313?gm191[album__in]=191\" class=\"gmPhantom_alb\">2-Jornada-Divulgacion-Vinculacion-Acad\u00e9mico-Cultural-2023<\/a><\/td>\r\n                                        <\/tr>\r\n                                                                    <\/table>\r\n                            <\/div>\r\n                                                <\/div>\r\n                <\/div>\r\n                <\/div>            <div class=\"gmPhantom_ThumbContainer gmPhantom_ThumbLoader\" data-id=\"2796\" data-post_id=\"15388\" data-ratio=\"1.5\" data-type=\"image\" data-ext=\"jpg\" data-views=\"3\" data-likes=\"0\" data-cc=\"0\" data-post_link=\"https:\/\/www.fica.unsl.edu.ar\/index.php\/gmedia\/2_jornada_de_divulgaci_n_y_vinculaci_n_acad_micocultural_ingenier_a_agron_mica_45_-jpg\/\">\r\n                <a href=\"https:\/\/www.fica.unsl.edu.ar\/wp-content\/grand-media\/image\/2_Jornada_de_Divulgaci_n_y_Vinculaci_n_Acad_micoCultural_Ingenier_a_Agron_mica_45_.jpg\" class=\"gmPhantom_Thumb\"><img decoding=\"async\" src=\"https:\/\/www.fica.unsl.edu.ar\/wp-content\/grand-media\/image\/thumb\/2_Jornada_de_Divulgaci_n_y_Vinculaci_n_Acad_micoCultural_Ingenier_a_Agron_mica_45_.jpg\" data-src=\"https:\/\/www.fica.unsl.edu.ar\/wp-content\/grand-media\/image\/2_Jornada_de_Divulgaci_n_y_Vinculaci_n_Acad_micoCultural_Ingenier_a_Agron_mica_45_.jpg\" alt=\"2\u00b0 Jornada De Divulgaci\u00f3n Y Vinculaci\u00f3n Acad\u00e9micoCultural Ingenier\u00eda Agron\u00f3mica (45)\"\/><\/a>\r\n                                    <div class=\"gmPhantom_ThumbLabel\"><span class=\"gmPhantom_ThumbLabel_title\">2\u00b0 Jornada De Divulgaci\u00f3n Y Vinculaci\u00f3n Acad\u00e9micoCultural Ingenier\u00eda Agron\u00f3mica (45)<\/span><\/div>\r\n                                    <div style=\"display:none;\" class=\"gmPhantom_Details\">\r\n                                            <div class=\"gmPhantom_description\">\r\n                            <div class=\"gmPhantom_title\">2\u00b0 Jornada De Divulgaci\u00f3n Y Vinculaci\u00f3n Acad\u00e9micoCultural Ingenier\u00eda Agron\u00f3mica (45)<\/div>\r\n                            <div class=\"gmPhantom_text\"><\/div>\r\n                        <\/div>\r\n                                                            <div class=\"gmPhantom_terms\">\r\n                                                    <div class=\"gmPhantom_other_terms\">\r\n                                <table class=\"gmPhantom_other_terms_table\">\r\n                                                                            <tr class=\"gmPhantom_term_row_album\">\r\n                                            <td class=\"gmPhantom_term_key\">Album<\/td>\r\n                                            <td class=\"gmPhantom_term_value\"><a href=\"\/index.php\/wp-json\/wp\/v2\/posts\/15313?gm191[album__in]=191\" class=\"gmPhantom_alb\">2-Jornada-Divulgacion-Vinculacion-Acad\u00e9mico-Cultural-2023<\/a><\/td>\r\n                                        <\/tr>\r\n                                                                    <\/table>\r\n                            <\/div>\r\n                                                <\/div>\r\n                <\/div>\r\n                <\/div>            <div class=\"gmPhantom_ThumbContainer gmPhantom_ThumbLoader\" data-id=\"2795\" data-post_id=\"15387\" data-ratio=\"0.66666666666667\" data-type=\"image\" data-ext=\"jpg\" data-views=\"3\" data-likes=\"0\" data-cc=\"0\" data-post_link=\"https:\/\/www.fica.unsl.edu.ar\/index.php\/gmedia\/2_jornada_de_divulgaci_n_y_vinculaci_n_acad_micocultural_ingenier_a_agron_mica_44_-jpg\/\">\r\n                <a href=\"https:\/\/www.fica.unsl.edu.ar\/wp-content\/grand-media\/image\/2_Jornada_de_Divulgaci_n_y_Vinculaci_n_Acad_micoCultural_Ingenier_a_Agron_mica_44_.jpg\" class=\"gmPhantom_Thumb\"><img decoding=\"async\" src=\"https:\/\/www.fica.unsl.edu.ar\/wp-content\/grand-media\/image\/thumb\/2_Jornada_de_Divulgaci_n_y_Vinculaci_n_Acad_micoCultural_Ingenier_a_Agron_mica_44_.jpg\" data-src=\"https:\/\/www.fica.unsl.edu.ar\/wp-content\/grand-media\/image\/2_Jornada_de_Divulgaci_n_y_Vinculaci_n_Acad_micoCultural_Ingenier_a_Agron_mica_44_.jpg\" alt=\"2\u00b0 Jornada De Divulgaci\u00f3n Y Vinculaci\u00f3n Acad\u00e9micoCultural Ingenier\u00eda Agron\u00f3mica (44)\"\/><\/a>\r\n                                    <div class=\"gmPhantom_ThumbLabel\"><span class=\"gmPhantom_ThumbLabel_title\">2\u00b0 Jornada De Divulgaci\u00f3n Y Vinculaci\u00f3n Acad\u00e9micoCultural Ingenier\u00eda Agron\u00f3mica (44)<\/span><\/div>\r\n                                    <div style=\"display:none;\" class=\"gmPhantom_Details\">\r\n                                            <div class=\"gmPhantom_description\">\r\n                            <div class=\"gmPhantom_title\">2\u00b0 Jornada De Divulgaci\u00f3n Y Vinculaci\u00f3n Acad\u00e9micoCultural Ingenier\u00eda Agron\u00f3mica (44)<\/div>\r\n                            <div class=\"gmPhantom_text\"><\/div>\r\n                        <\/div>\r\n                                                            <div class=\"gmPhantom_terms\">\r\n                                                    <div class=\"gmPhantom_other_terms\">\r\n                                <table class=\"gmPhantom_other_terms_table\">\r\n                                                                            <tr class=\"gmPhantom_term_row_album\">\r\n                                            <td class=\"gmPhantom_term_key\">Album<\/td>\r\n                                            <td class=\"gmPhantom_term_value\"><a href=\"\/index.php\/wp-json\/wp\/v2\/posts\/15313?gm191[album__in]=191\" class=\"gmPhantom_alb\">2-Jornada-Divulgacion-Vinculacion-Acad\u00e9mico-Cultural-2023<\/a><\/td>\r\n                                        <\/tr>\r\n                                                                    <\/table>\r\n                            <\/div>\r\n                                                <\/div>\r\n                <\/div>\r\n                <\/div>            <div class=\"gmPhantom_ThumbContainer gmPhantom_ThumbLoader\" data-id=\"2794\" data-post_id=\"15386\" data-ratio=\"1.5\" data-type=\"image\" data-ext=\"jpg\" data-views=\"4\" data-likes=\"0\" data-cc=\"0\" data-post_link=\"https:\/\/www.fica.unsl.edu.ar\/index.php\/gmedia\/2_jornada_de_divulgaci_n_y_vinculaci_n_acad_micocultural_ingenier_a_agron_mica_43_-jpg\/\">\r\n                <a href=\"https:\/\/www.fica.unsl.edu.ar\/wp-content\/grand-media\/image\/2_Jornada_de_Divulgaci_n_y_Vinculaci_n_Acad_micoCultural_Ingenier_a_Agron_mica_43_.jpg\" class=\"gmPhantom_Thumb\"><img decoding=\"async\" src=\"https:\/\/www.fica.unsl.edu.ar\/wp-content\/grand-media\/image\/thumb\/2_Jornada_de_Divulgaci_n_y_Vinculaci_n_Acad_micoCultural_Ingenier_a_Agron_mica_43_.jpg\" data-src=\"https:\/\/www.fica.unsl.edu.ar\/wp-content\/grand-media\/image\/2_Jornada_de_Divulgaci_n_y_Vinculaci_n_Acad_micoCultural_Ingenier_a_Agron_mica_43_.jpg\" alt=\"2\u00b0 Jornada De Divulgaci\u00f3n Y Vinculaci\u00f3n Acad\u00e9micoCultural Ingenier\u00eda Agron\u00f3mica (43)\"\/><\/a>\r\n                                    <div class=\"gmPhantom_ThumbLabel\"><span class=\"gmPhantom_ThumbLabel_title\">2\u00b0 Jornada De Divulgaci\u00f3n Y Vinculaci\u00f3n Acad\u00e9micoCultural Ingenier\u00eda Agron\u00f3mica (43)<\/span><\/div>\r\n                                    <div style=\"display:none;\" class=\"gmPhantom_Details\">\r\n                                            <div class=\"gmPhantom_description\">\r\n                            <div class=\"gmPhantom_title\">2\u00b0 Jornada De Divulgaci\u00f3n Y Vinculaci\u00f3n Acad\u00e9micoCultural Ingenier\u00eda Agron\u00f3mica (43)<\/div>\r\n                            <div class=\"gmPhantom_text\"><\/div>\r\n                        <\/div>\r\n                                                            <div class=\"gmPhantom_terms\">\r\n                                                    <div class=\"gmPhantom_other_terms\">\r\n                                <table class=\"gmPhantom_other_terms_table\">\r\n                                                                            <tr class=\"gmPhantom_term_row_album\">\r\n                                            <td class=\"gmPhantom_term_key\">Album<\/td>\r\n                                            <td class=\"gmPhantom_term_value\"><a href=\"\/index.php\/wp-json\/wp\/v2\/posts\/15313?gm191[album__in]=191\" class=\"gmPhantom_alb\">2-Jornada-Divulgacion-Vinculacion-Acad\u00e9mico-Cultural-2023<\/a><\/td>\r\n                                        <\/tr>\r\n                                                                    <\/table>\r\n                            <\/div>\r\n                                                <\/div>\r\n                <\/div>\r\n                <\/div>            <div class=\"gmPhantom_ThumbContainer gmPhantom_ThumbLoader\" data-id=\"2793\" data-post_id=\"15385\" data-ratio=\"1.5\" data-type=\"image\" data-ext=\"jpg\" data-views=\"1\" data-likes=\"0\" data-cc=\"0\" data-post_link=\"https:\/\/www.fica.unsl.edu.ar\/index.php\/gmedia\/2_jornada_de_divulgaci_n_y_vinculaci_n_acad_micocultural_ingenier_a_agron_mica_42_-jpg\/\">\r\n                <a href=\"https:\/\/www.fica.unsl.edu.ar\/wp-content\/grand-media\/image\/2_Jornada_de_Divulgaci_n_y_Vinculaci_n_Acad_micoCultural_Ingenier_a_Agron_mica_42_.jpg\" class=\"gmPhantom_Thumb\"><img decoding=\"async\" src=\"https:\/\/www.fica.unsl.edu.ar\/wp-content\/grand-media\/image\/thumb\/2_Jornada_de_Divulgaci_n_y_Vinculaci_n_Acad_micoCultural_Ingenier_a_Agron_mica_42_.jpg\" data-src=\"https:\/\/www.fica.unsl.edu.ar\/wp-content\/grand-media\/image\/2_Jornada_de_Divulgaci_n_y_Vinculaci_n_Acad_micoCultural_Ingenier_a_Agron_mica_42_.jpg\" alt=\"2\u00b0 Jornada De Divulgaci\u00f3n Y Vinculaci\u00f3n Acad\u00e9micoCultural Ingenier\u00eda Agron\u00f3mica (42)\"\/><\/a>\r\n                                    <div class=\"gmPhantom_ThumbLabel\"><span class=\"gmPhantom_ThumbLabel_title\">2\u00b0 Jornada De Divulgaci\u00f3n Y Vinculaci\u00f3n Acad\u00e9micoCultural Ingenier\u00eda Agron\u00f3mica (42)<\/span><\/div>\r\n                                    <div style=\"display:none;\" class=\"gmPhantom_Details\">\r\n                                            <div class=\"gmPhantom_description\">\r\n                            <div class=\"gmPhantom_title\">2\u00b0 Jornada De Divulgaci\u00f3n Y Vinculaci\u00f3n Acad\u00e9micoCultural Ingenier\u00eda Agron\u00f3mica (42)<\/div>\r\n                            <div class=\"gmPhantom_text\"><\/div>\r\n                        <\/div>\r\n                                                            <div class=\"gmPhantom_terms\">\r\n                                                    <div class=\"gmPhantom_other_terms\">\r\n                                <table class=\"gmPhantom_other_terms_table\">\r\n                                                                            <tr class=\"gmPhantom_term_row_album\">\r\n                                            <td class=\"gmPhantom_term_key\">Album<\/td>\r\n                                            <td class=\"gmPhantom_term_value\"><a href=\"\/index.php\/wp-json\/wp\/v2\/posts\/15313?gm191[album__in]=191\" class=\"gmPhantom_alb\">2-Jornada-Divulgacion-Vinculacion-Acad\u00e9mico-Cultural-2023<\/a><\/td>\r\n                                        <\/tr>\r\n                                                                    <\/table>\r\n                            <\/div>\r\n                                                <\/div>\r\n                <\/div>\r\n                <\/div>            <div class=\"gmPhantom_ThumbContainer gmPhantom_ThumbLoader\" data-id=\"2792\" data-post_id=\"15384\" data-ratio=\"0.66666666666667\" data-type=\"image\" data-ext=\"jpg\" data-views=\"1\" data-likes=\"0\" data-cc=\"0\" data-post_link=\"https:\/\/www.fica.unsl.edu.ar\/index.php\/gmedia\/2_jornada_de_divulgaci_n_y_vinculaci_n_acad_micocultural_ingenier_a_agron_mica_41_-jpg\/\">\r\n                <a href=\"https:\/\/www.fica.unsl.edu.ar\/wp-content\/grand-media\/image\/2_Jornada_de_Divulgaci_n_y_Vinculaci_n_Acad_micoCultural_Ingenier_a_Agron_mica_41_.jpg\" class=\"gmPhantom_Thumb\"><img decoding=\"async\" src=\"https:\/\/www.fica.unsl.edu.ar\/wp-content\/grand-media\/image\/thumb\/2_Jornada_de_Divulgaci_n_y_Vinculaci_n_Acad_micoCultural_Ingenier_a_Agron_mica_41_.jpg\" data-src=\"https:\/\/www.fica.unsl.edu.ar\/wp-content\/grand-media\/image\/2_Jornada_de_Divulgaci_n_y_Vinculaci_n_Acad_micoCultural_Ingenier_a_Agron_mica_41_.jpg\" alt=\"2\u00b0 Jornada De Divulgaci\u00f3n Y Vinculaci\u00f3n Acad\u00e9micoCultural Ingenier\u00eda Agron\u00f3mica (41)\"\/><\/a>\r\n                                    <div class=\"gmPhantom_ThumbLabel\"><span class=\"gmPhantom_ThumbLabel_title\">2\u00b0 Jornada De Divulgaci\u00f3n Y Vinculaci\u00f3n Acad\u00e9micoCultural Ingenier\u00eda Agron\u00f3mica (41)<\/span><\/div>\r\n                                    <div style=\"display:none;\" class=\"gmPhantom_Details\">\r\n                                            <div class=\"gmPhantom_description\">\r\n                            <div class=\"gmPhantom_title\">2\u00b0 Jornada De Divulgaci\u00f3n Y Vinculaci\u00f3n Acad\u00e9micoCultural Ingenier\u00eda Agron\u00f3mica (41)<\/div>\r\n                            <div class=\"gmPhantom_text\"><\/div>\r\n                        <\/div>\r\n                                                            <div class=\"gmPhantom_terms\">\r\n                                                    <div class=\"gmPhantom_other_terms\">\r\n                                <table class=\"gmPhantom_other_terms_table\">\r\n                                                                            <tr class=\"gmPhantom_term_row_album\">\r\n                                            <td class=\"gmPhantom_term_key\">Album<\/td>\r\n                                            <td class=\"gmPhantom_term_value\"><a href=\"\/index.php\/wp-json\/wp\/v2\/posts\/15313?gm191[album__in]=191\" class=\"gmPhantom_alb\">2-Jornada-Divulgacion-Vinculacion-Acad\u00e9mico-Cultural-2023<\/a><\/td>\r\n                                        <\/tr>\r\n                                                                    <\/table>\r\n                            <\/div>\r\n                                                <\/div>\r\n                <\/div>\r\n                <\/div>            <div class=\"gmPhantom_ThumbContainer gmPhantom_ThumbLoader\" data-id=\"2791\" data-post_id=\"15383\" data-ratio=\"0.66666666666667\" data-type=\"image\" data-ext=\"jpg\" data-views=\"3\" data-likes=\"0\" data-cc=\"0\" data-post_link=\"https:\/\/www.fica.unsl.edu.ar\/index.php\/gmedia\/2_jornada_de_divulgaci_n_y_vinculaci_n_acad_micocultural_ingenier_a_agron_mica_40_-jpg\/\">\r\n                <a href=\"https:\/\/www.fica.unsl.edu.ar\/wp-content\/grand-media\/image\/2_Jornada_de_Divulgaci_n_y_Vinculaci_n_Acad_micoCultural_Ingenier_a_Agron_mica_40_.jpg\" class=\"gmPhantom_Thumb\"><img decoding=\"async\" src=\"https:\/\/www.fica.unsl.edu.ar\/wp-content\/grand-media\/image\/thumb\/2_Jornada_de_Divulgaci_n_y_Vinculaci_n_Acad_micoCultural_Ingenier_a_Agron_mica_40_.jpg\" data-src=\"https:\/\/www.fica.unsl.edu.ar\/wp-content\/grand-media\/image\/2_Jornada_de_Divulgaci_n_y_Vinculaci_n_Acad_micoCultural_Ingenier_a_Agron_mica_40_.jpg\" alt=\"2\u00b0 Jornada De Divulgaci\u00f3n Y Vinculaci\u00f3n Acad\u00e9micoCultural Ingenier\u00eda Agron\u00f3mica (40)\"\/><\/a>\r\n                                    <div class=\"gmPhantom_ThumbLabel\"><span class=\"gmPhantom_ThumbLabel_title\">2\u00b0 Jornada De Divulgaci\u00f3n Y Vinculaci\u00f3n Acad\u00e9micoCultural Ingenier\u00eda Agron\u00f3mica (40)<\/span><\/div>\r\n                                    <div style=\"display:none;\" class=\"gmPhantom_Details\">\r\n                                            <div class=\"gmPhantom_description\">\r\n                            <div class=\"gmPhantom_title\">2\u00b0 Jornada De Divulgaci\u00f3n Y Vinculaci\u00f3n Acad\u00e9micoCultural Ingenier\u00eda Agron\u00f3mica (40)<\/div>\r\n                            <div class=\"gmPhantom_text\"><\/div>\r\n                        <\/div>\r\n                                                            <div class=\"gmPhantom_terms\">\r\n                                                    <div class=\"gmPhantom_other_terms\">\r\n                                <table class=\"gmPhantom_other_terms_table\">\r\n                                                                            <tr class=\"gmPhantom_term_row_album\">\r\n                                            <td class=\"gmPhantom_term_key\">Album<\/td>\r\n                                            <td class=\"gmPhantom_term_value\"><a href=\"\/index.php\/wp-json\/wp\/v2\/posts\/15313?gm191[album__in]=191\" class=\"gmPhantom_alb\">2-Jornada-Divulgacion-Vinculacion-Acad\u00e9mico-Cultural-2023<\/a><\/td>\r\n                                        <\/tr>\r\n                                                                    <\/table>\r\n                            <\/div>\r\n                                                <\/div>\r\n                <\/div>\r\n                <\/div>            <div class=\"gmPhantom_ThumbContainer gmPhantom_ThumbLoader\" data-id=\"2790\" data-post_id=\"15382\" data-ratio=\"1.5\" data-type=\"image\" data-ext=\"jpg\" data-views=\"4\" data-likes=\"0\" data-cc=\"0\" data-post_link=\"https:\/\/www.fica.unsl.edu.ar\/index.php\/gmedia\/2_jornada_de_divulgaci_n_y_vinculaci_n_acad_micocultural_ingenier_a_agron_mica_39_-jpg\/\">\r\n                <a href=\"https:\/\/www.fica.unsl.edu.ar\/wp-content\/grand-media\/image\/2_Jornada_de_Divulgaci_n_y_Vinculaci_n_Acad_micoCultural_Ingenier_a_Agron_mica_39_.jpg\" class=\"gmPhantom_Thumb\"><img decoding=\"async\" src=\"https:\/\/www.fica.unsl.edu.ar\/wp-content\/grand-media\/image\/thumb\/2_Jornada_de_Divulgaci_n_y_Vinculaci_n_Acad_micoCultural_Ingenier_a_Agron_mica_39_.jpg\" data-src=\"https:\/\/www.fica.unsl.edu.ar\/wp-content\/grand-media\/image\/2_Jornada_de_Divulgaci_n_y_Vinculaci_n_Acad_micoCultural_Ingenier_a_Agron_mica_39_.jpg\" alt=\"2\u00b0 Jornada De Divulgaci\u00f3n Y Vinculaci\u00f3n Acad\u00e9micoCultural Ingenier\u00eda Agron\u00f3mica (39)\"\/><\/a>\r\n                                    <div class=\"gmPhantom_ThumbLabel\"><span class=\"gmPhantom_ThumbLabel_title\">2\u00b0 Jornada De Divulgaci\u00f3n Y Vinculaci\u00f3n Acad\u00e9micoCultural Ingenier\u00eda Agron\u00f3mica (39)<\/span><\/div>\r\n                                    <div style=\"display:none;\" class=\"gmPhantom_Details\">\r\n                                            <div class=\"gmPhantom_description\">\r\n                            <div class=\"gmPhantom_title\">2\u00b0 Jornada De Divulgaci\u00f3n Y Vinculaci\u00f3n Acad\u00e9micoCultural Ingenier\u00eda Agron\u00f3mica (39)<\/div>\r\n                            <div class=\"gmPhantom_text\"><\/div>\r\n                        <\/div>\r\n                                                            <div class=\"gmPhantom_terms\">\r\n                                                    <div class=\"gmPhantom_other_terms\">\r\n                                <table class=\"gmPhantom_other_terms_table\">\r\n                                                                            <tr class=\"gmPhantom_term_row_album\">\r\n                                            <td class=\"gmPhantom_term_key\">Album<\/td>\r\n                                            <td class=\"gmPhantom_term_value\"><a href=\"\/index.php\/wp-json\/wp\/v2\/posts\/15313?gm191[album__in]=191\" class=\"gmPhantom_alb\">2-Jornada-Divulgacion-Vinculacion-Acad\u00e9mico-Cultural-2023<\/a><\/td>\r\n                                        <\/tr>\r\n                                                                    <\/table>\r\n                            <\/div>\r\n                                                <\/div>\r\n                <\/div>\r\n                <\/div>            <div class=\"gmPhantom_ThumbContainer gmPhantom_ThumbLoader\" data-id=\"2789\" data-post_id=\"15381\" data-ratio=\"1.5\" data-type=\"image\" data-ext=\"jpg\" data-views=\"4\" data-likes=\"0\" data-cc=\"0\" data-post_link=\"https:\/\/www.fica.unsl.edu.ar\/index.php\/gmedia\/2_jornada_de_divulgaci_n_y_vinculaci_n_acad_micocultural_ingenier_a_agron_mica_38_-jpg\/\">\r\n                <a href=\"https:\/\/www.fica.unsl.edu.ar\/wp-content\/grand-media\/image\/2_Jornada_de_Divulgaci_n_y_Vinculaci_n_Acad_micoCultural_Ingenier_a_Agron_mica_38_.jpg\" class=\"gmPhantom_Thumb\"><img decoding=\"async\" src=\"https:\/\/www.fica.unsl.edu.ar\/wp-content\/grand-media\/image\/thumb\/2_Jornada_de_Divulgaci_n_y_Vinculaci_n_Acad_micoCultural_Ingenier_a_Agron_mica_38_.jpg\" data-src=\"https:\/\/www.fica.unsl.edu.ar\/wp-content\/grand-media\/image\/2_Jornada_de_Divulgaci_n_y_Vinculaci_n_Acad_micoCultural_Ingenier_a_Agron_mica_38_.jpg\" alt=\"2\u00b0 Jornada De Divulgaci\u00f3n Y Vinculaci\u00f3n Acad\u00e9micoCultural Ingenier\u00eda Agron\u00f3mica (38)\"\/><\/a>\r\n                                    <div class=\"gmPhantom_ThumbLabel\"><span class=\"gmPhantom_ThumbLabel_title\">2\u00b0 Jornada De Divulgaci\u00f3n Y Vinculaci\u00f3n Acad\u00e9micoCultural Ingenier\u00eda Agron\u00f3mica (38)<\/span><\/div>\r\n                                    <div style=\"display:none;\" class=\"gmPhantom_Details\">\r\n                                            <div class=\"gmPhantom_description\">\r\n                            <div class=\"gmPhantom_title\">2\u00b0 Jornada De Divulgaci\u00f3n Y Vinculaci\u00f3n Acad\u00e9micoCultural Ingenier\u00eda Agron\u00f3mica (38)<\/div>\r\n                            <div class=\"gmPhantom_text\"><\/div>\r\n                        <\/div>\r\n                                                            <div class=\"gmPhantom_terms\">\r\n                                                    <div class=\"gmPhantom_other_terms\">\r\n                                <table class=\"gmPhantom_other_terms_table\">\r\n                                                                            <tr class=\"gmPhantom_term_row_album\">\r\n                                            <td class=\"gmPhantom_term_key\">Album<\/td>\r\n                                            <td class=\"gmPhantom_term_value\"><a href=\"\/index.php\/wp-json\/wp\/v2\/posts\/15313?gm191[album__in]=191\" class=\"gmPhantom_alb\">2-Jornada-Divulgacion-Vinculacion-Acad\u00e9mico-Cultural-2023<\/a><\/td>\r\n                                        <\/tr>\r\n                                                                    <\/table>\r\n                            <\/div>\r\n                                                <\/div>\r\n                <\/div>\r\n                <\/div>            <div class=\"gmPhantom_ThumbContainer gmPhantom_ThumbLoader\" data-id=\"2788\" data-post_id=\"15380\" data-ratio=\"1.5\" data-type=\"image\" data-ext=\"jpg\" data-views=\"5\" data-likes=\"0\" data-cc=\"0\" data-post_link=\"https:\/\/www.fica.unsl.edu.ar\/index.php\/gmedia\/2_jornada_de_divulgaci_n_y_vinculaci_n_acad_micocultural_ingenier_a_agron_mica_37_-jpg\/\">\r\n                <a href=\"https:\/\/www.fica.unsl.edu.ar\/wp-content\/grand-media\/image\/2_Jornada_de_Divulgaci_n_y_Vinculaci_n_Acad_micoCultural_Ingenier_a_Agron_mica_37_.jpg\" class=\"gmPhantom_Thumb\"><img decoding=\"async\" src=\"https:\/\/www.fica.unsl.edu.ar\/wp-content\/grand-media\/image\/thumb\/2_Jornada_de_Divulgaci_n_y_Vinculaci_n_Acad_micoCultural_Ingenier_a_Agron_mica_37_.jpg\" data-src=\"https:\/\/www.fica.unsl.edu.ar\/wp-content\/grand-media\/image\/2_Jornada_de_Divulgaci_n_y_Vinculaci_n_Acad_micoCultural_Ingenier_a_Agron_mica_37_.jpg\" alt=\"2\u00b0 Jornada De Divulgaci\u00f3n Y Vinculaci\u00f3n Acad\u00e9micoCultural Ingenier\u00eda Agron\u00f3mica (37)\"\/><\/a>\r\n                                    <div class=\"gmPhantom_ThumbLabel\"><span class=\"gmPhantom_ThumbLabel_title\">2\u00b0 Jornada De Divulgaci\u00f3n Y Vinculaci\u00f3n Acad\u00e9micoCultural Ingenier\u00eda Agron\u00f3mica (37)<\/span><\/div>\r\n                                    <div style=\"display:none;\" class=\"gmPhantom_Details\">\r\n                                            <div class=\"gmPhantom_description\">\r\n                            <div class=\"gmPhantom_title\">2\u00b0 Jornada De Divulgaci\u00f3n Y Vinculaci\u00f3n Acad\u00e9micoCultural Ingenier\u00eda Agron\u00f3mica (37)<\/div>\r\n                            <div class=\"gmPhantom_text\"><\/div>\r\n                        <\/div>\r\n                                                            <div class=\"gmPhantom_terms\">\r\n                                                    <div class=\"gmPhantom_other_terms\">\r\n                                <table class=\"gmPhantom_other_terms_table\">\r\n                                                                            <tr class=\"gmPhantom_term_row_album\">\r\n                                            <td class=\"gmPhantom_term_key\">Album<\/td>\r\n                                            <td class=\"gmPhantom_term_value\"><a href=\"\/index.php\/wp-json\/wp\/v2\/posts\/15313?gm191[album__in]=191\" class=\"gmPhantom_alb\">2-Jornada-Divulgacion-Vinculacion-Acad\u00e9mico-Cultural-2023<\/a><\/td>\r\n                                        <\/tr>\r\n                                                                    <\/table>\r\n                            <\/div>\r\n                                                <\/div>\r\n                <\/div>\r\n                <\/div>            <div class=\"gmPhantom_ThumbContainer gmPhantom_ThumbLoader\" data-id=\"2787\" data-post_id=\"15379\" data-ratio=\"1.5\" data-type=\"image\" data-ext=\"jpg\" data-views=\"4\" data-likes=\"0\" data-cc=\"0\" data-post_link=\"https:\/\/www.fica.unsl.edu.ar\/index.php\/gmedia\/2_jornada_de_divulgaci_n_y_vinculaci_n_acad_micocultural_ingenier_a_agron_mica_36_-jpg\/\">\r\n                <a href=\"https:\/\/www.fica.unsl.edu.ar\/wp-content\/grand-media\/image\/2_Jornada_de_Divulgaci_n_y_Vinculaci_n_Acad_micoCultural_Ingenier_a_Agron_mica_36_.jpg\" class=\"gmPhantom_Thumb\"><img decoding=\"async\" src=\"https:\/\/www.fica.unsl.edu.ar\/wp-content\/grand-media\/image\/thumb\/2_Jornada_de_Divulgaci_n_y_Vinculaci_n_Acad_micoCultural_Ingenier_a_Agron_mica_36_.jpg\" data-src=\"https:\/\/www.fica.unsl.edu.ar\/wp-content\/grand-media\/image\/2_Jornada_de_Divulgaci_n_y_Vinculaci_n_Acad_micoCultural_Ingenier_a_Agron_mica_36_.jpg\" alt=\"2\u00b0 Jornada De Divulgaci\u00f3n Y Vinculaci\u00f3n Acad\u00e9micoCultural Ingenier\u00eda Agron\u00f3mica (36)\"\/><\/a>\r\n                                    <div class=\"gmPhantom_ThumbLabel\"><span class=\"gmPhantom_ThumbLabel_title\">2\u00b0 Jornada De Divulgaci\u00f3n Y Vinculaci\u00f3n Acad\u00e9micoCultural Ingenier\u00eda Agron\u00f3mica (36)<\/span><\/div>\r\n                                    <div style=\"display:none;\" class=\"gmPhantom_Details\">\r\n                                            <div class=\"gmPhantom_description\">\r\n                            <div class=\"gmPhantom_title\">2\u00b0 Jornada De Divulgaci\u00f3n Y Vinculaci\u00f3n Acad\u00e9micoCultural Ingenier\u00eda Agron\u00f3mica (36)<\/div>\r\n                            <div class=\"gmPhantom_text\"><\/div>\r\n                        <\/div>\r\n                                                            <div class=\"gmPhantom_terms\">\r\n                                                    <div class=\"gmPhantom_other_terms\">\r\n                                <table class=\"gmPhantom_other_terms_table\">\r\n                                                                            <tr class=\"gmPhantom_term_row_album\">\r\n                                            <td class=\"gmPhantom_term_key\">Album<\/td>\r\n                                            <td class=\"gmPhantom_term_value\"><a href=\"\/index.php\/wp-json\/wp\/v2\/posts\/15313?gm191[album__in]=191\" class=\"gmPhantom_alb\">2-Jornada-Divulgacion-Vinculacion-Acad\u00e9mico-Cultural-2023<\/a><\/td>\r\n                                        <\/tr>\r\n                                                                    <\/table>\r\n                            <\/div>\r\n                                                <\/div>\r\n                <\/div>\r\n                <\/div>            <div class=\"gmPhantom_ThumbContainer gmPhantom_ThumbLoader\" data-id=\"2786\" data-post_id=\"15378\" data-ratio=\"1.5\" data-type=\"image\" data-ext=\"jpg\" data-views=\"6\" data-likes=\"0\" data-cc=\"0\" data-post_link=\"https:\/\/www.fica.unsl.edu.ar\/index.php\/gmedia\/2_jornada_de_divulgaci_n_y_vinculaci_n_acad_micocultural_ingenier_a_agron_mica_35_-jpg\/\">\r\n                <a href=\"https:\/\/www.fica.unsl.edu.ar\/wp-content\/grand-media\/image\/2_Jornada_de_Divulgaci_n_y_Vinculaci_n_Acad_micoCultural_Ingenier_a_Agron_mica_35_.jpg\" class=\"gmPhantom_Thumb\"><img decoding=\"async\" src=\"https:\/\/www.fica.unsl.edu.ar\/wp-content\/grand-media\/image\/thumb\/2_Jornada_de_Divulgaci_n_y_Vinculaci_n_Acad_micoCultural_Ingenier_a_Agron_mica_35_.jpg\" data-src=\"https:\/\/www.fica.unsl.edu.ar\/wp-content\/grand-media\/image\/2_Jornada_de_Divulgaci_n_y_Vinculaci_n_Acad_micoCultural_Ingenier_a_Agron_mica_35_.jpg\" alt=\"2\u00b0 Jornada De Divulgaci\u00f3n Y Vinculaci\u00f3n Acad\u00e9micoCultural Ingenier\u00eda Agron\u00f3mica (35)\"\/><\/a>\r\n                                    <div class=\"gmPhantom_ThumbLabel\"><span class=\"gmPhantom_ThumbLabel_title\">2\u00b0 Jornada De Divulgaci\u00f3n Y Vinculaci\u00f3n Acad\u00e9micoCultural Ingenier\u00eda Agron\u00f3mica (35)<\/span><\/div>\r\n                                    <div style=\"display:none;\" class=\"gmPhantom_Details\">\r\n                                            <div class=\"gmPhantom_description\">\r\n                            <div class=\"gmPhantom_title\">2\u00b0 Jornada De Divulgaci\u00f3n Y Vinculaci\u00f3n Acad\u00e9micoCultural Ingenier\u00eda Agron\u00f3mica (35)<\/div>\r\n                            <div class=\"gmPhantom_text\"><\/div>\r\n                        <\/div>\r\n                                                            <div class=\"gmPhantom_terms\">\r\n                                                    <div class=\"gmPhantom_other_terms\">\r\n                                <table class=\"gmPhantom_other_terms_table\">\r\n                                                                            <tr class=\"gmPhantom_term_row_album\">\r\n                                            <td class=\"gmPhantom_term_key\">Album<\/td>\r\n                                            <td class=\"gmPhantom_term_value\"><a href=\"\/index.php\/wp-json\/wp\/v2\/posts\/15313?gm191[album__in]=191\" class=\"gmPhantom_alb\">2-Jornada-Divulgacion-Vinculacion-Acad\u00e9mico-Cultural-2023<\/a><\/td>\r\n                                        <\/tr>\r\n                                                                    <\/table>\r\n                            <\/div>\r\n                                                <\/div>\r\n                <\/div>\r\n                <\/div>            <div class=\"gmPhantom_ThumbContainer gmPhantom_ThumbLoader\" data-id=\"2785\" data-post_id=\"15377\" data-ratio=\"1.5\" data-type=\"image\" data-ext=\"jpg\" data-views=\"6\" data-likes=\"0\" data-cc=\"0\" data-post_link=\"https:\/\/www.fica.unsl.edu.ar\/index.php\/gmedia\/2_jornada_de_divulgaci_n_y_vinculaci_n_acad_micocultural_ingenier_a_agron_mica_34_-jpg\/\">\r\n                <a href=\"https:\/\/www.fica.unsl.edu.ar\/wp-content\/grand-media\/image\/2_Jornada_de_Divulgaci_n_y_Vinculaci_n_Acad_micoCultural_Ingenier_a_Agron_mica_34_.jpg\" class=\"gmPhantom_Thumb\"><img decoding=\"async\" src=\"https:\/\/www.fica.unsl.edu.ar\/wp-content\/grand-media\/image\/thumb\/2_Jornada_de_Divulgaci_n_y_Vinculaci_n_Acad_micoCultural_Ingenier_a_Agron_mica_34_.jpg\" data-src=\"https:\/\/www.fica.unsl.edu.ar\/wp-content\/grand-media\/image\/2_Jornada_de_Divulgaci_n_y_Vinculaci_n_Acad_micoCultural_Ingenier_a_Agron_mica_34_.jpg\" alt=\"2\u00b0 Jornada De Divulgaci\u00f3n Y Vinculaci\u00f3n Acad\u00e9micoCultural Ingenier\u00eda Agron\u00f3mica (34)\"\/><\/a>\r\n                                    <div class=\"gmPhantom_ThumbLabel\"><span class=\"gmPhantom_ThumbLabel_title\">2\u00b0 Jornada De Divulgaci\u00f3n Y Vinculaci\u00f3n Acad\u00e9micoCultural Ingenier\u00eda Agron\u00f3mica (34)<\/span><\/div>\r\n                                    <div style=\"display:none;\" class=\"gmPhantom_Details\">\r\n                                            <div class=\"gmPhantom_description\">\r\n                            <div class=\"gmPhantom_title\">2\u00b0 Jornada De Divulgaci\u00f3n Y Vinculaci\u00f3n Acad\u00e9micoCultural Ingenier\u00eda Agron\u00f3mica (34)<\/div>\r\n                            <div class=\"gmPhantom_text\"><\/div>\r\n                        <\/div>\r\n                                                            <div class=\"gmPhantom_terms\">\r\n                                                    <div class=\"gmPhantom_other_terms\">\r\n                                <table class=\"gmPhantom_other_terms_table\">\r\n                                                                            <tr class=\"gmPhantom_term_row_album\">\r\n                                            <td class=\"gmPhantom_term_key\">Album<\/td>\r\n                                            <td class=\"gmPhantom_term_value\"><a href=\"\/index.php\/wp-json\/wp\/v2\/posts\/15313?gm191[album__in]=191\" class=\"gmPhantom_alb\">2-Jornada-Divulgacion-Vinculacion-Acad\u00e9mico-Cultural-2023<\/a><\/td>\r\n                                        <\/tr>\r\n                                                                    <\/table>\r\n                            <\/div>\r\n                                                <\/div>\r\n                <\/div>\r\n                <\/div>            <div class=\"gmPhantom_ThumbContainer gmPhantom_ThumbLoader\" data-id=\"2784\" data-post_id=\"15376\" data-ratio=\"1.5\" data-type=\"image\" data-ext=\"jpg\" data-views=\"5\" data-likes=\"0\" data-cc=\"0\" data-post_link=\"https:\/\/www.fica.unsl.edu.ar\/index.php\/gmedia\/2_jornada_de_divulgaci_n_y_vinculaci_n_acad_micocultural_ingenier_a_agron_mica_33_-jpg\/\">\r\n                <a href=\"https:\/\/www.fica.unsl.edu.ar\/wp-content\/grand-media\/image\/2_Jornada_de_Divulgaci_n_y_Vinculaci_n_Acad_micoCultural_Ingenier_a_Agron_mica_33_.jpg\" class=\"gmPhantom_Thumb\"><img decoding=\"async\" src=\"https:\/\/www.fica.unsl.edu.ar\/wp-content\/grand-media\/image\/thumb\/2_Jornada_de_Divulgaci_n_y_Vinculaci_n_Acad_micoCultural_Ingenier_a_Agron_mica_33_.jpg\" data-src=\"https:\/\/www.fica.unsl.edu.ar\/wp-content\/grand-media\/image\/2_Jornada_de_Divulgaci_n_y_Vinculaci_n_Acad_micoCultural_Ingenier_a_Agron_mica_33_.jpg\" alt=\"2\u00b0 Jornada De Divulgaci\u00f3n Y Vinculaci\u00f3n Acad\u00e9micoCultural Ingenier\u00eda Agron\u00f3mica (33)\"\/><\/a>\r\n                                    <div class=\"gmPhantom_ThumbLabel\"><span class=\"gmPhantom_ThumbLabel_title\">2\u00b0 Jornada De Divulgaci\u00f3n Y Vinculaci\u00f3n Acad\u00e9micoCultural Ingenier\u00eda Agron\u00f3mica (33)<\/span><\/div>\r\n                                    <div style=\"display:none;\" class=\"gmPhantom_Details\">\r\n                                            <div class=\"gmPhantom_description\">\r\n                            <div class=\"gmPhantom_title\">2\u00b0 Jornada De Divulgaci\u00f3n Y Vinculaci\u00f3n Acad\u00e9micoCultural Ingenier\u00eda Agron\u00f3mica (33)<\/div>\r\n                            <div class=\"gmPhantom_text\"><\/div>\r\n                        <\/div>\r\n                                                            <div class=\"gmPhantom_terms\">\r\n                                                    <div class=\"gmPhantom_other_terms\">\r\n                                <table class=\"gmPhantom_other_terms_table\">\r\n                                                                            <tr class=\"gmPhantom_term_row_album\">\r\n                                            <td class=\"gmPhantom_term_key\">Album<\/td>\r\n                                            <td class=\"gmPhantom_term_value\"><a href=\"\/index.php\/wp-json\/wp\/v2\/posts\/15313?gm191[album__in]=191\" class=\"gmPhantom_alb\">2-Jornada-Divulgacion-Vinculacion-Acad\u00e9mico-Cultural-2023<\/a><\/td>\r\n                                        <\/tr>\r\n                                                                    <\/table>\r\n                            <\/div>\r\n                                                <\/div>\r\n                <\/div>\r\n                <\/div>            <div class=\"gmPhantom_ThumbContainer gmPhantom_ThumbLoader\" data-id=\"2783\" data-post_id=\"15375\" data-ratio=\"1.5\" data-type=\"image\" data-ext=\"jpg\" data-views=\"3\" data-likes=\"0\" data-cc=\"0\" data-post_link=\"https:\/\/www.fica.unsl.edu.ar\/index.php\/gmedia\/2_jornada_de_divulgaci_n_y_vinculaci_n_acad_micocultural_ingenier_a_agron_mica_32_-jpg\/\">\r\n                <a href=\"https:\/\/www.fica.unsl.edu.ar\/wp-content\/grand-media\/image\/2_Jornada_de_Divulgaci_n_y_Vinculaci_n_Acad_micoCultural_Ingenier_a_Agron_mica_32_.jpg\" class=\"gmPhantom_Thumb\"><img decoding=\"async\" src=\"https:\/\/www.fica.unsl.edu.ar\/wp-content\/grand-media\/image\/thumb\/2_Jornada_de_Divulgaci_n_y_Vinculaci_n_Acad_micoCultural_Ingenier_a_Agron_mica_32_.jpg\" data-src=\"https:\/\/www.fica.unsl.edu.ar\/wp-content\/grand-media\/image\/2_Jornada_de_Divulgaci_n_y_Vinculaci_n_Acad_micoCultural_Ingenier_a_Agron_mica_32_.jpg\" alt=\"2\u00b0 Jornada De Divulgaci\u00f3n Y Vinculaci\u00f3n Acad\u00e9micoCultural Ingenier\u00eda Agron\u00f3mica (32)\"\/><\/a>\r\n                                    <div class=\"gmPhantom_ThumbLabel\"><span class=\"gmPhantom_ThumbLabel_title\">2\u00b0 Jornada De Divulgaci\u00f3n Y Vinculaci\u00f3n Acad\u00e9micoCultural Ingenier\u00eda Agron\u00f3mica (32)<\/span><\/div>\r\n                                    <div style=\"display:none;\" class=\"gmPhantom_Details\">\r\n                                            <div class=\"gmPhantom_description\">\r\n                            <div class=\"gmPhantom_title\">2\u00b0 Jornada De Divulgaci\u00f3n Y Vinculaci\u00f3n Acad\u00e9micoCultural Ingenier\u00eda Agron\u00f3mica (32)<\/div>\r\n                            <div class=\"gmPhantom_text\"><\/div>\r\n                        <\/div>\r\n                                                            <div class=\"gmPhantom_terms\">\r\n                                                    <div class=\"gmPhantom_other_terms\">\r\n                                <table class=\"gmPhantom_other_terms_table\">\r\n                                                                            <tr class=\"gmPhantom_term_row_album\">\r\n                                            <td class=\"gmPhantom_term_key\">Album<\/td>\r\n                                            <td class=\"gmPhantom_term_value\"><a href=\"\/index.php\/wp-json\/wp\/v2\/posts\/15313?gm191[album__in]=191\" class=\"gmPhantom_alb\">2-Jornada-Divulgacion-Vinculacion-Acad\u00e9mico-Cultural-2023<\/a><\/td>\r\n                                        <\/tr>\r\n                                                                    <\/table>\r\n                            <\/div>\r\n                                                <\/div>\r\n                <\/div>\r\n                <\/div>            <div class=\"gmPhantom_ThumbContainer gmPhantom_ThumbLoader\" data-id=\"2782\" data-post_id=\"15374\" data-ratio=\"1.5\" data-type=\"image\" data-ext=\"jpg\" data-views=\"3\" data-likes=\"0\" data-cc=\"0\" data-post_link=\"https:\/\/www.fica.unsl.edu.ar\/index.php\/gmedia\/2_jornada_de_divulgaci_n_y_vinculaci_n_acad_micocultural_ingenier_a_agron_mica_31_-jpg\/\">\r\n                <a href=\"https:\/\/www.fica.unsl.edu.ar\/wp-content\/grand-media\/image\/2_Jornada_de_Divulgaci_n_y_Vinculaci_n_Acad_micoCultural_Ingenier_a_Agron_mica_31_.jpg\" class=\"gmPhantom_Thumb\"><img decoding=\"async\" src=\"https:\/\/www.fica.unsl.edu.ar\/wp-content\/grand-media\/image\/thumb\/2_Jornada_de_Divulgaci_n_y_Vinculaci_n_Acad_micoCultural_Ingenier_a_Agron_mica_31_.jpg\" data-src=\"https:\/\/www.fica.unsl.edu.ar\/wp-content\/grand-media\/image\/2_Jornada_de_Divulgaci_n_y_Vinculaci_n_Acad_micoCultural_Ingenier_a_Agron_mica_31_.jpg\" alt=\"2\u00b0 Jornada De Divulgaci\u00f3n Y Vinculaci\u00f3n Acad\u00e9micoCultural Ingenier\u00eda Agron\u00f3mica (31)\"\/><\/a>\r\n                                    <div class=\"gmPhantom_ThumbLabel\"><span class=\"gmPhantom_ThumbLabel_title\">2\u00b0 Jornada De Divulgaci\u00f3n Y Vinculaci\u00f3n Acad\u00e9micoCultural Ingenier\u00eda Agron\u00f3mica (31)<\/span><\/div>\r\n                                    <div style=\"display:none;\" class=\"gmPhantom_Details\">\r\n                                            <div class=\"gmPhantom_description\">\r\n                            <div class=\"gmPhantom_title\">2\u00b0 Jornada De Divulgaci\u00f3n Y Vinculaci\u00f3n Acad\u00e9micoCultural Ingenier\u00eda Agron\u00f3mica (31)<\/div>\r\n                            <div class=\"gmPhantom_text\"><\/div>\r\n                        <\/div>\r\n                                                            <div class=\"gmPhantom_terms\">\r\n                                                    <div class=\"gmPhantom_other_terms\">\r\n                                <table class=\"gmPhantom_other_terms_table\">\r\n                                                                            <tr class=\"gmPhantom_term_row_album\">\r\n                                            <td class=\"gmPhantom_term_key\">Album<\/td>\r\n                                            <td class=\"gmPhantom_term_value\"><a href=\"\/index.php\/wp-json\/wp\/v2\/posts\/15313?gm191[album__in]=191\" class=\"gmPhantom_alb\">2-Jornada-Divulgacion-Vinculacion-Acad\u00e9mico-Cultural-2023<\/a><\/td>\r\n                                        <\/tr>\r\n                                                                    <\/table>\r\n                            <\/div>\r\n                                                <\/div>\r\n                <\/div>\r\n                <\/div>            <div class=\"gmPhantom_ThumbContainer gmPhantom_ThumbLoader\" data-id=\"2781\" data-post_id=\"15373\" data-ratio=\"1.5\" data-type=\"image\" data-ext=\"jpg\" data-views=\"1\" data-likes=\"0\" data-cc=\"0\" data-post_link=\"https:\/\/www.fica.unsl.edu.ar\/index.php\/gmedia\/2_jornada_de_divulgaci_n_y_vinculaci_n_acad_micocultural_ingenier_a_agron_mica_30_-jpg\/\">\r\n                <a href=\"https:\/\/www.fica.unsl.edu.ar\/wp-content\/grand-media\/image\/2_Jornada_de_Divulgaci_n_y_Vinculaci_n_Acad_micoCultural_Ingenier_a_Agron_mica_30_.jpg\" class=\"gmPhantom_Thumb\"><img decoding=\"async\" src=\"https:\/\/www.fica.unsl.edu.ar\/wp-content\/grand-media\/image\/thumb\/2_Jornada_de_Divulgaci_n_y_Vinculaci_n_Acad_micoCultural_Ingenier_a_Agron_mica_30_.jpg\" data-src=\"https:\/\/www.fica.unsl.edu.ar\/wp-content\/grand-media\/image\/2_Jornada_de_Divulgaci_n_y_Vinculaci_n_Acad_micoCultural_Ingenier_a_Agron_mica_30_.jpg\" alt=\"2\u00b0 Jornada De Divulgaci\u00f3n Y Vinculaci\u00f3n Acad\u00e9micoCultural Ingenier\u00eda Agron\u00f3mica (30)\"\/><\/a>\r\n                                    <div class=\"gmPhantom_ThumbLabel\"><span class=\"gmPhantom_ThumbLabel_title\">2\u00b0 Jornada De Divulgaci\u00f3n Y Vinculaci\u00f3n Acad\u00e9micoCultural Ingenier\u00eda Agron\u00f3mica (30)<\/span><\/div>\r\n                                    <div style=\"display:none;\" class=\"gmPhantom_Details\">\r\n                                            <div class=\"gmPhantom_description\">\r\n                            <div class=\"gmPhantom_title\">2\u00b0 Jornada De Divulgaci\u00f3n Y Vinculaci\u00f3n Acad\u00e9micoCultural Ingenier\u00eda Agron\u00f3mica (30)<\/div>\r\n                            <div class=\"gmPhantom_text\"><\/div>\r\n                        <\/div>\r\n                                                            <div class=\"gmPhantom_terms\">\r\n                                                    <div class=\"gmPhantom_other_terms\">\r\n                                <table class=\"gmPhantom_other_terms_table\">\r\n                                                                            <tr class=\"gmPhantom_term_row_album\">\r\n                                            <td class=\"gmPhantom_term_key\">Album<\/td>\r\n                                            <td class=\"gmPhantom_term_value\"><a href=\"\/index.php\/wp-json\/wp\/v2\/posts\/15313?gm191[album__in]=191\" class=\"gmPhantom_alb\">2-Jornada-Divulgacion-Vinculacion-Acad\u00e9mico-Cultural-2023<\/a><\/td>\r\n                                        <\/tr>\r\n                                                                    <\/table>\r\n                            <\/div>\r\n                                                <\/div>\r\n                <\/div>\r\n                <\/div>            <div class=\"gmPhantom_ThumbContainer gmPhantom_ThumbLoader\" data-id=\"2780\" data-post_id=\"15372\" data-ratio=\"1.5\" data-type=\"image\" data-ext=\"jpg\" data-views=\"2\" data-likes=\"0\" data-cc=\"0\" data-post_link=\"https:\/\/www.fica.unsl.edu.ar\/index.php\/gmedia\/2_jornada_de_divulgaci_n_y_vinculaci_n_acad_micocultural_ingenier_a_agron_mica_29_-jpg\/\">\r\n                <a href=\"https:\/\/www.fica.unsl.edu.ar\/wp-content\/grand-media\/image\/2_Jornada_de_Divulgaci_n_y_Vinculaci_n_Acad_micoCultural_Ingenier_a_Agron_mica_29_.jpg\" class=\"gmPhantom_Thumb\"><img decoding=\"async\" src=\"https:\/\/www.fica.unsl.edu.ar\/wp-content\/grand-media\/image\/thumb\/2_Jornada_de_Divulgaci_n_y_Vinculaci_n_Acad_micoCultural_Ingenier_a_Agron_mica_29_.jpg\" data-src=\"https:\/\/www.fica.unsl.edu.ar\/wp-content\/grand-media\/image\/2_Jornada_de_Divulgaci_n_y_Vinculaci_n_Acad_micoCultural_Ingenier_a_Agron_mica_29_.jpg\" alt=\"2\u00b0 Jornada De Divulgaci\u00f3n Y Vinculaci\u00f3n Acad\u00e9micoCultural Ingenier\u00eda Agron\u00f3mica (29)\"\/><\/a>\r\n                                    <div class=\"gmPhantom_ThumbLabel\"><span class=\"gmPhantom_ThumbLabel_title\">2\u00b0 Jornada De Divulgaci\u00f3n Y Vinculaci\u00f3n Acad\u00e9micoCultural Ingenier\u00eda Agron\u00f3mica (29)<\/span><\/div>\r\n                                    <div style=\"display:none;\" class=\"gmPhantom_Details\">\r\n                                            <div class=\"gmPhantom_description\">\r\n                            <div class=\"gmPhantom_title\">2\u00b0 Jornada De Divulgaci\u00f3n Y Vinculaci\u00f3n Acad\u00e9micoCultural Ingenier\u00eda Agron\u00f3mica (29)<\/div>\r\n                            <div class=\"gmPhantom_text\"><\/div>\r\n                        <\/div>\r\n                                                            <div class=\"gmPhantom_terms\">\r\n                                                    <div class=\"gmPhantom_other_terms\">\r\n                                <table class=\"gmPhantom_other_terms_table\">\r\n                                                                            <tr class=\"gmPhantom_term_row_album\">\r\n                                            <td class=\"gmPhantom_term_key\">Album<\/td>\r\n                                            <td class=\"gmPhantom_term_value\"><a href=\"\/index.php\/wp-json\/wp\/v2\/posts\/15313?gm191[album__in]=191\" class=\"gmPhantom_alb\">2-Jornada-Divulgacion-Vinculacion-Acad\u00e9mico-Cultural-2023<\/a><\/td>\r\n                                        <\/tr>\r\n                                                                    <\/table>\r\n                            <\/div>\r\n                                                <\/div>\r\n                <\/div>\r\n                <\/div>            <div class=\"gmPhantom_ThumbContainer gmPhantom_ThumbLoader\" data-id=\"2779\" data-post_id=\"15371\" data-ratio=\"1.5\" data-type=\"image\" data-ext=\"jpg\" data-views=\"2\" data-likes=\"0\" data-cc=\"0\" data-post_link=\"https:\/\/www.fica.unsl.edu.ar\/index.php\/gmedia\/2_jornada_de_divulgaci_n_y_vinculaci_n_acad_micocultural_ingenier_a_agron_mica_28_-jpg\/\">\r\n                <a href=\"https:\/\/www.fica.unsl.edu.ar\/wp-content\/grand-media\/image\/2_Jornada_de_Divulgaci_n_y_Vinculaci_n_Acad_micoCultural_Ingenier_a_Agron_mica_28_.jpg\" class=\"gmPhantom_Thumb\"><img decoding=\"async\" src=\"https:\/\/www.fica.unsl.edu.ar\/wp-content\/grand-media\/image\/thumb\/2_Jornada_de_Divulgaci_n_y_Vinculaci_n_Acad_micoCultural_Ingenier_a_Agron_mica_28_.jpg\" data-src=\"https:\/\/www.fica.unsl.edu.ar\/wp-content\/grand-media\/image\/2_Jornada_de_Divulgaci_n_y_Vinculaci_n_Acad_micoCultural_Ingenier_a_Agron_mica_28_.jpg\" alt=\"2\u00b0 Jornada De Divulgaci\u00f3n Y Vinculaci\u00f3n Acad\u00e9micoCultural Ingenier\u00eda Agron\u00f3mica (28)\"\/><\/a>\r\n                                    <div class=\"gmPhantom_ThumbLabel\"><span class=\"gmPhantom_ThumbLabel_title\">2\u00b0 Jornada De Divulgaci\u00f3n Y Vinculaci\u00f3n Acad\u00e9micoCultural Ingenier\u00eda Agron\u00f3mica (28)<\/span><\/div>\r\n                                    <div style=\"display:none;\" class=\"gmPhantom_Details\">\r\n                                            <div class=\"gmPhantom_description\">\r\n                            <div class=\"gmPhantom_title\">2\u00b0 Jornada De Divulgaci\u00f3n Y Vinculaci\u00f3n Acad\u00e9micoCultural Ingenier\u00eda Agron\u00f3mica (28)<\/div>\r\n                            <div class=\"gmPhantom_text\"><\/div>\r\n                        <\/div>\r\n                                                            <div class=\"gmPhantom_terms\">\r\n                                                    <div class=\"gmPhantom_other_terms\">\r\n                                <table class=\"gmPhantom_other_terms_table\">\r\n                                                                            <tr class=\"gmPhantom_term_row_album\">\r\n                                            <td class=\"gmPhantom_term_key\">Album<\/td>\r\n                                            <td class=\"gmPhantom_term_value\"><a href=\"\/index.php\/wp-json\/wp\/v2\/posts\/15313?gm191[album__in]=191\" class=\"gmPhantom_alb\">2-Jornada-Divulgacion-Vinculacion-Acad\u00e9mico-Cultural-2023<\/a><\/td>\r\n                                        <\/tr>\r\n                                                                    <\/table>\r\n                            <\/div>\r\n                                                <\/div>\r\n                <\/div>\r\n                <\/div>            <div class=\"gmPhantom_ThumbContainer gmPhantom_ThumbLoader\" data-id=\"2778\" data-post_id=\"15370\" data-ratio=\"0.66666666666667\" data-type=\"image\" data-ext=\"jpg\" data-views=\"2\" data-likes=\"0\" data-cc=\"0\" data-post_link=\"https:\/\/www.fica.unsl.edu.ar\/index.php\/gmedia\/2_jornada_de_divulgaci_n_y_vinculaci_n_acad_micocultural_ingenier_a_agron_mica_27_-jpg\/\">\r\n                <a href=\"https:\/\/www.fica.unsl.edu.ar\/wp-content\/grand-media\/image\/2_Jornada_de_Divulgaci_n_y_Vinculaci_n_Acad_micoCultural_Ingenier_a_Agron_mica_27_.jpg\" class=\"gmPhantom_Thumb\"><img decoding=\"async\" src=\"https:\/\/www.fica.unsl.edu.ar\/wp-content\/grand-media\/image\/thumb\/2_Jornada_de_Divulgaci_n_y_Vinculaci_n_Acad_micoCultural_Ingenier_a_Agron_mica_27_.jpg\" data-src=\"https:\/\/www.fica.unsl.edu.ar\/wp-content\/grand-media\/image\/2_Jornada_de_Divulgaci_n_y_Vinculaci_n_Acad_micoCultural_Ingenier_a_Agron_mica_27_.jpg\" alt=\"2\u00b0 Jornada De Divulgaci\u00f3n Y Vinculaci\u00f3n Acad\u00e9micoCultural Ingenier\u00eda Agron\u00f3mica (27)\"\/><\/a>\r\n                                    <div class=\"gmPhantom_ThumbLabel\"><span class=\"gmPhantom_ThumbLabel_title\">2\u00b0 Jornada De Divulgaci\u00f3n Y Vinculaci\u00f3n Acad\u00e9micoCultural Ingenier\u00eda Agron\u00f3mica (27)<\/span><\/div>\r\n                                    <div style=\"display:none;\" class=\"gmPhantom_Details\">\r\n                                            <div class=\"gmPhantom_description\">\r\n                            <div class=\"gmPhantom_title\">2\u00b0 Jornada De Divulgaci\u00f3n Y Vinculaci\u00f3n Acad\u00e9micoCultural Ingenier\u00eda Agron\u00f3mica (27)<\/div>\r\n                            <div class=\"gmPhantom_text\"><\/div>\r\n                        <\/div>\r\n                                                            <div class=\"gmPhantom_terms\">\r\n                                                    <div class=\"gmPhantom_other_terms\">\r\n                                <table class=\"gmPhantom_other_terms_table\">\r\n                                                                            <tr class=\"gmPhantom_term_row_album\">\r\n                                            <td class=\"gmPhantom_term_key\">Album<\/td>\r\n                                            <td class=\"gmPhantom_term_value\"><a href=\"\/index.php\/wp-json\/wp\/v2\/posts\/15313?gm191[album__in]=191\" class=\"gmPhantom_alb\">2-Jornada-Divulgacion-Vinculacion-Acad\u00e9mico-Cultural-2023<\/a><\/td>\r\n                                        <\/tr>\r\n                                                                    <\/table>\r\n                            <\/div>\r\n                                                <\/div>\r\n                <\/div>\r\n                <\/div>            <div class=\"gmPhantom_ThumbContainer gmPhantom_ThumbLoader\" data-id=\"2777\" data-post_id=\"15369\" data-ratio=\"1.5\" data-type=\"image\" data-ext=\"jpg\" data-views=\"4\" data-likes=\"0\" data-cc=\"0\" data-post_link=\"https:\/\/www.fica.unsl.edu.ar\/index.php\/gmedia\/2_jornada_de_divulgaci_n_y_vinculaci_n_acad_micocultural_ingenier_a_agron_mica_26_-jpg\/\">\r\n                <a href=\"https:\/\/www.fica.unsl.edu.ar\/wp-content\/grand-media\/image\/2_Jornada_de_Divulgaci_n_y_Vinculaci_n_Acad_micoCultural_Ingenier_a_Agron_mica_26_.jpg\" class=\"gmPhantom_Thumb\"><img decoding=\"async\" src=\"https:\/\/www.fica.unsl.edu.ar\/wp-content\/grand-media\/image\/thumb\/2_Jornada_de_Divulgaci_n_y_Vinculaci_n_Acad_micoCultural_Ingenier_a_Agron_mica_26_.jpg\" data-src=\"https:\/\/www.fica.unsl.edu.ar\/wp-content\/grand-media\/image\/2_Jornada_de_Divulgaci_n_y_Vinculaci_n_Acad_micoCultural_Ingenier_a_Agron_mica_26_.jpg\" alt=\"2\u00b0 Jornada De Divulgaci\u00f3n Y Vinculaci\u00f3n Acad\u00e9micoCultural Ingenier\u00eda Agron\u00f3mica (26)\"\/><\/a>\r\n                                    <div class=\"gmPhantom_ThumbLabel\"><span class=\"gmPhantom_ThumbLabel_title\">2\u00b0 Jornada De Divulgaci\u00f3n Y Vinculaci\u00f3n Acad\u00e9micoCultural Ingenier\u00eda Agron\u00f3mica (26)<\/span><\/div>\r\n                                    <div style=\"display:none;\" class=\"gmPhantom_Details\">\r\n                                            <div class=\"gmPhantom_description\">\r\n                            <div class=\"gmPhantom_title\">2\u00b0 Jornada De Divulgaci\u00f3n Y Vinculaci\u00f3n Acad\u00e9micoCultural Ingenier\u00eda Agron\u00f3mica (26)<\/div>\r\n                            <div class=\"gmPhantom_text\"><\/div>\r\n                        <\/div>\r\n                                                            <div class=\"gmPhantom_terms\">\r\n                                                    <div class=\"gmPhantom_other_terms\">\r\n                                <table class=\"gmPhantom_other_terms_table\">\r\n                                                                            <tr class=\"gmPhantom_term_row_album\">\r\n                                            <td class=\"gmPhantom_term_key\">Album<\/td>\r\n                                            <td class=\"gmPhantom_term_value\"><a href=\"\/index.php\/wp-json\/wp\/v2\/posts\/15313?gm191[album__in]=191\" class=\"gmPhantom_alb\">2-Jornada-Divulgacion-Vinculacion-Acad\u00e9mico-Cultural-2023<\/a><\/td>\r\n                                        <\/tr>\r\n                                                                    <\/table>\r\n                            <\/div>\r\n                                                <\/div>\r\n                <\/div>\r\n                <\/div>                <div class=\"gmPhantom_LoadMore\">\r\n                    <a class='gmPhantom_pager' href='\/index.php\/wp-json\/wp\/v2\/posts\/15313?gm191[orderby]=ID&gm191[order]=DESC&gm191[album__in]=191&gm191[status][0]=publish&gm191[per_page]=100&gm191[page]=2' title='Load more'><span class='gmPhantom_dots'>&bull;&bull;&bull;<\/span><span class='gmPhantom_page'>2<\/span><\/a>                <\/div>\r\n                    <\/div>\r\n    <\/div>\r\n<\/div>\n","protected":false},"excerpt":{"rendered":"<p>Con la participaci\u00f3n de m\u00e1s de 60 estudiantes de escuelas secundarias agrot\u00e9cnicas, Docentes del Departamento de Ciencias Agropecuarias llevaron a cabo la 2\u00b0 Jornada de&hellip;<\/p>\n","protected":false},"author":9,"featured_media":15314,"comment_status":"closed","ping_status":"closed","sticky":false,"template":"","format":"standard","meta":{"_monsterinsights_skip_tracking":false,"_monsterinsights_sitenote_active":false,"_monsterinsights_sitenote_note":"","_monsterinsights_sitenote_category":0,"_joinchat":[],"footnotes":""},"categories":[19],"tags":[],"class_list":["post-15313","post","type-post","status-publish","format-standard","has-post-thumbnail","hentry","category-noticias"],"yoast_head":"<!-- This site is optimized with the Yoast SEO plugin v27.4 - https:\/\/yoast.com\/product\/yoast-seo-wordpress\/ -->\n<title>Se desarroll\u00f3 con \u00e9xito la 2\u00b0 Jornada de Divulgaci\u00f3n y Vinculaci\u00f3n Acad\u00e9mico\/Cultural: Ingenier\u00eda Agron\u00f3mica (\u2026) - Facultad de Ingenier\u00eda y Ciencias Agropecuarias<\/title>\n<meta name=\"robots\" content=\"index, follow, max-snippet:-1, max-image-preview:large, max-video-preview:-1\" \/>\n<link rel=\"canonical\" href=\"https:\/\/www.fica.unsl.edu.ar\/index.php\/se-desarrollo-2-jornada-de-divulgacion-y-vinculacion-academico-cultural-ingenieria-agronomica\/\" \/>\n<meta property=\"og:locale\" content=\"es_ES\" \/>\n<meta property=\"og:type\" content=\"article\" \/>\n<meta property=\"og:title\" content=\"Se desarroll\u00f3 con \u00e9xito la 2\u00b0 Jornada de Divulgaci\u00f3n y Vinculaci\u00f3n Acad\u00e9mico\/Cultural: Ingenier\u00eda Agron\u00f3mica (\u2026) - Facultad de Ingenier\u00eda y Ciencias Agropecuarias\" \/>\n<meta property=\"og:description\" content=\"Con la participaci\u00f3n de m\u00e1s de 60 estudiantes de escuelas secundarias agrot\u00e9cnicas, Docentes del Departamento de Ciencias Agropecuarias llevaron a cabo la 2\u00b0 Jornada de&hellip;\" \/>\n<meta property=\"og:url\" content=\"https:\/\/www.fica.unsl.edu.ar\/index.php\/se-desarrollo-2-jornada-de-divulgacion-y-vinculacion-academico-cultural-ingenieria-agronomica\/\" \/>\n<meta property=\"og:site_name\" content=\"Facultad de Ingenier\u00eda y Ciencias Agropecuarias\" \/>\n<meta property=\"article:publisher\" content=\"https:\/\/www.facebook.com\/FICA.UNSL\/\" \/>\n<meta property=\"article:published_time\" content=\"2023-11-13T15:29:05+00:00\" \/>\n<meta property=\"article:modified_time\" content=\"2023-11-22T14:23:02+00:00\" \/>\n<meta property=\"og:image\" content=\"https:\/\/www.fica.unsl.edu.ar\/wp-content\/uploads\/2023\/11\/2-jornada-front.jpg\" \/>\n\t<meta property=\"og:image:width\" content=\"1061\" \/>\n\t<meta property=\"og:image:height\" content=\"585\" \/>\n\t<meta property=\"og:image:type\" content=\"image\/jpeg\" \/>\n<meta name=\"author\" content=\"DATI\" \/>\n<meta name=\"twitter:card\" content=\"summary_large_image\" \/>\n<meta name=\"twitter:creator\" content=\"@FICAUNSL\" \/>\n<meta name=\"twitter:site\" content=\"@FICAUNSL\" \/>\n<meta name=\"twitter:label1\" content=\"Escrito por\" \/>\n\t<meta name=\"twitter:data1\" content=\"DATI\" \/>\n\t<meta name=\"twitter:label2\" content=\"Tiempo de lectura\" \/>\n\t<meta name=\"twitter:data2\" content=\"2 minutos\" \/>\n<script type=\"application\/ld+json\" class=\"yoast-schema-graph\">{\"@context\":\"https:\\\/\\\/schema.org\",\"@graph\":[{\"@type\":\"Article\",\"@id\":\"https:\\\/\\\/www.fica.unsl.edu.ar\\\/index.php\\\/se-desarrollo-2-jornada-de-divulgacion-y-vinculacion-academico-cultural-ingenieria-agronomica\\\/#article\",\"isPartOf\":{\"@id\":\"https:\\\/\\\/www.fica.unsl.edu.ar\\\/index.php\\\/se-desarrollo-2-jornada-de-divulgacion-y-vinculacion-academico-cultural-ingenieria-agronomica\\\/\"},\"author\":{\"name\":\"DATI\",\"@id\":\"https:\\\/\\\/www.fica.unsl.edu.ar\\\/#\\\/schema\\\/person\\\/6058f9c66301868d3a691b1f5d6c3544\"},\"headline\":\"Se desarroll\u00f3 con \u00e9xito la 2\u00b0 Jornada de Divulgaci\u00f3n y Vinculaci\u00f3n Acad\u00e9mico\\\/Cultural: Ingenier\u00eda Agron\u00f3mica (\u2026)\",\"datePublished\":\"2023-11-13T15:29:05+00:00\",\"dateModified\":\"2023-11-22T14:23:02+00:00\",\"mainEntityOfPage\":{\"@id\":\"https:\\\/\\\/www.fica.unsl.edu.ar\\\/index.php\\\/se-desarrollo-2-jornada-de-divulgacion-y-vinculacion-academico-cultural-ingenieria-agronomica\\\/\"},\"wordCount\":477,\"publisher\":{\"@id\":\"https:\\\/\\\/www.fica.unsl.edu.ar\\\/#organization\"},\"image\":{\"@id\":\"https:\\\/\\\/www.fica.unsl.edu.ar\\\/index.php\\\/se-desarrollo-2-jornada-de-divulgacion-y-vinculacion-academico-cultural-ingenieria-agronomica\\\/#primaryimage\"},\"thumbnailUrl\":\"https:\\\/\\\/www.fica.unsl.edu.ar\\\/wp-content\\\/uploads\\\/2023\\\/11\\\/2-jornada-front.jpg\",\"articleSection\":[\"Noticias\"],\"inLanguage\":\"es-AR\"},{\"@type\":\"WebPage\",\"@id\":\"https:\\\/\\\/www.fica.unsl.edu.ar\\\/index.php\\\/se-desarrollo-2-jornada-de-divulgacion-y-vinculacion-academico-cultural-ingenieria-agronomica\\\/\",\"url\":\"https:\\\/\\\/www.fica.unsl.edu.ar\\\/index.php\\\/se-desarrollo-2-jornada-de-divulgacion-y-vinculacion-academico-cultural-ingenieria-agronomica\\\/\",\"name\":\"Se desarroll\u00f3 con \u00e9xito la 2\u00b0 Jornada de Divulgaci\u00f3n y Vinculaci\u00f3n Acad\u00e9mico\\\/Cultural: Ingenier\u00eda Agron\u00f3mica (\u2026) - Facultad de Ingenier\u00eda y Ciencias Agropecuarias\",\"isPartOf\":{\"@id\":\"https:\\\/\\\/www.fica.unsl.edu.ar\\\/#website\"},\"primaryImageOfPage\":{\"@id\":\"https:\\\/\\\/www.fica.unsl.edu.ar\\\/index.php\\\/se-desarrollo-2-jornada-de-divulgacion-y-vinculacion-academico-cultural-ingenieria-agronomica\\\/#primaryimage\"},\"image\":{\"@id\":\"https:\\\/\\\/www.fica.unsl.edu.ar\\\/index.php\\\/se-desarrollo-2-jornada-de-divulgacion-y-vinculacion-academico-cultural-ingenieria-agronomica\\\/#primaryimage\"},\"thumbnailUrl\":\"https:\\\/\\\/www.fica.unsl.edu.ar\\\/wp-content\\\/uploads\\\/2023\\\/11\\\/2-jornada-front.jpg\",\"datePublished\":\"2023-11-13T15:29:05+00:00\",\"dateModified\":\"2023-11-22T14:23:02+00:00\",\"inLanguage\":\"es-AR\",\"potentialAction\":[{\"@type\":\"ReadAction\",\"target\":[\"https:\\\/\\\/www.fica.unsl.edu.ar\\\/index.php\\\/se-desarrollo-2-jornada-de-divulgacion-y-vinculacion-academico-cultural-ingenieria-agronomica\\\/\"]}]},{\"@type\":\"ImageObject\",\"inLanguage\":\"es-AR\",\"@id\":\"https:\\\/\\\/www.fica.unsl.edu.ar\\\/index.php\\\/se-desarrollo-2-jornada-de-divulgacion-y-vinculacion-academico-cultural-ingenieria-agronomica\\\/#primaryimage\",\"url\":\"https:\\\/\\\/www.fica.unsl.edu.ar\\\/wp-content\\\/uploads\\\/2023\\\/11\\\/2-jornada-front.jpg\",\"contentUrl\":\"https:\\\/\\\/www.fica.unsl.edu.ar\\\/wp-content\\\/uploads\\\/2023\\\/11\\\/2-jornada-front.jpg\",\"width\":1061,\"height\":585},{\"@type\":\"WebSite\",\"@id\":\"https:\\\/\\\/www.fica.unsl.edu.ar\\\/#website\",\"url\":\"https:\\\/\\\/www.fica.unsl.edu.ar\\\/\",\"name\":\"Facultad de Ingenier\u00eda y Ciencias Agropecuarias\",\"description\":\"\",\"publisher\":{\"@id\":\"https:\\\/\\\/www.fica.unsl.edu.ar\\\/#organization\"},\"potentialAction\":[{\"@type\":\"SearchAction\",\"target\":{\"@type\":\"EntryPoint\",\"urlTemplate\":\"https:\\\/\\\/www.fica.unsl.edu.ar\\\/?s={search_term_string}\"},\"query-input\":{\"@type\":\"PropertyValueSpecification\",\"valueRequired\":true,\"valueName\":\"search_term_string\"}}],\"inLanguage\":\"es-AR\"},{\"@type\":\"Organization\",\"@id\":\"https:\\\/\\\/www.fica.unsl.edu.ar\\\/#organization\",\"name\":\"Facultad de Ingenier\u00eda y Ciencias Agropecuarias\",\"url\":\"https:\\\/\\\/www.fica.unsl.edu.ar\\\/\",\"logo\":{\"@type\":\"ImageObject\",\"inLanguage\":\"es-AR\",\"@id\":\"https:\\\/\\\/www.fica.unsl.edu.ar\\\/#\\\/schema\\\/logo\\\/image\\\/\",\"url\":\"https:\\\/\\\/www.fica.unsl.edu.ar\\\/wp-content\\\/uploads\\\/2021\\\/03\\\/LOGO-1.jpg\",\"contentUrl\":\"https:\\\/\\\/www.fica.unsl.edu.ar\\\/wp-content\\\/uploads\\\/2021\\\/03\\\/LOGO-1.jpg\",\"width\":463,\"height\":145,\"caption\":\"Facultad de Ingenier\u00eda y Ciencias Agropecuarias\"},\"image\":{\"@id\":\"https:\\\/\\\/www.fica.unsl.edu.ar\\\/#\\\/schema\\\/logo\\\/image\\\/\"},\"sameAs\":[\"https:\\\/\\\/www.facebook.com\\\/FICA.UNSL\\\/\",\"https:\\\/\\\/x.com\\\/FICAUNSL\",\"https:\\\/\\\/www.instagram.com\\\/fica.unsl\\\/\",\"https:\\\/\\\/www.youtube.com\\\/channel\\\/UCs2MM53gb2PyBrMySdtWZDQ\"]},{\"@type\":\"Person\",\"@id\":\"https:\\\/\\\/www.fica.unsl.edu.ar\\\/#\\\/schema\\\/person\\\/6058f9c66301868d3a691b1f5d6c3544\",\"name\":\"DATI\"}]}<\/script>\n<!-- \/ Yoast SEO plugin. -->","yoast_head_json":{"title":"Se desarroll\u00f3 con \u00e9xito la 2\u00b0 Jornada de Divulgaci\u00f3n y Vinculaci\u00f3n Acad\u00e9mico\/Cultural: Ingenier\u00eda Agron\u00f3mica (\u2026) - Facultad de Ingenier\u00eda y Ciencias Agropecuarias","robots":{"index":"index","follow":"follow","max-snippet":"max-snippet:-1","max-image-preview":"max-image-preview:large","max-video-preview":"max-video-preview:-1"},"canonical":"https:\/\/www.fica.unsl.edu.ar\/index.php\/se-desarrollo-2-jornada-de-divulgacion-y-vinculacion-academico-cultural-ingenieria-agronomica\/","og_locale":"es_ES","og_type":"article","og_title":"Se desarroll\u00f3 con \u00e9xito la 2\u00b0 Jornada de Divulgaci\u00f3n y Vinculaci\u00f3n Acad\u00e9mico\/Cultural: Ingenier\u00eda Agron\u00f3mica (\u2026) - Facultad de Ingenier\u00eda y Ciencias Agropecuarias","og_description":"Con la participaci\u00f3n de m\u00e1s de 60 estudiantes de escuelas secundarias agrot\u00e9cnicas, Docentes del Departamento de Ciencias Agropecuarias llevaron a cabo la 2\u00b0 Jornada de&hellip;","og_url":"https:\/\/www.fica.unsl.edu.ar\/index.php\/se-desarrollo-2-jornada-de-divulgacion-y-vinculacion-academico-cultural-ingenieria-agronomica\/","og_site_name":"Facultad de Ingenier\u00eda y Ciencias Agropecuarias","article_publisher":"https:\/\/www.facebook.com\/FICA.UNSL\/","article_published_time":"2023-11-13T15:29:05+00:00","article_modified_time":"2023-11-22T14:23:02+00:00","og_image":[{"width":1061,"height":585,"url":"https:\/\/www.fica.unsl.edu.ar\/wp-content\/uploads\/2023\/11\/2-jornada-front.jpg","type":"image\/jpeg"}],"author":"DATI","twitter_card":"summary_large_image","twitter_creator":"@FICAUNSL","twitter_site":"@FICAUNSL","twitter_misc":{"Escrito por":"DATI","Tiempo de lectura":"2 minutos"},"schema":{"@context":"https:\/\/schema.org","@graph":[{"@type":"Article","@id":"https:\/\/www.fica.unsl.edu.ar\/index.php\/se-desarrollo-2-jornada-de-divulgacion-y-vinculacion-academico-cultural-ingenieria-agronomica\/#article","isPartOf":{"@id":"https:\/\/www.fica.unsl.edu.ar\/index.php\/se-desarrollo-2-jornada-de-divulgacion-y-vinculacion-academico-cultural-ingenieria-agronomica\/"},"author":{"name":"DATI","@id":"https:\/\/www.fica.unsl.edu.ar\/#\/schema\/person\/6058f9c66301868d3a691b1f5d6c3544"},"headline":"Se desarroll\u00f3 con \u00e9xito la 2\u00b0 Jornada de Divulgaci\u00f3n y Vinculaci\u00f3n Acad\u00e9mico\/Cultural: Ingenier\u00eda Agron\u00f3mica (\u2026)","datePublished":"2023-11-13T15:29:05+00:00","dateModified":"2023-11-22T14:23:02+00:00","mainEntityOfPage":{"@id":"https:\/\/www.fica.unsl.edu.ar\/index.php\/se-desarrollo-2-jornada-de-divulgacion-y-vinculacion-academico-cultural-ingenieria-agronomica\/"},"wordCount":477,"publisher":{"@id":"https:\/\/www.fica.unsl.edu.ar\/#organization"},"image":{"@id":"https:\/\/www.fica.unsl.edu.ar\/index.php\/se-desarrollo-2-jornada-de-divulgacion-y-vinculacion-academico-cultural-ingenieria-agronomica\/#primaryimage"},"thumbnailUrl":"https:\/\/www.fica.unsl.edu.ar\/wp-content\/uploads\/2023\/11\/2-jornada-front.jpg","articleSection":["Noticias"],"inLanguage":"es-AR"},{"@type":"WebPage","@id":"https:\/\/www.fica.unsl.edu.ar\/index.php\/se-desarrollo-2-jornada-de-divulgacion-y-vinculacion-academico-cultural-ingenieria-agronomica\/","url":"https:\/\/www.fica.unsl.edu.ar\/index.php\/se-desarrollo-2-jornada-de-divulgacion-y-vinculacion-academico-cultural-ingenieria-agronomica\/","name":"Se desarroll\u00f3 con \u00e9xito la 2\u00b0 Jornada de Divulgaci\u00f3n y Vinculaci\u00f3n Acad\u00e9mico\/Cultural: Ingenier\u00eda Agron\u00f3mica (\u2026) - Facultad de Ingenier\u00eda y Ciencias Agropecuarias","isPartOf":{"@id":"https:\/\/www.fica.unsl.edu.ar\/#website"},"primaryImageOfPage":{"@id":"https:\/\/www.fica.unsl.edu.ar\/index.php\/se-desarrollo-2-jornada-de-divulgacion-y-vinculacion-academico-cultural-ingenieria-agronomica\/#primaryimage"},"image":{"@id":"https:\/\/www.fica.unsl.edu.ar\/index.php\/se-desarrollo-2-jornada-de-divulgacion-y-vinculacion-academico-cultural-ingenieria-agronomica\/#primaryimage"},"thumbnailUrl":"https:\/\/www.fica.unsl.edu.ar\/wp-content\/uploads\/2023\/11\/2-jornada-front.jpg","datePublished":"2023-11-13T15:29:05+00:00","dateModified":"2023-11-22T14:23:02+00:00","inLanguage":"es-AR","potentialAction":[{"@type":"ReadAction","target":["https:\/\/www.fica.unsl.edu.ar\/index.php\/se-desarrollo-2-jornada-de-divulgacion-y-vinculacion-academico-cultural-ingenieria-agronomica\/"]}]},{"@type":"ImageObject","inLanguage":"es-AR","@id":"https:\/\/www.fica.unsl.edu.ar\/index.php\/se-desarrollo-2-jornada-de-divulgacion-y-vinculacion-academico-cultural-ingenieria-agronomica\/#primaryimage","url":"https:\/\/www.fica.unsl.edu.ar\/wp-content\/uploads\/2023\/11\/2-jornada-front.jpg","contentUrl":"https:\/\/www.fica.unsl.edu.ar\/wp-content\/uploads\/2023\/11\/2-jornada-front.jpg","width":1061,"height":585},{"@type":"WebSite","@id":"https:\/\/www.fica.unsl.edu.ar\/#website","url":"https:\/\/www.fica.unsl.edu.ar\/","name":"Facultad de Ingenier\u00eda y Ciencias Agropecuarias","description":"","publisher":{"@id":"https:\/\/www.fica.unsl.edu.ar\/#organization"},"potentialAction":[{"@type":"SearchAction","target":{"@type":"EntryPoint","urlTemplate":"https:\/\/www.fica.unsl.edu.ar\/?s={search_term_string}"},"query-input":{"@type":"PropertyValueSpecification","valueRequired":true,"valueName":"search_term_string"}}],"inLanguage":"es-AR"},{"@type":"Organization","@id":"https:\/\/www.fica.unsl.edu.ar\/#organization","name":"Facultad de Ingenier\u00eda y Ciencias Agropecuarias","url":"https:\/\/www.fica.unsl.edu.ar\/","logo":{"@type":"ImageObject","inLanguage":"es-AR","@id":"https:\/\/www.fica.unsl.edu.ar\/#\/schema\/logo\/image\/","url":"https:\/\/www.fica.unsl.edu.ar\/wp-content\/uploads\/2021\/03\/LOGO-1.jpg","contentUrl":"https:\/\/www.fica.unsl.edu.ar\/wp-content\/uploads\/2021\/03\/LOGO-1.jpg","width":463,"height":145,"caption":"Facultad de Ingenier\u00eda y Ciencias Agropecuarias"},"image":{"@id":"https:\/\/www.fica.unsl.edu.ar\/#\/schema\/logo\/image\/"},"sameAs":["https:\/\/www.facebook.com\/FICA.UNSL\/","https:\/\/x.com\/FICAUNSL","https:\/\/www.instagram.com\/fica.unsl\/","https:\/\/www.youtube.com\/channel\/UCs2MM53gb2PyBrMySdtWZDQ"]},{"@type":"Person","@id":"https:\/\/www.fica.unsl.edu.ar\/#\/schema\/person\/6058f9c66301868d3a691b1f5d6c3544","name":"DATI"}]}},"_links":{"self":[{"href":"https:\/\/www.fica.unsl.edu.ar\/index.php\/wp-json\/wp\/v2\/posts\/15313","targetHints":{"allow":["GET"]}}],"collection":[{"href":"https:\/\/www.fica.unsl.edu.ar\/index.php\/wp-json\/wp\/v2\/posts"}],"about":[{"href":"https:\/\/www.fica.unsl.edu.ar\/index.php\/wp-json\/wp\/v2\/types\/post"}],"author":[{"embeddable":true,"href":"https:\/\/www.fica.unsl.edu.ar\/index.php\/wp-json\/wp\/v2\/users\/9"}],"replies":[{"embeddable":true,"href":"https:\/\/www.fica.unsl.edu.ar\/index.php\/wp-json\/wp\/v2\/comments?post=15313"}],"version-history":[{"count":5,"href":"https:\/\/www.fica.unsl.edu.ar\/index.php\/wp-json\/wp\/v2\/posts\/15313\/revisions"}],"predecessor-version":[{"id":15343,"href":"https:\/\/www.fica.unsl.edu.ar\/index.php\/wp-json\/wp\/v2\/posts\/15313\/revisions\/15343"}],"wp:featuredmedia":[{"embeddable":true,"href":"https:\/\/www.fica.unsl.edu.ar\/index.php\/wp-json\/wp\/v2\/media\/15314"}],"wp:attachment":[{"href":"https:\/\/www.fica.unsl.edu.ar\/index.php\/wp-json\/wp\/v2\/media?parent=15313"}],"wp:term":[{"taxonomy":"category","embeddable":true,"href":"https:\/\/www.fica.unsl.edu.ar\/index.php\/wp-json\/wp\/v2\/categories?post=15313"},{"taxonomy":"post_tag","embeddable":true,"href":"https:\/\/www.fica.unsl.edu.ar\/index.php\/wp-json\/wp\/v2\/tags?post=15313"}],"curies":[{"name":"wp","href":"https:\/\/api.w.org\/{rel}","templated":true}]}}