{"id":15486,"date":"2023-11-17T09:07:19","date_gmt":"2023-11-17T12:07:19","guid":{"rendered":"http:\/\/10.101.10.196\/www\/?p=15486"},"modified":"2023-11-21T10:03:40","modified_gmt":"2023-11-21T13:03:40","slug":"la-unsl-unida-en-defensa-de-la-educacion-publica","status":"publish","type":"post","link":"https:\/\/www.fica.unsl.edu.ar\/index.php\/la-unsl-unida-en-defensa-de-la-educacion-publica\/","title":{"rendered":"La UNSL unida en defensa de la educaci\u00f3n p\u00fablica"},"content":{"rendered":"<p>En la ma\u00f1ana del jueves 16 de noviembre, en sesi\u00f3n especial del Consejo Superior de la UNSL, se aprob\u00f3 por unanimidad la adhesi\u00f3n al comunicado del Consejo Interuniversitario Nacional (CIN), donde se ratifica la defensa de la educaci\u00f3n p\u00fablica, de las universidades p\u00fablicas y del sistema cient\u00edfico tecnol\u00f3gico nacional.<\/p>\n<p>La Universidad Nacional de San Luis, en sesi\u00f3n extraordinaria y de forma conjunta con otros \u00f3rganos de gobierno de las universidades p\u00fablicas argentinas, se uni\u00f3 a este documento aprobado en el Comit\u00e9 Ejecutivo del CIN. La actividad fue transmitida por Zoom en el Ministerio de Educaci\u00f3n de la Naci\u00f3n.<\/p>\n<p>De manera un\u00e1nime, el \u00f3rgano de gobierno universitario decidi\u00f3 hacer propio el escrito. Asimismo, manifest\u00f3 el repudio total a las pintadas agresivas y descalificadoras con las que amaneci\u00f3 la Facultad de Ciencias Pol\u00edticas de la Universidad Nacional de Cuyo. Al respecto, el Vicerrector, Mgtr. H\u00e9ctor Flores manifest\u00f3 que &#8220;el repudio a lo sucedido en la UNCuyo es el repudio a la intolerancia manifestada permanentemente desde la Libertad Avanza. La universidad es por definici\u00f3n pluralidad, diversidad, pensamiento cr\u00edtico y nunca el agravio por el pensar distinto&#8221;.<\/p>\n<p><img fetchpriority=\"high\" decoding=\"async\" class=\"aligncenter size-large wp-image-14458\" src=\"http:\/\/www.fcejs.unsl.edu.ar\/wp-content\/uploads\/2023\/11\/unsl-publica-consejo-superior-02-1024x683.jpg\" alt=\"\" width=\"843\" height=\"562\" \/><\/p>\n<p>De esa manera concluy\u00f3 la sesi\u00f3n del d\u00eda de la fecha, dando lugar a los diversos testimonios en defensa de la educaci\u00f3n p\u00fablica. Se expresaron consejeros superiores, representantes de agrupaciones estudiantiles y de los distintos claustros. Tambi\u00e9n hicieron lo propio actores de gremios docentes y nodocente, \u00e1reas de derechos humanos, programas institucionales y autoridades.<\/p>\n<p>En los distintos discursos se record\u00f3 la lucha incansable por la educaci\u00f3n p\u00fablica y por el sistema democr\u00e1tico alcanzado. Se repudi\u00f3 el atropello a esos derechos, destacando el peligro de perder lo ya conquistado. Asimismo, se invit\u00f3 a la reflexi\u00f3n sobre la importancia de la formaci\u00f3n pol\u00edtica de los y las estudiantes, y sobre la curricularizaci\u00f3n de los derechos humanos.<\/p>\n<p>Adem\u00e1s, agradecieron el espacio como lugar de escucha y expresi\u00f3n, remarcando una comunidad universitaria plural y unida, sin distinci\u00f3n de colores o pensamientos pol\u00edticos, y en defensa de la educaci\u00f3n como pilar b\u00e1sico, resultado de una construcci\u00f3n hist\u00f3rica y colectiva.<\/p>\n<p><img decoding=\"async\" class=\"aligncenter size-large wp-image-14457\" src=\"http:\/\/www.fcejs.unsl.edu.ar\/wp-content\/uploads\/2023\/11\/unsl-publica-consejo-superior-1024x683.jpg\" alt=\"\" width=\"843\" height=\"562\" \/><\/p>\n<p>\u00abEstamos convencidos que este veh\u00edculo que se llama democracia, todav\u00eda se puede arreglar. (\u2026) No puede ser neutral la posici\u00f3n de la Universidad Nacional de San Luis cuando se ataca a los derechos humanos. (\u2026) Llamo a la reflexi\u00f3n como Universidad, que la democracia es cosa de todos los d\u00edas. (\u2026) Podemos darnos el lujo de perder una elecci\u00f3n en democracia, lo que s\u00ed no tenemos que hacer, es perder la democracia en una elecci\u00f3n el domingo\u00bb, resalt\u00f3 el rector de la Universidad, C.P.N. V\u00edctor Mori\u00f1igo.<\/p>\n<p>Dato<\/p>\n<p>Para acceder a la sesi\u00f3n especial y a la totalidad de los testimonios, <strong><span style=\"color: #3366ff;\"><a style=\"color: #3366ff;\" href=\"https:\/\/www.youtube.com\/watch?v=lheG8uz4ZYo\" target=\"_blank\" rel=\"noopener\">haga clic aqu\u00ed.<\/a><\/span><\/strong><\/p>\n<p>&nbsp;<\/p>\n<p><strong>Fuente: Prensa Rectorado<\/strong><\/p>\n","protected":false},"excerpt":{"rendered":"<p>En la ma\u00f1ana del jueves 16 de noviembre, en sesi\u00f3n especial del Consejo Superior de la UNSL, se aprob\u00f3 por unanimidad la adhesi\u00f3n al comunicado&hellip;<\/p>\n","protected":false},"author":9,"featured_media":15487,"comment_status":"closed","ping_status":"closed","sticky":false,"template":"","format":"standard","meta":{"_monsterinsights_skip_tracking":false,"_monsterinsights_sitenote_active":false,"_monsterinsights_sitenote_note":"","_monsterinsights_sitenote_category":0,"_joinchat":[],"footnotes":""},"categories":[19],"tags":[],"class_list":["post-15486","post","type-post","status-publish","format-standard","has-post-thumbnail","hentry","category-noticias"],"yoast_head":"<!-- This site is optimized with the Yoast SEO plugin v27.4 - https:\/\/yoast.com\/product\/yoast-seo-wordpress\/ -->\n<title>La UNSL unida en defensa de la educaci\u00f3n p\u00fablica - Facultad de Ingenier\u00eda y Ciencias Agropecuarias<\/title>\n<meta name=\"robots\" content=\"index, follow, max-snippet:-1, max-image-preview:large, max-video-preview:-1\" \/>\n<link rel=\"canonical\" href=\"https:\/\/www.fica.unsl.edu.ar\/index.php\/la-unsl-unida-en-defensa-de-la-educacion-publica\/\" \/>\n<meta property=\"og:locale\" content=\"es_ES\" \/>\n<meta property=\"og:type\" content=\"article\" \/>\n<meta property=\"og:title\" content=\"La UNSL unida en defensa de la educaci\u00f3n p\u00fablica - Facultad de Ingenier\u00eda y Ciencias Agropecuarias\" \/>\n<meta property=\"og:description\" content=\"En la ma\u00f1ana del jueves 16 de noviembre, en sesi\u00f3n especial del Consejo Superior de la UNSL, se aprob\u00f3 por unanimidad la adhesi\u00f3n al comunicado&hellip;\" \/>\n<meta property=\"og:url\" content=\"https:\/\/www.fica.unsl.edu.ar\/index.php\/la-unsl-unida-en-defensa-de-la-educacion-publica\/\" \/>\n<meta property=\"og:site_name\" content=\"Facultad de Ingenier\u00eda y Ciencias Agropecuarias\" \/>\n<meta property=\"article:publisher\" content=\"https:\/\/www.facebook.com\/FICA.UNSL\/\" \/>\n<meta property=\"article:published_time\" content=\"2023-11-17T12:07:19+00:00\" \/>\n<meta property=\"article:modified_time\" content=\"2023-11-21T13:03:40+00:00\" \/>\n<meta property=\"og:image\" content=\"https:\/\/www.fica.unsl.edu.ar\/wp-content\/uploads\/2023\/11\/unsl-publica-consejo-superior-front.jpg\" \/>\n\t<meta property=\"og:image:width\" content=\"1061\" \/>\n\t<meta property=\"og:image:height\" content=\"585\" \/>\n\t<meta property=\"og:image:type\" content=\"image\/jpeg\" \/>\n<meta name=\"author\" content=\"DATI\" \/>\n<meta name=\"twitter:card\" content=\"summary_large_image\" \/>\n<meta name=\"twitter:creator\" content=\"@FICAUNSL\" \/>\n<meta name=\"twitter:site\" content=\"@FICAUNSL\" \/>\n<meta name=\"twitter:label1\" content=\"Escrito por\" \/>\n\t<meta name=\"twitter:data1\" content=\"DATI\" \/>\n\t<meta name=\"twitter:label2\" content=\"Tiempo de lectura\" \/>\n\t<meta name=\"twitter:data2\" content=\"3 minutos\" \/>\n<script type=\"application\/ld+json\" class=\"yoast-schema-graph\">{\"@context\":\"https:\\\/\\\/schema.org\",\"@graph\":[{\"@type\":\"Article\",\"@id\":\"https:\\\/\\\/www.fica.unsl.edu.ar\\\/index.php\\\/la-unsl-unida-en-defensa-de-la-educacion-publica\\\/#article\",\"isPartOf\":{\"@id\":\"https:\\\/\\\/www.fica.unsl.edu.ar\\\/index.php\\\/la-unsl-unida-en-defensa-de-la-educacion-publica\\\/\"},\"author\":{\"name\":\"DATI\",\"@id\":\"https:\\\/\\\/www.fica.unsl.edu.ar\\\/#\\\/schema\\\/person\\\/6058f9c66301868d3a691b1f5d6c3544\"},\"headline\":\"La UNSL unida en defensa de la educaci\u00f3n p\u00fablica\",\"datePublished\":\"2023-11-17T12:07:19+00:00\",\"dateModified\":\"2023-11-21T13:03:40+00:00\",\"mainEntityOfPage\":{\"@id\":\"https:\\\/\\\/www.fica.unsl.edu.ar\\\/index.php\\\/la-unsl-unida-en-defensa-de-la-educacion-publica\\\/\"},\"wordCount\":500,\"publisher\":{\"@id\":\"https:\\\/\\\/www.fica.unsl.edu.ar\\\/#organization\"},\"image\":{\"@id\":\"https:\\\/\\\/www.fica.unsl.edu.ar\\\/index.php\\\/la-unsl-unida-en-defensa-de-la-educacion-publica\\\/#primaryimage\"},\"thumbnailUrl\":\"https:\\\/\\\/www.fica.unsl.edu.ar\\\/wp-content\\\/uploads\\\/2023\\\/11\\\/unsl-publica-consejo-superior-front.jpg\",\"articleSection\":[\"Noticias\"],\"inLanguage\":\"es-AR\"},{\"@type\":\"WebPage\",\"@id\":\"https:\\\/\\\/www.fica.unsl.edu.ar\\\/index.php\\\/la-unsl-unida-en-defensa-de-la-educacion-publica\\\/\",\"url\":\"https:\\\/\\\/www.fica.unsl.edu.ar\\\/index.php\\\/la-unsl-unida-en-defensa-de-la-educacion-publica\\\/\",\"name\":\"La UNSL unida en defensa de la educaci\u00f3n p\u00fablica - Facultad de Ingenier\u00eda y Ciencias Agropecuarias\",\"isPartOf\":{\"@id\":\"https:\\\/\\\/www.fica.unsl.edu.ar\\\/#website\"},\"primaryImageOfPage\":{\"@id\":\"https:\\\/\\\/www.fica.unsl.edu.ar\\\/index.php\\\/la-unsl-unida-en-defensa-de-la-educacion-publica\\\/#primaryimage\"},\"image\":{\"@id\":\"https:\\\/\\\/www.fica.unsl.edu.ar\\\/index.php\\\/la-unsl-unida-en-defensa-de-la-educacion-publica\\\/#primaryimage\"},\"thumbnailUrl\":\"https:\\\/\\\/www.fica.unsl.edu.ar\\\/wp-content\\\/uploads\\\/2023\\\/11\\\/unsl-publica-consejo-superior-front.jpg\",\"datePublished\":\"2023-11-17T12:07:19+00:00\",\"dateModified\":\"2023-11-21T13:03:40+00:00\",\"inLanguage\":\"es-AR\",\"potentialAction\":[{\"@type\":\"ReadAction\",\"target\":[\"https:\\\/\\\/www.fica.unsl.edu.ar\\\/index.php\\\/la-unsl-unida-en-defensa-de-la-educacion-publica\\\/\"]}]},{\"@type\":\"ImageObject\",\"inLanguage\":\"es-AR\",\"@id\":\"https:\\\/\\\/www.fica.unsl.edu.ar\\\/index.php\\\/la-unsl-unida-en-defensa-de-la-educacion-publica\\\/#primaryimage\",\"url\":\"https:\\\/\\\/www.fica.unsl.edu.ar\\\/wp-content\\\/uploads\\\/2023\\\/11\\\/unsl-publica-consejo-superior-front.jpg\",\"contentUrl\":\"https:\\\/\\\/www.fica.unsl.edu.ar\\\/wp-content\\\/uploads\\\/2023\\\/11\\\/unsl-publica-consejo-superior-front.jpg\",\"width\":1061,\"height\":585},{\"@type\":\"WebSite\",\"@id\":\"https:\\\/\\\/www.fica.unsl.edu.ar\\\/#website\",\"url\":\"https:\\\/\\\/www.fica.unsl.edu.ar\\\/\",\"name\":\"Facultad de Ingenier\u00eda y Ciencias Agropecuarias\",\"description\":\"\",\"publisher\":{\"@id\":\"https:\\\/\\\/www.fica.unsl.edu.ar\\\/#organization\"},\"potentialAction\":[{\"@type\":\"SearchAction\",\"target\":{\"@type\":\"EntryPoint\",\"urlTemplate\":\"https:\\\/\\\/www.fica.unsl.edu.ar\\\/?s={search_term_string}\"},\"query-input\":{\"@type\":\"PropertyValueSpecification\",\"valueRequired\":true,\"valueName\":\"search_term_string\"}}],\"inLanguage\":\"es-AR\"},{\"@type\":\"Organization\",\"@id\":\"https:\\\/\\\/www.fica.unsl.edu.ar\\\/#organization\",\"name\":\"Facultad de Ingenier\u00eda y Ciencias Agropecuarias\",\"url\":\"https:\\\/\\\/www.fica.unsl.edu.ar\\\/\",\"logo\":{\"@type\":\"ImageObject\",\"inLanguage\":\"es-AR\",\"@id\":\"https:\\\/\\\/www.fica.unsl.edu.ar\\\/#\\\/schema\\\/logo\\\/image\\\/\",\"url\":\"https:\\\/\\\/www.fica.unsl.edu.ar\\\/wp-content\\\/uploads\\\/2021\\\/03\\\/LOGO-1.jpg\",\"contentUrl\":\"https:\\\/\\\/www.fica.unsl.edu.ar\\\/wp-content\\\/uploads\\\/2021\\\/03\\\/LOGO-1.jpg\",\"width\":463,\"height\":145,\"caption\":\"Facultad de Ingenier\u00eda y Ciencias Agropecuarias\"},\"image\":{\"@id\":\"https:\\\/\\\/www.fica.unsl.edu.ar\\\/#\\\/schema\\\/logo\\\/image\\\/\"},\"sameAs\":[\"https:\\\/\\\/www.facebook.com\\\/FICA.UNSL\\\/\",\"https:\\\/\\\/x.com\\\/FICAUNSL\",\"https:\\\/\\\/www.instagram.com\\\/fica.unsl\\\/\",\"https:\\\/\\\/www.youtube.com\\\/channel\\\/UCs2MM53gb2PyBrMySdtWZDQ\"]},{\"@type\":\"Person\",\"@id\":\"https:\\\/\\\/www.fica.unsl.edu.ar\\\/#\\\/schema\\\/person\\\/6058f9c66301868d3a691b1f5d6c3544\",\"name\":\"DATI\"}]}<\/script>\n<!-- \/ Yoast SEO plugin. -->","yoast_head_json":{"title":"La UNSL unida en defensa de la educaci\u00f3n p\u00fablica - Facultad de Ingenier\u00eda y Ciencias Agropecuarias","robots":{"index":"index","follow":"follow","max-snippet":"max-snippet:-1","max-image-preview":"max-image-preview:large","max-video-preview":"max-video-preview:-1"},"canonical":"https:\/\/www.fica.unsl.edu.ar\/index.php\/la-unsl-unida-en-defensa-de-la-educacion-publica\/","og_locale":"es_ES","og_type":"article","og_title":"La UNSL unida en defensa de la educaci\u00f3n p\u00fablica - Facultad de Ingenier\u00eda y Ciencias Agropecuarias","og_description":"En la ma\u00f1ana del jueves 16 de noviembre, en sesi\u00f3n especial del Consejo Superior de la UNSL, se aprob\u00f3 por unanimidad la adhesi\u00f3n al comunicado&hellip;","og_url":"https:\/\/www.fica.unsl.edu.ar\/index.php\/la-unsl-unida-en-defensa-de-la-educacion-publica\/","og_site_name":"Facultad de Ingenier\u00eda y Ciencias Agropecuarias","article_publisher":"https:\/\/www.facebook.com\/FICA.UNSL\/","article_published_time":"2023-11-17T12:07:19+00:00","article_modified_time":"2023-11-21T13:03:40+00:00","og_image":[{"width":1061,"height":585,"url":"https:\/\/www.fica.unsl.edu.ar\/wp-content\/uploads\/2023\/11\/unsl-publica-consejo-superior-front.jpg","type":"image\/jpeg"}],"author":"DATI","twitter_card":"summary_large_image","twitter_creator":"@FICAUNSL","twitter_site":"@FICAUNSL","twitter_misc":{"Escrito por":"DATI","Tiempo de lectura":"3 minutos"},"schema":{"@context":"https:\/\/schema.org","@graph":[{"@type":"Article","@id":"https:\/\/www.fica.unsl.edu.ar\/index.php\/la-unsl-unida-en-defensa-de-la-educacion-publica\/#article","isPartOf":{"@id":"https:\/\/www.fica.unsl.edu.ar\/index.php\/la-unsl-unida-en-defensa-de-la-educacion-publica\/"},"author":{"name":"DATI","@id":"https:\/\/www.fica.unsl.edu.ar\/#\/schema\/person\/6058f9c66301868d3a691b1f5d6c3544"},"headline":"La UNSL unida en defensa de la educaci\u00f3n p\u00fablica","datePublished":"2023-11-17T12:07:19+00:00","dateModified":"2023-11-21T13:03:40+00:00","mainEntityOfPage":{"@id":"https:\/\/www.fica.unsl.edu.ar\/index.php\/la-unsl-unida-en-defensa-de-la-educacion-publica\/"},"wordCount":500,"publisher":{"@id":"https:\/\/www.fica.unsl.edu.ar\/#organization"},"image":{"@id":"https:\/\/www.fica.unsl.edu.ar\/index.php\/la-unsl-unida-en-defensa-de-la-educacion-publica\/#primaryimage"},"thumbnailUrl":"https:\/\/www.fica.unsl.edu.ar\/wp-content\/uploads\/2023\/11\/unsl-publica-consejo-superior-front.jpg","articleSection":["Noticias"],"inLanguage":"es-AR"},{"@type":"WebPage","@id":"https:\/\/www.fica.unsl.edu.ar\/index.php\/la-unsl-unida-en-defensa-de-la-educacion-publica\/","url":"https:\/\/www.fica.unsl.edu.ar\/index.php\/la-unsl-unida-en-defensa-de-la-educacion-publica\/","name":"La UNSL unida en defensa de la educaci\u00f3n p\u00fablica - Facultad de Ingenier\u00eda y Ciencias Agropecuarias","isPartOf":{"@id":"https:\/\/www.fica.unsl.edu.ar\/#website"},"primaryImageOfPage":{"@id":"https:\/\/www.fica.unsl.edu.ar\/index.php\/la-unsl-unida-en-defensa-de-la-educacion-publica\/#primaryimage"},"image":{"@id":"https:\/\/www.fica.unsl.edu.ar\/index.php\/la-unsl-unida-en-defensa-de-la-educacion-publica\/#primaryimage"},"thumbnailUrl":"https:\/\/www.fica.unsl.edu.ar\/wp-content\/uploads\/2023\/11\/unsl-publica-consejo-superior-front.jpg","datePublished":"2023-11-17T12:07:19+00:00","dateModified":"2023-11-21T13:03:40+00:00","inLanguage":"es-AR","potentialAction":[{"@type":"ReadAction","target":["https:\/\/www.fica.unsl.edu.ar\/index.php\/la-unsl-unida-en-defensa-de-la-educacion-publica\/"]}]},{"@type":"ImageObject","inLanguage":"es-AR","@id":"https:\/\/www.fica.unsl.edu.ar\/index.php\/la-unsl-unida-en-defensa-de-la-educacion-publica\/#primaryimage","url":"https:\/\/www.fica.unsl.edu.ar\/wp-content\/uploads\/2023\/11\/unsl-publica-consejo-superior-front.jpg","contentUrl":"https:\/\/www.fica.unsl.edu.ar\/wp-content\/uploads\/2023\/11\/unsl-publica-consejo-superior-front.jpg","width":1061,"height":585},{"@type":"WebSite","@id":"https:\/\/www.fica.unsl.edu.ar\/#website","url":"https:\/\/www.fica.unsl.edu.ar\/","name":"Facultad de Ingenier\u00eda y Ciencias Agropecuarias","description":"","publisher":{"@id":"https:\/\/www.fica.unsl.edu.ar\/#organization"},"potentialAction":[{"@type":"SearchAction","target":{"@type":"EntryPoint","urlTemplate":"https:\/\/www.fica.unsl.edu.ar\/?s={search_term_string}"},"query-input":{"@type":"PropertyValueSpecification","valueRequired":true,"valueName":"search_term_string"}}],"inLanguage":"es-AR"},{"@type":"Organization","@id":"https:\/\/www.fica.unsl.edu.ar\/#organization","name":"Facultad de Ingenier\u00eda y Ciencias Agropecuarias","url":"https:\/\/www.fica.unsl.edu.ar\/","logo":{"@type":"ImageObject","inLanguage":"es-AR","@id":"https:\/\/www.fica.unsl.edu.ar\/#\/schema\/logo\/image\/","url":"https:\/\/www.fica.unsl.edu.ar\/wp-content\/uploads\/2021\/03\/LOGO-1.jpg","contentUrl":"https:\/\/www.fica.unsl.edu.ar\/wp-content\/uploads\/2021\/03\/LOGO-1.jpg","width":463,"height":145,"caption":"Facultad de Ingenier\u00eda y Ciencias Agropecuarias"},"image":{"@id":"https:\/\/www.fica.unsl.edu.ar\/#\/schema\/logo\/image\/"},"sameAs":["https:\/\/www.facebook.com\/FICA.UNSL\/","https:\/\/x.com\/FICAUNSL","https:\/\/www.instagram.com\/fica.unsl\/","https:\/\/www.youtube.com\/channel\/UCs2MM53gb2PyBrMySdtWZDQ"]},{"@type":"Person","@id":"https:\/\/www.fica.unsl.edu.ar\/#\/schema\/person\/6058f9c66301868d3a691b1f5d6c3544","name":"DATI"}]}},"_links":{"self":[{"href":"https:\/\/www.fica.unsl.edu.ar\/index.php\/wp-json\/wp\/v2\/posts\/15486","targetHints":{"allow":["GET"]}}],"collection":[{"href":"https:\/\/www.fica.unsl.edu.ar\/index.php\/wp-json\/wp\/v2\/posts"}],"about":[{"href":"https:\/\/www.fica.unsl.edu.ar\/index.php\/wp-json\/wp\/v2\/types\/post"}],"author":[{"embeddable":true,"href":"https:\/\/www.fica.unsl.edu.ar\/index.php\/wp-json\/wp\/v2\/users\/9"}],"replies":[{"embeddable":true,"href":"https:\/\/www.fica.unsl.edu.ar\/index.php\/wp-json\/wp\/v2\/comments?post=15486"}],"version-history":[{"count":4,"href":"https:\/\/www.fica.unsl.edu.ar\/index.php\/wp-json\/wp\/v2\/posts\/15486\/revisions"}],"predecessor-version":[{"id":15499,"href":"https:\/\/www.fica.unsl.edu.ar\/index.php\/wp-json\/wp\/v2\/posts\/15486\/revisions\/15499"}],"wp:featuredmedia":[{"embeddable":true,"href":"https:\/\/www.fica.unsl.edu.ar\/index.php\/wp-json\/wp\/v2\/media\/15487"}],"wp:attachment":[{"href":"https:\/\/www.fica.unsl.edu.ar\/index.php\/wp-json\/wp\/v2\/media?parent=15486"}],"wp:term":[{"taxonomy":"category","embeddable":true,"href":"https:\/\/www.fica.unsl.edu.ar\/index.php\/wp-json\/wp\/v2\/categories?post=15486"},{"taxonomy":"post_tag","embeddable":true,"href":"https:\/\/www.fica.unsl.edu.ar\/index.php\/wp-json\/wp\/v2\/tags?post=15486"}],"curies":[{"name":"wp","href":"https:\/\/api.w.org\/{rel}","templated":true}]}}