{"id":15508,"date":"2023-11-21T11:30:42","date_gmt":"2023-11-21T14:30:42","guid":{"rendered":"http:\/\/10.101.10.196\/www\/?p=15508"},"modified":"2023-11-28T11:11:03","modified_gmt":"2023-11-28T14:11:03","slug":"inauguran-un-espacio-progresar-para-los-estudiantes-del-centro-universitario-villa-mercedes","status":"publish","type":"post","link":"https:\/\/www.fica.unsl.edu.ar\/index.php\/inauguran-un-espacio-progresar-para-los-estudiantes-del-centro-universitario-villa-mercedes\/","title":{"rendered":"Inauguran un \u201cEspacio Progresar\u201d para los estudiantes del Centro Universitario Villa Mercedes"},"content":{"rendered":"<p>Diez equipos de computaci\u00f3n, con sus componentes de hardware de \u00faltima generaci\u00f3n, ya est\u00e1n a disposici\u00f3n de los estudiantes de la FICA y FCEJS, cinco de los cuales se encuentran en la Biblioteca del Centro Universitario Villa Mercedes, donde se inaugur\u00f3 el \u201cEspacio Progresar\u201d, uno de los programas impulsados por el Estado Nacional con el fin de fortalecer la permanencia de las y los becarios en cada una de las carreras universitarias.<\/p>\n<p>La inauguraci\u00f3n del nuevo espacio se hizo el pasado viernes 17 de noviembre por la ma\u00f1ana. \u201cSi bien estos programas est\u00e1n dirigidos a las y los becarios, los equipos que se entregan y que surgen de convenios entre la UNSL y el ministerio de Educaci\u00f3n de la Naci\u00f3n, est\u00e1n destinados los estudiantes en general\u201d, cont\u00f3 el Secretario de Asuntos Universitarios y Bienestar Estudiantil (SAEBU), Lic. Ra\u00fal P\u00e1ez.<\/p>\n<p>La distribuci\u00f3n de computadoras comenz\u00f3 la semana pasada en San Luis, continu\u00f3 en la sede de la UNSL en Merlo y en esta oportunidad se hizo en el Centro de Villa Mercedes, donde, adem\u00e1s de los cinco equipos que se dispusieron en el Espacio Progresar que ahora forma parte de la Biblioteca, tambi\u00e9n entregaron dos en los Centros de Estudiantes y tres en las residencias estudiantiles.<\/p>\n<p><img fetchpriority=\"high\" decoding=\"async\" class=\"aligncenter size-large wp-image-14470\" src=\"https:\/\/www.fcejs.unsl.edu.ar\/wp-content\/uploads\/2023\/11\/ssaebu-pc-biblio-6-1024x692.jpg\" alt=\"\" width=\"843\" height=\"570\" \/><\/p>\n<p>\u201cEn total son diez equipos para el Centro Villa Mercedes, lo que nos pone muy contentos porque sabemos que los estudiantes le van a sacar provecho, y porque son pol\u00edticas de un Estado presente, de una Universidad p\u00fablica, libre, de acceso gratuito, inclusiva. M\u00e1s all\u00e1 que todos vivimos conectados y creemos que tenemos Internet en nuestra provincia, todav\u00eda hay sectores de la poblaci\u00f3n donde no llegamos. Entonces, hacen falta estos dispositivos para mejorar nuestra calidad educativa en la universidad y en cada una de las carreras que los estudiantes elijan\u201d, remarc\u00f3 P\u00e1ez.<\/p>\n<p>A fines del 2021 la UNSL present\u00f3 su proyecto ante el Ministerio de Educaci\u00f3n de la Naci\u00f3n, fruto del cual surgi\u00f3 un convenio entre las partes para la implementaci\u00f3n de programas nacionales en la universidad, surgidos de las Becas Progresar y Manuel Belgrano. \u201cComo resultado de esos acuerdos, hoy estamos distribuyendo estas computadoras en las tres sedes que tiene la UNSL\u201d, destac\u00f3.<\/p>\n<p>En la inauguraci\u00f3n del Espacio Progresar estuvieron presentes, entre otras autoridades, el Vicerrector de la UNSL, Mgtr. H\u00e9ctor Flores; el Decano de la FICA, Mgtr. Sergio Ribotta; la Decana de la FCEJS, Mgtr. Roxana Camiletti, el director contable de la SAEBU, CPN Luis Heredia; y el subsecretario de Asuntos Estudiantiles y Bienestar Universitario, Ing. Mat\u00edas Funes; dirigentes estudiantiles, docentes y no docentes.<\/p>\n<p>El vicerrector rescat\u00f3 el trabajo en equipo para lograr la construcci\u00f3n de una imagen a nivel nacional de la UNSL \u201cque se ha presentado en distintas convocatorias con muy buenos resultados\u201d porque \u201chemos sido responsables en la presentaci\u00f3n de los proyectos y en la rendici\u00f3n\u2026 Todo esto es fruto de un trabajo participativo, colectivo, el cual nos define y le da una impronta a la UNSL que nos hace sentir orgullosos\u201d.<\/p>\n<p><img decoding=\"async\" class=\"aligncenter size-large wp-image-14471\" src=\"https:\/\/www.fcejs.unsl.edu.ar\/wp-content\/uploads\/2023\/11\/ssaebu-pc-biblio-13-1024x692.jpg\" alt=\"\" width=\"843\" height=\"570\" \/><\/p>\n<p><strong>Nota: Jos\u00e9 Luis Baigorria \u2013 Radio UNSL Villa Mercedes<\/strong><\/p>\n","protected":false},"excerpt":{"rendered":"<p>Diez equipos de computaci\u00f3n, con sus componentes de hardware de \u00faltima generaci\u00f3n, ya est\u00e1n a disposici\u00f3n de los estudiantes de la FICA y FCEJS, cinco&hellip;<\/p>\n","protected":false},"author":9,"featured_media":15509,"comment_status":"closed","ping_status":"closed","sticky":false,"template":"","format":"standard","meta":{"_monsterinsights_skip_tracking":false,"_monsterinsights_sitenote_active":false,"_monsterinsights_sitenote_note":"","_monsterinsights_sitenote_category":0,"_joinchat":[],"footnotes":""},"categories":[19],"tags":[],"class_list":["post-15508","post","type-post","status-publish","format-standard","has-post-thumbnail","hentry","category-noticias"],"yoast_head":"<!-- This site is optimized with the Yoast SEO plugin v27.4 - https:\/\/yoast.com\/product\/yoast-seo-wordpress\/ -->\n<title>Inauguran un \u201cEspacio Progresar\u201d para los estudiantes del Centro Universitario Villa Mercedes - Facultad de Ingenier\u00eda y Ciencias Agropecuarias<\/title>\n<meta name=\"robots\" content=\"index, follow, max-snippet:-1, max-image-preview:large, max-video-preview:-1\" \/>\n<link rel=\"canonical\" href=\"https:\/\/www.fica.unsl.edu.ar\/index.php\/inauguran-un-espacio-progresar-para-los-estudiantes-del-centro-universitario-villa-mercedes\/\" \/>\n<meta property=\"og:locale\" content=\"es_ES\" \/>\n<meta property=\"og:type\" content=\"article\" \/>\n<meta property=\"og:title\" content=\"Inauguran un \u201cEspacio Progresar\u201d para los estudiantes del Centro Universitario Villa Mercedes - Facultad de Ingenier\u00eda y Ciencias Agropecuarias\" \/>\n<meta property=\"og:description\" content=\"Diez equipos de computaci\u00f3n, con sus componentes de hardware de \u00faltima generaci\u00f3n, ya est\u00e1n a disposici\u00f3n de los estudiantes de la FICA y FCEJS, cinco&hellip;\" \/>\n<meta property=\"og:url\" content=\"https:\/\/www.fica.unsl.edu.ar\/index.php\/inauguran-un-espacio-progresar-para-los-estudiantes-del-centro-universitario-villa-mercedes\/\" \/>\n<meta property=\"og:site_name\" content=\"Facultad de Ingenier\u00eda y Ciencias Agropecuarias\" \/>\n<meta property=\"article:publisher\" content=\"https:\/\/www.facebook.com\/FICA.UNSL\/\" \/>\n<meta property=\"article:published_time\" content=\"2023-11-21T14:30:42+00:00\" \/>\n<meta property=\"article:modified_time\" content=\"2023-11-28T14:11:03+00:00\" \/>\n<meta property=\"og:image\" content=\"https:\/\/www.fica.unsl.edu.ar\/wp-content\/uploads\/2023\/11\/ssaebu-pc-biblio-front.jpg\" \/>\n\t<meta property=\"og:image:width\" content=\"1061\" \/>\n\t<meta property=\"og:image:height\" content=\"585\" \/>\n\t<meta property=\"og:image:type\" content=\"image\/jpeg\" \/>\n<meta name=\"author\" content=\"DATI\" \/>\n<meta name=\"twitter:card\" content=\"summary_large_image\" \/>\n<meta name=\"twitter:creator\" content=\"@FICAUNSL\" \/>\n<meta name=\"twitter:site\" content=\"@FICAUNSL\" \/>\n<meta name=\"twitter:label1\" content=\"Escrito por\" \/>\n\t<meta name=\"twitter:data1\" content=\"DATI\" \/>\n\t<meta name=\"twitter:label2\" content=\"Tiempo de lectura\" \/>\n\t<meta name=\"twitter:data2\" content=\"3 minutos\" \/>\n<script type=\"application\/ld+json\" class=\"yoast-schema-graph\">{\"@context\":\"https:\\\/\\\/schema.org\",\"@graph\":[{\"@type\":\"Article\",\"@id\":\"https:\\\/\\\/www.fica.unsl.edu.ar\\\/index.php\\\/inauguran-un-espacio-progresar-para-los-estudiantes-del-centro-universitario-villa-mercedes\\\/#article\",\"isPartOf\":{\"@id\":\"https:\\\/\\\/www.fica.unsl.edu.ar\\\/index.php\\\/inauguran-un-espacio-progresar-para-los-estudiantes-del-centro-universitario-villa-mercedes\\\/\"},\"author\":{\"name\":\"DATI\",\"@id\":\"https:\\\/\\\/www.fica.unsl.edu.ar\\\/#\\\/schema\\\/person\\\/6058f9c66301868d3a691b1f5d6c3544\"},\"headline\":\"Inauguran un \u201cEspacio Progresar\u201d para los estudiantes del Centro Universitario Villa Mercedes\",\"datePublished\":\"2023-11-21T14:30:42+00:00\",\"dateModified\":\"2023-11-28T14:11:03+00:00\",\"mainEntityOfPage\":{\"@id\":\"https:\\\/\\\/www.fica.unsl.edu.ar\\\/index.php\\\/inauguran-un-espacio-progresar-para-los-estudiantes-del-centro-universitario-villa-mercedes\\\/\"},\"wordCount\":540,\"publisher\":{\"@id\":\"https:\\\/\\\/www.fica.unsl.edu.ar\\\/#organization\"},\"image\":{\"@id\":\"https:\\\/\\\/www.fica.unsl.edu.ar\\\/index.php\\\/inauguran-un-espacio-progresar-para-los-estudiantes-del-centro-universitario-villa-mercedes\\\/#primaryimage\"},\"thumbnailUrl\":\"https:\\\/\\\/www.fica.unsl.edu.ar\\\/wp-content\\\/uploads\\\/2023\\\/11\\\/ssaebu-pc-biblio-front.jpg\",\"articleSection\":[\"Noticias\"],\"inLanguage\":\"es-AR\"},{\"@type\":\"WebPage\",\"@id\":\"https:\\\/\\\/www.fica.unsl.edu.ar\\\/index.php\\\/inauguran-un-espacio-progresar-para-los-estudiantes-del-centro-universitario-villa-mercedes\\\/\",\"url\":\"https:\\\/\\\/www.fica.unsl.edu.ar\\\/index.php\\\/inauguran-un-espacio-progresar-para-los-estudiantes-del-centro-universitario-villa-mercedes\\\/\",\"name\":\"Inauguran un \u201cEspacio Progresar\u201d para los estudiantes del Centro Universitario Villa Mercedes - Facultad de Ingenier\u00eda y Ciencias Agropecuarias\",\"isPartOf\":{\"@id\":\"https:\\\/\\\/www.fica.unsl.edu.ar\\\/#website\"},\"primaryImageOfPage\":{\"@id\":\"https:\\\/\\\/www.fica.unsl.edu.ar\\\/index.php\\\/inauguran-un-espacio-progresar-para-los-estudiantes-del-centro-universitario-villa-mercedes\\\/#primaryimage\"},\"image\":{\"@id\":\"https:\\\/\\\/www.fica.unsl.edu.ar\\\/index.php\\\/inauguran-un-espacio-progresar-para-los-estudiantes-del-centro-universitario-villa-mercedes\\\/#primaryimage\"},\"thumbnailUrl\":\"https:\\\/\\\/www.fica.unsl.edu.ar\\\/wp-content\\\/uploads\\\/2023\\\/11\\\/ssaebu-pc-biblio-front.jpg\",\"datePublished\":\"2023-11-21T14:30:42+00:00\",\"dateModified\":\"2023-11-28T14:11:03+00:00\",\"inLanguage\":\"es-AR\",\"potentialAction\":[{\"@type\":\"ReadAction\",\"target\":[\"https:\\\/\\\/www.fica.unsl.edu.ar\\\/index.php\\\/inauguran-un-espacio-progresar-para-los-estudiantes-del-centro-universitario-villa-mercedes\\\/\"]}]},{\"@type\":\"ImageObject\",\"inLanguage\":\"es-AR\",\"@id\":\"https:\\\/\\\/www.fica.unsl.edu.ar\\\/index.php\\\/inauguran-un-espacio-progresar-para-los-estudiantes-del-centro-universitario-villa-mercedes\\\/#primaryimage\",\"url\":\"https:\\\/\\\/www.fica.unsl.edu.ar\\\/wp-content\\\/uploads\\\/2023\\\/11\\\/ssaebu-pc-biblio-front.jpg\",\"contentUrl\":\"https:\\\/\\\/www.fica.unsl.edu.ar\\\/wp-content\\\/uploads\\\/2023\\\/11\\\/ssaebu-pc-biblio-front.jpg\",\"width\":1061,\"height\":585},{\"@type\":\"WebSite\",\"@id\":\"https:\\\/\\\/www.fica.unsl.edu.ar\\\/#website\",\"url\":\"https:\\\/\\\/www.fica.unsl.edu.ar\\\/\",\"name\":\"Facultad de Ingenier\u00eda y Ciencias Agropecuarias\",\"description\":\"\",\"publisher\":{\"@id\":\"https:\\\/\\\/www.fica.unsl.edu.ar\\\/#organization\"},\"potentialAction\":[{\"@type\":\"SearchAction\",\"target\":{\"@type\":\"EntryPoint\",\"urlTemplate\":\"https:\\\/\\\/www.fica.unsl.edu.ar\\\/?s={search_term_string}\"},\"query-input\":{\"@type\":\"PropertyValueSpecification\",\"valueRequired\":true,\"valueName\":\"search_term_string\"}}],\"inLanguage\":\"es-AR\"},{\"@type\":\"Organization\",\"@id\":\"https:\\\/\\\/www.fica.unsl.edu.ar\\\/#organization\",\"name\":\"Facultad de Ingenier\u00eda y Ciencias Agropecuarias\",\"url\":\"https:\\\/\\\/www.fica.unsl.edu.ar\\\/\",\"logo\":{\"@type\":\"ImageObject\",\"inLanguage\":\"es-AR\",\"@id\":\"https:\\\/\\\/www.fica.unsl.edu.ar\\\/#\\\/schema\\\/logo\\\/image\\\/\",\"url\":\"https:\\\/\\\/www.fica.unsl.edu.ar\\\/wp-content\\\/uploads\\\/2021\\\/03\\\/LOGO-1.jpg\",\"contentUrl\":\"https:\\\/\\\/www.fica.unsl.edu.ar\\\/wp-content\\\/uploads\\\/2021\\\/03\\\/LOGO-1.jpg\",\"width\":463,\"height\":145,\"caption\":\"Facultad de Ingenier\u00eda y Ciencias Agropecuarias\"},\"image\":{\"@id\":\"https:\\\/\\\/www.fica.unsl.edu.ar\\\/#\\\/schema\\\/logo\\\/image\\\/\"},\"sameAs\":[\"https:\\\/\\\/www.facebook.com\\\/FICA.UNSL\\\/\",\"https:\\\/\\\/x.com\\\/FICAUNSL\",\"https:\\\/\\\/www.instagram.com\\\/fica.unsl\\\/\",\"https:\\\/\\\/www.youtube.com\\\/channel\\\/UCs2MM53gb2PyBrMySdtWZDQ\"]},{\"@type\":\"Person\",\"@id\":\"https:\\\/\\\/www.fica.unsl.edu.ar\\\/#\\\/schema\\\/person\\\/6058f9c66301868d3a691b1f5d6c3544\",\"name\":\"DATI\"}]}<\/script>\n<!-- \/ Yoast SEO plugin. -->","yoast_head_json":{"title":"Inauguran un \u201cEspacio Progresar\u201d para los estudiantes del Centro Universitario Villa Mercedes - Facultad de Ingenier\u00eda y Ciencias Agropecuarias","robots":{"index":"index","follow":"follow","max-snippet":"max-snippet:-1","max-image-preview":"max-image-preview:large","max-video-preview":"max-video-preview:-1"},"canonical":"https:\/\/www.fica.unsl.edu.ar\/index.php\/inauguran-un-espacio-progresar-para-los-estudiantes-del-centro-universitario-villa-mercedes\/","og_locale":"es_ES","og_type":"article","og_title":"Inauguran un \u201cEspacio Progresar\u201d para los estudiantes del Centro Universitario Villa Mercedes - Facultad de Ingenier\u00eda y Ciencias Agropecuarias","og_description":"Diez equipos de computaci\u00f3n, con sus componentes de hardware de \u00faltima generaci\u00f3n, ya est\u00e1n a disposici\u00f3n de los estudiantes de la FICA y FCEJS, cinco&hellip;","og_url":"https:\/\/www.fica.unsl.edu.ar\/index.php\/inauguran-un-espacio-progresar-para-los-estudiantes-del-centro-universitario-villa-mercedes\/","og_site_name":"Facultad de Ingenier\u00eda y Ciencias Agropecuarias","article_publisher":"https:\/\/www.facebook.com\/FICA.UNSL\/","article_published_time":"2023-11-21T14:30:42+00:00","article_modified_time":"2023-11-28T14:11:03+00:00","og_image":[{"width":1061,"height":585,"url":"https:\/\/www.fica.unsl.edu.ar\/wp-content\/uploads\/2023\/11\/ssaebu-pc-biblio-front.jpg","type":"image\/jpeg"}],"author":"DATI","twitter_card":"summary_large_image","twitter_creator":"@FICAUNSL","twitter_site":"@FICAUNSL","twitter_misc":{"Escrito por":"DATI","Tiempo de lectura":"3 minutos"},"schema":{"@context":"https:\/\/schema.org","@graph":[{"@type":"Article","@id":"https:\/\/www.fica.unsl.edu.ar\/index.php\/inauguran-un-espacio-progresar-para-los-estudiantes-del-centro-universitario-villa-mercedes\/#article","isPartOf":{"@id":"https:\/\/www.fica.unsl.edu.ar\/index.php\/inauguran-un-espacio-progresar-para-los-estudiantes-del-centro-universitario-villa-mercedes\/"},"author":{"name":"DATI","@id":"https:\/\/www.fica.unsl.edu.ar\/#\/schema\/person\/6058f9c66301868d3a691b1f5d6c3544"},"headline":"Inauguran un \u201cEspacio Progresar\u201d para los estudiantes del Centro Universitario Villa Mercedes","datePublished":"2023-11-21T14:30:42+00:00","dateModified":"2023-11-28T14:11:03+00:00","mainEntityOfPage":{"@id":"https:\/\/www.fica.unsl.edu.ar\/index.php\/inauguran-un-espacio-progresar-para-los-estudiantes-del-centro-universitario-villa-mercedes\/"},"wordCount":540,"publisher":{"@id":"https:\/\/www.fica.unsl.edu.ar\/#organization"},"image":{"@id":"https:\/\/www.fica.unsl.edu.ar\/index.php\/inauguran-un-espacio-progresar-para-los-estudiantes-del-centro-universitario-villa-mercedes\/#primaryimage"},"thumbnailUrl":"https:\/\/www.fica.unsl.edu.ar\/wp-content\/uploads\/2023\/11\/ssaebu-pc-biblio-front.jpg","articleSection":["Noticias"],"inLanguage":"es-AR"},{"@type":"WebPage","@id":"https:\/\/www.fica.unsl.edu.ar\/index.php\/inauguran-un-espacio-progresar-para-los-estudiantes-del-centro-universitario-villa-mercedes\/","url":"https:\/\/www.fica.unsl.edu.ar\/index.php\/inauguran-un-espacio-progresar-para-los-estudiantes-del-centro-universitario-villa-mercedes\/","name":"Inauguran un \u201cEspacio Progresar\u201d para los estudiantes del Centro Universitario Villa Mercedes - Facultad de Ingenier\u00eda y Ciencias Agropecuarias","isPartOf":{"@id":"https:\/\/www.fica.unsl.edu.ar\/#website"},"primaryImageOfPage":{"@id":"https:\/\/www.fica.unsl.edu.ar\/index.php\/inauguran-un-espacio-progresar-para-los-estudiantes-del-centro-universitario-villa-mercedes\/#primaryimage"},"image":{"@id":"https:\/\/www.fica.unsl.edu.ar\/index.php\/inauguran-un-espacio-progresar-para-los-estudiantes-del-centro-universitario-villa-mercedes\/#primaryimage"},"thumbnailUrl":"https:\/\/www.fica.unsl.edu.ar\/wp-content\/uploads\/2023\/11\/ssaebu-pc-biblio-front.jpg","datePublished":"2023-11-21T14:30:42+00:00","dateModified":"2023-11-28T14:11:03+00:00","inLanguage":"es-AR","potentialAction":[{"@type":"ReadAction","target":["https:\/\/www.fica.unsl.edu.ar\/index.php\/inauguran-un-espacio-progresar-para-los-estudiantes-del-centro-universitario-villa-mercedes\/"]}]},{"@type":"ImageObject","inLanguage":"es-AR","@id":"https:\/\/www.fica.unsl.edu.ar\/index.php\/inauguran-un-espacio-progresar-para-los-estudiantes-del-centro-universitario-villa-mercedes\/#primaryimage","url":"https:\/\/www.fica.unsl.edu.ar\/wp-content\/uploads\/2023\/11\/ssaebu-pc-biblio-front.jpg","contentUrl":"https:\/\/www.fica.unsl.edu.ar\/wp-content\/uploads\/2023\/11\/ssaebu-pc-biblio-front.jpg","width":1061,"height":585},{"@type":"WebSite","@id":"https:\/\/www.fica.unsl.edu.ar\/#website","url":"https:\/\/www.fica.unsl.edu.ar\/","name":"Facultad de Ingenier\u00eda y Ciencias Agropecuarias","description":"","publisher":{"@id":"https:\/\/www.fica.unsl.edu.ar\/#organization"},"potentialAction":[{"@type":"SearchAction","target":{"@type":"EntryPoint","urlTemplate":"https:\/\/www.fica.unsl.edu.ar\/?s={search_term_string}"},"query-input":{"@type":"PropertyValueSpecification","valueRequired":true,"valueName":"search_term_string"}}],"inLanguage":"es-AR"},{"@type":"Organization","@id":"https:\/\/www.fica.unsl.edu.ar\/#organization","name":"Facultad de Ingenier\u00eda y Ciencias Agropecuarias","url":"https:\/\/www.fica.unsl.edu.ar\/","logo":{"@type":"ImageObject","inLanguage":"es-AR","@id":"https:\/\/www.fica.unsl.edu.ar\/#\/schema\/logo\/image\/","url":"https:\/\/www.fica.unsl.edu.ar\/wp-content\/uploads\/2021\/03\/LOGO-1.jpg","contentUrl":"https:\/\/www.fica.unsl.edu.ar\/wp-content\/uploads\/2021\/03\/LOGO-1.jpg","width":463,"height":145,"caption":"Facultad de Ingenier\u00eda y Ciencias Agropecuarias"},"image":{"@id":"https:\/\/www.fica.unsl.edu.ar\/#\/schema\/logo\/image\/"},"sameAs":["https:\/\/www.facebook.com\/FICA.UNSL\/","https:\/\/x.com\/FICAUNSL","https:\/\/www.instagram.com\/fica.unsl\/","https:\/\/www.youtube.com\/channel\/UCs2MM53gb2PyBrMySdtWZDQ"]},{"@type":"Person","@id":"https:\/\/www.fica.unsl.edu.ar\/#\/schema\/person\/6058f9c66301868d3a691b1f5d6c3544","name":"DATI"}]}},"_links":{"self":[{"href":"https:\/\/www.fica.unsl.edu.ar\/index.php\/wp-json\/wp\/v2\/posts\/15508","targetHints":{"allow":["GET"]}}],"collection":[{"href":"https:\/\/www.fica.unsl.edu.ar\/index.php\/wp-json\/wp\/v2\/posts"}],"about":[{"href":"https:\/\/www.fica.unsl.edu.ar\/index.php\/wp-json\/wp\/v2\/types\/post"}],"author":[{"embeddable":true,"href":"https:\/\/www.fica.unsl.edu.ar\/index.php\/wp-json\/wp\/v2\/users\/9"}],"replies":[{"embeddable":true,"href":"https:\/\/www.fica.unsl.edu.ar\/index.php\/wp-json\/wp\/v2\/comments?post=15508"}],"version-history":[{"count":2,"href":"https:\/\/www.fica.unsl.edu.ar\/index.php\/wp-json\/wp\/v2\/posts\/15508\/revisions"}],"predecessor-version":[{"id":15531,"href":"https:\/\/www.fica.unsl.edu.ar\/index.php\/wp-json\/wp\/v2\/posts\/15508\/revisions\/15531"}],"wp:featuredmedia":[{"embeddable":true,"href":"https:\/\/www.fica.unsl.edu.ar\/index.php\/wp-json\/wp\/v2\/media\/15509"}],"wp:attachment":[{"href":"https:\/\/www.fica.unsl.edu.ar\/index.php\/wp-json\/wp\/v2\/media?parent=15508"}],"wp:term":[{"taxonomy":"category","embeddable":true,"href":"https:\/\/www.fica.unsl.edu.ar\/index.php\/wp-json\/wp\/v2\/categories?post=15508"},{"taxonomy":"post_tag","embeddable":true,"href":"https:\/\/www.fica.unsl.edu.ar\/index.php\/wp-json\/wp\/v2\/tags?post=15508"}],"curies":[{"name":"wp","href":"https:\/\/api.w.org\/{rel}","templated":true}]}}