{"id":15538,"date":"2023-11-22T12:54:11","date_gmt":"2023-11-22T15:54:11","guid":{"rendered":"http:\/\/10.101.10.196\/www\/?p=15538"},"modified":"2023-12-11T08:38:30","modified_gmt":"2023-12-11T11:38:30","slug":"encuesta-docentes-primer-ano-unsl","status":"publish","type":"post","link":"https:\/\/www.fica.unsl.edu.ar\/index.php\/encuesta-docentes-primer-ano-unsl\/","title":{"rendered":"Programa \u201cSigamos Estudiando\u201d: Encuesta a Docentes de Primer A\u00f1o de la UNSL"},"content":{"rendered":"<p>Se invita a docentes de la FICA a participar de la \u201cEncuesta docentes primer a\u00f1o UNSL\u201d, impulsada por el Programa \u201cSigamos Estudiando\u201d, dependiente de la Secretar\u00eda Acad\u00e9mica de la UNSL.<\/p>\n<p>Este Programa trabaja con docentes de Escuelas Secundarias de la Provincia, a fin de promover condiciones de posibilidad para que los y las estudiantes de este Nivel puedan pensarse en su Proyecto de \u201cSer estudiantes Universitarios\u201d, y junto con ello, una serie de acciones tendientes a generar una reflexi\u00f3n problematizadora de las pr\u00e1cticas docentes de los primeros a\u00f1os, con el prop\u00f3sito de ir hacia una universidad m\u00e1s inclusiva que garantice el acceso y la permanencia de los y las futuros ingresantes.<\/p>\n<p>En esta perspectiva, el Programa \u201cSigamos Estudiando\u201d ha organizado una jornada de trabajo con los equipos docentes de los primeros a\u00f1os para \u201ccomenzar a re-conocernos como colectivo que aloja a los y las reci\u00e9n llegados a la Universidad P\u00fablica y abordar algunas de las cuestiones que nos preocupan de nuestras pr\u00e1cticas de ense\u00f1anza\u201d.<\/p>\n<p>Este ser\u00e1 el comienzo de una serie de encuentros en los que se revisar\u00e1 las pr\u00e1cticas educativas en funci\u00f3n de los profundos cambios que se han generado en los y las j\u00f3venes que hoy ingresan a las Universidades P\u00fablicas. Por ello, el punto de partida estar\u00e1 centrado en re- conocer qu\u00e9 traen y qu\u00e9 necesitan estos nuevos ingresantes.<\/p>\n<p>Para avanzar en este prop\u00f3sito se solicita a docentes de la UNSL de los primeros a\u00f1os a \u00a0responder las siguientes cuestiones que se compartir\u00e1n en talleres con docentes de primer a\u00f1o durante la semana del 4 al 7 de diciembre. En Villa Mercedes ser\u00e1 el martes 5 de diciembre a las 9 a 12. 30 y de 14 a 17 horas en el Aula 2 del Campus Universitario.<\/p>\n<h3 style=\"text-align: center;\"><span style=\"color: #0000ff;\"><strong><a style=\"color: #0000ff;\" href=\"https:\/\/forms.gle\/cCydoeM1zrMQtR7t5\" target=\"_blank\" rel=\"noopener\">ENCUESTA DOCENTES DE PRIMER A\u00d1O DE LA UNSL<\/a><\/strong><\/span><\/h3>\n<p>&nbsp;<\/p>\n","protected":false},"excerpt":{"rendered":"<p>Se invita a docentes de la FICA a participar de la \u201cEncuesta docentes primer a\u00f1o UNSL\u201d, impulsada por el Programa \u201cSigamos Estudiando\u201d, dependiente de la&hellip;<\/p>\n","protected":false},"author":9,"featured_media":15539,"comment_status":"closed","ping_status":"closed","sticky":false,"template":"","format":"standard","meta":{"_monsterinsights_skip_tracking":false,"_monsterinsights_sitenote_active":false,"_monsterinsights_sitenote_note":"","_monsterinsights_sitenote_category":0,"_joinchat":[],"footnotes":""},"categories":[19],"tags":[],"class_list":["post-15538","post","type-post","status-publish","format-standard","has-post-thumbnail","hentry","category-noticias"],"yoast_head":"<!-- This site is optimized with the Yoast SEO plugin v27.4 - https:\/\/yoast.com\/product\/yoast-seo-wordpress\/ -->\n<title>Programa \u201cSigamos Estudiando\u201d: Encuesta a Docentes de Primer A\u00f1o de la UNSL - Facultad de Ingenier\u00eda y Ciencias Agropecuarias<\/title>\n<meta name=\"robots\" content=\"index, follow, max-snippet:-1, max-image-preview:large, max-video-preview:-1\" \/>\n<link rel=\"canonical\" href=\"https:\/\/www.fica.unsl.edu.ar\/index.php\/encuesta-docentes-primer-ano-unsl\/\" \/>\n<meta property=\"og:locale\" content=\"es_ES\" \/>\n<meta property=\"og:type\" content=\"article\" \/>\n<meta property=\"og:title\" content=\"Programa \u201cSigamos Estudiando\u201d: Encuesta a Docentes de Primer A\u00f1o de la UNSL - Facultad de Ingenier\u00eda y Ciencias Agropecuarias\" \/>\n<meta property=\"og:description\" content=\"Se invita a docentes de la FICA a participar de la \u201cEncuesta docentes primer a\u00f1o UNSL\u201d, impulsada por el Programa \u201cSigamos Estudiando\u201d, dependiente de la&hellip;\" \/>\n<meta property=\"og:url\" content=\"https:\/\/www.fica.unsl.edu.ar\/index.php\/encuesta-docentes-primer-ano-unsl\/\" \/>\n<meta property=\"og:site_name\" content=\"Facultad de Ingenier\u00eda y Ciencias Agropecuarias\" \/>\n<meta property=\"article:publisher\" content=\"https:\/\/www.facebook.com\/FICA.UNSL\/\" \/>\n<meta property=\"article:published_time\" content=\"2023-11-22T15:54:11+00:00\" \/>\n<meta property=\"article:modified_time\" content=\"2023-12-11T11:38:30+00:00\" \/>\n<meta property=\"og:image\" content=\"https:\/\/www.fica.unsl.edu.ar\/wp-content\/uploads\/2023\/11\/sigamos-estudiandounsl.jpg\" \/>\n\t<meta property=\"og:image:width\" content=\"1000\" \/>\n\t<meta property=\"og:image:height\" content=\"551\" \/>\n\t<meta property=\"og:image:type\" content=\"image\/jpeg\" \/>\n<meta name=\"author\" content=\"DATI\" \/>\n<meta name=\"twitter:card\" content=\"summary_large_image\" \/>\n<meta name=\"twitter:creator\" content=\"@FICAUNSL\" \/>\n<meta name=\"twitter:site\" content=\"@FICAUNSL\" \/>\n<meta name=\"twitter:label1\" content=\"Escrito por\" \/>\n\t<meta name=\"twitter:data1\" content=\"DATI\" \/>\n\t<meta name=\"twitter:label2\" content=\"Tiempo de lectura\" \/>\n\t<meta name=\"twitter:data2\" content=\"2 minutos\" \/>\n<script type=\"application\/ld+json\" class=\"yoast-schema-graph\">{\"@context\":\"https:\\\/\\\/schema.org\",\"@graph\":[{\"@type\":\"Article\",\"@id\":\"https:\\\/\\\/www.fica.unsl.edu.ar\\\/index.php\\\/encuesta-docentes-primer-ano-unsl\\\/#article\",\"isPartOf\":{\"@id\":\"https:\\\/\\\/www.fica.unsl.edu.ar\\\/index.php\\\/encuesta-docentes-primer-ano-unsl\\\/\"},\"author\":{\"name\":\"DATI\",\"@id\":\"https:\\\/\\\/www.fica.unsl.edu.ar\\\/#\\\/schema\\\/person\\\/6058f9c66301868d3a691b1f5d6c3544\"},\"headline\":\"Programa \u201cSigamos Estudiando\u201d: Encuesta a Docentes de Primer A\u00f1o de la UNSL\",\"datePublished\":\"2023-11-22T15:54:11+00:00\",\"dateModified\":\"2023-12-11T11:38:30+00:00\",\"mainEntityOfPage\":{\"@id\":\"https:\\\/\\\/www.fica.unsl.edu.ar\\\/index.php\\\/encuesta-docentes-primer-ano-unsl\\\/\"},\"wordCount\":325,\"publisher\":{\"@id\":\"https:\\\/\\\/www.fica.unsl.edu.ar\\\/#organization\"},\"image\":{\"@id\":\"https:\\\/\\\/www.fica.unsl.edu.ar\\\/index.php\\\/encuesta-docentes-primer-ano-unsl\\\/#primaryimage\"},\"thumbnailUrl\":\"https:\\\/\\\/www.fica.unsl.edu.ar\\\/wp-content\\\/uploads\\\/2023\\\/11\\\/sigamos-estudiandounsl.jpg\",\"articleSection\":[\"Noticias\"],\"inLanguage\":\"es-AR\"},{\"@type\":\"WebPage\",\"@id\":\"https:\\\/\\\/www.fica.unsl.edu.ar\\\/index.php\\\/encuesta-docentes-primer-ano-unsl\\\/\",\"url\":\"https:\\\/\\\/www.fica.unsl.edu.ar\\\/index.php\\\/encuesta-docentes-primer-ano-unsl\\\/\",\"name\":\"Programa \u201cSigamos Estudiando\u201d: Encuesta a Docentes de Primer A\u00f1o de la UNSL - Facultad de Ingenier\u00eda y Ciencias Agropecuarias\",\"isPartOf\":{\"@id\":\"https:\\\/\\\/www.fica.unsl.edu.ar\\\/#website\"},\"primaryImageOfPage\":{\"@id\":\"https:\\\/\\\/www.fica.unsl.edu.ar\\\/index.php\\\/encuesta-docentes-primer-ano-unsl\\\/#primaryimage\"},\"image\":{\"@id\":\"https:\\\/\\\/www.fica.unsl.edu.ar\\\/index.php\\\/encuesta-docentes-primer-ano-unsl\\\/#primaryimage\"},\"thumbnailUrl\":\"https:\\\/\\\/www.fica.unsl.edu.ar\\\/wp-content\\\/uploads\\\/2023\\\/11\\\/sigamos-estudiandounsl.jpg\",\"datePublished\":\"2023-11-22T15:54:11+00:00\",\"dateModified\":\"2023-12-11T11:38:30+00:00\",\"inLanguage\":\"es-AR\",\"potentialAction\":[{\"@type\":\"ReadAction\",\"target\":[\"https:\\\/\\\/www.fica.unsl.edu.ar\\\/index.php\\\/encuesta-docentes-primer-ano-unsl\\\/\"]}]},{\"@type\":\"ImageObject\",\"inLanguage\":\"es-AR\",\"@id\":\"https:\\\/\\\/www.fica.unsl.edu.ar\\\/index.php\\\/encuesta-docentes-primer-ano-unsl\\\/#primaryimage\",\"url\":\"https:\\\/\\\/www.fica.unsl.edu.ar\\\/wp-content\\\/uploads\\\/2023\\\/11\\\/sigamos-estudiandounsl.jpg\",\"contentUrl\":\"https:\\\/\\\/www.fica.unsl.edu.ar\\\/wp-content\\\/uploads\\\/2023\\\/11\\\/sigamos-estudiandounsl.jpg\",\"width\":1000,\"height\":551},{\"@type\":\"WebSite\",\"@id\":\"https:\\\/\\\/www.fica.unsl.edu.ar\\\/#website\",\"url\":\"https:\\\/\\\/www.fica.unsl.edu.ar\\\/\",\"name\":\"Facultad de Ingenier\u00eda y Ciencias Agropecuarias\",\"description\":\"\",\"publisher\":{\"@id\":\"https:\\\/\\\/www.fica.unsl.edu.ar\\\/#organization\"},\"potentialAction\":[{\"@type\":\"SearchAction\",\"target\":{\"@type\":\"EntryPoint\",\"urlTemplate\":\"https:\\\/\\\/www.fica.unsl.edu.ar\\\/?s={search_term_string}\"},\"query-input\":{\"@type\":\"PropertyValueSpecification\",\"valueRequired\":true,\"valueName\":\"search_term_string\"}}],\"inLanguage\":\"es-AR\"},{\"@type\":\"Organization\",\"@id\":\"https:\\\/\\\/www.fica.unsl.edu.ar\\\/#organization\",\"name\":\"Facultad de Ingenier\u00eda y Ciencias Agropecuarias\",\"url\":\"https:\\\/\\\/www.fica.unsl.edu.ar\\\/\",\"logo\":{\"@type\":\"ImageObject\",\"inLanguage\":\"es-AR\",\"@id\":\"https:\\\/\\\/www.fica.unsl.edu.ar\\\/#\\\/schema\\\/logo\\\/image\\\/\",\"url\":\"https:\\\/\\\/www.fica.unsl.edu.ar\\\/wp-content\\\/uploads\\\/2021\\\/03\\\/LOGO-1.jpg\",\"contentUrl\":\"https:\\\/\\\/www.fica.unsl.edu.ar\\\/wp-content\\\/uploads\\\/2021\\\/03\\\/LOGO-1.jpg\",\"width\":463,\"height\":145,\"caption\":\"Facultad de Ingenier\u00eda y Ciencias Agropecuarias\"},\"image\":{\"@id\":\"https:\\\/\\\/www.fica.unsl.edu.ar\\\/#\\\/schema\\\/logo\\\/image\\\/\"},\"sameAs\":[\"https:\\\/\\\/www.facebook.com\\\/FICA.UNSL\\\/\",\"https:\\\/\\\/x.com\\\/FICAUNSL\",\"https:\\\/\\\/www.instagram.com\\\/fica.unsl\\\/\",\"https:\\\/\\\/www.youtube.com\\\/channel\\\/UCs2MM53gb2PyBrMySdtWZDQ\"]},{\"@type\":\"Person\",\"@id\":\"https:\\\/\\\/www.fica.unsl.edu.ar\\\/#\\\/schema\\\/person\\\/6058f9c66301868d3a691b1f5d6c3544\",\"name\":\"DATI\"}]}<\/script>\n<!-- \/ Yoast SEO plugin. -->","yoast_head_json":{"title":"Programa \u201cSigamos Estudiando\u201d: Encuesta a Docentes de Primer A\u00f1o de la UNSL - Facultad de Ingenier\u00eda y Ciencias Agropecuarias","robots":{"index":"index","follow":"follow","max-snippet":"max-snippet:-1","max-image-preview":"max-image-preview:large","max-video-preview":"max-video-preview:-1"},"canonical":"https:\/\/www.fica.unsl.edu.ar\/index.php\/encuesta-docentes-primer-ano-unsl\/","og_locale":"es_ES","og_type":"article","og_title":"Programa \u201cSigamos Estudiando\u201d: Encuesta a Docentes de Primer A\u00f1o de la UNSL - Facultad de Ingenier\u00eda y Ciencias Agropecuarias","og_description":"Se invita a docentes de la FICA a participar de la \u201cEncuesta docentes primer a\u00f1o UNSL\u201d, impulsada por el Programa \u201cSigamos Estudiando\u201d, dependiente de la&hellip;","og_url":"https:\/\/www.fica.unsl.edu.ar\/index.php\/encuesta-docentes-primer-ano-unsl\/","og_site_name":"Facultad de Ingenier\u00eda y Ciencias Agropecuarias","article_publisher":"https:\/\/www.facebook.com\/FICA.UNSL\/","article_published_time":"2023-11-22T15:54:11+00:00","article_modified_time":"2023-12-11T11:38:30+00:00","og_image":[{"width":1000,"height":551,"url":"https:\/\/www.fica.unsl.edu.ar\/wp-content\/uploads\/2023\/11\/sigamos-estudiandounsl.jpg","type":"image\/jpeg"}],"author":"DATI","twitter_card":"summary_large_image","twitter_creator":"@FICAUNSL","twitter_site":"@FICAUNSL","twitter_misc":{"Escrito por":"DATI","Tiempo de lectura":"2 minutos"},"schema":{"@context":"https:\/\/schema.org","@graph":[{"@type":"Article","@id":"https:\/\/www.fica.unsl.edu.ar\/index.php\/encuesta-docentes-primer-ano-unsl\/#article","isPartOf":{"@id":"https:\/\/www.fica.unsl.edu.ar\/index.php\/encuesta-docentes-primer-ano-unsl\/"},"author":{"name":"DATI","@id":"https:\/\/www.fica.unsl.edu.ar\/#\/schema\/person\/6058f9c66301868d3a691b1f5d6c3544"},"headline":"Programa \u201cSigamos Estudiando\u201d: Encuesta a Docentes de Primer A\u00f1o de la UNSL","datePublished":"2023-11-22T15:54:11+00:00","dateModified":"2023-12-11T11:38:30+00:00","mainEntityOfPage":{"@id":"https:\/\/www.fica.unsl.edu.ar\/index.php\/encuesta-docentes-primer-ano-unsl\/"},"wordCount":325,"publisher":{"@id":"https:\/\/www.fica.unsl.edu.ar\/#organization"},"image":{"@id":"https:\/\/www.fica.unsl.edu.ar\/index.php\/encuesta-docentes-primer-ano-unsl\/#primaryimage"},"thumbnailUrl":"https:\/\/www.fica.unsl.edu.ar\/wp-content\/uploads\/2023\/11\/sigamos-estudiandounsl.jpg","articleSection":["Noticias"],"inLanguage":"es-AR"},{"@type":"WebPage","@id":"https:\/\/www.fica.unsl.edu.ar\/index.php\/encuesta-docentes-primer-ano-unsl\/","url":"https:\/\/www.fica.unsl.edu.ar\/index.php\/encuesta-docentes-primer-ano-unsl\/","name":"Programa \u201cSigamos Estudiando\u201d: Encuesta a Docentes de Primer A\u00f1o de la UNSL - Facultad de Ingenier\u00eda y Ciencias Agropecuarias","isPartOf":{"@id":"https:\/\/www.fica.unsl.edu.ar\/#website"},"primaryImageOfPage":{"@id":"https:\/\/www.fica.unsl.edu.ar\/index.php\/encuesta-docentes-primer-ano-unsl\/#primaryimage"},"image":{"@id":"https:\/\/www.fica.unsl.edu.ar\/index.php\/encuesta-docentes-primer-ano-unsl\/#primaryimage"},"thumbnailUrl":"https:\/\/www.fica.unsl.edu.ar\/wp-content\/uploads\/2023\/11\/sigamos-estudiandounsl.jpg","datePublished":"2023-11-22T15:54:11+00:00","dateModified":"2023-12-11T11:38:30+00:00","inLanguage":"es-AR","potentialAction":[{"@type":"ReadAction","target":["https:\/\/www.fica.unsl.edu.ar\/index.php\/encuesta-docentes-primer-ano-unsl\/"]}]},{"@type":"ImageObject","inLanguage":"es-AR","@id":"https:\/\/www.fica.unsl.edu.ar\/index.php\/encuesta-docentes-primer-ano-unsl\/#primaryimage","url":"https:\/\/www.fica.unsl.edu.ar\/wp-content\/uploads\/2023\/11\/sigamos-estudiandounsl.jpg","contentUrl":"https:\/\/www.fica.unsl.edu.ar\/wp-content\/uploads\/2023\/11\/sigamos-estudiandounsl.jpg","width":1000,"height":551},{"@type":"WebSite","@id":"https:\/\/www.fica.unsl.edu.ar\/#website","url":"https:\/\/www.fica.unsl.edu.ar\/","name":"Facultad de Ingenier\u00eda y Ciencias Agropecuarias","description":"","publisher":{"@id":"https:\/\/www.fica.unsl.edu.ar\/#organization"},"potentialAction":[{"@type":"SearchAction","target":{"@type":"EntryPoint","urlTemplate":"https:\/\/www.fica.unsl.edu.ar\/?s={search_term_string}"},"query-input":{"@type":"PropertyValueSpecification","valueRequired":true,"valueName":"search_term_string"}}],"inLanguage":"es-AR"},{"@type":"Organization","@id":"https:\/\/www.fica.unsl.edu.ar\/#organization","name":"Facultad de Ingenier\u00eda y Ciencias Agropecuarias","url":"https:\/\/www.fica.unsl.edu.ar\/","logo":{"@type":"ImageObject","inLanguage":"es-AR","@id":"https:\/\/www.fica.unsl.edu.ar\/#\/schema\/logo\/image\/","url":"https:\/\/www.fica.unsl.edu.ar\/wp-content\/uploads\/2021\/03\/LOGO-1.jpg","contentUrl":"https:\/\/www.fica.unsl.edu.ar\/wp-content\/uploads\/2021\/03\/LOGO-1.jpg","width":463,"height":145,"caption":"Facultad de Ingenier\u00eda y Ciencias Agropecuarias"},"image":{"@id":"https:\/\/www.fica.unsl.edu.ar\/#\/schema\/logo\/image\/"},"sameAs":["https:\/\/www.facebook.com\/FICA.UNSL\/","https:\/\/x.com\/FICAUNSL","https:\/\/www.instagram.com\/fica.unsl\/","https:\/\/www.youtube.com\/channel\/UCs2MM53gb2PyBrMySdtWZDQ"]},{"@type":"Person","@id":"https:\/\/www.fica.unsl.edu.ar\/#\/schema\/person\/6058f9c66301868d3a691b1f5d6c3544","name":"DATI"}]}},"_links":{"self":[{"href":"https:\/\/www.fica.unsl.edu.ar\/index.php\/wp-json\/wp\/v2\/posts\/15538","targetHints":{"allow":["GET"]}}],"collection":[{"href":"https:\/\/www.fica.unsl.edu.ar\/index.php\/wp-json\/wp\/v2\/posts"}],"about":[{"href":"https:\/\/www.fica.unsl.edu.ar\/index.php\/wp-json\/wp\/v2\/types\/post"}],"author":[{"embeddable":true,"href":"https:\/\/www.fica.unsl.edu.ar\/index.php\/wp-json\/wp\/v2\/users\/9"}],"replies":[{"embeddable":true,"href":"https:\/\/www.fica.unsl.edu.ar\/index.php\/wp-json\/wp\/v2\/comments?post=15538"}],"version-history":[{"count":3,"href":"https:\/\/www.fica.unsl.edu.ar\/index.php\/wp-json\/wp\/v2\/posts\/15538\/revisions"}],"predecessor-version":[{"id":15553,"href":"https:\/\/www.fica.unsl.edu.ar\/index.php\/wp-json\/wp\/v2\/posts\/15538\/revisions\/15553"}],"wp:featuredmedia":[{"embeddable":true,"href":"https:\/\/www.fica.unsl.edu.ar\/index.php\/wp-json\/wp\/v2\/media\/15539"}],"wp:attachment":[{"href":"https:\/\/www.fica.unsl.edu.ar\/index.php\/wp-json\/wp\/v2\/media?parent=15538"}],"wp:term":[{"taxonomy":"category","embeddable":true,"href":"https:\/\/www.fica.unsl.edu.ar\/index.php\/wp-json\/wp\/v2\/categories?post=15538"},{"taxonomy":"post_tag","embeddable":true,"href":"https:\/\/www.fica.unsl.edu.ar\/index.php\/wp-json\/wp\/v2\/tags?post=15538"}],"curies":[{"name":"wp","href":"https:\/\/api.w.org\/{rel}","templated":true}]}}