{"id":15548,"date":"2023-11-23T10:06:11","date_gmt":"2023-11-23T13:06:11","guid":{"rendered":"http:\/\/10.101.10.196\/www\/?p=15548"},"modified":"2023-12-11T08:38:42","modified_gmt":"2023-12-11T11:38:42","slug":"visita-nestor-barreto-una","status":"publish","type":"post","link":"https:\/\/www.fica.unsl.edu.ar\/index.php\/visita-nestor-barreto-una\/","title":{"rendered":"Visita de profesor de la Universidad de Paraguay: intercambio acad\u00e9mico y charla con estudiantes"},"content":{"rendered":"<p>N\u00e9stor Barreto, docente de la Universidad Nacional de Asunci\u00f3n (UNA), de Paraguay, se encuentra en el Centro Universitario Villa Mercedes, de la UNSL, para cumplir con una semana intensa de actividades de intercambio de experiencias acad\u00e9micas con docentes del \u00c1rea de Matem\u00e1tica y dialogar con estudiantes de las carreras de Ingenier\u00eda.<\/p>\n<p>En los \u00faltimos 15 a\u00f1os, Barreto, profesor de Algebra Lineal, se desempe\u00f1\u00f3 como jefe de C\u00e1tedra de la UNA, una funci\u00f3n que le permiti\u00f3 \u201cdesarrollar una amplia experiencia en el manejo de instrumentos, metodolog\u00eda y planes de estudio, temas que ahora estamos compartiendo con los docentes UNSL, que a su vez tienen grandes conocimientos en todos estos aspectos. Por eso, este intercambio es muy enriquecedor\u201d, coment\u00f3.<\/p>\n<p>Durante la mayor parte de la semana, el docente de la UNA organiz\u00f3 sus actividades con el \u00c1rea de Matem\u00e1tica (a cargo de la profesora Laura Aliaga) de la FICA. Aunque la intenci\u00f3n es tambi\u00e9n juntarse con los estudiantes: \u201cComo ingeniero qu\u00edmico he formado parte de varios equipos de estudio en Paraguay sobre uso de matrices y de algunas factorizaciones para poder llegar a objetivos. Entonces, esa experiencia y esa motivaci\u00f3n las quiero transmitir a los estudiantes de aqu\u00ed. Porque cuando uno llega a cierto nivel de estudio, el Algebra Lineal se torna en algo muy abstracto, pero en el ejercicio de la profesi\u00f3n uno puede encontrarle alguna aplicaci\u00f3n\u201d.<\/p>\n<p>Adem\u00e1s de lo programado durante estos d\u00edas con \u00c1rea de Matem\u00e1tica, la pr\u00f3xima semana, Barreto cumplir\u00e1 con actividades de intercambio con el \u00e1rea de Ingenier\u00eda Qu\u00edmica \u201cdonde tambi\u00e9n me gustar\u00eda compartir experiencias sobre temas como la parte curricular, el curriculum por competencia y el perfil de egreso, que es algo que a nosotros nos interesa mucho, entre otros aspectos\u201d.<\/p>\n<p>Coment\u00f3 que en la actualidad se encuentra en la elaboraci\u00f3n de su tesis doctoral sobre Gesti\u00f3n de la Educaci\u00f3n, una tem\u00e1tica que vincula con \u201cel perfil de egreso y lo que requiere el mercado laboral en Paraguay de los ingenieros industriales. Entonces, es algo que quisiera profundizar, intercambiar metodolog\u00edas, instrumentos, todo lo que se est\u00e1 implementado aqu\u00ed, para ver si podemos llegar a alg\u00fan objetivo\u201d.<\/p>\n<h3><strong>Internacionalizaci\u00f3n<\/strong><\/h3>\n<p>Sobre el tema de la internacionalizaci\u00f3n de los planes de estudio en las carreras de Ingenier\u00eda de las dos universidades, la UNSL y la UNA, Barreto explic\u00f3 que \u201cson muy similares\u201d porque forman parte de un programa sobre el cual se ha avanzado mucho en los \u00faltimos a\u00f1os.<\/p>\n<p>\u201cNosotros formamos parte de un proceso que se llama Mecanismo de Acreditaci\u00f3n del Mercosur. Tenemos siete carreras de Ingenier\u00eda acreditadas dentro de ese mecanismo, tratando de facilitar la movilidad estudiantil. Creo que esa realidad ya la estamos viviendo\u201d, se\u00f1al\u00f3.<\/p>\n<p>\u201cEn cuanto al intercambio, simplemente pienso que debemos buscar m\u00e1s mecanismos financieros para que podamos tanto enviar como recibir estudiantes y as\u00ed enriquecernos mejor\u201d, a\u00f1adi\u00f3.<\/p>\n<p>Sobre alguna de las ideas que podr\u00edan surgir de estas \u00faltimas actividades de intercambio de experiencias, adelant\u00f3 que se analiza, en el corto o mediano plazo, \u201cimplementar un aula espejo donde podr\u00edamos dar ciertos contenidos en forma simultanea entre las dos universidades, por lo menos en lo que hace a nuestra c\u00e1tedra de Algebra Lineal\u201d.<\/p>\n<p>Por \u00faltimo, agradeci\u00f3 el recibimiento de los docentes y de las autoridades del Centro Universitario. Y, a la vez, elogi\u00f3 a la UNSL: \u201cMe interes\u00f3 venir aqu\u00ed porque en el ranking de las facultades de ingenier\u00eda a nivel nacional est\u00e1n en muy buena posici\u00f3n. Y uno siempre quiere intercambiar con los mejores, por supuesto\u201d.<\/p>\n<p><strong>Nota: Jos\u00e9 Luis Baigorria \u2013 Radio UNSL Villa Mercedes<\/strong><\/p>\n<p>&nbsp;<\/p>\n<p>&nbsp;<\/p>\n","protected":false},"excerpt":{"rendered":"<p>N\u00e9stor Barreto, docente de la Universidad Nacional de Asunci\u00f3n (UNA), de Paraguay, se encuentra en el Centro Universitario Villa Mercedes, de la UNSL, para cumplir&hellip;<\/p>\n","protected":false},"author":9,"featured_media":15549,"comment_status":"closed","ping_status":"closed","sticky":false,"template":"","format":"standard","meta":{"_monsterinsights_skip_tracking":false,"_monsterinsights_sitenote_active":false,"_monsterinsights_sitenote_note":"","_monsterinsights_sitenote_category":0,"_joinchat":[],"footnotes":""},"categories":[19],"tags":[],"class_list":["post-15548","post","type-post","status-publish","format-standard","has-post-thumbnail","hentry","category-noticias"],"yoast_head":"<!-- This site is optimized with the Yoast SEO plugin v27.4 - https:\/\/yoast.com\/product\/yoast-seo-wordpress\/ -->\n<title>Visita de profesor de la Universidad de Paraguay: intercambio acad\u00e9mico y charla con estudiantes - Facultad de Ingenier\u00eda y Ciencias Agropecuarias<\/title>\n<meta name=\"robots\" content=\"index, follow, max-snippet:-1, max-image-preview:large, max-video-preview:-1\" \/>\n<link rel=\"canonical\" href=\"https:\/\/www.fica.unsl.edu.ar\/index.php\/visita-nestor-barreto-una\/\" \/>\n<meta property=\"og:locale\" content=\"es_ES\" \/>\n<meta property=\"og:type\" content=\"article\" \/>\n<meta property=\"og:title\" content=\"Visita de profesor de la Universidad de Paraguay: intercambio acad\u00e9mico y charla con estudiantes - Facultad de Ingenier\u00eda y Ciencias Agropecuarias\" \/>\n<meta property=\"og:description\" content=\"N\u00e9stor Barreto, docente de la Universidad Nacional de Asunci\u00f3n (UNA), de Paraguay, se encuentra en el Centro Universitario Villa Mercedes, de la UNSL, para cumplir&hellip;\" \/>\n<meta property=\"og:url\" content=\"https:\/\/www.fica.unsl.edu.ar\/index.php\/visita-nestor-barreto-una\/\" \/>\n<meta property=\"og:site_name\" content=\"Facultad de Ingenier\u00eda y Ciencias Agropecuarias\" \/>\n<meta property=\"article:publisher\" content=\"https:\/\/www.facebook.com\/FICA.UNSL\/\" \/>\n<meta property=\"article:published_time\" content=\"2023-11-23T13:06:11+00:00\" \/>\n<meta property=\"article:modified_time\" content=\"2023-12-11T11:38:42+00:00\" \/>\n<meta property=\"og:image\" content=\"https:\/\/www.fica.unsl.edu.ar\/wp-content\/uploads\/2023\/11\/Nestor-Barreto-front.jpg\" \/>\n\t<meta property=\"og:image:width\" content=\"1061\" \/>\n\t<meta property=\"og:image:height\" content=\"585\" \/>\n\t<meta property=\"og:image:type\" content=\"image\/jpeg\" \/>\n<meta name=\"author\" content=\"DATI\" \/>\n<meta name=\"twitter:card\" content=\"summary_large_image\" \/>\n<meta name=\"twitter:creator\" content=\"@FICAUNSL\" \/>\n<meta name=\"twitter:site\" content=\"@FICAUNSL\" \/>\n<meta name=\"twitter:label1\" content=\"Escrito por\" \/>\n\t<meta name=\"twitter:data1\" content=\"DATI\" \/>\n\t<meta name=\"twitter:label2\" content=\"Tiempo de lectura\" \/>\n\t<meta name=\"twitter:data2\" content=\"3 minutos\" \/>\n<script type=\"application\/ld+json\" class=\"yoast-schema-graph\">{\"@context\":\"https:\\\/\\\/schema.org\",\"@graph\":[{\"@type\":\"Article\",\"@id\":\"https:\\\/\\\/www.fica.unsl.edu.ar\\\/index.php\\\/visita-nestor-barreto-una\\\/#article\",\"isPartOf\":{\"@id\":\"https:\\\/\\\/www.fica.unsl.edu.ar\\\/index.php\\\/visita-nestor-barreto-una\\\/\"},\"author\":{\"name\":\"DATI\",\"@id\":\"https:\\\/\\\/www.fica.unsl.edu.ar\\\/#\\\/schema\\\/person\\\/6058f9c66301868d3a691b1f5d6c3544\"},\"headline\":\"Visita de profesor de la Universidad de Paraguay: intercambio acad\u00e9mico y charla con estudiantes\",\"datePublished\":\"2023-11-23T13:06:11+00:00\",\"dateModified\":\"2023-12-11T11:38:42+00:00\",\"mainEntityOfPage\":{\"@id\":\"https:\\\/\\\/www.fica.unsl.edu.ar\\\/index.php\\\/visita-nestor-barreto-una\\\/\"},\"wordCount\":641,\"publisher\":{\"@id\":\"https:\\\/\\\/www.fica.unsl.edu.ar\\\/#organization\"},\"image\":{\"@id\":\"https:\\\/\\\/www.fica.unsl.edu.ar\\\/index.php\\\/visita-nestor-barreto-una\\\/#primaryimage\"},\"thumbnailUrl\":\"https:\\\/\\\/www.fica.unsl.edu.ar\\\/wp-content\\\/uploads\\\/2023\\\/11\\\/Nestor-Barreto-front.jpg\",\"articleSection\":[\"Noticias\"],\"inLanguage\":\"es-AR\"},{\"@type\":\"WebPage\",\"@id\":\"https:\\\/\\\/www.fica.unsl.edu.ar\\\/index.php\\\/visita-nestor-barreto-una\\\/\",\"url\":\"https:\\\/\\\/www.fica.unsl.edu.ar\\\/index.php\\\/visita-nestor-barreto-una\\\/\",\"name\":\"Visita de profesor de la Universidad de Paraguay: intercambio acad\u00e9mico y charla con estudiantes - Facultad de Ingenier\u00eda y Ciencias Agropecuarias\",\"isPartOf\":{\"@id\":\"https:\\\/\\\/www.fica.unsl.edu.ar\\\/#website\"},\"primaryImageOfPage\":{\"@id\":\"https:\\\/\\\/www.fica.unsl.edu.ar\\\/index.php\\\/visita-nestor-barreto-una\\\/#primaryimage\"},\"image\":{\"@id\":\"https:\\\/\\\/www.fica.unsl.edu.ar\\\/index.php\\\/visita-nestor-barreto-una\\\/#primaryimage\"},\"thumbnailUrl\":\"https:\\\/\\\/www.fica.unsl.edu.ar\\\/wp-content\\\/uploads\\\/2023\\\/11\\\/Nestor-Barreto-front.jpg\",\"datePublished\":\"2023-11-23T13:06:11+00:00\",\"dateModified\":\"2023-12-11T11:38:42+00:00\",\"inLanguage\":\"es-AR\",\"potentialAction\":[{\"@type\":\"ReadAction\",\"target\":[\"https:\\\/\\\/www.fica.unsl.edu.ar\\\/index.php\\\/visita-nestor-barreto-una\\\/\"]}]},{\"@type\":\"ImageObject\",\"inLanguage\":\"es-AR\",\"@id\":\"https:\\\/\\\/www.fica.unsl.edu.ar\\\/index.php\\\/visita-nestor-barreto-una\\\/#primaryimage\",\"url\":\"https:\\\/\\\/www.fica.unsl.edu.ar\\\/wp-content\\\/uploads\\\/2023\\\/11\\\/Nestor-Barreto-front.jpg\",\"contentUrl\":\"https:\\\/\\\/www.fica.unsl.edu.ar\\\/wp-content\\\/uploads\\\/2023\\\/11\\\/Nestor-Barreto-front.jpg\",\"width\":1061,\"height\":585},{\"@type\":\"WebSite\",\"@id\":\"https:\\\/\\\/www.fica.unsl.edu.ar\\\/#website\",\"url\":\"https:\\\/\\\/www.fica.unsl.edu.ar\\\/\",\"name\":\"Facultad de Ingenier\u00eda y Ciencias Agropecuarias\",\"description\":\"\",\"publisher\":{\"@id\":\"https:\\\/\\\/www.fica.unsl.edu.ar\\\/#organization\"},\"potentialAction\":[{\"@type\":\"SearchAction\",\"target\":{\"@type\":\"EntryPoint\",\"urlTemplate\":\"https:\\\/\\\/www.fica.unsl.edu.ar\\\/?s={search_term_string}\"},\"query-input\":{\"@type\":\"PropertyValueSpecification\",\"valueRequired\":true,\"valueName\":\"search_term_string\"}}],\"inLanguage\":\"es-AR\"},{\"@type\":\"Organization\",\"@id\":\"https:\\\/\\\/www.fica.unsl.edu.ar\\\/#organization\",\"name\":\"Facultad de Ingenier\u00eda y Ciencias Agropecuarias\",\"url\":\"https:\\\/\\\/www.fica.unsl.edu.ar\\\/\",\"logo\":{\"@type\":\"ImageObject\",\"inLanguage\":\"es-AR\",\"@id\":\"https:\\\/\\\/www.fica.unsl.edu.ar\\\/#\\\/schema\\\/logo\\\/image\\\/\",\"url\":\"https:\\\/\\\/www.fica.unsl.edu.ar\\\/wp-content\\\/uploads\\\/2021\\\/03\\\/LOGO-1.jpg\",\"contentUrl\":\"https:\\\/\\\/www.fica.unsl.edu.ar\\\/wp-content\\\/uploads\\\/2021\\\/03\\\/LOGO-1.jpg\",\"width\":463,\"height\":145,\"caption\":\"Facultad de Ingenier\u00eda y Ciencias Agropecuarias\"},\"image\":{\"@id\":\"https:\\\/\\\/www.fica.unsl.edu.ar\\\/#\\\/schema\\\/logo\\\/image\\\/\"},\"sameAs\":[\"https:\\\/\\\/www.facebook.com\\\/FICA.UNSL\\\/\",\"https:\\\/\\\/x.com\\\/FICAUNSL\",\"https:\\\/\\\/www.instagram.com\\\/fica.unsl\\\/\",\"https:\\\/\\\/www.youtube.com\\\/channel\\\/UCs2MM53gb2PyBrMySdtWZDQ\"]},{\"@type\":\"Person\",\"@id\":\"https:\\\/\\\/www.fica.unsl.edu.ar\\\/#\\\/schema\\\/person\\\/6058f9c66301868d3a691b1f5d6c3544\",\"name\":\"DATI\"}]}<\/script>\n<!-- \/ Yoast SEO plugin. -->","yoast_head_json":{"title":"Visita de profesor de la Universidad de Paraguay: intercambio acad\u00e9mico y charla con estudiantes - Facultad de Ingenier\u00eda y Ciencias Agropecuarias","robots":{"index":"index","follow":"follow","max-snippet":"max-snippet:-1","max-image-preview":"max-image-preview:large","max-video-preview":"max-video-preview:-1"},"canonical":"https:\/\/www.fica.unsl.edu.ar\/index.php\/visita-nestor-barreto-una\/","og_locale":"es_ES","og_type":"article","og_title":"Visita de profesor de la Universidad de Paraguay: intercambio acad\u00e9mico y charla con estudiantes - Facultad de Ingenier\u00eda y Ciencias Agropecuarias","og_description":"N\u00e9stor Barreto, docente de la Universidad Nacional de Asunci\u00f3n (UNA), de Paraguay, se encuentra en el Centro Universitario Villa Mercedes, de la UNSL, para cumplir&hellip;","og_url":"https:\/\/www.fica.unsl.edu.ar\/index.php\/visita-nestor-barreto-una\/","og_site_name":"Facultad de Ingenier\u00eda y Ciencias Agropecuarias","article_publisher":"https:\/\/www.facebook.com\/FICA.UNSL\/","article_published_time":"2023-11-23T13:06:11+00:00","article_modified_time":"2023-12-11T11:38:42+00:00","og_image":[{"width":1061,"height":585,"url":"https:\/\/www.fica.unsl.edu.ar\/wp-content\/uploads\/2023\/11\/Nestor-Barreto-front.jpg","type":"image\/jpeg"}],"author":"DATI","twitter_card":"summary_large_image","twitter_creator":"@FICAUNSL","twitter_site":"@FICAUNSL","twitter_misc":{"Escrito por":"DATI","Tiempo de lectura":"3 minutos"},"schema":{"@context":"https:\/\/schema.org","@graph":[{"@type":"Article","@id":"https:\/\/www.fica.unsl.edu.ar\/index.php\/visita-nestor-barreto-una\/#article","isPartOf":{"@id":"https:\/\/www.fica.unsl.edu.ar\/index.php\/visita-nestor-barreto-una\/"},"author":{"name":"DATI","@id":"https:\/\/www.fica.unsl.edu.ar\/#\/schema\/person\/6058f9c66301868d3a691b1f5d6c3544"},"headline":"Visita de profesor de la Universidad de Paraguay: intercambio acad\u00e9mico y charla con estudiantes","datePublished":"2023-11-23T13:06:11+00:00","dateModified":"2023-12-11T11:38:42+00:00","mainEntityOfPage":{"@id":"https:\/\/www.fica.unsl.edu.ar\/index.php\/visita-nestor-barreto-una\/"},"wordCount":641,"publisher":{"@id":"https:\/\/www.fica.unsl.edu.ar\/#organization"},"image":{"@id":"https:\/\/www.fica.unsl.edu.ar\/index.php\/visita-nestor-barreto-una\/#primaryimage"},"thumbnailUrl":"https:\/\/www.fica.unsl.edu.ar\/wp-content\/uploads\/2023\/11\/Nestor-Barreto-front.jpg","articleSection":["Noticias"],"inLanguage":"es-AR"},{"@type":"WebPage","@id":"https:\/\/www.fica.unsl.edu.ar\/index.php\/visita-nestor-barreto-una\/","url":"https:\/\/www.fica.unsl.edu.ar\/index.php\/visita-nestor-barreto-una\/","name":"Visita de profesor de la Universidad de Paraguay: intercambio acad\u00e9mico y charla con estudiantes - Facultad de Ingenier\u00eda y Ciencias Agropecuarias","isPartOf":{"@id":"https:\/\/www.fica.unsl.edu.ar\/#website"},"primaryImageOfPage":{"@id":"https:\/\/www.fica.unsl.edu.ar\/index.php\/visita-nestor-barreto-una\/#primaryimage"},"image":{"@id":"https:\/\/www.fica.unsl.edu.ar\/index.php\/visita-nestor-barreto-una\/#primaryimage"},"thumbnailUrl":"https:\/\/www.fica.unsl.edu.ar\/wp-content\/uploads\/2023\/11\/Nestor-Barreto-front.jpg","datePublished":"2023-11-23T13:06:11+00:00","dateModified":"2023-12-11T11:38:42+00:00","inLanguage":"es-AR","potentialAction":[{"@type":"ReadAction","target":["https:\/\/www.fica.unsl.edu.ar\/index.php\/visita-nestor-barreto-una\/"]}]},{"@type":"ImageObject","inLanguage":"es-AR","@id":"https:\/\/www.fica.unsl.edu.ar\/index.php\/visita-nestor-barreto-una\/#primaryimage","url":"https:\/\/www.fica.unsl.edu.ar\/wp-content\/uploads\/2023\/11\/Nestor-Barreto-front.jpg","contentUrl":"https:\/\/www.fica.unsl.edu.ar\/wp-content\/uploads\/2023\/11\/Nestor-Barreto-front.jpg","width":1061,"height":585},{"@type":"WebSite","@id":"https:\/\/www.fica.unsl.edu.ar\/#website","url":"https:\/\/www.fica.unsl.edu.ar\/","name":"Facultad de Ingenier\u00eda y Ciencias Agropecuarias","description":"","publisher":{"@id":"https:\/\/www.fica.unsl.edu.ar\/#organization"},"potentialAction":[{"@type":"SearchAction","target":{"@type":"EntryPoint","urlTemplate":"https:\/\/www.fica.unsl.edu.ar\/?s={search_term_string}"},"query-input":{"@type":"PropertyValueSpecification","valueRequired":true,"valueName":"search_term_string"}}],"inLanguage":"es-AR"},{"@type":"Organization","@id":"https:\/\/www.fica.unsl.edu.ar\/#organization","name":"Facultad de Ingenier\u00eda y Ciencias Agropecuarias","url":"https:\/\/www.fica.unsl.edu.ar\/","logo":{"@type":"ImageObject","inLanguage":"es-AR","@id":"https:\/\/www.fica.unsl.edu.ar\/#\/schema\/logo\/image\/","url":"https:\/\/www.fica.unsl.edu.ar\/wp-content\/uploads\/2021\/03\/LOGO-1.jpg","contentUrl":"https:\/\/www.fica.unsl.edu.ar\/wp-content\/uploads\/2021\/03\/LOGO-1.jpg","width":463,"height":145,"caption":"Facultad de Ingenier\u00eda y Ciencias Agropecuarias"},"image":{"@id":"https:\/\/www.fica.unsl.edu.ar\/#\/schema\/logo\/image\/"},"sameAs":["https:\/\/www.facebook.com\/FICA.UNSL\/","https:\/\/x.com\/FICAUNSL","https:\/\/www.instagram.com\/fica.unsl\/","https:\/\/www.youtube.com\/channel\/UCs2MM53gb2PyBrMySdtWZDQ"]},{"@type":"Person","@id":"https:\/\/www.fica.unsl.edu.ar\/#\/schema\/person\/6058f9c66301868d3a691b1f5d6c3544","name":"DATI"}]}},"_links":{"self":[{"href":"https:\/\/www.fica.unsl.edu.ar\/index.php\/wp-json\/wp\/v2\/posts\/15548","targetHints":{"allow":["GET"]}}],"collection":[{"href":"https:\/\/www.fica.unsl.edu.ar\/index.php\/wp-json\/wp\/v2\/posts"}],"about":[{"href":"https:\/\/www.fica.unsl.edu.ar\/index.php\/wp-json\/wp\/v2\/types\/post"}],"author":[{"embeddable":true,"href":"https:\/\/www.fica.unsl.edu.ar\/index.php\/wp-json\/wp\/v2\/users\/9"}],"replies":[{"embeddable":true,"href":"https:\/\/www.fica.unsl.edu.ar\/index.php\/wp-json\/wp\/v2\/comments?post=15548"}],"version-history":[{"count":1,"href":"https:\/\/www.fica.unsl.edu.ar\/index.php\/wp-json\/wp\/v2\/posts\/15548\/revisions"}],"predecessor-version":[{"id":15550,"href":"https:\/\/www.fica.unsl.edu.ar\/index.php\/wp-json\/wp\/v2\/posts\/15548\/revisions\/15550"}],"wp:featuredmedia":[{"embeddable":true,"href":"https:\/\/www.fica.unsl.edu.ar\/index.php\/wp-json\/wp\/v2\/media\/15549"}],"wp:attachment":[{"href":"https:\/\/www.fica.unsl.edu.ar\/index.php\/wp-json\/wp\/v2\/media?parent=15548"}],"wp:term":[{"taxonomy":"category","embeddable":true,"href":"https:\/\/www.fica.unsl.edu.ar\/index.php\/wp-json\/wp\/v2\/categories?post=15548"},{"taxonomy":"post_tag","embeddable":true,"href":"https:\/\/www.fica.unsl.edu.ar\/index.php\/wp-json\/wp\/v2\/tags?post=15548"}],"curies":[{"name":"wp","href":"https:\/\/api.w.org\/{rel}","templated":true}]}}