{"id":15865,"date":"2023-12-15T14:27:34","date_gmt":"2023-12-15T17:27:34","guid":{"rendered":"http:\/\/10.101.10.196\/www\/?p=15865"},"modified":"2023-12-22T11:29:19","modified_gmt":"2023-12-22T14:29:19","slug":"seu-unsl-se-prorroga-la-presentacion-de-ideas-proyecto-hasta-el-jueves-21-de-diciembre","status":"publish","type":"post","link":"https:\/\/www.fica.unsl.edu.ar\/index.php\/seu-unsl-se-prorroga-la-presentacion-de-ideas-proyecto-hasta-el-jueves-21-de-diciembre\/","title":{"rendered":"SEU UNSL: Se prorroga la presentaci\u00f3n de Ideas Proyecto hasta el jueves 21 de diciembre."},"content":{"rendered":"<p style=\"font-weight: 400;\"><b><strong>\u00a1ATENCI\u00d3N! Se prorroga la presentaci\u00f3n de Ideas Proyecto hasta el jueves 21 de diciembre.<\/strong><\/b><\/p>\n<p style=\"font-weight: 400;\"><b><strong>La Secretar\u00eda de Extensi\u00f3n Universitaria (SEU) abre el llamado a la presentaci\u00f3n de Proyectos de Extensi\u00f3n de Inter\u00e9s Social (PEIS) 2024. En primera instancia, se recibir\u00e1n las Ideas Proyecto (IP), v\u00eda formulario online.<\/strong><\/b><\/p>\n<p style=\"font-weight: 400;\">Las mismas deben sintetizar la propuesta que se pretenda formular en relaci\u00f3n a ejes como educaci\u00f3n, discapacidad, h\u00e1bitat, cuidado del ambiente, energ\u00edas renovables, salud, derechos humanos, sistema econ\u00f3mico-productivo, econom\u00eda social solidaria, g\u00e9neros, entre otros temas de \u00edndole social.<\/p>\n<p style=\"font-weight: 400;\">Se valorar\u00e1n especialmente aquellas que prevean desarrollar actividades en m\u00e1s de 1 Centro Universitario y fuera del \u00e1mbito de la UNSL. Si el proyecto incluye actividades de capacitaci\u00f3n, \u00e9stas se deber\u00e1n protocolizar separadamente por la SEU de Rectorado o en Unidades Acad\u00e9micas.<\/p>\n<p style=\"font-weight: 400;\">Los Proyectos de Extensi\u00f3n son dispositivos que promueven la articulaci\u00f3n y vinculaci\u00f3n entre la Universidad y el medio social. De igual modo, los PEIS se orientan al abordaje de problem\u00e1ticas socio-econ\u00f3micas, socio-ambientales y\/o socio-culturales en forma interdisciplinaria y conjunta con las organizaciones destinatarias del medio. Se busca contribuir a la promoci\u00f3n de la expansi\u00f3n de las capacidades humanas de la poblaci\u00f3n objetivo, con una meta clara en relaci\u00f3n con el mejoramiento de la calidad de vida y asegurando el impacto de sus acciones.<\/p>\n<p style=\"font-weight: 400;\">Desde la UNSL se tiene el objetivo de atender las transformaciones sociales, culturales y productivas. A trav\u00e9s de la asignaci\u00f3n de recursos humanos, materiales y financiamiento fomentan el desarrollo de las estrategias de abordaje territorial y las pr\u00e1cticas extensionistas para fortalecer el logro de objetivos espec\u00edficos y promover la accesibilidad a los derechos. Asimismo, la Universidad promueve la internacionalizaci\u00f3n de la extensi\u00f3n, por lo que se incorpora la posibilidad de que los proyectos reciban voluntarios provenientes de los programas de intercambio internacional de la Instituci\u00f3n.<\/p>\n<p style=\"font-weight: 400;\">En la\u00a0<b><strong><a href=\"https:\/\/drive.google.com\/file\/d\/1Ujb81O7J0cssB7keW06ACgRfW-UzQFhj\/view\">Resoluci\u00f3n del Consejo Superior 347\/2023<\/a><\/strong><\/b>\u00a0se detallan las bases y el cronograma de la convocatoria. La presentaci\u00f3n final de los proyectos ser\u00e1 desde el 21 de diciembre hasta el 24 de febrero de 2024, mediante formulario. El mismo ser\u00e1 enviado a quienes hayan presentado y aprobado la IP y deber\u00e1 remitirse en formato PDF al correo:\u00a0<a href=\"http:\/\/www.noticias.unsl.edu.ar\/04\/12\/2023\/convocan-a-presentar-proyectos-de-extension-de-interes-social\/peisseu@gmail.com\">peisseu@gmail.com<\/a><\/p>\n<p style=\"font-weight: 400;\">Para la presentaci\u00f3n de la IP se deber\u00e1 completar el siguiente\u00a0<a href=\"https:\/\/forms.gle\/V43GvW7ZLJhoPeKv7\"><b><strong>formulario<\/strong><\/b><\/a>.<\/p>\n<p style=\"font-weight: 400;\">Fuente period\u00edstica:\u00a0<a href=\"http:\/\/www.noticias.unsl.edu.ar\/04\/12\/2023\/convocan-a-presentar-proyectos-de-extension-de-interes-social\/\">Prensa Institucional de la UNSL<\/a><\/p>\n<p style=\"font-weight: 400;\">\n","protected":false},"excerpt":{"rendered":"<p>\u00a1ATENCI\u00d3N! Se prorroga la presentaci\u00f3n de Ideas Proyecto hasta el jueves 21 de diciembre. La Secretar\u00eda de Extensi\u00f3n Universitaria (SEU) abre el llamado a la&hellip;<\/p>\n","protected":false},"author":9,"featured_media":15761,"comment_status":"closed","ping_status":"closed","sticky":false,"template":"","format":"standard","meta":{"_monsterinsights_skip_tracking":false,"_monsterinsights_sitenote_active":false,"_monsterinsights_sitenote_note":"","_monsterinsights_sitenote_category":0,"_joinchat":[],"footnotes":""},"categories":[19],"tags":[],"class_list":["post-15865","post","type-post","status-publish","format-standard","has-post-thumbnail","hentry","category-noticias"],"yoast_head":"<!-- This site is optimized with the Yoast SEO plugin v27.4 - https:\/\/yoast.com\/product\/yoast-seo-wordpress\/ -->\n<title>SEU UNSL: Se prorroga la presentaci\u00f3n de Ideas Proyecto hasta el jueves 21 de diciembre. - Facultad de Ingenier\u00eda y Ciencias Agropecuarias<\/title>\n<meta name=\"robots\" content=\"index, follow, max-snippet:-1, max-image-preview:large, max-video-preview:-1\" \/>\n<link rel=\"canonical\" href=\"https:\/\/www.fica.unsl.edu.ar\/index.php\/seu-unsl-se-prorroga-la-presentacion-de-ideas-proyecto-hasta-el-jueves-21-de-diciembre\/\" \/>\n<meta property=\"og:locale\" content=\"es_ES\" \/>\n<meta property=\"og:type\" content=\"article\" \/>\n<meta property=\"og:title\" content=\"SEU UNSL: Se prorroga la presentaci\u00f3n de Ideas Proyecto hasta el jueves 21 de diciembre. - Facultad de Ingenier\u00eda y Ciencias Agropecuarias\" \/>\n<meta property=\"og:description\" content=\"\u00a1ATENCI\u00d3N! Se prorroga la presentaci\u00f3n de Ideas Proyecto hasta el jueves 21 de diciembre. La Secretar\u00eda de Extensi\u00f3n Universitaria (SEU) abre el llamado a la&hellip;\" \/>\n<meta property=\"og:url\" content=\"https:\/\/www.fica.unsl.edu.ar\/index.php\/seu-unsl-se-prorroga-la-presentacion-de-ideas-proyecto-hasta-el-jueves-21-de-diciembre\/\" \/>\n<meta property=\"og:site_name\" content=\"Facultad de Ingenier\u00eda y Ciencias Agropecuarias\" \/>\n<meta property=\"article:publisher\" content=\"https:\/\/www.facebook.com\/FICA.UNSL\/\" \/>\n<meta property=\"article:published_time\" content=\"2023-12-15T17:27:34+00:00\" \/>\n<meta property=\"article:modified_time\" content=\"2023-12-22T14:29:19+00:00\" \/>\n<meta property=\"og:image\" content=\"https:\/\/www.fica.unsl.edu.ar\/wp-content\/uploads\/2023\/12\/peis-convocatoria-front.jpg\" \/>\n\t<meta property=\"og:image:width\" content=\"1061\" \/>\n\t<meta property=\"og:image:height\" content=\"585\" \/>\n\t<meta property=\"og:image:type\" content=\"image\/jpeg\" \/>\n<meta name=\"author\" content=\"DATI\" \/>\n<meta name=\"twitter:card\" content=\"summary_large_image\" \/>\n<meta name=\"twitter:creator\" content=\"@FICAUNSL\" \/>\n<meta name=\"twitter:site\" content=\"@FICAUNSL\" \/>\n<meta name=\"twitter:label1\" content=\"Escrito por\" \/>\n\t<meta name=\"twitter:data1\" content=\"DATI\" \/>\n\t<meta name=\"twitter:label2\" content=\"Tiempo de lectura\" \/>\n\t<meta name=\"twitter:data2\" content=\"2 minutos\" \/>\n<script type=\"application\/ld+json\" class=\"yoast-schema-graph\">{\"@context\":\"https:\\\/\\\/schema.org\",\"@graph\":[{\"@type\":\"Article\",\"@id\":\"https:\\\/\\\/www.fica.unsl.edu.ar\\\/index.php\\\/seu-unsl-se-prorroga-la-presentacion-de-ideas-proyecto-hasta-el-jueves-21-de-diciembre\\\/#article\",\"isPartOf\":{\"@id\":\"https:\\\/\\\/www.fica.unsl.edu.ar\\\/index.php\\\/seu-unsl-se-prorroga-la-presentacion-de-ideas-proyecto-hasta-el-jueves-21-de-diciembre\\\/\"},\"author\":{\"name\":\"DATI\",\"@id\":\"https:\\\/\\\/www.fica.unsl.edu.ar\\\/#\\\/schema\\\/person\\\/6058f9c66301868d3a691b1f5d6c3544\"},\"headline\":\"SEU UNSL: Se prorroga la presentaci\u00f3n de Ideas Proyecto hasta el jueves 21 de diciembre.\",\"datePublished\":\"2023-12-15T17:27:34+00:00\",\"dateModified\":\"2023-12-22T14:29:19+00:00\",\"mainEntityOfPage\":{\"@id\":\"https:\\\/\\\/www.fica.unsl.edu.ar\\\/index.php\\\/seu-unsl-se-prorroga-la-presentacion-de-ideas-proyecto-hasta-el-jueves-21-de-diciembre\\\/\"},\"wordCount\":425,\"publisher\":{\"@id\":\"https:\\\/\\\/www.fica.unsl.edu.ar\\\/#organization\"},\"image\":{\"@id\":\"https:\\\/\\\/www.fica.unsl.edu.ar\\\/index.php\\\/seu-unsl-se-prorroga-la-presentacion-de-ideas-proyecto-hasta-el-jueves-21-de-diciembre\\\/#primaryimage\"},\"thumbnailUrl\":\"https:\\\/\\\/www.fica.unsl.edu.ar\\\/wp-content\\\/uploads\\\/2023\\\/12\\\/peis-convocatoria-front.jpg\",\"articleSection\":[\"Noticias\"],\"inLanguage\":\"es-AR\"},{\"@type\":\"WebPage\",\"@id\":\"https:\\\/\\\/www.fica.unsl.edu.ar\\\/index.php\\\/seu-unsl-se-prorroga-la-presentacion-de-ideas-proyecto-hasta-el-jueves-21-de-diciembre\\\/\",\"url\":\"https:\\\/\\\/www.fica.unsl.edu.ar\\\/index.php\\\/seu-unsl-se-prorroga-la-presentacion-de-ideas-proyecto-hasta-el-jueves-21-de-diciembre\\\/\",\"name\":\"SEU UNSL: Se prorroga la presentaci\u00f3n de Ideas Proyecto hasta el jueves 21 de diciembre. - Facultad de Ingenier\u00eda y Ciencias Agropecuarias\",\"isPartOf\":{\"@id\":\"https:\\\/\\\/www.fica.unsl.edu.ar\\\/#website\"},\"primaryImageOfPage\":{\"@id\":\"https:\\\/\\\/www.fica.unsl.edu.ar\\\/index.php\\\/seu-unsl-se-prorroga-la-presentacion-de-ideas-proyecto-hasta-el-jueves-21-de-diciembre\\\/#primaryimage\"},\"image\":{\"@id\":\"https:\\\/\\\/www.fica.unsl.edu.ar\\\/index.php\\\/seu-unsl-se-prorroga-la-presentacion-de-ideas-proyecto-hasta-el-jueves-21-de-diciembre\\\/#primaryimage\"},\"thumbnailUrl\":\"https:\\\/\\\/www.fica.unsl.edu.ar\\\/wp-content\\\/uploads\\\/2023\\\/12\\\/peis-convocatoria-front.jpg\",\"datePublished\":\"2023-12-15T17:27:34+00:00\",\"dateModified\":\"2023-12-22T14:29:19+00:00\",\"inLanguage\":\"es-AR\",\"potentialAction\":[{\"@type\":\"ReadAction\",\"target\":[\"https:\\\/\\\/www.fica.unsl.edu.ar\\\/index.php\\\/seu-unsl-se-prorroga-la-presentacion-de-ideas-proyecto-hasta-el-jueves-21-de-diciembre\\\/\"]}]},{\"@type\":\"ImageObject\",\"inLanguage\":\"es-AR\",\"@id\":\"https:\\\/\\\/www.fica.unsl.edu.ar\\\/index.php\\\/seu-unsl-se-prorroga-la-presentacion-de-ideas-proyecto-hasta-el-jueves-21-de-diciembre\\\/#primaryimage\",\"url\":\"https:\\\/\\\/www.fica.unsl.edu.ar\\\/wp-content\\\/uploads\\\/2023\\\/12\\\/peis-convocatoria-front.jpg\",\"contentUrl\":\"https:\\\/\\\/www.fica.unsl.edu.ar\\\/wp-content\\\/uploads\\\/2023\\\/12\\\/peis-convocatoria-front.jpg\",\"width\":1061,\"height\":585},{\"@type\":\"WebSite\",\"@id\":\"https:\\\/\\\/www.fica.unsl.edu.ar\\\/#website\",\"url\":\"https:\\\/\\\/www.fica.unsl.edu.ar\\\/\",\"name\":\"Facultad de Ingenier\u00eda y Ciencias Agropecuarias\",\"description\":\"\",\"publisher\":{\"@id\":\"https:\\\/\\\/www.fica.unsl.edu.ar\\\/#organization\"},\"potentialAction\":[{\"@type\":\"SearchAction\",\"target\":{\"@type\":\"EntryPoint\",\"urlTemplate\":\"https:\\\/\\\/www.fica.unsl.edu.ar\\\/?s={search_term_string}\"},\"query-input\":{\"@type\":\"PropertyValueSpecification\",\"valueRequired\":true,\"valueName\":\"search_term_string\"}}],\"inLanguage\":\"es-AR\"},{\"@type\":\"Organization\",\"@id\":\"https:\\\/\\\/www.fica.unsl.edu.ar\\\/#organization\",\"name\":\"Facultad de Ingenier\u00eda y Ciencias Agropecuarias\",\"url\":\"https:\\\/\\\/www.fica.unsl.edu.ar\\\/\",\"logo\":{\"@type\":\"ImageObject\",\"inLanguage\":\"es-AR\",\"@id\":\"https:\\\/\\\/www.fica.unsl.edu.ar\\\/#\\\/schema\\\/logo\\\/image\\\/\",\"url\":\"https:\\\/\\\/www.fica.unsl.edu.ar\\\/wp-content\\\/uploads\\\/2021\\\/03\\\/LOGO-1.jpg\",\"contentUrl\":\"https:\\\/\\\/www.fica.unsl.edu.ar\\\/wp-content\\\/uploads\\\/2021\\\/03\\\/LOGO-1.jpg\",\"width\":463,\"height\":145,\"caption\":\"Facultad de Ingenier\u00eda y Ciencias Agropecuarias\"},\"image\":{\"@id\":\"https:\\\/\\\/www.fica.unsl.edu.ar\\\/#\\\/schema\\\/logo\\\/image\\\/\"},\"sameAs\":[\"https:\\\/\\\/www.facebook.com\\\/FICA.UNSL\\\/\",\"https:\\\/\\\/x.com\\\/FICAUNSL\",\"https:\\\/\\\/www.instagram.com\\\/fica.unsl\\\/\",\"https:\\\/\\\/www.youtube.com\\\/channel\\\/UCs2MM53gb2PyBrMySdtWZDQ\"]},{\"@type\":\"Person\",\"@id\":\"https:\\\/\\\/www.fica.unsl.edu.ar\\\/#\\\/schema\\\/person\\\/6058f9c66301868d3a691b1f5d6c3544\",\"name\":\"DATI\"}]}<\/script>\n<!-- \/ Yoast SEO plugin. -->","yoast_head_json":{"title":"SEU UNSL: Se prorroga la presentaci\u00f3n de Ideas Proyecto hasta el jueves 21 de diciembre. - Facultad de Ingenier\u00eda y Ciencias Agropecuarias","robots":{"index":"index","follow":"follow","max-snippet":"max-snippet:-1","max-image-preview":"max-image-preview:large","max-video-preview":"max-video-preview:-1"},"canonical":"https:\/\/www.fica.unsl.edu.ar\/index.php\/seu-unsl-se-prorroga-la-presentacion-de-ideas-proyecto-hasta-el-jueves-21-de-diciembre\/","og_locale":"es_ES","og_type":"article","og_title":"SEU UNSL: Se prorroga la presentaci\u00f3n de Ideas Proyecto hasta el jueves 21 de diciembre. - Facultad de Ingenier\u00eda y Ciencias Agropecuarias","og_description":"\u00a1ATENCI\u00d3N! Se prorroga la presentaci\u00f3n de Ideas Proyecto hasta el jueves 21 de diciembre. La Secretar\u00eda de Extensi\u00f3n Universitaria (SEU) abre el llamado a la&hellip;","og_url":"https:\/\/www.fica.unsl.edu.ar\/index.php\/seu-unsl-se-prorroga-la-presentacion-de-ideas-proyecto-hasta-el-jueves-21-de-diciembre\/","og_site_name":"Facultad de Ingenier\u00eda y Ciencias Agropecuarias","article_publisher":"https:\/\/www.facebook.com\/FICA.UNSL\/","article_published_time":"2023-12-15T17:27:34+00:00","article_modified_time":"2023-12-22T14:29:19+00:00","og_image":[{"width":1061,"height":585,"url":"https:\/\/www.fica.unsl.edu.ar\/wp-content\/uploads\/2023\/12\/peis-convocatoria-front.jpg","type":"image\/jpeg"}],"author":"DATI","twitter_card":"summary_large_image","twitter_creator":"@FICAUNSL","twitter_site":"@FICAUNSL","twitter_misc":{"Escrito por":"DATI","Tiempo de lectura":"2 minutos"},"schema":{"@context":"https:\/\/schema.org","@graph":[{"@type":"Article","@id":"https:\/\/www.fica.unsl.edu.ar\/index.php\/seu-unsl-se-prorroga-la-presentacion-de-ideas-proyecto-hasta-el-jueves-21-de-diciembre\/#article","isPartOf":{"@id":"https:\/\/www.fica.unsl.edu.ar\/index.php\/seu-unsl-se-prorroga-la-presentacion-de-ideas-proyecto-hasta-el-jueves-21-de-diciembre\/"},"author":{"name":"DATI","@id":"https:\/\/www.fica.unsl.edu.ar\/#\/schema\/person\/6058f9c66301868d3a691b1f5d6c3544"},"headline":"SEU UNSL: Se prorroga la presentaci\u00f3n de Ideas Proyecto hasta el jueves 21 de diciembre.","datePublished":"2023-12-15T17:27:34+00:00","dateModified":"2023-12-22T14:29:19+00:00","mainEntityOfPage":{"@id":"https:\/\/www.fica.unsl.edu.ar\/index.php\/seu-unsl-se-prorroga-la-presentacion-de-ideas-proyecto-hasta-el-jueves-21-de-diciembre\/"},"wordCount":425,"publisher":{"@id":"https:\/\/www.fica.unsl.edu.ar\/#organization"},"image":{"@id":"https:\/\/www.fica.unsl.edu.ar\/index.php\/seu-unsl-se-prorroga-la-presentacion-de-ideas-proyecto-hasta-el-jueves-21-de-diciembre\/#primaryimage"},"thumbnailUrl":"https:\/\/www.fica.unsl.edu.ar\/wp-content\/uploads\/2023\/12\/peis-convocatoria-front.jpg","articleSection":["Noticias"],"inLanguage":"es-AR"},{"@type":"WebPage","@id":"https:\/\/www.fica.unsl.edu.ar\/index.php\/seu-unsl-se-prorroga-la-presentacion-de-ideas-proyecto-hasta-el-jueves-21-de-diciembre\/","url":"https:\/\/www.fica.unsl.edu.ar\/index.php\/seu-unsl-se-prorroga-la-presentacion-de-ideas-proyecto-hasta-el-jueves-21-de-diciembre\/","name":"SEU UNSL: Se prorroga la presentaci\u00f3n de Ideas Proyecto hasta el jueves 21 de diciembre. - Facultad de Ingenier\u00eda y Ciencias Agropecuarias","isPartOf":{"@id":"https:\/\/www.fica.unsl.edu.ar\/#website"},"primaryImageOfPage":{"@id":"https:\/\/www.fica.unsl.edu.ar\/index.php\/seu-unsl-se-prorroga-la-presentacion-de-ideas-proyecto-hasta-el-jueves-21-de-diciembre\/#primaryimage"},"image":{"@id":"https:\/\/www.fica.unsl.edu.ar\/index.php\/seu-unsl-se-prorroga-la-presentacion-de-ideas-proyecto-hasta-el-jueves-21-de-diciembre\/#primaryimage"},"thumbnailUrl":"https:\/\/www.fica.unsl.edu.ar\/wp-content\/uploads\/2023\/12\/peis-convocatoria-front.jpg","datePublished":"2023-12-15T17:27:34+00:00","dateModified":"2023-12-22T14:29:19+00:00","inLanguage":"es-AR","potentialAction":[{"@type":"ReadAction","target":["https:\/\/www.fica.unsl.edu.ar\/index.php\/seu-unsl-se-prorroga-la-presentacion-de-ideas-proyecto-hasta-el-jueves-21-de-diciembre\/"]}]},{"@type":"ImageObject","inLanguage":"es-AR","@id":"https:\/\/www.fica.unsl.edu.ar\/index.php\/seu-unsl-se-prorroga-la-presentacion-de-ideas-proyecto-hasta-el-jueves-21-de-diciembre\/#primaryimage","url":"https:\/\/www.fica.unsl.edu.ar\/wp-content\/uploads\/2023\/12\/peis-convocatoria-front.jpg","contentUrl":"https:\/\/www.fica.unsl.edu.ar\/wp-content\/uploads\/2023\/12\/peis-convocatoria-front.jpg","width":1061,"height":585},{"@type":"WebSite","@id":"https:\/\/www.fica.unsl.edu.ar\/#website","url":"https:\/\/www.fica.unsl.edu.ar\/","name":"Facultad de Ingenier\u00eda y Ciencias Agropecuarias","description":"","publisher":{"@id":"https:\/\/www.fica.unsl.edu.ar\/#organization"},"potentialAction":[{"@type":"SearchAction","target":{"@type":"EntryPoint","urlTemplate":"https:\/\/www.fica.unsl.edu.ar\/?s={search_term_string}"},"query-input":{"@type":"PropertyValueSpecification","valueRequired":true,"valueName":"search_term_string"}}],"inLanguage":"es-AR"},{"@type":"Organization","@id":"https:\/\/www.fica.unsl.edu.ar\/#organization","name":"Facultad de Ingenier\u00eda y Ciencias Agropecuarias","url":"https:\/\/www.fica.unsl.edu.ar\/","logo":{"@type":"ImageObject","inLanguage":"es-AR","@id":"https:\/\/www.fica.unsl.edu.ar\/#\/schema\/logo\/image\/","url":"https:\/\/www.fica.unsl.edu.ar\/wp-content\/uploads\/2021\/03\/LOGO-1.jpg","contentUrl":"https:\/\/www.fica.unsl.edu.ar\/wp-content\/uploads\/2021\/03\/LOGO-1.jpg","width":463,"height":145,"caption":"Facultad de Ingenier\u00eda y Ciencias Agropecuarias"},"image":{"@id":"https:\/\/www.fica.unsl.edu.ar\/#\/schema\/logo\/image\/"},"sameAs":["https:\/\/www.facebook.com\/FICA.UNSL\/","https:\/\/x.com\/FICAUNSL","https:\/\/www.instagram.com\/fica.unsl\/","https:\/\/www.youtube.com\/channel\/UCs2MM53gb2PyBrMySdtWZDQ"]},{"@type":"Person","@id":"https:\/\/www.fica.unsl.edu.ar\/#\/schema\/person\/6058f9c66301868d3a691b1f5d6c3544","name":"DATI"}]}},"_links":{"self":[{"href":"https:\/\/www.fica.unsl.edu.ar\/index.php\/wp-json\/wp\/v2\/posts\/15865","targetHints":{"allow":["GET"]}}],"collection":[{"href":"https:\/\/www.fica.unsl.edu.ar\/index.php\/wp-json\/wp\/v2\/posts"}],"about":[{"href":"https:\/\/www.fica.unsl.edu.ar\/index.php\/wp-json\/wp\/v2\/types\/post"}],"author":[{"embeddable":true,"href":"https:\/\/www.fica.unsl.edu.ar\/index.php\/wp-json\/wp\/v2\/users\/9"}],"replies":[{"embeddable":true,"href":"https:\/\/www.fica.unsl.edu.ar\/index.php\/wp-json\/wp\/v2\/comments?post=15865"}],"version-history":[{"count":1,"href":"https:\/\/www.fica.unsl.edu.ar\/index.php\/wp-json\/wp\/v2\/posts\/15865\/revisions"}],"predecessor-version":[{"id":15866,"href":"https:\/\/www.fica.unsl.edu.ar\/index.php\/wp-json\/wp\/v2\/posts\/15865\/revisions\/15866"}],"wp:featuredmedia":[{"embeddable":true,"href":"https:\/\/www.fica.unsl.edu.ar\/index.php\/wp-json\/wp\/v2\/media\/15761"}],"wp:attachment":[{"href":"https:\/\/www.fica.unsl.edu.ar\/index.php\/wp-json\/wp\/v2\/media?parent=15865"}],"wp:term":[{"taxonomy":"category","embeddable":true,"href":"https:\/\/www.fica.unsl.edu.ar\/index.php\/wp-json\/wp\/v2\/categories?post=15865"},{"taxonomy":"post_tag","embeddable":true,"href":"https:\/\/www.fica.unsl.edu.ar\/index.php\/wp-json\/wp\/v2\/tags?post=15865"}],"curies":[{"name":"wp","href":"https:\/\/api.w.org\/{rel}","templated":true}]}}