{"id":15908,"date":"2023-12-20T12:05:10","date_gmt":"2023-12-20T15:05:10","guid":{"rendered":"http:\/\/10.101.10.196\/www\/?p=15908"},"modified":"2023-12-20T12:05:42","modified_gmt":"2023-12-20T15:05:42","slug":"estudiantes-de-intercambio-compartieron-sus-vivencias-con-autoridades-de-ambas-facultades","status":"publish","type":"post","link":"https:\/\/www.fica.unsl.edu.ar\/index.php\/estudiantes-de-intercambio-compartieron-sus-vivencias-con-autoridades-de-ambas-facultades\/","title":{"rendered":"Estudiantes de intercambio compartieron sus vivencias con autoridades de ambas facultades."},"content":{"rendered":"<p>Impulsado por la Subsecretar\u00eda de Asuntos Estudiantiles y Bienestar Universitario, el lunes 18 de diciembre se llev\u00f3 a cabo un desayuno, en la que la Decana de la FCEJS, Mgtr. Roxanna Camiletti, y el Decano de FICA, Mgtr. Sergio Ribotta, agasajaron al grupo de estudiantes de intercambio que cursaron el segundo cuatrimestre en Villa Mercedes.<\/p>\n<p>El grupo estuvo integrado por Ana Palomares Escriv\u00e1 de Espa\u00f1a (estudiante de la Lic. Trabajo Social), Karen Linares Fern\u00e1ndez de Colombia (estudiante de Ingenier\u00eda Qu\u00edmica), Andrea Illanes Rojas de Bolivia (estudiante de Contador P\u00fablico Nacional), Nelcy Claros Ustariz de Bolivia (estudiante de Abogac\u00eda), Keany Maureira Castillo de Chile (estudiante de Trabajo Social) y Josselyn Mart\u00ednez V\u00e1zquez de M\u00e9xico (estudiante de Lic. Trabajo Social).<\/p>\n<p>El desayuno cont\u00f3 con la participaci\u00f3n de la Secretaria Acad\u00e9mica de la FCEJS, Esp. Patricia Mor\u00e1n, el Ing. Mat\u00edas Funes responsable de la Subsecretar\u00eda de Asuntos Estudiantiles y Bienestar Universitario y de la Lic. Myriam Fern\u00e1ndez de la Secretar\u00eda de Relaciones Interinstitucionales.<\/p>\n<p><img fetchpriority=\"high\" decoding=\"async\" class=\"aligncenter wp-image-15909 size-full\" src=\"https:\/\/www.fica.unsl.edu.ar\/wp-content\/uploads\/2023\/12\/estudiantes-intercambio-desayuno-front-firca.jpg\" alt=\"\" width=\"1061\" height=\"585\" srcset=\"https:\/\/www.fica.unsl.edu.ar\/wp-content\/uploads\/2023\/12\/estudiantes-intercambio-desayuno-front-firca.jpg 1061w, https:\/\/www.fica.unsl.edu.ar\/wp-content\/uploads\/2023\/12\/estudiantes-intercambio-desayuno-front-firca-300x165.jpg 300w, https:\/\/www.fica.unsl.edu.ar\/wp-content\/uploads\/2023\/12\/estudiantes-intercambio-desayuno-front-firca-1024x565.jpg 1024w, https:\/\/www.fica.unsl.edu.ar\/wp-content\/uploads\/2023\/12\/estudiantes-intercambio-desayuno-front-firca-768x423.jpg 768w\" sizes=\"(max-width: 1061px) 100vw, 1061px\" \/><\/p>\n<p>Durante el encuentro, las estudiantes expresaron sus vivencias en el programa de intercambio y destacaron positivamente los servicios brindados por la Secretar\u00eda de Relaciones Interinstitucionales y la Secretar\u00eda de SAEBU, especialmente en lo que respecta a la atenci\u00f3n primaria a trav\u00e9s del Centro de Salud Estudiantil, as\u00ed como el respaldo del \u00e1rea deportiva.<br \/>\nAsimismo, resaltaron el elevado nivel acad\u00e9mico de la UNSL en comparaci\u00f3n con sus respectivas universidades de origen. Destacaron la importancia de las pr\u00e1cticas presenciales y el compromiso vocacional de los docentes, quienes, seg\u00fan sus experiencias, demuestran un alto compromiso para asegurar un aprendizaje significativo.<\/p>\n<p>Para el Ing. Mat\u00edas Funes esta retroalimentaci\u00f3n positiva fortalece \u201cnuestro compromiso de ofrecer servicios de calidad y brindar un ambiente propicio para el desarrollo acad\u00e9mico y personal de nuestros estudiantes internacionales. Agradecemos la participaci\u00f3n activa y la valiosa contribuci\u00f3n de todos los involucrados en este proceso de intercambio acad\u00e9mico y cultural\u201d.<\/p>\n<p>&nbsp;<\/p>\n","protected":false},"excerpt":{"rendered":"<p>Impulsado por la Subsecretar\u00eda de Asuntos Estudiantiles y Bienestar Universitario, el lunes 18 de diciembre se llev\u00f3 a cabo un desayuno, en la que la&hellip;<\/p>\n","protected":false},"author":9,"featured_media":15910,"comment_status":"closed","ping_status":"closed","sticky":false,"template":"","format":"standard","meta":{"_monsterinsights_skip_tracking":false,"_monsterinsights_sitenote_active":false,"_monsterinsights_sitenote_note":"","_monsterinsights_sitenote_category":0,"_joinchat":[],"footnotes":""},"categories":[19],"tags":[],"class_list":["post-15908","post","type-post","status-publish","format-standard","has-post-thumbnail","hentry","category-noticias"],"yoast_head":"<!-- This site is optimized with the Yoast SEO plugin v27.4 - https:\/\/yoast.com\/product\/yoast-seo-wordpress\/ -->\n<title>Estudiantes de intercambio compartieron sus vivencias con autoridades de ambas facultades. - Facultad de Ingenier\u00eda y Ciencias Agropecuarias<\/title>\n<meta name=\"robots\" content=\"index, follow, max-snippet:-1, max-image-preview:large, max-video-preview:-1\" \/>\n<link rel=\"canonical\" href=\"https:\/\/www.fica.unsl.edu.ar\/index.php\/estudiantes-de-intercambio-compartieron-sus-vivencias-con-autoridades-de-ambas-facultades\/\" \/>\n<meta property=\"og:locale\" content=\"es_ES\" \/>\n<meta property=\"og:type\" content=\"article\" \/>\n<meta property=\"og:title\" content=\"Estudiantes de intercambio compartieron sus vivencias con autoridades de ambas facultades. - Facultad de Ingenier\u00eda y Ciencias Agropecuarias\" \/>\n<meta property=\"og:description\" content=\"Impulsado por la Subsecretar\u00eda de Asuntos Estudiantiles y Bienestar Universitario, el lunes 18 de diciembre se llev\u00f3 a cabo un desayuno, en la que la&hellip;\" \/>\n<meta property=\"og:url\" content=\"https:\/\/www.fica.unsl.edu.ar\/index.php\/estudiantes-de-intercambio-compartieron-sus-vivencias-con-autoridades-de-ambas-facultades\/\" \/>\n<meta property=\"og:site_name\" content=\"Facultad de Ingenier\u00eda y Ciencias Agropecuarias\" \/>\n<meta property=\"article:publisher\" content=\"https:\/\/www.facebook.com\/FICA.UNSL\/\" \/>\n<meta property=\"article:published_time\" content=\"2023-12-20T15:05:10+00:00\" \/>\n<meta property=\"article:modified_time\" content=\"2023-12-20T15:05:42+00:00\" \/>\n<meta property=\"og:image\" content=\"https:\/\/www.fica.unsl.edu.ar\/wp-content\/uploads\/2023\/12\/estudiantes-intercambio-desayuno-front-firca-02.jpg\" \/>\n\t<meta property=\"og:image:width\" content=\"1061\" \/>\n\t<meta property=\"og:image:height\" content=\"585\" \/>\n\t<meta property=\"og:image:type\" content=\"image\/jpeg\" \/>\n<meta name=\"author\" content=\"DATI\" \/>\n<meta name=\"twitter:card\" content=\"summary_large_image\" \/>\n<meta name=\"twitter:creator\" content=\"@FICAUNSL\" \/>\n<meta name=\"twitter:site\" content=\"@FICAUNSL\" \/>\n<meta name=\"twitter:label1\" content=\"Escrito por\" \/>\n\t<meta name=\"twitter:data1\" content=\"DATI\" \/>\n\t<meta name=\"twitter:label2\" content=\"Tiempo de lectura\" \/>\n\t<meta name=\"twitter:data2\" content=\"2 minutos\" \/>\n<script type=\"application\/ld+json\" class=\"yoast-schema-graph\">{\"@context\":\"https:\\\/\\\/schema.org\",\"@graph\":[{\"@type\":\"Article\",\"@id\":\"https:\\\/\\\/www.fica.unsl.edu.ar\\\/index.php\\\/estudiantes-de-intercambio-compartieron-sus-vivencias-con-autoridades-de-ambas-facultades\\\/#article\",\"isPartOf\":{\"@id\":\"https:\\\/\\\/www.fica.unsl.edu.ar\\\/index.php\\\/estudiantes-de-intercambio-compartieron-sus-vivencias-con-autoridades-de-ambas-facultades\\\/\"},\"author\":{\"name\":\"DATI\",\"@id\":\"https:\\\/\\\/www.fica.unsl.edu.ar\\\/#\\\/schema\\\/person\\\/6058f9c66301868d3a691b1f5d6c3544\"},\"headline\":\"Estudiantes de intercambio compartieron sus vivencias con autoridades de ambas facultades.\",\"datePublished\":\"2023-12-20T15:05:10+00:00\",\"dateModified\":\"2023-12-20T15:05:42+00:00\",\"mainEntityOfPage\":{\"@id\":\"https:\\\/\\\/www.fica.unsl.edu.ar\\\/index.php\\\/estudiantes-de-intercambio-compartieron-sus-vivencias-con-autoridades-de-ambas-facultades\\\/\"},\"wordCount\":350,\"publisher\":{\"@id\":\"https:\\\/\\\/www.fica.unsl.edu.ar\\\/#organization\"},\"image\":{\"@id\":\"https:\\\/\\\/www.fica.unsl.edu.ar\\\/index.php\\\/estudiantes-de-intercambio-compartieron-sus-vivencias-con-autoridades-de-ambas-facultades\\\/#primaryimage\"},\"thumbnailUrl\":\"https:\\\/\\\/www.fica.unsl.edu.ar\\\/wp-content\\\/uploads\\\/2023\\\/12\\\/estudiantes-intercambio-desayuno-front-firca-02.jpg\",\"articleSection\":[\"Noticias\"],\"inLanguage\":\"es-AR\"},{\"@type\":\"WebPage\",\"@id\":\"https:\\\/\\\/www.fica.unsl.edu.ar\\\/index.php\\\/estudiantes-de-intercambio-compartieron-sus-vivencias-con-autoridades-de-ambas-facultades\\\/\",\"url\":\"https:\\\/\\\/www.fica.unsl.edu.ar\\\/index.php\\\/estudiantes-de-intercambio-compartieron-sus-vivencias-con-autoridades-de-ambas-facultades\\\/\",\"name\":\"Estudiantes de intercambio compartieron sus vivencias con autoridades de ambas facultades. - Facultad de Ingenier\u00eda y Ciencias Agropecuarias\",\"isPartOf\":{\"@id\":\"https:\\\/\\\/www.fica.unsl.edu.ar\\\/#website\"},\"primaryImageOfPage\":{\"@id\":\"https:\\\/\\\/www.fica.unsl.edu.ar\\\/index.php\\\/estudiantes-de-intercambio-compartieron-sus-vivencias-con-autoridades-de-ambas-facultades\\\/#primaryimage\"},\"image\":{\"@id\":\"https:\\\/\\\/www.fica.unsl.edu.ar\\\/index.php\\\/estudiantes-de-intercambio-compartieron-sus-vivencias-con-autoridades-de-ambas-facultades\\\/#primaryimage\"},\"thumbnailUrl\":\"https:\\\/\\\/www.fica.unsl.edu.ar\\\/wp-content\\\/uploads\\\/2023\\\/12\\\/estudiantes-intercambio-desayuno-front-firca-02.jpg\",\"datePublished\":\"2023-12-20T15:05:10+00:00\",\"dateModified\":\"2023-12-20T15:05:42+00:00\",\"inLanguage\":\"es-AR\",\"potentialAction\":[{\"@type\":\"ReadAction\",\"target\":[\"https:\\\/\\\/www.fica.unsl.edu.ar\\\/index.php\\\/estudiantes-de-intercambio-compartieron-sus-vivencias-con-autoridades-de-ambas-facultades\\\/\"]}]},{\"@type\":\"ImageObject\",\"inLanguage\":\"es-AR\",\"@id\":\"https:\\\/\\\/www.fica.unsl.edu.ar\\\/index.php\\\/estudiantes-de-intercambio-compartieron-sus-vivencias-con-autoridades-de-ambas-facultades\\\/#primaryimage\",\"url\":\"https:\\\/\\\/www.fica.unsl.edu.ar\\\/wp-content\\\/uploads\\\/2023\\\/12\\\/estudiantes-intercambio-desayuno-front-firca-02.jpg\",\"contentUrl\":\"https:\\\/\\\/www.fica.unsl.edu.ar\\\/wp-content\\\/uploads\\\/2023\\\/12\\\/estudiantes-intercambio-desayuno-front-firca-02.jpg\",\"width\":1061,\"height\":585},{\"@type\":\"WebSite\",\"@id\":\"https:\\\/\\\/www.fica.unsl.edu.ar\\\/#website\",\"url\":\"https:\\\/\\\/www.fica.unsl.edu.ar\\\/\",\"name\":\"Facultad de Ingenier\u00eda y Ciencias Agropecuarias\",\"description\":\"\",\"publisher\":{\"@id\":\"https:\\\/\\\/www.fica.unsl.edu.ar\\\/#organization\"},\"potentialAction\":[{\"@type\":\"SearchAction\",\"target\":{\"@type\":\"EntryPoint\",\"urlTemplate\":\"https:\\\/\\\/www.fica.unsl.edu.ar\\\/?s={search_term_string}\"},\"query-input\":{\"@type\":\"PropertyValueSpecification\",\"valueRequired\":true,\"valueName\":\"search_term_string\"}}],\"inLanguage\":\"es-AR\"},{\"@type\":\"Organization\",\"@id\":\"https:\\\/\\\/www.fica.unsl.edu.ar\\\/#organization\",\"name\":\"Facultad de Ingenier\u00eda y Ciencias Agropecuarias\",\"url\":\"https:\\\/\\\/www.fica.unsl.edu.ar\\\/\",\"logo\":{\"@type\":\"ImageObject\",\"inLanguage\":\"es-AR\",\"@id\":\"https:\\\/\\\/www.fica.unsl.edu.ar\\\/#\\\/schema\\\/logo\\\/image\\\/\",\"url\":\"https:\\\/\\\/www.fica.unsl.edu.ar\\\/wp-content\\\/uploads\\\/2021\\\/03\\\/LOGO-1.jpg\",\"contentUrl\":\"https:\\\/\\\/www.fica.unsl.edu.ar\\\/wp-content\\\/uploads\\\/2021\\\/03\\\/LOGO-1.jpg\",\"width\":463,\"height\":145,\"caption\":\"Facultad de Ingenier\u00eda y Ciencias Agropecuarias\"},\"image\":{\"@id\":\"https:\\\/\\\/www.fica.unsl.edu.ar\\\/#\\\/schema\\\/logo\\\/image\\\/\"},\"sameAs\":[\"https:\\\/\\\/www.facebook.com\\\/FICA.UNSL\\\/\",\"https:\\\/\\\/x.com\\\/FICAUNSL\",\"https:\\\/\\\/www.instagram.com\\\/fica.unsl\\\/\",\"https:\\\/\\\/www.youtube.com\\\/channel\\\/UCs2MM53gb2PyBrMySdtWZDQ\"]},{\"@type\":\"Person\",\"@id\":\"https:\\\/\\\/www.fica.unsl.edu.ar\\\/#\\\/schema\\\/person\\\/6058f9c66301868d3a691b1f5d6c3544\",\"name\":\"DATI\"}]}<\/script>\n<!-- \/ Yoast SEO plugin. -->","yoast_head_json":{"title":"Estudiantes de intercambio compartieron sus vivencias con autoridades de ambas facultades. - Facultad de Ingenier\u00eda y Ciencias Agropecuarias","robots":{"index":"index","follow":"follow","max-snippet":"max-snippet:-1","max-image-preview":"max-image-preview:large","max-video-preview":"max-video-preview:-1"},"canonical":"https:\/\/www.fica.unsl.edu.ar\/index.php\/estudiantes-de-intercambio-compartieron-sus-vivencias-con-autoridades-de-ambas-facultades\/","og_locale":"es_ES","og_type":"article","og_title":"Estudiantes de intercambio compartieron sus vivencias con autoridades de ambas facultades. - Facultad de Ingenier\u00eda y Ciencias Agropecuarias","og_description":"Impulsado por la Subsecretar\u00eda de Asuntos Estudiantiles y Bienestar Universitario, el lunes 18 de diciembre se llev\u00f3 a cabo un desayuno, en la que la&hellip;","og_url":"https:\/\/www.fica.unsl.edu.ar\/index.php\/estudiantes-de-intercambio-compartieron-sus-vivencias-con-autoridades-de-ambas-facultades\/","og_site_name":"Facultad de Ingenier\u00eda y Ciencias Agropecuarias","article_publisher":"https:\/\/www.facebook.com\/FICA.UNSL\/","article_published_time":"2023-12-20T15:05:10+00:00","article_modified_time":"2023-12-20T15:05:42+00:00","og_image":[{"width":1061,"height":585,"url":"https:\/\/www.fica.unsl.edu.ar\/wp-content\/uploads\/2023\/12\/estudiantes-intercambio-desayuno-front-firca-02.jpg","type":"image\/jpeg"}],"author":"DATI","twitter_card":"summary_large_image","twitter_creator":"@FICAUNSL","twitter_site":"@FICAUNSL","twitter_misc":{"Escrito por":"DATI","Tiempo de lectura":"2 minutos"},"schema":{"@context":"https:\/\/schema.org","@graph":[{"@type":"Article","@id":"https:\/\/www.fica.unsl.edu.ar\/index.php\/estudiantes-de-intercambio-compartieron-sus-vivencias-con-autoridades-de-ambas-facultades\/#article","isPartOf":{"@id":"https:\/\/www.fica.unsl.edu.ar\/index.php\/estudiantes-de-intercambio-compartieron-sus-vivencias-con-autoridades-de-ambas-facultades\/"},"author":{"name":"DATI","@id":"https:\/\/www.fica.unsl.edu.ar\/#\/schema\/person\/6058f9c66301868d3a691b1f5d6c3544"},"headline":"Estudiantes de intercambio compartieron sus vivencias con autoridades de ambas facultades.","datePublished":"2023-12-20T15:05:10+00:00","dateModified":"2023-12-20T15:05:42+00:00","mainEntityOfPage":{"@id":"https:\/\/www.fica.unsl.edu.ar\/index.php\/estudiantes-de-intercambio-compartieron-sus-vivencias-con-autoridades-de-ambas-facultades\/"},"wordCount":350,"publisher":{"@id":"https:\/\/www.fica.unsl.edu.ar\/#organization"},"image":{"@id":"https:\/\/www.fica.unsl.edu.ar\/index.php\/estudiantes-de-intercambio-compartieron-sus-vivencias-con-autoridades-de-ambas-facultades\/#primaryimage"},"thumbnailUrl":"https:\/\/www.fica.unsl.edu.ar\/wp-content\/uploads\/2023\/12\/estudiantes-intercambio-desayuno-front-firca-02.jpg","articleSection":["Noticias"],"inLanguage":"es-AR"},{"@type":"WebPage","@id":"https:\/\/www.fica.unsl.edu.ar\/index.php\/estudiantes-de-intercambio-compartieron-sus-vivencias-con-autoridades-de-ambas-facultades\/","url":"https:\/\/www.fica.unsl.edu.ar\/index.php\/estudiantes-de-intercambio-compartieron-sus-vivencias-con-autoridades-de-ambas-facultades\/","name":"Estudiantes de intercambio compartieron sus vivencias con autoridades de ambas facultades. - Facultad de Ingenier\u00eda y Ciencias Agropecuarias","isPartOf":{"@id":"https:\/\/www.fica.unsl.edu.ar\/#website"},"primaryImageOfPage":{"@id":"https:\/\/www.fica.unsl.edu.ar\/index.php\/estudiantes-de-intercambio-compartieron-sus-vivencias-con-autoridades-de-ambas-facultades\/#primaryimage"},"image":{"@id":"https:\/\/www.fica.unsl.edu.ar\/index.php\/estudiantes-de-intercambio-compartieron-sus-vivencias-con-autoridades-de-ambas-facultades\/#primaryimage"},"thumbnailUrl":"https:\/\/www.fica.unsl.edu.ar\/wp-content\/uploads\/2023\/12\/estudiantes-intercambio-desayuno-front-firca-02.jpg","datePublished":"2023-12-20T15:05:10+00:00","dateModified":"2023-12-20T15:05:42+00:00","inLanguage":"es-AR","potentialAction":[{"@type":"ReadAction","target":["https:\/\/www.fica.unsl.edu.ar\/index.php\/estudiantes-de-intercambio-compartieron-sus-vivencias-con-autoridades-de-ambas-facultades\/"]}]},{"@type":"ImageObject","inLanguage":"es-AR","@id":"https:\/\/www.fica.unsl.edu.ar\/index.php\/estudiantes-de-intercambio-compartieron-sus-vivencias-con-autoridades-de-ambas-facultades\/#primaryimage","url":"https:\/\/www.fica.unsl.edu.ar\/wp-content\/uploads\/2023\/12\/estudiantes-intercambio-desayuno-front-firca-02.jpg","contentUrl":"https:\/\/www.fica.unsl.edu.ar\/wp-content\/uploads\/2023\/12\/estudiantes-intercambio-desayuno-front-firca-02.jpg","width":1061,"height":585},{"@type":"WebSite","@id":"https:\/\/www.fica.unsl.edu.ar\/#website","url":"https:\/\/www.fica.unsl.edu.ar\/","name":"Facultad de Ingenier\u00eda y Ciencias Agropecuarias","description":"","publisher":{"@id":"https:\/\/www.fica.unsl.edu.ar\/#organization"},"potentialAction":[{"@type":"SearchAction","target":{"@type":"EntryPoint","urlTemplate":"https:\/\/www.fica.unsl.edu.ar\/?s={search_term_string}"},"query-input":{"@type":"PropertyValueSpecification","valueRequired":true,"valueName":"search_term_string"}}],"inLanguage":"es-AR"},{"@type":"Organization","@id":"https:\/\/www.fica.unsl.edu.ar\/#organization","name":"Facultad de Ingenier\u00eda y Ciencias Agropecuarias","url":"https:\/\/www.fica.unsl.edu.ar\/","logo":{"@type":"ImageObject","inLanguage":"es-AR","@id":"https:\/\/www.fica.unsl.edu.ar\/#\/schema\/logo\/image\/","url":"https:\/\/www.fica.unsl.edu.ar\/wp-content\/uploads\/2021\/03\/LOGO-1.jpg","contentUrl":"https:\/\/www.fica.unsl.edu.ar\/wp-content\/uploads\/2021\/03\/LOGO-1.jpg","width":463,"height":145,"caption":"Facultad de Ingenier\u00eda y Ciencias Agropecuarias"},"image":{"@id":"https:\/\/www.fica.unsl.edu.ar\/#\/schema\/logo\/image\/"},"sameAs":["https:\/\/www.facebook.com\/FICA.UNSL\/","https:\/\/x.com\/FICAUNSL","https:\/\/www.instagram.com\/fica.unsl\/","https:\/\/www.youtube.com\/channel\/UCs2MM53gb2PyBrMySdtWZDQ"]},{"@type":"Person","@id":"https:\/\/www.fica.unsl.edu.ar\/#\/schema\/person\/6058f9c66301868d3a691b1f5d6c3544","name":"DATI"}]}},"_links":{"self":[{"href":"https:\/\/www.fica.unsl.edu.ar\/index.php\/wp-json\/wp\/v2\/posts\/15908","targetHints":{"allow":["GET"]}}],"collection":[{"href":"https:\/\/www.fica.unsl.edu.ar\/index.php\/wp-json\/wp\/v2\/posts"}],"about":[{"href":"https:\/\/www.fica.unsl.edu.ar\/index.php\/wp-json\/wp\/v2\/types\/post"}],"author":[{"embeddable":true,"href":"https:\/\/www.fica.unsl.edu.ar\/index.php\/wp-json\/wp\/v2\/users\/9"}],"replies":[{"embeddable":true,"href":"https:\/\/www.fica.unsl.edu.ar\/index.php\/wp-json\/wp\/v2\/comments?post=15908"}],"version-history":[{"count":2,"href":"https:\/\/www.fica.unsl.edu.ar\/index.php\/wp-json\/wp\/v2\/posts\/15908\/revisions"}],"predecessor-version":[{"id":15912,"href":"https:\/\/www.fica.unsl.edu.ar\/index.php\/wp-json\/wp\/v2\/posts\/15908\/revisions\/15912"}],"wp:featuredmedia":[{"embeddable":true,"href":"https:\/\/www.fica.unsl.edu.ar\/index.php\/wp-json\/wp\/v2\/media\/15910"}],"wp:attachment":[{"href":"https:\/\/www.fica.unsl.edu.ar\/index.php\/wp-json\/wp\/v2\/media?parent=15908"}],"wp:term":[{"taxonomy":"category","embeddable":true,"href":"https:\/\/www.fica.unsl.edu.ar\/index.php\/wp-json\/wp\/v2\/categories?post=15908"},{"taxonomy":"post_tag","embeddable":true,"href":"https:\/\/www.fica.unsl.edu.ar\/index.php\/wp-json\/wp\/v2\/tags?post=15908"}],"curies":[{"name":"wp","href":"https:\/\/api.w.org\/{rel}","templated":true}]}}