{"id":15933,"date":"2023-12-21T14:03:03","date_gmt":"2023-12-21T17:03:03","guid":{"rendered":"http:\/\/10.101.10.196\/www\/?p=15933"},"modified":"2024-03-01T13:00:48","modified_gmt":"2024-03-01T16:00:48","slug":"buscan-potenciar-emprendimientos-de-la-agrobioindustria","status":"publish","type":"post","link":"https:\/\/www.fica.unsl.edu.ar\/index.php\/buscan-potenciar-emprendimientos-de-la-agrobioindustria\/","title":{"rendered":"Buscan potenciar emprendimientos de la agrobioindustria"},"content":{"rendered":"<p><strong>Especialistas de la UNSL trabajan en la domesticaci\u00f3n de especies nativas de uso arom\u00e1tico-medicinal actual o potencial, mediante estrategias biotecnol\u00f3gicas, propiciando un uso sostenible. El objetivo es generar\u00a0<em>germoplasma nativo<\/em>\u00a0arom\u00e1tico y medicinal seleccionado, propagado y caracterizado con valor agregado que ser\u00e1 la materia prima para iniciar emprendimientos agrobiodiversos que permitan el desarrollo productivo de la regi\u00f3n.<\/strong><\/p>\n<p>La ingeniera agr\u00f3noma Patricia Verdes dirige el proyecto cient\u00edfico\u00a0<em>Uso de herramientas biotecnol\u00f3gicas para la caracterizaci\u00f3n y propagaci\u00f3n de flora con arom\u00e1tico y medicinal de la provincia de San Luis<\/em>, propuesta que tiene como objetivo desarrollar\u00a0<em>germoplasma nativo\u00a0<\/em>con valor agregado para el desarrollo tecnol\u00f3gico de emprendimientos productivos regionales y caracterizarlo con potencial ornamental, arom\u00e1tico y medicinal en los aspectos fenol\u00f3gicos, morfol\u00f3gicos, moleculares y de saberes locales sobre su uso.<\/p>\n<p>Las especies vegetales nativas se caracterizan por su resiliencia,\u00a0<strong>pueden restituir la funcionalidad ecol\u00f3gica en los paisajes degradados y la funci\u00f3n protectora para las cuencas h\u00eddricas<\/strong>. Adem\u00e1s, mejoran la biodiversidad, y en definitiva ofrecen acciones de mejora ambiental para la calidad de vida de la sociedad. El desarrollo de emprendimientos productivos con arom\u00e1ticas conlleva al uso sustentable de las mismas.<\/p>\n<p><img fetchpriority=\"high\" decoding=\"async\" class=\"aligncenter size-full wp-image-15936\" src=\"https:\/\/www.fica.unsl.edu.ar\/wp-content\/uploads\/2023\/12\/agrobioindustria-02.jpg\" alt=\"\" width=\"1000\" height=\"667\" srcset=\"https:\/\/www.fica.unsl.edu.ar\/wp-content\/uploads\/2023\/12\/agrobioindustria-02.jpg 1000w, https:\/\/www.fica.unsl.edu.ar\/wp-content\/uploads\/2023\/12\/agrobioindustria-02-300x200.jpg 300w, https:\/\/www.fica.unsl.edu.ar\/wp-content\/uploads\/2023\/12\/agrobioindustria-02-768x512.jpg 768w\" sizes=\"(max-width: 1000px) 100vw, 1000px\" \/><\/p>\n<p>Entre las \u00e1reas de vacancia de la producci\u00f3n agr\u00edcola de la Argentina se encuentra el desarrollo de estrategias para el fortalecimiento de eslabones tempranos de la cadena de producci\u00f3n y comercializaci\u00f3n de las especies nativas arom\u00e1ticas y medicinales. La situaci\u00f3n actual de la cadena de producci\u00f3n\/comercializaci\u00f3n de las arom\u00e1ticas nativas, es muy precaria y con un gran desequilibrio que desfavorece netamente a los recolectores.<\/p>\n<p>Esta propuesta, pretende ser un paso relevante para disminuir la erosi\u00f3n gen\u00e9tica del recurso y profesionalizar la cadena productiva, mediante la incorporaci\u00f3n y domesticaci\u00f3n de germoplasma nativo con valor agregado y metodolog\u00edas de propagaci\u00f3n eficientes para lograr la sustentabilidad de este recurso vegetal.\u00a0<em>\u00abEl mercado mundial ofrece una oportunidad de negocio para los interesados en producir y\/o comercializar plantas medicinales y sus derivados\u00bb<\/em>, sostuvo la profesional.<\/p>\n<p><img decoding=\"async\" class=\"aligncenter wp-image-15934 size-full\" src=\"https:\/\/www.fica.unsl.edu.ar\/wp-content\/uploads\/2023\/12\/230615-Lab.-de-genetica-y-biotecnologia-vegetal-Ing-Patricia-Verde-1-de-24-1.jpg\" alt=\"\" width=\"1000\" height=\"563\" srcset=\"https:\/\/www.fica.unsl.edu.ar\/wp-content\/uploads\/2023\/12\/230615-Lab.-de-genetica-y-biotecnologia-vegetal-Ing-Patricia-Verde-1-de-24-1.jpg 1000w, https:\/\/www.fica.unsl.edu.ar\/wp-content\/uploads\/2023\/12\/230615-Lab.-de-genetica-y-biotecnologia-vegetal-Ing-Patricia-Verde-1-de-24-1-300x169.jpg 300w, https:\/\/www.fica.unsl.edu.ar\/wp-content\/uploads\/2023\/12\/230615-Lab.-de-genetica-y-biotecnologia-vegetal-Ing-Patricia-Verde-1-de-24-1-768x432.jpg 768w\" sizes=\"(max-width: 1000px) 100vw, 1000px\" \/><\/p>\n<p>A\u00f1adi\u00f3 que considerando el uso de los recursos nativos arom\u00e1ticos y medicinales para el desarrollo de germoplasma, ha sido escasamente explotado y desarrollado en Argentina, y particularmente en San Luis, resulta importante implementar estudios para la conservaci\u00f3n de esta flora a trav\u00e9s de su domesticaci\u00f3n, uso productivo e incorporaci\u00f3n de especies con valor agregado en sistemas productivos.<\/p>\n<p>La propuesta implica\u00a0<strong>el uso de herramientas biotecnol\u00f3gicas\u00a0<\/strong>(cultivo in vitro) que permitir\u00e1n la producci\u00f3n masiva de individuos selectos de especies arom\u00e1ticas\/medicinales de inter\u00e9s en las industrias farmac\u00e9uticas y alimenticias.\u00a0<em>\u00abSe propiciar\u00e1 la diversificaci\u00f3n de los sistemas productivos, la agrobiodiversidad, desarrollo de econom\u00edas regionales y la agrobioindustria nacional\u00bb<\/em>, expres\u00f3 Verdes.<\/p>\n<p><strong>Alcance social.<\/strong>\u00a0Uno de los prop\u00f3sitos institucionales de la UNSL es el desarrollo de pol\u00edticas de investigaci\u00f3n, docencia y extensi\u00f3n que tiendan a colaborar en la soluci\u00f3n de problem\u00e1ticas de la comunidad en la que se halla inserta, su contribuci\u00f3n beneficiar\u00e1 a unidades productivas alternativas, muchas de ellas emprendimientos familiares. Se requiere de sistemas productivos sustentables y diversos con germoplasma resiliente al proceso de cambio clim\u00e1tico, estrategias biol\u00f3gicas y adaptativas propias de los recursos nativos, evolucionando y superando los desaf\u00edos ambientales.<\/p>\n<p><img decoding=\"async\" class=\"aligncenter size-full wp-image-15935\" src=\"https:\/\/www.fica.unsl.edu.ar\/wp-content\/uploads\/2023\/12\/230615-Lab.-de-genetica-y-biotecnologia-vegetal-Ing-Patricia-Verde-2-de-24-2.jpg\" alt=\"\" width=\"1000\" height=\"563\" srcset=\"https:\/\/www.fica.unsl.edu.ar\/wp-content\/uploads\/2023\/12\/230615-Lab.-de-genetica-y-biotecnologia-vegetal-Ing-Patricia-Verde-2-de-24-2.jpg 1000w, https:\/\/www.fica.unsl.edu.ar\/wp-content\/uploads\/2023\/12\/230615-Lab.-de-genetica-y-biotecnologia-vegetal-Ing-Patricia-Verde-2-de-24-2-300x169.jpg 300w, https:\/\/www.fica.unsl.edu.ar\/wp-content\/uploads\/2023\/12\/230615-Lab.-de-genetica-y-biotecnologia-vegetal-Ing-Patricia-Verde-2-de-24-2-768x432.jpg 768w\" sizes=\"(max-width: 1000px) 100vw, 1000px\" \/><\/p>\n<p><em>\u00abLos recolectores\/productores dispondr\u00e1n de t\u00e9cnicas y protocolos sencillos para la implementaci\u00f3n de buenas pr\u00e1cticas de agr\u00edcolas. El productor ser\u00e1 visualizado como un agente de conservaci\u00f3n y transmisor de una acci\u00f3n cultural dentro de la comunidad, acompa\u00f1ado de una mejora en su calidad de vida\u00bb<\/em>, a\u00f1adi\u00f3 la cient\u00edfica.<\/p>\n<p><strong>\u00bfQu\u00e9 disciplinas intervienen en este estudio?<\/strong>. Los conocimientos sobre la biolog\u00eda de las especies en estudio, especialmente su fisiolog\u00eda, ecolog\u00eda, fenolog\u00eda y diversidad gen\u00e9tica, sumado a los saberes tradicionales sobre su uso, permitir\u00e1 avances en el conocimiento de la flora nativa de la provincia de San Luis para su conservaci\u00f3n y uso sustentable y sostenible. En la ejecuci\u00f3n del proyecto participan docentes-investigadores, becarios\/as y estudiantes pertenecientes a la carrera de Ingenier\u00eda Agron\u00f3mica de la Facultad de Ingenier\u00eda y Ciencias Agropecuarias (FICA).<\/p>\n<p><strong>Nota: Prensa UNSL\u00a0<\/strong><\/p>\n<p><strong>Fotos: archivo Prensa UNSL \u2013 Laboratorio de Gen\u00e9tica y Biotecnolog\u00eda Vegetal<\/strong><\/p>\n<p>&nbsp;<\/p>\n","protected":false},"excerpt":{"rendered":"<p>Especialistas de la UNSL trabajan en la domesticaci\u00f3n de especies nativas de uso arom\u00e1tico-medicinal actual o potencial, mediante estrategias biotecnol\u00f3gicas, propiciando un uso sostenible. El&hellip;<\/p>\n","protected":false},"author":9,"featured_media":15937,"comment_status":"closed","ping_status":"closed","sticky":false,"template":"","format":"standard","meta":{"_monsterinsights_skip_tracking":false,"_monsterinsights_sitenote_active":false,"_monsterinsights_sitenote_note":"","_monsterinsights_sitenote_category":0,"_joinchat":[],"footnotes":""},"categories":[19],"tags":[],"class_list":["post-15933","post","type-post","status-publish","format-standard","has-post-thumbnail","hentry","category-noticias"],"yoast_head":"<!-- This site is optimized with the Yoast SEO plugin v27.4 - https:\/\/yoast.com\/product\/yoast-seo-wordpress\/ -->\n<title>Buscan potenciar emprendimientos de la agrobioindustria - Facultad de Ingenier\u00eda y Ciencias Agropecuarias<\/title>\n<meta name=\"robots\" content=\"index, follow, max-snippet:-1, max-image-preview:large, max-video-preview:-1\" \/>\n<link rel=\"canonical\" href=\"https:\/\/www.fica.unsl.edu.ar\/index.php\/buscan-potenciar-emprendimientos-de-la-agrobioindustria\/\" \/>\n<meta property=\"og:locale\" content=\"es_ES\" \/>\n<meta property=\"og:type\" content=\"article\" \/>\n<meta property=\"og:title\" content=\"Buscan potenciar emprendimientos de la agrobioindustria - Facultad de Ingenier\u00eda y Ciencias Agropecuarias\" \/>\n<meta property=\"og:description\" content=\"Especialistas de la UNSL trabajan en la domesticaci\u00f3n de especies nativas de uso arom\u00e1tico-medicinal actual o potencial, mediante estrategias biotecnol\u00f3gicas, propiciando un uso sostenible. El&hellip;\" \/>\n<meta property=\"og:url\" content=\"https:\/\/www.fica.unsl.edu.ar\/index.php\/buscan-potenciar-emprendimientos-de-la-agrobioindustria\/\" \/>\n<meta property=\"og:site_name\" content=\"Facultad de Ingenier\u00eda y Ciencias Agropecuarias\" \/>\n<meta property=\"article:publisher\" content=\"https:\/\/www.facebook.com\/FICA.UNSL\/\" \/>\n<meta property=\"article:published_time\" content=\"2023-12-21T17:03:03+00:00\" \/>\n<meta property=\"article:modified_time\" content=\"2024-03-01T16:00:48+00:00\" \/>\n<meta property=\"og:image\" content=\"https:\/\/www.fica.unsl.edu.ar\/wp-content\/uploads\/2023\/12\/agrobioindustria-front.jpg\" \/>\n\t<meta property=\"og:image:width\" content=\"1061\" \/>\n\t<meta property=\"og:image:height\" content=\"585\" \/>\n\t<meta property=\"og:image:type\" content=\"image\/jpeg\" \/>\n<meta name=\"author\" content=\"DATI\" \/>\n<meta name=\"twitter:card\" content=\"summary_large_image\" \/>\n<meta name=\"twitter:creator\" content=\"@FICAUNSL\" \/>\n<meta name=\"twitter:site\" content=\"@FICAUNSL\" \/>\n<meta name=\"twitter:label1\" content=\"Escrito por\" \/>\n\t<meta name=\"twitter:data1\" content=\"DATI\" \/>\n\t<meta name=\"twitter:label2\" content=\"Tiempo de lectura\" \/>\n\t<meta name=\"twitter:data2\" content=\"4 minutos\" \/>\n<script type=\"application\/ld+json\" class=\"yoast-schema-graph\">{\"@context\":\"https:\\\/\\\/schema.org\",\"@graph\":[{\"@type\":\"Article\",\"@id\":\"https:\\\/\\\/www.fica.unsl.edu.ar\\\/index.php\\\/buscan-potenciar-emprendimientos-de-la-agrobioindustria\\\/#article\",\"isPartOf\":{\"@id\":\"https:\\\/\\\/www.fica.unsl.edu.ar\\\/index.php\\\/buscan-potenciar-emprendimientos-de-la-agrobioindustria\\\/\"},\"author\":{\"name\":\"DATI\",\"@id\":\"https:\\\/\\\/www.fica.unsl.edu.ar\\\/#\\\/schema\\\/person\\\/6058f9c66301868d3a691b1f5d6c3544\"},\"headline\":\"Buscan potenciar emprendimientos de la agrobioindustria\",\"datePublished\":\"2023-12-21T17:03:03+00:00\",\"dateModified\":\"2024-03-01T16:00:48+00:00\",\"mainEntityOfPage\":{\"@id\":\"https:\\\/\\\/www.fica.unsl.edu.ar\\\/index.php\\\/buscan-potenciar-emprendimientos-de-la-agrobioindustria\\\/\"},\"wordCount\":739,\"publisher\":{\"@id\":\"https:\\\/\\\/www.fica.unsl.edu.ar\\\/#organization\"},\"image\":{\"@id\":\"https:\\\/\\\/www.fica.unsl.edu.ar\\\/index.php\\\/buscan-potenciar-emprendimientos-de-la-agrobioindustria\\\/#primaryimage\"},\"thumbnailUrl\":\"https:\\\/\\\/www.fica.unsl.edu.ar\\\/wp-content\\\/uploads\\\/2023\\\/12\\\/agrobioindustria-front.jpg\",\"articleSection\":[\"Noticias\"],\"inLanguage\":\"es-AR\"},{\"@type\":\"WebPage\",\"@id\":\"https:\\\/\\\/www.fica.unsl.edu.ar\\\/index.php\\\/buscan-potenciar-emprendimientos-de-la-agrobioindustria\\\/\",\"url\":\"https:\\\/\\\/www.fica.unsl.edu.ar\\\/index.php\\\/buscan-potenciar-emprendimientos-de-la-agrobioindustria\\\/\",\"name\":\"Buscan potenciar emprendimientos de la agrobioindustria - Facultad de Ingenier\u00eda y Ciencias Agropecuarias\",\"isPartOf\":{\"@id\":\"https:\\\/\\\/www.fica.unsl.edu.ar\\\/#website\"},\"primaryImageOfPage\":{\"@id\":\"https:\\\/\\\/www.fica.unsl.edu.ar\\\/index.php\\\/buscan-potenciar-emprendimientos-de-la-agrobioindustria\\\/#primaryimage\"},\"image\":{\"@id\":\"https:\\\/\\\/www.fica.unsl.edu.ar\\\/index.php\\\/buscan-potenciar-emprendimientos-de-la-agrobioindustria\\\/#primaryimage\"},\"thumbnailUrl\":\"https:\\\/\\\/www.fica.unsl.edu.ar\\\/wp-content\\\/uploads\\\/2023\\\/12\\\/agrobioindustria-front.jpg\",\"datePublished\":\"2023-12-21T17:03:03+00:00\",\"dateModified\":\"2024-03-01T16:00:48+00:00\",\"inLanguage\":\"es-AR\",\"potentialAction\":[{\"@type\":\"ReadAction\",\"target\":[\"https:\\\/\\\/www.fica.unsl.edu.ar\\\/index.php\\\/buscan-potenciar-emprendimientos-de-la-agrobioindustria\\\/\"]}]},{\"@type\":\"ImageObject\",\"inLanguage\":\"es-AR\",\"@id\":\"https:\\\/\\\/www.fica.unsl.edu.ar\\\/index.php\\\/buscan-potenciar-emprendimientos-de-la-agrobioindustria\\\/#primaryimage\",\"url\":\"https:\\\/\\\/www.fica.unsl.edu.ar\\\/wp-content\\\/uploads\\\/2023\\\/12\\\/agrobioindustria-front.jpg\",\"contentUrl\":\"https:\\\/\\\/www.fica.unsl.edu.ar\\\/wp-content\\\/uploads\\\/2023\\\/12\\\/agrobioindustria-front.jpg\",\"width\":1061,\"height\":585},{\"@type\":\"WebSite\",\"@id\":\"https:\\\/\\\/www.fica.unsl.edu.ar\\\/#website\",\"url\":\"https:\\\/\\\/www.fica.unsl.edu.ar\\\/\",\"name\":\"Facultad de Ingenier\u00eda y Ciencias Agropecuarias\",\"description\":\"\",\"publisher\":{\"@id\":\"https:\\\/\\\/www.fica.unsl.edu.ar\\\/#organization\"},\"potentialAction\":[{\"@type\":\"SearchAction\",\"target\":{\"@type\":\"EntryPoint\",\"urlTemplate\":\"https:\\\/\\\/www.fica.unsl.edu.ar\\\/?s={search_term_string}\"},\"query-input\":{\"@type\":\"PropertyValueSpecification\",\"valueRequired\":true,\"valueName\":\"search_term_string\"}}],\"inLanguage\":\"es-AR\"},{\"@type\":\"Organization\",\"@id\":\"https:\\\/\\\/www.fica.unsl.edu.ar\\\/#organization\",\"name\":\"Facultad de Ingenier\u00eda y Ciencias Agropecuarias\",\"url\":\"https:\\\/\\\/www.fica.unsl.edu.ar\\\/\",\"logo\":{\"@type\":\"ImageObject\",\"inLanguage\":\"es-AR\",\"@id\":\"https:\\\/\\\/www.fica.unsl.edu.ar\\\/#\\\/schema\\\/logo\\\/image\\\/\",\"url\":\"https:\\\/\\\/www.fica.unsl.edu.ar\\\/wp-content\\\/uploads\\\/2021\\\/03\\\/LOGO-1.jpg\",\"contentUrl\":\"https:\\\/\\\/www.fica.unsl.edu.ar\\\/wp-content\\\/uploads\\\/2021\\\/03\\\/LOGO-1.jpg\",\"width\":463,\"height\":145,\"caption\":\"Facultad de Ingenier\u00eda y Ciencias Agropecuarias\"},\"image\":{\"@id\":\"https:\\\/\\\/www.fica.unsl.edu.ar\\\/#\\\/schema\\\/logo\\\/image\\\/\"},\"sameAs\":[\"https:\\\/\\\/www.facebook.com\\\/FICA.UNSL\\\/\",\"https:\\\/\\\/x.com\\\/FICAUNSL\",\"https:\\\/\\\/www.instagram.com\\\/fica.unsl\\\/\",\"https:\\\/\\\/www.youtube.com\\\/channel\\\/UCs2MM53gb2PyBrMySdtWZDQ\"]},{\"@type\":\"Person\",\"@id\":\"https:\\\/\\\/www.fica.unsl.edu.ar\\\/#\\\/schema\\\/person\\\/6058f9c66301868d3a691b1f5d6c3544\",\"name\":\"DATI\"}]}<\/script>\n<!-- \/ Yoast SEO plugin. -->","yoast_head_json":{"title":"Buscan potenciar emprendimientos de la agrobioindustria - Facultad de Ingenier\u00eda y Ciencias Agropecuarias","robots":{"index":"index","follow":"follow","max-snippet":"max-snippet:-1","max-image-preview":"max-image-preview:large","max-video-preview":"max-video-preview:-1"},"canonical":"https:\/\/www.fica.unsl.edu.ar\/index.php\/buscan-potenciar-emprendimientos-de-la-agrobioindustria\/","og_locale":"es_ES","og_type":"article","og_title":"Buscan potenciar emprendimientos de la agrobioindustria - Facultad de Ingenier\u00eda y Ciencias Agropecuarias","og_description":"Especialistas de la UNSL trabajan en la domesticaci\u00f3n de especies nativas de uso arom\u00e1tico-medicinal actual o potencial, mediante estrategias biotecnol\u00f3gicas, propiciando un uso sostenible. El&hellip;","og_url":"https:\/\/www.fica.unsl.edu.ar\/index.php\/buscan-potenciar-emprendimientos-de-la-agrobioindustria\/","og_site_name":"Facultad de Ingenier\u00eda y Ciencias Agropecuarias","article_publisher":"https:\/\/www.facebook.com\/FICA.UNSL\/","article_published_time":"2023-12-21T17:03:03+00:00","article_modified_time":"2024-03-01T16:00:48+00:00","og_image":[{"width":1061,"height":585,"url":"https:\/\/www.fica.unsl.edu.ar\/wp-content\/uploads\/2023\/12\/agrobioindustria-front.jpg","type":"image\/jpeg"}],"author":"DATI","twitter_card":"summary_large_image","twitter_creator":"@FICAUNSL","twitter_site":"@FICAUNSL","twitter_misc":{"Escrito por":"DATI","Tiempo de lectura":"4 minutos"},"schema":{"@context":"https:\/\/schema.org","@graph":[{"@type":"Article","@id":"https:\/\/www.fica.unsl.edu.ar\/index.php\/buscan-potenciar-emprendimientos-de-la-agrobioindustria\/#article","isPartOf":{"@id":"https:\/\/www.fica.unsl.edu.ar\/index.php\/buscan-potenciar-emprendimientos-de-la-agrobioindustria\/"},"author":{"name":"DATI","@id":"https:\/\/www.fica.unsl.edu.ar\/#\/schema\/person\/6058f9c66301868d3a691b1f5d6c3544"},"headline":"Buscan potenciar emprendimientos de la agrobioindustria","datePublished":"2023-12-21T17:03:03+00:00","dateModified":"2024-03-01T16:00:48+00:00","mainEntityOfPage":{"@id":"https:\/\/www.fica.unsl.edu.ar\/index.php\/buscan-potenciar-emprendimientos-de-la-agrobioindustria\/"},"wordCount":739,"publisher":{"@id":"https:\/\/www.fica.unsl.edu.ar\/#organization"},"image":{"@id":"https:\/\/www.fica.unsl.edu.ar\/index.php\/buscan-potenciar-emprendimientos-de-la-agrobioindustria\/#primaryimage"},"thumbnailUrl":"https:\/\/www.fica.unsl.edu.ar\/wp-content\/uploads\/2023\/12\/agrobioindustria-front.jpg","articleSection":["Noticias"],"inLanguage":"es-AR"},{"@type":"WebPage","@id":"https:\/\/www.fica.unsl.edu.ar\/index.php\/buscan-potenciar-emprendimientos-de-la-agrobioindustria\/","url":"https:\/\/www.fica.unsl.edu.ar\/index.php\/buscan-potenciar-emprendimientos-de-la-agrobioindustria\/","name":"Buscan potenciar emprendimientos de la agrobioindustria - Facultad de Ingenier\u00eda y Ciencias Agropecuarias","isPartOf":{"@id":"https:\/\/www.fica.unsl.edu.ar\/#website"},"primaryImageOfPage":{"@id":"https:\/\/www.fica.unsl.edu.ar\/index.php\/buscan-potenciar-emprendimientos-de-la-agrobioindustria\/#primaryimage"},"image":{"@id":"https:\/\/www.fica.unsl.edu.ar\/index.php\/buscan-potenciar-emprendimientos-de-la-agrobioindustria\/#primaryimage"},"thumbnailUrl":"https:\/\/www.fica.unsl.edu.ar\/wp-content\/uploads\/2023\/12\/agrobioindustria-front.jpg","datePublished":"2023-12-21T17:03:03+00:00","dateModified":"2024-03-01T16:00:48+00:00","inLanguage":"es-AR","potentialAction":[{"@type":"ReadAction","target":["https:\/\/www.fica.unsl.edu.ar\/index.php\/buscan-potenciar-emprendimientos-de-la-agrobioindustria\/"]}]},{"@type":"ImageObject","inLanguage":"es-AR","@id":"https:\/\/www.fica.unsl.edu.ar\/index.php\/buscan-potenciar-emprendimientos-de-la-agrobioindustria\/#primaryimage","url":"https:\/\/www.fica.unsl.edu.ar\/wp-content\/uploads\/2023\/12\/agrobioindustria-front.jpg","contentUrl":"https:\/\/www.fica.unsl.edu.ar\/wp-content\/uploads\/2023\/12\/agrobioindustria-front.jpg","width":1061,"height":585},{"@type":"WebSite","@id":"https:\/\/www.fica.unsl.edu.ar\/#website","url":"https:\/\/www.fica.unsl.edu.ar\/","name":"Facultad de Ingenier\u00eda y Ciencias Agropecuarias","description":"","publisher":{"@id":"https:\/\/www.fica.unsl.edu.ar\/#organization"},"potentialAction":[{"@type":"SearchAction","target":{"@type":"EntryPoint","urlTemplate":"https:\/\/www.fica.unsl.edu.ar\/?s={search_term_string}"},"query-input":{"@type":"PropertyValueSpecification","valueRequired":true,"valueName":"search_term_string"}}],"inLanguage":"es-AR"},{"@type":"Organization","@id":"https:\/\/www.fica.unsl.edu.ar\/#organization","name":"Facultad de Ingenier\u00eda y Ciencias Agropecuarias","url":"https:\/\/www.fica.unsl.edu.ar\/","logo":{"@type":"ImageObject","inLanguage":"es-AR","@id":"https:\/\/www.fica.unsl.edu.ar\/#\/schema\/logo\/image\/","url":"https:\/\/www.fica.unsl.edu.ar\/wp-content\/uploads\/2021\/03\/LOGO-1.jpg","contentUrl":"https:\/\/www.fica.unsl.edu.ar\/wp-content\/uploads\/2021\/03\/LOGO-1.jpg","width":463,"height":145,"caption":"Facultad de Ingenier\u00eda y Ciencias Agropecuarias"},"image":{"@id":"https:\/\/www.fica.unsl.edu.ar\/#\/schema\/logo\/image\/"},"sameAs":["https:\/\/www.facebook.com\/FICA.UNSL\/","https:\/\/x.com\/FICAUNSL","https:\/\/www.instagram.com\/fica.unsl\/","https:\/\/www.youtube.com\/channel\/UCs2MM53gb2PyBrMySdtWZDQ"]},{"@type":"Person","@id":"https:\/\/www.fica.unsl.edu.ar\/#\/schema\/person\/6058f9c66301868d3a691b1f5d6c3544","name":"DATI"}]}},"_links":{"self":[{"href":"https:\/\/www.fica.unsl.edu.ar\/index.php\/wp-json\/wp\/v2\/posts\/15933","targetHints":{"allow":["GET"]}}],"collection":[{"href":"https:\/\/www.fica.unsl.edu.ar\/index.php\/wp-json\/wp\/v2\/posts"}],"about":[{"href":"https:\/\/www.fica.unsl.edu.ar\/index.php\/wp-json\/wp\/v2\/types\/post"}],"author":[{"embeddable":true,"href":"https:\/\/www.fica.unsl.edu.ar\/index.php\/wp-json\/wp\/v2\/users\/9"}],"replies":[{"embeddable":true,"href":"https:\/\/www.fica.unsl.edu.ar\/index.php\/wp-json\/wp\/v2\/comments?post=15933"}],"version-history":[{"count":2,"href":"https:\/\/www.fica.unsl.edu.ar\/index.php\/wp-json\/wp\/v2\/posts\/15933\/revisions"}],"predecessor-version":[{"id":15939,"href":"https:\/\/www.fica.unsl.edu.ar\/index.php\/wp-json\/wp\/v2\/posts\/15933\/revisions\/15939"}],"wp:featuredmedia":[{"embeddable":true,"href":"https:\/\/www.fica.unsl.edu.ar\/index.php\/wp-json\/wp\/v2\/media\/15937"}],"wp:attachment":[{"href":"https:\/\/www.fica.unsl.edu.ar\/index.php\/wp-json\/wp\/v2\/media?parent=15933"}],"wp:term":[{"taxonomy":"category","embeddable":true,"href":"https:\/\/www.fica.unsl.edu.ar\/index.php\/wp-json\/wp\/v2\/categories?post=15933"},{"taxonomy":"post_tag","embeddable":true,"href":"https:\/\/www.fica.unsl.edu.ar\/index.php\/wp-json\/wp\/v2\/tags?post=15933"}],"curies":[{"name":"wp","href":"https:\/\/api.w.org\/{rel}","templated":true}]}}