{"id":15967,"date":"2023-12-21T00:18:46","date_gmt":"2023-12-21T03:18:46","guid":{"rendered":"http:\/\/10.101.10.196\/www\/?p=15967"},"modified":"2023-12-22T11:49:17","modified_gmt":"2023-12-22T14:49:17","slug":"2023-mas-750-personas-fueron-capacitadas-en-actividades-organizadas-por-vicerrectorado","status":"publish","type":"post","link":"https:\/\/www.fica.unsl.edu.ar\/index.php\/2023-mas-750-personas-fueron-capacitadas-en-actividades-organizadas-por-vicerrectorado\/","title":{"rendered":"2023: M\u00e1s 750 personas fueron capacitadas en actividades organizadas por Vicerrectorado"},"content":{"rendered":"<p>En el a\u00f1o 2023, Vicerrectorado en articulaci\u00f3n con diferentes \u00e1reas de la Universidad Nacional de San Luis, del Estado y\/o de la sociedad civil, impulso diferentes actividades de formaci\u00f3n en la que 751 personas fueron capacitadas.<\/p>\n<p>Se ofrecieron 6 charlas, 9 capacitaciones y 4 diplomaturas, incluyendo dos de estas \u00faltimas realizadas con \u00e9xito en el Centro Universitario La Toma. En total, 650 personas de esta localidad y \u00e1reas circundantes respondieron positivamente a esta iniciativa, la cual fue planificada, administrada y coordinada por el Vicerrector de la UNSL, Mgtr. H\u00e9ctor Daniel Flores.<\/p>\n<p>En relaci\u00f3n a esto, el Vicerrector afirm\u00f3 que La Toma es un punto estrat\u00e9gico: \u00abes una regi\u00f3n altamente productiva, tiene un desarrollo industrial importante, la Provincia est\u00e1 construyendo un parque industrial, hay mano de obra capacitada y su cercan\u00eda con otras localidades nos permite poder crear un polo de desarrollo que beneficie al resto\u00bb.<\/p>\n<p>Este centro de formaci\u00f3n se ubica en el ingreso a La Toma, por la Avenida M\u00e1rmol \u00d3nix al 725. Este edificio es utilizado a trav\u00e9s de usufructo y ya cuenta con la Diplomatura en Emprendurismo, Innovaci\u00f3n y Econom\u00eda Social, con modalidad h\u00edbrida. Este grado acad\u00e9mico conlleva el estudio de conceptos como la econom\u00eda en general, econom\u00eda social, cuestiones tributarias y todas las pol\u00edticas p\u00fablicas relacionadas a la tem\u00e1tica.<\/p>\n<p><strong>Charlas, capacitaciones y diplomaturas dictadas y en desarrollo:<\/strong><\/p>\n<h3>Charlas<\/h3>\n<p>&#8211;\u00a0\u00a0\u00a0\u00a0\u00a0\u00a0\u00a0\u00a0\u00a0 El Conversatorio: Los Derechos Sociales en Disputa, del Ciclo de Capacitaciones en Derecho.<\/p>\n<p>En el marco del Acta Complementaria entre la Universidad Nacional de San Luis y el Sindicato de Docentes e Investigadores Universitarios San Luis homologada mediante la RR 2848\/2022, se organiz\u00f3 el Ciclo de Capacitaciones en Derechos, para brindar herramientas que contribuyan a una formaci\u00f3n b\u00e1sica en Derecho Laboral, Derecho a la Salud, Derecho a espacios libres de Violencia, Derecho a la Educaci\u00f3n Superior de los y las trabajadores de la Universidad Nacional de San Luis.<\/p>\n<p>En particular esta disertaci\u00f3n estuvo directamente relacionada con la necesidad de la Defensa del Derecho a la Seguridad Social como Derecho Humano Social y Personal.<\/p>\n<p>Cont\u00f3 con la disertaci\u00f3n de la Dra. Mar\u00eda Sol MINOLDO Doctora en Ciencias Sociales de la UBA e Investigadora el CONICET.<\/p>\n<p>&#8211;\u00a0\u00a0\u00a0\u00a0\u00a0\u00a0\u00a0\u00a0\u00a0 Cine debate sobre Derechos Humanos. En conmemoraci\u00f3n de \u201cLa Noche de los L\u00e1pices\u201d, se organiz\u00f3 de manera conjunta entre Vicerrectorado y la Coordinaci\u00f3n Institucional de Derechos Humanos de la Universidad Nacional de San Luis, la Secretar\u00eda de Estado de la Mujer, Diversidad e Igualdad de San Luis, la Secretaria de Estado de las Juventudes de San Luis y la Municipalidad de la Ciudad de San Luis.<\/p>\n<p>Destinado a integrantes de Centros de Estudiantes de Escuelas Secundarios de la provincia de San Luis.<\/p>\n<p><img fetchpriority=\"high\" decoding=\"async\" class=\"aligncenter wp-image-13362 size-full\" src=\"https:\/\/www.fcejs.unsl.edu.ar\/wp-content\/uploads\/2023\/09\/latoma-front.jpg\" alt=\"\" width=\"1152\" height=\"647\" \/><\/p>\n<p>&#8211;\u00a0\u00a0\u00a0\u00a0\u00a0\u00a0\u00a0\u00a0\u00a0 Conversatorio lucha contra la explotaci\u00f3n sexual y tr\u00e1fico de mujeres ni\u00f1os y ni\u00f1as. Se organiz\u00f3 de forma conjunta entre Vicerrectorado y la Coordinaci\u00f3n Institucional de Derechos Humanos de la Universidad Nacional de San Luis, el Comit\u00e9 Ejecutivo para la Lucha contra la Trata de Personas del Gabinete de Ministerio de la Naci\u00f3n, y la Secretar\u00eda de Estado de la Mujer, Diversidad e Igualdad de San Luis.<\/p>\n<p>Conto con la disertaci\u00f3n de Mariana Garc\u00eda responsable del \u00c1rea de Trata de la Secretar\u00eda de Estado de la Mujer, Diversidad e Igualdad de San Luis; y del Abog. Cristian Rachid, Fiscal Federal de San Luis.<\/p>\n<p>&#8211;\u00a0 Charla debate: Derechos Laborales del Ciclo Derechos y Democracia, organizado entre Vicerrectorado de la Universidad Nacional de San Luis y la Asociaci\u00f3n de Trabajadores del Estado de San Luis en relacion al Convenio Marco firmado entre la Universidad Nacional de San Luis y la Asociaci\u00f3n de Trabajadores del Estado delegaci\u00f3n San Luis mediante la RR 643\/2020.<\/p>\n<p>Cont\u00f3 con la disertaci\u00f3n del docente y Secretario de Extensi\u00f3n Universitaria (SEU) de la Universidad Nacional de San Luis (UNSL) Abog. Manuel CASTILLO, y el vocal del Consejo Directivo Provincial de la Asociaci\u00f3n de Trabajadores del Estado delegaci\u00f3n San Luis Abog. Alejandro Pablo ANANIA.<\/p>\n<p>&#8211; Educaci\u00f3n P\u00fablica y Salud P\u00fablica ejes centrales para el desarrollo soberano en Argentina del Ciclo Derechos y Democracia, organizado entre Vicerrectorado de la Universidad Nacional de San Luis y la Asociaci\u00f3n de Trabajadores del Estado de San Luis en relacion al Convenio Marco firmado entre la Universidad Nacional de San Luis y la Asociaci\u00f3n de Trabajadores del Estado delegaci\u00f3n San Luis mediante la RR 643\/2020.<\/p>\n<p>Cont\u00f3 con la disertaci\u00f3n del docente y secretario de Extensi\u00f3n Universitaria (SEU) de la Universidad Nacional de San Luis (UNSL) Abog. Manuel CASTILLO y la docente y coordinadora institucional de Derechos Humanos de la Universidad Nacional de San Luis (UNSL) Esp. Ana Mar\u00eda GARRAZA.<\/p>\n<p>&#8211;\u00a0 Desigualdad en el mundo del trabajo, federalizaci\u00f3n y promoci\u00f3n de acceso y permanencia laboral travesti trans en el marco de la ley n 27.636 &#8220;Diana Sacay\u00e1n Lohana Berkins&#8221;.\u00a0 Organizado por Vicerrectorado de la Universidad Nacional de San Luis, el Ministerio de las Mujeres, G\u00e9neros y Diversidad de la Naci\u00f3n, y la Secretar\u00eda de Estado de la Mujeres, Diversidad e Igualdad de San Luis.<\/p>\n<p>Cont\u00f3 con la disertaci\u00f3n del Dr. Cesar Almeida, integrante de la Comisi\u00f3n estrat\u00e9gica, cultural e institucional, libre de violencia con perspectiva en g\u00e9nero y comprometida con el cuidado integral de las personas; Pablo Ram\u00edrez, jefe de subprograma Capacitaci\u00f3n para la igualdad de la Secretar\u00eda de la Mujer, Diversidad e Igualdad de San Luis; Gabriela Funes, jefa de programa Promoci\u00f3n para la igualdad sustantiva de la Secretar\u00eda de la Mujer, Diversidad e Igualdad de San Luis; Gema Rosales, coordinadora del Programa para el Fortalecimiento de la Participaci\u00f3n Social y Ciudadan\u00eda en Materia de Genero y Diversidad del Ministerio de las Mujeres, G\u00e9neros y Diversidad de la Naci\u00f3n; y Cintia Pili, coordinadora de Acceso al Empleo para Personas Travestis, Transexuales y Transg\u00e8neros del Ministerio de las Mujeres, G\u00e9neros y Diversidad de la Naci\u00f3n.<\/p>\n<p><img decoding=\"async\" class=\"aligncenter wp-image-15143 size-full\" src=\"https:\/\/www.fcejs.unsl.edu.ar\/wp-content\/uploads\/2023\/12\/actividades-02.jpg\" alt=\"\" width=\"1080\" height=\"720\" \/><\/p>\n<h3>Capacitaciones<\/h3>\n<p>&#8211;\u00a0\u00a0\u00a0\u00a0\u00a0\u00a0\u00a0\u00a0\u00a0 Empoderamiento Educativo de Tecnolog\u00edas contra el Ciberbullying, Grooming, Sexting e Ingenier\u00eda Social, en el marco del Programa de Capacitaci\u00f3n Docente gratuita en Condiciones y Ambiente de Trabajo otorgado por paritarias, administrado por el Sindicato de Docentes e Investigadores Universitarios San Luis (SIDIU).<\/p>\n<p>Es espacio de capacitaci\u00f3n busco generar, especialmente en los y las docentes un espacio de encuentro, reflexi\u00f3n y concientizaci\u00f3n sobre la tem\u00e1tica de \u201cgrooming\u201d, a fin de contribuir a la construcci\u00f3n de espacios sanos y libres de violencia en el \u00e1mbito laboral y en especial dentro del aula.<\/p>\n<p>Conto con la disertaci\u00f3n del Mg. Walter Fabi\u00e1n, Magister en Ingenier\u00eda de Software y Especialista en Cyberseguridad por la Universidad de Corea (Corea del Sur), y Perito Inform\u00e1tico; y la Coordinaci\u00f3n del encuentro estuvo a cargo de la Lic. B\u00e1rbara STRASSER.<\/p>\n<p>&#8211; Concursos Docentes en la UNSL: Herramientas y Estrategias, del Ciclo de Capacitaciones en Derecho, propuso por un lado un Taller de estrategias acad\u00e9micas para los concursos docentes, que abarca desde la presentaci\u00f3n formal del CV hasta la elaboraci\u00f3n de la Clase de Oposici\u00f3n, no dejando de lado el rol de evaluador. Y por el otro lado una revisi\u00f3n del marco normativo de nuestra Universidad a fin de comprender los objetivos de la misma y las herramientas para llevarla adelante.<\/p>\n<p>La primera parte fue impartida por la Dra. Esther LEVY, Directora del Programa de Actualizaci\u00f3n en Docencia Universitaria (PADOC) e integrante de la Comisi\u00f3n Directiva de FEDUBA, y la segunda fue impartida por la Dra. Jimena JURI AYUB, Secretaria General de SIDIU y docente de la FQByF; y cont\u00f3 con la coordinaci\u00f3n de Lic. B\u00e1rbara STRASSER.<\/p>\n<p>&#8211;\u00a0 Capacitaci\u00f3n en abordaje de personas sordas como medio de inclusi\u00f3n desde las instituciones, en el marco del Programa Universidad y Municipios dependiente de Vicerrectorado y la Secretaria de Extensi\u00f3n Universitaria.<\/p>\n<p>Se busc\u00f3 concientizar acerca de las particularidades de esta discapacidad, as\u00ed como un b\u00e1sico, pero necesario vocabulario de la Lengua de Se\u00f1as Argentinas. Asimismo que en este espacio, que los y las asistentes de este curso se configuren como agentes multiplicadores del saber construido y lo transmitan en sus lugares de trabajo como un modo de visibilizar y promover la inclusi\u00f3n de todas las personas desde las instituciones p\u00fablicas.<\/p>\n<p>El equipo docente estuvo integrado por: Dra. Mar\u00eda Beatriz NU\u00d1EZ, Bioq. Esp. Aldo DAGUERRE, Analista Qu\u00edmica Mar\u00eda de los Milagros GALLARDO, y Karen CHAVEZ Miembra representante de la comunidad Sorda de San Luis.<\/p>\n<p>&#8211;\u00a0 Sensibilizaci\u00f3n en Violencia Laboral: erradicaci\u00f3n y prevenci\u00f3n, dentro del \u201cPrograma de Capacitaci\u00f3n Docente gratuita en Condiciones y Ambiente de Trabajo\u201d otorgado por paritarias, y del Convenio Marco de Cooperaci\u00f3n N\u00ba 1422, suscripto con la UNSL y SIDIU, diversas capacitaciones que buscan construir espacios de formaci\u00f3n colectiva desde una perspectiva de la clase trabajadora organizada. Esta actividad organizada por SIDIU, APUNSL y Vicerrectorado de la Universidad Nacional de San Luis, tuvo el objetivo general de brindar herramientas para la prevenci\u00f3n y abordaje de la violencia laboral y el acoso, de conformidad con los lineamientos establecidos en el Convenio sobre la violencia y el acoso, 2019 (n\u00fam. 190) de la Organizaci\u00f3n Internacional del Trabajo.<\/p>\n<p>Las disertantes fueron Diplomada Rosana BERLOCCO, titular de la Coordinaci\u00f3n de Implementaci\u00f3n de Pol\u00edticas P\u00fablicas para la erradicaci\u00f3n de todo tipo de discriminaci\u00f3n y violencia en el sector p\u00fablico. Subsecretar\u00eda de Pol\u00edticas de Inclusi\u00f3n en el Mundo Laboral. Ministerio de Trabajo, Empleo y Seguridad Social; y Lic. Yanina CHIAFITELLA, integrante de Coordinaci\u00f3n de Implementaci\u00f3n de Pol\u00edticas P\u00fablicas para la erradicaci\u00f3n de todo tipo de discriminaci\u00f3n y violencia en el sector p\u00fablico. Subsecretar\u00eda de Pol\u00edticas de Inclusi\u00f3n en el Mundo Laboral. Ministerio de Trabajo, Empleo y Seguridad Social; y cont\u00f3 con la coordinaci\u00f3n de Tec. Omar QUINTEROS y Lic. Vanina ROSALES por APUNSL, y de Lic. B\u00e1rbara STRASSER, Lic. Mar\u00eda Concepci\u00f3n SALAS y Dra. Jimena JURI AYUB por SIDIU.<\/p>\n<p>&#8211; Capacitaci\u00f3n en Violencia Laboral titulada &#8220;Sensibilizaci\u00f3n y prevenci\u00f3n de la Violencia Laboral&#8221;, estuvo destinado a docentes y nodocentes de la Escuela Normal Mixta Juan Pascual Pringles, con el objetivo de erradicar la violencia de los espacios de trabajo, a fin de salvaguardar a sus trabajadores; siendo imprescindible no solo el conocimiento de la normativa vigente, sino tambi\u00e9n la sensibilizaci\u00f3n sobre las situaciones de violencia y acoso en el trabajo, mediante un trabajo integrado de los sectores docentes y Nodocentes.<\/p>\n<p>Las disertantes fueron la Diplomada Rosana BERLOCCO, titular de la Coordinaci\u00f3n de Implementaci\u00f3n de Pol\u00edticas P\u00fablicas para la erradicaci\u00f3n de todo tipo de discriminaci\u00f3n y violencia en el sector p\u00fablico. Subsecretar\u00eda de Pol\u00edticas de Inclusi\u00f3n en el Mundo Laboral. Ministerio de Trabajo, Empleo y Seguridad Social; Lic. Yanina CHIAFITELLA, integrante de Coordinaci\u00f3n de Implementaci\u00f3n de Pol\u00edticas P\u00fablicas para la erradicaci\u00f3n de todo tipo de discriminaci\u00f3n y violencia en el sector p\u00fablico. Subsecretar\u00eda de Pol\u00edticas de Inclusi\u00f3n en el Mundo Laboral. Ministerio de Trabajo, Empleo y Seguridad Social; y Prof. Mar\u00eda Gabriela CASTILLA, Funci\u00f3n en la Agencia Territorial San Luis del Ministerio de Trabajo, Empleo y Seguridad Social de la Naci\u00f3n: Enlace t\u00e9cnico sobre G\u00e9neros y Diversidad, Violencia Laboral y Trata de Personas y Trabajo Forzoso; y cont\u00f3 con la coordinaci\u00f3n de Prof. Ramona Beatriz G\u00d3MEZ, Lic. Miriam Ang\u00e9lica G\u00d3MEZ y Esp. Mirian Yaquelina P\u00c9REZ por la ENJPP, la Lic. B\u00e1rbara STRASSER y Dra. Jimena JURI AYUB por SIDIU.<\/p>\n<p>&#8211;\u00a0 Introducci\u00f3n a las decisiones financieras en el \u00e1mbito personal y familiar, en el marco del Acta Complementaria entre la Universidad Nacional de San Luis y la Cooperativa de Electricidad, Consumo, Comercializaci\u00f3n, Vivienda, Servicios de Telecomunicaciones, Telefon\u00eda e Internet, Servicios Asistenciales General Alvear Limitada homologada mediante la RR 1594\/2023.<\/p>\n<p>El curso tuvo el objetivo principal de promover la formaci\u00f3n en distintas tem\u00e1ticas relacionadas a las decisiones financieras, a trav\u00e9s de m\u00f3dulos: introducci\u00f3n a las finanzas personales, presupuesto personal y familiar, emprender como alternativa de generaci\u00f3n de ingresos, productos y servicios financieras m\u00e1s utilizados, intervenir en mercado financiero, y FintechS.<\/p>\n<p>Este Curso estuvo bajo la coordinaci\u00f3n del docente CPN Marcos LUCERO; y el equipo docente estuvo integrado por: CPN Marcos LUCERO, Mg CPN Luciana MASINI, Ing. Jorge Nicol\u00e1s D\u00cdAZ, Mg. CPN Javier APIL\u00c1NEZ MART\u00cdNEZ, Mg. Lic. Francisco OROM\u00cd, y TUGF Marcelo VARA.<\/p>\n<p>&#8211;\u00a0 \u00a0Curso taller: Gesti\u00f3n de bibliotecas. 2da capacitaci\u00f3n t\u00e9cnica en gesti\u00f3n de bibliotecas. A partir de la solicitud realizada por la Secretar\u00eda de Estado de la Mujer, Diversidad e Igualdad del Gobierno de San Luis, a la Universidad Nacional de San Luis, de una capacitaci\u00f3n dirigida al personal perteneciente a la Biblioteca Disidente Carlos J\u00e1uregui del Espacio WEYE, con el fin de contribuir al mejoramiento de la gesti\u00f3n bibliotecaria, promoviendo la incorporaci\u00f3n, en su funcionamiento, de elementos t\u00e9cnicos y conceptuales pertinentes a la tem\u00e1tica.<\/p>\n<p>En este marco la Universidad Nacional de San Luis, busc\u00f3 promover la capacitaci\u00f3n y formacion bibliotecaria, dotando de herramientas para optimizar el sistema de gesti\u00f3n utilizado por la Biblioteca Disidente Carlos J\u00e1uregui.<\/p>\n<p>La docente responsable de este curso taller fue la Tec. Bibl. Carina Beatriz D\u00b4AGATA.<\/p>\n<p>&#8211; Curso taller \u00bfC\u00f3mo gestionar una cooperativa?, dictada en el marco del Programa Universidad y Municipios dependiente de Vicerrectorado y la Secretaria de Extensi\u00f3n Universitaria.<\/p>\n<p>Este curso taller, manifest\u00f3 que el aprendizaje se construye con el hacer y el pensar, entre las normativas, lo reconocido en terreno como contexto y la propia situacionalidad. Se logr\u00f3 que los proyectos participantes se conformaran en cooperativas, las cuales tuvieron acceso y acompa\u00f1amiento a toda la informaci\u00f3n necesaria para la inscripci\u00f3n cooperativa en el INAES, organismo nacional que otorga la certificaci\u00f3n correspondiente.<\/p>\n<p>Se cont\u00f3 con la coordinaci\u00f3n de la docente Dra. Ana Ramona I. DOMENICONI.<\/p>\n<p>&#8211;\u00a0 \u00a0\u201cOrganizaci\u00f3n de eventos oficiales, acad\u00e9micos, escolares e institucionales. Aplicaci\u00f3n e importancia del ceremonial y protocolo\u201d, en el marco del Programa Universidad y Municipios dependiente de Vicerrectorado y la Secretaria de Extensi\u00f3n Universitaria.<\/p>\n<p>Este curso intenta brindar la posibilidad de concebir al ceremonial como una herramienta laboral, como asi tambi\u00e9n, una forma de vida, con los siguiente objetivos: Adquirir conocimientos b\u00e1sicos para aplicar en circutancias las normas y reglas de protocolo, reconocimiento de la normativa vifente de la etiqueta y de los diferentes \u00e1mbitos y situaciones en que se deba desempe\u00f1ar el ceremonialita; e identificar y adecuar el medio de expresi\u00f3n escrita correspondiente de acuerdo a la reglamentaci\u00f3n del ceremonial escriro; entre otras.<\/p>\n<p>Cuenta con la coordinaci\u00f3n de la directora de Relaciones Publicas y Ceremonial de la Universidad Nacional de San Luis e integrante de la Comision de la Red CIUPA, Marcela Lucero.<\/p>\n<p><img decoding=\"async\" class=\"aligncenter wp-image-13360 size-full\" src=\"https:\/\/www.fcejs.unsl.edu.ar\/wp-content\/uploads\/2023\/09\/latoma-02.jpg\" alt=\"\" width=\"1152\" height=\"647\" \/><\/p>\n<h3>Diplomaturas<\/h3>\n<p><strong>Finalizadas<\/strong><\/p>\n<p>&#8211; Diplomatura de Extensi\u00f3n \u201cCultivo y desarrollo de la cadena productiva de la planta de Cannabis en la Argentina\u201d, a trav\u00e9s del Acta Complementaria firmada Acta Complementaria entre la Universidad Nacional de San Luis y la Cooperativa de Electricidad, Consumo, Comercializaci\u00f3n, Vivienda, Servicios de Telecomunicaciones, Telefon\u00eda e Internet, Servicios Asistenciales General Alvear Limitada homologada mediante la RR 1593\/2023, se permiti\u00f3 la incorporaci\u00f3n de habitantes de la Localidad de General Alvear a la diplomatura mencionada. Tuvo como objetivo generar una instancia de formaci\u00f3n extensiva dirigida al sector productivo y a la comunidad en general, para el desarrollo de saberes y conocimientos acerca del cultivo y la cadena productiva de la planta de Cannabis sativa L, y la coordinaci\u00f3n acad\u00e9mica estuvo a cargo del responsable del Programa Cannabis de la UNSL Francisco CECATTI<\/p>\n<p>&nbsp;<\/p>\n<p>&#8211; Diplomatura de Extensi\u00f3n en Innovaci\u00f3n, Emprendedurismo y Econom\u00eda Social, la primera dictada en el Centro Universitario\u00a0 La Toma.<\/p>\n<p>El objetivo del espacio es promover la formacion de peque\u00f1os y medianos productores de la provincia de San Luis, buscando favorecer su inclusi\u00f3n socioproductiva, mediante el trabajo genuino, solidario y la\u00a0 organizaci\u00f3n comunitaria.<\/p>\n<p>Cuenta con la coordinaci\u00f3n acad\u00e9mica de la Mgtr. Luciana Masini y el Mgtr. Nicol\u00e1s D\u00edaz.<\/p>\n<p><strong>En curso<\/strong><\/p>\n<p>&#8211; Diplomatura de Extensi\u00f3n \u201cProyectos Educativos: Caja de Herramientas para Promover, Formacion, Cultura, Ciencia y Deporte en la Escuela P\u00fablica\u201d; dictada en el Centro Universitario La Toma.<\/p>\n<p>Tiene como objetivo propiciar el abordaje de recursos y l\u00edneas de aplicaci\u00f3n pr\u00e1ctica para propuestas institucionales educativas. Est\u00e1 destinada a docentes y trabajadores del sector educativo.<\/p>\n<p>Cuenta con la coordinaci\u00f3n acad\u00e9mica de la Dra. Liliana Guzman.<\/p>\n<p>-Diplomatura de extensi\u00f3n en Derechos Humanos: Herramientas para la transformaci\u00f3n social\u201d, creada entre Vicerrectorado y la Coordinaci\u00f3n Institucional de Derechos Humanos.<\/p>\n<p>Busca fomentar la participaci\u00f3n activa de la ciudadan\u00eda (fundamentalmente de juventudes) en la defensa de sus propios derechos y de las dem\u00e1s personas; aportar herramientas te\u00f3rico-pr\u00e1cticas para abordar situaciones discriminaci\u00f3n y violencia; y capacitar en derechos humanos, g\u00e9nero, Diversidad, interseccionalidad y cuidado.<\/p>\n<p>Cuenta con la coordinaci\u00f3n acad\u00e9mica de la Esp. Ana Mar\u00eda Garraza y la Prof. Diana Caviedes.<\/p>\n<p>&nbsp;<\/p>\n<p>&nbsp;<\/p>\n","protected":false},"excerpt":{"rendered":"<p>En el a\u00f1o 2023, Vicerrectorado en articulaci\u00f3n con diferentes \u00e1reas de la Universidad Nacional de San Luis, del Estado y\/o de la sociedad civil, impulso&hellip;<\/p>\n","protected":false},"author":9,"featured_media":15968,"comment_status":"closed","ping_status":"closed","sticky":false,"template":"","format":"standard","meta":{"_monsterinsights_skip_tracking":false,"_monsterinsights_sitenote_active":false,"_monsterinsights_sitenote_note":"","_monsterinsights_sitenote_category":0,"_joinchat":[],"footnotes":""},"categories":[19],"tags":[],"class_list":["post-15967","post","type-post","status-publish","format-standard","has-post-thumbnail","hentry","category-noticias"],"yoast_head":"<!-- This site is optimized with the Yoast SEO plugin v27.4 - https:\/\/yoast.com\/product\/yoast-seo-wordpress\/ -->\n<title>2023: M\u00e1s 750 personas fueron capacitadas en actividades organizadas por Vicerrectorado - Facultad de Ingenier\u00eda y Ciencias Agropecuarias<\/title>\n<meta name=\"robots\" content=\"index, follow, max-snippet:-1, max-image-preview:large, max-video-preview:-1\" \/>\n<link rel=\"canonical\" href=\"https:\/\/www.fica.unsl.edu.ar\/index.php\/2023-mas-750-personas-fueron-capacitadas-en-actividades-organizadas-por-vicerrectorado\/\" \/>\n<meta property=\"og:locale\" content=\"es_ES\" \/>\n<meta property=\"og:type\" content=\"article\" \/>\n<meta property=\"og:title\" content=\"2023: M\u00e1s 750 personas fueron capacitadas en actividades organizadas por Vicerrectorado - Facultad de Ingenier\u00eda y Ciencias Agropecuarias\" \/>\n<meta property=\"og:description\" content=\"En el a\u00f1o 2023, Vicerrectorado en articulaci\u00f3n con diferentes \u00e1reas de la Universidad Nacional de San Luis, del Estado y\/o de la sociedad civil, impulso&hellip;\" \/>\n<meta property=\"og:url\" content=\"https:\/\/www.fica.unsl.edu.ar\/index.php\/2023-mas-750-personas-fueron-capacitadas-en-actividades-organizadas-por-vicerrectorado\/\" \/>\n<meta property=\"og:site_name\" content=\"Facultad de Ingenier\u00eda y Ciencias Agropecuarias\" \/>\n<meta property=\"article:publisher\" content=\"https:\/\/www.facebook.com\/FICA.UNSL\/\" \/>\n<meta property=\"article:published_time\" content=\"2023-12-21T03:18:46+00:00\" \/>\n<meta property=\"article:modified_time\" content=\"2023-12-22T14:49:17+00:00\" \/>\n<meta property=\"og:image\" content=\"https:\/\/www.fica.unsl.edu.ar\/wp-content\/uploads\/2023\/12\/actividades-front.jpg\" \/>\n\t<meta property=\"og:image:width\" content=\"1152\" \/>\n\t<meta property=\"og:image:height\" content=\"647\" \/>\n\t<meta property=\"og:image:type\" content=\"image\/jpeg\" \/>\n<meta name=\"author\" content=\"DATI\" \/>\n<meta name=\"twitter:card\" content=\"summary_large_image\" \/>\n<meta name=\"twitter:creator\" content=\"@FICAUNSL\" \/>\n<meta name=\"twitter:site\" content=\"@FICAUNSL\" \/>\n<meta name=\"twitter:label1\" content=\"Escrito por\" \/>\n\t<meta name=\"twitter:data1\" content=\"DATI\" \/>\n\t<meta name=\"twitter:label2\" content=\"Tiempo de lectura\" \/>\n\t<meta name=\"twitter:data2\" content=\"14 minutos\" \/>\n<script type=\"application\/ld+json\" class=\"yoast-schema-graph\">{\"@context\":\"https:\\\/\\\/schema.org\",\"@graph\":[{\"@type\":\"Article\",\"@id\":\"https:\\\/\\\/www.fica.unsl.edu.ar\\\/index.php\\\/2023-mas-750-personas-fueron-capacitadas-en-actividades-organizadas-por-vicerrectorado\\\/#article\",\"isPartOf\":{\"@id\":\"https:\\\/\\\/www.fica.unsl.edu.ar\\\/index.php\\\/2023-mas-750-personas-fueron-capacitadas-en-actividades-organizadas-por-vicerrectorado\\\/\"},\"author\":{\"name\":\"DATI\",\"@id\":\"https:\\\/\\\/www.fica.unsl.edu.ar\\\/#\\\/schema\\\/person\\\/6058f9c66301868d3a691b1f5d6c3544\"},\"headline\":\"2023: M\u00e1s 750 personas fueron capacitadas en actividades organizadas por Vicerrectorado\",\"datePublished\":\"2023-12-21T03:18:46+00:00\",\"dateModified\":\"2023-12-22T14:49:17+00:00\",\"mainEntityOfPage\":{\"@id\":\"https:\\\/\\\/www.fica.unsl.edu.ar\\\/index.php\\\/2023-mas-750-personas-fueron-capacitadas-en-actividades-organizadas-por-vicerrectorado\\\/\"},\"wordCount\":2943,\"publisher\":{\"@id\":\"https:\\\/\\\/www.fica.unsl.edu.ar\\\/#organization\"},\"image\":{\"@id\":\"https:\\\/\\\/www.fica.unsl.edu.ar\\\/index.php\\\/2023-mas-750-personas-fueron-capacitadas-en-actividades-organizadas-por-vicerrectorado\\\/#primaryimage\"},\"thumbnailUrl\":\"https:\\\/\\\/www.fica.unsl.edu.ar\\\/wp-content\\\/uploads\\\/2023\\\/12\\\/actividades-front.jpg\",\"articleSection\":[\"Noticias\"],\"inLanguage\":\"es-AR\"},{\"@type\":\"WebPage\",\"@id\":\"https:\\\/\\\/www.fica.unsl.edu.ar\\\/index.php\\\/2023-mas-750-personas-fueron-capacitadas-en-actividades-organizadas-por-vicerrectorado\\\/\",\"url\":\"https:\\\/\\\/www.fica.unsl.edu.ar\\\/index.php\\\/2023-mas-750-personas-fueron-capacitadas-en-actividades-organizadas-por-vicerrectorado\\\/\",\"name\":\"2023: M\u00e1s 750 personas fueron capacitadas en actividades organizadas por Vicerrectorado - Facultad de Ingenier\u00eda y Ciencias Agropecuarias\",\"isPartOf\":{\"@id\":\"https:\\\/\\\/www.fica.unsl.edu.ar\\\/#website\"},\"primaryImageOfPage\":{\"@id\":\"https:\\\/\\\/www.fica.unsl.edu.ar\\\/index.php\\\/2023-mas-750-personas-fueron-capacitadas-en-actividades-organizadas-por-vicerrectorado\\\/#primaryimage\"},\"image\":{\"@id\":\"https:\\\/\\\/www.fica.unsl.edu.ar\\\/index.php\\\/2023-mas-750-personas-fueron-capacitadas-en-actividades-organizadas-por-vicerrectorado\\\/#primaryimage\"},\"thumbnailUrl\":\"https:\\\/\\\/www.fica.unsl.edu.ar\\\/wp-content\\\/uploads\\\/2023\\\/12\\\/actividades-front.jpg\",\"datePublished\":\"2023-12-21T03:18:46+00:00\",\"dateModified\":\"2023-12-22T14:49:17+00:00\",\"inLanguage\":\"es-AR\",\"potentialAction\":[{\"@type\":\"ReadAction\",\"target\":[\"https:\\\/\\\/www.fica.unsl.edu.ar\\\/index.php\\\/2023-mas-750-personas-fueron-capacitadas-en-actividades-organizadas-por-vicerrectorado\\\/\"]}]},{\"@type\":\"ImageObject\",\"inLanguage\":\"es-AR\",\"@id\":\"https:\\\/\\\/www.fica.unsl.edu.ar\\\/index.php\\\/2023-mas-750-personas-fueron-capacitadas-en-actividades-organizadas-por-vicerrectorado\\\/#primaryimage\",\"url\":\"https:\\\/\\\/www.fica.unsl.edu.ar\\\/wp-content\\\/uploads\\\/2023\\\/12\\\/actividades-front.jpg\",\"contentUrl\":\"https:\\\/\\\/www.fica.unsl.edu.ar\\\/wp-content\\\/uploads\\\/2023\\\/12\\\/actividades-front.jpg\",\"width\":1152,\"height\":647},{\"@type\":\"WebSite\",\"@id\":\"https:\\\/\\\/www.fica.unsl.edu.ar\\\/#website\",\"url\":\"https:\\\/\\\/www.fica.unsl.edu.ar\\\/\",\"name\":\"Facultad de Ingenier\u00eda y Ciencias Agropecuarias\",\"description\":\"\",\"publisher\":{\"@id\":\"https:\\\/\\\/www.fica.unsl.edu.ar\\\/#organization\"},\"potentialAction\":[{\"@type\":\"SearchAction\",\"target\":{\"@type\":\"EntryPoint\",\"urlTemplate\":\"https:\\\/\\\/www.fica.unsl.edu.ar\\\/?s={search_term_string}\"},\"query-input\":{\"@type\":\"PropertyValueSpecification\",\"valueRequired\":true,\"valueName\":\"search_term_string\"}}],\"inLanguage\":\"es-AR\"},{\"@type\":\"Organization\",\"@id\":\"https:\\\/\\\/www.fica.unsl.edu.ar\\\/#organization\",\"name\":\"Facultad de Ingenier\u00eda y Ciencias Agropecuarias\",\"url\":\"https:\\\/\\\/www.fica.unsl.edu.ar\\\/\",\"logo\":{\"@type\":\"ImageObject\",\"inLanguage\":\"es-AR\",\"@id\":\"https:\\\/\\\/www.fica.unsl.edu.ar\\\/#\\\/schema\\\/logo\\\/image\\\/\",\"url\":\"https:\\\/\\\/www.fica.unsl.edu.ar\\\/wp-content\\\/uploads\\\/2021\\\/03\\\/LOGO-1.jpg\",\"contentUrl\":\"https:\\\/\\\/www.fica.unsl.edu.ar\\\/wp-content\\\/uploads\\\/2021\\\/03\\\/LOGO-1.jpg\",\"width\":463,\"height\":145,\"caption\":\"Facultad de Ingenier\u00eda y Ciencias Agropecuarias\"},\"image\":{\"@id\":\"https:\\\/\\\/www.fica.unsl.edu.ar\\\/#\\\/schema\\\/logo\\\/image\\\/\"},\"sameAs\":[\"https:\\\/\\\/www.facebook.com\\\/FICA.UNSL\\\/\",\"https:\\\/\\\/x.com\\\/FICAUNSL\",\"https:\\\/\\\/www.instagram.com\\\/fica.unsl\\\/\",\"https:\\\/\\\/www.youtube.com\\\/channel\\\/UCs2MM53gb2PyBrMySdtWZDQ\"]},{\"@type\":\"Person\",\"@id\":\"https:\\\/\\\/www.fica.unsl.edu.ar\\\/#\\\/schema\\\/person\\\/6058f9c66301868d3a691b1f5d6c3544\",\"name\":\"DATI\"}]}<\/script>\n<!-- \/ Yoast SEO plugin. -->","yoast_head_json":{"title":"2023: M\u00e1s 750 personas fueron capacitadas en actividades organizadas por Vicerrectorado - Facultad de Ingenier\u00eda y Ciencias Agropecuarias","robots":{"index":"index","follow":"follow","max-snippet":"max-snippet:-1","max-image-preview":"max-image-preview:large","max-video-preview":"max-video-preview:-1"},"canonical":"https:\/\/www.fica.unsl.edu.ar\/index.php\/2023-mas-750-personas-fueron-capacitadas-en-actividades-organizadas-por-vicerrectorado\/","og_locale":"es_ES","og_type":"article","og_title":"2023: M\u00e1s 750 personas fueron capacitadas en actividades organizadas por Vicerrectorado - Facultad de Ingenier\u00eda y Ciencias Agropecuarias","og_description":"En el a\u00f1o 2023, Vicerrectorado en articulaci\u00f3n con diferentes \u00e1reas de la Universidad Nacional de San Luis, del Estado y\/o de la sociedad civil, impulso&hellip;","og_url":"https:\/\/www.fica.unsl.edu.ar\/index.php\/2023-mas-750-personas-fueron-capacitadas-en-actividades-organizadas-por-vicerrectorado\/","og_site_name":"Facultad de Ingenier\u00eda y Ciencias Agropecuarias","article_publisher":"https:\/\/www.facebook.com\/FICA.UNSL\/","article_published_time":"2023-12-21T03:18:46+00:00","article_modified_time":"2023-12-22T14:49:17+00:00","og_image":[{"width":1152,"height":647,"url":"https:\/\/www.fica.unsl.edu.ar\/wp-content\/uploads\/2023\/12\/actividades-front.jpg","type":"image\/jpeg"}],"author":"DATI","twitter_card":"summary_large_image","twitter_creator":"@FICAUNSL","twitter_site":"@FICAUNSL","twitter_misc":{"Escrito por":"DATI","Tiempo de lectura":"14 minutos"},"schema":{"@context":"https:\/\/schema.org","@graph":[{"@type":"Article","@id":"https:\/\/www.fica.unsl.edu.ar\/index.php\/2023-mas-750-personas-fueron-capacitadas-en-actividades-organizadas-por-vicerrectorado\/#article","isPartOf":{"@id":"https:\/\/www.fica.unsl.edu.ar\/index.php\/2023-mas-750-personas-fueron-capacitadas-en-actividades-organizadas-por-vicerrectorado\/"},"author":{"name":"DATI","@id":"https:\/\/www.fica.unsl.edu.ar\/#\/schema\/person\/6058f9c66301868d3a691b1f5d6c3544"},"headline":"2023: M\u00e1s 750 personas fueron capacitadas en actividades organizadas por Vicerrectorado","datePublished":"2023-12-21T03:18:46+00:00","dateModified":"2023-12-22T14:49:17+00:00","mainEntityOfPage":{"@id":"https:\/\/www.fica.unsl.edu.ar\/index.php\/2023-mas-750-personas-fueron-capacitadas-en-actividades-organizadas-por-vicerrectorado\/"},"wordCount":2943,"publisher":{"@id":"https:\/\/www.fica.unsl.edu.ar\/#organization"},"image":{"@id":"https:\/\/www.fica.unsl.edu.ar\/index.php\/2023-mas-750-personas-fueron-capacitadas-en-actividades-organizadas-por-vicerrectorado\/#primaryimage"},"thumbnailUrl":"https:\/\/www.fica.unsl.edu.ar\/wp-content\/uploads\/2023\/12\/actividades-front.jpg","articleSection":["Noticias"],"inLanguage":"es-AR"},{"@type":"WebPage","@id":"https:\/\/www.fica.unsl.edu.ar\/index.php\/2023-mas-750-personas-fueron-capacitadas-en-actividades-organizadas-por-vicerrectorado\/","url":"https:\/\/www.fica.unsl.edu.ar\/index.php\/2023-mas-750-personas-fueron-capacitadas-en-actividades-organizadas-por-vicerrectorado\/","name":"2023: M\u00e1s 750 personas fueron capacitadas en actividades organizadas por Vicerrectorado - Facultad de Ingenier\u00eda y Ciencias Agropecuarias","isPartOf":{"@id":"https:\/\/www.fica.unsl.edu.ar\/#website"},"primaryImageOfPage":{"@id":"https:\/\/www.fica.unsl.edu.ar\/index.php\/2023-mas-750-personas-fueron-capacitadas-en-actividades-organizadas-por-vicerrectorado\/#primaryimage"},"image":{"@id":"https:\/\/www.fica.unsl.edu.ar\/index.php\/2023-mas-750-personas-fueron-capacitadas-en-actividades-organizadas-por-vicerrectorado\/#primaryimage"},"thumbnailUrl":"https:\/\/www.fica.unsl.edu.ar\/wp-content\/uploads\/2023\/12\/actividades-front.jpg","datePublished":"2023-12-21T03:18:46+00:00","dateModified":"2023-12-22T14:49:17+00:00","inLanguage":"es-AR","potentialAction":[{"@type":"ReadAction","target":["https:\/\/www.fica.unsl.edu.ar\/index.php\/2023-mas-750-personas-fueron-capacitadas-en-actividades-organizadas-por-vicerrectorado\/"]}]},{"@type":"ImageObject","inLanguage":"es-AR","@id":"https:\/\/www.fica.unsl.edu.ar\/index.php\/2023-mas-750-personas-fueron-capacitadas-en-actividades-organizadas-por-vicerrectorado\/#primaryimage","url":"https:\/\/www.fica.unsl.edu.ar\/wp-content\/uploads\/2023\/12\/actividades-front.jpg","contentUrl":"https:\/\/www.fica.unsl.edu.ar\/wp-content\/uploads\/2023\/12\/actividades-front.jpg","width":1152,"height":647},{"@type":"WebSite","@id":"https:\/\/www.fica.unsl.edu.ar\/#website","url":"https:\/\/www.fica.unsl.edu.ar\/","name":"Facultad de Ingenier\u00eda y Ciencias Agropecuarias","description":"","publisher":{"@id":"https:\/\/www.fica.unsl.edu.ar\/#organization"},"potentialAction":[{"@type":"SearchAction","target":{"@type":"EntryPoint","urlTemplate":"https:\/\/www.fica.unsl.edu.ar\/?s={search_term_string}"},"query-input":{"@type":"PropertyValueSpecification","valueRequired":true,"valueName":"search_term_string"}}],"inLanguage":"es-AR"},{"@type":"Organization","@id":"https:\/\/www.fica.unsl.edu.ar\/#organization","name":"Facultad de Ingenier\u00eda y Ciencias Agropecuarias","url":"https:\/\/www.fica.unsl.edu.ar\/","logo":{"@type":"ImageObject","inLanguage":"es-AR","@id":"https:\/\/www.fica.unsl.edu.ar\/#\/schema\/logo\/image\/","url":"https:\/\/www.fica.unsl.edu.ar\/wp-content\/uploads\/2021\/03\/LOGO-1.jpg","contentUrl":"https:\/\/www.fica.unsl.edu.ar\/wp-content\/uploads\/2021\/03\/LOGO-1.jpg","width":463,"height":145,"caption":"Facultad de Ingenier\u00eda y Ciencias Agropecuarias"},"image":{"@id":"https:\/\/www.fica.unsl.edu.ar\/#\/schema\/logo\/image\/"},"sameAs":["https:\/\/www.facebook.com\/FICA.UNSL\/","https:\/\/x.com\/FICAUNSL","https:\/\/www.instagram.com\/fica.unsl\/","https:\/\/www.youtube.com\/channel\/UCs2MM53gb2PyBrMySdtWZDQ"]},{"@type":"Person","@id":"https:\/\/www.fica.unsl.edu.ar\/#\/schema\/person\/6058f9c66301868d3a691b1f5d6c3544","name":"DATI"}]}},"_links":{"self":[{"href":"https:\/\/www.fica.unsl.edu.ar\/index.php\/wp-json\/wp\/v2\/posts\/15967","targetHints":{"allow":["GET"]}}],"collection":[{"href":"https:\/\/www.fica.unsl.edu.ar\/index.php\/wp-json\/wp\/v2\/posts"}],"about":[{"href":"https:\/\/www.fica.unsl.edu.ar\/index.php\/wp-json\/wp\/v2\/types\/post"}],"author":[{"embeddable":true,"href":"https:\/\/www.fica.unsl.edu.ar\/index.php\/wp-json\/wp\/v2\/users\/9"}],"replies":[{"embeddable":true,"href":"https:\/\/www.fica.unsl.edu.ar\/index.php\/wp-json\/wp\/v2\/comments?post=15967"}],"version-history":[{"count":1,"href":"https:\/\/www.fica.unsl.edu.ar\/index.php\/wp-json\/wp\/v2\/posts\/15967\/revisions"}],"predecessor-version":[{"id":15969,"href":"https:\/\/www.fica.unsl.edu.ar\/index.php\/wp-json\/wp\/v2\/posts\/15967\/revisions\/15969"}],"wp:featuredmedia":[{"embeddable":true,"href":"https:\/\/www.fica.unsl.edu.ar\/index.php\/wp-json\/wp\/v2\/media\/15968"}],"wp:attachment":[{"href":"https:\/\/www.fica.unsl.edu.ar\/index.php\/wp-json\/wp\/v2\/media?parent=15967"}],"wp:term":[{"taxonomy":"category","embeddable":true,"href":"https:\/\/www.fica.unsl.edu.ar\/index.php\/wp-json\/wp\/v2\/categories?post=15967"},{"taxonomy":"post_tag","embeddable":true,"href":"https:\/\/www.fica.unsl.edu.ar\/index.php\/wp-json\/wp\/v2\/tags?post=15967"}],"curies":[{"name":"wp","href":"https:\/\/api.w.org\/{rel}","templated":true}]}}