{"id":15971,"date":"2023-12-22T11:22:30","date_gmt":"2023-12-22T14:22:30","guid":{"rendered":"http:\/\/10.101.10.196\/www\/?p=15971"},"modified":"2024-03-01T13:00:59","modified_gmt":"2024-03-01T16:00:59","slug":"el-consejo-superior-trato-la-extension-de-regularidades","status":"publish","type":"post","link":"https:\/\/www.fica.unsl.edu.ar\/index.php\/el-consejo-superior-trato-la-extension-de-regularidades\/","title":{"rendered":"El Consejo Superior trat\u00f3 la extensi\u00f3n de regularidades"},"content":{"rendered":"<p><strong>Se aprob\u00f3 por mayor\u00eda el dictamen del Comit\u00e9 Acad\u00e9mico. De esta manera, se extender\u00e1n autom\u00e1ticamente hasta la mesa de marzo de 2024 inclusive, a los\/as estudiantes que regularizaron asignaturas a partir del 2020. Junto a esto, aquellos\/as que regularizaron materias anteriores al 2020 y que presentaron planes de trabajo en marzo del 2023, podr\u00e1n solicitar la extensi\u00f3n por nota, formulario o entrevista, seg\u00fan lo decida cada Facultad.<\/strong><\/p>\n<p>El tema fue tratado en la \u00faltima sesi\u00f3n extraordinaria del \u00f3rgano de Gobierno de la UNSL. Sobre esto, el secretario General de la UNSL, Dr. Ra\u00fal Gil, explic\u00f3 que el Rector se hab\u00eda comprometido a abordar la solicitud de las agrupaciones estudiantiles de contemplar una extensi\u00f3n del vencimiento en la regularidad de las materias.<em>\u00a0\u00abLas materias en las que no se ha rendido un examen final, tienen un vencimiento dado por los planes de estudio de cada carrera (\u2026) Los estudiantes tienen un plazo para rendir y con eso cerrar la materia, eso habilita que a trav\u00e9s de las correlatividades, puedan cursar otras materias\u00bb<\/em>, sostuvo el Secretario.<\/p>\n<p>En ese sentido, Gil agreg\u00f3 que siempre es una discusi\u00f3n en el Consejo Superior evaluar si se contemplan situaciones particulares para extender regularidades de un grupo de estudiantes o de todos\/as los\/as estudiantes en todas las carreras.\u00a0<em>\u00abEst\u00e1bamos este a\u00f1o con una pr\u00f3rroga de las materias cursadas en el a\u00f1o 2020 en pandemia, y desde la Secretar\u00eda Acad\u00e9mica se comprometieron a trabajar en un informe en el Comit\u00e9 Acad\u00e9mico, que consiste en un mapeo de la situaci\u00f3n de todos los estudiantes de la Universidad\u00bb<\/em>, dijo.<\/p>\n<p><strong>Sobre el proyecto aprobado<\/strong><\/p>\n<p>En la sesi\u00f3n se presentaron dos (2) proyectos, uno original de los estudiantes (similares en ambas agrupaciones) y otro con las modificaciones realizadas por el Comit\u00e9 Acad\u00e9mico, que result\u00f3 el m\u00e1s votado. Este proyecto aprobado implica extender autom\u00e1ticamente, hasta la mesa de marzo de 2024 inclusive, a los\/as estudiantes que regularizaron asignaturas a partir del 2020.<\/p>\n<p>En segundo lugar, que aquellos\/as que regularizaron materias anteriores al 2020 y que presentaron planes de trabajo en marzo del 2023, podr\u00e1n solicitar la extensi\u00f3n por nota, formulario o entrevista, seg\u00fan lo decida cada Facultad, garantizando un medio virtual de presentaci\u00f3n desde el 21 al 26 de diciembre. Las solicitudes ser\u00e1n analizadas y se informar\u00e1 el resultado en el per\u00edodo comprendido entre el 28 de diciembre de 2023 y el 4 de febrero.<\/p>\n<p><em>\u00abSe aprob\u00f3 una extensi\u00f3n autom\u00e1tica para todas las materias regularizadas a partir del 2020 (\u2026) para las regularizadas de forma previa, sin el examen final correspondiente, deber\u00e1n acordar un plan, decir en qu\u00e9 mesas deber\u00e1n rendir cu\u00e1les materias, para dar cumplimiento a una pr\u00f3rroga particular para ese caso\u00bb<\/em>, explic\u00f3 Gil.<\/p>\n<p>Sobre esto, el titular de General, expres\u00f3 que la discusi\u00f3n del vencimiento de las regularidades est\u00e1 ligado a una manera que entiende la Universidad sobre c\u00f3mo se certifican los conocimientos en los\/as estudiantes. En este sentido, las carreras tienen dos (2) instancias evaluativas, una es durante el cursado y otra en el examen final.<\/p>\n<p><em>\u00abHay que valorar el trabajo realizado por la secretaria Acad\u00e9mica, Mgtr. Rosa Lorenzo, en abrir esta discusi\u00f3n que es in\u00e9dita, ya que estamos repensando qu\u00e9 vamos a hacer con los ex\u00e1menes parciales, trabajos pr\u00e1cticos y el examen final, para saber si es la mejor herramienta que tenemos para evaluar a los estudiantes o si hay otras posibilidades que tal vez no estamos contemplando\u00bb<\/em>, dijo, destacando que mientras tanto se aplicar\u00e1n estas resoluciones parciales, para atender situaciones coyunturales que no son definitivas.<\/p>\n<p>Con respecto al mapeo realizado por la Secretar\u00eda Acad\u00e9mica, expres\u00f3 que es un trabajo valiente, una expresi\u00f3n pol\u00edtica de lo que se entiende por formaci\u00f3n de grado y como se trata de un trabajo participativo entre Secretar\u00edas Acad\u00e9micas, se convoca al estudiantado y a los que hacen a la reglamentaci\u00f3n acad\u00e9mica en la Universidad a ser parte.\u00a0<em>\u00abEsperemos que lleguemos a un nuevo esquema que represente la mirada de todos los sectores involucrados\u00bb<\/em>, finaliz\u00f3.<\/p>\n<p>Adem\u00e1s, el Secretario General expres\u00f3 que existe el compromiso de trabajar en el 2024 junto con otros proyectos, como el acortamiento de planes de estudio y las certificaciones de conocimientos parciales y no solo cuando alguien egresa.<\/p>\n","protected":false},"excerpt":{"rendered":"<p>Se aprob\u00f3 por mayor\u00eda el dictamen del Comit\u00e9 Acad\u00e9mico. De esta manera, se extender\u00e1n autom\u00e1ticamente hasta la mesa de marzo de 2024 inclusive, a los\/as&hellip;<\/p>\n","protected":false},"author":9,"featured_media":15974,"comment_status":"closed","ping_status":"closed","sticky":false,"template":"","format":"standard","meta":{"_monsterinsights_skip_tracking":false,"_monsterinsights_sitenote_active":false,"_monsterinsights_sitenote_note":"","_monsterinsights_sitenote_category":0,"_joinchat":[],"footnotes":""},"categories":[19],"tags":[],"class_list":["post-15971","post","type-post","status-publish","format-standard","has-post-thumbnail","hentry","category-noticias"],"yoast_head":"<!-- This site is optimized with the Yoast SEO plugin v27.4 - https:\/\/yoast.com\/product\/yoast-seo-wordpress\/ -->\n<title>El Consejo Superior trat\u00f3 la extensi\u00f3n de regularidades - Facultad de Ingenier\u00eda y Ciencias Agropecuarias<\/title>\n<meta name=\"robots\" content=\"index, follow, max-snippet:-1, max-image-preview:large, max-video-preview:-1\" \/>\n<link rel=\"canonical\" href=\"https:\/\/www.fica.unsl.edu.ar\/index.php\/el-consejo-superior-trato-la-extension-de-regularidades\/\" \/>\n<meta property=\"og:locale\" content=\"es_ES\" \/>\n<meta property=\"og:type\" content=\"article\" \/>\n<meta property=\"og:title\" content=\"El Consejo Superior trat\u00f3 la extensi\u00f3n de regularidades - Facultad de Ingenier\u00eda y Ciencias Agropecuarias\" \/>\n<meta property=\"og:description\" content=\"Se aprob\u00f3 por mayor\u00eda el dictamen del Comit\u00e9 Acad\u00e9mico. De esta manera, se extender\u00e1n autom\u00e1ticamente hasta la mesa de marzo de 2024 inclusive, a los\/as&hellip;\" \/>\n<meta property=\"og:url\" content=\"https:\/\/www.fica.unsl.edu.ar\/index.php\/el-consejo-superior-trato-la-extension-de-regularidades\/\" \/>\n<meta property=\"og:site_name\" content=\"Facultad de Ingenier\u00eda y Ciencias Agropecuarias\" \/>\n<meta property=\"article:publisher\" content=\"https:\/\/www.facebook.com\/FICA.UNSL\/\" \/>\n<meta property=\"article:published_time\" content=\"2023-12-22T14:22:30+00:00\" \/>\n<meta property=\"article:modified_time\" content=\"2024-03-01T16:00:59+00:00\" \/>\n<meta property=\"og:image\" content=\"https:\/\/www.fica.unsl.edu.ar\/wp-content\/uploads\/2023\/12\/biomasa-front.jpg\" \/>\n\t<meta property=\"og:image:width\" content=\"1061\" \/>\n\t<meta property=\"og:image:height\" content=\"585\" \/>\n\t<meta property=\"og:image:type\" content=\"image\/jpeg\" \/>\n<meta name=\"author\" content=\"DATI\" \/>\n<meta name=\"twitter:card\" content=\"summary_large_image\" \/>\n<meta name=\"twitter:creator\" content=\"@FICAUNSL\" \/>\n<meta name=\"twitter:site\" content=\"@FICAUNSL\" \/>\n<meta name=\"twitter:label1\" content=\"Escrito por\" \/>\n\t<meta name=\"twitter:data1\" content=\"DATI\" \/>\n\t<meta name=\"twitter:label2\" content=\"Tiempo de lectura\" \/>\n\t<meta name=\"twitter:data2\" content=\"4 minutos\" \/>\n<script type=\"application\/ld+json\" class=\"yoast-schema-graph\">{\"@context\":\"https:\\\/\\\/schema.org\",\"@graph\":[{\"@type\":\"Article\",\"@id\":\"https:\\\/\\\/www.fica.unsl.edu.ar\\\/index.php\\\/el-consejo-superior-trato-la-extension-de-regularidades\\\/#article\",\"isPartOf\":{\"@id\":\"https:\\\/\\\/www.fica.unsl.edu.ar\\\/index.php\\\/el-consejo-superior-trato-la-extension-de-regularidades\\\/\"},\"author\":{\"name\":\"DATI\",\"@id\":\"https:\\\/\\\/www.fica.unsl.edu.ar\\\/#\\\/schema\\\/person\\\/6058f9c66301868d3a691b1f5d6c3544\"},\"headline\":\"El Consejo Superior trat\u00f3 la extensi\u00f3n de regularidades\",\"datePublished\":\"2023-12-22T14:22:30+00:00\",\"dateModified\":\"2024-03-01T16:00:59+00:00\",\"mainEntityOfPage\":{\"@id\":\"https:\\\/\\\/www.fica.unsl.edu.ar\\\/index.php\\\/el-consejo-superior-trato-la-extension-de-regularidades\\\/\"},\"wordCount\":739,\"publisher\":{\"@id\":\"https:\\\/\\\/www.fica.unsl.edu.ar\\\/#organization\"},\"image\":{\"@id\":\"https:\\\/\\\/www.fica.unsl.edu.ar\\\/index.php\\\/el-consejo-superior-trato-la-extension-de-regularidades\\\/#primaryimage\"},\"thumbnailUrl\":\"https:\\\/\\\/www.fica.unsl.edu.ar\\\/wp-content\\\/uploads\\\/2023\\\/12\\\/biomasa-front.jpg\",\"articleSection\":[\"Noticias\"],\"inLanguage\":\"es-AR\"},{\"@type\":\"WebPage\",\"@id\":\"https:\\\/\\\/www.fica.unsl.edu.ar\\\/index.php\\\/el-consejo-superior-trato-la-extension-de-regularidades\\\/\",\"url\":\"https:\\\/\\\/www.fica.unsl.edu.ar\\\/index.php\\\/el-consejo-superior-trato-la-extension-de-regularidades\\\/\",\"name\":\"El Consejo Superior trat\u00f3 la extensi\u00f3n de regularidades - Facultad de Ingenier\u00eda y Ciencias Agropecuarias\",\"isPartOf\":{\"@id\":\"https:\\\/\\\/www.fica.unsl.edu.ar\\\/#website\"},\"primaryImageOfPage\":{\"@id\":\"https:\\\/\\\/www.fica.unsl.edu.ar\\\/index.php\\\/el-consejo-superior-trato-la-extension-de-regularidades\\\/#primaryimage\"},\"image\":{\"@id\":\"https:\\\/\\\/www.fica.unsl.edu.ar\\\/index.php\\\/el-consejo-superior-trato-la-extension-de-regularidades\\\/#primaryimage\"},\"thumbnailUrl\":\"https:\\\/\\\/www.fica.unsl.edu.ar\\\/wp-content\\\/uploads\\\/2023\\\/12\\\/biomasa-front.jpg\",\"datePublished\":\"2023-12-22T14:22:30+00:00\",\"dateModified\":\"2024-03-01T16:00:59+00:00\",\"inLanguage\":\"es-AR\",\"potentialAction\":[{\"@type\":\"ReadAction\",\"target\":[\"https:\\\/\\\/www.fica.unsl.edu.ar\\\/index.php\\\/el-consejo-superior-trato-la-extension-de-regularidades\\\/\"]}]},{\"@type\":\"ImageObject\",\"inLanguage\":\"es-AR\",\"@id\":\"https:\\\/\\\/www.fica.unsl.edu.ar\\\/index.php\\\/el-consejo-superior-trato-la-extension-de-regularidades\\\/#primaryimage\",\"url\":\"https:\\\/\\\/www.fica.unsl.edu.ar\\\/wp-content\\\/uploads\\\/2023\\\/12\\\/biomasa-front.jpg\",\"contentUrl\":\"https:\\\/\\\/www.fica.unsl.edu.ar\\\/wp-content\\\/uploads\\\/2023\\\/12\\\/biomasa-front.jpg\",\"width\":1061,\"height\":585},{\"@type\":\"WebSite\",\"@id\":\"https:\\\/\\\/www.fica.unsl.edu.ar\\\/#website\",\"url\":\"https:\\\/\\\/www.fica.unsl.edu.ar\\\/\",\"name\":\"Facultad de Ingenier\u00eda y Ciencias Agropecuarias\",\"description\":\"\",\"publisher\":{\"@id\":\"https:\\\/\\\/www.fica.unsl.edu.ar\\\/#organization\"},\"potentialAction\":[{\"@type\":\"SearchAction\",\"target\":{\"@type\":\"EntryPoint\",\"urlTemplate\":\"https:\\\/\\\/www.fica.unsl.edu.ar\\\/?s={search_term_string}\"},\"query-input\":{\"@type\":\"PropertyValueSpecification\",\"valueRequired\":true,\"valueName\":\"search_term_string\"}}],\"inLanguage\":\"es-AR\"},{\"@type\":\"Organization\",\"@id\":\"https:\\\/\\\/www.fica.unsl.edu.ar\\\/#organization\",\"name\":\"Facultad de Ingenier\u00eda y Ciencias Agropecuarias\",\"url\":\"https:\\\/\\\/www.fica.unsl.edu.ar\\\/\",\"logo\":{\"@type\":\"ImageObject\",\"inLanguage\":\"es-AR\",\"@id\":\"https:\\\/\\\/www.fica.unsl.edu.ar\\\/#\\\/schema\\\/logo\\\/image\\\/\",\"url\":\"https:\\\/\\\/www.fica.unsl.edu.ar\\\/wp-content\\\/uploads\\\/2021\\\/03\\\/LOGO-1.jpg\",\"contentUrl\":\"https:\\\/\\\/www.fica.unsl.edu.ar\\\/wp-content\\\/uploads\\\/2021\\\/03\\\/LOGO-1.jpg\",\"width\":463,\"height\":145,\"caption\":\"Facultad de Ingenier\u00eda y Ciencias Agropecuarias\"},\"image\":{\"@id\":\"https:\\\/\\\/www.fica.unsl.edu.ar\\\/#\\\/schema\\\/logo\\\/image\\\/\"},\"sameAs\":[\"https:\\\/\\\/www.facebook.com\\\/FICA.UNSL\\\/\",\"https:\\\/\\\/x.com\\\/FICAUNSL\",\"https:\\\/\\\/www.instagram.com\\\/fica.unsl\\\/\",\"https:\\\/\\\/www.youtube.com\\\/channel\\\/UCs2MM53gb2PyBrMySdtWZDQ\"]},{\"@type\":\"Person\",\"@id\":\"https:\\\/\\\/www.fica.unsl.edu.ar\\\/#\\\/schema\\\/person\\\/6058f9c66301868d3a691b1f5d6c3544\",\"name\":\"DATI\"}]}<\/script>\n<!-- \/ Yoast SEO plugin. -->","yoast_head_json":{"title":"El Consejo Superior trat\u00f3 la extensi\u00f3n de regularidades - Facultad de Ingenier\u00eda y Ciencias Agropecuarias","robots":{"index":"index","follow":"follow","max-snippet":"max-snippet:-1","max-image-preview":"max-image-preview:large","max-video-preview":"max-video-preview:-1"},"canonical":"https:\/\/www.fica.unsl.edu.ar\/index.php\/el-consejo-superior-trato-la-extension-de-regularidades\/","og_locale":"es_ES","og_type":"article","og_title":"El Consejo Superior trat\u00f3 la extensi\u00f3n de regularidades - Facultad de Ingenier\u00eda y Ciencias Agropecuarias","og_description":"Se aprob\u00f3 por mayor\u00eda el dictamen del Comit\u00e9 Acad\u00e9mico. De esta manera, se extender\u00e1n autom\u00e1ticamente hasta la mesa de marzo de 2024 inclusive, a los\/as&hellip;","og_url":"https:\/\/www.fica.unsl.edu.ar\/index.php\/el-consejo-superior-trato-la-extension-de-regularidades\/","og_site_name":"Facultad de Ingenier\u00eda y Ciencias Agropecuarias","article_publisher":"https:\/\/www.facebook.com\/FICA.UNSL\/","article_published_time":"2023-12-22T14:22:30+00:00","article_modified_time":"2024-03-01T16:00:59+00:00","og_image":[{"width":1061,"height":585,"url":"https:\/\/www.fica.unsl.edu.ar\/wp-content\/uploads\/2023\/12\/biomasa-front.jpg","type":"image\/jpeg"}],"author":"DATI","twitter_card":"summary_large_image","twitter_creator":"@FICAUNSL","twitter_site":"@FICAUNSL","twitter_misc":{"Escrito por":"DATI","Tiempo de lectura":"4 minutos"},"schema":{"@context":"https:\/\/schema.org","@graph":[{"@type":"Article","@id":"https:\/\/www.fica.unsl.edu.ar\/index.php\/el-consejo-superior-trato-la-extension-de-regularidades\/#article","isPartOf":{"@id":"https:\/\/www.fica.unsl.edu.ar\/index.php\/el-consejo-superior-trato-la-extension-de-regularidades\/"},"author":{"name":"DATI","@id":"https:\/\/www.fica.unsl.edu.ar\/#\/schema\/person\/6058f9c66301868d3a691b1f5d6c3544"},"headline":"El Consejo Superior trat\u00f3 la extensi\u00f3n de regularidades","datePublished":"2023-12-22T14:22:30+00:00","dateModified":"2024-03-01T16:00:59+00:00","mainEntityOfPage":{"@id":"https:\/\/www.fica.unsl.edu.ar\/index.php\/el-consejo-superior-trato-la-extension-de-regularidades\/"},"wordCount":739,"publisher":{"@id":"https:\/\/www.fica.unsl.edu.ar\/#organization"},"image":{"@id":"https:\/\/www.fica.unsl.edu.ar\/index.php\/el-consejo-superior-trato-la-extension-de-regularidades\/#primaryimage"},"thumbnailUrl":"https:\/\/www.fica.unsl.edu.ar\/wp-content\/uploads\/2023\/12\/biomasa-front.jpg","articleSection":["Noticias"],"inLanguage":"es-AR"},{"@type":"WebPage","@id":"https:\/\/www.fica.unsl.edu.ar\/index.php\/el-consejo-superior-trato-la-extension-de-regularidades\/","url":"https:\/\/www.fica.unsl.edu.ar\/index.php\/el-consejo-superior-trato-la-extension-de-regularidades\/","name":"El Consejo Superior trat\u00f3 la extensi\u00f3n de regularidades - Facultad de Ingenier\u00eda y Ciencias Agropecuarias","isPartOf":{"@id":"https:\/\/www.fica.unsl.edu.ar\/#website"},"primaryImageOfPage":{"@id":"https:\/\/www.fica.unsl.edu.ar\/index.php\/el-consejo-superior-trato-la-extension-de-regularidades\/#primaryimage"},"image":{"@id":"https:\/\/www.fica.unsl.edu.ar\/index.php\/el-consejo-superior-trato-la-extension-de-regularidades\/#primaryimage"},"thumbnailUrl":"https:\/\/www.fica.unsl.edu.ar\/wp-content\/uploads\/2023\/12\/biomasa-front.jpg","datePublished":"2023-12-22T14:22:30+00:00","dateModified":"2024-03-01T16:00:59+00:00","inLanguage":"es-AR","potentialAction":[{"@type":"ReadAction","target":["https:\/\/www.fica.unsl.edu.ar\/index.php\/el-consejo-superior-trato-la-extension-de-regularidades\/"]}]},{"@type":"ImageObject","inLanguage":"es-AR","@id":"https:\/\/www.fica.unsl.edu.ar\/index.php\/el-consejo-superior-trato-la-extension-de-regularidades\/#primaryimage","url":"https:\/\/www.fica.unsl.edu.ar\/wp-content\/uploads\/2023\/12\/biomasa-front.jpg","contentUrl":"https:\/\/www.fica.unsl.edu.ar\/wp-content\/uploads\/2023\/12\/biomasa-front.jpg","width":1061,"height":585},{"@type":"WebSite","@id":"https:\/\/www.fica.unsl.edu.ar\/#website","url":"https:\/\/www.fica.unsl.edu.ar\/","name":"Facultad de Ingenier\u00eda y Ciencias Agropecuarias","description":"","publisher":{"@id":"https:\/\/www.fica.unsl.edu.ar\/#organization"},"potentialAction":[{"@type":"SearchAction","target":{"@type":"EntryPoint","urlTemplate":"https:\/\/www.fica.unsl.edu.ar\/?s={search_term_string}"},"query-input":{"@type":"PropertyValueSpecification","valueRequired":true,"valueName":"search_term_string"}}],"inLanguage":"es-AR"},{"@type":"Organization","@id":"https:\/\/www.fica.unsl.edu.ar\/#organization","name":"Facultad de Ingenier\u00eda y Ciencias Agropecuarias","url":"https:\/\/www.fica.unsl.edu.ar\/","logo":{"@type":"ImageObject","inLanguage":"es-AR","@id":"https:\/\/www.fica.unsl.edu.ar\/#\/schema\/logo\/image\/","url":"https:\/\/www.fica.unsl.edu.ar\/wp-content\/uploads\/2021\/03\/LOGO-1.jpg","contentUrl":"https:\/\/www.fica.unsl.edu.ar\/wp-content\/uploads\/2021\/03\/LOGO-1.jpg","width":463,"height":145,"caption":"Facultad de Ingenier\u00eda y Ciencias Agropecuarias"},"image":{"@id":"https:\/\/www.fica.unsl.edu.ar\/#\/schema\/logo\/image\/"},"sameAs":["https:\/\/www.facebook.com\/FICA.UNSL\/","https:\/\/x.com\/FICAUNSL","https:\/\/www.instagram.com\/fica.unsl\/","https:\/\/www.youtube.com\/channel\/UCs2MM53gb2PyBrMySdtWZDQ"]},{"@type":"Person","@id":"https:\/\/www.fica.unsl.edu.ar\/#\/schema\/person\/6058f9c66301868d3a691b1f5d6c3544","name":"DATI"}]}},"_links":{"self":[{"href":"https:\/\/www.fica.unsl.edu.ar\/index.php\/wp-json\/wp\/v2\/posts\/15971","targetHints":{"allow":["GET"]}}],"collection":[{"href":"https:\/\/www.fica.unsl.edu.ar\/index.php\/wp-json\/wp\/v2\/posts"}],"about":[{"href":"https:\/\/www.fica.unsl.edu.ar\/index.php\/wp-json\/wp\/v2\/types\/post"}],"author":[{"embeddable":true,"href":"https:\/\/www.fica.unsl.edu.ar\/index.php\/wp-json\/wp\/v2\/users\/9"}],"replies":[{"embeddable":true,"href":"https:\/\/www.fica.unsl.edu.ar\/index.php\/wp-json\/wp\/v2\/comments?post=15971"}],"version-history":[{"count":1,"href":"https:\/\/www.fica.unsl.edu.ar\/index.php\/wp-json\/wp\/v2\/posts\/15971\/revisions"}],"predecessor-version":[{"id":15973,"href":"https:\/\/www.fica.unsl.edu.ar\/index.php\/wp-json\/wp\/v2\/posts\/15971\/revisions\/15973"}],"wp:featuredmedia":[{"embeddable":true,"href":"https:\/\/www.fica.unsl.edu.ar\/index.php\/wp-json\/wp\/v2\/media\/15974"}],"wp:attachment":[{"href":"https:\/\/www.fica.unsl.edu.ar\/index.php\/wp-json\/wp\/v2\/media?parent=15971"}],"wp:term":[{"taxonomy":"category","embeddable":true,"href":"https:\/\/www.fica.unsl.edu.ar\/index.php\/wp-json\/wp\/v2\/categories?post=15971"},{"taxonomy":"post_tag","embeddable":true,"href":"https:\/\/www.fica.unsl.edu.ar\/index.php\/wp-json\/wp\/v2\/tags?post=15971"}],"curies":[{"name":"wp","href":"https:\/\/api.w.org\/{rel}","templated":true}]}}