{"id":15993,"date":"2023-12-26T00:03:34","date_gmt":"2023-12-26T03:03:34","guid":{"rendered":"http:\/\/10.101.10.196\/www\/?p=15993"},"modified":"2023-12-26T14:03:59","modified_gmt":"2023-12-26T17:03:59","slug":"fijaron-las-fechas-para-el-receso-estival-de-la-unsl","status":"publish","type":"post","link":"https:\/\/www.fica.unsl.edu.ar\/index.php\/fijaron-las-fechas-para-el-receso-estival-de-la-unsl\/","title":{"rendered":"Fijaron las fechas para el receso estival de la UNSL"},"content":{"rendered":"<p><strong>Desde el martes 2 hasta el mi\u00e9rcoles 31 de enero del 2024 se estableci\u00f3 el per\u00edodo de receso para las actividades de la Universidad Nacional de San Luis (UNSL). Durante dicho per\u00edodo permanecer\u00e1n cerradas las oficinas, a excepci\u00f3n de aquellas que deban atender los servicios imprescindibles, los cuales contar\u00e1n con guardias m\u00ednimas.<\/strong><\/p>\n<p>Durante el receso estival 2024, el personal nodocente que tuviera que prestar servicios en raz\u00f3n de sus funciones espec\u00edficas, trabajar\u00e1 de 8:00 a 13:00 horas. Para quienes manejen reg\u00edmenes especiales, el horario ser\u00e1 acordado con el responsable de cada sector. En cualquier caso, la jornada laboral ser\u00e1 reducida a cinco (5) horas durante el receso.<\/p>\n<p>A los efectos de la iniciaci\u00f3n y\/o prosecuci\u00f3n de tr\u00e1mites administrativos y del correspondiente c\u00f3mputo de los plazos previstos en las pertinentes reglamentaciones, se establece como inh\u00e1bil el per\u00edodo de receso.<\/p>\n<p>Para los tr\u00e1mites relacionados a contrataciones, compras y construcciones, se suspender\u00e1n los plazos administrativos en el per\u00edodo comprendido entre el 8 y el 31 de enero; no as\u00ed los plazos de ejecuci\u00f3n de obra ni las obligaciones asumidas en consecuencia, estableci\u00e9ndose la comunicaci\u00f3n entre las partes en dicho per\u00edodo solamente por intermedio de la inspecci\u00f3n de obra.<\/p>\n<p>El\u00a0<strong>personal nodocente<\/strong>\u00a0har\u00e1 uso de la licencia anual ordinaria a partir del 2 de enero del 2024, conforme el plan de vacaciones seg\u00fan lo establece el Convenio Colectivo de Trabajo, Decreto 366\/06, con excepci\u00f3n de los agentes que deban cumplir las guardias imprescindibles.<\/p>\n<p>El\u00a0<strong>personal docente<\/strong>\u00a0har\u00e1 uso de la licencia anual ordinaria a partir del 2 de enero del 2024, de acuerdo con su antig\u00fcedad de revista y en los t\u00e9rminos del Convenio Colectivo de Trabajo, Decreto 1246\/15, la Ordenanza CS 18\/2010 y la Ordenanza CS 41\/2017.<\/p>\n<p><a href=\"file:\/\/\/Users\/usuario\/Downloads\/RR%202301-2023%20Receso%20estival.pdf\">Resoluci\u00f3n 2301-2023<\/a><\/p>\n<p>Cr\u00e9dito de nota: Leisa Gonz\u00e1lez, estudiante de la Licenciatura en Periodismo. Becaria en Prensa Institucional de la UNSL.<\/p>\n","protected":false},"excerpt":{"rendered":"<p>Desde el martes 2 hasta el mi\u00e9rcoles 31 de enero del 2024 se estableci\u00f3 el per\u00edodo de receso para las actividades de la Universidad Nacional&hellip;<\/p>\n","protected":false},"author":9,"featured_media":15994,"comment_status":"closed","ping_status":"closed","sticky":false,"template":"","format":"standard","meta":{"_monsterinsights_skip_tracking":false,"_monsterinsights_sitenote_active":false,"_monsterinsights_sitenote_note":"","_monsterinsights_sitenote_category":0,"_joinchat":[],"footnotes":""},"categories":[19],"tags":[],"class_list":["post-15993","post","type-post","status-publish","format-standard","has-post-thumbnail","hentry","category-noticias"],"yoast_head":"<!-- This site is optimized with the Yoast SEO plugin v27.4 - https:\/\/yoast.com\/product\/yoast-seo-wordpress\/ -->\n<title>Fijaron las fechas para el receso estival de la UNSL - Facultad de Ingenier\u00eda y Ciencias Agropecuarias<\/title>\n<meta name=\"robots\" content=\"index, follow, max-snippet:-1, max-image-preview:large, max-video-preview:-1\" \/>\n<link rel=\"canonical\" href=\"https:\/\/www.fica.unsl.edu.ar\/index.php\/fijaron-las-fechas-para-el-receso-estival-de-la-unsl\/\" \/>\n<meta property=\"og:locale\" content=\"es_ES\" \/>\n<meta property=\"og:type\" content=\"article\" \/>\n<meta property=\"og:title\" content=\"Fijaron las fechas para el receso estival de la UNSL - Facultad de Ingenier\u00eda y Ciencias Agropecuarias\" \/>\n<meta property=\"og:description\" content=\"Desde el martes 2 hasta el mi\u00e9rcoles 31 de enero del 2024 se estableci\u00f3 el per\u00edodo de receso para las actividades de la Universidad Nacional&hellip;\" \/>\n<meta property=\"og:url\" content=\"https:\/\/www.fica.unsl.edu.ar\/index.php\/fijaron-las-fechas-para-el-receso-estival-de-la-unsl\/\" \/>\n<meta property=\"og:site_name\" content=\"Facultad de Ingenier\u00eda y Ciencias Agropecuarias\" \/>\n<meta property=\"article:publisher\" content=\"https:\/\/www.facebook.com\/FICA.UNSL\/\" \/>\n<meta property=\"article:published_time\" content=\"2023-12-26T03:03:34+00:00\" \/>\n<meta property=\"article:modified_time\" content=\"2023-12-26T17:03:59+00:00\" \/>\n<meta property=\"og:image\" content=\"https:\/\/www.fica.unsl.edu.ar\/wp-content\/uploads\/2023\/12\/20231113-Fachada-UNSL-primavera-12-1000x600-1.jpg\" \/>\n\t<meta property=\"og:image:width\" content=\"1000\" \/>\n\t<meta property=\"og:image:height\" content=\"600\" \/>\n\t<meta property=\"og:image:type\" content=\"image\/jpeg\" \/>\n<meta name=\"author\" content=\"DATI\" \/>\n<meta name=\"twitter:card\" content=\"summary_large_image\" \/>\n<meta name=\"twitter:creator\" content=\"@FICAUNSL\" \/>\n<meta name=\"twitter:site\" content=\"@FICAUNSL\" \/>\n<meta name=\"twitter:label1\" content=\"Escrito por\" \/>\n\t<meta name=\"twitter:data1\" content=\"DATI\" \/>\n\t<meta name=\"twitter:label2\" content=\"Tiempo de lectura\" \/>\n\t<meta name=\"twitter:data2\" content=\"2 minutos\" \/>\n<script type=\"application\/ld+json\" class=\"yoast-schema-graph\">{\"@context\":\"https:\\\/\\\/schema.org\",\"@graph\":[{\"@type\":\"Article\",\"@id\":\"https:\\\/\\\/www.fica.unsl.edu.ar\\\/index.php\\\/fijaron-las-fechas-para-el-receso-estival-de-la-unsl\\\/#article\",\"isPartOf\":{\"@id\":\"https:\\\/\\\/www.fica.unsl.edu.ar\\\/index.php\\\/fijaron-las-fechas-para-el-receso-estival-de-la-unsl\\\/\"},\"author\":{\"name\":\"DATI\",\"@id\":\"https:\\\/\\\/www.fica.unsl.edu.ar\\\/#\\\/schema\\\/person\\\/6058f9c66301868d3a691b1f5d6c3544\"},\"headline\":\"Fijaron las fechas para el receso estival de la UNSL\",\"datePublished\":\"2023-12-26T03:03:34+00:00\",\"dateModified\":\"2023-12-26T17:03:59+00:00\",\"mainEntityOfPage\":{\"@id\":\"https:\\\/\\\/www.fica.unsl.edu.ar\\\/index.php\\\/fijaron-las-fechas-para-el-receso-estival-de-la-unsl\\\/\"},\"wordCount\":329,\"publisher\":{\"@id\":\"https:\\\/\\\/www.fica.unsl.edu.ar\\\/#organization\"},\"image\":{\"@id\":\"https:\\\/\\\/www.fica.unsl.edu.ar\\\/index.php\\\/fijaron-las-fechas-para-el-receso-estival-de-la-unsl\\\/#primaryimage\"},\"thumbnailUrl\":\"https:\\\/\\\/www.fica.unsl.edu.ar\\\/wp-content\\\/uploads\\\/2023\\\/12\\\/20231113-Fachada-UNSL-primavera-12-1000x600-1.jpg\",\"articleSection\":[\"Noticias\"],\"inLanguage\":\"es-AR\"},{\"@type\":\"WebPage\",\"@id\":\"https:\\\/\\\/www.fica.unsl.edu.ar\\\/index.php\\\/fijaron-las-fechas-para-el-receso-estival-de-la-unsl\\\/\",\"url\":\"https:\\\/\\\/www.fica.unsl.edu.ar\\\/index.php\\\/fijaron-las-fechas-para-el-receso-estival-de-la-unsl\\\/\",\"name\":\"Fijaron las fechas para el receso estival de la UNSL - Facultad de Ingenier\u00eda y Ciencias Agropecuarias\",\"isPartOf\":{\"@id\":\"https:\\\/\\\/www.fica.unsl.edu.ar\\\/#website\"},\"primaryImageOfPage\":{\"@id\":\"https:\\\/\\\/www.fica.unsl.edu.ar\\\/index.php\\\/fijaron-las-fechas-para-el-receso-estival-de-la-unsl\\\/#primaryimage\"},\"image\":{\"@id\":\"https:\\\/\\\/www.fica.unsl.edu.ar\\\/index.php\\\/fijaron-las-fechas-para-el-receso-estival-de-la-unsl\\\/#primaryimage\"},\"thumbnailUrl\":\"https:\\\/\\\/www.fica.unsl.edu.ar\\\/wp-content\\\/uploads\\\/2023\\\/12\\\/20231113-Fachada-UNSL-primavera-12-1000x600-1.jpg\",\"datePublished\":\"2023-12-26T03:03:34+00:00\",\"dateModified\":\"2023-12-26T17:03:59+00:00\",\"inLanguage\":\"es-AR\",\"potentialAction\":[{\"@type\":\"ReadAction\",\"target\":[\"https:\\\/\\\/www.fica.unsl.edu.ar\\\/index.php\\\/fijaron-las-fechas-para-el-receso-estival-de-la-unsl\\\/\"]}]},{\"@type\":\"ImageObject\",\"inLanguage\":\"es-AR\",\"@id\":\"https:\\\/\\\/www.fica.unsl.edu.ar\\\/index.php\\\/fijaron-las-fechas-para-el-receso-estival-de-la-unsl\\\/#primaryimage\",\"url\":\"https:\\\/\\\/www.fica.unsl.edu.ar\\\/wp-content\\\/uploads\\\/2023\\\/12\\\/20231113-Fachada-UNSL-primavera-12-1000x600-1.jpg\",\"contentUrl\":\"https:\\\/\\\/www.fica.unsl.edu.ar\\\/wp-content\\\/uploads\\\/2023\\\/12\\\/20231113-Fachada-UNSL-primavera-12-1000x600-1.jpg\",\"width\":1000,\"height\":600},{\"@type\":\"WebSite\",\"@id\":\"https:\\\/\\\/www.fica.unsl.edu.ar\\\/#website\",\"url\":\"https:\\\/\\\/www.fica.unsl.edu.ar\\\/\",\"name\":\"Facultad de Ingenier\u00eda y Ciencias Agropecuarias\",\"description\":\"\",\"publisher\":{\"@id\":\"https:\\\/\\\/www.fica.unsl.edu.ar\\\/#organization\"},\"potentialAction\":[{\"@type\":\"SearchAction\",\"target\":{\"@type\":\"EntryPoint\",\"urlTemplate\":\"https:\\\/\\\/www.fica.unsl.edu.ar\\\/?s={search_term_string}\"},\"query-input\":{\"@type\":\"PropertyValueSpecification\",\"valueRequired\":true,\"valueName\":\"search_term_string\"}}],\"inLanguage\":\"es-AR\"},{\"@type\":\"Organization\",\"@id\":\"https:\\\/\\\/www.fica.unsl.edu.ar\\\/#organization\",\"name\":\"Facultad de Ingenier\u00eda y Ciencias Agropecuarias\",\"url\":\"https:\\\/\\\/www.fica.unsl.edu.ar\\\/\",\"logo\":{\"@type\":\"ImageObject\",\"inLanguage\":\"es-AR\",\"@id\":\"https:\\\/\\\/www.fica.unsl.edu.ar\\\/#\\\/schema\\\/logo\\\/image\\\/\",\"url\":\"https:\\\/\\\/www.fica.unsl.edu.ar\\\/wp-content\\\/uploads\\\/2021\\\/03\\\/LOGO-1.jpg\",\"contentUrl\":\"https:\\\/\\\/www.fica.unsl.edu.ar\\\/wp-content\\\/uploads\\\/2021\\\/03\\\/LOGO-1.jpg\",\"width\":463,\"height\":145,\"caption\":\"Facultad de Ingenier\u00eda y Ciencias Agropecuarias\"},\"image\":{\"@id\":\"https:\\\/\\\/www.fica.unsl.edu.ar\\\/#\\\/schema\\\/logo\\\/image\\\/\"},\"sameAs\":[\"https:\\\/\\\/www.facebook.com\\\/FICA.UNSL\\\/\",\"https:\\\/\\\/x.com\\\/FICAUNSL\",\"https:\\\/\\\/www.instagram.com\\\/fica.unsl\\\/\",\"https:\\\/\\\/www.youtube.com\\\/channel\\\/UCs2MM53gb2PyBrMySdtWZDQ\"]},{\"@type\":\"Person\",\"@id\":\"https:\\\/\\\/www.fica.unsl.edu.ar\\\/#\\\/schema\\\/person\\\/6058f9c66301868d3a691b1f5d6c3544\",\"name\":\"DATI\"}]}<\/script>\n<!-- \/ Yoast SEO plugin. -->","yoast_head_json":{"title":"Fijaron las fechas para el receso estival de la UNSL - Facultad de Ingenier\u00eda y Ciencias Agropecuarias","robots":{"index":"index","follow":"follow","max-snippet":"max-snippet:-1","max-image-preview":"max-image-preview:large","max-video-preview":"max-video-preview:-1"},"canonical":"https:\/\/www.fica.unsl.edu.ar\/index.php\/fijaron-las-fechas-para-el-receso-estival-de-la-unsl\/","og_locale":"es_ES","og_type":"article","og_title":"Fijaron las fechas para el receso estival de la UNSL - Facultad de Ingenier\u00eda y Ciencias Agropecuarias","og_description":"Desde el martes 2 hasta el mi\u00e9rcoles 31 de enero del 2024 se estableci\u00f3 el per\u00edodo de receso para las actividades de la Universidad Nacional&hellip;","og_url":"https:\/\/www.fica.unsl.edu.ar\/index.php\/fijaron-las-fechas-para-el-receso-estival-de-la-unsl\/","og_site_name":"Facultad de Ingenier\u00eda y Ciencias Agropecuarias","article_publisher":"https:\/\/www.facebook.com\/FICA.UNSL\/","article_published_time":"2023-12-26T03:03:34+00:00","article_modified_time":"2023-12-26T17:03:59+00:00","og_image":[{"width":1000,"height":600,"url":"https:\/\/www.fica.unsl.edu.ar\/wp-content\/uploads\/2023\/12\/20231113-Fachada-UNSL-primavera-12-1000x600-1.jpg","type":"image\/jpeg"}],"author":"DATI","twitter_card":"summary_large_image","twitter_creator":"@FICAUNSL","twitter_site":"@FICAUNSL","twitter_misc":{"Escrito por":"DATI","Tiempo de lectura":"2 minutos"},"schema":{"@context":"https:\/\/schema.org","@graph":[{"@type":"Article","@id":"https:\/\/www.fica.unsl.edu.ar\/index.php\/fijaron-las-fechas-para-el-receso-estival-de-la-unsl\/#article","isPartOf":{"@id":"https:\/\/www.fica.unsl.edu.ar\/index.php\/fijaron-las-fechas-para-el-receso-estival-de-la-unsl\/"},"author":{"name":"DATI","@id":"https:\/\/www.fica.unsl.edu.ar\/#\/schema\/person\/6058f9c66301868d3a691b1f5d6c3544"},"headline":"Fijaron las fechas para el receso estival de la UNSL","datePublished":"2023-12-26T03:03:34+00:00","dateModified":"2023-12-26T17:03:59+00:00","mainEntityOfPage":{"@id":"https:\/\/www.fica.unsl.edu.ar\/index.php\/fijaron-las-fechas-para-el-receso-estival-de-la-unsl\/"},"wordCount":329,"publisher":{"@id":"https:\/\/www.fica.unsl.edu.ar\/#organization"},"image":{"@id":"https:\/\/www.fica.unsl.edu.ar\/index.php\/fijaron-las-fechas-para-el-receso-estival-de-la-unsl\/#primaryimage"},"thumbnailUrl":"https:\/\/www.fica.unsl.edu.ar\/wp-content\/uploads\/2023\/12\/20231113-Fachada-UNSL-primavera-12-1000x600-1.jpg","articleSection":["Noticias"],"inLanguage":"es-AR"},{"@type":"WebPage","@id":"https:\/\/www.fica.unsl.edu.ar\/index.php\/fijaron-las-fechas-para-el-receso-estival-de-la-unsl\/","url":"https:\/\/www.fica.unsl.edu.ar\/index.php\/fijaron-las-fechas-para-el-receso-estival-de-la-unsl\/","name":"Fijaron las fechas para el receso estival de la UNSL - Facultad de Ingenier\u00eda y Ciencias Agropecuarias","isPartOf":{"@id":"https:\/\/www.fica.unsl.edu.ar\/#website"},"primaryImageOfPage":{"@id":"https:\/\/www.fica.unsl.edu.ar\/index.php\/fijaron-las-fechas-para-el-receso-estival-de-la-unsl\/#primaryimage"},"image":{"@id":"https:\/\/www.fica.unsl.edu.ar\/index.php\/fijaron-las-fechas-para-el-receso-estival-de-la-unsl\/#primaryimage"},"thumbnailUrl":"https:\/\/www.fica.unsl.edu.ar\/wp-content\/uploads\/2023\/12\/20231113-Fachada-UNSL-primavera-12-1000x600-1.jpg","datePublished":"2023-12-26T03:03:34+00:00","dateModified":"2023-12-26T17:03:59+00:00","inLanguage":"es-AR","potentialAction":[{"@type":"ReadAction","target":["https:\/\/www.fica.unsl.edu.ar\/index.php\/fijaron-las-fechas-para-el-receso-estival-de-la-unsl\/"]}]},{"@type":"ImageObject","inLanguage":"es-AR","@id":"https:\/\/www.fica.unsl.edu.ar\/index.php\/fijaron-las-fechas-para-el-receso-estival-de-la-unsl\/#primaryimage","url":"https:\/\/www.fica.unsl.edu.ar\/wp-content\/uploads\/2023\/12\/20231113-Fachada-UNSL-primavera-12-1000x600-1.jpg","contentUrl":"https:\/\/www.fica.unsl.edu.ar\/wp-content\/uploads\/2023\/12\/20231113-Fachada-UNSL-primavera-12-1000x600-1.jpg","width":1000,"height":600},{"@type":"WebSite","@id":"https:\/\/www.fica.unsl.edu.ar\/#website","url":"https:\/\/www.fica.unsl.edu.ar\/","name":"Facultad de Ingenier\u00eda y Ciencias Agropecuarias","description":"","publisher":{"@id":"https:\/\/www.fica.unsl.edu.ar\/#organization"},"potentialAction":[{"@type":"SearchAction","target":{"@type":"EntryPoint","urlTemplate":"https:\/\/www.fica.unsl.edu.ar\/?s={search_term_string}"},"query-input":{"@type":"PropertyValueSpecification","valueRequired":true,"valueName":"search_term_string"}}],"inLanguage":"es-AR"},{"@type":"Organization","@id":"https:\/\/www.fica.unsl.edu.ar\/#organization","name":"Facultad de Ingenier\u00eda y Ciencias Agropecuarias","url":"https:\/\/www.fica.unsl.edu.ar\/","logo":{"@type":"ImageObject","inLanguage":"es-AR","@id":"https:\/\/www.fica.unsl.edu.ar\/#\/schema\/logo\/image\/","url":"https:\/\/www.fica.unsl.edu.ar\/wp-content\/uploads\/2021\/03\/LOGO-1.jpg","contentUrl":"https:\/\/www.fica.unsl.edu.ar\/wp-content\/uploads\/2021\/03\/LOGO-1.jpg","width":463,"height":145,"caption":"Facultad de Ingenier\u00eda y Ciencias Agropecuarias"},"image":{"@id":"https:\/\/www.fica.unsl.edu.ar\/#\/schema\/logo\/image\/"},"sameAs":["https:\/\/www.facebook.com\/FICA.UNSL\/","https:\/\/x.com\/FICAUNSL","https:\/\/www.instagram.com\/fica.unsl\/","https:\/\/www.youtube.com\/channel\/UCs2MM53gb2PyBrMySdtWZDQ"]},{"@type":"Person","@id":"https:\/\/www.fica.unsl.edu.ar\/#\/schema\/person\/6058f9c66301868d3a691b1f5d6c3544","name":"DATI"}]}},"_links":{"self":[{"href":"https:\/\/www.fica.unsl.edu.ar\/index.php\/wp-json\/wp\/v2\/posts\/15993","targetHints":{"allow":["GET"]}}],"collection":[{"href":"https:\/\/www.fica.unsl.edu.ar\/index.php\/wp-json\/wp\/v2\/posts"}],"about":[{"href":"https:\/\/www.fica.unsl.edu.ar\/index.php\/wp-json\/wp\/v2\/types\/post"}],"author":[{"embeddable":true,"href":"https:\/\/www.fica.unsl.edu.ar\/index.php\/wp-json\/wp\/v2\/users\/9"}],"replies":[{"embeddable":true,"href":"https:\/\/www.fica.unsl.edu.ar\/index.php\/wp-json\/wp\/v2\/comments?post=15993"}],"version-history":[{"count":1,"href":"https:\/\/www.fica.unsl.edu.ar\/index.php\/wp-json\/wp\/v2\/posts\/15993\/revisions"}],"predecessor-version":[{"id":15995,"href":"https:\/\/www.fica.unsl.edu.ar\/index.php\/wp-json\/wp\/v2\/posts\/15993\/revisions\/15995"}],"wp:featuredmedia":[{"embeddable":true,"href":"https:\/\/www.fica.unsl.edu.ar\/index.php\/wp-json\/wp\/v2\/media\/15994"}],"wp:attachment":[{"href":"https:\/\/www.fica.unsl.edu.ar\/index.php\/wp-json\/wp\/v2\/media?parent=15993"}],"wp:term":[{"taxonomy":"category","embeddable":true,"href":"https:\/\/www.fica.unsl.edu.ar\/index.php\/wp-json\/wp\/v2\/categories?post=15993"},{"taxonomy":"post_tag","embeddable":true,"href":"https:\/\/www.fica.unsl.edu.ar\/index.php\/wp-json\/wp\/v2\/tags?post=15993"}],"curies":[{"name":"wp","href":"https:\/\/api.w.org\/{rel}","templated":true}]}}