{"id":16100,"date":"2024-02-19T11:09:21","date_gmt":"2024-02-19T14:09:21","guid":{"rendered":"http:\/\/10.101.10.196\/www\/?p=16100"},"modified":"2024-02-19T13:33:57","modified_gmt":"2024-02-19T16:33:57","slug":"la-unsl-invita-al-taller-sobre-evaluacion-de-necesidades-y-practicas-de-la-transformacion-digital","status":"publish","type":"post","link":"https:\/\/www.fica.unsl.edu.ar\/index.php\/la-unsl-invita-al-taller-sobre-evaluacion-de-necesidades-y-practicas-de-la-transformacion-digital\/","title":{"rendered":"La UNSL invita al \u201cTaller sobre evaluaci\u00f3n de necesidades y pr\u00e1cticas de la transformaci\u00f3n digital\u201d"},"content":{"rendered":"<p>La Universidad Nacional de San Luis (UNSL) invita a participar del \u201c<em>Taller sobre evaluaci\u00f3n de necesidades y pr\u00e1cticas de la transformaci\u00f3n digital<\/em>\u201d, a realizarse el d\u00eda viernes 23 de febrero de 2024, de 09:00 a 13:00 horas, en sus instalaciones del Comedor Universitario, ubicado en calle Rivadavia N\u00ba 1029, de la ciudad de San Luis.<\/p>\n<p>Este taller es ser\u00e1 un punto de encuentro destinado a actores relevantes del ecosistema regional, con base en la Provincia de San Luis, afectados e interesados en la creaci\u00f3n de capacidades para la transformaci\u00f3n digital. El mismo es organizado como parte de las actividades del Proyecto UNI UEAR \u2013 Alianza Universitaria Argentina Europea para la Transformaci\u00f3n Digital<\/p>\n<p>El Proyecto es ejecutado por el Consejo Interuniversitario Nacional (CIN), en colaboraci\u00f3n con un grupo de cinco universidades nacionales (de Buenos Aires, de La Plata, del Sur, de Quilmes y de San Mart\u00edn) y cuatro instituciones europeas. Su objetivo principal es contribuir a la promoci\u00f3n de los derechos digitales en Argentina y, en particular, busca fortalecer la creaci\u00f3n y difusi\u00f3n de conocimiento aplicado para la transformaci\u00f3n digital y desarrollar alianzas entre la academia, los sectores p\u00fablicos, privados y la sociedad civil, respecto de la transformaci\u00f3n digital.<\/p>\n<p>En esta oportunidad y para la Provincia de San Luis, el Proyecto ha confiado a la UNSL la coordinaci\u00f3n y realizaci\u00f3n del Taller.<\/p>\n<p>La agenda prev\u00e9 abordar los siguientes ejes tem\u00e1ticos, en mesas de trabajo multidisciplinares y abiertas al debate:<\/p>\n<ul>\n<li>relevamiento de actividades\/proyectos en temas de transformaci\u00f3n digital regionales;<\/li>\n<li>identificaci\u00f3n de actores y de demandas sobre capacitaci\u00f3n en transformaci\u00f3n digital, en sus distintos niveles (divulgaci\u00f3n\/sensibilizaci\u00f3n, capacitaci\u00f3n en competencias para el trabajo, formaci\u00f3n de formadores);<\/li>\n<li>barreras\/desaf\u00edos\/preocupaciones para adaptarse y adoptar pr\u00e1cticas relacionadas al proceso de transformaci\u00f3n digital.<\/li>\n<\/ul>\n<p>&nbsp;<\/p>\n<p><img decoding=\"async\" class=\" wp-image-16101 alignright\" src=\"https:\/\/www.fica.unsl.edu.ar\/wp-content\/uploads\/2024\/02\/qr.jpg\" alt=\"\" width=\"165\" height=\"165\" srcset=\"https:\/\/www.fica.unsl.edu.ar\/wp-content\/uploads\/2024\/02\/qr.jpg 295w, https:\/\/www.fica.unsl.edu.ar\/wp-content\/uploads\/2024\/02\/qr-150x150.jpg 150w\" sizes=\"(max-width: 165px) 100vw, 165px\" \/>Las personas e instituciones interesadas en participar deber\u00e1n inscribirse previamente en el siguiente <span style=\"color: #0000ff;\"><a style=\"color: #0000ff;\" href=\"https:\/\/docs.google.com\/forms\/d\/e\/1FAIpQLSc78kLHXF1v8hKxYZ_6E1OAN7dK73RRs553uYf9uQ9GtobvbA\/viewform\" target=\"_blank\" rel=\"noopener\"><strong>formulario<\/strong><\/a><\/span> en l\u00ednea o acceder al mismo a trav\u00e9s del c\u00f3digo QR:<\/p>\n<p>Quienes deseen realizar consultas pueden hacerlo al correo electr\u00f3nico: <u>transformacion.digital.UNSL@gmail.com<\/u><\/p>\n","protected":false},"excerpt":{"rendered":"<p>La Universidad Nacional de San Luis (UNSL) invita a participar del \u201cTaller sobre evaluaci\u00f3n de necesidades y pr\u00e1cticas de la transformaci\u00f3n digital\u201d, a realizarse el&hellip;<\/p>\n","protected":false},"author":9,"featured_media":16102,"comment_status":"closed","ping_status":"closed","sticky":false,"template":"","format":"standard","meta":{"_monsterinsights_skip_tracking":false,"_monsterinsights_sitenote_active":false,"_monsterinsights_sitenote_note":"","_monsterinsights_sitenote_category":0,"_joinchat":[],"footnotes":""},"categories":[19],"tags":[],"class_list":["post-16100","post","type-post","status-publish","format-standard","has-post-thumbnail","hentry","category-noticias"],"yoast_head":"<!-- This site is optimized with the Yoast SEO plugin v27.4 - https:\/\/yoast.com\/product\/yoast-seo-wordpress\/ -->\n<title>La UNSL invita al \u201cTaller sobre evaluaci\u00f3n de necesidades y pr\u00e1cticas de la transformaci\u00f3n digital\u201d - Facultad de Ingenier\u00eda y Ciencias Agropecuarias<\/title>\n<meta name=\"robots\" content=\"index, follow, max-snippet:-1, max-image-preview:large, max-video-preview:-1\" \/>\n<link rel=\"canonical\" href=\"https:\/\/www.fica.unsl.edu.ar\/index.php\/la-unsl-invita-al-taller-sobre-evaluacion-de-necesidades-y-practicas-de-la-transformacion-digital\/\" \/>\n<meta property=\"og:locale\" content=\"es_ES\" \/>\n<meta property=\"og:type\" content=\"article\" \/>\n<meta property=\"og:title\" content=\"La UNSL invita al \u201cTaller sobre evaluaci\u00f3n de necesidades y pr\u00e1cticas de la transformaci\u00f3n digital\u201d - Facultad de Ingenier\u00eda y Ciencias Agropecuarias\" \/>\n<meta property=\"og:description\" content=\"La Universidad Nacional de San Luis (UNSL) invita a participar del \u201cTaller sobre evaluaci\u00f3n de necesidades y pr\u00e1cticas de la transformaci\u00f3n digital\u201d, a realizarse el&hellip;\" \/>\n<meta property=\"og:url\" content=\"https:\/\/www.fica.unsl.edu.ar\/index.php\/la-unsl-invita-al-taller-sobre-evaluacion-de-necesidades-y-practicas-de-la-transformacion-digital\/\" \/>\n<meta property=\"og:site_name\" content=\"Facultad de Ingenier\u00eda y Ciencias Agropecuarias\" \/>\n<meta property=\"article:publisher\" content=\"https:\/\/www.facebook.com\/FICA.UNSL\/\" \/>\n<meta property=\"article:published_time\" content=\"2024-02-19T14:09:21+00:00\" \/>\n<meta property=\"article:modified_time\" content=\"2024-02-19T16:33:57+00:00\" \/>\n<meta property=\"og:image\" content=\"https:\/\/www.fica.unsl.edu.ar\/wp-content\/uploads\/2024\/02\/Taller-Transf-Digital-front.jpg\" \/>\n\t<meta property=\"og:image:width\" content=\"1061\" \/>\n\t<meta property=\"og:image:height\" content=\"585\" \/>\n\t<meta property=\"og:image:type\" content=\"image\/jpeg\" \/>\n<meta name=\"author\" content=\"DATI\" \/>\n<meta name=\"twitter:card\" content=\"summary_large_image\" \/>\n<meta name=\"twitter:creator\" content=\"@FICAUNSL\" \/>\n<meta name=\"twitter:site\" content=\"@FICAUNSL\" \/>\n<meta name=\"twitter:label1\" content=\"Escrito por\" \/>\n\t<meta name=\"twitter:data1\" content=\"DATI\" \/>\n\t<meta name=\"twitter:label2\" content=\"Tiempo de lectura\" \/>\n\t<meta name=\"twitter:data2\" content=\"2 minutos\" \/>\n<script type=\"application\/ld+json\" class=\"yoast-schema-graph\">{\"@context\":\"https:\\\/\\\/schema.org\",\"@graph\":[{\"@type\":\"Article\",\"@id\":\"https:\\\/\\\/www.fica.unsl.edu.ar\\\/index.php\\\/la-unsl-invita-al-taller-sobre-evaluacion-de-necesidades-y-practicas-de-la-transformacion-digital\\\/#article\",\"isPartOf\":{\"@id\":\"https:\\\/\\\/www.fica.unsl.edu.ar\\\/index.php\\\/la-unsl-invita-al-taller-sobre-evaluacion-de-necesidades-y-practicas-de-la-transformacion-digital\\\/\"},\"author\":{\"name\":\"DATI\",\"@id\":\"https:\\\/\\\/www.fica.unsl.edu.ar\\\/#\\\/schema\\\/person\\\/6058f9c66301868d3a691b1f5d6c3544\"},\"headline\":\"La UNSL invita al \u201cTaller sobre evaluaci\u00f3n de necesidades y pr\u00e1cticas de la transformaci\u00f3n digital\u201d\",\"datePublished\":\"2024-02-19T14:09:21+00:00\",\"dateModified\":\"2024-02-19T16:33:57+00:00\",\"mainEntityOfPage\":{\"@id\":\"https:\\\/\\\/www.fica.unsl.edu.ar\\\/index.php\\\/la-unsl-invita-al-taller-sobre-evaluacion-de-necesidades-y-practicas-de-la-transformacion-digital\\\/\"},\"wordCount\":374,\"publisher\":{\"@id\":\"https:\\\/\\\/www.fica.unsl.edu.ar\\\/#organization\"},\"image\":{\"@id\":\"https:\\\/\\\/www.fica.unsl.edu.ar\\\/index.php\\\/la-unsl-invita-al-taller-sobre-evaluacion-de-necesidades-y-practicas-de-la-transformacion-digital\\\/#primaryimage\"},\"thumbnailUrl\":\"https:\\\/\\\/www.fica.unsl.edu.ar\\\/wp-content\\\/uploads\\\/2024\\\/02\\\/Taller-Transf-Digital-front.jpg\",\"articleSection\":[\"Noticias\"],\"inLanguage\":\"es-AR\"},{\"@type\":\"WebPage\",\"@id\":\"https:\\\/\\\/www.fica.unsl.edu.ar\\\/index.php\\\/la-unsl-invita-al-taller-sobre-evaluacion-de-necesidades-y-practicas-de-la-transformacion-digital\\\/\",\"url\":\"https:\\\/\\\/www.fica.unsl.edu.ar\\\/index.php\\\/la-unsl-invita-al-taller-sobre-evaluacion-de-necesidades-y-practicas-de-la-transformacion-digital\\\/\",\"name\":\"La UNSL invita al \u201cTaller sobre evaluaci\u00f3n de necesidades y pr\u00e1cticas de la transformaci\u00f3n digital\u201d - Facultad de Ingenier\u00eda y Ciencias Agropecuarias\",\"isPartOf\":{\"@id\":\"https:\\\/\\\/www.fica.unsl.edu.ar\\\/#website\"},\"primaryImageOfPage\":{\"@id\":\"https:\\\/\\\/www.fica.unsl.edu.ar\\\/index.php\\\/la-unsl-invita-al-taller-sobre-evaluacion-de-necesidades-y-practicas-de-la-transformacion-digital\\\/#primaryimage\"},\"image\":{\"@id\":\"https:\\\/\\\/www.fica.unsl.edu.ar\\\/index.php\\\/la-unsl-invita-al-taller-sobre-evaluacion-de-necesidades-y-practicas-de-la-transformacion-digital\\\/#primaryimage\"},\"thumbnailUrl\":\"https:\\\/\\\/www.fica.unsl.edu.ar\\\/wp-content\\\/uploads\\\/2024\\\/02\\\/Taller-Transf-Digital-front.jpg\",\"datePublished\":\"2024-02-19T14:09:21+00:00\",\"dateModified\":\"2024-02-19T16:33:57+00:00\",\"inLanguage\":\"es-AR\",\"potentialAction\":[{\"@type\":\"ReadAction\",\"target\":[\"https:\\\/\\\/www.fica.unsl.edu.ar\\\/index.php\\\/la-unsl-invita-al-taller-sobre-evaluacion-de-necesidades-y-practicas-de-la-transformacion-digital\\\/\"]}]},{\"@type\":\"ImageObject\",\"inLanguage\":\"es-AR\",\"@id\":\"https:\\\/\\\/www.fica.unsl.edu.ar\\\/index.php\\\/la-unsl-invita-al-taller-sobre-evaluacion-de-necesidades-y-practicas-de-la-transformacion-digital\\\/#primaryimage\",\"url\":\"https:\\\/\\\/www.fica.unsl.edu.ar\\\/wp-content\\\/uploads\\\/2024\\\/02\\\/Taller-Transf-Digital-front.jpg\",\"contentUrl\":\"https:\\\/\\\/www.fica.unsl.edu.ar\\\/wp-content\\\/uploads\\\/2024\\\/02\\\/Taller-Transf-Digital-front.jpg\",\"width\":1061,\"height\":585},{\"@type\":\"WebSite\",\"@id\":\"https:\\\/\\\/www.fica.unsl.edu.ar\\\/#website\",\"url\":\"https:\\\/\\\/www.fica.unsl.edu.ar\\\/\",\"name\":\"Facultad de Ingenier\u00eda y Ciencias Agropecuarias\",\"description\":\"\",\"publisher\":{\"@id\":\"https:\\\/\\\/www.fica.unsl.edu.ar\\\/#organization\"},\"potentialAction\":[{\"@type\":\"SearchAction\",\"target\":{\"@type\":\"EntryPoint\",\"urlTemplate\":\"https:\\\/\\\/www.fica.unsl.edu.ar\\\/?s={search_term_string}\"},\"query-input\":{\"@type\":\"PropertyValueSpecification\",\"valueRequired\":true,\"valueName\":\"search_term_string\"}}],\"inLanguage\":\"es-AR\"},{\"@type\":\"Organization\",\"@id\":\"https:\\\/\\\/www.fica.unsl.edu.ar\\\/#organization\",\"name\":\"Facultad de Ingenier\u00eda y Ciencias Agropecuarias\",\"url\":\"https:\\\/\\\/www.fica.unsl.edu.ar\\\/\",\"logo\":{\"@type\":\"ImageObject\",\"inLanguage\":\"es-AR\",\"@id\":\"https:\\\/\\\/www.fica.unsl.edu.ar\\\/#\\\/schema\\\/logo\\\/image\\\/\",\"url\":\"https:\\\/\\\/www.fica.unsl.edu.ar\\\/wp-content\\\/uploads\\\/2021\\\/03\\\/LOGO-1.jpg\",\"contentUrl\":\"https:\\\/\\\/www.fica.unsl.edu.ar\\\/wp-content\\\/uploads\\\/2021\\\/03\\\/LOGO-1.jpg\",\"width\":463,\"height\":145,\"caption\":\"Facultad de Ingenier\u00eda y Ciencias Agropecuarias\"},\"image\":{\"@id\":\"https:\\\/\\\/www.fica.unsl.edu.ar\\\/#\\\/schema\\\/logo\\\/image\\\/\"},\"sameAs\":[\"https:\\\/\\\/www.facebook.com\\\/FICA.UNSL\\\/\",\"https:\\\/\\\/x.com\\\/FICAUNSL\",\"https:\\\/\\\/www.instagram.com\\\/fica.unsl\\\/\",\"https:\\\/\\\/www.youtube.com\\\/channel\\\/UCs2MM53gb2PyBrMySdtWZDQ\"]},{\"@type\":\"Person\",\"@id\":\"https:\\\/\\\/www.fica.unsl.edu.ar\\\/#\\\/schema\\\/person\\\/6058f9c66301868d3a691b1f5d6c3544\",\"name\":\"DATI\"}]}<\/script>\n<!-- \/ Yoast SEO plugin. -->","yoast_head_json":{"title":"La UNSL invita al \u201cTaller sobre evaluaci\u00f3n de necesidades y pr\u00e1cticas de la transformaci\u00f3n digital\u201d - Facultad de Ingenier\u00eda y Ciencias Agropecuarias","robots":{"index":"index","follow":"follow","max-snippet":"max-snippet:-1","max-image-preview":"max-image-preview:large","max-video-preview":"max-video-preview:-1"},"canonical":"https:\/\/www.fica.unsl.edu.ar\/index.php\/la-unsl-invita-al-taller-sobre-evaluacion-de-necesidades-y-practicas-de-la-transformacion-digital\/","og_locale":"es_ES","og_type":"article","og_title":"La UNSL invita al \u201cTaller sobre evaluaci\u00f3n de necesidades y pr\u00e1cticas de la transformaci\u00f3n digital\u201d - Facultad de Ingenier\u00eda y Ciencias Agropecuarias","og_description":"La Universidad Nacional de San Luis (UNSL) invita a participar del \u201cTaller sobre evaluaci\u00f3n de necesidades y pr\u00e1cticas de la transformaci\u00f3n digital\u201d, a realizarse el&hellip;","og_url":"https:\/\/www.fica.unsl.edu.ar\/index.php\/la-unsl-invita-al-taller-sobre-evaluacion-de-necesidades-y-practicas-de-la-transformacion-digital\/","og_site_name":"Facultad de Ingenier\u00eda y Ciencias Agropecuarias","article_publisher":"https:\/\/www.facebook.com\/FICA.UNSL\/","article_published_time":"2024-02-19T14:09:21+00:00","article_modified_time":"2024-02-19T16:33:57+00:00","og_image":[{"width":1061,"height":585,"url":"https:\/\/www.fica.unsl.edu.ar\/wp-content\/uploads\/2024\/02\/Taller-Transf-Digital-front.jpg","type":"image\/jpeg"}],"author":"DATI","twitter_card":"summary_large_image","twitter_creator":"@FICAUNSL","twitter_site":"@FICAUNSL","twitter_misc":{"Escrito por":"DATI","Tiempo de lectura":"2 minutos"},"schema":{"@context":"https:\/\/schema.org","@graph":[{"@type":"Article","@id":"https:\/\/www.fica.unsl.edu.ar\/index.php\/la-unsl-invita-al-taller-sobre-evaluacion-de-necesidades-y-practicas-de-la-transformacion-digital\/#article","isPartOf":{"@id":"https:\/\/www.fica.unsl.edu.ar\/index.php\/la-unsl-invita-al-taller-sobre-evaluacion-de-necesidades-y-practicas-de-la-transformacion-digital\/"},"author":{"name":"DATI","@id":"https:\/\/www.fica.unsl.edu.ar\/#\/schema\/person\/6058f9c66301868d3a691b1f5d6c3544"},"headline":"La UNSL invita al \u201cTaller sobre evaluaci\u00f3n de necesidades y pr\u00e1cticas de la transformaci\u00f3n digital\u201d","datePublished":"2024-02-19T14:09:21+00:00","dateModified":"2024-02-19T16:33:57+00:00","mainEntityOfPage":{"@id":"https:\/\/www.fica.unsl.edu.ar\/index.php\/la-unsl-invita-al-taller-sobre-evaluacion-de-necesidades-y-practicas-de-la-transformacion-digital\/"},"wordCount":374,"publisher":{"@id":"https:\/\/www.fica.unsl.edu.ar\/#organization"},"image":{"@id":"https:\/\/www.fica.unsl.edu.ar\/index.php\/la-unsl-invita-al-taller-sobre-evaluacion-de-necesidades-y-practicas-de-la-transformacion-digital\/#primaryimage"},"thumbnailUrl":"https:\/\/www.fica.unsl.edu.ar\/wp-content\/uploads\/2024\/02\/Taller-Transf-Digital-front.jpg","articleSection":["Noticias"],"inLanguage":"es-AR"},{"@type":"WebPage","@id":"https:\/\/www.fica.unsl.edu.ar\/index.php\/la-unsl-invita-al-taller-sobre-evaluacion-de-necesidades-y-practicas-de-la-transformacion-digital\/","url":"https:\/\/www.fica.unsl.edu.ar\/index.php\/la-unsl-invita-al-taller-sobre-evaluacion-de-necesidades-y-practicas-de-la-transformacion-digital\/","name":"La UNSL invita al \u201cTaller sobre evaluaci\u00f3n de necesidades y pr\u00e1cticas de la transformaci\u00f3n digital\u201d - Facultad de Ingenier\u00eda y Ciencias Agropecuarias","isPartOf":{"@id":"https:\/\/www.fica.unsl.edu.ar\/#website"},"primaryImageOfPage":{"@id":"https:\/\/www.fica.unsl.edu.ar\/index.php\/la-unsl-invita-al-taller-sobre-evaluacion-de-necesidades-y-practicas-de-la-transformacion-digital\/#primaryimage"},"image":{"@id":"https:\/\/www.fica.unsl.edu.ar\/index.php\/la-unsl-invita-al-taller-sobre-evaluacion-de-necesidades-y-practicas-de-la-transformacion-digital\/#primaryimage"},"thumbnailUrl":"https:\/\/www.fica.unsl.edu.ar\/wp-content\/uploads\/2024\/02\/Taller-Transf-Digital-front.jpg","datePublished":"2024-02-19T14:09:21+00:00","dateModified":"2024-02-19T16:33:57+00:00","inLanguage":"es-AR","potentialAction":[{"@type":"ReadAction","target":["https:\/\/www.fica.unsl.edu.ar\/index.php\/la-unsl-invita-al-taller-sobre-evaluacion-de-necesidades-y-practicas-de-la-transformacion-digital\/"]}]},{"@type":"ImageObject","inLanguage":"es-AR","@id":"https:\/\/www.fica.unsl.edu.ar\/index.php\/la-unsl-invita-al-taller-sobre-evaluacion-de-necesidades-y-practicas-de-la-transformacion-digital\/#primaryimage","url":"https:\/\/www.fica.unsl.edu.ar\/wp-content\/uploads\/2024\/02\/Taller-Transf-Digital-front.jpg","contentUrl":"https:\/\/www.fica.unsl.edu.ar\/wp-content\/uploads\/2024\/02\/Taller-Transf-Digital-front.jpg","width":1061,"height":585},{"@type":"WebSite","@id":"https:\/\/www.fica.unsl.edu.ar\/#website","url":"https:\/\/www.fica.unsl.edu.ar\/","name":"Facultad de Ingenier\u00eda y Ciencias Agropecuarias","description":"","publisher":{"@id":"https:\/\/www.fica.unsl.edu.ar\/#organization"},"potentialAction":[{"@type":"SearchAction","target":{"@type":"EntryPoint","urlTemplate":"https:\/\/www.fica.unsl.edu.ar\/?s={search_term_string}"},"query-input":{"@type":"PropertyValueSpecification","valueRequired":true,"valueName":"search_term_string"}}],"inLanguage":"es-AR"},{"@type":"Organization","@id":"https:\/\/www.fica.unsl.edu.ar\/#organization","name":"Facultad de Ingenier\u00eda y Ciencias Agropecuarias","url":"https:\/\/www.fica.unsl.edu.ar\/","logo":{"@type":"ImageObject","inLanguage":"es-AR","@id":"https:\/\/www.fica.unsl.edu.ar\/#\/schema\/logo\/image\/","url":"https:\/\/www.fica.unsl.edu.ar\/wp-content\/uploads\/2021\/03\/LOGO-1.jpg","contentUrl":"https:\/\/www.fica.unsl.edu.ar\/wp-content\/uploads\/2021\/03\/LOGO-1.jpg","width":463,"height":145,"caption":"Facultad de Ingenier\u00eda y Ciencias Agropecuarias"},"image":{"@id":"https:\/\/www.fica.unsl.edu.ar\/#\/schema\/logo\/image\/"},"sameAs":["https:\/\/www.facebook.com\/FICA.UNSL\/","https:\/\/x.com\/FICAUNSL","https:\/\/www.instagram.com\/fica.unsl\/","https:\/\/www.youtube.com\/channel\/UCs2MM53gb2PyBrMySdtWZDQ"]},{"@type":"Person","@id":"https:\/\/www.fica.unsl.edu.ar\/#\/schema\/person\/6058f9c66301868d3a691b1f5d6c3544","name":"DATI"}]}},"_links":{"self":[{"href":"https:\/\/www.fica.unsl.edu.ar\/index.php\/wp-json\/wp\/v2\/posts\/16100","targetHints":{"allow":["GET"]}}],"collection":[{"href":"https:\/\/www.fica.unsl.edu.ar\/index.php\/wp-json\/wp\/v2\/posts"}],"about":[{"href":"https:\/\/www.fica.unsl.edu.ar\/index.php\/wp-json\/wp\/v2\/types\/post"}],"author":[{"embeddable":true,"href":"https:\/\/www.fica.unsl.edu.ar\/index.php\/wp-json\/wp\/v2\/users\/9"}],"replies":[{"embeddable":true,"href":"https:\/\/www.fica.unsl.edu.ar\/index.php\/wp-json\/wp\/v2\/comments?post=16100"}],"version-history":[{"count":1,"href":"https:\/\/www.fica.unsl.edu.ar\/index.php\/wp-json\/wp\/v2\/posts\/16100\/revisions"}],"predecessor-version":[{"id":16103,"href":"https:\/\/www.fica.unsl.edu.ar\/index.php\/wp-json\/wp\/v2\/posts\/16100\/revisions\/16103"}],"wp:featuredmedia":[{"embeddable":true,"href":"https:\/\/www.fica.unsl.edu.ar\/index.php\/wp-json\/wp\/v2\/media\/16102"}],"wp:attachment":[{"href":"https:\/\/www.fica.unsl.edu.ar\/index.php\/wp-json\/wp\/v2\/media?parent=16100"}],"wp:term":[{"taxonomy":"category","embeddable":true,"href":"https:\/\/www.fica.unsl.edu.ar\/index.php\/wp-json\/wp\/v2\/categories?post=16100"},{"taxonomy":"post_tag","embeddable":true,"href":"https:\/\/www.fica.unsl.edu.ar\/index.php\/wp-json\/wp\/v2\/tags?post=16100"}],"curies":[{"name":"wp","href":"https:\/\/api.w.org\/{rel}","templated":true}]}}