{"id":16132,"date":"2024-02-22T09:23:40","date_gmt":"2024-02-22T12:23:40","guid":{"rendered":"http:\/\/10.101.10.196\/www\/?p=16132"},"modified":"2024-03-04T08:38:51","modified_gmt":"2024-03-04T11:38:51","slug":"repensar-las-practicas-de-ensenanza-en-el-primer-ano-de-la-universidad","status":"publish","type":"post","link":"https:\/\/www.fica.unsl.edu.ar\/index.php\/repensar-las-practicas-de-ensenanza-en-el-primer-ano-de-la-universidad\/","title":{"rendered":"Repensar las pr\u00e1cticas de ense\u00f1anza en el primer a\u00f1o de la Universidad"},"content":{"rendered":"<p>En la jornada del lunes 19 de febrero, la Secretar\u00eda Acad\u00e9mica de la UNSL realiz\u00f3 una nueva actividad que dio continuidad el trabajo pedag\u00f3gico que compromete a docentes con las pr\u00e1cticas de ense\u00f1anza en los primeros a\u00f1os de la Universidad.\u00a0Esta propuesta fue organizada por la Secretar\u00eda en conjunto con la Dra. Clotilde Clotilde De Pauw, la Esp. Paola Figueroa y la Lic. Valeria Pasqualini, docentes de la Facultad de Ciencias Humanas de la UNSL.<\/p>\n<p>En esta oportunidad, se dict\u00f3 el taller titulado \u201cRepensar la ense\u00f1anza en el primer a\u00f1o de la Universidad\u201d a cargo de Adelaida Benvegnu, profesora de la Universidad Nacional de Luj\u00e1n, reconocida por sus aportes y estudios en el tema de ingresos universitarios.<\/p>\n<p><img fetchpriority=\"high\" decoding=\"async\" class=\"aligncenter wp-image-16133\" src=\"https:\/\/www.fica.unsl.edu.ar\/wp-content\/uploads\/2024\/02\/Adelaida-Benvegnu-actividad-03.jpg\" alt=\"\" width=\"1100\" height=\"730\" srcset=\"https:\/\/www.fica.unsl.edu.ar\/wp-content\/uploads\/2024\/02\/Adelaida-Benvegnu-actividad-03.jpg 1422w, https:\/\/www.fica.unsl.edu.ar\/wp-content\/uploads\/2024\/02\/Adelaida-Benvegnu-actividad-03-300x199.jpg 300w, https:\/\/www.fica.unsl.edu.ar\/wp-content\/uploads\/2024\/02\/Adelaida-Benvegnu-actividad-03-1024x680.jpg 1024w, https:\/\/www.fica.unsl.edu.ar\/wp-content\/uploads\/2024\/02\/Adelaida-Benvegnu-actividad-03-768x510.jpg 768w\" sizes=\"(max-width: 1100px) 100vw, 1100px\" \/><\/p>\n<p>La jornada cont\u00f3 con una numerosa participaci\u00f3n de docentes de primer a\u00f1o de todas las carreras.\u00a0 La misma se llev\u00f3 a cabo durante la ma\u00f1ana y la tarde en el Microcine de Rectorado, adem\u00e1s se transmiti\u00f3 en simult\u00e1neo en el Centro Universitario Villa Mercedes y en la Sede Villa de Merlo.<\/p>\n<p>En el espacio taller de la Biblioteca \u201cAntonio Esteban Ag\u00fcero\u201d desarrollaron una actividad grupal sobre la ense\u00f1anza y el aprendizaje dentro de la situaci\u00f3n de clase.<\/p>\n<p>La disertante expres\u00f3 que: \u201cCualquier situaci\u00f3n en la que se celebre una reuni\u00f3n, un encuentro o una convocatoria a docentes de la universidad, siempre es auspicioso y algo productivo. Hay que celebrar la posibilidad de encontrarse. En mi caso, especialmente con esta Universidad, tengo un lazo afectivo porque la historia me fue llevando a encontrarme con colegas y a realizar actividades en conjunto, as\u00ed que venir ac\u00e1 siempre es encontrarme con gente querida\u201d.<\/p>\n<p><strong>\u00bfPor qu\u00e9 fue importante que el personal docente asistiera a esta actividad?<\/strong><\/p>\n<p>Repensar las pr\u00e1cticas de ense\u00f1anza en el ingreso es muy importante en la actualidad. Tengo que decir que en la Instituci\u00f3n la preocupaci\u00f3n por los ingresantes es de larga data y hace mucho tiempo que se viene trabajando sobre eso, se producen muchos avances y surgen propuestas interesantes. Hoy tuvimos una gran convocatoria de docentes del primer a\u00f1o, existe un compromiso que siempre se nota.<\/p>\n<p><strong>En el taller se trataron diferentes t\u00f3picos que usted expuso, \u00bfQu\u00e9 puede comentar de los mismos?<\/strong><\/p>\n<p>En primer lugar, recuperamos un trabajo ya realizado por las docentes de esta universidad a trav\u00e9s de unos talleres que se hicieron el a\u00f1o pasado, donde se trabajaron opiniones y perspectivas de los estudiantes. A partir de ah\u00ed planteamos algunos puntos de partida para repensar las pr\u00e1cticas de ense\u00f1anza. Esos puntos de partida tienen que ver con pensar la educaci\u00f3n como derecho, pensar la necesidad de que todos nuestros estudiantes aprendan, no solamente que puedan entrar a la universidad, sino aprender para quedarse. En segundo lugar, hablamos de c\u00f3mo entendemos el aprendizaje y de la importancia de prestar atenci\u00f3n a lo que ocurre dentro del aula.<\/p>\n<p><img decoding=\"async\" class=\"aligncenter wp-image-16134\" src=\"https:\/\/www.fica.unsl.edu.ar\/wp-content\/uploads\/2024\/02\/Adelaida-Benvegnu-actividad-05.jpg\" alt=\"\" width=\"1100\" height=\"730\" srcset=\"https:\/\/www.fica.unsl.edu.ar\/wp-content\/uploads\/2024\/02\/Adelaida-Benvegnu-actividad-05.jpg 1422w, https:\/\/www.fica.unsl.edu.ar\/wp-content\/uploads\/2024\/02\/Adelaida-Benvegnu-actividad-05-300x199.jpg 300w, https:\/\/www.fica.unsl.edu.ar\/wp-content\/uploads\/2024\/02\/Adelaida-Benvegnu-actividad-05-1024x680.jpg 1024w, https:\/\/www.fica.unsl.edu.ar\/wp-content\/uploads\/2024\/02\/Adelaida-Benvegnu-actividad-05-768x510.jpg 768w\" sizes=\"(max-width: 1100px) 100vw, 1100px\" \/><\/p>\n<p><strong>\u00bfQu\u00e9 piensa acerca de continuar fortaleciendo las pr\u00e1cticas de ense\u00f1anza en los primeros a\u00f1os de la Universidad?<\/strong><\/p>\n<p>Considero que es s\u00faper importante prestarle atenci\u00f3n a la cuesti\u00f3n del ingreso a la universidad y pensar todo el tiempo de qu\u00e9 manera conseguimos que m\u00e1s estudiantes se acerquen y accedan a aprender de manera que puedan quedarse, progresar y recibirse.<\/p>\n<p><strong>\u00bfQu\u00e9 visi\u00f3n tiene del derecho a la educaci\u00f3n p\u00fablica?<\/strong><\/p>\n<p>El derecho a la universidad, a la educaci\u00f3n superior, es una conquista, nadie nos regal\u00f3 nada. La sociedad en general, el pueblo argentino fue consiguiendo acceder a la educaci\u00f3n superior a trav\u00e9s de mucha lucha, sufrimiento y trabajo. Hemos conseguido la creaci\u00f3n de unas cuantas universidades nacionales nuevas que hacen que mucha gente que pens\u00f3 que la formaci\u00f3n estaba lejos de su posibilidad, hoy se puede acercar a estudiar una carrera universitaria. Eso quiere decir que la gente, los hijos de los trabajadores, los hijos de las personas de los pueblos, tienen la posibilidad de formarse y alcanzar un t\u00edtulo. A todo eso lo considero\u00a0 una conquista. \u00bfQu\u00e9 hace a una grandeza de una sociedad y de un pa\u00eds? Nosotros conseguimos que eso exista, hay que conseguir que crezca, que permanezca y que prospere, no se puede abandonar, no se puede renunciar a eso.<\/p>\n<p><strong>Fuente: Secretar\u00eda Acad\u00e9mica de la UNSL<\/strong><\/p>\n<p><strong>Fotos: UNSL- FICA- FCEJS- FTU<\/strong><\/p>\n<p><img decoding=\"async\" class=\"aligncenter wp-image-16135 size-full\" src=\"https:\/\/www.fica.unsl.edu.ar\/wp-content\/uploads\/2024\/02\/Adelaida-Benvegnu-actividad-04.jpg\" alt=\"\" width=\"1061\" height=\"585\" srcset=\"https:\/\/www.fica.unsl.edu.ar\/wp-content\/uploads\/2024\/02\/Adelaida-Benvegnu-actividad-04.jpg 1061w, https:\/\/www.fica.unsl.edu.ar\/wp-content\/uploads\/2024\/02\/Adelaida-Benvegnu-actividad-04-300x165.jpg 300w, https:\/\/www.fica.unsl.edu.ar\/wp-content\/uploads\/2024\/02\/Adelaida-Benvegnu-actividad-04-1024x565.jpg 1024w, https:\/\/www.fica.unsl.edu.ar\/wp-content\/uploads\/2024\/02\/Adelaida-Benvegnu-actividad-04-768x423.jpg 768w\" sizes=\"(max-width: 1061px) 100vw, 1061px\" \/><\/p>\n","protected":false},"excerpt":{"rendered":"<p>En la jornada del lunes 19 de febrero, la Secretar\u00eda Acad\u00e9mica de la UNSL realiz\u00f3 una nueva actividad que dio continuidad el trabajo pedag\u00f3gico que&hellip;<\/p>\n","protected":false},"author":9,"featured_media":16136,"comment_status":"closed","ping_status":"closed","sticky":false,"template":"","format":"standard","meta":{"_monsterinsights_skip_tracking":false,"_monsterinsights_sitenote_active":false,"_monsterinsights_sitenote_note":"","_monsterinsights_sitenote_category":0,"_joinchat":[],"footnotes":""},"categories":[19],"tags":[],"class_list":["post-16132","post","type-post","status-publish","format-standard","has-post-thumbnail","hentry","category-noticias"],"yoast_head":"<!-- This site is optimized with the Yoast SEO plugin v27.4 - https:\/\/yoast.com\/product\/yoast-seo-wordpress\/ -->\n<title>Repensar las pr\u00e1cticas de ense\u00f1anza en el primer a\u00f1o de la Universidad - Facultad de Ingenier\u00eda y Ciencias Agropecuarias<\/title>\n<meta name=\"robots\" content=\"index, follow, max-snippet:-1, max-image-preview:large, max-video-preview:-1\" \/>\n<link rel=\"canonical\" href=\"https:\/\/www.fica.unsl.edu.ar\/index.php\/repensar-las-practicas-de-ensenanza-en-el-primer-ano-de-la-universidad\/\" \/>\n<meta property=\"og:locale\" content=\"es_ES\" \/>\n<meta property=\"og:type\" content=\"article\" \/>\n<meta property=\"og:title\" content=\"Repensar las pr\u00e1cticas de ense\u00f1anza en el primer a\u00f1o de la Universidad - Facultad de Ingenier\u00eda y Ciencias Agropecuarias\" \/>\n<meta property=\"og:description\" content=\"En la jornada del lunes 19 de febrero, la Secretar\u00eda Acad\u00e9mica de la UNSL realiz\u00f3 una nueva actividad que dio continuidad el trabajo pedag\u00f3gico que&hellip;\" \/>\n<meta property=\"og:url\" content=\"https:\/\/www.fica.unsl.edu.ar\/index.php\/repensar-las-practicas-de-ensenanza-en-el-primer-ano-de-la-universidad\/\" \/>\n<meta property=\"og:site_name\" content=\"Facultad de Ingenier\u00eda y Ciencias Agropecuarias\" \/>\n<meta property=\"article:publisher\" content=\"https:\/\/www.facebook.com\/FICA.UNSL\/\" \/>\n<meta property=\"article:published_time\" content=\"2024-02-22T12:23:40+00:00\" \/>\n<meta property=\"article:modified_time\" content=\"2024-03-04T11:38:51+00:00\" \/>\n<meta property=\"og:image\" content=\"https:\/\/www.fica.unsl.edu.ar\/wp-content\/uploads\/2024\/02\/Adelaida-Benvegnu-actividad-front.jpg\" \/>\n\t<meta property=\"og:image:width\" content=\"1061\" \/>\n\t<meta property=\"og:image:height\" content=\"585\" \/>\n\t<meta property=\"og:image:type\" content=\"image\/jpeg\" \/>\n<meta name=\"author\" content=\"DATI\" \/>\n<meta name=\"twitter:card\" content=\"summary_large_image\" \/>\n<meta name=\"twitter:creator\" content=\"@FICAUNSL\" \/>\n<meta name=\"twitter:site\" content=\"@FICAUNSL\" \/>\n<meta name=\"twitter:label1\" content=\"Escrito por\" \/>\n\t<meta name=\"twitter:data1\" content=\"DATI\" \/>\n\t<meta name=\"twitter:label2\" content=\"Tiempo de lectura\" \/>\n\t<meta name=\"twitter:data2\" content=\"4 minutos\" \/>\n<script type=\"application\/ld+json\" class=\"yoast-schema-graph\">{\"@context\":\"https:\\\/\\\/schema.org\",\"@graph\":[{\"@type\":\"Article\",\"@id\":\"https:\\\/\\\/www.fica.unsl.edu.ar\\\/index.php\\\/repensar-las-practicas-de-ensenanza-en-el-primer-ano-de-la-universidad\\\/#article\",\"isPartOf\":{\"@id\":\"https:\\\/\\\/www.fica.unsl.edu.ar\\\/index.php\\\/repensar-las-practicas-de-ensenanza-en-el-primer-ano-de-la-universidad\\\/\"},\"author\":{\"name\":\"DATI\",\"@id\":\"https:\\\/\\\/www.fica.unsl.edu.ar\\\/#\\\/schema\\\/person\\\/6058f9c66301868d3a691b1f5d6c3544\"},\"headline\":\"Repensar las pr\u00e1cticas de ense\u00f1anza en el primer a\u00f1o de la Universidad\",\"datePublished\":\"2024-02-22T12:23:40+00:00\",\"dateModified\":\"2024-03-04T11:38:51+00:00\",\"mainEntityOfPage\":{\"@id\":\"https:\\\/\\\/www.fica.unsl.edu.ar\\\/index.php\\\/repensar-las-practicas-de-ensenanza-en-el-primer-ano-de-la-universidad\\\/\"},\"wordCount\":754,\"publisher\":{\"@id\":\"https:\\\/\\\/www.fica.unsl.edu.ar\\\/#organization\"},\"image\":{\"@id\":\"https:\\\/\\\/www.fica.unsl.edu.ar\\\/index.php\\\/repensar-las-practicas-de-ensenanza-en-el-primer-ano-de-la-universidad\\\/#primaryimage\"},\"thumbnailUrl\":\"https:\\\/\\\/www.fica.unsl.edu.ar\\\/wp-content\\\/uploads\\\/2024\\\/02\\\/Adelaida-Benvegnu-actividad-front.jpg\",\"articleSection\":[\"Noticias\"],\"inLanguage\":\"es-AR\"},{\"@type\":\"WebPage\",\"@id\":\"https:\\\/\\\/www.fica.unsl.edu.ar\\\/index.php\\\/repensar-las-practicas-de-ensenanza-en-el-primer-ano-de-la-universidad\\\/\",\"url\":\"https:\\\/\\\/www.fica.unsl.edu.ar\\\/index.php\\\/repensar-las-practicas-de-ensenanza-en-el-primer-ano-de-la-universidad\\\/\",\"name\":\"Repensar las pr\u00e1cticas de ense\u00f1anza en el primer a\u00f1o de la Universidad - Facultad de Ingenier\u00eda y Ciencias Agropecuarias\",\"isPartOf\":{\"@id\":\"https:\\\/\\\/www.fica.unsl.edu.ar\\\/#website\"},\"primaryImageOfPage\":{\"@id\":\"https:\\\/\\\/www.fica.unsl.edu.ar\\\/index.php\\\/repensar-las-practicas-de-ensenanza-en-el-primer-ano-de-la-universidad\\\/#primaryimage\"},\"image\":{\"@id\":\"https:\\\/\\\/www.fica.unsl.edu.ar\\\/index.php\\\/repensar-las-practicas-de-ensenanza-en-el-primer-ano-de-la-universidad\\\/#primaryimage\"},\"thumbnailUrl\":\"https:\\\/\\\/www.fica.unsl.edu.ar\\\/wp-content\\\/uploads\\\/2024\\\/02\\\/Adelaida-Benvegnu-actividad-front.jpg\",\"datePublished\":\"2024-02-22T12:23:40+00:00\",\"dateModified\":\"2024-03-04T11:38:51+00:00\",\"inLanguage\":\"es-AR\",\"potentialAction\":[{\"@type\":\"ReadAction\",\"target\":[\"https:\\\/\\\/www.fica.unsl.edu.ar\\\/index.php\\\/repensar-las-practicas-de-ensenanza-en-el-primer-ano-de-la-universidad\\\/\"]}]},{\"@type\":\"ImageObject\",\"inLanguage\":\"es-AR\",\"@id\":\"https:\\\/\\\/www.fica.unsl.edu.ar\\\/index.php\\\/repensar-las-practicas-de-ensenanza-en-el-primer-ano-de-la-universidad\\\/#primaryimage\",\"url\":\"https:\\\/\\\/www.fica.unsl.edu.ar\\\/wp-content\\\/uploads\\\/2024\\\/02\\\/Adelaida-Benvegnu-actividad-front.jpg\",\"contentUrl\":\"https:\\\/\\\/www.fica.unsl.edu.ar\\\/wp-content\\\/uploads\\\/2024\\\/02\\\/Adelaida-Benvegnu-actividad-front.jpg\",\"width\":1061,\"height\":585},{\"@type\":\"WebSite\",\"@id\":\"https:\\\/\\\/www.fica.unsl.edu.ar\\\/#website\",\"url\":\"https:\\\/\\\/www.fica.unsl.edu.ar\\\/\",\"name\":\"Facultad de Ingenier\u00eda y Ciencias Agropecuarias\",\"description\":\"\",\"publisher\":{\"@id\":\"https:\\\/\\\/www.fica.unsl.edu.ar\\\/#organization\"},\"potentialAction\":[{\"@type\":\"SearchAction\",\"target\":{\"@type\":\"EntryPoint\",\"urlTemplate\":\"https:\\\/\\\/www.fica.unsl.edu.ar\\\/?s={search_term_string}\"},\"query-input\":{\"@type\":\"PropertyValueSpecification\",\"valueRequired\":true,\"valueName\":\"search_term_string\"}}],\"inLanguage\":\"es-AR\"},{\"@type\":\"Organization\",\"@id\":\"https:\\\/\\\/www.fica.unsl.edu.ar\\\/#organization\",\"name\":\"Facultad de Ingenier\u00eda y Ciencias Agropecuarias\",\"url\":\"https:\\\/\\\/www.fica.unsl.edu.ar\\\/\",\"logo\":{\"@type\":\"ImageObject\",\"inLanguage\":\"es-AR\",\"@id\":\"https:\\\/\\\/www.fica.unsl.edu.ar\\\/#\\\/schema\\\/logo\\\/image\\\/\",\"url\":\"https:\\\/\\\/www.fica.unsl.edu.ar\\\/wp-content\\\/uploads\\\/2021\\\/03\\\/LOGO-1.jpg\",\"contentUrl\":\"https:\\\/\\\/www.fica.unsl.edu.ar\\\/wp-content\\\/uploads\\\/2021\\\/03\\\/LOGO-1.jpg\",\"width\":463,\"height\":145,\"caption\":\"Facultad de Ingenier\u00eda y Ciencias Agropecuarias\"},\"image\":{\"@id\":\"https:\\\/\\\/www.fica.unsl.edu.ar\\\/#\\\/schema\\\/logo\\\/image\\\/\"},\"sameAs\":[\"https:\\\/\\\/www.facebook.com\\\/FICA.UNSL\\\/\",\"https:\\\/\\\/x.com\\\/FICAUNSL\",\"https:\\\/\\\/www.instagram.com\\\/fica.unsl\\\/\",\"https:\\\/\\\/www.youtube.com\\\/channel\\\/UCs2MM53gb2PyBrMySdtWZDQ\"]},{\"@type\":\"Person\",\"@id\":\"https:\\\/\\\/www.fica.unsl.edu.ar\\\/#\\\/schema\\\/person\\\/6058f9c66301868d3a691b1f5d6c3544\",\"name\":\"DATI\"}]}<\/script>\n<!-- \/ Yoast SEO plugin. -->","yoast_head_json":{"title":"Repensar las pr\u00e1cticas de ense\u00f1anza en el primer a\u00f1o de la Universidad - Facultad de Ingenier\u00eda y Ciencias Agropecuarias","robots":{"index":"index","follow":"follow","max-snippet":"max-snippet:-1","max-image-preview":"max-image-preview:large","max-video-preview":"max-video-preview:-1"},"canonical":"https:\/\/www.fica.unsl.edu.ar\/index.php\/repensar-las-practicas-de-ensenanza-en-el-primer-ano-de-la-universidad\/","og_locale":"es_ES","og_type":"article","og_title":"Repensar las pr\u00e1cticas de ense\u00f1anza en el primer a\u00f1o de la Universidad - Facultad de Ingenier\u00eda y Ciencias Agropecuarias","og_description":"En la jornada del lunes 19 de febrero, la Secretar\u00eda Acad\u00e9mica de la UNSL realiz\u00f3 una nueva actividad que dio continuidad el trabajo pedag\u00f3gico que&hellip;","og_url":"https:\/\/www.fica.unsl.edu.ar\/index.php\/repensar-las-practicas-de-ensenanza-en-el-primer-ano-de-la-universidad\/","og_site_name":"Facultad de Ingenier\u00eda y Ciencias Agropecuarias","article_publisher":"https:\/\/www.facebook.com\/FICA.UNSL\/","article_published_time":"2024-02-22T12:23:40+00:00","article_modified_time":"2024-03-04T11:38:51+00:00","og_image":[{"width":1061,"height":585,"url":"https:\/\/www.fica.unsl.edu.ar\/wp-content\/uploads\/2024\/02\/Adelaida-Benvegnu-actividad-front.jpg","type":"image\/jpeg"}],"author":"DATI","twitter_card":"summary_large_image","twitter_creator":"@FICAUNSL","twitter_site":"@FICAUNSL","twitter_misc":{"Escrito por":"DATI","Tiempo de lectura":"4 minutos"},"schema":{"@context":"https:\/\/schema.org","@graph":[{"@type":"Article","@id":"https:\/\/www.fica.unsl.edu.ar\/index.php\/repensar-las-practicas-de-ensenanza-en-el-primer-ano-de-la-universidad\/#article","isPartOf":{"@id":"https:\/\/www.fica.unsl.edu.ar\/index.php\/repensar-las-practicas-de-ensenanza-en-el-primer-ano-de-la-universidad\/"},"author":{"name":"DATI","@id":"https:\/\/www.fica.unsl.edu.ar\/#\/schema\/person\/6058f9c66301868d3a691b1f5d6c3544"},"headline":"Repensar las pr\u00e1cticas de ense\u00f1anza en el primer a\u00f1o de la Universidad","datePublished":"2024-02-22T12:23:40+00:00","dateModified":"2024-03-04T11:38:51+00:00","mainEntityOfPage":{"@id":"https:\/\/www.fica.unsl.edu.ar\/index.php\/repensar-las-practicas-de-ensenanza-en-el-primer-ano-de-la-universidad\/"},"wordCount":754,"publisher":{"@id":"https:\/\/www.fica.unsl.edu.ar\/#organization"},"image":{"@id":"https:\/\/www.fica.unsl.edu.ar\/index.php\/repensar-las-practicas-de-ensenanza-en-el-primer-ano-de-la-universidad\/#primaryimage"},"thumbnailUrl":"https:\/\/www.fica.unsl.edu.ar\/wp-content\/uploads\/2024\/02\/Adelaida-Benvegnu-actividad-front.jpg","articleSection":["Noticias"],"inLanguage":"es-AR"},{"@type":"WebPage","@id":"https:\/\/www.fica.unsl.edu.ar\/index.php\/repensar-las-practicas-de-ensenanza-en-el-primer-ano-de-la-universidad\/","url":"https:\/\/www.fica.unsl.edu.ar\/index.php\/repensar-las-practicas-de-ensenanza-en-el-primer-ano-de-la-universidad\/","name":"Repensar las pr\u00e1cticas de ense\u00f1anza en el primer a\u00f1o de la Universidad - Facultad de Ingenier\u00eda y Ciencias Agropecuarias","isPartOf":{"@id":"https:\/\/www.fica.unsl.edu.ar\/#website"},"primaryImageOfPage":{"@id":"https:\/\/www.fica.unsl.edu.ar\/index.php\/repensar-las-practicas-de-ensenanza-en-el-primer-ano-de-la-universidad\/#primaryimage"},"image":{"@id":"https:\/\/www.fica.unsl.edu.ar\/index.php\/repensar-las-practicas-de-ensenanza-en-el-primer-ano-de-la-universidad\/#primaryimage"},"thumbnailUrl":"https:\/\/www.fica.unsl.edu.ar\/wp-content\/uploads\/2024\/02\/Adelaida-Benvegnu-actividad-front.jpg","datePublished":"2024-02-22T12:23:40+00:00","dateModified":"2024-03-04T11:38:51+00:00","inLanguage":"es-AR","potentialAction":[{"@type":"ReadAction","target":["https:\/\/www.fica.unsl.edu.ar\/index.php\/repensar-las-practicas-de-ensenanza-en-el-primer-ano-de-la-universidad\/"]}]},{"@type":"ImageObject","inLanguage":"es-AR","@id":"https:\/\/www.fica.unsl.edu.ar\/index.php\/repensar-las-practicas-de-ensenanza-en-el-primer-ano-de-la-universidad\/#primaryimage","url":"https:\/\/www.fica.unsl.edu.ar\/wp-content\/uploads\/2024\/02\/Adelaida-Benvegnu-actividad-front.jpg","contentUrl":"https:\/\/www.fica.unsl.edu.ar\/wp-content\/uploads\/2024\/02\/Adelaida-Benvegnu-actividad-front.jpg","width":1061,"height":585},{"@type":"WebSite","@id":"https:\/\/www.fica.unsl.edu.ar\/#website","url":"https:\/\/www.fica.unsl.edu.ar\/","name":"Facultad de Ingenier\u00eda y Ciencias Agropecuarias","description":"","publisher":{"@id":"https:\/\/www.fica.unsl.edu.ar\/#organization"},"potentialAction":[{"@type":"SearchAction","target":{"@type":"EntryPoint","urlTemplate":"https:\/\/www.fica.unsl.edu.ar\/?s={search_term_string}"},"query-input":{"@type":"PropertyValueSpecification","valueRequired":true,"valueName":"search_term_string"}}],"inLanguage":"es-AR"},{"@type":"Organization","@id":"https:\/\/www.fica.unsl.edu.ar\/#organization","name":"Facultad de Ingenier\u00eda y Ciencias Agropecuarias","url":"https:\/\/www.fica.unsl.edu.ar\/","logo":{"@type":"ImageObject","inLanguage":"es-AR","@id":"https:\/\/www.fica.unsl.edu.ar\/#\/schema\/logo\/image\/","url":"https:\/\/www.fica.unsl.edu.ar\/wp-content\/uploads\/2021\/03\/LOGO-1.jpg","contentUrl":"https:\/\/www.fica.unsl.edu.ar\/wp-content\/uploads\/2021\/03\/LOGO-1.jpg","width":463,"height":145,"caption":"Facultad de Ingenier\u00eda y Ciencias Agropecuarias"},"image":{"@id":"https:\/\/www.fica.unsl.edu.ar\/#\/schema\/logo\/image\/"},"sameAs":["https:\/\/www.facebook.com\/FICA.UNSL\/","https:\/\/x.com\/FICAUNSL","https:\/\/www.instagram.com\/fica.unsl\/","https:\/\/www.youtube.com\/channel\/UCs2MM53gb2PyBrMySdtWZDQ"]},{"@type":"Person","@id":"https:\/\/www.fica.unsl.edu.ar\/#\/schema\/person\/6058f9c66301868d3a691b1f5d6c3544","name":"DATI"}]}},"_links":{"self":[{"href":"https:\/\/www.fica.unsl.edu.ar\/index.php\/wp-json\/wp\/v2\/posts\/16132","targetHints":{"allow":["GET"]}}],"collection":[{"href":"https:\/\/www.fica.unsl.edu.ar\/index.php\/wp-json\/wp\/v2\/posts"}],"about":[{"href":"https:\/\/www.fica.unsl.edu.ar\/index.php\/wp-json\/wp\/v2\/types\/post"}],"author":[{"embeddable":true,"href":"https:\/\/www.fica.unsl.edu.ar\/index.php\/wp-json\/wp\/v2\/users\/9"}],"replies":[{"embeddable":true,"href":"https:\/\/www.fica.unsl.edu.ar\/index.php\/wp-json\/wp\/v2\/comments?post=16132"}],"version-history":[{"count":2,"href":"https:\/\/www.fica.unsl.edu.ar\/index.php\/wp-json\/wp\/v2\/posts\/16132\/revisions"}],"predecessor-version":[{"id":16138,"href":"https:\/\/www.fica.unsl.edu.ar\/index.php\/wp-json\/wp\/v2\/posts\/16132\/revisions\/16138"}],"wp:featuredmedia":[{"embeddable":true,"href":"https:\/\/www.fica.unsl.edu.ar\/index.php\/wp-json\/wp\/v2\/media\/16136"}],"wp:attachment":[{"href":"https:\/\/www.fica.unsl.edu.ar\/index.php\/wp-json\/wp\/v2\/media?parent=16132"}],"wp:term":[{"taxonomy":"category","embeddable":true,"href":"https:\/\/www.fica.unsl.edu.ar\/index.php\/wp-json\/wp\/v2\/categories?post=16132"},{"taxonomy":"post_tag","embeddable":true,"href":"https:\/\/www.fica.unsl.edu.ar\/index.php\/wp-json\/wp\/v2\/tags?post=16132"}],"curies":[{"name":"wp","href":"https:\/\/api.w.org\/{rel}","templated":true}]}}