{"id":16184,"date":"2024-03-07T14:11:38","date_gmt":"2024-03-07T17:11:38","guid":{"rendered":"http:\/\/10.101.10.196\/www\/?p=16184"},"modified":"2024-05-06T08:37:48","modified_gmt":"2024-05-06T11:37:48","slug":"conferencia-dr-raul-suarez-feijoo","status":"publish","type":"post","link":"https:\/\/www.fica.unsl.edu.ar\/index.php\/conferencia-dr-raul-suarez-feijoo\/","title":{"rendered":"El Dr. Ra\u00fal Su\u00e1rez Feij\u00f3o disertar\u00e1 sobre la \u201cAsignaci\u00f3n de tareas y coordinaci\u00f3n de brazos manipuladores\u201d"},"content":{"rendered":"<p>El Laboratorio de Control Autom\u00e1tico (LCA) invita a <strong>estudiantes y docentes de las carreras de ingenier\u00eda<\/strong> a la conferencia de actualizaci\u00f3n que brindar\u00e1 el Dr. Ra\u00fal Su\u00e1rez Feij\u00f3o, titulada &#8220;Asignaci\u00f3n de tareas y coordinaci\u00f3n de brazos manipuladores&#8221;.<strong> La misma se llevar\u00e1 a cabo el pr\u00f3ximo lunes 11 de marzo, a partir de las 18 horas en el Aula de Posgrado del Campus Universitario.<\/strong><\/p>\n<p>En este encuentro, el Dr. Ra\u00fal Su\u00e1rez Feij\u00f3o (Universidad Polit\u00e9cnica de Catalu\u00f1a \u2013 UPC-) dialogar\u00e1 sobre c\u00f3mo se resuelve el problema de asignar tareas a dos brazos manipuladores que deben alcanzar ciertos objetos en un entorno con obst\u00e1culos, es decir, determinar qu\u00e9 obst\u00e1culos debe apartar cada brazo para permitir el acceso a los objetos deseados. El enfoque incluir\u00e1 la planificaci\u00f3n simult\u00e1nea de los movimientos del brazo que resuelven cada una de las acciones. En una segunda fase, los movimientos de los brazos se deben coordinar en l\u00ednea, y para ello propondr\u00e1 un enfoque de coordinaci\u00f3n temporal que puede generalizarse a m\u00e1s de dos brazos.<\/p>\n<p>Ra\u00fal Su\u00e1rez (Espa\u00f1a) es un destacado ingeniero electr\u00f3nico con t\u00edtulos obtenidos en la Universidad Nacional de San Juan, Argentina, y la UPC. Actualmente, se desempe\u00f1a como Director de Investigaci\u00f3n en la UPC, centr\u00e1ndose en la investigaci\u00f3n en montaje robotizado, espec\u00edficamente en la planificaci\u00f3n de movimientos finos en entornos inciertos, as\u00ed como en la prensi\u00f3n y manipulaci\u00f3n de objetos en rob\u00f3tica.<\/p>\n<p><img fetchpriority=\"high\" decoding=\"async\" class=\" wp-image-16192 alignright\" src=\"https:\/\/www.fica.unsl.edu.ar\/wp-content\/uploads\/2024\/03\/Suarez-Feijoo-foto-.jpg\" alt=\"\" width=\"515\" height=\"295\" srcset=\"https:\/\/www.fica.unsl.edu.ar\/wp-content\/uploads\/2024\/03\/Suarez-Feijoo-foto-.jpg 1600w, https:\/\/www.fica.unsl.edu.ar\/wp-content\/uploads\/2024\/03\/Suarez-Feijoo-foto--300x172.jpg 300w, https:\/\/www.fica.unsl.edu.ar\/wp-content\/uploads\/2024\/03\/Suarez-Feijoo-foto--1024x586.jpg 1024w, https:\/\/www.fica.unsl.edu.ar\/wp-content\/uploads\/2024\/03\/Suarez-Feijoo-foto--768x440.jpg 768w, https:\/\/www.fica.unsl.edu.ar\/wp-content\/uploads\/2024\/03\/Suarez-Feijoo-foto--1536x879.jpg 1536w\" sizes=\"(max-width: 515px) 100vw, 515px\" \/>Su destacada carrera incluye premios internacionales, como el Premio al Mejor Trabajo en el IEEE International Symposium on Assembly and Task Planning (ISATP) en 1995, y reconocimientos nacionales, como el Premio al Mejor Trabajo en Rob\u00f3tica en las Jornadas de Autom\u00e1tica en 2003, 2013 y 2017. Con experiencia en liderazgo, ha sido Subdirector y Director del Instituto de Organizaci\u00f3n y Control de Sistemas Industriales (IOC) de la UPC y coordina el Programa de Doctorado &#8220;Autom\u00e1tica, Rob\u00f3tica y Visi\u00f3n&#8221; de la UPC. Sus \u00e1reas de inter\u00e9s incluyen prensi\u00f3n y manipulaci\u00f3n de objetos en rob\u00f3tica, sistemas robotizados inteligentes y aplicaciones de t\u00e9cnicas de planificaci\u00f3n y aprendizaje en rob\u00f3tica.<\/p>\n<p>Esta conferencia de actualizaci\u00f3n est\u00e1 dirigida a estudiantes de las Carreras de Ingenier\u00eda Mecatr\u00f3nica, Electr\u00f3nica y Electromec\u00e1nica; y a Docentes del Departamento de Ingenier\u00eda. Es organizada por las Comisiones de Carrera de Ingenier\u00eda Mecatr\u00f3nica e Ingenier\u00eda Electr\u00f3nica y el Departamento de Ingenier\u00eda de la FICA.<\/p>\n","protected":false},"excerpt":{"rendered":"<p>El Laboratorio de Control Autom\u00e1tico (LCA) invita a estudiantes y docentes de las carreras de ingenier\u00eda a la conferencia de actualizaci\u00f3n que brindar\u00e1 el Dr.&hellip;<\/p>\n","protected":false},"author":9,"featured_media":16191,"comment_status":"closed","ping_status":"closed","sticky":false,"template":"","format":"standard","meta":{"_monsterinsights_skip_tracking":false,"_monsterinsights_sitenote_active":false,"_monsterinsights_sitenote_note":"","_monsterinsights_sitenote_category":0,"_joinchat":[],"footnotes":""},"categories":[19],"tags":[],"class_list":["post-16184","post","type-post","status-publish","format-standard","has-post-thumbnail","hentry","category-noticias"],"yoast_head":"<!-- This site is optimized with the Yoast SEO plugin v27.4 - https:\/\/yoast.com\/product\/yoast-seo-wordpress\/ -->\n<title>El Dr. Ra\u00fal Su\u00e1rez Feij\u00f3o disertar\u00e1 sobre la \u201cAsignaci\u00f3n de tareas y coordinaci\u00f3n de brazos manipuladores\u201d - Facultad de Ingenier\u00eda y Ciencias Agropecuarias<\/title>\n<meta name=\"robots\" content=\"index, follow, max-snippet:-1, max-image-preview:large, max-video-preview:-1\" \/>\n<link rel=\"canonical\" href=\"https:\/\/www.fica.unsl.edu.ar\/index.php\/conferencia-dr-raul-suarez-feijoo\/\" \/>\n<meta property=\"og:locale\" content=\"es_ES\" \/>\n<meta property=\"og:type\" content=\"article\" \/>\n<meta property=\"og:title\" content=\"El Dr. Ra\u00fal Su\u00e1rez Feij\u00f3o disertar\u00e1 sobre la \u201cAsignaci\u00f3n de tareas y coordinaci\u00f3n de brazos manipuladores\u201d - Facultad de Ingenier\u00eda y Ciencias Agropecuarias\" \/>\n<meta property=\"og:description\" content=\"El Laboratorio de Control Autom\u00e1tico (LCA) invita a estudiantes y docentes de las carreras de ingenier\u00eda a la conferencia de actualizaci\u00f3n que brindar\u00e1 el Dr.&hellip;\" \/>\n<meta property=\"og:url\" content=\"https:\/\/www.fica.unsl.edu.ar\/index.php\/conferencia-dr-raul-suarez-feijoo\/\" \/>\n<meta property=\"og:site_name\" content=\"Facultad de Ingenier\u00eda y Ciencias Agropecuarias\" \/>\n<meta property=\"article:publisher\" content=\"https:\/\/www.facebook.com\/FICA.UNSL\/\" \/>\n<meta property=\"article:published_time\" content=\"2024-03-07T17:11:38+00:00\" \/>\n<meta property=\"article:modified_time\" content=\"2024-05-06T11:37:48+00:00\" \/>\n<meta property=\"og:image\" content=\"https:\/\/www.fica.unsl.edu.ar\/wp-content\/uploads\/2024\/03\/flyer-converencia-brazos-manipuladores-front-02.jpg\" \/>\n\t<meta property=\"og:image:width\" content=\"1061\" \/>\n\t<meta property=\"og:image:height\" content=\"585\" \/>\n\t<meta property=\"og:image:type\" content=\"image\/jpeg\" \/>\n<meta name=\"author\" content=\"DATI\" \/>\n<meta name=\"twitter:card\" content=\"summary_large_image\" \/>\n<meta name=\"twitter:creator\" content=\"@FICAUNSL\" \/>\n<meta name=\"twitter:site\" content=\"@FICAUNSL\" \/>\n<meta name=\"twitter:label1\" content=\"Escrito por\" \/>\n\t<meta name=\"twitter:data1\" content=\"DATI\" \/>\n\t<meta name=\"twitter:label2\" content=\"Tiempo de lectura\" \/>\n\t<meta name=\"twitter:data2\" content=\"3 minutos\" \/>\n<script type=\"application\/ld+json\" class=\"yoast-schema-graph\">{\"@context\":\"https:\\\/\\\/schema.org\",\"@graph\":[{\"@type\":\"Article\",\"@id\":\"https:\\\/\\\/www.fica.unsl.edu.ar\\\/index.php\\\/conferencia-dr-raul-suarez-feijoo\\\/#article\",\"isPartOf\":{\"@id\":\"https:\\\/\\\/www.fica.unsl.edu.ar\\\/index.php\\\/conferencia-dr-raul-suarez-feijoo\\\/\"},\"author\":{\"name\":\"DATI\",\"@id\":\"https:\\\/\\\/www.fica.unsl.edu.ar\\\/#\\\/schema\\\/person\\\/6058f9c66301868d3a691b1f5d6c3544\"},\"headline\":\"El Dr. Ra\u00fal Su\u00e1rez Feij\u00f3o disertar\u00e1 sobre la \u201cAsignaci\u00f3n de tareas y coordinaci\u00f3n de brazos manipuladores\u201d\",\"datePublished\":\"2024-03-07T17:11:38+00:00\",\"dateModified\":\"2024-05-06T11:37:48+00:00\",\"mainEntityOfPage\":{\"@id\":\"https:\\\/\\\/www.fica.unsl.edu.ar\\\/index.php\\\/conferencia-dr-raul-suarez-feijoo\\\/\"},\"wordCount\":452,\"publisher\":{\"@id\":\"https:\\\/\\\/www.fica.unsl.edu.ar\\\/#organization\"},\"image\":{\"@id\":\"https:\\\/\\\/www.fica.unsl.edu.ar\\\/index.php\\\/conferencia-dr-raul-suarez-feijoo\\\/#primaryimage\"},\"thumbnailUrl\":\"https:\\\/\\\/www.fica.unsl.edu.ar\\\/wp-content\\\/uploads\\\/2024\\\/03\\\/flyer-converencia-brazos-manipuladores-front-02.jpg\",\"articleSection\":[\"Noticias\"],\"inLanguage\":\"es-AR\"},{\"@type\":\"WebPage\",\"@id\":\"https:\\\/\\\/www.fica.unsl.edu.ar\\\/index.php\\\/conferencia-dr-raul-suarez-feijoo\\\/\",\"url\":\"https:\\\/\\\/www.fica.unsl.edu.ar\\\/index.php\\\/conferencia-dr-raul-suarez-feijoo\\\/\",\"name\":\"El Dr. Ra\u00fal Su\u00e1rez Feij\u00f3o disertar\u00e1 sobre la \u201cAsignaci\u00f3n de tareas y coordinaci\u00f3n de brazos manipuladores\u201d - Facultad de Ingenier\u00eda y Ciencias Agropecuarias\",\"isPartOf\":{\"@id\":\"https:\\\/\\\/www.fica.unsl.edu.ar\\\/#website\"},\"primaryImageOfPage\":{\"@id\":\"https:\\\/\\\/www.fica.unsl.edu.ar\\\/index.php\\\/conferencia-dr-raul-suarez-feijoo\\\/#primaryimage\"},\"image\":{\"@id\":\"https:\\\/\\\/www.fica.unsl.edu.ar\\\/index.php\\\/conferencia-dr-raul-suarez-feijoo\\\/#primaryimage\"},\"thumbnailUrl\":\"https:\\\/\\\/www.fica.unsl.edu.ar\\\/wp-content\\\/uploads\\\/2024\\\/03\\\/flyer-converencia-brazos-manipuladores-front-02.jpg\",\"datePublished\":\"2024-03-07T17:11:38+00:00\",\"dateModified\":\"2024-05-06T11:37:48+00:00\",\"inLanguage\":\"es-AR\",\"potentialAction\":[{\"@type\":\"ReadAction\",\"target\":[\"https:\\\/\\\/www.fica.unsl.edu.ar\\\/index.php\\\/conferencia-dr-raul-suarez-feijoo\\\/\"]}]},{\"@type\":\"ImageObject\",\"inLanguage\":\"es-AR\",\"@id\":\"https:\\\/\\\/www.fica.unsl.edu.ar\\\/index.php\\\/conferencia-dr-raul-suarez-feijoo\\\/#primaryimage\",\"url\":\"https:\\\/\\\/www.fica.unsl.edu.ar\\\/wp-content\\\/uploads\\\/2024\\\/03\\\/flyer-converencia-brazos-manipuladores-front-02.jpg\",\"contentUrl\":\"https:\\\/\\\/www.fica.unsl.edu.ar\\\/wp-content\\\/uploads\\\/2024\\\/03\\\/flyer-converencia-brazos-manipuladores-front-02.jpg\",\"width\":1061,\"height\":585},{\"@type\":\"WebSite\",\"@id\":\"https:\\\/\\\/www.fica.unsl.edu.ar\\\/#website\",\"url\":\"https:\\\/\\\/www.fica.unsl.edu.ar\\\/\",\"name\":\"Facultad de Ingenier\u00eda y Ciencias Agropecuarias\",\"description\":\"\",\"publisher\":{\"@id\":\"https:\\\/\\\/www.fica.unsl.edu.ar\\\/#organization\"},\"potentialAction\":[{\"@type\":\"SearchAction\",\"target\":{\"@type\":\"EntryPoint\",\"urlTemplate\":\"https:\\\/\\\/www.fica.unsl.edu.ar\\\/?s={search_term_string}\"},\"query-input\":{\"@type\":\"PropertyValueSpecification\",\"valueRequired\":true,\"valueName\":\"search_term_string\"}}],\"inLanguage\":\"es-AR\"},{\"@type\":\"Organization\",\"@id\":\"https:\\\/\\\/www.fica.unsl.edu.ar\\\/#organization\",\"name\":\"Facultad de Ingenier\u00eda y Ciencias Agropecuarias\",\"url\":\"https:\\\/\\\/www.fica.unsl.edu.ar\\\/\",\"logo\":{\"@type\":\"ImageObject\",\"inLanguage\":\"es-AR\",\"@id\":\"https:\\\/\\\/www.fica.unsl.edu.ar\\\/#\\\/schema\\\/logo\\\/image\\\/\",\"url\":\"https:\\\/\\\/www.fica.unsl.edu.ar\\\/wp-content\\\/uploads\\\/2021\\\/03\\\/LOGO-1.jpg\",\"contentUrl\":\"https:\\\/\\\/www.fica.unsl.edu.ar\\\/wp-content\\\/uploads\\\/2021\\\/03\\\/LOGO-1.jpg\",\"width\":463,\"height\":145,\"caption\":\"Facultad de Ingenier\u00eda y Ciencias Agropecuarias\"},\"image\":{\"@id\":\"https:\\\/\\\/www.fica.unsl.edu.ar\\\/#\\\/schema\\\/logo\\\/image\\\/\"},\"sameAs\":[\"https:\\\/\\\/www.facebook.com\\\/FICA.UNSL\\\/\",\"https:\\\/\\\/x.com\\\/FICAUNSL\",\"https:\\\/\\\/www.instagram.com\\\/fica.unsl\\\/\",\"https:\\\/\\\/www.youtube.com\\\/channel\\\/UCs2MM53gb2PyBrMySdtWZDQ\"]},{\"@type\":\"Person\",\"@id\":\"https:\\\/\\\/www.fica.unsl.edu.ar\\\/#\\\/schema\\\/person\\\/6058f9c66301868d3a691b1f5d6c3544\",\"name\":\"DATI\"}]}<\/script>\n<!-- \/ Yoast SEO plugin. -->","yoast_head_json":{"title":"El Dr. Ra\u00fal Su\u00e1rez Feij\u00f3o disertar\u00e1 sobre la \u201cAsignaci\u00f3n de tareas y coordinaci\u00f3n de brazos manipuladores\u201d - Facultad de Ingenier\u00eda y Ciencias Agropecuarias","robots":{"index":"index","follow":"follow","max-snippet":"max-snippet:-1","max-image-preview":"max-image-preview:large","max-video-preview":"max-video-preview:-1"},"canonical":"https:\/\/www.fica.unsl.edu.ar\/index.php\/conferencia-dr-raul-suarez-feijoo\/","og_locale":"es_ES","og_type":"article","og_title":"El Dr. Ra\u00fal Su\u00e1rez Feij\u00f3o disertar\u00e1 sobre la \u201cAsignaci\u00f3n de tareas y coordinaci\u00f3n de brazos manipuladores\u201d - Facultad de Ingenier\u00eda y Ciencias Agropecuarias","og_description":"El Laboratorio de Control Autom\u00e1tico (LCA) invita a estudiantes y docentes de las carreras de ingenier\u00eda a la conferencia de actualizaci\u00f3n que brindar\u00e1 el Dr.&hellip;","og_url":"https:\/\/www.fica.unsl.edu.ar\/index.php\/conferencia-dr-raul-suarez-feijoo\/","og_site_name":"Facultad de Ingenier\u00eda y Ciencias Agropecuarias","article_publisher":"https:\/\/www.facebook.com\/FICA.UNSL\/","article_published_time":"2024-03-07T17:11:38+00:00","article_modified_time":"2024-05-06T11:37:48+00:00","og_image":[{"width":1061,"height":585,"url":"https:\/\/www.fica.unsl.edu.ar\/wp-content\/uploads\/2024\/03\/flyer-converencia-brazos-manipuladores-front-02.jpg","type":"image\/jpeg"}],"author":"DATI","twitter_card":"summary_large_image","twitter_creator":"@FICAUNSL","twitter_site":"@FICAUNSL","twitter_misc":{"Escrito por":"DATI","Tiempo de lectura":"3 minutos"},"schema":{"@context":"https:\/\/schema.org","@graph":[{"@type":"Article","@id":"https:\/\/www.fica.unsl.edu.ar\/index.php\/conferencia-dr-raul-suarez-feijoo\/#article","isPartOf":{"@id":"https:\/\/www.fica.unsl.edu.ar\/index.php\/conferencia-dr-raul-suarez-feijoo\/"},"author":{"name":"DATI","@id":"https:\/\/www.fica.unsl.edu.ar\/#\/schema\/person\/6058f9c66301868d3a691b1f5d6c3544"},"headline":"El Dr. Ra\u00fal Su\u00e1rez Feij\u00f3o disertar\u00e1 sobre la \u201cAsignaci\u00f3n de tareas y coordinaci\u00f3n de brazos manipuladores\u201d","datePublished":"2024-03-07T17:11:38+00:00","dateModified":"2024-05-06T11:37:48+00:00","mainEntityOfPage":{"@id":"https:\/\/www.fica.unsl.edu.ar\/index.php\/conferencia-dr-raul-suarez-feijoo\/"},"wordCount":452,"publisher":{"@id":"https:\/\/www.fica.unsl.edu.ar\/#organization"},"image":{"@id":"https:\/\/www.fica.unsl.edu.ar\/index.php\/conferencia-dr-raul-suarez-feijoo\/#primaryimage"},"thumbnailUrl":"https:\/\/www.fica.unsl.edu.ar\/wp-content\/uploads\/2024\/03\/flyer-converencia-brazos-manipuladores-front-02.jpg","articleSection":["Noticias"],"inLanguage":"es-AR"},{"@type":"WebPage","@id":"https:\/\/www.fica.unsl.edu.ar\/index.php\/conferencia-dr-raul-suarez-feijoo\/","url":"https:\/\/www.fica.unsl.edu.ar\/index.php\/conferencia-dr-raul-suarez-feijoo\/","name":"El Dr. Ra\u00fal Su\u00e1rez Feij\u00f3o disertar\u00e1 sobre la \u201cAsignaci\u00f3n de tareas y coordinaci\u00f3n de brazos manipuladores\u201d - Facultad de Ingenier\u00eda y Ciencias Agropecuarias","isPartOf":{"@id":"https:\/\/www.fica.unsl.edu.ar\/#website"},"primaryImageOfPage":{"@id":"https:\/\/www.fica.unsl.edu.ar\/index.php\/conferencia-dr-raul-suarez-feijoo\/#primaryimage"},"image":{"@id":"https:\/\/www.fica.unsl.edu.ar\/index.php\/conferencia-dr-raul-suarez-feijoo\/#primaryimage"},"thumbnailUrl":"https:\/\/www.fica.unsl.edu.ar\/wp-content\/uploads\/2024\/03\/flyer-converencia-brazos-manipuladores-front-02.jpg","datePublished":"2024-03-07T17:11:38+00:00","dateModified":"2024-05-06T11:37:48+00:00","inLanguage":"es-AR","potentialAction":[{"@type":"ReadAction","target":["https:\/\/www.fica.unsl.edu.ar\/index.php\/conferencia-dr-raul-suarez-feijoo\/"]}]},{"@type":"ImageObject","inLanguage":"es-AR","@id":"https:\/\/www.fica.unsl.edu.ar\/index.php\/conferencia-dr-raul-suarez-feijoo\/#primaryimage","url":"https:\/\/www.fica.unsl.edu.ar\/wp-content\/uploads\/2024\/03\/flyer-converencia-brazos-manipuladores-front-02.jpg","contentUrl":"https:\/\/www.fica.unsl.edu.ar\/wp-content\/uploads\/2024\/03\/flyer-converencia-brazos-manipuladores-front-02.jpg","width":1061,"height":585},{"@type":"WebSite","@id":"https:\/\/www.fica.unsl.edu.ar\/#website","url":"https:\/\/www.fica.unsl.edu.ar\/","name":"Facultad de Ingenier\u00eda y Ciencias Agropecuarias","description":"","publisher":{"@id":"https:\/\/www.fica.unsl.edu.ar\/#organization"},"potentialAction":[{"@type":"SearchAction","target":{"@type":"EntryPoint","urlTemplate":"https:\/\/www.fica.unsl.edu.ar\/?s={search_term_string}"},"query-input":{"@type":"PropertyValueSpecification","valueRequired":true,"valueName":"search_term_string"}}],"inLanguage":"es-AR"},{"@type":"Organization","@id":"https:\/\/www.fica.unsl.edu.ar\/#organization","name":"Facultad de Ingenier\u00eda y Ciencias Agropecuarias","url":"https:\/\/www.fica.unsl.edu.ar\/","logo":{"@type":"ImageObject","inLanguage":"es-AR","@id":"https:\/\/www.fica.unsl.edu.ar\/#\/schema\/logo\/image\/","url":"https:\/\/www.fica.unsl.edu.ar\/wp-content\/uploads\/2021\/03\/LOGO-1.jpg","contentUrl":"https:\/\/www.fica.unsl.edu.ar\/wp-content\/uploads\/2021\/03\/LOGO-1.jpg","width":463,"height":145,"caption":"Facultad de Ingenier\u00eda y Ciencias Agropecuarias"},"image":{"@id":"https:\/\/www.fica.unsl.edu.ar\/#\/schema\/logo\/image\/"},"sameAs":["https:\/\/www.facebook.com\/FICA.UNSL\/","https:\/\/x.com\/FICAUNSL","https:\/\/www.instagram.com\/fica.unsl\/","https:\/\/www.youtube.com\/channel\/UCs2MM53gb2PyBrMySdtWZDQ"]},{"@type":"Person","@id":"https:\/\/www.fica.unsl.edu.ar\/#\/schema\/person\/6058f9c66301868d3a691b1f5d6c3544","name":"DATI"}]}},"_links":{"self":[{"href":"https:\/\/www.fica.unsl.edu.ar\/index.php\/wp-json\/wp\/v2\/posts\/16184","targetHints":{"allow":["GET"]}}],"collection":[{"href":"https:\/\/www.fica.unsl.edu.ar\/index.php\/wp-json\/wp\/v2\/posts"}],"about":[{"href":"https:\/\/www.fica.unsl.edu.ar\/index.php\/wp-json\/wp\/v2\/types\/post"}],"author":[{"embeddable":true,"href":"https:\/\/www.fica.unsl.edu.ar\/index.php\/wp-json\/wp\/v2\/users\/9"}],"replies":[{"embeddable":true,"href":"https:\/\/www.fica.unsl.edu.ar\/index.php\/wp-json\/wp\/v2\/comments?post=16184"}],"version-history":[{"count":2,"href":"https:\/\/www.fica.unsl.edu.ar\/index.php\/wp-json\/wp\/v2\/posts\/16184\/revisions"}],"predecessor-version":[{"id":16193,"href":"https:\/\/www.fica.unsl.edu.ar\/index.php\/wp-json\/wp\/v2\/posts\/16184\/revisions\/16193"}],"wp:featuredmedia":[{"embeddable":true,"href":"https:\/\/www.fica.unsl.edu.ar\/index.php\/wp-json\/wp\/v2\/media\/16191"}],"wp:attachment":[{"href":"https:\/\/www.fica.unsl.edu.ar\/index.php\/wp-json\/wp\/v2\/media?parent=16184"}],"wp:term":[{"taxonomy":"category","embeddable":true,"href":"https:\/\/www.fica.unsl.edu.ar\/index.php\/wp-json\/wp\/v2\/categories?post=16184"},{"taxonomy":"post_tag","embeddable":true,"href":"https:\/\/www.fica.unsl.edu.ar\/index.php\/wp-json\/wp\/v2\/tags?post=16184"}],"curies":[{"name":"wp","href":"https:\/\/api.w.org\/{rel}","templated":true}]}}