{"id":16194,"date":"2024-03-20T09:55:32","date_gmt":"2024-03-20T12:55:32","guid":{"rendered":"http:\/\/10.101.10.196\/www\/?p=16194"},"modified":"2024-05-06T08:38:42","modified_gmt":"2024-05-06T11:38:42","slug":"inicia-el-curso-de-perfeccionamiento-sistemas-de-generacion-distribuidos","status":"publish","type":"post","link":"https:\/\/www.fica.unsl.edu.ar\/index.php\/inicia-el-curso-de-perfeccionamiento-sistemas-de-generacion-distribuidos\/","title":{"rendered":"Curso de Perfeccionamiento \u201cSistemas de generaci\u00f3n distribuidos\u201d"},"content":{"rendered":"<p>La Secretar\u00eda de Investigaci\u00f3n y Posgrado informa que pr\u00f3ximo<strong> 22 de marzo de 2024 <\/strong>, comienza el dictado del Curso de Perfeccionamiento \u201cSistemas de generaci\u00f3n distribuidos\u201d, a cargo de los doctores Federico Serra y Maximiliano Asensio. El encuentr\u00f3 dar\u00e1 inicio a las 18 horas en el <strong>Aula 20 \u2013 Campus Universitario Centro Villa Mercedes.<\/strong><\/p>\n<p>Este curso surge de la necesidad de capacitar y formar ingenieros (estudiantes de posgrado y docentes) en tecnolog\u00edas asociadas a la composici\u00f3n, operaci\u00f3n y control de sistemas de generaci\u00f3n distribuidos, ampliamente utilizados en la actualidad para mitigar la pobreza energ\u00e9tica y\/o dar soporte al sistema de convencional de distribuci\u00f3n de energ\u00eda el\u00e9ctrica de forma local.<\/p>\n<p>El objetivo es proporcionar al estudiante los conocimientos sobre el estado del arte de sistemas de generaci\u00f3n distribuidos, alimentados por fuentes de energ\u00edas renovables y sistemas de almacenamiento, pudiendo operar de forma aislada o conectada al sistema el\u00e9ctrico de potencia.<\/p>\n<p>Se brindar\u00e1n detalles inherentes a las tecnolog\u00edas existentes de fuentes renovables solares fotovoltaicas y e\u00f3licas, destacando su operaci\u00f3n como recursos energ\u00e9ticos distribuidos con el uso de convertidores electr\u00f3nicos de potencia. Adem\u00e1s, se desarrollar\u00e1 la utilizaci\u00f3n de sistemas de almacenamiento utilizados para el balance de potencia en ese tipo de sistemas y su operaci\u00f3n combinada con los recursos renovables seg\u00fan los requerimientos. En ambos casos se brindar\u00e1n t\u00f3picos sobre el control de convertidores y el gerenciamiento de la energ\u00eda.<\/p>\n<p>As\u00ed mismo se desarrollar\u00e1n t\u00f3picos referidos al intercambio de potencia, estabilidad, eficiencia, sincronizaci\u00f3n, calidad, en microrredes de DC y AC, referidos a aplicaciones industriales, electrificaci\u00f3n rural y sistemas de carga de veh\u00edculos el\u00e9ctricos.<\/p>\n<p>Este curso cuenta con la colaboraci\u00f3n de los docentes Francisco Esteban y Guillermo Magaldi, bajo la coordinaci\u00f3n de Fernando Mezzano.<\/p>\n<p>Para m\u00e1s informaci\u00f3n ingresar al siguiente enlace:<\/p>\n<h3 style=\"text-align: center;\"><a href=\"https:\/\/iyp.fica.unsl.edu.ar\/index.php\/curso-de-posgrado-10\/\" target=\"_blank\" rel=\"noopener\"><strong><span style=\"color: #0000ff;\">BASES\u00a0<\/span><\/strong><\/a><\/h3>\n","protected":false},"excerpt":{"rendered":"<p>La Secretar\u00eda de Investigaci\u00f3n y Posgrado informa que pr\u00f3ximo 22 de marzo de 2024 , comienza el dictado del Curso de Perfeccionamiento \u201cSistemas de generaci\u00f3n&hellip;<\/p>\n","protected":false},"author":9,"featured_media":16195,"comment_status":"closed","ping_status":"closed","sticky":false,"template":"","format":"standard","meta":{"_monsterinsights_skip_tracking":false,"_monsterinsights_sitenote_active":false,"_monsterinsights_sitenote_note":"","_monsterinsights_sitenote_category":0,"_joinchat":[],"footnotes":""},"categories":[19],"tags":[],"class_list":["post-16194","post","type-post","status-publish","format-standard","has-post-thumbnail","hentry","category-noticias"],"yoast_head":"<!-- This site is optimized with the Yoast SEO plugin v27.4 - https:\/\/yoast.com\/product\/yoast-seo-wordpress\/ -->\n<title>Curso de Perfeccionamiento \u201cSistemas de generaci\u00f3n distribuidos\u201d - Facultad de Ingenier\u00eda y Ciencias Agropecuarias<\/title>\n<meta name=\"robots\" content=\"index, follow, max-snippet:-1, max-image-preview:large, max-video-preview:-1\" \/>\n<link rel=\"canonical\" href=\"https:\/\/www.fica.unsl.edu.ar\/index.php\/inicia-el-curso-de-perfeccionamiento-sistemas-de-generacion-distribuidos\/\" \/>\n<meta property=\"og:locale\" content=\"es_ES\" \/>\n<meta property=\"og:type\" content=\"article\" \/>\n<meta property=\"og:title\" content=\"Curso de Perfeccionamiento \u201cSistemas de generaci\u00f3n distribuidos\u201d - Facultad de Ingenier\u00eda y Ciencias Agropecuarias\" \/>\n<meta property=\"og:description\" content=\"La Secretar\u00eda de Investigaci\u00f3n y Posgrado informa que pr\u00f3ximo 22 de marzo de 2024 , comienza el dictado del Curso de Perfeccionamiento \u201cSistemas de generaci\u00f3n&hellip;\" \/>\n<meta property=\"og:url\" content=\"https:\/\/www.fica.unsl.edu.ar\/index.php\/inicia-el-curso-de-perfeccionamiento-sistemas-de-generacion-distribuidos\/\" \/>\n<meta property=\"og:site_name\" content=\"Facultad de Ingenier\u00eda y Ciencias Agropecuarias\" \/>\n<meta property=\"article:publisher\" content=\"https:\/\/www.facebook.com\/FICA.UNSL\/\" \/>\n<meta property=\"article:published_time\" content=\"2024-03-20T12:55:32+00:00\" \/>\n<meta property=\"article:modified_time\" content=\"2024-05-06T11:38:42+00:00\" \/>\n<meta property=\"og:image\" content=\"https:\/\/www.fica.unsl.edu.ar\/wp-content\/uploads\/2024\/03\/Sistemas-de-generacion-distribuidos-front.jpg\" \/>\n\t<meta property=\"og:image:width\" content=\"1061\" \/>\n\t<meta property=\"og:image:height\" content=\"585\" \/>\n\t<meta property=\"og:image:type\" content=\"image\/jpeg\" \/>\n<meta name=\"author\" content=\"DATI\" \/>\n<meta name=\"twitter:card\" content=\"summary_large_image\" \/>\n<meta name=\"twitter:creator\" content=\"@FICAUNSL\" \/>\n<meta name=\"twitter:site\" content=\"@FICAUNSL\" \/>\n<meta name=\"twitter:label1\" content=\"Escrito por\" \/>\n\t<meta name=\"twitter:data1\" content=\"DATI\" \/>\n\t<meta name=\"twitter:label2\" content=\"Tiempo de lectura\" \/>\n\t<meta name=\"twitter:data2\" content=\"2 minutos\" \/>\n<script type=\"application\/ld+json\" class=\"yoast-schema-graph\">{\"@context\":\"https:\\\/\\\/schema.org\",\"@graph\":[{\"@type\":\"Article\",\"@id\":\"https:\\\/\\\/www.fica.unsl.edu.ar\\\/index.php\\\/inicia-el-curso-de-perfeccionamiento-sistemas-de-generacion-distribuidos\\\/#article\",\"isPartOf\":{\"@id\":\"https:\\\/\\\/www.fica.unsl.edu.ar\\\/index.php\\\/inicia-el-curso-de-perfeccionamiento-sistemas-de-generacion-distribuidos\\\/\"},\"author\":{\"name\":\"DATI\",\"@id\":\"https:\\\/\\\/www.fica.unsl.edu.ar\\\/#\\\/schema\\\/person\\\/6058f9c66301868d3a691b1f5d6c3544\"},\"headline\":\"Curso de Perfeccionamiento \u201cSistemas de generaci\u00f3n distribuidos\u201d\",\"datePublished\":\"2024-03-20T12:55:32+00:00\",\"dateModified\":\"2024-05-06T11:38:42+00:00\",\"mainEntityOfPage\":{\"@id\":\"https:\\\/\\\/www.fica.unsl.edu.ar\\\/index.php\\\/inicia-el-curso-de-perfeccionamiento-sistemas-de-generacion-distribuidos\\\/\"},\"wordCount\":329,\"publisher\":{\"@id\":\"https:\\\/\\\/www.fica.unsl.edu.ar\\\/#organization\"},\"image\":{\"@id\":\"https:\\\/\\\/www.fica.unsl.edu.ar\\\/index.php\\\/inicia-el-curso-de-perfeccionamiento-sistemas-de-generacion-distribuidos\\\/#primaryimage\"},\"thumbnailUrl\":\"https:\\\/\\\/www.fica.unsl.edu.ar\\\/wp-content\\\/uploads\\\/2024\\\/03\\\/Sistemas-de-generacion-distribuidos-front.jpg\",\"articleSection\":[\"Noticias\"],\"inLanguage\":\"es-AR\"},{\"@type\":\"WebPage\",\"@id\":\"https:\\\/\\\/www.fica.unsl.edu.ar\\\/index.php\\\/inicia-el-curso-de-perfeccionamiento-sistemas-de-generacion-distribuidos\\\/\",\"url\":\"https:\\\/\\\/www.fica.unsl.edu.ar\\\/index.php\\\/inicia-el-curso-de-perfeccionamiento-sistemas-de-generacion-distribuidos\\\/\",\"name\":\"Curso de Perfeccionamiento \u201cSistemas de generaci\u00f3n distribuidos\u201d - Facultad de Ingenier\u00eda y Ciencias Agropecuarias\",\"isPartOf\":{\"@id\":\"https:\\\/\\\/www.fica.unsl.edu.ar\\\/#website\"},\"primaryImageOfPage\":{\"@id\":\"https:\\\/\\\/www.fica.unsl.edu.ar\\\/index.php\\\/inicia-el-curso-de-perfeccionamiento-sistemas-de-generacion-distribuidos\\\/#primaryimage\"},\"image\":{\"@id\":\"https:\\\/\\\/www.fica.unsl.edu.ar\\\/index.php\\\/inicia-el-curso-de-perfeccionamiento-sistemas-de-generacion-distribuidos\\\/#primaryimage\"},\"thumbnailUrl\":\"https:\\\/\\\/www.fica.unsl.edu.ar\\\/wp-content\\\/uploads\\\/2024\\\/03\\\/Sistemas-de-generacion-distribuidos-front.jpg\",\"datePublished\":\"2024-03-20T12:55:32+00:00\",\"dateModified\":\"2024-05-06T11:38:42+00:00\",\"inLanguage\":\"es-AR\",\"potentialAction\":[{\"@type\":\"ReadAction\",\"target\":[\"https:\\\/\\\/www.fica.unsl.edu.ar\\\/index.php\\\/inicia-el-curso-de-perfeccionamiento-sistemas-de-generacion-distribuidos\\\/\"]}]},{\"@type\":\"ImageObject\",\"inLanguage\":\"es-AR\",\"@id\":\"https:\\\/\\\/www.fica.unsl.edu.ar\\\/index.php\\\/inicia-el-curso-de-perfeccionamiento-sistemas-de-generacion-distribuidos\\\/#primaryimage\",\"url\":\"https:\\\/\\\/www.fica.unsl.edu.ar\\\/wp-content\\\/uploads\\\/2024\\\/03\\\/Sistemas-de-generacion-distribuidos-front.jpg\",\"contentUrl\":\"https:\\\/\\\/www.fica.unsl.edu.ar\\\/wp-content\\\/uploads\\\/2024\\\/03\\\/Sistemas-de-generacion-distribuidos-front.jpg\",\"width\":1061,\"height\":585},{\"@type\":\"WebSite\",\"@id\":\"https:\\\/\\\/www.fica.unsl.edu.ar\\\/#website\",\"url\":\"https:\\\/\\\/www.fica.unsl.edu.ar\\\/\",\"name\":\"Facultad de Ingenier\u00eda y Ciencias Agropecuarias\",\"description\":\"\",\"publisher\":{\"@id\":\"https:\\\/\\\/www.fica.unsl.edu.ar\\\/#organization\"},\"potentialAction\":[{\"@type\":\"SearchAction\",\"target\":{\"@type\":\"EntryPoint\",\"urlTemplate\":\"https:\\\/\\\/www.fica.unsl.edu.ar\\\/?s={search_term_string}\"},\"query-input\":{\"@type\":\"PropertyValueSpecification\",\"valueRequired\":true,\"valueName\":\"search_term_string\"}}],\"inLanguage\":\"es-AR\"},{\"@type\":\"Organization\",\"@id\":\"https:\\\/\\\/www.fica.unsl.edu.ar\\\/#organization\",\"name\":\"Facultad de Ingenier\u00eda y Ciencias Agropecuarias\",\"url\":\"https:\\\/\\\/www.fica.unsl.edu.ar\\\/\",\"logo\":{\"@type\":\"ImageObject\",\"inLanguage\":\"es-AR\",\"@id\":\"https:\\\/\\\/www.fica.unsl.edu.ar\\\/#\\\/schema\\\/logo\\\/image\\\/\",\"url\":\"https:\\\/\\\/www.fica.unsl.edu.ar\\\/wp-content\\\/uploads\\\/2021\\\/03\\\/LOGO-1.jpg\",\"contentUrl\":\"https:\\\/\\\/www.fica.unsl.edu.ar\\\/wp-content\\\/uploads\\\/2021\\\/03\\\/LOGO-1.jpg\",\"width\":463,\"height\":145,\"caption\":\"Facultad de Ingenier\u00eda y Ciencias Agropecuarias\"},\"image\":{\"@id\":\"https:\\\/\\\/www.fica.unsl.edu.ar\\\/#\\\/schema\\\/logo\\\/image\\\/\"},\"sameAs\":[\"https:\\\/\\\/www.facebook.com\\\/FICA.UNSL\\\/\",\"https:\\\/\\\/x.com\\\/FICAUNSL\",\"https:\\\/\\\/www.instagram.com\\\/fica.unsl\\\/\",\"https:\\\/\\\/www.youtube.com\\\/channel\\\/UCs2MM53gb2PyBrMySdtWZDQ\"]},{\"@type\":\"Person\",\"@id\":\"https:\\\/\\\/www.fica.unsl.edu.ar\\\/#\\\/schema\\\/person\\\/6058f9c66301868d3a691b1f5d6c3544\",\"name\":\"DATI\"}]}<\/script>\n<!-- \/ Yoast SEO plugin. -->","yoast_head_json":{"title":"Curso de Perfeccionamiento \u201cSistemas de generaci\u00f3n distribuidos\u201d - Facultad de Ingenier\u00eda y Ciencias Agropecuarias","robots":{"index":"index","follow":"follow","max-snippet":"max-snippet:-1","max-image-preview":"max-image-preview:large","max-video-preview":"max-video-preview:-1"},"canonical":"https:\/\/www.fica.unsl.edu.ar\/index.php\/inicia-el-curso-de-perfeccionamiento-sistemas-de-generacion-distribuidos\/","og_locale":"es_ES","og_type":"article","og_title":"Curso de Perfeccionamiento \u201cSistemas de generaci\u00f3n distribuidos\u201d - Facultad de Ingenier\u00eda y Ciencias Agropecuarias","og_description":"La Secretar\u00eda de Investigaci\u00f3n y Posgrado informa que pr\u00f3ximo 22 de marzo de 2024 , comienza el dictado del Curso de Perfeccionamiento \u201cSistemas de generaci\u00f3n&hellip;","og_url":"https:\/\/www.fica.unsl.edu.ar\/index.php\/inicia-el-curso-de-perfeccionamiento-sistemas-de-generacion-distribuidos\/","og_site_name":"Facultad de Ingenier\u00eda y Ciencias Agropecuarias","article_publisher":"https:\/\/www.facebook.com\/FICA.UNSL\/","article_published_time":"2024-03-20T12:55:32+00:00","article_modified_time":"2024-05-06T11:38:42+00:00","og_image":[{"width":1061,"height":585,"url":"https:\/\/www.fica.unsl.edu.ar\/wp-content\/uploads\/2024\/03\/Sistemas-de-generacion-distribuidos-front.jpg","type":"image\/jpeg"}],"author":"DATI","twitter_card":"summary_large_image","twitter_creator":"@FICAUNSL","twitter_site":"@FICAUNSL","twitter_misc":{"Escrito por":"DATI","Tiempo de lectura":"2 minutos"},"schema":{"@context":"https:\/\/schema.org","@graph":[{"@type":"Article","@id":"https:\/\/www.fica.unsl.edu.ar\/index.php\/inicia-el-curso-de-perfeccionamiento-sistemas-de-generacion-distribuidos\/#article","isPartOf":{"@id":"https:\/\/www.fica.unsl.edu.ar\/index.php\/inicia-el-curso-de-perfeccionamiento-sistemas-de-generacion-distribuidos\/"},"author":{"name":"DATI","@id":"https:\/\/www.fica.unsl.edu.ar\/#\/schema\/person\/6058f9c66301868d3a691b1f5d6c3544"},"headline":"Curso de Perfeccionamiento \u201cSistemas de generaci\u00f3n distribuidos\u201d","datePublished":"2024-03-20T12:55:32+00:00","dateModified":"2024-05-06T11:38:42+00:00","mainEntityOfPage":{"@id":"https:\/\/www.fica.unsl.edu.ar\/index.php\/inicia-el-curso-de-perfeccionamiento-sistemas-de-generacion-distribuidos\/"},"wordCount":329,"publisher":{"@id":"https:\/\/www.fica.unsl.edu.ar\/#organization"},"image":{"@id":"https:\/\/www.fica.unsl.edu.ar\/index.php\/inicia-el-curso-de-perfeccionamiento-sistemas-de-generacion-distribuidos\/#primaryimage"},"thumbnailUrl":"https:\/\/www.fica.unsl.edu.ar\/wp-content\/uploads\/2024\/03\/Sistemas-de-generacion-distribuidos-front.jpg","articleSection":["Noticias"],"inLanguage":"es-AR"},{"@type":"WebPage","@id":"https:\/\/www.fica.unsl.edu.ar\/index.php\/inicia-el-curso-de-perfeccionamiento-sistemas-de-generacion-distribuidos\/","url":"https:\/\/www.fica.unsl.edu.ar\/index.php\/inicia-el-curso-de-perfeccionamiento-sistemas-de-generacion-distribuidos\/","name":"Curso de Perfeccionamiento \u201cSistemas de generaci\u00f3n distribuidos\u201d - Facultad de Ingenier\u00eda y Ciencias Agropecuarias","isPartOf":{"@id":"https:\/\/www.fica.unsl.edu.ar\/#website"},"primaryImageOfPage":{"@id":"https:\/\/www.fica.unsl.edu.ar\/index.php\/inicia-el-curso-de-perfeccionamiento-sistemas-de-generacion-distribuidos\/#primaryimage"},"image":{"@id":"https:\/\/www.fica.unsl.edu.ar\/index.php\/inicia-el-curso-de-perfeccionamiento-sistemas-de-generacion-distribuidos\/#primaryimage"},"thumbnailUrl":"https:\/\/www.fica.unsl.edu.ar\/wp-content\/uploads\/2024\/03\/Sistemas-de-generacion-distribuidos-front.jpg","datePublished":"2024-03-20T12:55:32+00:00","dateModified":"2024-05-06T11:38:42+00:00","inLanguage":"es-AR","potentialAction":[{"@type":"ReadAction","target":["https:\/\/www.fica.unsl.edu.ar\/index.php\/inicia-el-curso-de-perfeccionamiento-sistemas-de-generacion-distribuidos\/"]}]},{"@type":"ImageObject","inLanguage":"es-AR","@id":"https:\/\/www.fica.unsl.edu.ar\/index.php\/inicia-el-curso-de-perfeccionamiento-sistemas-de-generacion-distribuidos\/#primaryimage","url":"https:\/\/www.fica.unsl.edu.ar\/wp-content\/uploads\/2024\/03\/Sistemas-de-generacion-distribuidos-front.jpg","contentUrl":"https:\/\/www.fica.unsl.edu.ar\/wp-content\/uploads\/2024\/03\/Sistemas-de-generacion-distribuidos-front.jpg","width":1061,"height":585},{"@type":"WebSite","@id":"https:\/\/www.fica.unsl.edu.ar\/#website","url":"https:\/\/www.fica.unsl.edu.ar\/","name":"Facultad de Ingenier\u00eda y Ciencias Agropecuarias","description":"","publisher":{"@id":"https:\/\/www.fica.unsl.edu.ar\/#organization"},"potentialAction":[{"@type":"SearchAction","target":{"@type":"EntryPoint","urlTemplate":"https:\/\/www.fica.unsl.edu.ar\/?s={search_term_string}"},"query-input":{"@type":"PropertyValueSpecification","valueRequired":true,"valueName":"search_term_string"}}],"inLanguage":"es-AR"},{"@type":"Organization","@id":"https:\/\/www.fica.unsl.edu.ar\/#organization","name":"Facultad de Ingenier\u00eda y Ciencias Agropecuarias","url":"https:\/\/www.fica.unsl.edu.ar\/","logo":{"@type":"ImageObject","inLanguage":"es-AR","@id":"https:\/\/www.fica.unsl.edu.ar\/#\/schema\/logo\/image\/","url":"https:\/\/www.fica.unsl.edu.ar\/wp-content\/uploads\/2021\/03\/LOGO-1.jpg","contentUrl":"https:\/\/www.fica.unsl.edu.ar\/wp-content\/uploads\/2021\/03\/LOGO-1.jpg","width":463,"height":145,"caption":"Facultad de Ingenier\u00eda y Ciencias Agropecuarias"},"image":{"@id":"https:\/\/www.fica.unsl.edu.ar\/#\/schema\/logo\/image\/"},"sameAs":["https:\/\/www.facebook.com\/FICA.UNSL\/","https:\/\/x.com\/FICAUNSL","https:\/\/www.instagram.com\/fica.unsl\/","https:\/\/www.youtube.com\/channel\/UCs2MM53gb2PyBrMySdtWZDQ"]},{"@type":"Person","@id":"https:\/\/www.fica.unsl.edu.ar\/#\/schema\/person\/6058f9c66301868d3a691b1f5d6c3544","name":"DATI"}]}},"_links":{"self":[{"href":"https:\/\/www.fica.unsl.edu.ar\/index.php\/wp-json\/wp\/v2\/posts\/16194","targetHints":{"allow":["GET"]}}],"collection":[{"href":"https:\/\/www.fica.unsl.edu.ar\/index.php\/wp-json\/wp\/v2\/posts"}],"about":[{"href":"https:\/\/www.fica.unsl.edu.ar\/index.php\/wp-json\/wp\/v2\/types\/post"}],"author":[{"embeddable":true,"href":"https:\/\/www.fica.unsl.edu.ar\/index.php\/wp-json\/wp\/v2\/users\/9"}],"replies":[{"embeddable":true,"href":"https:\/\/www.fica.unsl.edu.ar\/index.php\/wp-json\/wp\/v2\/comments?post=16194"}],"version-history":[{"count":4,"href":"https:\/\/www.fica.unsl.edu.ar\/index.php\/wp-json\/wp\/v2\/posts\/16194\/revisions"}],"predecessor-version":[{"id":16199,"href":"https:\/\/www.fica.unsl.edu.ar\/index.php\/wp-json\/wp\/v2\/posts\/16194\/revisions\/16199"}],"wp:featuredmedia":[{"embeddable":true,"href":"https:\/\/www.fica.unsl.edu.ar\/index.php\/wp-json\/wp\/v2\/media\/16195"}],"wp:attachment":[{"href":"https:\/\/www.fica.unsl.edu.ar\/index.php\/wp-json\/wp\/v2\/media?parent=16194"}],"wp:term":[{"taxonomy":"category","embeddable":true,"href":"https:\/\/www.fica.unsl.edu.ar\/index.php\/wp-json\/wp\/v2\/categories?post=16194"},{"taxonomy":"post_tag","embeddable":true,"href":"https:\/\/www.fica.unsl.edu.ar\/index.php\/wp-json\/wp\/v2\/tags?post=16194"}],"curies":[{"name":"wp","href":"https:\/\/api.w.org\/{rel}","templated":true}]}}