{"id":16223,"date":"2024-03-08T09:07:36","date_gmt":"2024-03-08T12:07:36","guid":{"rendered":"http:\/\/10.101.10.196\/www\/?p=16223"},"modified":"2024-05-06T08:37:55","modified_gmt":"2024-05-06T11:37:55","slug":"el-gobierno-de-san-juan-interesado-en-desarrollos-cientificos-de-la-unsl","status":"publish","type":"post","link":"https:\/\/www.fica.unsl.edu.ar\/index.php\/el-gobierno-de-san-juan-interesado-en-desarrollos-cientificos-de-la-unsl\/","title":{"rendered":"El gobierno de San Juan interesado en desarrollos cient\u00edficos de la UNSL"},"content":{"rendered":"<p><strong>Diversos desarrollos cient\u00edficos-tecnol\u00f3gicos de la Universidad Nacional de San Luis (UNSL) podr\u00edan adaptarse para contribuir a solucionar problemas concretos de la sociedad sanjuanina. Uno de ellos, est\u00e1 vinculado al desarrollo de los planes nutricionales de las escuelas p\u00fablicas para dar respuesta a la problem\u00e1tica social de la desnutrici\u00f3n infantil.<\/strong><\/p>\n<p>Cinco (5) proyectos de la UNSL fueron presentados en el Ministerio de Familia y Desarrollo Humano de la provincia de San Juan. Se trata de proyectos que la Universidad canaliza a trav\u00e9s de su Secretar\u00eda de Vinculaci\u00f3n Tecnol\u00f3gica y Social (SVTS) y son fuente cient\u00edfica-tecnol\u00f3gica altamente valiosa por sus importantes contribuciones.<\/p>\n<p>Se present\u00f3\u00a0<em><strong>Pancitos de chocolate y canela<\/strong><\/em>, un producto con alto contenido de prote\u00ednas de hierro, calcio y fibras;\u00a0<em><strong>Cremsy<\/strong><\/em>, un postre l\u00e1cteo fortificado desarrollado y producido por investigadoras y estudiantes de la UNSL;\u00a0<em><strong>Fotoflit<\/strong><\/em>, un sanitizante natural de amplio espectro, que no deja residuos t\u00f3xicos;\u00a0<em><strong>Jabones en comprimidos<\/strong><\/em>, un producto que provee higiene y sanitizaci\u00f3n para evitar contagios, y diversas elaboraciones desarrolladas por la\u00a0<em><strong>Planta Piloto<\/strong><\/em>\u00a0de la Facultad de Ingenier\u00eda y Ciencias Agropecuarias (FICA): guiso vegetal deshidratado, barra de cereal con y sin gluten, embutidos vegetarianos (plant-based), condimentos y vegetales deshidratados, fermentado probi\u00f3tico, mermeladas y dulces.<\/p>\n<p><img fetchpriority=\"high\" decoding=\"async\" class=\"aligncenter wp-image-15817 size-full\" src=\"https:\/\/www.fcejs.unsl.edu.ar\/wp-content\/uploads\/2024\/03\/san_juan-vice.jpg\" alt=\"\" width=\"1080\" height=\"763\" \/><img decoding=\"async\" class=\"wp-image-97010\" src=\"http:\/\/www.noticias.unsl.edu.ar\/wp-content\/uploads\/2024\/03\/WhatsApp-Image-2024-03-05-at-17.08.00-1.jpeg\" sizes=\"(max-width: 1000px) 100vw, 1000px\" srcset=\"http:\/\/www.noticias.unsl.edu.ar\/wp-content\/uploads\/2024\/03\/WhatsApp-Image-2024-03-05-at-17.08.00-1.jpeg 1000w, http:\/\/www.noticias.unsl.edu.ar\/wp-content\/uploads\/2024\/03\/WhatsApp-Image-2024-03-05-at-17.08.00-1-300x200.jpeg 300w\" alt=\"\" \/><\/p>\n<p>Autoridades de la UNSL y del Gobierno mantuvieron una reuni\u00f3n que podr\u00eda consolidar una importante transferencia en beneficio del sector p\u00fablico, y sostuvieron que el generar y fortalecer los v\u00ednculos entre las instituciones educativas y las entidades gubernamentales es fundamental para el desarrollo social y econ\u00f3mico de las comunidades.<\/p>\n<p><em>\u00abEl Gobierno de San Juan nos convoc\u00f3 y como Universidad p\u00fablica tenemos la obligaci\u00f3n de atender a esas necesidades (\u2026) Se nos plante\u00f3 una serie de cuestiones que sabemos que tenemos la potencialidad, la capacidad cient\u00edfica tecnol\u00f3gica y desarrollos ya finalizados para poder ponerlos a disposici\u00f3n del Gobierno y que llegue a la gente (\u2026) Con San Luis se est\u00e1 trabajando. El Rector y el Vicerrector de la UNSL han acercado una serie de diez (10) proyectos que son de innovaci\u00f3n y que creemos que la Universidad puede aportar para la sociedad, pero a\u00fan no hemos tenido respuesta\u00bb<\/em>, sostuvo el titular de la SVTS, Dr. Mart\u00edn Fern\u00e1ndez Baldo.<\/p>\n<p>Luego del encuentro con el ministro Carlos Platero y su equipo, se mantuvo una reuni\u00f3n de trabajo con el equipo t\u00e9cnico de la direcci\u00f3n de Emergencia y Pol\u00edticas Alimentarias de San Juan, integrado por nutricionistas, psic\u00f3logas y trabajadoras sociales a cargo del desarrollo de los planes nutricionales de las escuelas p\u00fablicas de la Provincia. En la misma, se expuso sobre los distintos productos desarrollados por la UNSL y su posible aplicaci\u00f3n en estas instituciones educativas.<\/p>\n<p><img decoding=\"async\" class=\"aligncenter wp-image-15818 size-full\" src=\"https:\/\/www.fcejs.unsl.edu.ar\/wp-content\/uploads\/2024\/03\/san_juan-vice-02.jpg\" alt=\"\" width=\"1080\" height=\"763\" \/><\/p>\n<p><strong>Comitiva UNSL<\/strong><\/p>\n<p>Por la UNSL viajaron a la provincia de San Juan el vicerrector de la UNSL, Mgtr H\u00e9ctor Flores; el secretario de Vinculaci\u00f3n Tecnol\u00f3gica y Social, Dr. Mart\u00edn Fern\u00e1ndez Baldo; el secretario de Extensi\u00f3n Universitaria,\u00a0Abg. Manuel Castillo, y la Prof. Diana Caviedes Garraza del equipo de trabajo de Vicerrectorado.<\/p>\n<p><strong>Pr\u00f3ximos pasos<\/strong><\/p>\n<p>En las siguientes semanas un grupo t\u00e9cnico del Ministerio viajar\u00e1n a San Luis para visitar la Universidad y conocer los Laboratorio inherentes a los temas que se presentaron, para que puedan dialogar con los investigadores e investigadoras todas las dudas que se presenten.<\/p>\n<p><strong>Fuente: Prensa Rectorado<\/strong><\/p>\n<p><strong>Fotos: gentileza Vicerrectorado<\/strong><\/p>\n","protected":false},"excerpt":{"rendered":"<p>Diversos desarrollos cient\u00edficos-tecnol\u00f3gicos de la Universidad Nacional de San Luis (UNSL) podr\u00edan adaptarse para contribuir a solucionar problemas concretos de la sociedad sanjuanina. Uno de&hellip;<\/p>\n","protected":false},"author":9,"featured_media":16236,"comment_status":"closed","ping_status":"closed","sticky":false,"template":"","format":"standard","meta":{"_monsterinsights_skip_tracking":false,"_monsterinsights_sitenote_active":false,"_monsterinsights_sitenote_note":"","_monsterinsights_sitenote_category":0,"_joinchat":[],"footnotes":""},"categories":[19],"tags":[],"class_list":["post-16223","post","type-post","status-publish","format-standard","has-post-thumbnail","hentry","category-noticias"],"yoast_head":"<!-- This site is optimized with the Yoast SEO plugin v27.4 - https:\/\/yoast.com\/product\/yoast-seo-wordpress\/ -->\n<title>El gobierno de San Juan interesado en desarrollos cient\u00edficos de la UNSL - Facultad de Ingenier\u00eda y Ciencias Agropecuarias<\/title>\n<meta name=\"robots\" content=\"index, follow, max-snippet:-1, max-image-preview:large, max-video-preview:-1\" \/>\n<link rel=\"canonical\" href=\"https:\/\/www.fica.unsl.edu.ar\/index.php\/el-gobierno-de-san-juan-interesado-en-desarrollos-cientificos-de-la-unsl\/\" \/>\n<meta property=\"og:locale\" content=\"es_ES\" \/>\n<meta property=\"og:type\" content=\"article\" \/>\n<meta property=\"og:title\" content=\"El gobierno de San Juan interesado en desarrollos cient\u00edficos de la UNSL - Facultad de Ingenier\u00eda y Ciencias Agropecuarias\" \/>\n<meta property=\"og:description\" content=\"Diversos desarrollos cient\u00edficos-tecnol\u00f3gicos de la Universidad Nacional de San Luis (UNSL) podr\u00edan adaptarse para contribuir a solucionar problemas concretos de la sociedad sanjuanina. Uno de&hellip;\" \/>\n<meta property=\"og:url\" content=\"https:\/\/www.fica.unsl.edu.ar\/index.php\/el-gobierno-de-san-juan-interesado-en-desarrollos-cientificos-de-la-unsl\/\" \/>\n<meta property=\"og:site_name\" content=\"Facultad de Ingenier\u00eda y Ciencias Agropecuarias\" \/>\n<meta property=\"article:publisher\" content=\"https:\/\/www.facebook.com\/FICA.UNSL\/\" \/>\n<meta property=\"article:published_time\" content=\"2024-03-08T12:07:36+00:00\" \/>\n<meta property=\"article:modified_time\" content=\"2024-05-06T11:37:55+00:00\" \/>\n<meta property=\"og:image\" content=\"https:\/\/www.fica.unsl.edu.ar\/wp-content\/uploads\/2024\/03\/san_juan-vice-front.jpg\" \/>\n\t<meta property=\"og:image:width\" content=\"1061\" \/>\n\t<meta property=\"og:image:height\" content=\"585\" \/>\n\t<meta property=\"og:image:type\" content=\"image\/jpeg\" \/>\n<meta name=\"author\" content=\"DATI\" \/>\n<meta name=\"twitter:card\" content=\"summary_large_image\" \/>\n<meta name=\"twitter:creator\" content=\"@FICAUNSL\" \/>\n<meta name=\"twitter:site\" content=\"@FICAUNSL\" \/>\n<meta name=\"twitter:label1\" content=\"Escrito por\" \/>\n\t<meta name=\"twitter:data1\" content=\"DATI\" \/>\n\t<meta name=\"twitter:label2\" content=\"Tiempo de lectura\" \/>\n\t<meta name=\"twitter:data2\" content=\"4 minutos\" \/>\n<script type=\"application\/ld+json\" class=\"yoast-schema-graph\">{\"@context\":\"https:\\\/\\\/schema.org\",\"@graph\":[{\"@type\":\"Article\",\"@id\":\"https:\\\/\\\/www.fica.unsl.edu.ar\\\/index.php\\\/el-gobierno-de-san-juan-interesado-en-desarrollos-cientificos-de-la-unsl\\\/#article\",\"isPartOf\":{\"@id\":\"https:\\\/\\\/www.fica.unsl.edu.ar\\\/index.php\\\/el-gobierno-de-san-juan-interesado-en-desarrollos-cientificos-de-la-unsl\\\/\"},\"author\":{\"name\":\"DATI\",\"@id\":\"https:\\\/\\\/www.fica.unsl.edu.ar\\\/#\\\/schema\\\/person\\\/6058f9c66301868d3a691b1f5d6c3544\"},\"headline\":\"El gobierno de San Juan interesado en desarrollos cient\u00edficos de la UNSL\",\"datePublished\":\"2024-03-08T12:07:36+00:00\",\"dateModified\":\"2024-05-06T11:37:55+00:00\",\"mainEntityOfPage\":{\"@id\":\"https:\\\/\\\/www.fica.unsl.edu.ar\\\/index.php\\\/el-gobierno-de-san-juan-interesado-en-desarrollos-cientificos-de-la-unsl\\\/\"},\"wordCount\":589,\"publisher\":{\"@id\":\"https:\\\/\\\/www.fica.unsl.edu.ar\\\/#organization\"},\"image\":{\"@id\":\"https:\\\/\\\/www.fica.unsl.edu.ar\\\/index.php\\\/el-gobierno-de-san-juan-interesado-en-desarrollos-cientificos-de-la-unsl\\\/#primaryimage\"},\"thumbnailUrl\":\"https:\\\/\\\/www.fica.unsl.edu.ar\\\/wp-content\\\/uploads\\\/2024\\\/03\\\/san_juan-vice-front.jpg\",\"articleSection\":[\"Noticias\"],\"inLanguage\":\"es-AR\"},{\"@type\":\"WebPage\",\"@id\":\"https:\\\/\\\/www.fica.unsl.edu.ar\\\/index.php\\\/el-gobierno-de-san-juan-interesado-en-desarrollos-cientificos-de-la-unsl\\\/\",\"url\":\"https:\\\/\\\/www.fica.unsl.edu.ar\\\/index.php\\\/el-gobierno-de-san-juan-interesado-en-desarrollos-cientificos-de-la-unsl\\\/\",\"name\":\"El gobierno de San Juan interesado en desarrollos cient\u00edficos de la UNSL - Facultad de Ingenier\u00eda y Ciencias Agropecuarias\",\"isPartOf\":{\"@id\":\"https:\\\/\\\/www.fica.unsl.edu.ar\\\/#website\"},\"primaryImageOfPage\":{\"@id\":\"https:\\\/\\\/www.fica.unsl.edu.ar\\\/index.php\\\/el-gobierno-de-san-juan-interesado-en-desarrollos-cientificos-de-la-unsl\\\/#primaryimage\"},\"image\":{\"@id\":\"https:\\\/\\\/www.fica.unsl.edu.ar\\\/index.php\\\/el-gobierno-de-san-juan-interesado-en-desarrollos-cientificos-de-la-unsl\\\/#primaryimage\"},\"thumbnailUrl\":\"https:\\\/\\\/www.fica.unsl.edu.ar\\\/wp-content\\\/uploads\\\/2024\\\/03\\\/san_juan-vice-front.jpg\",\"datePublished\":\"2024-03-08T12:07:36+00:00\",\"dateModified\":\"2024-05-06T11:37:55+00:00\",\"inLanguage\":\"es-AR\",\"potentialAction\":[{\"@type\":\"ReadAction\",\"target\":[\"https:\\\/\\\/www.fica.unsl.edu.ar\\\/index.php\\\/el-gobierno-de-san-juan-interesado-en-desarrollos-cientificos-de-la-unsl\\\/\"]}]},{\"@type\":\"ImageObject\",\"inLanguage\":\"es-AR\",\"@id\":\"https:\\\/\\\/www.fica.unsl.edu.ar\\\/index.php\\\/el-gobierno-de-san-juan-interesado-en-desarrollos-cientificos-de-la-unsl\\\/#primaryimage\",\"url\":\"https:\\\/\\\/www.fica.unsl.edu.ar\\\/wp-content\\\/uploads\\\/2024\\\/03\\\/san_juan-vice-front.jpg\",\"contentUrl\":\"https:\\\/\\\/www.fica.unsl.edu.ar\\\/wp-content\\\/uploads\\\/2024\\\/03\\\/san_juan-vice-front.jpg\",\"width\":1061,\"height\":585},{\"@type\":\"WebSite\",\"@id\":\"https:\\\/\\\/www.fica.unsl.edu.ar\\\/#website\",\"url\":\"https:\\\/\\\/www.fica.unsl.edu.ar\\\/\",\"name\":\"Facultad de Ingenier\u00eda y Ciencias Agropecuarias\",\"description\":\"\",\"publisher\":{\"@id\":\"https:\\\/\\\/www.fica.unsl.edu.ar\\\/#organization\"},\"potentialAction\":[{\"@type\":\"SearchAction\",\"target\":{\"@type\":\"EntryPoint\",\"urlTemplate\":\"https:\\\/\\\/www.fica.unsl.edu.ar\\\/?s={search_term_string}\"},\"query-input\":{\"@type\":\"PropertyValueSpecification\",\"valueRequired\":true,\"valueName\":\"search_term_string\"}}],\"inLanguage\":\"es-AR\"},{\"@type\":\"Organization\",\"@id\":\"https:\\\/\\\/www.fica.unsl.edu.ar\\\/#organization\",\"name\":\"Facultad de Ingenier\u00eda y Ciencias Agropecuarias\",\"url\":\"https:\\\/\\\/www.fica.unsl.edu.ar\\\/\",\"logo\":{\"@type\":\"ImageObject\",\"inLanguage\":\"es-AR\",\"@id\":\"https:\\\/\\\/www.fica.unsl.edu.ar\\\/#\\\/schema\\\/logo\\\/image\\\/\",\"url\":\"https:\\\/\\\/www.fica.unsl.edu.ar\\\/wp-content\\\/uploads\\\/2021\\\/03\\\/LOGO-1.jpg\",\"contentUrl\":\"https:\\\/\\\/www.fica.unsl.edu.ar\\\/wp-content\\\/uploads\\\/2021\\\/03\\\/LOGO-1.jpg\",\"width\":463,\"height\":145,\"caption\":\"Facultad de Ingenier\u00eda y Ciencias Agropecuarias\"},\"image\":{\"@id\":\"https:\\\/\\\/www.fica.unsl.edu.ar\\\/#\\\/schema\\\/logo\\\/image\\\/\"},\"sameAs\":[\"https:\\\/\\\/www.facebook.com\\\/FICA.UNSL\\\/\",\"https:\\\/\\\/x.com\\\/FICAUNSL\",\"https:\\\/\\\/www.instagram.com\\\/fica.unsl\\\/\",\"https:\\\/\\\/www.youtube.com\\\/channel\\\/UCs2MM53gb2PyBrMySdtWZDQ\"]},{\"@type\":\"Person\",\"@id\":\"https:\\\/\\\/www.fica.unsl.edu.ar\\\/#\\\/schema\\\/person\\\/6058f9c66301868d3a691b1f5d6c3544\",\"name\":\"DATI\"}]}<\/script>\n<!-- \/ Yoast SEO plugin. -->","yoast_head_json":{"title":"El gobierno de San Juan interesado en desarrollos cient\u00edficos de la UNSL - Facultad de Ingenier\u00eda y Ciencias Agropecuarias","robots":{"index":"index","follow":"follow","max-snippet":"max-snippet:-1","max-image-preview":"max-image-preview:large","max-video-preview":"max-video-preview:-1"},"canonical":"https:\/\/www.fica.unsl.edu.ar\/index.php\/el-gobierno-de-san-juan-interesado-en-desarrollos-cientificos-de-la-unsl\/","og_locale":"es_ES","og_type":"article","og_title":"El gobierno de San Juan interesado en desarrollos cient\u00edficos de la UNSL - Facultad de Ingenier\u00eda y Ciencias Agropecuarias","og_description":"Diversos desarrollos cient\u00edficos-tecnol\u00f3gicos de la Universidad Nacional de San Luis (UNSL) podr\u00edan adaptarse para contribuir a solucionar problemas concretos de la sociedad sanjuanina. Uno de&hellip;","og_url":"https:\/\/www.fica.unsl.edu.ar\/index.php\/el-gobierno-de-san-juan-interesado-en-desarrollos-cientificos-de-la-unsl\/","og_site_name":"Facultad de Ingenier\u00eda y Ciencias Agropecuarias","article_publisher":"https:\/\/www.facebook.com\/FICA.UNSL\/","article_published_time":"2024-03-08T12:07:36+00:00","article_modified_time":"2024-05-06T11:37:55+00:00","og_image":[{"width":1061,"height":585,"url":"https:\/\/www.fica.unsl.edu.ar\/wp-content\/uploads\/2024\/03\/san_juan-vice-front.jpg","type":"image\/jpeg"}],"author":"DATI","twitter_card":"summary_large_image","twitter_creator":"@FICAUNSL","twitter_site":"@FICAUNSL","twitter_misc":{"Escrito por":"DATI","Tiempo de lectura":"4 minutos"},"schema":{"@context":"https:\/\/schema.org","@graph":[{"@type":"Article","@id":"https:\/\/www.fica.unsl.edu.ar\/index.php\/el-gobierno-de-san-juan-interesado-en-desarrollos-cientificos-de-la-unsl\/#article","isPartOf":{"@id":"https:\/\/www.fica.unsl.edu.ar\/index.php\/el-gobierno-de-san-juan-interesado-en-desarrollos-cientificos-de-la-unsl\/"},"author":{"name":"DATI","@id":"https:\/\/www.fica.unsl.edu.ar\/#\/schema\/person\/6058f9c66301868d3a691b1f5d6c3544"},"headline":"El gobierno de San Juan interesado en desarrollos cient\u00edficos de la UNSL","datePublished":"2024-03-08T12:07:36+00:00","dateModified":"2024-05-06T11:37:55+00:00","mainEntityOfPage":{"@id":"https:\/\/www.fica.unsl.edu.ar\/index.php\/el-gobierno-de-san-juan-interesado-en-desarrollos-cientificos-de-la-unsl\/"},"wordCount":589,"publisher":{"@id":"https:\/\/www.fica.unsl.edu.ar\/#organization"},"image":{"@id":"https:\/\/www.fica.unsl.edu.ar\/index.php\/el-gobierno-de-san-juan-interesado-en-desarrollos-cientificos-de-la-unsl\/#primaryimage"},"thumbnailUrl":"https:\/\/www.fica.unsl.edu.ar\/wp-content\/uploads\/2024\/03\/san_juan-vice-front.jpg","articleSection":["Noticias"],"inLanguage":"es-AR"},{"@type":"WebPage","@id":"https:\/\/www.fica.unsl.edu.ar\/index.php\/el-gobierno-de-san-juan-interesado-en-desarrollos-cientificos-de-la-unsl\/","url":"https:\/\/www.fica.unsl.edu.ar\/index.php\/el-gobierno-de-san-juan-interesado-en-desarrollos-cientificos-de-la-unsl\/","name":"El gobierno de San Juan interesado en desarrollos cient\u00edficos de la UNSL - Facultad de Ingenier\u00eda y Ciencias Agropecuarias","isPartOf":{"@id":"https:\/\/www.fica.unsl.edu.ar\/#website"},"primaryImageOfPage":{"@id":"https:\/\/www.fica.unsl.edu.ar\/index.php\/el-gobierno-de-san-juan-interesado-en-desarrollos-cientificos-de-la-unsl\/#primaryimage"},"image":{"@id":"https:\/\/www.fica.unsl.edu.ar\/index.php\/el-gobierno-de-san-juan-interesado-en-desarrollos-cientificos-de-la-unsl\/#primaryimage"},"thumbnailUrl":"https:\/\/www.fica.unsl.edu.ar\/wp-content\/uploads\/2024\/03\/san_juan-vice-front.jpg","datePublished":"2024-03-08T12:07:36+00:00","dateModified":"2024-05-06T11:37:55+00:00","inLanguage":"es-AR","potentialAction":[{"@type":"ReadAction","target":["https:\/\/www.fica.unsl.edu.ar\/index.php\/el-gobierno-de-san-juan-interesado-en-desarrollos-cientificos-de-la-unsl\/"]}]},{"@type":"ImageObject","inLanguage":"es-AR","@id":"https:\/\/www.fica.unsl.edu.ar\/index.php\/el-gobierno-de-san-juan-interesado-en-desarrollos-cientificos-de-la-unsl\/#primaryimage","url":"https:\/\/www.fica.unsl.edu.ar\/wp-content\/uploads\/2024\/03\/san_juan-vice-front.jpg","contentUrl":"https:\/\/www.fica.unsl.edu.ar\/wp-content\/uploads\/2024\/03\/san_juan-vice-front.jpg","width":1061,"height":585},{"@type":"WebSite","@id":"https:\/\/www.fica.unsl.edu.ar\/#website","url":"https:\/\/www.fica.unsl.edu.ar\/","name":"Facultad de Ingenier\u00eda y Ciencias Agropecuarias","description":"","publisher":{"@id":"https:\/\/www.fica.unsl.edu.ar\/#organization"},"potentialAction":[{"@type":"SearchAction","target":{"@type":"EntryPoint","urlTemplate":"https:\/\/www.fica.unsl.edu.ar\/?s={search_term_string}"},"query-input":{"@type":"PropertyValueSpecification","valueRequired":true,"valueName":"search_term_string"}}],"inLanguage":"es-AR"},{"@type":"Organization","@id":"https:\/\/www.fica.unsl.edu.ar\/#organization","name":"Facultad de Ingenier\u00eda y Ciencias Agropecuarias","url":"https:\/\/www.fica.unsl.edu.ar\/","logo":{"@type":"ImageObject","inLanguage":"es-AR","@id":"https:\/\/www.fica.unsl.edu.ar\/#\/schema\/logo\/image\/","url":"https:\/\/www.fica.unsl.edu.ar\/wp-content\/uploads\/2021\/03\/LOGO-1.jpg","contentUrl":"https:\/\/www.fica.unsl.edu.ar\/wp-content\/uploads\/2021\/03\/LOGO-1.jpg","width":463,"height":145,"caption":"Facultad de Ingenier\u00eda y Ciencias Agropecuarias"},"image":{"@id":"https:\/\/www.fica.unsl.edu.ar\/#\/schema\/logo\/image\/"},"sameAs":["https:\/\/www.facebook.com\/FICA.UNSL\/","https:\/\/x.com\/FICAUNSL","https:\/\/www.instagram.com\/fica.unsl\/","https:\/\/www.youtube.com\/channel\/UCs2MM53gb2PyBrMySdtWZDQ"]},{"@type":"Person","@id":"https:\/\/www.fica.unsl.edu.ar\/#\/schema\/person\/6058f9c66301868d3a691b1f5d6c3544","name":"DATI"}]}},"_links":{"self":[{"href":"https:\/\/www.fica.unsl.edu.ar\/index.php\/wp-json\/wp\/v2\/posts\/16223","targetHints":{"allow":["GET"]}}],"collection":[{"href":"https:\/\/www.fica.unsl.edu.ar\/index.php\/wp-json\/wp\/v2\/posts"}],"about":[{"href":"https:\/\/www.fica.unsl.edu.ar\/index.php\/wp-json\/wp\/v2\/types\/post"}],"author":[{"embeddable":true,"href":"https:\/\/www.fica.unsl.edu.ar\/index.php\/wp-json\/wp\/v2\/users\/9"}],"replies":[{"embeddable":true,"href":"https:\/\/www.fica.unsl.edu.ar\/index.php\/wp-json\/wp\/v2\/comments?post=16223"}],"version-history":[{"count":1,"href":"https:\/\/www.fica.unsl.edu.ar\/index.php\/wp-json\/wp\/v2\/posts\/16223\/revisions"}],"predecessor-version":[{"id":16237,"href":"https:\/\/www.fica.unsl.edu.ar\/index.php\/wp-json\/wp\/v2\/posts\/16223\/revisions\/16237"}],"wp:featuredmedia":[{"embeddable":true,"href":"https:\/\/www.fica.unsl.edu.ar\/index.php\/wp-json\/wp\/v2\/media\/16236"}],"wp:attachment":[{"href":"https:\/\/www.fica.unsl.edu.ar\/index.php\/wp-json\/wp\/v2\/media?parent=16223"}],"wp:term":[{"taxonomy":"category","embeddable":true,"href":"https:\/\/www.fica.unsl.edu.ar\/index.php\/wp-json\/wp\/v2\/categories?post=16223"},{"taxonomy":"post_tag","embeddable":true,"href":"https:\/\/www.fica.unsl.edu.ar\/index.php\/wp-json\/wp\/v2\/tags?post=16223"}],"curies":[{"name":"wp","href":"https:\/\/api.w.org\/{rel}","templated":true}]}}