{"id":16298,"date":"2024-03-12T09:25:01","date_gmt":"2024-03-12T12:25:01","guid":{"rendered":"http:\/\/10.101.10.196\/www\/?p=16298"},"modified":"2024-05-06T08:38:08","modified_gmt":"2024-05-06T11:38:08","slug":"destacado-investigador-brindo-una-charla-sobre-robotica-a-estudiantes","status":"publish","type":"post","link":"https:\/\/www.fica.unsl.edu.ar\/index.php\/destacado-investigador-brindo-una-charla-sobre-robotica-a-estudiantes\/","title":{"rendered":"Destacado investigador brind\u00f3 una charla sobre rob\u00f3tica a estudiantes"},"content":{"rendered":"<p>Para el Dr. Ra\u00fal Su\u00e1rez Feij\u00f3o hablar de resoluci\u00f3n de problemas en el desarrollo y uso de brazos rob\u00f3ticos es explayarse sobre uno de los avances tecnol\u00f3gicos que m\u00e1s lo apasiona, que investiga desde hace a\u00f1os y le ha merecido reconocimientos internacionales. Adem\u00e1s, hacerlo en la UNSL le genera un sabor especial, ya que el investigador espa\u00f1ol vivi\u00f3 parte de su infancia y juventud en San Luis, lugar donde conserva entra\u00f1ables recuerdos y al que -afirma- siempre quiere volver.<\/p>\n<p>Su\u00e1rez Feij\u00f3o, ingeniero electr\u00f3nico recibido en Universidad Nacional de San Juan, es actualmente Director de Investigaci\u00f3n en la Universidad Polit\u00e9cnica de Catalu\u00f1a (UPC), especialista en investigaci\u00f3n en montaje robotizado, planificaci\u00f3n de movimientos finos en entornos inciertos, prensi\u00f3n y manipulaci\u00f3n de objetos en rob\u00f3tica. Su destacada carrera incluye premios internacionales, como el Premio al Mejor Trabajo en el IEEE International Symposium on Assembly and Task Planning (ISATP) en 1995, y reconocimientos nacionales, como el Premio al Mejor Trabajo en Rob\u00f3tica en las Jornadas de Autom\u00e1tica en 2003, 2013 y 2017.<img fetchpriority=\"high\" decoding=\"async\" class=\"wp-image-16300 alignright\" src=\"https:\/\/www.fica.unsl.edu.ar\/wp-content\/uploads\/2024\/03\/Suarez-Feijoo-05g.jpg\" alt=\"\" width=\"500\" height=\"329\" srcset=\"https:\/\/www.fica.unsl.edu.ar\/wp-content\/uploads\/2024\/03\/Suarez-Feijoo-05g.jpg 1424w, https:\/\/www.fica.unsl.edu.ar\/wp-content\/uploads\/2024\/03\/Suarez-Feijoo-05g-300x198.jpg 300w, https:\/\/www.fica.unsl.edu.ar\/wp-content\/uploads\/2024\/03\/Suarez-Feijoo-05g-1024x675.jpg 1024w, https:\/\/www.fica.unsl.edu.ar\/wp-content\/uploads\/2024\/03\/Suarez-Feijoo-05g-768x506.jpg 768w\" sizes=\"(max-width: 500px) 100vw, 500px\" \/><\/p>\n<p>El lunes 11 de marzo pasado, en el Laboratorio de electr\u00f3nica del Campus del Centro Universitario Villa Mercedes, Su\u00e1rez Feij\u00f3o brind\u00f3 una conferencia sobre \u201cAsignaci\u00f3n de tareas y coordinaci\u00f3n de brazos manipuladores\u201d, organizada por el Laboratorio de Control Autom\u00e1tico (LCA), las Comisiones de Carrera de Ingenier\u00eda Mecatr\u00f3nica e Ingenier\u00eda Electr\u00f3nica y el Departamento de Ingenier\u00eda de la FICA; y dirigida a estudiantes de las Carreras de Ingenier\u00eda Mecatr\u00f3nica, Electr\u00f3nica y Electromec\u00e1nica, como tambi\u00e9n a Docentes del Departamento de Ingenier\u00eda.<\/p>\n<p>En su visita al pa\u00eds, brind\u00f3 charlas en las universidades de La Plata y San Juan. Pero su paso por la UNSL tuvo un condimento particular: \u201cMe gustar\u00eda decir, primero, que yo viv\u00ed mucho tiempo en San Luis, de jovencito, y despu\u00e9s me fui a hacer el doctorado fuera, y ya me qued\u00e9 rodando mundo. Por tanto, tengo un sentimiento especial con San Luis, para m\u00ed es un segundo hogar, es un lugar que quiero mucho y me encanta poder volver, colaborar, participar y hacer actividades aqu\u00ed\u201d, cont\u00f3 en di\u00e1logo con la periodista Virginia Aguilera para Radio de la UNSL en Villa Mercedes.<\/p>\n<p>\u201c\u2026 nac\u00ed en Espa\u00f1a, pero viv\u00ed de ni\u00f1o en San Luis. Fui a la escuela en San Luis, luego hice la carrera universitaria en San Juan, luego sal\u00ed al mundo internacional y ya no volv\u00ed, me qued\u00e9 por ah\u00ed. Estuve un a\u00f1o en Estados Unidos y ahora soy director de investigaci\u00f3n en la Universidad Polit\u00e9cnica de Catalu\u00f1a, tengo mis proyectos all\u00ed, tengo mi trabajo all\u00ed, pero siempre que tengo oportunidad procuro mantener el v\u00ednculo y el contacto con San Luis\u201d, remarc\u00f3.<\/p>\n<h3><strong><img decoding=\"async\" class=\"wp-image-16301 alignleft\" src=\"https:\/\/www.fica.unsl.edu.ar\/wp-content\/uploads\/2024\/03\/Suarez-Feijoo-02.jpg\" alt=\"\" width=\"500\" height=\"329\" srcset=\"https:\/\/www.fica.unsl.edu.ar\/wp-content\/uploads\/2024\/03\/Suarez-Feijoo-02.jpg 1424w, https:\/\/www.fica.unsl.edu.ar\/wp-content\/uploads\/2024\/03\/Suarez-Feijoo-02-300x198.jpg 300w, https:\/\/www.fica.unsl.edu.ar\/wp-content\/uploads\/2024\/03\/Suarez-Feijoo-02-1024x675.jpg 1024w, https:\/\/www.fica.unsl.edu.ar\/wp-content\/uploads\/2024\/03\/Suarez-Feijoo-02-768x506.jpg 768w\" sizes=\"(max-width: 500px) 100vw, 500px\" \/><\/strong><\/h3>\n<p>M\u00e1s all\u00e1 del contacto especial con la provincia de su ni\u00f1ez y juventud, Su\u00e1rez Feij\u00f3o explic\u00f3 que el motivo principal de su presencia en la UNSL es hablar con los estudiantes y los docentes sobre uno de los temas que ha investigado en profundidad. \u201cYo trabajo en temas de rob\u00f3tica desde hace mucho tiempo. En planificaciones de movimientos, prensi\u00f3n de objetos con manos antropomorfas rob\u00f3ticas, coordinaci\u00f3n de robots, planificaci\u00f3n de movimientos y tareas simult\u00e1neamente. Y en esta ocasi\u00f3n la charla se refiri\u00f3 a la resoluci\u00f3n de problemas cuando dos brazos rob\u00f3ticos tienen que manipular objetos, c\u00f3mo evitar colisiones, y c\u00f3mo asignar qu\u00e9 tienen que hacer cada uno\u201d.<\/p>\n<p>A modo de ejemplo, mencion\u00f3: \u201cSupongamos que acabamos de terminar una partida de ajedrez, y los dos jugadores tienen que volver a poner las piezas en una posici\u00f3n inicial para jugar otra partida. Son todos seres humanos que piensan diferentes y cada uno mueve los brazos sujetando las piezas y poni\u00e9ndolas en su lugar, pero no chocan. Es decir, uno ve lo que hace el otro y se coordinan. La idea es: \u00bfC\u00f3mo se hace eso con robots? Y luego que est\u00e1n asignados los movimientos, hay otra segunda parte de la charla que va a ser sobre: \u00bfC\u00f3mo coordinar temporalmente a los robots?\u201d.<\/p>\n<p>Para ahondar en esa did\u00e1ctica, cit\u00f3 otro ejemplo: \u201cDos coches que llegan a una esquina y se cruzan a 90\u00ba grados, pues podr\u00eda ser que chocasen en medio de la esquina, como algunas veces pasa. Pero si hay una coordinaci\u00f3n temporal, uno de los dos frena para que pase el otro, sea por uno de los protocolos como el de \u2018tiene prioridad el de la derecha\u2019 o \u2018el de la avenida\u2019 o lo que sea. Pues en rob\u00f3tica pasa algo parecido: cuando dos brazos est\u00e1n compartiendo un espacio de trabajo, y tienen sus caminos asignados, hay que hacer una coordinaci\u00f3n temporal para que no choquen entre ellos\u2026\u201d.<\/p>\n<h3><strong><img decoding=\"async\" class=\"wp-image-16310 alignright\" src=\"https:\/\/www.fica.unsl.edu.ar\/wp-content\/uploads\/2024\/03\/Suarez-Feijoo-04.jpg\" alt=\"\" width=\"500\" height=\"329\" srcset=\"https:\/\/www.fica.unsl.edu.ar\/wp-content\/uploads\/2024\/03\/Suarez-Feijoo-04.jpg 1424w, https:\/\/www.fica.unsl.edu.ar\/wp-content\/uploads\/2024\/03\/Suarez-Feijoo-04-300x198.jpg 300w, https:\/\/www.fica.unsl.edu.ar\/wp-content\/uploads\/2024\/03\/Suarez-Feijoo-04-1024x675.jpg 1024w, https:\/\/www.fica.unsl.edu.ar\/wp-content\/uploads\/2024\/03\/Suarez-Feijoo-04-768x506.jpg 768w\" sizes=\"(max-width: 500px) 100vw, 500px\" \/>La investigaci\u00f3n en la Universidad<\/strong><\/h3>\n<p>Su\u00e1rez Feij\u00f3o destac\u00f3 la importancia de generar estos espacios de capacitaci\u00f3n para los estudiantes y docentes y, fundamentalmente, de apoyar la investigaci\u00f3n en la Universidad: \u201cEn las grandes Universidades del mundo se hace investigaci\u00f3n, es casi obligatorio, y los pa\u00edses m\u00e1s avanzados son los que tienen las mejores Universidades con Investigaci\u00f3n. Por lo tanto, yo creo que la investigaci\u00f3n universitaria es un complemento perfecto para el desarrollo del Profesional. Sea que se vaya a dedicar a la investigaci\u00f3n, o no\u201d.<\/p>\n<p>La investigaci\u00f3n es un aspecto esencial en la formaci\u00f3n universitaria, ya que \u201cabre la mente y genera capacidad de an\u00e1lisis para resolver y descubrir problemas. Por tanto, yo creo que es un complemento, no dir\u00e9 indispensable, pero altamente recomendable con la actividad puramente acad\u00e9mica de docencia. Esto para m\u00ed es terriblemente claro y lo defiendo a ultranza\u201d.<\/p>\n<p style=\"text-align: left;\"><strong>Entrevista: Virginia Aguilera \u2013 Radio UNSL Villa Mercedes<br \/>\n<\/strong><strong>Redacci\u00f3n: Jos\u00e9 Luis Baigorria \u2013 Radio UNSL Villa Mercedes<\/strong><\/p>\n<p>&nbsp;<\/p>\n<p>&nbsp;<\/p>\n","protected":false},"excerpt":{"rendered":"<p>Para el Dr. Ra\u00fal Su\u00e1rez Feij\u00f3o hablar de resoluci\u00f3n de problemas en el desarrollo y uso de brazos rob\u00f3ticos es explayarse sobre uno de los&hellip;<\/p>\n","protected":false},"author":9,"featured_media":16299,"comment_status":"closed","ping_status":"closed","sticky":false,"template":"","format":"standard","meta":{"_monsterinsights_skip_tracking":false,"_monsterinsights_sitenote_active":false,"_monsterinsights_sitenote_note":"","_monsterinsights_sitenote_category":0,"_joinchat":[],"footnotes":""},"categories":[19],"tags":[],"class_list":["post-16298","post","type-post","status-publish","format-standard","has-post-thumbnail","hentry","category-noticias"],"yoast_head":"<!-- This site is optimized with the Yoast SEO plugin v27.4 - https:\/\/yoast.com\/product\/yoast-seo-wordpress\/ -->\n<title>Destacado investigador brind\u00f3 una charla sobre rob\u00f3tica a estudiantes - Facultad de Ingenier\u00eda y Ciencias Agropecuarias<\/title>\n<meta name=\"robots\" content=\"index, follow, max-snippet:-1, max-image-preview:large, max-video-preview:-1\" \/>\n<link rel=\"canonical\" href=\"https:\/\/www.fica.unsl.edu.ar\/index.php\/destacado-investigador-brindo-una-charla-sobre-robotica-a-estudiantes\/\" \/>\n<meta property=\"og:locale\" content=\"es_ES\" \/>\n<meta property=\"og:type\" content=\"article\" \/>\n<meta property=\"og:title\" content=\"Destacado investigador brind\u00f3 una charla sobre rob\u00f3tica a estudiantes - Facultad de Ingenier\u00eda y Ciencias Agropecuarias\" \/>\n<meta property=\"og:description\" content=\"Para el Dr. Ra\u00fal Su\u00e1rez Feij\u00f3o hablar de resoluci\u00f3n de problemas en el desarrollo y uso de brazos rob\u00f3ticos es explayarse sobre uno de los&hellip;\" \/>\n<meta property=\"og:url\" content=\"https:\/\/www.fica.unsl.edu.ar\/index.php\/destacado-investigador-brindo-una-charla-sobre-robotica-a-estudiantes\/\" \/>\n<meta property=\"og:site_name\" content=\"Facultad de Ingenier\u00eda y Ciencias Agropecuarias\" \/>\n<meta property=\"article:publisher\" content=\"https:\/\/www.facebook.com\/FICA.UNSL\/\" \/>\n<meta property=\"article:published_time\" content=\"2024-03-12T12:25:01+00:00\" \/>\n<meta property=\"article:modified_time\" content=\"2024-05-06T11:38:08+00:00\" \/>\n<meta property=\"og:image\" content=\"https:\/\/www.fica.unsl.edu.ar\/wp-content\/uploads\/2024\/03\/Suarez-Feijoo-front.jpg\" \/>\n\t<meta property=\"og:image:width\" content=\"1061\" \/>\n\t<meta property=\"og:image:height\" content=\"585\" \/>\n\t<meta property=\"og:image:type\" content=\"image\/jpeg\" \/>\n<meta name=\"author\" content=\"DATI\" \/>\n<meta name=\"twitter:card\" content=\"summary_large_image\" \/>\n<meta name=\"twitter:creator\" content=\"@FICAUNSL\" \/>\n<meta name=\"twitter:site\" content=\"@FICAUNSL\" \/>\n<meta name=\"twitter:label1\" content=\"Escrito por\" \/>\n\t<meta name=\"twitter:data1\" content=\"DATI\" \/>\n\t<meta name=\"twitter:label2\" content=\"Tiempo de lectura\" \/>\n\t<meta name=\"twitter:data2\" content=\"5 minutos\" \/>\n<script type=\"application\/ld+json\" class=\"yoast-schema-graph\">{\"@context\":\"https:\\\/\\\/schema.org\",\"@graph\":[{\"@type\":\"Article\",\"@id\":\"https:\\\/\\\/www.fica.unsl.edu.ar\\\/index.php\\\/destacado-investigador-brindo-una-charla-sobre-robotica-a-estudiantes\\\/#article\",\"isPartOf\":{\"@id\":\"https:\\\/\\\/www.fica.unsl.edu.ar\\\/index.php\\\/destacado-investigador-brindo-una-charla-sobre-robotica-a-estudiantes\\\/\"},\"author\":{\"name\":\"DATI\",\"@id\":\"https:\\\/\\\/www.fica.unsl.edu.ar\\\/#\\\/schema\\\/person\\\/6058f9c66301868d3a691b1f5d6c3544\"},\"headline\":\"Destacado investigador brind\u00f3 una charla sobre rob\u00f3tica a estudiantes\",\"datePublished\":\"2024-03-12T12:25:01+00:00\",\"dateModified\":\"2024-05-06T11:38:08+00:00\",\"mainEntityOfPage\":{\"@id\":\"https:\\\/\\\/www.fica.unsl.edu.ar\\\/index.php\\\/destacado-investigador-brindo-una-charla-sobre-robotica-a-estudiantes\\\/\"},\"wordCount\":1004,\"publisher\":{\"@id\":\"https:\\\/\\\/www.fica.unsl.edu.ar\\\/#organization\"},\"image\":{\"@id\":\"https:\\\/\\\/www.fica.unsl.edu.ar\\\/index.php\\\/destacado-investigador-brindo-una-charla-sobre-robotica-a-estudiantes\\\/#primaryimage\"},\"thumbnailUrl\":\"https:\\\/\\\/www.fica.unsl.edu.ar\\\/wp-content\\\/uploads\\\/2024\\\/03\\\/Suarez-Feijoo-front.jpg\",\"articleSection\":[\"Noticias\"],\"inLanguage\":\"es-AR\"},{\"@type\":\"WebPage\",\"@id\":\"https:\\\/\\\/www.fica.unsl.edu.ar\\\/index.php\\\/destacado-investigador-brindo-una-charla-sobre-robotica-a-estudiantes\\\/\",\"url\":\"https:\\\/\\\/www.fica.unsl.edu.ar\\\/index.php\\\/destacado-investigador-brindo-una-charla-sobre-robotica-a-estudiantes\\\/\",\"name\":\"Destacado investigador brind\u00f3 una charla sobre rob\u00f3tica a estudiantes - Facultad de Ingenier\u00eda y Ciencias Agropecuarias\",\"isPartOf\":{\"@id\":\"https:\\\/\\\/www.fica.unsl.edu.ar\\\/#website\"},\"primaryImageOfPage\":{\"@id\":\"https:\\\/\\\/www.fica.unsl.edu.ar\\\/index.php\\\/destacado-investigador-brindo-una-charla-sobre-robotica-a-estudiantes\\\/#primaryimage\"},\"image\":{\"@id\":\"https:\\\/\\\/www.fica.unsl.edu.ar\\\/index.php\\\/destacado-investigador-brindo-una-charla-sobre-robotica-a-estudiantes\\\/#primaryimage\"},\"thumbnailUrl\":\"https:\\\/\\\/www.fica.unsl.edu.ar\\\/wp-content\\\/uploads\\\/2024\\\/03\\\/Suarez-Feijoo-front.jpg\",\"datePublished\":\"2024-03-12T12:25:01+00:00\",\"dateModified\":\"2024-05-06T11:38:08+00:00\",\"inLanguage\":\"es-AR\",\"potentialAction\":[{\"@type\":\"ReadAction\",\"target\":[\"https:\\\/\\\/www.fica.unsl.edu.ar\\\/index.php\\\/destacado-investigador-brindo-una-charla-sobre-robotica-a-estudiantes\\\/\"]}]},{\"@type\":\"ImageObject\",\"inLanguage\":\"es-AR\",\"@id\":\"https:\\\/\\\/www.fica.unsl.edu.ar\\\/index.php\\\/destacado-investigador-brindo-una-charla-sobre-robotica-a-estudiantes\\\/#primaryimage\",\"url\":\"https:\\\/\\\/www.fica.unsl.edu.ar\\\/wp-content\\\/uploads\\\/2024\\\/03\\\/Suarez-Feijoo-front.jpg\",\"contentUrl\":\"https:\\\/\\\/www.fica.unsl.edu.ar\\\/wp-content\\\/uploads\\\/2024\\\/03\\\/Suarez-Feijoo-front.jpg\",\"width\":1061,\"height\":585},{\"@type\":\"WebSite\",\"@id\":\"https:\\\/\\\/www.fica.unsl.edu.ar\\\/#website\",\"url\":\"https:\\\/\\\/www.fica.unsl.edu.ar\\\/\",\"name\":\"Facultad de Ingenier\u00eda y Ciencias Agropecuarias\",\"description\":\"\",\"publisher\":{\"@id\":\"https:\\\/\\\/www.fica.unsl.edu.ar\\\/#organization\"},\"potentialAction\":[{\"@type\":\"SearchAction\",\"target\":{\"@type\":\"EntryPoint\",\"urlTemplate\":\"https:\\\/\\\/www.fica.unsl.edu.ar\\\/?s={search_term_string}\"},\"query-input\":{\"@type\":\"PropertyValueSpecification\",\"valueRequired\":true,\"valueName\":\"search_term_string\"}}],\"inLanguage\":\"es-AR\"},{\"@type\":\"Organization\",\"@id\":\"https:\\\/\\\/www.fica.unsl.edu.ar\\\/#organization\",\"name\":\"Facultad de Ingenier\u00eda y Ciencias Agropecuarias\",\"url\":\"https:\\\/\\\/www.fica.unsl.edu.ar\\\/\",\"logo\":{\"@type\":\"ImageObject\",\"inLanguage\":\"es-AR\",\"@id\":\"https:\\\/\\\/www.fica.unsl.edu.ar\\\/#\\\/schema\\\/logo\\\/image\\\/\",\"url\":\"https:\\\/\\\/www.fica.unsl.edu.ar\\\/wp-content\\\/uploads\\\/2021\\\/03\\\/LOGO-1.jpg\",\"contentUrl\":\"https:\\\/\\\/www.fica.unsl.edu.ar\\\/wp-content\\\/uploads\\\/2021\\\/03\\\/LOGO-1.jpg\",\"width\":463,\"height\":145,\"caption\":\"Facultad de Ingenier\u00eda y Ciencias Agropecuarias\"},\"image\":{\"@id\":\"https:\\\/\\\/www.fica.unsl.edu.ar\\\/#\\\/schema\\\/logo\\\/image\\\/\"},\"sameAs\":[\"https:\\\/\\\/www.facebook.com\\\/FICA.UNSL\\\/\",\"https:\\\/\\\/x.com\\\/FICAUNSL\",\"https:\\\/\\\/www.instagram.com\\\/fica.unsl\\\/\",\"https:\\\/\\\/www.youtube.com\\\/channel\\\/UCs2MM53gb2PyBrMySdtWZDQ\"]},{\"@type\":\"Person\",\"@id\":\"https:\\\/\\\/www.fica.unsl.edu.ar\\\/#\\\/schema\\\/person\\\/6058f9c66301868d3a691b1f5d6c3544\",\"name\":\"DATI\"}]}<\/script>\n<!-- \/ Yoast SEO plugin. -->","yoast_head_json":{"title":"Destacado investigador brind\u00f3 una charla sobre rob\u00f3tica a estudiantes - Facultad de Ingenier\u00eda y Ciencias Agropecuarias","robots":{"index":"index","follow":"follow","max-snippet":"max-snippet:-1","max-image-preview":"max-image-preview:large","max-video-preview":"max-video-preview:-1"},"canonical":"https:\/\/www.fica.unsl.edu.ar\/index.php\/destacado-investigador-brindo-una-charla-sobre-robotica-a-estudiantes\/","og_locale":"es_ES","og_type":"article","og_title":"Destacado investigador brind\u00f3 una charla sobre rob\u00f3tica a estudiantes - Facultad de Ingenier\u00eda y Ciencias Agropecuarias","og_description":"Para el Dr. Ra\u00fal Su\u00e1rez Feij\u00f3o hablar de resoluci\u00f3n de problemas en el desarrollo y uso de brazos rob\u00f3ticos es explayarse sobre uno de los&hellip;","og_url":"https:\/\/www.fica.unsl.edu.ar\/index.php\/destacado-investigador-brindo-una-charla-sobre-robotica-a-estudiantes\/","og_site_name":"Facultad de Ingenier\u00eda y Ciencias Agropecuarias","article_publisher":"https:\/\/www.facebook.com\/FICA.UNSL\/","article_published_time":"2024-03-12T12:25:01+00:00","article_modified_time":"2024-05-06T11:38:08+00:00","og_image":[{"width":1061,"height":585,"url":"https:\/\/www.fica.unsl.edu.ar\/wp-content\/uploads\/2024\/03\/Suarez-Feijoo-front.jpg","type":"image\/jpeg"}],"author":"DATI","twitter_card":"summary_large_image","twitter_creator":"@FICAUNSL","twitter_site":"@FICAUNSL","twitter_misc":{"Escrito por":"DATI","Tiempo de lectura":"5 minutos"},"schema":{"@context":"https:\/\/schema.org","@graph":[{"@type":"Article","@id":"https:\/\/www.fica.unsl.edu.ar\/index.php\/destacado-investigador-brindo-una-charla-sobre-robotica-a-estudiantes\/#article","isPartOf":{"@id":"https:\/\/www.fica.unsl.edu.ar\/index.php\/destacado-investigador-brindo-una-charla-sobre-robotica-a-estudiantes\/"},"author":{"name":"DATI","@id":"https:\/\/www.fica.unsl.edu.ar\/#\/schema\/person\/6058f9c66301868d3a691b1f5d6c3544"},"headline":"Destacado investigador brind\u00f3 una charla sobre rob\u00f3tica a estudiantes","datePublished":"2024-03-12T12:25:01+00:00","dateModified":"2024-05-06T11:38:08+00:00","mainEntityOfPage":{"@id":"https:\/\/www.fica.unsl.edu.ar\/index.php\/destacado-investigador-brindo-una-charla-sobre-robotica-a-estudiantes\/"},"wordCount":1004,"publisher":{"@id":"https:\/\/www.fica.unsl.edu.ar\/#organization"},"image":{"@id":"https:\/\/www.fica.unsl.edu.ar\/index.php\/destacado-investigador-brindo-una-charla-sobre-robotica-a-estudiantes\/#primaryimage"},"thumbnailUrl":"https:\/\/www.fica.unsl.edu.ar\/wp-content\/uploads\/2024\/03\/Suarez-Feijoo-front.jpg","articleSection":["Noticias"],"inLanguage":"es-AR"},{"@type":"WebPage","@id":"https:\/\/www.fica.unsl.edu.ar\/index.php\/destacado-investigador-brindo-una-charla-sobre-robotica-a-estudiantes\/","url":"https:\/\/www.fica.unsl.edu.ar\/index.php\/destacado-investigador-brindo-una-charla-sobre-robotica-a-estudiantes\/","name":"Destacado investigador brind\u00f3 una charla sobre rob\u00f3tica a estudiantes - Facultad de Ingenier\u00eda y Ciencias Agropecuarias","isPartOf":{"@id":"https:\/\/www.fica.unsl.edu.ar\/#website"},"primaryImageOfPage":{"@id":"https:\/\/www.fica.unsl.edu.ar\/index.php\/destacado-investigador-brindo-una-charla-sobre-robotica-a-estudiantes\/#primaryimage"},"image":{"@id":"https:\/\/www.fica.unsl.edu.ar\/index.php\/destacado-investigador-brindo-una-charla-sobre-robotica-a-estudiantes\/#primaryimage"},"thumbnailUrl":"https:\/\/www.fica.unsl.edu.ar\/wp-content\/uploads\/2024\/03\/Suarez-Feijoo-front.jpg","datePublished":"2024-03-12T12:25:01+00:00","dateModified":"2024-05-06T11:38:08+00:00","inLanguage":"es-AR","potentialAction":[{"@type":"ReadAction","target":["https:\/\/www.fica.unsl.edu.ar\/index.php\/destacado-investigador-brindo-una-charla-sobre-robotica-a-estudiantes\/"]}]},{"@type":"ImageObject","inLanguage":"es-AR","@id":"https:\/\/www.fica.unsl.edu.ar\/index.php\/destacado-investigador-brindo-una-charla-sobre-robotica-a-estudiantes\/#primaryimage","url":"https:\/\/www.fica.unsl.edu.ar\/wp-content\/uploads\/2024\/03\/Suarez-Feijoo-front.jpg","contentUrl":"https:\/\/www.fica.unsl.edu.ar\/wp-content\/uploads\/2024\/03\/Suarez-Feijoo-front.jpg","width":1061,"height":585},{"@type":"WebSite","@id":"https:\/\/www.fica.unsl.edu.ar\/#website","url":"https:\/\/www.fica.unsl.edu.ar\/","name":"Facultad de Ingenier\u00eda y Ciencias Agropecuarias","description":"","publisher":{"@id":"https:\/\/www.fica.unsl.edu.ar\/#organization"},"potentialAction":[{"@type":"SearchAction","target":{"@type":"EntryPoint","urlTemplate":"https:\/\/www.fica.unsl.edu.ar\/?s={search_term_string}"},"query-input":{"@type":"PropertyValueSpecification","valueRequired":true,"valueName":"search_term_string"}}],"inLanguage":"es-AR"},{"@type":"Organization","@id":"https:\/\/www.fica.unsl.edu.ar\/#organization","name":"Facultad de Ingenier\u00eda y Ciencias Agropecuarias","url":"https:\/\/www.fica.unsl.edu.ar\/","logo":{"@type":"ImageObject","inLanguage":"es-AR","@id":"https:\/\/www.fica.unsl.edu.ar\/#\/schema\/logo\/image\/","url":"https:\/\/www.fica.unsl.edu.ar\/wp-content\/uploads\/2021\/03\/LOGO-1.jpg","contentUrl":"https:\/\/www.fica.unsl.edu.ar\/wp-content\/uploads\/2021\/03\/LOGO-1.jpg","width":463,"height":145,"caption":"Facultad de Ingenier\u00eda y Ciencias Agropecuarias"},"image":{"@id":"https:\/\/www.fica.unsl.edu.ar\/#\/schema\/logo\/image\/"},"sameAs":["https:\/\/www.facebook.com\/FICA.UNSL\/","https:\/\/x.com\/FICAUNSL","https:\/\/www.instagram.com\/fica.unsl\/","https:\/\/www.youtube.com\/channel\/UCs2MM53gb2PyBrMySdtWZDQ"]},{"@type":"Person","@id":"https:\/\/www.fica.unsl.edu.ar\/#\/schema\/person\/6058f9c66301868d3a691b1f5d6c3544","name":"DATI"}]}},"_links":{"self":[{"href":"https:\/\/www.fica.unsl.edu.ar\/index.php\/wp-json\/wp\/v2\/posts\/16298","targetHints":{"allow":["GET"]}}],"collection":[{"href":"https:\/\/www.fica.unsl.edu.ar\/index.php\/wp-json\/wp\/v2\/posts"}],"about":[{"href":"https:\/\/www.fica.unsl.edu.ar\/index.php\/wp-json\/wp\/v2\/types\/post"}],"author":[{"embeddable":true,"href":"https:\/\/www.fica.unsl.edu.ar\/index.php\/wp-json\/wp\/v2\/users\/9"}],"replies":[{"embeddable":true,"href":"https:\/\/www.fica.unsl.edu.ar\/index.php\/wp-json\/wp\/v2\/comments?post=16298"}],"version-history":[{"count":12,"href":"https:\/\/www.fica.unsl.edu.ar\/index.php\/wp-json\/wp\/v2\/posts\/16298\/revisions"}],"predecessor-version":[{"id":16314,"href":"https:\/\/www.fica.unsl.edu.ar\/index.php\/wp-json\/wp\/v2\/posts\/16298\/revisions\/16314"}],"wp:featuredmedia":[{"embeddable":true,"href":"https:\/\/www.fica.unsl.edu.ar\/index.php\/wp-json\/wp\/v2\/media\/16299"}],"wp:attachment":[{"href":"https:\/\/www.fica.unsl.edu.ar\/index.php\/wp-json\/wp\/v2\/media?parent=16298"}],"wp:term":[{"taxonomy":"category","embeddable":true,"href":"https:\/\/www.fica.unsl.edu.ar\/index.php\/wp-json\/wp\/v2\/categories?post=16298"},{"taxonomy":"post_tag","embeddable":true,"href":"https:\/\/www.fica.unsl.edu.ar\/index.php\/wp-json\/wp\/v2\/tags?post=16298"}],"curies":[{"name":"wp","href":"https:\/\/api.w.org\/{rel}","templated":true}]}}