{"id":16354,"date":"2024-03-21T00:12:02","date_gmt":"2024-03-21T03:12:02","guid":{"rendered":"http:\/\/10.101.10.196\/www\/?p=16354"},"modified":"2024-05-06T08:40:06","modified_gmt":"2024-05-06T11:40:06","slug":"jorge-cangiano-los-pueblos-que-olvidan-su-historia-renuncian-a-su-porvenir","status":"publish","type":"post","link":"https:\/\/www.fica.unsl.edu.ar\/index.php\/jorge-cangiano-los-pueblos-que-olvidan-su-historia-renuncian-a-su-porvenir\/","title":{"rendered":"Jorge Cangiano: \u201cLos pueblos que olvidan su historia renuncian a su porvenir\u201d"},"content":{"rendered":"<p>En la primera actividad del ciclo \u201cElegimos MEMORIA\u201d, la comunidad universitaria transit\u00f3 un recorrido por la historia d la mano del Lic. Jorge Cangiano, ex intendente de Villa Mercedes y Trabajador Social, conocedor por experiencia propia, de las heridas que dej\u00f3 la dictadura en la universidad y en la comunidad villamercedina.<\/p>\n<p>Esta actividad, denominada Charla-debate: Trabajo Social en contexto: \u201cLas heridas de la dictadura en el Trabajo Social\u201d, se realiz\u00f3 en la tarde del mi\u00e9rcoles 20 de marzo, en el Aula 2 \u201cDante Bodo\u201d, situada en el Edificio Central del Campus Universitario.<\/p>\n<p>El Lic. Jorge Cangiano expres\u00f3 que este ciclo impulsado por la FCEJS, elige la memoria porque est\u00e1 directamente relacionada con la historia de los pueblos. Los pueblos que olvidan su historia renuncian a su porvenir. \u201cLa historia es maestra de la vida. Es necesario conservar en nuestra memoria todos los acontecimientos, los hechos, las grandes gestas del pueblo; el heroico comportamiento de las Madres de Plaza de Mayo, su coraje, su sacrificio; de las Abuelas de Plaza de Mayo\u2026 Eso es la memoria. Y la memoria tambi\u00e9n es tener presente que el sistema democr\u00e1tico que actualmente vivimos es fruto de la lucha del pueblo\u201d, destac\u00f3 Cangiano.<\/p>\n<p><img fetchpriority=\"high\" decoding=\"async\" class=\"aligncenter wp-image-16357 size-full\" src=\"https:\/\/www.fica.unsl.edu.ar\/wp-content\/uploads\/2024\/03\/CHARLA-DEBATE-ELEGIMOS-MEMORIA-08.jpg\" alt=\"\" width=\"1408\" height=\"943\" srcset=\"https:\/\/www.fica.unsl.edu.ar\/wp-content\/uploads\/2024\/03\/CHARLA-DEBATE-ELEGIMOS-MEMORIA-08.jpg 1408w, https:\/\/www.fica.unsl.edu.ar\/wp-content\/uploads\/2024\/03\/CHARLA-DEBATE-ELEGIMOS-MEMORIA-08-300x201.jpg 300w, https:\/\/www.fica.unsl.edu.ar\/wp-content\/uploads\/2024\/03\/CHARLA-DEBATE-ELEGIMOS-MEMORIA-08-1024x686.jpg 1024w, https:\/\/www.fica.unsl.edu.ar\/wp-content\/uploads\/2024\/03\/CHARLA-DEBATE-ELEGIMOS-MEMORIA-08-768x514.jpg 768w\" sizes=\"(max-width: 1408px) 100vw, 1408px\" \/>Este encuentro cont\u00f3 con la presencia del Vicerrector de la UNSL, Mgtr. H\u00e9ctor Flores, del Decano de la FICA, Mgtr. Luis Ribotta, la Secretaria de Extensi\u00f3n Universitaria de la FCEJS, Lic. Pamela Bianco, autoridades de esta facultad, docentes y estudiantes.<\/p>\n<p>En sus palabras, el Vicerrector, agradeci\u00f3 por la organizaci\u00f3n de este encuentro, impulsado por el Observatorio Social de la FCEJS junto al Colegio de Profesionales de Servicio Social de la Provincia de San Luis y destac\u00f3 que los estudiantes son los principales beneficiados con este tipo de actividades, porque reciben una impresi\u00f3n leg\u00edtima de la historia argentina de la mano de sus protagonistas.<\/p>\n<p>&nbsp;<\/p>\n<p>&nbsp;<\/p>\n<p>&nbsp;<\/p>\n<p>&nbsp;<\/p>\n","protected":false},"excerpt":{"rendered":"<p>En la primera actividad del ciclo \u201cElegimos MEMORIA\u201d, la comunidad universitaria transit\u00f3 un recorrido por la historia d la mano del Lic. Jorge Cangiano, ex&hellip;<\/p>\n","protected":false},"author":9,"featured_media":16355,"comment_status":"closed","ping_status":"closed","sticky":false,"template":"","format":"standard","meta":{"_monsterinsights_skip_tracking":false,"_monsterinsights_sitenote_active":false,"_monsterinsights_sitenote_note":"","_monsterinsights_sitenote_category":0,"_joinchat":[],"footnotes":""},"categories":[19],"tags":[],"class_list":["post-16354","post","type-post","status-publish","format-standard","has-post-thumbnail","hentry","category-noticias"],"yoast_head":"<!-- This site is optimized with the Yoast SEO plugin v27.4 - https:\/\/yoast.com\/product\/yoast-seo-wordpress\/ -->\n<title>Jorge Cangiano: \u201cLos pueblos que olvidan su historia renuncian a su porvenir\u201d - Facultad de Ingenier\u00eda y Ciencias Agropecuarias<\/title>\n<meta name=\"robots\" content=\"index, follow, max-snippet:-1, max-image-preview:large, max-video-preview:-1\" \/>\n<link rel=\"canonical\" href=\"https:\/\/www.fica.unsl.edu.ar\/index.php\/jorge-cangiano-los-pueblos-que-olvidan-su-historia-renuncian-a-su-porvenir\/\" \/>\n<meta property=\"og:locale\" content=\"es_ES\" \/>\n<meta property=\"og:type\" content=\"article\" \/>\n<meta property=\"og:title\" content=\"Jorge Cangiano: \u201cLos pueblos que olvidan su historia renuncian a su porvenir\u201d - Facultad de Ingenier\u00eda y Ciencias Agropecuarias\" \/>\n<meta property=\"og:description\" content=\"En la primera actividad del ciclo \u201cElegimos MEMORIA\u201d, la comunidad universitaria transit\u00f3 un recorrido por la historia d la mano del Lic. Jorge Cangiano, ex&hellip;\" \/>\n<meta property=\"og:url\" content=\"https:\/\/www.fica.unsl.edu.ar\/index.php\/jorge-cangiano-los-pueblos-que-olvidan-su-historia-renuncian-a-su-porvenir\/\" \/>\n<meta property=\"og:site_name\" content=\"Facultad de Ingenier\u00eda y Ciencias Agropecuarias\" \/>\n<meta property=\"article:publisher\" content=\"https:\/\/www.facebook.com\/FICA.UNSL\/\" \/>\n<meta property=\"article:published_time\" content=\"2024-03-21T03:12:02+00:00\" \/>\n<meta property=\"article:modified_time\" content=\"2024-05-06T11:40:06+00:00\" \/>\n<meta property=\"og:image\" content=\"https:\/\/www.fica.unsl.edu.ar\/wp-content\/uploads\/2024\/03\/CHARLA-DEBATE-ELEGIMOS-MEMORIA-front.jpg\" \/>\n\t<meta property=\"og:image:width\" content=\"1152\" \/>\n\t<meta property=\"og:image:height\" content=\"647\" \/>\n\t<meta property=\"og:image:type\" content=\"image\/jpeg\" \/>\n<meta name=\"author\" content=\"DATI\" \/>\n<meta name=\"twitter:card\" content=\"summary_large_image\" \/>\n<meta name=\"twitter:creator\" content=\"@FICAUNSL\" \/>\n<meta name=\"twitter:site\" content=\"@FICAUNSL\" \/>\n<meta name=\"twitter:label1\" content=\"Escrito por\" \/>\n\t<meta name=\"twitter:data1\" content=\"DATI\" \/>\n\t<meta name=\"twitter:label2\" content=\"Tiempo de lectura\" \/>\n\t<meta name=\"twitter:data2\" content=\"2 minutos\" \/>\n<script type=\"application\/ld+json\" class=\"yoast-schema-graph\">{\"@context\":\"https:\\\/\\\/schema.org\",\"@graph\":[{\"@type\":\"Article\",\"@id\":\"https:\\\/\\\/www.fica.unsl.edu.ar\\\/index.php\\\/jorge-cangiano-los-pueblos-que-olvidan-su-historia-renuncian-a-su-porvenir\\\/#article\",\"isPartOf\":{\"@id\":\"https:\\\/\\\/www.fica.unsl.edu.ar\\\/index.php\\\/jorge-cangiano-los-pueblos-que-olvidan-su-historia-renuncian-a-su-porvenir\\\/\"},\"author\":{\"name\":\"DATI\",\"@id\":\"https:\\\/\\\/www.fica.unsl.edu.ar\\\/#\\\/schema\\\/person\\\/6058f9c66301868d3a691b1f5d6c3544\"},\"headline\":\"Jorge Cangiano: \u201cLos pueblos que olvidan su historia renuncian a su porvenir\u201d\",\"datePublished\":\"2024-03-21T03:12:02+00:00\",\"dateModified\":\"2024-05-06T11:40:06+00:00\",\"mainEntityOfPage\":{\"@id\":\"https:\\\/\\\/www.fica.unsl.edu.ar\\\/index.php\\\/jorge-cangiano-los-pueblos-que-olvidan-su-historia-renuncian-a-su-porvenir\\\/\"},\"wordCount\":323,\"publisher\":{\"@id\":\"https:\\\/\\\/www.fica.unsl.edu.ar\\\/#organization\"},\"image\":{\"@id\":\"https:\\\/\\\/www.fica.unsl.edu.ar\\\/index.php\\\/jorge-cangiano-los-pueblos-que-olvidan-su-historia-renuncian-a-su-porvenir\\\/#primaryimage\"},\"thumbnailUrl\":\"https:\\\/\\\/www.fica.unsl.edu.ar\\\/wp-content\\\/uploads\\\/2024\\\/03\\\/CHARLA-DEBATE-ELEGIMOS-MEMORIA-front.jpg\",\"articleSection\":[\"Noticias\"],\"inLanguage\":\"es-AR\"},{\"@type\":\"WebPage\",\"@id\":\"https:\\\/\\\/www.fica.unsl.edu.ar\\\/index.php\\\/jorge-cangiano-los-pueblos-que-olvidan-su-historia-renuncian-a-su-porvenir\\\/\",\"url\":\"https:\\\/\\\/www.fica.unsl.edu.ar\\\/index.php\\\/jorge-cangiano-los-pueblos-que-olvidan-su-historia-renuncian-a-su-porvenir\\\/\",\"name\":\"Jorge Cangiano: \u201cLos pueblos que olvidan su historia renuncian a su porvenir\u201d - Facultad de Ingenier\u00eda y Ciencias Agropecuarias\",\"isPartOf\":{\"@id\":\"https:\\\/\\\/www.fica.unsl.edu.ar\\\/#website\"},\"primaryImageOfPage\":{\"@id\":\"https:\\\/\\\/www.fica.unsl.edu.ar\\\/index.php\\\/jorge-cangiano-los-pueblos-que-olvidan-su-historia-renuncian-a-su-porvenir\\\/#primaryimage\"},\"image\":{\"@id\":\"https:\\\/\\\/www.fica.unsl.edu.ar\\\/index.php\\\/jorge-cangiano-los-pueblos-que-olvidan-su-historia-renuncian-a-su-porvenir\\\/#primaryimage\"},\"thumbnailUrl\":\"https:\\\/\\\/www.fica.unsl.edu.ar\\\/wp-content\\\/uploads\\\/2024\\\/03\\\/CHARLA-DEBATE-ELEGIMOS-MEMORIA-front.jpg\",\"datePublished\":\"2024-03-21T03:12:02+00:00\",\"dateModified\":\"2024-05-06T11:40:06+00:00\",\"inLanguage\":\"es-AR\",\"potentialAction\":[{\"@type\":\"ReadAction\",\"target\":[\"https:\\\/\\\/www.fica.unsl.edu.ar\\\/index.php\\\/jorge-cangiano-los-pueblos-que-olvidan-su-historia-renuncian-a-su-porvenir\\\/\"]}]},{\"@type\":\"ImageObject\",\"inLanguage\":\"es-AR\",\"@id\":\"https:\\\/\\\/www.fica.unsl.edu.ar\\\/index.php\\\/jorge-cangiano-los-pueblos-que-olvidan-su-historia-renuncian-a-su-porvenir\\\/#primaryimage\",\"url\":\"https:\\\/\\\/www.fica.unsl.edu.ar\\\/wp-content\\\/uploads\\\/2024\\\/03\\\/CHARLA-DEBATE-ELEGIMOS-MEMORIA-front.jpg\",\"contentUrl\":\"https:\\\/\\\/www.fica.unsl.edu.ar\\\/wp-content\\\/uploads\\\/2024\\\/03\\\/CHARLA-DEBATE-ELEGIMOS-MEMORIA-front.jpg\",\"width\":1152,\"height\":647},{\"@type\":\"WebSite\",\"@id\":\"https:\\\/\\\/www.fica.unsl.edu.ar\\\/#website\",\"url\":\"https:\\\/\\\/www.fica.unsl.edu.ar\\\/\",\"name\":\"Facultad de Ingenier\u00eda y Ciencias Agropecuarias\",\"description\":\"\",\"publisher\":{\"@id\":\"https:\\\/\\\/www.fica.unsl.edu.ar\\\/#organization\"},\"potentialAction\":[{\"@type\":\"SearchAction\",\"target\":{\"@type\":\"EntryPoint\",\"urlTemplate\":\"https:\\\/\\\/www.fica.unsl.edu.ar\\\/?s={search_term_string}\"},\"query-input\":{\"@type\":\"PropertyValueSpecification\",\"valueRequired\":true,\"valueName\":\"search_term_string\"}}],\"inLanguage\":\"es-AR\"},{\"@type\":\"Organization\",\"@id\":\"https:\\\/\\\/www.fica.unsl.edu.ar\\\/#organization\",\"name\":\"Facultad de Ingenier\u00eda y Ciencias Agropecuarias\",\"url\":\"https:\\\/\\\/www.fica.unsl.edu.ar\\\/\",\"logo\":{\"@type\":\"ImageObject\",\"inLanguage\":\"es-AR\",\"@id\":\"https:\\\/\\\/www.fica.unsl.edu.ar\\\/#\\\/schema\\\/logo\\\/image\\\/\",\"url\":\"https:\\\/\\\/www.fica.unsl.edu.ar\\\/wp-content\\\/uploads\\\/2021\\\/03\\\/LOGO-1.jpg\",\"contentUrl\":\"https:\\\/\\\/www.fica.unsl.edu.ar\\\/wp-content\\\/uploads\\\/2021\\\/03\\\/LOGO-1.jpg\",\"width\":463,\"height\":145,\"caption\":\"Facultad de Ingenier\u00eda y Ciencias Agropecuarias\"},\"image\":{\"@id\":\"https:\\\/\\\/www.fica.unsl.edu.ar\\\/#\\\/schema\\\/logo\\\/image\\\/\"},\"sameAs\":[\"https:\\\/\\\/www.facebook.com\\\/FICA.UNSL\\\/\",\"https:\\\/\\\/x.com\\\/FICAUNSL\",\"https:\\\/\\\/www.instagram.com\\\/fica.unsl\\\/\",\"https:\\\/\\\/www.youtube.com\\\/channel\\\/UCs2MM53gb2PyBrMySdtWZDQ\"]},{\"@type\":\"Person\",\"@id\":\"https:\\\/\\\/www.fica.unsl.edu.ar\\\/#\\\/schema\\\/person\\\/6058f9c66301868d3a691b1f5d6c3544\",\"name\":\"DATI\"}]}<\/script>\n<!-- \/ Yoast SEO plugin. -->","yoast_head_json":{"title":"Jorge Cangiano: \u201cLos pueblos que olvidan su historia renuncian a su porvenir\u201d - Facultad de Ingenier\u00eda y Ciencias Agropecuarias","robots":{"index":"index","follow":"follow","max-snippet":"max-snippet:-1","max-image-preview":"max-image-preview:large","max-video-preview":"max-video-preview:-1"},"canonical":"https:\/\/www.fica.unsl.edu.ar\/index.php\/jorge-cangiano-los-pueblos-que-olvidan-su-historia-renuncian-a-su-porvenir\/","og_locale":"es_ES","og_type":"article","og_title":"Jorge Cangiano: \u201cLos pueblos que olvidan su historia renuncian a su porvenir\u201d - Facultad de Ingenier\u00eda y Ciencias Agropecuarias","og_description":"En la primera actividad del ciclo \u201cElegimos MEMORIA\u201d, la comunidad universitaria transit\u00f3 un recorrido por la historia d la mano del Lic. Jorge Cangiano, ex&hellip;","og_url":"https:\/\/www.fica.unsl.edu.ar\/index.php\/jorge-cangiano-los-pueblos-que-olvidan-su-historia-renuncian-a-su-porvenir\/","og_site_name":"Facultad de Ingenier\u00eda y Ciencias Agropecuarias","article_publisher":"https:\/\/www.facebook.com\/FICA.UNSL\/","article_published_time":"2024-03-21T03:12:02+00:00","article_modified_time":"2024-05-06T11:40:06+00:00","og_image":[{"width":1152,"height":647,"url":"https:\/\/www.fica.unsl.edu.ar\/wp-content\/uploads\/2024\/03\/CHARLA-DEBATE-ELEGIMOS-MEMORIA-front.jpg","type":"image\/jpeg"}],"author":"DATI","twitter_card":"summary_large_image","twitter_creator":"@FICAUNSL","twitter_site":"@FICAUNSL","twitter_misc":{"Escrito por":"DATI","Tiempo de lectura":"2 minutos"},"schema":{"@context":"https:\/\/schema.org","@graph":[{"@type":"Article","@id":"https:\/\/www.fica.unsl.edu.ar\/index.php\/jorge-cangiano-los-pueblos-que-olvidan-su-historia-renuncian-a-su-porvenir\/#article","isPartOf":{"@id":"https:\/\/www.fica.unsl.edu.ar\/index.php\/jorge-cangiano-los-pueblos-que-olvidan-su-historia-renuncian-a-su-porvenir\/"},"author":{"name":"DATI","@id":"https:\/\/www.fica.unsl.edu.ar\/#\/schema\/person\/6058f9c66301868d3a691b1f5d6c3544"},"headline":"Jorge Cangiano: \u201cLos pueblos que olvidan su historia renuncian a su porvenir\u201d","datePublished":"2024-03-21T03:12:02+00:00","dateModified":"2024-05-06T11:40:06+00:00","mainEntityOfPage":{"@id":"https:\/\/www.fica.unsl.edu.ar\/index.php\/jorge-cangiano-los-pueblos-que-olvidan-su-historia-renuncian-a-su-porvenir\/"},"wordCount":323,"publisher":{"@id":"https:\/\/www.fica.unsl.edu.ar\/#organization"},"image":{"@id":"https:\/\/www.fica.unsl.edu.ar\/index.php\/jorge-cangiano-los-pueblos-que-olvidan-su-historia-renuncian-a-su-porvenir\/#primaryimage"},"thumbnailUrl":"https:\/\/www.fica.unsl.edu.ar\/wp-content\/uploads\/2024\/03\/CHARLA-DEBATE-ELEGIMOS-MEMORIA-front.jpg","articleSection":["Noticias"],"inLanguage":"es-AR"},{"@type":"WebPage","@id":"https:\/\/www.fica.unsl.edu.ar\/index.php\/jorge-cangiano-los-pueblos-que-olvidan-su-historia-renuncian-a-su-porvenir\/","url":"https:\/\/www.fica.unsl.edu.ar\/index.php\/jorge-cangiano-los-pueblos-que-olvidan-su-historia-renuncian-a-su-porvenir\/","name":"Jorge Cangiano: \u201cLos pueblos que olvidan su historia renuncian a su porvenir\u201d - Facultad de Ingenier\u00eda y Ciencias Agropecuarias","isPartOf":{"@id":"https:\/\/www.fica.unsl.edu.ar\/#website"},"primaryImageOfPage":{"@id":"https:\/\/www.fica.unsl.edu.ar\/index.php\/jorge-cangiano-los-pueblos-que-olvidan-su-historia-renuncian-a-su-porvenir\/#primaryimage"},"image":{"@id":"https:\/\/www.fica.unsl.edu.ar\/index.php\/jorge-cangiano-los-pueblos-que-olvidan-su-historia-renuncian-a-su-porvenir\/#primaryimage"},"thumbnailUrl":"https:\/\/www.fica.unsl.edu.ar\/wp-content\/uploads\/2024\/03\/CHARLA-DEBATE-ELEGIMOS-MEMORIA-front.jpg","datePublished":"2024-03-21T03:12:02+00:00","dateModified":"2024-05-06T11:40:06+00:00","inLanguage":"es-AR","potentialAction":[{"@type":"ReadAction","target":["https:\/\/www.fica.unsl.edu.ar\/index.php\/jorge-cangiano-los-pueblos-que-olvidan-su-historia-renuncian-a-su-porvenir\/"]}]},{"@type":"ImageObject","inLanguage":"es-AR","@id":"https:\/\/www.fica.unsl.edu.ar\/index.php\/jorge-cangiano-los-pueblos-que-olvidan-su-historia-renuncian-a-su-porvenir\/#primaryimage","url":"https:\/\/www.fica.unsl.edu.ar\/wp-content\/uploads\/2024\/03\/CHARLA-DEBATE-ELEGIMOS-MEMORIA-front.jpg","contentUrl":"https:\/\/www.fica.unsl.edu.ar\/wp-content\/uploads\/2024\/03\/CHARLA-DEBATE-ELEGIMOS-MEMORIA-front.jpg","width":1152,"height":647},{"@type":"WebSite","@id":"https:\/\/www.fica.unsl.edu.ar\/#website","url":"https:\/\/www.fica.unsl.edu.ar\/","name":"Facultad de Ingenier\u00eda y Ciencias Agropecuarias","description":"","publisher":{"@id":"https:\/\/www.fica.unsl.edu.ar\/#organization"},"potentialAction":[{"@type":"SearchAction","target":{"@type":"EntryPoint","urlTemplate":"https:\/\/www.fica.unsl.edu.ar\/?s={search_term_string}"},"query-input":{"@type":"PropertyValueSpecification","valueRequired":true,"valueName":"search_term_string"}}],"inLanguage":"es-AR"},{"@type":"Organization","@id":"https:\/\/www.fica.unsl.edu.ar\/#organization","name":"Facultad de Ingenier\u00eda y Ciencias Agropecuarias","url":"https:\/\/www.fica.unsl.edu.ar\/","logo":{"@type":"ImageObject","inLanguage":"es-AR","@id":"https:\/\/www.fica.unsl.edu.ar\/#\/schema\/logo\/image\/","url":"https:\/\/www.fica.unsl.edu.ar\/wp-content\/uploads\/2021\/03\/LOGO-1.jpg","contentUrl":"https:\/\/www.fica.unsl.edu.ar\/wp-content\/uploads\/2021\/03\/LOGO-1.jpg","width":463,"height":145,"caption":"Facultad de Ingenier\u00eda y Ciencias Agropecuarias"},"image":{"@id":"https:\/\/www.fica.unsl.edu.ar\/#\/schema\/logo\/image\/"},"sameAs":["https:\/\/www.facebook.com\/FICA.UNSL\/","https:\/\/x.com\/FICAUNSL","https:\/\/www.instagram.com\/fica.unsl\/","https:\/\/www.youtube.com\/channel\/UCs2MM53gb2PyBrMySdtWZDQ"]},{"@type":"Person","@id":"https:\/\/www.fica.unsl.edu.ar\/#\/schema\/person\/6058f9c66301868d3a691b1f5d6c3544","name":"DATI"}]}},"_links":{"self":[{"href":"https:\/\/www.fica.unsl.edu.ar\/index.php\/wp-json\/wp\/v2\/posts\/16354","targetHints":{"allow":["GET"]}}],"collection":[{"href":"https:\/\/www.fica.unsl.edu.ar\/index.php\/wp-json\/wp\/v2\/posts"}],"about":[{"href":"https:\/\/www.fica.unsl.edu.ar\/index.php\/wp-json\/wp\/v2\/types\/post"}],"author":[{"embeddable":true,"href":"https:\/\/www.fica.unsl.edu.ar\/index.php\/wp-json\/wp\/v2\/users\/9"}],"replies":[{"embeddable":true,"href":"https:\/\/www.fica.unsl.edu.ar\/index.php\/wp-json\/wp\/v2\/comments?post=16354"}],"version-history":[{"count":2,"href":"https:\/\/www.fica.unsl.edu.ar\/index.php\/wp-json\/wp\/v2\/posts\/16354\/revisions"}],"predecessor-version":[{"id":16358,"href":"https:\/\/www.fica.unsl.edu.ar\/index.php\/wp-json\/wp\/v2\/posts\/16354\/revisions\/16358"}],"wp:featuredmedia":[{"embeddable":true,"href":"https:\/\/www.fica.unsl.edu.ar\/index.php\/wp-json\/wp\/v2\/media\/16355"}],"wp:attachment":[{"href":"https:\/\/www.fica.unsl.edu.ar\/index.php\/wp-json\/wp\/v2\/media?parent=16354"}],"wp:term":[{"taxonomy":"category","embeddable":true,"href":"https:\/\/www.fica.unsl.edu.ar\/index.php\/wp-json\/wp\/v2\/categories?post=16354"},{"taxonomy":"post_tag","embeddable":true,"href":"https:\/\/www.fica.unsl.edu.ar\/index.php\/wp-json\/wp\/v2\/tags?post=16354"}],"curies":[{"name":"wp","href":"https:\/\/api.w.org\/{rel}","templated":true}]}}