{"id":16374,"date":"2024-03-27T09:12:23","date_gmt":"2024-03-27T12:12:23","guid":{"rendered":"http:\/\/10.101.10.196\/www\/?p=16374"},"modified":"2024-05-06T08:38:48","modified_gmt":"2024-05-06T11:38:48","slug":"testimonios-poesia-y-canciones-en-una-clase-abierta-a-la-memoria","status":"publish","type":"post","link":"https:\/\/www.fica.unsl.edu.ar\/index.php\/testimonios-poesia-y-canciones-en-una-clase-abierta-a-la-memoria\/","title":{"rendered":"Testimonios, poes\u00eda y canciones en una clase abierta a la Memoria"},"content":{"rendered":"<p>Familiares de v\u00edctimas de la dictadura militar fueron recibidos en el Centro Universitario por el Vicerrector, H\u00e9ctor Flores, la decana de la FCEJS, Roxanna Camiletti, el decano de la FICA, Sergio Ribotta, el director del Departamento de Ciencias Sociales, Esteban Arias, la Secretaria de Extensi\u00f3n de FCEJS, Pamela Bianco y la Subsecretaria de Comunicaci\u00f3n, Ceremonial y Protocolo FICA-FCEJS, Ailin Umpierrez, con quienes recorrieron las muestras fotogr\u00e1ficas y audiovisuales que se exponen en el campus y forman parte de \u201cElegimos MEMORIA\u201d.<\/p>\n<p>Luego se realiz\u00f3 la Clase Abierta, organizada por docentes de las asignaturas \u201cSociolog\u00eda\u201d (LTS); \u201cSociolog\u00eda de la Salud\u201d (AT), \u201cSociolog\u00eda\u201d (CPN-LA), \u201cAntropolog\u00eda Social y Cultural\u201d (LTS); \u201cAntropolog\u00eda Social y Cultural de la Salud\u201d (AT); \u201cEstructura Social Argentina\u201d (LTS) y el \u201cArte como Herramienta Terap\u00e9utica (AT)\u201d. En dicha actividad participaron, los familiares de detenidos-desaparecidos: Alejandra Dixon, Guillermo Dixon, Jos\u00e9 Canfaila, Alberto Perez y Cristina Landaburu.<\/p>\n<p><strong>Mantener viva la memoria<\/strong><\/p>\n<p>\u201cMuchos de los desaparecidos luchaban para que no se implemente el proyecto econ\u00f3mico que ahora se pretende implantar\u201d. La frase fue una parte del mensaje de Alejandra Dixon, hermana de Valeria Dixon desaparecida por la dictadura, durante la clase abierta del ciclo Elegimos Memoria, que organiz\u00f3 el Centro Universitario Villa Mercedes.<\/p>\n<p>Valeria Dixon, familia oriunda de Villa Mercedes, estaba casada y estudiaba Filosof\u00eda cuando la detuvieron en Buenos Aires junto con su esposo, Esteban Galat, quien era estudiante de Agronom\u00eda. Alejandra, su hermana, vino a Villa Mercedes para participar de la clase abierta \u201cMemorias de Luces y Sombras: Construyendo Trincheras desde las Ciencias Sociales y el Arte\u201d, y reflexionar junto con estudiantes, docentes y p\u00fablico sobre la necesidad de mantener viva la memoria \u201cporque no es algo del pasado, es algo que ocurre en el presente y que influye en el futuro\u201d.<\/p>\n<p>La familia Dixon tiene tambi\u00e9n a otra joven v\u00edctima de la dictadura: Patricia Dixon -prima de Valeria-, secuestrada-desaparecida el 5 de septiembre de 1977, a los 24 a\u00f1os, en Buenos Aires. Junto con Valeria, visit\u00f3 el Centro Universitario Guillermo Dixon, hermano de Alejandra.<\/p>\n<p>Otros familiares respondieron a la invitaci\u00f3n del Centro Universitario y participaron del encuentro. Entre ellos, Jos\u00e9 \u201cPepe\u201d Canfaila, hermano de Luis Canfaila, joven villamercedino secuestrado a fines de 1975 (ten\u00eda 23 a\u00f1os cuando fue detenido en C\u00f3rdoba). \u201cVine porque me parece importante mantener la memoria en un momento tan delicado, porque hay una intenci\u00f3n de manipular la historia. Y a estos chicos que est\u00e1n dando sus primeros pasos en la universidad, si no conocen la historia no podr\u00e1n pensar el futuro\u201d, se\u00f1al\u00f3.<\/p>\n<p>&nbsp;<\/p>\n<p><img fetchpriority=\"high\" decoding=\"async\" class=\"alignnone size-large wp-image-16377\" src=\"https:\/\/www.fica.unsl.edu.ar\/wp-content\/uploads\/2024\/03\/WhatsApp-Image-2024-03-25-at-19.39.16-1024x681.jpeg\" alt=\"\" width=\"843\" height=\"561\" srcset=\"https:\/\/www.fica.unsl.edu.ar\/wp-content\/uploads\/2024\/03\/WhatsApp-Image-2024-03-25-at-19.39.16-1024x681.jpeg 1024w, https:\/\/www.fica.unsl.edu.ar\/wp-content\/uploads\/2024\/03\/WhatsApp-Image-2024-03-25-at-19.39.16-300x199.jpeg 300w, https:\/\/www.fica.unsl.edu.ar\/wp-content\/uploads\/2024\/03\/WhatsApp-Image-2024-03-25-at-19.39.16-768x511.jpeg 768w, https:\/\/www.fica.unsl.edu.ar\/wp-content\/uploads\/2024\/03\/WhatsApp-Image-2024-03-25-at-19.39.16.jpeg 1280w\" sizes=\"(max-width: 843px) 100vw, 843px\" \/><\/p>\n<p><strong>La memoria, el contexto<\/strong><\/p>\n<p>Para Canfaila mantener la memoria no alcanza. El contexto actual exige m\u00e1s: \u201chay que hacer una ratificaci\u00f3n de hechos y aclarar que se est\u00e1 intentando fomentar la desinformaci\u00f3n\u2026, hay que hablar de lo que se ha estado haciendo desde hace m\u00e1s de 40 a\u00f1os, de toda la resistencia que hemos tenido que hacer para avanzar en cada uno de los casos\u2026\u201d.<\/p>\n<p>\u201cLa mayor\u00eda de los familiares de desaparecidos no hemos tenido la suerte de reencontrarnos ni siquiera con los restos de nuestros seres queridos. Tenemos que suponer que est\u00e1n fallecidos, es decir, es un crimen permanente la desaparici\u00f3n de personas, justamente por eso, no hay un luto\u201d, remarc\u00f3.<\/p>\n<p>Canfaila cuestion\u00f3 duramente el video \u201coficial\u201d que difunde el gobierno nacional sobre lo sucedido en la dictadura. \u201cEs absolutamente nefasto. Dice que es importante decir la verdad completa y que no ha sido condenada una parte de la sociedad y la otra injustamente condenada\u201d.<\/p>\n<p>Responde que, cuando vuelve la democracia, \u201clo que primero que se hace es la conformaci\u00f3n de una La Comisi\u00f3n Nacional sobre la Desaparici\u00f3n de Personas (CONADEP), que es un trabajo para la investigaci\u00f3n masiva de todos los casos de desaparici\u00f3n que pudieron ser registrados\u201d.<\/p>\n<p>\u201cTanto miembros de las Fuerzas Armadas como los de las distintas organizaciones revolucionarias fueron condenados. Lo que no se cuenta es que despu\u00e9s forzaron la situaci\u00f3n del punto final y obediencia debida, y los liberaron. Entonces no est\u00e1n condenando la liberaci\u00f3n, porque la hizo un \u2018pr\u00f3cer\u2019 para ellos, que fue Menem. Para nosotros fue una pu\u00f1alada en la espalda\u201d, a\u00f1adi\u00f3.<\/p>\n<p>\u201cPero m\u00e1s all\u00e1 de entrar en la discusi\u00f3n de la teor\u00eda de los dos demonios, justificar como que fue una guerra cuando lo que se est\u00e1 planteando es negar el terrorismo de estado, eso es lo absolutamente nefasto\u201d, remarc\u00f3.<\/p>\n<p><strong>Hubo un plan sistem\u00e1tico de tortura y exterminio<\/strong><\/p>\n<p>Alejandra Dixon habl\u00f3 con Radio de la UNSL en Villa Mercedes sobre lo ocurrido durante la dictadura: \u201cSe prob\u00f3 que hubo un plan sistem\u00e1tico de tortura y exterminio. Y hay condenados por delito de lesa humanidad, lo que quiere decir delitos que ofenden a la humanidad y por eso son imprescriptibles y no indultables\u201d.<\/p>\n<p>Lo mismo refrend\u00f3 durante su mensaje en la clase abierta, porque consider\u00f3 importante reflexionar acerca de la memoria y c\u00f3mo influye en el futuro. \u201cPorque los Derechos Humanos no es solo lo que pas\u00f3 en los \u201870 y el trabajo de los familiares, los organismos de DDHH, las madres y las abuelas. La dictadura ocurri\u00f3 porque se pretend\u00eda instalar un sistema econ\u00f3mico excluyente, para unos pocos. Los militares eran el brazo armado de un proyecto econ\u00f3mico\u201d.<\/p>\n<p>Sobre su visi\u00f3n de la situaci\u00f3n actual, tambi\u00e9n es concluyente: \u201cEn este momento vemos lamentablemente que hay muchas cosas en com\u00fan con aquel proyecto econ\u00f3mico. No utilizando a los militares, pero s\u00ed al poder judicial, s\u00ed a los medios de comunicaci\u00f3n\u201d. Por eso, entiende que es mucho m\u00e1s importante \u201cel ejercicio de la memoria, sentir que esos derechos no se agotan con aquellos derechos, son todos los derechos a la educaci\u00f3n p\u00fablica, a la alimentaci\u00f3n, a la salud\u2026, como tambi\u00e9n el derecho a saber qu\u00e9 pas\u00f3\u201d.<\/p>\n<p>Guillermo Dixon, por su parte, agradeci\u00f3 la invitaci\u00f3n del Centro Universitario y la convocatoria a participar de la actividad \u201cpara transmitir a los chicos ese proceso oscuro\u201d porque considera que los familiares, especialmente, \u201csomos como el anticuerpo ante el ataque a la memoria\u201d.<\/p>\n<p><strong>Nota: Jos\u00e9 Luis Baigorria \u2013 Radio UNSL Villa Mercedes<\/strong><\/p>\n<p><img decoding=\"async\" class=\"alignnone size-large wp-image-16376\" src=\"https:\/\/www.fica.unsl.edu.ar\/wp-content\/uploads\/2024\/03\/WhatsApp-Image-2024-03-25-at-19.39.14-1024x681.jpeg\" alt=\"\" width=\"843\" height=\"561\" srcset=\"https:\/\/www.fica.unsl.edu.ar\/wp-content\/uploads\/2024\/03\/WhatsApp-Image-2024-03-25-at-19.39.14-1024x681.jpeg 1024w, https:\/\/www.fica.unsl.edu.ar\/wp-content\/uploads\/2024\/03\/WhatsApp-Image-2024-03-25-at-19.39.14-300x199.jpeg 300w, https:\/\/www.fica.unsl.edu.ar\/wp-content\/uploads\/2024\/03\/WhatsApp-Image-2024-03-25-at-19.39.14-768x511.jpeg 768w, https:\/\/www.fica.unsl.edu.ar\/wp-content\/uploads\/2024\/03\/WhatsApp-Image-2024-03-25-at-19.39.14.jpeg 1280w\" sizes=\"(max-width: 843px) 100vw, 843px\" \/><\/p>\n","protected":false},"excerpt":{"rendered":"<p>Familiares de v\u00edctimas de la dictadura militar fueron recibidos en el Centro Universitario por el Vicerrector, H\u00e9ctor Flores, la decana de la FCEJS, Roxanna Camiletti,&hellip;<\/p>\n","protected":false},"author":9,"featured_media":16375,"comment_status":"closed","ping_status":"closed","sticky":false,"template":"","format":"standard","meta":{"_monsterinsights_skip_tracking":false,"_monsterinsights_sitenote_active":false,"_monsterinsights_sitenote_note":"","_monsterinsights_sitenote_category":0,"_joinchat":[],"footnotes":""},"categories":[19],"tags":[],"class_list":["post-16374","post","type-post","status-publish","format-standard","has-post-thumbnail","hentry","category-noticias"],"yoast_head":"<!-- This site is optimized with the Yoast SEO plugin v27.4 - https:\/\/yoast.com\/product\/yoast-seo-wordpress\/ -->\n<title>Testimonios, poes\u00eda y canciones en una clase abierta a la Memoria - Facultad de Ingenier\u00eda y Ciencias Agropecuarias<\/title>\n<meta name=\"robots\" content=\"index, follow, max-snippet:-1, max-image-preview:large, max-video-preview:-1\" \/>\n<link rel=\"canonical\" href=\"https:\/\/www.fica.unsl.edu.ar\/index.php\/testimonios-poesia-y-canciones-en-una-clase-abierta-a-la-memoria\/\" \/>\n<meta property=\"og:locale\" content=\"es_ES\" \/>\n<meta property=\"og:type\" content=\"article\" \/>\n<meta property=\"og:title\" content=\"Testimonios, poes\u00eda y canciones en una clase abierta a la Memoria - Facultad de Ingenier\u00eda y Ciencias Agropecuarias\" \/>\n<meta property=\"og:description\" content=\"Familiares de v\u00edctimas de la dictadura militar fueron recibidos en el Centro Universitario por el Vicerrector, H\u00e9ctor Flores, la decana de la FCEJS, Roxanna Camiletti,&hellip;\" \/>\n<meta property=\"og:url\" content=\"https:\/\/www.fica.unsl.edu.ar\/index.php\/testimonios-poesia-y-canciones-en-una-clase-abierta-a-la-memoria\/\" \/>\n<meta property=\"og:site_name\" content=\"Facultad de Ingenier\u00eda y Ciencias Agropecuarias\" \/>\n<meta property=\"article:publisher\" content=\"https:\/\/www.facebook.com\/FICA.UNSL\/\" \/>\n<meta property=\"article:published_time\" content=\"2024-03-27T12:12:23+00:00\" \/>\n<meta property=\"article:modified_time\" content=\"2024-05-06T11:38:48+00:00\" \/>\n<meta property=\"og:image\" content=\"https:\/\/www.fica.unsl.edu.ar\/wp-content\/uploads\/2024\/03\/WhatsApp-Image-2024-03-25-at-19.38.59.jpeg\" \/>\n\t<meta property=\"og:image:width\" content=\"1280\" \/>\n\t<meta property=\"og:image:height\" content=\"851\" \/>\n\t<meta property=\"og:image:type\" content=\"image\/jpeg\" \/>\n<meta name=\"author\" content=\"DATI\" \/>\n<meta name=\"twitter:card\" content=\"summary_large_image\" \/>\n<meta name=\"twitter:creator\" content=\"@FICAUNSL\" \/>\n<meta name=\"twitter:site\" content=\"@FICAUNSL\" \/>\n<meta name=\"twitter:label1\" content=\"Escrito por\" \/>\n\t<meta name=\"twitter:data1\" content=\"DATI\" \/>\n\t<meta name=\"twitter:label2\" content=\"Tiempo de lectura\" \/>\n\t<meta name=\"twitter:data2\" content=\"6 minutos\" \/>\n<script type=\"application\/ld+json\" class=\"yoast-schema-graph\">{\"@context\":\"https:\\\/\\\/schema.org\",\"@graph\":[{\"@type\":\"Article\",\"@id\":\"https:\\\/\\\/www.fica.unsl.edu.ar\\\/index.php\\\/testimonios-poesia-y-canciones-en-una-clase-abierta-a-la-memoria\\\/#article\",\"isPartOf\":{\"@id\":\"https:\\\/\\\/www.fica.unsl.edu.ar\\\/index.php\\\/testimonios-poesia-y-canciones-en-una-clase-abierta-a-la-memoria\\\/\"},\"author\":{\"name\":\"DATI\",\"@id\":\"https:\\\/\\\/www.fica.unsl.edu.ar\\\/#\\\/schema\\\/person\\\/6058f9c66301868d3a691b1f5d6c3544\"},\"headline\":\"Testimonios, poes\u00eda y canciones en una clase abierta a la Memoria\",\"datePublished\":\"2024-03-27T12:12:23+00:00\",\"dateModified\":\"2024-05-06T11:38:48+00:00\",\"mainEntityOfPage\":{\"@id\":\"https:\\\/\\\/www.fica.unsl.edu.ar\\\/index.php\\\/testimonios-poesia-y-canciones-en-una-clase-abierta-a-la-memoria\\\/\"},\"wordCount\":1062,\"publisher\":{\"@id\":\"https:\\\/\\\/www.fica.unsl.edu.ar\\\/#organization\"},\"image\":{\"@id\":\"https:\\\/\\\/www.fica.unsl.edu.ar\\\/index.php\\\/testimonios-poesia-y-canciones-en-una-clase-abierta-a-la-memoria\\\/#primaryimage\"},\"thumbnailUrl\":\"https:\\\/\\\/www.fica.unsl.edu.ar\\\/wp-content\\\/uploads\\\/2024\\\/03\\\/WhatsApp-Image-2024-03-25-at-19.38.59.jpeg\",\"articleSection\":[\"Noticias\"],\"inLanguage\":\"es-AR\"},{\"@type\":\"WebPage\",\"@id\":\"https:\\\/\\\/www.fica.unsl.edu.ar\\\/index.php\\\/testimonios-poesia-y-canciones-en-una-clase-abierta-a-la-memoria\\\/\",\"url\":\"https:\\\/\\\/www.fica.unsl.edu.ar\\\/index.php\\\/testimonios-poesia-y-canciones-en-una-clase-abierta-a-la-memoria\\\/\",\"name\":\"Testimonios, poes\u00eda y canciones en una clase abierta a la Memoria - Facultad de Ingenier\u00eda y Ciencias Agropecuarias\",\"isPartOf\":{\"@id\":\"https:\\\/\\\/www.fica.unsl.edu.ar\\\/#website\"},\"primaryImageOfPage\":{\"@id\":\"https:\\\/\\\/www.fica.unsl.edu.ar\\\/index.php\\\/testimonios-poesia-y-canciones-en-una-clase-abierta-a-la-memoria\\\/#primaryimage\"},\"image\":{\"@id\":\"https:\\\/\\\/www.fica.unsl.edu.ar\\\/index.php\\\/testimonios-poesia-y-canciones-en-una-clase-abierta-a-la-memoria\\\/#primaryimage\"},\"thumbnailUrl\":\"https:\\\/\\\/www.fica.unsl.edu.ar\\\/wp-content\\\/uploads\\\/2024\\\/03\\\/WhatsApp-Image-2024-03-25-at-19.38.59.jpeg\",\"datePublished\":\"2024-03-27T12:12:23+00:00\",\"dateModified\":\"2024-05-06T11:38:48+00:00\",\"inLanguage\":\"es-AR\",\"potentialAction\":[{\"@type\":\"ReadAction\",\"target\":[\"https:\\\/\\\/www.fica.unsl.edu.ar\\\/index.php\\\/testimonios-poesia-y-canciones-en-una-clase-abierta-a-la-memoria\\\/\"]}]},{\"@type\":\"ImageObject\",\"inLanguage\":\"es-AR\",\"@id\":\"https:\\\/\\\/www.fica.unsl.edu.ar\\\/index.php\\\/testimonios-poesia-y-canciones-en-una-clase-abierta-a-la-memoria\\\/#primaryimage\",\"url\":\"https:\\\/\\\/www.fica.unsl.edu.ar\\\/wp-content\\\/uploads\\\/2024\\\/03\\\/WhatsApp-Image-2024-03-25-at-19.38.59.jpeg\",\"contentUrl\":\"https:\\\/\\\/www.fica.unsl.edu.ar\\\/wp-content\\\/uploads\\\/2024\\\/03\\\/WhatsApp-Image-2024-03-25-at-19.38.59.jpeg\",\"width\":1280,\"height\":851},{\"@type\":\"WebSite\",\"@id\":\"https:\\\/\\\/www.fica.unsl.edu.ar\\\/#website\",\"url\":\"https:\\\/\\\/www.fica.unsl.edu.ar\\\/\",\"name\":\"Facultad de Ingenier\u00eda y Ciencias Agropecuarias\",\"description\":\"\",\"publisher\":{\"@id\":\"https:\\\/\\\/www.fica.unsl.edu.ar\\\/#organization\"},\"potentialAction\":[{\"@type\":\"SearchAction\",\"target\":{\"@type\":\"EntryPoint\",\"urlTemplate\":\"https:\\\/\\\/www.fica.unsl.edu.ar\\\/?s={search_term_string}\"},\"query-input\":{\"@type\":\"PropertyValueSpecification\",\"valueRequired\":true,\"valueName\":\"search_term_string\"}}],\"inLanguage\":\"es-AR\"},{\"@type\":\"Organization\",\"@id\":\"https:\\\/\\\/www.fica.unsl.edu.ar\\\/#organization\",\"name\":\"Facultad de Ingenier\u00eda y Ciencias Agropecuarias\",\"url\":\"https:\\\/\\\/www.fica.unsl.edu.ar\\\/\",\"logo\":{\"@type\":\"ImageObject\",\"inLanguage\":\"es-AR\",\"@id\":\"https:\\\/\\\/www.fica.unsl.edu.ar\\\/#\\\/schema\\\/logo\\\/image\\\/\",\"url\":\"https:\\\/\\\/www.fica.unsl.edu.ar\\\/wp-content\\\/uploads\\\/2021\\\/03\\\/LOGO-1.jpg\",\"contentUrl\":\"https:\\\/\\\/www.fica.unsl.edu.ar\\\/wp-content\\\/uploads\\\/2021\\\/03\\\/LOGO-1.jpg\",\"width\":463,\"height\":145,\"caption\":\"Facultad de Ingenier\u00eda y Ciencias Agropecuarias\"},\"image\":{\"@id\":\"https:\\\/\\\/www.fica.unsl.edu.ar\\\/#\\\/schema\\\/logo\\\/image\\\/\"},\"sameAs\":[\"https:\\\/\\\/www.facebook.com\\\/FICA.UNSL\\\/\",\"https:\\\/\\\/x.com\\\/FICAUNSL\",\"https:\\\/\\\/www.instagram.com\\\/fica.unsl\\\/\",\"https:\\\/\\\/www.youtube.com\\\/channel\\\/UCs2MM53gb2PyBrMySdtWZDQ\"]},{\"@type\":\"Person\",\"@id\":\"https:\\\/\\\/www.fica.unsl.edu.ar\\\/#\\\/schema\\\/person\\\/6058f9c66301868d3a691b1f5d6c3544\",\"name\":\"DATI\"}]}<\/script>\n<!-- \/ Yoast SEO plugin. -->","yoast_head_json":{"title":"Testimonios, poes\u00eda y canciones en una clase abierta a la Memoria - Facultad de Ingenier\u00eda y Ciencias Agropecuarias","robots":{"index":"index","follow":"follow","max-snippet":"max-snippet:-1","max-image-preview":"max-image-preview:large","max-video-preview":"max-video-preview:-1"},"canonical":"https:\/\/www.fica.unsl.edu.ar\/index.php\/testimonios-poesia-y-canciones-en-una-clase-abierta-a-la-memoria\/","og_locale":"es_ES","og_type":"article","og_title":"Testimonios, poes\u00eda y canciones en una clase abierta a la Memoria - Facultad de Ingenier\u00eda y Ciencias Agropecuarias","og_description":"Familiares de v\u00edctimas de la dictadura militar fueron recibidos en el Centro Universitario por el Vicerrector, H\u00e9ctor Flores, la decana de la FCEJS, Roxanna Camiletti,&hellip;","og_url":"https:\/\/www.fica.unsl.edu.ar\/index.php\/testimonios-poesia-y-canciones-en-una-clase-abierta-a-la-memoria\/","og_site_name":"Facultad de Ingenier\u00eda y Ciencias Agropecuarias","article_publisher":"https:\/\/www.facebook.com\/FICA.UNSL\/","article_published_time":"2024-03-27T12:12:23+00:00","article_modified_time":"2024-05-06T11:38:48+00:00","og_image":[{"width":1280,"height":851,"url":"https:\/\/www.fica.unsl.edu.ar\/wp-content\/uploads\/2024\/03\/WhatsApp-Image-2024-03-25-at-19.38.59.jpeg","type":"image\/jpeg"}],"author":"DATI","twitter_card":"summary_large_image","twitter_creator":"@FICAUNSL","twitter_site":"@FICAUNSL","twitter_misc":{"Escrito por":"DATI","Tiempo de lectura":"6 minutos"},"schema":{"@context":"https:\/\/schema.org","@graph":[{"@type":"Article","@id":"https:\/\/www.fica.unsl.edu.ar\/index.php\/testimonios-poesia-y-canciones-en-una-clase-abierta-a-la-memoria\/#article","isPartOf":{"@id":"https:\/\/www.fica.unsl.edu.ar\/index.php\/testimonios-poesia-y-canciones-en-una-clase-abierta-a-la-memoria\/"},"author":{"name":"DATI","@id":"https:\/\/www.fica.unsl.edu.ar\/#\/schema\/person\/6058f9c66301868d3a691b1f5d6c3544"},"headline":"Testimonios, poes\u00eda y canciones en una clase abierta a la Memoria","datePublished":"2024-03-27T12:12:23+00:00","dateModified":"2024-05-06T11:38:48+00:00","mainEntityOfPage":{"@id":"https:\/\/www.fica.unsl.edu.ar\/index.php\/testimonios-poesia-y-canciones-en-una-clase-abierta-a-la-memoria\/"},"wordCount":1062,"publisher":{"@id":"https:\/\/www.fica.unsl.edu.ar\/#organization"},"image":{"@id":"https:\/\/www.fica.unsl.edu.ar\/index.php\/testimonios-poesia-y-canciones-en-una-clase-abierta-a-la-memoria\/#primaryimage"},"thumbnailUrl":"https:\/\/www.fica.unsl.edu.ar\/wp-content\/uploads\/2024\/03\/WhatsApp-Image-2024-03-25-at-19.38.59.jpeg","articleSection":["Noticias"],"inLanguage":"es-AR"},{"@type":"WebPage","@id":"https:\/\/www.fica.unsl.edu.ar\/index.php\/testimonios-poesia-y-canciones-en-una-clase-abierta-a-la-memoria\/","url":"https:\/\/www.fica.unsl.edu.ar\/index.php\/testimonios-poesia-y-canciones-en-una-clase-abierta-a-la-memoria\/","name":"Testimonios, poes\u00eda y canciones en una clase abierta a la Memoria - Facultad de Ingenier\u00eda y Ciencias Agropecuarias","isPartOf":{"@id":"https:\/\/www.fica.unsl.edu.ar\/#website"},"primaryImageOfPage":{"@id":"https:\/\/www.fica.unsl.edu.ar\/index.php\/testimonios-poesia-y-canciones-en-una-clase-abierta-a-la-memoria\/#primaryimage"},"image":{"@id":"https:\/\/www.fica.unsl.edu.ar\/index.php\/testimonios-poesia-y-canciones-en-una-clase-abierta-a-la-memoria\/#primaryimage"},"thumbnailUrl":"https:\/\/www.fica.unsl.edu.ar\/wp-content\/uploads\/2024\/03\/WhatsApp-Image-2024-03-25-at-19.38.59.jpeg","datePublished":"2024-03-27T12:12:23+00:00","dateModified":"2024-05-06T11:38:48+00:00","inLanguage":"es-AR","potentialAction":[{"@type":"ReadAction","target":["https:\/\/www.fica.unsl.edu.ar\/index.php\/testimonios-poesia-y-canciones-en-una-clase-abierta-a-la-memoria\/"]}]},{"@type":"ImageObject","inLanguage":"es-AR","@id":"https:\/\/www.fica.unsl.edu.ar\/index.php\/testimonios-poesia-y-canciones-en-una-clase-abierta-a-la-memoria\/#primaryimage","url":"https:\/\/www.fica.unsl.edu.ar\/wp-content\/uploads\/2024\/03\/WhatsApp-Image-2024-03-25-at-19.38.59.jpeg","contentUrl":"https:\/\/www.fica.unsl.edu.ar\/wp-content\/uploads\/2024\/03\/WhatsApp-Image-2024-03-25-at-19.38.59.jpeg","width":1280,"height":851},{"@type":"WebSite","@id":"https:\/\/www.fica.unsl.edu.ar\/#website","url":"https:\/\/www.fica.unsl.edu.ar\/","name":"Facultad de Ingenier\u00eda y Ciencias Agropecuarias","description":"","publisher":{"@id":"https:\/\/www.fica.unsl.edu.ar\/#organization"},"potentialAction":[{"@type":"SearchAction","target":{"@type":"EntryPoint","urlTemplate":"https:\/\/www.fica.unsl.edu.ar\/?s={search_term_string}"},"query-input":{"@type":"PropertyValueSpecification","valueRequired":true,"valueName":"search_term_string"}}],"inLanguage":"es-AR"},{"@type":"Organization","@id":"https:\/\/www.fica.unsl.edu.ar\/#organization","name":"Facultad de Ingenier\u00eda y Ciencias Agropecuarias","url":"https:\/\/www.fica.unsl.edu.ar\/","logo":{"@type":"ImageObject","inLanguage":"es-AR","@id":"https:\/\/www.fica.unsl.edu.ar\/#\/schema\/logo\/image\/","url":"https:\/\/www.fica.unsl.edu.ar\/wp-content\/uploads\/2021\/03\/LOGO-1.jpg","contentUrl":"https:\/\/www.fica.unsl.edu.ar\/wp-content\/uploads\/2021\/03\/LOGO-1.jpg","width":463,"height":145,"caption":"Facultad de Ingenier\u00eda y Ciencias Agropecuarias"},"image":{"@id":"https:\/\/www.fica.unsl.edu.ar\/#\/schema\/logo\/image\/"},"sameAs":["https:\/\/www.facebook.com\/FICA.UNSL\/","https:\/\/x.com\/FICAUNSL","https:\/\/www.instagram.com\/fica.unsl\/","https:\/\/www.youtube.com\/channel\/UCs2MM53gb2PyBrMySdtWZDQ"]},{"@type":"Person","@id":"https:\/\/www.fica.unsl.edu.ar\/#\/schema\/person\/6058f9c66301868d3a691b1f5d6c3544","name":"DATI"}]}},"_links":{"self":[{"href":"https:\/\/www.fica.unsl.edu.ar\/index.php\/wp-json\/wp\/v2\/posts\/16374","targetHints":{"allow":["GET"]}}],"collection":[{"href":"https:\/\/www.fica.unsl.edu.ar\/index.php\/wp-json\/wp\/v2\/posts"}],"about":[{"href":"https:\/\/www.fica.unsl.edu.ar\/index.php\/wp-json\/wp\/v2\/types\/post"}],"author":[{"embeddable":true,"href":"https:\/\/www.fica.unsl.edu.ar\/index.php\/wp-json\/wp\/v2\/users\/9"}],"replies":[{"embeddable":true,"href":"https:\/\/www.fica.unsl.edu.ar\/index.php\/wp-json\/wp\/v2\/comments?post=16374"}],"version-history":[{"count":1,"href":"https:\/\/www.fica.unsl.edu.ar\/index.php\/wp-json\/wp\/v2\/posts\/16374\/revisions"}],"predecessor-version":[{"id":16378,"href":"https:\/\/www.fica.unsl.edu.ar\/index.php\/wp-json\/wp\/v2\/posts\/16374\/revisions\/16378"}],"wp:featuredmedia":[{"embeddable":true,"href":"https:\/\/www.fica.unsl.edu.ar\/index.php\/wp-json\/wp\/v2\/media\/16375"}],"wp:attachment":[{"href":"https:\/\/www.fica.unsl.edu.ar\/index.php\/wp-json\/wp\/v2\/media?parent=16374"}],"wp:term":[{"taxonomy":"category","embeddable":true,"href":"https:\/\/www.fica.unsl.edu.ar\/index.php\/wp-json\/wp\/v2\/categories?post=16374"},{"taxonomy":"post_tag","embeddable":true,"href":"https:\/\/www.fica.unsl.edu.ar\/index.php\/wp-json\/wp\/v2\/tags?post=16374"}],"curies":[{"name":"wp","href":"https:\/\/api.w.org\/{rel}","templated":true}]}}