{"id":16384,"date":"2024-03-27T13:24:05","date_gmt":"2024-03-27T16:24:05","guid":{"rendered":"http:\/\/10.101.10.196\/www\/?p=16384"},"modified":"2024-05-06T08:39:02","modified_gmt":"2024-05-06T11:39:02","slug":"inician-jornadas-de-trabajo-para-fortalecer-acciones-entre-la-fcejs-y-fica-con-la-upro","status":"publish","type":"post","link":"https:\/\/www.fica.unsl.edu.ar\/index.php\/inician-jornadas-de-trabajo-para-fortalecer-acciones-entre-la-fcejs-y-fica-con-la-upro\/","title":{"rendered":"Inician jornadas de trabajo para fortalecer acciones entre la FCEJS y FICA con la UPRO"},"content":{"rendered":"<p>El Centro Universitario Villa Mercedes, a trav\u00e9s de sus dos facultades, formalizar\u00e1 e intensificar\u00e1 las acciones que desarrolla junto con la Universidad Provincial de Oficios (UPRO), con miras a ampliar el trabajo de apoyo mutuo entre las dos instituciones.<\/p>\n<p>En la ma\u00f1ana de este mi\u00e9rcoles 27 de marzo, autoridades del Centro Universitario y de la UPRO mantuvieron un ameno encuentro en la Sala del Consejo Directivo para iniciar un nuevo camino que, seg\u00fan explic\u00f3 el vicerrector H\u00e9ctor Flores, redundar\u00e1 en beneficios para las instituciones y la comunidad.<\/p>\n<p>Adem\u00e1s del vicerrector, participaron de la reuni\u00f3n la decana de la FCEJS, Roxanna Camiletti, el decano de la FICA, Sergio Ribotta; el vicedecano de FICA, Federico Serra y dem\u00e1s autoridades de las dos Facultades; el rector de la UPRO, Rudy C\u00e1mera, y parte del equipo directivo de la universidad provincial.<\/p>\n<p><img fetchpriority=\"high\" decoding=\"async\" class=\"alignnone  wp-image-16385 aligncenter\" src=\"https:\/\/www.fica.unsl.edu.ar\/wp-content\/uploads\/2024\/03\/IMG_7121-300x200.jpg\" alt=\"\" width=\"777\" height=\"518\" srcset=\"https:\/\/www.fica.unsl.edu.ar\/wp-content\/uploads\/2024\/03\/IMG_7121-300x200.jpg 300w, https:\/\/www.fica.unsl.edu.ar\/wp-content\/uploads\/2024\/03\/IMG_7121-1024x683.jpg 1024w, https:\/\/www.fica.unsl.edu.ar\/wp-content\/uploads\/2024\/03\/IMG_7121-768x512.jpg 768w, https:\/\/www.fica.unsl.edu.ar\/wp-content\/uploads\/2024\/03\/IMG_7121-1536x1024.jpg 1536w, https:\/\/www.fica.unsl.edu.ar\/wp-content\/uploads\/2024\/03\/IMG_7121-2048x1365.jpg 2048w\" sizes=\"(max-width: 777px) 100vw, 777px\" \/><\/p>\n<p>\u201cHoy es el comienzo de muchas jornadas de trabajo de las cuales surgir\u00e1n l\u00edneas de acci\u00f3n que se formalizar\u00e1n pr\u00f3ximamente en firmas de convenios. Lo primero es saber que esas acciones tienen fundamentos que compartimos\u201d, explic\u00f3.<\/p>\n<p>El vicerrector destac\u00f3 especialmente la visita del rector de la UPRO: \u201cEs un gusto recibirlo porque, adem\u00e1s, como ocurre con parte de su equipo de trabajo, ha pasado por nuestras aulas y es uno de nuestros graduados. \u00a0Que hoy est\u00e9 conduciendo una instituci\u00f3n tan prestigiosa es por dem\u00e1s propicio para conversar qu\u00e9 cosas podemos hacer en com\u00fan y c\u00f3mo podemos llevarlas adelante con el objetivo de mejorar la calidad de vida de la gente de la provincia\u201d.<\/p>\n<p>&nbsp;<\/p>\n<p><img decoding=\"async\" class=\"alignnone  wp-image-16386 aligncenter\" src=\"https:\/\/www.fica.unsl.edu.ar\/wp-content\/uploads\/2024\/03\/IMG_7132-300x200.jpg\" alt=\"\" width=\"777\" height=\"518\" srcset=\"https:\/\/www.fica.unsl.edu.ar\/wp-content\/uploads\/2024\/03\/IMG_7132-300x200.jpg 300w, https:\/\/www.fica.unsl.edu.ar\/wp-content\/uploads\/2024\/03\/IMG_7132-1024x683.jpg 1024w, https:\/\/www.fica.unsl.edu.ar\/wp-content\/uploads\/2024\/03\/IMG_7132-768x512.jpg 768w, https:\/\/www.fica.unsl.edu.ar\/wp-content\/uploads\/2024\/03\/IMG_7132-1536x1024.jpg 1536w, https:\/\/www.fica.unsl.edu.ar\/wp-content\/uploads\/2024\/03\/IMG_7132-2048x1365.jpg 2048w\" sizes=\"(max-width: 777px) 100vw, 777px\" \/><\/p>\n<p>Por su parte, el rector de la UPRO explic\u00f3 que el di\u00e1logo iniciado con el Centro Universitario Villa Mercedes significa, por un lado, reflotar los convenios marcos firmados entre ambas instituciones y, por el otro, \u201chacer gesti\u00f3n para brindar mejores resultados a la comunidad\u201d.<\/p>\n<p>C\u00e1mera, egresado de la FICA, cont\u00f3 que se vio sorprendido al recorrer las instalaciones del campus \u201cpor todo el crecimiento que ha tenido la facultad\u2026 Esto me pone muy contento porque es ver c\u00f3mo ha avanzado la Casa donde uno ha transitado sus estudios\u201d.<\/p>\n<p>\u201cAhora, al encontrarme con esta responsabilidad, me llama al di\u00e1logo, a ponernos de acuerdo entre las dos instituciones. Si logramos eso, creo que podemos hacer un cambio significativo en la sociedad. Es a lo que aspiramos y lo que nos est\u00e1n pidiendo\u201d, a\u00f1adi\u00f3.<\/p>\n<p><img decoding=\"async\" class=\"alignnone  wp-image-16387 aligncenter\" src=\"https:\/\/www.fica.unsl.edu.ar\/wp-content\/uploads\/2024\/03\/IMG_7164-300x200.jpg\" alt=\"\" width=\"770\" height=\"513\" srcset=\"https:\/\/www.fica.unsl.edu.ar\/wp-content\/uploads\/2024\/03\/IMG_7164-300x200.jpg 300w, https:\/\/www.fica.unsl.edu.ar\/wp-content\/uploads\/2024\/03\/IMG_7164-1024x683.jpg 1024w, https:\/\/www.fica.unsl.edu.ar\/wp-content\/uploads\/2024\/03\/IMG_7164-768x512.jpg 768w, https:\/\/www.fica.unsl.edu.ar\/wp-content\/uploads\/2024\/03\/IMG_7164-1536x1024.jpg 1536w, https:\/\/www.fica.unsl.edu.ar\/wp-content\/uploads\/2024\/03\/IMG_7164-2048x1365.jpg 2048w\" sizes=\"(max-width: 770px) 100vw, 770px\" \/><\/p>\n<p><strong>Nota: Jos\u00e9 Luis Baigorria \u2013 Radio UNSL Villa Mercedes<\/strong><\/p>\n","protected":false},"excerpt":{"rendered":"<p>El Centro Universitario Villa Mercedes, a trav\u00e9s de sus dos facultades, formalizar\u00e1 e intensificar\u00e1 las acciones que desarrolla junto con la Universidad Provincial de Oficios&hellip;<\/p>\n","protected":false},"author":9,"featured_media":16388,"comment_status":"closed","ping_status":"closed","sticky":false,"template":"","format":"standard","meta":{"_monsterinsights_skip_tracking":false,"_monsterinsights_sitenote_active":false,"_monsterinsights_sitenote_note":"","_monsterinsights_sitenote_category":0,"_joinchat":[],"footnotes":""},"categories":[19],"tags":[],"class_list":["post-16384","post","type-post","status-publish","format-standard","has-post-thumbnail","hentry","category-noticias"],"yoast_head":"<!-- This site is optimized with the Yoast SEO plugin v27.4 - https:\/\/yoast.com\/product\/yoast-seo-wordpress\/ -->\n<title>Inician jornadas de trabajo para fortalecer acciones entre la FCEJS y FICA con la UPRO - Facultad de Ingenier\u00eda y Ciencias Agropecuarias<\/title>\n<meta name=\"robots\" content=\"index, follow, max-snippet:-1, max-image-preview:large, max-video-preview:-1\" \/>\n<link rel=\"canonical\" href=\"https:\/\/www.fica.unsl.edu.ar\/index.php\/inician-jornadas-de-trabajo-para-fortalecer-acciones-entre-la-fcejs-y-fica-con-la-upro\/\" \/>\n<meta property=\"og:locale\" content=\"es_ES\" \/>\n<meta property=\"og:type\" content=\"article\" \/>\n<meta property=\"og:title\" content=\"Inician jornadas de trabajo para fortalecer acciones entre la FCEJS y FICA con la UPRO - Facultad de Ingenier\u00eda y Ciencias Agropecuarias\" \/>\n<meta property=\"og:description\" content=\"El Centro Universitario Villa Mercedes, a trav\u00e9s de sus dos facultades, formalizar\u00e1 e intensificar\u00e1 las acciones que desarrolla junto con la Universidad Provincial de Oficios&hellip;\" \/>\n<meta property=\"og:url\" content=\"https:\/\/www.fica.unsl.edu.ar\/index.php\/inician-jornadas-de-trabajo-para-fortalecer-acciones-entre-la-fcejs-y-fica-con-la-upro\/\" \/>\n<meta property=\"og:site_name\" content=\"Facultad de Ingenier\u00eda y Ciencias Agropecuarias\" \/>\n<meta property=\"article:publisher\" content=\"https:\/\/www.facebook.com\/FICA.UNSL\/\" \/>\n<meta property=\"article:published_time\" content=\"2024-03-27T16:24:05+00:00\" \/>\n<meta property=\"article:modified_time\" content=\"2024-05-06T11:39:02+00:00\" \/>\n<meta property=\"og:image\" content=\"https:\/\/www.fica.unsl.edu.ar\/wp-content\/uploads\/2024\/03\/IMG_7094-scaled.jpg\" \/>\n\t<meta property=\"og:image:width\" content=\"2560\" \/>\n\t<meta property=\"og:image:height\" content=\"1707\" \/>\n\t<meta property=\"og:image:type\" content=\"image\/jpeg\" \/>\n<meta name=\"author\" content=\"DATI\" \/>\n<meta name=\"twitter:card\" content=\"summary_large_image\" \/>\n<meta name=\"twitter:creator\" content=\"@FICAUNSL\" \/>\n<meta name=\"twitter:site\" content=\"@FICAUNSL\" \/>\n<meta name=\"twitter:label1\" content=\"Escrito por\" \/>\n\t<meta name=\"twitter:data1\" content=\"DATI\" \/>\n\t<meta name=\"twitter:label2\" content=\"Tiempo de lectura\" \/>\n\t<meta name=\"twitter:data2\" content=\"3 minutos\" \/>\n<script type=\"application\/ld+json\" class=\"yoast-schema-graph\">{\"@context\":\"https:\\\/\\\/schema.org\",\"@graph\":[{\"@type\":\"Article\",\"@id\":\"https:\\\/\\\/www.fica.unsl.edu.ar\\\/index.php\\\/inician-jornadas-de-trabajo-para-fortalecer-acciones-entre-la-fcejs-y-fica-con-la-upro\\\/#article\",\"isPartOf\":{\"@id\":\"https:\\\/\\\/www.fica.unsl.edu.ar\\\/index.php\\\/inician-jornadas-de-trabajo-para-fortalecer-acciones-entre-la-fcejs-y-fica-con-la-upro\\\/\"},\"author\":{\"name\":\"DATI\",\"@id\":\"https:\\\/\\\/www.fica.unsl.edu.ar\\\/#\\\/schema\\\/person\\\/6058f9c66301868d3a691b1f5d6c3544\"},\"headline\":\"Inician jornadas de trabajo para fortalecer acciones entre la FCEJS y FICA con la UPRO\",\"datePublished\":\"2024-03-27T16:24:05+00:00\",\"dateModified\":\"2024-05-06T11:39:02+00:00\",\"mainEntityOfPage\":{\"@id\":\"https:\\\/\\\/www.fica.unsl.edu.ar\\\/index.php\\\/inician-jornadas-de-trabajo-para-fortalecer-acciones-entre-la-fcejs-y-fica-con-la-upro\\\/\"},\"wordCount\":430,\"publisher\":{\"@id\":\"https:\\\/\\\/www.fica.unsl.edu.ar\\\/#organization\"},\"image\":{\"@id\":\"https:\\\/\\\/www.fica.unsl.edu.ar\\\/index.php\\\/inician-jornadas-de-trabajo-para-fortalecer-acciones-entre-la-fcejs-y-fica-con-la-upro\\\/#primaryimage\"},\"thumbnailUrl\":\"https:\\\/\\\/www.fica.unsl.edu.ar\\\/wp-content\\\/uploads\\\/2024\\\/03\\\/IMG_7094-scaled.jpg\",\"articleSection\":[\"Noticias\"],\"inLanguage\":\"es-AR\"},{\"@type\":\"WebPage\",\"@id\":\"https:\\\/\\\/www.fica.unsl.edu.ar\\\/index.php\\\/inician-jornadas-de-trabajo-para-fortalecer-acciones-entre-la-fcejs-y-fica-con-la-upro\\\/\",\"url\":\"https:\\\/\\\/www.fica.unsl.edu.ar\\\/index.php\\\/inician-jornadas-de-trabajo-para-fortalecer-acciones-entre-la-fcejs-y-fica-con-la-upro\\\/\",\"name\":\"Inician jornadas de trabajo para fortalecer acciones entre la FCEJS y FICA con la UPRO - Facultad de Ingenier\u00eda y Ciencias Agropecuarias\",\"isPartOf\":{\"@id\":\"https:\\\/\\\/www.fica.unsl.edu.ar\\\/#website\"},\"primaryImageOfPage\":{\"@id\":\"https:\\\/\\\/www.fica.unsl.edu.ar\\\/index.php\\\/inician-jornadas-de-trabajo-para-fortalecer-acciones-entre-la-fcejs-y-fica-con-la-upro\\\/#primaryimage\"},\"image\":{\"@id\":\"https:\\\/\\\/www.fica.unsl.edu.ar\\\/index.php\\\/inician-jornadas-de-trabajo-para-fortalecer-acciones-entre-la-fcejs-y-fica-con-la-upro\\\/#primaryimage\"},\"thumbnailUrl\":\"https:\\\/\\\/www.fica.unsl.edu.ar\\\/wp-content\\\/uploads\\\/2024\\\/03\\\/IMG_7094-scaled.jpg\",\"datePublished\":\"2024-03-27T16:24:05+00:00\",\"dateModified\":\"2024-05-06T11:39:02+00:00\",\"inLanguage\":\"es-AR\",\"potentialAction\":[{\"@type\":\"ReadAction\",\"target\":[\"https:\\\/\\\/www.fica.unsl.edu.ar\\\/index.php\\\/inician-jornadas-de-trabajo-para-fortalecer-acciones-entre-la-fcejs-y-fica-con-la-upro\\\/\"]}]},{\"@type\":\"ImageObject\",\"inLanguage\":\"es-AR\",\"@id\":\"https:\\\/\\\/www.fica.unsl.edu.ar\\\/index.php\\\/inician-jornadas-de-trabajo-para-fortalecer-acciones-entre-la-fcejs-y-fica-con-la-upro\\\/#primaryimage\",\"url\":\"https:\\\/\\\/www.fica.unsl.edu.ar\\\/wp-content\\\/uploads\\\/2024\\\/03\\\/IMG_7094-scaled.jpg\",\"contentUrl\":\"https:\\\/\\\/www.fica.unsl.edu.ar\\\/wp-content\\\/uploads\\\/2024\\\/03\\\/IMG_7094-scaled.jpg\",\"width\":2560,\"height\":1707},{\"@type\":\"WebSite\",\"@id\":\"https:\\\/\\\/www.fica.unsl.edu.ar\\\/#website\",\"url\":\"https:\\\/\\\/www.fica.unsl.edu.ar\\\/\",\"name\":\"Facultad de Ingenier\u00eda y Ciencias Agropecuarias\",\"description\":\"\",\"publisher\":{\"@id\":\"https:\\\/\\\/www.fica.unsl.edu.ar\\\/#organization\"},\"potentialAction\":[{\"@type\":\"SearchAction\",\"target\":{\"@type\":\"EntryPoint\",\"urlTemplate\":\"https:\\\/\\\/www.fica.unsl.edu.ar\\\/?s={search_term_string}\"},\"query-input\":{\"@type\":\"PropertyValueSpecification\",\"valueRequired\":true,\"valueName\":\"search_term_string\"}}],\"inLanguage\":\"es-AR\"},{\"@type\":\"Organization\",\"@id\":\"https:\\\/\\\/www.fica.unsl.edu.ar\\\/#organization\",\"name\":\"Facultad de Ingenier\u00eda y Ciencias Agropecuarias\",\"url\":\"https:\\\/\\\/www.fica.unsl.edu.ar\\\/\",\"logo\":{\"@type\":\"ImageObject\",\"inLanguage\":\"es-AR\",\"@id\":\"https:\\\/\\\/www.fica.unsl.edu.ar\\\/#\\\/schema\\\/logo\\\/image\\\/\",\"url\":\"https:\\\/\\\/www.fica.unsl.edu.ar\\\/wp-content\\\/uploads\\\/2021\\\/03\\\/LOGO-1.jpg\",\"contentUrl\":\"https:\\\/\\\/www.fica.unsl.edu.ar\\\/wp-content\\\/uploads\\\/2021\\\/03\\\/LOGO-1.jpg\",\"width\":463,\"height\":145,\"caption\":\"Facultad de Ingenier\u00eda y Ciencias Agropecuarias\"},\"image\":{\"@id\":\"https:\\\/\\\/www.fica.unsl.edu.ar\\\/#\\\/schema\\\/logo\\\/image\\\/\"},\"sameAs\":[\"https:\\\/\\\/www.facebook.com\\\/FICA.UNSL\\\/\",\"https:\\\/\\\/x.com\\\/FICAUNSL\",\"https:\\\/\\\/www.instagram.com\\\/fica.unsl\\\/\",\"https:\\\/\\\/www.youtube.com\\\/channel\\\/UCs2MM53gb2PyBrMySdtWZDQ\"]},{\"@type\":\"Person\",\"@id\":\"https:\\\/\\\/www.fica.unsl.edu.ar\\\/#\\\/schema\\\/person\\\/6058f9c66301868d3a691b1f5d6c3544\",\"name\":\"DATI\"}]}<\/script>\n<!-- \/ Yoast SEO plugin. -->","yoast_head_json":{"title":"Inician jornadas de trabajo para fortalecer acciones entre la FCEJS y FICA con la UPRO - Facultad de Ingenier\u00eda y Ciencias Agropecuarias","robots":{"index":"index","follow":"follow","max-snippet":"max-snippet:-1","max-image-preview":"max-image-preview:large","max-video-preview":"max-video-preview:-1"},"canonical":"https:\/\/www.fica.unsl.edu.ar\/index.php\/inician-jornadas-de-trabajo-para-fortalecer-acciones-entre-la-fcejs-y-fica-con-la-upro\/","og_locale":"es_ES","og_type":"article","og_title":"Inician jornadas de trabajo para fortalecer acciones entre la FCEJS y FICA con la UPRO - Facultad de Ingenier\u00eda y Ciencias Agropecuarias","og_description":"El Centro Universitario Villa Mercedes, a trav\u00e9s de sus dos facultades, formalizar\u00e1 e intensificar\u00e1 las acciones que desarrolla junto con la Universidad Provincial de Oficios&hellip;","og_url":"https:\/\/www.fica.unsl.edu.ar\/index.php\/inician-jornadas-de-trabajo-para-fortalecer-acciones-entre-la-fcejs-y-fica-con-la-upro\/","og_site_name":"Facultad de Ingenier\u00eda y Ciencias Agropecuarias","article_publisher":"https:\/\/www.facebook.com\/FICA.UNSL\/","article_published_time":"2024-03-27T16:24:05+00:00","article_modified_time":"2024-05-06T11:39:02+00:00","og_image":[{"width":2560,"height":1707,"url":"https:\/\/www.fica.unsl.edu.ar\/wp-content\/uploads\/2024\/03\/IMG_7094-scaled.jpg","type":"image\/jpeg"}],"author":"DATI","twitter_card":"summary_large_image","twitter_creator":"@FICAUNSL","twitter_site":"@FICAUNSL","twitter_misc":{"Escrito por":"DATI","Tiempo de lectura":"3 minutos"},"schema":{"@context":"https:\/\/schema.org","@graph":[{"@type":"Article","@id":"https:\/\/www.fica.unsl.edu.ar\/index.php\/inician-jornadas-de-trabajo-para-fortalecer-acciones-entre-la-fcejs-y-fica-con-la-upro\/#article","isPartOf":{"@id":"https:\/\/www.fica.unsl.edu.ar\/index.php\/inician-jornadas-de-trabajo-para-fortalecer-acciones-entre-la-fcejs-y-fica-con-la-upro\/"},"author":{"name":"DATI","@id":"https:\/\/www.fica.unsl.edu.ar\/#\/schema\/person\/6058f9c66301868d3a691b1f5d6c3544"},"headline":"Inician jornadas de trabajo para fortalecer acciones entre la FCEJS y FICA con la UPRO","datePublished":"2024-03-27T16:24:05+00:00","dateModified":"2024-05-06T11:39:02+00:00","mainEntityOfPage":{"@id":"https:\/\/www.fica.unsl.edu.ar\/index.php\/inician-jornadas-de-trabajo-para-fortalecer-acciones-entre-la-fcejs-y-fica-con-la-upro\/"},"wordCount":430,"publisher":{"@id":"https:\/\/www.fica.unsl.edu.ar\/#organization"},"image":{"@id":"https:\/\/www.fica.unsl.edu.ar\/index.php\/inician-jornadas-de-trabajo-para-fortalecer-acciones-entre-la-fcejs-y-fica-con-la-upro\/#primaryimage"},"thumbnailUrl":"https:\/\/www.fica.unsl.edu.ar\/wp-content\/uploads\/2024\/03\/IMG_7094-scaled.jpg","articleSection":["Noticias"],"inLanguage":"es-AR"},{"@type":"WebPage","@id":"https:\/\/www.fica.unsl.edu.ar\/index.php\/inician-jornadas-de-trabajo-para-fortalecer-acciones-entre-la-fcejs-y-fica-con-la-upro\/","url":"https:\/\/www.fica.unsl.edu.ar\/index.php\/inician-jornadas-de-trabajo-para-fortalecer-acciones-entre-la-fcejs-y-fica-con-la-upro\/","name":"Inician jornadas de trabajo para fortalecer acciones entre la FCEJS y FICA con la UPRO - Facultad de Ingenier\u00eda y Ciencias Agropecuarias","isPartOf":{"@id":"https:\/\/www.fica.unsl.edu.ar\/#website"},"primaryImageOfPage":{"@id":"https:\/\/www.fica.unsl.edu.ar\/index.php\/inician-jornadas-de-trabajo-para-fortalecer-acciones-entre-la-fcejs-y-fica-con-la-upro\/#primaryimage"},"image":{"@id":"https:\/\/www.fica.unsl.edu.ar\/index.php\/inician-jornadas-de-trabajo-para-fortalecer-acciones-entre-la-fcejs-y-fica-con-la-upro\/#primaryimage"},"thumbnailUrl":"https:\/\/www.fica.unsl.edu.ar\/wp-content\/uploads\/2024\/03\/IMG_7094-scaled.jpg","datePublished":"2024-03-27T16:24:05+00:00","dateModified":"2024-05-06T11:39:02+00:00","inLanguage":"es-AR","potentialAction":[{"@type":"ReadAction","target":["https:\/\/www.fica.unsl.edu.ar\/index.php\/inician-jornadas-de-trabajo-para-fortalecer-acciones-entre-la-fcejs-y-fica-con-la-upro\/"]}]},{"@type":"ImageObject","inLanguage":"es-AR","@id":"https:\/\/www.fica.unsl.edu.ar\/index.php\/inician-jornadas-de-trabajo-para-fortalecer-acciones-entre-la-fcejs-y-fica-con-la-upro\/#primaryimage","url":"https:\/\/www.fica.unsl.edu.ar\/wp-content\/uploads\/2024\/03\/IMG_7094-scaled.jpg","contentUrl":"https:\/\/www.fica.unsl.edu.ar\/wp-content\/uploads\/2024\/03\/IMG_7094-scaled.jpg","width":2560,"height":1707},{"@type":"WebSite","@id":"https:\/\/www.fica.unsl.edu.ar\/#website","url":"https:\/\/www.fica.unsl.edu.ar\/","name":"Facultad de Ingenier\u00eda y Ciencias Agropecuarias","description":"","publisher":{"@id":"https:\/\/www.fica.unsl.edu.ar\/#organization"},"potentialAction":[{"@type":"SearchAction","target":{"@type":"EntryPoint","urlTemplate":"https:\/\/www.fica.unsl.edu.ar\/?s={search_term_string}"},"query-input":{"@type":"PropertyValueSpecification","valueRequired":true,"valueName":"search_term_string"}}],"inLanguage":"es-AR"},{"@type":"Organization","@id":"https:\/\/www.fica.unsl.edu.ar\/#organization","name":"Facultad de Ingenier\u00eda y Ciencias Agropecuarias","url":"https:\/\/www.fica.unsl.edu.ar\/","logo":{"@type":"ImageObject","inLanguage":"es-AR","@id":"https:\/\/www.fica.unsl.edu.ar\/#\/schema\/logo\/image\/","url":"https:\/\/www.fica.unsl.edu.ar\/wp-content\/uploads\/2021\/03\/LOGO-1.jpg","contentUrl":"https:\/\/www.fica.unsl.edu.ar\/wp-content\/uploads\/2021\/03\/LOGO-1.jpg","width":463,"height":145,"caption":"Facultad de Ingenier\u00eda y Ciencias Agropecuarias"},"image":{"@id":"https:\/\/www.fica.unsl.edu.ar\/#\/schema\/logo\/image\/"},"sameAs":["https:\/\/www.facebook.com\/FICA.UNSL\/","https:\/\/x.com\/FICAUNSL","https:\/\/www.instagram.com\/fica.unsl\/","https:\/\/www.youtube.com\/channel\/UCs2MM53gb2PyBrMySdtWZDQ"]},{"@type":"Person","@id":"https:\/\/www.fica.unsl.edu.ar\/#\/schema\/person\/6058f9c66301868d3a691b1f5d6c3544","name":"DATI"}]}},"_links":{"self":[{"href":"https:\/\/www.fica.unsl.edu.ar\/index.php\/wp-json\/wp\/v2\/posts\/16384","targetHints":{"allow":["GET"]}}],"collection":[{"href":"https:\/\/www.fica.unsl.edu.ar\/index.php\/wp-json\/wp\/v2\/posts"}],"about":[{"href":"https:\/\/www.fica.unsl.edu.ar\/index.php\/wp-json\/wp\/v2\/types\/post"}],"author":[{"embeddable":true,"href":"https:\/\/www.fica.unsl.edu.ar\/index.php\/wp-json\/wp\/v2\/users\/9"}],"replies":[{"embeddable":true,"href":"https:\/\/www.fica.unsl.edu.ar\/index.php\/wp-json\/wp\/v2\/comments?post=16384"}],"version-history":[{"count":1,"href":"https:\/\/www.fica.unsl.edu.ar\/index.php\/wp-json\/wp\/v2\/posts\/16384\/revisions"}],"predecessor-version":[{"id":16389,"href":"https:\/\/www.fica.unsl.edu.ar\/index.php\/wp-json\/wp\/v2\/posts\/16384\/revisions\/16389"}],"wp:featuredmedia":[{"embeddable":true,"href":"https:\/\/www.fica.unsl.edu.ar\/index.php\/wp-json\/wp\/v2\/media\/16388"}],"wp:attachment":[{"href":"https:\/\/www.fica.unsl.edu.ar\/index.php\/wp-json\/wp\/v2\/media?parent=16384"}],"wp:term":[{"taxonomy":"category","embeddable":true,"href":"https:\/\/www.fica.unsl.edu.ar\/index.php\/wp-json\/wp\/v2\/categories?post=16384"},{"taxonomy":"post_tag","embeddable":true,"href":"https:\/\/www.fica.unsl.edu.ar\/index.php\/wp-json\/wp\/v2\/tags?post=16384"}],"curies":[{"name":"wp","href":"https:\/\/api.w.org\/{rel}","templated":true}]}}