{"id":16390,"date":"2024-04-03T14:10:54","date_gmt":"2024-04-03T17:10:54","guid":{"rendered":"http:\/\/10.101.10.196\/www\/?p=16390"},"modified":"2024-05-06T08:35:41","modified_gmt":"2024-05-06T11:35:41","slug":"2-de-abril-dia-del-veterano-y-de-los-caidos-en-la-guerra-de-malvinas","status":"publish","type":"post","link":"https:\/\/www.fica.unsl.edu.ar\/index.php\/2-de-abril-dia-del-veterano-y-de-los-caidos-en-la-guerra-de-malvinas\/","title":{"rendered":"2 de abril: D\u00eda del Veterano y de los Ca\u00eddos en la Guerra de Malvinas"},"content":{"rendered":"<p>Cada 2 de abril, Argentina conmemora el D\u00eda del Veterano y de los Ca\u00eddos en la Guerra de Malvinas, recordando el inicio del conflicto armado entre nuestro pa\u00eds y el Reino Unido en 1982, en busca de la soberan\u00eda sobre las Islas Malvinas, Georgias del Sur y Sandwich del Sur.<\/p>\n<p>Esta guerra, impulsada por la dictadura militar liderada en ese momento por Leopoldo Galtieri, dej\u00f3 una marca imborrable en la sociedad argentina, con p\u00e9rdidas humanas y heridas que a\u00fan resuenan en nuestra memoria colectiva.<\/p>\n<p>Hoy, como Facultad reafirmamos nuestro compromiso en reclamo por el ejercicio pleno de la soberan\u00eda argentina sobre las mencionadas islas y los espacios mar\u00edtimos correspondientes. Es un momento para honrar a quienes participaron en aquel conflicto, as\u00ed como para recordar la importancia de buscar la paz y la justicia en la resoluci\u00f3n de conflictos internacionales.<\/p>\n","protected":false},"excerpt":{"rendered":"<p>Cada 2 de abril, Argentina conmemora el D\u00eda del Veterano y de los Ca\u00eddos en la Guerra de Malvinas, recordando el inicio del conflicto armado&hellip;<\/p>\n","protected":false},"author":9,"featured_media":16411,"comment_status":"closed","ping_status":"closed","sticky":false,"template":"","format":"standard","meta":{"_monsterinsights_skip_tracking":false,"_monsterinsights_sitenote_active":false,"_monsterinsights_sitenote_note":"","_monsterinsights_sitenote_category":0,"_joinchat":[],"footnotes":""},"categories":[19],"tags":[],"class_list":["post-16390","post","type-post","status-publish","format-standard","has-post-thumbnail","hentry","category-noticias"],"yoast_head":"<!-- This site is optimized with the Yoast SEO plugin v27.4 - https:\/\/yoast.com\/product\/yoast-seo-wordpress\/ -->\n<title>2 de abril: D\u00eda del Veterano y de los Ca\u00eddos en la Guerra de Malvinas - Facultad de Ingenier\u00eda y Ciencias Agropecuarias<\/title>\n<meta name=\"robots\" content=\"index, follow, max-snippet:-1, max-image-preview:large, max-video-preview:-1\" \/>\n<link rel=\"canonical\" href=\"https:\/\/www.fica.unsl.edu.ar\/index.php\/2-de-abril-dia-del-veterano-y-de-los-caidos-en-la-guerra-de-malvinas\/\" \/>\n<meta property=\"og:locale\" content=\"es_ES\" \/>\n<meta property=\"og:type\" content=\"article\" \/>\n<meta property=\"og:title\" content=\"2 de abril: D\u00eda del Veterano y de los Ca\u00eddos en la Guerra de Malvinas - Facultad de Ingenier\u00eda y Ciencias Agropecuarias\" \/>\n<meta property=\"og:description\" content=\"Cada 2 de abril, Argentina conmemora el D\u00eda del Veterano y de los Ca\u00eddos en la Guerra de Malvinas, recordando el inicio del conflicto armado&hellip;\" \/>\n<meta property=\"og:url\" content=\"https:\/\/www.fica.unsl.edu.ar\/index.php\/2-de-abril-dia-del-veterano-y-de-los-caidos-en-la-guerra-de-malvinas\/\" \/>\n<meta property=\"og:site_name\" content=\"Facultad de Ingenier\u00eda y Ciencias Agropecuarias\" \/>\n<meta property=\"article:publisher\" content=\"https:\/\/www.facebook.com\/FICA.UNSL\/\" \/>\n<meta property=\"article:published_time\" content=\"2024-04-03T17:10:54+00:00\" \/>\n<meta property=\"article:modified_time\" content=\"2024-05-06T11:35:41+00:00\" \/>\n<meta property=\"og:image\" content=\"https:\/\/www.fica.unsl.edu.ar\/wp-content\/uploads\/2024\/04\/EFEMERIDES-3-4-2-front.jpg\" \/>\n\t<meta property=\"og:image:width\" content=\"1061\" \/>\n\t<meta property=\"og:image:height\" content=\"585\" \/>\n\t<meta property=\"og:image:type\" content=\"image\/jpeg\" \/>\n<meta name=\"author\" content=\"DATI\" \/>\n<meta name=\"twitter:card\" content=\"summary_large_image\" \/>\n<meta name=\"twitter:creator\" content=\"@FICAUNSL\" \/>\n<meta name=\"twitter:site\" content=\"@FICAUNSL\" \/>\n<meta name=\"twitter:label1\" content=\"Escrito por\" \/>\n\t<meta name=\"twitter:data1\" content=\"DATI\" \/>\n\t<meta name=\"twitter:label2\" content=\"Tiempo de lectura\" \/>\n\t<meta name=\"twitter:data2\" content=\"1 minuto\" \/>\n<script type=\"application\/ld+json\" class=\"yoast-schema-graph\">{\"@context\":\"https:\\\/\\\/schema.org\",\"@graph\":[{\"@type\":\"Article\",\"@id\":\"https:\\\/\\\/www.fica.unsl.edu.ar\\\/index.php\\\/2-de-abril-dia-del-veterano-y-de-los-caidos-en-la-guerra-de-malvinas\\\/#article\",\"isPartOf\":{\"@id\":\"https:\\\/\\\/www.fica.unsl.edu.ar\\\/index.php\\\/2-de-abril-dia-del-veterano-y-de-los-caidos-en-la-guerra-de-malvinas\\\/\"},\"author\":{\"name\":\"DATI\",\"@id\":\"https:\\\/\\\/www.fica.unsl.edu.ar\\\/#\\\/schema\\\/person\\\/6058f9c66301868d3a691b1f5d6c3544\"},\"headline\":\"2 de abril: D\u00eda del Veterano y de los Ca\u00eddos en la Guerra de Malvinas\",\"datePublished\":\"2024-04-03T17:10:54+00:00\",\"dateModified\":\"2024-05-06T11:35:41+00:00\",\"mainEntityOfPage\":{\"@id\":\"https:\\\/\\\/www.fica.unsl.edu.ar\\\/index.php\\\/2-de-abril-dia-del-veterano-y-de-los-caidos-en-la-guerra-de-malvinas\\\/\"},\"wordCount\":162,\"publisher\":{\"@id\":\"https:\\\/\\\/www.fica.unsl.edu.ar\\\/#organization\"},\"image\":{\"@id\":\"https:\\\/\\\/www.fica.unsl.edu.ar\\\/index.php\\\/2-de-abril-dia-del-veterano-y-de-los-caidos-en-la-guerra-de-malvinas\\\/#primaryimage\"},\"thumbnailUrl\":\"https:\\\/\\\/www.fica.unsl.edu.ar\\\/wp-content\\\/uploads\\\/2024\\\/04\\\/EFEMERIDES-3-4-2-front.jpg\",\"articleSection\":[\"Noticias\"],\"inLanguage\":\"es-AR\"},{\"@type\":\"WebPage\",\"@id\":\"https:\\\/\\\/www.fica.unsl.edu.ar\\\/index.php\\\/2-de-abril-dia-del-veterano-y-de-los-caidos-en-la-guerra-de-malvinas\\\/\",\"url\":\"https:\\\/\\\/www.fica.unsl.edu.ar\\\/index.php\\\/2-de-abril-dia-del-veterano-y-de-los-caidos-en-la-guerra-de-malvinas\\\/\",\"name\":\"2 de abril: D\u00eda del Veterano y de los Ca\u00eddos en la Guerra de Malvinas - Facultad de Ingenier\u00eda y Ciencias Agropecuarias\",\"isPartOf\":{\"@id\":\"https:\\\/\\\/www.fica.unsl.edu.ar\\\/#website\"},\"primaryImageOfPage\":{\"@id\":\"https:\\\/\\\/www.fica.unsl.edu.ar\\\/index.php\\\/2-de-abril-dia-del-veterano-y-de-los-caidos-en-la-guerra-de-malvinas\\\/#primaryimage\"},\"image\":{\"@id\":\"https:\\\/\\\/www.fica.unsl.edu.ar\\\/index.php\\\/2-de-abril-dia-del-veterano-y-de-los-caidos-en-la-guerra-de-malvinas\\\/#primaryimage\"},\"thumbnailUrl\":\"https:\\\/\\\/www.fica.unsl.edu.ar\\\/wp-content\\\/uploads\\\/2024\\\/04\\\/EFEMERIDES-3-4-2-front.jpg\",\"datePublished\":\"2024-04-03T17:10:54+00:00\",\"dateModified\":\"2024-05-06T11:35:41+00:00\",\"inLanguage\":\"es-AR\",\"potentialAction\":[{\"@type\":\"ReadAction\",\"target\":[\"https:\\\/\\\/www.fica.unsl.edu.ar\\\/index.php\\\/2-de-abril-dia-del-veterano-y-de-los-caidos-en-la-guerra-de-malvinas\\\/\"]}]},{\"@type\":\"ImageObject\",\"inLanguage\":\"es-AR\",\"@id\":\"https:\\\/\\\/www.fica.unsl.edu.ar\\\/index.php\\\/2-de-abril-dia-del-veterano-y-de-los-caidos-en-la-guerra-de-malvinas\\\/#primaryimage\",\"url\":\"https:\\\/\\\/www.fica.unsl.edu.ar\\\/wp-content\\\/uploads\\\/2024\\\/04\\\/EFEMERIDES-3-4-2-front.jpg\",\"contentUrl\":\"https:\\\/\\\/www.fica.unsl.edu.ar\\\/wp-content\\\/uploads\\\/2024\\\/04\\\/EFEMERIDES-3-4-2-front.jpg\",\"width\":1061,\"height\":585},{\"@type\":\"WebSite\",\"@id\":\"https:\\\/\\\/www.fica.unsl.edu.ar\\\/#website\",\"url\":\"https:\\\/\\\/www.fica.unsl.edu.ar\\\/\",\"name\":\"Facultad de Ingenier\u00eda y Ciencias Agropecuarias\",\"description\":\"\",\"publisher\":{\"@id\":\"https:\\\/\\\/www.fica.unsl.edu.ar\\\/#organization\"},\"potentialAction\":[{\"@type\":\"SearchAction\",\"target\":{\"@type\":\"EntryPoint\",\"urlTemplate\":\"https:\\\/\\\/www.fica.unsl.edu.ar\\\/?s={search_term_string}\"},\"query-input\":{\"@type\":\"PropertyValueSpecification\",\"valueRequired\":true,\"valueName\":\"search_term_string\"}}],\"inLanguage\":\"es-AR\"},{\"@type\":\"Organization\",\"@id\":\"https:\\\/\\\/www.fica.unsl.edu.ar\\\/#organization\",\"name\":\"Facultad de Ingenier\u00eda y Ciencias Agropecuarias\",\"url\":\"https:\\\/\\\/www.fica.unsl.edu.ar\\\/\",\"logo\":{\"@type\":\"ImageObject\",\"inLanguage\":\"es-AR\",\"@id\":\"https:\\\/\\\/www.fica.unsl.edu.ar\\\/#\\\/schema\\\/logo\\\/image\\\/\",\"url\":\"https:\\\/\\\/www.fica.unsl.edu.ar\\\/wp-content\\\/uploads\\\/2021\\\/03\\\/LOGO-1.jpg\",\"contentUrl\":\"https:\\\/\\\/www.fica.unsl.edu.ar\\\/wp-content\\\/uploads\\\/2021\\\/03\\\/LOGO-1.jpg\",\"width\":463,\"height\":145,\"caption\":\"Facultad de Ingenier\u00eda y Ciencias Agropecuarias\"},\"image\":{\"@id\":\"https:\\\/\\\/www.fica.unsl.edu.ar\\\/#\\\/schema\\\/logo\\\/image\\\/\"},\"sameAs\":[\"https:\\\/\\\/www.facebook.com\\\/FICA.UNSL\\\/\",\"https:\\\/\\\/x.com\\\/FICAUNSL\",\"https:\\\/\\\/www.instagram.com\\\/fica.unsl\\\/\",\"https:\\\/\\\/www.youtube.com\\\/channel\\\/UCs2MM53gb2PyBrMySdtWZDQ\"]},{\"@type\":\"Person\",\"@id\":\"https:\\\/\\\/www.fica.unsl.edu.ar\\\/#\\\/schema\\\/person\\\/6058f9c66301868d3a691b1f5d6c3544\",\"name\":\"DATI\"}]}<\/script>\n<!-- \/ Yoast SEO plugin. -->","yoast_head_json":{"title":"2 de abril: D\u00eda del Veterano y de los Ca\u00eddos en la Guerra de Malvinas - Facultad de Ingenier\u00eda y Ciencias Agropecuarias","robots":{"index":"index","follow":"follow","max-snippet":"max-snippet:-1","max-image-preview":"max-image-preview:large","max-video-preview":"max-video-preview:-1"},"canonical":"https:\/\/www.fica.unsl.edu.ar\/index.php\/2-de-abril-dia-del-veterano-y-de-los-caidos-en-la-guerra-de-malvinas\/","og_locale":"es_ES","og_type":"article","og_title":"2 de abril: D\u00eda del Veterano y de los Ca\u00eddos en la Guerra de Malvinas - Facultad de Ingenier\u00eda y Ciencias Agropecuarias","og_description":"Cada 2 de abril, Argentina conmemora el D\u00eda del Veterano y de los Ca\u00eddos en la Guerra de Malvinas, recordando el inicio del conflicto armado&hellip;","og_url":"https:\/\/www.fica.unsl.edu.ar\/index.php\/2-de-abril-dia-del-veterano-y-de-los-caidos-en-la-guerra-de-malvinas\/","og_site_name":"Facultad de Ingenier\u00eda y Ciencias Agropecuarias","article_publisher":"https:\/\/www.facebook.com\/FICA.UNSL\/","article_published_time":"2024-04-03T17:10:54+00:00","article_modified_time":"2024-05-06T11:35:41+00:00","og_image":[{"width":1061,"height":585,"url":"https:\/\/www.fica.unsl.edu.ar\/wp-content\/uploads\/2024\/04\/EFEMERIDES-3-4-2-front.jpg","type":"image\/jpeg"}],"author":"DATI","twitter_card":"summary_large_image","twitter_creator":"@FICAUNSL","twitter_site":"@FICAUNSL","twitter_misc":{"Escrito por":"DATI","Tiempo de lectura":"1 minuto"},"schema":{"@context":"https:\/\/schema.org","@graph":[{"@type":"Article","@id":"https:\/\/www.fica.unsl.edu.ar\/index.php\/2-de-abril-dia-del-veterano-y-de-los-caidos-en-la-guerra-de-malvinas\/#article","isPartOf":{"@id":"https:\/\/www.fica.unsl.edu.ar\/index.php\/2-de-abril-dia-del-veterano-y-de-los-caidos-en-la-guerra-de-malvinas\/"},"author":{"name":"DATI","@id":"https:\/\/www.fica.unsl.edu.ar\/#\/schema\/person\/6058f9c66301868d3a691b1f5d6c3544"},"headline":"2 de abril: D\u00eda del Veterano y de los Ca\u00eddos en la Guerra de Malvinas","datePublished":"2024-04-03T17:10:54+00:00","dateModified":"2024-05-06T11:35:41+00:00","mainEntityOfPage":{"@id":"https:\/\/www.fica.unsl.edu.ar\/index.php\/2-de-abril-dia-del-veterano-y-de-los-caidos-en-la-guerra-de-malvinas\/"},"wordCount":162,"publisher":{"@id":"https:\/\/www.fica.unsl.edu.ar\/#organization"},"image":{"@id":"https:\/\/www.fica.unsl.edu.ar\/index.php\/2-de-abril-dia-del-veterano-y-de-los-caidos-en-la-guerra-de-malvinas\/#primaryimage"},"thumbnailUrl":"https:\/\/www.fica.unsl.edu.ar\/wp-content\/uploads\/2024\/04\/EFEMERIDES-3-4-2-front.jpg","articleSection":["Noticias"],"inLanguage":"es-AR"},{"@type":"WebPage","@id":"https:\/\/www.fica.unsl.edu.ar\/index.php\/2-de-abril-dia-del-veterano-y-de-los-caidos-en-la-guerra-de-malvinas\/","url":"https:\/\/www.fica.unsl.edu.ar\/index.php\/2-de-abril-dia-del-veterano-y-de-los-caidos-en-la-guerra-de-malvinas\/","name":"2 de abril: D\u00eda del Veterano y de los Ca\u00eddos en la Guerra de Malvinas - Facultad de Ingenier\u00eda y Ciencias Agropecuarias","isPartOf":{"@id":"https:\/\/www.fica.unsl.edu.ar\/#website"},"primaryImageOfPage":{"@id":"https:\/\/www.fica.unsl.edu.ar\/index.php\/2-de-abril-dia-del-veterano-y-de-los-caidos-en-la-guerra-de-malvinas\/#primaryimage"},"image":{"@id":"https:\/\/www.fica.unsl.edu.ar\/index.php\/2-de-abril-dia-del-veterano-y-de-los-caidos-en-la-guerra-de-malvinas\/#primaryimage"},"thumbnailUrl":"https:\/\/www.fica.unsl.edu.ar\/wp-content\/uploads\/2024\/04\/EFEMERIDES-3-4-2-front.jpg","datePublished":"2024-04-03T17:10:54+00:00","dateModified":"2024-05-06T11:35:41+00:00","inLanguage":"es-AR","potentialAction":[{"@type":"ReadAction","target":["https:\/\/www.fica.unsl.edu.ar\/index.php\/2-de-abril-dia-del-veterano-y-de-los-caidos-en-la-guerra-de-malvinas\/"]}]},{"@type":"ImageObject","inLanguage":"es-AR","@id":"https:\/\/www.fica.unsl.edu.ar\/index.php\/2-de-abril-dia-del-veterano-y-de-los-caidos-en-la-guerra-de-malvinas\/#primaryimage","url":"https:\/\/www.fica.unsl.edu.ar\/wp-content\/uploads\/2024\/04\/EFEMERIDES-3-4-2-front.jpg","contentUrl":"https:\/\/www.fica.unsl.edu.ar\/wp-content\/uploads\/2024\/04\/EFEMERIDES-3-4-2-front.jpg","width":1061,"height":585},{"@type":"WebSite","@id":"https:\/\/www.fica.unsl.edu.ar\/#website","url":"https:\/\/www.fica.unsl.edu.ar\/","name":"Facultad de Ingenier\u00eda y Ciencias Agropecuarias","description":"","publisher":{"@id":"https:\/\/www.fica.unsl.edu.ar\/#organization"},"potentialAction":[{"@type":"SearchAction","target":{"@type":"EntryPoint","urlTemplate":"https:\/\/www.fica.unsl.edu.ar\/?s={search_term_string}"},"query-input":{"@type":"PropertyValueSpecification","valueRequired":true,"valueName":"search_term_string"}}],"inLanguage":"es-AR"},{"@type":"Organization","@id":"https:\/\/www.fica.unsl.edu.ar\/#organization","name":"Facultad de Ingenier\u00eda y Ciencias Agropecuarias","url":"https:\/\/www.fica.unsl.edu.ar\/","logo":{"@type":"ImageObject","inLanguage":"es-AR","@id":"https:\/\/www.fica.unsl.edu.ar\/#\/schema\/logo\/image\/","url":"https:\/\/www.fica.unsl.edu.ar\/wp-content\/uploads\/2021\/03\/LOGO-1.jpg","contentUrl":"https:\/\/www.fica.unsl.edu.ar\/wp-content\/uploads\/2021\/03\/LOGO-1.jpg","width":463,"height":145,"caption":"Facultad de Ingenier\u00eda y Ciencias Agropecuarias"},"image":{"@id":"https:\/\/www.fica.unsl.edu.ar\/#\/schema\/logo\/image\/"},"sameAs":["https:\/\/www.facebook.com\/FICA.UNSL\/","https:\/\/x.com\/FICAUNSL","https:\/\/www.instagram.com\/fica.unsl\/","https:\/\/www.youtube.com\/channel\/UCs2MM53gb2PyBrMySdtWZDQ"]},{"@type":"Person","@id":"https:\/\/www.fica.unsl.edu.ar\/#\/schema\/person\/6058f9c66301868d3a691b1f5d6c3544","name":"DATI"}]}},"_links":{"self":[{"href":"https:\/\/www.fica.unsl.edu.ar\/index.php\/wp-json\/wp\/v2\/posts\/16390","targetHints":{"allow":["GET"]}}],"collection":[{"href":"https:\/\/www.fica.unsl.edu.ar\/index.php\/wp-json\/wp\/v2\/posts"}],"about":[{"href":"https:\/\/www.fica.unsl.edu.ar\/index.php\/wp-json\/wp\/v2\/types\/post"}],"author":[{"embeddable":true,"href":"https:\/\/www.fica.unsl.edu.ar\/index.php\/wp-json\/wp\/v2\/users\/9"}],"replies":[{"embeddable":true,"href":"https:\/\/www.fica.unsl.edu.ar\/index.php\/wp-json\/wp\/v2\/comments?post=16390"}],"version-history":[{"count":1,"href":"https:\/\/www.fica.unsl.edu.ar\/index.php\/wp-json\/wp\/v2\/posts\/16390\/revisions"}],"predecessor-version":[{"id":16391,"href":"https:\/\/www.fica.unsl.edu.ar\/index.php\/wp-json\/wp\/v2\/posts\/16390\/revisions\/16391"}],"wp:featuredmedia":[{"embeddable":true,"href":"https:\/\/www.fica.unsl.edu.ar\/index.php\/wp-json\/wp\/v2\/media\/16411"}],"wp:attachment":[{"href":"https:\/\/www.fica.unsl.edu.ar\/index.php\/wp-json\/wp\/v2\/media?parent=16390"}],"wp:term":[{"taxonomy":"category","embeddable":true,"href":"https:\/\/www.fica.unsl.edu.ar\/index.php\/wp-json\/wp\/v2\/categories?post=16390"},{"taxonomy":"post_tag","embeddable":true,"href":"https:\/\/www.fica.unsl.edu.ar\/index.php\/wp-json\/wp\/v2\/tags?post=16390"}],"curies":[{"name":"wp","href":"https:\/\/api.w.org\/{rel}","templated":true}]}}