{"id":16392,"date":"2024-04-03T14:10:37","date_gmt":"2024-04-03T17:10:37","guid":{"rendered":"http:\/\/10.101.10.196\/www\/?p=16392"},"modified":"2024-05-06T08:35:36","modified_gmt":"2024-05-06T11:35:36","slug":"la-unsl-en-villa-mercedes-se-sumo-a-la-conmemoracion-del-dia-mundial-de-la-concientizacion-sobre-el-autismo","status":"publish","type":"post","link":"https:\/\/www.fica.unsl.edu.ar\/index.php\/la-unsl-en-villa-mercedes-se-sumo-a-la-conmemoracion-del-dia-mundial-de-la-concientizacion-sobre-el-autismo\/","title":{"rendered":"La UNSL en Villa Mercedes se sum\u00f3 a la conmemoraci\u00f3n del D\u00eda Mundial de la Concientizaci\u00f3n sobre el Autismo"},"content":{"rendered":"<p>El ingreso del edificio central del Campus Universitario se ilumin\u00f3 con el color azul, en el marco del D\u00eda Mundial de la Concientizaci\u00f3n sobre el Autismo, que se conmemor\u00f3 el d\u00eda martes 2 de abril. De esta manera la UNSL en Villa Mercedes se sum\u00f3 a la iniciativa de la Organizaci\u00f3n de las Naciones Unidas (ONU), que busca contribuir a la mejora de la calidad de vida de las personas con autismo, generar acciones que motiven a reflexionar, actividades de difusi\u00f3n sobre la importancia del diagn\u00f3stico precoz y la intervenci\u00f3n temprana, asi\u0301 como estrategias para lograr la inclusi\u00f3n social de personas con esta condici\u00f3n.<\/p>\n<p>El D\u00eda Mundial de Concienciaci\u00f3n sobre el Autismo se conmemora anualmente el 2 de abril, con el prop\u00f3sito de sensibilizar a la sociedad sobre el trastorno del espectro autista (TEA) y fomentar la inclusi\u00f3n, el entendimiento y el apoyo a las personas con autismo.<\/p>\n<p>Esta fecha invita a reflexionar sobre c\u00f3mo podemos colaborar en la creaci\u00f3n de un mundo m\u00e1s inclusivo y respetuoso para todas las personas, reconociendo y valorando la diversidad como un factor enriquecedor para la sociedad en su conjunto.<\/p>\n<p><img fetchpriority=\"high\" decoding=\"async\" class=\" wp-image-16152 alignleft\" src=\"https:\/\/www.fcejs.unsl.edu.ar\/wp-content\/uploads\/2024\/04\/EFEMERIDES-3-4-1-02-1024x768.jpg\" alt=\"\" width=\"499\" height=\"374\" \/> <img decoding=\"async\" class=\" wp-image-16153 alignright\" src=\"https:\/\/www.fcejs.unsl.edu.ar\/wp-content\/uploads\/2024\/04\/EFEMERIDES-3-4-1-03-1024x768.jpg\" alt=\"\" width=\"510\" height=\"382\" \/><\/p>\n","protected":false},"excerpt":{"rendered":"<p>El ingreso del edificio central del Campus Universitario se ilumin\u00f3 con el color azul, en el marco del D\u00eda Mundial de la Concientizaci\u00f3n sobre el&hellip;<\/p>\n","protected":false},"author":9,"featured_media":16410,"comment_status":"closed","ping_status":"closed","sticky":false,"template":"","format":"standard","meta":{"_monsterinsights_skip_tracking":false,"_monsterinsights_sitenote_active":false,"_monsterinsights_sitenote_note":"","_monsterinsights_sitenote_category":0,"_joinchat":[],"footnotes":""},"categories":[19],"tags":[],"class_list":["post-16392","post","type-post","status-publish","format-standard","has-post-thumbnail","hentry","category-noticias"],"yoast_head":"<!-- This site is optimized with the Yoast SEO plugin v27.4 - https:\/\/yoast.com\/product\/yoast-seo-wordpress\/ -->\n<title>La UNSL en Villa Mercedes se sum\u00f3 a la conmemoraci\u00f3n del D\u00eda Mundial de la Concientizaci\u00f3n sobre el Autismo - Facultad de Ingenier\u00eda y Ciencias Agropecuarias<\/title>\n<meta name=\"robots\" content=\"index, follow, max-snippet:-1, max-image-preview:large, max-video-preview:-1\" \/>\n<link rel=\"canonical\" href=\"https:\/\/www.fica.unsl.edu.ar\/index.php\/la-unsl-en-villa-mercedes-se-sumo-a-la-conmemoracion-del-dia-mundial-de-la-concientizacion-sobre-el-autismo\/\" \/>\n<meta property=\"og:locale\" content=\"es_ES\" \/>\n<meta property=\"og:type\" content=\"article\" \/>\n<meta property=\"og:title\" content=\"La UNSL en Villa Mercedes se sum\u00f3 a la conmemoraci\u00f3n del D\u00eda Mundial de la Concientizaci\u00f3n sobre el Autismo - Facultad de Ingenier\u00eda y Ciencias Agropecuarias\" \/>\n<meta property=\"og:description\" content=\"El ingreso del edificio central del Campus Universitario se ilumin\u00f3 con el color azul, en el marco del D\u00eda Mundial de la Concientizaci\u00f3n sobre el&hellip;\" \/>\n<meta property=\"og:url\" content=\"https:\/\/www.fica.unsl.edu.ar\/index.php\/la-unsl-en-villa-mercedes-se-sumo-a-la-conmemoracion-del-dia-mundial-de-la-concientizacion-sobre-el-autismo\/\" \/>\n<meta property=\"og:site_name\" content=\"Facultad de Ingenier\u00eda y Ciencias Agropecuarias\" \/>\n<meta property=\"article:publisher\" content=\"https:\/\/www.facebook.com\/FICA.UNSL\/\" \/>\n<meta property=\"article:published_time\" content=\"2024-04-03T17:10:37+00:00\" \/>\n<meta property=\"article:modified_time\" content=\"2024-05-06T11:35:36+00:00\" \/>\n<meta property=\"og:image\" content=\"https:\/\/www.fica.unsl.edu.ar\/wp-content\/uploads\/2024\/04\/EFEMERIDES-3-4-1-front.jpg\" \/>\n\t<meta property=\"og:image:width\" content=\"1061\" \/>\n\t<meta property=\"og:image:height\" content=\"585\" \/>\n\t<meta property=\"og:image:type\" content=\"image\/jpeg\" \/>\n<meta name=\"author\" content=\"DATI\" \/>\n<meta name=\"twitter:card\" content=\"summary_large_image\" \/>\n<meta name=\"twitter:creator\" content=\"@FICAUNSL\" \/>\n<meta name=\"twitter:site\" content=\"@FICAUNSL\" \/>\n<meta name=\"twitter:label1\" content=\"Escrito por\" \/>\n\t<meta name=\"twitter:data1\" content=\"DATI\" \/>\n\t<meta name=\"twitter:label2\" content=\"Tiempo de lectura\" \/>\n\t<meta name=\"twitter:data2\" content=\"2 minutos\" \/>\n<script type=\"application\/ld+json\" class=\"yoast-schema-graph\">{\"@context\":\"https:\\\/\\\/schema.org\",\"@graph\":[{\"@type\":\"Article\",\"@id\":\"https:\\\/\\\/www.fica.unsl.edu.ar\\\/index.php\\\/la-unsl-en-villa-mercedes-se-sumo-a-la-conmemoracion-del-dia-mundial-de-la-concientizacion-sobre-el-autismo\\\/#article\",\"isPartOf\":{\"@id\":\"https:\\\/\\\/www.fica.unsl.edu.ar\\\/index.php\\\/la-unsl-en-villa-mercedes-se-sumo-a-la-conmemoracion-del-dia-mundial-de-la-concientizacion-sobre-el-autismo\\\/\"},\"author\":{\"name\":\"DATI\",\"@id\":\"https:\\\/\\\/www.fica.unsl.edu.ar\\\/#\\\/schema\\\/person\\\/6058f9c66301868d3a691b1f5d6c3544\"},\"headline\":\"La UNSL en Villa Mercedes se sum\u00f3 a la conmemoraci\u00f3n del D\u00eda Mundial de la Concientizaci\u00f3n sobre el Autismo\",\"datePublished\":\"2024-04-03T17:10:37+00:00\",\"dateModified\":\"2024-05-06T11:35:36+00:00\",\"mainEntityOfPage\":{\"@id\":\"https:\\\/\\\/www.fica.unsl.edu.ar\\\/index.php\\\/la-unsl-en-villa-mercedes-se-sumo-a-la-conmemoracion-del-dia-mundial-de-la-concientizacion-sobre-el-autismo\\\/\"},\"wordCount\":222,\"publisher\":{\"@id\":\"https:\\\/\\\/www.fica.unsl.edu.ar\\\/#organization\"},\"image\":{\"@id\":\"https:\\\/\\\/www.fica.unsl.edu.ar\\\/index.php\\\/la-unsl-en-villa-mercedes-se-sumo-a-la-conmemoracion-del-dia-mundial-de-la-concientizacion-sobre-el-autismo\\\/#primaryimage\"},\"thumbnailUrl\":\"https:\\\/\\\/www.fica.unsl.edu.ar\\\/wp-content\\\/uploads\\\/2024\\\/04\\\/EFEMERIDES-3-4-1-front.jpg\",\"articleSection\":[\"Noticias\"],\"inLanguage\":\"es-AR\"},{\"@type\":\"WebPage\",\"@id\":\"https:\\\/\\\/www.fica.unsl.edu.ar\\\/index.php\\\/la-unsl-en-villa-mercedes-se-sumo-a-la-conmemoracion-del-dia-mundial-de-la-concientizacion-sobre-el-autismo\\\/\",\"url\":\"https:\\\/\\\/www.fica.unsl.edu.ar\\\/index.php\\\/la-unsl-en-villa-mercedes-se-sumo-a-la-conmemoracion-del-dia-mundial-de-la-concientizacion-sobre-el-autismo\\\/\",\"name\":\"La UNSL en Villa Mercedes se sum\u00f3 a la conmemoraci\u00f3n del D\u00eda Mundial de la Concientizaci\u00f3n sobre el Autismo - Facultad de Ingenier\u00eda y Ciencias Agropecuarias\",\"isPartOf\":{\"@id\":\"https:\\\/\\\/www.fica.unsl.edu.ar\\\/#website\"},\"primaryImageOfPage\":{\"@id\":\"https:\\\/\\\/www.fica.unsl.edu.ar\\\/index.php\\\/la-unsl-en-villa-mercedes-se-sumo-a-la-conmemoracion-del-dia-mundial-de-la-concientizacion-sobre-el-autismo\\\/#primaryimage\"},\"image\":{\"@id\":\"https:\\\/\\\/www.fica.unsl.edu.ar\\\/index.php\\\/la-unsl-en-villa-mercedes-se-sumo-a-la-conmemoracion-del-dia-mundial-de-la-concientizacion-sobre-el-autismo\\\/#primaryimage\"},\"thumbnailUrl\":\"https:\\\/\\\/www.fica.unsl.edu.ar\\\/wp-content\\\/uploads\\\/2024\\\/04\\\/EFEMERIDES-3-4-1-front.jpg\",\"datePublished\":\"2024-04-03T17:10:37+00:00\",\"dateModified\":\"2024-05-06T11:35:36+00:00\",\"inLanguage\":\"es-AR\",\"potentialAction\":[{\"@type\":\"ReadAction\",\"target\":[\"https:\\\/\\\/www.fica.unsl.edu.ar\\\/index.php\\\/la-unsl-en-villa-mercedes-se-sumo-a-la-conmemoracion-del-dia-mundial-de-la-concientizacion-sobre-el-autismo\\\/\"]}]},{\"@type\":\"ImageObject\",\"inLanguage\":\"es-AR\",\"@id\":\"https:\\\/\\\/www.fica.unsl.edu.ar\\\/index.php\\\/la-unsl-en-villa-mercedes-se-sumo-a-la-conmemoracion-del-dia-mundial-de-la-concientizacion-sobre-el-autismo\\\/#primaryimage\",\"url\":\"https:\\\/\\\/www.fica.unsl.edu.ar\\\/wp-content\\\/uploads\\\/2024\\\/04\\\/EFEMERIDES-3-4-1-front.jpg\",\"contentUrl\":\"https:\\\/\\\/www.fica.unsl.edu.ar\\\/wp-content\\\/uploads\\\/2024\\\/04\\\/EFEMERIDES-3-4-1-front.jpg\",\"width\":1061,\"height\":585},{\"@type\":\"WebSite\",\"@id\":\"https:\\\/\\\/www.fica.unsl.edu.ar\\\/#website\",\"url\":\"https:\\\/\\\/www.fica.unsl.edu.ar\\\/\",\"name\":\"Facultad de Ingenier\u00eda y Ciencias Agropecuarias\",\"description\":\"\",\"publisher\":{\"@id\":\"https:\\\/\\\/www.fica.unsl.edu.ar\\\/#organization\"},\"potentialAction\":[{\"@type\":\"SearchAction\",\"target\":{\"@type\":\"EntryPoint\",\"urlTemplate\":\"https:\\\/\\\/www.fica.unsl.edu.ar\\\/?s={search_term_string}\"},\"query-input\":{\"@type\":\"PropertyValueSpecification\",\"valueRequired\":true,\"valueName\":\"search_term_string\"}}],\"inLanguage\":\"es-AR\"},{\"@type\":\"Organization\",\"@id\":\"https:\\\/\\\/www.fica.unsl.edu.ar\\\/#organization\",\"name\":\"Facultad de Ingenier\u00eda y Ciencias Agropecuarias\",\"url\":\"https:\\\/\\\/www.fica.unsl.edu.ar\\\/\",\"logo\":{\"@type\":\"ImageObject\",\"inLanguage\":\"es-AR\",\"@id\":\"https:\\\/\\\/www.fica.unsl.edu.ar\\\/#\\\/schema\\\/logo\\\/image\\\/\",\"url\":\"https:\\\/\\\/www.fica.unsl.edu.ar\\\/wp-content\\\/uploads\\\/2021\\\/03\\\/LOGO-1.jpg\",\"contentUrl\":\"https:\\\/\\\/www.fica.unsl.edu.ar\\\/wp-content\\\/uploads\\\/2021\\\/03\\\/LOGO-1.jpg\",\"width\":463,\"height\":145,\"caption\":\"Facultad de Ingenier\u00eda y Ciencias Agropecuarias\"},\"image\":{\"@id\":\"https:\\\/\\\/www.fica.unsl.edu.ar\\\/#\\\/schema\\\/logo\\\/image\\\/\"},\"sameAs\":[\"https:\\\/\\\/www.facebook.com\\\/FICA.UNSL\\\/\",\"https:\\\/\\\/x.com\\\/FICAUNSL\",\"https:\\\/\\\/www.instagram.com\\\/fica.unsl\\\/\",\"https:\\\/\\\/www.youtube.com\\\/channel\\\/UCs2MM53gb2PyBrMySdtWZDQ\"]},{\"@type\":\"Person\",\"@id\":\"https:\\\/\\\/www.fica.unsl.edu.ar\\\/#\\\/schema\\\/person\\\/6058f9c66301868d3a691b1f5d6c3544\",\"name\":\"DATI\"}]}<\/script>\n<!-- \/ Yoast SEO plugin. -->","yoast_head_json":{"title":"La UNSL en Villa Mercedes se sum\u00f3 a la conmemoraci\u00f3n del D\u00eda Mundial de la Concientizaci\u00f3n sobre el Autismo - Facultad de Ingenier\u00eda y Ciencias Agropecuarias","robots":{"index":"index","follow":"follow","max-snippet":"max-snippet:-1","max-image-preview":"max-image-preview:large","max-video-preview":"max-video-preview:-1"},"canonical":"https:\/\/www.fica.unsl.edu.ar\/index.php\/la-unsl-en-villa-mercedes-se-sumo-a-la-conmemoracion-del-dia-mundial-de-la-concientizacion-sobre-el-autismo\/","og_locale":"es_ES","og_type":"article","og_title":"La UNSL en Villa Mercedes se sum\u00f3 a la conmemoraci\u00f3n del D\u00eda Mundial de la Concientizaci\u00f3n sobre el Autismo - Facultad de Ingenier\u00eda y Ciencias Agropecuarias","og_description":"El ingreso del edificio central del Campus Universitario se ilumin\u00f3 con el color azul, en el marco del D\u00eda Mundial de la Concientizaci\u00f3n sobre el&hellip;","og_url":"https:\/\/www.fica.unsl.edu.ar\/index.php\/la-unsl-en-villa-mercedes-se-sumo-a-la-conmemoracion-del-dia-mundial-de-la-concientizacion-sobre-el-autismo\/","og_site_name":"Facultad de Ingenier\u00eda y Ciencias Agropecuarias","article_publisher":"https:\/\/www.facebook.com\/FICA.UNSL\/","article_published_time":"2024-04-03T17:10:37+00:00","article_modified_time":"2024-05-06T11:35:36+00:00","og_image":[{"width":1061,"height":585,"url":"https:\/\/www.fica.unsl.edu.ar\/wp-content\/uploads\/2024\/04\/EFEMERIDES-3-4-1-front.jpg","type":"image\/jpeg"}],"author":"DATI","twitter_card":"summary_large_image","twitter_creator":"@FICAUNSL","twitter_site":"@FICAUNSL","twitter_misc":{"Escrito por":"DATI","Tiempo de lectura":"2 minutos"},"schema":{"@context":"https:\/\/schema.org","@graph":[{"@type":"Article","@id":"https:\/\/www.fica.unsl.edu.ar\/index.php\/la-unsl-en-villa-mercedes-se-sumo-a-la-conmemoracion-del-dia-mundial-de-la-concientizacion-sobre-el-autismo\/#article","isPartOf":{"@id":"https:\/\/www.fica.unsl.edu.ar\/index.php\/la-unsl-en-villa-mercedes-se-sumo-a-la-conmemoracion-del-dia-mundial-de-la-concientizacion-sobre-el-autismo\/"},"author":{"name":"DATI","@id":"https:\/\/www.fica.unsl.edu.ar\/#\/schema\/person\/6058f9c66301868d3a691b1f5d6c3544"},"headline":"La UNSL en Villa Mercedes se sum\u00f3 a la conmemoraci\u00f3n del D\u00eda Mundial de la Concientizaci\u00f3n sobre el Autismo","datePublished":"2024-04-03T17:10:37+00:00","dateModified":"2024-05-06T11:35:36+00:00","mainEntityOfPage":{"@id":"https:\/\/www.fica.unsl.edu.ar\/index.php\/la-unsl-en-villa-mercedes-se-sumo-a-la-conmemoracion-del-dia-mundial-de-la-concientizacion-sobre-el-autismo\/"},"wordCount":222,"publisher":{"@id":"https:\/\/www.fica.unsl.edu.ar\/#organization"},"image":{"@id":"https:\/\/www.fica.unsl.edu.ar\/index.php\/la-unsl-en-villa-mercedes-se-sumo-a-la-conmemoracion-del-dia-mundial-de-la-concientizacion-sobre-el-autismo\/#primaryimage"},"thumbnailUrl":"https:\/\/www.fica.unsl.edu.ar\/wp-content\/uploads\/2024\/04\/EFEMERIDES-3-4-1-front.jpg","articleSection":["Noticias"],"inLanguage":"es-AR"},{"@type":"WebPage","@id":"https:\/\/www.fica.unsl.edu.ar\/index.php\/la-unsl-en-villa-mercedes-se-sumo-a-la-conmemoracion-del-dia-mundial-de-la-concientizacion-sobre-el-autismo\/","url":"https:\/\/www.fica.unsl.edu.ar\/index.php\/la-unsl-en-villa-mercedes-se-sumo-a-la-conmemoracion-del-dia-mundial-de-la-concientizacion-sobre-el-autismo\/","name":"La UNSL en Villa Mercedes se sum\u00f3 a la conmemoraci\u00f3n del D\u00eda Mundial de la Concientizaci\u00f3n sobre el Autismo - Facultad de Ingenier\u00eda y Ciencias Agropecuarias","isPartOf":{"@id":"https:\/\/www.fica.unsl.edu.ar\/#website"},"primaryImageOfPage":{"@id":"https:\/\/www.fica.unsl.edu.ar\/index.php\/la-unsl-en-villa-mercedes-se-sumo-a-la-conmemoracion-del-dia-mundial-de-la-concientizacion-sobre-el-autismo\/#primaryimage"},"image":{"@id":"https:\/\/www.fica.unsl.edu.ar\/index.php\/la-unsl-en-villa-mercedes-se-sumo-a-la-conmemoracion-del-dia-mundial-de-la-concientizacion-sobre-el-autismo\/#primaryimage"},"thumbnailUrl":"https:\/\/www.fica.unsl.edu.ar\/wp-content\/uploads\/2024\/04\/EFEMERIDES-3-4-1-front.jpg","datePublished":"2024-04-03T17:10:37+00:00","dateModified":"2024-05-06T11:35:36+00:00","inLanguage":"es-AR","potentialAction":[{"@type":"ReadAction","target":["https:\/\/www.fica.unsl.edu.ar\/index.php\/la-unsl-en-villa-mercedes-se-sumo-a-la-conmemoracion-del-dia-mundial-de-la-concientizacion-sobre-el-autismo\/"]}]},{"@type":"ImageObject","inLanguage":"es-AR","@id":"https:\/\/www.fica.unsl.edu.ar\/index.php\/la-unsl-en-villa-mercedes-se-sumo-a-la-conmemoracion-del-dia-mundial-de-la-concientizacion-sobre-el-autismo\/#primaryimage","url":"https:\/\/www.fica.unsl.edu.ar\/wp-content\/uploads\/2024\/04\/EFEMERIDES-3-4-1-front.jpg","contentUrl":"https:\/\/www.fica.unsl.edu.ar\/wp-content\/uploads\/2024\/04\/EFEMERIDES-3-4-1-front.jpg","width":1061,"height":585},{"@type":"WebSite","@id":"https:\/\/www.fica.unsl.edu.ar\/#website","url":"https:\/\/www.fica.unsl.edu.ar\/","name":"Facultad de Ingenier\u00eda y Ciencias Agropecuarias","description":"","publisher":{"@id":"https:\/\/www.fica.unsl.edu.ar\/#organization"},"potentialAction":[{"@type":"SearchAction","target":{"@type":"EntryPoint","urlTemplate":"https:\/\/www.fica.unsl.edu.ar\/?s={search_term_string}"},"query-input":{"@type":"PropertyValueSpecification","valueRequired":true,"valueName":"search_term_string"}}],"inLanguage":"es-AR"},{"@type":"Organization","@id":"https:\/\/www.fica.unsl.edu.ar\/#organization","name":"Facultad de Ingenier\u00eda y Ciencias Agropecuarias","url":"https:\/\/www.fica.unsl.edu.ar\/","logo":{"@type":"ImageObject","inLanguage":"es-AR","@id":"https:\/\/www.fica.unsl.edu.ar\/#\/schema\/logo\/image\/","url":"https:\/\/www.fica.unsl.edu.ar\/wp-content\/uploads\/2021\/03\/LOGO-1.jpg","contentUrl":"https:\/\/www.fica.unsl.edu.ar\/wp-content\/uploads\/2021\/03\/LOGO-1.jpg","width":463,"height":145,"caption":"Facultad de Ingenier\u00eda y Ciencias Agropecuarias"},"image":{"@id":"https:\/\/www.fica.unsl.edu.ar\/#\/schema\/logo\/image\/"},"sameAs":["https:\/\/www.facebook.com\/FICA.UNSL\/","https:\/\/x.com\/FICAUNSL","https:\/\/www.instagram.com\/fica.unsl\/","https:\/\/www.youtube.com\/channel\/UCs2MM53gb2PyBrMySdtWZDQ"]},{"@type":"Person","@id":"https:\/\/www.fica.unsl.edu.ar\/#\/schema\/person\/6058f9c66301868d3a691b1f5d6c3544","name":"DATI"}]}},"_links":{"self":[{"href":"https:\/\/www.fica.unsl.edu.ar\/index.php\/wp-json\/wp\/v2\/posts\/16392","targetHints":{"allow":["GET"]}}],"collection":[{"href":"https:\/\/www.fica.unsl.edu.ar\/index.php\/wp-json\/wp\/v2\/posts"}],"about":[{"href":"https:\/\/www.fica.unsl.edu.ar\/index.php\/wp-json\/wp\/v2\/types\/post"}],"author":[{"embeddable":true,"href":"https:\/\/www.fica.unsl.edu.ar\/index.php\/wp-json\/wp\/v2\/users\/9"}],"replies":[{"embeddable":true,"href":"https:\/\/www.fica.unsl.edu.ar\/index.php\/wp-json\/wp\/v2\/comments?post=16392"}],"version-history":[{"count":2,"href":"https:\/\/www.fica.unsl.edu.ar\/index.php\/wp-json\/wp\/v2\/posts\/16392\/revisions"}],"predecessor-version":[{"id":16412,"href":"https:\/\/www.fica.unsl.edu.ar\/index.php\/wp-json\/wp\/v2\/posts\/16392\/revisions\/16412"}],"wp:featuredmedia":[{"embeddable":true,"href":"https:\/\/www.fica.unsl.edu.ar\/index.php\/wp-json\/wp\/v2\/media\/16410"}],"wp:attachment":[{"href":"https:\/\/www.fica.unsl.edu.ar\/index.php\/wp-json\/wp\/v2\/media?parent=16392"}],"wp:term":[{"taxonomy":"category","embeddable":true,"href":"https:\/\/www.fica.unsl.edu.ar\/index.php\/wp-json\/wp\/v2\/categories?post=16392"},{"taxonomy":"post_tag","embeddable":true,"href":"https:\/\/www.fica.unsl.edu.ar\/index.php\/wp-json\/wp\/v2\/tags?post=16392"}],"curies":[{"name":"wp","href":"https:\/\/api.w.org\/{rel}","templated":true}]}}