{"id":16396,"date":"2024-04-14T12:12:58","date_gmt":"2024-04-14T15:12:58","guid":{"rendered":"http:\/\/10.101.10.196\/www\/?p=16396"},"modified":"2024-04-16T11:04:22","modified_gmt":"2024-04-16T14:04:22","slug":"docentes-encabezan-conversatorio-sobre-mujeres-mercedinas-en-la-ciencia","status":"publish","type":"post","link":"https:\/\/www.fica.unsl.edu.ar\/index.php\/docentes-encabezan-conversatorio-sobre-mujeres-mercedinas-en-la-ciencia\/","title":{"rendered":"Docentes encabezan conversatorio sobre &#8216;Mujeres Mercedinas en la Ciencia'&#8221;"},"content":{"rendered":"<p>Docentes de la FICA brindaron la Charla Activa \u201cMujeres Mercedinas en la Ciencia\u201d, realizada el pasado 26 de marzo en las oficinas de la Subsecretar\u00eda de la Mujer de la Municipalidad de Villa Mercedes. La misma estuvo a cargo de las doctoras Luc\u00eda Ruiz, Mar\u00eda Laura Rodr\u00edguez y la Ing. Yanina Maidana.<\/p>\n<p>Este encuentro permiti\u00f3 debatir sobre la importancia y los desaf\u00edos de la mujer en la ciencia. Adem\u00e1s, sirvi\u00f3 para destacar la importancia de la ciencia en el desarrollo socio-productivo del pa\u00eds y conocer el trayecto profesional para ser una mujer en ese mundo.<\/p>\n<p><img fetchpriority=\"high\" decoding=\"async\" class=\"wp-image-16398 alignleft\" src=\"https:\/\/www.fica.unsl.edu.ar\/wp-content\/uploads\/2024\/04\/Mujeres-Mercedinas-02-300x165.jpg\" alt=\"\" width=\"477\" height=\"262\" srcset=\"https:\/\/www.fica.unsl.edu.ar\/wp-content\/uploads\/2024\/04\/Mujeres-Mercedinas-02-300x165.jpg 300w, https:\/\/www.fica.unsl.edu.ar\/wp-content\/uploads\/2024\/04\/Mujeres-Mercedinas-02-1024x565.jpg 1024w, https:\/\/www.fica.unsl.edu.ar\/wp-content\/uploads\/2024\/04\/Mujeres-Mercedinas-02-768x423.jpg 768w, https:\/\/www.fica.unsl.edu.ar\/wp-content\/uploads\/2024\/04\/Mujeres-Mercedinas-02.jpg 1061w\" sizes=\"(max-width: 477px) 100vw, 477px\" \/> <img decoding=\"async\" class=\"wp-image-16399 alignright\" src=\"https:\/\/www.fica.unsl.edu.ar\/wp-content\/uploads\/2024\/04\/Mujeres-Mercedinas-03-300x165.jpg\" alt=\"\" width=\"469\" height=\"258\" srcset=\"https:\/\/www.fica.unsl.edu.ar\/wp-content\/uploads\/2024\/04\/Mujeres-Mercedinas-03-300x165.jpg 300w, https:\/\/www.fica.unsl.edu.ar\/wp-content\/uploads\/2024\/04\/Mujeres-Mercedinas-03-1024x565.jpg 1024w, https:\/\/www.fica.unsl.edu.ar\/wp-content\/uploads\/2024\/04\/Mujeres-Mercedinas-03-768x423.jpg 768w, https:\/\/www.fica.unsl.edu.ar\/wp-content\/uploads\/2024\/04\/Mujeres-Mercedinas-03.jpg 1061w\" sizes=\"(max-width: 469px) 100vw, 469px\" \/><\/p>\n","protected":false},"excerpt":{"rendered":"<p>Docentes de la FICA brindaron la Charla Activa \u201cMujeres Mercedinas en la Ciencia\u201d, realizada el pasado 26 de marzo en las oficinas de la Subsecretar\u00eda&hellip;<\/p>\n","protected":false},"author":9,"featured_media":16397,"comment_status":"closed","ping_status":"closed","sticky":false,"template":"","format":"standard","meta":{"_monsterinsights_skip_tracking":false,"_monsterinsights_sitenote_active":false,"_monsterinsights_sitenote_note":"","_monsterinsights_sitenote_category":0,"_joinchat":[],"footnotes":""},"categories":[19],"tags":[],"class_list":["post-16396","post","type-post","status-publish","format-standard","has-post-thumbnail","hentry","category-noticias"],"yoast_head":"<!-- This site is optimized with the Yoast SEO plugin v27.4 - https:\/\/yoast.com\/product\/yoast-seo-wordpress\/ -->\n<title>Docentes encabezan conversatorio sobre &#039;Mujeres Mercedinas en la Ciencia&#039;&quot; - Facultad de Ingenier\u00eda y Ciencias Agropecuarias<\/title>\n<meta name=\"robots\" content=\"index, follow, max-snippet:-1, max-image-preview:large, max-video-preview:-1\" \/>\n<link rel=\"canonical\" href=\"https:\/\/www.fica.unsl.edu.ar\/index.php\/docentes-encabezan-conversatorio-sobre-mujeres-mercedinas-en-la-ciencia\/\" \/>\n<meta property=\"og:locale\" content=\"es_ES\" \/>\n<meta property=\"og:type\" content=\"article\" \/>\n<meta property=\"og:title\" content=\"Docentes encabezan conversatorio sobre &#039;Mujeres Mercedinas en la Ciencia&#039;&quot; - Facultad de Ingenier\u00eda y Ciencias Agropecuarias\" \/>\n<meta property=\"og:description\" content=\"Docentes de la FICA brindaron la Charla Activa \u201cMujeres Mercedinas en la Ciencia\u201d, realizada el pasado 26 de marzo en las oficinas de la Subsecretar\u00eda&hellip;\" \/>\n<meta property=\"og:url\" content=\"https:\/\/www.fica.unsl.edu.ar\/index.php\/docentes-encabezan-conversatorio-sobre-mujeres-mercedinas-en-la-ciencia\/\" \/>\n<meta property=\"og:site_name\" content=\"Facultad de Ingenier\u00eda y Ciencias Agropecuarias\" \/>\n<meta property=\"article:publisher\" content=\"https:\/\/www.facebook.com\/FICA.UNSL\/\" \/>\n<meta property=\"article:published_time\" content=\"2024-04-14T15:12:58+00:00\" \/>\n<meta property=\"article:modified_time\" content=\"2024-04-16T14:04:22+00:00\" \/>\n<meta property=\"og:image\" content=\"https:\/\/www.fica.unsl.edu.ar\/wp-content\/uploads\/2024\/04\/Mujeres-Mercedinas-front.jpg\" \/>\n\t<meta property=\"og:image:width\" content=\"1061\" \/>\n\t<meta property=\"og:image:height\" content=\"585\" \/>\n\t<meta property=\"og:image:type\" content=\"image\/jpeg\" \/>\n<meta name=\"author\" content=\"DATI\" \/>\n<meta name=\"twitter:card\" content=\"summary_large_image\" \/>\n<meta name=\"twitter:creator\" content=\"@FICAUNSL\" \/>\n<meta name=\"twitter:site\" content=\"@FICAUNSL\" \/>\n<meta name=\"twitter:label1\" content=\"Escrito por\" \/>\n\t<meta name=\"twitter:data1\" content=\"DATI\" \/>\n\t<meta name=\"twitter:label2\" content=\"Tiempo de lectura\" \/>\n\t<meta name=\"twitter:data2\" content=\"2 minutos\" \/>\n<script type=\"application\/ld+json\" class=\"yoast-schema-graph\">{\"@context\":\"https:\\\/\\\/schema.org\",\"@graph\":[{\"@type\":\"Article\",\"@id\":\"https:\\\/\\\/www.fica.unsl.edu.ar\\\/index.php\\\/docentes-encabezan-conversatorio-sobre-mujeres-mercedinas-en-la-ciencia\\\/#article\",\"isPartOf\":{\"@id\":\"https:\\\/\\\/www.fica.unsl.edu.ar\\\/index.php\\\/docentes-encabezan-conversatorio-sobre-mujeres-mercedinas-en-la-ciencia\\\/\"},\"author\":{\"name\":\"DATI\",\"@id\":\"https:\\\/\\\/www.fica.unsl.edu.ar\\\/#\\\/schema\\\/person\\\/6058f9c66301868d3a691b1f5d6c3544\"},\"headline\":\"Docentes encabezan conversatorio sobre &#8216;Mujeres Mercedinas en la Ciencia'&#8221;\",\"datePublished\":\"2024-04-14T15:12:58+00:00\",\"dateModified\":\"2024-04-16T14:04:22+00:00\",\"mainEntityOfPage\":{\"@id\":\"https:\\\/\\\/www.fica.unsl.edu.ar\\\/index.php\\\/docentes-encabezan-conversatorio-sobre-mujeres-mercedinas-en-la-ciencia\\\/\"},\"wordCount\":110,\"publisher\":{\"@id\":\"https:\\\/\\\/www.fica.unsl.edu.ar\\\/#organization\"},\"image\":{\"@id\":\"https:\\\/\\\/www.fica.unsl.edu.ar\\\/index.php\\\/docentes-encabezan-conversatorio-sobre-mujeres-mercedinas-en-la-ciencia\\\/#primaryimage\"},\"thumbnailUrl\":\"https:\\\/\\\/www.fica.unsl.edu.ar\\\/wp-content\\\/uploads\\\/2024\\\/04\\\/Mujeres-Mercedinas-front.jpg\",\"articleSection\":[\"Noticias\"],\"inLanguage\":\"es-AR\"},{\"@type\":\"WebPage\",\"@id\":\"https:\\\/\\\/www.fica.unsl.edu.ar\\\/index.php\\\/docentes-encabezan-conversatorio-sobre-mujeres-mercedinas-en-la-ciencia\\\/\",\"url\":\"https:\\\/\\\/www.fica.unsl.edu.ar\\\/index.php\\\/docentes-encabezan-conversatorio-sobre-mujeres-mercedinas-en-la-ciencia\\\/\",\"name\":\"Docentes encabezan conversatorio sobre 'Mujeres Mercedinas en la Ciencia'\\\" - Facultad de Ingenier\u00eda y Ciencias Agropecuarias\",\"isPartOf\":{\"@id\":\"https:\\\/\\\/www.fica.unsl.edu.ar\\\/#website\"},\"primaryImageOfPage\":{\"@id\":\"https:\\\/\\\/www.fica.unsl.edu.ar\\\/index.php\\\/docentes-encabezan-conversatorio-sobre-mujeres-mercedinas-en-la-ciencia\\\/#primaryimage\"},\"image\":{\"@id\":\"https:\\\/\\\/www.fica.unsl.edu.ar\\\/index.php\\\/docentes-encabezan-conversatorio-sobre-mujeres-mercedinas-en-la-ciencia\\\/#primaryimage\"},\"thumbnailUrl\":\"https:\\\/\\\/www.fica.unsl.edu.ar\\\/wp-content\\\/uploads\\\/2024\\\/04\\\/Mujeres-Mercedinas-front.jpg\",\"datePublished\":\"2024-04-14T15:12:58+00:00\",\"dateModified\":\"2024-04-16T14:04:22+00:00\",\"inLanguage\":\"es-AR\",\"potentialAction\":[{\"@type\":\"ReadAction\",\"target\":[\"https:\\\/\\\/www.fica.unsl.edu.ar\\\/index.php\\\/docentes-encabezan-conversatorio-sobre-mujeres-mercedinas-en-la-ciencia\\\/\"]}]},{\"@type\":\"ImageObject\",\"inLanguage\":\"es-AR\",\"@id\":\"https:\\\/\\\/www.fica.unsl.edu.ar\\\/index.php\\\/docentes-encabezan-conversatorio-sobre-mujeres-mercedinas-en-la-ciencia\\\/#primaryimage\",\"url\":\"https:\\\/\\\/www.fica.unsl.edu.ar\\\/wp-content\\\/uploads\\\/2024\\\/04\\\/Mujeres-Mercedinas-front.jpg\",\"contentUrl\":\"https:\\\/\\\/www.fica.unsl.edu.ar\\\/wp-content\\\/uploads\\\/2024\\\/04\\\/Mujeres-Mercedinas-front.jpg\",\"width\":1061,\"height\":585},{\"@type\":\"WebSite\",\"@id\":\"https:\\\/\\\/www.fica.unsl.edu.ar\\\/#website\",\"url\":\"https:\\\/\\\/www.fica.unsl.edu.ar\\\/\",\"name\":\"Facultad de Ingenier\u00eda y Ciencias Agropecuarias\",\"description\":\"\",\"publisher\":{\"@id\":\"https:\\\/\\\/www.fica.unsl.edu.ar\\\/#organization\"},\"potentialAction\":[{\"@type\":\"SearchAction\",\"target\":{\"@type\":\"EntryPoint\",\"urlTemplate\":\"https:\\\/\\\/www.fica.unsl.edu.ar\\\/?s={search_term_string}\"},\"query-input\":{\"@type\":\"PropertyValueSpecification\",\"valueRequired\":true,\"valueName\":\"search_term_string\"}}],\"inLanguage\":\"es-AR\"},{\"@type\":\"Organization\",\"@id\":\"https:\\\/\\\/www.fica.unsl.edu.ar\\\/#organization\",\"name\":\"Facultad de Ingenier\u00eda y Ciencias Agropecuarias\",\"url\":\"https:\\\/\\\/www.fica.unsl.edu.ar\\\/\",\"logo\":{\"@type\":\"ImageObject\",\"inLanguage\":\"es-AR\",\"@id\":\"https:\\\/\\\/www.fica.unsl.edu.ar\\\/#\\\/schema\\\/logo\\\/image\\\/\",\"url\":\"https:\\\/\\\/www.fica.unsl.edu.ar\\\/wp-content\\\/uploads\\\/2021\\\/03\\\/LOGO-1.jpg\",\"contentUrl\":\"https:\\\/\\\/www.fica.unsl.edu.ar\\\/wp-content\\\/uploads\\\/2021\\\/03\\\/LOGO-1.jpg\",\"width\":463,\"height\":145,\"caption\":\"Facultad de Ingenier\u00eda y Ciencias Agropecuarias\"},\"image\":{\"@id\":\"https:\\\/\\\/www.fica.unsl.edu.ar\\\/#\\\/schema\\\/logo\\\/image\\\/\"},\"sameAs\":[\"https:\\\/\\\/www.facebook.com\\\/FICA.UNSL\\\/\",\"https:\\\/\\\/x.com\\\/FICAUNSL\",\"https:\\\/\\\/www.instagram.com\\\/fica.unsl\\\/\",\"https:\\\/\\\/www.youtube.com\\\/channel\\\/UCs2MM53gb2PyBrMySdtWZDQ\"]},{\"@type\":\"Person\",\"@id\":\"https:\\\/\\\/www.fica.unsl.edu.ar\\\/#\\\/schema\\\/person\\\/6058f9c66301868d3a691b1f5d6c3544\",\"name\":\"DATI\"}]}<\/script>\n<!-- \/ Yoast SEO plugin. -->","yoast_head_json":{"title":"Docentes encabezan conversatorio sobre 'Mujeres Mercedinas en la Ciencia'\" - Facultad de Ingenier\u00eda y Ciencias Agropecuarias","robots":{"index":"index","follow":"follow","max-snippet":"max-snippet:-1","max-image-preview":"max-image-preview:large","max-video-preview":"max-video-preview:-1"},"canonical":"https:\/\/www.fica.unsl.edu.ar\/index.php\/docentes-encabezan-conversatorio-sobre-mujeres-mercedinas-en-la-ciencia\/","og_locale":"es_ES","og_type":"article","og_title":"Docentes encabezan conversatorio sobre 'Mujeres Mercedinas en la Ciencia'\" - Facultad de Ingenier\u00eda y Ciencias Agropecuarias","og_description":"Docentes de la FICA brindaron la Charla Activa \u201cMujeres Mercedinas en la Ciencia\u201d, realizada el pasado 26 de marzo en las oficinas de la Subsecretar\u00eda&hellip;","og_url":"https:\/\/www.fica.unsl.edu.ar\/index.php\/docentes-encabezan-conversatorio-sobre-mujeres-mercedinas-en-la-ciencia\/","og_site_name":"Facultad de Ingenier\u00eda y Ciencias Agropecuarias","article_publisher":"https:\/\/www.facebook.com\/FICA.UNSL\/","article_published_time":"2024-04-14T15:12:58+00:00","article_modified_time":"2024-04-16T14:04:22+00:00","og_image":[{"width":1061,"height":585,"url":"https:\/\/www.fica.unsl.edu.ar\/wp-content\/uploads\/2024\/04\/Mujeres-Mercedinas-front.jpg","type":"image\/jpeg"}],"author":"DATI","twitter_card":"summary_large_image","twitter_creator":"@FICAUNSL","twitter_site":"@FICAUNSL","twitter_misc":{"Escrito por":"DATI","Tiempo de lectura":"2 minutos"},"schema":{"@context":"https:\/\/schema.org","@graph":[{"@type":"Article","@id":"https:\/\/www.fica.unsl.edu.ar\/index.php\/docentes-encabezan-conversatorio-sobre-mujeres-mercedinas-en-la-ciencia\/#article","isPartOf":{"@id":"https:\/\/www.fica.unsl.edu.ar\/index.php\/docentes-encabezan-conversatorio-sobre-mujeres-mercedinas-en-la-ciencia\/"},"author":{"name":"DATI","@id":"https:\/\/www.fica.unsl.edu.ar\/#\/schema\/person\/6058f9c66301868d3a691b1f5d6c3544"},"headline":"Docentes encabezan conversatorio sobre &#8216;Mujeres Mercedinas en la Ciencia'&#8221;","datePublished":"2024-04-14T15:12:58+00:00","dateModified":"2024-04-16T14:04:22+00:00","mainEntityOfPage":{"@id":"https:\/\/www.fica.unsl.edu.ar\/index.php\/docentes-encabezan-conversatorio-sobre-mujeres-mercedinas-en-la-ciencia\/"},"wordCount":110,"publisher":{"@id":"https:\/\/www.fica.unsl.edu.ar\/#organization"},"image":{"@id":"https:\/\/www.fica.unsl.edu.ar\/index.php\/docentes-encabezan-conversatorio-sobre-mujeres-mercedinas-en-la-ciencia\/#primaryimage"},"thumbnailUrl":"https:\/\/www.fica.unsl.edu.ar\/wp-content\/uploads\/2024\/04\/Mujeres-Mercedinas-front.jpg","articleSection":["Noticias"],"inLanguage":"es-AR"},{"@type":"WebPage","@id":"https:\/\/www.fica.unsl.edu.ar\/index.php\/docentes-encabezan-conversatorio-sobre-mujeres-mercedinas-en-la-ciencia\/","url":"https:\/\/www.fica.unsl.edu.ar\/index.php\/docentes-encabezan-conversatorio-sobre-mujeres-mercedinas-en-la-ciencia\/","name":"Docentes encabezan conversatorio sobre 'Mujeres Mercedinas en la Ciencia'\" - Facultad de Ingenier\u00eda y Ciencias Agropecuarias","isPartOf":{"@id":"https:\/\/www.fica.unsl.edu.ar\/#website"},"primaryImageOfPage":{"@id":"https:\/\/www.fica.unsl.edu.ar\/index.php\/docentes-encabezan-conversatorio-sobre-mujeres-mercedinas-en-la-ciencia\/#primaryimage"},"image":{"@id":"https:\/\/www.fica.unsl.edu.ar\/index.php\/docentes-encabezan-conversatorio-sobre-mujeres-mercedinas-en-la-ciencia\/#primaryimage"},"thumbnailUrl":"https:\/\/www.fica.unsl.edu.ar\/wp-content\/uploads\/2024\/04\/Mujeres-Mercedinas-front.jpg","datePublished":"2024-04-14T15:12:58+00:00","dateModified":"2024-04-16T14:04:22+00:00","inLanguage":"es-AR","potentialAction":[{"@type":"ReadAction","target":["https:\/\/www.fica.unsl.edu.ar\/index.php\/docentes-encabezan-conversatorio-sobre-mujeres-mercedinas-en-la-ciencia\/"]}]},{"@type":"ImageObject","inLanguage":"es-AR","@id":"https:\/\/www.fica.unsl.edu.ar\/index.php\/docentes-encabezan-conversatorio-sobre-mujeres-mercedinas-en-la-ciencia\/#primaryimage","url":"https:\/\/www.fica.unsl.edu.ar\/wp-content\/uploads\/2024\/04\/Mujeres-Mercedinas-front.jpg","contentUrl":"https:\/\/www.fica.unsl.edu.ar\/wp-content\/uploads\/2024\/04\/Mujeres-Mercedinas-front.jpg","width":1061,"height":585},{"@type":"WebSite","@id":"https:\/\/www.fica.unsl.edu.ar\/#website","url":"https:\/\/www.fica.unsl.edu.ar\/","name":"Facultad de Ingenier\u00eda y Ciencias Agropecuarias","description":"","publisher":{"@id":"https:\/\/www.fica.unsl.edu.ar\/#organization"},"potentialAction":[{"@type":"SearchAction","target":{"@type":"EntryPoint","urlTemplate":"https:\/\/www.fica.unsl.edu.ar\/?s={search_term_string}"},"query-input":{"@type":"PropertyValueSpecification","valueRequired":true,"valueName":"search_term_string"}}],"inLanguage":"es-AR"},{"@type":"Organization","@id":"https:\/\/www.fica.unsl.edu.ar\/#organization","name":"Facultad de Ingenier\u00eda y Ciencias Agropecuarias","url":"https:\/\/www.fica.unsl.edu.ar\/","logo":{"@type":"ImageObject","inLanguage":"es-AR","@id":"https:\/\/www.fica.unsl.edu.ar\/#\/schema\/logo\/image\/","url":"https:\/\/www.fica.unsl.edu.ar\/wp-content\/uploads\/2021\/03\/LOGO-1.jpg","contentUrl":"https:\/\/www.fica.unsl.edu.ar\/wp-content\/uploads\/2021\/03\/LOGO-1.jpg","width":463,"height":145,"caption":"Facultad de Ingenier\u00eda y Ciencias Agropecuarias"},"image":{"@id":"https:\/\/www.fica.unsl.edu.ar\/#\/schema\/logo\/image\/"},"sameAs":["https:\/\/www.facebook.com\/FICA.UNSL\/","https:\/\/x.com\/FICAUNSL","https:\/\/www.instagram.com\/fica.unsl\/","https:\/\/www.youtube.com\/channel\/UCs2MM53gb2PyBrMySdtWZDQ"]},{"@type":"Person","@id":"https:\/\/www.fica.unsl.edu.ar\/#\/schema\/person\/6058f9c66301868d3a691b1f5d6c3544","name":"DATI"}]}},"_links":{"self":[{"href":"https:\/\/www.fica.unsl.edu.ar\/index.php\/wp-json\/wp\/v2\/posts\/16396","targetHints":{"allow":["GET"]}}],"collection":[{"href":"https:\/\/www.fica.unsl.edu.ar\/index.php\/wp-json\/wp\/v2\/posts"}],"about":[{"href":"https:\/\/www.fica.unsl.edu.ar\/index.php\/wp-json\/wp\/v2\/types\/post"}],"author":[{"embeddable":true,"href":"https:\/\/www.fica.unsl.edu.ar\/index.php\/wp-json\/wp\/v2\/users\/9"}],"replies":[{"embeddable":true,"href":"https:\/\/www.fica.unsl.edu.ar\/index.php\/wp-json\/wp\/v2\/comments?post=16396"}],"version-history":[{"count":7,"href":"https:\/\/www.fica.unsl.edu.ar\/index.php\/wp-json\/wp\/v2\/posts\/16396\/revisions"}],"predecessor-version":[{"id":16406,"href":"https:\/\/www.fica.unsl.edu.ar\/index.php\/wp-json\/wp\/v2\/posts\/16396\/revisions\/16406"}],"wp:featuredmedia":[{"embeddable":true,"href":"https:\/\/www.fica.unsl.edu.ar\/index.php\/wp-json\/wp\/v2\/media\/16397"}],"wp:attachment":[{"href":"https:\/\/www.fica.unsl.edu.ar\/index.php\/wp-json\/wp\/v2\/media?parent=16396"}],"wp:term":[{"taxonomy":"category","embeddable":true,"href":"https:\/\/www.fica.unsl.edu.ar\/index.php\/wp-json\/wp\/v2\/categories?post=16396"},{"taxonomy":"post_tag","embeddable":true,"href":"https:\/\/www.fica.unsl.edu.ar\/index.php\/wp-json\/wp\/v2\/tags?post=16396"}],"curies":[{"name":"wp","href":"https:\/\/api.w.org\/{rel}","templated":true}]}}