{"id":16407,"date":"2024-04-03T00:50:25","date_gmt":"2024-04-03T03:50:25","guid":{"rendered":"http:\/\/10.101.10.196\/www\/?p=16407"},"modified":"2024-04-03T12:54:01","modified_gmt":"2024-04-03T15:54:01","slug":"la-unsl-organiza-el-ix-congreso-internacional-de-comunicacion-publica-de-la-ciencia-y-la-tecnologia-copuci","status":"publish","type":"post","link":"https:\/\/www.fica.unsl.edu.ar\/index.php\/la-unsl-organiza-el-ix-congreso-internacional-de-comunicacion-publica-de-la-ciencia-y-la-tecnologia-copuci\/","title":{"rendered":"La UNSL organiza el IX Congreso Internacional de Comunicaci\u00f3n P\u00fablica de la Ciencia y la Tecnolog\u00eda (COPUCI)"},"content":{"rendered":"<p>La Universidad Nacional de San Luis, el Programa Institucional Transdisciplinario Socioambiental (PITSA) y la Unidad de Extensi\u00f3n y Desarrollo Territorial (UEyDT) San Luis del Instituto Nacional de Tecnolog\u00eda Agropecuaria (INTA), invitan a la comunidad universitaria al IX Congreso Internacional de Comunicaci\u00f3n P\u00fablica de la Ciencia y la Tecnolog\u00eda (COPUCI), previsto para los d\u00edas 2, 3 y 4 de octubre de 2024 en San Luis, Argentina.<\/p>\n<p>El COPUCI cuenta con el aval y auspicio de prestigiosas instituciones del sistema cient\u00edfico, tecnol\u00f3gico, provincial y nacional. Y en esta edici\u00f3n nos hemos propuesto sostener espacios de debate y reflexi\u00f3n que siempre est\u00e1n vigentes en el campo disciplinar y propiciar, adem\u00e1s, la presentaci\u00f3n de estudios e investigaciones sobre la problem\u00e1tica socioambiental.<\/p>\n<p>La comisi\u00f3n organizadora comparte la primera circular, donde se especifican los ejes tem\u00e1ticos que se tratar\u00e1n en el nuevo congreso.<\/p>\n<h3 style=\"text-align: center;\"><strong><span style=\"color: #0000ff;\"><a style=\"color: #0000ff;\" href=\"https:\/\/www.fcejs.unsl.edu.ar\/wp-content\/uploads\/2024\/04\/primera-circular-copuci-2024.pdf\" target=\"_blank\" rel=\"noopener\">PRIMERA CIRCULAR<\/a><\/span><\/strong><\/h3>\n<p>&nbsp;<\/p>\n<h3 style=\"text-align: center;\"><strong><span style=\"color: #0000ff;\"><a style=\"color: #0000ff;\" href=\"https:\/\/copuci.wordpress.com\/\" target=\"_blank\" rel=\"noopener\">SITIO WEB\u00a0<\/a><\/span><\/strong><\/h3>\n","protected":false},"excerpt":{"rendered":"<p>La Universidad Nacional de San Luis, el Programa Institucional Transdisciplinario Socioambiental (PITSA) y la Unidad de Extensi\u00f3n y Desarrollo Territorial (UEyDT) San Luis del Instituto&hellip;<\/p>\n","protected":false},"author":9,"featured_media":16408,"comment_status":"closed","ping_status":"closed","sticky":false,"template":"","format":"standard","meta":{"_monsterinsights_skip_tracking":false,"_monsterinsights_sitenote_active":false,"_monsterinsights_sitenote_note":"","_monsterinsights_sitenote_category":0,"_joinchat":[],"footnotes":""},"categories":[22],"tags":[],"class_list":["post-16407","post","type-post","status-publish","format-standard","has-post-thumbnail","hentry","category-archivadas"],"yoast_head":"<!-- This site is optimized with the Yoast SEO plugin v27.4 - https:\/\/yoast.com\/product\/yoast-seo-wordpress\/ -->\n<title>La UNSL organiza el IX Congreso Internacional de Comunicaci\u00f3n P\u00fablica de la Ciencia y la Tecnolog\u00eda (COPUCI) - Facultad de Ingenier\u00eda y Ciencias Agropecuarias<\/title>\n<meta name=\"robots\" content=\"index, follow, max-snippet:-1, max-image-preview:large, max-video-preview:-1\" \/>\n<link rel=\"canonical\" href=\"https:\/\/www.fica.unsl.edu.ar\/index.php\/la-unsl-organiza-el-ix-congreso-internacional-de-comunicacion-publica-de-la-ciencia-y-la-tecnologia-copuci\/\" \/>\n<meta property=\"og:locale\" content=\"es_ES\" \/>\n<meta property=\"og:type\" content=\"article\" \/>\n<meta property=\"og:title\" content=\"La UNSL organiza el IX Congreso Internacional de Comunicaci\u00f3n P\u00fablica de la Ciencia y la Tecnolog\u00eda (COPUCI) - Facultad de Ingenier\u00eda y Ciencias Agropecuarias\" \/>\n<meta property=\"og:description\" content=\"La Universidad Nacional de San Luis, el Programa Institucional Transdisciplinario Socioambiental (PITSA) y la Unidad de Extensi\u00f3n y Desarrollo Territorial (UEyDT) San Luis del Instituto&hellip;\" \/>\n<meta property=\"og:url\" content=\"https:\/\/www.fica.unsl.edu.ar\/index.php\/la-unsl-organiza-el-ix-congreso-internacional-de-comunicacion-publica-de-la-ciencia-y-la-tecnologia-copuci\/\" \/>\n<meta property=\"og:site_name\" content=\"Facultad de Ingenier\u00eda y Ciencias Agropecuarias\" \/>\n<meta property=\"article:publisher\" content=\"https:\/\/www.facebook.com\/FICA.UNSL\/\" \/>\n<meta property=\"article:published_time\" content=\"2024-04-03T03:50:25+00:00\" \/>\n<meta property=\"article:modified_time\" content=\"2024-04-03T15:54:01+00:00\" \/>\n<meta property=\"og:image\" content=\"https:\/\/www.fica.unsl.edu.ar\/wp-content\/uploads\/2024\/04\/COPUCI-front.jpg\" \/>\n\t<meta property=\"og:image:width\" content=\"1152\" \/>\n\t<meta property=\"og:image:height\" content=\"647\" \/>\n\t<meta property=\"og:image:type\" content=\"image\/jpeg\" \/>\n<meta name=\"author\" content=\"DATI\" \/>\n<meta name=\"twitter:card\" content=\"summary_large_image\" \/>\n<meta name=\"twitter:creator\" content=\"@FICAUNSL\" \/>\n<meta name=\"twitter:site\" content=\"@FICAUNSL\" \/>\n<meta name=\"twitter:label1\" content=\"Escrito por\" \/>\n\t<meta name=\"twitter:data1\" content=\"DATI\" \/>\n\t<meta name=\"twitter:label2\" content=\"Tiempo de lectura\" \/>\n\t<meta name=\"twitter:data2\" content=\"1 minuto\" \/>\n<script type=\"application\/ld+json\" class=\"yoast-schema-graph\">{\"@context\":\"https:\\\/\\\/schema.org\",\"@graph\":[{\"@type\":\"Article\",\"@id\":\"https:\\\/\\\/www.fica.unsl.edu.ar\\\/index.php\\\/la-unsl-organiza-el-ix-congreso-internacional-de-comunicacion-publica-de-la-ciencia-y-la-tecnologia-copuci\\\/#article\",\"isPartOf\":{\"@id\":\"https:\\\/\\\/www.fica.unsl.edu.ar\\\/index.php\\\/la-unsl-organiza-el-ix-congreso-internacional-de-comunicacion-publica-de-la-ciencia-y-la-tecnologia-copuci\\\/\"},\"author\":{\"name\":\"DATI\",\"@id\":\"https:\\\/\\\/www.fica.unsl.edu.ar\\\/#\\\/schema\\\/person\\\/6058f9c66301868d3a691b1f5d6c3544\"},\"headline\":\"La UNSL organiza el IX Congreso Internacional de Comunicaci\u00f3n P\u00fablica de la Ciencia y la Tecnolog\u00eda (COPUCI)\",\"datePublished\":\"2024-04-03T03:50:25+00:00\",\"dateModified\":\"2024-04-03T15:54:01+00:00\",\"mainEntityOfPage\":{\"@id\":\"https:\\\/\\\/www.fica.unsl.edu.ar\\\/index.php\\\/la-unsl-organiza-el-ix-congreso-internacional-de-comunicacion-publica-de-la-ciencia-y-la-tecnologia-copuci\\\/\"},\"wordCount\":175,\"publisher\":{\"@id\":\"https:\\\/\\\/www.fica.unsl.edu.ar\\\/#organization\"},\"image\":{\"@id\":\"https:\\\/\\\/www.fica.unsl.edu.ar\\\/index.php\\\/la-unsl-organiza-el-ix-congreso-internacional-de-comunicacion-publica-de-la-ciencia-y-la-tecnologia-copuci\\\/#primaryimage\"},\"thumbnailUrl\":\"https:\\\/\\\/www.fica.unsl.edu.ar\\\/wp-content\\\/uploads\\\/2024\\\/04\\\/COPUCI-front.jpg\",\"articleSection\":[\"Archivadas\"],\"inLanguage\":\"es-AR\"},{\"@type\":\"WebPage\",\"@id\":\"https:\\\/\\\/www.fica.unsl.edu.ar\\\/index.php\\\/la-unsl-organiza-el-ix-congreso-internacional-de-comunicacion-publica-de-la-ciencia-y-la-tecnologia-copuci\\\/\",\"url\":\"https:\\\/\\\/www.fica.unsl.edu.ar\\\/index.php\\\/la-unsl-organiza-el-ix-congreso-internacional-de-comunicacion-publica-de-la-ciencia-y-la-tecnologia-copuci\\\/\",\"name\":\"La UNSL organiza el IX Congreso Internacional de Comunicaci\u00f3n P\u00fablica de la Ciencia y la Tecnolog\u00eda (COPUCI) - Facultad de Ingenier\u00eda y Ciencias Agropecuarias\",\"isPartOf\":{\"@id\":\"https:\\\/\\\/www.fica.unsl.edu.ar\\\/#website\"},\"primaryImageOfPage\":{\"@id\":\"https:\\\/\\\/www.fica.unsl.edu.ar\\\/index.php\\\/la-unsl-organiza-el-ix-congreso-internacional-de-comunicacion-publica-de-la-ciencia-y-la-tecnologia-copuci\\\/#primaryimage\"},\"image\":{\"@id\":\"https:\\\/\\\/www.fica.unsl.edu.ar\\\/index.php\\\/la-unsl-organiza-el-ix-congreso-internacional-de-comunicacion-publica-de-la-ciencia-y-la-tecnologia-copuci\\\/#primaryimage\"},\"thumbnailUrl\":\"https:\\\/\\\/www.fica.unsl.edu.ar\\\/wp-content\\\/uploads\\\/2024\\\/04\\\/COPUCI-front.jpg\",\"datePublished\":\"2024-04-03T03:50:25+00:00\",\"dateModified\":\"2024-04-03T15:54:01+00:00\",\"inLanguage\":\"es-AR\",\"potentialAction\":[{\"@type\":\"ReadAction\",\"target\":[\"https:\\\/\\\/www.fica.unsl.edu.ar\\\/index.php\\\/la-unsl-organiza-el-ix-congreso-internacional-de-comunicacion-publica-de-la-ciencia-y-la-tecnologia-copuci\\\/\"]}]},{\"@type\":\"ImageObject\",\"inLanguage\":\"es-AR\",\"@id\":\"https:\\\/\\\/www.fica.unsl.edu.ar\\\/index.php\\\/la-unsl-organiza-el-ix-congreso-internacional-de-comunicacion-publica-de-la-ciencia-y-la-tecnologia-copuci\\\/#primaryimage\",\"url\":\"https:\\\/\\\/www.fica.unsl.edu.ar\\\/wp-content\\\/uploads\\\/2024\\\/04\\\/COPUCI-front.jpg\",\"contentUrl\":\"https:\\\/\\\/www.fica.unsl.edu.ar\\\/wp-content\\\/uploads\\\/2024\\\/04\\\/COPUCI-front.jpg\",\"width\":1152,\"height\":647},{\"@type\":\"WebSite\",\"@id\":\"https:\\\/\\\/www.fica.unsl.edu.ar\\\/#website\",\"url\":\"https:\\\/\\\/www.fica.unsl.edu.ar\\\/\",\"name\":\"Facultad de Ingenier\u00eda y Ciencias Agropecuarias\",\"description\":\"\",\"publisher\":{\"@id\":\"https:\\\/\\\/www.fica.unsl.edu.ar\\\/#organization\"},\"potentialAction\":[{\"@type\":\"SearchAction\",\"target\":{\"@type\":\"EntryPoint\",\"urlTemplate\":\"https:\\\/\\\/www.fica.unsl.edu.ar\\\/?s={search_term_string}\"},\"query-input\":{\"@type\":\"PropertyValueSpecification\",\"valueRequired\":true,\"valueName\":\"search_term_string\"}}],\"inLanguage\":\"es-AR\"},{\"@type\":\"Organization\",\"@id\":\"https:\\\/\\\/www.fica.unsl.edu.ar\\\/#organization\",\"name\":\"Facultad de Ingenier\u00eda y Ciencias Agropecuarias\",\"url\":\"https:\\\/\\\/www.fica.unsl.edu.ar\\\/\",\"logo\":{\"@type\":\"ImageObject\",\"inLanguage\":\"es-AR\",\"@id\":\"https:\\\/\\\/www.fica.unsl.edu.ar\\\/#\\\/schema\\\/logo\\\/image\\\/\",\"url\":\"https:\\\/\\\/www.fica.unsl.edu.ar\\\/wp-content\\\/uploads\\\/2021\\\/03\\\/LOGO-1.jpg\",\"contentUrl\":\"https:\\\/\\\/www.fica.unsl.edu.ar\\\/wp-content\\\/uploads\\\/2021\\\/03\\\/LOGO-1.jpg\",\"width\":463,\"height\":145,\"caption\":\"Facultad de Ingenier\u00eda y Ciencias Agropecuarias\"},\"image\":{\"@id\":\"https:\\\/\\\/www.fica.unsl.edu.ar\\\/#\\\/schema\\\/logo\\\/image\\\/\"},\"sameAs\":[\"https:\\\/\\\/www.facebook.com\\\/FICA.UNSL\\\/\",\"https:\\\/\\\/x.com\\\/FICAUNSL\",\"https:\\\/\\\/www.instagram.com\\\/fica.unsl\\\/\",\"https:\\\/\\\/www.youtube.com\\\/channel\\\/UCs2MM53gb2PyBrMySdtWZDQ\"]},{\"@type\":\"Person\",\"@id\":\"https:\\\/\\\/www.fica.unsl.edu.ar\\\/#\\\/schema\\\/person\\\/6058f9c66301868d3a691b1f5d6c3544\",\"name\":\"DATI\"}]}<\/script>\n<!-- \/ Yoast SEO plugin. -->","yoast_head_json":{"title":"La UNSL organiza el IX Congreso Internacional de Comunicaci\u00f3n P\u00fablica de la Ciencia y la Tecnolog\u00eda (COPUCI) - Facultad de Ingenier\u00eda y Ciencias Agropecuarias","robots":{"index":"index","follow":"follow","max-snippet":"max-snippet:-1","max-image-preview":"max-image-preview:large","max-video-preview":"max-video-preview:-1"},"canonical":"https:\/\/www.fica.unsl.edu.ar\/index.php\/la-unsl-organiza-el-ix-congreso-internacional-de-comunicacion-publica-de-la-ciencia-y-la-tecnologia-copuci\/","og_locale":"es_ES","og_type":"article","og_title":"La UNSL organiza el IX Congreso Internacional de Comunicaci\u00f3n P\u00fablica de la Ciencia y la Tecnolog\u00eda (COPUCI) - Facultad de Ingenier\u00eda y Ciencias Agropecuarias","og_description":"La Universidad Nacional de San Luis, el Programa Institucional Transdisciplinario Socioambiental (PITSA) y la Unidad de Extensi\u00f3n y Desarrollo Territorial (UEyDT) San Luis del Instituto&hellip;","og_url":"https:\/\/www.fica.unsl.edu.ar\/index.php\/la-unsl-organiza-el-ix-congreso-internacional-de-comunicacion-publica-de-la-ciencia-y-la-tecnologia-copuci\/","og_site_name":"Facultad de Ingenier\u00eda y Ciencias Agropecuarias","article_publisher":"https:\/\/www.facebook.com\/FICA.UNSL\/","article_published_time":"2024-04-03T03:50:25+00:00","article_modified_time":"2024-04-03T15:54:01+00:00","og_image":[{"width":1152,"height":647,"url":"https:\/\/www.fica.unsl.edu.ar\/wp-content\/uploads\/2024\/04\/COPUCI-front.jpg","type":"image\/jpeg"}],"author":"DATI","twitter_card":"summary_large_image","twitter_creator":"@FICAUNSL","twitter_site":"@FICAUNSL","twitter_misc":{"Escrito por":"DATI","Tiempo de lectura":"1 minuto"},"schema":{"@context":"https:\/\/schema.org","@graph":[{"@type":"Article","@id":"https:\/\/www.fica.unsl.edu.ar\/index.php\/la-unsl-organiza-el-ix-congreso-internacional-de-comunicacion-publica-de-la-ciencia-y-la-tecnologia-copuci\/#article","isPartOf":{"@id":"https:\/\/www.fica.unsl.edu.ar\/index.php\/la-unsl-organiza-el-ix-congreso-internacional-de-comunicacion-publica-de-la-ciencia-y-la-tecnologia-copuci\/"},"author":{"name":"DATI","@id":"https:\/\/www.fica.unsl.edu.ar\/#\/schema\/person\/6058f9c66301868d3a691b1f5d6c3544"},"headline":"La UNSL organiza el IX Congreso Internacional de Comunicaci\u00f3n P\u00fablica de la Ciencia y la Tecnolog\u00eda (COPUCI)","datePublished":"2024-04-03T03:50:25+00:00","dateModified":"2024-04-03T15:54:01+00:00","mainEntityOfPage":{"@id":"https:\/\/www.fica.unsl.edu.ar\/index.php\/la-unsl-organiza-el-ix-congreso-internacional-de-comunicacion-publica-de-la-ciencia-y-la-tecnologia-copuci\/"},"wordCount":175,"publisher":{"@id":"https:\/\/www.fica.unsl.edu.ar\/#organization"},"image":{"@id":"https:\/\/www.fica.unsl.edu.ar\/index.php\/la-unsl-organiza-el-ix-congreso-internacional-de-comunicacion-publica-de-la-ciencia-y-la-tecnologia-copuci\/#primaryimage"},"thumbnailUrl":"https:\/\/www.fica.unsl.edu.ar\/wp-content\/uploads\/2024\/04\/COPUCI-front.jpg","articleSection":["Archivadas"],"inLanguage":"es-AR"},{"@type":"WebPage","@id":"https:\/\/www.fica.unsl.edu.ar\/index.php\/la-unsl-organiza-el-ix-congreso-internacional-de-comunicacion-publica-de-la-ciencia-y-la-tecnologia-copuci\/","url":"https:\/\/www.fica.unsl.edu.ar\/index.php\/la-unsl-organiza-el-ix-congreso-internacional-de-comunicacion-publica-de-la-ciencia-y-la-tecnologia-copuci\/","name":"La UNSL organiza el IX Congreso Internacional de Comunicaci\u00f3n P\u00fablica de la Ciencia y la Tecnolog\u00eda (COPUCI) - Facultad de Ingenier\u00eda y Ciencias Agropecuarias","isPartOf":{"@id":"https:\/\/www.fica.unsl.edu.ar\/#website"},"primaryImageOfPage":{"@id":"https:\/\/www.fica.unsl.edu.ar\/index.php\/la-unsl-organiza-el-ix-congreso-internacional-de-comunicacion-publica-de-la-ciencia-y-la-tecnologia-copuci\/#primaryimage"},"image":{"@id":"https:\/\/www.fica.unsl.edu.ar\/index.php\/la-unsl-organiza-el-ix-congreso-internacional-de-comunicacion-publica-de-la-ciencia-y-la-tecnologia-copuci\/#primaryimage"},"thumbnailUrl":"https:\/\/www.fica.unsl.edu.ar\/wp-content\/uploads\/2024\/04\/COPUCI-front.jpg","datePublished":"2024-04-03T03:50:25+00:00","dateModified":"2024-04-03T15:54:01+00:00","inLanguage":"es-AR","potentialAction":[{"@type":"ReadAction","target":["https:\/\/www.fica.unsl.edu.ar\/index.php\/la-unsl-organiza-el-ix-congreso-internacional-de-comunicacion-publica-de-la-ciencia-y-la-tecnologia-copuci\/"]}]},{"@type":"ImageObject","inLanguage":"es-AR","@id":"https:\/\/www.fica.unsl.edu.ar\/index.php\/la-unsl-organiza-el-ix-congreso-internacional-de-comunicacion-publica-de-la-ciencia-y-la-tecnologia-copuci\/#primaryimage","url":"https:\/\/www.fica.unsl.edu.ar\/wp-content\/uploads\/2024\/04\/COPUCI-front.jpg","contentUrl":"https:\/\/www.fica.unsl.edu.ar\/wp-content\/uploads\/2024\/04\/COPUCI-front.jpg","width":1152,"height":647},{"@type":"WebSite","@id":"https:\/\/www.fica.unsl.edu.ar\/#website","url":"https:\/\/www.fica.unsl.edu.ar\/","name":"Facultad de Ingenier\u00eda y Ciencias Agropecuarias","description":"","publisher":{"@id":"https:\/\/www.fica.unsl.edu.ar\/#organization"},"potentialAction":[{"@type":"SearchAction","target":{"@type":"EntryPoint","urlTemplate":"https:\/\/www.fica.unsl.edu.ar\/?s={search_term_string}"},"query-input":{"@type":"PropertyValueSpecification","valueRequired":true,"valueName":"search_term_string"}}],"inLanguage":"es-AR"},{"@type":"Organization","@id":"https:\/\/www.fica.unsl.edu.ar\/#organization","name":"Facultad de Ingenier\u00eda y Ciencias Agropecuarias","url":"https:\/\/www.fica.unsl.edu.ar\/","logo":{"@type":"ImageObject","inLanguage":"es-AR","@id":"https:\/\/www.fica.unsl.edu.ar\/#\/schema\/logo\/image\/","url":"https:\/\/www.fica.unsl.edu.ar\/wp-content\/uploads\/2021\/03\/LOGO-1.jpg","contentUrl":"https:\/\/www.fica.unsl.edu.ar\/wp-content\/uploads\/2021\/03\/LOGO-1.jpg","width":463,"height":145,"caption":"Facultad de Ingenier\u00eda y Ciencias Agropecuarias"},"image":{"@id":"https:\/\/www.fica.unsl.edu.ar\/#\/schema\/logo\/image\/"},"sameAs":["https:\/\/www.facebook.com\/FICA.UNSL\/","https:\/\/x.com\/FICAUNSL","https:\/\/www.instagram.com\/fica.unsl\/","https:\/\/www.youtube.com\/channel\/UCs2MM53gb2PyBrMySdtWZDQ"]},{"@type":"Person","@id":"https:\/\/www.fica.unsl.edu.ar\/#\/schema\/person\/6058f9c66301868d3a691b1f5d6c3544","name":"DATI"}]}},"_links":{"self":[{"href":"https:\/\/www.fica.unsl.edu.ar\/index.php\/wp-json\/wp\/v2\/posts\/16407","targetHints":{"allow":["GET"]}}],"collection":[{"href":"https:\/\/www.fica.unsl.edu.ar\/index.php\/wp-json\/wp\/v2\/posts"}],"about":[{"href":"https:\/\/www.fica.unsl.edu.ar\/index.php\/wp-json\/wp\/v2\/types\/post"}],"author":[{"embeddable":true,"href":"https:\/\/www.fica.unsl.edu.ar\/index.php\/wp-json\/wp\/v2\/users\/9"}],"replies":[{"embeddable":true,"href":"https:\/\/www.fica.unsl.edu.ar\/index.php\/wp-json\/wp\/v2\/comments?post=16407"}],"version-history":[{"count":1,"href":"https:\/\/www.fica.unsl.edu.ar\/index.php\/wp-json\/wp\/v2\/posts\/16407\/revisions"}],"predecessor-version":[{"id":16409,"href":"https:\/\/www.fica.unsl.edu.ar\/index.php\/wp-json\/wp\/v2\/posts\/16407\/revisions\/16409"}],"wp:featuredmedia":[{"embeddable":true,"href":"https:\/\/www.fica.unsl.edu.ar\/index.php\/wp-json\/wp\/v2\/media\/16408"}],"wp:attachment":[{"href":"https:\/\/www.fica.unsl.edu.ar\/index.php\/wp-json\/wp\/v2\/media?parent=16407"}],"wp:term":[{"taxonomy":"category","embeddable":true,"href":"https:\/\/www.fica.unsl.edu.ar\/index.php\/wp-json\/wp\/v2\/categories?post=16407"},{"taxonomy":"post_tag","embeddable":true,"href":"https:\/\/www.fica.unsl.edu.ar\/index.php\/wp-json\/wp\/v2\/tags?post=16407"}],"curies":[{"name":"wp","href":"https:\/\/api.w.org\/{rel}","templated":true}]}}