{"id":16496,"date":"2024-04-10T08:36:43","date_gmt":"2024-04-10T11:36:43","guid":{"rendered":"http:\/\/10.101.10.196\/www\/?p=16496"},"modified":"2024-04-10T10:44:07","modified_gmt":"2024-04-10T13:44:07","slug":"victor-morinigo-fue-electo-presidente-del-consejo-interuniversitario-nacional","status":"publish","type":"post","link":"https:\/\/www.fica.unsl.edu.ar\/index.php\/victor-morinigo-fue-electo-presidente-del-consejo-interuniversitario-nacional\/","title":{"rendered":"V\u00edctor Mori\u00f1igo fue electo presidente del Consejo Interuniversitario Nacional"},"content":{"rendered":"<p><strong>El rector de la Universidad Nacional de San Luis (UNSL) conducir\u00e1 este organismo cuyo eje central es bregar por el sistema universitario, hecho que cobra gran relevancia en el contexto actual. La decisi\u00f3n se tom\u00f3 de manera un\u00e1nime por parte de rectores y rectoras de 73 instituciones universitarias del pa\u00eds, en el plenario 91\u00b0, que se desarrolla en el Campus Miguelete de la Universidad Nacional de San Mart\u00edn (UNSAM).<\/strong>\u00a0<strong>Oscar Alpa de la Universidad Nacional de La Pampa, lo acompa\u00f1ar\u00e1 en la vicepresidencia.<\/strong><\/p>\n<p>El C.P.N. V\u00edctor Mori\u00f1igo hab\u00eda acompa\u00f1ado este \u00faltimo a\u00f1o como vicepresidente del organismo, lo que permiti\u00f3 adem\u00e1s que la UNSL luego de 15 a\u00f1os fuera sede del 90\u00b0 Plenario en el mes de setiembre del 2023, como as\u00ed tambi\u00e9n del Foro de Rectoras y Vicerrectoras de Instituciones Universitarias P\u00fablicas (FoReVi) del CIN.<\/p>\n<p>En cuanto al Consejo, el mismo tiene funciones, esencialmente, de coordinaci\u00f3n, consulta y propuesta de pol\u00edticas y estrategias de desarrollo universitario y la promoci\u00f3n de actividades de inter\u00e9s para el sistema p\u00fablico de educaci\u00f3n superior. Es, adem\u00e1s, \u00f3rgano de consulta obligada en la toma de decisiones de trascendencia para el sistema universitario.<img decoding=\"async\" class=\"wp-image-97781\" src=\"http:\/\/www.noticias.unsl.edu.ar\/wp-content\/uploads\/2024\/04\/20240409104544_IMG_9542.jpg\" sizes=\"(max-width: 1000px) 100vw, 1000px\" srcset=\"http:\/\/www.noticias.unsl.edu.ar\/wp-content\/uploads\/2024\/04\/20240409104544_IMG_9542.jpg 1000w, http:\/\/www.noticias.unsl.edu.ar\/wp-content\/uploads\/2024\/04\/20240409104544_IMG_9542-300x169.jpg 300w\" alt=\"\" \/><\/p>\n<p>En di\u00e1logo con Noticias UNSL (abril 2023), Mori\u00f1igo, al ser consultado por su designaci\u00f3n como vicepresidente, resaltaba la importancia de pertenecer al organismo:\u00a0<em>\u00abel CIN es una organizaci\u00f3n en s\u00ed misma, o sea, no es un club de amigos, es una asociaci\u00f3n civil que incluso aparece en varias leyes de Argentina que tienen que dar dict\u00e1menes para la creaci\u00f3n de universidades nuevas, o que pone a distintas personas en otros organismos. Por ejemplo, en el Consejo de la Magistratura hay rectores, en la C\u00e1mara de Diputados hay rectores, y asesores en distintos lugares del Estado nacional y adem\u00e1s, el Estado Nacional le pregunta al CIN, no le pregunta a las universidades. En este sentido es importante saber y entender que para nosotros es importante pertenecer ah\u00ed\u00bb<\/em>.<\/p>\n<p><img fetchpriority=\"high\" decoding=\"async\" class=\"aligncenter size-full wp-image-16498\" src=\"https:\/\/www.fica.unsl.edu.ar\/wp-content\/uploads\/2024\/04\/cin02.jpg\" alt=\"\" width=\"1000\" height=\"563\" srcset=\"https:\/\/www.fica.unsl.edu.ar\/wp-content\/uploads\/2024\/04\/cin02.jpg 1000w, https:\/\/www.fica.unsl.edu.ar\/wp-content\/uploads\/2024\/04\/cin02-300x169.jpg 300w, https:\/\/www.fica.unsl.edu.ar\/wp-content\/uploads\/2024\/04\/cin02-768x432.jpg 768w\" sizes=\"(max-width: 1000px) 100vw, 1000px\" \/><\/p>\n<p><strong>Participaciones previas<\/strong><\/p>\n<p>En este marco se hace necesario resaltar la participaci\u00f3n activa en la conducci\u00f3n que ha tenido la UNSL desde 1985, a\u00f1o de creaci\u00f3n del Consejo. Tal es as\u00ed que en 1991 y 1992 los plenarios fueron presididos por el Lic. Alberto P\u00fcchmuller, quien adem\u00e1s fue fundador junto a Oscar Shuberoff, rector de la Universidad de Buenos Aires (UBA) en ese momento, del bloque reformista.<\/p>\n<p>Asimismo, el Plenario 34 realizado en diciembre de 1997 en San Luis fue presidido por la Lic. Esther Picco primera rectora de la UNSL (1995-1998) y primera mujer en presidir el CIN; y el N\u00b0 57 llevado a cabo en marzo del 2007 en San Luis, lo presidi\u00f3 el Lic. Germ\u00e1n Arias.<img decoding=\"async\" class=\"wp-image-97798\" src=\"http:\/\/www.noticias.unsl.edu.ar\/wp-content\/uploads\/2024\/04\/20240409111344_IMG_9659-1.jpg\" sizes=\"(max-width: 1000px) 100vw, 1000px\" srcset=\"http:\/\/www.noticias.unsl.edu.ar\/wp-content\/uploads\/2024\/04\/20240409111344_IMG_9659-1.jpg 1000w, http:\/\/www.noticias.unsl.edu.ar\/wp-content\/uploads\/2024\/04\/20240409111344_IMG_9659-1-300x169.jpg 300w\" alt=\"\" \/><\/p>\n<p><strong>Sobre el 91\u00b0 Plenario<\/strong><\/p>\n<p>En esta instancia se debati\u00f3 con diferentes autoridades nacionales. Adem\u00e1s, se realiz\u00f3 la elecci\u00f3n de una nueva presidencia y vicepresidencia para el organismo, como as\u00ed tambi\u00e9n de vocales del Comit\u00e9 Ejecutivo y de vicepresidencias de las comisiones permanentes que, a la vez, determinan la coordinaci\u00f3n de las organizaciones interuniversitarias.<\/p>\n<p>El plenario constituye la asamblea general y es el \u00f3rgano m\u00e1ximo del Consejo. Entre sus atribuciones, seg\u00fan lo establecido en el art\u00edculo 8\u00b0 de su\u00a0<a href=\"https:\/\/www.cin.edu.ar\/descargas\/estatuto.pdf\" target=\"_blank\" rel=\"noreferrer noopener\">estatuto<\/a>, figuran las siguientes:<\/p>\n<ul>\n<li>Definir y aprobar las pol\u00edticas del Consejo.<\/li>\n<li>Aprobar convenios o acuerdos de inter\u00e9s interuniversitario, educativo, cient\u00edfico, cultural o tecnol\u00f3gico con entidades nacionales o internacionales, p\u00fablicas o privadas.<\/li>\n<\/ul>\n<p><strong>FUENTE: PRENSA RECTORADO UNSL<\/strong><\/p>\n","protected":false},"excerpt":{"rendered":"<p>El rector de la Universidad Nacional de San Luis (UNSL) conducir\u00e1 este organismo cuyo eje central es bregar por el sistema universitario, hecho que cobra&hellip;<\/p>\n","protected":false},"author":9,"featured_media":16497,"comment_status":"closed","ping_status":"closed","sticky":false,"template":"","format":"standard","meta":{"_monsterinsights_skip_tracking":false,"_monsterinsights_sitenote_active":false,"_monsterinsights_sitenote_note":"","_monsterinsights_sitenote_category":0,"_joinchat":[],"footnotes":""},"categories":[19],"tags":[],"class_list":["post-16496","post","type-post","status-publish","format-standard","has-post-thumbnail","hentry","category-noticias"],"yoast_head":"<!-- This site is optimized with the Yoast SEO plugin v27.4 - https:\/\/yoast.com\/product\/yoast-seo-wordpress\/ -->\n<title>V\u00edctor Mori\u00f1igo fue electo presidente del Consejo Interuniversitario Nacional - Facultad de Ingenier\u00eda y Ciencias Agropecuarias<\/title>\n<meta name=\"robots\" content=\"index, follow, max-snippet:-1, max-image-preview:large, max-video-preview:-1\" \/>\n<link rel=\"canonical\" href=\"https:\/\/www.fica.unsl.edu.ar\/index.php\/victor-morinigo-fue-electo-presidente-del-consejo-interuniversitario-nacional\/\" \/>\n<meta property=\"og:locale\" content=\"es_ES\" \/>\n<meta property=\"og:type\" content=\"article\" \/>\n<meta property=\"og:title\" content=\"V\u00edctor Mori\u00f1igo fue electo presidente del Consejo Interuniversitario Nacional - Facultad de Ingenier\u00eda y Ciencias Agropecuarias\" \/>\n<meta property=\"og:description\" content=\"El rector de la Universidad Nacional de San Luis (UNSL) conducir\u00e1 este organismo cuyo eje central es bregar por el sistema universitario, hecho que cobra&hellip;\" \/>\n<meta property=\"og:url\" content=\"https:\/\/www.fica.unsl.edu.ar\/index.php\/victor-morinigo-fue-electo-presidente-del-consejo-interuniversitario-nacional\/\" \/>\n<meta property=\"og:site_name\" content=\"Facultad de Ingenier\u00eda y Ciencias Agropecuarias\" \/>\n<meta property=\"article:publisher\" content=\"https:\/\/www.facebook.com\/FICA.UNSL\/\" \/>\n<meta property=\"article:published_time\" content=\"2024-04-10T11:36:43+00:00\" \/>\n<meta property=\"article:modified_time\" content=\"2024-04-10T13:44:07+00:00\" \/>\n<meta property=\"og:image\" content=\"https:\/\/www.fica.unsl.edu.ar\/wp-content\/uploads\/2024\/04\/cin-01.jpg\" \/>\n\t<meta property=\"og:image:width\" content=\"1000\" \/>\n\t<meta property=\"og:image:height\" content=\"563\" \/>\n\t<meta property=\"og:image:type\" content=\"image\/jpeg\" \/>\n<meta name=\"author\" content=\"DATI\" \/>\n<meta name=\"twitter:card\" content=\"summary_large_image\" \/>\n<meta name=\"twitter:creator\" content=\"@FICAUNSL\" \/>\n<meta name=\"twitter:site\" content=\"@FICAUNSL\" \/>\n<meta name=\"twitter:label1\" content=\"Escrito por\" \/>\n\t<meta name=\"twitter:data1\" content=\"DATI\" \/>\n\t<meta name=\"twitter:label2\" content=\"Tiempo de lectura\" \/>\n\t<meta name=\"twitter:data2\" content=\"4 minutos\" \/>\n<script type=\"application\/ld+json\" class=\"yoast-schema-graph\">{\"@context\":\"https:\\\/\\\/schema.org\",\"@graph\":[{\"@type\":\"Article\",\"@id\":\"https:\\\/\\\/www.fica.unsl.edu.ar\\\/index.php\\\/victor-morinigo-fue-electo-presidente-del-consejo-interuniversitario-nacional\\\/#article\",\"isPartOf\":{\"@id\":\"https:\\\/\\\/www.fica.unsl.edu.ar\\\/index.php\\\/victor-morinigo-fue-electo-presidente-del-consejo-interuniversitario-nacional\\\/\"},\"author\":{\"name\":\"DATI\",\"@id\":\"https:\\\/\\\/www.fica.unsl.edu.ar\\\/#\\\/schema\\\/person\\\/6058f9c66301868d3a691b1f5d6c3544\"},\"headline\":\"V\u00edctor Mori\u00f1igo fue electo presidente del Consejo Interuniversitario Nacional\",\"datePublished\":\"2024-04-10T11:36:43+00:00\",\"dateModified\":\"2024-04-10T13:44:07+00:00\",\"mainEntityOfPage\":{\"@id\":\"https:\\\/\\\/www.fica.unsl.edu.ar\\\/index.php\\\/victor-morinigo-fue-electo-presidente-del-consejo-interuniversitario-nacional\\\/\"},\"wordCount\":591,\"publisher\":{\"@id\":\"https:\\\/\\\/www.fica.unsl.edu.ar\\\/#organization\"},\"image\":{\"@id\":\"https:\\\/\\\/www.fica.unsl.edu.ar\\\/index.php\\\/victor-morinigo-fue-electo-presidente-del-consejo-interuniversitario-nacional\\\/#primaryimage\"},\"thumbnailUrl\":\"https:\\\/\\\/www.fica.unsl.edu.ar\\\/wp-content\\\/uploads\\\/2024\\\/04\\\/cin-01.jpg\",\"articleSection\":[\"Noticias\"],\"inLanguage\":\"es-AR\"},{\"@type\":\"WebPage\",\"@id\":\"https:\\\/\\\/www.fica.unsl.edu.ar\\\/index.php\\\/victor-morinigo-fue-electo-presidente-del-consejo-interuniversitario-nacional\\\/\",\"url\":\"https:\\\/\\\/www.fica.unsl.edu.ar\\\/index.php\\\/victor-morinigo-fue-electo-presidente-del-consejo-interuniversitario-nacional\\\/\",\"name\":\"V\u00edctor Mori\u00f1igo fue electo presidente del Consejo Interuniversitario Nacional - Facultad de Ingenier\u00eda y Ciencias Agropecuarias\",\"isPartOf\":{\"@id\":\"https:\\\/\\\/www.fica.unsl.edu.ar\\\/#website\"},\"primaryImageOfPage\":{\"@id\":\"https:\\\/\\\/www.fica.unsl.edu.ar\\\/index.php\\\/victor-morinigo-fue-electo-presidente-del-consejo-interuniversitario-nacional\\\/#primaryimage\"},\"image\":{\"@id\":\"https:\\\/\\\/www.fica.unsl.edu.ar\\\/index.php\\\/victor-morinigo-fue-electo-presidente-del-consejo-interuniversitario-nacional\\\/#primaryimage\"},\"thumbnailUrl\":\"https:\\\/\\\/www.fica.unsl.edu.ar\\\/wp-content\\\/uploads\\\/2024\\\/04\\\/cin-01.jpg\",\"datePublished\":\"2024-04-10T11:36:43+00:00\",\"dateModified\":\"2024-04-10T13:44:07+00:00\",\"inLanguage\":\"es-AR\",\"potentialAction\":[{\"@type\":\"ReadAction\",\"target\":[\"https:\\\/\\\/www.fica.unsl.edu.ar\\\/index.php\\\/victor-morinigo-fue-electo-presidente-del-consejo-interuniversitario-nacional\\\/\"]}]},{\"@type\":\"ImageObject\",\"inLanguage\":\"es-AR\",\"@id\":\"https:\\\/\\\/www.fica.unsl.edu.ar\\\/index.php\\\/victor-morinigo-fue-electo-presidente-del-consejo-interuniversitario-nacional\\\/#primaryimage\",\"url\":\"https:\\\/\\\/www.fica.unsl.edu.ar\\\/wp-content\\\/uploads\\\/2024\\\/04\\\/cin-01.jpg\",\"contentUrl\":\"https:\\\/\\\/www.fica.unsl.edu.ar\\\/wp-content\\\/uploads\\\/2024\\\/04\\\/cin-01.jpg\",\"width\":1000,\"height\":563},{\"@type\":\"WebSite\",\"@id\":\"https:\\\/\\\/www.fica.unsl.edu.ar\\\/#website\",\"url\":\"https:\\\/\\\/www.fica.unsl.edu.ar\\\/\",\"name\":\"Facultad de Ingenier\u00eda y Ciencias Agropecuarias\",\"description\":\"\",\"publisher\":{\"@id\":\"https:\\\/\\\/www.fica.unsl.edu.ar\\\/#organization\"},\"potentialAction\":[{\"@type\":\"SearchAction\",\"target\":{\"@type\":\"EntryPoint\",\"urlTemplate\":\"https:\\\/\\\/www.fica.unsl.edu.ar\\\/?s={search_term_string}\"},\"query-input\":{\"@type\":\"PropertyValueSpecification\",\"valueRequired\":true,\"valueName\":\"search_term_string\"}}],\"inLanguage\":\"es-AR\"},{\"@type\":\"Organization\",\"@id\":\"https:\\\/\\\/www.fica.unsl.edu.ar\\\/#organization\",\"name\":\"Facultad de Ingenier\u00eda y Ciencias Agropecuarias\",\"url\":\"https:\\\/\\\/www.fica.unsl.edu.ar\\\/\",\"logo\":{\"@type\":\"ImageObject\",\"inLanguage\":\"es-AR\",\"@id\":\"https:\\\/\\\/www.fica.unsl.edu.ar\\\/#\\\/schema\\\/logo\\\/image\\\/\",\"url\":\"https:\\\/\\\/www.fica.unsl.edu.ar\\\/wp-content\\\/uploads\\\/2021\\\/03\\\/LOGO-1.jpg\",\"contentUrl\":\"https:\\\/\\\/www.fica.unsl.edu.ar\\\/wp-content\\\/uploads\\\/2021\\\/03\\\/LOGO-1.jpg\",\"width\":463,\"height\":145,\"caption\":\"Facultad de Ingenier\u00eda y Ciencias Agropecuarias\"},\"image\":{\"@id\":\"https:\\\/\\\/www.fica.unsl.edu.ar\\\/#\\\/schema\\\/logo\\\/image\\\/\"},\"sameAs\":[\"https:\\\/\\\/www.facebook.com\\\/FICA.UNSL\\\/\",\"https:\\\/\\\/x.com\\\/FICAUNSL\",\"https:\\\/\\\/www.instagram.com\\\/fica.unsl\\\/\",\"https:\\\/\\\/www.youtube.com\\\/channel\\\/UCs2MM53gb2PyBrMySdtWZDQ\"]},{\"@type\":\"Person\",\"@id\":\"https:\\\/\\\/www.fica.unsl.edu.ar\\\/#\\\/schema\\\/person\\\/6058f9c66301868d3a691b1f5d6c3544\",\"name\":\"DATI\"}]}<\/script>\n<!-- \/ Yoast SEO plugin. -->","yoast_head_json":{"title":"V\u00edctor Mori\u00f1igo fue electo presidente del Consejo Interuniversitario Nacional - Facultad de Ingenier\u00eda y Ciencias Agropecuarias","robots":{"index":"index","follow":"follow","max-snippet":"max-snippet:-1","max-image-preview":"max-image-preview:large","max-video-preview":"max-video-preview:-1"},"canonical":"https:\/\/www.fica.unsl.edu.ar\/index.php\/victor-morinigo-fue-electo-presidente-del-consejo-interuniversitario-nacional\/","og_locale":"es_ES","og_type":"article","og_title":"V\u00edctor Mori\u00f1igo fue electo presidente del Consejo Interuniversitario Nacional - Facultad de Ingenier\u00eda y Ciencias Agropecuarias","og_description":"El rector de la Universidad Nacional de San Luis (UNSL) conducir\u00e1 este organismo cuyo eje central es bregar por el sistema universitario, hecho que cobra&hellip;","og_url":"https:\/\/www.fica.unsl.edu.ar\/index.php\/victor-morinigo-fue-electo-presidente-del-consejo-interuniversitario-nacional\/","og_site_name":"Facultad de Ingenier\u00eda y Ciencias Agropecuarias","article_publisher":"https:\/\/www.facebook.com\/FICA.UNSL\/","article_published_time":"2024-04-10T11:36:43+00:00","article_modified_time":"2024-04-10T13:44:07+00:00","og_image":[{"width":1000,"height":563,"url":"https:\/\/www.fica.unsl.edu.ar\/wp-content\/uploads\/2024\/04\/cin-01.jpg","type":"image\/jpeg"}],"author":"DATI","twitter_card":"summary_large_image","twitter_creator":"@FICAUNSL","twitter_site":"@FICAUNSL","twitter_misc":{"Escrito por":"DATI","Tiempo de lectura":"4 minutos"},"schema":{"@context":"https:\/\/schema.org","@graph":[{"@type":"Article","@id":"https:\/\/www.fica.unsl.edu.ar\/index.php\/victor-morinigo-fue-electo-presidente-del-consejo-interuniversitario-nacional\/#article","isPartOf":{"@id":"https:\/\/www.fica.unsl.edu.ar\/index.php\/victor-morinigo-fue-electo-presidente-del-consejo-interuniversitario-nacional\/"},"author":{"name":"DATI","@id":"https:\/\/www.fica.unsl.edu.ar\/#\/schema\/person\/6058f9c66301868d3a691b1f5d6c3544"},"headline":"V\u00edctor Mori\u00f1igo fue electo presidente del Consejo Interuniversitario Nacional","datePublished":"2024-04-10T11:36:43+00:00","dateModified":"2024-04-10T13:44:07+00:00","mainEntityOfPage":{"@id":"https:\/\/www.fica.unsl.edu.ar\/index.php\/victor-morinigo-fue-electo-presidente-del-consejo-interuniversitario-nacional\/"},"wordCount":591,"publisher":{"@id":"https:\/\/www.fica.unsl.edu.ar\/#organization"},"image":{"@id":"https:\/\/www.fica.unsl.edu.ar\/index.php\/victor-morinigo-fue-electo-presidente-del-consejo-interuniversitario-nacional\/#primaryimage"},"thumbnailUrl":"https:\/\/www.fica.unsl.edu.ar\/wp-content\/uploads\/2024\/04\/cin-01.jpg","articleSection":["Noticias"],"inLanguage":"es-AR"},{"@type":"WebPage","@id":"https:\/\/www.fica.unsl.edu.ar\/index.php\/victor-morinigo-fue-electo-presidente-del-consejo-interuniversitario-nacional\/","url":"https:\/\/www.fica.unsl.edu.ar\/index.php\/victor-morinigo-fue-electo-presidente-del-consejo-interuniversitario-nacional\/","name":"V\u00edctor Mori\u00f1igo fue electo presidente del Consejo Interuniversitario Nacional - Facultad de Ingenier\u00eda y Ciencias Agropecuarias","isPartOf":{"@id":"https:\/\/www.fica.unsl.edu.ar\/#website"},"primaryImageOfPage":{"@id":"https:\/\/www.fica.unsl.edu.ar\/index.php\/victor-morinigo-fue-electo-presidente-del-consejo-interuniversitario-nacional\/#primaryimage"},"image":{"@id":"https:\/\/www.fica.unsl.edu.ar\/index.php\/victor-morinigo-fue-electo-presidente-del-consejo-interuniversitario-nacional\/#primaryimage"},"thumbnailUrl":"https:\/\/www.fica.unsl.edu.ar\/wp-content\/uploads\/2024\/04\/cin-01.jpg","datePublished":"2024-04-10T11:36:43+00:00","dateModified":"2024-04-10T13:44:07+00:00","inLanguage":"es-AR","potentialAction":[{"@type":"ReadAction","target":["https:\/\/www.fica.unsl.edu.ar\/index.php\/victor-morinigo-fue-electo-presidente-del-consejo-interuniversitario-nacional\/"]}]},{"@type":"ImageObject","inLanguage":"es-AR","@id":"https:\/\/www.fica.unsl.edu.ar\/index.php\/victor-morinigo-fue-electo-presidente-del-consejo-interuniversitario-nacional\/#primaryimage","url":"https:\/\/www.fica.unsl.edu.ar\/wp-content\/uploads\/2024\/04\/cin-01.jpg","contentUrl":"https:\/\/www.fica.unsl.edu.ar\/wp-content\/uploads\/2024\/04\/cin-01.jpg","width":1000,"height":563},{"@type":"WebSite","@id":"https:\/\/www.fica.unsl.edu.ar\/#website","url":"https:\/\/www.fica.unsl.edu.ar\/","name":"Facultad de Ingenier\u00eda y Ciencias Agropecuarias","description":"","publisher":{"@id":"https:\/\/www.fica.unsl.edu.ar\/#organization"},"potentialAction":[{"@type":"SearchAction","target":{"@type":"EntryPoint","urlTemplate":"https:\/\/www.fica.unsl.edu.ar\/?s={search_term_string}"},"query-input":{"@type":"PropertyValueSpecification","valueRequired":true,"valueName":"search_term_string"}}],"inLanguage":"es-AR"},{"@type":"Organization","@id":"https:\/\/www.fica.unsl.edu.ar\/#organization","name":"Facultad de Ingenier\u00eda y Ciencias Agropecuarias","url":"https:\/\/www.fica.unsl.edu.ar\/","logo":{"@type":"ImageObject","inLanguage":"es-AR","@id":"https:\/\/www.fica.unsl.edu.ar\/#\/schema\/logo\/image\/","url":"https:\/\/www.fica.unsl.edu.ar\/wp-content\/uploads\/2021\/03\/LOGO-1.jpg","contentUrl":"https:\/\/www.fica.unsl.edu.ar\/wp-content\/uploads\/2021\/03\/LOGO-1.jpg","width":463,"height":145,"caption":"Facultad de Ingenier\u00eda y Ciencias Agropecuarias"},"image":{"@id":"https:\/\/www.fica.unsl.edu.ar\/#\/schema\/logo\/image\/"},"sameAs":["https:\/\/www.facebook.com\/FICA.UNSL\/","https:\/\/x.com\/FICAUNSL","https:\/\/www.instagram.com\/fica.unsl\/","https:\/\/www.youtube.com\/channel\/UCs2MM53gb2PyBrMySdtWZDQ"]},{"@type":"Person","@id":"https:\/\/www.fica.unsl.edu.ar\/#\/schema\/person\/6058f9c66301868d3a691b1f5d6c3544","name":"DATI"}]}},"_links":{"self":[{"href":"https:\/\/www.fica.unsl.edu.ar\/index.php\/wp-json\/wp\/v2\/posts\/16496","targetHints":{"allow":["GET"]}}],"collection":[{"href":"https:\/\/www.fica.unsl.edu.ar\/index.php\/wp-json\/wp\/v2\/posts"}],"about":[{"href":"https:\/\/www.fica.unsl.edu.ar\/index.php\/wp-json\/wp\/v2\/types\/post"}],"author":[{"embeddable":true,"href":"https:\/\/www.fica.unsl.edu.ar\/index.php\/wp-json\/wp\/v2\/users\/9"}],"replies":[{"embeddable":true,"href":"https:\/\/www.fica.unsl.edu.ar\/index.php\/wp-json\/wp\/v2\/comments?post=16496"}],"version-history":[{"count":1,"href":"https:\/\/www.fica.unsl.edu.ar\/index.php\/wp-json\/wp\/v2\/posts\/16496\/revisions"}],"predecessor-version":[{"id":16499,"href":"https:\/\/www.fica.unsl.edu.ar\/index.php\/wp-json\/wp\/v2\/posts\/16496\/revisions\/16499"}],"wp:featuredmedia":[{"embeddable":true,"href":"https:\/\/www.fica.unsl.edu.ar\/index.php\/wp-json\/wp\/v2\/media\/16497"}],"wp:attachment":[{"href":"https:\/\/www.fica.unsl.edu.ar\/index.php\/wp-json\/wp\/v2\/media?parent=16496"}],"wp:term":[{"taxonomy":"category","embeddable":true,"href":"https:\/\/www.fica.unsl.edu.ar\/index.php\/wp-json\/wp\/v2\/categories?post=16496"},{"taxonomy":"post_tag","embeddable":true,"href":"https:\/\/www.fica.unsl.edu.ar\/index.php\/wp-json\/wp\/v2\/tags?post=16496"}],"curies":[{"name":"wp","href":"https:\/\/api.w.org\/{rel}","templated":true}]}}