{"id":16500,"date":"2024-04-15T08:38:01","date_gmt":"2024-04-15T11:38:01","guid":{"rendered":"http:\/\/10.101.10.196\/www\/?p=16500"},"modified":"2024-05-06T08:36:27","modified_gmt":"2024-05-06T11:36:27","slug":"comunicado-en-defensa-de-la-educacion-publica-la-ciencia-y-el-sistema-universitario-nacional","status":"publish","type":"post","link":"https:\/\/www.fica.unsl.edu.ar\/index.php\/comunicado-en-defensa-de-la-educacion-publica-la-ciencia-y-el-sistema-universitario-nacional\/","title":{"rendered":"Comunicado en defensa de la educaci\u00f3n p\u00fablica, la ciencia y el sistema universitario nacional"},"content":{"rendered":"<p><strong>Las rectoras y los rectores que integran el Consejo Interuniversitario Nacional (CIN), reunidos en el 91\u00b0 Plenario, emitieron un comunicado en defensa de la educaci\u00f3n p\u00fablica, la ciencia y el sistema universitario nacional.<\/strong><\/p>\n<p>El escrito expresa:<\/p>\n<p>Las rectoras y los rectores de las universidades p\u00fablicas argentinas, reunidos en la Universidad Nacional de San Mart\u00edn (UNSAM), queremos manifestar con claridad que la situaci\u00f3n econ\u00f3mica financiera que atraviesa el sistema universitario p\u00fablico es grave y que necesita urgente respuesta por partes de los poderes del Estado nacional.<\/p>\n<p>Las universidades nacionales hemos dialogado con distintos representantes de Poder Ejecutivo en estos primeros cien d\u00edas de gobierno y planteamos en detalle la compleja situaci\u00f3n del sistema. Hemos aprobado una declaraci\u00f3n en febrero en la que expres\u00e1bamos nuestra preocupaci\u00f3n por la falta de acuerdos paritarios en desmedro del poder adquisitivo de nuestros trabajadores, por el deterioro del sistema cient\u00edfico, tecnol\u00f3gico y de innovaci\u00f3n; la suspensi\u00f3n total de obras de infraestructura cient\u00edfica y universitaria en ejecuci\u00f3n; la abrumadora falta de actualizaci\u00f3n de los gastos de funcionamiento y la no renovaci\u00f3n del los sistemas nacionales de becas. Con solo nombrar esas dificultades que afrontamos podemos sintetizar la profundidad de la crisis. A ello sumamos nuestra preocupaci\u00f3n por la eliminaci\u00f3n del Fondo Nacional de Incentivo Docente (FONID).<\/p>\n<p>La sociedad argentina tiene una alta valoraci\u00f3n de sus universidades p\u00fablicas a lo largo y a lo ancho del pa\u00eds, no solo por su tarea de formaci\u00f3n de hombres, mujeres, diversidades y personas con discapacidad \u00edntegras con alta capacidad profesional, sino tambi\u00e9n por su tarea en la construcci\u00f3n del conocimiento, por la transferencia al mundo de la producci\u00f3n y del trabajo, a la sociedad en general, por las tareas de extensi\u00f3n y la solidaridad con los sectores m\u00e1s postergados.<\/p>\n<p>Hoy es necesario que la sociedad en general y la comunidad universitaria en particular nos acompa\u00f1en en nuestro reclamo. Se trata de la defensa de la sociedad argentina en su conjunto, que si quiere resolver sus problemas estructurales, debe priorizar la educaci\u00f3n p\u00fablica que nos iguala y hace libres, la formaci\u00f3n universitaria de excelencia y la inversi\u00f3n en ciencia y tecnolog\u00eda y, consecuentemente, jerarquizar su asignaci\u00f3n presupuestaria.<\/p>\n<p>Defendemos el derecho de las y los j\u00f3venes de acceder, seg\u00fan su deseo y vocaci\u00f3n, a la educaci\u00f3n p\u00fablica superior de excelencia, no arancelada y con ingreso libre. Un sistema abierto que promueve la movilidad social y las transformaciones de nuestras comunidades, del que nuestras y nuestros graduados son su mejor expresi\u00f3n.<\/p>\n<p>Reclamamos que cualquier acuerdo que se promueva a nivel nacional priorice como central la cuesti\u00f3n educativa.<\/p>\n<p>Convocamos a una gran demostraci\u00f3n nacional el pr\u00f3ximo 23 de abril, a realizarse en la Ciudad de Buenos Aires, en defensa de la educaci\u00f3n y del sistema universitario p\u00fablico argentino. En conjunto con las representaciones docentes, nodocente y estudiantiles. Toda la comunidad universitaria, toda la sociedad, porque el futuro est\u00e1 en juego. Todos los problemas que tenemos se resuelven con m\u00e1s educaci\u00f3n.<\/p>\n<p><em>Consejo Interuniversitario Nacional (CIN)<\/em><br \/>\n<em>9 de abril de 2024<\/em><\/p>\n<p>Fuente: CIN<\/p>\n<p><a href=\"https:\/\/encuestas.siu.edu.ar\/kollaencuestas\/aplicacion.php?ai=kolla||40000174&amp;h=232&amp;f=232\" target=\"_blank\" rel=\"noopener\"><img fetchpriority=\"high\" decoding=\"async\" class=\"aligncenter wp-image-16311 size-full\" src=\"https:\/\/www.fcejs.unsl.edu.ar\/wp-content\/uploads\/2024\/04\/cin-boton.jpg\" alt=\"\" width=\"663\" height=\"93\" \/><\/a><\/p>\n","protected":false},"excerpt":{"rendered":"<p>Las rectoras y los rectores que integran el Consejo Interuniversitario Nacional (CIN), reunidos en el 91\u00b0 Plenario, emitieron un comunicado en defensa de la educaci\u00f3n&hellip;<\/p>\n","protected":false},"author":9,"featured_media":16501,"comment_status":"closed","ping_status":"closed","sticky":false,"template":"","format":"standard","meta":{"_monsterinsights_skip_tracking":false,"_monsterinsights_sitenote_active":false,"_monsterinsights_sitenote_note":"","_monsterinsights_sitenote_category":0,"_joinchat":[],"footnotes":""},"categories":[19],"tags":[],"class_list":["post-16500","post","type-post","status-publish","format-standard","has-post-thumbnail","hentry","category-noticias"],"yoast_head":"<!-- This site is optimized with the Yoast SEO plugin v27.4 - https:\/\/yoast.com\/product\/yoast-seo-wordpress\/ -->\n<title>Comunicado en defensa de la educaci\u00f3n p\u00fablica, la ciencia y el sistema universitario nacional - Facultad de Ingenier\u00eda y Ciencias Agropecuarias<\/title>\n<meta name=\"robots\" content=\"index, follow, max-snippet:-1, max-image-preview:large, max-video-preview:-1\" \/>\n<link rel=\"canonical\" href=\"https:\/\/www.fica.unsl.edu.ar\/index.php\/comunicado-en-defensa-de-la-educacion-publica-la-ciencia-y-el-sistema-universitario-nacional\/\" \/>\n<meta property=\"og:locale\" content=\"es_ES\" \/>\n<meta property=\"og:type\" content=\"article\" \/>\n<meta property=\"og:title\" content=\"Comunicado en defensa de la educaci\u00f3n p\u00fablica, la ciencia y el sistema universitario nacional - Facultad de Ingenier\u00eda y Ciencias Agropecuarias\" \/>\n<meta property=\"og:description\" content=\"Las rectoras y los rectores que integran el Consejo Interuniversitario Nacional (CIN), reunidos en el 91\u00b0 Plenario, emitieron un comunicado en defensa de la educaci\u00f3n&hellip;\" \/>\n<meta property=\"og:url\" content=\"https:\/\/www.fica.unsl.edu.ar\/index.php\/comunicado-en-defensa-de-la-educacion-publica-la-ciencia-y-el-sistema-universitario-nacional\/\" \/>\n<meta property=\"og:site_name\" content=\"Facultad de Ingenier\u00eda y Ciencias Agropecuarias\" \/>\n<meta property=\"article:publisher\" content=\"https:\/\/www.facebook.com\/FICA.UNSL\/\" \/>\n<meta property=\"article:published_time\" content=\"2024-04-15T11:38:01+00:00\" \/>\n<meta property=\"article:modified_time\" content=\"2024-05-06T11:36:27+00:00\" \/>\n<meta property=\"og:image\" content=\"https:\/\/www.fica.unsl.edu.ar\/wp-content\/uploads\/2024\/04\/CIN-03.jpg\" \/>\n\t<meta property=\"og:image:width\" content=\"1000\" \/>\n\t<meta property=\"og:image:height\" content=\"563\" \/>\n\t<meta property=\"og:image:type\" content=\"image\/jpeg\" \/>\n<meta name=\"author\" content=\"DATI\" \/>\n<meta name=\"twitter:card\" content=\"summary_large_image\" \/>\n<meta name=\"twitter:creator\" content=\"@FICAUNSL\" \/>\n<meta name=\"twitter:site\" content=\"@FICAUNSL\" \/>\n<meta name=\"twitter:label1\" content=\"Escrito por\" \/>\n\t<meta name=\"twitter:data1\" content=\"DATI\" \/>\n\t<meta name=\"twitter:label2\" content=\"Tiempo de lectura\" \/>\n\t<meta name=\"twitter:data2\" content=\"1 minuto\" \/>\n<script type=\"application\/ld+json\" class=\"yoast-schema-graph\">{\"@context\":\"https:\\\/\\\/schema.org\",\"@graph\":[{\"@type\":\"Article\",\"@id\":\"https:\\\/\\\/www.fica.unsl.edu.ar\\\/index.php\\\/comunicado-en-defensa-de-la-educacion-publica-la-ciencia-y-el-sistema-universitario-nacional\\\/#article\",\"isPartOf\":{\"@id\":\"https:\\\/\\\/www.fica.unsl.edu.ar\\\/index.php\\\/comunicado-en-defensa-de-la-educacion-publica-la-ciencia-y-el-sistema-universitario-nacional\\\/\"},\"author\":{\"name\":\"DATI\",\"@id\":\"https:\\\/\\\/www.fica.unsl.edu.ar\\\/#\\\/schema\\\/person\\\/6058f9c66301868d3a691b1f5d6c3544\"},\"headline\":\"Comunicado en defensa de la educaci\u00f3n p\u00fablica, la ciencia y el sistema universitario nacional\",\"datePublished\":\"2024-04-15T11:38:01+00:00\",\"dateModified\":\"2024-05-06T11:36:27+00:00\",\"mainEntityOfPage\":{\"@id\":\"https:\\\/\\\/www.fica.unsl.edu.ar\\\/index.php\\\/comunicado-en-defensa-de-la-educacion-publica-la-ciencia-y-el-sistema-universitario-nacional\\\/\"},\"wordCount\":559,\"publisher\":{\"@id\":\"https:\\\/\\\/www.fica.unsl.edu.ar\\\/#organization\"},\"image\":{\"@id\":\"https:\\\/\\\/www.fica.unsl.edu.ar\\\/index.php\\\/comunicado-en-defensa-de-la-educacion-publica-la-ciencia-y-el-sistema-universitario-nacional\\\/#primaryimage\"},\"thumbnailUrl\":\"https:\\\/\\\/www.fica.unsl.edu.ar\\\/wp-content\\\/uploads\\\/2024\\\/04\\\/CIN-03.jpg\",\"articleSection\":[\"Noticias\"],\"inLanguage\":\"es-AR\"},{\"@type\":\"WebPage\",\"@id\":\"https:\\\/\\\/www.fica.unsl.edu.ar\\\/index.php\\\/comunicado-en-defensa-de-la-educacion-publica-la-ciencia-y-el-sistema-universitario-nacional\\\/\",\"url\":\"https:\\\/\\\/www.fica.unsl.edu.ar\\\/index.php\\\/comunicado-en-defensa-de-la-educacion-publica-la-ciencia-y-el-sistema-universitario-nacional\\\/\",\"name\":\"Comunicado en defensa de la educaci\u00f3n p\u00fablica, la ciencia y el sistema universitario nacional - Facultad de Ingenier\u00eda y Ciencias Agropecuarias\",\"isPartOf\":{\"@id\":\"https:\\\/\\\/www.fica.unsl.edu.ar\\\/#website\"},\"primaryImageOfPage\":{\"@id\":\"https:\\\/\\\/www.fica.unsl.edu.ar\\\/index.php\\\/comunicado-en-defensa-de-la-educacion-publica-la-ciencia-y-el-sistema-universitario-nacional\\\/#primaryimage\"},\"image\":{\"@id\":\"https:\\\/\\\/www.fica.unsl.edu.ar\\\/index.php\\\/comunicado-en-defensa-de-la-educacion-publica-la-ciencia-y-el-sistema-universitario-nacional\\\/#primaryimage\"},\"thumbnailUrl\":\"https:\\\/\\\/www.fica.unsl.edu.ar\\\/wp-content\\\/uploads\\\/2024\\\/04\\\/CIN-03.jpg\",\"datePublished\":\"2024-04-15T11:38:01+00:00\",\"dateModified\":\"2024-05-06T11:36:27+00:00\",\"inLanguage\":\"es-AR\",\"potentialAction\":[{\"@type\":\"ReadAction\",\"target\":[\"https:\\\/\\\/www.fica.unsl.edu.ar\\\/index.php\\\/comunicado-en-defensa-de-la-educacion-publica-la-ciencia-y-el-sistema-universitario-nacional\\\/\"]}]},{\"@type\":\"ImageObject\",\"inLanguage\":\"es-AR\",\"@id\":\"https:\\\/\\\/www.fica.unsl.edu.ar\\\/index.php\\\/comunicado-en-defensa-de-la-educacion-publica-la-ciencia-y-el-sistema-universitario-nacional\\\/#primaryimage\",\"url\":\"https:\\\/\\\/www.fica.unsl.edu.ar\\\/wp-content\\\/uploads\\\/2024\\\/04\\\/CIN-03.jpg\",\"contentUrl\":\"https:\\\/\\\/www.fica.unsl.edu.ar\\\/wp-content\\\/uploads\\\/2024\\\/04\\\/CIN-03.jpg\",\"width\":1000,\"height\":563},{\"@type\":\"WebSite\",\"@id\":\"https:\\\/\\\/www.fica.unsl.edu.ar\\\/#website\",\"url\":\"https:\\\/\\\/www.fica.unsl.edu.ar\\\/\",\"name\":\"Facultad de Ingenier\u00eda y Ciencias Agropecuarias\",\"description\":\"\",\"publisher\":{\"@id\":\"https:\\\/\\\/www.fica.unsl.edu.ar\\\/#organization\"},\"potentialAction\":[{\"@type\":\"SearchAction\",\"target\":{\"@type\":\"EntryPoint\",\"urlTemplate\":\"https:\\\/\\\/www.fica.unsl.edu.ar\\\/?s={search_term_string}\"},\"query-input\":{\"@type\":\"PropertyValueSpecification\",\"valueRequired\":true,\"valueName\":\"search_term_string\"}}],\"inLanguage\":\"es-AR\"},{\"@type\":\"Organization\",\"@id\":\"https:\\\/\\\/www.fica.unsl.edu.ar\\\/#organization\",\"name\":\"Facultad de Ingenier\u00eda y Ciencias Agropecuarias\",\"url\":\"https:\\\/\\\/www.fica.unsl.edu.ar\\\/\",\"logo\":{\"@type\":\"ImageObject\",\"inLanguage\":\"es-AR\",\"@id\":\"https:\\\/\\\/www.fica.unsl.edu.ar\\\/#\\\/schema\\\/logo\\\/image\\\/\",\"url\":\"https:\\\/\\\/www.fica.unsl.edu.ar\\\/wp-content\\\/uploads\\\/2021\\\/03\\\/LOGO-1.jpg\",\"contentUrl\":\"https:\\\/\\\/www.fica.unsl.edu.ar\\\/wp-content\\\/uploads\\\/2021\\\/03\\\/LOGO-1.jpg\",\"width\":463,\"height\":145,\"caption\":\"Facultad de Ingenier\u00eda y Ciencias Agropecuarias\"},\"image\":{\"@id\":\"https:\\\/\\\/www.fica.unsl.edu.ar\\\/#\\\/schema\\\/logo\\\/image\\\/\"},\"sameAs\":[\"https:\\\/\\\/www.facebook.com\\\/FICA.UNSL\\\/\",\"https:\\\/\\\/x.com\\\/FICAUNSL\",\"https:\\\/\\\/www.instagram.com\\\/fica.unsl\\\/\",\"https:\\\/\\\/www.youtube.com\\\/channel\\\/UCs2MM53gb2PyBrMySdtWZDQ\"]},{\"@type\":\"Person\",\"@id\":\"https:\\\/\\\/www.fica.unsl.edu.ar\\\/#\\\/schema\\\/person\\\/6058f9c66301868d3a691b1f5d6c3544\",\"name\":\"DATI\"}]}<\/script>\n<!-- \/ Yoast SEO plugin. -->","yoast_head_json":{"title":"Comunicado en defensa de la educaci\u00f3n p\u00fablica, la ciencia y el sistema universitario nacional - Facultad de Ingenier\u00eda y Ciencias Agropecuarias","robots":{"index":"index","follow":"follow","max-snippet":"max-snippet:-1","max-image-preview":"max-image-preview:large","max-video-preview":"max-video-preview:-1"},"canonical":"https:\/\/www.fica.unsl.edu.ar\/index.php\/comunicado-en-defensa-de-la-educacion-publica-la-ciencia-y-el-sistema-universitario-nacional\/","og_locale":"es_ES","og_type":"article","og_title":"Comunicado en defensa de la educaci\u00f3n p\u00fablica, la ciencia y el sistema universitario nacional - Facultad de Ingenier\u00eda y Ciencias Agropecuarias","og_description":"Las rectoras y los rectores que integran el Consejo Interuniversitario Nacional (CIN), reunidos en el 91\u00b0 Plenario, emitieron un comunicado en defensa de la educaci\u00f3n&hellip;","og_url":"https:\/\/www.fica.unsl.edu.ar\/index.php\/comunicado-en-defensa-de-la-educacion-publica-la-ciencia-y-el-sistema-universitario-nacional\/","og_site_name":"Facultad de Ingenier\u00eda y Ciencias Agropecuarias","article_publisher":"https:\/\/www.facebook.com\/FICA.UNSL\/","article_published_time":"2024-04-15T11:38:01+00:00","article_modified_time":"2024-05-06T11:36:27+00:00","og_image":[{"width":1000,"height":563,"url":"https:\/\/www.fica.unsl.edu.ar\/wp-content\/uploads\/2024\/04\/CIN-03.jpg","type":"image\/jpeg"}],"author":"DATI","twitter_card":"summary_large_image","twitter_creator":"@FICAUNSL","twitter_site":"@FICAUNSL","twitter_misc":{"Escrito por":"DATI","Tiempo de lectura":"1 minuto"},"schema":{"@context":"https:\/\/schema.org","@graph":[{"@type":"Article","@id":"https:\/\/www.fica.unsl.edu.ar\/index.php\/comunicado-en-defensa-de-la-educacion-publica-la-ciencia-y-el-sistema-universitario-nacional\/#article","isPartOf":{"@id":"https:\/\/www.fica.unsl.edu.ar\/index.php\/comunicado-en-defensa-de-la-educacion-publica-la-ciencia-y-el-sistema-universitario-nacional\/"},"author":{"name":"DATI","@id":"https:\/\/www.fica.unsl.edu.ar\/#\/schema\/person\/6058f9c66301868d3a691b1f5d6c3544"},"headline":"Comunicado en defensa de la educaci\u00f3n p\u00fablica, la ciencia y el sistema universitario nacional","datePublished":"2024-04-15T11:38:01+00:00","dateModified":"2024-05-06T11:36:27+00:00","mainEntityOfPage":{"@id":"https:\/\/www.fica.unsl.edu.ar\/index.php\/comunicado-en-defensa-de-la-educacion-publica-la-ciencia-y-el-sistema-universitario-nacional\/"},"wordCount":559,"publisher":{"@id":"https:\/\/www.fica.unsl.edu.ar\/#organization"},"image":{"@id":"https:\/\/www.fica.unsl.edu.ar\/index.php\/comunicado-en-defensa-de-la-educacion-publica-la-ciencia-y-el-sistema-universitario-nacional\/#primaryimage"},"thumbnailUrl":"https:\/\/www.fica.unsl.edu.ar\/wp-content\/uploads\/2024\/04\/CIN-03.jpg","articleSection":["Noticias"],"inLanguage":"es-AR"},{"@type":"WebPage","@id":"https:\/\/www.fica.unsl.edu.ar\/index.php\/comunicado-en-defensa-de-la-educacion-publica-la-ciencia-y-el-sistema-universitario-nacional\/","url":"https:\/\/www.fica.unsl.edu.ar\/index.php\/comunicado-en-defensa-de-la-educacion-publica-la-ciencia-y-el-sistema-universitario-nacional\/","name":"Comunicado en defensa de la educaci\u00f3n p\u00fablica, la ciencia y el sistema universitario nacional - Facultad de Ingenier\u00eda y Ciencias Agropecuarias","isPartOf":{"@id":"https:\/\/www.fica.unsl.edu.ar\/#website"},"primaryImageOfPage":{"@id":"https:\/\/www.fica.unsl.edu.ar\/index.php\/comunicado-en-defensa-de-la-educacion-publica-la-ciencia-y-el-sistema-universitario-nacional\/#primaryimage"},"image":{"@id":"https:\/\/www.fica.unsl.edu.ar\/index.php\/comunicado-en-defensa-de-la-educacion-publica-la-ciencia-y-el-sistema-universitario-nacional\/#primaryimage"},"thumbnailUrl":"https:\/\/www.fica.unsl.edu.ar\/wp-content\/uploads\/2024\/04\/CIN-03.jpg","datePublished":"2024-04-15T11:38:01+00:00","dateModified":"2024-05-06T11:36:27+00:00","inLanguage":"es-AR","potentialAction":[{"@type":"ReadAction","target":["https:\/\/www.fica.unsl.edu.ar\/index.php\/comunicado-en-defensa-de-la-educacion-publica-la-ciencia-y-el-sistema-universitario-nacional\/"]}]},{"@type":"ImageObject","inLanguage":"es-AR","@id":"https:\/\/www.fica.unsl.edu.ar\/index.php\/comunicado-en-defensa-de-la-educacion-publica-la-ciencia-y-el-sistema-universitario-nacional\/#primaryimage","url":"https:\/\/www.fica.unsl.edu.ar\/wp-content\/uploads\/2024\/04\/CIN-03.jpg","contentUrl":"https:\/\/www.fica.unsl.edu.ar\/wp-content\/uploads\/2024\/04\/CIN-03.jpg","width":1000,"height":563},{"@type":"WebSite","@id":"https:\/\/www.fica.unsl.edu.ar\/#website","url":"https:\/\/www.fica.unsl.edu.ar\/","name":"Facultad de Ingenier\u00eda y Ciencias Agropecuarias","description":"","publisher":{"@id":"https:\/\/www.fica.unsl.edu.ar\/#organization"},"potentialAction":[{"@type":"SearchAction","target":{"@type":"EntryPoint","urlTemplate":"https:\/\/www.fica.unsl.edu.ar\/?s={search_term_string}"},"query-input":{"@type":"PropertyValueSpecification","valueRequired":true,"valueName":"search_term_string"}}],"inLanguage":"es-AR"},{"@type":"Organization","@id":"https:\/\/www.fica.unsl.edu.ar\/#organization","name":"Facultad de Ingenier\u00eda y Ciencias Agropecuarias","url":"https:\/\/www.fica.unsl.edu.ar\/","logo":{"@type":"ImageObject","inLanguage":"es-AR","@id":"https:\/\/www.fica.unsl.edu.ar\/#\/schema\/logo\/image\/","url":"https:\/\/www.fica.unsl.edu.ar\/wp-content\/uploads\/2021\/03\/LOGO-1.jpg","contentUrl":"https:\/\/www.fica.unsl.edu.ar\/wp-content\/uploads\/2021\/03\/LOGO-1.jpg","width":463,"height":145,"caption":"Facultad de Ingenier\u00eda y Ciencias Agropecuarias"},"image":{"@id":"https:\/\/www.fica.unsl.edu.ar\/#\/schema\/logo\/image\/"},"sameAs":["https:\/\/www.facebook.com\/FICA.UNSL\/","https:\/\/x.com\/FICAUNSL","https:\/\/www.instagram.com\/fica.unsl\/","https:\/\/www.youtube.com\/channel\/UCs2MM53gb2PyBrMySdtWZDQ"]},{"@type":"Person","@id":"https:\/\/www.fica.unsl.edu.ar\/#\/schema\/person\/6058f9c66301868d3a691b1f5d6c3544","name":"DATI"}]}},"_links":{"self":[{"href":"https:\/\/www.fica.unsl.edu.ar\/index.php\/wp-json\/wp\/v2\/posts\/16500","targetHints":{"allow":["GET"]}}],"collection":[{"href":"https:\/\/www.fica.unsl.edu.ar\/index.php\/wp-json\/wp\/v2\/posts"}],"about":[{"href":"https:\/\/www.fica.unsl.edu.ar\/index.php\/wp-json\/wp\/v2\/types\/post"}],"author":[{"embeddable":true,"href":"https:\/\/www.fica.unsl.edu.ar\/index.php\/wp-json\/wp\/v2\/users\/9"}],"replies":[{"embeddable":true,"href":"https:\/\/www.fica.unsl.edu.ar\/index.php\/wp-json\/wp\/v2\/comments?post=16500"}],"version-history":[{"count":2,"href":"https:\/\/www.fica.unsl.edu.ar\/index.php\/wp-json\/wp\/v2\/posts\/16500\/revisions"}],"predecessor-version":[{"id":16520,"href":"https:\/\/www.fica.unsl.edu.ar\/index.php\/wp-json\/wp\/v2\/posts\/16500\/revisions\/16520"}],"wp:featuredmedia":[{"embeddable":true,"href":"https:\/\/www.fica.unsl.edu.ar\/index.php\/wp-json\/wp\/v2\/media\/16501"}],"wp:attachment":[{"href":"https:\/\/www.fica.unsl.edu.ar\/index.php\/wp-json\/wp\/v2\/media?parent=16500"}],"wp:term":[{"taxonomy":"category","embeddable":true,"href":"https:\/\/www.fica.unsl.edu.ar\/index.php\/wp-json\/wp\/v2\/categories?post=16500"},{"taxonomy":"post_tag","embeddable":true,"href":"https:\/\/www.fica.unsl.edu.ar\/index.php\/wp-json\/wp\/v2\/tags?post=16500"}],"curies":[{"name":"wp","href":"https:\/\/api.w.org\/{rel}","templated":true}]}}