{"id":16503,"date":"2024-04-10T08:39:32","date_gmt":"2024-04-10T11:39:32","guid":{"rendered":"http:\/\/10.101.10.196\/www\/?p=16503"},"modified":"2024-04-10T10:44:30","modified_gmt":"2024-04-10T13:44:30","slug":"becas-de-ayuda-economica-para-ingresantes-del-interior-de-san-luis","status":"publish","type":"post","link":"https:\/\/www.fica.unsl.edu.ar\/index.php\/becas-de-ayuda-economica-para-ingresantes-del-interior-de-san-luis\/","title":{"rendered":"Becas de ayuda econ\u00f3mica para ingresantes del interior de San Luis"},"content":{"rendered":"<p><em><strong>Fundaci\u00f3n UNSL<\/strong><\/em><strong>\u00a0lanza la convocatoria a las\u00a0<\/strong><em><strong>becas equidad<\/strong><\/em><strong>. La inscripci\u00f3n estar\u00e1 habilitada hasta el 30 de abril.<\/strong><\/p>\n<p>Este beneficio tiene como objetivo ayudar econ\u00f3micamente a estudiantes del interior de la provincia de San Luis, que no pueden solventar sus estudios universitarios por razones econ\u00f3micas y que demuestran alta motivaci\u00f3n para ingresar en alguna carrera de las que ofrece la Universidad.<\/p>\n<p>Se otorgar\u00e1n dos (2) becas a estudiantes que hayan aprobado la instancia de ingreso a una carrera de la Universidad Nacional de San Luis (UNSL), correspondiente al a\u00f1o 2024. El estipendio ser\u00e1 de 40.000 pesos, con una duraci\u00f3n de diez (10) meses.<\/p>\n<p><strong>Requisitos<\/strong><\/p>\n<ul>\n<li>Nivel secundario aprobado en 2023.<\/li>\n<li>Inscripto\/a en una carrera de grado o pregrado (UNSL).<\/li>\n<li>Certificar formalmente la residencia en una localidad del interior de la provincia de San Luis.<\/li>\n<li>Escrito de una carilla expresando su inter\u00e9s en la carrera.<\/li>\n<li>Carta de recomendaci\u00f3n de un\/a docente de su localidad.<\/li>\n<li>Carecer de recursos econ\u00f3micos.<\/li>\n<li>No contar con un t\u00edtulo de educaci\u00f3n superior.<\/li>\n<\/ul>\n<p>M\u00e1s informaci\u00f3n en\u00a0<a href=\"http:\/\/fundacion.unsl.edu.ar\/index.php?action=hm-inicio\">fundaci\u00f3n.unsl.edu.ar<\/a>.<\/p>\n","protected":false},"excerpt":{"rendered":"<p>Fundaci\u00f3n UNSL\u00a0lanza la convocatoria a las\u00a0becas equidad. La inscripci\u00f3n estar\u00e1 habilitada hasta el 30 de abril. Este beneficio tiene como objetivo ayudar econ\u00f3micamente a estudiantes&hellip;<\/p>\n","protected":false},"author":9,"featured_media":16504,"comment_status":"closed","ping_status":"closed","sticky":false,"template":"","format":"standard","meta":{"_monsterinsights_skip_tracking":false,"_monsterinsights_sitenote_active":false,"_monsterinsights_sitenote_note":"","_monsterinsights_sitenote_category":0,"_joinchat":[],"footnotes":""},"categories":[19],"tags":[],"class_list":["post-16503","post","type-post","status-publish","format-standard","has-post-thumbnail","hentry","category-noticias"],"yoast_head":"<!-- This site is optimized with the Yoast SEO plugin v27.4 - https:\/\/yoast.com\/product\/yoast-seo-wordpress\/ -->\n<title>Becas de ayuda econ\u00f3mica para ingresantes del interior de San Luis - Facultad de Ingenier\u00eda y Ciencias Agropecuarias<\/title>\n<meta name=\"robots\" content=\"index, follow, max-snippet:-1, max-image-preview:large, max-video-preview:-1\" \/>\n<link rel=\"canonical\" href=\"https:\/\/www.fica.unsl.edu.ar\/index.php\/becas-de-ayuda-economica-para-ingresantes-del-interior-de-san-luis\/\" \/>\n<meta property=\"og:locale\" content=\"es_ES\" \/>\n<meta property=\"og:type\" content=\"article\" \/>\n<meta property=\"og:title\" content=\"Becas de ayuda econ\u00f3mica para ingresantes del interior de San Luis - Facultad de Ingenier\u00eda y Ciencias Agropecuarias\" \/>\n<meta property=\"og:description\" content=\"Fundaci\u00f3n UNSL\u00a0lanza la convocatoria a las\u00a0becas equidad. La inscripci\u00f3n estar\u00e1 habilitada hasta el 30 de abril. Este beneficio tiene como objetivo ayudar econ\u00f3micamente a estudiantes&hellip;\" \/>\n<meta property=\"og:url\" content=\"https:\/\/www.fica.unsl.edu.ar\/index.php\/becas-de-ayuda-economica-para-ingresantes-del-interior-de-san-luis\/\" \/>\n<meta property=\"og:site_name\" content=\"Facultad de Ingenier\u00eda y Ciencias Agropecuarias\" \/>\n<meta property=\"article:publisher\" content=\"https:\/\/www.facebook.com\/FICA.UNSL\/\" \/>\n<meta property=\"article:published_time\" content=\"2024-04-10T11:39:32+00:00\" \/>\n<meta property=\"article:modified_time\" content=\"2024-04-10T13:44:30+00:00\" \/>\n<meta property=\"og:image\" content=\"https:\/\/www.fica.unsl.edu.ar\/wp-content\/uploads\/2024\/04\/20231113-Fachada-UNSL-primavera-13-911x600-1.jpg\" \/>\n\t<meta property=\"og:image:width\" content=\"911\" \/>\n\t<meta property=\"og:image:height\" content=\"600\" \/>\n\t<meta property=\"og:image:type\" content=\"image\/jpeg\" \/>\n<meta name=\"author\" content=\"DATI\" \/>\n<meta name=\"twitter:card\" content=\"summary_large_image\" \/>\n<meta name=\"twitter:creator\" content=\"@FICAUNSL\" \/>\n<meta name=\"twitter:site\" content=\"@FICAUNSL\" \/>\n<meta name=\"twitter:label1\" content=\"Escrito por\" \/>\n\t<meta name=\"twitter:data1\" content=\"DATI\" \/>\n\t<meta name=\"twitter:label2\" content=\"Tiempo de lectura\" \/>\n\t<meta name=\"twitter:data2\" content=\"1 minuto\" \/>\n<script type=\"application\/ld+json\" class=\"yoast-schema-graph\">{\"@context\":\"https:\\\/\\\/schema.org\",\"@graph\":[{\"@type\":\"Article\",\"@id\":\"https:\\\/\\\/www.fica.unsl.edu.ar\\\/index.php\\\/becas-de-ayuda-economica-para-ingresantes-del-interior-de-san-luis\\\/#article\",\"isPartOf\":{\"@id\":\"https:\\\/\\\/www.fica.unsl.edu.ar\\\/index.php\\\/becas-de-ayuda-economica-para-ingresantes-del-interior-de-san-luis\\\/\"},\"author\":{\"name\":\"DATI\",\"@id\":\"https:\\\/\\\/www.fica.unsl.edu.ar\\\/#\\\/schema\\\/person\\\/6058f9c66301868d3a691b1f5d6c3544\"},\"headline\":\"Becas de ayuda econ\u00f3mica para ingresantes del interior de San Luis\",\"datePublished\":\"2024-04-10T11:39:32+00:00\",\"dateModified\":\"2024-04-10T13:44:30+00:00\",\"mainEntityOfPage\":{\"@id\":\"https:\\\/\\\/www.fica.unsl.edu.ar\\\/index.php\\\/becas-de-ayuda-economica-para-ingresantes-del-interior-de-san-luis\\\/\"},\"wordCount\":195,\"publisher\":{\"@id\":\"https:\\\/\\\/www.fica.unsl.edu.ar\\\/#organization\"},\"image\":{\"@id\":\"https:\\\/\\\/www.fica.unsl.edu.ar\\\/index.php\\\/becas-de-ayuda-economica-para-ingresantes-del-interior-de-san-luis\\\/#primaryimage\"},\"thumbnailUrl\":\"https:\\\/\\\/www.fica.unsl.edu.ar\\\/wp-content\\\/uploads\\\/2024\\\/04\\\/20231113-Fachada-UNSL-primavera-13-911x600-1.jpg\",\"articleSection\":[\"Noticias\"],\"inLanguage\":\"es-AR\"},{\"@type\":\"WebPage\",\"@id\":\"https:\\\/\\\/www.fica.unsl.edu.ar\\\/index.php\\\/becas-de-ayuda-economica-para-ingresantes-del-interior-de-san-luis\\\/\",\"url\":\"https:\\\/\\\/www.fica.unsl.edu.ar\\\/index.php\\\/becas-de-ayuda-economica-para-ingresantes-del-interior-de-san-luis\\\/\",\"name\":\"Becas de ayuda econ\u00f3mica para ingresantes del interior de San Luis - Facultad de Ingenier\u00eda y Ciencias Agropecuarias\",\"isPartOf\":{\"@id\":\"https:\\\/\\\/www.fica.unsl.edu.ar\\\/#website\"},\"primaryImageOfPage\":{\"@id\":\"https:\\\/\\\/www.fica.unsl.edu.ar\\\/index.php\\\/becas-de-ayuda-economica-para-ingresantes-del-interior-de-san-luis\\\/#primaryimage\"},\"image\":{\"@id\":\"https:\\\/\\\/www.fica.unsl.edu.ar\\\/index.php\\\/becas-de-ayuda-economica-para-ingresantes-del-interior-de-san-luis\\\/#primaryimage\"},\"thumbnailUrl\":\"https:\\\/\\\/www.fica.unsl.edu.ar\\\/wp-content\\\/uploads\\\/2024\\\/04\\\/20231113-Fachada-UNSL-primavera-13-911x600-1.jpg\",\"datePublished\":\"2024-04-10T11:39:32+00:00\",\"dateModified\":\"2024-04-10T13:44:30+00:00\",\"inLanguage\":\"es-AR\",\"potentialAction\":[{\"@type\":\"ReadAction\",\"target\":[\"https:\\\/\\\/www.fica.unsl.edu.ar\\\/index.php\\\/becas-de-ayuda-economica-para-ingresantes-del-interior-de-san-luis\\\/\"]}]},{\"@type\":\"ImageObject\",\"inLanguage\":\"es-AR\",\"@id\":\"https:\\\/\\\/www.fica.unsl.edu.ar\\\/index.php\\\/becas-de-ayuda-economica-para-ingresantes-del-interior-de-san-luis\\\/#primaryimage\",\"url\":\"https:\\\/\\\/www.fica.unsl.edu.ar\\\/wp-content\\\/uploads\\\/2024\\\/04\\\/20231113-Fachada-UNSL-primavera-13-911x600-1.jpg\",\"contentUrl\":\"https:\\\/\\\/www.fica.unsl.edu.ar\\\/wp-content\\\/uploads\\\/2024\\\/04\\\/20231113-Fachada-UNSL-primavera-13-911x600-1.jpg\",\"width\":911,\"height\":600},{\"@type\":\"WebSite\",\"@id\":\"https:\\\/\\\/www.fica.unsl.edu.ar\\\/#website\",\"url\":\"https:\\\/\\\/www.fica.unsl.edu.ar\\\/\",\"name\":\"Facultad de Ingenier\u00eda y Ciencias Agropecuarias\",\"description\":\"\",\"publisher\":{\"@id\":\"https:\\\/\\\/www.fica.unsl.edu.ar\\\/#organization\"},\"potentialAction\":[{\"@type\":\"SearchAction\",\"target\":{\"@type\":\"EntryPoint\",\"urlTemplate\":\"https:\\\/\\\/www.fica.unsl.edu.ar\\\/?s={search_term_string}\"},\"query-input\":{\"@type\":\"PropertyValueSpecification\",\"valueRequired\":true,\"valueName\":\"search_term_string\"}}],\"inLanguage\":\"es-AR\"},{\"@type\":\"Organization\",\"@id\":\"https:\\\/\\\/www.fica.unsl.edu.ar\\\/#organization\",\"name\":\"Facultad de Ingenier\u00eda y Ciencias Agropecuarias\",\"url\":\"https:\\\/\\\/www.fica.unsl.edu.ar\\\/\",\"logo\":{\"@type\":\"ImageObject\",\"inLanguage\":\"es-AR\",\"@id\":\"https:\\\/\\\/www.fica.unsl.edu.ar\\\/#\\\/schema\\\/logo\\\/image\\\/\",\"url\":\"https:\\\/\\\/www.fica.unsl.edu.ar\\\/wp-content\\\/uploads\\\/2021\\\/03\\\/LOGO-1.jpg\",\"contentUrl\":\"https:\\\/\\\/www.fica.unsl.edu.ar\\\/wp-content\\\/uploads\\\/2021\\\/03\\\/LOGO-1.jpg\",\"width\":463,\"height\":145,\"caption\":\"Facultad de Ingenier\u00eda y Ciencias Agropecuarias\"},\"image\":{\"@id\":\"https:\\\/\\\/www.fica.unsl.edu.ar\\\/#\\\/schema\\\/logo\\\/image\\\/\"},\"sameAs\":[\"https:\\\/\\\/www.facebook.com\\\/FICA.UNSL\\\/\",\"https:\\\/\\\/x.com\\\/FICAUNSL\",\"https:\\\/\\\/www.instagram.com\\\/fica.unsl\\\/\",\"https:\\\/\\\/www.youtube.com\\\/channel\\\/UCs2MM53gb2PyBrMySdtWZDQ\"]},{\"@type\":\"Person\",\"@id\":\"https:\\\/\\\/www.fica.unsl.edu.ar\\\/#\\\/schema\\\/person\\\/6058f9c66301868d3a691b1f5d6c3544\",\"name\":\"DATI\"}]}<\/script>\n<!-- \/ Yoast SEO plugin. -->","yoast_head_json":{"title":"Becas de ayuda econ\u00f3mica para ingresantes del interior de San Luis - Facultad de Ingenier\u00eda y Ciencias Agropecuarias","robots":{"index":"index","follow":"follow","max-snippet":"max-snippet:-1","max-image-preview":"max-image-preview:large","max-video-preview":"max-video-preview:-1"},"canonical":"https:\/\/www.fica.unsl.edu.ar\/index.php\/becas-de-ayuda-economica-para-ingresantes-del-interior-de-san-luis\/","og_locale":"es_ES","og_type":"article","og_title":"Becas de ayuda econ\u00f3mica para ingresantes del interior de San Luis - Facultad de Ingenier\u00eda y Ciencias Agropecuarias","og_description":"Fundaci\u00f3n UNSL\u00a0lanza la convocatoria a las\u00a0becas equidad. La inscripci\u00f3n estar\u00e1 habilitada hasta el 30 de abril. Este beneficio tiene como objetivo ayudar econ\u00f3micamente a estudiantes&hellip;","og_url":"https:\/\/www.fica.unsl.edu.ar\/index.php\/becas-de-ayuda-economica-para-ingresantes-del-interior-de-san-luis\/","og_site_name":"Facultad de Ingenier\u00eda y Ciencias Agropecuarias","article_publisher":"https:\/\/www.facebook.com\/FICA.UNSL\/","article_published_time":"2024-04-10T11:39:32+00:00","article_modified_time":"2024-04-10T13:44:30+00:00","og_image":[{"width":911,"height":600,"url":"https:\/\/www.fica.unsl.edu.ar\/wp-content\/uploads\/2024\/04\/20231113-Fachada-UNSL-primavera-13-911x600-1.jpg","type":"image\/jpeg"}],"author":"DATI","twitter_card":"summary_large_image","twitter_creator":"@FICAUNSL","twitter_site":"@FICAUNSL","twitter_misc":{"Escrito por":"DATI","Tiempo de lectura":"1 minuto"},"schema":{"@context":"https:\/\/schema.org","@graph":[{"@type":"Article","@id":"https:\/\/www.fica.unsl.edu.ar\/index.php\/becas-de-ayuda-economica-para-ingresantes-del-interior-de-san-luis\/#article","isPartOf":{"@id":"https:\/\/www.fica.unsl.edu.ar\/index.php\/becas-de-ayuda-economica-para-ingresantes-del-interior-de-san-luis\/"},"author":{"name":"DATI","@id":"https:\/\/www.fica.unsl.edu.ar\/#\/schema\/person\/6058f9c66301868d3a691b1f5d6c3544"},"headline":"Becas de ayuda econ\u00f3mica para ingresantes del interior de San Luis","datePublished":"2024-04-10T11:39:32+00:00","dateModified":"2024-04-10T13:44:30+00:00","mainEntityOfPage":{"@id":"https:\/\/www.fica.unsl.edu.ar\/index.php\/becas-de-ayuda-economica-para-ingresantes-del-interior-de-san-luis\/"},"wordCount":195,"publisher":{"@id":"https:\/\/www.fica.unsl.edu.ar\/#organization"},"image":{"@id":"https:\/\/www.fica.unsl.edu.ar\/index.php\/becas-de-ayuda-economica-para-ingresantes-del-interior-de-san-luis\/#primaryimage"},"thumbnailUrl":"https:\/\/www.fica.unsl.edu.ar\/wp-content\/uploads\/2024\/04\/20231113-Fachada-UNSL-primavera-13-911x600-1.jpg","articleSection":["Noticias"],"inLanguage":"es-AR"},{"@type":"WebPage","@id":"https:\/\/www.fica.unsl.edu.ar\/index.php\/becas-de-ayuda-economica-para-ingresantes-del-interior-de-san-luis\/","url":"https:\/\/www.fica.unsl.edu.ar\/index.php\/becas-de-ayuda-economica-para-ingresantes-del-interior-de-san-luis\/","name":"Becas de ayuda econ\u00f3mica para ingresantes del interior de San Luis - Facultad de Ingenier\u00eda y Ciencias Agropecuarias","isPartOf":{"@id":"https:\/\/www.fica.unsl.edu.ar\/#website"},"primaryImageOfPage":{"@id":"https:\/\/www.fica.unsl.edu.ar\/index.php\/becas-de-ayuda-economica-para-ingresantes-del-interior-de-san-luis\/#primaryimage"},"image":{"@id":"https:\/\/www.fica.unsl.edu.ar\/index.php\/becas-de-ayuda-economica-para-ingresantes-del-interior-de-san-luis\/#primaryimage"},"thumbnailUrl":"https:\/\/www.fica.unsl.edu.ar\/wp-content\/uploads\/2024\/04\/20231113-Fachada-UNSL-primavera-13-911x600-1.jpg","datePublished":"2024-04-10T11:39:32+00:00","dateModified":"2024-04-10T13:44:30+00:00","inLanguage":"es-AR","potentialAction":[{"@type":"ReadAction","target":["https:\/\/www.fica.unsl.edu.ar\/index.php\/becas-de-ayuda-economica-para-ingresantes-del-interior-de-san-luis\/"]}]},{"@type":"ImageObject","inLanguage":"es-AR","@id":"https:\/\/www.fica.unsl.edu.ar\/index.php\/becas-de-ayuda-economica-para-ingresantes-del-interior-de-san-luis\/#primaryimage","url":"https:\/\/www.fica.unsl.edu.ar\/wp-content\/uploads\/2024\/04\/20231113-Fachada-UNSL-primavera-13-911x600-1.jpg","contentUrl":"https:\/\/www.fica.unsl.edu.ar\/wp-content\/uploads\/2024\/04\/20231113-Fachada-UNSL-primavera-13-911x600-1.jpg","width":911,"height":600},{"@type":"WebSite","@id":"https:\/\/www.fica.unsl.edu.ar\/#website","url":"https:\/\/www.fica.unsl.edu.ar\/","name":"Facultad de Ingenier\u00eda y Ciencias Agropecuarias","description":"","publisher":{"@id":"https:\/\/www.fica.unsl.edu.ar\/#organization"},"potentialAction":[{"@type":"SearchAction","target":{"@type":"EntryPoint","urlTemplate":"https:\/\/www.fica.unsl.edu.ar\/?s={search_term_string}"},"query-input":{"@type":"PropertyValueSpecification","valueRequired":true,"valueName":"search_term_string"}}],"inLanguage":"es-AR"},{"@type":"Organization","@id":"https:\/\/www.fica.unsl.edu.ar\/#organization","name":"Facultad de Ingenier\u00eda y Ciencias Agropecuarias","url":"https:\/\/www.fica.unsl.edu.ar\/","logo":{"@type":"ImageObject","inLanguage":"es-AR","@id":"https:\/\/www.fica.unsl.edu.ar\/#\/schema\/logo\/image\/","url":"https:\/\/www.fica.unsl.edu.ar\/wp-content\/uploads\/2021\/03\/LOGO-1.jpg","contentUrl":"https:\/\/www.fica.unsl.edu.ar\/wp-content\/uploads\/2021\/03\/LOGO-1.jpg","width":463,"height":145,"caption":"Facultad de Ingenier\u00eda y Ciencias Agropecuarias"},"image":{"@id":"https:\/\/www.fica.unsl.edu.ar\/#\/schema\/logo\/image\/"},"sameAs":["https:\/\/www.facebook.com\/FICA.UNSL\/","https:\/\/x.com\/FICAUNSL","https:\/\/www.instagram.com\/fica.unsl\/","https:\/\/www.youtube.com\/channel\/UCs2MM53gb2PyBrMySdtWZDQ"]},{"@type":"Person","@id":"https:\/\/www.fica.unsl.edu.ar\/#\/schema\/person\/6058f9c66301868d3a691b1f5d6c3544","name":"DATI"}]}},"_links":{"self":[{"href":"https:\/\/www.fica.unsl.edu.ar\/index.php\/wp-json\/wp\/v2\/posts\/16503","targetHints":{"allow":["GET"]}}],"collection":[{"href":"https:\/\/www.fica.unsl.edu.ar\/index.php\/wp-json\/wp\/v2\/posts"}],"about":[{"href":"https:\/\/www.fica.unsl.edu.ar\/index.php\/wp-json\/wp\/v2\/types\/post"}],"author":[{"embeddable":true,"href":"https:\/\/www.fica.unsl.edu.ar\/index.php\/wp-json\/wp\/v2\/users\/9"}],"replies":[{"embeddable":true,"href":"https:\/\/www.fica.unsl.edu.ar\/index.php\/wp-json\/wp\/v2\/comments?post=16503"}],"version-history":[{"count":1,"href":"https:\/\/www.fica.unsl.edu.ar\/index.php\/wp-json\/wp\/v2\/posts\/16503\/revisions"}],"predecessor-version":[{"id":16505,"href":"https:\/\/www.fica.unsl.edu.ar\/index.php\/wp-json\/wp\/v2\/posts\/16503\/revisions\/16505"}],"wp:featuredmedia":[{"embeddable":true,"href":"https:\/\/www.fica.unsl.edu.ar\/index.php\/wp-json\/wp\/v2\/media\/16504"}],"wp:attachment":[{"href":"https:\/\/www.fica.unsl.edu.ar\/index.php\/wp-json\/wp\/v2\/media?parent=16503"}],"wp:term":[{"taxonomy":"category","embeddable":true,"href":"https:\/\/www.fica.unsl.edu.ar\/index.php\/wp-json\/wp\/v2\/categories?post=16503"},{"taxonomy":"post_tag","embeddable":true,"href":"https:\/\/www.fica.unsl.edu.ar\/index.php\/wp-json\/wp\/v2\/tags?post=16503"}],"curies":[{"name":"wp","href":"https:\/\/api.w.org\/{rel}","templated":true}]}}