{"id":16513,"date":"2024-04-02T12:10:28","date_gmt":"2024-04-02T15:10:28","guid":{"rendered":"http:\/\/10.101.10.196\/www\/?p=16513"},"modified":"2024-05-06T08:35:30","modified_gmt":"2024-05-06T11:35:30","slug":"el-acto-de-entrega-del-modulo-nodo-solidario-de-abastecimiento-se-traslada-al-aula-dante-bodo","status":"publish","type":"post","link":"https:\/\/www.fica.unsl.edu.ar\/index.php\/el-acto-de-entrega-del-modulo-nodo-solidario-de-abastecimiento-se-traslada-al-aula-dante-bodo\/","title":{"rendered":"El acto de entrega del modulo \u201cNodo Solidario de Abastecimiento\u201d <b>se traslada al Aula Dante Bodo (aula 2)<\/b>"},"content":{"rendered":"<p>La Secretar\u00eda de Extensi\u00f3n Universitaria informa a toda la comunidad que, debido a las condiciones clim\u00e1ticas existentes, el acto de entrega del modulo \u201cNodo Solidario de Abastecimiento\u201d<strong> se traslada a la Aula Dante Bodo (aula 2) del Campus\u00a0Universitario.<\/strong> <strong>El mismo dar\u00e1 inicio a las 10 horas, acorde a lo programado originalmente.<\/strong><\/p>\n<p>La Secretar\u00eda destac\u00f3 que este acto, no se suspender\u00e1 a pesar de las clima. De esta manera el Centro Universitario Villa Mercedes de la UNSL, entregar\u00e1 un m\u00f3dulo de expendio a la Cooperativa \u201c20 de Julio\u201d. Esta Cooperativa contar\u00e1 as\u00ed con un nuevo local contiguo al acceso al Campus, para comercializar sus productos de panificaci\u00f3n; y abrir\u00e1 sus puertas a los proyectos de la econom\u00eda social, dirigidos a apoyar a las producciones regionales.<\/p>\n<p>La Cooperativa \u201c20 de Julio\u201d est\u00e1 intergrada por trabajadores que fruto de la lucha, que comenz\u00f3 precisamente el 20 de julio de 2020, lograron formar una cooperativa con reconocimiento legal, pero fundamentalmente mantener las fuentes laborales en el rubro rotiser\u00eda y confiter\u00eda.<\/p>\n<p>El Director del Departamento de Ciencias Sociales de la FCEJS, Esteban Arias, aclar\u00f3 que la propuesta naci\u00f3 de un Proyecto Extensi\u00f3n sobre Econom\u00eda Social que se comenz\u00f3 a elaborar en 2023 y que cont\u00f3 con el aval del rector de la UNSL, V\u00edctor Mori\u00f1igo; el vicerrector, H\u00e9ctor Flores; la decana de FCEJS, Roxanna Camiletti y el decano de FICA, Sergio Ribotta.<\/p>\n<p><strong>Continuar leyendo la nota de Jos\u00e9 Luis Baigorria:<\/strong><\/p>\n<p><span style=\"color: #0000ff;\"><strong><a style=\"color: #0000ff;\" href=\"https:\/\/www.fcejs.unsl.edu.ar\/index.php\/se-pondra-marcha-el-nodo-solidario-de-abastecimiento-y-se-inicia-asi-un-amplio-proyecto-de-economia-regional\/\" target=\"_blank\" rel=\"noopener\">Se pondra marcha el Nodo Solidario de Abastecimiento<\/a><\/strong><\/span><\/p>\n","protected":false},"excerpt":{"rendered":"<p>La Secretar\u00eda de Extensi\u00f3n Universitaria informa a toda la comunidad que, debido a las condiciones clim\u00e1ticas existentes, el acto de entrega del modulo \u201cNodo Solidario&hellip;<\/p>\n","protected":false},"author":9,"featured_media":16514,"comment_status":"closed","ping_status":"closed","sticky":false,"template":"","format":"standard","meta":{"_monsterinsights_skip_tracking":false,"_monsterinsights_sitenote_active":false,"_monsterinsights_sitenote_note":"","_monsterinsights_sitenote_category":0,"_joinchat":[],"footnotes":""},"categories":[19],"tags":[],"class_list":["post-16513","post","type-post","status-publish","format-standard","has-post-thumbnail","hentry","category-noticias"],"yoast_head":"<!-- This site is optimized with the Yoast SEO plugin v27.4 - https:\/\/yoast.com\/product\/yoast-seo-wordpress\/ -->\n<title>El acto de entrega del modulo \u201cNodo Solidario de Abastecimiento\u201d se traslada al Aula Dante Bodo (aula 2) - Facultad de Ingenier\u00eda y Ciencias Agropecuarias<\/title>\n<meta name=\"robots\" content=\"index, follow, max-snippet:-1, max-image-preview:large, max-video-preview:-1\" \/>\n<link rel=\"canonical\" href=\"https:\/\/www.fica.unsl.edu.ar\/index.php\/el-acto-de-entrega-del-modulo-nodo-solidario-de-abastecimiento-se-traslada-al-aula-dante-bodo\/\" \/>\n<meta property=\"og:locale\" content=\"es_ES\" \/>\n<meta property=\"og:type\" content=\"article\" \/>\n<meta property=\"og:title\" content=\"El acto de entrega del modulo \u201cNodo Solidario de Abastecimiento\u201d se traslada al Aula Dante Bodo (aula 2) - Facultad de Ingenier\u00eda y Ciencias Agropecuarias\" \/>\n<meta property=\"og:description\" content=\"La Secretar\u00eda de Extensi\u00f3n Universitaria informa a toda la comunidad que, debido a las condiciones clim\u00e1ticas existentes, el acto de entrega del modulo \u201cNodo Solidario&hellip;\" \/>\n<meta property=\"og:url\" content=\"https:\/\/www.fica.unsl.edu.ar\/index.php\/el-acto-de-entrega-del-modulo-nodo-solidario-de-abastecimiento-se-traslada-al-aula-dante-bodo\/\" \/>\n<meta property=\"og:site_name\" content=\"Facultad de Ingenier\u00eda y Ciencias Agropecuarias\" \/>\n<meta property=\"article:publisher\" content=\"https:\/\/www.facebook.com\/FICA.UNSL\/\" \/>\n<meta property=\"article:published_time\" content=\"2024-04-02T15:10:28+00:00\" \/>\n<meta property=\"article:modified_time\" content=\"2024-05-06T11:35:30+00:00\" \/>\n<meta property=\"og:image\" content=\"https:\/\/www.fica.unsl.edu.ar\/wp-content\/uploads\/2024\/04\/flyer-nodos-solidarios-cambio-lugar-front.jpg\" \/>\n\t<meta property=\"og:image:width\" content=\"1061\" \/>\n\t<meta property=\"og:image:height\" content=\"585\" \/>\n\t<meta property=\"og:image:type\" content=\"image\/jpeg\" \/>\n<meta name=\"author\" content=\"DATI\" \/>\n<meta name=\"twitter:card\" content=\"summary_large_image\" \/>\n<meta name=\"twitter:creator\" content=\"@FICAUNSL\" \/>\n<meta name=\"twitter:site\" content=\"@FICAUNSL\" \/>\n<meta name=\"twitter:label1\" content=\"Escrito por\" \/>\n\t<meta name=\"twitter:data1\" content=\"DATI\" \/>\n\t<meta name=\"twitter:label2\" content=\"Tiempo de lectura\" \/>\n\t<meta name=\"twitter:data2\" content=\"2 minutos\" \/>\n<script type=\"application\/ld+json\" class=\"yoast-schema-graph\">{\"@context\":\"https:\\\/\\\/schema.org\",\"@graph\":[{\"@type\":\"Article\",\"@id\":\"https:\\\/\\\/www.fica.unsl.edu.ar\\\/index.php\\\/el-acto-de-entrega-del-modulo-nodo-solidario-de-abastecimiento-se-traslada-al-aula-dante-bodo\\\/#article\",\"isPartOf\":{\"@id\":\"https:\\\/\\\/www.fica.unsl.edu.ar\\\/index.php\\\/el-acto-de-entrega-del-modulo-nodo-solidario-de-abastecimiento-se-traslada-al-aula-dante-bodo\\\/\"},\"author\":{\"name\":\"DATI\",\"@id\":\"https:\\\/\\\/www.fica.unsl.edu.ar\\\/#\\\/schema\\\/person\\\/6058f9c66301868d3a691b1f5d6c3544\"},\"headline\":\"El acto de entrega del modulo \u201cNodo Solidario de Abastecimiento\u201d se traslada al Aula Dante Bodo (aula 2)\",\"datePublished\":\"2024-04-02T15:10:28+00:00\",\"dateModified\":\"2024-05-06T11:35:30+00:00\",\"mainEntityOfPage\":{\"@id\":\"https:\\\/\\\/www.fica.unsl.edu.ar\\\/index.php\\\/el-acto-de-entrega-del-modulo-nodo-solidario-de-abastecimiento-se-traslada-al-aula-dante-bodo\\\/\"},\"wordCount\":268,\"publisher\":{\"@id\":\"https:\\\/\\\/www.fica.unsl.edu.ar\\\/#organization\"},\"image\":{\"@id\":\"https:\\\/\\\/www.fica.unsl.edu.ar\\\/index.php\\\/el-acto-de-entrega-del-modulo-nodo-solidario-de-abastecimiento-se-traslada-al-aula-dante-bodo\\\/#primaryimage\"},\"thumbnailUrl\":\"https:\\\/\\\/www.fica.unsl.edu.ar\\\/wp-content\\\/uploads\\\/2024\\\/04\\\/flyer-nodos-solidarios-cambio-lugar-front.jpg\",\"articleSection\":[\"Noticias\"],\"inLanguage\":\"es-AR\"},{\"@type\":\"WebPage\",\"@id\":\"https:\\\/\\\/www.fica.unsl.edu.ar\\\/index.php\\\/el-acto-de-entrega-del-modulo-nodo-solidario-de-abastecimiento-se-traslada-al-aula-dante-bodo\\\/\",\"url\":\"https:\\\/\\\/www.fica.unsl.edu.ar\\\/index.php\\\/el-acto-de-entrega-del-modulo-nodo-solidario-de-abastecimiento-se-traslada-al-aula-dante-bodo\\\/\",\"name\":\"El acto de entrega del modulo \u201cNodo Solidario de Abastecimiento\u201d se traslada al Aula Dante Bodo (aula 2) - Facultad de Ingenier\u00eda y Ciencias Agropecuarias\",\"isPartOf\":{\"@id\":\"https:\\\/\\\/www.fica.unsl.edu.ar\\\/#website\"},\"primaryImageOfPage\":{\"@id\":\"https:\\\/\\\/www.fica.unsl.edu.ar\\\/index.php\\\/el-acto-de-entrega-del-modulo-nodo-solidario-de-abastecimiento-se-traslada-al-aula-dante-bodo\\\/#primaryimage\"},\"image\":{\"@id\":\"https:\\\/\\\/www.fica.unsl.edu.ar\\\/index.php\\\/el-acto-de-entrega-del-modulo-nodo-solidario-de-abastecimiento-se-traslada-al-aula-dante-bodo\\\/#primaryimage\"},\"thumbnailUrl\":\"https:\\\/\\\/www.fica.unsl.edu.ar\\\/wp-content\\\/uploads\\\/2024\\\/04\\\/flyer-nodos-solidarios-cambio-lugar-front.jpg\",\"datePublished\":\"2024-04-02T15:10:28+00:00\",\"dateModified\":\"2024-05-06T11:35:30+00:00\",\"inLanguage\":\"es-AR\",\"potentialAction\":[{\"@type\":\"ReadAction\",\"target\":[\"https:\\\/\\\/www.fica.unsl.edu.ar\\\/index.php\\\/el-acto-de-entrega-del-modulo-nodo-solidario-de-abastecimiento-se-traslada-al-aula-dante-bodo\\\/\"]}]},{\"@type\":\"ImageObject\",\"inLanguage\":\"es-AR\",\"@id\":\"https:\\\/\\\/www.fica.unsl.edu.ar\\\/index.php\\\/el-acto-de-entrega-del-modulo-nodo-solidario-de-abastecimiento-se-traslada-al-aula-dante-bodo\\\/#primaryimage\",\"url\":\"https:\\\/\\\/www.fica.unsl.edu.ar\\\/wp-content\\\/uploads\\\/2024\\\/04\\\/flyer-nodos-solidarios-cambio-lugar-front.jpg\",\"contentUrl\":\"https:\\\/\\\/www.fica.unsl.edu.ar\\\/wp-content\\\/uploads\\\/2024\\\/04\\\/flyer-nodos-solidarios-cambio-lugar-front.jpg\",\"width\":1061,\"height\":585},{\"@type\":\"WebSite\",\"@id\":\"https:\\\/\\\/www.fica.unsl.edu.ar\\\/#website\",\"url\":\"https:\\\/\\\/www.fica.unsl.edu.ar\\\/\",\"name\":\"Facultad de Ingenier\u00eda y Ciencias Agropecuarias\",\"description\":\"\",\"publisher\":{\"@id\":\"https:\\\/\\\/www.fica.unsl.edu.ar\\\/#organization\"},\"potentialAction\":[{\"@type\":\"SearchAction\",\"target\":{\"@type\":\"EntryPoint\",\"urlTemplate\":\"https:\\\/\\\/www.fica.unsl.edu.ar\\\/?s={search_term_string}\"},\"query-input\":{\"@type\":\"PropertyValueSpecification\",\"valueRequired\":true,\"valueName\":\"search_term_string\"}}],\"inLanguage\":\"es-AR\"},{\"@type\":\"Organization\",\"@id\":\"https:\\\/\\\/www.fica.unsl.edu.ar\\\/#organization\",\"name\":\"Facultad de Ingenier\u00eda y Ciencias Agropecuarias\",\"url\":\"https:\\\/\\\/www.fica.unsl.edu.ar\\\/\",\"logo\":{\"@type\":\"ImageObject\",\"inLanguage\":\"es-AR\",\"@id\":\"https:\\\/\\\/www.fica.unsl.edu.ar\\\/#\\\/schema\\\/logo\\\/image\\\/\",\"url\":\"https:\\\/\\\/www.fica.unsl.edu.ar\\\/wp-content\\\/uploads\\\/2021\\\/03\\\/LOGO-1.jpg\",\"contentUrl\":\"https:\\\/\\\/www.fica.unsl.edu.ar\\\/wp-content\\\/uploads\\\/2021\\\/03\\\/LOGO-1.jpg\",\"width\":463,\"height\":145,\"caption\":\"Facultad de Ingenier\u00eda y Ciencias Agropecuarias\"},\"image\":{\"@id\":\"https:\\\/\\\/www.fica.unsl.edu.ar\\\/#\\\/schema\\\/logo\\\/image\\\/\"},\"sameAs\":[\"https:\\\/\\\/www.facebook.com\\\/FICA.UNSL\\\/\",\"https:\\\/\\\/x.com\\\/FICAUNSL\",\"https:\\\/\\\/www.instagram.com\\\/fica.unsl\\\/\",\"https:\\\/\\\/www.youtube.com\\\/channel\\\/UCs2MM53gb2PyBrMySdtWZDQ\"]},{\"@type\":\"Person\",\"@id\":\"https:\\\/\\\/www.fica.unsl.edu.ar\\\/#\\\/schema\\\/person\\\/6058f9c66301868d3a691b1f5d6c3544\",\"name\":\"DATI\"}]}<\/script>\n<!-- \/ Yoast SEO plugin. -->","yoast_head_json":{"title":"El acto de entrega del modulo \u201cNodo Solidario de Abastecimiento\u201d se traslada al Aula Dante Bodo (aula 2) - Facultad de Ingenier\u00eda y Ciencias Agropecuarias","robots":{"index":"index","follow":"follow","max-snippet":"max-snippet:-1","max-image-preview":"max-image-preview:large","max-video-preview":"max-video-preview:-1"},"canonical":"https:\/\/www.fica.unsl.edu.ar\/index.php\/el-acto-de-entrega-del-modulo-nodo-solidario-de-abastecimiento-se-traslada-al-aula-dante-bodo\/","og_locale":"es_ES","og_type":"article","og_title":"El acto de entrega del modulo \u201cNodo Solidario de Abastecimiento\u201d se traslada al Aula Dante Bodo (aula 2) - Facultad de Ingenier\u00eda y Ciencias Agropecuarias","og_description":"La Secretar\u00eda de Extensi\u00f3n Universitaria informa a toda la comunidad que, debido a las condiciones clim\u00e1ticas existentes, el acto de entrega del modulo \u201cNodo Solidario&hellip;","og_url":"https:\/\/www.fica.unsl.edu.ar\/index.php\/el-acto-de-entrega-del-modulo-nodo-solidario-de-abastecimiento-se-traslada-al-aula-dante-bodo\/","og_site_name":"Facultad de Ingenier\u00eda y Ciencias Agropecuarias","article_publisher":"https:\/\/www.facebook.com\/FICA.UNSL\/","article_published_time":"2024-04-02T15:10:28+00:00","article_modified_time":"2024-05-06T11:35:30+00:00","og_image":[{"width":1061,"height":585,"url":"https:\/\/www.fica.unsl.edu.ar\/wp-content\/uploads\/2024\/04\/flyer-nodos-solidarios-cambio-lugar-front.jpg","type":"image\/jpeg"}],"author":"DATI","twitter_card":"summary_large_image","twitter_creator":"@FICAUNSL","twitter_site":"@FICAUNSL","twitter_misc":{"Escrito por":"DATI","Tiempo de lectura":"2 minutos"},"schema":{"@context":"https:\/\/schema.org","@graph":[{"@type":"Article","@id":"https:\/\/www.fica.unsl.edu.ar\/index.php\/el-acto-de-entrega-del-modulo-nodo-solidario-de-abastecimiento-se-traslada-al-aula-dante-bodo\/#article","isPartOf":{"@id":"https:\/\/www.fica.unsl.edu.ar\/index.php\/el-acto-de-entrega-del-modulo-nodo-solidario-de-abastecimiento-se-traslada-al-aula-dante-bodo\/"},"author":{"name":"DATI","@id":"https:\/\/www.fica.unsl.edu.ar\/#\/schema\/person\/6058f9c66301868d3a691b1f5d6c3544"},"headline":"El acto de entrega del modulo \u201cNodo Solidario de Abastecimiento\u201d se traslada al Aula Dante Bodo (aula 2)","datePublished":"2024-04-02T15:10:28+00:00","dateModified":"2024-05-06T11:35:30+00:00","mainEntityOfPage":{"@id":"https:\/\/www.fica.unsl.edu.ar\/index.php\/el-acto-de-entrega-del-modulo-nodo-solidario-de-abastecimiento-se-traslada-al-aula-dante-bodo\/"},"wordCount":268,"publisher":{"@id":"https:\/\/www.fica.unsl.edu.ar\/#organization"},"image":{"@id":"https:\/\/www.fica.unsl.edu.ar\/index.php\/el-acto-de-entrega-del-modulo-nodo-solidario-de-abastecimiento-se-traslada-al-aula-dante-bodo\/#primaryimage"},"thumbnailUrl":"https:\/\/www.fica.unsl.edu.ar\/wp-content\/uploads\/2024\/04\/flyer-nodos-solidarios-cambio-lugar-front.jpg","articleSection":["Noticias"],"inLanguage":"es-AR"},{"@type":"WebPage","@id":"https:\/\/www.fica.unsl.edu.ar\/index.php\/el-acto-de-entrega-del-modulo-nodo-solidario-de-abastecimiento-se-traslada-al-aula-dante-bodo\/","url":"https:\/\/www.fica.unsl.edu.ar\/index.php\/el-acto-de-entrega-del-modulo-nodo-solidario-de-abastecimiento-se-traslada-al-aula-dante-bodo\/","name":"El acto de entrega del modulo \u201cNodo Solidario de Abastecimiento\u201d se traslada al Aula Dante Bodo (aula 2) - Facultad de Ingenier\u00eda y Ciencias Agropecuarias","isPartOf":{"@id":"https:\/\/www.fica.unsl.edu.ar\/#website"},"primaryImageOfPage":{"@id":"https:\/\/www.fica.unsl.edu.ar\/index.php\/el-acto-de-entrega-del-modulo-nodo-solidario-de-abastecimiento-se-traslada-al-aula-dante-bodo\/#primaryimage"},"image":{"@id":"https:\/\/www.fica.unsl.edu.ar\/index.php\/el-acto-de-entrega-del-modulo-nodo-solidario-de-abastecimiento-se-traslada-al-aula-dante-bodo\/#primaryimage"},"thumbnailUrl":"https:\/\/www.fica.unsl.edu.ar\/wp-content\/uploads\/2024\/04\/flyer-nodos-solidarios-cambio-lugar-front.jpg","datePublished":"2024-04-02T15:10:28+00:00","dateModified":"2024-05-06T11:35:30+00:00","inLanguage":"es-AR","potentialAction":[{"@type":"ReadAction","target":["https:\/\/www.fica.unsl.edu.ar\/index.php\/el-acto-de-entrega-del-modulo-nodo-solidario-de-abastecimiento-se-traslada-al-aula-dante-bodo\/"]}]},{"@type":"ImageObject","inLanguage":"es-AR","@id":"https:\/\/www.fica.unsl.edu.ar\/index.php\/el-acto-de-entrega-del-modulo-nodo-solidario-de-abastecimiento-se-traslada-al-aula-dante-bodo\/#primaryimage","url":"https:\/\/www.fica.unsl.edu.ar\/wp-content\/uploads\/2024\/04\/flyer-nodos-solidarios-cambio-lugar-front.jpg","contentUrl":"https:\/\/www.fica.unsl.edu.ar\/wp-content\/uploads\/2024\/04\/flyer-nodos-solidarios-cambio-lugar-front.jpg","width":1061,"height":585},{"@type":"WebSite","@id":"https:\/\/www.fica.unsl.edu.ar\/#website","url":"https:\/\/www.fica.unsl.edu.ar\/","name":"Facultad de Ingenier\u00eda y Ciencias Agropecuarias","description":"","publisher":{"@id":"https:\/\/www.fica.unsl.edu.ar\/#organization"},"potentialAction":[{"@type":"SearchAction","target":{"@type":"EntryPoint","urlTemplate":"https:\/\/www.fica.unsl.edu.ar\/?s={search_term_string}"},"query-input":{"@type":"PropertyValueSpecification","valueRequired":true,"valueName":"search_term_string"}}],"inLanguage":"es-AR"},{"@type":"Organization","@id":"https:\/\/www.fica.unsl.edu.ar\/#organization","name":"Facultad de Ingenier\u00eda y Ciencias Agropecuarias","url":"https:\/\/www.fica.unsl.edu.ar\/","logo":{"@type":"ImageObject","inLanguage":"es-AR","@id":"https:\/\/www.fica.unsl.edu.ar\/#\/schema\/logo\/image\/","url":"https:\/\/www.fica.unsl.edu.ar\/wp-content\/uploads\/2021\/03\/LOGO-1.jpg","contentUrl":"https:\/\/www.fica.unsl.edu.ar\/wp-content\/uploads\/2021\/03\/LOGO-1.jpg","width":463,"height":145,"caption":"Facultad de Ingenier\u00eda y Ciencias Agropecuarias"},"image":{"@id":"https:\/\/www.fica.unsl.edu.ar\/#\/schema\/logo\/image\/"},"sameAs":["https:\/\/www.facebook.com\/FICA.UNSL\/","https:\/\/x.com\/FICAUNSL","https:\/\/www.instagram.com\/fica.unsl\/","https:\/\/www.youtube.com\/channel\/UCs2MM53gb2PyBrMySdtWZDQ"]},{"@type":"Person","@id":"https:\/\/www.fica.unsl.edu.ar\/#\/schema\/person\/6058f9c66301868d3a691b1f5d6c3544","name":"DATI"}]}},"_links":{"self":[{"href":"https:\/\/www.fica.unsl.edu.ar\/index.php\/wp-json\/wp\/v2\/posts\/16513","targetHints":{"allow":["GET"]}}],"collection":[{"href":"https:\/\/www.fica.unsl.edu.ar\/index.php\/wp-json\/wp\/v2\/posts"}],"about":[{"href":"https:\/\/www.fica.unsl.edu.ar\/index.php\/wp-json\/wp\/v2\/types\/post"}],"author":[{"embeddable":true,"href":"https:\/\/www.fica.unsl.edu.ar\/index.php\/wp-json\/wp\/v2\/users\/9"}],"replies":[{"embeddable":true,"href":"https:\/\/www.fica.unsl.edu.ar\/index.php\/wp-json\/wp\/v2\/comments?post=16513"}],"version-history":[{"count":2,"href":"https:\/\/www.fica.unsl.edu.ar\/index.php\/wp-json\/wp\/v2\/posts\/16513\/revisions"}],"predecessor-version":[{"id":16516,"href":"https:\/\/www.fica.unsl.edu.ar\/index.php\/wp-json\/wp\/v2\/posts\/16513\/revisions\/16516"}],"wp:featuredmedia":[{"embeddable":true,"href":"https:\/\/www.fica.unsl.edu.ar\/index.php\/wp-json\/wp\/v2\/media\/16514"}],"wp:attachment":[{"href":"https:\/\/www.fica.unsl.edu.ar\/index.php\/wp-json\/wp\/v2\/media?parent=16513"}],"wp:term":[{"taxonomy":"category","embeddable":true,"href":"https:\/\/www.fica.unsl.edu.ar\/index.php\/wp-json\/wp\/v2\/categories?post=16513"},{"taxonomy":"post_tag","embeddable":true,"href":"https:\/\/www.fica.unsl.edu.ar\/index.php\/wp-json\/wp\/v2\/tags?post=16513"}],"curies":[{"name":"wp","href":"https:\/\/api.w.org\/{rel}","templated":true}]}}