{"id":16537,"date":"2024-04-19T00:17:10","date_gmt":"2024-04-19T03:17:10","guid":{"rendered":"http:\/\/10.101.10.196\/www\/?p=16537"},"modified":"2024-04-22T08:59:33","modified_gmt":"2024-04-22T11:59:33","slug":"19-de-abril-nacimiento-de-mauricio-amilcar-lopez","status":"publish","type":"post","link":"https:\/\/www.fica.unsl.edu.ar\/index.php\/19-de-abril-nacimiento-de-mauricio-amilcar-lopez\/","title":{"rendered":"19 de abril: nacimiento de <b>Mauricio Am\u00edlcar L\u00f3pez<\/b>"},"content":{"rendered":"<p>Un 19 de abril de 1919 nac\u00eda <strong>Mauricio Am\u00edlcar L\u00f3pez<\/strong>, el primer <strong>Rector de la UNSL<\/strong>, <strong>detenido-desaparecido por la \u00faltima dictadura militar<\/strong> ocurrida en Argentina. <strong>Hoy elegimos recordarlo recuperando su historia<\/strong>.<\/p>\n<p>Fue Secretario en el I Congreso Nacional de Filosof\u00eda en 1949 y docente de la UNCuyo. Entre 1955 y 1963 fue Secretario para Am\u00e9rica Latina de Federaci\u00f3n Universal de Movimientos Estudiantiles Cristianos (FUMEC) y luego Secretario Adjunto del Departamento de Iglesia y Sociedad del Consejo Mundial de Iglesias. Por esos tiempos, estuvo radicado en Europa.<\/p>\n<p>En 1969 regresa a Argentina y por esos tiempos tuvo un papel decisivo en la ayuda a exiliados chilenos que llegaron a Mendoza a partir de la dictadura de Pinochet en Chile.<\/p>\n<p>La UNSL nace en 1973, y all\u00ed Mauricio inicia con las tareas de organizaci\u00f3n de la universidad naciente. Luego, es designado como Rector normalizador, pero con la dictadura de 1976 qued\u00f3 cesante en su cargo. El 1 de enero de 1977 fue secuestrado y a\u00fan contin\u00faa desaparecido.<\/p>\n<p>Sus textos son a\u00fan dif\u00edciles de conseguir en Argentina. Uno llamado \u201cDe las revoluciones a la revoluci\u00f3n\u201d fue encontrado en el archivo del Consejo Mundial de Iglesias, en Ginebra. El segundo \u201cLa liberaci\u00f3n de Am\u00e9rica Latina y el Cristianismo Evang\u00e9lico\u201d fue encontrado en Berl\u00edn en la biblioteca del Instituto Iberoamericano.<\/p>\n<p>Recuperar la historia de Mauricio Am\u00edlcar L\u00f3pez, permite recuperar una parte de nuestra historia como universidad, como provincia y como pa\u00eds. En \u00e9l, siempre recordaremos a quienes dieron su vida por una sociedad m\u00e1s justa.<\/p>\n<p><em>\u201cNuestra universidad, dejar\u00e1 de ser una isla, extra\u00f1a en el pueblo donde se haya inserta, para convertirse en alma y nervio de su comunidad\u201d <\/em>Mauricio Am\u00edlcar L\u00f3pez.<\/p>\n<p>Fuentes: PAREDES, ALEJANDRO. \u201cMauricio Am\u00edlcar L\u00f3pez. Biograf\u00eda y escritos sobre las revoluciones en Am\u00e9rica Latina.\u201d Qellqasqa. 2008.<\/p>\n<p>&nbsp;<\/p>\n<p>&nbsp;<\/p>\n","protected":false},"excerpt":{"rendered":"<p>Un 19 de abril de 1919 nac\u00eda Mauricio Am\u00edlcar L\u00f3pez, el primer Rector de la UNSL, detenido-desaparecido por la \u00faltima dictadura militar ocurrida en Argentina.&hellip;<\/p>\n","protected":false},"author":9,"featured_media":16538,"comment_status":"closed","ping_status":"closed","sticky":false,"template":"","format":"standard","meta":{"_monsterinsights_skip_tracking":false,"_monsterinsights_sitenote_active":false,"_monsterinsights_sitenote_note":"","_monsterinsights_sitenote_category":0,"_joinchat":[],"footnotes":""},"categories":[19],"tags":[],"class_list":["post-16537","post","type-post","status-publish","format-standard","has-post-thumbnail","hentry","category-noticias"],"yoast_head":"<!-- This site is optimized with the Yoast SEO plugin v27.4 - https:\/\/yoast.com\/product\/yoast-seo-wordpress\/ -->\n<title>19 de abril: nacimiento de Mauricio Am\u00edlcar L\u00f3pez - Facultad de Ingenier\u00eda y Ciencias Agropecuarias<\/title>\n<meta name=\"robots\" content=\"index, follow, max-snippet:-1, max-image-preview:large, max-video-preview:-1\" \/>\n<link rel=\"canonical\" href=\"https:\/\/www.fica.unsl.edu.ar\/index.php\/19-de-abril-nacimiento-de-mauricio-amilcar-lopez\/\" \/>\n<meta property=\"og:locale\" content=\"es_ES\" \/>\n<meta property=\"og:type\" content=\"article\" \/>\n<meta property=\"og:title\" content=\"19 de abril: nacimiento de Mauricio Am\u00edlcar L\u00f3pez - Facultad de Ingenier\u00eda y Ciencias Agropecuarias\" \/>\n<meta property=\"og:description\" content=\"Un 19 de abril de 1919 nac\u00eda Mauricio Am\u00edlcar L\u00f3pez, el primer Rector de la UNSL, detenido-desaparecido por la \u00faltima dictadura militar ocurrida en Argentina.&hellip;\" \/>\n<meta property=\"og:url\" content=\"https:\/\/www.fica.unsl.edu.ar\/index.php\/19-de-abril-nacimiento-de-mauricio-amilcar-lopez\/\" \/>\n<meta property=\"og:site_name\" content=\"Facultad de Ingenier\u00eda y Ciencias Agropecuarias\" \/>\n<meta property=\"article:publisher\" content=\"https:\/\/www.facebook.com\/FICA.UNSL\/\" \/>\n<meta property=\"article:published_time\" content=\"2024-04-19T03:17:10+00:00\" \/>\n<meta property=\"article:modified_time\" content=\"2024-04-22T11:59:33+00:00\" \/>\n<meta property=\"og:image\" content=\"https:\/\/www.fica.unsl.edu.ar\/wp-content\/uploads\/2024\/04\/EFEMERIDES-19-4-front-.jpg\" \/>\n\t<meta property=\"og:image:width\" content=\"1061\" \/>\n\t<meta property=\"og:image:height\" content=\"585\" \/>\n\t<meta property=\"og:image:type\" content=\"image\/jpeg\" \/>\n<meta name=\"author\" content=\"DATI\" \/>\n<meta name=\"twitter:card\" content=\"summary_large_image\" \/>\n<meta name=\"twitter:creator\" content=\"@FICAUNSL\" \/>\n<meta name=\"twitter:site\" content=\"@FICAUNSL\" \/>\n<meta name=\"twitter:label1\" content=\"Escrito por\" \/>\n\t<meta name=\"twitter:data1\" content=\"DATI\" \/>\n\t<meta name=\"twitter:label2\" content=\"Tiempo de lectura\" \/>\n\t<meta name=\"twitter:data2\" content=\"2 minutos\" \/>\n<script type=\"application\/ld+json\" class=\"yoast-schema-graph\">{\"@context\":\"https:\\\/\\\/schema.org\",\"@graph\":[{\"@type\":\"Article\",\"@id\":\"https:\\\/\\\/www.fica.unsl.edu.ar\\\/index.php\\\/19-de-abril-nacimiento-de-mauricio-amilcar-lopez\\\/#article\",\"isPartOf\":{\"@id\":\"https:\\\/\\\/www.fica.unsl.edu.ar\\\/index.php\\\/19-de-abril-nacimiento-de-mauricio-amilcar-lopez\\\/\"},\"author\":{\"name\":\"DATI\",\"@id\":\"https:\\\/\\\/www.fica.unsl.edu.ar\\\/#\\\/schema\\\/person\\\/6058f9c66301868d3a691b1f5d6c3544\"},\"headline\":\"19 de abril: nacimiento de Mauricio Am\u00edlcar L\u00f3pez\",\"datePublished\":\"2024-04-19T03:17:10+00:00\",\"dateModified\":\"2024-04-22T11:59:33+00:00\",\"mainEntityOfPage\":{\"@id\":\"https:\\\/\\\/www.fica.unsl.edu.ar\\\/index.php\\\/19-de-abril-nacimiento-de-mauricio-amilcar-lopez\\\/\"},\"wordCount\":321,\"publisher\":{\"@id\":\"https:\\\/\\\/www.fica.unsl.edu.ar\\\/#organization\"},\"image\":{\"@id\":\"https:\\\/\\\/www.fica.unsl.edu.ar\\\/index.php\\\/19-de-abril-nacimiento-de-mauricio-amilcar-lopez\\\/#primaryimage\"},\"thumbnailUrl\":\"https:\\\/\\\/www.fica.unsl.edu.ar\\\/wp-content\\\/uploads\\\/2024\\\/04\\\/EFEMERIDES-19-4-front-.jpg\",\"articleSection\":[\"Noticias\"],\"inLanguage\":\"es-AR\"},{\"@type\":\"WebPage\",\"@id\":\"https:\\\/\\\/www.fica.unsl.edu.ar\\\/index.php\\\/19-de-abril-nacimiento-de-mauricio-amilcar-lopez\\\/\",\"url\":\"https:\\\/\\\/www.fica.unsl.edu.ar\\\/index.php\\\/19-de-abril-nacimiento-de-mauricio-amilcar-lopez\\\/\",\"name\":\"19 de abril: nacimiento de Mauricio Am\u00edlcar L\u00f3pez - Facultad de Ingenier\u00eda y Ciencias Agropecuarias\",\"isPartOf\":{\"@id\":\"https:\\\/\\\/www.fica.unsl.edu.ar\\\/#website\"},\"primaryImageOfPage\":{\"@id\":\"https:\\\/\\\/www.fica.unsl.edu.ar\\\/index.php\\\/19-de-abril-nacimiento-de-mauricio-amilcar-lopez\\\/#primaryimage\"},\"image\":{\"@id\":\"https:\\\/\\\/www.fica.unsl.edu.ar\\\/index.php\\\/19-de-abril-nacimiento-de-mauricio-amilcar-lopez\\\/#primaryimage\"},\"thumbnailUrl\":\"https:\\\/\\\/www.fica.unsl.edu.ar\\\/wp-content\\\/uploads\\\/2024\\\/04\\\/EFEMERIDES-19-4-front-.jpg\",\"datePublished\":\"2024-04-19T03:17:10+00:00\",\"dateModified\":\"2024-04-22T11:59:33+00:00\",\"inLanguage\":\"es-AR\",\"potentialAction\":[{\"@type\":\"ReadAction\",\"target\":[\"https:\\\/\\\/www.fica.unsl.edu.ar\\\/index.php\\\/19-de-abril-nacimiento-de-mauricio-amilcar-lopez\\\/\"]}]},{\"@type\":\"ImageObject\",\"inLanguage\":\"es-AR\",\"@id\":\"https:\\\/\\\/www.fica.unsl.edu.ar\\\/index.php\\\/19-de-abril-nacimiento-de-mauricio-amilcar-lopez\\\/#primaryimage\",\"url\":\"https:\\\/\\\/www.fica.unsl.edu.ar\\\/wp-content\\\/uploads\\\/2024\\\/04\\\/EFEMERIDES-19-4-front-.jpg\",\"contentUrl\":\"https:\\\/\\\/www.fica.unsl.edu.ar\\\/wp-content\\\/uploads\\\/2024\\\/04\\\/EFEMERIDES-19-4-front-.jpg\",\"width\":1061,\"height\":585},{\"@type\":\"WebSite\",\"@id\":\"https:\\\/\\\/www.fica.unsl.edu.ar\\\/#website\",\"url\":\"https:\\\/\\\/www.fica.unsl.edu.ar\\\/\",\"name\":\"Facultad de Ingenier\u00eda y Ciencias Agropecuarias\",\"description\":\"\",\"publisher\":{\"@id\":\"https:\\\/\\\/www.fica.unsl.edu.ar\\\/#organization\"},\"potentialAction\":[{\"@type\":\"SearchAction\",\"target\":{\"@type\":\"EntryPoint\",\"urlTemplate\":\"https:\\\/\\\/www.fica.unsl.edu.ar\\\/?s={search_term_string}\"},\"query-input\":{\"@type\":\"PropertyValueSpecification\",\"valueRequired\":true,\"valueName\":\"search_term_string\"}}],\"inLanguage\":\"es-AR\"},{\"@type\":\"Organization\",\"@id\":\"https:\\\/\\\/www.fica.unsl.edu.ar\\\/#organization\",\"name\":\"Facultad de Ingenier\u00eda y Ciencias Agropecuarias\",\"url\":\"https:\\\/\\\/www.fica.unsl.edu.ar\\\/\",\"logo\":{\"@type\":\"ImageObject\",\"inLanguage\":\"es-AR\",\"@id\":\"https:\\\/\\\/www.fica.unsl.edu.ar\\\/#\\\/schema\\\/logo\\\/image\\\/\",\"url\":\"https:\\\/\\\/www.fica.unsl.edu.ar\\\/wp-content\\\/uploads\\\/2021\\\/03\\\/LOGO-1.jpg\",\"contentUrl\":\"https:\\\/\\\/www.fica.unsl.edu.ar\\\/wp-content\\\/uploads\\\/2021\\\/03\\\/LOGO-1.jpg\",\"width\":463,\"height\":145,\"caption\":\"Facultad de Ingenier\u00eda y Ciencias Agropecuarias\"},\"image\":{\"@id\":\"https:\\\/\\\/www.fica.unsl.edu.ar\\\/#\\\/schema\\\/logo\\\/image\\\/\"},\"sameAs\":[\"https:\\\/\\\/www.facebook.com\\\/FICA.UNSL\\\/\",\"https:\\\/\\\/x.com\\\/FICAUNSL\",\"https:\\\/\\\/www.instagram.com\\\/fica.unsl\\\/\",\"https:\\\/\\\/www.youtube.com\\\/channel\\\/UCs2MM53gb2PyBrMySdtWZDQ\"]},{\"@type\":\"Person\",\"@id\":\"https:\\\/\\\/www.fica.unsl.edu.ar\\\/#\\\/schema\\\/person\\\/6058f9c66301868d3a691b1f5d6c3544\",\"name\":\"DATI\"}]}<\/script>\n<!-- \/ Yoast SEO plugin. -->","yoast_head_json":{"title":"19 de abril: nacimiento de Mauricio Am\u00edlcar L\u00f3pez - Facultad de Ingenier\u00eda y Ciencias Agropecuarias","robots":{"index":"index","follow":"follow","max-snippet":"max-snippet:-1","max-image-preview":"max-image-preview:large","max-video-preview":"max-video-preview:-1"},"canonical":"https:\/\/www.fica.unsl.edu.ar\/index.php\/19-de-abril-nacimiento-de-mauricio-amilcar-lopez\/","og_locale":"es_ES","og_type":"article","og_title":"19 de abril: nacimiento de Mauricio Am\u00edlcar L\u00f3pez - Facultad de Ingenier\u00eda y Ciencias Agropecuarias","og_description":"Un 19 de abril de 1919 nac\u00eda Mauricio Am\u00edlcar L\u00f3pez, el primer Rector de la UNSL, detenido-desaparecido por la \u00faltima dictadura militar ocurrida en Argentina.&hellip;","og_url":"https:\/\/www.fica.unsl.edu.ar\/index.php\/19-de-abril-nacimiento-de-mauricio-amilcar-lopez\/","og_site_name":"Facultad de Ingenier\u00eda y Ciencias Agropecuarias","article_publisher":"https:\/\/www.facebook.com\/FICA.UNSL\/","article_published_time":"2024-04-19T03:17:10+00:00","article_modified_time":"2024-04-22T11:59:33+00:00","og_image":[{"width":1061,"height":585,"url":"https:\/\/www.fica.unsl.edu.ar\/wp-content\/uploads\/2024\/04\/EFEMERIDES-19-4-front-.jpg","type":"image\/jpeg"}],"author":"DATI","twitter_card":"summary_large_image","twitter_creator":"@FICAUNSL","twitter_site":"@FICAUNSL","twitter_misc":{"Escrito por":"DATI","Tiempo de lectura":"2 minutos"},"schema":{"@context":"https:\/\/schema.org","@graph":[{"@type":"Article","@id":"https:\/\/www.fica.unsl.edu.ar\/index.php\/19-de-abril-nacimiento-de-mauricio-amilcar-lopez\/#article","isPartOf":{"@id":"https:\/\/www.fica.unsl.edu.ar\/index.php\/19-de-abril-nacimiento-de-mauricio-amilcar-lopez\/"},"author":{"name":"DATI","@id":"https:\/\/www.fica.unsl.edu.ar\/#\/schema\/person\/6058f9c66301868d3a691b1f5d6c3544"},"headline":"19 de abril: nacimiento de Mauricio Am\u00edlcar L\u00f3pez","datePublished":"2024-04-19T03:17:10+00:00","dateModified":"2024-04-22T11:59:33+00:00","mainEntityOfPage":{"@id":"https:\/\/www.fica.unsl.edu.ar\/index.php\/19-de-abril-nacimiento-de-mauricio-amilcar-lopez\/"},"wordCount":321,"publisher":{"@id":"https:\/\/www.fica.unsl.edu.ar\/#organization"},"image":{"@id":"https:\/\/www.fica.unsl.edu.ar\/index.php\/19-de-abril-nacimiento-de-mauricio-amilcar-lopez\/#primaryimage"},"thumbnailUrl":"https:\/\/www.fica.unsl.edu.ar\/wp-content\/uploads\/2024\/04\/EFEMERIDES-19-4-front-.jpg","articleSection":["Noticias"],"inLanguage":"es-AR"},{"@type":"WebPage","@id":"https:\/\/www.fica.unsl.edu.ar\/index.php\/19-de-abril-nacimiento-de-mauricio-amilcar-lopez\/","url":"https:\/\/www.fica.unsl.edu.ar\/index.php\/19-de-abril-nacimiento-de-mauricio-amilcar-lopez\/","name":"19 de abril: nacimiento de Mauricio Am\u00edlcar L\u00f3pez - Facultad de Ingenier\u00eda y Ciencias Agropecuarias","isPartOf":{"@id":"https:\/\/www.fica.unsl.edu.ar\/#website"},"primaryImageOfPage":{"@id":"https:\/\/www.fica.unsl.edu.ar\/index.php\/19-de-abril-nacimiento-de-mauricio-amilcar-lopez\/#primaryimage"},"image":{"@id":"https:\/\/www.fica.unsl.edu.ar\/index.php\/19-de-abril-nacimiento-de-mauricio-amilcar-lopez\/#primaryimage"},"thumbnailUrl":"https:\/\/www.fica.unsl.edu.ar\/wp-content\/uploads\/2024\/04\/EFEMERIDES-19-4-front-.jpg","datePublished":"2024-04-19T03:17:10+00:00","dateModified":"2024-04-22T11:59:33+00:00","inLanguage":"es-AR","potentialAction":[{"@type":"ReadAction","target":["https:\/\/www.fica.unsl.edu.ar\/index.php\/19-de-abril-nacimiento-de-mauricio-amilcar-lopez\/"]}]},{"@type":"ImageObject","inLanguage":"es-AR","@id":"https:\/\/www.fica.unsl.edu.ar\/index.php\/19-de-abril-nacimiento-de-mauricio-amilcar-lopez\/#primaryimage","url":"https:\/\/www.fica.unsl.edu.ar\/wp-content\/uploads\/2024\/04\/EFEMERIDES-19-4-front-.jpg","contentUrl":"https:\/\/www.fica.unsl.edu.ar\/wp-content\/uploads\/2024\/04\/EFEMERIDES-19-4-front-.jpg","width":1061,"height":585},{"@type":"WebSite","@id":"https:\/\/www.fica.unsl.edu.ar\/#website","url":"https:\/\/www.fica.unsl.edu.ar\/","name":"Facultad de Ingenier\u00eda y Ciencias Agropecuarias","description":"","publisher":{"@id":"https:\/\/www.fica.unsl.edu.ar\/#organization"},"potentialAction":[{"@type":"SearchAction","target":{"@type":"EntryPoint","urlTemplate":"https:\/\/www.fica.unsl.edu.ar\/?s={search_term_string}"},"query-input":{"@type":"PropertyValueSpecification","valueRequired":true,"valueName":"search_term_string"}}],"inLanguage":"es-AR"},{"@type":"Organization","@id":"https:\/\/www.fica.unsl.edu.ar\/#organization","name":"Facultad de Ingenier\u00eda y Ciencias Agropecuarias","url":"https:\/\/www.fica.unsl.edu.ar\/","logo":{"@type":"ImageObject","inLanguage":"es-AR","@id":"https:\/\/www.fica.unsl.edu.ar\/#\/schema\/logo\/image\/","url":"https:\/\/www.fica.unsl.edu.ar\/wp-content\/uploads\/2021\/03\/LOGO-1.jpg","contentUrl":"https:\/\/www.fica.unsl.edu.ar\/wp-content\/uploads\/2021\/03\/LOGO-1.jpg","width":463,"height":145,"caption":"Facultad de Ingenier\u00eda y Ciencias Agropecuarias"},"image":{"@id":"https:\/\/www.fica.unsl.edu.ar\/#\/schema\/logo\/image\/"},"sameAs":["https:\/\/www.facebook.com\/FICA.UNSL\/","https:\/\/x.com\/FICAUNSL","https:\/\/www.instagram.com\/fica.unsl\/","https:\/\/www.youtube.com\/channel\/UCs2MM53gb2PyBrMySdtWZDQ"]},{"@type":"Person","@id":"https:\/\/www.fica.unsl.edu.ar\/#\/schema\/person\/6058f9c66301868d3a691b1f5d6c3544","name":"DATI"}]}},"_links":{"self":[{"href":"https:\/\/www.fica.unsl.edu.ar\/index.php\/wp-json\/wp\/v2\/posts\/16537","targetHints":{"allow":["GET"]}}],"collection":[{"href":"https:\/\/www.fica.unsl.edu.ar\/index.php\/wp-json\/wp\/v2\/posts"}],"about":[{"href":"https:\/\/www.fica.unsl.edu.ar\/index.php\/wp-json\/wp\/v2\/types\/post"}],"author":[{"embeddable":true,"href":"https:\/\/www.fica.unsl.edu.ar\/index.php\/wp-json\/wp\/v2\/users\/9"}],"replies":[{"embeddable":true,"href":"https:\/\/www.fica.unsl.edu.ar\/index.php\/wp-json\/wp\/v2\/comments?post=16537"}],"version-history":[{"count":1,"href":"https:\/\/www.fica.unsl.edu.ar\/index.php\/wp-json\/wp\/v2\/posts\/16537\/revisions"}],"predecessor-version":[{"id":16539,"href":"https:\/\/www.fica.unsl.edu.ar\/index.php\/wp-json\/wp\/v2\/posts\/16537\/revisions\/16539"}],"wp:featuredmedia":[{"embeddable":true,"href":"https:\/\/www.fica.unsl.edu.ar\/index.php\/wp-json\/wp\/v2\/media\/16538"}],"wp:attachment":[{"href":"https:\/\/www.fica.unsl.edu.ar\/index.php\/wp-json\/wp\/v2\/media?parent=16537"}],"wp:term":[{"taxonomy":"category","embeddable":true,"href":"https:\/\/www.fica.unsl.edu.ar\/index.php\/wp-json\/wp\/v2\/categories?post=16537"},{"taxonomy":"post_tag","embeddable":true,"href":"https:\/\/www.fica.unsl.edu.ar\/index.php\/wp-json\/wp\/v2\/tags?post=16537"}],"curies":[{"name":"wp","href":"https:\/\/api.w.org\/{rel}","templated":true}]}}