{"id":16736,"date":"2024-05-07T13:45:22","date_gmt":"2024-05-07T16:45:22","guid":{"rendered":"http:\/\/10.101.10.196\/www\/?p=16736"},"modified":"2024-05-08T13:53:32","modified_gmt":"2024-05-08T16:53:32","slug":"primera-jornada-del-siav-2024","status":"publish","type":"post","link":"https:\/\/www.fica.unsl.edu.ar\/index.php\/primera-jornada-del-siav-2024\/","title":{"rendered":"Primera jornada del a\u00f1o del \u201cSeminario de Investigaci\u00f3n Actualizaci\u00f3n y Vinculaci\u00f3n 2024\u201d"},"content":{"rendered":"<p>La Secretar\u00eda de Investigaci\u00f3n y Posgrado invita a la primera jornada del a\u00f1o del \u201cSeminario de Investigaci\u00f3n Actualizaci\u00f3n y Vinculaci\u00f3n 2024 (SIAV FICA 2024)\u201d, que tendr\u00e1 lugar este mi\u00e9rcoles 8 de mayo, a partir de las 11 horas en Aula Dante Bodo (aula 2) del Campus.<\/p>\n<p>En este primer encuentro disertar\u00e1 el <strong>Dr. Francisco Daniel Esteban<\/strong> sobre \u201c<strong>Controlador IDA-PBC para un inversor trif\u00e1sico Quasi-Z-Source conectado a red<\/strong>\u201d. A continuaci\u00f3n, lo har\u00e1 la <strong>Dra. Nancy Elisabeth de las Mercedes Tavecchio<\/strong>, quien tratar\u00e1 sobre <strong>Caracterizaci\u00f3n Morfoanat\u00f3mica, Fisiol\u00f3gica y Bioqu\u00edmica de \u201cJatropha curcas L.\u201d y \u201cJatropha macrocarpa Griseb\u201d<\/strong>.<\/p>\n<p>Para mayor informaci\u00f3n e inscripciones contactarse con los coordinadores del seminario: Ing. Pablo Belzunce (belzuncepablo@gmail.com); Ing. Francisco Esteban (<a href=\"mailto:franesteban92@gmail.com\">franesteban92@gmail.com<\/a>).<\/p>\n<p><img fetchpriority=\"high\" decoding=\"async\" class=\"aligncenter wp-image-16737 size-full\" src=\"https:\/\/www.fica.unsl.edu.ar\/wp-content\/uploads\/2024\/05\/esteban-face.jpg\" alt=\"\" width=\"1056\" height=\"594\" srcset=\"https:\/\/www.fica.unsl.edu.ar\/wp-content\/uploads\/2024\/05\/esteban-face.jpg 1056w, https:\/\/www.fica.unsl.edu.ar\/wp-content\/uploads\/2024\/05\/esteban-face-300x169.jpg 300w, https:\/\/www.fica.unsl.edu.ar\/wp-content\/uploads\/2024\/05\/esteban-face-1024x576.jpg 1024w, https:\/\/www.fica.unsl.edu.ar\/wp-content\/uploads\/2024\/05\/esteban-face-768x432.jpg 768w\" sizes=\"(max-width: 1056px) 100vw, 1056px\" \/><\/p>\n<p><strong>Resumen:<\/strong><\/p>\n<p>En este trabajo, se presenta el dise\u00f1o de una nueva estrategia de control basada en pasividad mediante asignaci\u00f3n de interconexi\u00f3n y amortiguamiento para un inversor trif\u00e1sico cuasi fuente de impedancia conectado a la red el\u00e9ctrica mediante un filtro inductivo. La estrategia dise\u00f1ada permite regular la tensi\u00f3n en el enlace de corriente continua a un valor de referencia establecido e inyectar potencia activa y reactiva a la red el\u00e9ctrica seg\u00fan sea requerido. Los resultados obtenidos a trav\u00e9s de la simulaci\u00f3n permiten validar el desempe\u00f1o de la estrategia de control propuesta.<\/p>\n<p>&nbsp;<\/p>\n<p><img decoding=\"async\" class=\"aligncenter size-full wp-image-16738\" src=\"https:\/\/www.fica.unsl.edu.ar\/wp-content\/uploads\/2024\/05\/TAVECCHIO-face.jpg\" alt=\"\" width=\"1056\" height=\"594\" srcset=\"https:\/\/www.fica.unsl.edu.ar\/wp-content\/uploads\/2024\/05\/TAVECCHIO-face.jpg 1056w, https:\/\/www.fica.unsl.edu.ar\/wp-content\/uploads\/2024\/05\/TAVECCHIO-face-300x169.jpg 300w, https:\/\/www.fica.unsl.edu.ar\/wp-content\/uploads\/2024\/05\/TAVECCHIO-face-1024x576.jpg 1024w, https:\/\/www.fica.unsl.edu.ar\/wp-content\/uploads\/2024\/05\/TAVECCHIO-face-768x432.jpg 768w\" sizes=\"(max-width: 1056px) 100vw, 1056px\" \/><\/p>\n<p>&nbsp;<\/p>\n<p><strong>Resumen:<\/strong><\/p>\n<p>Esta tesis se aboca al estudio de dos especies de importancia para la producci\u00f3n de aceites para la elaboraci\u00f3n del Biodiesel. Se eligieron dos especies de amplia distribuci\u00f3n en Argentina y pa\u00edses lim\u00edtrofes como Bolivia y Per\u00fa, con gran adaptabilidad a suelos marginales, a ambientes \u00e1ridos y semi\u00e1ridos y sin importancia para la alimentaci\u00f3n humana ni animal. J. curcas y J. macrocarpa fueron elegidas y estudiadas, porque eran abundantes de esas regiones y productoras de aceites. No existen estudios de su biolog\u00eda morfol\u00f3gica y fisiol\u00f3gica, necesarias de cara a cualquier proyecto productivo.<\/p>\n<p>El objetivo de este trabajo fue caracterizar mediante diferencias o similitudes la morfolog\u00eda, la anatom\u00eda, la bioqu\u00edmica y microflora asociada, que permita predecir la utilidad futura de ambas especies. Los estudios demostraron que los \u00e1cidos grasos insaturados predominan en las semillas de J. curcas y J. macrocarpa, los az\u00facares y las prote\u00ednas se concentran en los embriones m\u00e1s que en el endosperma. Las semillas de ambas especies, mostraron alta viabilidad; J. curcas tuvo mayor poder germinativo que J. macrocarpa y s\u00f3lo J. macrocarpa present\u00f3 dormici\u00f3n f\u00edsica localizada en su cubierta seminal.<\/p>\n<p>El crecimiento temprano de J. curcas fue mayor que el de J. macrocarpa, en cambio el crecimiento tard\u00edo fue similar en ambas especies. En los estudios anat\u00f3micos, se observ\u00f3 que la corteza de la ra\u00edz primaria de J. macrocarpa mostr\u00f3 c\u00e9lulas parenquim\u00e1ticas m\u00e1s grandes que J. curcas. Los vasos del xilema secundario de las ra\u00edces de J. macrocarpa fueron m\u00e1s frecuentes y anchos que en J. curcas. La anatom\u00eda del primer entrenudo del tallo mostr\u00f3 una corteza gruesa en ambas especies y la m\u00e9dula present\u00f3 gr\u00e1nulos de almid\u00f3n, abundantes en J. macrocarpa. J. macrocarpa, presenta pec\u00edolo con menor cantidad de haces vasculares y l\u00e1mina foliar con densidad estom\u00e1tica de la epidermis abaxial inferior a J. curcas, caracter\u00edsticas anat\u00f3micas de adaptaci\u00f3n a condiciones ambientales extremas. Las determinaciones por an\u00e1lisis de polimorfismos de longitud de fragmentos terminales de restricci\u00f3n mostraron la presencia de microorganismos no cultivables del g\u00e9nero Streptomyces notorios en ambas especies.<\/p>\n<p>El an\u00e1lisis de electroforesis en gel en gradiente desnaturalizante indic\u00f3 la presencia de Chthonomonas en J. curcas y Pseudanabaena en ambas especies. Se puede concluir que J. curcas present\u00f3 mayor poder germinativo, m\u00e1s alta concentraci\u00f3n de aceites en semilla y un mejor crecimiento temprano, aunque mostr\u00f3 menores condiciones para adaptarse a ambientes adversos que J. macrocarpa.<\/p>\n","protected":false},"excerpt":{"rendered":"<p>La Secretar\u00eda de Investigaci\u00f3n y Posgrado invita a la primera jornada del a\u00f1o del \u201cSeminario de Investigaci\u00f3n Actualizaci\u00f3n y Vinculaci\u00f3n 2024 (SIAV FICA 2024)\u201d, que&hellip;<\/p>\n","protected":false},"author":9,"featured_media":16739,"comment_status":"closed","ping_status":"closed","sticky":false,"template":"","format":"standard","meta":{"_monsterinsights_skip_tracking":false,"_monsterinsights_sitenote_active":false,"_monsterinsights_sitenote_note":"","_monsterinsights_sitenote_category":0,"_joinchat":[],"footnotes":""},"categories":[19],"tags":[],"class_list":["post-16736","post","type-post","status-publish","format-standard","has-post-thumbnail","hentry","category-noticias"],"yoast_head":"<!-- This site is optimized with the Yoast SEO plugin v27.4 - https:\/\/yoast.com\/product\/yoast-seo-wordpress\/ -->\n<title>Primera jornada del a\u00f1o del \u201cSeminario de Investigaci\u00f3n Actualizaci\u00f3n y Vinculaci\u00f3n 2024\u201d - Facultad de Ingenier\u00eda y Ciencias Agropecuarias<\/title>\n<meta name=\"robots\" content=\"index, follow, max-snippet:-1, max-image-preview:large, max-video-preview:-1\" \/>\n<link rel=\"canonical\" href=\"https:\/\/www.fica.unsl.edu.ar\/index.php\/primera-jornada-del-siav-2024\/\" \/>\n<meta property=\"og:locale\" content=\"es_ES\" \/>\n<meta property=\"og:type\" content=\"article\" \/>\n<meta property=\"og:title\" content=\"Primera jornada del a\u00f1o del \u201cSeminario de Investigaci\u00f3n Actualizaci\u00f3n y Vinculaci\u00f3n 2024\u201d - Facultad de Ingenier\u00eda y Ciencias Agropecuarias\" \/>\n<meta property=\"og:description\" content=\"La Secretar\u00eda de Investigaci\u00f3n y Posgrado invita a la primera jornada del a\u00f1o del \u201cSeminario de Investigaci\u00f3n Actualizaci\u00f3n y Vinculaci\u00f3n 2024 (SIAV FICA 2024)\u201d, que&hellip;\" \/>\n<meta property=\"og:url\" content=\"https:\/\/www.fica.unsl.edu.ar\/index.php\/primera-jornada-del-siav-2024\/\" \/>\n<meta property=\"og:site_name\" content=\"Facultad de Ingenier\u00eda y Ciencias Agropecuarias\" \/>\n<meta property=\"article:publisher\" content=\"https:\/\/www.facebook.com\/FICA.UNSL\/\" \/>\n<meta property=\"article:published_time\" content=\"2024-05-07T16:45:22+00:00\" \/>\n<meta property=\"article:modified_time\" content=\"2024-05-08T16:53:32+00:00\" \/>\n<meta property=\"og:image\" content=\"https:\/\/www.fica.unsl.edu.ar\/wp-content\/uploads\/2024\/05\/portada-web-FICA-SIAV-FRONT.jpg\" \/>\n\t<meta property=\"og:image:width\" content=\"1061\" \/>\n\t<meta property=\"og:image:height\" content=\"585\" \/>\n\t<meta property=\"og:image:type\" content=\"image\/jpeg\" \/>\n<meta name=\"author\" content=\"DATI\" \/>\n<meta name=\"twitter:card\" content=\"summary_large_image\" \/>\n<meta name=\"twitter:creator\" content=\"@FICAUNSL\" \/>\n<meta name=\"twitter:site\" content=\"@FICAUNSL\" \/>\n<meta name=\"twitter:label1\" content=\"Escrito por\" \/>\n\t<meta name=\"twitter:data1\" content=\"DATI\" \/>\n\t<meta name=\"twitter:label2\" content=\"Tiempo de lectura\" \/>\n\t<meta name=\"twitter:data2\" content=\"4 minutos\" \/>\n<script type=\"application\/ld+json\" class=\"yoast-schema-graph\">{\"@context\":\"https:\\\/\\\/schema.org\",\"@graph\":[{\"@type\":\"Article\",\"@id\":\"https:\\\/\\\/www.fica.unsl.edu.ar\\\/index.php\\\/primera-jornada-del-siav-2024\\\/#article\",\"isPartOf\":{\"@id\":\"https:\\\/\\\/www.fica.unsl.edu.ar\\\/index.php\\\/primera-jornada-del-siav-2024\\\/\"},\"author\":{\"name\":\"DATI\",\"@id\":\"https:\\\/\\\/www.fica.unsl.edu.ar\\\/#\\\/schema\\\/person\\\/6058f9c66301868d3a691b1f5d6c3544\"},\"headline\":\"Primera jornada del a\u00f1o del \u201cSeminario de Investigaci\u00f3n Actualizaci\u00f3n y Vinculaci\u00f3n 2024\u201d\",\"datePublished\":\"2024-05-07T16:45:22+00:00\",\"dateModified\":\"2024-05-08T16:53:32+00:00\",\"mainEntityOfPage\":{\"@id\":\"https:\\\/\\\/www.fica.unsl.edu.ar\\\/index.php\\\/primera-jornada-del-siav-2024\\\/\"},\"wordCount\":680,\"publisher\":{\"@id\":\"https:\\\/\\\/www.fica.unsl.edu.ar\\\/#organization\"},\"image\":{\"@id\":\"https:\\\/\\\/www.fica.unsl.edu.ar\\\/index.php\\\/primera-jornada-del-siav-2024\\\/#primaryimage\"},\"thumbnailUrl\":\"https:\\\/\\\/www.fica.unsl.edu.ar\\\/wp-content\\\/uploads\\\/2024\\\/05\\\/portada-web-FICA-SIAV-FRONT.jpg\",\"articleSection\":[\"Noticias\"],\"inLanguage\":\"es-AR\"},{\"@type\":\"WebPage\",\"@id\":\"https:\\\/\\\/www.fica.unsl.edu.ar\\\/index.php\\\/primera-jornada-del-siav-2024\\\/\",\"url\":\"https:\\\/\\\/www.fica.unsl.edu.ar\\\/index.php\\\/primera-jornada-del-siav-2024\\\/\",\"name\":\"Primera jornada del a\u00f1o del \u201cSeminario de Investigaci\u00f3n Actualizaci\u00f3n y Vinculaci\u00f3n 2024\u201d - Facultad de Ingenier\u00eda y Ciencias Agropecuarias\",\"isPartOf\":{\"@id\":\"https:\\\/\\\/www.fica.unsl.edu.ar\\\/#website\"},\"primaryImageOfPage\":{\"@id\":\"https:\\\/\\\/www.fica.unsl.edu.ar\\\/index.php\\\/primera-jornada-del-siav-2024\\\/#primaryimage\"},\"image\":{\"@id\":\"https:\\\/\\\/www.fica.unsl.edu.ar\\\/index.php\\\/primera-jornada-del-siav-2024\\\/#primaryimage\"},\"thumbnailUrl\":\"https:\\\/\\\/www.fica.unsl.edu.ar\\\/wp-content\\\/uploads\\\/2024\\\/05\\\/portada-web-FICA-SIAV-FRONT.jpg\",\"datePublished\":\"2024-05-07T16:45:22+00:00\",\"dateModified\":\"2024-05-08T16:53:32+00:00\",\"inLanguage\":\"es-AR\",\"potentialAction\":[{\"@type\":\"ReadAction\",\"target\":[\"https:\\\/\\\/www.fica.unsl.edu.ar\\\/index.php\\\/primera-jornada-del-siav-2024\\\/\"]}]},{\"@type\":\"ImageObject\",\"inLanguage\":\"es-AR\",\"@id\":\"https:\\\/\\\/www.fica.unsl.edu.ar\\\/index.php\\\/primera-jornada-del-siav-2024\\\/#primaryimage\",\"url\":\"https:\\\/\\\/www.fica.unsl.edu.ar\\\/wp-content\\\/uploads\\\/2024\\\/05\\\/portada-web-FICA-SIAV-FRONT.jpg\",\"contentUrl\":\"https:\\\/\\\/www.fica.unsl.edu.ar\\\/wp-content\\\/uploads\\\/2024\\\/05\\\/portada-web-FICA-SIAV-FRONT.jpg\",\"width\":1061,\"height\":585},{\"@type\":\"WebSite\",\"@id\":\"https:\\\/\\\/www.fica.unsl.edu.ar\\\/#website\",\"url\":\"https:\\\/\\\/www.fica.unsl.edu.ar\\\/\",\"name\":\"Facultad de Ingenier\u00eda y Ciencias Agropecuarias\",\"description\":\"\",\"publisher\":{\"@id\":\"https:\\\/\\\/www.fica.unsl.edu.ar\\\/#organization\"},\"potentialAction\":[{\"@type\":\"SearchAction\",\"target\":{\"@type\":\"EntryPoint\",\"urlTemplate\":\"https:\\\/\\\/www.fica.unsl.edu.ar\\\/?s={search_term_string}\"},\"query-input\":{\"@type\":\"PropertyValueSpecification\",\"valueRequired\":true,\"valueName\":\"search_term_string\"}}],\"inLanguage\":\"es-AR\"},{\"@type\":\"Organization\",\"@id\":\"https:\\\/\\\/www.fica.unsl.edu.ar\\\/#organization\",\"name\":\"Facultad de Ingenier\u00eda y Ciencias Agropecuarias\",\"url\":\"https:\\\/\\\/www.fica.unsl.edu.ar\\\/\",\"logo\":{\"@type\":\"ImageObject\",\"inLanguage\":\"es-AR\",\"@id\":\"https:\\\/\\\/www.fica.unsl.edu.ar\\\/#\\\/schema\\\/logo\\\/image\\\/\",\"url\":\"https:\\\/\\\/www.fica.unsl.edu.ar\\\/wp-content\\\/uploads\\\/2021\\\/03\\\/LOGO-1.jpg\",\"contentUrl\":\"https:\\\/\\\/www.fica.unsl.edu.ar\\\/wp-content\\\/uploads\\\/2021\\\/03\\\/LOGO-1.jpg\",\"width\":463,\"height\":145,\"caption\":\"Facultad de Ingenier\u00eda y Ciencias Agropecuarias\"},\"image\":{\"@id\":\"https:\\\/\\\/www.fica.unsl.edu.ar\\\/#\\\/schema\\\/logo\\\/image\\\/\"},\"sameAs\":[\"https:\\\/\\\/www.facebook.com\\\/FICA.UNSL\\\/\",\"https:\\\/\\\/x.com\\\/FICAUNSL\",\"https:\\\/\\\/www.instagram.com\\\/fica.unsl\\\/\",\"https:\\\/\\\/www.youtube.com\\\/channel\\\/UCs2MM53gb2PyBrMySdtWZDQ\"]},{\"@type\":\"Person\",\"@id\":\"https:\\\/\\\/www.fica.unsl.edu.ar\\\/#\\\/schema\\\/person\\\/6058f9c66301868d3a691b1f5d6c3544\",\"name\":\"DATI\"}]}<\/script>\n<!-- \/ Yoast SEO plugin. -->","yoast_head_json":{"title":"Primera jornada del a\u00f1o del \u201cSeminario de Investigaci\u00f3n Actualizaci\u00f3n y Vinculaci\u00f3n 2024\u201d - Facultad de Ingenier\u00eda y Ciencias Agropecuarias","robots":{"index":"index","follow":"follow","max-snippet":"max-snippet:-1","max-image-preview":"max-image-preview:large","max-video-preview":"max-video-preview:-1"},"canonical":"https:\/\/www.fica.unsl.edu.ar\/index.php\/primera-jornada-del-siav-2024\/","og_locale":"es_ES","og_type":"article","og_title":"Primera jornada del a\u00f1o del \u201cSeminario de Investigaci\u00f3n Actualizaci\u00f3n y Vinculaci\u00f3n 2024\u201d - Facultad de Ingenier\u00eda y Ciencias Agropecuarias","og_description":"La Secretar\u00eda de Investigaci\u00f3n y Posgrado invita a la primera jornada del a\u00f1o del \u201cSeminario de Investigaci\u00f3n Actualizaci\u00f3n y Vinculaci\u00f3n 2024 (SIAV FICA 2024)\u201d, que&hellip;","og_url":"https:\/\/www.fica.unsl.edu.ar\/index.php\/primera-jornada-del-siav-2024\/","og_site_name":"Facultad de Ingenier\u00eda y Ciencias Agropecuarias","article_publisher":"https:\/\/www.facebook.com\/FICA.UNSL\/","article_published_time":"2024-05-07T16:45:22+00:00","article_modified_time":"2024-05-08T16:53:32+00:00","og_image":[{"width":1061,"height":585,"url":"https:\/\/www.fica.unsl.edu.ar\/wp-content\/uploads\/2024\/05\/portada-web-FICA-SIAV-FRONT.jpg","type":"image\/jpeg"}],"author":"DATI","twitter_card":"summary_large_image","twitter_creator":"@FICAUNSL","twitter_site":"@FICAUNSL","twitter_misc":{"Escrito por":"DATI","Tiempo de lectura":"4 minutos"},"schema":{"@context":"https:\/\/schema.org","@graph":[{"@type":"Article","@id":"https:\/\/www.fica.unsl.edu.ar\/index.php\/primera-jornada-del-siav-2024\/#article","isPartOf":{"@id":"https:\/\/www.fica.unsl.edu.ar\/index.php\/primera-jornada-del-siav-2024\/"},"author":{"name":"DATI","@id":"https:\/\/www.fica.unsl.edu.ar\/#\/schema\/person\/6058f9c66301868d3a691b1f5d6c3544"},"headline":"Primera jornada del a\u00f1o del \u201cSeminario de Investigaci\u00f3n Actualizaci\u00f3n y Vinculaci\u00f3n 2024\u201d","datePublished":"2024-05-07T16:45:22+00:00","dateModified":"2024-05-08T16:53:32+00:00","mainEntityOfPage":{"@id":"https:\/\/www.fica.unsl.edu.ar\/index.php\/primera-jornada-del-siav-2024\/"},"wordCount":680,"publisher":{"@id":"https:\/\/www.fica.unsl.edu.ar\/#organization"},"image":{"@id":"https:\/\/www.fica.unsl.edu.ar\/index.php\/primera-jornada-del-siav-2024\/#primaryimage"},"thumbnailUrl":"https:\/\/www.fica.unsl.edu.ar\/wp-content\/uploads\/2024\/05\/portada-web-FICA-SIAV-FRONT.jpg","articleSection":["Noticias"],"inLanguage":"es-AR"},{"@type":"WebPage","@id":"https:\/\/www.fica.unsl.edu.ar\/index.php\/primera-jornada-del-siav-2024\/","url":"https:\/\/www.fica.unsl.edu.ar\/index.php\/primera-jornada-del-siav-2024\/","name":"Primera jornada del a\u00f1o del \u201cSeminario de Investigaci\u00f3n Actualizaci\u00f3n y Vinculaci\u00f3n 2024\u201d - Facultad de Ingenier\u00eda y Ciencias Agropecuarias","isPartOf":{"@id":"https:\/\/www.fica.unsl.edu.ar\/#website"},"primaryImageOfPage":{"@id":"https:\/\/www.fica.unsl.edu.ar\/index.php\/primera-jornada-del-siav-2024\/#primaryimage"},"image":{"@id":"https:\/\/www.fica.unsl.edu.ar\/index.php\/primera-jornada-del-siav-2024\/#primaryimage"},"thumbnailUrl":"https:\/\/www.fica.unsl.edu.ar\/wp-content\/uploads\/2024\/05\/portada-web-FICA-SIAV-FRONT.jpg","datePublished":"2024-05-07T16:45:22+00:00","dateModified":"2024-05-08T16:53:32+00:00","inLanguage":"es-AR","potentialAction":[{"@type":"ReadAction","target":["https:\/\/www.fica.unsl.edu.ar\/index.php\/primera-jornada-del-siav-2024\/"]}]},{"@type":"ImageObject","inLanguage":"es-AR","@id":"https:\/\/www.fica.unsl.edu.ar\/index.php\/primera-jornada-del-siav-2024\/#primaryimage","url":"https:\/\/www.fica.unsl.edu.ar\/wp-content\/uploads\/2024\/05\/portada-web-FICA-SIAV-FRONT.jpg","contentUrl":"https:\/\/www.fica.unsl.edu.ar\/wp-content\/uploads\/2024\/05\/portada-web-FICA-SIAV-FRONT.jpg","width":1061,"height":585},{"@type":"WebSite","@id":"https:\/\/www.fica.unsl.edu.ar\/#website","url":"https:\/\/www.fica.unsl.edu.ar\/","name":"Facultad de Ingenier\u00eda y Ciencias Agropecuarias","description":"","publisher":{"@id":"https:\/\/www.fica.unsl.edu.ar\/#organization"},"potentialAction":[{"@type":"SearchAction","target":{"@type":"EntryPoint","urlTemplate":"https:\/\/www.fica.unsl.edu.ar\/?s={search_term_string}"},"query-input":{"@type":"PropertyValueSpecification","valueRequired":true,"valueName":"search_term_string"}}],"inLanguage":"es-AR"},{"@type":"Organization","@id":"https:\/\/www.fica.unsl.edu.ar\/#organization","name":"Facultad de Ingenier\u00eda y Ciencias Agropecuarias","url":"https:\/\/www.fica.unsl.edu.ar\/","logo":{"@type":"ImageObject","inLanguage":"es-AR","@id":"https:\/\/www.fica.unsl.edu.ar\/#\/schema\/logo\/image\/","url":"https:\/\/www.fica.unsl.edu.ar\/wp-content\/uploads\/2021\/03\/LOGO-1.jpg","contentUrl":"https:\/\/www.fica.unsl.edu.ar\/wp-content\/uploads\/2021\/03\/LOGO-1.jpg","width":463,"height":145,"caption":"Facultad de Ingenier\u00eda y Ciencias Agropecuarias"},"image":{"@id":"https:\/\/www.fica.unsl.edu.ar\/#\/schema\/logo\/image\/"},"sameAs":["https:\/\/www.facebook.com\/FICA.UNSL\/","https:\/\/x.com\/FICAUNSL","https:\/\/www.instagram.com\/fica.unsl\/","https:\/\/www.youtube.com\/channel\/UCs2MM53gb2PyBrMySdtWZDQ"]},{"@type":"Person","@id":"https:\/\/www.fica.unsl.edu.ar\/#\/schema\/person\/6058f9c66301868d3a691b1f5d6c3544","name":"DATI"}]}},"_links":{"self":[{"href":"https:\/\/www.fica.unsl.edu.ar\/index.php\/wp-json\/wp\/v2\/posts\/16736","targetHints":{"allow":["GET"]}}],"collection":[{"href":"https:\/\/www.fica.unsl.edu.ar\/index.php\/wp-json\/wp\/v2\/posts"}],"about":[{"href":"https:\/\/www.fica.unsl.edu.ar\/index.php\/wp-json\/wp\/v2\/types\/post"}],"author":[{"embeddable":true,"href":"https:\/\/www.fica.unsl.edu.ar\/index.php\/wp-json\/wp\/v2\/users\/9"}],"replies":[{"embeddable":true,"href":"https:\/\/www.fica.unsl.edu.ar\/index.php\/wp-json\/wp\/v2\/comments?post=16736"}],"version-history":[{"count":3,"href":"https:\/\/www.fica.unsl.edu.ar\/index.php\/wp-json\/wp\/v2\/posts\/16736\/revisions"}],"predecessor-version":[{"id":16742,"href":"https:\/\/www.fica.unsl.edu.ar\/index.php\/wp-json\/wp\/v2\/posts\/16736\/revisions\/16742"}],"wp:featuredmedia":[{"embeddable":true,"href":"https:\/\/www.fica.unsl.edu.ar\/index.php\/wp-json\/wp\/v2\/media\/16739"}],"wp:attachment":[{"href":"https:\/\/www.fica.unsl.edu.ar\/index.php\/wp-json\/wp\/v2\/media?parent=16736"}],"wp:term":[{"taxonomy":"category","embeddable":true,"href":"https:\/\/www.fica.unsl.edu.ar\/index.php\/wp-json\/wp\/v2\/categories?post=16736"},{"taxonomy":"post_tag","embeddable":true,"href":"https:\/\/www.fica.unsl.edu.ar\/index.php\/wp-json\/wp\/v2\/tags?post=16736"}],"curies":[{"name":"wp","href":"https:\/\/api.w.org\/{rel}","templated":true}]}}