{"id":16786,"date":"2024-05-15T10:09:48","date_gmt":"2024-05-15T13:09:48","guid":{"rendered":"http:\/\/10.101.10.196\/www\/?p=16786"},"modified":"2024-06-04T08:42:08","modified_gmt":"2024-06-04T11:42:08","slug":"siav-fica-un-espacio-para-compartir-los-avances-en-la-investigacion-cientifica","status":"publish","type":"post","link":"https:\/\/www.fica.unsl.edu.ar\/index.php\/siav-fica-un-espacio-para-compartir-los-avances-en-la-investigacion-cientifica\/","title":{"rendered":"<b>SIAV FICA<\/b>: Un espacio para compartir los avances en la investigaci\u00f3n cient\u00edfica"},"content":{"rendered":"<p>El Seminario de Investigaci\u00f3n Actualizaci\u00f3n y Vinculaci\u00f3n SIAV FICA comenz\u00f3 el 8 de mayo pasado su 6\u00b0 edici\u00f3n con un objetivo que se va afianzando: convertirse en un punto de encuentro de investigadores y estudiantes de posgrado para debatir sobre los avances en la ciencia en la facultad, bajo una multiplicidad de miradas.<\/p>\n<p>As\u00ed lo destac\u00f3 la Dra. Ing. Mar\u00eda Laura Rodr\u00edguez quien, junto con el Dr. Ing. Federico Serra y la Dra. Ing. Nora Merino son los docentes responsables del SIAV FICA 2024, un espacio donde convergen las distintas carreras de ingenier\u00eda de la FICA, \u201csobre todo del \u00e1mbito cient\u00edfico acad\u00e9mico, los proyectos de investigaci\u00f3n y tambi\u00e9n las tesis de maestr\u00edas y doctorados que se dictan en la facultad\u201d.<\/p>\n<p>El Seminario est\u00e1 dirigido a investigadores y estudiantes de posgrado de todas las especialidades e interesados en temas relacionados con la investigaci\u00f3n en ciencias de la ingenier\u00eda y tecnolog\u00edas afines. Los temas que se tratan incluyen trabajos enmarcados en proyectos de investigaci\u00f3n; tesis de Especializaci\u00f3n, Maestr\u00eda y Doctorado; as\u00ed como trabajos publicados o a publicar en congresos y\/o revistas cient\u00edficas.<\/p>\n<p>Para la presente edici\u00f3n del Seminario se programaron diez encuentros durante todo el a\u00f1o, especiados cada tres semanas, bajo distintas modalidades de participaci\u00f3n. \u201cLos chicos que est\u00e1n haciendo sus tesis de maestr\u00edas de posgrados en general, pueden acceder a un r\u00e9gimen de asistencia, en donde se solicita que den una ponencia en algunas de las reuniones que vamos teniendo durante el a\u00f1o\u201d, explic\u00f3 Rodr\u00edguez.<\/p>\n<p>Adem\u00e1s del r\u00e9gimen de asistencia sin necesidad de exponer, tambi\u00e9n se incluy\u00f3 la modalidad \u201cpara el que quiere dar una charla y no puede asistir a todas las reuniones. En este caso, puede brindar dar una de las exposiciones y acceder un certificado de participaci\u00f3n\u201d, aclar\u00f3.<\/p>\n<p>Al evaluar la participaci\u00f3n y c\u00f3mo se fue insertando el Seminario en el \u00e1mbito acad\u00e9mico de la facultad, destac\u00f3 que se est\u00e1 cumpliendo con el objetivo de convertir al espacio en un punto de encuentro que se identifique con el debate en los temas de investigaci\u00f3n y avance de la ciencia, \u201csiempre bajo la multiplicidad de miradas que es algo bueno, deseado y me parece que cada vez deber\u00eda estar m\u00e1s presente en nuestra vida cient\u00edfico acad\u00e9mica\u201d.<\/p>\n<p><img fetchpriority=\"high\" decoding=\"async\" class=\"aligncenter wp-image-16789 size-full\" src=\"https:\/\/www.fica.unsl.edu.ar\/wp-content\/uploads\/2024\/05\/siav-01.jpg\" alt=\"\" width=\"1061\" height=\"585\" srcset=\"https:\/\/www.fica.unsl.edu.ar\/wp-content\/uploads\/2024\/05\/siav-01.jpg 1061w, https:\/\/www.fica.unsl.edu.ar\/wp-content\/uploads\/2024\/05\/siav-01-300x165.jpg 300w, https:\/\/www.fica.unsl.edu.ar\/wp-content\/uploads\/2024\/05\/siav-01-1024x565.jpg 1024w, https:\/\/www.fica.unsl.edu.ar\/wp-content\/uploads\/2024\/05\/siav-01-768x423.jpg 768w\" sizes=\"(max-width: 1061px) 100vw, 1061px\" \/><\/p>\n<p>\u201cCreemos que el Seminario es un buen punto de encuentro para charlar y debatir sobre los temas de investigaci\u00f3n que se van dando dentro de la facultad\u201d, remarc\u00f3.<\/p>\n<p>La docente responsable del SIAV FICA invit\u00f3 a quienes deseen sumarse a esta 6\u00b0 edici\u00f3n a comunicarse con los coordinadores del Seminario:\u00a0Dr. Pablo Belsunce, Dra. Marisa Garbero, Dra. Magdalena Costanzo y Dr. Francisco Esteban \u201cquienes son los re\u00fanen y eval\u00faan el material y est\u00e1n en contacto con los expositores\u201d.<\/p>\n<p>El primer encuentro de 2024, cont\u00f3 con las disertaciones de la Dra. Nancy Elisabeth de las Mercedes Tavecchio, quien trat\u00f3 sobre Caracterizaci\u00f3n Morfoanat\u00f3mica, Fisiol\u00f3gica y Bioqu\u00edmica de \u201cJatropha curcas L.\u201d y \u201cJatropha macrocarpa Griseb\u201d y del Dr. Francisco Daniel Esteban, quien habl\u00f3 sobre \u201cControlador IDA-PBC para un inversor trif\u00e1sico Quasi-Z-Source conectado a red\u201d.<\/p>\n<p style=\"text-align: right;\"><div class=\"gmedia_gallery phantom_module is_bot\" id=\"GmediaGallery_211\" data-gmid=\"211\" data-module=\"phantom\"><style type='text\/css' class='gmedia_module_style_import'>@import url('https:\/\/www.fica.unsl.edu.ar\/wp-content\/plugins\/grand-media\/module\/phantom\/css\/style.css') all;<\/style>    <div class=\"gmPhantom_Container noLightbox\" >\r\n                <div class=\"gmPhantom_thumbsWrapper gmPhantom_ThumbScale gmPhantom_LabelHover\">\r\n                        <div class=\"gmPhantom_ThumbContainer gmPhantom_ThumbLoader\" data-id=\"3184\" data-post_id=\"16800\" data-ratio=\"1.8133333333333\" data-type=\"image\" data-ext=\"jpg\" data-views=\"20\" data-likes=\"0\" data-cc=\"0\" data-post_link=\"https:\/\/www.fica.unsl.edu.ar\/index.php\/gmedia\/siav-03-jpg\/\">\r\n                <a href=\"https:\/\/www.fica.unsl.edu.ar\/wp-content\/grand-media\/image\/siav-03.jpg\" class=\"gmPhantom_Thumb\"><img decoding=\"async\" src=\"https:\/\/www.fica.unsl.edu.ar\/wp-content\/grand-media\/image\/thumb\/siav-03.jpg\" data-src=\"https:\/\/www.fica.unsl.edu.ar\/wp-content\/grand-media\/image\/siav-03.jpg\" alt=\"Siav-03\"\/><\/a>\r\n                                    <div class=\"gmPhantom_ThumbLabel\"><span class=\"gmPhantom_ThumbLabel_title\">Siav-03<\/span><\/div>\r\n                                    <div style=\"display:none;\" class=\"gmPhantom_Details\">\r\n                                            <div class=\"gmPhantom_description\">\r\n                            <div class=\"gmPhantom_title\">Siav-03<\/div>\r\n                            <div class=\"gmPhantom_text\"><\/div>\r\n                        <\/div>\r\n                                                            <div class=\"gmPhantom_terms\">\r\n                                                    <div class=\"gmPhantom_other_terms\">\r\n                                <table class=\"gmPhantom_other_terms_table\">\r\n                                                                            <tr class=\"gmPhantom_term_row_album\">\r\n                                            <td class=\"gmPhantom_term_key\">Album<\/td>\r\n                                            <td class=\"gmPhantom_term_value\"><a href=\"\/index.php\/wp-json\/wp\/v2\/posts\/16786?gm211[album__in]=211\" class=\"gmPhantom_alb\">siav-01-2024<\/a><\/td>\r\n                                        <\/tr>\r\n                                                                    <\/table>\r\n                            <\/div>\r\n                                                <\/div>\r\n                <\/div>\r\n                <\/div>            <div class=\"gmPhantom_ThumbContainer gmPhantom_ThumbLoader\" data-id=\"3183\" data-post_id=\"16799\" data-ratio=\"1.8133333333333\" data-type=\"image\" data-ext=\"jpg\" data-views=\"17\" data-likes=\"0\" data-cc=\"0\" data-post_link=\"https:\/\/www.fica.unsl.edu.ar\/index.php\/gmedia\/siav-02-jpg\/\">\r\n                <a href=\"https:\/\/www.fica.unsl.edu.ar\/wp-content\/grand-media\/image\/siav-02.jpg\" class=\"gmPhantom_Thumb\"><img decoding=\"async\" src=\"https:\/\/www.fica.unsl.edu.ar\/wp-content\/grand-media\/image\/thumb\/siav-02.jpg\" data-src=\"https:\/\/www.fica.unsl.edu.ar\/wp-content\/grand-media\/image\/siav-02.jpg\" alt=\"Siav-02\"\/><\/a>\r\n                                    <div class=\"gmPhantom_ThumbLabel\"><span class=\"gmPhantom_ThumbLabel_title\">Siav-02<\/span><\/div>\r\n                                    <div style=\"display:none;\" class=\"gmPhantom_Details\">\r\n                                            <div class=\"gmPhantom_description\">\r\n                            <div class=\"gmPhantom_title\">Siav-02<\/div>\r\n                            <div class=\"gmPhantom_text\"><\/div>\r\n                        <\/div>\r\n                                                            <div class=\"gmPhantom_terms\">\r\n                                                    <div class=\"gmPhantom_other_terms\">\r\n                                <table class=\"gmPhantom_other_terms_table\">\r\n                                                                            <tr class=\"gmPhantom_term_row_album\">\r\n                                            <td class=\"gmPhantom_term_key\">Album<\/td>\r\n                                            <td class=\"gmPhantom_term_value\"><a href=\"\/index.php\/wp-json\/wp\/v2\/posts\/16786?gm211[album__in]=211\" class=\"gmPhantom_alb\">siav-01-2024<\/a><\/td>\r\n                                        <\/tr>\r\n                                                                    <\/table>\r\n                            <\/div>\r\n                                                <\/div>\r\n                <\/div>\r\n                <\/div>        <\/div>\r\n    <\/div>\r\n<\/div><\/p>\n<p>&nbsp;<\/p>\n<p><strong>Nota: Jos\u00e9 Luis Baigorria \u2013 Radio UNSL Villa Mercedes<\/strong><\/p>\n","protected":false},"excerpt":{"rendered":"<p>El Seminario de Investigaci\u00f3n Actualizaci\u00f3n y Vinculaci\u00f3n SIAV FICA comenz\u00f3 el 8 de mayo pasado su 6\u00b0 edici\u00f3n con un objetivo que se va afianzando:&hellip;<\/p>\n","protected":false},"author":9,"featured_media":16787,"comment_status":"closed","ping_status":"closed","sticky":false,"template":"","format":"standard","meta":{"_monsterinsights_skip_tracking":false,"_monsterinsights_sitenote_active":false,"_monsterinsights_sitenote_note":"","_monsterinsights_sitenote_category":0,"_joinchat":[],"footnotes":""},"categories":[19],"tags":[],"class_list":["post-16786","post","type-post","status-publish","format-standard","has-post-thumbnail","hentry","category-noticias"],"yoast_head":"<!-- This site is optimized with the Yoast SEO plugin v27.4 - https:\/\/yoast.com\/product\/yoast-seo-wordpress\/ -->\n<title>SIAV FICA: Un espacio para compartir los avances en la investigaci\u00f3n cient\u00edfica - Facultad de Ingenier\u00eda y Ciencias Agropecuarias<\/title>\n<meta name=\"robots\" content=\"index, follow, max-snippet:-1, max-image-preview:large, max-video-preview:-1\" \/>\n<link rel=\"canonical\" href=\"https:\/\/www.fica.unsl.edu.ar\/index.php\/siav-fica-un-espacio-para-compartir-los-avances-en-la-investigacion-cientifica\/\" \/>\n<meta property=\"og:locale\" content=\"es_ES\" \/>\n<meta property=\"og:type\" content=\"article\" \/>\n<meta property=\"og:title\" content=\"SIAV FICA: Un espacio para compartir los avances en la investigaci\u00f3n cient\u00edfica - Facultad de Ingenier\u00eda y Ciencias Agropecuarias\" \/>\n<meta property=\"og:description\" content=\"El Seminario de Investigaci\u00f3n Actualizaci\u00f3n y Vinculaci\u00f3n SIAV FICA comenz\u00f3 el 8 de mayo pasado su 6\u00b0 edici\u00f3n con un objetivo que se va afianzando:&hellip;\" \/>\n<meta property=\"og:url\" content=\"https:\/\/www.fica.unsl.edu.ar\/index.php\/siav-fica-un-espacio-para-compartir-los-avances-en-la-investigacion-cientifica\/\" \/>\n<meta property=\"og:site_name\" content=\"Facultad de Ingenier\u00eda y Ciencias Agropecuarias\" \/>\n<meta property=\"article:publisher\" content=\"https:\/\/www.facebook.com\/FICA.UNSL\/\" \/>\n<meta property=\"article:published_time\" content=\"2024-05-15T13:09:48+00:00\" \/>\n<meta property=\"article:modified_time\" content=\"2024-06-04T11:42:08+00:00\" \/>\n<meta property=\"og:image\" content=\"https:\/\/www.fica.unsl.edu.ar\/wp-content\/uploads\/2024\/05\/mascara-fica-front.jpg\" \/>\n\t<meta property=\"og:image:width\" content=\"1061\" \/>\n\t<meta property=\"og:image:height\" content=\"585\" \/>\n\t<meta property=\"og:image:type\" content=\"image\/jpeg\" \/>\n<meta name=\"author\" content=\"DATI\" \/>\n<meta name=\"twitter:card\" content=\"summary_large_image\" \/>\n<meta name=\"twitter:creator\" content=\"@FICAUNSL\" \/>\n<meta name=\"twitter:site\" content=\"@FICAUNSL\" \/>\n<meta name=\"twitter:label1\" content=\"Escrito por\" \/>\n\t<meta name=\"twitter:data1\" content=\"DATI\" \/>\n\t<meta name=\"twitter:label2\" content=\"Tiempo de lectura\" \/>\n\t<meta name=\"twitter:data2\" content=\"3 minutos\" \/>\n<script type=\"application\/ld+json\" class=\"yoast-schema-graph\">{\"@context\":\"https:\\\/\\\/schema.org\",\"@graph\":[{\"@type\":\"Article\",\"@id\":\"https:\\\/\\\/www.fica.unsl.edu.ar\\\/index.php\\\/siav-fica-un-espacio-para-compartir-los-avances-en-la-investigacion-cientifica\\\/#article\",\"isPartOf\":{\"@id\":\"https:\\\/\\\/www.fica.unsl.edu.ar\\\/index.php\\\/siav-fica-un-espacio-para-compartir-los-avances-en-la-investigacion-cientifica\\\/\"},\"author\":{\"name\":\"DATI\",\"@id\":\"https:\\\/\\\/www.fica.unsl.edu.ar\\\/#\\\/schema\\\/person\\\/6058f9c66301868d3a691b1f5d6c3544\"},\"headline\":\"SIAV FICA: Un espacio para compartir los avances en la investigaci\u00f3n cient\u00edfica\",\"datePublished\":\"2024-05-15T13:09:48+00:00\",\"dateModified\":\"2024-06-04T11:42:08+00:00\",\"mainEntityOfPage\":{\"@id\":\"https:\\\/\\\/www.fica.unsl.edu.ar\\\/index.php\\\/siav-fica-un-espacio-para-compartir-los-avances-en-la-investigacion-cientifica\\\/\"},\"wordCount\":568,\"publisher\":{\"@id\":\"https:\\\/\\\/www.fica.unsl.edu.ar\\\/#organization\"},\"image\":{\"@id\":\"https:\\\/\\\/www.fica.unsl.edu.ar\\\/index.php\\\/siav-fica-un-espacio-para-compartir-los-avances-en-la-investigacion-cientifica\\\/#primaryimage\"},\"thumbnailUrl\":\"https:\\\/\\\/www.fica.unsl.edu.ar\\\/wp-content\\\/uploads\\\/2024\\\/05\\\/mascara-fica-front.jpg\",\"articleSection\":[\"Noticias\"],\"inLanguage\":\"es-AR\"},{\"@type\":\"WebPage\",\"@id\":\"https:\\\/\\\/www.fica.unsl.edu.ar\\\/index.php\\\/siav-fica-un-espacio-para-compartir-los-avances-en-la-investigacion-cientifica\\\/\",\"url\":\"https:\\\/\\\/www.fica.unsl.edu.ar\\\/index.php\\\/siav-fica-un-espacio-para-compartir-los-avances-en-la-investigacion-cientifica\\\/\",\"name\":\"SIAV FICA: Un espacio para compartir los avances en la investigaci\u00f3n cient\u00edfica - Facultad de Ingenier\u00eda y Ciencias Agropecuarias\",\"isPartOf\":{\"@id\":\"https:\\\/\\\/www.fica.unsl.edu.ar\\\/#website\"},\"primaryImageOfPage\":{\"@id\":\"https:\\\/\\\/www.fica.unsl.edu.ar\\\/index.php\\\/siav-fica-un-espacio-para-compartir-los-avances-en-la-investigacion-cientifica\\\/#primaryimage\"},\"image\":{\"@id\":\"https:\\\/\\\/www.fica.unsl.edu.ar\\\/index.php\\\/siav-fica-un-espacio-para-compartir-los-avances-en-la-investigacion-cientifica\\\/#primaryimage\"},\"thumbnailUrl\":\"https:\\\/\\\/www.fica.unsl.edu.ar\\\/wp-content\\\/uploads\\\/2024\\\/05\\\/mascara-fica-front.jpg\",\"datePublished\":\"2024-05-15T13:09:48+00:00\",\"dateModified\":\"2024-06-04T11:42:08+00:00\",\"inLanguage\":\"es-AR\",\"potentialAction\":[{\"@type\":\"ReadAction\",\"target\":[\"https:\\\/\\\/www.fica.unsl.edu.ar\\\/index.php\\\/siav-fica-un-espacio-para-compartir-los-avances-en-la-investigacion-cientifica\\\/\"]}]},{\"@type\":\"ImageObject\",\"inLanguage\":\"es-AR\",\"@id\":\"https:\\\/\\\/www.fica.unsl.edu.ar\\\/index.php\\\/siav-fica-un-espacio-para-compartir-los-avances-en-la-investigacion-cientifica\\\/#primaryimage\",\"url\":\"https:\\\/\\\/www.fica.unsl.edu.ar\\\/wp-content\\\/uploads\\\/2024\\\/05\\\/mascara-fica-front.jpg\",\"contentUrl\":\"https:\\\/\\\/www.fica.unsl.edu.ar\\\/wp-content\\\/uploads\\\/2024\\\/05\\\/mascara-fica-front.jpg\",\"width\":1061,\"height\":585},{\"@type\":\"WebSite\",\"@id\":\"https:\\\/\\\/www.fica.unsl.edu.ar\\\/#website\",\"url\":\"https:\\\/\\\/www.fica.unsl.edu.ar\\\/\",\"name\":\"Facultad de Ingenier\u00eda y Ciencias Agropecuarias\",\"description\":\"\",\"publisher\":{\"@id\":\"https:\\\/\\\/www.fica.unsl.edu.ar\\\/#organization\"},\"potentialAction\":[{\"@type\":\"SearchAction\",\"target\":{\"@type\":\"EntryPoint\",\"urlTemplate\":\"https:\\\/\\\/www.fica.unsl.edu.ar\\\/?s={search_term_string}\"},\"query-input\":{\"@type\":\"PropertyValueSpecification\",\"valueRequired\":true,\"valueName\":\"search_term_string\"}}],\"inLanguage\":\"es-AR\"},{\"@type\":\"Organization\",\"@id\":\"https:\\\/\\\/www.fica.unsl.edu.ar\\\/#organization\",\"name\":\"Facultad de Ingenier\u00eda y Ciencias Agropecuarias\",\"url\":\"https:\\\/\\\/www.fica.unsl.edu.ar\\\/\",\"logo\":{\"@type\":\"ImageObject\",\"inLanguage\":\"es-AR\",\"@id\":\"https:\\\/\\\/www.fica.unsl.edu.ar\\\/#\\\/schema\\\/logo\\\/image\\\/\",\"url\":\"https:\\\/\\\/www.fica.unsl.edu.ar\\\/wp-content\\\/uploads\\\/2021\\\/03\\\/LOGO-1.jpg\",\"contentUrl\":\"https:\\\/\\\/www.fica.unsl.edu.ar\\\/wp-content\\\/uploads\\\/2021\\\/03\\\/LOGO-1.jpg\",\"width\":463,\"height\":145,\"caption\":\"Facultad de Ingenier\u00eda y Ciencias Agropecuarias\"},\"image\":{\"@id\":\"https:\\\/\\\/www.fica.unsl.edu.ar\\\/#\\\/schema\\\/logo\\\/image\\\/\"},\"sameAs\":[\"https:\\\/\\\/www.facebook.com\\\/FICA.UNSL\\\/\",\"https:\\\/\\\/x.com\\\/FICAUNSL\",\"https:\\\/\\\/www.instagram.com\\\/fica.unsl\\\/\",\"https:\\\/\\\/www.youtube.com\\\/channel\\\/UCs2MM53gb2PyBrMySdtWZDQ\"]},{\"@type\":\"Person\",\"@id\":\"https:\\\/\\\/www.fica.unsl.edu.ar\\\/#\\\/schema\\\/person\\\/6058f9c66301868d3a691b1f5d6c3544\",\"name\":\"DATI\"}]}<\/script>\n<!-- \/ Yoast SEO plugin. -->","yoast_head_json":{"title":"SIAV FICA: Un espacio para compartir los avances en la investigaci\u00f3n cient\u00edfica - Facultad de Ingenier\u00eda y Ciencias Agropecuarias","robots":{"index":"index","follow":"follow","max-snippet":"max-snippet:-1","max-image-preview":"max-image-preview:large","max-video-preview":"max-video-preview:-1"},"canonical":"https:\/\/www.fica.unsl.edu.ar\/index.php\/siav-fica-un-espacio-para-compartir-los-avances-en-la-investigacion-cientifica\/","og_locale":"es_ES","og_type":"article","og_title":"SIAV FICA: Un espacio para compartir los avances en la investigaci\u00f3n cient\u00edfica - Facultad de Ingenier\u00eda y Ciencias Agropecuarias","og_description":"El Seminario de Investigaci\u00f3n Actualizaci\u00f3n y Vinculaci\u00f3n SIAV FICA comenz\u00f3 el 8 de mayo pasado su 6\u00b0 edici\u00f3n con un objetivo que se va afianzando:&hellip;","og_url":"https:\/\/www.fica.unsl.edu.ar\/index.php\/siav-fica-un-espacio-para-compartir-los-avances-en-la-investigacion-cientifica\/","og_site_name":"Facultad de Ingenier\u00eda y Ciencias Agropecuarias","article_publisher":"https:\/\/www.facebook.com\/FICA.UNSL\/","article_published_time":"2024-05-15T13:09:48+00:00","article_modified_time":"2024-06-04T11:42:08+00:00","og_image":[{"width":1061,"height":585,"url":"https:\/\/www.fica.unsl.edu.ar\/wp-content\/uploads\/2024\/05\/mascara-fica-front.jpg","type":"image\/jpeg"}],"author":"DATI","twitter_card":"summary_large_image","twitter_creator":"@FICAUNSL","twitter_site":"@FICAUNSL","twitter_misc":{"Escrito por":"DATI","Tiempo de lectura":"3 minutos"},"schema":{"@context":"https:\/\/schema.org","@graph":[{"@type":"Article","@id":"https:\/\/www.fica.unsl.edu.ar\/index.php\/siav-fica-un-espacio-para-compartir-los-avances-en-la-investigacion-cientifica\/#article","isPartOf":{"@id":"https:\/\/www.fica.unsl.edu.ar\/index.php\/siav-fica-un-espacio-para-compartir-los-avances-en-la-investigacion-cientifica\/"},"author":{"name":"DATI","@id":"https:\/\/www.fica.unsl.edu.ar\/#\/schema\/person\/6058f9c66301868d3a691b1f5d6c3544"},"headline":"SIAV FICA: Un espacio para compartir los avances en la investigaci\u00f3n cient\u00edfica","datePublished":"2024-05-15T13:09:48+00:00","dateModified":"2024-06-04T11:42:08+00:00","mainEntityOfPage":{"@id":"https:\/\/www.fica.unsl.edu.ar\/index.php\/siav-fica-un-espacio-para-compartir-los-avances-en-la-investigacion-cientifica\/"},"wordCount":568,"publisher":{"@id":"https:\/\/www.fica.unsl.edu.ar\/#organization"},"image":{"@id":"https:\/\/www.fica.unsl.edu.ar\/index.php\/siav-fica-un-espacio-para-compartir-los-avances-en-la-investigacion-cientifica\/#primaryimage"},"thumbnailUrl":"https:\/\/www.fica.unsl.edu.ar\/wp-content\/uploads\/2024\/05\/mascara-fica-front.jpg","articleSection":["Noticias"],"inLanguage":"es-AR"},{"@type":"WebPage","@id":"https:\/\/www.fica.unsl.edu.ar\/index.php\/siav-fica-un-espacio-para-compartir-los-avances-en-la-investigacion-cientifica\/","url":"https:\/\/www.fica.unsl.edu.ar\/index.php\/siav-fica-un-espacio-para-compartir-los-avances-en-la-investigacion-cientifica\/","name":"SIAV FICA: Un espacio para compartir los avances en la investigaci\u00f3n cient\u00edfica - Facultad de Ingenier\u00eda y Ciencias Agropecuarias","isPartOf":{"@id":"https:\/\/www.fica.unsl.edu.ar\/#website"},"primaryImageOfPage":{"@id":"https:\/\/www.fica.unsl.edu.ar\/index.php\/siav-fica-un-espacio-para-compartir-los-avances-en-la-investigacion-cientifica\/#primaryimage"},"image":{"@id":"https:\/\/www.fica.unsl.edu.ar\/index.php\/siav-fica-un-espacio-para-compartir-los-avances-en-la-investigacion-cientifica\/#primaryimage"},"thumbnailUrl":"https:\/\/www.fica.unsl.edu.ar\/wp-content\/uploads\/2024\/05\/mascara-fica-front.jpg","datePublished":"2024-05-15T13:09:48+00:00","dateModified":"2024-06-04T11:42:08+00:00","inLanguage":"es-AR","potentialAction":[{"@type":"ReadAction","target":["https:\/\/www.fica.unsl.edu.ar\/index.php\/siav-fica-un-espacio-para-compartir-los-avances-en-la-investigacion-cientifica\/"]}]},{"@type":"ImageObject","inLanguage":"es-AR","@id":"https:\/\/www.fica.unsl.edu.ar\/index.php\/siav-fica-un-espacio-para-compartir-los-avances-en-la-investigacion-cientifica\/#primaryimage","url":"https:\/\/www.fica.unsl.edu.ar\/wp-content\/uploads\/2024\/05\/mascara-fica-front.jpg","contentUrl":"https:\/\/www.fica.unsl.edu.ar\/wp-content\/uploads\/2024\/05\/mascara-fica-front.jpg","width":1061,"height":585},{"@type":"WebSite","@id":"https:\/\/www.fica.unsl.edu.ar\/#website","url":"https:\/\/www.fica.unsl.edu.ar\/","name":"Facultad de Ingenier\u00eda y Ciencias Agropecuarias","description":"","publisher":{"@id":"https:\/\/www.fica.unsl.edu.ar\/#organization"},"potentialAction":[{"@type":"SearchAction","target":{"@type":"EntryPoint","urlTemplate":"https:\/\/www.fica.unsl.edu.ar\/?s={search_term_string}"},"query-input":{"@type":"PropertyValueSpecification","valueRequired":true,"valueName":"search_term_string"}}],"inLanguage":"es-AR"},{"@type":"Organization","@id":"https:\/\/www.fica.unsl.edu.ar\/#organization","name":"Facultad de Ingenier\u00eda y Ciencias Agropecuarias","url":"https:\/\/www.fica.unsl.edu.ar\/","logo":{"@type":"ImageObject","inLanguage":"es-AR","@id":"https:\/\/www.fica.unsl.edu.ar\/#\/schema\/logo\/image\/","url":"https:\/\/www.fica.unsl.edu.ar\/wp-content\/uploads\/2021\/03\/LOGO-1.jpg","contentUrl":"https:\/\/www.fica.unsl.edu.ar\/wp-content\/uploads\/2021\/03\/LOGO-1.jpg","width":463,"height":145,"caption":"Facultad de Ingenier\u00eda y Ciencias Agropecuarias"},"image":{"@id":"https:\/\/www.fica.unsl.edu.ar\/#\/schema\/logo\/image\/"},"sameAs":["https:\/\/www.facebook.com\/FICA.UNSL\/","https:\/\/x.com\/FICAUNSL","https:\/\/www.instagram.com\/fica.unsl\/","https:\/\/www.youtube.com\/channel\/UCs2MM53gb2PyBrMySdtWZDQ"]},{"@type":"Person","@id":"https:\/\/www.fica.unsl.edu.ar\/#\/schema\/person\/6058f9c66301868d3a691b1f5d6c3544","name":"DATI"}]}},"_links":{"self":[{"href":"https:\/\/www.fica.unsl.edu.ar\/index.php\/wp-json\/wp\/v2\/posts\/16786","targetHints":{"allow":["GET"]}}],"collection":[{"href":"https:\/\/www.fica.unsl.edu.ar\/index.php\/wp-json\/wp\/v2\/posts"}],"about":[{"href":"https:\/\/www.fica.unsl.edu.ar\/index.php\/wp-json\/wp\/v2\/types\/post"}],"author":[{"embeddable":true,"href":"https:\/\/www.fica.unsl.edu.ar\/index.php\/wp-json\/wp\/v2\/users\/9"}],"replies":[{"embeddable":true,"href":"https:\/\/www.fica.unsl.edu.ar\/index.php\/wp-json\/wp\/v2\/comments?post=16786"}],"version-history":[{"count":9,"href":"https:\/\/www.fica.unsl.edu.ar\/index.php\/wp-json\/wp\/v2\/posts\/16786\/revisions"}],"predecessor-version":[{"id":16803,"href":"https:\/\/www.fica.unsl.edu.ar\/index.php\/wp-json\/wp\/v2\/posts\/16786\/revisions\/16803"}],"wp:featuredmedia":[{"embeddable":true,"href":"https:\/\/www.fica.unsl.edu.ar\/index.php\/wp-json\/wp\/v2\/media\/16787"}],"wp:attachment":[{"href":"https:\/\/www.fica.unsl.edu.ar\/index.php\/wp-json\/wp\/v2\/media?parent=16786"}],"wp:term":[{"taxonomy":"category","embeddable":true,"href":"https:\/\/www.fica.unsl.edu.ar\/index.php\/wp-json\/wp\/v2\/categories?post=16786"},{"taxonomy":"post_tag","embeddable":true,"href":"https:\/\/www.fica.unsl.edu.ar\/index.php\/wp-json\/wp\/v2\/tags?post=16786"}],"curies":[{"name":"wp","href":"https:\/\/api.w.org\/{rel}","templated":true}]}}