{"id":17021,"date":"2024-06-17T18:46:21","date_gmt":"2024-06-17T21:46:21","guid":{"rendered":"http:\/\/10.101.10.196\/www\/?p=17021"},"modified":"2024-08-05T10:20:19","modified_gmt":"2024-08-05T13:20:19","slug":"abrira-la-convocatoria-de-estudiantes-para-las-becas-de-formacion-en-extension","status":"publish","type":"post","link":"https:\/\/www.fica.unsl.edu.ar\/index.php\/abrira-la-convocatoria-de-estudiantes-para-las-becas-de-formacion-en-extension\/","title":{"rendered":"Abrir\u00e1 la Convocatoria de Estudiantes para las Becas de Formaci\u00f3n en Extensi\u00f3n"},"content":{"rendered":"<p style=\"font-weight: 400;\"><b><strong>La Universidad Nacional de San Luis anuncia la apertura de la pr\u00f3xima convocatoria del Programa de Becas de Formaci\u00f3n en Extensi\u00f3n Universitaria, entre los d\u00edas 14 y 24 de junio de 2024.<\/strong><\/b><\/p>\n<p style=\"font-weight: 400;\">Los objetivos del Programa consisten en fomentar la formaci\u00f3n en extensi\u00f3n de estudiantes de la UNSL desde los primeros trayectos formativos (<b><strong>a partir del segundo a\u00f1o de cursada<\/strong><\/b>); y fortalecer la formaci\u00f3n de grado y las experiencias de extensi\u00f3n, potenciando la integralidad de funciones sustantivas de la Universidad.<\/p>\n<p style=\"font-weight: 400;\">La convocatoria para la presentaci\u00f3n de postulantes surge a partir de la\u00a0<a href=\"http:\/\/digesto.unsl.edu.ar\/docs\/202212\/20221228112024_2139.pdf\">Ordenanza N\u00ba3\/2022<\/a>, mediante la cual se crea y fundamenta el Programa, que cada a\u00f1o llama a inscripci\u00f3n de aspirantes y otorga un total de 16 becas en las 8 Facultades de la UNSL en la Provincia. En dicha ordenanza se detallan los requisitos y criterios de evaluaci\u00f3n. El monto de cada beca ser\u00e1 este a\u00f1o de $70.000.<\/p>\n<p style=\"font-weight: 400;\"><b><strong>Destinatarios:<br \/>\n<\/strong><\/b>&#8211; Estudiantes de la UNSL que cursen segundo a\u00f1o -y en adelante- de cualquier carrera.<\/p>\n<p style=\"font-weight: 400;\"><b><strong>Documentaci\u00f3n requerida:<br \/>\n<\/strong><\/b>&#8211; Nota de solicitud de la Beca, firmada por el estudiante y conformidad del Director, y Codirector si tuviere,\u00a0 dirigida a la Secretar\u00eda de Extensi\u00f3n Universitaria.<br \/>\n&#8211; Anexo de la convocatoria completo (<a href=\"https:\/\/drive.google.com\/file\/d\/1jJSG8vKaaU01S7SvKUKCcjfnwKzIwLoq\/view\">descargar aqu\u00ed<\/a>)<br \/>\n&#8211; Ficha acad\u00e9mica (sin legalizar).<br \/>\n&#8211; Certificado de alumno regular.<br \/>\n&#8211; Curriculum Vitae resumido.<\/p>\n<p style=\"font-weight: 400;\">Enviar la documentaci\u00f3n en\u00a0<b><strong>PDF<\/strong><\/b>\u00a0en un mismo correo a\u00a0<a href=\"mailto:notificaciones@unsl.edu.ar\">notificaciones@unsl.edu.ar<\/a>\u00a0(colocar en Asunto: Solicitud de Beca de Formaci\u00f3n en Extensi\u00f3n).<\/p>\n<p style=\"font-weight: 400;\"><b><strong>Per\u00edodo de inscripci\u00f3n:<br \/>\n<\/strong><\/b>&#8211; Abre el viernes 14 de junio de 2024<br \/>\n&#8211; Cierra el lunes 24 de junio de 2024<\/p>\n<p style=\"font-weight: 400;\"><b><strong>Consultas:<\/strong><\/b>\u00a0<a href=\"mailto:seu.unsl@gmail.com\">seu.unsl@gmail.com<\/a><\/p>\n<p>&nbsp;<\/p>\n<p>A continuaci\u00f3n compartimos el archivo del Anexo de la convocatoria completo:<\/p>\n<p>&nbsp;<\/p>\n<h3 style=\"text-align: center;\"><strong><span style=\"color: #0000ff;\"><a style=\"color: #0000ff;\" href=\"https:\/\/www.fica.unsl.edu.ar\/wp-content\/uploads\/2024\/06\/BECAS-2024-ANEXO-Convocatoria.pdf\">BECAS 2024 ANEXO-Convocatoria<\/a><\/span><\/strong><\/h3>\n<p>&nbsp;<\/p>\n<p>&nbsp;<\/p>\n","protected":false},"excerpt":{"rendered":"<p>La Universidad Nacional de San Luis anuncia la apertura de la pr\u00f3xima convocatoria del Programa de Becas de Formaci\u00f3n en Extensi\u00f3n Universitaria, entre los d\u00edas&hellip;<\/p>\n","protected":false},"author":9,"featured_media":17022,"comment_status":"closed","ping_status":"closed","sticky":false,"template":"","format":"standard","meta":{"_monsterinsights_skip_tracking":false,"_monsterinsights_sitenote_active":false,"_monsterinsights_sitenote_note":"","_monsterinsights_sitenote_category":0,"_joinchat":[],"footnotes":""},"categories":[19],"tags":[],"class_list":["post-17021","post","type-post","status-publish","format-standard","has-post-thumbnail","hentry","category-noticias"],"yoast_head":"<!-- This site is optimized with the Yoast SEO plugin v27.4 - https:\/\/yoast.com\/product\/yoast-seo-wordpress\/ -->\n<title>Abrir\u00e1 la Convocatoria de Estudiantes para las Becas de Formaci\u00f3n en Extensi\u00f3n - Facultad de Ingenier\u00eda y Ciencias Agropecuarias<\/title>\n<meta name=\"robots\" content=\"index, follow, max-snippet:-1, max-image-preview:large, max-video-preview:-1\" \/>\n<link rel=\"canonical\" href=\"https:\/\/www.fica.unsl.edu.ar\/index.php\/abrira-la-convocatoria-de-estudiantes-para-las-becas-de-formacion-en-extension\/\" \/>\n<meta property=\"og:locale\" content=\"es_ES\" \/>\n<meta property=\"og:type\" content=\"article\" \/>\n<meta property=\"og:title\" content=\"Abrir\u00e1 la Convocatoria de Estudiantes para las Becas de Formaci\u00f3n en Extensi\u00f3n - Facultad de Ingenier\u00eda y Ciencias Agropecuarias\" \/>\n<meta property=\"og:description\" content=\"La Universidad Nacional de San Luis anuncia la apertura de la pr\u00f3xima convocatoria del Programa de Becas de Formaci\u00f3n en Extensi\u00f3n Universitaria, entre los d\u00edas&hellip;\" \/>\n<meta property=\"og:url\" content=\"https:\/\/www.fica.unsl.edu.ar\/index.php\/abrira-la-convocatoria-de-estudiantes-para-las-becas-de-formacion-en-extension\/\" \/>\n<meta property=\"og:site_name\" content=\"Facultad de Ingenier\u00eda y Ciencias Agropecuarias\" \/>\n<meta property=\"article:publisher\" content=\"https:\/\/www.facebook.com\/FICA.UNSL\/\" \/>\n<meta property=\"article:published_time\" content=\"2024-06-17T21:46:21+00:00\" \/>\n<meta property=\"article:modified_time\" content=\"2024-08-05T13:20:19+00:00\" \/>\n<meta property=\"og:image\" content=\"https:\/\/www.fica.unsl.edu.ar\/wp-content\/uploads\/2024\/06\/portadabecas24.jpg\" \/>\n\t<meta property=\"og:image:width\" content=\"1000\" \/>\n\t<meta property=\"og:image:height\" content=\"600\" \/>\n\t<meta property=\"og:image:type\" content=\"image\/jpeg\" \/>\n<meta name=\"author\" content=\"DATI\" \/>\n<meta name=\"twitter:card\" content=\"summary_large_image\" \/>\n<meta name=\"twitter:creator\" content=\"@FICAUNSL\" \/>\n<meta name=\"twitter:site\" content=\"@FICAUNSL\" \/>\n<meta name=\"twitter:label1\" content=\"Escrito por\" \/>\n\t<meta name=\"twitter:data1\" content=\"DATI\" \/>\n\t<meta name=\"twitter:label2\" content=\"Tiempo de lectura\" \/>\n\t<meta name=\"twitter:data2\" content=\"2 minutos\" \/>\n<script type=\"application\/ld+json\" class=\"yoast-schema-graph\">{\"@context\":\"https:\\\/\\\/schema.org\",\"@graph\":[{\"@type\":\"Article\",\"@id\":\"https:\\\/\\\/www.fica.unsl.edu.ar\\\/index.php\\\/abrira-la-convocatoria-de-estudiantes-para-las-becas-de-formacion-en-extension\\\/#article\",\"isPartOf\":{\"@id\":\"https:\\\/\\\/www.fica.unsl.edu.ar\\\/index.php\\\/abrira-la-convocatoria-de-estudiantes-para-las-becas-de-formacion-en-extension\\\/\"},\"author\":{\"name\":\"DATI\",\"@id\":\"https:\\\/\\\/www.fica.unsl.edu.ar\\\/#\\\/schema\\\/person\\\/6058f9c66301868d3a691b1f5d6c3544\"},\"headline\":\"Abrir\u00e1 la Convocatoria de Estudiantes para las Becas de Formaci\u00f3n en Extensi\u00f3n\",\"datePublished\":\"2024-06-17T21:46:21+00:00\",\"dateModified\":\"2024-08-05T13:20:19+00:00\",\"mainEntityOfPage\":{\"@id\":\"https:\\\/\\\/www.fica.unsl.edu.ar\\\/index.php\\\/abrira-la-convocatoria-de-estudiantes-para-las-becas-de-formacion-en-extension\\\/\"},\"wordCount\":311,\"publisher\":{\"@id\":\"https:\\\/\\\/www.fica.unsl.edu.ar\\\/#organization\"},\"image\":{\"@id\":\"https:\\\/\\\/www.fica.unsl.edu.ar\\\/index.php\\\/abrira-la-convocatoria-de-estudiantes-para-las-becas-de-formacion-en-extension\\\/#primaryimage\"},\"thumbnailUrl\":\"https:\\\/\\\/www.fica.unsl.edu.ar\\\/wp-content\\\/uploads\\\/2024\\\/06\\\/portadabecas24.jpg\",\"articleSection\":[\"Noticias\"],\"inLanguage\":\"es-AR\"},{\"@type\":\"WebPage\",\"@id\":\"https:\\\/\\\/www.fica.unsl.edu.ar\\\/index.php\\\/abrira-la-convocatoria-de-estudiantes-para-las-becas-de-formacion-en-extension\\\/\",\"url\":\"https:\\\/\\\/www.fica.unsl.edu.ar\\\/index.php\\\/abrira-la-convocatoria-de-estudiantes-para-las-becas-de-formacion-en-extension\\\/\",\"name\":\"Abrir\u00e1 la Convocatoria de Estudiantes para las Becas de Formaci\u00f3n en Extensi\u00f3n - Facultad de Ingenier\u00eda y Ciencias Agropecuarias\",\"isPartOf\":{\"@id\":\"https:\\\/\\\/www.fica.unsl.edu.ar\\\/#website\"},\"primaryImageOfPage\":{\"@id\":\"https:\\\/\\\/www.fica.unsl.edu.ar\\\/index.php\\\/abrira-la-convocatoria-de-estudiantes-para-las-becas-de-formacion-en-extension\\\/#primaryimage\"},\"image\":{\"@id\":\"https:\\\/\\\/www.fica.unsl.edu.ar\\\/index.php\\\/abrira-la-convocatoria-de-estudiantes-para-las-becas-de-formacion-en-extension\\\/#primaryimage\"},\"thumbnailUrl\":\"https:\\\/\\\/www.fica.unsl.edu.ar\\\/wp-content\\\/uploads\\\/2024\\\/06\\\/portadabecas24.jpg\",\"datePublished\":\"2024-06-17T21:46:21+00:00\",\"dateModified\":\"2024-08-05T13:20:19+00:00\",\"inLanguage\":\"es-AR\",\"potentialAction\":[{\"@type\":\"ReadAction\",\"target\":[\"https:\\\/\\\/www.fica.unsl.edu.ar\\\/index.php\\\/abrira-la-convocatoria-de-estudiantes-para-las-becas-de-formacion-en-extension\\\/\"]}]},{\"@type\":\"ImageObject\",\"inLanguage\":\"es-AR\",\"@id\":\"https:\\\/\\\/www.fica.unsl.edu.ar\\\/index.php\\\/abrira-la-convocatoria-de-estudiantes-para-las-becas-de-formacion-en-extension\\\/#primaryimage\",\"url\":\"https:\\\/\\\/www.fica.unsl.edu.ar\\\/wp-content\\\/uploads\\\/2024\\\/06\\\/portadabecas24.jpg\",\"contentUrl\":\"https:\\\/\\\/www.fica.unsl.edu.ar\\\/wp-content\\\/uploads\\\/2024\\\/06\\\/portadabecas24.jpg\",\"width\":1000,\"height\":600},{\"@type\":\"WebSite\",\"@id\":\"https:\\\/\\\/www.fica.unsl.edu.ar\\\/#website\",\"url\":\"https:\\\/\\\/www.fica.unsl.edu.ar\\\/\",\"name\":\"Facultad de Ingenier\u00eda y Ciencias Agropecuarias\",\"description\":\"\",\"publisher\":{\"@id\":\"https:\\\/\\\/www.fica.unsl.edu.ar\\\/#organization\"},\"potentialAction\":[{\"@type\":\"SearchAction\",\"target\":{\"@type\":\"EntryPoint\",\"urlTemplate\":\"https:\\\/\\\/www.fica.unsl.edu.ar\\\/?s={search_term_string}\"},\"query-input\":{\"@type\":\"PropertyValueSpecification\",\"valueRequired\":true,\"valueName\":\"search_term_string\"}}],\"inLanguage\":\"es-AR\"},{\"@type\":\"Organization\",\"@id\":\"https:\\\/\\\/www.fica.unsl.edu.ar\\\/#organization\",\"name\":\"Facultad de Ingenier\u00eda y Ciencias Agropecuarias\",\"url\":\"https:\\\/\\\/www.fica.unsl.edu.ar\\\/\",\"logo\":{\"@type\":\"ImageObject\",\"inLanguage\":\"es-AR\",\"@id\":\"https:\\\/\\\/www.fica.unsl.edu.ar\\\/#\\\/schema\\\/logo\\\/image\\\/\",\"url\":\"https:\\\/\\\/www.fica.unsl.edu.ar\\\/wp-content\\\/uploads\\\/2021\\\/03\\\/LOGO-1.jpg\",\"contentUrl\":\"https:\\\/\\\/www.fica.unsl.edu.ar\\\/wp-content\\\/uploads\\\/2021\\\/03\\\/LOGO-1.jpg\",\"width\":463,\"height\":145,\"caption\":\"Facultad de Ingenier\u00eda y Ciencias Agropecuarias\"},\"image\":{\"@id\":\"https:\\\/\\\/www.fica.unsl.edu.ar\\\/#\\\/schema\\\/logo\\\/image\\\/\"},\"sameAs\":[\"https:\\\/\\\/www.facebook.com\\\/FICA.UNSL\\\/\",\"https:\\\/\\\/x.com\\\/FICAUNSL\",\"https:\\\/\\\/www.instagram.com\\\/fica.unsl\\\/\",\"https:\\\/\\\/www.youtube.com\\\/channel\\\/UCs2MM53gb2PyBrMySdtWZDQ\"]},{\"@type\":\"Person\",\"@id\":\"https:\\\/\\\/www.fica.unsl.edu.ar\\\/#\\\/schema\\\/person\\\/6058f9c66301868d3a691b1f5d6c3544\",\"name\":\"DATI\"}]}<\/script>\n<!-- \/ Yoast SEO plugin. -->","yoast_head_json":{"title":"Abrir\u00e1 la Convocatoria de Estudiantes para las Becas de Formaci\u00f3n en Extensi\u00f3n - Facultad de Ingenier\u00eda y Ciencias Agropecuarias","robots":{"index":"index","follow":"follow","max-snippet":"max-snippet:-1","max-image-preview":"max-image-preview:large","max-video-preview":"max-video-preview:-1"},"canonical":"https:\/\/www.fica.unsl.edu.ar\/index.php\/abrira-la-convocatoria-de-estudiantes-para-las-becas-de-formacion-en-extension\/","og_locale":"es_ES","og_type":"article","og_title":"Abrir\u00e1 la Convocatoria de Estudiantes para las Becas de Formaci\u00f3n en Extensi\u00f3n - Facultad de Ingenier\u00eda y Ciencias Agropecuarias","og_description":"La Universidad Nacional de San Luis anuncia la apertura de la pr\u00f3xima convocatoria del Programa de Becas de Formaci\u00f3n en Extensi\u00f3n Universitaria, entre los d\u00edas&hellip;","og_url":"https:\/\/www.fica.unsl.edu.ar\/index.php\/abrira-la-convocatoria-de-estudiantes-para-las-becas-de-formacion-en-extension\/","og_site_name":"Facultad de Ingenier\u00eda y Ciencias Agropecuarias","article_publisher":"https:\/\/www.facebook.com\/FICA.UNSL\/","article_published_time":"2024-06-17T21:46:21+00:00","article_modified_time":"2024-08-05T13:20:19+00:00","og_image":[{"width":1000,"height":600,"url":"https:\/\/www.fica.unsl.edu.ar\/wp-content\/uploads\/2024\/06\/portadabecas24.jpg","type":"image\/jpeg"}],"author":"DATI","twitter_card":"summary_large_image","twitter_creator":"@FICAUNSL","twitter_site":"@FICAUNSL","twitter_misc":{"Escrito por":"DATI","Tiempo de lectura":"2 minutos"},"schema":{"@context":"https:\/\/schema.org","@graph":[{"@type":"Article","@id":"https:\/\/www.fica.unsl.edu.ar\/index.php\/abrira-la-convocatoria-de-estudiantes-para-las-becas-de-formacion-en-extension\/#article","isPartOf":{"@id":"https:\/\/www.fica.unsl.edu.ar\/index.php\/abrira-la-convocatoria-de-estudiantes-para-las-becas-de-formacion-en-extension\/"},"author":{"name":"DATI","@id":"https:\/\/www.fica.unsl.edu.ar\/#\/schema\/person\/6058f9c66301868d3a691b1f5d6c3544"},"headline":"Abrir\u00e1 la Convocatoria de Estudiantes para las Becas de Formaci\u00f3n en Extensi\u00f3n","datePublished":"2024-06-17T21:46:21+00:00","dateModified":"2024-08-05T13:20:19+00:00","mainEntityOfPage":{"@id":"https:\/\/www.fica.unsl.edu.ar\/index.php\/abrira-la-convocatoria-de-estudiantes-para-las-becas-de-formacion-en-extension\/"},"wordCount":311,"publisher":{"@id":"https:\/\/www.fica.unsl.edu.ar\/#organization"},"image":{"@id":"https:\/\/www.fica.unsl.edu.ar\/index.php\/abrira-la-convocatoria-de-estudiantes-para-las-becas-de-formacion-en-extension\/#primaryimage"},"thumbnailUrl":"https:\/\/www.fica.unsl.edu.ar\/wp-content\/uploads\/2024\/06\/portadabecas24.jpg","articleSection":["Noticias"],"inLanguage":"es-AR"},{"@type":"WebPage","@id":"https:\/\/www.fica.unsl.edu.ar\/index.php\/abrira-la-convocatoria-de-estudiantes-para-las-becas-de-formacion-en-extension\/","url":"https:\/\/www.fica.unsl.edu.ar\/index.php\/abrira-la-convocatoria-de-estudiantes-para-las-becas-de-formacion-en-extension\/","name":"Abrir\u00e1 la Convocatoria de Estudiantes para las Becas de Formaci\u00f3n en Extensi\u00f3n - Facultad de Ingenier\u00eda y Ciencias Agropecuarias","isPartOf":{"@id":"https:\/\/www.fica.unsl.edu.ar\/#website"},"primaryImageOfPage":{"@id":"https:\/\/www.fica.unsl.edu.ar\/index.php\/abrira-la-convocatoria-de-estudiantes-para-las-becas-de-formacion-en-extension\/#primaryimage"},"image":{"@id":"https:\/\/www.fica.unsl.edu.ar\/index.php\/abrira-la-convocatoria-de-estudiantes-para-las-becas-de-formacion-en-extension\/#primaryimage"},"thumbnailUrl":"https:\/\/www.fica.unsl.edu.ar\/wp-content\/uploads\/2024\/06\/portadabecas24.jpg","datePublished":"2024-06-17T21:46:21+00:00","dateModified":"2024-08-05T13:20:19+00:00","inLanguage":"es-AR","potentialAction":[{"@type":"ReadAction","target":["https:\/\/www.fica.unsl.edu.ar\/index.php\/abrira-la-convocatoria-de-estudiantes-para-las-becas-de-formacion-en-extension\/"]}]},{"@type":"ImageObject","inLanguage":"es-AR","@id":"https:\/\/www.fica.unsl.edu.ar\/index.php\/abrira-la-convocatoria-de-estudiantes-para-las-becas-de-formacion-en-extension\/#primaryimage","url":"https:\/\/www.fica.unsl.edu.ar\/wp-content\/uploads\/2024\/06\/portadabecas24.jpg","contentUrl":"https:\/\/www.fica.unsl.edu.ar\/wp-content\/uploads\/2024\/06\/portadabecas24.jpg","width":1000,"height":600},{"@type":"WebSite","@id":"https:\/\/www.fica.unsl.edu.ar\/#website","url":"https:\/\/www.fica.unsl.edu.ar\/","name":"Facultad de Ingenier\u00eda y Ciencias Agropecuarias","description":"","publisher":{"@id":"https:\/\/www.fica.unsl.edu.ar\/#organization"},"potentialAction":[{"@type":"SearchAction","target":{"@type":"EntryPoint","urlTemplate":"https:\/\/www.fica.unsl.edu.ar\/?s={search_term_string}"},"query-input":{"@type":"PropertyValueSpecification","valueRequired":true,"valueName":"search_term_string"}}],"inLanguage":"es-AR"},{"@type":"Organization","@id":"https:\/\/www.fica.unsl.edu.ar\/#organization","name":"Facultad de Ingenier\u00eda y Ciencias Agropecuarias","url":"https:\/\/www.fica.unsl.edu.ar\/","logo":{"@type":"ImageObject","inLanguage":"es-AR","@id":"https:\/\/www.fica.unsl.edu.ar\/#\/schema\/logo\/image\/","url":"https:\/\/www.fica.unsl.edu.ar\/wp-content\/uploads\/2021\/03\/LOGO-1.jpg","contentUrl":"https:\/\/www.fica.unsl.edu.ar\/wp-content\/uploads\/2021\/03\/LOGO-1.jpg","width":463,"height":145,"caption":"Facultad de Ingenier\u00eda y Ciencias Agropecuarias"},"image":{"@id":"https:\/\/www.fica.unsl.edu.ar\/#\/schema\/logo\/image\/"},"sameAs":["https:\/\/www.facebook.com\/FICA.UNSL\/","https:\/\/x.com\/FICAUNSL","https:\/\/www.instagram.com\/fica.unsl\/","https:\/\/www.youtube.com\/channel\/UCs2MM53gb2PyBrMySdtWZDQ"]},{"@type":"Person","@id":"https:\/\/www.fica.unsl.edu.ar\/#\/schema\/person\/6058f9c66301868d3a691b1f5d6c3544","name":"DATI"}]}},"_links":{"self":[{"href":"https:\/\/www.fica.unsl.edu.ar\/index.php\/wp-json\/wp\/v2\/posts\/17021","targetHints":{"allow":["GET"]}}],"collection":[{"href":"https:\/\/www.fica.unsl.edu.ar\/index.php\/wp-json\/wp\/v2\/posts"}],"about":[{"href":"https:\/\/www.fica.unsl.edu.ar\/index.php\/wp-json\/wp\/v2\/types\/post"}],"author":[{"embeddable":true,"href":"https:\/\/www.fica.unsl.edu.ar\/index.php\/wp-json\/wp\/v2\/users\/9"}],"replies":[{"embeddable":true,"href":"https:\/\/www.fica.unsl.edu.ar\/index.php\/wp-json\/wp\/v2\/comments?post=17021"}],"version-history":[{"count":3,"href":"https:\/\/www.fica.unsl.edu.ar\/index.php\/wp-json\/wp\/v2\/posts\/17021\/revisions"}],"predecessor-version":[{"id":17224,"href":"https:\/\/www.fica.unsl.edu.ar\/index.php\/wp-json\/wp\/v2\/posts\/17021\/revisions\/17224"}],"wp:featuredmedia":[{"embeddable":true,"href":"https:\/\/www.fica.unsl.edu.ar\/index.php\/wp-json\/wp\/v2\/media\/17022"}],"wp:attachment":[{"href":"https:\/\/www.fica.unsl.edu.ar\/index.php\/wp-json\/wp\/v2\/media?parent=17021"}],"wp:term":[{"taxonomy":"category","embeddable":true,"href":"https:\/\/www.fica.unsl.edu.ar\/index.php\/wp-json\/wp\/v2\/categories?post=17021"},{"taxonomy":"post_tag","embeddable":true,"href":"https:\/\/www.fica.unsl.edu.ar\/index.php\/wp-json\/wp\/v2\/tags?post=17021"}],"curies":[{"name":"wp","href":"https:\/\/api.w.org\/{rel}","templated":true}]}}