{"id":17384,"date":"2024-07-15T10:49:13","date_gmt":"2024-07-15T13:49:13","guid":{"rendered":"http:\/\/10.101.10.196\/www\/?p=17384"},"modified":"2024-07-25T11:01:56","modified_gmt":"2024-07-25T14:01:56","slug":"se-determino-la-adaptabilidad-del-algodon-a-la-zona-agricola-del-valle-de-conlara","status":"publish","type":"post","link":"https:\/\/www.fica.unsl.edu.ar\/index.php\/se-determino-la-adaptabilidad-del-algodon-a-la-zona-agricola-del-valle-de-conlara\/","title":{"rendered":"Un equipo de investigaci\u00f3n de la FICA y del INTA determin\u00f3 la adaptabilidad del algod\u00f3n en la zona agr\u00edcola del Valle de Conlara"},"content":{"rendered":"<p>En un rinc\u00f3n del noreste de San Luis, el Valle de Conlara, un grupo de investigadores del INTA y de la FICA &#8211; UNSL ha dado con una prometedora soluci\u00f3n para diversificar la rotaci\u00f3n agr\u00edcola de la zona: el cultivo del \u201coro blanco\u201d. Este hallazgo podr\u00eda ser la clave para impulsar la econom\u00eda local y proporcionar nuevas oportunidades para los agricultores de la regi\u00f3n.<\/p>\n<p>El cultivo tiene un rendimiento \u00fanico, ya que casi nada de la planta se desperdicia: se utiliza en la industria textil, la ganader\u00eda, la fabricaci\u00f3n de aceites comestibles, cosm\u00e9ticos y biocombustibles. Su principal producto, la fibra, es el textil natural m\u00e1s importante del mundo.<\/p>\n<p>Parte del ensayo fue realizado en el<strong> campo experimental y demostrativo \u201cDon Andr\u00e9s\u201d<\/strong>, un establecimiento que mantiene un <strong>Convenio marco Productor-UNSL<\/strong>, desde el a\u00f1o 2014, donde estudiantes, docentes e investigadores de la Carrera de Ingenier\u00eda Agron\u00f3mica\u00a0realizan ensayos agron\u00f3micos y servicios a terceros a trav\u00e9s del Proyecto P-140618 de Ciencia y T\u00e9cnica, trabajos pr\u00e1cticos y tesinas de graduaci\u00f3n. All\u00ed tambi\u00e9n se desarrolla investigaci\u00f3n conjuntamente con la Unidad de Extensi\u00f3n del EEA INTA San Luis y empresas privadas.<\/p>\n<p>En Argentina, el algod\u00f3n tiene una larga historia y ha sido una pieza fundamental en el crecimiento econ\u00f3mico del pa\u00eds. Durante la \u00faltima campa\u00f1a, la producci\u00f3n total alcanz\u00f3 unas impresionantes 896.464 toneladas, de las cuales aproximadamente 269.000 toneladas fueron de fibra.<\/p>\n<p>Tradicionalmente, el cultivo de algod\u00f3n en Argentina se ha concentrado en las provincias de Chaco, Santiago del Estero y Santa Fe. Pero ahora, gracias a una creciente demanda y a las investigaciones llevadas a cabo en San Luis, esta zona tambi\u00e9n se perfila como una nueva regi\u00f3n productora.<\/p>\n<h3><strong>\u00bfC\u00d3MO SE COMPORTA EL ALGOD\u00d3N EN EL VALLE DE CONLARA?<\/strong><\/h3>\n<p>El estudio llevado a cabo en el Valle de Conlara durante la campa\u00f1a agr\u00edcola 2022\/23, liderado por H\u00e9ctor Andrada, investigador de la Agencia de Extensi\u00f3n INTA Quines, y su equipo, evalu\u00f3 tres variedades de algod\u00f3n: Guazuncho 4 INTA BGRR, Por\u00e1 3 INTA BGRR y Guaran\u00ed INTA BGRR, todas desarrolladas por el INTA.<\/p>\n<p>En el establecimiento demostrativo \u201cDon Andr\u00e9s\u201d, se sembraron parcelas utilizando un dise\u00f1o de bloques completos al azar con cuatro repeticiones por cada tratamiento. La siembra se realiz\u00f3 en un lote de ma\u00edz como cultivo antecesor, con una densidad de 10 semillas por metro lineal.<\/p>\n<p>El ensayo, conducido en condiciones de secano, se mantuvo libre de malezas e insectos durante todo el ciclo. Para controlar el crecimiento vegetativo y obtener plantas m\u00e1s compactas, se realizaron cuatro aplicaciones de regulador de crecimiento durante la etapa reproductiva. Esta t\u00e9cnica ayud\u00f3 a lograr una mayor cantidad de c\u00e1psulas maduras al momento de la cosecha.<\/p>\n<p><img fetchpriority=\"high\" decoding=\"async\" class=\"aligncenter size-full wp-image-17386\" src=\"https:\/\/www.fica.unsl.edu.ar\/wp-content\/uploads\/2024\/06\/sm.webp\" alt=\"\" width=\"768\" height=\"462\" srcset=\"https:\/\/www.fica.unsl.edu.ar\/wp-content\/uploads\/2024\/06\/sm.webp 768w, https:\/\/www.fica.unsl.edu.ar\/wp-content\/uploads\/2024\/06\/sm-300x180.webp 300w\" sizes=\"(max-width: 768px) 100vw, 768px\" \/><\/p>\n<h3><strong>RESULTADOS QUE ENTUSIASMAN<\/strong><\/h3>\n<p>Bel\u00e9n Bravo, investigadora del Grupo Agricultura de la Estaci\u00f3n Experimental San Luis de INTA, destac\u00f3 los resultados obtenidos: \u201cEn base al material cosechado, el cultivar Guaran\u00ed BGRR mostr\u00f3 un rendimiento medio de 1990,50 kg\/ha (rendimiento bruto) y 1353,50 kg\/ha (fibra y semilla), sin diferencias significativas con respecto a las otras variedades evaluadas\u201d.<\/p>\n<p>Marcelo Bongiovanni, docente investigador de la Carrera de Ingenier\u00eda Agron\u00f3mica de la FICA, sintetiz\u00f3 los hallazgos: \u201cLos resultados de esta primera experiencia demuestran que el cultivo de algod\u00f3n tiene potencial de adaptaci\u00f3n y producci\u00f3n en las condiciones edafo-clim\u00e1ticas de la zona\u201d. Adem\u00e1s, se\u00f1al\u00f3 que este estudio representa una oportunidad para promover el cultivo en la regi\u00f3n utilizando variedades de ciclo corto, que combinan las ventajas de la biotecnolog\u00eda con los atributos del germoplasma desarrollado por el INTA.<\/p>\n<h3><strong>M\u00c1S ORO BLANCO EN EL PA\u00cdS<\/strong><\/h3>\n<p>La incorporaci\u00f3n del algod\u00f3n en la rotaci\u00f3n agr\u00edcola tradicional del Valle de Conlara podr\u00eda ser un cambio de juego para los agricultores locales. No solo podr\u00eda aumentar la rentabilidad de sus tierras, sino tambi\u00e9n fomentar un desarrollo m\u00e1s sustentable y responsable socialmente, gracias a la intensiva mano de obra que el cultivo de algod\u00f3n requiere.<\/p>\n<p>El siguiente paso es la continuidad de estas experiencias para generar datos adicionales sobre el comportamiento del cultivo en las sucesivas campa\u00f1as agr\u00edcolas. La recolecci\u00f3n de m\u00e1s informaci\u00f3n permitir\u00e1 ajustar las pr\u00e1cticas agr\u00edcolas y maximizar el rendimiento del algod\u00f3n en esta nueva regi\u00f3n productora.<\/p>\n<p>El algod\u00f3n no es solo una planta resistente y vers\u00e1til, sino tambi\u00e9n una oportunidad dorada para el noreste de San Luis. Con el respaldo de la ciencia y la tecnolog\u00eda, el \u201coro blanco\u201d podr\u00eda convertirse en una nueva fuente de prosperidad para el Valle de Conlara, abriendo un cap\u00edtulo nuevo en la historia agr\u00edcola de la regi\u00f3n.<\/p>\n<p>Fuente: INTA<\/p>\n<p>Nota: infomerlo.com<\/p>\n","protected":false},"excerpt":{"rendered":"<p>En un rinc\u00f3n del noreste de San Luis, el Valle de Conlara, un grupo de investigadores del INTA y de la FICA &#8211; UNSL ha&hellip;<\/p>\n","protected":false},"author":9,"featured_media":17385,"comment_status":"closed","ping_status":"closed","sticky":false,"template":"","format":"standard","meta":{"_monsterinsights_skip_tracking":false,"_monsterinsights_sitenote_active":false,"_monsterinsights_sitenote_note":"","_monsterinsights_sitenote_category":0,"_joinchat":[],"footnotes":""},"categories":[19],"tags":[],"class_list":["post-17384","post","type-post","status-publish","format-standard","has-post-thumbnail","hentry","category-noticias"],"yoast_head":"<!-- This site is optimized with the Yoast SEO plugin v27.4 - https:\/\/yoast.com\/product\/yoast-seo-wordpress\/ -->\n<title>Un equipo de investigaci\u00f3n de la FICA y del INTA determin\u00f3 la adaptabilidad del algod\u00f3n en la zona agr\u00edcola del Valle de Conlara - Facultad de Ingenier\u00eda y Ciencias Agropecuarias<\/title>\n<meta name=\"robots\" content=\"index, follow, max-snippet:-1, max-image-preview:large, max-video-preview:-1\" \/>\n<link rel=\"canonical\" href=\"https:\/\/www.fica.unsl.edu.ar\/index.php\/se-determino-la-adaptabilidad-del-algodon-a-la-zona-agricola-del-valle-de-conlara\/\" \/>\n<meta property=\"og:locale\" content=\"es_ES\" \/>\n<meta property=\"og:type\" content=\"article\" \/>\n<meta property=\"og:title\" content=\"Un equipo de investigaci\u00f3n de la FICA y del INTA determin\u00f3 la adaptabilidad del algod\u00f3n en la zona agr\u00edcola del Valle de Conlara - Facultad de Ingenier\u00eda y Ciencias Agropecuarias\" \/>\n<meta property=\"og:description\" content=\"En un rinc\u00f3n del noreste de San Luis, el Valle de Conlara, un grupo de investigadores del INTA y de la FICA &#8211; UNSL ha&hellip;\" \/>\n<meta property=\"og:url\" content=\"https:\/\/www.fica.unsl.edu.ar\/index.php\/se-determino-la-adaptabilidad-del-algodon-a-la-zona-agricola-del-valle-de-conlara\/\" \/>\n<meta property=\"og:site_name\" content=\"Facultad de Ingenier\u00eda y Ciencias Agropecuarias\" \/>\n<meta property=\"article:publisher\" content=\"https:\/\/www.facebook.com\/FICA.UNSL\/\" \/>\n<meta property=\"article:published_time\" content=\"2024-07-15T13:49:13+00:00\" \/>\n<meta property=\"article:modified_time\" content=\"2024-07-25T14:01:56+00:00\" \/>\n<meta property=\"og:image\" content=\"https:\/\/www.fica.unsl.edu.ar\/wp-content\/uploads\/2024\/06\/algodon-front.jpg\" \/>\n\t<meta property=\"og:image:width\" content=\"1061\" \/>\n\t<meta property=\"og:image:height\" content=\"585\" \/>\n\t<meta property=\"og:image:type\" content=\"image\/jpeg\" \/>\n<meta name=\"author\" content=\"DATI\" \/>\n<meta name=\"twitter:card\" content=\"summary_large_image\" \/>\n<meta name=\"twitter:creator\" content=\"@FICAUNSL\" \/>\n<meta name=\"twitter:site\" content=\"@FICAUNSL\" \/>\n<meta name=\"twitter:label1\" content=\"Escrito por\" \/>\n\t<meta name=\"twitter:data1\" content=\"DATI\" \/>\n\t<meta name=\"twitter:label2\" content=\"Tiempo de lectura\" \/>\n\t<meta name=\"twitter:data2\" content=\"4 minutos\" \/>\n<script type=\"application\/ld+json\" class=\"yoast-schema-graph\">{\"@context\":\"https:\\\/\\\/schema.org\",\"@graph\":[{\"@type\":\"Article\",\"@id\":\"https:\\\/\\\/www.fica.unsl.edu.ar\\\/index.php\\\/se-determino-la-adaptabilidad-del-algodon-a-la-zona-agricola-del-valle-de-conlara\\\/#article\",\"isPartOf\":{\"@id\":\"https:\\\/\\\/www.fica.unsl.edu.ar\\\/index.php\\\/se-determino-la-adaptabilidad-del-algodon-a-la-zona-agricola-del-valle-de-conlara\\\/\"},\"author\":{\"name\":\"DATI\",\"@id\":\"https:\\\/\\\/www.fica.unsl.edu.ar\\\/#\\\/schema\\\/person\\\/6058f9c66301868d3a691b1f5d6c3544\"},\"headline\":\"Un equipo de investigaci\u00f3n de la FICA y del INTA determin\u00f3 la adaptabilidad del algod\u00f3n en la zona agr\u00edcola del Valle de Conlara\",\"datePublished\":\"2024-07-15T13:49:13+00:00\",\"dateModified\":\"2024-07-25T14:01:56+00:00\",\"mainEntityOfPage\":{\"@id\":\"https:\\\/\\\/www.fica.unsl.edu.ar\\\/index.php\\\/se-determino-la-adaptabilidad-del-algodon-a-la-zona-agricola-del-valle-de-conlara\\\/\"},\"wordCount\":838,\"publisher\":{\"@id\":\"https:\\\/\\\/www.fica.unsl.edu.ar\\\/#organization\"},\"image\":{\"@id\":\"https:\\\/\\\/www.fica.unsl.edu.ar\\\/index.php\\\/se-determino-la-adaptabilidad-del-algodon-a-la-zona-agricola-del-valle-de-conlara\\\/#primaryimage\"},\"thumbnailUrl\":\"https:\\\/\\\/www.fica.unsl.edu.ar\\\/wp-content\\\/uploads\\\/2024\\\/06\\\/algodon-front.jpg\",\"articleSection\":[\"Noticias\"],\"inLanguage\":\"es-AR\"},{\"@type\":\"WebPage\",\"@id\":\"https:\\\/\\\/www.fica.unsl.edu.ar\\\/index.php\\\/se-determino-la-adaptabilidad-del-algodon-a-la-zona-agricola-del-valle-de-conlara\\\/\",\"url\":\"https:\\\/\\\/www.fica.unsl.edu.ar\\\/index.php\\\/se-determino-la-adaptabilidad-del-algodon-a-la-zona-agricola-del-valle-de-conlara\\\/\",\"name\":\"Un equipo de investigaci\u00f3n de la FICA y del INTA determin\u00f3 la adaptabilidad del algod\u00f3n en la zona agr\u00edcola del Valle de Conlara - Facultad de Ingenier\u00eda y Ciencias Agropecuarias\",\"isPartOf\":{\"@id\":\"https:\\\/\\\/www.fica.unsl.edu.ar\\\/#website\"},\"primaryImageOfPage\":{\"@id\":\"https:\\\/\\\/www.fica.unsl.edu.ar\\\/index.php\\\/se-determino-la-adaptabilidad-del-algodon-a-la-zona-agricola-del-valle-de-conlara\\\/#primaryimage\"},\"image\":{\"@id\":\"https:\\\/\\\/www.fica.unsl.edu.ar\\\/index.php\\\/se-determino-la-adaptabilidad-del-algodon-a-la-zona-agricola-del-valle-de-conlara\\\/#primaryimage\"},\"thumbnailUrl\":\"https:\\\/\\\/www.fica.unsl.edu.ar\\\/wp-content\\\/uploads\\\/2024\\\/06\\\/algodon-front.jpg\",\"datePublished\":\"2024-07-15T13:49:13+00:00\",\"dateModified\":\"2024-07-25T14:01:56+00:00\",\"inLanguage\":\"es-AR\",\"potentialAction\":[{\"@type\":\"ReadAction\",\"target\":[\"https:\\\/\\\/www.fica.unsl.edu.ar\\\/index.php\\\/se-determino-la-adaptabilidad-del-algodon-a-la-zona-agricola-del-valle-de-conlara\\\/\"]}]},{\"@type\":\"ImageObject\",\"inLanguage\":\"es-AR\",\"@id\":\"https:\\\/\\\/www.fica.unsl.edu.ar\\\/index.php\\\/se-determino-la-adaptabilidad-del-algodon-a-la-zona-agricola-del-valle-de-conlara\\\/#primaryimage\",\"url\":\"https:\\\/\\\/www.fica.unsl.edu.ar\\\/wp-content\\\/uploads\\\/2024\\\/06\\\/algodon-front.jpg\",\"contentUrl\":\"https:\\\/\\\/www.fica.unsl.edu.ar\\\/wp-content\\\/uploads\\\/2024\\\/06\\\/algodon-front.jpg\",\"width\":1061,\"height\":585},{\"@type\":\"WebSite\",\"@id\":\"https:\\\/\\\/www.fica.unsl.edu.ar\\\/#website\",\"url\":\"https:\\\/\\\/www.fica.unsl.edu.ar\\\/\",\"name\":\"Facultad de Ingenier\u00eda y Ciencias Agropecuarias\",\"description\":\"\",\"publisher\":{\"@id\":\"https:\\\/\\\/www.fica.unsl.edu.ar\\\/#organization\"},\"potentialAction\":[{\"@type\":\"SearchAction\",\"target\":{\"@type\":\"EntryPoint\",\"urlTemplate\":\"https:\\\/\\\/www.fica.unsl.edu.ar\\\/?s={search_term_string}\"},\"query-input\":{\"@type\":\"PropertyValueSpecification\",\"valueRequired\":true,\"valueName\":\"search_term_string\"}}],\"inLanguage\":\"es-AR\"},{\"@type\":\"Organization\",\"@id\":\"https:\\\/\\\/www.fica.unsl.edu.ar\\\/#organization\",\"name\":\"Facultad de Ingenier\u00eda y Ciencias Agropecuarias\",\"url\":\"https:\\\/\\\/www.fica.unsl.edu.ar\\\/\",\"logo\":{\"@type\":\"ImageObject\",\"inLanguage\":\"es-AR\",\"@id\":\"https:\\\/\\\/www.fica.unsl.edu.ar\\\/#\\\/schema\\\/logo\\\/image\\\/\",\"url\":\"https:\\\/\\\/www.fica.unsl.edu.ar\\\/wp-content\\\/uploads\\\/2021\\\/03\\\/LOGO-1.jpg\",\"contentUrl\":\"https:\\\/\\\/www.fica.unsl.edu.ar\\\/wp-content\\\/uploads\\\/2021\\\/03\\\/LOGO-1.jpg\",\"width\":463,\"height\":145,\"caption\":\"Facultad de Ingenier\u00eda y Ciencias Agropecuarias\"},\"image\":{\"@id\":\"https:\\\/\\\/www.fica.unsl.edu.ar\\\/#\\\/schema\\\/logo\\\/image\\\/\"},\"sameAs\":[\"https:\\\/\\\/www.facebook.com\\\/FICA.UNSL\\\/\",\"https:\\\/\\\/x.com\\\/FICAUNSL\",\"https:\\\/\\\/www.instagram.com\\\/fica.unsl\\\/\",\"https:\\\/\\\/www.youtube.com\\\/channel\\\/UCs2MM53gb2PyBrMySdtWZDQ\"]},{\"@type\":\"Person\",\"@id\":\"https:\\\/\\\/www.fica.unsl.edu.ar\\\/#\\\/schema\\\/person\\\/6058f9c66301868d3a691b1f5d6c3544\",\"name\":\"DATI\"}]}<\/script>\n<!-- \/ Yoast SEO plugin. -->","yoast_head_json":{"title":"Un equipo de investigaci\u00f3n de la FICA y del INTA determin\u00f3 la adaptabilidad del algod\u00f3n en la zona agr\u00edcola del Valle de Conlara - Facultad de Ingenier\u00eda y Ciencias Agropecuarias","robots":{"index":"index","follow":"follow","max-snippet":"max-snippet:-1","max-image-preview":"max-image-preview:large","max-video-preview":"max-video-preview:-1"},"canonical":"https:\/\/www.fica.unsl.edu.ar\/index.php\/se-determino-la-adaptabilidad-del-algodon-a-la-zona-agricola-del-valle-de-conlara\/","og_locale":"es_ES","og_type":"article","og_title":"Un equipo de investigaci\u00f3n de la FICA y del INTA determin\u00f3 la adaptabilidad del algod\u00f3n en la zona agr\u00edcola del Valle de Conlara - Facultad de Ingenier\u00eda y Ciencias Agropecuarias","og_description":"En un rinc\u00f3n del noreste de San Luis, el Valle de Conlara, un grupo de investigadores del INTA y de la FICA &#8211; UNSL ha&hellip;","og_url":"https:\/\/www.fica.unsl.edu.ar\/index.php\/se-determino-la-adaptabilidad-del-algodon-a-la-zona-agricola-del-valle-de-conlara\/","og_site_name":"Facultad de Ingenier\u00eda y Ciencias Agropecuarias","article_publisher":"https:\/\/www.facebook.com\/FICA.UNSL\/","article_published_time":"2024-07-15T13:49:13+00:00","article_modified_time":"2024-07-25T14:01:56+00:00","og_image":[{"width":1061,"height":585,"url":"https:\/\/www.fica.unsl.edu.ar\/wp-content\/uploads\/2024\/06\/algodon-front.jpg","type":"image\/jpeg"}],"author":"DATI","twitter_card":"summary_large_image","twitter_creator":"@FICAUNSL","twitter_site":"@FICAUNSL","twitter_misc":{"Escrito por":"DATI","Tiempo de lectura":"4 minutos"},"schema":{"@context":"https:\/\/schema.org","@graph":[{"@type":"Article","@id":"https:\/\/www.fica.unsl.edu.ar\/index.php\/se-determino-la-adaptabilidad-del-algodon-a-la-zona-agricola-del-valle-de-conlara\/#article","isPartOf":{"@id":"https:\/\/www.fica.unsl.edu.ar\/index.php\/se-determino-la-adaptabilidad-del-algodon-a-la-zona-agricola-del-valle-de-conlara\/"},"author":{"name":"DATI","@id":"https:\/\/www.fica.unsl.edu.ar\/#\/schema\/person\/6058f9c66301868d3a691b1f5d6c3544"},"headline":"Un equipo de investigaci\u00f3n de la FICA y del INTA determin\u00f3 la adaptabilidad del algod\u00f3n en la zona agr\u00edcola del Valle de Conlara","datePublished":"2024-07-15T13:49:13+00:00","dateModified":"2024-07-25T14:01:56+00:00","mainEntityOfPage":{"@id":"https:\/\/www.fica.unsl.edu.ar\/index.php\/se-determino-la-adaptabilidad-del-algodon-a-la-zona-agricola-del-valle-de-conlara\/"},"wordCount":838,"publisher":{"@id":"https:\/\/www.fica.unsl.edu.ar\/#organization"},"image":{"@id":"https:\/\/www.fica.unsl.edu.ar\/index.php\/se-determino-la-adaptabilidad-del-algodon-a-la-zona-agricola-del-valle-de-conlara\/#primaryimage"},"thumbnailUrl":"https:\/\/www.fica.unsl.edu.ar\/wp-content\/uploads\/2024\/06\/algodon-front.jpg","articleSection":["Noticias"],"inLanguage":"es-AR"},{"@type":"WebPage","@id":"https:\/\/www.fica.unsl.edu.ar\/index.php\/se-determino-la-adaptabilidad-del-algodon-a-la-zona-agricola-del-valle-de-conlara\/","url":"https:\/\/www.fica.unsl.edu.ar\/index.php\/se-determino-la-adaptabilidad-del-algodon-a-la-zona-agricola-del-valle-de-conlara\/","name":"Un equipo de investigaci\u00f3n de la FICA y del INTA determin\u00f3 la adaptabilidad del algod\u00f3n en la zona agr\u00edcola del Valle de Conlara - Facultad de Ingenier\u00eda y Ciencias Agropecuarias","isPartOf":{"@id":"https:\/\/www.fica.unsl.edu.ar\/#website"},"primaryImageOfPage":{"@id":"https:\/\/www.fica.unsl.edu.ar\/index.php\/se-determino-la-adaptabilidad-del-algodon-a-la-zona-agricola-del-valle-de-conlara\/#primaryimage"},"image":{"@id":"https:\/\/www.fica.unsl.edu.ar\/index.php\/se-determino-la-adaptabilidad-del-algodon-a-la-zona-agricola-del-valle-de-conlara\/#primaryimage"},"thumbnailUrl":"https:\/\/www.fica.unsl.edu.ar\/wp-content\/uploads\/2024\/06\/algodon-front.jpg","datePublished":"2024-07-15T13:49:13+00:00","dateModified":"2024-07-25T14:01:56+00:00","inLanguage":"es-AR","potentialAction":[{"@type":"ReadAction","target":["https:\/\/www.fica.unsl.edu.ar\/index.php\/se-determino-la-adaptabilidad-del-algodon-a-la-zona-agricola-del-valle-de-conlara\/"]}]},{"@type":"ImageObject","inLanguage":"es-AR","@id":"https:\/\/www.fica.unsl.edu.ar\/index.php\/se-determino-la-adaptabilidad-del-algodon-a-la-zona-agricola-del-valle-de-conlara\/#primaryimage","url":"https:\/\/www.fica.unsl.edu.ar\/wp-content\/uploads\/2024\/06\/algodon-front.jpg","contentUrl":"https:\/\/www.fica.unsl.edu.ar\/wp-content\/uploads\/2024\/06\/algodon-front.jpg","width":1061,"height":585},{"@type":"WebSite","@id":"https:\/\/www.fica.unsl.edu.ar\/#website","url":"https:\/\/www.fica.unsl.edu.ar\/","name":"Facultad de Ingenier\u00eda y Ciencias Agropecuarias","description":"","publisher":{"@id":"https:\/\/www.fica.unsl.edu.ar\/#organization"},"potentialAction":[{"@type":"SearchAction","target":{"@type":"EntryPoint","urlTemplate":"https:\/\/www.fica.unsl.edu.ar\/?s={search_term_string}"},"query-input":{"@type":"PropertyValueSpecification","valueRequired":true,"valueName":"search_term_string"}}],"inLanguage":"es-AR"},{"@type":"Organization","@id":"https:\/\/www.fica.unsl.edu.ar\/#organization","name":"Facultad de Ingenier\u00eda y Ciencias Agropecuarias","url":"https:\/\/www.fica.unsl.edu.ar\/","logo":{"@type":"ImageObject","inLanguage":"es-AR","@id":"https:\/\/www.fica.unsl.edu.ar\/#\/schema\/logo\/image\/","url":"https:\/\/www.fica.unsl.edu.ar\/wp-content\/uploads\/2021\/03\/LOGO-1.jpg","contentUrl":"https:\/\/www.fica.unsl.edu.ar\/wp-content\/uploads\/2021\/03\/LOGO-1.jpg","width":463,"height":145,"caption":"Facultad de Ingenier\u00eda y Ciencias Agropecuarias"},"image":{"@id":"https:\/\/www.fica.unsl.edu.ar\/#\/schema\/logo\/image\/"},"sameAs":["https:\/\/www.facebook.com\/FICA.UNSL\/","https:\/\/x.com\/FICAUNSL","https:\/\/www.instagram.com\/fica.unsl\/","https:\/\/www.youtube.com\/channel\/UCs2MM53gb2PyBrMySdtWZDQ"]},{"@type":"Person","@id":"https:\/\/www.fica.unsl.edu.ar\/#\/schema\/person\/6058f9c66301868d3a691b1f5d6c3544","name":"DATI"}]}},"_links":{"self":[{"href":"https:\/\/www.fica.unsl.edu.ar\/index.php\/wp-json\/wp\/v2\/posts\/17384","targetHints":{"allow":["GET"]}}],"collection":[{"href":"https:\/\/www.fica.unsl.edu.ar\/index.php\/wp-json\/wp\/v2\/posts"}],"about":[{"href":"https:\/\/www.fica.unsl.edu.ar\/index.php\/wp-json\/wp\/v2\/types\/post"}],"author":[{"embeddable":true,"href":"https:\/\/www.fica.unsl.edu.ar\/index.php\/wp-json\/wp\/v2\/users\/9"}],"replies":[{"embeddable":true,"href":"https:\/\/www.fica.unsl.edu.ar\/index.php\/wp-json\/wp\/v2\/comments?post=17384"}],"version-history":[{"count":5,"href":"https:\/\/www.fica.unsl.edu.ar\/index.php\/wp-json\/wp\/v2\/posts\/17384\/revisions"}],"predecessor-version":[{"id":17391,"href":"https:\/\/www.fica.unsl.edu.ar\/index.php\/wp-json\/wp\/v2\/posts\/17384\/revisions\/17391"}],"wp:featuredmedia":[{"embeddable":true,"href":"https:\/\/www.fica.unsl.edu.ar\/index.php\/wp-json\/wp\/v2\/media\/17385"}],"wp:attachment":[{"href":"https:\/\/www.fica.unsl.edu.ar\/index.php\/wp-json\/wp\/v2\/media?parent=17384"}],"wp:term":[{"taxonomy":"category","embeddable":true,"href":"https:\/\/www.fica.unsl.edu.ar\/index.php\/wp-json\/wp\/v2\/categories?post=17384"},{"taxonomy":"post_tag","embeddable":true,"href":"https:\/\/www.fica.unsl.edu.ar\/index.php\/wp-json\/wp\/v2\/tags?post=17384"}],"curies":[{"name":"wp","href":"https:\/\/api.w.org\/{rel}","templated":true}]}}