{"id":17408,"date":"2024-07-16T12:21:04","date_gmt":"2024-07-16T15:21:04","guid":{"rendered":"http:\/\/10.101.10.196\/www\/?p=17408"},"modified":"2024-07-30T12:31:30","modified_gmt":"2024-07-30T15:31:30","slug":"3-cohorte-de-la-diplomatura-en-gestion-de-competencias-interpersonales","status":"publish","type":"post","link":"https:\/\/www.fica.unsl.edu.ar\/index.php\/3-cohorte-de-la-diplomatura-en-gestion-de-competencias-interpersonales\/","title":{"rendered":"Se abri\u00f3 la preinscripci\u00f3n de la 3\u00b0 Cohorte de la Diplomatura en Gesti\u00f3n de Competencias Interpersonales"},"content":{"rendered":"<p>La Facultad de Ingenier\u00eda y Ciencias Agropecuarias (FICA) informa que se encuentra abierta la <strong>preinscripci\u00f3n de la 3\u00b0 Cohorte de la Diplomatura en Gesti\u00f3n de Competencias Interpersonales<\/strong> [Ordenanza C.S. N\u00b0 21\/2020], que dar\u00e1 inicio en <strong>agosto de 2024<\/strong>.<\/p>\n<p>&nbsp;<\/p>\n<h3 style=\"text-align: center;\"><span style=\"color: #0000ff;\"><a style=\"color: #0000ff;\" href=\"https:\/\/forms.gle\/VEY1GD1DhSKZXMdJA\" target=\"_blank\" rel=\"noopener\">FORMULARIO DE PREINSCRIPCI\u00d3N<\/a><\/span><\/h3>\n<p>&nbsp;<\/p>\n<p>Este trayecto acad\u00e9mico es orientado a profesionales y\/o graduados universitarios de distintas disciplinas que quieran perfeccionar sus habilidades interpersonales de comunicaci\u00f3n, y a estudiantes avanzados de todas las carreras de la FICA y p\u00fablico en general.<\/p>\n<p>Tiene como finalidad desarrollar competencias interpersonales que contribuyan al desempe\u00f1o profesional, generando mayores oportunidades de empleo, e incrementando la efectividad en el \u00e1mbito de trabajo organizacional.<\/p>\n<h3><strong>Estructura<\/strong><\/h3>\n<p>La diplomatura estar\u00e1 estructurada en siete M\u00f3dulos, cada uno con evaluaci\u00f3n Individual.<\/p>\n<ul>\n<li>M\u00f3dulo 1. La inteligencia emocional en las organizaciones<\/li>\n<li>M\u00f3dulo 2. Comunicaci\u00f3n efectiva<\/li>\n<li>M\u00f3dulo 3: Motivaci\u00f3n y automotivaci\u00f3n<\/li>\n<li>M\u00f3dulo 4: Desarrollo tecnol\u00f3gico Exponencial y Neuroliderazgo<\/li>\n<li>M\u00f3dulo 5: Liderazgo<\/li>\n<li>M\u00f3dulo 5: Trabajo en equipo<\/li>\n<li>M\u00f3dulo 6: Creatividad e innovaci\u00f3n<\/li>\n<li>M\u00f3dulo 7: El mercado laboral actual<\/li>\n<\/ul>\n<h3><strong>Reconocimiento como materias Electivas<\/strong><\/h3>\n<p>Se reconocer\u00e1n m\u00f3dulos como materias electivas a estudiantes de carreras de FICA. [Resoluci\u00f3n D. N\u00b0 480\/2022]<\/p>\n<h3><strong>M\u00f3dulos Optativos<\/strong><\/h3>\n<p>Se prev\u00e9 incorporar\/alternar con diferentes m\u00f3dulos optativos que se adapten y den respuesta a las necesidades y\/o requerimientos del mercado laboral y\/o de los posibles interesados y que est\u00e9n en relaci\u00f3n con Gesti\u00f3n de Competencias Interpersonales.<\/p>\n<h3><strong>Carga horaria<\/strong><\/h3>\n<ul>\n<li>25 horas reloj por m\u00f3dulo.<\/li>\n<li>175 horas reloj total diplomatura.<\/li>\n<\/ul>\n<p>&nbsp;<\/p>\n<h3><strong>Modalidad de dictado<\/strong><\/h3>\n<p>Modalidad H\u00edbrida, con posibilidad de realizaci\u00f3n de actividades enteramente virtuales.<\/p>\n<p>Los encuentros presenciales \u00e9stos tendr\u00e1n lugar en el Campus Universitario de FICA, en espacio f\u00edsico a determinar. Estos encuentros contar\u00e1n tambi\u00e9n con modalidad online sincr\u00f3nica para estudiantes no residentes en la Ciudad.<\/p>\n<p>Las actividades virtuales se realizar\u00e1n utilizando los recursos de digitales con los que cuenta la Universidad Nacional de San Luis, Zoom, o Google Meet.<\/p>\n<p>Se contar\u00e1 adem\u00e1s con un Aula virtual, en entorno Moodle, donde se dispondr\u00e1 del material para los alumnos, comunicaciones, consultas, etc.<\/p>\n<h3><strong>Cronograma de cursado<\/strong><\/h3>\n<ul>\n<li>El cursado comenzar\u00e1 en agosto 2024, en fecha a comunicar.<\/li>\n<li>Los encuentros tendr\u00e1n lugar los d\u00edas viernes de 18 a 21 hs.<\/li>\n<\/ul>\n<p>Existir\u00e1n cupos de becas para estudiantes avanzados de las carreras de Ingenier\u00eda de FICA. Para acceder a la beca, los estudiantes interesados deber\u00e1n subir un anal\u00edtico actualizado en el Formulario de Inscripci\u00f3n.<\/p>\n<p>Los m\u00f3dulos de la Diplomatura podr\u00e1n ser reconocidos como materias electivas de las carreras de Ingenier\u00eda de la Facultad de Ingenier\u00eda y Ciencias Agropecuarias (FICA-UNSL), seg\u00fan resoluci\u00f3n RD14 &#8211; 480 \/ 2022.<\/p>\n","protected":false},"excerpt":{"rendered":"<p>La Facultad de Ingenier\u00eda y Ciencias Agropecuarias (FICA) informa que se encuentra abierta la preinscripci\u00f3n de la 3\u00b0 Cohorte de la Diplomatura en Gesti\u00f3n de&hellip;<\/p>\n","protected":false},"author":9,"featured_media":12862,"comment_status":"closed","ping_status":"closed","sticky":false,"template":"","format":"standard","meta":{"_monsterinsights_skip_tracking":false,"_monsterinsights_sitenote_active":false,"_monsterinsights_sitenote_note":"","_monsterinsights_sitenote_category":0,"_joinchat":[],"footnotes":""},"categories":[19],"tags":[],"class_list":["post-17408","post","type-post","status-publish","format-standard","has-post-thumbnail","hentry","category-noticias"],"yoast_head":"<!-- This site is optimized with the Yoast SEO plugin v27.4 - https:\/\/yoast.com\/product\/yoast-seo-wordpress\/ -->\n<title>Se abri\u00f3 la preinscripci\u00f3n de la 3\u00b0 Cohorte de la Diplomatura en Gesti\u00f3n de Competencias Interpersonales - Facultad de Ingenier\u00eda y Ciencias Agropecuarias<\/title>\n<meta name=\"robots\" content=\"index, follow, max-snippet:-1, max-image-preview:large, max-video-preview:-1\" \/>\n<link rel=\"canonical\" href=\"https:\/\/www.fica.unsl.edu.ar\/index.php\/3-cohorte-de-la-diplomatura-en-gestion-de-competencias-interpersonales\/\" \/>\n<meta property=\"og:locale\" content=\"es_ES\" \/>\n<meta property=\"og:type\" content=\"article\" \/>\n<meta property=\"og:title\" content=\"Se abri\u00f3 la preinscripci\u00f3n de la 3\u00b0 Cohorte de la Diplomatura en Gesti\u00f3n de Competencias Interpersonales - Facultad de Ingenier\u00eda y Ciencias Agropecuarias\" \/>\n<meta property=\"og:description\" content=\"La Facultad de Ingenier\u00eda y Ciencias Agropecuarias (FICA) informa que se encuentra abierta la preinscripci\u00f3n de la 3\u00b0 Cohorte de la Diplomatura en Gesti\u00f3n de&hellip;\" \/>\n<meta property=\"og:url\" content=\"https:\/\/www.fica.unsl.edu.ar\/index.php\/3-cohorte-de-la-diplomatura-en-gestion-de-competencias-interpersonales\/\" \/>\n<meta property=\"og:site_name\" content=\"Facultad de Ingenier\u00eda y Ciencias Agropecuarias\" \/>\n<meta property=\"article:publisher\" content=\"https:\/\/www.facebook.com\/FICA.UNSL\/\" \/>\n<meta property=\"article:published_time\" content=\"2024-07-16T15:21:04+00:00\" \/>\n<meta property=\"article:modified_time\" content=\"2024-07-30T15:31:30+00:00\" \/>\n<meta property=\"og:image\" content=\"https:\/\/www.fica.unsl.edu.ar\/wp-content\/uploads\/2023\/04\/DIPLOMATURA-EN-GESTION-DE-COMPETENCIAS-INTERPERSONALES.jpg\" \/>\n\t<meta property=\"og:image:width\" content=\"1061\" \/>\n\t<meta property=\"og:image:height\" content=\"585\" \/>\n\t<meta property=\"og:image:type\" content=\"image\/jpeg\" \/>\n<meta name=\"author\" content=\"DATI\" \/>\n<meta name=\"twitter:card\" content=\"summary_large_image\" \/>\n<meta name=\"twitter:creator\" content=\"@FICAUNSL\" \/>\n<meta name=\"twitter:site\" content=\"@FICAUNSL\" \/>\n<meta name=\"twitter:label1\" content=\"Escrito por\" \/>\n\t<meta name=\"twitter:data1\" content=\"DATI\" \/>\n\t<meta name=\"twitter:label2\" content=\"Tiempo de lectura\" \/>\n\t<meta name=\"twitter:data2\" content=\"3 minutos\" \/>\n<script type=\"application\/ld+json\" class=\"yoast-schema-graph\">{\"@context\":\"https:\\\/\\\/schema.org\",\"@graph\":[{\"@type\":\"Article\",\"@id\":\"https:\\\/\\\/www.fica.unsl.edu.ar\\\/index.php\\\/3-cohorte-de-la-diplomatura-en-gestion-de-competencias-interpersonales\\\/#article\",\"isPartOf\":{\"@id\":\"https:\\\/\\\/www.fica.unsl.edu.ar\\\/index.php\\\/3-cohorte-de-la-diplomatura-en-gestion-de-competencias-interpersonales\\\/\"},\"author\":{\"name\":\"DATI\",\"@id\":\"https:\\\/\\\/www.fica.unsl.edu.ar\\\/#\\\/schema\\\/person\\\/6058f9c66301868d3a691b1f5d6c3544\"},\"headline\":\"Se abri\u00f3 la preinscripci\u00f3n de la 3\u00b0 Cohorte de la Diplomatura en Gesti\u00f3n de Competencias Interpersonales\",\"datePublished\":\"2024-07-16T15:21:04+00:00\",\"dateModified\":\"2024-07-30T15:31:30+00:00\",\"mainEntityOfPage\":{\"@id\":\"https:\\\/\\\/www.fica.unsl.edu.ar\\\/index.php\\\/3-cohorte-de-la-diplomatura-en-gestion-de-competencias-interpersonales\\\/\"},\"wordCount\":467,\"publisher\":{\"@id\":\"https:\\\/\\\/www.fica.unsl.edu.ar\\\/#organization\"},\"image\":{\"@id\":\"https:\\\/\\\/www.fica.unsl.edu.ar\\\/index.php\\\/3-cohorte-de-la-diplomatura-en-gestion-de-competencias-interpersonales\\\/#primaryimage\"},\"thumbnailUrl\":\"https:\\\/\\\/www.fica.unsl.edu.ar\\\/wp-content\\\/uploads\\\/2023\\\/04\\\/DIPLOMATURA-EN-GESTION-DE-COMPETENCIAS-INTERPERSONALES.jpg\",\"articleSection\":[\"Noticias\"],\"inLanguage\":\"es-AR\"},{\"@type\":\"WebPage\",\"@id\":\"https:\\\/\\\/www.fica.unsl.edu.ar\\\/index.php\\\/3-cohorte-de-la-diplomatura-en-gestion-de-competencias-interpersonales\\\/\",\"url\":\"https:\\\/\\\/www.fica.unsl.edu.ar\\\/index.php\\\/3-cohorte-de-la-diplomatura-en-gestion-de-competencias-interpersonales\\\/\",\"name\":\"Se abri\u00f3 la preinscripci\u00f3n de la 3\u00b0 Cohorte de la Diplomatura en Gesti\u00f3n de Competencias Interpersonales - Facultad de Ingenier\u00eda y Ciencias Agropecuarias\",\"isPartOf\":{\"@id\":\"https:\\\/\\\/www.fica.unsl.edu.ar\\\/#website\"},\"primaryImageOfPage\":{\"@id\":\"https:\\\/\\\/www.fica.unsl.edu.ar\\\/index.php\\\/3-cohorte-de-la-diplomatura-en-gestion-de-competencias-interpersonales\\\/#primaryimage\"},\"image\":{\"@id\":\"https:\\\/\\\/www.fica.unsl.edu.ar\\\/index.php\\\/3-cohorte-de-la-diplomatura-en-gestion-de-competencias-interpersonales\\\/#primaryimage\"},\"thumbnailUrl\":\"https:\\\/\\\/www.fica.unsl.edu.ar\\\/wp-content\\\/uploads\\\/2023\\\/04\\\/DIPLOMATURA-EN-GESTION-DE-COMPETENCIAS-INTERPERSONALES.jpg\",\"datePublished\":\"2024-07-16T15:21:04+00:00\",\"dateModified\":\"2024-07-30T15:31:30+00:00\",\"inLanguage\":\"es-AR\",\"potentialAction\":[{\"@type\":\"ReadAction\",\"target\":[\"https:\\\/\\\/www.fica.unsl.edu.ar\\\/index.php\\\/3-cohorte-de-la-diplomatura-en-gestion-de-competencias-interpersonales\\\/\"]}]},{\"@type\":\"ImageObject\",\"inLanguage\":\"es-AR\",\"@id\":\"https:\\\/\\\/www.fica.unsl.edu.ar\\\/index.php\\\/3-cohorte-de-la-diplomatura-en-gestion-de-competencias-interpersonales\\\/#primaryimage\",\"url\":\"https:\\\/\\\/www.fica.unsl.edu.ar\\\/wp-content\\\/uploads\\\/2023\\\/04\\\/DIPLOMATURA-EN-GESTION-DE-COMPETENCIAS-INTERPERSONALES.jpg\",\"contentUrl\":\"https:\\\/\\\/www.fica.unsl.edu.ar\\\/wp-content\\\/uploads\\\/2023\\\/04\\\/DIPLOMATURA-EN-GESTION-DE-COMPETENCIAS-INTERPERSONALES.jpg\",\"width\":1061,\"height\":585},{\"@type\":\"WebSite\",\"@id\":\"https:\\\/\\\/www.fica.unsl.edu.ar\\\/#website\",\"url\":\"https:\\\/\\\/www.fica.unsl.edu.ar\\\/\",\"name\":\"Facultad de Ingenier\u00eda y Ciencias Agropecuarias\",\"description\":\"\",\"publisher\":{\"@id\":\"https:\\\/\\\/www.fica.unsl.edu.ar\\\/#organization\"},\"potentialAction\":[{\"@type\":\"SearchAction\",\"target\":{\"@type\":\"EntryPoint\",\"urlTemplate\":\"https:\\\/\\\/www.fica.unsl.edu.ar\\\/?s={search_term_string}\"},\"query-input\":{\"@type\":\"PropertyValueSpecification\",\"valueRequired\":true,\"valueName\":\"search_term_string\"}}],\"inLanguage\":\"es-AR\"},{\"@type\":\"Organization\",\"@id\":\"https:\\\/\\\/www.fica.unsl.edu.ar\\\/#organization\",\"name\":\"Facultad de Ingenier\u00eda y Ciencias Agropecuarias\",\"url\":\"https:\\\/\\\/www.fica.unsl.edu.ar\\\/\",\"logo\":{\"@type\":\"ImageObject\",\"inLanguage\":\"es-AR\",\"@id\":\"https:\\\/\\\/www.fica.unsl.edu.ar\\\/#\\\/schema\\\/logo\\\/image\\\/\",\"url\":\"https:\\\/\\\/www.fica.unsl.edu.ar\\\/wp-content\\\/uploads\\\/2021\\\/03\\\/LOGO-1.jpg\",\"contentUrl\":\"https:\\\/\\\/www.fica.unsl.edu.ar\\\/wp-content\\\/uploads\\\/2021\\\/03\\\/LOGO-1.jpg\",\"width\":463,\"height\":145,\"caption\":\"Facultad de Ingenier\u00eda y Ciencias Agropecuarias\"},\"image\":{\"@id\":\"https:\\\/\\\/www.fica.unsl.edu.ar\\\/#\\\/schema\\\/logo\\\/image\\\/\"},\"sameAs\":[\"https:\\\/\\\/www.facebook.com\\\/FICA.UNSL\\\/\",\"https:\\\/\\\/x.com\\\/FICAUNSL\",\"https:\\\/\\\/www.instagram.com\\\/fica.unsl\\\/\",\"https:\\\/\\\/www.youtube.com\\\/channel\\\/UCs2MM53gb2PyBrMySdtWZDQ\"]},{\"@type\":\"Person\",\"@id\":\"https:\\\/\\\/www.fica.unsl.edu.ar\\\/#\\\/schema\\\/person\\\/6058f9c66301868d3a691b1f5d6c3544\",\"name\":\"DATI\"}]}<\/script>\n<!-- \/ Yoast SEO plugin. -->","yoast_head_json":{"title":"Se abri\u00f3 la preinscripci\u00f3n de la 3\u00b0 Cohorte de la Diplomatura en Gesti\u00f3n de Competencias Interpersonales - Facultad de Ingenier\u00eda y Ciencias Agropecuarias","robots":{"index":"index","follow":"follow","max-snippet":"max-snippet:-1","max-image-preview":"max-image-preview:large","max-video-preview":"max-video-preview:-1"},"canonical":"https:\/\/www.fica.unsl.edu.ar\/index.php\/3-cohorte-de-la-diplomatura-en-gestion-de-competencias-interpersonales\/","og_locale":"es_ES","og_type":"article","og_title":"Se abri\u00f3 la preinscripci\u00f3n de la 3\u00b0 Cohorte de la Diplomatura en Gesti\u00f3n de Competencias Interpersonales - Facultad de Ingenier\u00eda y Ciencias Agropecuarias","og_description":"La Facultad de Ingenier\u00eda y Ciencias Agropecuarias (FICA) informa que se encuentra abierta la preinscripci\u00f3n de la 3\u00b0 Cohorte de la Diplomatura en Gesti\u00f3n de&hellip;","og_url":"https:\/\/www.fica.unsl.edu.ar\/index.php\/3-cohorte-de-la-diplomatura-en-gestion-de-competencias-interpersonales\/","og_site_name":"Facultad de Ingenier\u00eda y Ciencias Agropecuarias","article_publisher":"https:\/\/www.facebook.com\/FICA.UNSL\/","article_published_time":"2024-07-16T15:21:04+00:00","article_modified_time":"2024-07-30T15:31:30+00:00","og_image":[{"width":1061,"height":585,"url":"https:\/\/www.fica.unsl.edu.ar\/wp-content\/uploads\/2023\/04\/DIPLOMATURA-EN-GESTION-DE-COMPETENCIAS-INTERPERSONALES.jpg","type":"image\/jpeg"}],"author":"DATI","twitter_card":"summary_large_image","twitter_creator":"@FICAUNSL","twitter_site":"@FICAUNSL","twitter_misc":{"Escrito por":"DATI","Tiempo de lectura":"3 minutos"},"schema":{"@context":"https:\/\/schema.org","@graph":[{"@type":"Article","@id":"https:\/\/www.fica.unsl.edu.ar\/index.php\/3-cohorte-de-la-diplomatura-en-gestion-de-competencias-interpersonales\/#article","isPartOf":{"@id":"https:\/\/www.fica.unsl.edu.ar\/index.php\/3-cohorte-de-la-diplomatura-en-gestion-de-competencias-interpersonales\/"},"author":{"name":"DATI","@id":"https:\/\/www.fica.unsl.edu.ar\/#\/schema\/person\/6058f9c66301868d3a691b1f5d6c3544"},"headline":"Se abri\u00f3 la preinscripci\u00f3n de la 3\u00b0 Cohorte de la Diplomatura en Gesti\u00f3n de Competencias Interpersonales","datePublished":"2024-07-16T15:21:04+00:00","dateModified":"2024-07-30T15:31:30+00:00","mainEntityOfPage":{"@id":"https:\/\/www.fica.unsl.edu.ar\/index.php\/3-cohorte-de-la-diplomatura-en-gestion-de-competencias-interpersonales\/"},"wordCount":467,"publisher":{"@id":"https:\/\/www.fica.unsl.edu.ar\/#organization"},"image":{"@id":"https:\/\/www.fica.unsl.edu.ar\/index.php\/3-cohorte-de-la-diplomatura-en-gestion-de-competencias-interpersonales\/#primaryimage"},"thumbnailUrl":"https:\/\/www.fica.unsl.edu.ar\/wp-content\/uploads\/2023\/04\/DIPLOMATURA-EN-GESTION-DE-COMPETENCIAS-INTERPERSONALES.jpg","articleSection":["Noticias"],"inLanguage":"es-AR"},{"@type":"WebPage","@id":"https:\/\/www.fica.unsl.edu.ar\/index.php\/3-cohorte-de-la-diplomatura-en-gestion-de-competencias-interpersonales\/","url":"https:\/\/www.fica.unsl.edu.ar\/index.php\/3-cohorte-de-la-diplomatura-en-gestion-de-competencias-interpersonales\/","name":"Se abri\u00f3 la preinscripci\u00f3n de la 3\u00b0 Cohorte de la Diplomatura en Gesti\u00f3n de Competencias Interpersonales - Facultad de Ingenier\u00eda y Ciencias Agropecuarias","isPartOf":{"@id":"https:\/\/www.fica.unsl.edu.ar\/#website"},"primaryImageOfPage":{"@id":"https:\/\/www.fica.unsl.edu.ar\/index.php\/3-cohorte-de-la-diplomatura-en-gestion-de-competencias-interpersonales\/#primaryimage"},"image":{"@id":"https:\/\/www.fica.unsl.edu.ar\/index.php\/3-cohorte-de-la-diplomatura-en-gestion-de-competencias-interpersonales\/#primaryimage"},"thumbnailUrl":"https:\/\/www.fica.unsl.edu.ar\/wp-content\/uploads\/2023\/04\/DIPLOMATURA-EN-GESTION-DE-COMPETENCIAS-INTERPERSONALES.jpg","datePublished":"2024-07-16T15:21:04+00:00","dateModified":"2024-07-30T15:31:30+00:00","inLanguage":"es-AR","potentialAction":[{"@type":"ReadAction","target":["https:\/\/www.fica.unsl.edu.ar\/index.php\/3-cohorte-de-la-diplomatura-en-gestion-de-competencias-interpersonales\/"]}]},{"@type":"ImageObject","inLanguage":"es-AR","@id":"https:\/\/www.fica.unsl.edu.ar\/index.php\/3-cohorte-de-la-diplomatura-en-gestion-de-competencias-interpersonales\/#primaryimage","url":"https:\/\/www.fica.unsl.edu.ar\/wp-content\/uploads\/2023\/04\/DIPLOMATURA-EN-GESTION-DE-COMPETENCIAS-INTERPERSONALES.jpg","contentUrl":"https:\/\/www.fica.unsl.edu.ar\/wp-content\/uploads\/2023\/04\/DIPLOMATURA-EN-GESTION-DE-COMPETENCIAS-INTERPERSONALES.jpg","width":1061,"height":585},{"@type":"WebSite","@id":"https:\/\/www.fica.unsl.edu.ar\/#website","url":"https:\/\/www.fica.unsl.edu.ar\/","name":"Facultad de Ingenier\u00eda y Ciencias Agropecuarias","description":"","publisher":{"@id":"https:\/\/www.fica.unsl.edu.ar\/#organization"},"potentialAction":[{"@type":"SearchAction","target":{"@type":"EntryPoint","urlTemplate":"https:\/\/www.fica.unsl.edu.ar\/?s={search_term_string}"},"query-input":{"@type":"PropertyValueSpecification","valueRequired":true,"valueName":"search_term_string"}}],"inLanguage":"es-AR"},{"@type":"Organization","@id":"https:\/\/www.fica.unsl.edu.ar\/#organization","name":"Facultad de Ingenier\u00eda y Ciencias Agropecuarias","url":"https:\/\/www.fica.unsl.edu.ar\/","logo":{"@type":"ImageObject","inLanguage":"es-AR","@id":"https:\/\/www.fica.unsl.edu.ar\/#\/schema\/logo\/image\/","url":"https:\/\/www.fica.unsl.edu.ar\/wp-content\/uploads\/2021\/03\/LOGO-1.jpg","contentUrl":"https:\/\/www.fica.unsl.edu.ar\/wp-content\/uploads\/2021\/03\/LOGO-1.jpg","width":463,"height":145,"caption":"Facultad de Ingenier\u00eda y Ciencias Agropecuarias"},"image":{"@id":"https:\/\/www.fica.unsl.edu.ar\/#\/schema\/logo\/image\/"},"sameAs":["https:\/\/www.facebook.com\/FICA.UNSL\/","https:\/\/x.com\/FICAUNSL","https:\/\/www.instagram.com\/fica.unsl\/","https:\/\/www.youtube.com\/channel\/UCs2MM53gb2PyBrMySdtWZDQ"]},{"@type":"Person","@id":"https:\/\/www.fica.unsl.edu.ar\/#\/schema\/person\/6058f9c66301868d3a691b1f5d6c3544","name":"DATI"}]}},"_links":{"self":[{"href":"https:\/\/www.fica.unsl.edu.ar\/index.php\/wp-json\/wp\/v2\/posts\/17408","targetHints":{"allow":["GET"]}}],"collection":[{"href":"https:\/\/www.fica.unsl.edu.ar\/index.php\/wp-json\/wp\/v2\/posts"}],"about":[{"href":"https:\/\/www.fica.unsl.edu.ar\/index.php\/wp-json\/wp\/v2\/types\/post"}],"author":[{"embeddable":true,"href":"https:\/\/www.fica.unsl.edu.ar\/index.php\/wp-json\/wp\/v2\/users\/9"}],"replies":[{"embeddable":true,"href":"https:\/\/www.fica.unsl.edu.ar\/index.php\/wp-json\/wp\/v2\/comments?post=17408"}],"version-history":[{"count":1,"href":"https:\/\/www.fica.unsl.edu.ar\/index.php\/wp-json\/wp\/v2\/posts\/17408\/revisions"}],"predecessor-version":[{"id":17409,"href":"https:\/\/www.fica.unsl.edu.ar\/index.php\/wp-json\/wp\/v2\/posts\/17408\/revisions\/17409"}],"wp:featuredmedia":[{"embeddable":true,"href":"https:\/\/www.fica.unsl.edu.ar\/index.php\/wp-json\/wp\/v2\/media\/12862"}],"wp:attachment":[{"href":"https:\/\/www.fica.unsl.edu.ar\/index.php\/wp-json\/wp\/v2\/media?parent=17408"}],"wp:term":[{"taxonomy":"category","embeddable":true,"href":"https:\/\/www.fica.unsl.edu.ar\/index.php\/wp-json\/wp\/v2\/categories?post=17408"},{"taxonomy":"post_tag","embeddable":true,"href":"https:\/\/www.fica.unsl.edu.ar\/index.php\/wp-json\/wp\/v2\/tags?post=17408"}],"curies":[{"name":"wp","href":"https:\/\/api.w.org\/{rel}","templated":true}]}}