{"id":17915,"date":"2024-09-03T09:06:41","date_gmt":"2024-09-03T12:06:41","guid":{"rendered":"http:\/\/10.101.10.196\/www\/?p=17915"},"modified":"2024-09-10T08:42:09","modified_gmt":"2024-09-10T11:42:09","slug":"ingreso-2025-este-4-de-septiembre-inicia-el-curso-de-nivelacion-de-quimica","status":"publish","type":"post","link":"https:\/\/www.fica.unsl.edu.ar\/index.php\/ingreso-2025-este-4-de-septiembre-inicia-el-curso-de-nivelacion-de-quimica\/","title":{"rendered":"<b>Ingreso 2025<\/b>: este 4 de septiembre inicia el Curso de Nivelaci\u00f3n de Qu\u00edmica"},"content":{"rendered":"<p>La Secretar\u00eda Acad\u00e9mica informa que este <strong>mi\u00e9rcoles 4 de septiembre<\/strong>, dar\u00e1 inicio de <strong>manera virtual<\/strong> el <strong>Curso de Nivelaci\u00f3n de Qu\u00edmica correspondiente al Ingreso 2025. \u00a0<\/strong><\/p>\n<p>Aquellos estudiantes interesados en realizar este curso nivelatorio, debe sumarse al grupo de Whastapp del equipo docente, ingresando al siguiente enlace:<\/p>\n<h3 style=\"text-align: center;\"><strong><span style=\"color: #0000ff;\"><a style=\"color: #0000ff;\" href=\"https:\/\/chat.whatsapp.com\/IBpnLhTyL6yIE4DoA6lMWQ\" target=\"_blank\" rel=\"noopener\">CURSO DE NIVELACI\u00d3N DE QU\u00cdMICA<\/a><\/span><\/strong><\/h3>\n<p>Este curso tiene por finalidad lograr que el estudiante adquiera habilidades cognitivas que le permitan insertarse en el sistema universitario, para ingresar y cursar Qu\u00edmica de primer a\u00f1o en las carreras donde este curso lo tienen como requisito. Si analizamos los distintos planes de estudio del nivel medio, encontramos una gran heterogeneidad de conocimientos previos de Qu\u00edmica.<\/p>\n<p>Su principal finalidad es brindar conocimientos b\u00e1sicos de esta ciencia y procurar que los estudiantes conozcan la necesidad del estudio de la Qu\u00edmica, y la importancia en su futura formaci\u00f3n profesional. Se har\u00e1 hincapi\u00e9 en el estudio de la materia y su transformaci\u00f3n, conceptos b\u00e1sicos de estructura at\u00f3mica y tabla peri\u00f3dica y en la formulaci\u00f3n de compuestos.<\/p>\n<p>En todo momento los estudiantes estar\u00e1n asistidos por los docentes, comprometidos, para que asimilen significativamente los contenidos que se desarrollen en el Curso, con la finalidad de que todos tengan las mismas oportunidades de ingresar y cursar con \u00e9xito Qu\u00edmica de primer a\u00f1o.<\/p>\n<p>Equipo Docente:<\/p>\n<ul>\n<li>Ing. Daniel Esteban Zitnik<\/li>\n<li>Ing. Mariela Noelia Barzola<\/li>\n<\/ul>\n<p>&nbsp;<\/p>\n","protected":false},"excerpt":{"rendered":"<p>La Secretar\u00eda Acad\u00e9mica informa que este mi\u00e9rcoles 4 de septiembre, dar\u00e1 inicio de manera virtual el Curso de Nivelaci\u00f3n de Qu\u00edmica correspondiente al Ingreso 2025.&hellip;<\/p>\n","protected":false},"author":9,"featured_media":10368,"comment_status":"closed","ping_status":"closed","sticky":false,"template":"","format":"standard","meta":{"_monsterinsights_skip_tracking":false,"_monsterinsights_sitenote_active":false,"_monsterinsights_sitenote_note":"","_monsterinsights_sitenote_category":0,"_joinchat":[],"footnotes":""},"categories":[19],"tags":[],"class_list":["post-17915","post","type-post","status-publish","format-standard","has-post-thumbnail","hentry","category-noticias"],"yoast_head":"<!-- This site is optimized with the Yoast SEO plugin v27.4 - https:\/\/yoast.com\/product\/yoast-seo-wordpress\/ -->\n<title>Ingreso 2025: este 4 de septiembre inicia el Curso de Nivelaci\u00f3n de Qu\u00edmica - Facultad de Ingenier\u00eda y Ciencias Agropecuarias<\/title>\n<meta name=\"robots\" content=\"index, follow, max-snippet:-1, max-image-preview:large, max-video-preview:-1\" \/>\n<link rel=\"canonical\" href=\"https:\/\/www.fica.unsl.edu.ar\/index.php\/ingreso-2025-este-4-de-septiembre-inicia-el-curso-de-nivelacion-de-quimica\/\" \/>\n<meta property=\"og:locale\" content=\"es_ES\" \/>\n<meta property=\"og:type\" content=\"article\" \/>\n<meta property=\"og:title\" content=\"Ingreso 2025: este 4 de septiembre inicia el Curso de Nivelaci\u00f3n de Qu\u00edmica - Facultad de Ingenier\u00eda y Ciencias Agropecuarias\" \/>\n<meta property=\"og:description\" content=\"La Secretar\u00eda Acad\u00e9mica informa que este mi\u00e9rcoles 4 de septiembre, dar\u00e1 inicio de manera virtual el Curso de Nivelaci\u00f3n de Qu\u00edmica correspondiente al Ingreso 2025.&hellip;\" \/>\n<meta property=\"og:url\" content=\"https:\/\/www.fica.unsl.edu.ar\/index.php\/ingreso-2025-este-4-de-septiembre-inicia-el-curso-de-nivelacion-de-quimica\/\" \/>\n<meta property=\"og:site_name\" content=\"Facultad de Ingenier\u00eda y Ciencias Agropecuarias\" \/>\n<meta property=\"article:publisher\" content=\"https:\/\/www.facebook.com\/FICA.UNSL\/\" \/>\n<meta property=\"article:published_time\" content=\"2024-09-03T12:06:41+00:00\" \/>\n<meta property=\"article:modified_time\" content=\"2024-09-10T11:42:09+00:00\" \/>\n<meta property=\"og:image\" content=\"https:\/\/www.fica.unsl.edu.ar\/wp-content\/uploads\/2022\/09\/quimica-ingreso.jpg\" \/>\n\t<meta property=\"og:image:width\" content=\"1061\" \/>\n\t<meta property=\"og:image:height\" content=\"585\" \/>\n\t<meta property=\"og:image:type\" content=\"image\/jpeg\" \/>\n<meta name=\"author\" content=\"DATI\" \/>\n<meta name=\"twitter:card\" content=\"summary_large_image\" \/>\n<meta name=\"twitter:creator\" content=\"@FICAUNSL\" \/>\n<meta name=\"twitter:site\" content=\"@FICAUNSL\" \/>\n<meta name=\"twitter:label1\" content=\"Escrito por\" \/>\n\t<meta name=\"twitter:data1\" content=\"DATI\" \/>\n\t<meta name=\"twitter:label2\" content=\"Tiempo de lectura\" \/>\n\t<meta name=\"twitter:data2\" content=\"2 minutos\" \/>\n<script type=\"application\/ld+json\" class=\"yoast-schema-graph\">{\"@context\":\"https:\\\/\\\/schema.org\",\"@graph\":[{\"@type\":\"Article\",\"@id\":\"https:\\\/\\\/www.fica.unsl.edu.ar\\\/index.php\\\/ingreso-2025-este-4-de-septiembre-inicia-el-curso-de-nivelacion-de-quimica\\\/#article\",\"isPartOf\":{\"@id\":\"https:\\\/\\\/www.fica.unsl.edu.ar\\\/index.php\\\/ingreso-2025-este-4-de-septiembre-inicia-el-curso-de-nivelacion-de-quimica\\\/\"},\"author\":{\"name\":\"DATI\",\"@id\":\"https:\\\/\\\/www.fica.unsl.edu.ar\\\/#\\\/schema\\\/person\\\/6058f9c66301868d3a691b1f5d6c3544\"},\"headline\":\"Ingreso 2025: este 4 de septiembre inicia el Curso de Nivelaci\u00f3n de Qu\u00edmica\",\"datePublished\":\"2024-09-03T12:06:41+00:00\",\"dateModified\":\"2024-09-10T11:42:09+00:00\",\"mainEntityOfPage\":{\"@id\":\"https:\\\/\\\/www.fica.unsl.edu.ar\\\/index.php\\\/ingreso-2025-este-4-de-septiembre-inicia-el-curso-de-nivelacion-de-quimica\\\/\"},\"wordCount\":251,\"publisher\":{\"@id\":\"https:\\\/\\\/www.fica.unsl.edu.ar\\\/#organization\"},\"image\":{\"@id\":\"https:\\\/\\\/www.fica.unsl.edu.ar\\\/index.php\\\/ingreso-2025-este-4-de-septiembre-inicia-el-curso-de-nivelacion-de-quimica\\\/#primaryimage\"},\"thumbnailUrl\":\"https:\\\/\\\/www.fica.unsl.edu.ar\\\/wp-content\\\/uploads\\\/2022\\\/09\\\/quimica-ingreso.jpg\",\"articleSection\":[\"Noticias\"],\"inLanguage\":\"es-AR\"},{\"@type\":\"WebPage\",\"@id\":\"https:\\\/\\\/www.fica.unsl.edu.ar\\\/index.php\\\/ingreso-2025-este-4-de-septiembre-inicia-el-curso-de-nivelacion-de-quimica\\\/\",\"url\":\"https:\\\/\\\/www.fica.unsl.edu.ar\\\/index.php\\\/ingreso-2025-este-4-de-septiembre-inicia-el-curso-de-nivelacion-de-quimica\\\/\",\"name\":\"Ingreso 2025: este 4 de septiembre inicia el Curso de Nivelaci\u00f3n de Qu\u00edmica - Facultad de Ingenier\u00eda y Ciencias Agropecuarias\",\"isPartOf\":{\"@id\":\"https:\\\/\\\/www.fica.unsl.edu.ar\\\/#website\"},\"primaryImageOfPage\":{\"@id\":\"https:\\\/\\\/www.fica.unsl.edu.ar\\\/index.php\\\/ingreso-2025-este-4-de-septiembre-inicia-el-curso-de-nivelacion-de-quimica\\\/#primaryimage\"},\"image\":{\"@id\":\"https:\\\/\\\/www.fica.unsl.edu.ar\\\/index.php\\\/ingreso-2025-este-4-de-septiembre-inicia-el-curso-de-nivelacion-de-quimica\\\/#primaryimage\"},\"thumbnailUrl\":\"https:\\\/\\\/www.fica.unsl.edu.ar\\\/wp-content\\\/uploads\\\/2022\\\/09\\\/quimica-ingreso.jpg\",\"datePublished\":\"2024-09-03T12:06:41+00:00\",\"dateModified\":\"2024-09-10T11:42:09+00:00\",\"inLanguage\":\"es-AR\",\"potentialAction\":[{\"@type\":\"ReadAction\",\"target\":[\"https:\\\/\\\/www.fica.unsl.edu.ar\\\/index.php\\\/ingreso-2025-este-4-de-septiembre-inicia-el-curso-de-nivelacion-de-quimica\\\/\"]}]},{\"@type\":\"ImageObject\",\"inLanguage\":\"es-AR\",\"@id\":\"https:\\\/\\\/www.fica.unsl.edu.ar\\\/index.php\\\/ingreso-2025-este-4-de-septiembre-inicia-el-curso-de-nivelacion-de-quimica\\\/#primaryimage\",\"url\":\"https:\\\/\\\/www.fica.unsl.edu.ar\\\/wp-content\\\/uploads\\\/2022\\\/09\\\/quimica-ingreso.jpg\",\"contentUrl\":\"https:\\\/\\\/www.fica.unsl.edu.ar\\\/wp-content\\\/uploads\\\/2022\\\/09\\\/quimica-ingreso.jpg\",\"width\":1061,\"height\":585},{\"@type\":\"WebSite\",\"@id\":\"https:\\\/\\\/www.fica.unsl.edu.ar\\\/#website\",\"url\":\"https:\\\/\\\/www.fica.unsl.edu.ar\\\/\",\"name\":\"Facultad de Ingenier\u00eda y Ciencias Agropecuarias\",\"description\":\"\",\"publisher\":{\"@id\":\"https:\\\/\\\/www.fica.unsl.edu.ar\\\/#organization\"},\"potentialAction\":[{\"@type\":\"SearchAction\",\"target\":{\"@type\":\"EntryPoint\",\"urlTemplate\":\"https:\\\/\\\/www.fica.unsl.edu.ar\\\/?s={search_term_string}\"},\"query-input\":{\"@type\":\"PropertyValueSpecification\",\"valueRequired\":true,\"valueName\":\"search_term_string\"}}],\"inLanguage\":\"es-AR\"},{\"@type\":\"Organization\",\"@id\":\"https:\\\/\\\/www.fica.unsl.edu.ar\\\/#organization\",\"name\":\"Facultad de Ingenier\u00eda y Ciencias Agropecuarias\",\"url\":\"https:\\\/\\\/www.fica.unsl.edu.ar\\\/\",\"logo\":{\"@type\":\"ImageObject\",\"inLanguage\":\"es-AR\",\"@id\":\"https:\\\/\\\/www.fica.unsl.edu.ar\\\/#\\\/schema\\\/logo\\\/image\\\/\",\"url\":\"https:\\\/\\\/www.fica.unsl.edu.ar\\\/wp-content\\\/uploads\\\/2021\\\/03\\\/LOGO-1.jpg\",\"contentUrl\":\"https:\\\/\\\/www.fica.unsl.edu.ar\\\/wp-content\\\/uploads\\\/2021\\\/03\\\/LOGO-1.jpg\",\"width\":463,\"height\":145,\"caption\":\"Facultad de Ingenier\u00eda y Ciencias Agropecuarias\"},\"image\":{\"@id\":\"https:\\\/\\\/www.fica.unsl.edu.ar\\\/#\\\/schema\\\/logo\\\/image\\\/\"},\"sameAs\":[\"https:\\\/\\\/www.facebook.com\\\/FICA.UNSL\\\/\",\"https:\\\/\\\/x.com\\\/FICAUNSL\",\"https:\\\/\\\/www.instagram.com\\\/fica.unsl\\\/\",\"https:\\\/\\\/www.youtube.com\\\/channel\\\/UCs2MM53gb2PyBrMySdtWZDQ\"]},{\"@type\":\"Person\",\"@id\":\"https:\\\/\\\/www.fica.unsl.edu.ar\\\/#\\\/schema\\\/person\\\/6058f9c66301868d3a691b1f5d6c3544\",\"name\":\"DATI\"}]}<\/script>\n<!-- \/ Yoast SEO plugin. -->","yoast_head_json":{"title":"Ingreso 2025: este 4 de septiembre inicia el Curso de Nivelaci\u00f3n de Qu\u00edmica - Facultad de Ingenier\u00eda y Ciencias Agropecuarias","robots":{"index":"index","follow":"follow","max-snippet":"max-snippet:-1","max-image-preview":"max-image-preview:large","max-video-preview":"max-video-preview:-1"},"canonical":"https:\/\/www.fica.unsl.edu.ar\/index.php\/ingreso-2025-este-4-de-septiembre-inicia-el-curso-de-nivelacion-de-quimica\/","og_locale":"es_ES","og_type":"article","og_title":"Ingreso 2025: este 4 de septiembre inicia el Curso de Nivelaci\u00f3n de Qu\u00edmica - Facultad de Ingenier\u00eda y Ciencias Agropecuarias","og_description":"La Secretar\u00eda Acad\u00e9mica informa que este mi\u00e9rcoles 4 de septiembre, dar\u00e1 inicio de manera virtual el Curso de Nivelaci\u00f3n de Qu\u00edmica correspondiente al Ingreso 2025.&hellip;","og_url":"https:\/\/www.fica.unsl.edu.ar\/index.php\/ingreso-2025-este-4-de-septiembre-inicia-el-curso-de-nivelacion-de-quimica\/","og_site_name":"Facultad de Ingenier\u00eda y Ciencias Agropecuarias","article_publisher":"https:\/\/www.facebook.com\/FICA.UNSL\/","article_published_time":"2024-09-03T12:06:41+00:00","article_modified_time":"2024-09-10T11:42:09+00:00","og_image":[{"width":1061,"height":585,"url":"https:\/\/www.fica.unsl.edu.ar\/wp-content\/uploads\/2022\/09\/quimica-ingreso.jpg","type":"image\/jpeg"}],"author":"DATI","twitter_card":"summary_large_image","twitter_creator":"@FICAUNSL","twitter_site":"@FICAUNSL","twitter_misc":{"Escrito por":"DATI","Tiempo de lectura":"2 minutos"},"schema":{"@context":"https:\/\/schema.org","@graph":[{"@type":"Article","@id":"https:\/\/www.fica.unsl.edu.ar\/index.php\/ingreso-2025-este-4-de-septiembre-inicia-el-curso-de-nivelacion-de-quimica\/#article","isPartOf":{"@id":"https:\/\/www.fica.unsl.edu.ar\/index.php\/ingreso-2025-este-4-de-septiembre-inicia-el-curso-de-nivelacion-de-quimica\/"},"author":{"name":"DATI","@id":"https:\/\/www.fica.unsl.edu.ar\/#\/schema\/person\/6058f9c66301868d3a691b1f5d6c3544"},"headline":"Ingreso 2025: este 4 de septiembre inicia el Curso de Nivelaci\u00f3n de Qu\u00edmica","datePublished":"2024-09-03T12:06:41+00:00","dateModified":"2024-09-10T11:42:09+00:00","mainEntityOfPage":{"@id":"https:\/\/www.fica.unsl.edu.ar\/index.php\/ingreso-2025-este-4-de-septiembre-inicia-el-curso-de-nivelacion-de-quimica\/"},"wordCount":251,"publisher":{"@id":"https:\/\/www.fica.unsl.edu.ar\/#organization"},"image":{"@id":"https:\/\/www.fica.unsl.edu.ar\/index.php\/ingreso-2025-este-4-de-septiembre-inicia-el-curso-de-nivelacion-de-quimica\/#primaryimage"},"thumbnailUrl":"https:\/\/www.fica.unsl.edu.ar\/wp-content\/uploads\/2022\/09\/quimica-ingreso.jpg","articleSection":["Noticias"],"inLanguage":"es-AR"},{"@type":"WebPage","@id":"https:\/\/www.fica.unsl.edu.ar\/index.php\/ingreso-2025-este-4-de-septiembre-inicia-el-curso-de-nivelacion-de-quimica\/","url":"https:\/\/www.fica.unsl.edu.ar\/index.php\/ingreso-2025-este-4-de-septiembre-inicia-el-curso-de-nivelacion-de-quimica\/","name":"Ingreso 2025: este 4 de septiembre inicia el Curso de Nivelaci\u00f3n de Qu\u00edmica - Facultad de Ingenier\u00eda y Ciencias Agropecuarias","isPartOf":{"@id":"https:\/\/www.fica.unsl.edu.ar\/#website"},"primaryImageOfPage":{"@id":"https:\/\/www.fica.unsl.edu.ar\/index.php\/ingreso-2025-este-4-de-septiembre-inicia-el-curso-de-nivelacion-de-quimica\/#primaryimage"},"image":{"@id":"https:\/\/www.fica.unsl.edu.ar\/index.php\/ingreso-2025-este-4-de-septiembre-inicia-el-curso-de-nivelacion-de-quimica\/#primaryimage"},"thumbnailUrl":"https:\/\/www.fica.unsl.edu.ar\/wp-content\/uploads\/2022\/09\/quimica-ingreso.jpg","datePublished":"2024-09-03T12:06:41+00:00","dateModified":"2024-09-10T11:42:09+00:00","inLanguage":"es-AR","potentialAction":[{"@type":"ReadAction","target":["https:\/\/www.fica.unsl.edu.ar\/index.php\/ingreso-2025-este-4-de-septiembre-inicia-el-curso-de-nivelacion-de-quimica\/"]}]},{"@type":"ImageObject","inLanguage":"es-AR","@id":"https:\/\/www.fica.unsl.edu.ar\/index.php\/ingreso-2025-este-4-de-septiembre-inicia-el-curso-de-nivelacion-de-quimica\/#primaryimage","url":"https:\/\/www.fica.unsl.edu.ar\/wp-content\/uploads\/2022\/09\/quimica-ingreso.jpg","contentUrl":"https:\/\/www.fica.unsl.edu.ar\/wp-content\/uploads\/2022\/09\/quimica-ingreso.jpg","width":1061,"height":585},{"@type":"WebSite","@id":"https:\/\/www.fica.unsl.edu.ar\/#website","url":"https:\/\/www.fica.unsl.edu.ar\/","name":"Facultad de Ingenier\u00eda y Ciencias Agropecuarias","description":"","publisher":{"@id":"https:\/\/www.fica.unsl.edu.ar\/#organization"},"potentialAction":[{"@type":"SearchAction","target":{"@type":"EntryPoint","urlTemplate":"https:\/\/www.fica.unsl.edu.ar\/?s={search_term_string}"},"query-input":{"@type":"PropertyValueSpecification","valueRequired":true,"valueName":"search_term_string"}}],"inLanguage":"es-AR"},{"@type":"Organization","@id":"https:\/\/www.fica.unsl.edu.ar\/#organization","name":"Facultad de Ingenier\u00eda y Ciencias Agropecuarias","url":"https:\/\/www.fica.unsl.edu.ar\/","logo":{"@type":"ImageObject","inLanguage":"es-AR","@id":"https:\/\/www.fica.unsl.edu.ar\/#\/schema\/logo\/image\/","url":"https:\/\/www.fica.unsl.edu.ar\/wp-content\/uploads\/2021\/03\/LOGO-1.jpg","contentUrl":"https:\/\/www.fica.unsl.edu.ar\/wp-content\/uploads\/2021\/03\/LOGO-1.jpg","width":463,"height":145,"caption":"Facultad de Ingenier\u00eda y Ciencias Agropecuarias"},"image":{"@id":"https:\/\/www.fica.unsl.edu.ar\/#\/schema\/logo\/image\/"},"sameAs":["https:\/\/www.facebook.com\/FICA.UNSL\/","https:\/\/x.com\/FICAUNSL","https:\/\/www.instagram.com\/fica.unsl\/","https:\/\/www.youtube.com\/channel\/UCs2MM53gb2PyBrMySdtWZDQ"]},{"@type":"Person","@id":"https:\/\/www.fica.unsl.edu.ar\/#\/schema\/person\/6058f9c66301868d3a691b1f5d6c3544","name":"DATI"}]}},"_links":{"self":[{"href":"https:\/\/www.fica.unsl.edu.ar\/index.php\/wp-json\/wp\/v2\/posts\/17915","targetHints":{"allow":["GET"]}}],"collection":[{"href":"https:\/\/www.fica.unsl.edu.ar\/index.php\/wp-json\/wp\/v2\/posts"}],"about":[{"href":"https:\/\/www.fica.unsl.edu.ar\/index.php\/wp-json\/wp\/v2\/types\/post"}],"author":[{"embeddable":true,"href":"https:\/\/www.fica.unsl.edu.ar\/index.php\/wp-json\/wp\/v2\/users\/9"}],"replies":[{"embeddable":true,"href":"https:\/\/www.fica.unsl.edu.ar\/index.php\/wp-json\/wp\/v2\/comments?post=17915"}],"version-history":[{"count":6,"href":"https:\/\/www.fica.unsl.edu.ar\/index.php\/wp-json\/wp\/v2\/posts\/17915\/revisions"}],"predecessor-version":[{"id":17921,"href":"https:\/\/www.fica.unsl.edu.ar\/index.php\/wp-json\/wp\/v2\/posts\/17915\/revisions\/17921"}],"wp:featuredmedia":[{"embeddable":true,"href":"https:\/\/www.fica.unsl.edu.ar\/index.php\/wp-json\/wp\/v2\/media\/10368"}],"wp:attachment":[{"href":"https:\/\/www.fica.unsl.edu.ar\/index.php\/wp-json\/wp\/v2\/media?parent=17915"}],"wp:term":[{"taxonomy":"category","embeddable":true,"href":"https:\/\/www.fica.unsl.edu.ar\/index.php\/wp-json\/wp\/v2\/categories?post=17915"},{"taxonomy":"post_tag","embeddable":true,"href":"https:\/\/www.fica.unsl.edu.ar\/index.php\/wp-json\/wp\/v2\/tags?post=17915"}],"curies":[{"name":"wp","href":"https:\/\/api.w.org\/{rel}","templated":true}]}}