{"id":17998,"date":"2024-09-30T13:25:29","date_gmt":"2024-09-30T16:25:29","guid":{"rendered":"http:\/\/10.101.10.196\/www\/?p=17998"},"modified":"2024-10-07T13:48:16","modified_gmt":"2024-10-07T16:48:16","slug":"por-octavo-ano-consecutivo-la-fica-sera-sede-del-rally-latinoamericano-de-innovacion","status":"publish","type":"post","link":"https:\/\/www.fica.unsl.edu.ar\/index.php\/por-octavo-ano-consecutivo-la-fica-sera-sede-del-rally-latinoamericano-de-innovacion\/","title":{"rendered":"Por octavo a\u00f1o consecutivo la FICA ser\u00e1 Sede del Rally Latinoamericano de Innovaci\u00f3n"},"content":{"rendered":"<p>La FICA invita a <strong>estudiantes de todas las unidades acad\u00e9micas de la UNSL<\/strong>, a participar de la <strong>edici\u00f3n 2024 del \u201cRally Latinoamericano de Innovaci\u00f3n\u201d<\/strong>, que se llevar\u00e1 a cabo el <strong>4 y 5 de octubre de 2024<\/strong>, en esta ocasi\u00f3n de forma presencial y virtual.<\/p>\n<p><strong>Para participar<\/strong> los estudiantes de cualquier carrera de la FICA o de la FCEJS deben registrarse en el siguiente link (Inscribi\u00e9ndose en la sede: <strong>UNSL VILLA MERCEDES<\/strong>):<\/p>\n<h3 style=\"text-align: center;\"><span style=\"color: #0000ff;\"><strong><a style=\"color: #0000ff;\" href=\"https:\/\/sirli.org\/registro\/participante\" target=\"_blank\" rel=\"noopener\">INSCRIPCIONES<\/a><\/strong><\/span><\/h3>\n<p><strong>A todos los inscriptos\/as, se los invita a presenciar a la apertura de la competencia que se llevar\u00e1 a cabo el viernes 4 de octubre\u00a0 a las 11.30 horas (el lugar del encuentro ser\u00e1 informado v\u00eda correo electr\u00f3nico).<\/strong><\/p>\n<p>Este certamen acad\u00e9mico, del cual la FICA es sede por octavo a\u00f1o consecutivo, es una competencia internacional por equipos, que se desarrolla durante 28 horas consecutivas y en simult\u00e1neo en todas las sedes de los pa\u00edses participantes. Tiene como prop\u00f3sito contribuir a desarrollar una nueva cultura de innovaci\u00f3n abierta, de creatividad, el trabajo en equipos y despertar vocaciones tempranas en emprendedorismo en estudiantes de las Unidades Acad\u00e9micas con carreras de Ingenier\u00eda de Latinoam\u00e9rica.<\/p>\n<p>Los desaf\u00edos para resolver en la competencia consisten en problemas reales que requieran de una soluci\u00f3n creativa. Estos no est\u00e1n limitados \u00fanicamente al \u00e1mbito tecnol\u00f3gico, pudiendo ser de varios sectores de actividades o temas sociales, ambientales, organizacionales, art\u00edsticos, log\u00edsticos o de otro tipo. Estos desaf\u00edos pueden ser propuestos para su consideraci\u00f3n por empresas, instituciones p\u00fablicas o privadas, ONG\u00b4s, o cualquier otra instituci\u00f3n con inserci\u00f3n territorial en el \u00e1mbito latinoamericano.<\/p>\n<p>Los equipos pueden tener entre 4 y 10 participantes, de los cuales uno debe ser una mujer y puede haber un graduado o docente como m\u00e1ximo en cada equipo. Uno de los participantes debe ser estudiante de ingenier\u00eda, puede haber integrantes de diversas carreras universitaria.<\/p>\n<p>Los equipos tienen 28 horas para conformarse, seleccionar un desaf\u00edo, entender el problema, plantear una soluci\u00f3n, identificar los beneficiarios, validarla y ajustar lo que consideren necesario hasta lograr una propuesta que es presentada mediante un video, con una duraci\u00f3n de hasta 2 minutos y un reporte pautado, que da cuenta de la potencial factibilidad e impacto de la propuesta.<\/p>\n<p>Se entregar\u00e1n diplomas y resoluciones de participaci\u00f3n, as\u00ed como reconocimiento a los ganadores de cada sede.<\/p>\n<p>Para consultas adicionales e informaci\u00f3n:<\/p>\n<ul>\n<li>Responsable de la Sede Villa Mercedes:<br \/>\nMg. Ing. Mar\u00eda Eugenia Rimini\u00a0 (Directora de la carrera de Ingenier\u00eda Industrial)<br \/>\nMail: eugeniarimini@hotmail.com<br \/>\nTel\u00e9fono de contacto por wasap: 2657-393731<\/li>\n<li>P\u00e1gina del <strong><span style=\"color: #0000ff;\"><a style=\"color: #0000ff;\" href=\"https:\/\/www.rallydeinnovacion.org\/\" target=\"_blank\" rel=\"noopener\">Rally Latinoamericano de Innovaci\u00f3n<\/a><\/span><\/strong><\/li>\n<\/ul>\n","protected":false},"excerpt":{"rendered":"<p>La FICA invita a estudiantes de todas las unidades acad\u00e9micas de la UNSL, a participar de la edici\u00f3n 2024 del \u201cRally Latinoamericano de Innovaci\u00f3n\u201d, que&hellip;<\/p>\n","protected":false},"author":9,"featured_media":17999,"comment_status":"closed","ping_status":"closed","sticky":false,"template":"","format":"standard","meta":{"_monsterinsights_skip_tracking":false,"_monsterinsights_sitenote_active":false,"_monsterinsights_sitenote_note":"","_monsterinsights_sitenote_category":0,"_joinchat":[],"footnotes":""},"categories":[19],"tags":[],"class_list":["post-17998","post","type-post","status-publish","format-standard","has-post-thumbnail","hentry","category-noticias"],"yoast_head":"<!-- This site is optimized with the Yoast SEO plugin v27.4 - https:\/\/yoast.com\/product\/yoast-seo-wordpress\/ -->\n<title>Por octavo a\u00f1o consecutivo la FICA ser\u00e1 Sede del Rally Latinoamericano de Innovaci\u00f3n - Facultad de Ingenier\u00eda y Ciencias Agropecuarias<\/title>\n<meta name=\"robots\" content=\"index, follow, max-snippet:-1, max-image-preview:large, max-video-preview:-1\" \/>\n<link rel=\"canonical\" href=\"https:\/\/www.fica.unsl.edu.ar\/index.php\/por-octavo-ano-consecutivo-la-fica-sera-sede-del-rally-latinoamericano-de-innovacion\/\" \/>\n<meta property=\"og:locale\" content=\"es_ES\" \/>\n<meta property=\"og:type\" content=\"article\" \/>\n<meta property=\"og:title\" content=\"Por octavo a\u00f1o consecutivo la FICA ser\u00e1 Sede del Rally Latinoamericano de Innovaci\u00f3n - Facultad de Ingenier\u00eda y Ciencias Agropecuarias\" \/>\n<meta property=\"og:description\" content=\"La FICA invita a estudiantes de todas las unidades acad\u00e9micas de la UNSL, a participar de la edici\u00f3n 2024 del \u201cRally Latinoamericano de Innovaci\u00f3n\u201d, que&hellip;\" \/>\n<meta property=\"og:url\" content=\"https:\/\/www.fica.unsl.edu.ar\/index.php\/por-octavo-ano-consecutivo-la-fica-sera-sede-del-rally-latinoamericano-de-innovacion\/\" \/>\n<meta property=\"og:site_name\" content=\"Facultad de Ingenier\u00eda y Ciencias Agropecuarias\" \/>\n<meta property=\"article:publisher\" content=\"https:\/\/www.facebook.com\/FICA.UNSL\/\" \/>\n<meta property=\"article:published_time\" content=\"2024-09-30T16:25:29+00:00\" \/>\n<meta property=\"article:modified_time\" content=\"2024-10-07T16:48:16+00:00\" \/>\n<meta property=\"og:image\" content=\"https:\/\/www.fica.unsl.edu.ar\/wp-content\/uploads\/2024\/09\/rally-2024-front.jpg\" \/>\n\t<meta property=\"og:image:width\" content=\"1061\" \/>\n\t<meta property=\"og:image:height\" content=\"585\" \/>\n\t<meta property=\"og:image:type\" content=\"image\/jpeg\" \/>\n<meta name=\"author\" content=\"DATI\" \/>\n<meta name=\"twitter:card\" content=\"summary_large_image\" \/>\n<meta name=\"twitter:creator\" content=\"@FICAUNSL\" \/>\n<meta name=\"twitter:site\" content=\"@FICAUNSL\" \/>\n<meta name=\"twitter:label1\" content=\"Escrito por\" \/>\n\t<meta name=\"twitter:data1\" content=\"DATI\" \/>\n\t<meta name=\"twitter:label2\" content=\"Tiempo de lectura\" \/>\n\t<meta name=\"twitter:data2\" content=\"3 minutos\" \/>\n<script type=\"application\/ld+json\" class=\"yoast-schema-graph\">{\"@context\":\"https:\\\/\\\/schema.org\",\"@graph\":[{\"@type\":\"Article\",\"@id\":\"https:\\\/\\\/www.fica.unsl.edu.ar\\\/index.php\\\/por-octavo-ano-consecutivo-la-fica-sera-sede-del-rally-latinoamericano-de-innovacion\\\/#article\",\"isPartOf\":{\"@id\":\"https:\\\/\\\/www.fica.unsl.edu.ar\\\/index.php\\\/por-octavo-ano-consecutivo-la-fica-sera-sede-del-rally-latinoamericano-de-innovacion\\\/\"},\"author\":{\"name\":\"DATI\",\"@id\":\"https:\\\/\\\/www.fica.unsl.edu.ar\\\/#\\\/schema\\\/person\\\/6058f9c66301868d3a691b1f5d6c3544\"},\"headline\":\"Por octavo a\u00f1o consecutivo la FICA ser\u00e1 Sede del Rally Latinoamericano de Innovaci\u00f3n\",\"datePublished\":\"2024-09-30T16:25:29+00:00\",\"dateModified\":\"2024-10-07T16:48:16+00:00\",\"mainEntityOfPage\":{\"@id\":\"https:\\\/\\\/www.fica.unsl.edu.ar\\\/index.php\\\/por-octavo-ano-consecutivo-la-fica-sera-sede-del-rally-latinoamericano-de-innovacion\\\/\"},\"wordCount\":458,\"publisher\":{\"@id\":\"https:\\\/\\\/www.fica.unsl.edu.ar\\\/#organization\"},\"image\":{\"@id\":\"https:\\\/\\\/www.fica.unsl.edu.ar\\\/index.php\\\/por-octavo-ano-consecutivo-la-fica-sera-sede-del-rally-latinoamericano-de-innovacion\\\/#primaryimage\"},\"thumbnailUrl\":\"https:\\\/\\\/www.fica.unsl.edu.ar\\\/wp-content\\\/uploads\\\/2024\\\/09\\\/rally-2024-front.jpg\",\"articleSection\":[\"Noticias\"],\"inLanguage\":\"es-AR\"},{\"@type\":\"WebPage\",\"@id\":\"https:\\\/\\\/www.fica.unsl.edu.ar\\\/index.php\\\/por-octavo-ano-consecutivo-la-fica-sera-sede-del-rally-latinoamericano-de-innovacion\\\/\",\"url\":\"https:\\\/\\\/www.fica.unsl.edu.ar\\\/index.php\\\/por-octavo-ano-consecutivo-la-fica-sera-sede-del-rally-latinoamericano-de-innovacion\\\/\",\"name\":\"Por octavo a\u00f1o consecutivo la FICA ser\u00e1 Sede del Rally Latinoamericano de Innovaci\u00f3n - Facultad de Ingenier\u00eda y Ciencias Agropecuarias\",\"isPartOf\":{\"@id\":\"https:\\\/\\\/www.fica.unsl.edu.ar\\\/#website\"},\"primaryImageOfPage\":{\"@id\":\"https:\\\/\\\/www.fica.unsl.edu.ar\\\/index.php\\\/por-octavo-ano-consecutivo-la-fica-sera-sede-del-rally-latinoamericano-de-innovacion\\\/#primaryimage\"},\"image\":{\"@id\":\"https:\\\/\\\/www.fica.unsl.edu.ar\\\/index.php\\\/por-octavo-ano-consecutivo-la-fica-sera-sede-del-rally-latinoamericano-de-innovacion\\\/#primaryimage\"},\"thumbnailUrl\":\"https:\\\/\\\/www.fica.unsl.edu.ar\\\/wp-content\\\/uploads\\\/2024\\\/09\\\/rally-2024-front.jpg\",\"datePublished\":\"2024-09-30T16:25:29+00:00\",\"dateModified\":\"2024-10-07T16:48:16+00:00\",\"inLanguage\":\"es-AR\",\"potentialAction\":[{\"@type\":\"ReadAction\",\"target\":[\"https:\\\/\\\/www.fica.unsl.edu.ar\\\/index.php\\\/por-octavo-ano-consecutivo-la-fica-sera-sede-del-rally-latinoamericano-de-innovacion\\\/\"]}]},{\"@type\":\"ImageObject\",\"inLanguage\":\"es-AR\",\"@id\":\"https:\\\/\\\/www.fica.unsl.edu.ar\\\/index.php\\\/por-octavo-ano-consecutivo-la-fica-sera-sede-del-rally-latinoamericano-de-innovacion\\\/#primaryimage\",\"url\":\"https:\\\/\\\/www.fica.unsl.edu.ar\\\/wp-content\\\/uploads\\\/2024\\\/09\\\/rally-2024-front.jpg\",\"contentUrl\":\"https:\\\/\\\/www.fica.unsl.edu.ar\\\/wp-content\\\/uploads\\\/2024\\\/09\\\/rally-2024-front.jpg\",\"width\":1061,\"height\":585},{\"@type\":\"WebSite\",\"@id\":\"https:\\\/\\\/www.fica.unsl.edu.ar\\\/#website\",\"url\":\"https:\\\/\\\/www.fica.unsl.edu.ar\\\/\",\"name\":\"Facultad de Ingenier\u00eda y Ciencias Agropecuarias\",\"description\":\"\",\"publisher\":{\"@id\":\"https:\\\/\\\/www.fica.unsl.edu.ar\\\/#organization\"},\"potentialAction\":[{\"@type\":\"SearchAction\",\"target\":{\"@type\":\"EntryPoint\",\"urlTemplate\":\"https:\\\/\\\/www.fica.unsl.edu.ar\\\/?s={search_term_string}\"},\"query-input\":{\"@type\":\"PropertyValueSpecification\",\"valueRequired\":true,\"valueName\":\"search_term_string\"}}],\"inLanguage\":\"es-AR\"},{\"@type\":\"Organization\",\"@id\":\"https:\\\/\\\/www.fica.unsl.edu.ar\\\/#organization\",\"name\":\"Facultad de Ingenier\u00eda y Ciencias Agropecuarias\",\"url\":\"https:\\\/\\\/www.fica.unsl.edu.ar\\\/\",\"logo\":{\"@type\":\"ImageObject\",\"inLanguage\":\"es-AR\",\"@id\":\"https:\\\/\\\/www.fica.unsl.edu.ar\\\/#\\\/schema\\\/logo\\\/image\\\/\",\"url\":\"https:\\\/\\\/www.fica.unsl.edu.ar\\\/wp-content\\\/uploads\\\/2021\\\/03\\\/LOGO-1.jpg\",\"contentUrl\":\"https:\\\/\\\/www.fica.unsl.edu.ar\\\/wp-content\\\/uploads\\\/2021\\\/03\\\/LOGO-1.jpg\",\"width\":463,\"height\":145,\"caption\":\"Facultad de Ingenier\u00eda y Ciencias Agropecuarias\"},\"image\":{\"@id\":\"https:\\\/\\\/www.fica.unsl.edu.ar\\\/#\\\/schema\\\/logo\\\/image\\\/\"},\"sameAs\":[\"https:\\\/\\\/www.facebook.com\\\/FICA.UNSL\\\/\",\"https:\\\/\\\/x.com\\\/FICAUNSL\",\"https:\\\/\\\/www.instagram.com\\\/fica.unsl\\\/\",\"https:\\\/\\\/www.youtube.com\\\/channel\\\/UCs2MM53gb2PyBrMySdtWZDQ\"]},{\"@type\":\"Person\",\"@id\":\"https:\\\/\\\/www.fica.unsl.edu.ar\\\/#\\\/schema\\\/person\\\/6058f9c66301868d3a691b1f5d6c3544\",\"name\":\"DATI\"}]}<\/script>\n<!-- \/ Yoast SEO plugin. -->","yoast_head_json":{"title":"Por octavo a\u00f1o consecutivo la FICA ser\u00e1 Sede del Rally Latinoamericano de Innovaci\u00f3n - Facultad de Ingenier\u00eda y Ciencias Agropecuarias","robots":{"index":"index","follow":"follow","max-snippet":"max-snippet:-1","max-image-preview":"max-image-preview:large","max-video-preview":"max-video-preview:-1"},"canonical":"https:\/\/www.fica.unsl.edu.ar\/index.php\/por-octavo-ano-consecutivo-la-fica-sera-sede-del-rally-latinoamericano-de-innovacion\/","og_locale":"es_ES","og_type":"article","og_title":"Por octavo a\u00f1o consecutivo la FICA ser\u00e1 Sede del Rally Latinoamericano de Innovaci\u00f3n - Facultad de Ingenier\u00eda y Ciencias Agropecuarias","og_description":"La FICA invita a estudiantes de todas las unidades acad\u00e9micas de la UNSL, a participar de la edici\u00f3n 2024 del \u201cRally Latinoamericano de Innovaci\u00f3n\u201d, que&hellip;","og_url":"https:\/\/www.fica.unsl.edu.ar\/index.php\/por-octavo-ano-consecutivo-la-fica-sera-sede-del-rally-latinoamericano-de-innovacion\/","og_site_name":"Facultad de Ingenier\u00eda y Ciencias Agropecuarias","article_publisher":"https:\/\/www.facebook.com\/FICA.UNSL\/","article_published_time":"2024-09-30T16:25:29+00:00","article_modified_time":"2024-10-07T16:48:16+00:00","og_image":[{"width":1061,"height":585,"url":"https:\/\/www.fica.unsl.edu.ar\/wp-content\/uploads\/2024\/09\/rally-2024-front.jpg","type":"image\/jpeg"}],"author":"DATI","twitter_card":"summary_large_image","twitter_creator":"@FICAUNSL","twitter_site":"@FICAUNSL","twitter_misc":{"Escrito por":"DATI","Tiempo de lectura":"3 minutos"},"schema":{"@context":"https:\/\/schema.org","@graph":[{"@type":"Article","@id":"https:\/\/www.fica.unsl.edu.ar\/index.php\/por-octavo-ano-consecutivo-la-fica-sera-sede-del-rally-latinoamericano-de-innovacion\/#article","isPartOf":{"@id":"https:\/\/www.fica.unsl.edu.ar\/index.php\/por-octavo-ano-consecutivo-la-fica-sera-sede-del-rally-latinoamericano-de-innovacion\/"},"author":{"name":"DATI","@id":"https:\/\/www.fica.unsl.edu.ar\/#\/schema\/person\/6058f9c66301868d3a691b1f5d6c3544"},"headline":"Por octavo a\u00f1o consecutivo la FICA ser\u00e1 Sede del Rally Latinoamericano de Innovaci\u00f3n","datePublished":"2024-09-30T16:25:29+00:00","dateModified":"2024-10-07T16:48:16+00:00","mainEntityOfPage":{"@id":"https:\/\/www.fica.unsl.edu.ar\/index.php\/por-octavo-ano-consecutivo-la-fica-sera-sede-del-rally-latinoamericano-de-innovacion\/"},"wordCount":458,"publisher":{"@id":"https:\/\/www.fica.unsl.edu.ar\/#organization"},"image":{"@id":"https:\/\/www.fica.unsl.edu.ar\/index.php\/por-octavo-ano-consecutivo-la-fica-sera-sede-del-rally-latinoamericano-de-innovacion\/#primaryimage"},"thumbnailUrl":"https:\/\/www.fica.unsl.edu.ar\/wp-content\/uploads\/2024\/09\/rally-2024-front.jpg","articleSection":["Noticias"],"inLanguage":"es-AR"},{"@type":"WebPage","@id":"https:\/\/www.fica.unsl.edu.ar\/index.php\/por-octavo-ano-consecutivo-la-fica-sera-sede-del-rally-latinoamericano-de-innovacion\/","url":"https:\/\/www.fica.unsl.edu.ar\/index.php\/por-octavo-ano-consecutivo-la-fica-sera-sede-del-rally-latinoamericano-de-innovacion\/","name":"Por octavo a\u00f1o consecutivo la FICA ser\u00e1 Sede del Rally Latinoamericano de Innovaci\u00f3n - Facultad de Ingenier\u00eda y Ciencias Agropecuarias","isPartOf":{"@id":"https:\/\/www.fica.unsl.edu.ar\/#website"},"primaryImageOfPage":{"@id":"https:\/\/www.fica.unsl.edu.ar\/index.php\/por-octavo-ano-consecutivo-la-fica-sera-sede-del-rally-latinoamericano-de-innovacion\/#primaryimage"},"image":{"@id":"https:\/\/www.fica.unsl.edu.ar\/index.php\/por-octavo-ano-consecutivo-la-fica-sera-sede-del-rally-latinoamericano-de-innovacion\/#primaryimage"},"thumbnailUrl":"https:\/\/www.fica.unsl.edu.ar\/wp-content\/uploads\/2024\/09\/rally-2024-front.jpg","datePublished":"2024-09-30T16:25:29+00:00","dateModified":"2024-10-07T16:48:16+00:00","inLanguage":"es-AR","potentialAction":[{"@type":"ReadAction","target":["https:\/\/www.fica.unsl.edu.ar\/index.php\/por-octavo-ano-consecutivo-la-fica-sera-sede-del-rally-latinoamericano-de-innovacion\/"]}]},{"@type":"ImageObject","inLanguage":"es-AR","@id":"https:\/\/www.fica.unsl.edu.ar\/index.php\/por-octavo-ano-consecutivo-la-fica-sera-sede-del-rally-latinoamericano-de-innovacion\/#primaryimage","url":"https:\/\/www.fica.unsl.edu.ar\/wp-content\/uploads\/2024\/09\/rally-2024-front.jpg","contentUrl":"https:\/\/www.fica.unsl.edu.ar\/wp-content\/uploads\/2024\/09\/rally-2024-front.jpg","width":1061,"height":585},{"@type":"WebSite","@id":"https:\/\/www.fica.unsl.edu.ar\/#website","url":"https:\/\/www.fica.unsl.edu.ar\/","name":"Facultad de Ingenier\u00eda y Ciencias Agropecuarias","description":"","publisher":{"@id":"https:\/\/www.fica.unsl.edu.ar\/#organization"},"potentialAction":[{"@type":"SearchAction","target":{"@type":"EntryPoint","urlTemplate":"https:\/\/www.fica.unsl.edu.ar\/?s={search_term_string}"},"query-input":{"@type":"PropertyValueSpecification","valueRequired":true,"valueName":"search_term_string"}}],"inLanguage":"es-AR"},{"@type":"Organization","@id":"https:\/\/www.fica.unsl.edu.ar\/#organization","name":"Facultad de Ingenier\u00eda y Ciencias Agropecuarias","url":"https:\/\/www.fica.unsl.edu.ar\/","logo":{"@type":"ImageObject","inLanguage":"es-AR","@id":"https:\/\/www.fica.unsl.edu.ar\/#\/schema\/logo\/image\/","url":"https:\/\/www.fica.unsl.edu.ar\/wp-content\/uploads\/2021\/03\/LOGO-1.jpg","contentUrl":"https:\/\/www.fica.unsl.edu.ar\/wp-content\/uploads\/2021\/03\/LOGO-1.jpg","width":463,"height":145,"caption":"Facultad de Ingenier\u00eda y Ciencias Agropecuarias"},"image":{"@id":"https:\/\/www.fica.unsl.edu.ar\/#\/schema\/logo\/image\/"},"sameAs":["https:\/\/www.facebook.com\/FICA.UNSL\/","https:\/\/x.com\/FICAUNSL","https:\/\/www.instagram.com\/fica.unsl\/","https:\/\/www.youtube.com\/channel\/UCs2MM53gb2PyBrMySdtWZDQ"]},{"@type":"Person","@id":"https:\/\/www.fica.unsl.edu.ar\/#\/schema\/person\/6058f9c66301868d3a691b1f5d6c3544","name":"DATI"}]}},"_links":{"self":[{"href":"https:\/\/www.fica.unsl.edu.ar\/index.php\/wp-json\/wp\/v2\/posts\/17998","targetHints":{"allow":["GET"]}}],"collection":[{"href":"https:\/\/www.fica.unsl.edu.ar\/index.php\/wp-json\/wp\/v2\/posts"}],"about":[{"href":"https:\/\/www.fica.unsl.edu.ar\/index.php\/wp-json\/wp\/v2\/types\/post"}],"author":[{"embeddable":true,"href":"https:\/\/www.fica.unsl.edu.ar\/index.php\/wp-json\/wp\/v2\/users\/9"}],"replies":[{"embeddable":true,"href":"https:\/\/www.fica.unsl.edu.ar\/index.php\/wp-json\/wp\/v2\/comments?post=17998"}],"version-history":[{"count":2,"href":"https:\/\/www.fica.unsl.edu.ar\/index.php\/wp-json\/wp\/v2\/posts\/17998\/revisions"}],"predecessor-version":[{"id":18092,"href":"https:\/\/www.fica.unsl.edu.ar\/index.php\/wp-json\/wp\/v2\/posts\/17998\/revisions\/18092"}],"wp:featuredmedia":[{"embeddable":true,"href":"https:\/\/www.fica.unsl.edu.ar\/index.php\/wp-json\/wp\/v2\/media\/17999"}],"wp:attachment":[{"href":"https:\/\/www.fica.unsl.edu.ar\/index.php\/wp-json\/wp\/v2\/media?parent=17998"}],"wp:term":[{"taxonomy":"category","embeddable":true,"href":"https:\/\/www.fica.unsl.edu.ar\/index.php\/wp-json\/wp\/v2\/categories?post=17998"},{"taxonomy":"post_tag","embeddable":true,"href":"https:\/\/www.fica.unsl.edu.ar\/index.php\/wp-json\/wp\/v2\/tags?post=17998"}],"curies":[{"name":"wp","href":"https:\/\/api.w.org\/{rel}","templated":true}]}}