{"id":18032,"date":"2024-09-17T12:00:06","date_gmt":"2024-09-17T15:00:06","guid":{"rendered":"http:\/\/10.101.10.196\/www\/?p=18032"},"modified":"2024-10-07T13:54:28","modified_gmt":"2024-10-07T16:54:28","slug":"maraton-aniversario-2024","status":"publish","type":"post","link":"https:\/\/www.fica.unsl.edu.ar\/index.php\/maraton-aniversario-2024\/","title":{"rendered":"Las Facultades del Centro Universitario de la UNSL, celebraron su aniversario con una gran marat\u00f3n"},"content":{"rendered":"<p>En el marco de un nuevo aniversario de creaci\u00f3n, las Facultades de Ciencias Econ\u00f3micas, Jur\u00eddicas y Sociales (FCEJS) y de Ingenier\u00eda y Ciencias Agropecuarias (FICA) llevaron a cabo el pasado s\u00e1bado 14 de septiembre la \u201cMarat\u00f3n Aniversario\u201d, que convoc\u00f3 a m\u00e1s de 150 deportistas de Villa Mercedes.<\/p>\n<p>El encuentro fue organizado por el Vicerrectorado de la UNSL con el apoyo de la Secretar\u00eda de Asuntos Estudiantiles y Bienestar Universitario (SAEBU) y coordinado por la docente Lic. Jaquelina Nanclares. Se desarroll\u00f3 en las inmediaciones del Campus Universitario, donde el circuito estuvo compuesto por tramos asfaltados\u00a0y\u00a0de\u00a0tierra.<\/p>\n<p><img fetchpriority=\"high\" decoding=\"async\" class=\"aligncenter wp-image-17721 size-full\" src=\"https:\/\/www.fcejs.unsl.edu.ar\/wp-content\/uploads\/2024\/09\/maraton-02.jpg\" alt=\"\" width=\"1500\" height=\"1000\" \/><\/p>\n<p>Nanclares especific\u00f3 que este encuentro se dise\u00f1\u00f3 con el objetivo de acercar a la comunidad universitaria y villamercedina a la actividad deportiva y recreativa, fomentando la integraci\u00f3n y el bienestar, con la participaci\u00f3n de personas de todas las edades y atletas con discapacidad.<\/p>\n<p>Por su parte, el vicerrector de la UNSL, Mgtr. H\u00e9ctor Flores, coment\u00f3 que esta actividad forma parte de las celebraciones por la creaci\u00f3n de ambas facultades (FICA y FCEJS), ocurrida hace 13 a\u00f1os, momento importante que marc\u00f3 un nuevo camino para la comunidad universitaria de la UNSL en Villa Mercedes. &#8220;Es importante para nosotros esta actividad, que est\u00e1 enmarcada bajo un gran paraguas que incluye otras actividades, donde vamos a celebrar esa lucha que tuvieron los villamercedinos que dio vida a la Universidad Nacional de San Luis y, por supuesto, al Centro Universitario Villa Mercedes de la UNSL&#8221;, destac\u00f3 finalmente.<\/p>\n<p><img decoding=\"async\" class=\"aligncenter wp-image-17723 size-full\" src=\"https:\/\/www.fcejs.unsl.edu.ar\/wp-content\/uploads\/2024\/09\/maraton-03.jpg\" alt=\"\" width=\"1500\" height=\"1000\" \/><\/p>\n<p>Los resultados fueron:<\/p>\n<p><strong>Categor\u00eda 3 km Mujeres<\/strong><br \/>\n1.er puesto: Bel\u00e9n Serbin<br \/>\n2.\u00ba puesto: Camila Leguizam\u00f3n<br \/>\n3.er puesto: Abigail Hardfid<\/p>\n<p><strong>Categor\u00eda 3 km Hombres<\/strong><br \/>\n1.er puesto: Leonel Leguizam\u00f3n<br \/>\n2.\u00ba puesto: Luis Balmaceda<br \/>\n3.er puesto: Facundo Lagos<\/p>\n<p><strong>Categor\u00eda Adaptados<\/strong><br \/>\nArneli Winter<br \/>\nH\u00e9ctor Lucero Barrales<br \/>\nMarcelo Scrimaglia<\/p>\n<p><strong>Categor\u00eda 5 km (Mujeres)<\/strong><br \/>\n1.er puesto: Carla Dutrey<br \/>\n2.\u00ba puesto: F\u00e1tima D\u00edaz<br \/>\n3.er puesto: Ariana Arga\u00f1aras<\/p>\n<p><strong>Categor\u00eda 5 km (Hombres)<\/strong><br \/>\n1.er puesto: David Garc\u00eda<br \/>\n2.\u00ba puesto: Luis Castellanos<br \/>\n3.er puesto: Dami\u00e1n L\u00f3pez<\/p>\n","protected":false},"excerpt":{"rendered":"<p>En el marco de un nuevo aniversario de creaci\u00f3n, las Facultades de Ciencias Econ\u00f3micas, Jur\u00eddicas y Sociales (FCEJS) y de Ingenier\u00eda y Ciencias Agropecuarias (FICA)&hellip;<\/p>\n","protected":false},"author":9,"featured_media":18033,"comment_status":"closed","ping_status":"closed","sticky":false,"template":"","format":"standard","meta":{"_monsterinsights_skip_tracking":false,"_monsterinsights_sitenote_active":false,"_monsterinsights_sitenote_note":"","_monsterinsights_sitenote_category":0,"_joinchat":[],"footnotes":""},"categories":[19],"tags":[],"class_list":["post-18032","post","type-post","status-publish","format-standard","has-post-thumbnail","hentry","category-noticias"],"yoast_head":"<!-- This site is optimized with the Yoast SEO plugin v27.4 - https:\/\/yoast.com\/product\/yoast-seo-wordpress\/ -->\n<title>Las Facultades del Centro Universitario de la UNSL, celebraron su aniversario con una gran marat\u00f3n - Facultad de Ingenier\u00eda y Ciencias Agropecuarias<\/title>\n<meta name=\"robots\" content=\"index, follow, max-snippet:-1, max-image-preview:large, max-video-preview:-1\" \/>\n<link rel=\"canonical\" href=\"https:\/\/www.fica.unsl.edu.ar\/index.php\/maraton-aniversario-2024\/\" \/>\n<meta property=\"og:locale\" content=\"es_ES\" \/>\n<meta property=\"og:type\" content=\"article\" \/>\n<meta property=\"og:title\" content=\"Las Facultades del Centro Universitario de la UNSL, celebraron su aniversario con una gran marat\u00f3n - Facultad de Ingenier\u00eda y Ciencias Agropecuarias\" \/>\n<meta property=\"og:description\" content=\"En el marco de un nuevo aniversario de creaci\u00f3n, las Facultades de Ciencias Econ\u00f3micas, Jur\u00eddicas y Sociales (FCEJS) y de Ingenier\u00eda y Ciencias Agropecuarias (FICA)&hellip;\" \/>\n<meta property=\"og:url\" content=\"https:\/\/www.fica.unsl.edu.ar\/index.php\/maraton-aniversario-2024\/\" \/>\n<meta property=\"og:site_name\" content=\"Facultad de Ingenier\u00eda y Ciencias Agropecuarias\" \/>\n<meta property=\"article:publisher\" content=\"https:\/\/www.facebook.com\/FICA.UNSL\/\" \/>\n<meta property=\"article:published_time\" content=\"2024-09-17T15:00:06+00:00\" \/>\n<meta property=\"article:modified_time\" content=\"2024-10-07T16:54:28+00:00\" \/>\n<meta property=\"og:image\" content=\"https:\/\/www.fica.unsl.edu.ar\/wp-content\/uploads\/2024\/09\/maraton-front.jpg\" \/>\n\t<meta property=\"og:image:width\" content=\"1061\" \/>\n\t<meta property=\"og:image:height\" content=\"585\" \/>\n\t<meta property=\"og:image:type\" content=\"image\/jpeg\" \/>\n<meta name=\"author\" content=\"DATI\" \/>\n<meta name=\"twitter:card\" content=\"summary_large_image\" \/>\n<meta name=\"twitter:creator\" content=\"@FICAUNSL\" \/>\n<meta name=\"twitter:site\" content=\"@FICAUNSL\" \/>\n<meta name=\"twitter:label1\" content=\"Escrito por\" \/>\n\t<meta name=\"twitter:data1\" content=\"DATI\" \/>\n\t<meta name=\"twitter:label2\" content=\"Tiempo de lectura\" \/>\n\t<meta name=\"twitter:data2\" content=\"3 minutos\" \/>\n<script type=\"application\/ld+json\" class=\"yoast-schema-graph\">{\"@context\":\"https:\\\/\\\/schema.org\",\"@graph\":[{\"@type\":\"Article\",\"@id\":\"https:\\\/\\\/www.fica.unsl.edu.ar\\\/index.php\\\/maraton-aniversario-2024\\\/#article\",\"isPartOf\":{\"@id\":\"https:\\\/\\\/www.fica.unsl.edu.ar\\\/index.php\\\/maraton-aniversario-2024\\\/\"},\"author\":{\"name\":\"DATI\",\"@id\":\"https:\\\/\\\/www.fica.unsl.edu.ar\\\/#\\\/schema\\\/person\\\/6058f9c66301868d3a691b1f5d6c3544\"},\"headline\":\"Las Facultades del Centro Universitario de la UNSL, celebraron su aniversario con una gran marat\u00f3n\",\"datePublished\":\"2024-09-17T15:00:06+00:00\",\"dateModified\":\"2024-10-07T16:54:28+00:00\",\"mainEntityOfPage\":{\"@id\":\"https:\\\/\\\/www.fica.unsl.edu.ar\\\/index.php\\\/maraton-aniversario-2024\\\/\"},\"wordCount\":349,\"publisher\":{\"@id\":\"https:\\\/\\\/www.fica.unsl.edu.ar\\\/#organization\"},\"image\":{\"@id\":\"https:\\\/\\\/www.fica.unsl.edu.ar\\\/index.php\\\/maraton-aniversario-2024\\\/#primaryimage\"},\"thumbnailUrl\":\"https:\\\/\\\/www.fica.unsl.edu.ar\\\/wp-content\\\/uploads\\\/2024\\\/09\\\/maraton-front.jpg\",\"articleSection\":[\"Noticias\"],\"inLanguage\":\"es-AR\"},{\"@type\":\"WebPage\",\"@id\":\"https:\\\/\\\/www.fica.unsl.edu.ar\\\/index.php\\\/maraton-aniversario-2024\\\/\",\"url\":\"https:\\\/\\\/www.fica.unsl.edu.ar\\\/index.php\\\/maraton-aniversario-2024\\\/\",\"name\":\"Las Facultades del Centro Universitario de la UNSL, celebraron su aniversario con una gran marat\u00f3n - Facultad de Ingenier\u00eda y Ciencias Agropecuarias\",\"isPartOf\":{\"@id\":\"https:\\\/\\\/www.fica.unsl.edu.ar\\\/#website\"},\"primaryImageOfPage\":{\"@id\":\"https:\\\/\\\/www.fica.unsl.edu.ar\\\/index.php\\\/maraton-aniversario-2024\\\/#primaryimage\"},\"image\":{\"@id\":\"https:\\\/\\\/www.fica.unsl.edu.ar\\\/index.php\\\/maraton-aniversario-2024\\\/#primaryimage\"},\"thumbnailUrl\":\"https:\\\/\\\/www.fica.unsl.edu.ar\\\/wp-content\\\/uploads\\\/2024\\\/09\\\/maraton-front.jpg\",\"datePublished\":\"2024-09-17T15:00:06+00:00\",\"dateModified\":\"2024-10-07T16:54:28+00:00\",\"inLanguage\":\"es-AR\",\"potentialAction\":[{\"@type\":\"ReadAction\",\"target\":[\"https:\\\/\\\/www.fica.unsl.edu.ar\\\/index.php\\\/maraton-aniversario-2024\\\/\"]}]},{\"@type\":\"ImageObject\",\"inLanguage\":\"es-AR\",\"@id\":\"https:\\\/\\\/www.fica.unsl.edu.ar\\\/index.php\\\/maraton-aniversario-2024\\\/#primaryimage\",\"url\":\"https:\\\/\\\/www.fica.unsl.edu.ar\\\/wp-content\\\/uploads\\\/2024\\\/09\\\/maraton-front.jpg\",\"contentUrl\":\"https:\\\/\\\/www.fica.unsl.edu.ar\\\/wp-content\\\/uploads\\\/2024\\\/09\\\/maraton-front.jpg\",\"width\":1061,\"height\":585},{\"@type\":\"WebSite\",\"@id\":\"https:\\\/\\\/www.fica.unsl.edu.ar\\\/#website\",\"url\":\"https:\\\/\\\/www.fica.unsl.edu.ar\\\/\",\"name\":\"Facultad de Ingenier\u00eda y Ciencias Agropecuarias\",\"description\":\"\",\"publisher\":{\"@id\":\"https:\\\/\\\/www.fica.unsl.edu.ar\\\/#organization\"},\"potentialAction\":[{\"@type\":\"SearchAction\",\"target\":{\"@type\":\"EntryPoint\",\"urlTemplate\":\"https:\\\/\\\/www.fica.unsl.edu.ar\\\/?s={search_term_string}\"},\"query-input\":{\"@type\":\"PropertyValueSpecification\",\"valueRequired\":true,\"valueName\":\"search_term_string\"}}],\"inLanguage\":\"es-AR\"},{\"@type\":\"Organization\",\"@id\":\"https:\\\/\\\/www.fica.unsl.edu.ar\\\/#organization\",\"name\":\"Facultad de Ingenier\u00eda y Ciencias Agropecuarias\",\"url\":\"https:\\\/\\\/www.fica.unsl.edu.ar\\\/\",\"logo\":{\"@type\":\"ImageObject\",\"inLanguage\":\"es-AR\",\"@id\":\"https:\\\/\\\/www.fica.unsl.edu.ar\\\/#\\\/schema\\\/logo\\\/image\\\/\",\"url\":\"https:\\\/\\\/www.fica.unsl.edu.ar\\\/wp-content\\\/uploads\\\/2021\\\/03\\\/LOGO-1.jpg\",\"contentUrl\":\"https:\\\/\\\/www.fica.unsl.edu.ar\\\/wp-content\\\/uploads\\\/2021\\\/03\\\/LOGO-1.jpg\",\"width\":463,\"height\":145,\"caption\":\"Facultad de Ingenier\u00eda y Ciencias Agropecuarias\"},\"image\":{\"@id\":\"https:\\\/\\\/www.fica.unsl.edu.ar\\\/#\\\/schema\\\/logo\\\/image\\\/\"},\"sameAs\":[\"https:\\\/\\\/www.facebook.com\\\/FICA.UNSL\\\/\",\"https:\\\/\\\/x.com\\\/FICAUNSL\",\"https:\\\/\\\/www.instagram.com\\\/fica.unsl\\\/\",\"https:\\\/\\\/www.youtube.com\\\/channel\\\/UCs2MM53gb2PyBrMySdtWZDQ\"]},{\"@type\":\"Person\",\"@id\":\"https:\\\/\\\/www.fica.unsl.edu.ar\\\/#\\\/schema\\\/person\\\/6058f9c66301868d3a691b1f5d6c3544\",\"name\":\"DATI\"}]}<\/script>\n<!-- \/ Yoast SEO plugin. -->","yoast_head_json":{"title":"Las Facultades del Centro Universitario de la UNSL, celebraron su aniversario con una gran marat\u00f3n - Facultad de Ingenier\u00eda y Ciencias Agropecuarias","robots":{"index":"index","follow":"follow","max-snippet":"max-snippet:-1","max-image-preview":"max-image-preview:large","max-video-preview":"max-video-preview:-1"},"canonical":"https:\/\/www.fica.unsl.edu.ar\/index.php\/maraton-aniversario-2024\/","og_locale":"es_ES","og_type":"article","og_title":"Las Facultades del Centro Universitario de la UNSL, celebraron su aniversario con una gran marat\u00f3n - Facultad de Ingenier\u00eda y Ciencias Agropecuarias","og_description":"En el marco de un nuevo aniversario de creaci\u00f3n, las Facultades de Ciencias Econ\u00f3micas, Jur\u00eddicas y Sociales (FCEJS) y de Ingenier\u00eda y Ciencias Agropecuarias (FICA)&hellip;","og_url":"https:\/\/www.fica.unsl.edu.ar\/index.php\/maraton-aniversario-2024\/","og_site_name":"Facultad de Ingenier\u00eda y Ciencias Agropecuarias","article_publisher":"https:\/\/www.facebook.com\/FICA.UNSL\/","article_published_time":"2024-09-17T15:00:06+00:00","article_modified_time":"2024-10-07T16:54:28+00:00","og_image":[{"width":1061,"height":585,"url":"https:\/\/www.fica.unsl.edu.ar\/wp-content\/uploads\/2024\/09\/maraton-front.jpg","type":"image\/jpeg"}],"author":"DATI","twitter_card":"summary_large_image","twitter_creator":"@FICAUNSL","twitter_site":"@FICAUNSL","twitter_misc":{"Escrito por":"DATI","Tiempo de lectura":"3 minutos"},"schema":{"@context":"https:\/\/schema.org","@graph":[{"@type":"Article","@id":"https:\/\/www.fica.unsl.edu.ar\/index.php\/maraton-aniversario-2024\/#article","isPartOf":{"@id":"https:\/\/www.fica.unsl.edu.ar\/index.php\/maraton-aniversario-2024\/"},"author":{"name":"DATI","@id":"https:\/\/www.fica.unsl.edu.ar\/#\/schema\/person\/6058f9c66301868d3a691b1f5d6c3544"},"headline":"Las Facultades del Centro Universitario de la UNSL, celebraron su aniversario con una gran marat\u00f3n","datePublished":"2024-09-17T15:00:06+00:00","dateModified":"2024-10-07T16:54:28+00:00","mainEntityOfPage":{"@id":"https:\/\/www.fica.unsl.edu.ar\/index.php\/maraton-aniversario-2024\/"},"wordCount":349,"publisher":{"@id":"https:\/\/www.fica.unsl.edu.ar\/#organization"},"image":{"@id":"https:\/\/www.fica.unsl.edu.ar\/index.php\/maraton-aniversario-2024\/#primaryimage"},"thumbnailUrl":"https:\/\/www.fica.unsl.edu.ar\/wp-content\/uploads\/2024\/09\/maraton-front.jpg","articleSection":["Noticias"],"inLanguage":"es-AR"},{"@type":"WebPage","@id":"https:\/\/www.fica.unsl.edu.ar\/index.php\/maraton-aniversario-2024\/","url":"https:\/\/www.fica.unsl.edu.ar\/index.php\/maraton-aniversario-2024\/","name":"Las Facultades del Centro Universitario de la UNSL, celebraron su aniversario con una gran marat\u00f3n - Facultad de Ingenier\u00eda y Ciencias Agropecuarias","isPartOf":{"@id":"https:\/\/www.fica.unsl.edu.ar\/#website"},"primaryImageOfPage":{"@id":"https:\/\/www.fica.unsl.edu.ar\/index.php\/maraton-aniversario-2024\/#primaryimage"},"image":{"@id":"https:\/\/www.fica.unsl.edu.ar\/index.php\/maraton-aniversario-2024\/#primaryimage"},"thumbnailUrl":"https:\/\/www.fica.unsl.edu.ar\/wp-content\/uploads\/2024\/09\/maraton-front.jpg","datePublished":"2024-09-17T15:00:06+00:00","dateModified":"2024-10-07T16:54:28+00:00","inLanguage":"es-AR","potentialAction":[{"@type":"ReadAction","target":["https:\/\/www.fica.unsl.edu.ar\/index.php\/maraton-aniversario-2024\/"]}]},{"@type":"ImageObject","inLanguage":"es-AR","@id":"https:\/\/www.fica.unsl.edu.ar\/index.php\/maraton-aniversario-2024\/#primaryimage","url":"https:\/\/www.fica.unsl.edu.ar\/wp-content\/uploads\/2024\/09\/maraton-front.jpg","contentUrl":"https:\/\/www.fica.unsl.edu.ar\/wp-content\/uploads\/2024\/09\/maraton-front.jpg","width":1061,"height":585},{"@type":"WebSite","@id":"https:\/\/www.fica.unsl.edu.ar\/#website","url":"https:\/\/www.fica.unsl.edu.ar\/","name":"Facultad de Ingenier\u00eda y Ciencias Agropecuarias","description":"","publisher":{"@id":"https:\/\/www.fica.unsl.edu.ar\/#organization"},"potentialAction":[{"@type":"SearchAction","target":{"@type":"EntryPoint","urlTemplate":"https:\/\/www.fica.unsl.edu.ar\/?s={search_term_string}"},"query-input":{"@type":"PropertyValueSpecification","valueRequired":true,"valueName":"search_term_string"}}],"inLanguage":"es-AR"},{"@type":"Organization","@id":"https:\/\/www.fica.unsl.edu.ar\/#organization","name":"Facultad de Ingenier\u00eda y Ciencias Agropecuarias","url":"https:\/\/www.fica.unsl.edu.ar\/","logo":{"@type":"ImageObject","inLanguage":"es-AR","@id":"https:\/\/www.fica.unsl.edu.ar\/#\/schema\/logo\/image\/","url":"https:\/\/www.fica.unsl.edu.ar\/wp-content\/uploads\/2021\/03\/LOGO-1.jpg","contentUrl":"https:\/\/www.fica.unsl.edu.ar\/wp-content\/uploads\/2021\/03\/LOGO-1.jpg","width":463,"height":145,"caption":"Facultad de Ingenier\u00eda y Ciencias Agropecuarias"},"image":{"@id":"https:\/\/www.fica.unsl.edu.ar\/#\/schema\/logo\/image\/"},"sameAs":["https:\/\/www.facebook.com\/FICA.UNSL\/","https:\/\/x.com\/FICAUNSL","https:\/\/www.instagram.com\/fica.unsl\/","https:\/\/www.youtube.com\/channel\/UCs2MM53gb2PyBrMySdtWZDQ"]},{"@type":"Person","@id":"https:\/\/www.fica.unsl.edu.ar\/#\/schema\/person\/6058f9c66301868d3a691b1f5d6c3544","name":"DATI"}]}},"_links":{"self":[{"href":"https:\/\/www.fica.unsl.edu.ar\/index.php\/wp-json\/wp\/v2\/posts\/18032","targetHints":{"allow":["GET"]}}],"collection":[{"href":"https:\/\/www.fica.unsl.edu.ar\/index.php\/wp-json\/wp\/v2\/posts"}],"about":[{"href":"https:\/\/www.fica.unsl.edu.ar\/index.php\/wp-json\/wp\/v2\/types\/post"}],"author":[{"embeddable":true,"href":"https:\/\/www.fica.unsl.edu.ar\/index.php\/wp-json\/wp\/v2\/users\/9"}],"replies":[{"embeddable":true,"href":"https:\/\/www.fica.unsl.edu.ar\/index.php\/wp-json\/wp\/v2\/comments?post=18032"}],"version-history":[{"count":4,"href":"https:\/\/www.fica.unsl.edu.ar\/index.php\/wp-json\/wp\/v2\/posts\/18032\/revisions"}],"predecessor-version":[{"id":18040,"href":"https:\/\/www.fica.unsl.edu.ar\/index.php\/wp-json\/wp\/v2\/posts\/18032\/revisions\/18040"}],"wp:featuredmedia":[{"embeddable":true,"href":"https:\/\/www.fica.unsl.edu.ar\/index.php\/wp-json\/wp\/v2\/media\/18033"}],"wp:attachment":[{"href":"https:\/\/www.fica.unsl.edu.ar\/index.php\/wp-json\/wp\/v2\/media?parent=18032"}],"wp:term":[{"taxonomy":"category","embeddable":true,"href":"https:\/\/www.fica.unsl.edu.ar\/index.php\/wp-json\/wp\/v2\/categories?post=18032"},{"taxonomy":"post_tag","embeddable":true,"href":"https:\/\/www.fica.unsl.edu.ar\/index.php\/wp-json\/wp\/v2\/tags?post=18032"}],"curies":[{"name":"wp","href":"https:\/\/api.w.org\/{rel}","templated":true}]}}